{"id":108348,"date":"2025-09-17T13:04:00","date_gmt":"2025-09-17T19:04:00","guid":{"rendered":"https:\/\/zeromagazine.mx\/?p=108348"},"modified":"2025-09-17T23:29:18","modified_gmt":"2025-09-18T05:29:18","slug":"denim-reimaginado-moda-upcycling","status":"publish","type":"post","link":"https:\/\/zeromagazine.mx\/index.php\/2025\/09\/17\/denim-reimaginado-moda-upcycling\/","title":{"rendered":"Denim Reimaginado: el upcycling hecho moda"},"content":{"rendered":"<!--themify_builder_content-->\n<div id=\"themify_builder_content-108348\" data-postid=\"108348\" class=\"themify_builder_content themify_builder_content-108348 themify_builder tf_clear\">\n    <\/div>\n<!--\/themify_builder_content-->\n\n\n<p>Si hay algo que me emociona m\u00e1s que descubrir nuevas propuestas de moda mexicana es ver c\u00f3mo marcas globales como Levi\u2019s\u00ae apuestan por nuestra creatividad local. Con&nbsp;<strong>Denim Reimaginado<\/strong>, la mezclilla se convierte en un lienzo vivo para 13 dise\u00f1adores mexicanos que reinterpretan el \u00edcono del denim a trav\u00e9s del upcycling. Y d\u00e9jenme decirles: el resultado es pura innovaci\u00f3n con identidad.<\/p>\n\n\n\n<figure class=\"wp-block-image size-full\"><img data-recalc-dims=\"1\" decoding=\"async\" width=\"1165\" height=\"777\" src=\"https:\/\/i0.wp.com\/zeromagazine.mx\/wp-content\/uploads\/2025\/09\/DSC03061-scaled.jpeg?resize=1165%2C777&#038;ssl=1\" alt=\"\" class=\"wp-image-108349\" srcset=\"https:\/\/i0.wp.com\/zeromagazine.mx\/wp-content\/uploads\/2025\/09\/DSC03061-scaled.jpeg?w=2560&amp;ssl=1 2560w, https:\/\/i0.wp.com\/zeromagazine.mx\/wp-content\/uploads\/2025\/09\/DSC03061-scaled.jpeg?resize=300%2C200&amp;ssl=1 300w, https:\/\/i0.wp.com\/zeromagazine.mx\/wp-content\/uploads\/2025\/09\/DSC03061-scaled.jpeg?resize=1024%2C683&amp;ssl=1 1024w, https:\/\/i0.wp.com\/zeromagazine.mx\/wp-content\/uploads\/2025\/09\/DSC03061-scaled.jpeg?resize=768%2C512&amp;ssl=1 768w, https:\/\/i0.wp.com\/zeromagazine.mx\/wp-content\/uploads\/2025\/09\/DSC03061-scaled.jpeg?resize=1536%2C1025&amp;ssl=1 1536w, https:\/\/i0.wp.com\/zeromagazine.mx\/wp-content\/uploads\/2025\/09\/DSC03061-scaled.jpeg?resize=2048%2C1366&amp;ssl=1 2048w, https:\/\/i0.wp.com\/zeromagazine.mx\/wp-content\/uploads\/2025\/09\/DSC03061-scaled.jpeg?w=2330 2330w\" sizes=\"(max-width: 1165px) 100vw, 1165px\" \/><\/figure>\n\n\n\n<h2 class=\"wp-block-heading\">Moda mexicana y upcycling en acci\u00f3n<\/h2>\n\n\n\n<p>Desde siempre, Levi\u2019s\u00ae ha sido sin\u00f3nimo de autoexpresi\u00f3n, pero ahora esta filosof\u00eda cobra un nuevo sentido al fusionarse con el talento de creadores que est\u00e1n cambiando la manera en que consumimos moda. A trav\u00e9s del reciclaje y la transformaci\u00f3n de piezas ic\u00f3nicas de mezclilla, dise\u00f1adores como&nbsp;<strong>Alejandra de Coss, Montserrat Messeguer, Alexia Ulibarri, NoName, Boyfriend\u2019s Shirt, Nugget, Caballer\u00eda, Olmos y Flores, Eliana Studio, Ricardo Beristain, Estudio 1999, Zurce e Iv\u00e1n \u00c1valos<\/strong>&nbsp;le dan una segunda vida al denim, con colecciones que no solo hablan de estilo, sino tambi\u00e9n de sostenibilidad.<\/p>\n\n\n\n<p>Cada propuesta es un recordatorio de que la moda mexicana tiene la capacidad de ser disruptiva y consciente a la vez. El upcycling no es solo tendencia: es una declaraci\u00f3n cultural y ambiental que resuena con la diversidad de nuestro pa\u00eds.<\/p>\n\n\n\n<div class=\"wp-block-jetpack-tiled-gallery aligncenter is-style-rectangular\"><div class=\"tiled-gallery__gallery\"><div class=\"tiled-gallery__row\"><div class=\"tiled-gallery__col\" style=\"flex-basis:25.00000%\"><figure class=\"tiled-gallery__item\"><a href=\"https:\/\/i0.wp.com\/zeromagazine.mx\/wp-content\/uploads\/2025\/09\/DISENO-ALEJANDRA-COSS--683x1024.jpeg\"><img decoding=\"async\" srcset=\"https:\/\/i0.wp.com\/zeromagazine.mx\/wp-content\/uploads\/2025\/09\/DISENO-ALEJANDRA-COSS--683x1024.jpeg?strip=info&#038;w=600 600w,https:\/\/i0.wp.com\/zeromagazine.mx\/wp-content\/uploads\/2025\/09\/DISENO-ALEJANDRA-COSS--683x1024.jpeg?strip=info&#038;w=900 900w,https:\/\/i0.wp.com\/zeromagazine.mx\/wp-content\/uploads\/2025\/09\/DISENO-ALEJANDRA-COSS--683x1024.jpeg?strip=info&#038;w=1200 1200w,https:\/\/i0.wp.com\/zeromagazine.mx\/wp-content\/uploads\/2025\/09\/DISENO-ALEJANDRA-COSS--683x1024.jpeg?strip=info&#038;w=1500 1500w,https:\/\/i0.wp.com\/zeromagazine.mx\/wp-content\/uploads\/2025\/09\/DISENO-ALEJANDRA-COSS--683x1024.jpeg?strip=info&#038;w=1707 1707w\" alt=\"\" data-height=\"2560\" data-id=\"108367\" data-link=\"https:\/\/zeromagazine.mx\/?attachment_id=108367\" data-url=\"http:\/\/zeromagazine.mx\/wp-content\/uploads\/2025\/09\/DISENO-ALEJANDRA-COSS--683x1024.jpeg\" data-width=\"1707\" src=\"https:\/\/i0.wp.com\/zeromagazine.mx\/wp-content\/uploads\/2025\/09\/DISENO-ALEJANDRA-COSS--683x1024.jpeg\" data-amp-layout=\"responsive\"\/><\/a><\/figure><\/div><div class=\"tiled-gallery__col\" style=\"flex-basis:25.00000%\"><figure class=\"tiled-gallery__item\"><a href=\"https:\/\/i0.wp.com\/zeromagazine.mx\/wp-content\/uploads\/2025\/09\/DISENO-ALEXIA-ULIBARRI-1-1-683x1024.jpeg\"><img decoding=\"async\" srcset=\"https:\/\/i0.wp.com\/zeromagazine.mx\/wp-content\/uploads\/2025\/09\/DISENO-ALEXIA-ULIBARRI-1-1-683x1024.jpeg?strip=info&#038;w=600 600w,https:\/\/i0.wp.com\/zeromagazine.mx\/wp-content\/uploads\/2025\/09\/DISENO-ALEXIA-ULIBARRI-1-1-683x1024.jpeg?strip=info&#038;w=900 900w,https:\/\/i0.wp.com\/zeromagazine.mx\/wp-content\/uploads\/2025\/09\/DISENO-ALEXIA-ULIBARRI-1-1-683x1024.jpeg?strip=info&#038;w=1200 1200w,https:\/\/i0.wp.com\/zeromagazine.mx\/wp-content\/uploads\/2025\/09\/DISENO-ALEXIA-ULIBARRI-1-1-683x1024.jpeg?strip=info&#038;w=1500 1500w,https:\/\/i0.wp.com\/zeromagazine.mx\/wp-content\/uploads\/2025\/09\/DISENO-ALEXIA-ULIBARRI-1-1-683x1024.jpeg?strip=info&#038;w=1707 1707w\" alt=\"\" data-height=\"2560\" data-id=\"108366\" data-link=\"https:\/\/zeromagazine.mx\/?attachment_id=108366\" data-url=\"http:\/\/zeromagazine.mx\/wp-content\/uploads\/2025\/09\/DISENO-ALEXIA-ULIBARRI-1-1-683x1024.jpeg\" data-width=\"1707\" src=\"https:\/\/i0.wp.com\/zeromagazine.mx\/wp-content\/uploads\/2025\/09\/DISENO-ALEXIA-ULIBARRI-1-1-683x1024.jpeg\" data-amp-layout=\"responsive\"\/><\/a><\/figure><\/div><div class=\"tiled-gallery__col\" style=\"flex-basis:25.00000%\"><figure class=\"tiled-gallery__item\"><a href=\"https:\/\/i0.wp.com\/zeromagazine.mx\/wp-content\/uploads\/2025\/09\/DISENO-ALEXIA-ULIBARRI--683x1024.jpeg\"><img decoding=\"async\" srcset=\"https:\/\/i1.wp.com\/zeromagazine.mx\/wp-content\/uploads\/2025\/09\/DISENO-ALEXIA-ULIBARRI--683x1024.jpeg?strip=info&#038;w=600 600w,https:\/\/i1.wp.com\/zeromagazine.mx\/wp-content\/uploads\/2025\/09\/DISENO-ALEXIA-ULIBARRI--683x1024.jpeg?strip=info&#038;w=900 900w,https:\/\/i1.wp.com\/zeromagazine.mx\/wp-content\/uploads\/2025\/09\/DISENO-ALEXIA-ULIBARRI--683x1024.jpeg?strip=info&#038;w=1200 1200w,https:\/\/i1.wp.com\/zeromagazine.mx\/wp-content\/uploads\/2025\/09\/DISENO-ALEXIA-ULIBARRI--683x1024.jpeg?strip=info&#038;w=1500 1500w,https:\/\/i1.wp.com\/zeromagazine.mx\/wp-content\/uploads\/2025\/09\/DISENO-ALEXIA-ULIBARRI--683x1024.jpeg?strip=info&#038;w=1707 1707w\" alt=\"\" data-height=\"2560\" data-id=\"108365\" data-link=\"https:\/\/zeromagazine.mx\/?attachment_id=108365\" data-url=\"http:\/\/zeromagazine.mx\/wp-content\/uploads\/2025\/09\/DISENO-ALEXIA-ULIBARRI--683x1024.jpeg\" data-width=\"1707\" src=\"https:\/\/i1.wp.com\/zeromagazine.mx\/wp-content\/uploads\/2025\/09\/DISENO-ALEXIA-ULIBARRI--683x1024.jpeg\" data-amp-layout=\"responsive\"\/><\/a><\/figure><\/div><div class=\"tiled-gallery__col\" style=\"flex-basis:25.00000%\"><figure class=\"tiled-gallery__item\"><a href=\"https:\/\/i0.wp.com\/zeromagazine.mx\/wp-content\/uploads\/2025\/09\/DISENO-BOYFRIEND-SHIRT--683x1024.jpeg\"><img decoding=\"async\" srcset=\"https:\/\/i1.wp.com\/zeromagazine.mx\/wp-content\/uploads\/2025\/09\/DISENO-BOYFRIEND-SHIRT--683x1024.jpeg?strip=info&#038;w=600 600w,https:\/\/i1.wp.com\/zeromagazine.mx\/wp-content\/uploads\/2025\/09\/DISENO-BOYFRIEND-SHIRT--683x1024.jpeg?strip=info&#038;w=900 900w,https:\/\/i1.wp.com\/zeromagazine.mx\/wp-content\/uploads\/2025\/09\/DISENO-BOYFRIEND-SHIRT--683x1024.jpeg?strip=info&#038;w=1200 1200w,https:\/\/i1.wp.com\/zeromagazine.mx\/wp-content\/uploads\/2025\/09\/DISENO-BOYFRIEND-SHIRT--683x1024.jpeg?strip=info&#038;w=1500 1500w,https:\/\/i1.wp.com\/zeromagazine.mx\/wp-content\/uploads\/2025\/09\/DISENO-BOYFRIEND-SHIRT--683x1024.jpeg?strip=info&#038;w=1707 1707w\" alt=\"\" data-height=\"2560\" data-id=\"108364\" data-link=\"https:\/\/zeromagazine.mx\/?attachment_id=108364\" data-url=\"http:\/\/zeromagazine.mx\/wp-content\/uploads\/2025\/09\/DISENO-BOYFRIEND-SHIRT--683x1024.jpeg\" data-width=\"1707\" src=\"https:\/\/i1.wp.com\/zeromagazine.mx\/wp-content\/uploads\/2025\/09\/DISENO-BOYFRIEND-SHIRT--683x1024.jpeg\" data-amp-layout=\"responsive\"\/><\/a><\/figure><\/div><\/div><div class=\"tiled-gallery__row\"><div class=\"tiled-gallery__col\" style=\"flex-basis:50.00000%\"><figure class=\"tiled-gallery__item\"><a href=\"https:\/\/i0.wp.com\/zeromagazine.mx\/wp-content\/uploads\/2025\/09\/DISENO-BOYFRIEND-SHIRT-683x1024.jpeg\"><img decoding=\"async\" srcset=\"https:\/\/i0.wp.com\/zeromagazine.mx\/wp-content\/uploads\/2025\/09\/DISENO-BOYFRIEND-SHIRT-683x1024.jpeg?strip=info&#038;w=600 600w,https:\/\/i0.wp.com\/zeromagazine.mx\/wp-content\/uploads\/2025\/09\/DISENO-BOYFRIEND-SHIRT-683x1024.jpeg?strip=info&#038;w=900 900w,https:\/\/i0.wp.com\/zeromagazine.mx\/wp-content\/uploads\/2025\/09\/DISENO-BOYFRIEND-SHIRT-683x1024.jpeg?strip=info&#038;w=1200 1200w,https:\/\/i0.wp.com\/zeromagazine.mx\/wp-content\/uploads\/2025\/09\/DISENO-BOYFRIEND-SHIRT-683x1024.jpeg?strip=info&#038;w=1500 1500w,https:\/\/i0.wp.com\/zeromagazine.mx\/wp-content\/uploads\/2025\/09\/DISENO-BOYFRIEND-SHIRT-683x1024.jpeg?strip=info&#038;w=1707 1707w\" alt=\"\" data-height=\"2560\" data-id=\"108363\" data-link=\"https:\/\/zeromagazine.mx\/?attachment_id=108363\" data-url=\"http:\/\/zeromagazine.mx\/wp-content\/uploads\/2025\/09\/DISENO-BOYFRIEND-SHIRT-683x1024.jpeg\" data-width=\"1707\" src=\"https:\/\/i0.wp.com\/zeromagazine.mx\/wp-content\/uploads\/2025\/09\/DISENO-BOYFRIEND-SHIRT-683x1024.jpeg\" data-amp-layout=\"responsive\"\/><\/a><\/figure><\/div><div class=\"tiled-gallery__col\" style=\"flex-basis:50.00000%\"><figure class=\"tiled-gallery__item\"><a href=\"https:\/\/i0.wp.com\/zeromagazine.mx\/wp-content\/uploads\/2025\/09\/DISENO-CABALLERIA--683x1024.jpeg\"><img decoding=\"async\" srcset=\"https:\/\/i0.wp.com\/zeromagazine.mx\/wp-content\/uploads\/2025\/09\/DISENO-CABALLERIA--683x1024.jpeg?strip=info&#038;w=600 600w,https:\/\/i0.wp.com\/zeromagazine.mx\/wp-content\/uploads\/2025\/09\/DISENO-CABALLERIA--683x1024.jpeg?strip=info&#038;w=900 900w,https:\/\/i0.wp.com\/zeromagazine.mx\/wp-content\/uploads\/2025\/09\/DISENO-CABALLERIA--683x1024.jpeg?strip=info&#038;w=1200 1200w,https:\/\/i0.wp.com\/zeromagazine.mx\/wp-content\/uploads\/2025\/09\/DISENO-CABALLERIA--683x1024.jpeg?strip=info&#038;w=1500 1500w,https:\/\/i0.wp.com\/zeromagazine.mx\/wp-content\/uploads\/2025\/09\/DISENO-CABALLERIA--683x1024.jpeg?strip=info&#038;w=1707 1707w\" alt=\"\" data-height=\"2560\" data-id=\"108362\" data-link=\"https:\/\/zeromagazine.mx\/?attachment_id=108362\" data-url=\"http:\/\/zeromagazine.mx\/wp-content\/uploads\/2025\/09\/DISENO-CABALLERIA--683x1024.jpeg\" data-width=\"1707\" src=\"https:\/\/i0.wp.com\/zeromagazine.mx\/wp-content\/uploads\/2025\/09\/DISENO-CABALLERIA--683x1024.jpeg\" data-amp-layout=\"responsive\"\/><\/a><\/figure><\/div><\/div><\/div><\/div>\n\n\n\n<h2 class=\"wp-block-heading\">Denim como reflejo de identidad<\/h2>\n\n\n\n<p>Lo que m\u00e1s me inspira de&nbsp;<strong>Denim Reimaginado<\/strong>&nbsp;es que cada pieza es \u00fanica, cargada de la visi\u00f3n de su creador y lista para ser adoptada por alguien que busca expresarse con autenticidad. Aqu\u00ed el denim no solo se viste, se vive. Desde siluetas inesperadas hasta acabados artesanales, los looks nos recuerdan que la ropa puede ser un espejo de la identidad.<\/p>\n\n\n\n<p>Y para quienes amamos personalizar nuestras prendas, Levi\u2019s\u00ae lo lleva al siguiente nivel con sus&nbsp;<strong>Tailor Shops<\/strong>&nbsp;en Madero, Artz, Antara y Sat\u00e9lite, adem\u00e1s de espacios ic\u00f3nicos como Perisur, Santa Fe, Delta, Buenavista, Angel\u00f3polis y Galer\u00edas Guadalajara. Es el lugar perfecto para experimentar esa libertad creativa que convierte un b\u00e1sico en una obra de arte personal.<\/p>\n\n\n\n<div class=\"wp-block-jetpack-tiled-gallery aligncenter is-style-rectangular\"><div class=\"tiled-gallery__gallery\"><div class=\"tiled-gallery__row\"><div class=\"tiled-gallery__col\" style=\"flex-basis:25.00000%\"><figure class=\"tiled-gallery__item\"><a href=\"https:\/\/i0.wp.com\/zeromagazine.mx\/wp-content\/uploads\/2025\/09\/DISENO-ELIANA--683x1024.jpeg\"><img decoding=\"async\" srcset=\"https:\/\/i2.wp.com\/zeromagazine.mx\/wp-content\/uploads\/2025\/09\/DISENO-ELIANA--683x1024.jpeg?strip=info&#038;w=600 600w,https:\/\/i2.wp.com\/zeromagazine.mx\/wp-content\/uploads\/2025\/09\/DISENO-ELIANA--683x1024.jpeg?strip=info&#038;w=900 900w,https:\/\/i2.wp.com\/zeromagazine.mx\/wp-content\/uploads\/2025\/09\/DISENO-ELIANA--683x1024.jpeg?strip=info&#038;w=1200 1200w,https:\/\/i2.wp.com\/zeromagazine.mx\/wp-content\/uploads\/2025\/09\/DISENO-ELIANA--683x1024.jpeg?strip=info&#038;w=1500 1500w,https:\/\/i2.wp.com\/zeromagazine.mx\/wp-content\/uploads\/2025\/09\/DISENO-ELIANA--683x1024.jpeg?strip=info&#038;w=1707 1707w\" alt=\"\" data-height=\"2560\" data-id=\"108361\" data-link=\"https:\/\/zeromagazine.mx\/?attachment_id=108361\" data-url=\"http:\/\/zeromagazine.mx\/wp-content\/uploads\/2025\/09\/DISENO-ELIANA--683x1024.jpeg\" data-width=\"1707\" src=\"https:\/\/i2.wp.com\/zeromagazine.mx\/wp-content\/uploads\/2025\/09\/DISENO-ELIANA--683x1024.jpeg\" data-amp-layout=\"responsive\"\/><\/a><\/figure><\/div><div class=\"tiled-gallery__col\" style=\"flex-basis:25.00000%\"><figure class=\"tiled-gallery__item\"><a href=\"https:\/\/i0.wp.com\/zeromagazine.mx\/wp-content\/uploads\/2025\/09\/DISENO-ESTUDIO-1999-683x1024.jpeg\"><img decoding=\"async\" srcset=\"https:\/\/i2.wp.com\/zeromagazine.mx\/wp-content\/uploads\/2025\/09\/DISENO-ESTUDIO-1999-683x1024.jpeg?strip=info&#038;w=600 600w,https:\/\/i2.wp.com\/zeromagazine.mx\/wp-content\/uploads\/2025\/09\/DISENO-ESTUDIO-1999-683x1024.jpeg?strip=info&#038;w=900 900w,https:\/\/i2.wp.com\/zeromagazine.mx\/wp-content\/uploads\/2025\/09\/DISENO-ESTUDIO-1999-683x1024.jpeg?strip=info&#038;w=1200 1200w,https:\/\/i2.wp.com\/zeromagazine.mx\/wp-content\/uploads\/2025\/09\/DISENO-ESTUDIO-1999-683x1024.jpeg?strip=info&#038;w=1500 1500w,https:\/\/i2.wp.com\/zeromagazine.mx\/wp-content\/uploads\/2025\/09\/DISENO-ESTUDIO-1999-683x1024.jpeg?strip=info&#038;w=1707 1707w\" alt=\"\" data-height=\"2560\" data-id=\"108360\" data-link=\"https:\/\/zeromagazine.mx\/?attachment_id=108360\" data-url=\"http:\/\/zeromagazine.mx\/wp-content\/uploads\/2025\/09\/DISENO-ESTUDIO-1999-683x1024.jpeg\" data-width=\"1707\" src=\"https:\/\/i2.wp.com\/zeromagazine.mx\/wp-content\/uploads\/2025\/09\/DISENO-ESTUDIO-1999-683x1024.jpeg\" data-amp-layout=\"responsive\"\/><\/a><\/figure><\/div><div class=\"tiled-gallery__col\" style=\"flex-basis:25.00000%\"><figure class=\"tiled-gallery__item\"><a href=\"https:\/\/i0.wp.com\/zeromagazine.mx\/wp-content\/uploads\/2025\/09\/DISENO-IVAN-AVALOS--683x1024.jpeg\"><img decoding=\"async\" srcset=\"https:\/\/i1.wp.com\/zeromagazine.mx\/wp-content\/uploads\/2025\/09\/DISENO-IVAN-AVALOS--683x1024.jpeg?strip=info&#038;w=600 600w,https:\/\/i1.wp.com\/zeromagazine.mx\/wp-content\/uploads\/2025\/09\/DISENO-IVAN-AVALOS--683x1024.jpeg?strip=info&#038;w=900 900w,https:\/\/i1.wp.com\/zeromagazine.mx\/wp-content\/uploads\/2025\/09\/DISENO-IVAN-AVALOS--683x1024.jpeg?strip=info&#038;w=1200 1200w,https:\/\/i1.wp.com\/zeromagazine.mx\/wp-content\/uploads\/2025\/09\/DISENO-IVAN-AVALOS--683x1024.jpeg?strip=info&#038;w=1500 1500w,https:\/\/i1.wp.com\/zeromagazine.mx\/wp-content\/uploads\/2025\/09\/DISENO-IVAN-AVALOS--683x1024.jpeg?strip=info&#038;w=1707 1707w\" alt=\"\" data-height=\"2560\" data-id=\"108359\" data-link=\"https:\/\/zeromagazine.mx\/?attachment_id=108359\" data-url=\"http:\/\/zeromagazine.mx\/wp-content\/uploads\/2025\/09\/DISENO-IVAN-AVALOS--683x1024.jpeg\" data-width=\"1707\" src=\"https:\/\/i1.wp.com\/zeromagazine.mx\/wp-content\/uploads\/2025\/09\/DISENO-IVAN-AVALOS--683x1024.jpeg\" data-amp-layout=\"responsive\"\/><\/a><\/figure><\/div><div class=\"tiled-gallery__col\" style=\"flex-basis:25.00000%\"><figure class=\"tiled-gallery__item\"><a href=\"https:\/\/i0.wp.com\/zeromagazine.mx\/wp-content\/uploads\/2025\/09\/DISENO-MONTSERRAT-MESSEGUER-683x1024.jpeg\"><img decoding=\"async\" srcset=\"https:\/\/i2.wp.com\/zeromagazine.mx\/wp-content\/uploads\/2025\/09\/DISENO-MONTSERRAT-MESSEGUER-683x1024.jpeg?strip=info&#038;w=600 600w,https:\/\/i2.wp.com\/zeromagazine.mx\/wp-content\/uploads\/2025\/09\/DISENO-MONTSERRAT-MESSEGUER-683x1024.jpeg?strip=info&#038;w=900 900w,https:\/\/i2.wp.com\/zeromagazine.mx\/wp-content\/uploads\/2025\/09\/DISENO-MONTSERRAT-MESSEGUER-683x1024.jpeg?strip=info&#038;w=1200 1200w,https:\/\/i2.wp.com\/zeromagazine.mx\/wp-content\/uploads\/2025\/09\/DISENO-MONTSERRAT-MESSEGUER-683x1024.jpeg?strip=info&#038;w=1500 1500w,https:\/\/i2.wp.com\/zeromagazine.mx\/wp-content\/uploads\/2025\/09\/DISENO-MONTSERRAT-MESSEGUER-683x1024.jpeg?strip=info&#038;w=1707 1707w\" alt=\"\" data-height=\"2560\" data-id=\"108358\" data-link=\"https:\/\/zeromagazine.mx\/?attachment_id=108358\" data-url=\"http:\/\/zeromagazine.mx\/wp-content\/uploads\/2025\/09\/DISENO-MONTSERRAT-MESSEGUER-683x1024.jpeg\" data-width=\"1707\" src=\"https:\/\/i2.wp.com\/zeromagazine.mx\/wp-content\/uploads\/2025\/09\/DISENO-MONTSERRAT-MESSEGUER-683x1024.jpeg\" data-amp-layout=\"responsive\"\/><\/a><\/figure><\/div><\/div><div class=\"tiled-gallery__row\"><div class=\"tiled-gallery__col\" style=\"flex-basis:50.00000%\"><figure class=\"tiled-gallery__item\"><a href=\"https:\/\/i0.wp.com\/zeromagazine.mx\/wp-content\/uploads\/2025\/09\/DISENO-MONTSERRAT-MESSEGUER--683x1024.jpeg\"><img decoding=\"async\" srcset=\"https:\/\/i0.wp.com\/zeromagazine.mx\/wp-content\/uploads\/2025\/09\/DISENO-MONTSERRAT-MESSEGUER--683x1024.jpeg?strip=info&#038;w=600 600w,https:\/\/i0.wp.com\/zeromagazine.mx\/wp-content\/uploads\/2025\/09\/DISENO-MONTSERRAT-MESSEGUER--683x1024.jpeg?strip=info&#038;w=900 900w,https:\/\/i0.wp.com\/zeromagazine.mx\/wp-content\/uploads\/2025\/09\/DISENO-MONTSERRAT-MESSEGUER--683x1024.jpeg?strip=info&#038;w=1200 1200w,https:\/\/i0.wp.com\/zeromagazine.mx\/wp-content\/uploads\/2025\/09\/DISENO-MONTSERRAT-MESSEGUER--683x1024.jpeg?strip=info&#038;w=1500 1500w,https:\/\/i0.wp.com\/zeromagazine.mx\/wp-content\/uploads\/2025\/09\/DISENO-MONTSERRAT-MESSEGUER--683x1024.jpeg?strip=info&#038;w=1707 1707w\" alt=\"\" data-height=\"2560\" data-id=\"108357\" data-link=\"https:\/\/zeromagazine.mx\/?attachment_id=108357\" data-url=\"http:\/\/zeromagazine.mx\/wp-content\/uploads\/2025\/09\/DISENO-MONTSERRAT-MESSEGUER--683x1024.jpeg\" data-width=\"1707\" src=\"https:\/\/i0.wp.com\/zeromagazine.mx\/wp-content\/uploads\/2025\/09\/DISENO-MONTSERRAT-MESSEGUER--683x1024.jpeg\" data-amp-layout=\"responsive\"\/><\/a><\/figure><\/div><div class=\"tiled-gallery__col\" style=\"flex-basis:50.00000%\"><figure class=\"tiled-gallery__item\"><a href=\"https:\/\/i0.wp.com\/zeromagazine.mx\/wp-content\/uploads\/2025\/09\/DISENO-NO-NAME-683x1024.jpeg\"><img decoding=\"async\" srcset=\"https:\/\/i2.wp.com\/zeromagazine.mx\/wp-content\/uploads\/2025\/09\/DISENO-NO-NAME-683x1024.jpeg?strip=info&#038;w=600 600w,https:\/\/i2.wp.com\/zeromagazine.mx\/wp-content\/uploads\/2025\/09\/DISENO-NO-NAME-683x1024.jpeg?strip=info&#038;w=900 900w,https:\/\/i2.wp.com\/zeromagazine.mx\/wp-content\/uploads\/2025\/09\/DISENO-NO-NAME-683x1024.jpeg?strip=info&#038;w=1200 1200w,https:\/\/i2.wp.com\/zeromagazine.mx\/wp-content\/uploads\/2025\/09\/DISENO-NO-NAME-683x1024.jpeg?strip=info&#038;w=1500 1500w,https:\/\/i2.wp.com\/zeromagazine.mx\/wp-content\/uploads\/2025\/09\/DISENO-NO-NAME-683x1024.jpeg?strip=info&#038;w=1707 1707w\" alt=\"\" data-height=\"2560\" data-id=\"108356\" data-link=\"https:\/\/zeromagazine.mx\/?attachment_id=108356\" data-url=\"http:\/\/zeromagazine.mx\/wp-content\/uploads\/2025\/09\/DISENO-NO-NAME-683x1024.jpeg\" data-width=\"1707\" src=\"https:\/\/i2.wp.com\/zeromagazine.mx\/wp-content\/uploads\/2025\/09\/DISENO-NO-NAME-683x1024.jpeg\" data-amp-layout=\"responsive\"\/><\/a><\/figure><\/div><\/div><\/div><\/div>\n\n\n\n<h2 class=\"wp-block-heading\">Denim Reimaginado: Un di\u00e1logo entre tradici\u00f3n y futuro<\/h2>\n\n\n\n<p>Con esta colaboraci\u00f3n, Levi\u2019s\u00ae no solo celebra m\u00e1s de 150 a\u00f1os de historia, tambi\u00e9n se conecta con la energ\u00eda de un M\u00e9xico joven, diverso y creativo. Exhibir algunas de estas piezas en la tienda de Madero abre la experiencia a todxs, para que la moda deje de ser algo lejano y se convierta en una invitaci\u00f3n a reimaginar lo que usamos cada d\u00eda.<\/p>\n\n\n\n<p><strong>Denim Reimaginado<\/strong>&nbsp;no es solo un proyecto: es un movimiento que confirma que la moda mexicana y el upcycling tienen el poder de transformar lo ordinario en extraordinario.<\/p>\n\n\n\n<div class=\"wp-block-jetpack-tiled-gallery aligncenter is-style-rectangular\"><div class=\"tiled-gallery__gallery\"><div class=\"tiled-gallery__row\"><div class=\"tiled-gallery__col\" style=\"flex-basis:25.00000%\"><figure class=\"tiled-gallery__item\"><a href=\"https:\/\/i0.wp.com\/zeromagazine.mx\/wp-content\/uploads\/2025\/09\/DISENO-ZURCE-683x1024.jpeg\"><img decoding=\"async\" srcset=\"https:\/\/i2.wp.com\/zeromagazine.mx\/wp-content\/uploads\/2025\/09\/DISENO-ZURCE-683x1024.jpeg?strip=info&#038;w=600 600w,https:\/\/i2.wp.com\/zeromagazine.mx\/wp-content\/uploads\/2025\/09\/DISENO-ZURCE-683x1024.jpeg?strip=info&#038;w=900 900w,https:\/\/i2.wp.com\/zeromagazine.mx\/wp-content\/uploads\/2025\/09\/DISENO-ZURCE-683x1024.jpeg?strip=info&#038;w=1200 1200w,https:\/\/i2.wp.com\/zeromagazine.mx\/wp-content\/uploads\/2025\/09\/DISENO-ZURCE-683x1024.jpeg?strip=info&#038;w=1500 1500w,https:\/\/i2.wp.com\/zeromagazine.mx\/wp-content\/uploads\/2025\/09\/DISENO-ZURCE-683x1024.jpeg?strip=info&#038;w=1707 1707w\" alt=\"\" data-height=\"2560\" data-id=\"108350\" data-link=\"https:\/\/zeromagazine.mx\/?attachment_id=108350\" data-url=\"http:\/\/zeromagazine.mx\/wp-content\/uploads\/2025\/09\/DISENO-ZURCE-683x1024.jpeg\" data-width=\"1707\" src=\"https:\/\/i2.wp.com\/zeromagazine.mx\/wp-content\/uploads\/2025\/09\/DISENO-ZURCE-683x1024.jpeg\" data-amp-layout=\"responsive\"\/><\/a><\/figure><\/div><div class=\"tiled-gallery__col\" style=\"flex-basis:25.00000%\"><figure class=\"tiled-gallery__item\"><a href=\"https:\/\/i0.wp.com\/zeromagazine.mx\/wp-content\/uploads\/2025\/09\/DISENO-ZURCE--683x1024.jpeg\"><img decoding=\"async\" srcset=\"https:\/\/i2.wp.com\/zeromagazine.mx\/wp-content\/uploads\/2025\/09\/DISENO-ZURCE--683x1024.jpeg?strip=info&#038;w=600 600w,https:\/\/i2.wp.com\/zeromagazine.mx\/wp-content\/uploads\/2025\/09\/DISENO-ZURCE--683x1024.jpeg?strip=info&#038;w=900 900w,https:\/\/i2.wp.com\/zeromagazine.mx\/wp-content\/uploads\/2025\/09\/DISENO-ZURCE--683x1024.jpeg?strip=info&#038;w=1200 1200w,https:\/\/i2.wp.com\/zeromagazine.mx\/wp-content\/uploads\/2025\/09\/DISENO-ZURCE--683x1024.jpeg?strip=info&#038;w=1500 1500w,https:\/\/i2.wp.com\/zeromagazine.mx\/wp-content\/uploads\/2025\/09\/DISENO-ZURCE--683x1024.jpeg?strip=info&#038;w=1707 1707w\" alt=\"\" data-height=\"2560\" data-id=\"108351\" data-link=\"https:\/\/zeromagazine.mx\/?attachment_id=108351\" data-url=\"http:\/\/zeromagazine.mx\/wp-content\/uploads\/2025\/09\/DISENO-ZURCE--683x1024.jpeg\" data-width=\"1707\" src=\"https:\/\/i2.wp.com\/zeromagazine.mx\/wp-content\/uploads\/2025\/09\/DISENO-ZURCE--683x1024.jpeg\" data-amp-layout=\"responsive\"\/><\/a><\/figure><\/div><div class=\"tiled-gallery__col\" style=\"flex-basis:25.00000%\"><figure class=\"tiled-gallery__item\"><a href=\"https:\/\/i0.wp.com\/zeromagazine.mx\/wp-content\/uploads\/2025\/09\/DISENO-RICARDO-BERISTAIN.--683x1024.jpeg\"><img decoding=\"async\" srcset=\"https:\/\/i1.wp.com\/zeromagazine.mx\/wp-content\/uploads\/2025\/09\/DISENO-RICARDO-BERISTAIN.--683x1024.jpeg?strip=info&#038;w=600 600w,https:\/\/i1.wp.com\/zeromagazine.mx\/wp-content\/uploads\/2025\/09\/DISENO-RICARDO-BERISTAIN.--683x1024.jpeg?strip=info&#038;w=900 900w,https:\/\/i1.wp.com\/zeromagazine.mx\/wp-content\/uploads\/2025\/09\/DISENO-RICARDO-BERISTAIN.--683x1024.jpeg?strip=info&#038;w=1200 1200w,https:\/\/i1.wp.com\/zeromagazine.mx\/wp-content\/uploads\/2025\/09\/DISENO-RICARDO-BERISTAIN.--683x1024.jpeg?strip=info&#038;w=1500 1500w,https:\/\/i1.wp.com\/zeromagazine.mx\/wp-content\/uploads\/2025\/09\/DISENO-RICARDO-BERISTAIN.--683x1024.jpeg?strip=info&#038;w=1707 1707w\" alt=\"\" data-height=\"2560\" data-id=\"108352\" data-link=\"https:\/\/zeromagazine.mx\/?attachment_id=108352\" data-url=\"http:\/\/zeromagazine.mx\/wp-content\/uploads\/2025\/09\/DISENO-RICARDO-BERISTAIN.--683x1024.jpeg\" data-width=\"1707\" src=\"https:\/\/i1.wp.com\/zeromagazine.mx\/wp-content\/uploads\/2025\/09\/DISENO-RICARDO-BERISTAIN.--683x1024.jpeg\" data-amp-layout=\"responsive\"\/><\/a><\/figure><\/div><div class=\"tiled-gallery__col\" style=\"flex-basis:25.00000%\"><figure class=\"tiled-gallery__item\"><a href=\"https:\/\/i0.wp.com\/zeromagazine.mx\/wp-content\/uploads\/2025\/09\/DISENO-NUGGET-683x1024.jpeg\"><img decoding=\"async\" srcset=\"https:\/\/i1.wp.com\/zeromagazine.mx\/wp-content\/uploads\/2025\/09\/DISENO-NUGGET-683x1024.jpeg?strip=info&#038;w=600 600w,https:\/\/i1.wp.com\/zeromagazine.mx\/wp-content\/uploads\/2025\/09\/DISENO-NUGGET-683x1024.jpeg?strip=info&#038;w=900 900w,https:\/\/i1.wp.com\/zeromagazine.mx\/wp-content\/uploads\/2025\/09\/DISENO-NUGGET-683x1024.jpeg?strip=info&#038;w=1200 1200w,https:\/\/i1.wp.com\/zeromagazine.mx\/wp-content\/uploads\/2025\/09\/DISENO-NUGGET-683x1024.jpeg?strip=info&#038;w=1500 1500w,https:\/\/i1.wp.com\/zeromagazine.mx\/wp-content\/uploads\/2025\/09\/DISENO-NUGGET-683x1024.jpeg?strip=info&#038;w=1707 1707w\" alt=\"\" data-height=\"2560\" data-id=\"108355\" data-link=\"https:\/\/zeromagazine.mx\/?attachment_id=108355\" data-url=\"http:\/\/zeromagazine.mx\/wp-content\/uploads\/2025\/09\/DISENO-NUGGET-683x1024.jpeg\" data-width=\"1707\" src=\"https:\/\/i1.wp.com\/zeromagazine.mx\/wp-content\/uploads\/2025\/09\/DISENO-NUGGET-683x1024.jpeg\" data-amp-layout=\"responsive\"\/><\/a><\/figure><\/div><\/div><div class=\"tiled-gallery__row\"><div class=\"tiled-gallery__col\" style=\"flex-basis:50.00000%\"><figure class=\"tiled-gallery__item\"><a href=\"https:\/\/i0.wp.com\/zeromagazine.mx\/wp-content\/uploads\/2025\/09\/DISENO-OLMOS-Y-FLORES--683x1024.jpeg\"><img decoding=\"async\" srcset=\"https:\/\/i0.wp.com\/zeromagazine.mx\/wp-content\/uploads\/2025\/09\/DISENO-OLMOS-Y-FLORES--683x1024.jpeg?strip=info&#038;w=600 600w,https:\/\/i0.wp.com\/zeromagazine.mx\/wp-content\/uploads\/2025\/09\/DISENO-OLMOS-Y-FLORES--683x1024.jpeg?strip=info&#038;w=900 900w,https:\/\/i0.wp.com\/zeromagazine.mx\/wp-content\/uploads\/2025\/09\/DISENO-OLMOS-Y-FLORES--683x1024.jpeg?strip=info&#038;w=1200 1200w,https:\/\/i0.wp.com\/zeromagazine.mx\/wp-content\/uploads\/2025\/09\/DISENO-OLMOS-Y-FLORES--683x1024.jpeg?strip=info&#038;w=1500 1500w,https:\/\/i0.wp.com\/zeromagazine.mx\/wp-content\/uploads\/2025\/09\/DISENO-OLMOS-Y-FLORES--683x1024.jpeg?strip=info&#038;w=1707 1707w\" alt=\"\" data-height=\"2560\" data-id=\"108354\" data-link=\"https:\/\/zeromagazine.mx\/?attachment_id=108354\" data-url=\"http:\/\/zeromagazine.mx\/wp-content\/uploads\/2025\/09\/DISENO-OLMOS-Y-FLORES--683x1024.jpeg\" data-width=\"1707\" src=\"https:\/\/i0.wp.com\/zeromagazine.mx\/wp-content\/uploads\/2025\/09\/DISENO-OLMOS-Y-FLORES--683x1024.jpeg\" data-amp-layout=\"responsive\"\/><\/a><\/figure><\/div><div class=\"tiled-gallery__col\" style=\"flex-basis:50.00000%\"><figure class=\"tiled-gallery__item\"><a href=\"https:\/\/i0.wp.com\/zeromagazine.mx\/wp-content\/uploads\/2025\/09\/DISENO-RICARDO-BERISTAIN-683x1024.jpeg\"><img decoding=\"async\" srcset=\"https:\/\/i0.wp.com\/zeromagazine.mx\/wp-content\/uploads\/2025\/09\/DISENO-RICARDO-BERISTAIN-683x1024.jpeg?strip=info&#038;w=600 600w,https:\/\/i0.wp.com\/zeromagazine.mx\/wp-content\/uploads\/2025\/09\/DISENO-RICARDO-BERISTAIN-683x1024.jpeg?strip=info&#038;w=900 900w,https:\/\/i0.wp.com\/zeromagazine.mx\/wp-content\/uploads\/2025\/09\/DISENO-RICARDO-BERISTAIN-683x1024.jpeg?strip=info&#038;w=1200 1200w,https:\/\/i0.wp.com\/zeromagazine.mx\/wp-content\/uploads\/2025\/09\/DISENO-RICARDO-BERISTAIN-683x1024.jpeg?strip=info&#038;w=1500 1500w,https:\/\/i0.wp.com\/zeromagazine.mx\/wp-content\/uploads\/2025\/09\/DISENO-RICARDO-BERISTAIN-683x1024.jpeg?strip=info&#038;w=1707 1707w\" alt=\"\" data-height=\"2560\" data-id=\"108353\" data-link=\"https:\/\/zeromagazine.mx\/?attachment_id=108353\" data-url=\"http:\/\/zeromagazine.mx\/wp-content\/uploads\/2025\/09\/DISENO-RICARDO-BERISTAIN-683x1024.jpeg\" data-width=\"1707\" src=\"https:\/\/i0.wp.com\/zeromagazine.mx\/wp-content\/uploads\/2025\/09\/DISENO-RICARDO-BERISTAIN-683x1024.jpeg\" data-amp-layout=\"responsive\"\/><\/a><\/figure><\/div><\/div><\/div><\/div>","protected":false},"excerpt":{"rendered":"<p>Si hay algo que me emociona m\u00e1s que descubrir nuevas propuestas de moda mexicana es ver c\u00f3mo marcas globales como Levi\u2019s\u00ae apuestan por nuestra creatividad local. Con&nbsp;Denim Reimaginado, la mezclilla se convierte en un lienzo vivo para 13 dise\u00f1adores mexicanos que reinterpretan el \u00edcono del denim a trav\u00e9s del upcycling. Y d\u00e9jenme decirles: el resultado [&hellip;]<\/p>\n","protected":false},"author":4,"featured_media":108349,"comment_status":"open","ping_status":"open","sticky":false,"template":"","format":"standard","meta":{"_jetpack_memberships_contains_paid_content":false,"footnotes":"","jetpack_publicize_message":"","jetpack_publicize_feature_enabled":true,"jetpack_social_post_already_shared":true,"jetpack_social_options":{"image_generator_settings":{"template":"highway","default_image_id":0,"font":"","enabled":false},"version":2}},"categories":[67],"tags":[],"class_list":["post-108348","post","type-post","status-publish","format-standard","has-post-thumbnail","hentry","category-moda","has-post-title","has-post-date","has-post-category","has-post-tag","has-post-comment","has-post-author",""],"yoast_head":"<!-- This site is optimized with the Yoast SEO plugin v27.5 - https:\/\/yoast.com\/product\/yoast-seo-wordpress\/ -->\n<title>Denim Reimaginado: el upcycling hecho moda - Zero Magazine<\/title>\n<meta name=\"description\" content=\"Levi\u2019s\u00ae presenta Denim Reimaginado, proyecto de upcycling con 13 dise\u00f1adores mexicanos que reinventan el denim con creatividad y moda sostenible.\" \/>\n<meta name=\"robots\" content=\"index, follow, max-snippet:-1, max-image-preview:large, max-video-preview:-1\" \/>\n<link rel=\"canonical\" href=\"https:\/\/zeromagazine.mx\/index.php\/2025\/09\/17\/denim-reimaginado-moda-upcycling\/\" \/>\n<meta property=\"og:locale\" content=\"es_ES\" \/>\n<meta property=\"og:type\" content=\"article\" \/>\n<meta property=\"og:title\" content=\"Denim Reimaginado: el upcycling hecho moda - Zero Magazine\" \/>\n<meta property=\"og:description\" content=\"Levi\u2019s\u00ae presenta Denim Reimaginado, proyecto de upcycling con 13 dise\u00f1adores mexicanos que reinventan el denim con creatividad y moda sostenible.\" \/>\n<meta property=\"og:url\" content=\"https:\/\/zeromagazine.mx\/index.php\/2025\/09\/17\/denim-reimaginado-moda-upcycling\/\" \/>\n<meta property=\"og:site_name\" content=\"Zero Magazine\" \/>\n<meta property=\"article:published_time\" content=\"2025-09-17T19:04:00+00:00\" \/>\n<meta property=\"article:modified_time\" content=\"2025-09-18T05:29:18+00:00\" \/>\n<meta property=\"og:image\" content=\"http:\/\/zeromagazine.mx\/wp-content\/uploads\/2025\/09\/DSC03061-scaled.jpeg\" \/>\n\t<meta property=\"og:image:width\" content=\"2560\" \/>\n\t<meta property=\"og:image:height\" content=\"1708\" \/>\n\t<meta property=\"og:image:type\" content=\"image\/jpeg\" \/>\n<meta name=\"author\" content=\"David Morales\" \/>\n<meta name=\"twitter:card\" content=\"summary_large_image\" \/>\n<meta name=\"twitter:label1\" content=\"Escrito por\" \/>\n\t<meta name=\"twitter:data1\" content=\"David Morales\" \/>\n\t<meta name=\"twitter:label2\" content=\"Tiempo de lectura\" \/>\n\t<meta name=\"twitter:data2\" content=\"6 minutos\" \/>\n<script type=\"application\/ld+json\" class=\"yoast-schema-graph\">{\"@context\":\"https:\\\/\\\/schema.org\",\"@graph\":[{\"@type\":\"Article\",\"@id\":\"https:\\\/\\\/zeromagazine.mx\\\/index.php\\\/2025\\\/09\\\/17\\\/denim-reimaginado-moda-upcycling\\\/#article\",\"isPartOf\":{\"@id\":\"https:\\\/\\\/zeromagazine.mx\\\/index.php\\\/2025\\\/09\\\/17\\\/denim-reimaginado-moda-upcycling\\\/\"},\"author\":{\"name\":\"David Morales\",\"@id\":\"https:\\\/\\\/zeromagazine.mx\\\/#\\\/schema\\\/person\\\/9f7f1a17c60ba8e9980e3e6677aabe5a\"},\"headline\":\"Denim Reimaginado: el upcycling hecho moda\",\"datePublished\":\"2025-09-17T19:04:00+00:00\",\"dateModified\":\"2025-09-18T05:29:18+00:00\",\"mainEntityOfPage\":{\"@id\":\"https:\\\/\\\/zeromagazine.mx\\\/index.php\\\/2025\\\/09\\\/17\\\/denim-reimaginado-moda-upcycling\\\/\"},\"wordCount\":474,\"commentCount\":0,\"publisher\":{\"@id\":\"https:\\\/\\\/zeromagazine.mx\\\/#organization\"},\"image\":{\"@id\":\"https:\\\/\\\/zeromagazine.mx\\\/index.php\\\/2025\\\/09\\\/17\\\/denim-reimaginado-moda-upcycling\\\/#primaryimage\"},\"thumbnailUrl\":\"https:\\\/\\\/i0.wp.com\\\/zeromagazine.mx\\\/wp-content\\\/uploads\\\/2025\\\/09\\\/DSC03061-scaled.jpeg?fit=2560%2C1708&ssl=1\",\"articleSection\":[\"Moda\"],\"inLanguage\":\"es\",\"potentialAction\":[{\"@type\":\"CommentAction\",\"name\":\"Comment\",\"target\":[\"https:\\\/\\\/zeromagazine.mx\\\/index.php\\\/2025\\\/09\\\/17\\\/denim-reimaginado-moda-upcycling\\\/#respond\"]}]},{\"@type\":\"WebPage\",\"@id\":\"https:\\\/\\\/zeromagazine.mx\\\/index.php\\\/2025\\\/09\\\/17\\\/denim-reimaginado-moda-upcycling\\\/\",\"url\":\"https:\\\/\\\/zeromagazine.mx\\\/index.php\\\/2025\\\/09\\\/17\\\/denim-reimaginado-moda-upcycling\\\/\",\"name\":\"Denim Reimaginado: el upcycling hecho moda - Zero Magazine\",\"isPartOf\":{\"@id\":\"https:\\\/\\\/zeromagazine.mx\\\/#website\"},\"primaryImageOfPage\":{\"@id\":\"https:\\\/\\\/zeromagazine.mx\\\/index.php\\\/2025\\\/09\\\/17\\\/denim-reimaginado-moda-upcycling\\\/#primaryimage\"},\"image\":{\"@id\":\"https:\\\/\\\/zeromagazine.mx\\\/index.php\\\/2025\\\/09\\\/17\\\/denim-reimaginado-moda-upcycling\\\/#primaryimage\"},\"thumbnailUrl\":\"https:\\\/\\\/i0.wp.com\\\/zeromagazine.mx\\\/wp-content\\\/uploads\\\/2025\\\/09\\\/DSC03061-scaled.jpeg?fit=2560%2C1708&ssl=1\",\"datePublished\":\"2025-09-17T19:04:00+00:00\",\"dateModified\":\"2025-09-18T05:29:18+00:00\",\"description\":\"Levi\u2019s\u00ae presenta Denim Reimaginado, proyecto de upcycling con 13 dise\u00f1adores mexicanos que reinventan el denim con creatividad y moda sostenible.\",\"breadcrumb\":{\"@id\":\"https:\\\/\\\/zeromagazine.mx\\\/index.php\\\/2025\\\/09\\\/17\\\/denim-reimaginado-moda-upcycling\\\/#breadcrumb\"},\"inLanguage\":\"es\",\"potentialAction\":[{\"@type\":\"ReadAction\",\"target\":[\"https:\\\/\\\/zeromagazine.mx\\\/index.php\\\/2025\\\/09\\\/17\\\/denim-reimaginado-moda-upcycling\\\/\"]}]},{\"@type\":\"ImageObject\",\"inLanguage\":\"es\",\"@id\":\"https:\\\/\\\/zeromagazine.mx\\\/index.php\\\/2025\\\/09\\\/17\\\/denim-reimaginado-moda-upcycling\\\/#primaryimage\",\"url\":\"https:\\\/\\\/i0.wp.com\\\/zeromagazine.mx\\\/wp-content\\\/uploads\\\/2025\\\/09\\\/DSC03061-scaled.jpeg?fit=2560%2C1708&ssl=1\",\"contentUrl\":\"https:\\\/\\\/i0.wp.com\\\/zeromagazine.mx\\\/wp-content\\\/uploads\\\/2025\\\/09\\\/DSC03061-scaled.jpeg?fit=2560%2C1708&ssl=1\",\"width\":2560,\"height\":1708},{\"@type\":\"BreadcrumbList\",\"@id\":\"https:\\\/\\\/zeromagazine.mx\\\/index.php\\\/2025\\\/09\\\/17\\\/denim-reimaginado-moda-upcycling\\\/#breadcrumb\",\"itemListElement\":[{\"@type\":\"ListItem\",\"position\":1,\"name\":\"Portada\",\"item\":\"https:\\\/\\\/zeromagazine.mx\\\/\"},{\"@type\":\"ListItem\",\"position\":2,\"name\":\"Denim Reimaginado: el upcycling hecho moda\"}]},{\"@type\":\"WebSite\",\"@id\":\"https:\\\/\\\/zeromagazine.mx\\\/#website\",\"url\":\"https:\\\/\\\/zeromagazine.mx\\\/\",\"name\":\"Zero Magazine\",\"description\":\"\",\"publisher\":{\"@id\":\"https:\\\/\\\/zeromagazine.mx\\\/#organization\"},\"potentialAction\":[{\"@type\":\"SearchAction\",\"target\":{\"@type\":\"EntryPoint\",\"urlTemplate\":\"https:\\\/\\\/zeromagazine.mx\\\/?s={search_term_string}\"},\"query-input\":{\"@type\":\"PropertyValueSpecification\",\"valueRequired\":true,\"valueName\":\"search_term_string\"}}],\"inLanguage\":\"es\"},{\"@type\":\"Organization\",\"@id\":\"https:\\\/\\\/zeromagazine.mx\\\/#organization\",\"name\":\"Zero Magazine\",\"url\":\"https:\\\/\\\/zeromagazine.mx\\\/\",\"logo\":{\"@type\":\"ImageObject\",\"inLanguage\":\"es\",\"@id\":\"https:\\\/\\\/zeromagazine.mx\\\/#\\\/schema\\\/logo\\\/image\\\/\",\"url\":\"https:\\\/\\\/i0.wp.com\\\/zeromagazine.mx\\\/wp-content\\\/uploads\\\/2025\\\/11\\\/1.jpeg?fit=1000%2C1000&ssl=1\",\"contentUrl\":\"https:\\\/\\\/i0.wp.com\\\/zeromagazine.mx\\\/wp-content\\\/uploads\\\/2025\\\/11\\\/1.jpeg?fit=1000%2C1000&ssl=1\",\"width\":1000,\"height\":1000,\"caption\":\"Zero Magazine\"},\"image\":{\"@id\":\"https:\\\/\\\/zeromagazine.mx\\\/#\\\/schema\\\/logo\\\/image\\\/\"},\"sameAs\":[\"https:\\\/\\\/instagram.com\\\/zeromagazinemx\"]},{\"@type\":\"Person\",\"@id\":\"https:\\\/\\\/zeromagazine.mx\\\/#\\\/schema\\\/person\\\/9f7f1a17c60ba8e9980e3e6677aabe5a\",\"name\":\"David Morales\",\"image\":{\"@type\":\"ImageObject\",\"inLanguage\":\"es\",\"@id\":\"https:\\\/\\\/zeromagazine.mx\\\/wp-content\\\/litespeed\\\/avatar\\\/76069d2136bfc1c37dc34815bb67ca42.jpg?ver=1776966186\",\"url\":\"https:\\\/\\\/zeromagazine.mx\\\/wp-content\\\/litespeed\\\/avatar\\\/76069d2136bfc1c37dc34815bb67ca42.jpg?ver=1776966186\",\"contentUrl\":\"https:\\\/\\\/zeromagazine.mx\\\/wp-content\\\/litespeed\\\/avatar\\\/76069d2136bfc1c37dc34815bb67ca42.jpg?ver=1776966186\",\"caption\":\"David Morales\"},\"url\":\"https:\\\/\\\/zeromagazine.mx\\\/index.php\\\/author\\\/david\\\/\"}]}<\/script>\n<!-- \/ Yoast SEO plugin. -->","yoast_head_json":{"title":"Denim Reimaginado: el upcycling hecho moda - Zero Magazine","description":"Levi\u2019s\u00ae presenta Denim Reimaginado, proyecto de upcycling con 13 dise\u00f1adores mexicanos que reinventan el denim con creatividad y moda sostenible.","robots":{"index":"index","follow":"follow","max-snippet":"max-snippet:-1","max-image-preview":"max-image-preview:large","max-video-preview":"max-video-preview:-1"},"canonical":"https:\/\/zeromagazine.mx\/index.php\/2025\/09\/17\/denim-reimaginado-moda-upcycling\/","og_locale":"es_ES","og_type":"article","og_title":"Denim Reimaginado: el upcycling hecho moda - Zero Magazine","og_description":"Levi\u2019s\u00ae presenta Denim Reimaginado, proyecto de upcycling con 13 dise\u00f1adores mexicanos que reinventan el denim con creatividad y moda sostenible.","og_url":"https:\/\/zeromagazine.mx\/index.php\/2025\/09\/17\/denim-reimaginado-moda-upcycling\/","og_site_name":"Zero Magazine","article_published_time":"2025-09-17T19:04:00+00:00","article_modified_time":"2025-09-18T05:29:18+00:00","og_image":[{"width":2560,"height":1708,"url":"http:\/\/zeromagazine.mx\/wp-content\/uploads\/2025\/09\/DSC03061-scaled.jpeg","type":"image\/jpeg"}],"author":"David Morales","twitter_card":"summary_large_image","twitter_misc":{"Escrito por":"David Morales","Tiempo de lectura":"6 minutos"},"schema":{"@context":"https:\/\/schema.org","@graph":[{"@type":"Article","@id":"https:\/\/zeromagazine.mx\/index.php\/2025\/09\/17\/denim-reimaginado-moda-upcycling\/#article","isPartOf":{"@id":"https:\/\/zeromagazine.mx\/index.php\/2025\/09\/17\/denim-reimaginado-moda-upcycling\/"},"author":{"name":"David Morales","@id":"https:\/\/zeromagazine.mx\/#\/schema\/person\/9f7f1a17c60ba8e9980e3e6677aabe5a"},"headline":"Denim Reimaginado: el upcycling hecho moda","datePublished":"2025-09-17T19:04:00+00:00","dateModified":"2025-09-18T05:29:18+00:00","mainEntityOfPage":{"@id":"https:\/\/zeromagazine.mx\/index.php\/2025\/09\/17\/denim-reimaginado-moda-upcycling\/"},"wordCount":474,"commentCount":0,"publisher":{"@id":"https:\/\/zeromagazine.mx\/#organization"},"image":{"@id":"https:\/\/zeromagazine.mx\/index.php\/2025\/09\/17\/denim-reimaginado-moda-upcycling\/#primaryimage"},"thumbnailUrl":"https:\/\/i0.wp.com\/zeromagazine.mx\/wp-content\/uploads\/2025\/09\/DSC03061-scaled.jpeg?fit=2560%2C1708&ssl=1","articleSection":["Moda"],"inLanguage":"es","potentialAction":[{"@type":"CommentAction","name":"Comment","target":["https:\/\/zeromagazine.mx\/index.php\/2025\/09\/17\/denim-reimaginado-moda-upcycling\/#respond"]}]},{"@type":"WebPage","@id":"https:\/\/zeromagazine.mx\/index.php\/2025\/09\/17\/denim-reimaginado-moda-upcycling\/","url":"https:\/\/zeromagazine.mx\/index.php\/2025\/09\/17\/denim-reimaginado-moda-upcycling\/","name":"Denim Reimaginado: el upcycling hecho moda - Zero Magazine","isPartOf":{"@id":"https:\/\/zeromagazine.mx\/#website"},"primaryImageOfPage":{"@id":"https:\/\/zeromagazine.mx\/index.php\/2025\/09\/17\/denim-reimaginado-moda-upcycling\/#primaryimage"},"image":{"@id":"https:\/\/zeromagazine.mx\/index.php\/2025\/09\/17\/denim-reimaginado-moda-upcycling\/#primaryimage"},"thumbnailUrl":"https:\/\/i0.wp.com\/zeromagazine.mx\/wp-content\/uploads\/2025\/09\/DSC03061-scaled.jpeg?fit=2560%2C1708&ssl=1","datePublished":"2025-09-17T19:04:00+00:00","dateModified":"2025-09-18T05:29:18+00:00","description":"Levi\u2019s\u00ae presenta Denim Reimaginado, proyecto de upcycling con 13 dise\u00f1adores mexicanos que reinventan el denim con creatividad y moda sostenible.","breadcrumb":{"@id":"https:\/\/zeromagazine.mx\/index.php\/2025\/09\/17\/denim-reimaginado-moda-upcycling\/#breadcrumb"},"inLanguage":"es","potentialAction":[{"@type":"ReadAction","target":["https:\/\/zeromagazine.mx\/index.php\/2025\/09\/17\/denim-reimaginado-moda-upcycling\/"]}]},{"@type":"ImageObject","inLanguage":"es","@id":"https:\/\/zeromagazine.mx\/index.php\/2025\/09\/17\/denim-reimaginado-moda-upcycling\/#primaryimage","url":"https:\/\/i0.wp.com\/zeromagazine.mx\/wp-content\/uploads\/2025\/09\/DSC03061-scaled.jpeg?fit=2560%2C1708&ssl=1","contentUrl":"https:\/\/i0.wp.com\/zeromagazine.mx\/wp-content\/uploads\/2025\/09\/DSC03061-scaled.jpeg?fit=2560%2C1708&ssl=1","width":2560,"height":1708},{"@type":"BreadcrumbList","@id":"https:\/\/zeromagazine.mx\/index.php\/2025\/09\/17\/denim-reimaginado-moda-upcycling\/#breadcrumb","itemListElement":[{"@type":"ListItem","position":1,"name":"Portada","item":"https:\/\/zeromagazine.mx\/"},{"@type":"ListItem","position":2,"name":"Denim Reimaginado: el upcycling hecho moda"}]},{"@type":"WebSite","@id":"https:\/\/zeromagazine.mx\/#website","url":"https:\/\/zeromagazine.mx\/","name":"Zero Magazine","description":"","publisher":{"@id":"https:\/\/zeromagazine.mx\/#organization"},"potentialAction":[{"@type":"SearchAction","target":{"@type":"EntryPoint","urlTemplate":"https:\/\/zeromagazine.mx\/?s={search_term_string}"},"query-input":{"@type":"PropertyValueSpecification","valueRequired":true,"valueName":"search_term_string"}}],"inLanguage":"es"},{"@type":"Organization","@id":"https:\/\/zeromagazine.mx\/#organization","name":"Zero Magazine","url":"https:\/\/zeromagazine.mx\/","logo":{"@type":"ImageObject","inLanguage":"es","@id":"https:\/\/zeromagazine.mx\/#\/schema\/logo\/image\/","url":"https:\/\/i0.wp.com\/zeromagazine.mx\/wp-content\/uploads\/2025\/11\/1.jpeg?fit=1000%2C1000&ssl=1","contentUrl":"https:\/\/i0.wp.com\/zeromagazine.mx\/wp-content\/uploads\/2025\/11\/1.jpeg?fit=1000%2C1000&ssl=1","width":1000,"height":1000,"caption":"Zero Magazine"},"image":{"@id":"https:\/\/zeromagazine.mx\/#\/schema\/logo\/image\/"},"sameAs":["https:\/\/instagram.com\/zeromagazinemx"]},{"@type":"Person","@id":"https:\/\/zeromagazine.mx\/#\/schema\/person\/9f7f1a17c60ba8e9980e3e6677aabe5a","name":"David Morales","image":{"@type":"ImageObject","inLanguage":"es","@id":"https:\/\/zeromagazine.mx\/wp-content\/litespeed\/avatar\/76069d2136bfc1c37dc34815bb67ca42.jpg?ver=1776966186","url":"https:\/\/zeromagazine.mx\/wp-content\/litespeed\/avatar\/76069d2136bfc1c37dc34815bb67ca42.jpg?ver=1776966186","contentUrl":"https:\/\/zeromagazine.mx\/wp-content\/litespeed\/avatar\/76069d2136bfc1c37dc34815bb67ca42.jpg?ver=1776966186","caption":"David Morales"},"url":"https:\/\/zeromagazine.mx\/index.php\/author\/david\/"}]}},"jetpack_publicize_connections":[],"jetpack_featured_media_url":"https:\/\/i0.wp.com\/zeromagazine.mx\/wp-content\/uploads\/2025\/09\/DSC03061-scaled.jpeg?fit=2560%2C1708&ssl=1","jetpack-related-posts":[{"id":101683,"url":"https:\/\/zeromagazine.mx\/index.php\/2025\/04\/15\/reiimagine-reinventa-el-denim\/","url_meta":{"origin":108348,"position":0},"title":"REIIMAGINE Reinventa El Denim","author":"David Morales","date":"15 de abril de 2025","format":false,"excerpt":"Amix, si cre\u00edan que ya lo hab\u00edan visto todo en moda, Beyonc\u00e9 y Levi\u2019s vienen a decirles: aguanten tantito. Porque s\u00ed, el denim sigue m\u00e1s vivo que nunca y el Cap\u00edtulo 2 de la campa\u00f1a REIIMAGINE \u2014llamado Pool Hall\u2014 nos lo deja clar\u00edsimo. Esta nueva entrega es todo lo que\u2026","rel":"","context":"En \u00abBlog\u00bb","block_context":{"text":"Blog","link":"https:\/\/zeromagazine.mx\/index.php\/category\/blog\/"},"img":{"alt_text":"","src":"https:\/\/i0.wp.com\/zeromagazine.mx\/wp-content\/uploads\/2025\/04\/REIIMAGINE_-Chapter-2-_-Image-1-scaled.jpg?fit=1200%2C728&ssl=1&resize=350%2C200","width":350,"height":200,"srcset":"https:\/\/i0.wp.com\/zeromagazine.mx\/wp-content\/uploads\/2025\/04\/REIIMAGINE_-Chapter-2-_-Image-1-scaled.jpg?fit=1200%2C728&ssl=1&resize=350%2C200 1x, https:\/\/i0.wp.com\/zeromagazine.mx\/wp-content\/uploads\/2025\/04\/REIIMAGINE_-Chapter-2-_-Image-1-scaled.jpg?fit=1200%2C728&ssl=1&resize=525%2C300 1.5x, https:\/\/i0.wp.com\/zeromagazine.mx\/wp-content\/uploads\/2025\/04\/REIIMAGINE_-Chapter-2-_-Image-1-scaled.jpg?fit=1200%2C728&ssl=1&resize=700%2C400 2x, https:\/\/i0.wp.com\/zeromagazine.mx\/wp-content\/uploads\/2025\/04\/REIIMAGINE_-Chapter-2-_-Image-1-scaled.jpg?fit=1200%2C728&ssl=1&resize=1050%2C600 3x"},"classes":[]},{"id":115775,"url":"https:\/\/zeromagazine.mx\/index.php\/2026\/02\/22\/denim-reciclado-art-week-levis\/","url_meta":{"origin":108348,"position":1},"title":"Denim reciclado florece en Art Week","author":"zeromagazinemx","date":"22 de febrero de 2026","format":false,"excerpt":"Si pensabas que la mezclilla solo viv\u00eda en tus jeans favoritos, Art Week M\u00e9xico acaba de probar lo contrario. Este a\u00f1o, Levi\u2019s\u00ae decidi\u00f3 llevar su ADN fuera del cl\u00f3set y directo al terreno del arte contempor\u00e1neo con una colaboraci\u00f3n inesperada junto al estudio artesanal Olmos y Flores y la galer\u00eda\u2026","rel":"","context":"En \u00abDise\u00f1o\u00bb","block_context":{"text":"Dise\u00f1o","link":"https:\/\/zeromagazine.mx\/index.php\/category\/diseno\/"},"img":{"alt_text":"","src":"https:\/\/i0.wp.com\/zeromagazine.mx\/wp-content\/uploads\/2026\/02\/1000052929.png?resize=350%2C200&ssl=1","width":350,"height":200},"classes":[]},{"id":116099,"url":"https:\/\/zeromagazine.mx\/index.php\/2026\/03\/01\/levis-blue-tab-denim-primavera-verano-2026\/","url_meta":{"origin":108348,"position":2},"title":"Levi\u2019s Blue Tab redefine el denim","author":"zeromagazinemx","date":"1 de marzo de 2026","format":false,"excerpt":"Hay colecciones que se sienten como un mood y otras que directamente cambian la conversaci\u00f3n. Levi\u2019s Blue Tab entra en la segunda categor\u00eda. Esta propuesta Primavera\/Verano 2026 toma todo lo que amamos del denim historia, actitud, autenticidad y lo pasa por un filtro ultra refinado que se siente actual, cool\u2026","rel":"","context":"En \u00abModa\u00bb","block_context":{"text":"Moda","link":"https:\/\/zeromagazine.mx\/index.php\/category\/moda\/"},"img":{"alt_text":"","src":"https:\/\/i0.wp.com\/zeromagazine.mx\/wp-content\/uploads\/2026\/03\/1000053895.png?resize=350%2C200&ssl=1","width":350,"height":200},"classes":[]},{"id":116220,"url":"https:\/\/zeromagazine.mx\/index.php\/2026\/03\/03\/levis-x-jordan-2026-air-jordan-3-coleccion\/","url_meta":{"origin":108348,"position":3},"title":"Levi\u2019s x Jordan 2026 Drop","author":"zeromagazinemx","date":"3 de marzo de 2026","format":false,"excerpt":"Cuando dos leyendas deciden unir fuerzas, no se trata solo de hype: se trata de historia, cultura y legado. La nueva colaboraci\u00f3n entre Levi's y Jordan Brand no llega para ser \u201cotra collab m\u00e1s\u201d, llega para recordarnos por qu\u00e9 el denim y el b\u00e1squet siempre han hablado el mismo idioma.\u2026","rel":"","context":"En \u00abModa\u00bb","block_context":{"text":"Moda","link":"https:\/\/zeromagazine.mx\/index.php\/category\/moda\/"},"img":{"alt_text":"","src":"https:\/\/i0.wp.com\/zeromagazine.mx\/wp-content\/uploads\/2026\/03\/SP26_Energy_LevisCollab_Look1_H2T_SLee_0018-scaled.jpg?fit=796%2C1200&ssl=1&resize=350%2C200","width":350,"height":200,"srcset":"https:\/\/i0.wp.com\/zeromagazine.mx\/wp-content\/uploads\/2026\/03\/SP26_Energy_LevisCollab_Look1_H2T_SLee_0018-scaled.jpg?fit=796%2C1200&ssl=1&resize=350%2C200 1x, https:\/\/i0.wp.com\/zeromagazine.mx\/wp-content\/uploads\/2026\/03\/SP26_Energy_LevisCollab_Look1_H2T_SLee_0018-scaled.jpg?fit=796%2C1200&ssl=1&resize=525%2C300 1.5x, https:\/\/i0.wp.com\/zeromagazine.mx\/wp-content\/uploads\/2026\/03\/SP26_Energy_LevisCollab_Look1_H2T_SLee_0018-scaled.jpg?fit=796%2C1200&ssl=1&resize=700%2C400 2x"},"classes":[]},{"id":113980,"url":"https:\/\/zeromagazine.mx\/index.php\/2026\/01\/22\/levis-x-jordan-colaboracion-streetwear\/","url_meta":{"origin":108348,"position":4},"title":"Levi\u2019s x Jordan redefine el streetwear","author":"Luis Trujano","date":"22 de enero de 2026","format":false,"excerpt":"Cuando dos leyendas se cruzan, no es solo una colaboraci\u00f3n: es un momento cultural. Levi\u2019s x Jordan llega para recordarnos que el estilo aut\u00e9ntico nace en la calle, se nutre del deporte y se convierte en identidad. Esta uni\u00f3n no busca nostalgia f\u00e1cil, sino reinterpretar c\u00f3digos cl\u00e1sicos desde un lugar\u2026","rel":"","context":"En \u00abModa\u00bb","block_context":{"text":"Moda","link":"https:\/\/zeromagazine.mx\/index.php\/category\/moda\/"},"img":{"alt_text":"","src":"https:\/\/i0.wp.com\/zeromagazine.mx\/wp-content\/uploads\/2026\/01\/IMG_6358.png?resize=350%2C200&ssl=1","width":350,"height":200},"classes":[]},{"id":115820,"url":"https:\/\/zeromagazine.mx\/index.php\/2026\/02\/23\/el-malilla-levis-palacio-de-los-deportes\/","url_meta":{"origin":108348,"position":5},"title":"El Malilla Levi\u2019s hist\u00f3rico","author":"Luis Trujano","date":"23 de febrero de 2026","format":false,"excerpt":"Cuando el reggaet\u00f3n mexicano hace historia, tambi\u00e9n se viste para el momento. El Malilla Levi\u2019s no es solo una combinaci\u00f3n de nombre y marca: es el resumen perfecto de una noche que marc\u00f3 un antes y un despu\u00e9s en la m\u00fasica urbana nacional. El sold out en el Palacio de\u2026","rel":"","context":"En \u00abModa\u00bb","block_context":{"text":"Moda","link":"https:\/\/zeromagazine.mx\/index.php\/category\/moda\/"},"img":{"alt_text":"","src":"https:\/\/i0.wp.com\/zeromagazine.mx\/wp-content\/uploads\/2026\/02\/Levis%C2%AE-x-Jordan.jpg?fit=960%2C1200&ssl=1&resize=350%2C200","width":350,"height":200,"srcset":"https:\/\/i0.wp.com\/zeromagazine.mx\/wp-content\/uploads\/2026\/02\/Levis%C2%AE-x-Jordan.jpg?fit=960%2C1200&ssl=1&resize=350%2C200 1x, https:\/\/i0.wp.com\/zeromagazine.mx\/wp-content\/uploads\/2026\/02\/Levis%C2%AE-x-Jordan.jpg?fit=960%2C1200&ssl=1&resize=525%2C300 1.5x, https:\/\/i0.wp.com\/zeromagazine.mx\/wp-content\/uploads\/2026\/02\/Levis%C2%AE-x-Jordan.jpg?fit=960%2C1200&ssl=1&resize=700%2C400 2x"},"classes":[]}],"jetpack_sharing_enabled":true,"builder_content":"","_links":{"self":[{"href":"https:\/\/zeromagazine.mx\/index.php\/wp-json\/wp\/v2\/posts\/108348","targetHints":{"allow":["GET"]}}],"collection":[{"href":"https:\/\/zeromagazine.mx\/index.php\/wp-json\/wp\/v2\/posts"}],"about":[{"href":"https:\/\/zeromagazine.mx\/index.php\/wp-json\/wp\/v2\/types\/post"}],"author":[{"embeddable":true,"href":"https:\/\/zeromagazine.mx\/index.php\/wp-json\/wp\/v2\/users\/4"}],"replies":[{"embeddable":true,"href":"https:\/\/zeromagazine.mx\/index.php\/wp-json\/wp\/v2\/comments?post=108348"}],"version-history":[{"count":4,"href":"https:\/\/zeromagazine.mx\/index.php\/wp-json\/wp\/v2\/posts\/108348\/revisions"}],"predecessor-version":[{"id":108371,"href":"https:\/\/zeromagazine.mx\/index.php\/wp-json\/wp\/v2\/posts\/108348\/revisions\/108371"}],"wp:featuredmedia":[{"embeddable":true,"href":"https:\/\/zeromagazine.mx\/index.php\/wp-json\/wp\/v2\/media\/108349"}],"wp:attachment":[{"href":"https:\/\/zeromagazine.mx\/index.php\/wp-json\/wp\/v2\/media?parent=108348"}],"wp:term":[{"taxonomy":"category","embeddable":true,"href":"https:\/\/zeromagazine.mx\/index.php\/wp-json\/wp\/v2\/categories?post=108348"},{"taxonomy":"post_tag","embeddable":true,"href":"https:\/\/zeromagazine.mx\/index.php\/wp-json\/wp\/v2\/tags?post=108348"}],"curies":[{"name":"wp","href":"https:\/\/api.w.org\/{rel}","templated":true}]}}