{"id":108398,"date":"2025-09-17T21:05:00","date_gmt":"2025-09-18T03:05:00","guid":{"rendered":"https:\/\/zeromagazine.mx\/?p=108398"},"modified":"2025-09-18T00:09:23","modified_gmt":"2025-09-18T06:09:23","slug":"amelie-in-concert-mexico-2026","status":"publish","type":"post","link":"https:\/\/zeromagazine.mx\/index.php\/2025\/09\/17\/amelie-in-concert-mexico-2026\/","title":{"rendered":"Am\u00e9lie In Concert, mi plan so\u00f1ado"},"content":{"rendered":"<!--themify_builder_content-->\n<div id=\"themify_builder_content-108398\" data-postid=\"108398\" class=\"themify_builder_content themify_builder_content-108398 themify_builder tf_clear\">\n    <\/div>\n<!--\/themify_builder_content-->\n\n\n<p>Desde que escuch\u00e9 que llega&nbsp;<strong>Am\u00e9lie In Concert<\/strong>&nbsp;al Auditorio Nacional, no dejo de pensar en lo incre\u00edble que ser\u00eda estar ah\u00ed. Siendo fan de&nbsp;<em>Le Fabuleux Destin d\u2019Am\u00e9lie Poulain<\/em>&nbsp;desde que la vi por primera vez, esta noticia me peg\u00f3 directo al coraz\u00f3n. No s\u00e9 ustedes, pero yo siempre so\u00f1\u00e9 con caminar por Montmartre con la m\u00fasica de Yann Tiersen sonando de fondo. Y ahora, la posibilidad de escuchar esa misma partitura en vivo, mientras la pel\u00edcula se proyecta en pantalla gigante\u2026 uff, siento que voy a llorar nom\u00e1s de pensarlo.<\/p>\n\n\n\n<figure class=\"wp-block-image size-full\"><img data-recalc-dims=\"1\" decoding=\"async\" width=\"1056\" height=\"703\" src=\"https:\/\/i0.wp.com\/zeromagazine.mx\/wp-content\/uploads\/2025\/09\/IMG_6066.jpeg?resize=1056%2C703&#038;ssl=1\" alt=\"\" class=\"wp-image-108401\" srcset=\"https:\/\/i0.wp.com\/zeromagazine.mx\/wp-content\/uploads\/2025\/09\/IMG_6066.jpeg?w=1056&amp;ssl=1 1056w, https:\/\/i0.wp.com\/zeromagazine.mx\/wp-content\/uploads\/2025\/09\/IMG_6066.jpeg?resize=300%2C200&amp;ssl=1 300w, https:\/\/i0.wp.com\/zeromagazine.mx\/wp-content\/uploads\/2025\/09\/IMG_6066.jpeg?resize=1024%2C682&amp;ssl=1 1024w, https:\/\/i0.wp.com\/zeromagazine.mx\/wp-content\/uploads\/2025\/09\/IMG_6066.jpeg?resize=768%2C511&amp;ssl=1 768w\" sizes=\"(max-width: 1056px) 100vw, 1056px\" \/><\/figure>\n\n\n\n<h3 class=\"wp-block-heading\">Am\u00e9lie In Concert, m\u00e1s que una pel\u00edcula<\/h3>\n\n\n\n<p>Lo que m\u00e1s me emociona es que no se trata solo de ver otra vez a Audrey Tautou transformada en la ic\u00f3nica Am\u00e9lie Poulain. Es revivir la historia con la Cinema Concert Orchestra tocando en vivo, bajo la direcci\u00f3n de Jes\u00fas Medina. Imaginen escuchar el piano y el acorde\u00f3n que nos regalaron esas melod\u00edas que se sienten como un abrazo al alma. Esa m\u00fasica que nos ense\u00f1\u00f3 que la felicidad puede estar en un detalle m\u00ednimo, en un gesto, en la magia de lo cotidiano.<\/p>\n\n\n\n<p>Adem\u00e1s, es el&nbsp;<strong>25 aniversario de Am\u00e9lie<\/strong>, lo cual lo hace a\u00fan m\u00e1s especial. Es como cerrar un c\u00edrculo: la peli que marc\u00f3 nuestra manera de ver la vida ahora regresa convertida en un evento cultural que mezcla cine, m\u00fasica y nostalgia pura. Honestamente, s\u00e9 que cuando llegue el 7 de febrero de 2026 voy a estar ah\u00ed, sentado en el Auditorio Nacional, con el coraz\u00f3n latiendo al ritmo del acorde\u00f3n y los ojos brillando con cada escena.<\/p>\n\n\n\n<figure class=\"wp-block-image size-full\"><img data-recalc-dims=\"1\" decoding=\"async\" width=\"1080\" height=\"1920\" src=\"https:\/\/i0.wp.com\/zeromagazine.mx\/wp-content\/uploads\/2025\/09\/IMG_6067.png?resize=1080%2C1920&#038;ssl=1\" alt=\"\" class=\"wp-image-108400\" srcset=\"https:\/\/i0.wp.com\/zeromagazine.mx\/wp-content\/uploads\/2025\/09\/IMG_6067.png?w=1080&amp;ssl=1 1080w, https:\/\/i0.wp.com\/zeromagazine.mx\/wp-content\/uploads\/2025\/09\/IMG_6067.png?resize=169%2C300&amp;ssl=1 169w, https:\/\/i0.wp.com\/zeromagazine.mx\/wp-content\/uploads\/2025\/09\/IMG_6067.png?resize=576%2C1024&amp;ssl=1 576w, https:\/\/i0.wp.com\/zeromagazine.mx\/wp-content\/uploads\/2025\/09\/IMG_6067.png?resize=768%2C1365&amp;ssl=1 768w, https:\/\/i0.wp.com\/zeromagazine.mx\/wp-content\/uploads\/2025\/09\/IMG_6067.png?resize=864%2C1536&amp;ssl=1 864w\" sizes=\"(max-width: 1080px) 100vw, 1080px\" \/><\/figure>\n\n\n\n<h3 class=\"wp-block-heading\">Una experiencia que necesito vivir<\/h3>\n\n\n\n<p>Yo s\u00e9 que sueno intenso, pero para m\u00ed&nbsp;<strong>Am\u00e9lie In Concert<\/strong>&nbsp;no es un simple plan, es EL plan. Ya me imagino saliendo de ah\u00ed con ganas de volver a escribir cartas, dejar notitas escondidas o mirar las cosas simples con m\u00e1s amor, como hace Am\u00e9lie. Y si no consigo boleto, se los juro que me voy a arrepentir toda la vida.<\/p>\n\n\n\n<p>As\u00ed que ya saben, amix: si tambi\u00e9n sienten que Am\u00e9lie les cambi\u00f3 la forma de ver el mundo, este es el momento de celebrarlo. Boletos a la venta desde el 19 de septiembre. Corran porque seguro vuelan, y ah\u00ed nos vemos entre acordes, recuerdos y un pedacito de Par\u00eds en CDMX.<\/p>","protected":false},"excerpt":{"rendered":"<p>Desde que escuch\u00e9 que llega&nbsp;Am\u00e9lie In Concert&nbsp;al Auditorio Nacional, no dejo de pensar en lo incre\u00edble que ser\u00eda estar ah\u00ed. Siendo fan de&nbsp;Le Fabuleux Destin d\u2019Am\u00e9lie Poulain&nbsp;desde que la vi por primera vez, esta noticia me peg\u00f3 directo al coraz\u00f3n. No s\u00e9 ustedes, pero yo siempre so\u00f1\u00e9 con caminar por Montmartre con la m\u00fasica de [&hellip;]<\/p>\n","protected":false},"author":4,"featured_media":108399,"comment_status":"open","ping_status":"open","sticky":false,"template":"","format":"standard","meta":{"_jetpack_memberships_contains_paid_content":false,"footnotes":"","jetpack_publicize_message":"","jetpack_publicize_feature_enabled":true,"jetpack_social_post_already_shared":true,"jetpack_social_options":{"image_generator_settings":{"template":"highway","default_image_id":0,"font":"","enabled":false},"version":2}},"categories":[1],"tags":[],"class_list":["post-108398","post","type-post","status-publish","format-standard","has-post-thumbnail","hentry","category-blog","has-post-title","has-post-date","has-post-category","has-post-tag","has-post-comment","has-post-author",""],"yoast_head":"<!-- This site is optimized with the Yoast SEO plugin v27.5 - https:\/\/yoast.com\/product\/yoast-seo-wordpress\/ -->\n<title>Am\u00e9lie In Concert, mi plan so\u00f1ado - Zero Magazine<\/title>\n<meta name=\"description\" content=\"Am\u00e9lie In Concert llega al Auditorio Nacional. Revive la magia del filme con m\u00fasica en vivo en su 25 aniversario.\" \/>\n<meta name=\"robots\" content=\"index, follow, max-snippet:-1, max-image-preview:large, max-video-preview:-1\" \/>\n<link rel=\"canonical\" href=\"https:\/\/zeromagazine.mx\/index.php\/2025\/09\/17\/amelie-in-concert-mexico-2026\/\" \/>\n<meta property=\"og:locale\" content=\"es_ES\" \/>\n<meta property=\"og:type\" content=\"article\" \/>\n<meta property=\"og:title\" content=\"Am\u00e9lie In Concert, mi plan so\u00f1ado - Zero Magazine\" \/>\n<meta property=\"og:description\" content=\"Am\u00e9lie In Concert llega al Auditorio Nacional. Revive la magia del filme con m\u00fasica en vivo en su 25 aniversario.\" \/>\n<meta property=\"og:url\" content=\"https:\/\/zeromagazine.mx\/index.php\/2025\/09\/17\/amelie-in-concert-mexico-2026\/\" \/>\n<meta property=\"og:site_name\" content=\"Zero Magazine\" \/>\n<meta property=\"article:published_time\" content=\"2025-09-18T03:05:00+00:00\" \/>\n<meta property=\"article:modified_time\" content=\"2025-09-18T06:09:23+00:00\" \/>\n<meta property=\"og:image\" content=\"http:\/\/zeromagazine.mx\/wp-content\/uploads\/2025\/09\/IMG_6065-1024x1024.png\" \/>\n\t<meta property=\"og:image:width\" content=\"1024\" \/>\n\t<meta property=\"og:image:height\" content=\"1024\" \/>\n\t<meta property=\"og:image:type\" content=\"image\/png\" \/>\n<meta name=\"author\" content=\"David Morales\" \/>\n<meta name=\"twitter:card\" content=\"summary_large_image\" \/>\n<meta name=\"twitter:label1\" content=\"Escrito por\" \/>\n\t<meta name=\"twitter:data1\" content=\"David Morales\" \/>\n\t<meta name=\"twitter:label2\" content=\"Tiempo de lectura\" \/>\n\t<meta name=\"twitter:data2\" content=\"3 minutos\" \/>\n<script type=\"application\/ld+json\" class=\"yoast-schema-graph\">{\"@context\":\"https:\\\/\\\/schema.org\",\"@graph\":[{\"@type\":\"Article\",\"@id\":\"https:\\\/\\\/zeromagazine.mx\\\/index.php\\\/2025\\\/09\\\/17\\\/amelie-in-concert-mexico-2026\\\/#article\",\"isPartOf\":{\"@id\":\"https:\\\/\\\/zeromagazine.mx\\\/index.php\\\/2025\\\/09\\\/17\\\/amelie-in-concert-mexico-2026\\\/\"},\"author\":{\"name\":\"David Morales\",\"@id\":\"https:\\\/\\\/zeromagazine.mx\\\/#\\\/schema\\\/person\\\/9f7f1a17c60ba8e9980e3e6677aabe5a\"},\"headline\":\"Am\u00e9lie In Concert, mi plan so\u00f1ado\",\"datePublished\":\"2025-09-18T03:05:00+00:00\",\"dateModified\":\"2025-09-18T06:09:23+00:00\",\"mainEntityOfPage\":{\"@id\":\"https:\\\/\\\/zeromagazine.mx\\\/index.php\\\/2025\\\/09\\\/17\\\/amelie-in-concert-mexico-2026\\\/\"},\"wordCount\":426,\"commentCount\":0,\"publisher\":{\"@id\":\"https:\\\/\\\/zeromagazine.mx\\\/#organization\"},\"image\":{\"@id\":\"https:\\\/\\\/zeromagazine.mx\\\/index.php\\\/2025\\\/09\\\/17\\\/amelie-in-concert-mexico-2026\\\/#primaryimage\"},\"thumbnailUrl\":\"https:\\\/\\\/i0.wp.com\\\/zeromagazine.mx\\\/wp-content\\\/uploads\\\/2025\\\/09\\\/IMG_6065.png?fit=1080%2C1080&ssl=1\",\"articleSection\":[\"Blog\"],\"inLanguage\":\"es\",\"potentialAction\":[{\"@type\":\"CommentAction\",\"name\":\"Comment\",\"target\":[\"https:\\\/\\\/zeromagazine.mx\\\/index.php\\\/2025\\\/09\\\/17\\\/amelie-in-concert-mexico-2026\\\/#respond\"]}]},{\"@type\":\"WebPage\",\"@id\":\"https:\\\/\\\/zeromagazine.mx\\\/index.php\\\/2025\\\/09\\\/17\\\/amelie-in-concert-mexico-2026\\\/\",\"url\":\"https:\\\/\\\/zeromagazine.mx\\\/index.php\\\/2025\\\/09\\\/17\\\/amelie-in-concert-mexico-2026\\\/\",\"name\":\"Am\u00e9lie In Concert, mi plan so\u00f1ado - Zero Magazine\",\"isPartOf\":{\"@id\":\"https:\\\/\\\/zeromagazine.mx\\\/#website\"},\"primaryImageOfPage\":{\"@id\":\"https:\\\/\\\/zeromagazine.mx\\\/index.php\\\/2025\\\/09\\\/17\\\/amelie-in-concert-mexico-2026\\\/#primaryimage\"},\"image\":{\"@id\":\"https:\\\/\\\/zeromagazine.mx\\\/index.php\\\/2025\\\/09\\\/17\\\/amelie-in-concert-mexico-2026\\\/#primaryimage\"},\"thumbnailUrl\":\"https:\\\/\\\/i0.wp.com\\\/zeromagazine.mx\\\/wp-content\\\/uploads\\\/2025\\\/09\\\/IMG_6065.png?fit=1080%2C1080&ssl=1\",\"datePublished\":\"2025-09-18T03:05:00+00:00\",\"dateModified\":\"2025-09-18T06:09:23+00:00\",\"description\":\"Am\u00e9lie In Concert llega al Auditorio Nacional. Revive la magia del filme con m\u00fasica en vivo en su 25 aniversario.\",\"breadcrumb\":{\"@id\":\"https:\\\/\\\/zeromagazine.mx\\\/index.php\\\/2025\\\/09\\\/17\\\/amelie-in-concert-mexico-2026\\\/#breadcrumb\"},\"inLanguage\":\"es\",\"potentialAction\":[{\"@type\":\"ReadAction\",\"target\":[\"https:\\\/\\\/zeromagazine.mx\\\/index.php\\\/2025\\\/09\\\/17\\\/amelie-in-concert-mexico-2026\\\/\"]}]},{\"@type\":\"ImageObject\",\"inLanguage\":\"es\",\"@id\":\"https:\\\/\\\/zeromagazine.mx\\\/index.php\\\/2025\\\/09\\\/17\\\/amelie-in-concert-mexico-2026\\\/#primaryimage\",\"url\":\"https:\\\/\\\/i0.wp.com\\\/zeromagazine.mx\\\/wp-content\\\/uploads\\\/2025\\\/09\\\/IMG_6065.png?fit=1080%2C1080&ssl=1\",\"contentUrl\":\"https:\\\/\\\/i0.wp.com\\\/zeromagazine.mx\\\/wp-content\\\/uploads\\\/2025\\\/09\\\/IMG_6065.png?fit=1080%2C1080&ssl=1\",\"width\":1080,\"height\":1080},{\"@type\":\"BreadcrumbList\",\"@id\":\"https:\\\/\\\/zeromagazine.mx\\\/index.php\\\/2025\\\/09\\\/17\\\/amelie-in-concert-mexico-2026\\\/#breadcrumb\",\"itemListElement\":[{\"@type\":\"ListItem\",\"position\":1,\"name\":\"Portada\",\"item\":\"https:\\\/\\\/zeromagazine.mx\\\/\"},{\"@type\":\"ListItem\",\"position\":2,\"name\":\"Am\u00e9lie In Concert, mi plan so\u00f1ado\"}]},{\"@type\":\"WebSite\",\"@id\":\"https:\\\/\\\/zeromagazine.mx\\\/#website\",\"url\":\"https:\\\/\\\/zeromagazine.mx\\\/\",\"name\":\"Zero Magazine\",\"description\":\"\",\"publisher\":{\"@id\":\"https:\\\/\\\/zeromagazine.mx\\\/#organization\"},\"potentialAction\":[{\"@type\":\"SearchAction\",\"target\":{\"@type\":\"EntryPoint\",\"urlTemplate\":\"https:\\\/\\\/zeromagazine.mx\\\/?s={search_term_string}\"},\"query-input\":{\"@type\":\"PropertyValueSpecification\",\"valueRequired\":true,\"valueName\":\"search_term_string\"}}],\"inLanguage\":\"es\"},{\"@type\":\"Organization\",\"@id\":\"https:\\\/\\\/zeromagazine.mx\\\/#organization\",\"name\":\"Zero Magazine\",\"url\":\"https:\\\/\\\/zeromagazine.mx\\\/\",\"logo\":{\"@type\":\"ImageObject\",\"inLanguage\":\"es\",\"@id\":\"https:\\\/\\\/zeromagazine.mx\\\/#\\\/schema\\\/logo\\\/image\\\/\",\"url\":\"https:\\\/\\\/i0.wp.com\\\/zeromagazine.mx\\\/wp-content\\\/uploads\\\/2025\\\/11\\\/1.jpeg?fit=1000%2C1000&ssl=1\",\"contentUrl\":\"https:\\\/\\\/i0.wp.com\\\/zeromagazine.mx\\\/wp-content\\\/uploads\\\/2025\\\/11\\\/1.jpeg?fit=1000%2C1000&ssl=1\",\"width\":1000,\"height\":1000,\"caption\":\"Zero Magazine\"},\"image\":{\"@id\":\"https:\\\/\\\/zeromagazine.mx\\\/#\\\/schema\\\/logo\\\/image\\\/\"},\"sameAs\":[\"https:\\\/\\\/instagram.com\\\/zeromagazinemx\"]},{\"@type\":\"Person\",\"@id\":\"https:\\\/\\\/zeromagazine.mx\\\/#\\\/schema\\\/person\\\/9f7f1a17c60ba8e9980e3e6677aabe5a\",\"name\":\"David Morales\",\"image\":{\"@type\":\"ImageObject\",\"inLanguage\":\"es\",\"@id\":\"https:\\\/\\\/zeromagazine.mx\\\/wp-content\\\/litespeed\\\/avatar\\\/76069d2136bfc1c37dc34815bb67ca42.jpg?ver=1776966186\",\"url\":\"https:\\\/\\\/zeromagazine.mx\\\/wp-content\\\/litespeed\\\/avatar\\\/76069d2136bfc1c37dc34815bb67ca42.jpg?ver=1776966186\",\"contentUrl\":\"https:\\\/\\\/zeromagazine.mx\\\/wp-content\\\/litespeed\\\/avatar\\\/76069d2136bfc1c37dc34815bb67ca42.jpg?ver=1776966186\",\"caption\":\"David Morales\"},\"url\":\"https:\\\/\\\/zeromagazine.mx\\\/index.php\\\/author\\\/david\\\/\"}]}<\/script>\n<!-- \/ Yoast SEO plugin. -->","yoast_head_json":{"title":"Am\u00e9lie In Concert, mi plan so\u00f1ado - Zero Magazine","description":"Am\u00e9lie In Concert llega al Auditorio Nacional. Revive la magia del filme con m\u00fasica en vivo en su 25 aniversario.","robots":{"index":"index","follow":"follow","max-snippet":"max-snippet:-1","max-image-preview":"max-image-preview:large","max-video-preview":"max-video-preview:-1"},"canonical":"https:\/\/zeromagazine.mx\/index.php\/2025\/09\/17\/amelie-in-concert-mexico-2026\/","og_locale":"es_ES","og_type":"article","og_title":"Am\u00e9lie In Concert, mi plan so\u00f1ado - Zero Magazine","og_description":"Am\u00e9lie In Concert llega al Auditorio Nacional. Revive la magia del filme con m\u00fasica en vivo en su 25 aniversario.","og_url":"https:\/\/zeromagazine.mx\/index.php\/2025\/09\/17\/amelie-in-concert-mexico-2026\/","og_site_name":"Zero Magazine","article_published_time":"2025-09-18T03:05:00+00:00","article_modified_time":"2025-09-18T06:09:23+00:00","og_image":[{"width":1024,"height":1024,"url":"http:\/\/zeromagazine.mx\/wp-content\/uploads\/2025\/09\/IMG_6065-1024x1024.png","type":"image\/png"}],"author":"David Morales","twitter_card":"summary_large_image","twitter_misc":{"Escrito por":"David Morales","Tiempo de lectura":"3 minutos"},"schema":{"@context":"https:\/\/schema.org","@graph":[{"@type":"Article","@id":"https:\/\/zeromagazine.mx\/index.php\/2025\/09\/17\/amelie-in-concert-mexico-2026\/#article","isPartOf":{"@id":"https:\/\/zeromagazine.mx\/index.php\/2025\/09\/17\/amelie-in-concert-mexico-2026\/"},"author":{"name":"David Morales","@id":"https:\/\/zeromagazine.mx\/#\/schema\/person\/9f7f1a17c60ba8e9980e3e6677aabe5a"},"headline":"Am\u00e9lie In Concert, mi plan so\u00f1ado","datePublished":"2025-09-18T03:05:00+00:00","dateModified":"2025-09-18T06:09:23+00:00","mainEntityOfPage":{"@id":"https:\/\/zeromagazine.mx\/index.php\/2025\/09\/17\/amelie-in-concert-mexico-2026\/"},"wordCount":426,"commentCount":0,"publisher":{"@id":"https:\/\/zeromagazine.mx\/#organization"},"image":{"@id":"https:\/\/zeromagazine.mx\/index.php\/2025\/09\/17\/amelie-in-concert-mexico-2026\/#primaryimage"},"thumbnailUrl":"https:\/\/i0.wp.com\/zeromagazine.mx\/wp-content\/uploads\/2025\/09\/IMG_6065.png?fit=1080%2C1080&ssl=1","articleSection":["Blog"],"inLanguage":"es","potentialAction":[{"@type":"CommentAction","name":"Comment","target":["https:\/\/zeromagazine.mx\/index.php\/2025\/09\/17\/amelie-in-concert-mexico-2026\/#respond"]}]},{"@type":"WebPage","@id":"https:\/\/zeromagazine.mx\/index.php\/2025\/09\/17\/amelie-in-concert-mexico-2026\/","url":"https:\/\/zeromagazine.mx\/index.php\/2025\/09\/17\/amelie-in-concert-mexico-2026\/","name":"Am\u00e9lie In Concert, mi plan so\u00f1ado - Zero Magazine","isPartOf":{"@id":"https:\/\/zeromagazine.mx\/#website"},"primaryImageOfPage":{"@id":"https:\/\/zeromagazine.mx\/index.php\/2025\/09\/17\/amelie-in-concert-mexico-2026\/#primaryimage"},"image":{"@id":"https:\/\/zeromagazine.mx\/index.php\/2025\/09\/17\/amelie-in-concert-mexico-2026\/#primaryimage"},"thumbnailUrl":"https:\/\/i0.wp.com\/zeromagazine.mx\/wp-content\/uploads\/2025\/09\/IMG_6065.png?fit=1080%2C1080&ssl=1","datePublished":"2025-09-18T03:05:00+00:00","dateModified":"2025-09-18T06:09:23+00:00","description":"Am\u00e9lie In Concert llega al Auditorio Nacional. Revive la magia del filme con m\u00fasica en vivo en su 25 aniversario.","breadcrumb":{"@id":"https:\/\/zeromagazine.mx\/index.php\/2025\/09\/17\/amelie-in-concert-mexico-2026\/#breadcrumb"},"inLanguage":"es","potentialAction":[{"@type":"ReadAction","target":["https:\/\/zeromagazine.mx\/index.php\/2025\/09\/17\/amelie-in-concert-mexico-2026\/"]}]},{"@type":"ImageObject","inLanguage":"es","@id":"https:\/\/zeromagazine.mx\/index.php\/2025\/09\/17\/amelie-in-concert-mexico-2026\/#primaryimage","url":"https:\/\/i0.wp.com\/zeromagazine.mx\/wp-content\/uploads\/2025\/09\/IMG_6065.png?fit=1080%2C1080&ssl=1","contentUrl":"https:\/\/i0.wp.com\/zeromagazine.mx\/wp-content\/uploads\/2025\/09\/IMG_6065.png?fit=1080%2C1080&ssl=1","width":1080,"height":1080},{"@type":"BreadcrumbList","@id":"https:\/\/zeromagazine.mx\/index.php\/2025\/09\/17\/amelie-in-concert-mexico-2026\/#breadcrumb","itemListElement":[{"@type":"ListItem","position":1,"name":"Portada","item":"https:\/\/zeromagazine.mx\/"},{"@type":"ListItem","position":2,"name":"Am\u00e9lie In Concert, mi plan so\u00f1ado"}]},{"@type":"WebSite","@id":"https:\/\/zeromagazine.mx\/#website","url":"https:\/\/zeromagazine.mx\/","name":"Zero Magazine","description":"","publisher":{"@id":"https:\/\/zeromagazine.mx\/#organization"},"potentialAction":[{"@type":"SearchAction","target":{"@type":"EntryPoint","urlTemplate":"https:\/\/zeromagazine.mx\/?s={search_term_string}"},"query-input":{"@type":"PropertyValueSpecification","valueRequired":true,"valueName":"search_term_string"}}],"inLanguage":"es"},{"@type":"Organization","@id":"https:\/\/zeromagazine.mx\/#organization","name":"Zero Magazine","url":"https:\/\/zeromagazine.mx\/","logo":{"@type":"ImageObject","inLanguage":"es","@id":"https:\/\/zeromagazine.mx\/#\/schema\/logo\/image\/","url":"https:\/\/i0.wp.com\/zeromagazine.mx\/wp-content\/uploads\/2025\/11\/1.jpeg?fit=1000%2C1000&ssl=1","contentUrl":"https:\/\/i0.wp.com\/zeromagazine.mx\/wp-content\/uploads\/2025\/11\/1.jpeg?fit=1000%2C1000&ssl=1","width":1000,"height":1000,"caption":"Zero Magazine"},"image":{"@id":"https:\/\/zeromagazine.mx\/#\/schema\/logo\/image\/"},"sameAs":["https:\/\/instagram.com\/zeromagazinemx"]},{"@type":"Person","@id":"https:\/\/zeromagazine.mx\/#\/schema\/person\/9f7f1a17c60ba8e9980e3e6677aabe5a","name":"David Morales","image":{"@type":"ImageObject","inLanguage":"es","@id":"https:\/\/zeromagazine.mx\/wp-content\/litespeed\/avatar\/76069d2136bfc1c37dc34815bb67ca42.jpg?ver=1776966186","url":"https:\/\/zeromagazine.mx\/wp-content\/litespeed\/avatar\/76069d2136bfc1c37dc34815bb67ca42.jpg?ver=1776966186","contentUrl":"https:\/\/zeromagazine.mx\/wp-content\/litespeed\/avatar\/76069d2136bfc1c37dc34815bb67ca42.jpg?ver=1776966186","caption":"David Morales"},"url":"https:\/\/zeromagazine.mx\/index.php\/author\/david\/"}]}},"jetpack_publicize_connections":[],"jetpack_featured_media_url":"https:\/\/i0.wp.com\/zeromagazine.mx\/wp-content\/uploads\/2025\/09\/IMG_6065.png?fit=1080%2C1080&ssl=1","jetpack-related-posts":[{"id":112187,"url":"https:\/\/zeromagazine.mx\/index.php\/2025\/12\/26\/cinema-concert-club-mexico\/","url_meta":{"origin":108398,"position":0},"title":"Llega a Monterrey y CDMX La La Land, Am\u00e9lie y Coraline in Concert este 2026","author":"David Morales","date":"26 de diciembre de 2025","format":false,"excerpt":"Cinema Concert Club en M\u00e9xico El cine ya no solo se ve, ahora tambi\u00e9n se siente en el cuerpo.\u00a0Cinema Concert Club\u00a0arranca el 2026 llevando a Monterrey y Ciudad de M\u00e9xico una experiencia que mezcla lo mejor de dos mundos: pel\u00edculas ic\u00f3nicas proyectadas en pantalla gigante y su m\u00fasica interpretada completamente\u2026","rel":"","context":"En \u00abCine\u00bb","block_context":{"text":"Cine","link":"https:\/\/zeromagazine.mx\/index.php\/category\/entretenimiento\/cine\/"},"img":{"alt_text":"","src":"https:\/\/i0.wp.com\/zeromagazine.mx\/wp-content\/uploads\/2025\/12\/IMG_0674.jpeg?fit=1172%2C1200&ssl=1&resize=350%2C200","width":350,"height":200,"srcset":"https:\/\/i0.wp.com\/zeromagazine.mx\/wp-content\/uploads\/2025\/12\/IMG_0674.jpeg?fit=1172%2C1200&ssl=1&resize=350%2C200 1x, https:\/\/i0.wp.com\/zeromagazine.mx\/wp-content\/uploads\/2025\/12\/IMG_0674.jpeg?fit=1172%2C1200&ssl=1&resize=525%2C300 1.5x, https:\/\/i0.wp.com\/zeromagazine.mx\/wp-content\/uploads\/2025\/12\/IMG_0674.jpeg?fit=1172%2C1200&ssl=1&resize=700%2C400 2x, https:\/\/i0.wp.com\/zeromagazine.mx\/wp-content\/uploads\/2025\/12\/IMG_0674.jpeg?fit=1172%2C1200&ssl=1&resize=1050%2C600 3x"},"classes":[]},{"id":113832,"url":"https:\/\/zeromagazine.mx\/index.php\/2026\/01\/21\/avatar-live-in-concert-bogota\/","url_meta":{"origin":108398,"position":1},"title":"AVATAR LIVE IN CONCERT: LA M\u00daSICA QUE CONSTRUY\u00d3 EL ALMA DE LA SAGA LLEGA EN VIVO A BOGOT\u00c1","author":"David Morales","date":"21 de enero de 2026","format":false,"excerpt":"Hay pel\u00edculas que se recuerdan por sus escenas y otras que se sienten por su m\u00fasica.\u00a0Avatar Live In Concert\u00a0pertenece a esa segunda categor\u00eda: una experiencia donde el sonido no acompa\u00f1a la historia, la construye. Ahora, esa conexi\u00f3n profunda entre imagen y emoci\u00f3n llega a Colombia en un formato que promete\u2026","rel":"","context":"En \u00abBlog\u00bb","block_context":{"text":"Blog","link":"https:\/\/zeromagazine.mx\/index.php\/category\/blog\/"},"img":{"alt_text":"","src":"https:\/\/i0.wp.com\/zeromagazine.mx\/wp-content\/uploads\/2026\/01\/AVTR-536.jpeg?fit=1200%2C675&ssl=1&resize=350%2C200","width":350,"height":200,"srcset":"https:\/\/i0.wp.com\/zeromagazine.mx\/wp-content\/uploads\/2026\/01\/AVTR-536.jpeg?fit=1200%2C675&ssl=1&resize=350%2C200 1x, https:\/\/i0.wp.com\/zeromagazine.mx\/wp-content\/uploads\/2026\/01\/AVTR-536.jpeg?fit=1200%2C675&ssl=1&resize=525%2C300 1.5x, https:\/\/i0.wp.com\/zeromagazine.mx\/wp-content\/uploads\/2026\/01\/AVTR-536.jpeg?fit=1200%2C675&ssl=1&resize=700%2C400 2x, https:\/\/i0.wp.com\/zeromagazine.mx\/wp-content\/uploads\/2026\/01\/AVTR-536.jpeg?fit=1200%2C675&ssl=1&resize=1050%2C600 3x"},"classes":[]},{"id":89524,"url":"https:\/\/zeromagazine.mx\/index.php\/2024\/11\/06\/studio-ghibli-en-vivo-imperdible\/","url_meta":{"origin":108398,"position":2},"title":"\u00abStudio Ghibli en Vivo: Imperdible\u00bb","author":"zeromagazinemx","date":"6 de noviembre de 2024","format":false,"excerpt":"Si eres de los que se vuelve loco por todo lo de Studio Ghibli, o si la m\u00fasica en vivo te pone la piel chinita, tienes que agendar\u00a0noviembre y diciembre\u00a0porque se vienen unos eventazos en la CDMX que, literal, no te puedes perder. Disfruta de tus pel\u00edculas de animaci\u00f3n favoritas\u2026","rel":"","context":"En \u00abCultura\u00bb","block_context":{"text":"Cultura","link":"https:\/\/zeromagazine.mx\/index.php\/category\/cultura\/"},"img":{"alt_text":"","src":"https:\/\/i0.wp.com\/zeromagazine.mx\/wp-content\/uploads\/2024\/11\/Captura-de-pantalla-2024-11-06-a-las-13.21.44.png?fit=1200%2C791&ssl=1&resize=350%2C200","width":350,"height":200,"srcset":"https:\/\/i0.wp.com\/zeromagazine.mx\/wp-content\/uploads\/2024\/11\/Captura-de-pantalla-2024-11-06-a-las-13.21.44.png?fit=1200%2C791&ssl=1&resize=350%2C200 1x, https:\/\/i0.wp.com\/zeromagazine.mx\/wp-content\/uploads\/2024\/11\/Captura-de-pantalla-2024-11-06-a-las-13.21.44.png?fit=1200%2C791&ssl=1&resize=525%2C300 1.5x, https:\/\/i0.wp.com\/zeromagazine.mx\/wp-content\/uploads\/2024\/11\/Captura-de-pantalla-2024-11-06-a-las-13.21.44.png?fit=1200%2C791&ssl=1&resize=700%2C400 2x, https:\/\/i0.wp.com\/zeromagazine.mx\/wp-content\/uploads\/2024\/11\/Captura-de-pantalla-2024-11-06-a-las-13.21.44.png?fit=1200%2C791&ssl=1&resize=1050%2C600 3x"},"classes":[]},{"id":114302,"url":"https:\/\/zeromagazine.mx\/index.php\/2026\/01\/28\/sala-de-arte-cinepolis-febrero-2026\/","url_meta":{"origin":108398,"position":3},"title":"Sala de Arte Cin\u00e9polis: Febrero Imperdible","author":"zeromagazinemx","date":"28 de enero de 2026","format":false,"excerpt":"Febrero se siente como ese mes donde el cine se pone intenso, art\u00edstico y emocional, y Sala de Arte Cin\u00e9polis llega justo con la vibra correcta: pel\u00edculas internacionales que no solo entretienen, sino que te dejan pensando, cuestionando y, a veces, llorando en silencio. Si te gusta el cine que\u2026","rel":"","context":"En \u00abCine\u00bb","block_context":{"text":"Cine","link":"https:\/\/zeromagazine.mx\/index.php\/category\/entretenimiento\/cine\/"},"img":{"alt_text":"","src":"https:\/\/i0.wp.com\/zeromagazine.mx\/wp-content\/uploads\/2026\/01\/image002-2.jpg?resize=350%2C200","width":350,"height":200},"classes":[]},{"id":87439,"url":"https:\/\/zeromagazine.mx\/index.php\/2024\/10\/18\/jbl-stage-2-sonido-sin-limites\/","url_meta":{"origin":108398,"position":4},"title":"JBL Stage 2: Sonido Sin L\u00edmites","author":"zeromagazinemx","date":"18 de octubre de 2024","format":false,"excerpt":"\u00bfAlguna vez te has preguntado por qu\u00e9 el sonido es tan importante cuando ves una pel\u00edcula o escuchas m\u00fasica? O sea, no es lo mismo ver tu pel\u00edcula favorita con un sonido mediocre que tener un sistema de audio que te haga sentir como si estuvieras en el cine, \u00bfverdad?\u2026","rel":"","context":"En \u00abTech\u00bb","block_context":{"text":"Tech","link":"https:\/\/zeromagazine.mx\/index.php\/category\/tech\/"},"img":{"alt_text":"","src":"https:\/\/i0.wp.com\/zeromagazine.mx\/wp-content\/uploads\/2024\/10\/LS_JBL_MA-and-Stage2_9.1.2-Surround-Sound-System-With-Dolby-Atmos-Height-Channels-scaled.jpg?fit=1200%2C675&ssl=1&resize=350%2C200","width":350,"height":200,"srcset":"https:\/\/i0.wp.com\/zeromagazine.mx\/wp-content\/uploads\/2024\/10\/LS_JBL_MA-and-Stage2_9.1.2-Surround-Sound-System-With-Dolby-Atmos-Height-Channels-scaled.jpg?fit=1200%2C675&ssl=1&resize=350%2C200 1x, https:\/\/i0.wp.com\/zeromagazine.mx\/wp-content\/uploads\/2024\/10\/LS_JBL_MA-and-Stage2_9.1.2-Surround-Sound-System-With-Dolby-Atmos-Height-Channels-scaled.jpg?fit=1200%2C675&ssl=1&resize=525%2C300 1.5x, https:\/\/i0.wp.com\/zeromagazine.mx\/wp-content\/uploads\/2024\/10\/LS_JBL_MA-and-Stage2_9.1.2-Surround-Sound-System-With-Dolby-Atmos-Height-Channels-scaled.jpg?fit=1200%2C675&ssl=1&resize=700%2C400 2x, https:\/\/i0.wp.com\/zeromagazine.mx\/wp-content\/uploads\/2024\/10\/LS_JBL_MA-and-Stage2_9.1.2-Surround-Sound-System-With-Dolby-Atmos-Height-Channels-scaled.jpg?fit=1200%2C675&ssl=1&resize=1050%2C600 3x"},"classes":[]},{"id":113386,"url":"https:\/\/zeromagazine.mx\/index.php\/2026\/01\/15\/el-jardin-que-sonamos-berlinale-estreno\/","url_meta":{"origin":108398,"position":5},"title":"El jard\u00edn que so\u00f1amos: estreno total","author":"zeromagazinemx","date":"15 de enero de 2026","format":false,"excerpt":"La pel\u00edcula mexicana que est\u00e1 conquistando Berl\u00edn Cuando una historia atraviesa fronteras, corazones y monta\u00f1as enteras para llegar a brillar en pantallas internacionales, sabes que algo especial viene en camino. Eso es justo lo que est\u00e1 pasando con El jard\u00edn que so\u00f1amos, la nueva pel\u00edcula del director mexicano Joaqu\u00edn del\u2026","rel":"","context":"En \u00abCine\u00bb","block_context":{"text":"Cine","link":"https:\/\/zeromagazine.mx\/index.php\/category\/entretenimiento\/cine\/"},"img":{"alt_text":"","src":"https:\/\/i0.wp.com\/zeromagazine.mx\/wp-content\/uploads\/2026\/01\/unnamed-6-1.png?fit=1200%2C692&ssl=1&resize=350%2C200","width":350,"height":200,"srcset":"https:\/\/i0.wp.com\/zeromagazine.mx\/wp-content\/uploads\/2026\/01\/unnamed-6-1.png?fit=1200%2C692&ssl=1&resize=350%2C200 1x, https:\/\/i0.wp.com\/zeromagazine.mx\/wp-content\/uploads\/2026\/01\/unnamed-6-1.png?fit=1200%2C692&ssl=1&resize=525%2C300 1.5x, https:\/\/i0.wp.com\/zeromagazine.mx\/wp-content\/uploads\/2026\/01\/unnamed-6-1.png?fit=1200%2C692&ssl=1&resize=700%2C400 2x, https:\/\/i0.wp.com\/zeromagazine.mx\/wp-content\/uploads\/2026\/01\/unnamed-6-1.png?fit=1200%2C692&ssl=1&resize=1050%2C600 3x"},"classes":[]}],"jetpack_sharing_enabled":true,"builder_content":"","_links":{"self":[{"href":"https:\/\/zeromagazine.mx\/index.php\/wp-json\/wp\/v2\/posts\/108398","targetHints":{"allow":["GET"]}}],"collection":[{"href":"https:\/\/zeromagazine.mx\/index.php\/wp-json\/wp\/v2\/posts"}],"about":[{"href":"https:\/\/zeromagazine.mx\/index.php\/wp-json\/wp\/v2\/types\/post"}],"author":[{"embeddable":true,"href":"https:\/\/zeromagazine.mx\/index.php\/wp-json\/wp\/v2\/users\/4"}],"replies":[{"embeddable":true,"href":"https:\/\/zeromagazine.mx\/index.php\/wp-json\/wp\/v2\/comments?post=108398"}],"version-history":[{"count":1,"href":"https:\/\/zeromagazine.mx\/index.php\/wp-json\/wp\/v2\/posts\/108398\/revisions"}],"predecessor-version":[{"id":108402,"href":"https:\/\/zeromagazine.mx\/index.php\/wp-json\/wp\/v2\/posts\/108398\/revisions\/108402"}],"wp:featuredmedia":[{"embeddable":true,"href":"https:\/\/zeromagazine.mx\/index.php\/wp-json\/wp\/v2\/media\/108399"}],"wp:attachment":[{"href":"https:\/\/zeromagazine.mx\/index.php\/wp-json\/wp\/v2\/media?parent=108398"}],"wp:term":[{"taxonomy":"category","embeddable":true,"href":"https:\/\/zeromagazine.mx\/index.php\/wp-json\/wp\/v2\/categories?post=108398"},{"taxonomy":"post_tag","embeddable":true,"href":"https:\/\/zeromagazine.mx\/index.php\/wp-json\/wp\/v2\/tags?post=108398"}],"curies":[{"name":"wp","href":"https:\/\/api.w.org\/{rel}","templated":true}]}}