{"id":108404,"date":"2025-09-18T07:35:47","date_gmt":"2025-09-18T13:35:47","guid":{"rendered":"https:\/\/zeromagazine.mx\/?p=108404"},"modified":"2025-09-18T07:35:49","modified_gmt":"2025-09-18T13:35:49","slug":"mexico-y-el-comercio-electronico-2025","status":"publish","type":"post","link":"https:\/\/zeromagazine.mx\/index.php\/2025\/09\/18\/mexico-y-el-comercio-electronico-2025\/","title":{"rendered":"M\u00e9xico y el comercio electr\u00f3nico: la nueva era digital"},"content":{"rendered":"<p class=\"p1\">Amix, cada vez que reviso los reportes de consumo digital, me sorprendo m\u00e1s: M\u00e9xico y el comercio electr\u00f3nico ya no son promesa, son realidad. Nuestro pa\u00eds se est\u00e1 consolidando como potencia digital en Latinoam\u00e9rica, y los n\u00fameros lo dejan clar\u00edsimo. Seg\u00fan el \u00faltimo informe de Netquest 2025, \u00a1el 76% de los internautas mexicanos compraron ropa online en el \u00faltimo a\u00f1o! Y no se quedaron ah\u00ed: accesorios (58%) y calzado (56%) tambi\u00e9n lideran la lista. B\u00e1sicamente, la moda es la reina de este boom.<\/p>\n\n\n\n<figure class=\"wp-block-image size-large\"><img data-recalc-dims=\"1\" decoding=\"async\" width=\"1024\" height=\"682\" src=\"https:\/\/i0.wp.com\/zeromagazine.mx\/wp-content\/uploads\/2025\/09\/gt-2024-1024x682.jpg?resize=1024%2C682&#038;ssl=1\" class=\"wp-image-108403\" srcset=\"https:\/\/i0.wp.com\/zeromagazine.mx\/wp-content\/uploads\/2025\/09\/gt-2024.jpg?resize=1024%2C682&amp;ssl=1 1024w, https:\/\/i0.wp.com\/zeromagazine.mx\/wp-content\/uploads\/2025\/09\/gt-2024.jpg?resize=300%2C200&amp;ssl=1 300w, https:\/\/i0.wp.com\/zeromagazine.mx\/wp-content\/uploads\/2025\/09\/gt-2024.jpg?resize=768%2C512&amp;ssl=1 768w, https:\/\/i0.wp.com\/zeromagazine.mx\/wp-content\/uploads\/2025\/09\/gt-2024.jpg?resize=1536%2C1024&amp;ssl=1 1536w, https:\/\/i0.wp.com\/zeromagazine.mx\/wp-content\/uploads\/2025\/09\/gt-2024.jpg?w=2000&amp;ssl=1 2000w\" sizes=\"(max-width: 1024px) 100vw, 1024px\" \/><\/figure>\n\n\n\n<h2 class=\"wp-block-heading\">M\u00e9xico y el comercio electr\u00f3nico: moda, plataformas y futuro<\/h2>\n\n\n\n<p class=\"p1\">La AMVO report\u00f3 que en 2024 el e-commerce en M\u00e9xico alcanz\u00f3 un valor de 658 mil millones de pesos, un 24% m\u00e1s que el a\u00f1o anterior. Eso nos pone como el segundo mercado digital m\u00e1s grande de la regi\u00f3n, justo detr\u00e1s de Brasil. Y si lo piensas, es l\u00f3gico: entre Amazon, Mercado Libre y Shein nos est\u00e1n marcando c\u00f3mo comprar, cu\u00e1ndo y hasta qu\u00e9 tan trendy nos sentimos.<\/p>\n\n\n\n<p class=\"p1\">Lo m\u00e1s loco es que Shein encabeza la recordaci\u00f3n espont\u00e1nea (53%), mientras que Liverpool y Amazon siguen firmes con m\u00e1s del 80% en conocimiento sugerido. Y ojo con Temu, que apenas aterriz\u00f3 y ya rebas\u00f3 el 70% de recordaci\u00f3n sugerida. O sea, los nuevos jugadores entran con todo.<\/p>\n\n\n\n<p class=\"p1\">Pero no todo es perfecto: un 15% de la gente todav\u00eda no conf\u00eda del todo en las plataformas, y un 27% dice no conocer tiendas especializadas de moda de segunda mano. Aunque ah\u00ed est\u00e1 la oportunidad m\u00e1s hot: \u00a1el 73% estar\u00eda dispuesto a vender sus cosas online si el proceso fuera simple! Eso pinta para que la econom\u00eda circular explote en digital.<\/p>\n\n\n\n<h2 class=\"wp-block-heading\">Lo que viene para nuestra generaci\u00f3n<\/h2>\n\n\n\n<p class=\"p1\">Como dice Aloma Garc\u00eda de GoTrendier, la fuerza est\u00e1 en nosotrxs: m\u00e1s del 70% de los compradores digitales en M\u00e9xico tienen entre 18 y 34 a\u00f1os. Lo que buscamos es obvio: conveniencia, precios competitivos y variedad infinita. Y eso convierte a M\u00e9xico en un verdadero laboratorio de c\u00f3mo se consume hoy en d\u00eda.<\/p>\n\n\n\n<p class=\"p1\">Yo lo veo clar\u00edsimo: M\u00e9xico y el comercio electr\u00f3nico no solo est\u00e1n creciendo, est\u00e1n redefiniendo la forma en la que vivimos la moda, el shopping y hasta la forma en la que valoramos nuestras cosas. Desde los b\u00e1sicos de Shein hasta el hype de Temu o el comfort de Amazon, cada compra en l\u00ednea se siente como parte de un futuro que ya es presente.<\/p>\n <!--themify_builder_content-->\n<div id=\"themify_builder_content-108404\" data-postid=\"108404\" class=\"themify_builder_content themify_builder_content-108404 themify_builder tf_clear\">\n    <\/div>\n<!--\/themify_builder_content-->","protected":false},"excerpt":{"rendered":"<p>Amix, cada vez que reviso los reportes de consumo digital, me sorprendo m\u00e1s: M\u00e9xico y el comercio electr\u00f3nico ya no son promesa, son realidad. Nuestro pa\u00eds se est\u00e1 consolidando como potencia digital en Latinoam\u00e9rica, y los n\u00fameros lo dejan clar\u00edsimo. Seg\u00fan el \u00faltimo informe de Netquest 2025, \u00a1el 76% de los internautas mexicanos compraron ropa [&hellip;]<\/p>\n","protected":false},"author":4,"featured_media":108403,"comment_status":"open","ping_status":"open","sticky":false,"template":"","format":"standard","meta":{"_jetpack_memberships_contains_paid_content":false,"footnotes":"","jetpack_publicize_message":"","jetpack_publicize_feature_enabled":true,"jetpack_social_post_already_shared":true,"jetpack_social_options":{"image_generator_settings":{"template":"highway","default_image_id":0,"font":"","enabled":false},"version":2}},"categories":[1],"tags":[],"class_list":["post-108404","post","type-post","status-publish","format-standard","has-post-thumbnail","hentry","category-blog","has-post-title","has-post-date","has-post-category","has-post-tag","has-post-comment","has-post-author",""],"yoast_head":"<!-- This site is optimized with the Yoast SEO plugin v27.5 - https:\/\/yoast.com\/product\/yoast-seo-wordpress\/ -->\n<title>M\u00e9xico y el comercio electr\u00f3nico: la nueva era digital - Zero Magazine<\/title>\n<meta name=\"description\" content=\"M\u00e9xico y el comercio electr\u00f3nico crecen con fuerza: moda, marketplaces y econom\u00eda circular impulsan al pa\u00eds como potencia digital en Latam.\" \/>\n<meta name=\"robots\" content=\"index, follow, max-snippet:-1, max-image-preview:large, max-video-preview:-1\" \/>\n<link rel=\"canonical\" href=\"https:\/\/zeromagazine.mx\/index.php\/2025\/09\/18\/mexico-y-el-comercio-electronico-2025\/\" \/>\n<meta property=\"og:locale\" content=\"es_ES\" \/>\n<meta property=\"og:type\" content=\"article\" \/>\n<meta property=\"og:title\" content=\"M\u00e9xico y el comercio electr\u00f3nico: la nueva era digital - Zero Magazine\" \/>\n<meta property=\"og:description\" content=\"M\u00e9xico y el comercio electr\u00f3nico crecen con fuerza: moda, marketplaces y econom\u00eda circular impulsan al pa\u00eds como potencia digital en Latam.\" \/>\n<meta property=\"og:url\" content=\"https:\/\/zeromagazine.mx\/index.php\/2025\/09\/18\/mexico-y-el-comercio-electronico-2025\/\" \/>\n<meta property=\"og:site_name\" content=\"Zero Magazine\" \/>\n<meta property=\"article:published_time\" content=\"2025-09-18T13:35:47+00:00\" \/>\n<meta property=\"article:modified_time\" content=\"2025-09-18T13:35:49+00:00\" \/>\n<meta property=\"og:image\" content=\"http:\/\/zeromagazine.mx\/wp-content\/uploads\/2025\/09\/gt-2024.jpg\" \/>\n\t<meta property=\"og:image:width\" content=\"2000\" \/>\n\t<meta property=\"og:image:height\" content=\"1333\" \/>\n\t<meta property=\"og:image:type\" content=\"image\/jpeg\" \/>\n<meta name=\"author\" content=\"David Morales\" \/>\n<meta name=\"twitter:card\" content=\"summary_large_image\" \/>\n<meta name=\"twitter:label1\" content=\"Escrito por\" \/>\n\t<meta name=\"twitter:data1\" content=\"David Morales\" \/>\n\t<meta name=\"twitter:label2\" content=\"Tiempo de lectura\" \/>\n\t<meta name=\"twitter:data2\" content=\"3 minutos\" \/>\n<script type=\"application\/ld+json\" class=\"yoast-schema-graph\">{\"@context\":\"https:\\\/\\\/schema.org\",\"@graph\":[{\"@type\":\"Article\",\"@id\":\"https:\\\/\\\/zeromagazine.mx\\\/index.php\\\/2025\\\/09\\\/18\\\/mexico-y-el-comercio-electronico-2025\\\/#article\",\"isPartOf\":{\"@id\":\"https:\\\/\\\/zeromagazine.mx\\\/index.php\\\/2025\\\/09\\\/18\\\/mexico-y-el-comercio-electronico-2025\\\/\"},\"author\":{\"name\":\"David Morales\",\"@id\":\"https:\\\/\\\/zeromagazine.mx\\\/#\\\/schema\\\/person\\\/9f7f1a17c60ba8e9980e3e6677aabe5a\"},\"headline\":\"M\u00e9xico y el comercio electr\u00f3nico: la nueva era digital\",\"datePublished\":\"2025-09-18T13:35:47+00:00\",\"dateModified\":\"2025-09-18T13:35:49+00:00\",\"mainEntityOfPage\":{\"@id\":\"https:\\\/\\\/zeromagazine.mx\\\/index.php\\\/2025\\\/09\\\/18\\\/mexico-y-el-comercio-electronico-2025\\\/\"},\"wordCount\":437,\"commentCount\":0,\"publisher\":{\"@id\":\"https:\\\/\\\/zeromagazine.mx\\\/#organization\"},\"image\":{\"@id\":\"https:\\\/\\\/zeromagazine.mx\\\/index.php\\\/2025\\\/09\\\/18\\\/mexico-y-el-comercio-electronico-2025\\\/#primaryimage\"},\"thumbnailUrl\":\"https:\\\/\\\/i0.wp.com\\\/zeromagazine.mx\\\/wp-content\\\/uploads\\\/2025\\\/09\\\/gt-2024.jpg?fit=2000%2C1333&ssl=1\",\"articleSection\":[\"Blog\"],\"inLanguage\":\"es\",\"potentialAction\":[{\"@type\":\"CommentAction\",\"name\":\"Comment\",\"target\":[\"https:\\\/\\\/zeromagazine.mx\\\/index.php\\\/2025\\\/09\\\/18\\\/mexico-y-el-comercio-electronico-2025\\\/#respond\"]}]},{\"@type\":\"WebPage\",\"@id\":\"https:\\\/\\\/zeromagazine.mx\\\/index.php\\\/2025\\\/09\\\/18\\\/mexico-y-el-comercio-electronico-2025\\\/\",\"url\":\"https:\\\/\\\/zeromagazine.mx\\\/index.php\\\/2025\\\/09\\\/18\\\/mexico-y-el-comercio-electronico-2025\\\/\",\"name\":\"M\u00e9xico y el comercio electr\u00f3nico: la nueva era digital - Zero Magazine\",\"isPartOf\":{\"@id\":\"https:\\\/\\\/zeromagazine.mx\\\/#website\"},\"primaryImageOfPage\":{\"@id\":\"https:\\\/\\\/zeromagazine.mx\\\/index.php\\\/2025\\\/09\\\/18\\\/mexico-y-el-comercio-electronico-2025\\\/#primaryimage\"},\"image\":{\"@id\":\"https:\\\/\\\/zeromagazine.mx\\\/index.php\\\/2025\\\/09\\\/18\\\/mexico-y-el-comercio-electronico-2025\\\/#primaryimage\"},\"thumbnailUrl\":\"https:\\\/\\\/i0.wp.com\\\/zeromagazine.mx\\\/wp-content\\\/uploads\\\/2025\\\/09\\\/gt-2024.jpg?fit=2000%2C1333&ssl=1\",\"datePublished\":\"2025-09-18T13:35:47+00:00\",\"dateModified\":\"2025-09-18T13:35:49+00:00\",\"description\":\"M\u00e9xico y el comercio electr\u00f3nico crecen con fuerza: moda, marketplaces y econom\u00eda circular impulsan al pa\u00eds como potencia digital en Latam.\",\"breadcrumb\":{\"@id\":\"https:\\\/\\\/zeromagazine.mx\\\/index.php\\\/2025\\\/09\\\/18\\\/mexico-y-el-comercio-electronico-2025\\\/#breadcrumb\"},\"inLanguage\":\"es\",\"potentialAction\":[{\"@type\":\"ReadAction\",\"target\":[\"https:\\\/\\\/zeromagazine.mx\\\/index.php\\\/2025\\\/09\\\/18\\\/mexico-y-el-comercio-electronico-2025\\\/\"]}]},{\"@type\":\"ImageObject\",\"inLanguage\":\"es\",\"@id\":\"https:\\\/\\\/zeromagazine.mx\\\/index.php\\\/2025\\\/09\\\/18\\\/mexico-y-el-comercio-electronico-2025\\\/#primaryimage\",\"url\":\"https:\\\/\\\/i0.wp.com\\\/zeromagazine.mx\\\/wp-content\\\/uploads\\\/2025\\\/09\\\/gt-2024.jpg?fit=2000%2C1333&ssl=1\",\"contentUrl\":\"https:\\\/\\\/i0.wp.com\\\/zeromagazine.mx\\\/wp-content\\\/uploads\\\/2025\\\/09\\\/gt-2024.jpg?fit=2000%2C1333&ssl=1\",\"width\":2000,\"height\":1333},{\"@type\":\"BreadcrumbList\",\"@id\":\"https:\\\/\\\/zeromagazine.mx\\\/index.php\\\/2025\\\/09\\\/18\\\/mexico-y-el-comercio-electronico-2025\\\/#breadcrumb\",\"itemListElement\":[{\"@type\":\"ListItem\",\"position\":1,\"name\":\"Portada\",\"item\":\"https:\\\/\\\/zeromagazine.mx\\\/\"},{\"@type\":\"ListItem\",\"position\":2,\"name\":\"M\u00e9xico y el comercio electr\u00f3nico: la nueva era digital\"}]},{\"@type\":\"WebSite\",\"@id\":\"https:\\\/\\\/zeromagazine.mx\\\/#website\",\"url\":\"https:\\\/\\\/zeromagazine.mx\\\/\",\"name\":\"Zero Magazine\",\"description\":\"\",\"publisher\":{\"@id\":\"https:\\\/\\\/zeromagazine.mx\\\/#organization\"},\"potentialAction\":[{\"@type\":\"SearchAction\",\"target\":{\"@type\":\"EntryPoint\",\"urlTemplate\":\"https:\\\/\\\/zeromagazine.mx\\\/?s={search_term_string}\"},\"query-input\":{\"@type\":\"PropertyValueSpecification\",\"valueRequired\":true,\"valueName\":\"search_term_string\"}}],\"inLanguage\":\"es\"},{\"@type\":\"Organization\",\"@id\":\"https:\\\/\\\/zeromagazine.mx\\\/#organization\",\"name\":\"Zero Magazine\",\"url\":\"https:\\\/\\\/zeromagazine.mx\\\/\",\"logo\":{\"@type\":\"ImageObject\",\"inLanguage\":\"es\",\"@id\":\"https:\\\/\\\/zeromagazine.mx\\\/#\\\/schema\\\/logo\\\/image\\\/\",\"url\":\"https:\\\/\\\/i0.wp.com\\\/zeromagazine.mx\\\/wp-content\\\/uploads\\\/2025\\\/11\\\/1.jpeg?fit=1000%2C1000&ssl=1\",\"contentUrl\":\"https:\\\/\\\/i0.wp.com\\\/zeromagazine.mx\\\/wp-content\\\/uploads\\\/2025\\\/11\\\/1.jpeg?fit=1000%2C1000&ssl=1\",\"width\":1000,\"height\":1000,\"caption\":\"Zero Magazine\"},\"image\":{\"@id\":\"https:\\\/\\\/zeromagazine.mx\\\/#\\\/schema\\\/logo\\\/image\\\/\"},\"sameAs\":[\"https:\\\/\\\/instagram.com\\\/zeromagazinemx\"]},{\"@type\":\"Person\",\"@id\":\"https:\\\/\\\/zeromagazine.mx\\\/#\\\/schema\\\/person\\\/9f7f1a17c60ba8e9980e3e6677aabe5a\",\"name\":\"David Morales\",\"image\":{\"@type\":\"ImageObject\",\"inLanguage\":\"es\",\"@id\":\"https:\\\/\\\/zeromagazine.mx\\\/wp-content\\\/litespeed\\\/avatar\\\/76069d2136bfc1c37dc34815bb67ca42.jpg?ver=1776966186\",\"url\":\"https:\\\/\\\/zeromagazine.mx\\\/wp-content\\\/litespeed\\\/avatar\\\/76069d2136bfc1c37dc34815bb67ca42.jpg?ver=1776966186\",\"contentUrl\":\"https:\\\/\\\/zeromagazine.mx\\\/wp-content\\\/litespeed\\\/avatar\\\/76069d2136bfc1c37dc34815bb67ca42.jpg?ver=1776966186\",\"caption\":\"David Morales\"},\"url\":\"https:\\\/\\\/zeromagazine.mx\\\/index.php\\\/author\\\/david\\\/\"}]}<\/script>\n<!-- \/ Yoast SEO plugin. -->","yoast_head_json":{"title":"M\u00e9xico y el comercio electr\u00f3nico: la nueva era digital - Zero Magazine","description":"M\u00e9xico y el comercio electr\u00f3nico crecen con fuerza: moda, marketplaces y econom\u00eda circular impulsan al pa\u00eds como potencia digital en Latam.","robots":{"index":"index","follow":"follow","max-snippet":"max-snippet:-1","max-image-preview":"max-image-preview:large","max-video-preview":"max-video-preview:-1"},"canonical":"https:\/\/zeromagazine.mx\/index.php\/2025\/09\/18\/mexico-y-el-comercio-electronico-2025\/","og_locale":"es_ES","og_type":"article","og_title":"M\u00e9xico y el comercio electr\u00f3nico: la nueva era digital - Zero Magazine","og_description":"M\u00e9xico y el comercio electr\u00f3nico crecen con fuerza: moda, marketplaces y econom\u00eda circular impulsan al pa\u00eds como potencia digital en Latam.","og_url":"https:\/\/zeromagazine.mx\/index.php\/2025\/09\/18\/mexico-y-el-comercio-electronico-2025\/","og_site_name":"Zero Magazine","article_published_time":"2025-09-18T13:35:47+00:00","article_modified_time":"2025-09-18T13:35:49+00:00","og_image":[{"width":2000,"height":1333,"url":"http:\/\/zeromagazine.mx\/wp-content\/uploads\/2025\/09\/gt-2024.jpg","type":"image\/jpeg"}],"author":"David Morales","twitter_card":"summary_large_image","twitter_misc":{"Escrito por":"David Morales","Tiempo de lectura":"3 minutos"},"schema":{"@context":"https:\/\/schema.org","@graph":[{"@type":"Article","@id":"https:\/\/zeromagazine.mx\/index.php\/2025\/09\/18\/mexico-y-el-comercio-electronico-2025\/#article","isPartOf":{"@id":"https:\/\/zeromagazine.mx\/index.php\/2025\/09\/18\/mexico-y-el-comercio-electronico-2025\/"},"author":{"name":"David Morales","@id":"https:\/\/zeromagazine.mx\/#\/schema\/person\/9f7f1a17c60ba8e9980e3e6677aabe5a"},"headline":"M\u00e9xico y el comercio electr\u00f3nico: la nueva era digital","datePublished":"2025-09-18T13:35:47+00:00","dateModified":"2025-09-18T13:35:49+00:00","mainEntityOfPage":{"@id":"https:\/\/zeromagazine.mx\/index.php\/2025\/09\/18\/mexico-y-el-comercio-electronico-2025\/"},"wordCount":437,"commentCount":0,"publisher":{"@id":"https:\/\/zeromagazine.mx\/#organization"},"image":{"@id":"https:\/\/zeromagazine.mx\/index.php\/2025\/09\/18\/mexico-y-el-comercio-electronico-2025\/#primaryimage"},"thumbnailUrl":"https:\/\/i0.wp.com\/zeromagazine.mx\/wp-content\/uploads\/2025\/09\/gt-2024.jpg?fit=2000%2C1333&ssl=1","articleSection":["Blog"],"inLanguage":"es","potentialAction":[{"@type":"CommentAction","name":"Comment","target":["https:\/\/zeromagazine.mx\/index.php\/2025\/09\/18\/mexico-y-el-comercio-electronico-2025\/#respond"]}]},{"@type":"WebPage","@id":"https:\/\/zeromagazine.mx\/index.php\/2025\/09\/18\/mexico-y-el-comercio-electronico-2025\/","url":"https:\/\/zeromagazine.mx\/index.php\/2025\/09\/18\/mexico-y-el-comercio-electronico-2025\/","name":"M\u00e9xico y el comercio electr\u00f3nico: la nueva era digital - Zero Magazine","isPartOf":{"@id":"https:\/\/zeromagazine.mx\/#website"},"primaryImageOfPage":{"@id":"https:\/\/zeromagazine.mx\/index.php\/2025\/09\/18\/mexico-y-el-comercio-electronico-2025\/#primaryimage"},"image":{"@id":"https:\/\/zeromagazine.mx\/index.php\/2025\/09\/18\/mexico-y-el-comercio-electronico-2025\/#primaryimage"},"thumbnailUrl":"https:\/\/i0.wp.com\/zeromagazine.mx\/wp-content\/uploads\/2025\/09\/gt-2024.jpg?fit=2000%2C1333&ssl=1","datePublished":"2025-09-18T13:35:47+00:00","dateModified":"2025-09-18T13:35:49+00:00","description":"M\u00e9xico y el comercio electr\u00f3nico crecen con fuerza: moda, marketplaces y econom\u00eda circular impulsan al pa\u00eds como potencia digital en Latam.","breadcrumb":{"@id":"https:\/\/zeromagazine.mx\/index.php\/2025\/09\/18\/mexico-y-el-comercio-electronico-2025\/#breadcrumb"},"inLanguage":"es","potentialAction":[{"@type":"ReadAction","target":["https:\/\/zeromagazine.mx\/index.php\/2025\/09\/18\/mexico-y-el-comercio-electronico-2025\/"]}]},{"@type":"ImageObject","inLanguage":"es","@id":"https:\/\/zeromagazine.mx\/index.php\/2025\/09\/18\/mexico-y-el-comercio-electronico-2025\/#primaryimage","url":"https:\/\/i0.wp.com\/zeromagazine.mx\/wp-content\/uploads\/2025\/09\/gt-2024.jpg?fit=2000%2C1333&ssl=1","contentUrl":"https:\/\/i0.wp.com\/zeromagazine.mx\/wp-content\/uploads\/2025\/09\/gt-2024.jpg?fit=2000%2C1333&ssl=1","width":2000,"height":1333},{"@type":"BreadcrumbList","@id":"https:\/\/zeromagazine.mx\/index.php\/2025\/09\/18\/mexico-y-el-comercio-electronico-2025\/#breadcrumb","itemListElement":[{"@type":"ListItem","position":1,"name":"Portada","item":"https:\/\/zeromagazine.mx\/"},{"@type":"ListItem","position":2,"name":"M\u00e9xico y el comercio electr\u00f3nico: la nueva era digital"}]},{"@type":"WebSite","@id":"https:\/\/zeromagazine.mx\/#website","url":"https:\/\/zeromagazine.mx\/","name":"Zero Magazine","description":"","publisher":{"@id":"https:\/\/zeromagazine.mx\/#organization"},"potentialAction":[{"@type":"SearchAction","target":{"@type":"EntryPoint","urlTemplate":"https:\/\/zeromagazine.mx\/?s={search_term_string}"},"query-input":{"@type":"PropertyValueSpecification","valueRequired":true,"valueName":"search_term_string"}}],"inLanguage":"es"},{"@type":"Organization","@id":"https:\/\/zeromagazine.mx\/#organization","name":"Zero Magazine","url":"https:\/\/zeromagazine.mx\/","logo":{"@type":"ImageObject","inLanguage":"es","@id":"https:\/\/zeromagazine.mx\/#\/schema\/logo\/image\/","url":"https:\/\/i0.wp.com\/zeromagazine.mx\/wp-content\/uploads\/2025\/11\/1.jpeg?fit=1000%2C1000&ssl=1","contentUrl":"https:\/\/i0.wp.com\/zeromagazine.mx\/wp-content\/uploads\/2025\/11\/1.jpeg?fit=1000%2C1000&ssl=1","width":1000,"height":1000,"caption":"Zero Magazine"},"image":{"@id":"https:\/\/zeromagazine.mx\/#\/schema\/logo\/image\/"},"sameAs":["https:\/\/instagram.com\/zeromagazinemx"]},{"@type":"Person","@id":"https:\/\/zeromagazine.mx\/#\/schema\/person\/9f7f1a17c60ba8e9980e3e6677aabe5a","name":"David Morales","image":{"@type":"ImageObject","inLanguage":"es","@id":"https:\/\/zeromagazine.mx\/wp-content\/litespeed\/avatar\/76069d2136bfc1c37dc34815bb67ca42.jpg?ver=1776966186","url":"https:\/\/zeromagazine.mx\/wp-content\/litespeed\/avatar\/76069d2136bfc1c37dc34815bb67ca42.jpg?ver=1776966186","contentUrl":"https:\/\/zeromagazine.mx\/wp-content\/litespeed\/avatar\/76069d2136bfc1c37dc34815bb67ca42.jpg?ver=1776966186","caption":"David Morales"},"url":"https:\/\/zeromagazine.mx\/index.php\/author\/david\/"}]}},"jetpack_publicize_connections":[],"jetpack_featured_media_url":"https:\/\/i0.wp.com\/zeromagazine.mx\/wp-content\/uploads\/2025\/09\/gt-2024.jpg?fit=2000%2C1333&ssl=1","jetpack-related-posts":[{"id":116488,"url":"https:\/\/zeromagazine.mx\/index.php\/2026\/03\/10\/digitalizacion-textil-mexico-shein-marketplace\/","url_meta":{"origin":108404,"position":0},"title":"Digitalizaci\u00f3n textil cambia la moda","author":"Luis Trujano","date":"10 de marzo de 2026","format":false,"excerpt":"La moda siempre ha sido creatividad, identidad y cultura. Pero hoy tambi\u00e9n es tecnolog\u00eda. La digitalizaci\u00f3n textil est\u00e1 transformando la forma en que se dise\u00f1an, producen y venden las prendas en M\u00e9xico, y cada vez m\u00e1s emprendedores locales est\u00e1n encontrando en el comercio electr\u00f3nico una oportunidad real para crecer. Durante\u2026","rel":"","context":"En \u00abModa\u00bb","block_context":{"text":"Moda","link":"https:\/\/zeromagazine.mx\/index.php\/category\/moda\/"},"img":{"alt_text":"","src":"https:\/\/i0.wp.com\/zeromagazine.mx\/wp-content\/uploads\/2026\/03\/IMG_6540.jpeg?fit=1024%2C683&ssl=1&resize=350%2C200","width":350,"height":200,"srcset":"https:\/\/i0.wp.com\/zeromagazine.mx\/wp-content\/uploads\/2026\/03\/IMG_6540.jpeg?fit=1024%2C683&ssl=1&resize=350%2C200 1x, https:\/\/i0.wp.com\/zeromagazine.mx\/wp-content\/uploads\/2026\/03\/IMG_6540.jpeg?fit=1024%2C683&ssl=1&resize=525%2C300 1.5x, https:\/\/i0.wp.com\/zeromagazine.mx\/wp-content\/uploads\/2026\/03\/IMG_6540.jpeg?fit=1024%2C683&ssl=1&resize=700%2C400 2x"},"classes":[]},{"id":75077,"url":"https:\/\/zeromagazine.mx\/index.php\/2024\/04\/29\/revive-tu-infancia-tesoros-de-ebay\/","url_meta":{"origin":108404,"position":1},"title":"Revive tu infancia: Tesoros de eBay","author":"zeromagazinemx","date":"29 de abril de 2024","format":false,"excerpt":"Los juguetes con los que crecimos se han convertido en aut\u00e9nticos tesoros. En el mundo del comercio electr\u00f3nico, marcas ic\u00f3nicas como eBay est\u00e1n liderando el camino para que nosotros, los nost\u00e1lgicos millennials, podamos recuperar esos tesoros de nuestra infancia. Con su amplia selecci\u00f3n de productos vintage y coleccionables, eBay se\u2026","rel":"","context":"En \u00abGadgets\u00bb","block_context":{"text":"Gadgets","link":"https:\/\/zeromagazine.mx\/index.php\/category\/tech\/gadgets\/"},"img":{"alt_text":"","src":"https:\/\/i0.wp.com\/zeromagazine.mx\/wp-content\/uploads\/2024\/04\/unnamed-42.jpg?fit=626%2C628&ssl=1&resize=350%2C200","width":350,"height":200,"srcset":"https:\/\/i0.wp.com\/zeromagazine.mx\/wp-content\/uploads\/2024\/04\/unnamed-42.jpg?fit=626%2C628&ssl=1&resize=350%2C200 1x, https:\/\/i0.wp.com\/zeromagazine.mx\/wp-content\/uploads\/2024\/04\/unnamed-42.jpg?fit=626%2C628&ssl=1&resize=525%2C300 1.5x"},"classes":[]},{"id":78699,"url":"https:\/\/zeromagazine.mx\/index.php\/2024\/06\/18\/indrive-transformando-los-viajes-urbanos-la-plataforma-de-mayor-crecimiento-integra-pagos-electronicos-spei\/","url_meta":{"origin":108404,"position":2},"title":"InDrive Transformando los Viajes Urbanos: La Plataforma de Mayor Crecimiento Integra Pagos Electr\u00f3nicos SPEI","author":"zeromagazinemx","date":"18 de junio de 2024","format":false,"excerpt":"\u00bfHan notado c\u00f3mo los pagos electr\u00f3nicos est\u00e1n tomando cada vez m\u00e1s fuerza en M\u00e9xico? La adopci\u00f3n de m\u00e9todos como el SPEI ha crecido un mont\u00f3n \u00faltimamente, y no es para menos. Con el boom del comercio online, las iniciativas para la inclusi\u00f3n financiera y el uso de smartphones, estamos viendo\u2026","rel":"","context":"En \u00abBlog\u00bb","block_context":{"text":"Blog","link":"https:\/\/zeromagazine.mx\/index.php\/category\/blog\/"},"img":{"alt_text":"","src":"https:\/\/i0.wp.com\/zeromagazine.mx\/wp-content\/uploads\/2024\/06\/INDRIVE-Latam-Mayo-2023-.jpg?fit=1200%2C800&ssl=1&resize=350%2C200","width":350,"height":200,"srcset":"https:\/\/i0.wp.com\/zeromagazine.mx\/wp-content\/uploads\/2024\/06\/INDRIVE-Latam-Mayo-2023-.jpg?fit=1200%2C800&ssl=1&resize=350%2C200 1x, https:\/\/i0.wp.com\/zeromagazine.mx\/wp-content\/uploads\/2024\/06\/INDRIVE-Latam-Mayo-2023-.jpg?fit=1200%2C800&ssl=1&resize=525%2C300 1.5x, https:\/\/i0.wp.com\/zeromagazine.mx\/wp-content\/uploads\/2024\/06\/INDRIVE-Latam-Mayo-2023-.jpg?fit=1200%2C800&ssl=1&resize=700%2C400 2x, https:\/\/i0.wp.com\/zeromagazine.mx\/wp-content\/uploads\/2024\/06\/INDRIVE-Latam-Mayo-2023-.jpg?fit=1200%2C800&ssl=1&resize=1050%2C600 3x"},"classes":[]},{"id":71466,"url":"https:\/\/zeromagazine.mx\/index.php\/2024\/03\/06\/llega-a-mexico-el-italian-fashion-design-summit\/","url_meta":{"origin":108404,"position":3},"title":"Llega a M\u00e9xico el Italian Fashion &#038; Design Summit","author":"zeromagazinemx","date":"6 de marzo de 2024","format":false,"excerpt":"\u00a1El Italian Fashion & Design Summit est\u00e1 llegando a la Ciudad de M\u00e9xico! La C\u00e1mara de Comercio Italiana en M\u00e9xico est\u00e1 trayendo este evento mega incre\u00edble que va a ser la onda. Se va a realizar en el Hotel Sofitel el 13 de marzo de 2024. Habr\u00e1 una lista de\u2026","rel":"","context":"En \u00abModa\u00bb","block_context":{"text":"Moda","link":"https:\/\/zeromagazine.mx\/index.php\/category\/moda\/"},"img":{"alt_text":"","src":"https:\/\/i0.wp.com\/zeromagazine.mx\/wp-content\/uploads\/2024\/03\/pexels-tembela-bohle-1884583-scaled.jpg?fit=1200%2C800&ssl=1&resize=350%2C200","width":350,"height":200,"srcset":"https:\/\/i0.wp.com\/zeromagazine.mx\/wp-content\/uploads\/2024\/03\/pexels-tembela-bohle-1884583-scaled.jpg?fit=1200%2C800&ssl=1&resize=350%2C200 1x, https:\/\/i0.wp.com\/zeromagazine.mx\/wp-content\/uploads\/2024\/03\/pexels-tembela-bohle-1884583-scaled.jpg?fit=1200%2C800&ssl=1&resize=525%2C300 1.5x, https:\/\/i0.wp.com\/zeromagazine.mx\/wp-content\/uploads\/2024\/03\/pexels-tembela-bohle-1884583-scaled.jpg?fit=1200%2C800&ssl=1&resize=700%2C400 2x, https:\/\/i0.wp.com\/zeromagazine.mx\/wp-content\/uploads\/2024\/03\/pexels-tembela-bohle-1884583-scaled.jpg?fit=1200%2C800&ssl=1&resize=1050%2C600 3x"},"classes":[]},{"id":114139,"url":"https:\/\/zeromagazine.mx\/index.php\/2026\/01\/23\/kim-shantal-dj-edc-mexico-2026\/","url_meta":{"origin":108404,"position":4},"title":"Kim Shantal de influencer a DJ en EDC M\u00e9xico 2026","author":"David Morales","date":"23 de enero de 2026","format":false,"excerpt":"Kim Shantal est\u00e1 demostrando que reinventarse no solo es v\u00e1lido, sino necesario. Lo que empez\u00f3 como una carrera s\u00f3lida en redes sociales y televisi\u00f3n hoy da un giro interesante hacia la m\u00fasica electr\u00f3nica. Su confirmaci\u00f3n como DJ en\u00a0EDC M\u00e9xico 2026\u00a0no es casualidad: es el resultado de una evoluci\u00f3n creativa que\u2026","rel":"","context":"En \u00abConcierto\u00bb","block_context":{"text":"Concierto","link":"https:\/\/zeromagazine.mx\/index.php\/category\/concierto\/"},"img":{"alt_text":"","src":"https:\/\/i0.wp.com\/zeromagazine.mx\/wp-content\/uploads\/2026\/01\/IMG_1117-1.jpeg?fit=1066%2C1032&ssl=1&resize=350%2C200","width":350,"height":200,"srcset":"https:\/\/i0.wp.com\/zeromagazine.mx\/wp-content\/uploads\/2026\/01\/IMG_1117-1.jpeg?fit=1066%2C1032&ssl=1&resize=350%2C200 1x, https:\/\/i0.wp.com\/zeromagazine.mx\/wp-content\/uploads\/2026\/01\/IMG_1117-1.jpeg?fit=1066%2C1032&ssl=1&resize=525%2C300 1.5x, https:\/\/i0.wp.com\/zeromagazine.mx\/wp-content\/uploads\/2026\/01\/IMG_1117-1.jpeg?fit=1066%2C1032&ssl=1&resize=700%2C400 2x, https:\/\/i0.wp.com\/zeromagazine.mx\/wp-content\/uploads\/2026\/01\/IMG_1117-1.jpeg?fit=1066%2C1032&ssl=1&resize=1050%2C600 3x"},"classes":[]},{"id":90633,"url":"https:\/\/zeromagazine.mx\/index.php\/2024\/11\/14\/fraudes-en-el-buen-fin-alerta\/","url_meta":{"origin":108404,"position":5},"title":"Fraudes en el Buen Fin: \u00a1Alerta!","author":"zeromagazinemx","date":"14 de noviembre de 2024","format":false,"excerpt":"El Buen Fin, el evento de descuentos m\u00e1s grande de M\u00e9xico, promete generar una derrama econ\u00f3mica de 165,500 millones de pesos este 2024, seg\u00fan la Confederaci\u00f3n de C\u00e1maras Nacionales de Comercio, Servicios y Turismo (Concanaco Servytur). Este evento, que en su mayor\u00eda entusiasma a cons2umidores en busca de ofertas irresistibles,\u2026","rel":"","context":"En \u00abModa\u00bb","block_context":{"text":"Moda","link":"https:\/\/zeromagazine.mx\/index.php\/category\/moda\/"},"img":{"alt_text":"","src":"https:\/\/i0.wp.com\/zeromagazine.mx\/wp-content\/uploads\/2024\/11\/71oMRv9gpvL._AC_SL1500_.jpg?fit=1200%2C1200&ssl=1&resize=350%2C200","width":350,"height":200,"srcset":"https:\/\/i0.wp.com\/zeromagazine.mx\/wp-content\/uploads\/2024\/11\/71oMRv9gpvL._AC_SL1500_.jpg?fit=1200%2C1200&ssl=1&resize=350%2C200 1x, https:\/\/i0.wp.com\/zeromagazine.mx\/wp-content\/uploads\/2024\/11\/71oMRv9gpvL._AC_SL1500_.jpg?fit=1200%2C1200&ssl=1&resize=525%2C300 1.5x, https:\/\/i0.wp.com\/zeromagazine.mx\/wp-content\/uploads\/2024\/11\/71oMRv9gpvL._AC_SL1500_.jpg?fit=1200%2C1200&ssl=1&resize=700%2C400 2x, https:\/\/i0.wp.com\/zeromagazine.mx\/wp-content\/uploads\/2024\/11\/71oMRv9gpvL._AC_SL1500_.jpg?fit=1200%2C1200&ssl=1&resize=1050%2C600 3x"},"classes":[]}],"jetpack_sharing_enabled":true,"builder_content":"","_links":{"self":[{"href":"https:\/\/zeromagazine.mx\/index.php\/wp-json\/wp\/v2\/posts\/108404","targetHints":{"allow":["GET"]}}],"collection":[{"href":"https:\/\/zeromagazine.mx\/index.php\/wp-json\/wp\/v2\/posts"}],"about":[{"href":"https:\/\/zeromagazine.mx\/index.php\/wp-json\/wp\/v2\/types\/post"}],"author":[{"embeddable":true,"href":"https:\/\/zeromagazine.mx\/index.php\/wp-json\/wp\/v2\/users\/4"}],"replies":[{"embeddable":true,"href":"https:\/\/zeromagazine.mx\/index.php\/wp-json\/wp\/v2\/comments?post=108404"}],"version-history":[{"count":3,"href":"https:\/\/zeromagazine.mx\/index.php\/wp-json\/wp\/v2\/posts\/108404\/revisions"}],"predecessor-version":[{"id":108407,"href":"https:\/\/zeromagazine.mx\/index.php\/wp-json\/wp\/v2\/posts\/108404\/revisions\/108407"}],"wp:featuredmedia":[{"embeddable":true,"href":"https:\/\/zeromagazine.mx\/index.php\/wp-json\/wp\/v2\/media\/108403"}],"wp:attachment":[{"href":"https:\/\/zeromagazine.mx\/index.php\/wp-json\/wp\/v2\/media?parent=108404"}],"wp:term":[{"taxonomy":"category","embeddable":true,"href":"https:\/\/zeromagazine.mx\/index.php\/wp-json\/wp\/v2\/categories?post=108404"},{"taxonomy":"post_tag","embeddable":true,"href":"https:\/\/zeromagazine.mx\/index.php\/wp-json\/wp\/v2\/tags?post=108404"}],"curies":[{"name":"wp","href":"https:\/\/api.w.org\/{rel}","templated":true}]}}