{"id":108410,"date":"2025-09-18T07:42:41","date_gmt":"2025-09-18T13:42:41","guid":{"rendered":"https:\/\/zeromagazine.mx\/?p=108410"},"modified":"2025-09-18T07:42:49","modified_gmt":"2025-09-18T13:42:49","slug":"tendencias-laborales-2025","status":"publish","type":"post","link":"https:\/\/zeromagazine.mx\/index.php\/2025\/09\/18\/tendencias-laborales-2025\/","title":{"rendered":"Tendencias laborales 2025: lo que nadie dice"},"content":{"rendered":"<p>El mundo laboral en 2025 se siente como un campo minado entre productividad, salud mental y estabilidad. Y no es drama: nuevas tendencias laborales 2025 como el task masking, el craqueo silencioso y el job hugging nos muestran que la forma de trabajar ya no es la misma.<\/p>\n\n\n\n<h2 class=\"wp-block-heading\">Task masking y otras tendencias laborales 2025<\/h2>\n\n\n\n<p class=\"p1\">\u00bfHas mandado un correo tarde solo para que vean que \u201candas en friega\u201d? Eso es task masking: se\u00f1ales de actividad que no siempre significan productividad real. Este fen\u00f3meno crece sobre todo con el regreso parcial a oficinas, donde importa m\u00e1s \u201cverse ocupado\u201d que mostrar logros. El reto est\u00e1 en demostrar resultados tangibles, sobre todo ahora que la IA y la automatizaci\u00f3n presionan m\u00e1s que nunca.<\/p>\n\n\n\n<figure class=\"wp-block-image size-large\"><img data-recalc-dims=\"1\" decoding=\"async\" width=\"1024\" height=\"683\" src=\"https:\/\/i0.wp.com\/zeromagazine.mx\/wp-content\/uploads\/2025\/09\/cerrar-el-trabajo-en-equipo-de-jovenes-empresarios-1-1024x683.jpg?resize=1024%2C683&#038;ssl=1\" class=\"wp-image-108409\" srcset=\"https:\/\/i0.wp.com\/zeromagazine.mx\/wp-content\/uploads\/2025\/09\/cerrar-el-trabajo-en-equipo-de-jovenes-empresarios-1.jpg?resize=1024%2C683&amp;ssl=1 1024w, https:\/\/i0.wp.com\/zeromagazine.mx\/wp-content\/uploads\/2025\/09\/cerrar-el-trabajo-en-equipo-de-jovenes-empresarios-1.jpg?resize=300%2C200&amp;ssl=1 300w, https:\/\/i0.wp.com\/zeromagazine.mx\/wp-content\/uploads\/2025\/09\/cerrar-el-trabajo-en-equipo-de-jovenes-empresarios-1.jpg?resize=768%2C512&amp;ssl=1 768w, https:\/\/i0.wp.com\/zeromagazine.mx\/wp-content\/uploads\/2025\/09\/cerrar-el-trabajo-en-equipo-de-jovenes-empresarios-1.jpg?resize=1536%2C1025&amp;ssl=1 1536w, https:\/\/i0.wp.com\/zeromagazine.mx\/wp-content\/uploads\/2025\/09\/cerrar-el-trabajo-en-equipo-de-jovenes-empresarios-1.jpg?w=2000&amp;ssl=1 2000w\" sizes=\"(max-width: 1024px) 100vw, 1024px\" \/><\/figure>\n\n\n\n<p class=\"p1\">Por otro lado, el craqueo silencioso refleja ese desgaste invisible donde cumples tus tareas, pero con frustraci\u00f3n, desmotivaci\u00f3n y cero energ\u00eda. No es lo mismo que renunciar en silencio (quiet quitting), aqu\u00ed hablamos de cansancio acumulado que erosiona equipos y confianza. Programas de capacitaci\u00f3n, comunicaci\u00f3n cercana y rutas claras de crecimiento son clave para revertirlo.<\/p>\n\n\n\n<h2 class=\"wp-block-heading\">Job hugging: estabilidad que tambi\u00e9n pesa<\/h2>\n\n\n\n<p class=\"p1\">Otra cara de las tendencias laborales 2025 es el job hugging: ese apego a tu empleo actual porque el mercado se siente incierto. En M\u00e9xico y Latam, la movilidad laboral se ha enfriado, y aunque quedarse en un mismo puesto da seguridad, tambi\u00e9n puede frenar competencias y limitar innovaci\u00f3n si no hay planes de desarrollo.<\/p>\n\n\n\n<p class=\"p1\">Estas tendencias no son caprichos de una generaci\u00f3n, sino respuestas a la incertidumbre global. Fingir productividad, resistir en silencio o aferrarse a un empleo son reflejos humanos, pero insuficientes si no se acompa\u00f1an de bienestar real, liderazgo cercano y herramientas de gesti\u00f3n que pongan a las personas al centro.<\/p>\n <!--themify_builder_content-->\n<div id=\"themify_builder_content-108410\" data-postid=\"108410\" class=\"themify_builder_content themify_builder_content-108410 themify_builder tf_clear\">\n    <\/div>\n<!--\/themify_builder_content-->","protected":false},"excerpt":{"rendered":"<p>El mundo laboral en 2025 se siente como un campo minado entre productividad, salud mental y estabilidad. Y no es drama: nuevas tendencias laborales 2025 como el task masking, el craqueo silencioso y el job hugging nos muestran que la forma de trabajar ya no es la misma. Task masking y otras tendencias laborales 2025 [&hellip;]<\/p>\n","protected":false},"author":4,"featured_media":108408,"comment_status":"open","ping_status":"open","sticky":false,"template":"","format":"standard","meta":{"_jetpack_memberships_contains_paid_content":false,"footnotes":"","jetpack_publicize_message":"","jetpack_publicize_feature_enabled":true,"jetpack_social_post_already_shared":true,"jetpack_social_options":{"image_generator_settings":{"template":"highway","default_image_id":0,"font":"","enabled":false},"version":2}},"categories":[1],"tags":[],"class_list":["post-108410","post","type-post","status-publish","format-standard","has-post-thumbnail","hentry","category-blog","has-post-title","has-post-date","has-post-category","has-post-tag","has-post-comment","has-post-author",""],"yoast_head":"<!-- This site is optimized with the Yoast SEO plugin v27.5 - https:\/\/yoast.com\/product\/yoast-seo-wordpress\/ -->\n<title>Tendencias laborales 2025: lo que nadie dice - Zero Magazine<\/title>\n<meta name=\"description\" content=\"Descubre las tendencias laborales 2025: task masking, craqueo silencioso y job hugging, fen\u00f3menos que revelan c\u00f3mo cambia el trabajo.\" \/>\n<meta name=\"robots\" content=\"index, follow, max-snippet:-1, max-image-preview:large, max-video-preview:-1\" \/>\n<link rel=\"canonical\" href=\"https:\/\/zeromagazine.mx\/index.php\/2025\/09\/18\/tendencias-laborales-2025\/\" \/>\n<meta property=\"og:locale\" content=\"es_ES\" \/>\n<meta property=\"og:type\" content=\"article\" \/>\n<meta property=\"og:title\" content=\"Tendencias laborales 2025: lo que nadie dice - Zero Magazine\" \/>\n<meta property=\"og:description\" content=\"Descubre las tendencias laborales 2025: task masking, craqueo silencioso y job hugging, fen\u00f3menos que revelan c\u00f3mo cambia el trabajo.\" \/>\n<meta property=\"og:url\" content=\"https:\/\/zeromagazine.mx\/index.php\/2025\/09\/18\/tendencias-laborales-2025\/\" \/>\n<meta property=\"og:site_name\" content=\"Zero Magazine\" \/>\n<meta property=\"article:published_time\" content=\"2025-09-18T13:42:41+00:00\" \/>\n<meta property=\"article:modified_time\" content=\"2025-09-18T13:42:49+00:00\" \/>\n<meta property=\"og:image\" content=\"http:\/\/zeromagazine.mx\/wp-content\/uploads\/2025\/09\/cerrar-el-trabajo-en-equipo-de-jovenes-empresarios.jpg\" \/>\n\t<meta property=\"og:image:width\" content=\"2000\" \/>\n\t<meta property=\"og:image:height\" content=\"1334\" \/>\n\t<meta property=\"og:image:type\" content=\"image\/jpeg\" \/>\n<meta name=\"author\" content=\"David Morales\" \/>\n<meta name=\"twitter:card\" content=\"summary_large_image\" \/>\n<meta name=\"twitter:label1\" content=\"Escrito por\" \/>\n\t<meta name=\"twitter:data1\" content=\"David Morales\" \/>\n\t<meta name=\"twitter:label2\" content=\"Tiempo de lectura\" \/>\n\t<meta name=\"twitter:data2\" content=\"2 minutos\" \/>\n<script type=\"application\/ld+json\" class=\"yoast-schema-graph\">{\"@context\":\"https:\\\/\\\/schema.org\",\"@graph\":[{\"@type\":\"Article\",\"@id\":\"https:\\\/\\\/zeromagazine.mx\\\/index.php\\\/2025\\\/09\\\/18\\\/tendencias-laborales-2025\\\/#article\",\"isPartOf\":{\"@id\":\"https:\\\/\\\/zeromagazine.mx\\\/index.php\\\/2025\\\/09\\\/18\\\/tendencias-laborales-2025\\\/\"},\"author\":{\"name\":\"David Morales\",\"@id\":\"https:\\\/\\\/zeromagazine.mx\\\/#\\\/schema\\\/person\\\/9f7f1a17c60ba8e9980e3e6677aabe5a\"},\"headline\":\"Tendencias laborales 2025: lo que nadie dice\",\"datePublished\":\"2025-09-18T13:42:41+00:00\",\"dateModified\":\"2025-09-18T13:42:49+00:00\",\"mainEntityOfPage\":{\"@id\":\"https:\\\/\\\/zeromagazine.mx\\\/index.php\\\/2025\\\/09\\\/18\\\/tendencias-laborales-2025\\\/\"},\"wordCount\":304,\"commentCount\":0,\"publisher\":{\"@id\":\"https:\\\/\\\/zeromagazine.mx\\\/#organization\"},\"image\":{\"@id\":\"https:\\\/\\\/zeromagazine.mx\\\/index.php\\\/2025\\\/09\\\/18\\\/tendencias-laborales-2025\\\/#primaryimage\"},\"thumbnailUrl\":\"https:\\\/\\\/i0.wp.com\\\/zeromagazine.mx\\\/wp-content\\\/uploads\\\/2025\\\/09\\\/cerrar-el-trabajo-en-equipo-de-jovenes-empresarios.jpg?fit=2000%2C1334&ssl=1\",\"articleSection\":[\"Blog\"],\"inLanguage\":\"es\",\"potentialAction\":[{\"@type\":\"CommentAction\",\"name\":\"Comment\",\"target\":[\"https:\\\/\\\/zeromagazine.mx\\\/index.php\\\/2025\\\/09\\\/18\\\/tendencias-laborales-2025\\\/#respond\"]}]},{\"@type\":\"WebPage\",\"@id\":\"https:\\\/\\\/zeromagazine.mx\\\/index.php\\\/2025\\\/09\\\/18\\\/tendencias-laborales-2025\\\/\",\"url\":\"https:\\\/\\\/zeromagazine.mx\\\/index.php\\\/2025\\\/09\\\/18\\\/tendencias-laborales-2025\\\/\",\"name\":\"Tendencias laborales 2025: lo que nadie dice - Zero Magazine\",\"isPartOf\":{\"@id\":\"https:\\\/\\\/zeromagazine.mx\\\/#website\"},\"primaryImageOfPage\":{\"@id\":\"https:\\\/\\\/zeromagazine.mx\\\/index.php\\\/2025\\\/09\\\/18\\\/tendencias-laborales-2025\\\/#primaryimage\"},\"image\":{\"@id\":\"https:\\\/\\\/zeromagazine.mx\\\/index.php\\\/2025\\\/09\\\/18\\\/tendencias-laborales-2025\\\/#primaryimage\"},\"thumbnailUrl\":\"https:\\\/\\\/i0.wp.com\\\/zeromagazine.mx\\\/wp-content\\\/uploads\\\/2025\\\/09\\\/cerrar-el-trabajo-en-equipo-de-jovenes-empresarios.jpg?fit=2000%2C1334&ssl=1\",\"datePublished\":\"2025-09-18T13:42:41+00:00\",\"dateModified\":\"2025-09-18T13:42:49+00:00\",\"description\":\"Descubre las tendencias laborales 2025: task masking, craqueo silencioso y job hugging, fen\u00f3menos que revelan c\u00f3mo cambia el trabajo.\",\"breadcrumb\":{\"@id\":\"https:\\\/\\\/zeromagazine.mx\\\/index.php\\\/2025\\\/09\\\/18\\\/tendencias-laborales-2025\\\/#breadcrumb\"},\"inLanguage\":\"es\",\"potentialAction\":[{\"@type\":\"ReadAction\",\"target\":[\"https:\\\/\\\/zeromagazine.mx\\\/index.php\\\/2025\\\/09\\\/18\\\/tendencias-laborales-2025\\\/\"]}]},{\"@type\":\"ImageObject\",\"inLanguage\":\"es\",\"@id\":\"https:\\\/\\\/zeromagazine.mx\\\/index.php\\\/2025\\\/09\\\/18\\\/tendencias-laborales-2025\\\/#primaryimage\",\"url\":\"https:\\\/\\\/i0.wp.com\\\/zeromagazine.mx\\\/wp-content\\\/uploads\\\/2025\\\/09\\\/cerrar-el-trabajo-en-equipo-de-jovenes-empresarios.jpg?fit=2000%2C1334&ssl=1\",\"contentUrl\":\"https:\\\/\\\/i0.wp.com\\\/zeromagazine.mx\\\/wp-content\\\/uploads\\\/2025\\\/09\\\/cerrar-el-trabajo-en-equipo-de-jovenes-empresarios.jpg?fit=2000%2C1334&ssl=1\",\"width\":2000,\"height\":1334},{\"@type\":\"BreadcrumbList\",\"@id\":\"https:\\\/\\\/zeromagazine.mx\\\/index.php\\\/2025\\\/09\\\/18\\\/tendencias-laborales-2025\\\/#breadcrumb\",\"itemListElement\":[{\"@type\":\"ListItem\",\"position\":1,\"name\":\"Portada\",\"item\":\"https:\\\/\\\/zeromagazine.mx\\\/\"},{\"@type\":\"ListItem\",\"position\":2,\"name\":\"Tendencias laborales 2025: lo que nadie dice\"}]},{\"@type\":\"WebSite\",\"@id\":\"https:\\\/\\\/zeromagazine.mx\\\/#website\",\"url\":\"https:\\\/\\\/zeromagazine.mx\\\/\",\"name\":\"Zero Magazine\",\"description\":\"\",\"publisher\":{\"@id\":\"https:\\\/\\\/zeromagazine.mx\\\/#organization\"},\"potentialAction\":[{\"@type\":\"SearchAction\",\"target\":{\"@type\":\"EntryPoint\",\"urlTemplate\":\"https:\\\/\\\/zeromagazine.mx\\\/?s={search_term_string}\"},\"query-input\":{\"@type\":\"PropertyValueSpecification\",\"valueRequired\":true,\"valueName\":\"search_term_string\"}}],\"inLanguage\":\"es\"},{\"@type\":\"Organization\",\"@id\":\"https:\\\/\\\/zeromagazine.mx\\\/#organization\",\"name\":\"Zero Magazine\",\"url\":\"https:\\\/\\\/zeromagazine.mx\\\/\",\"logo\":{\"@type\":\"ImageObject\",\"inLanguage\":\"es\",\"@id\":\"https:\\\/\\\/zeromagazine.mx\\\/#\\\/schema\\\/logo\\\/image\\\/\",\"url\":\"https:\\\/\\\/i0.wp.com\\\/zeromagazine.mx\\\/wp-content\\\/uploads\\\/2025\\\/11\\\/1.jpeg?fit=1000%2C1000&ssl=1\",\"contentUrl\":\"https:\\\/\\\/i0.wp.com\\\/zeromagazine.mx\\\/wp-content\\\/uploads\\\/2025\\\/11\\\/1.jpeg?fit=1000%2C1000&ssl=1\",\"width\":1000,\"height\":1000,\"caption\":\"Zero Magazine\"},\"image\":{\"@id\":\"https:\\\/\\\/zeromagazine.mx\\\/#\\\/schema\\\/logo\\\/image\\\/\"},\"sameAs\":[\"https:\\\/\\\/instagram.com\\\/zeromagazinemx\"]},{\"@type\":\"Person\",\"@id\":\"https:\\\/\\\/zeromagazine.mx\\\/#\\\/schema\\\/person\\\/9f7f1a17c60ba8e9980e3e6677aabe5a\",\"name\":\"David Morales\",\"image\":{\"@type\":\"ImageObject\",\"inLanguage\":\"es\",\"@id\":\"https:\\\/\\\/zeromagazine.mx\\\/wp-content\\\/litespeed\\\/avatar\\\/76069d2136bfc1c37dc34815bb67ca42.jpg?ver=1776966186\",\"url\":\"https:\\\/\\\/zeromagazine.mx\\\/wp-content\\\/litespeed\\\/avatar\\\/76069d2136bfc1c37dc34815bb67ca42.jpg?ver=1776966186\",\"contentUrl\":\"https:\\\/\\\/zeromagazine.mx\\\/wp-content\\\/litespeed\\\/avatar\\\/76069d2136bfc1c37dc34815bb67ca42.jpg?ver=1776966186\",\"caption\":\"David Morales\"},\"url\":\"https:\\\/\\\/zeromagazine.mx\\\/index.php\\\/author\\\/david\\\/\"}]}<\/script>\n<!-- \/ Yoast SEO plugin. -->","yoast_head_json":{"title":"Tendencias laborales 2025: lo que nadie dice - Zero Magazine","description":"Descubre las tendencias laborales 2025: task masking, craqueo silencioso y job hugging, fen\u00f3menos que revelan c\u00f3mo cambia el trabajo.","robots":{"index":"index","follow":"follow","max-snippet":"max-snippet:-1","max-image-preview":"max-image-preview:large","max-video-preview":"max-video-preview:-1"},"canonical":"https:\/\/zeromagazine.mx\/index.php\/2025\/09\/18\/tendencias-laborales-2025\/","og_locale":"es_ES","og_type":"article","og_title":"Tendencias laborales 2025: lo que nadie dice - Zero Magazine","og_description":"Descubre las tendencias laborales 2025: task masking, craqueo silencioso y job hugging, fen\u00f3menos que revelan c\u00f3mo cambia el trabajo.","og_url":"https:\/\/zeromagazine.mx\/index.php\/2025\/09\/18\/tendencias-laborales-2025\/","og_site_name":"Zero Magazine","article_published_time":"2025-09-18T13:42:41+00:00","article_modified_time":"2025-09-18T13:42:49+00:00","og_image":[{"width":2000,"height":1334,"url":"http:\/\/zeromagazine.mx\/wp-content\/uploads\/2025\/09\/cerrar-el-trabajo-en-equipo-de-jovenes-empresarios.jpg","type":"image\/jpeg"}],"author":"David Morales","twitter_card":"summary_large_image","twitter_misc":{"Escrito por":"David Morales","Tiempo de lectura":"2 minutos"},"schema":{"@context":"https:\/\/schema.org","@graph":[{"@type":"Article","@id":"https:\/\/zeromagazine.mx\/index.php\/2025\/09\/18\/tendencias-laborales-2025\/#article","isPartOf":{"@id":"https:\/\/zeromagazine.mx\/index.php\/2025\/09\/18\/tendencias-laborales-2025\/"},"author":{"name":"David Morales","@id":"https:\/\/zeromagazine.mx\/#\/schema\/person\/9f7f1a17c60ba8e9980e3e6677aabe5a"},"headline":"Tendencias laborales 2025: lo que nadie dice","datePublished":"2025-09-18T13:42:41+00:00","dateModified":"2025-09-18T13:42:49+00:00","mainEntityOfPage":{"@id":"https:\/\/zeromagazine.mx\/index.php\/2025\/09\/18\/tendencias-laborales-2025\/"},"wordCount":304,"commentCount":0,"publisher":{"@id":"https:\/\/zeromagazine.mx\/#organization"},"image":{"@id":"https:\/\/zeromagazine.mx\/index.php\/2025\/09\/18\/tendencias-laborales-2025\/#primaryimage"},"thumbnailUrl":"https:\/\/i0.wp.com\/zeromagazine.mx\/wp-content\/uploads\/2025\/09\/cerrar-el-trabajo-en-equipo-de-jovenes-empresarios.jpg?fit=2000%2C1334&ssl=1","articleSection":["Blog"],"inLanguage":"es","potentialAction":[{"@type":"CommentAction","name":"Comment","target":["https:\/\/zeromagazine.mx\/index.php\/2025\/09\/18\/tendencias-laborales-2025\/#respond"]}]},{"@type":"WebPage","@id":"https:\/\/zeromagazine.mx\/index.php\/2025\/09\/18\/tendencias-laborales-2025\/","url":"https:\/\/zeromagazine.mx\/index.php\/2025\/09\/18\/tendencias-laborales-2025\/","name":"Tendencias laborales 2025: lo que nadie dice - Zero Magazine","isPartOf":{"@id":"https:\/\/zeromagazine.mx\/#website"},"primaryImageOfPage":{"@id":"https:\/\/zeromagazine.mx\/index.php\/2025\/09\/18\/tendencias-laborales-2025\/#primaryimage"},"image":{"@id":"https:\/\/zeromagazine.mx\/index.php\/2025\/09\/18\/tendencias-laborales-2025\/#primaryimage"},"thumbnailUrl":"https:\/\/i0.wp.com\/zeromagazine.mx\/wp-content\/uploads\/2025\/09\/cerrar-el-trabajo-en-equipo-de-jovenes-empresarios.jpg?fit=2000%2C1334&ssl=1","datePublished":"2025-09-18T13:42:41+00:00","dateModified":"2025-09-18T13:42:49+00:00","description":"Descubre las tendencias laborales 2025: task masking, craqueo silencioso y job hugging, fen\u00f3menos que revelan c\u00f3mo cambia el trabajo.","breadcrumb":{"@id":"https:\/\/zeromagazine.mx\/index.php\/2025\/09\/18\/tendencias-laborales-2025\/#breadcrumb"},"inLanguage":"es","potentialAction":[{"@type":"ReadAction","target":["https:\/\/zeromagazine.mx\/index.php\/2025\/09\/18\/tendencias-laborales-2025\/"]}]},{"@type":"ImageObject","inLanguage":"es","@id":"https:\/\/zeromagazine.mx\/index.php\/2025\/09\/18\/tendencias-laborales-2025\/#primaryimage","url":"https:\/\/i0.wp.com\/zeromagazine.mx\/wp-content\/uploads\/2025\/09\/cerrar-el-trabajo-en-equipo-de-jovenes-empresarios.jpg?fit=2000%2C1334&ssl=1","contentUrl":"https:\/\/i0.wp.com\/zeromagazine.mx\/wp-content\/uploads\/2025\/09\/cerrar-el-trabajo-en-equipo-de-jovenes-empresarios.jpg?fit=2000%2C1334&ssl=1","width":2000,"height":1334},{"@type":"BreadcrumbList","@id":"https:\/\/zeromagazine.mx\/index.php\/2025\/09\/18\/tendencias-laborales-2025\/#breadcrumb","itemListElement":[{"@type":"ListItem","position":1,"name":"Portada","item":"https:\/\/zeromagazine.mx\/"},{"@type":"ListItem","position":2,"name":"Tendencias laborales 2025: lo que nadie dice"}]},{"@type":"WebSite","@id":"https:\/\/zeromagazine.mx\/#website","url":"https:\/\/zeromagazine.mx\/","name":"Zero Magazine","description":"","publisher":{"@id":"https:\/\/zeromagazine.mx\/#organization"},"potentialAction":[{"@type":"SearchAction","target":{"@type":"EntryPoint","urlTemplate":"https:\/\/zeromagazine.mx\/?s={search_term_string}"},"query-input":{"@type":"PropertyValueSpecification","valueRequired":true,"valueName":"search_term_string"}}],"inLanguage":"es"},{"@type":"Organization","@id":"https:\/\/zeromagazine.mx\/#organization","name":"Zero Magazine","url":"https:\/\/zeromagazine.mx\/","logo":{"@type":"ImageObject","inLanguage":"es","@id":"https:\/\/zeromagazine.mx\/#\/schema\/logo\/image\/","url":"https:\/\/i0.wp.com\/zeromagazine.mx\/wp-content\/uploads\/2025\/11\/1.jpeg?fit=1000%2C1000&ssl=1","contentUrl":"https:\/\/i0.wp.com\/zeromagazine.mx\/wp-content\/uploads\/2025\/11\/1.jpeg?fit=1000%2C1000&ssl=1","width":1000,"height":1000,"caption":"Zero Magazine"},"image":{"@id":"https:\/\/zeromagazine.mx\/#\/schema\/logo\/image\/"},"sameAs":["https:\/\/instagram.com\/zeromagazinemx"]},{"@type":"Person","@id":"https:\/\/zeromagazine.mx\/#\/schema\/person\/9f7f1a17c60ba8e9980e3e6677aabe5a","name":"David Morales","image":{"@type":"ImageObject","inLanguage":"es","@id":"https:\/\/zeromagazine.mx\/wp-content\/litespeed\/avatar\/76069d2136bfc1c37dc34815bb67ca42.jpg?ver=1776966186","url":"https:\/\/zeromagazine.mx\/wp-content\/litespeed\/avatar\/76069d2136bfc1c37dc34815bb67ca42.jpg?ver=1776966186","contentUrl":"https:\/\/zeromagazine.mx\/wp-content\/litespeed\/avatar\/76069d2136bfc1c37dc34815bb67ca42.jpg?ver=1776966186","caption":"David Morales"},"url":"https:\/\/zeromagazine.mx\/index.php\/author\/david\/"}]}},"jetpack_publicize_connections":[],"jetpack_featured_media_url":"https:\/\/i0.wp.com\/zeromagazine.mx\/wp-content\/uploads\/2025\/09\/cerrar-el-trabajo-en-equipo-de-jovenes-empresarios.jpg?fit=2000%2C1334&ssl=1","jetpack-related-posts":[{"id":91059,"url":"https:\/\/zeromagazine.mx\/index.php\/2024\/11\/19\/8-tendencias-laborales-para-2025-en-mexico\/","url_meta":{"origin":108410,"position":0},"title":"8 Tendencias Laborales para 2025 en M\u00e9xico","author":"zeromagazinemx","date":"19 de noviembre de 2024","format":false,"excerpt":"Amigxs el 2025 est\u00e1 a la vuelta de la esquina, y las empresas en M\u00e9xico est\u00e1n a punto de experimentar una transformaci\u00f3n \u00e9pica en la manera en que gestionan a sus colaboradores. En un contexto de cambios acelerados, tecnolog\u00eda a todo lo que da y un mercado que demanda rapidez\u2026","rel":"","context":"En \u00abTech\u00bb","block_context":{"text":"Tech","link":"https:\/\/zeromagazine.mx\/index.php\/category\/tech\/"},"img":{"alt_text":"","src":"https:\/\/i0.wp.com\/zeromagazine.mx\/wp-content\/uploads\/2024\/11\/1721201480872.png?fit=1200%2C675&ssl=1&resize=350%2C200","width":350,"height":200,"srcset":"https:\/\/i0.wp.com\/zeromagazine.mx\/wp-content\/uploads\/2024\/11\/1721201480872.png?fit=1200%2C675&ssl=1&resize=350%2C200 1x, https:\/\/i0.wp.com\/zeromagazine.mx\/wp-content\/uploads\/2024\/11\/1721201480872.png?fit=1200%2C675&ssl=1&resize=525%2C300 1.5x, https:\/\/i0.wp.com\/zeromagazine.mx\/wp-content\/uploads\/2024\/11\/1721201480872.png?fit=1200%2C675&ssl=1&resize=700%2C400 2x, https:\/\/i0.wp.com\/zeromagazine.mx\/wp-content\/uploads\/2024\/11\/1721201480872.png?fit=1200%2C675&ssl=1&resize=1050%2C600 3x"},"classes":[]},{"id":92953,"url":"https:\/\/zeromagazine.mx\/index.php\/2024\/12\/11\/volkswagen-inclusion-lgbtq-al-maximo\/","url_meta":{"origin":108410,"position":1},"title":"Volkswagen: Inclusi\u00f3n LGBTQ+ al M\u00e1ximo","author":"zeromagazinemx","date":"11 de diciembre de 2024","format":false,"excerpt":"Inclusi\u00f3n laboral LGBTQ+ \u00bfSab\u00edas que Volkswagen de M\u00e9xico acaba de recibir el certificado \u201cMejores Lugares para Trabajar LGBTQ+ 2025\u201d? Este reconocimiento lo otorga la Fundaci\u00f3n Human Rights Campaign (HRC), una de las m\u00e1s importantes en el \u00e1mbito de la inclusi\u00f3n y la equidad laboral. Este logro, obtenido gracias a su\u2026","rel":"","context":"En \u00abEntretenimiento\u00bb","block_context":{"text":"Entretenimiento","link":"https:\/\/zeromagazine.mx\/index.php\/category\/entretenimiento\/"},"img":{"alt_text":"","src":"https:\/\/i0.wp.com\/zeromagazine.mx\/wp-content\/uploads\/2024\/12\/Marcha-CDMX-2024-6.jpg?fit=1200%2C900&ssl=1&resize=350%2C200","width":350,"height":200,"srcset":"https:\/\/i0.wp.com\/zeromagazine.mx\/wp-content\/uploads\/2024\/12\/Marcha-CDMX-2024-6.jpg?fit=1200%2C900&ssl=1&resize=350%2C200 1x, https:\/\/i0.wp.com\/zeromagazine.mx\/wp-content\/uploads\/2024\/12\/Marcha-CDMX-2024-6.jpg?fit=1200%2C900&ssl=1&resize=525%2C300 1.5x, https:\/\/i0.wp.com\/zeromagazine.mx\/wp-content\/uploads\/2024\/12\/Marcha-CDMX-2024-6.jpg?fit=1200%2C900&ssl=1&resize=700%2C400 2x, https:\/\/i0.wp.com\/zeromagazine.mx\/wp-content\/uploads\/2024\/12\/Marcha-CDMX-2024-6.jpg?fit=1200%2C900&ssl=1&resize=1050%2C600 3x"},"classes":[]},{"id":91346,"url":"https:\/\/zeromagazine.mx\/index.php\/2024\/11\/22\/transforma-tu-vida-con-matias\/","url_meta":{"origin":108410,"position":2},"title":"\u00abTransforma tu vida con Mat\u00edas\u00bb","author":"zeromagazinemx","date":"22 de noviembre de 2024","format":false,"excerpt":"Si est\u00e1s buscando motivaci\u00f3n para transformar tu vida, este es el momento. Mat\u00edas Fit, el crack del fitness y la nutrici\u00f3n, viene a ense\u00f1arte que el bienestar va m\u00e1s all\u00e1 del ejercicio: se trata de cuidar tu cuerpo, mente y esp\u00edritu.\u00a0Con su enfoque \u00fanico y lleno de energ\u00eda, Mat\u00edas no\u2026","rel":"","context":"En \u00abBienestar\u00bb","block_context":{"text":"Bienestar","link":"https:\/\/zeromagazine.mx\/index.php\/category\/lifestyle\/bienestar\/"},"img":{"alt_text":"","src":"https:\/\/i0.wp.com\/zeromagazine.mx\/wp-content\/uploads\/2024\/11\/matias-11-scaled.jpeg?fit=1200%2C800&ssl=1&resize=350%2C200","width":350,"height":200,"srcset":"https:\/\/i0.wp.com\/zeromagazine.mx\/wp-content\/uploads\/2024\/11\/matias-11-scaled.jpeg?fit=1200%2C800&ssl=1&resize=350%2C200 1x, https:\/\/i0.wp.com\/zeromagazine.mx\/wp-content\/uploads\/2024\/11\/matias-11-scaled.jpeg?fit=1200%2C800&ssl=1&resize=525%2C300 1.5x, https:\/\/i0.wp.com\/zeromagazine.mx\/wp-content\/uploads\/2024\/11\/matias-11-scaled.jpeg?fit=1200%2C800&ssl=1&resize=700%2C400 2x, https:\/\/i0.wp.com\/zeromagazine.mx\/wp-content\/uploads\/2024\/11\/matias-11-scaled.jpeg?fit=1200%2C800&ssl=1&resize=1050%2C600 3x"},"classes":[]},{"id":111224,"url":"https:\/\/zeromagazine.mx\/index.php\/2025\/11\/22\/detox-facial-coreano-ritual-kbeauty\/","url_meta":{"origin":108410,"position":3},"title":"Detox facial coreano: glow inmediato","author":"Luis Trujano","date":"22 de noviembre de 2025","format":false,"excerpt":"El skincare est\u00e1 viviendo un momento peak, pero nada ha causado m\u00e1s obsesi\u00f3n \u00faltimamente que el detox facial coreano, un ritual que mezcla tradici\u00f3n herbal, tecnolog\u00eda moderna y vibes de autocuidado que se sienten como un mini spa en casa. Este enfoque no solo limpia: transforma la piel desde el\u2026","rel":"","context":"En \u00abBeauty\u00bb","block_context":{"text":"Beauty","link":"https:\/\/zeromagazine.mx\/index.php\/category\/beauty\/"},"img":{"alt_text":"","src":"https:\/\/i0.wp.com\/zeromagazine.mx\/wp-content\/uploads\/2025\/11\/Skin-Sense-mascarilla-uva.png?fit=850%2C1134&ssl=1&resize=350%2C200","width":350,"height":200,"srcset":"https:\/\/i0.wp.com\/zeromagazine.mx\/wp-content\/uploads\/2025\/11\/Skin-Sense-mascarilla-uva.png?fit=850%2C1134&ssl=1&resize=350%2C200 1x, https:\/\/i0.wp.com\/zeromagazine.mx\/wp-content\/uploads\/2025\/11\/Skin-Sense-mascarilla-uva.png?fit=850%2C1134&ssl=1&resize=525%2C300 1.5x, https:\/\/i0.wp.com\/zeromagazine.mx\/wp-content\/uploads\/2025\/11\/Skin-Sense-mascarilla-uva.png?fit=850%2C1134&ssl=1&resize=700%2C400 2x"},"classes":[]},{"id":94264,"url":"https:\/\/zeromagazine.mx\/index.php\/2025\/01\/07\/la-ia-como-aliado\/","url_meta":{"origin":108410,"position":4},"title":"La IA como aliado","author":"zeromagazinemx","date":"7 de enero de 2025","format":false,"excerpt":"La IA como aliado La IA como aliado est\u00e1 de vuelta amix. El 2025 ya est\u00e1 aqu\u00ed y, con \u00e9l, una revoluci\u00f3n tecnol\u00f3gica que est\u00e1 transformando la forma en que trabajamos. La inteligencia artificial (IA) no es una amenaza, sino una oportunidad para que nuestras profesiones evolucionen. Como persona de\u2026","rel":"","context":"En \u00abTech\u00bb","block_context":{"text":"Tech","link":"https:\/\/zeromagazine.mx\/index.php\/category\/tech\/"},"img":{"alt_text":"","src":"https:\/\/i0.wp.com\/zeromagazine.mx\/wp-content\/uploads\/2025\/01\/Captura-de-pantalla-2025-01-07-a-las-14.23.12-1.png?fit=997%2C1200&ssl=1&resize=350%2C200","width":350,"height":200,"srcset":"https:\/\/i0.wp.com\/zeromagazine.mx\/wp-content\/uploads\/2025\/01\/Captura-de-pantalla-2025-01-07-a-las-14.23.12-1.png?fit=997%2C1200&ssl=1&resize=350%2C200 1x, https:\/\/i0.wp.com\/zeromagazine.mx\/wp-content\/uploads\/2025\/01\/Captura-de-pantalla-2025-01-07-a-las-14.23.12-1.png?fit=997%2C1200&ssl=1&resize=525%2C300 1.5x, https:\/\/i0.wp.com\/zeromagazine.mx\/wp-content\/uploads\/2025\/01\/Captura-de-pantalla-2025-01-07-a-las-14.23.12-1.png?fit=997%2C1200&ssl=1&resize=700%2C400 2x"},"classes":[]},{"id":92687,"url":"https:\/\/zeromagazine.mx\/index.php\/2024\/12\/10\/pinterest-inspira-tendencias-2025\/","url_meta":{"origin":108410,"position":5},"title":"Pinterest inspira tendencias 2025","author":"zeromagazinemx","date":"10 de diciembre de 2024","format":false,"excerpt":"Pinterest predice las tendencias \u00bfSab\u00edas que Pinterest predice las tendencias 2025? Pues prep\u00e1rate porque\u00a0Pinterest Predicts\u00a0ya solt\u00f3 la sopa, y d\u00e9jame decirte, este a\u00f1o se trata de\u00a0vibrar alto y destacar. Desde fiestas m\u00e1s \u00edntimas como las \u201cnesting parties\u201d hasta pasteles ca\u00f3ticos y una revoluci\u00f3n de moda y viajes, todo apunta a\u2026","rel":"","context":"En \u00abModa\u00bb","block_context":{"text":"Moda","link":"https:\/\/zeromagazine.mx\/index.php\/category\/moda\/"},"img":{"alt_text":"","src":"https:\/\/i0.wp.com\/zeromagazine.mx\/wp-content\/uploads\/2024\/12\/Pinterest-Predicts_hero_INTL.webp?fit=1200%2C675&ssl=1&resize=350%2C200","width":350,"height":200,"srcset":"https:\/\/i0.wp.com\/zeromagazine.mx\/wp-content\/uploads\/2024\/12\/Pinterest-Predicts_hero_INTL.webp?fit=1200%2C675&ssl=1&resize=350%2C200 1x, https:\/\/i0.wp.com\/zeromagazine.mx\/wp-content\/uploads\/2024\/12\/Pinterest-Predicts_hero_INTL.webp?fit=1200%2C675&ssl=1&resize=525%2C300 1.5x, https:\/\/i0.wp.com\/zeromagazine.mx\/wp-content\/uploads\/2024\/12\/Pinterest-Predicts_hero_INTL.webp?fit=1200%2C675&ssl=1&resize=700%2C400 2x, https:\/\/i0.wp.com\/zeromagazine.mx\/wp-content\/uploads\/2024\/12\/Pinterest-Predicts_hero_INTL.webp?fit=1200%2C675&ssl=1&resize=1050%2C600 3x"},"classes":[]}],"jetpack_sharing_enabled":true,"builder_content":"","_links":{"self":[{"href":"https:\/\/zeromagazine.mx\/index.php\/wp-json\/wp\/v2\/posts\/108410","targetHints":{"allow":["GET"]}}],"collection":[{"href":"https:\/\/zeromagazine.mx\/index.php\/wp-json\/wp\/v2\/posts"}],"about":[{"href":"https:\/\/zeromagazine.mx\/index.php\/wp-json\/wp\/v2\/types\/post"}],"author":[{"embeddable":true,"href":"https:\/\/zeromagazine.mx\/index.php\/wp-json\/wp\/v2\/users\/4"}],"replies":[{"embeddable":true,"href":"https:\/\/zeromagazine.mx\/index.php\/wp-json\/wp\/v2\/comments?post=108410"}],"version-history":[{"count":2,"href":"https:\/\/zeromagazine.mx\/index.php\/wp-json\/wp\/v2\/posts\/108410\/revisions"}],"predecessor-version":[{"id":108412,"href":"https:\/\/zeromagazine.mx\/index.php\/wp-json\/wp\/v2\/posts\/108410\/revisions\/108412"}],"wp:featuredmedia":[{"embeddable":true,"href":"https:\/\/zeromagazine.mx\/index.php\/wp-json\/wp\/v2\/media\/108408"}],"wp:attachment":[{"href":"https:\/\/zeromagazine.mx\/index.php\/wp-json\/wp\/v2\/media?parent=108410"}],"wp:term":[{"taxonomy":"category","embeddable":true,"href":"https:\/\/zeromagazine.mx\/index.php\/wp-json\/wp\/v2\/categories?post=108410"},{"taxonomy":"post_tag","embeddable":true,"href":"https:\/\/zeromagazine.mx\/index.php\/wp-json\/wp\/v2\/tags?post=108410"}],"curies":[{"name":"wp","href":"https:\/\/api.w.org\/{rel}","templated":true}]}}