{"id":108493,"date":"2025-09-18T16:11:26","date_gmt":"2025-09-18T22:11:26","guid":{"rendered":"https:\/\/zeromagazine.mx\/?p=108493"},"modified":"2025-09-18T16:11:29","modified_gmt":"2025-09-18T22:11:29","slug":"hablemos-de-acne-sin-filtros","status":"publish","type":"post","link":"https:\/\/zeromagazine.mx\/index.php\/2025\/09\/18\/hablemos-de-acne-sin-filtros\/","title":{"rendered":"Hablemos de acn\u00e9 sin filtros: mitos y realidades"},"content":{"rendered":"<!--themify_builder_content-->\n<div id=\"themify_builder_content-108493\" data-postid=\"108493\" class=\"themify_builder_content themify_builder_content-108493 themify_builder tf_clear\">\n    <\/div>\n<!--\/themify_builder_content-->\n\n\n<p>Tengo 28 a\u00f1os y neta ya me cans\u00e9 de que lo \u00fanico \u201cteen\u201d que me queda sea el acn\u00e9. O sea, ya quisiera que mi piel entendiera que los veintes son para disfrutar, no para seguir batallando con brotes random. Pero justo por eso septiembre, que es el\u00a0<strong>Mes del Acn\u00e9<\/strong>, se siente como la excusa perfecta para que hablemos de acn\u00e9 sin filtros, sin pena y con la neta en la mesa. Porque m\u00e1s all\u00e1 de la apariencia, lo que pasa en la piel tambi\u00e9n nos pega en la autoestima.<\/p>\n\n\n\n<figure class=\"wp-block-image size-full\"><img data-recalc-dims=\"1\" decoding=\"async\" width=\"1165\" height=\"1126\" src=\"https:\/\/i0.wp.com\/zeromagazine.mx\/wp-content\/uploads\/2025\/09\/20240229_IMA_BENZAC_AAM_0851_V2-Extended-1-scaled.jpeg?resize=1165%2C1126&#038;ssl=1\" alt=\"\" class=\"wp-image-108494\" srcset=\"https:\/\/i0.wp.com\/zeromagazine.mx\/wp-content\/uploads\/2025\/09\/20240229_IMA_BENZAC_AAM_0851_V2-Extended-1-scaled.jpeg?w=2560&amp;ssl=1 2560w, https:\/\/i0.wp.com\/zeromagazine.mx\/wp-content\/uploads\/2025\/09\/20240229_IMA_BENZAC_AAM_0851_V2-Extended-1-scaled.jpeg?resize=300%2C290&amp;ssl=1 300w, https:\/\/i0.wp.com\/zeromagazine.mx\/wp-content\/uploads\/2025\/09\/20240229_IMA_BENZAC_AAM_0851_V2-Extended-1-scaled.jpeg?resize=1024%2C989&amp;ssl=1 1024w, https:\/\/i0.wp.com\/zeromagazine.mx\/wp-content\/uploads\/2025\/09\/20240229_IMA_BENZAC_AAM_0851_V2-Extended-1-scaled.jpeg?resize=768%2C742&amp;ssl=1 768w, https:\/\/i0.wp.com\/zeromagazine.mx\/wp-content\/uploads\/2025\/09\/20240229_IMA_BENZAC_AAM_0851_V2-Extended-1-scaled.jpeg?resize=1536%2C1484&amp;ssl=1 1536w, https:\/\/i0.wp.com\/zeromagazine.mx\/wp-content\/uploads\/2025\/09\/20240229_IMA_BENZAC_AAM_0851_V2-Extended-1-scaled.jpeg?resize=2048%2C1979&amp;ssl=1 2048w, https:\/\/i0.wp.com\/zeromagazine.mx\/wp-content\/uploads\/2025\/09\/20240229_IMA_BENZAC_AAM_0851_V2-Extended-1-scaled.jpeg?w=2330 2330w\" sizes=\"(max-width: 1165px) 100vw, 1165px\" \/><\/figure>\n\n\n\n<h2 class=\"wp-block-heading\">Los mitos que ya me tienen cansado<\/h2>\n\n\n\n<p>Primero lo t\u00edpico: \u201cTe salen porque comiste papas\u201d. Bro, no. Comer mal no es lo que genera los brotes. Claro, llevar una dieta balanceada ayuda, pero la realidad es que el acn\u00e9 suele estar m\u00e1s ligado a la gen\u00e9tica, la bacteria&nbsp;<em>C. acnes<\/em>&nbsp;o incluso c\u00f3mo anda la microbiota de tu piel. Y aqu\u00ed es donde productos como&nbsp;<strong>Benzacare Microbioma Equalizer<\/strong>&nbsp;hacen paro, porque fortalecen la piel desde adentro sin obligarte a dejar de comer lo que te gusta.<\/p>\n\n\n\n<p>Luego est\u00e1 la otra joyita: \u201cEs porque no te lavas bien la cara\u201d. Como si tallarse con lija fuera la soluci\u00f3n. La neta, lo peor que puedes hacer es maltratar tu piel. Los limpiadores suaves como&nbsp;<strong>Benzacare pH Control Gel Limpiador<\/strong>&nbsp;ayudan a mantener el balance y eliminar impurezas sin resecar de m\u00e1s.<\/p>\n\n\n\n<figure class=\"wp-block-image size-full\"><img data-recalc-dims=\"1\" decoding=\"async\" width=\"1165\" height=\"777\" src=\"https:\/\/i0.wp.com\/zeromagazine.mx\/wp-content\/uploads\/2025\/09\/P_4374_BENZAC_KV-Number-35-scaled.jpeg?resize=1165%2C777&#038;ssl=1\" alt=\"\" class=\"wp-image-108495\" srcset=\"https:\/\/i0.wp.com\/zeromagazine.mx\/wp-content\/uploads\/2025\/09\/P_4374_BENZAC_KV-Number-35-scaled.jpeg?w=2560&amp;ssl=1 2560w, https:\/\/i0.wp.com\/zeromagazine.mx\/wp-content\/uploads\/2025\/09\/P_4374_BENZAC_KV-Number-35-scaled.jpeg?resize=300%2C200&amp;ssl=1 300w, https:\/\/i0.wp.com\/zeromagazine.mx\/wp-content\/uploads\/2025\/09\/P_4374_BENZAC_KV-Number-35-scaled.jpeg?resize=1024%2C683&amp;ssl=1 1024w, https:\/\/i0.wp.com\/zeromagazine.mx\/wp-content\/uploads\/2025\/09\/P_4374_BENZAC_KV-Number-35-scaled.jpeg?resize=768%2C512&amp;ssl=1 768w, https:\/\/i0.wp.com\/zeromagazine.mx\/wp-content\/uploads\/2025\/09\/P_4374_BENZAC_KV-Number-35-scaled.jpeg?resize=1536%2C1024&amp;ssl=1 1536w, https:\/\/i0.wp.com\/zeromagazine.mx\/wp-content\/uploads\/2025\/09\/P_4374_BENZAC_KV-Number-35-scaled.jpeg?resize=2048%2C1365&amp;ssl=1 2048w, https:\/\/i0.wp.com\/zeromagazine.mx\/wp-content\/uploads\/2025\/09\/P_4374_BENZAC_KV-Number-35-scaled.jpeg?w=2330 2330w\" sizes=\"(max-width: 1165px) 100vw, 1165px\" \/><\/figure>\n\n\n\n<p>Y obvio, la frase que m\u00e1s odio: \u201cEso es de adolescentes, ya deber\u00edas haberlo superado\u201d. Como si los brotes tuvieran fecha de caducidad. La realidad es que el acn\u00e9 puede salirte a los 15 o a los 30. Para esos d\u00edas en los que sale un brote justo antes de una junta, los&nbsp;<strong>Power Patches<\/strong>&nbsp;son un must: \u00e1cido salic\u00edlico para bajar el tama\u00f1o, hierba de sauce canadiense para calmar y centella asi\u00e1tica para evitar marcas. B\u00e1sicamente, un escudo ninja para sobrevivir el d\u00eda sin drama.<\/p>\n\n\n\n<h2 class=\"wp-block-heading\">M\u00e1s que est\u00e9tica, es salud mental<\/h2>\n\n\n\n<p>Por \u00faltimo, el cl\u00e1sico: \u201cD\u00e9jalo, se quita solo\u201d. Spoiler: no siempre. Muchos brotes dejan marcas si no les das atenci\u00f3n. Y peor a\u00fan, mucha gente cree que \u201cno es para tanto\u201d, pero cuando se trata de autoestima s\u00ed lo es. Porque el acn\u00e9 no solo afecta la piel, tambi\u00e9n c\u00f3mo nos vemos y c\u00f3mo nos sentimos en p\u00fablico, por eso es necesario ue hablemos de acn\u00e9 sin filtros.<\/p>\n\n\n\n<figure class=\"wp-block-image size-full\"><img decoding=\"async\" src=\"https:\/\/zeromagazine.mx\/wp-content\/uploads\/2025\/09\/P_4373_BENZAC_KV-Number-20__VER-2-1.tiff\" alt=\"\" class=\"wp-image-108497\"\/><\/figure>\n\n\n\n<p>Lo chido es que ya hay espacios donde se habla del tema con honestidad. Este mes habr\u00e1 activaciones en Walmart, HEB y universidades como UNITEC o UVM, justo para quitarle los prejuicios al acn\u00e9 y hablar de c\u00f3mo cuidarnos neta. Y si quieres seguir la conversaci\u00f3n, en&nbsp;<a href=\"https:\/\/www.benzac.mx\/\">benzac.mx<\/a>&nbsp;y en sus redes (Instagram, Facebook y TikTok) est\u00e1n compartiendo tips y m\u00e1s info para que dejemos atr\u00e1s los filtros y hablemos de piel real.<\/p>","protected":false},"excerpt":{"rendered":"<p>Tengo 28 a\u00f1os y neta ya me cans\u00e9 de que lo \u00fanico \u201cteen\u201d que me queda sea el acn\u00e9. O sea, ya quisiera que mi piel entendiera que los veintes son para disfrutar, no para seguir batallando con brotes random. Pero justo por eso septiembre, que es el\u00a0Mes del Acn\u00e9, se siente como la excusa [&hellip;]<\/p>\n","protected":false},"author":4,"featured_media":108494,"comment_status":"open","ping_status":"open","sticky":false,"template":"","format":"standard","meta":{"_jetpack_memberships_contains_paid_content":false,"footnotes":"","jetpack_publicize_message":"","jetpack_publicize_feature_enabled":true,"jetpack_social_post_already_shared":true,"jetpack_social_options":{"image_generator_settings":{"template":"highway","default_image_id":0,"font":"","enabled":false},"version":2}},"categories":[9858],"tags":[],"class_list":["post-108493","post","type-post","status-publish","format-standard","has-post-thumbnail","hentry","category-beauty","has-post-title","has-post-date","has-post-category","has-post-tag","has-post-comment","has-post-author",""],"yoast_head":"<!-- This site is optimized with the Yoast SEO plugin v27.5 - https:\/\/yoast.com\/product\/yoast-seo-wordpress\/ -->\n<title>Hablemos de acn\u00e9 sin filtros: mitos y realidades - Zero Magazine<\/title>\n<meta name=\"description\" content=\"Hablemos de acn\u00e9 sin filtros: mitos, realidades y cuidados para la piel en los 20s. Descubre c\u00f3mo tratar brotes y recuperar tu confianza.\" \/>\n<meta name=\"robots\" content=\"index, follow, max-snippet:-1, max-image-preview:large, max-video-preview:-1\" \/>\n<link rel=\"canonical\" href=\"https:\/\/zeromagazine.mx\/index.php\/2025\/09\/18\/hablemos-de-acne-sin-filtros\/\" \/>\n<meta property=\"og:locale\" content=\"es_ES\" \/>\n<meta property=\"og:type\" content=\"article\" \/>\n<meta property=\"og:title\" content=\"Hablemos de acn\u00e9 sin filtros: mitos y realidades - Zero Magazine\" \/>\n<meta property=\"og:description\" content=\"Hablemos de acn\u00e9 sin filtros: mitos, realidades y cuidados para la piel en los 20s. Descubre c\u00f3mo tratar brotes y recuperar tu confianza.\" \/>\n<meta property=\"og:url\" content=\"https:\/\/zeromagazine.mx\/index.php\/2025\/09\/18\/hablemos-de-acne-sin-filtros\/\" \/>\n<meta property=\"og:site_name\" content=\"Zero Magazine\" \/>\n<meta property=\"article:published_time\" content=\"2025-09-18T22:11:26+00:00\" \/>\n<meta property=\"article:modified_time\" content=\"2025-09-18T22:11:29+00:00\" \/>\n<meta property=\"og:image\" content=\"http:\/\/zeromagazine.mx\/wp-content\/uploads\/2025\/09\/20240229_IMA_BENZAC_AAM_0851_V2-Extended-1-scaled.jpeg\" \/>\n\t<meta property=\"og:image:width\" content=\"2560\" \/>\n\t<meta property=\"og:image:height\" content=\"2474\" \/>\n\t<meta property=\"og:image:type\" content=\"image\/jpeg\" \/>\n<meta name=\"author\" content=\"David Morales\" \/>\n<meta name=\"twitter:card\" content=\"summary_large_image\" \/>\n<meta name=\"twitter:label1\" content=\"Escrito por\" \/>\n\t<meta name=\"twitter:data1\" content=\"David Morales\" \/>\n\t<meta name=\"twitter:label2\" content=\"Tiempo de lectura\" \/>\n\t<meta name=\"twitter:data2\" content=\"3 minutos\" \/>\n<script type=\"application\/ld+json\" class=\"yoast-schema-graph\">{\"@context\":\"https:\\\/\\\/schema.org\",\"@graph\":[{\"@type\":\"Article\",\"@id\":\"https:\\\/\\\/zeromagazine.mx\\\/index.php\\\/2025\\\/09\\\/18\\\/hablemos-de-acne-sin-filtros\\\/#article\",\"isPartOf\":{\"@id\":\"https:\\\/\\\/zeromagazine.mx\\\/index.php\\\/2025\\\/09\\\/18\\\/hablemos-de-acne-sin-filtros\\\/\"},\"author\":{\"name\":\"David Morales\",\"@id\":\"https:\\\/\\\/zeromagazine.mx\\\/#\\\/schema\\\/person\\\/9f7f1a17c60ba8e9980e3e6677aabe5a\"},\"headline\":\"Hablemos de acn\u00e9 sin filtros: mitos y realidades\",\"datePublished\":\"2025-09-18T22:11:26+00:00\",\"dateModified\":\"2025-09-18T22:11:29+00:00\",\"mainEntityOfPage\":{\"@id\":\"https:\\\/\\\/zeromagazine.mx\\\/index.php\\\/2025\\\/09\\\/18\\\/hablemos-de-acne-sin-filtros\\\/\"},\"wordCount\":511,\"commentCount\":0,\"publisher\":{\"@id\":\"https:\\\/\\\/zeromagazine.mx\\\/#organization\"},\"image\":{\"@id\":\"https:\\\/\\\/zeromagazine.mx\\\/index.php\\\/2025\\\/09\\\/18\\\/hablemos-de-acne-sin-filtros\\\/#primaryimage\"},\"thumbnailUrl\":\"https:\\\/\\\/i0.wp.com\\\/zeromagazine.mx\\\/wp-content\\\/uploads\\\/2025\\\/09\\\/20240229_IMA_BENZAC_AAM_0851_V2-Extended-1-scaled.jpeg?fit=2560%2C2474&ssl=1\",\"articleSection\":[\"Beauty\"],\"inLanguage\":\"es\",\"potentialAction\":[{\"@type\":\"CommentAction\",\"name\":\"Comment\",\"target\":[\"https:\\\/\\\/zeromagazine.mx\\\/index.php\\\/2025\\\/09\\\/18\\\/hablemos-de-acne-sin-filtros\\\/#respond\"]}]},{\"@type\":\"WebPage\",\"@id\":\"https:\\\/\\\/zeromagazine.mx\\\/index.php\\\/2025\\\/09\\\/18\\\/hablemos-de-acne-sin-filtros\\\/\",\"url\":\"https:\\\/\\\/zeromagazine.mx\\\/index.php\\\/2025\\\/09\\\/18\\\/hablemos-de-acne-sin-filtros\\\/\",\"name\":\"Hablemos de acn\u00e9 sin filtros: mitos y realidades - Zero Magazine\",\"isPartOf\":{\"@id\":\"https:\\\/\\\/zeromagazine.mx\\\/#website\"},\"primaryImageOfPage\":{\"@id\":\"https:\\\/\\\/zeromagazine.mx\\\/index.php\\\/2025\\\/09\\\/18\\\/hablemos-de-acne-sin-filtros\\\/#primaryimage\"},\"image\":{\"@id\":\"https:\\\/\\\/zeromagazine.mx\\\/index.php\\\/2025\\\/09\\\/18\\\/hablemos-de-acne-sin-filtros\\\/#primaryimage\"},\"thumbnailUrl\":\"https:\\\/\\\/i0.wp.com\\\/zeromagazine.mx\\\/wp-content\\\/uploads\\\/2025\\\/09\\\/20240229_IMA_BENZAC_AAM_0851_V2-Extended-1-scaled.jpeg?fit=2560%2C2474&ssl=1\",\"datePublished\":\"2025-09-18T22:11:26+00:00\",\"dateModified\":\"2025-09-18T22:11:29+00:00\",\"description\":\"Hablemos de acn\u00e9 sin filtros: mitos, realidades y cuidados para la piel en los 20s. Descubre c\u00f3mo tratar brotes y recuperar tu confianza.\",\"breadcrumb\":{\"@id\":\"https:\\\/\\\/zeromagazine.mx\\\/index.php\\\/2025\\\/09\\\/18\\\/hablemos-de-acne-sin-filtros\\\/#breadcrumb\"},\"inLanguage\":\"es\",\"potentialAction\":[{\"@type\":\"ReadAction\",\"target\":[\"https:\\\/\\\/zeromagazine.mx\\\/index.php\\\/2025\\\/09\\\/18\\\/hablemos-de-acne-sin-filtros\\\/\"]}]},{\"@type\":\"ImageObject\",\"inLanguage\":\"es\",\"@id\":\"https:\\\/\\\/zeromagazine.mx\\\/index.php\\\/2025\\\/09\\\/18\\\/hablemos-de-acne-sin-filtros\\\/#primaryimage\",\"url\":\"https:\\\/\\\/i0.wp.com\\\/zeromagazine.mx\\\/wp-content\\\/uploads\\\/2025\\\/09\\\/20240229_IMA_BENZAC_AAM_0851_V2-Extended-1-scaled.jpeg?fit=2560%2C2474&ssl=1\",\"contentUrl\":\"https:\\\/\\\/i0.wp.com\\\/zeromagazine.mx\\\/wp-content\\\/uploads\\\/2025\\\/09\\\/20240229_IMA_BENZAC_AAM_0851_V2-Extended-1-scaled.jpeg?fit=2560%2C2474&ssl=1\",\"width\":2560,\"height\":2474},{\"@type\":\"BreadcrumbList\",\"@id\":\"https:\\\/\\\/zeromagazine.mx\\\/index.php\\\/2025\\\/09\\\/18\\\/hablemos-de-acne-sin-filtros\\\/#breadcrumb\",\"itemListElement\":[{\"@type\":\"ListItem\",\"position\":1,\"name\":\"Portada\",\"item\":\"https:\\\/\\\/zeromagazine.mx\\\/\"},{\"@type\":\"ListItem\",\"position\":2,\"name\":\"Hablemos de acn\u00e9 sin filtros: mitos y realidades\"}]},{\"@type\":\"WebSite\",\"@id\":\"https:\\\/\\\/zeromagazine.mx\\\/#website\",\"url\":\"https:\\\/\\\/zeromagazine.mx\\\/\",\"name\":\"Zero Magazine\",\"description\":\"\",\"publisher\":{\"@id\":\"https:\\\/\\\/zeromagazine.mx\\\/#organization\"},\"potentialAction\":[{\"@type\":\"SearchAction\",\"target\":{\"@type\":\"EntryPoint\",\"urlTemplate\":\"https:\\\/\\\/zeromagazine.mx\\\/?s={search_term_string}\"},\"query-input\":{\"@type\":\"PropertyValueSpecification\",\"valueRequired\":true,\"valueName\":\"search_term_string\"}}],\"inLanguage\":\"es\"},{\"@type\":\"Organization\",\"@id\":\"https:\\\/\\\/zeromagazine.mx\\\/#organization\",\"name\":\"Zero Magazine\",\"url\":\"https:\\\/\\\/zeromagazine.mx\\\/\",\"logo\":{\"@type\":\"ImageObject\",\"inLanguage\":\"es\",\"@id\":\"https:\\\/\\\/zeromagazine.mx\\\/#\\\/schema\\\/logo\\\/image\\\/\",\"url\":\"https:\\\/\\\/i0.wp.com\\\/zeromagazine.mx\\\/wp-content\\\/uploads\\\/2025\\\/11\\\/1.jpeg?fit=1000%2C1000&ssl=1\",\"contentUrl\":\"https:\\\/\\\/i0.wp.com\\\/zeromagazine.mx\\\/wp-content\\\/uploads\\\/2025\\\/11\\\/1.jpeg?fit=1000%2C1000&ssl=1\",\"width\":1000,\"height\":1000,\"caption\":\"Zero Magazine\"},\"image\":{\"@id\":\"https:\\\/\\\/zeromagazine.mx\\\/#\\\/schema\\\/logo\\\/image\\\/\"},\"sameAs\":[\"https:\\\/\\\/instagram.com\\\/zeromagazinemx\"]},{\"@type\":\"Person\",\"@id\":\"https:\\\/\\\/zeromagazine.mx\\\/#\\\/schema\\\/person\\\/9f7f1a17c60ba8e9980e3e6677aabe5a\",\"name\":\"David Morales\",\"image\":{\"@type\":\"ImageObject\",\"inLanguage\":\"es\",\"@id\":\"https:\\\/\\\/zeromagazine.mx\\\/wp-content\\\/litespeed\\\/avatar\\\/76069d2136bfc1c37dc34815bb67ca42.jpg?ver=1776966186\",\"url\":\"https:\\\/\\\/zeromagazine.mx\\\/wp-content\\\/litespeed\\\/avatar\\\/76069d2136bfc1c37dc34815bb67ca42.jpg?ver=1776966186\",\"contentUrl\":\"https:\\\/\\\/zeromagazine.mx\\\/wp-content\\\/litespeed\\\/avatar\\\/76069d2136bfc1c37dc34815bb67ca42.jpg?ver=1776966186\",\"caption\":\"David Morales\"},\"url\":\"https:\\\/\\\/zeromagazine.mx\\\/index.php\\\/author\\\/david\\\/\"}]}<\/script>\n<!-- \/ Yoast SEO plugin. -->","yoast_head_json":{"title":"Hablemos de acn\u00e9 sin filtros: mitos y realidades - Zero Magazine","description":"Hablemos de acn\u00e9 sin filtros: mitos, realidades y cuidados para la piel en los 20s. Descubre c\u00f3mo tratar brotes y recuperar tu confianza.","robots":{"index":"index","follow":"follow","max-snippet":"max-snippet:-1","max-image-preview":"max-image-preview:large","max-video-preview":"max-video-preview:-1"},"canonical":"https:\/\/zeromagazine.mx\/index.php\/2025\/09\/18\/hablemos-de-acne-sin-filtros\/","og_locale":"es_ES","og_type":"article","og_title":"Hablemos de acn\u00e9 sin filtros: mitos y realidades - Zero Magazine","og_description":"Hablemos de acn\u00e9 sin filtros: mitos, realidades y cuidados para la piel en los 20s. Descubre c\u00f3mo tratar brotes y recuperar tu confianza.","og_url":"https:\/\/zeromagazine.mx\/index.php\/2025\/09\/18\/hablemos-de-acne-sin-filtros\/","og_site_name":"Zero Magazine","article_published_time":"2025-09-18T22:11:26+00:00","article_modified_time":"2025-09-18T22:11:29+00:00","og_image":[{"width":2560,"height":2474,"url":"http:\/\/zeromagazine.mx\/wp-content\/uploads\/2025\/09\/20240229_IMA_BENZAC_AAM_0851_V2-Extended-1-scaled.jpeg","type":"image\/jpeg"}],"author":"David Morales","twitter_card":"summary_large_image","twitter_misc":{"Escrito por":"David Morales","Tiempo de lectura":"3 minutos"},"schema":{"@context":"https:\/\/schema.org","@graph":[{"@type":"Article","@id":"https:\/\/zeromagazine.mx\/index.php\/2025\/09\/18\/hablemos-de-acne-sin-filtros\/#article","isPartOf":{"@id":"https:\/\/zeromagazine.mx\/index.php\/2025\/09\/18\/hablemos-de-acne-sin-filtros\/"},"author":{"name":"David Morales","@id":"https:\/\/zeromagazine.mx\/#\/schema\/person\/9f7f1a17c60ba8e9980e3e6677aabe5a"},"headline":"Hablemos de acn\u00e9 sin filtros: mitos y realidades","datePublished":"2025-09-18T22:11:26+00:00","dateModified":"2025-09-18T22:11:29+00:00","mainEntityOfPage":{"@id":"https:\/\/zeromagazine.mx\/index.php\/2025\/09\/18\/hablemos-de-acne-sin-filtros\/"},"wordCount":511,"commentCount":0,"publisher":{"@id":"https:\/\/zeromagazine.mx\/#organization"},"image":{"@id":"https:\/\/zeromagazine.mx\/index.php\/2025\/09\/18\/hablemos-de-acne-sin-filtros\/#primaryimage"},"thumbnailUrl":"https:\/\/i0.wp.com\/zeromagazine.mx\/wp-content\/uploads\/2025\/09\/20240229_IMA_BENZAC_AAM_0851_V2-Extended-1-scaled.jpeg?fit=2560%2C2474&ssl=1","articleSection":["Beauty"],"inLanguage":"es","potentialAction":[{"@type":"CommentAction","name":"Comment","target":["https:\/\/zeromagazine.mx\/index.php\/2025\/09\/18\/hablemos-de-acne-sin-filtros\/#respond"]}]},{"@type":"WebPage","@id":"https:\/\/zeromagazine.mx\/index.php\/2025\/09\/18\/hablemos-de-acne-sin-filtros\/","url":"https:\/\/zeromagazine.mx\/index.php\/2025\/09\/18\/hablemos-de-acne-sin-filtros\/","name":"Hablemos de acn\u00e9 sin filtros: mitos y realidades - Zero Magazine","isPartOf":{"@id":"https:\/\/zeromagazine.mx\/#website"},"primaryImageOfPage":{"@id":"https:\/\/zeromagazine.mx\/index.php\/2025\/09\/18\/hablemos-de-acne-sin-filtros\/#primaryimage"},"image":{"@id":"https:\/\/zeromagazine.mx\/index.php\/2025\/09\/18\/hablemos-de-acne-sin-filtros\/#primaryimage"},"thumbnailUrl":"https:\/\/i0.wp.com\/zeromagazine.mx\/wp-content\/uploads\/2025\/09\/20240229_IMA_BENZAC_AAM_0851_V2-Extended-1-scaled.jpeg?fit=2560%2C2474&ssl=1","datePublished":"2025-09-18T22:11:26+00:00","dateModified":"2025-09-18T22:11:29+00:00","description":"Hablemos de acn\u00e9 sin filtros: mitos, realidades y cuidados para la piel en los 20s. Descubre c\u00f3mo tratar brotes y recuperar tu confianza.","breadcrumb":{"@id":"https:\/\/zeromagazine.mx\/index.php\/2025\/09\/18\/hablemos-de-acne-sin-filtros\/#breadcrumb"},"inLanguage":"es","potentialAction":[{"@type":"ReadAction","target":["https:\/\/zeromagazine.mx\/index.php\/2025\/09\/18\/hablemos-de-acne-sin-filtros\/"]}]},{"@type":"ImageObject","inLanguage":"es","@id":"https:\/\/zeromagazine.mx\/index.php\/2025\/09\/18\/hablemos-de-acne-sin-filtros\/#primaryimage","url":"https:\/\/i0.wp.com\/zeromagazine.mx\/wp-content\/uploads\/2025\/09\/20240229_IMA_BENZAC_AAM_0851_V2-Extended-1-scaled.jpeg?fit=2560%2C2474&ssl=1","contentUrl":"https:\/\/i0.wp.com\/zeromagazine.mx\/wp-content\/uploads\/2025\/09\/20240229_IMA_BENZAC_AAM_0851_V2-Extended-1-scaled.jpeg?fit=2560%2C2474&ssl=1","width":2560,"height":2474},{"@type":"BreadcrumbList","@id":"https:\/\/zeromagazine.mx\/index.php\/2025\/09\/18\/hablemos-de-acne-sin-filtros\/#breadcrumb","itemListElement":[{"@type":"ListItem","position":1,"name":"Portada","item":"https:\/\/zeromagazine.mx\/"},{"@type":"ListItem","position":2,"name":"Hablemos de acn\u00e9 sin filtros: mitos y realidades"}]},{"@type":"WebSite","@id":"https:\/\/zeromagazine.mx\/#website","url":"https:\/\/zeromagazine.mx\/","name":"Zero Magazine","description":"","publisher":{"@id":"https:\/\/zeromagazine.mx\/#organization"},"potentialAction":[{"@type":"SearchAction","target":{"@type":"EntryPoint","urlTemplate":"https:\/\/zeromagazine.mx\/?s={search_term_string}"},"query-input":{"@type":"PropertyValueSpecification","valueRequired":true,"valueName":"search_term_string"}}],"inLanguage":"es"},{"@type":"Organization","@id":"https:\/\/zeromagazine.mx\/#organization","name":"Zero Magazine","url":"https:\/\/zeromagazine.mx\/","logo":{"@type":"ImageObject","inLanguage":"es","@id":"https:\/\/zeromagazine.mx\/#\/schema\/logo\/image\/","url":"https:\/\/i0.wp.com\/zeromagazine.mx\/wp-content\/uploads\/2025\/11\/1.jpeg?fit=1000%2C1000&ssl=1","contentUrl":"https:\/\/i0.wp.com\/zeromagazine.mx\/wp-content\/uploads\/2025\/11\/1.jpeg?fit=1000%2C1000&ssl=1","width":1000,"height":1000,"caption":"Zero Magazine"},"image":{"@id":"https:\/\/zeromagazine.mx\/#\/schema\/logo\/image\/"},"sameAs":["https:\/\/instagram.com\/zeromagazinemx"]},{"@type":"Person","@id":"https:\/\/zeromagazine.mx\/#\/schema\/person\/9f7f1a17c60ba8e9980e3e6677aabe5a","name":"David Morales","image":{"@type":"ImageObject","inLanguage":"es","@id":"https:\/\/zeromagazine.mx\/wp-content\/litespeed\/avatar\/76069d2136bfc1c37dc34815bb67ca42.jpg?ver=1776966186","url":"https:\/\/zeromagazine.mx\/wp-content\/litespeed\/avatar\/76069d2136bfc1c37dc34815bb67ca42.jpg?ver=1776966186","contentUrl":"https:\/\/zeromagazine.mx\/wp-content\/litespeed\/avatar\/76069d2136bfc1c37dc34815bb67ca42.jpg?ver=1776966186","caption":"David Morales"},"url":"https:\/\/zeromagazine.mx\/index.php\/author\/david\/"}]}},"jetpack_publicize_connections":[],"jetpack_featured_media_url":"https:\/\/i0.wp.com\/zeromagazine.mx\/wp-content\/uploads\/2025\/09\/20240229_IMA_BENZAC_AAM_0851_V2-Extended-1-scaled.jpeg?fit=2560%2C2474&ssl=1","jetpack-related-posts":[{"id":70975,"url":"https:\/\/zeromagazine.mx\/index.php\/2024\/02\/21\/clearasil-la-verdad-sobre-el-acne\/","url_meta":{"origin":108493,"position":0},"title":"Clearasil | La verdad sobre el acn\u00e9","author":"zeromagazinemx","date":"21 de febrero de 2024","format":false,"excerpt":"Hoy quiero hablarles sobre algo que nos afecta a muchos de nosotros, el acn\u00e9. Seguro han escuchado un mont\u00f3n de mitos al respecto, y creo que es hora de aclarar algunas cosas para que podamos cuidar nuestra piel de la mejor manera. As\u00ed que, \u00a1vamos a desmitificar un poco el\u2026","rel":"","context":"En \u00abBienestar\u00bb","block_context":{"text":"Bienestar","link":"https:\/\/zeromagazine.mx\/index.php\/category\/lifestyle\/bienestar\/"},"img":{"alt_text":"","src":"https:\/\/i0.wp.com\/zeromagazine.mx\/wp-content\/uploads\/2024\/02\/740985-1.jpg?fit=1200%2C960&ssl=1&resize=350%2C200","width":350,"height":200,"srcset":"https:\/\/i0.wp.com\/zeromagazine.mx\/wp-content\/uploads\/2024\/02\/740985-1.jpg?fit=1200%2C960&ssl=1&resize=350%2C200 1x, https:\/\/i0.wp.com\/zeromagazine.mx\/wp-content\/uploads\/2024\/02\/740985-1.jpg?fit=1200%2C960&ssl=1&resize=525%2C300 1.5x, https:\/\/i0.wp.com\/zeromagazine.mx\/wp-content\/uploads\/2024\/02\/740985-1.jpg?fit=1200%2C960&ssl=1&resize=700%2C400 2x, https:\/\/i0.wp.com\/zeromagazine.mx\/wp-content\/uploads\/2024\/02\/740985-1.jpg?fit=1200%2C960&ssl=1&resize=1050%2C600 3x"},"classes":[]},{"id":81477,"url":"https:\/\/zeromagazine.mx\/index.php\/2024\/08\/06\/back-to-school-rutina-anti-acne\/","url_meta":{"origin":108493,"position":1},"title":"Back to School: \u00a1Rutina Anti-Acn\u00e9!","author":"zeromagazinemx","date":"6 de agosto de 2024","format":false,"excerpt":"Hey, chiques, sorry por arruinar un poquito sus vacaciones, pero el regreso a clases est\u00e1 a la vuelta de la esquina. Y s\u00ed, con el nuevo semestre vienen muchas cosas: nuevos notes, nuevas materias, y claro, \u00a1nuevas metas! Si una de tus metas es tener una piel radiante y sin\u2026","rel":"","context":"En \u00abBlog\u00bb","block_context":{"text":"Blog","link":"https:\/\/zeromagazine.mx\/index.php\/category\/blog\/"},"img":{"alt_text":"","src":"https:\/\/i0.wp.com\/zeromagazine.mx\/wp-content\/uploads\/2024\/08\/740913-1.jpg?fit=1200%2C960&ssl=1&resize=350%2C200","width":350,"height":200,"srcset":"https:\/\/i0.wp.com\/zeromagazine.mx\/wp-content\/uploads\/2024\/08\/740913-1.jpg?fit=1200%2C960&ssl=1&resize=350%2C200 1x, https:\/\/i0.wp.com\/zeromagazine.mx\/wp-content\/uploads\/2024\/08\/740913-1.jpg?fit=1200%2C960&ssl=1&resize=525%2C300 1.5x, https:\/\/i0.wp.com\/zeromagazine.mx\/wp-content\/uploads\/2024\/08\/740913-1.jpg?fit=1200%2C960&ssl=1&resize=700%2C400 2x, https:\/\/i0.wp.com\/zeromagazine.mx\/wp-content\/uploads\/2024\/08\/740913-1.jpg?fit=1200%2C960&ssl=1&resize=1050%2C600 3x"},"classes":[]},{"id":115815,"url":"https:\/\/zeromagazine.mx\/index.php\/2026\/02\/23\/benzacare-acne-skincare-piel-real\/","url_meta":{"origin":108493,"position":2},"title":"Benzacare acn\u00e9: skincare real","author":"Luis Trujano","date":"23 de febrero de 2026","format":false,"excerpt":"Cuidar la piel no deber\u00eda sentirse como una batalla diaria ni como una promesa imposible. Benzacare acn\u00e9 llega con una narrativa que se siente honesta, cercana y muy real: as\u00ed como eliges a tus amistades con cuidado, tu rutina de skincare tambi\u00e9n merece aliados que est\u00e9n contigo todos los d\u00edas,\u2026","rel":"","context":"En \u00abBeauty\u00bb","block_context":{"text":"Beauty","link":"https:\/\/zeromagazine.mx\/index.php\/category\/beauty\/"},"img":{"alt_text":"","src":"https:\/\/i0.wp.com\/zeromagazine.mx\/wp-content\/uploads\/2026\/02\/IMG_6492.png?resize=350%2C200&ssl=1","width":350,"height":200},"classes":[]},{"id":80595,"url":"https:\/\/zeromagazine.mx\/index.php\/2024\/07\/22\/guia-de-cuidado-para-piel-acneica\/","url_meta":{"origin":108493,"position":3},"title":"Gu\u00eda de Cuidado para Piel Acneica","author":"zeromagazinemx","date":"22 de julio de 2024","format":false,"excerpt":"Con la llegada del oto\u00f1o, es el momento ideal para darle un upgrade a tu rutina de cuidado facial y mantener tu piel al cien. Si tu piel es grasa y tiende a brotar acn\u00e9, ya sabes que los cambios de temperatura y humedad pueden ser un verdadero desaf\u00edo. Por\u2026","rel":"","context":"En \u00abBlog\u00bb","block_context":{"text":"Blog","link":"https:\/\/zeromagazine.mx\/index.php\/category\/blog\/"},"img":{"alt_text":"","src":"https:\/\/i0.wp.com\/zeromagazine.mx\/wp-content\/uploads\/2024\/07\/acne-scaled.jpg?fit=800%2C1200&ssl=1&resize=350%2C200","width":350,"height":200,"srcset":"https:\/\/i0.wp.com\/zeromagazine.mx\/wp-content\/uploads\/2024\/07\/acne-scaled.jpg?fit=800%2C1200&ssl=1&resize=350%2C200 1x, https:\/\/i0.wp.com\/zeromagazine.mx\/wp-content\/uploads\/2024\/07\/acne-scaled.jpg?fit=800%2C1200&ssl=1&resize=525%2C300 1.5x, https:\/\/i0.wp.com\/zeromagazine.mx\/wp-content\/uploads\/2024\/07\/acne-scaled.jpg?fit=800%2C1200&ssl=1&resize=700%2C400 2x"},"classes":[]},{"id":80378,"url":"https:\/\/zeromagazine.mx\/index.php\/2024\/07\/16\/el-secreto-para-tener-una-piel-sin-filtros\/","url_meta":{"origin":108493,"position":4},"title":"\u00a1El Secreto para una Piel sin Filtros!","author":"zeromagazinemx","date":"16 de julio de 2024","format":false,"excerpt":"Seguro que todxs en alg\u00fan momento de nuestras vidas hemos lidiado con ese molesto acn\u00e9. Sobre todo si tenemos piel con tendencia acn\u00e9ica, sabemos que las imperfecciones, manchas y marcas post inflamatorias pueden aparecer desde la adolescencia hasta la vida adulta. En la adolescencia, estos brotes son s\u00faper comunes, pero\u2026","rel":"","context":"En \u00abBienestar\u00bb","block_context":{"text":"Bienestar","link":"https:\/\/zeromagazine.mx\/index.php\/category\/lifestyle\/bienestar\/"},"img":{"alt_text":"","src":"https:\/\/i0.wp.com\/zeromagazine.mx\/wp-content\/uploads\/2024\/07\/Oil-Control-Rutina_LS-1.jpeg?fit=683%2C1200&ssl=1&resize=350%2C200","width":350,"height":200,"srcset":"https:\/\/i0.wp.com\/zeromagazine.mx\/wp-content\/uploads\/2024\/07\/Oil-Control-Rutina_LS-1.jpeg?fit=683%2C1200&ssl=1&resize=350%2C200 1x, https:\/\/i0.wp.com\/zeromagazine.mx\/wp-content\/uploads\/2024\/07\/Oil-Control-Rutina_LS-1.jpeg?fit=683%2C1200&ssl=1&resize=525%2C300 1.5x"},"classes":[]},{"id":74422,"url":"https:\/\/zeromagazine.mx\/index.php\/2024\/04\/19\/dile-adios-al-acne-en-cada-etapa\/","url_meta":{"origin":108493,"position":5},"title":"Dile Adi\u00f3s al Acn\u00e9 en Cada Etapa","author":"zeromagazinemx","date":"19 de abril de 2024","format":false,"excerpt":"En este viaje de la vida, nuestra piel es como un lienzo que refleja nuestras experiencias, pero a veces, el acn\u00e9 decide hacer una aparici\u00f3n no deseada. \u00a1Pero no te preocupes, estamos aqu\u00ed para ayudarte a combatirlo en cada etapa! \u00a1Comencemos con la adolescencia! Es esa \u00e9poca donde nuestras hormonas\u2026","rel":"","context":"En \u00abBienestar\u00bb","block_context":{"text":"Bienestar","link":"https:\/\/zeromagazine.mx\/index.php\/category\/lifestyle\/bienestar\/"},"img":{"alt_text":"","src":"https:\/\/i0.wp.com\/zeromagazine.mx\/wp-content\/uploads\/2024\/04\/740543-3.jpg?fit=1200%2C960&ssl=1&resize=350%2C200","width":350,"height":200,"srcset":"https:\/\/i0.wp.com\/zeromagazine.mx\/wp-content\/uploads\/2024\/04\/740543-3.jpg?fit=1200%2C960&ssl=1&resize=350%2C200 1x, https:\/\/i0.wp.com\/zeromagazine.mx\/wp-content\/uploads\/2024\/04\/740543-3.jpg?fit=1200%2C960&ssl=1&resize=525%2C300 1.5x, https:\/\/i0.wp.com\/zeromagazine.mx\/wp-content\/uploads\/2024\/04\/740543-3.jpg?fit=1200%2C960&ssl=1&resize=700%2C400 2x, https:\/\/i0.wp.com\/zeromagazine.mx\/wp-content\/uploads\/2024\/04\/740543-3.jpg?fit=1200%2C960&ssl=1&resize=1050%2C600 3x"},"classes":[]}],"jetpack_sharing_enabled":true,"builder_content":"","_links":{"self":[{"href":"https:\/\/zeromagazine.mx\/index.php\/wp-json\/wp\/v2\/posts\/108493","targetHints":{"allow":["GET"]}}],"collection":[{"href":"https:\/\/zeromagazine.mx\/index.php\/wp-json\/wp\/v2\/posts"}],"about":[{"href":"https:\/\/zeromagazine.mx\/index.php\/wp-json\/wp\/v2\/types\/post"}],"author":[{"embeddable":true,"href":"https:\/\/zeromagazine.mx\/index.php\/wp-json\/wp\/v2\/users\/4"}],"replies":[{"embeddable":true,"href":"https:\/\/zeromagazine.mx\/index.php\/wp-json\/wp\/v2\/comments?post=108493"}],"version-history":[{"count":3,"href":"https:\/\/zeromagazine.mx\/index.php\/wp-json\/wp\/v2\/posts\/108493\/revisions"}],"predecessor-version":[{"id":108500,"href":"https:\/\/zeromagazine.mx\/index.php\/wp-json\/wp\/v2\/posts\/108493\/revisions\/108500"}],"wp:featuredmedia":[{"embeddable":true,"href":"https:\/\/zeromagazine.mx\/index.php\/wp-json\/wp\/v2\/media\/108494"}],"wp:attachment":[{"href":"https:\/\/zeromagazine.mx\/index.php\/wp-json\/wp\/v2\/media?parent=108493"}],"wp:term":[{"taxonomy":"category","embeddable":true,"href":"https:\/\/zeromagazine.mx\/index.php\/wp-json\/wp\/v2\/categories?post=108493"},{"taxonomy":"post_tag","embeddable":true,"href":"https:\/\/zeromagazine.mx\/index.php\/wp-json\/wp\/v2\/tags?post=108493"}],"curies":[{"name":"wp","href":"https:\/\/api.w.org\/{rel}","templated":true}]}}