{"id":108603,"date":"2025-09-20T12:21:33","date_gmt":"2025-09-20T18:21:33","guid":{"rendered":"https:\/\/zeromagazine.mx\/?p=108603"},"modified":"2025-09-20T12:21:34","modified_gmt":"2025-09-20T18:21:34","slug":"habanos-day-mexico-2025","status":"publish","type":"post","link":"https:\/\/zeromagazine.mx\/index.php\/2025\/09\/20\/habanos-day-mexico-2025\/","title":{"rendered":"Habanos Day M\u00e9xico: un ritual para los sentidos"},"content":{"rendered":"<p class=\"p1\">Si eres de los que disfrutan el ritual de encender un habano, de ver c\u00f3mo el humo danza lento mientras se mezcla con un buen ron o un c\u00f3ctel perfectamente balanceado, este 16 de octubre tienes una cita que no te puedes perder. La Embajada de Cuba en M\u00e9xico ser\u00e1 el escenario de Habanos Day M\u00e9xico: El Desaf\u00edo, un evento que no solo elige a la pareja que representar\u00e1 al pa\u00eds en el Habanos World Challenge 2026 en La Habana, sino que tambi\u00e9n celebra el universo del Habano en todo su esplendor.<\/p>\n\n\n\n<figure class=\"wp-block-image size-large\"><img data-recalc-dims=\"1\" decoding=\"async\" width=\"682\" height=\"1024\" src=\"https:\/\/i0.wp.com\/zeromagazine.mx\/wp-content\/uploads\/2025\/09\/5-682x1024.jpg?resize=682%2C1024&#038;ssl=1\" class=\"wp-image-108600\" srcset=\"https:\/\/i0.wp.com\/zeromagazine.mx\/wp-content\/uploads\/2025\/09\/5.jpg?resize=682%2C1024&amp;ssl=1 682w, https:\/\/i0.wp.com\/zeromagazine.mx\/wp-content\/uploads\/2025\/09\/5.jpg?resize=200%2C300&amp;ssl=1 200w, https:\/\/i0.wp.com\/zeromagazine.mx\/wp-content\/uploads\/2025\/09\/5.jpg?resize=768%2C1152&amp;ssl=1 768w, https:\/\/i0.wp.com\/zeromagazine.mx\/wp-content\/uploads\/2025\/09\/5.jpg?resize=1024%2C1536&amp;ssl=1 1024w, https:\/\/i0.wp.com\/zeromagazine.mx\/wp-content\/uploads\/2025\/09\/5.jpg?w=1333&amp;ssl=1 1333w\" sizes=\"(max-width: 682px) 100vw, 682px\" \/><\/figure>\n\n\n\n<h2 class=\"wp-block-heading\">Talleres que ponen a prueba tu pasi\u00f3n por el Habano<\/h2>\n\n\n\n<p class=\"p1\">Lo especial de este evento no es solo el concurso: son los talleres que convierten la experiencia en un viaje sensorial.<\/p>\n\n\n\n<p class=\"p1\">Por un lado est\u00e1 la Cata a Ciegas, el momento perfecto para quienes de verdad se dicen conocedores. Aqu\u00ed no hay etiquetas que te gu\u00eden: recibir\u00e1s un Habano sin anilla y tendr\u00e1s que identificarlo por completo \u2014desde la vitola hasta la marca\u2014 confiando \u00fanicamente en tu memoria sensorial. Un reto que, cr\u00e9eme, te har\u00e1 valorar a\u00fan m\u00e1s la complejidad detr\u00e1s de cada hoja de tabaco.<\/p>\n\n\n\n<p class=\"p1\">Y luego est\u00e1 el Taller de Cocteler\u00eda y Maridaje, mi favorito. Porque, seamos sinceros, un habano sin un maridaje adecuado se queda a medio camino. Tendr\u00e1s los ingredientes y herramientas para crear el c\u00f3ctel perfecto que armonice aromas, sabores y hasta la textura del humo. Aqu\u00ed se libera la creatividad y cada calada se transforma en una experiencia elevada.<\/p>\n\n\n\n<h2 class=\"wp-block-heading\">Habanos Day M\u00e9xico: Una noche con estilo cubano<\/h2>\n\n\n\n<figure class=\"wp-block-image size-large\"><img data-recalc-dims=\"1\" decoding=\"async\" width=\"1024\" height=\"682\" src=\"https:\/\/i0.wp.com\/zeromagazine.mx\/wp-content\/uploads\/2025\/09\/4-1024x682.jpg?resize=1024%2C682&#038;ssl=1\" class=\"wp-image-108601\" srcset=\"https:\/\/i0.wp.com\/zeromagazine.mx\/wp-content\/uploads\/2025\/09\/4.jpg?resize=1024%2C682&amp;ssl=1 1024w, https:\/\/i0.wp.com\/zeromagazine.mx\/wp-content\/uploads\/2025\/09\/4.jpg?resize=300%2C200&amp;ssl=1 300w, https:\/\/i0.wp.com\/zeromagazine.mx\/wp-content\/uploads\/2025\/09\/4.jpg?resize=768%2C512&amp;ssl=1 768w, https:\/\/i0.wp.com\/zeromagazine.mx\/wp-content\/uploads\/2025\/09\/4.jpg?resize=1536%2C1024&amp;ssl=1 1536w, https:\/\/i0.wp.com\/zeromagazine.mx\/wp-content\/uploads\/2025\/09\/4.jpg?w=2000&amp;ssl=1 2000w\" sizes=\"(max-width: 1024px) 100vw, 1024px\" \/><\/figure>\n\n\n\n<p class=\"p1\">Habanos Day M\u00e9xico no es cualquier fiesta: es m\u00fasica, barra libre, cultura y tradici\u00f3n cubana en su m\u00e1xima expresi\u00f3n. Todo envuelto en la vibra \u00fanica de la Embajada de Cuba, que le da al evento ese aire solemne pero festivo, como si cada rinc\u00f3n te recordara que el Habano es mucho m\u00e1s que tabaco: es historia, es identidad, es un arte vivo.<\/p>\n\n\n\n<p class=\"p1\">La comunidad de Ashers M\u00e9xico (@ashersmexico en Instagram) ya est\u00e1 lista, y si quieres asegurar tu lugar en los talleres, visita <a href=\"https:\/\/habanosdayeldesafio.boletia.com\/\">la p\u00e1gina oficial<\/a>. Eso s\u00ed: los cupos son limitados y se agotan r\u00e1pido.<\/p>\n\n\n\n<p class=\"p1\">\ud83d\udcc5 Fecha: 16 de octubre de 2025<\/p>\n\n\n\n<p class=\"p1\">\ud83d\udccd Lugar: Embajada de Cuba en M\u00e9xico<\/p>\n\n\n\n<p class=\"p1\">Un Habano en mano, un c\u00f3ctel al lado, buena m\u00fasica y la mejor compa\u00f1\u00eda. Eso es Habanos Day M\u00e9xico, un ritual que se disfruta con todos los sentidos.<\/p>\n <!--themify_builder_content-->\n<div id=\"themify_builder_content-108603\" data-postid=\"108603\" class=\"themify_builder_content themify_builder_content-108603 themify_builder tf_clear\">\n    <\/div>\n<!--\/themify_builder_content-->","protected":false},"excerpt":{"rendered":"<p>Si eres de los que disfrutan el ritual de encender un habano, de ver c\u00f3mo el humo danza lento mientras se mezcla con un buen ron o un c\u00f3ctel perfectamente balanceado, este 16 de octubre tienes una cita que no te puedes perder. La Embajada de Cuba en M\u00e9xico ser\u00e1 el escenario de Habanos Day [&hellip;]<\/p>\n","protected":false},"author":4,"featured_media":108602,"comment_status":"open","ping_status":"open","sticky":false,"template":"","format":"standard","meta":{"_jetpack_memberships_contains_paid_content":false,"footnotes":"","jetpack_publicize_message":"","jetpack_publicize_feature_enabled":true,"jetpack_social_post_already_shared":true,"jetpack_social_options":{"image_generator_settings":{"template":"highway","default_image_id":0,"font":"","enabled":false},"version":2}},"categories":[1],"tags":[],"class_list":["post-108603","post","type-post","status-publish","format-standard","has-post-thumbnail","hentry","category-blog","has-post-title","has-post-date","has-post-category","has-post-tag","has-post-comment","has-post-author",""],"yoast_head":"<!-- This site is optimized with the Yoast SEO plugin v27.5 - https:\/\/yoast.com\/product\/yoast-seo-wordpress\/ -->\n<title>Habanos Day M\u00e9xico: un ritual para los sentidos - Zero Magazine<\/title>\n<meta name=\"description\" content=\"Vive Habanos Day M\u00e9xico 2025 en la Embajada de Cuba: talleres, cocteler\u00eda, cultura y el universo del Habano en una noche \u00fanica.\" \/>\n<meta name=\"robots\" content=\"index, follow, max-snippet:-1, max-image-preview:large, max-video-preview:-1\" \/>\n<link rel=\"canonical\" href=\"https:\/\/zeromagazine.mx\/index.php\/2025\/09\/20\/habanos-day-mexico-2025\/\" \/>\n<meta property=\"og:locale\" content=\"es_ES\" \/>\n<meta property=\"og:type\" content=\"article\" \/>\n<meta property=\"og:title\" content=\"Habanos Day M\u00e9xico: un ritual para los sentidos - Zero Magazine\" \/>\n<meta property=\"og:description\" content=\"Vive Habanos Day M\u00e9xico 2025 en la Embajada de Cuba: talleres, cocteler\u00eda, cultura y el universo del Habano en una noche \u00fanica.\" \/>\n<meta property=\"og:url\" content=\"https:\/\/zeromagazine.mx\/index.php\/2025\/09\/20\/habanos-day-mexico-2025\/\" \/>\n<meta property=\"og:site_name\" content=\"Zero Magazine\" \/>\n<meta property=\"article:published_time\" content=\"2025-09-20T18:21:33+00:00\" \/>\n<meta property=\"article:modified_time\" content=\"2025-09-20T18:21:34+00:00\" \/>\n<meta property=\"og:image\" content=\"http:\/\/zeromagazine.mx\/wp-content\/uploads\/2025\/09\/4-1.jpg\" \/>\n\t<meta property=\"og:image:width\" content=\"2000\" \/>\n\t<meta property=\"og:image:height\" content=\"1333\" \/>\n\t<meta property=\"og:image:type\" content=\"image\/jpeg\" \/>\n<meta name=\"author\" content=\"David Morales\" \/>\n<meta name=\"twitter:card\" content=\"summary_large_image\" \/>\n<meta name=\"twitter:label1\" content=\"Escrito por\" \/>\n\t<meta name=\"twitter:data1\" content=\"David Morales\" \/>\n\t<meta name=\"twitter:label2\" content=\"Tiempo de lectura\" \/>\n\t<meta name=\"twitter:data2\" content=\"3 minutos\" \/>\n<script type=\"application\/ld+json\" class=\"yoast-schema-graph\">{\"@context\":\"https:\\\/\\\/schema.org\",\"@graph\":[{\"@type\":\"Article\",\"@id\":\"https:\\\/\\\/zeromagazine.mx\\\/index.php\\\/2025\\\/09\\\/20\\\/habanos-day-mexico-2025\\\/#article\",\"isPartOf\":{\"@id\":\"https:\\\/\\\/zeromagazine.mx\\\/index.php\\\/2025\\\/09\\\/20\\\/habanos-day-mexico-2025\\\/\"},\"author\":{\"name\":\"David Morales\",\"@id\":\"https:\\\/\\\/zeromagazine.mx\\\/#\\\/schema\\\/person\\\/9f7f1a17c60ba8e9980e3e6677aabe5a\"},\"headline\":\"Habanos Day M\u00e9xico: un ritual para los sentidos\",\"datePublished\":\"2025-09-20T18:21:33+00:00\",\"dateModified\":\"2025-09-20T18:21:34+00:00\",\"mainEntityOfPage\":{\"@id\":\"https:\\\/\\\/zeromagazine.mx\\\/index.php\\\/2025\\\/09\\\/20\\\/habanos-day-mexico-2025\\\/\"},\"wordCount\":430,\"commentCount\":0,\"publisher\":{\"@id\":\"https:\\\/\\\/zeromagazine.mx\\\/#organization\"},\"image\":{\"@id\":\"https:\\\/\\\/zeromagazine.mx\\\/index.php\\\/2025\\\/09\\\/20\\\/habanos-day-mexico-2025\\\/#primaryimage\"},\"thumbnailUrl\":\"https:\\\/\\\/i0.wp.com\\\/zeromagazine.mx\\\/wp-content\\\/uploads\\\/2025\\\/09\\\/4-1.jpg?fit=2000%2C1333&ssl=1\",\"articleSection\":[\"Blog\"],\"inLanguage\":\"es\",\"potentialAction\":[{\"@type\":\"CommentAction\",\"name\":\"Comment\",\"target\":[\"https:\\\/\\\/zeromagazine.mx\\\/index.php\\\/2025\\\/09\\\/20\\\/habanos-day-mexico-2025\\\/#respond\"]}]},{\"@type\":\"WebPage\",\"@id\":\"https:\\\/\\\/zeromagazine.mx\\\/index.php\\\/2025\\\/09\\\/20\\\/habanos-day-mexico-2025\\\/\",\"url\":\"https:\\\/\\\/zeromagazine.mx\\\/index.php\\\/2025\\\/09\\\/20\\\/habanos-day-mexico-2025\\\/\",\"name\":\"Habanos Day M\u00e9xico: un ritual para los sentidos - Zero Magazine\",\"isPartOf\":{\"@id\":\"https:\\\/\\\/zeromagazine.mx\\\/#website\"},\"primaryImageOfPage\":{\"@id\":\"https:\\\/\\\/zeromagazine.mx\\\/index.php\\\/2025\\\/09\\\/20\\\/habanos-day-mexico-2025\\\/#primaryimage\"},\"image\":{\"@id\":\"https:\\\/\\\/zeromagazine.mx\\\/index.php\\\/2025\\\/09\\\/20\\\/habanos-day-mexico-2025\\\/#primaryimage\"},\"thumbnailUrl\":\"https:\\\/\\\/i0.wp.com\\\/zeromagazine.mx\\\/wp-content\\\/uploads\\\/2025\\\/09\\\/4-1.jpg?fit=2000%2C1333&ssl=1\",\"datePublished\":\"2025-09-20T18:21:33+00:00\",\"dateModified\":\"2025-09-20T18:21:34+00:00\",\"description\":\"Vive Habanos Day M\u00e9xico 2025 en la Embajada de Cuba: talleres, cocteler\u00eda, cultura y el universo del Habano en una noche \u00fanica.\",\"breadcrumb\":{\"@id\":\"https:\\\/\\\/zeromagazine.mx\\\/index.php\\\/2025\\\/09\\\/20\\\/habanos-day-mexico-2025\\\/#breadcrumb\"},\"inLanguage\":\"es\",\"potentialAction\":[{\"@type\":\"ReadAction\",\"target\":[\"https:\\\/\\\/zeromagazine.mx\\\/index.php\\\/2025\\\/09\\\/20\\\/habanos-day-mexico-2025\\\/\"]}]},{\"@type\":\"ImageObject\",\"inLanguage\":\"es\",\"@id\":\"https:\\\/\\\/zeromagazine.mx\\\/index.php\\\/2025\\\/09\\\/20\\\/habanos-day-mexico-2025\\\/#primaryimage\",\"url\":\"https:\\\/\\\/i0.wp.com\\\/zeromagazine.mx\\\/wp-content\\\/uploads\\\/2025\\\/09\\\/4-1.jpg?fit=2000%2C1333&ssl=1\",\"contentUrl\":\"https:\\\/\\\/i0.wp.com\\\/zeromagazine.mx\\\/wp-content\\\/uploads\\\/2025\\\/09\\\/4-1.jpg?fit=2000%2C1333&ssl=1\",\"width\":2000,\"height\":1333},{\"@type\":\"BreadcrumbList\",\"@id\":\"https:\\\/\\\/zeromagazine.mx\\\/index.php\\\/2025\\\/09\\\/20\\\/habanos-day-mexico-2025\\\/#breadcrumb\",\"itemListElement\":[{\"@type\":\"ListItem\",\"position\":1,\"name\":\"Portada\",\"item\":\"https:\\\/\\\/zeromagazine.mx\\\/\"},{\"@type\":\"ListItem\",\"position\":2,\"name\":\"Habanos Day M\u00e9xico: un ritual para los sentidos\"}]},{\"@type\":\"WebSite\",\"@id\":\"https:\\\/\\\/zeromagazine.mx\\\/#website\",\"url\":\"https:\\\/\\\/zeromagazine.mx\\\/\",\"name\":\"Zero Magazine\",\"description\":\"\",\"publisher\":{\"@id\":\"https:\\\/\\\/zeromagazine.mx\\\/#organization\"},\"potentialAction\":[{\"@type\":\"SearchAction\",\"target\":{\"@type\":\"EntryPoint\",\"urlTemplate\":\"https:\\\/\\\/zeromagazine.mx\\\/?s={search_term_string}\"},\"query-input\":{\"@type\":\"PropertyValueSpecification\",\"valueRequired\":true,\"valueName\":\"search_term_string\"}}],\"inLanguage\":\"es\"},{\"@type\":\"Organization\",\"@id\":\"https:\\\/\\\/zeromagazine.mx\\\/#organization\",\"name\":\"Zero Magazine\",\"url\":\"https:\\\/\\\/zeromagazine.mx\\\/\",\"logo\":{\"@type\":\"ImageObject\",\"inLanguage\":\"es\",\"@id\":\"https:\\\/\\\/zeromagazine.mx\\\/#\\\/schema\\\/logo\\\/image\\\/\",\"url\":\"https:\\\/\\\/i0.wp.com\\\/zeromagazine.mx\\\/wp-content\\\/uploads\\\/2025\\\/11\\\/1.jpeg?fit=1000%2C1000&ssl=1\",\"contentUrl\":\"https:\\\/\\\/i0.wp.com\\\/zeromagazine.mx\\\/wp-content\\\/uploads\\\/2025\\\/11\\\/1.jpeg?fit=1000%2C1000&ssl=1\",\"width\":1000,\"height\":1000,\"caption\":\"Zero Magazine\"},\"image\":{\"@id\":\"https:\\\/\\\/zeromagazine.mx\\\/#\\\/schema\\\/logo\\\/image\\\/\"},\"sameAs\":[\"https:\\\/\\\/instagram.com\\\/zeromagazinemx\"]},{\"@type\":\"Person\",\"@id\":\"https:\\\/\\\/zeromagazine.mx\\\/#\\\/schema\\\/person\\\/9f7f1a17c60ba8e9980e3e6677aabe5a\",\"name\":\"David Morales\",\"image\":{\"@type\":\"ImageObject\",\"inLanguage\":\"es\",\"@id\":\"https:\\\/\\\/zeromagazine.mx\\\/wp-content\\\/litespeed\\\/avatar\\\/76069d2136bfc1c37dc34815bb67ca42.jpg?ver=1777571067\",\"url\":\"https:\\\/\\\/zeromagazine.mx\\\/wp-content\\\/litespeed\\\/avatar\\\/76069d2136bfc1c37dc34815bb67ca42.jpg?ver=1777571067\",\"contentUrl\":\"https:\\\/\\\/zeromagazine.mx\\\/wp-content\\\/litespeed\\\/avatar\\\/76069d2136bfc1c37dc34815bb67ca42.jpg?ver=1777571067\",\"caption\":\"David Morales\"},\"url\":\"https:\\\/\\\/zeromagazine.mx\\\/index.php\\\/author\\\/david\\\/\"}]}<\/script>\n<!-- \/ Yoast SEO plugin. -->","yoast_head_json":{"title":"Habanos Day M\u00e9xico: un ritual para los sentidos - Zero Magazine","description":"Vive Habanos Day M\u00e9xico 2025 en la Embajada de Cuba: talleres, cocteler\u00eda, cultura y el universo del Habano en una noche \u00fanica.","robots":{"index":"index","follow":"follow","max-snippet":"max-snippet:-1","max-image-preview":"max-image-preview:large","max-video-preview":"max-video-preview:-1"},"canonical":"https:\/\/zeromagazine.mx\/index.php\/2025\/09\/20\/habanos-day-mexico-2025\/","og_locale":"es_ES","og_type":"article","og_title":"Habanos Day M\u00e9xico: un ritual para los sentidos - Zero Magazine","og_description":"Vive Habanos Day M\u00e9xico 2025 en la Embajada de Cuba: talleres, cocteler\u00eda, cultura y el universo del Habano en una noche \u00fanica.","og_url":"https:\/\/zeromagazine.mx\/index.php\/2025\/09\/20\/habanos-day-mexico-2025\/","og_site_name":"Zero Magazine","article_published_time":"2025-09-20T18:21:33+00:00","article_modified_time":"2025-09-20T18:21:34+00:00","og_image":[{"width":2000,"height":1333,"url":"http:\/\/zeromagazine.mx\/wp-content\/uploads\/2025\/09\/4-1.jpg","type":"image\/jpeg"}],"author":"David Morales","twitter_card":"summary_large_image","twitter_misc":{"Escrito por":"David Morales","Tiempo de lectura":"3 minutos"},"schema":{"@context":"https:\/\/schema.org","@graph":[{"@type":"Article","@id":"https:\/\/zeromagazine.mx\/index.php\/2025\/09\/20\/habanos-day-mexico-2025\/#article","isPartOf":{"@id":"https:\/\/zeromagazine.mx\/index.php\/2025\/09\/20\/habanos-day-mexico-2025\/"},"author":{"name":"David Morales","@id":"https:\/\/zeromagazine.mx\/#\/schema\/person\/9f7f1a17c60ba8e9980e3e6677aabe5a"},"headline":"Habanos Day M\u00e9xico: un ritual para los sentidos","datePublished":"2025-09-20T18:21:33+00:00","dateModified":"2025-09-20T18:21:34+00:00","mainEntityOfPage":{"@id":"https:\/\/zeromagazine.mx\/index.php\/2025\/09\/20\/habanos-day-mexico-2025\/"},"wordCount":430,"commentCount":0,"publisher":{"@id":"https:\/\/zeromagazine.mx\/#organization"},"image":{"@id":"https:\/\/zeromagazine.mx\/index.php\/2025\/09\/20\/habanos-day-mexico-2025\/#primaryimage"},"thumbnailUrl":"https:\/\/i0.wp.com\/zeromagazine.mx\/wp-content\/uploads\/2025\/09\/4-1.jpg?fit=2000%2C1333&ssl=1","articleSection":["Blog"],"inLanguage":"es","potentialAction":[{"@type":"CommentAction","name":"Comment","target":["https:\/\/zeromagazine.mx\/index.php\/2025\/09\/20\/habanos-day-mexico-2025\/#respond"]}]},{"@type":"WebPage","@id":"https:\/\/zeromagazine.mx\/index.php\/2025\/09\/20\/habanos-day-mexico-2025\/","url":"https:\/\/zeromagazine.mx\/index.php\/2025\/09\/20\/habanos-day-mexico-2025\/","name":"Habanos Day M\u00e9xico: un ritual para los sentidos - Zero Magazine","isPartOf":{"@id":"https:\/\/zeromagazine.mx\/#website"},"primaryImageOfPage":{"@id":"https:\/\/zeromagazine.mx\/index.php\/2025\/09\/20\/habanos-day-mexico-2025\/#primaryimage"},"image":{"@id":"https:\/\/zeromagazine.mx\/index.php\/2025\/09\/20\/habanos-day-mexico-2025\/#primaryimage"},"thumbnailUrl":"https:\/\/i0.wp.com\/zeromagazine.mx\/wp-content\/uploads\/2025\/09\/4-1.jpg?fit=2000%2C1333&ssl=1","datePublished":"2025-09-20T18:21:33+00:00","dateModified":"2025-09-20T18:21:34+00:00","description":"Vive Habanos Day M\u00e9xico 2025 en la Embajada de Cuba: talleres, cocteler\u00eda, cultura y el universo del Habano en una noche \u00fanica.","breadcrumb":{"@id":"https:\/\/zeromagazine.mx\/index.php\/2025\/09\/20\/habanos-day-mexico-2025\/#breadcrumb"},"inLanguage":"es","potentialAction":[{"@type":"ReadAction","target":["https:\/\/zeromagazine.mx\/index.php\/2025\/09\/20\/habanos-day-mexico-2025\/"]}]},{"@type":"ImageObject","inLanguage":"es","@id":"https:\/\/zeromagazine.mx\/index.php\/2025\/09\/20\/habanos-day-mexico-2025\/#primaryimage","url":"https:\/\/i0.wp.com\/zeromagazine.mx\/wp-content\/uploads\/2025\/09\/4-1.jpg?fit=2000%2C1333&ssl=1","contentUrl":"https:\/\/i0.wp.com\/zeromagazine.mx\/wp-content\/uploads\/2025\/09\/4-1.jpg?fit=2000%2C1333&ssl=1","width":2000,"height":1333},{"@type":"BreadcrumbList","@id":"https:\/\/zeromagazine.mx\/index.php\/2025\/09\/20\/habanos-day-mexico-2025\/#breadcrumb","itemListElement":[{"@type":"ListItem","position":1,"name":"Portada","item":"https:\/\/zeromagazine.mx\/"},{"@type":"ListItem","position":2,"name":"Habanos Day M\u00e9xico: un ritual para los sentidos"}]},{"@type":"WebSite","@id":"https:\/\/zeromagazine.mx\/#website","url":"https:\/\/zeromagazine.mx\/","name":"Zero Magazine","description":"","publisher":{"@id":"https:\/\/zeromagazine.mx\/#organization"},"potentialAction":[{"@type":"SearchAction","target":{"@type":"EntryPoint","urlTemplate":"https:\/\/zeromagazine.mx\/?s={search_term_string}"},"query-input":{"@type":"PropertyValueSpecification","valueRequired":true,"valueName":"search_term_string"}}],"inLanguage":"es"},{"@type":"Organization","@id":"https:\/\/zeromagazine.mx\/#organization","name":"Zero Magazine","url":"https:\/\/zeromagazine.mx\/","logo":{"@type":"ImageObject","inLanguage":"es","@id":"https:\/\/zeromagazine.mx\/#\/schema\/logo\/image\/","url":"https:\/\/i0.wp.com\/zeromagazine.mx\/wp-content\/uploads\/2025\/11\/1.jpeg?fit=1000%2C1000&ssl=1","contentUrl":"https:\/\/i0.wp.com\/zeromagazine.mx\/wp-content\/uploads\/2025\/11\/1.jpeg?fit=1000%2C1000&ssl=1","width":1000,"height":1000,"caption":"Zero Magazine"},"image":{"@id":"https:\/\/zeromagazine.mx\/#\/schema\/logo\/image\/"},"sameAs":["https:\/\/instagram.com\/zeromagazinemx"]},{"@type":"Person","@id":"https:\/\/zeromagazine.mx\/#\/schema\/person\/9f7f1a17c60ba8e9980e3e6677aabe5a","name":"David Morales","image":{"@type":"ImageObject","inLanguage":"es","@id":"https:\/\/zeromagazine.mx\/wp-content\/litespeed\/avatar\/76069d2136bfc1c37dc34815bb67ca42.jpg?ver=1777571067","url":"https:\/\/zeromagazine.mx\/wp-content\/litespeed\/avatar\/76069d2136bfc1c37dc34815bb67ca42.jpg?ver=1777571067","contentUrl":"https:\/\/zeromagazine.mx\/wp-content\/litespeed\/avatar\/76069d2136bfc1c37dc34815bb67ca42.jpg?ver=1777571067","caption":"David Morales"},"url":"https:\/\/zeromagazine.mx\/index.php\/author\/david\/"}]}},"jetpack_publicize_connections":[],"jetpack_featured_media_url":"https:\/\/i0.wp.com\/zeromagazine.mx\/wp-content\/uploads\/2025\/09\/4-1.jpg?fit=2000%2C1333&ssl=1","jetpack-related-posts":[{"id":99537,"url":"https:\/\/zeromagazine.mx\/index.php\/2025\/03\/25\/habanos-y-whisky-maridaje-perfecto\/","url_meta":{"origin":108603,"position":0},"title":"Habanos y Whisky: Maridaje Perfecto","author":"David Morales","date":"25 de marzo de 2025","format":false,"excerpt":"Amix, \u00bfalguna vez has probado la combinaci\u00f3n de un buen habano con un whisky premium? Si a\u00fan no lo has hecho, te est\u00e1s perdiendo de una experiencia sensorial brutal. El maridaje entre habano y whisky es como una danza de sabores, donde cada uno aporta su propio car\u00e1cter sin opacar\u2026","rel":"","context":"En \u00abFoodie\u00bb","block_context":{"text":"Foodie","link":"https:\/\/zeromagazine.mx\/index.php\/category\/lifestyle\/foodie\/"},"img":{"alt_text":"","src":"https:\/\/i0.wp.com\/zeromagazine.mx\/wp-content\/uploads\/2025\/03\/MC-2.png?fit=1200%2C806&ssl=1&resize=350%2C200","width":350,"height":200,"srcset":"https:\/\/i0.wp.com\/zeromagazine.mx\/wp-content\/uploads\/2025\/03\/MC-2.png?fit=1200%2C806&ssl=1&resize=350%2C200 1x, https:\/\/i0.wp.com\/zeromagazine.mx\/wp-content\/uploads\/2025\/03\/MC-2.png?fit=1200%2C806&ssl=1&resize=525%2C300 1.5x, https:\/\/i0.wp.com\/zeromagazine.mx\/wp-content\/uploads\/2025\/03\/MC-2.png?fit=1200%2C806&ssl=1&resize=700%2C400 2x, https:\/\/i0.wp.com\/zeromagazine.mx\/wp-content\/uploads\/2025\/03\/MC-2.png?fit=1200%2C806&ssl=1&resize=1050%2C600 3x"},"classes":[]},{"id":119197,"url":"https:\/\/zeromagazine.mx\/index.php\/2026\/04\/21\/habanos-y-cocteleria-bodas\/","url_meta":{"origin":108603,"position":1},"title":"Habanos &amp; cocteler\u00eda, el ritual final para la boda perfecta","author":"David Morales","date":"21 de abril de 2026","format":false,"excerpt":"El lujo ya no est\u00e1 en lo evidente, sino en esos momentos que se sienten. Y s\u00ed, el final de la noche tambi\u00e9n merece su propio highlight. Las bodas han cambiado. Hoy no se trata solo del vestido, la pista o el men\u00fa. Se trata de crear momentos. De esos\u2026","rel":"","context":"En \u00abBlog\u00bb","block_context":{"text":"Blog","link":"https:\/\/zeromagazine.mx\/index.php\/category\/blog\/"},"img":{"alt_text":"","src":"https:\/\/i0.wp.com\/zeromagazine.mx\/wp-content\/uploads\/2026\/04\/Imagen-6.jpeg?fit=1200%2C1200&ssl=1&resize=350%2C200","width":350,"height":200,"srcset":"https:\/\/i0.wp.com\/zeromagazine.mx\/wp-content\/uploads\/2026\/04\/Imagen-6.jpeg?fit=1200%2C1200&ssl=1&resize=350%2C200 1x, https:\/\/i0.wp.com\/zeromagazine.mx\/wp-content\/uploads\/2026\/04\/Imagen-6.jpeg?fit=1200%2C1200&ssl=1&resize=525%2C300 1.5x, https:\/\/i0.wp.com\/zeromagazine.mx\/wp-content\/uploads\/2026\/04\/Imagen-6.jpeg?fit=1200%2C1200&ssl=1&resize=700%2C400 2x, https:\/\/i0.wp.com\/zeromagazine.mx\/wp-content\/uploads\/2026\/04\/Imagen-6.jpeg?fit=1200%2C1200&ssl=1&resize=1050%2C600 3x"},"classes":[]},{"id":108787,"url":"https:\/\/zeromagazine.mx\/index.php\/2025\/09\/23\/dia-del-maiz-habanos\/","url_meta":{"origin":108603,"position":2},"title":"D\u00eda del Ma\u00edz con Habanos: ra\u00edces que se disfrutan lento","author":"David Morales","date":"23 de septiembre de 2025","format":false,"excerpt":"En M\u00e9xico, el ma\u00edz no es solo un ingrediente: es identidad, historia y s\u00edmbolo de todo lo que somos. Cada 29 de septiembre celebramos el D\u00eda del Ma\u00edz, pero este 2025 la tradici\u00f3n se eleva con un maridaje inesperado y exquisito: la uni\u00f3n entre la gastronom\u00eda mexicana y los Habanos.\u2026","rel":"","context":"En \u00abLifestyle\u00bb","block_context":{"text":"Lifestyle","link":"https:\/\/zeromagazine.mx\/index.php\/category\/lifestyle\/"},"img":{"alt_text":"","src":"https:\/\/i0.wp.com\/zeromagazine.mx\/wp-content\/uploads\/2025\/09\/helado-de-elote.-lbb-1.jpg?fit=800%2C1200&ssl=1&resize=350%2C200","width":350,"height":200,"srcset":"https:\/\/i0.wp.com\/zeromagazine.mx\/wp-content\/uploads\/2025\/09\/helado-de-elote.-lbb-1.jpg?fit=800%2C1200&ssl=1&resize=350%2C200 1x, https:\/\/i0.wp.com\/zeromagazine.mx\/wp-content\/uploads\/2025\/09\/helado-de-elote.-lbb-1.jpg?fit=800%2C1200&ssl=1&resize=525%2C300 1.5x, https:\/\/i0.wp.com\/zeromagazine.mx\/wp-content\/uploads\/2025\/09\/helado-de-elote.-lbb-1.jpg?fit=800%2C1200&ssl=1&resize=700%2C400 2x"},"classes":[]},{"id":90836,"url":"https:\/\/zeromagazine.mx\/index.php\/2024\/11\/15\/as-boutique-residence-en-la-habana\/","url_meta":{"origin":108603,"position":3},"title":"A|S Boutique Residence en La Habana","author":"zeromagazinemx","date":"15 de noviembre de 2024","format":false,"excerpt":"Vacacionistas \u00bfEst\u00e1n listos para conocer uno de los spots m\u00e1s exclusivos de La Habana? Prep\u00e1rate para vivir una experiencia \u00fanica en A|S Boutique Residence, un hotel que te va a hacer sentir en casa. Este lugar est\u00e1 en el coraz\u00f3n del barrio de San Isidro, en La Habana Vieja, s\u00ed\u2026","rel":"","context":"En \u00abViajes\u00bb","block_context":{"text":"Viajes","link":"https:\/\/zeromagazine.mx\/index.php\/category\/lugares\/"},"img":{"alt_text":"","src":"https:\/\/i0.wp.com\/zeromagazine.mx\/wp-content\/uploads\/2024\/11\/as-boutique-residence-la-habana-1536x1024-1.jpg?fit=1200%2C800&ssl=1&resize=350%2C200","width":350,"height":200,"srcset":"https:\/\/i0.wp.com\/zeromagazine.mx\/wp-content\/uploads\/2024\/11\/as-boutique-residence-la-habana-1536x1024-1.jpg?fit=1200%2C800&ssl=1&resize=350%2C200 1x, https:\/\/i0.wp.com\/zeromagazine.mx\/wp-content\/uploads\/2024\/11\/as-boutique-residence-la-habana-1536x1024-1.jpg?fit=1200%2C800&ssl=1&resize=525%2C300 1.5x, https:\/\/i0.wp.com\/zeromagazine.mx\/wp-content\/uploads\/2024\/11\/as-boutique-residence-la-habana-1536x1024-1.jpg?fit=1200%2C800&ssl=1&resize=700%2C400 2x, https:\/\/i0.wp.com\/zeromagazine.mx\/wp-content\/uploads\/2024\/11\/as-boutique-residence-la-habana-1536x1024-1.jpg?fit=1200%2C800&ssl=1&resize=1050%2C600 3x"},"classes":[]},{"id":51202,"url":"https:\/\/zeromagazine.mx\/index.php\/2021\/07\/30\/entrevista-con-seidy-la-nina\/","url_meta":{"origin":108603,"position":4},"title":"Entrevista con Seidy \u201cLa ni\u00f1a\u201d","author":"zeromagazinemx","date":"30 de julio de 2021","format":false,"excerpt":"La cantante cubana Seidy \u201cLa ni\u00f1a\u201d, recientemente nos mostr\u00f3 su producci\u00f3n \u201cLa ni\u00f1a lleg\u00f3\u201d, un EP lleno de experiencias y buenos encuentros que sin duda han marcado el inicio de su carrera, tuvimos la oportunidad de platicar con Seidy sobre esta etapa de su carrera y c\u00f3mo fue el proceso\u2026","rel":"","context":"En \u00abEntretenimiento\u00bb","block_context":{"text":"Entretenimiento","link":"https:\/\/zeromagazine.mx\/index.php\/category\/entretenimiento\/"},"img":{"alt_text":"","src":"https:\/\/i0.wp.com\/img.youtube.com\/vi\/OLAK5uy_mKs0_iX8U-OJkwqNGQ9vtkNJuzcGiv2WY\/0.jpg?resize=350%2C200","width":350,"height":200},"classes":[]},{"id":86850,"url":"https:\/\/zeromagazine.mx\/index.php\/2024\/10\/15\/lentes-dolcegabbana-glamour-otonal\/","url_meta":{"origin":108603,"position":5},"title":"\u00abLentes Dolce &amp; Gabbana: Glamour Oto\u00f1al\u00bb","author":"zeromagazinemx","date":"15 de octubre de 2024","format":false,"excerpt":"\u00a1Alright, let's do this! Imagina que estamos en una pl\u00e1tica chill sobre lo m\u00e1s cool del mundo fashion, y obvio no pod\u00edamos dejar de hablar de lo que Dolce & Gabbana trae esta temporada. Sabemos que cada campa\u00f1a de estos ic\u00f3nicos es como un statement en el mundo de la\u2026","rel":"","context":"En \u00abModa\u00bb","block_context":{"text":"Moda","link":"https:\/\/zeromagazine.mx\/index.php\/category\/moda\/"},"img":{"alt_text":"","src":"https:\/\/i0.wp.com\/zeromagazine.mx\/wp-content\/uploads\/2024\/10\/DolceGabbana_Adv-Campaign-1-scaled.jpg?fit=1200%2C785&ssl=1&resize=350%2C200","width":350,"height":200,"srcset":"https:\/\/i0.wp.com\/zeromagazine.mx\/wp-content\/uploads\/2024\/10\/DolceGabbana_Adv-Campaign-1-scaled.jpg?fit=1200%2C785&ssl=1&resize=350%2C200 1x, https:\/\/i0.wp.com\/zeromagazine.mx\/wp-content\/uploads\/2024\/10\/DolceGabbana_Adv-Campaign-1-scaled.jpg?fit=1200%2C785&ssl=1&resize=525%2C300 1.5x, https:\/\/i0.wp.com\/zeromagazine.mx\/wp-content\/uploads\/2024\/10\/DolceGabbana_Adv-Campaign-1-scaled.jpg?fit=1200%2C785&ssl=1&resize=700%2C400 2x, https:\/\/i0.wp.com\/zeromagazine.mx\/wp-content\/uploads\/2024\/10\/DolceGabbana_Adv-Campaign-1-scaled.jpg?fit=1200%2C785&ssl=1&resize=1050%2C600 3x"},"classes":[]}],"jetpack_sharing_enabled":true,"builder_content":"","_links":{"self":[{"href":"https:\/\/zeromagazine.mx\/index.php\/wp-json\/wp\/v2\/posts\/108603","targetHints":{"allow":["GET"]}}],"collection":[{"href":"https:\/\/zeromagazine.mx\/index.php\/wp-json\/wp\/v2\/posts"}],"about":[{"href":"https:\/\/zeromagazine.mx\/index.php\/wp-json\/wp\/v2\/types\/post"}],"author":[{"embeddable":true,"href":"https:\/\/zeromagazine.mx\/index.php\/wp-json\/wp\/v2\/users\/4"}],"replies":[{"embeddable":true,"href":"https:\/\/zeromagazine.mx\/index.php\/wp-json\/wp\/v2\/comments?post=108603"}],"version-history":[{"count":4,"href":"https:\/\/zeromagazine.mx\/index.php\/wp-json\/wp\/v2\/posts\/108603\/revisions"}],"predecessor-version":[{"id":108607,"href":"https:\/\/zeromagazine.mx\/index.php\/wp-json\/wp\/v2\/posts\/108603\/revisions\/108607"}],"wp:featuredmedia":[{"embeddable":true,"href":"https:\/\/zeromagazine.mx\/index.php\/wp-json\/wp\/v2\/media\/108602"}],"wp:attachment":[{"href":"https:\/\/zeromagazine.mx\/index.php\/wp-json\/wp\/v2\/media?parent=108603"}],"wp:term":[{"taxonomy":"category","embeddable":true,"href":"https:\/\/zeromagazine.mx\/index.php\/wp-json\/wp\/v2\/categories?post=108603"},{"taxonomy":"post_tag","embeddable":true,"href":"https:\/\/zeromagazine.mx\/index.php\/wp-json\/wp\/v2\/tags?post=108603"}],"curies":[{"name":"wp","href":"https:\/\/api.w.org\/{rel}","templated":true}]}}