{"id":108694,"date":"2025-09-21T11:27:22","date_gmt":"2025-09-21T17:27:22","guid":{"rendered":"https:\/\/zeromagazine.mx\/?p=108694"},"modified":"2025-09-21T11:27:24","modified_gmt":"2025-09-21T17:27:24","slug":"rutina-transicion-verano-otono-skincare","status":"publish","type":"post","link":"https:\/\/zeromagazine.mx\/index.php\/2025\/09\/21\/rutina-transicion-verano-otono-skincare\/","title":{"rendered":"Rutina de transici\u00f3n de verano a oto\u00f1o para tu piel"},"content":{"rendered":"<!--themify_builder_content-->\n<div id=\"themify_builder_content-108694\" data-postid=\"108694\" class=\"themify_builder_content themify_builder_content-108694 themify_builder tf_clear\">\n    <\/div>\n<!--\/themify_builder_content-->\n\n\n<p>se acab\u00f3 el verano. Adi\u00f3s al solazo, las desveladas y los litros de micheladas en la playa \ud83c\udf1e\ud83c\udf79. Ahora llegan los d\u00edas cozy, los su\u00e9teres oversize y los pumpkin vibes. Y s\u00ed, tu piel tambi\u00e9n necesita cambiar el mood. Despu\u00e9s de tanto calor, cloro y sudor, es normal que est\u00e9 cansada, apagada o hasta un poquito sensible. Lo que toca: una&nbsp;<strong>rutina de transici\u00f3n de verano a oto\u00f1o<\/strong>&nbsp;que la deje fresh, hidratada y con glow.<\/p>\n\n\n\n<figure class=\"wp-block-image size-large\"><img data-recalc-dims=\"1\" decoding=\"async\" width=\"732\" height=\"1024\" src=\"https:\/\/i0.wp.com\/zeromagazine.mx\/wp-content\/uploads\/2025\/09\/PHOTO-2025-07-03-17-21-13-2-732x1024.jpeg?resize=732%2C1024&#038;ssl=1\" alt=\"\" class=\"wp-image-108695\" srcset=\"https:\/\/i0.wp.com\/zeromagazine.mx\/wp-content\/uploads\/2025\/09\/PHOTO-2025-07-03-17-21-13-2.jpeg?resize=732%2C1024&amp;ssl=1 732w, https:\/\/i0.wp.com\/zeromagazine.mx\/wp-content\/uploads\/2025\/09\/PHOTO-2025-07-03-17-21-13-2.jpeg?resize=215%2C300&amp;ssl=1 215w, https:\/\/i0.wp.com\/zeromagazine.mx\/wp-content\/uploads\/2025\/09\/PHOTO-2025-07-03-17-21-13-2.jpeg?resize=768%2C1074&amp;ssl=1 768w, https:\/\/i0.wp.com\/zeromagazine.mx\/wp-content\/uploads\/2025\/09\/PHOTO-2025-07-03-17-21-13-2.jpeg?w=794&amp;ssl=1 794w\" sizes=\"(max-width: 732px) 100vw, 732px\" \/><\/figure>\n\n\n\n<p>Aqu\u00ed es donde entra&nbsp;<strong>Emotions Labs<\/strong>, que b\u00e1sicamente convierte tu skincare en terapia emocional. Todo libre de parabenos, con f\u00f3rmulas que neta s\u00ed se sienten ricas y con dos l\u00edneas dise\u00f1adas para tus moods de temporada:&nbsp;<strong>Vitalidad<\/strong>(cuando quieres energ\u00eda + brillo) y&nbsp;<strong>Serenidad<\/strong>&nbsp;(cuando solo buscas paz).<\/p>\n\n\n\n<h3 class=\"wp-block-heading\">Mood Vitalidad: glow back ASAP<\/h3>\n\n\n\n<p>El verano se llev\u00f3 tu glow, pero Vitalidad te lo regresa con intereses \u2728.<\/p>\n\n\n\n<ul class=\"wp-block-list\">\n<li><strong>Gel Limpiador Facial Vitalidad<\/strong>: limpia sin dejarte la cara acartonada, perfecta para empezar el d\u00eda como main character.<\/li>\n\n\n\n<li><strong>S\u00e9rum Revitalizante Vitalidad<\/strong>: un mini shot de frescura que hidrata y balancea tu piel, como reorganizar tu cuarto despu\u00e9s de un caos.<\/li>\n\n\n\n<li><strong>Crema Hidratante Vitalidad<\/strong>: textura ligera, efecto glow. Te la pones y es como un filtro cute en la vida real.<\/li>\n<\/ul>\n\n\n\n<div class=\"wp-block-jetpack-tiled-gallery aligncenter is-style-rectangular\"><div class=\"tiled-gallery__gallery\"><div class=\"tiled-gallery__row\"><div class=\"tiled-gallery__col\" style=\"flex-basis:65.54855%\"><figure class=\"tiled-gallery__item\"><a href=\"https:\/\/i0.wp.com\/zeromagazine.mx\/wp-content\/uploads\/2025\/09\/Serum-Vitalidad-1024x1024.png?ssl=1\"><img decoding=\"async\" srcset=\"https:\/\/i1.wp.com\/zeromagazine.mx\/wp-content\/uploads\/2025\/09\/Serum-Vitalidad-1024x1024.png?strip=info&#038;w=600&#038;ssl=1 600w,https:\/\/i1.wp.com\/zeromagazine.mx\/wp-content\/uploads\/2025\/09\/Serum-Vitalidad-1024x1024.png?strip=info&#038;w=900&#038;ssl=1 900w,https:\/\/i1.wp.com\/zeromagazine.mx\/wp-content\/uploads\/2025\/09\/Serum-Vitalidad-1024x1024.png?strip=info&#038;w=1200&#038;ssl=1 1200w,https:\/\/i1.wp.com\/zeromagazine.mx\/wp-content\/uploads\/2025\/09\/Serum-Vitalidad-1024x1024.png?strip=info&#038;w=1500&#038;ssl=1 1500w,https:\/\/i1.wp.com\/zeromagazine.mx\/wp-content\/uploads\/2025\/09\/Serum-Vitalidad-1024x1024.png?strip=info&#038;w=1800&#038;ssl=1 1800w,https:\/\/i1.wp.com\/zeromagazine.mx\/wp-content\/uploads\/2025\/09\/Serum-Vitalidad-1024x1024.png?strip=info&#038;w=2000&#038;ssl=1 2000w\" alt=\"\" data-height=\"2200\" data-id=\"108697\" data-link=\"https:\/\/zeromagazine.mx\/?attachment_id=108697\" data-url=\"https:\/\/zeromagazine.mx\/wp-content\/uploads\/2025\/09\/Serum-Vitalidad-1024x1024.png\" data-width=\"2200\" src=\"https:\/\/i1.wp.com\/zeromagazine.mx\/wp-content\/uploads\/2025\/09\/Serum-Vitalidad-1024x1024.png?ssl=1\" data-amp-layout=\"responsive\"\/><\/a><\/figure><\/div><div class=\"tiled-gallery__col\" style=\"flex-basis:34.45145%\"><figure class=\"tiled-gallery__item\"><a href=\"https:\/\/i0.wp.com\/zeromagazine.mx\/wp-content\/uploads\/2025\/09\/gel-limpiador-vitalidad-1-1024x1024.png?ssl=1\"><img decoding=\"async\" srcset=\"https:\/\/i1.wp.com\/zeromagazine.mx\/wp-content\/uploads\/2025\/09\/gel-limpiador-vitalidad-1-1024x1024.png?strip=info&#038;w=600&#038;ssl=1 600w,https:\/\/i1.wp.com\/zeromagazine.mx\/wp-content\/uploads\/2025\/09\/gel-limpiador-vitalidad-1-1024x1024.png?strip=info&#038;w=900&#038;ssl=1 900w,https:\/\/i1.wp.com\/zeromagazine.mx\/wp-content\/uploads\/2025\/09\/gel-limpiador-vitalidad-1-1024x1024.png?strip=info&#038;w=1200&#038;ssl=1 1200w,https:\/\/i1.wp.com\/zeromagazine.mx\/wp-content\/uploads\/2025\/09\/gel-limpiador-vitalidad-1-1024x1024.png?strip=info&#038;w=1500&#038;ssl=1 1500w,https:\/\/i1.wp.com\/zeromagazine.mx\/wp-content\/uploads\/2025\/09\/gel-limpiador-vitalidad-1-1024x1024.png?strip=info&#038;w=1800&#038;ssl=1 1800w,https:\/\/i1.wp.com\/zeromagazine.mx\/wp-content\/uploads\/2025\/09\/gel-limpiador-vitalidad-1-1024x1024.png?strip=info&#038;w=2000&#038;ssl=1 2000w\" alt=\"\" data-height=\"3000\" data-id=\"108696\" data-link=\"https:\/\/zeromagazine.mx\/?attachment_id=108696\" data-url=\"https:\/\/zeromagazine.mx\/wp-content\/uploads\/2025\/09\/gel-limpiador-vitalidad-1-1024x1024.png\" data-width=\"3000\" src=\"https:\/\/i1.wp.com\/zeromagazine.mx\/wp-content\/uploads\/2025\/09\/gel-limpiador-vitalidad-1-1024x1024.png?ssl=1\" data-amp-layout=\"responsive\"\/><\/a><\/figure><figure class=\"tiled-gallery__item\"><a href=\"https:\/\/i0.wp.com\/zeromagazine.mx\/wp-content\/uploads\/2025\/09\/crema-vitalidad-1024x917.png?ssl=1\"><img decoding=\"async\" srcset=\"https:\/\/i1.wp.com\/zeromagazine.mx\/wp-content\/uploads\/2025\/09\/crema-vitalidad-1024x917.png?strip=info&#038;w=600&#038;ssl=1 600w,https:\/\/i1.wp.com\/zeromagazine.mx\/wp-content\/uploads\/2025\/09\/crema-vitalidad-1024x917.png?strip=info&#038;w=900&#038;ssl=1 900w,https:\/\/i1.wp.com\/zeromagazine.mx\/wp-content\/uploads\/2025\/09\/crema-vitalidad-1024x917.png?strip=info&#038;w=1200&#038;ssl=1 1200w,https:\/\/i1.wp.com\/zeromagazine.mx\/wp-content\/uploads\/2025\/09\/crema-vitalidad-1024x917.png?strip=info&#038;w=1500&#038;ssl=1 1500w,https:\/\/i1.wp.com\/zeromagazine.mx\/wp-content\/uploads\/2025\/09\/crema-vitalidad-1024x917.png?strip=info&#038;w=1800&#038;ssl=1 1800w,https:\/\/i1.wp.com\/zeromagazine.mx\/wp-content\/uploads\/2025\/09\/crema-vitalidad-1024x917.png?strip=info&#038;w=2000&#038;ssl=1 2000w\" alt=\"\" data-height=\"2971\" data-id=\"108698\" data-link=\"https:\/\/zeromagazine.mx\/?attachment_id=108698\" data-url=\"https:\/\/zeromagazine.mx\/wp-content\/uploads\/2025\/09\/crema-vitalidad-1024x917.png\" data-width=\"3319\" src=\"https:\/\/i1.wp.com\/zeromagazine.mx\/wp-content\/uploads\/2025\/09\/crema-vitalidad-1024x917.png?ssl=1\" data-amp-layout=\"responsive\"\/><\/a><\/figure><\/div><\/div><\/div><\/div>\n\n\n\n<h3 class=\"wp-block-heading\">Mood Serenidad: calma y comfort<\/h3>\n\n\n\n<p>Si tu piel anda como t\u00fa despu\u00e9s de una semana de ex\u00e1menes (estresada, roja, cero chill), Serenidad es lo que pide a gritos.<\/p>\n\n\n\n<ul class=\"wp-block-list\">\n<li><strong>Agua Micelar Serenidad<\/strong>: elimina todo lo que sobra (makeup, contaminaci\u00f3n, malas vibras) sin irritar.<\/li>\n\n\n\n<li><strong>Agua Hidratante Serenidad<\/strong>: spray hidratante que refresca on the go, literal lo puedes llevar en la mochila y darle vida a tu piel entre clases.<\/li>\n<\/ul>\n\n\n\n<div class=\"wp-block-jetpack-tiled-gallery aligncenter is-style-rectangular\"><div class=\"tiled-gallery__gallery\"><div class=\"tiled-gallery__row\"><div class=\"tiled-gallery__col\" style=\"flex-basis:50.00000%\"><figure class=\"tiled-gallery__item\"><a href=\"https:\/\/i0.wp.com\/zeromagazine.mx\/wp-content\/uploads\/2025\/09\/agua-micelar-702x1024.png?ssl=1\"><img decoding=\"async\" srcset=\"https:\/\/i1.wp.com\/zeromagazine.mx\/wp-content\/uploads\/2025\/09\/agua-micelar-702x1024.png?strip=info&#038;w=600&#038;ssl=1 600w,https:\/\/i1.wp.com\/zeromagazine.mx\/wp-content\/uploads\/2025\/09\/agua-micelar-702x1024.png?strip=info&#038;w=900&#038;ssl=1 900w,https:\/\/i1.wp.com\/zeromagazine.mx\/wp-content\/uploads\/2025\/09\/agua-micelar-702x1024.png?strip=info&#038;w=1110&#038;ssl=1 1110w\" alt=\"\" data-height=\"1620\" data-id=\"108699\" data-link=\"https:\/\/zeromagazine.mx\/?attachment_id=108699\" data-url=\"https:\/\/zeromagazine.mx\/wp-content\/uploads\/2025\/09\/agua-micelar-702x1024.png\" data-width=\"1110\" src=\"https:\/\/i1.wp.com\/zeromagazine.mx\/wp-content\/uploads\/2025\/09\/agua-micelar-702x1024.png?ssl=1\" data-amp-layout=\"responsive\"\/><\/a><\/figure><\/div><div class=\"tiled-gallery__col\" style=\"flex-basis:50.00000%\"><figure class=\"tiled-gallery__item\"><a href=\"https:\/\/i0.wp.com\/zeromagazine.mx\/wp-content\/uploads\/2025\/09\/agua-hidratante-702x1024.png?ssl=1\"><img decoding=\"async\" srcset=\"https:\/\/i1.wp.com\/zeromagazine.mx\/wp-content\/uploads\/2025\/09\/agua-hidratante-702x1024.png?strip=info&#038;w=600&#038;ssl=1 600w,https:\/\/i1.wp.com\/zeromagazine.mx\/wp-content\/uploads\/2025\/09\/agua-hidratante-702x1024.png?strip=info&#038;w=900&#038;ssl=1 900w,https:\/\/i1.wp.com\/zeromagazine.mx\/wp-content\/uploads\/2025\/09\/agua-hidratante-702x1024.png?strip=info&#038;w=1110&#038;ssl=1 1110w\" alt=\"\" data-height=\"1620\" data-id=\"108700\" data-link=\"https:\/\/zeromagazine.mx\/?attachment_id=108700\" data-url=\"https:\/\/zeromagazine.mx\/wp-content\/uploads\/2025\/09\/agua-hidratante-702x1024.png\" data-width=\"1110\" src=\"https:\/\/i1.wp.com\/zeromagazine.mx\/wp-content\/uploads\/2025\/09\/agua-hidratante-702x1024.png?ssl=1\" data-amp-layout=\"responsive\"\/><\/a><\/figure><\/div><\/div><\/div><\/div>\n\n\n\n<p>Lo cool de esta&nbsp;<strong>rutina de transici\u00f3n de verano a oto\u00f1o<\/strong>&nbsp;es que no es solo skincare: es autocuidado real. Es darte un break, resetearte y sentirte comfy contigo misma mientras tu piel vuelve a estar feliz.<\/p>\n\n\n\n<p>Y si quieres probar, puedes encontrar&nbsp;<strong>Emotions Labs<\/strong>&nbsp;en&nbsp;<a href=\"https:\/\/emotionslabs.mx\/\">su web<\/a>, en Amazon, Mercado Libre y&nbsp;<a href=\"https:\/\/www.liverpool.com\/\">Liverpool<\/a><\/p>","protected":false},"excerpt":{"rendered":"<p>se acab\u00f3 el verano. Adi\u00f3s al solazo, las desveladas y los litros de micheladas en la playa \ud83c\udf1e\ud83c\udf79. Ahora llegan los d\u00edas cozy, los su\u00e9teres oversize y los pumpkin vibes. Y s\u00ed, tu piel tambi\u00e9n necesita cambiar el mood. Despu\u00e9s de tanto calor, cloro y sudor, es normal que est\u00e9 cansada, apagada o hasta un [&hellip;]<\/p>\n","protected":false},"author":4,"featured_media":108695,"comment_status":"open","ping_status":"open","sticky":false,"template":"","format":"standard","meta":{"_jetpack_memberships_contains_paid_content":false,"footnotes":"","jetpack_publicize_message":"","jetpack_publicize_feature_enabled":true,"jetpack_social_post_already_shared":true,"jetpack_social_options":{"image_generator_settings":{"template":"highway","default_image_id":0,"font":"","enabled":false},"version":2}},"categories":[9858],"tags":[],"class_list":["post-108694","post","type-post","status-publish","format-standard","has-post-thumbnail","hentry","category-beauty","has-post-title","has-post-date","has-post-category","has-post-tag","has-post-comment","has-post-author",""],"yoast_head":"<!-- This site is optimized with the Yoast SEO plugin v27.5 - https:\/\/yoast.com\/product\/yoast-seo-wordpress\/ -->\n<title>Rutina de transici\u00f3n de verano a oto\u00f1o para tu piel - Zero Magazine<\/title>\n<meta name=\"description\" content=\"Tu piel pide cambio: descubre la rutina de transici\u00f3n de verano a oto\u00f1o con Emotions Labs y revive tu glow.\" \/>\n<meta name=\"robots\" content=\"index, follow, max-snippet:-1, max-image-preview:large, max-video-preview:-1\" \/>\n<link rel=\"canonical\" href=\"https:\/\/zeromagazine.mx\/index.php\/2025\/09\/21\/rutina-transicion-verano-otono-skincare\/\" \/>\n<meta property=\"og:locale\" content=\"es_ES\" \/>\n<meta property=\"og:type\" content=\"article\" \/>\n<meta property=\"og:title\" content=\"Rutina de transici\u00f3n de verano a oto\u00f1o para tu piel - Zero Magazine\" \/>\n<meta property=\"og:description\" content=\"Tu piel pide cambio: descubre la rutina de transici\u00f3n de verano a oto\u00f1o con Emotions Labs y revive tu glow.\" \/>\n<meta property=\"og:url\" content=\"https:\/\/zeromagazine.mx\/index.php\/2025\/09\/21\/rutina-transicion-verano-otono-skincare\/\" \/>\n<meta property=\"og:site_name\" content=\"Zero Magazine\" \/>\n<meta property=\"article:published_time\" content=\"2025-09-21T17:27:22+00:00\" \/>\n<meta property=\"article:modified_time\" content=\"2025-09-21T17:27:24+00:00\" \/>\n<meta property=\"og:image\" content=\"http:\/\/zeromagazine.mx\/wp-content\/uploads\/2025\/09\/PHOTO-2025-07-03-17-21-13-2.jpeg\" \/>\n\t<meta property=\"og:image:width\" content=\"794\" \/>\n\t<meta property=\"og:image:height\" content=\"1110\" \/>\n\t<meta property=\"og:image:type\" content=\"image\/jpeg\" \/>\n<meta name=\"author\" content=\"David Morales\" \/>\n<meta name=\"twitter:card\" content=\"summary_large_image\" \/>\n<meta name=\"twitter:label1\" content=\"Escrito por\" \/>\n\t<meta name=\"twitter:data1\" content=\"David Morales\" \/>\n\t<meta name=\"twitter:label2\" content=\"Tiempo de lectura\" \/>\n\t<meta name=\"twitter:data2\" content=\"3 minutos\" \/>\n<script type=\"application\/ld+json\" class=\"yoast-schema-graph\">{\"@context\":\"https:\\\/\\\/schema.org\",\"@graph\":[{\"@type\":\"Article\",\"@id\":\"https:\\\/\\\/zeromagazine.mx\\\/index.php\\\/2025\\\/09\\\/21\\\/rutina-transicion-verano-otono-skincare\\\/#article\",\"isPartOf\":{\"@id\":\"https:\\\/\\\/zeromagazine.mx\\\/index.php\\\/2025\\\/09\\\/21\\\/rutina-transicion-verano-otono-skincare\\\/\"},\"author\":{\"name\":\"David Morales\",\"@id\":\"https:\\\/\\\/zeromagazine.mx\\\/#\\\/schema\\\/person\\\/9f7f1a17c60ba8e9980e3e6677aabe5a\"},\"headline\":\"Rutina de transici\u00f3n de verano a oto\u00f1o para tu piel\",\"datePublished\":\"2025-09-21T17:27:22+00:00\",\"dateModified\":\"2025-09-21T17:27:24+00:00\",\"mainEntityOfPage\":{\"@id\":\"https:\\\/\\\/zeromagazine.mx\\\/index.php\\\/2025\\\/09\\\/21\\\/rutina-transicion-verano-otono-skincare\\\/\"},\"wordCount\":365,\"commentCount\":0,\"publisher\":{\"@id\":\"https:\\\/\\\/zeromagazine.mx\\\/#organization\"},\"image\":{\"@id\":\"https:\\\/\\\/zeromagazine.mx\\\/index.php\\\/2025\\\/09\\\/21\\\/rutina-transicion-verano-otono-skincare\\\/#primaryimage\"},\"thumbnailUrl\":\"https:\\\/\\\/i0.wp.com\\\/zeromagazine.mx\\\/wp-content\\\/uploads\\\/2025\\\/09\\\/PHOTO-2025-07-03-17-21-13-2.jpeg?fit=794%2C1110&ssl=1\",\"articleSection\":[\"Beauty\"],\"inLanguage\":\"es\",\"potentialAction\":[{\"@type\":\"CommentAction\",\"name\":\"Comment\",\"target\":[\"https:\\\/\\\/zeromagazine.mx\\\/index.php\\\/2025\\\/09\\\/21\\\/rutina-transicion-verano-otono-skincare\\\/#respond\"]}]},{\"@type\":\"WebPage\",\"@id\":\"https:\\\/\\\/zeromagazine.mx\\\/index.php\\\/2025\\\/09\\\/21\\\/rutina-transicion-verano-otono-skincare\\\/\",\"url\":\"https:\\\/\\\/zeromagazine.mx\\\/index.php\\\/2025\\\/09\\\/21\\\/rutina-transicion-verano-otono-skincare\\\/\",\"name\":\"Rutina de transici\u00f3n de verano a oto\u00f1o para tu piel - Zero Magazine\",\"isPartOf\":{\"@id\":\"https:\\\/\\\/zeromagazine.mx\\\/#website\"},\"primaryImageOfPage\":{\"@id\":\"https:\\\/\\\/zeromagazine.mx\\\/index.php\\\/2025\\\/09\\\/21\\\/rutina-transicion-verano-otono-skincare\\\/#primaryimage\"},\"image\":{\"@id\":\"https:\\\/\\\/zeromagazine.mx\\\/index.php\\\/2025\\\/09\\\/21\\\/rutina-transicion-verano-otono-skincare\\\/#primaryimage\"},\"thumbnailUrl\":\"https:\\\/\\\/i0.wp.com\\\/zeromagazine.mx\\\/wp-content\\\/uploads\\\/2025\\\/09\\\/PHOTO-2025-07-03-17-21-13-2.jpeg?fit=794%2C1110&ssl=1\",\"datePublished\":\"2025-09-21T17:27:22+00:00\",\"dateModified\":\"2025-09-21T17:27:24+00:00\",\"description\":\"Tu piel pide cambio: descubre la rutina de transici\u00f3n de verano a oto\u00f1o con Emotions Labs y revive tu glow.\",\"breadcrumb\":{\"@id\":\"https:\\\/\\\/zeromagazine.mx\\\/index.php\\\/2025\\\/09\\\/21\\\/rutina-transicion-verano-otono-skincare\\\/#breadcrumb\"},\"inLanguage\":\"es\",\"potentialAction\":[{\"@type\":\"ReadAction\",\"target\":[\"https:\\\/\\\/zeromagazine.mx\\\/index.php\\\/2025\\\/09\\\/21\\\/rutina-transicion-verano-otono-skincare\\\/\"]}]},{\"@type\":\"ImageObject\",\"inLanguage\":\"es\",\"@id\":\"https:\\\/\\\/zeromagazine.mx\\\/index.php\\\/2025\\\/09\\\/21\\\/rutina-transicion-verano-otono-skincare\\\/#primaryimage\",\"url\":\"https:\\\/\\\/i0.wp.com\\\/zeromagazine.mx\\\/wp-content\\\/uploads\\\/2025\\\/09\\\/PHOTO-2025-07-03-17-21-13-2.jpeg?fit=794%2C1110&ssl=1\",\"contentUrl\":\"https:\\\/\\\/i0.wp.com\\\/zeromagazine.mx\\\/wp-content\\\/uploads\\\/2025\\\/09\\\/PHOTO-2025-07-03-17-21-13-2.jpeg?fit=794%2C1110&ssl=1\",\"width\":794,\"height\":1110},{\"@type\":\"BreadcrumbList\",\"@id\":\"https:\\\/\\\/zeromagazine.mx\\\/index.php\\\/2025\\\/09\\\/21\\\/rutina-transicion-verano-otono-skincare\\\/#breadcrumb\",\"itemListElement\":[{\"@type\":\"ListItem\",\"position\":1,\"name\":\"Portada\",\"item\":\"https:\\\/\\\/zeromagazine.mx\\\/\"},{\"@type\":\"ListItem\",\"position\":2,\"name\":\"Rutina de transici\u00f3n de verano a oto\u00f1o para tu piel\"}]},{\"@type\":\"WebSite\",\"@id\":\"https:\\\/\\\/zeromagazine.mx\\\/#website\",\"url\":\"https:\\\/\\\/zeromagazine.mx\\\/\",\"name\":\"Zero Magazine\",\"description\":\"\",\"publisher\":{\"@id\":\"https:\\\/\\\/zeromagazine.mx\\\/#organization\"},\"potentialAction\":[{\"@type\":\"SearchAction\",\"target\":{\"@type\":\"EntryPoint\",\"urlTemplate\":\"https:\\\/\\\/zeromagazine.mx\\\/?s={search_term_string}\"},\"query-input\":{\"@type\":\"PropertyValueSpecification\",\"valueRequired\":true,\"valueName\":\"search_term_string\"}}],\"inLanguage\":\"es\"},{\"@type\":\"Organization\",\"@id\":\"https:\\\/\\\/zeromagazine.mx\\\/#organization\",\"name\":\"Zero Magazine\",\"url\":\"https:\\\/\\\/zeromagazine.mx\\\/\",\"logo\":{\"@type\":\"ImageObject\",\"inLanguage\":\"es\",\"@id\":\"https:\\\/\\\/zeromagazine.mx\\\/#\\\/schema\\\/logo\\\/image\\\/\",\"url\":\"https:\\\/\\\/i0.wp.com\\\/zeromagazine.mx\\\/wp-content\\\/uploads\\\/2025\\\/11\\\/1.jpeg?fit=1000%2C1000&ssl=1\",\"contentUrl\":\"https:\\\/\\\/i0.wp.com\\\/zeromagazine.mx\\\/wp-content\\\/uploads\\\/2025\\\/11\\\/1.jpeg?fit=1000%2C1000&ssl=1\",\"width\":1000,\"height\":1000,\"caption\":\"Zero Magazine\"},\"image\":{\"@id\":\"https:\\\/\\\/zeromagazine.mx\\\/#\\\/schema\\\/logo\\\/image\\\/\"},\"sameAs\":[\"https:\\\/\\\/instagram.com\\\/zeromagazinemx\"]},{\"@type\":\"Person\",\"@id\":\"https:\\\/\\\/zeromagazine.mx\\\/#\\\/schema\\\/person\\\/9f7f1a17c60ba8e9980e3e6677aabe5a\",\"name\":\"David Morales\",\"image\":{\"@type\":\"ImageObject\",\"inLanguage\":\"es\",\"@id\":\"https:\\\/\\\/zeromagazine.mx\\\/wp-content\\\/litespeed\\\/avatar\\\/76069d2136bfc1c37dc34815bb67ca42.jpg?ver=1777571067\",\"url\":\"https:\\\/\\\/zeromagazine.mx\\\/wp-content\\\/litespeed\\\/avatar\\\/76069d2136bfc1c37dc34815bb67ca42.jpg?ver=1777571067\",\"contentUrl\":\"https:\\\/\\\/zeromagazine.mx\\\/wp-content\\\/litespeed\\\/avatar\\\/76069d2136bfc1c37dc34815bb67ca42.jpg?ver=1777571067\",\"caption\":\"David Morales\"},\"url\":\"https:\\\/\\\/zeromagazine.mx\\\/index.php\\\/author\\\/david\\\/\"}]}<\/script>\n<!-- \/ Yoast SEO plugin. -->","yoast_head_json":{"title":"Rutina de transici\u00f3n de verano a oto\u00f1o para tu piel - Zero Magazine","description":"Tu piel pide cambio: descubre la rutina de transici\u00f3n de verano a oto\u00f1o con Emotions Labs y revive tu glow.","robots":{"index":"index","follow":"follow","max-snippet":"max-snippet:-1","max-image-preview":"max-image-preview:large","max-video-preview":"max-video-preview:-1"},"canonical":"https:\/\/zeromagazine.mx\/index.php\/2025\/09\/21\/rutina-transicion-verano-otono-skincare\/","og_locale":"es_ES","og_type":"article","og_title":"Rutina de transici\u00f3n de verano a oto\u00f1o para tu piel - Zero Magazine","og_description":"Tu piel pide cambio: descubre la rutina de transici\u00f3n de verano a oto\u00f1o con Emotions Labs y revive tu glow.","og_url":"https:\/\/zeromagazine.mx\/index.php\/2025\/09\/21\/rutina-transicion-verano-otono-skincare\/","og_site_name":"Zero Magazine","article_published_time":"2025-09-21T17:27:22+00:00","article_modified_time":"2025-09-21T17:27:24+00:00","og_image":[{"width":794,"height":1110,"url":"http:\/\/zeromagazine.mx\/wp-content\/uploads\/2025\/09\/PHOTO-2025-07-03-17-21-13-2.jpeg","type":"image\/jpeg"}],"author":"David Morales","twitter_card":"summary_large_image","twitter_misc":{"Escrito por":"David Morales","Tiempo de lectura":"3 minutos"},"schema":{"@context":"https:\/\/schema.org","@graph":[{"@type":"Article","@id":"https:\/\/zeromagazine.mx\/index.php\/2025\/09\/21\/rutina-transicion-verano-otono-skincare\/#article","isPartOf":{"@id":"https:\/\/zeromagazine.mx\/index.php\/2025\/09\/21\/rutina-transicion-verano-otono-skincare\/"},"author":{"name":"David Morales","@id":"https:\/\/zeromagazine.mx\/#\/schema\/person\/9f7f1a17c60ba8e9980e3e6677aabe5a"},"headline":"Rutina de transici\u00f3n de verano a oto\u00f1o para tu piel","datePublished":"2025-09-21T17:27:22+00:00","dateModified":"2025-09-21T17:27:24+00:00","mainEntityOfPage":{"@id":"https:\/\/zeromagazine.mx\/index.php\/2025\/09\/21\/rutina-transicion-verano-otono-skincare\/"},"wordCount":365,"commentCount":0,"publisher":{"@id":"https:\/\/zeromagazine.mx\/#organization"},"image":{"@id":"https:\/\/zeromagazine.mx\/index.php\/2025\/09\/21\/rutina-transicion-verano-otono-skincare\/#primaryimage"},"thumbnailUrl":"https:\/\/i0.wp.com\/zeromagazine.mx\/wp-content\/uploads\/2025\/09\/PHOTO-2025-07-03-17-21-13-2.jpeg?fit=794%2C1110&ssl=1","articleSection":["Beauty"],"inLanguage":"es","potentialAction":[{"@type":"CommentAction","name":"Comment","target":["https:\/\/zeromagazine.mx\/index.php\/2025\/09\/21\/rutina-transicion-verano-otono-skincare\/#respond"]}]},{"@type":"WebPage","@id":"https:\/\/zeromagazine.mx\/index.php\/2025\/09\/21\/rutina-transicion-verano-otono-skincare\/","url":"https:\/\/zeromagazine.mx\/index.php\/2025\/09\/21\/rutina-transicion-verano-otono-skincare\/","name":"Rutina de transici\u00f3n de verano a oto\u00f1o para tu piel - Zero Magazine","isPartOf":{"@id":"https:\/\/zeromagazine.mx\/#website"},"primaryImageOfPage":{"@id":"https:\/\/zeromagazine.mx\/index.php\/2025\/09\/21\/rutina-transicion-verano-otono-skincare\/#primaryimage"},"image":{"@id":"https:\/\/zeromagazine.mx\/index.php\/2025\/09\/21\/rutina-transicion-verano-otono-skincare\/#primaryimage"},"thumbnailUrl":"https:\/\/i0.wp.com\/zeromagazine.mx\/wp-content\/uploads\/2025\/09\/PHOTO-2025-07-03-17-21-13-2.jpeg?fit=794%2C1110&ssl=1","datePublished":"2025-09-21T17:27:22+00:00","dateModified":"2025-09-21T17:27:24+00:00","description":"Tu piel pide cambio: descubre la rutina de transici\u00f3n de verano a oto\u00f1o con Emotions Labs y revive tu glow.","breadcrumb":{"@id":"https:\/\/zeromagazine.mx\/index.php\/2025\/09\/21\/rutina-transicion-verano-otono-skincare\/#breadcrumb"},"inLanguage":"es","potentialAction":[{"@type":"ReadAction","target":["https:\/\/zeromagazine.mx\/index.php\/2025\/09\/21\/rutina-transicion-verano-otono-skincare\/"]}]},{"@type":"ImageObject","inLanguage":"es","@id":"https:\/\/zeromagazine.mx\/index.php\/2025\/09\/21\/rutina-transicion-verano-otono-skincare\/#primaryimage","url":"https:\/\/i0.wp.com\/zeromagazine.mx\/wp-content\/uploads\/2025\/09\/PHOTO-2025-07-03-17-21-13-2.jpeg?fit=794%2C1110&ssl=1","contentUrl":"https:\/\/i0.wp.com\/zeromagazine.mx\/wp-content\/uploads\/2025\/09\/PHOTO-2025-07-03-17-21-13-2.jpeg?fit=794%2C1110&ssl=1","width":794,"height":1110},{"@type":"BreadcrumbList","@id":"https:\/\/zeromagazine.mx\/index.php\/2025\/09\/21\/rutina-transicion-verano-otono-skincare\/#breadcrumb","itemListElement":[{"@type":"ListItem","position":1,"name":"Portada","item":"https:\/\/zeromagazine.mx\/"},{"@type":"ListItem","position":2,"name":"Rutina de transici\u00f3n de verano a oto\u00f1o para tu piel"}]},{"@type":"WebSite","@id":"https:\/\/zeromagazine.mx\/#website","url":"https:\/\/zeromagazine.mx\/","name":"Zero Magazine","description":"","publisher":{"@id":"https:\/\/zeromagazine.mx\/#organization"},"potentialAction":[{"@type":"SearchAction","target":{"@type":"EntryPoint","urlTemplate":"https:\/\/zeromagazine.mx\/?s={search_term_string}"},"query-input":{"@type":"PropertyValueSpecification","valueRequired":true,"valueName":"search_term_string"}}],"inLanguage":"es"},{"@type":"Organization","@id":"https:\/\/zeromagazine.mx\/#organization","name":"Zero Magazine","url":"https:\/\/zeromagazine.mx\/","logo":{"@type":"ImageObject","inLanguage":"es","@id":"https:\/\/zeromagazine.mx\/#\/schema\/logo\/image\/","url":"https:\/\/i0.wp.com\/zeromagazine.mx\/wp-content\/uploads\/2025\/11\/1.jpeg?fit=1000%2C1000&ssl=1","contentUrl":"https:\/\/i0.wp.com\/zeromagazine.mx\/wp-content\/uploads\/2025\/11\/1.jpeg?fit=1000%2C1000&ssl=1","width":1000,"height":1000,"caption":"Zero Magazine"},"image":{"@id":"https:\/\/zeromagazine.mx\/#\/schema\/logo\/image\/"},"sameAs":["https:\/\/instagram.com\/zeromagazinemx"]},{"@type":"Person","@id":"https:\/\/zeromagazine.mx\/#\/schema\/person\/9f7f1a17c60ba8e9980e3e6677aabe5a","name":"David Morales","image":{"@type":"ImageObject","inLanguage":"es","@id":"https:\/\/zeromagazine.mx\/wp-content\/litespeed\/avatar\/76069d2136bfc1c37dc34815bb67ca42.jpg?ver=1777571067","url":"https:\/\/zeromagazine.mx\/wp-content\/litespeed\/avatar\/76069d2136bfc1c37dc34815bb67ca42.jpg?ver=1777571067","contentUrl":"https:\/\/zeromagazine.mx\/wp-content\/litespeed\/avatar\/76069d2136bfc1c37dc34815bb67ca42.jpg?ver=1777571067","caption":"David Morales"},"url":"https:\/\/zeromagazine.mx\/index.php\/author\/david\/"}]}},"jetpack_publicize_connections":[],"jetpack_featured_media_url":"https:\/\/i0.wp.com\/zeromagazine.mx\/wp-content\/uploads\/2025\/09\/PHOTO-2025-07-03-17-21-13-2.jpeg?fit=794%2C1110&ssl=1","jetpack-related-posts":[{"id":109808,"url":"https:\/\/zeromagazine.mx\/index.php\/2025\/10\/31\/emotions-labs-skincare-otono-rutina\/","url_meta":{"origin":108694,"position":0},"title":"Emotions Labs skincare: el ritual que tu piel y tus emociones estaban esperando","author":"Luis Trujano","date":"31 de octubre de 2025","format":false,"excerpt":"El cambio de estaci\u00f3n no solo se siente en el clima. Tambi\u00e9n se nota en la piel, en la energ\u00eda y hasta en el \u00e1nimo. Por eso, cuando el verano se despide y el oto\u00f1o llega con su calma dorada, es momento de hacer una pausa. Y ah\u00ed entra Emotions\u2026","rel":"","context":"En \u00abBeauty\u00bb","block_context":{"text":"Beauty","link":"https:\/\/zeromagazine.mx\/index.php\/category\/beauty\/"},"img":{"alt_text":"","src":"https:\/\/i0.wp.com\/zeromagazine.mx\/wp-content\/uploads\/2025\/10\/IMG_5750.png?fit=1200%2C369&ssl=1&resize=350%2C200","width":350,"height":200,"srcset":"https:\/\/i0.wp.com\/zeromagazine.mx\/wp-content\/uploads\/2025\/10\/IMG_5750.png?fit=1200%2C369&ssl=1&resize=350%2C200 1x, https:\/\/i0.wp.com\/zeromagazine.mx\/wp-content\/uploads\/2025\/10\/IMG_5750.png?fit=1200%2C369&ssl=1&resize=525%2C300 1.5x, https:\/\/i0.wp.com\/zeromagazine.mx\/wp-content\/uploads\/2025\/10\/IMG_5750.png?fit=1200%2C369&ssl=1&resize=700%2C400 2x, https:\/\/i0.wp.com\/zeromagazine.mx\/wp-content\/uploads\/2025\/10\/IMG_5750.png?fit=1200%2C369&ssl=1&resize=1050%2C600 3x"},"classes":[]},{"id":108041,"url":"https:\/\/zeromagazine.mx\/index.php\/2025\/09\/11\/ram-ram-skincare-otono\/","url_meta":{"origin":108694,"position":1},"title":"Ram Ram: el ritual de oto\u00f1o","author":"David Morales","date":"11 de septiembre de 2025","format":false,"excerpt":"Soy fan de todo lo que tenga que ver con el cuidado natural de la piel. Para m\u00ed, el skincare no es solo aplicar productos, es conectar conmigo mismx, con la temporada y con lo que mi cuerpo necesita en ese momento. Y en oto\u00f1o, cuando la luz se vuelve\u2026","rel":"","context":"En \u00abBeauty\u00bb","block_context":{"text":"Beauty","link":"https:\/\/zeromagazine.mx\/index.php\/category\/beauty\/"},"img":{"alt_text":"","src":"https:\/\/i0.wp.com\/zeromagazine.mx\/wp-content\/uploads\/2025\/09\/BodyOil.png?fit=960%2C1200&ssl=1&resize=350%2C200","width":350,"height":200,"srcset":"https:\/\/i0.wp.com\/zeromagazine.mx\/wp-content\/uploads\/2025\/09\/BodyOil.png?fit=960%2C1200&ssl=1&resize=350%2C200 1x, https:\/\/i0.wp.com\/zeromagazine.mx\/wp-content\/uploads\/2025\/09\/BodyOil.png?fit=960%2C1200&ssl=1&resize=525%2C300 1.5x, https:\/\/i0.wp.com\/zeromagazine.mx\/wp-content\/uploads\/2025\/09\/BodyOil.png?fit=960%2C1200&ssl=1&resize=700%2C400 2x"},"classes":[]},{"id":87175,"url":"https:\/\/zeromagazine.mx\/index.php\/2024\/10\/17\/proteccion-solar-tu-nuevo-bff\/","url_meta":{"origin":108694,"position":2},"title":"\u00abProtecci\u00f3n Solar: Tu Nuevo BFF\u00bb","author":"zeromagazinemx","date":"17 de octubre de 2024","format":false,"excerpt":"Hey, amigxs, hablemos de algo que a veces olvidamos en nuestra rutina diaria \"el protector solar\". Ya s\u00e9, ya s\u00e9, muchos de nosotrxs pensamos que solo lo necesitamos en verano, pero la verdad es que el sol no tiene compasi\u00f3n y est\u00e1 ah\u00ed todo el a\u00f1o, as\u00ed que \u00a1no te\u2026","rel":"","context":"En \u00abBeauty\u00bb","block_context":{"text":"Beauty","link":"https:\/\/zeromagazine.mx\/index.php\/category\/beauty\/"},"img":{"alt_text":"","src":"https:\/\/i0.wp.com\/zeromagazine.mx\/wp-content\/uploads\/2024\/10\/Cosrx.png?fit=960%2C1200&ssl=1&resize=350%2C200","width":350,"height":200,"srcset":"https:\/\/i0.wp.com\/zeromagazine.mx\/wp-content\/uploads\/2024\/10\/Cosrx.png?fit=960%2C1200&ssl=1&resize=350%2C200 1x, https:\/\/i0.wp.com\/zeromagazine.mx\/wp-content\/uploads\/2024\/10\/Cosrx.png?fit=960%2C1200&ssl=1&resize=525%2C300 1.5x, https:\/\/i0.wp.com\/zeromagazine.mx\/wp-content\/uploads\/2024\/10\/Cosrx.png?fit=960%2C1200&ssl=1&resize=700%2C400 2x"},"classes":[]},{"id":109111,"url":"https:\/\/zeromagazine.mx\/index.php\/2025\/10\/06\/la-mascara-led-que-cambiara-tu-rutina-de-belleza\/","url_meta":{"origin":108694,"position":3},"title":"La m\u00e1scara LED que cambiar\u00e1 tu rutina de belleza","author":"David Morales","date":"6 de octubre de 2025","format":false,"excerpt":"El oto\u00f1o trae nuevas oportunidades para cuidar tu piel y reparar el da\u00f1o que dej\u00f3 el verano. Y justo a tiempo, llega la M\u00e1scara de Silicona Anti-Envejecimiento FAQ\u2122 202, disponible durante el Amazon Prime Big Deal Days del 7 al 8 de octubre. Con 8 colores de luz LED, incluyendo\u2026","rel":"","context":"En \u00abBeauty\u00bb","block_context":{"text":"Beauty","link":"https:\/\/zeromagazine.mx\/index.php\/category\/beauty\/"},"img":{"alt_text":"","src":"https:\/\/i0.wp.com\/zeromagazine.mx\/wp-content\/uploads\/2025\/11\/copy-of-faq-202-lifestyle-16.jpg?fit=1200%2C802&ssl=1&resize=350%2C200","width":350,"height":200,"srcset":"https:\/\/i0.wp.com\/zeromagazine.mx\/wp-content\/uploads\/2025\/11\/copy-of-faq-202-lifestyle-16.jpg?fit=1200%2C802&ssl=1&resize=350%2C200 1x, https:\/\/i0.wp.com\/zeromagazine.mx\/wp-content\/uploads\/2025\/11\/copy-of-faq-202-lifestyle-16.jpg?fit=1200%2C802&ssl=1&resize=525%2C300 1.5x, https:\/\/i0.wp.com\/zeromagazine.mx\/wp-content\/uploads\/2025\/11\/copy-of-faq-202-lifestyle-16.jpg?fit=1200%2C802&ssl=1&resize=700%2C400 2x, https:\/\/i0.wp.com\/zeromagazine.mx\/wp-content\/uploads\/2025\/11\/copy-of-faq-202-lifestyle-16.jpg?fit=1200%2C802&ssl=1&resize=1050%2C600 3x"},"classes":[]},{"id":109780,"url":"https:\/\/zeromagazine.mx\/index.php\/2025\/10\/30\/protector-solar-diario-halloween-otono\/","url_meta":{"origin":108694,"position":4},"title":"Protector solar diario: el truco que tu piel necesita","author":"Luis Trujano","date":"30 de octubre de 2025","format":false,"excerpt":"Ok, seamos honestos: cuando llega el oto\u00f1o y los d\u00edas se vuelven nublados, la mayor\u00eda guarda el protector solar como si fuera el traje de ba\u00f1o. Pero sorpresa: los rayos UVA no toman vacaciones, y tu piel tampoco deber\u00eda hacerlo. El protector solar diario es ese paso que separa una\u2026","rel":"","context":"En \u00abBeauty\u00bb","block_context":{"text":"Beauty","link":"https:\/\/zeromagazine.mx\/index.php\/category\/beauty\/"},"img":{"alt_text":"","src":"https:\/\/i0.wp.com\/zeromagazine.mx\/wp-content\/uploads\/2025\/10\/IMG_5749.png?fit=1200%2C931&ssl=1&resize=350%2C200","width":350,"height":200,"srcset":"https:\/\/i0.wp.com\/zeromagazine.mx\/wp-content\/uploads\/2025\/10\/IMG_5749.png?fit=1200%2C931&ssl=1&resize=350%2C200 1x, https:\/\/i0.wp.com\/zeromagazine.mx\/wp-content\/uploads\/2025\/10\/IMG_5749.png?fit=1200%2C931&ssl=1&resize=525%2C300 1.5x, https:\/\/i0.wp.com\/zeromagazine.mx\/wp-content\/uploads\/2025\/10\/IMG_5749.png?fit=1200%2C931&ssl=1&resize=700%2C400 2x, https:\/\/i0.wp.com\/zeromagazine.mx\/wp-content\/uploads\/2025\/10\/IMG_5749.png?fit=1200%2C931&ssl=1&resize=1050%2C600 3x"},"classes":[]},{"id":86224,"url":"https:\/\/zeromagazine.mx\/index.php\/2024\/10\/10\/protege-tu-piel-todo-el-ano\/","url_meta":{"origin":108694,"position":5},"title":"\u00abProtege Tu Piel Todo el A\u00f1o\u00bb","author":"zeromagazinemx","date":"10 de octubre de 2024","format":false,"excerpt":"\u00a1Hey, amig@! Ya s\u00e9 que el oto\u00f1o-invierno es todo cozy vibes, hot chocolate y su\u00e9teres oversized, pero hay algo que maybe est\u00e1s olvidando en tu rutina de skincare: el\u00a0protector solar\u00a0No, no estoy loca. Aunque creas que el sol ya no pega tanto como en verano, los rayos UV est\u00e1n ah\u00ed,\u2026","rel":"","context":"En \u00abBeauty\u00bb","block_context":{"text":"Beauty","link":"https:\/\/zeromagazine.mx\/index.php\/category\/beauty\/"},"img":{"alt_text":"","src":"https:\/\/i0.wp.com\/zeromagazine.mx\/wp-content\/uploads\/2024\/10\/Fotosun-corporal-4-scaled.jpg?fit=1200%2C1200&ssl=1&resize=350%2C200","width":350,"height":200,"srcset":"https:\/\/i0.wp.com\/zeromagazine.mx\/wp-content\/uploads\/2024\/10\/Fotosun-corporal-4-scaled.jpg?fit=1200%2C1200&ssl=1&resize=350%2C200 1x, https:\/\/i0.wp.com\/zeromagazine.mx\/wp-content\/uploads\/2024\/10\/Fotosun-corporal-4-scaled.jpg?fit=1200%2C1200&ssl=1&resize=525%2C300 1.5x, https:\/\/i0.wp.com\/zeromagazine.mx\/wp-content\/uploads\/2024\/10\/Fotosun-corporal-4-scaled.jpg?fit=1200%2C1200&ssl=1&resize=700%2C400 2x, https:\/\/i0.wp.com\/zeromagazine.mx\/wp-content\/uploads\/2024\/10\/Fotosun-corporal-4-scaled.jpg?fit=1200%2C1200&ssl=1&resize=1050%2C600 3x"},"classes":[]}],"jetpack_sharing_enabled":true,"builder_content":"","_links":{"self":[{"href":"https:\/\/zeromagazine.mx\/index.php\/wp-json\/wp\/v2\/posts\/108694","targetHints":{"allow":["GET"]}}],"collection":[{"href":"https:\/\/zeromagazine.mx\/index.php\/wp-json\/wp\/v2\/posts"}],"about":[{"href":"https:\/\/zeromagazine.mx\/index.php\/wp-json\/wp\/v2\/types\/post"}],"author":[{"embeddable":true,"href":"https:\/\/zeromagazine.mx\/index.php\/wp-json\/wp\/v2\/users\/4"}],"replies":[{"embeddable":true,"href":"https:\/\/zeromagazine.mx\/index.php\/wp-json\/wp\/v2\/comments?post=108694"}],"version-history":[{"count":4,"href":"https:\/\/zeromagazine.mx\/index.php\/wp-json\/wp\/v2\/posts\/108694\/revisions"}],"predecessor-version":[{"id":108704,"href":"https:\/\/zeromagazine.mx\/index.php\/wp-json\/wp\/v2\/posts\/108694\/revisions\/108704"}],"wp:featuredmedia":[{"embeddable":true,"href":"https:\/\/zeromagazine.mx\/index.php\/wp-json\/wp\/v2\/media\/108695"}],"wp:attachment":[{"href":"https:\/\/zeromagazine.mx\/index.php\/wp-json\/wp\/v2\/media?parent=108694"}],"wp:term":[{"taxonomy":"category","embeddable":true,"href":"https:\/\/zeromagazine.mx\/index.php\/wp-json\/wp\/v2\/categories?post=108694"},{"taxonomy":"post_tag","embeddable":true,"href":"https:\/\/zeromagazine.mx\/index.php\/wp-json\/wp\/v2\/tags?post=108694"}],"curies":[{"name":"wp","href":"https:\/\/api.w.org\/{rel}","templated":true}]}}