{"id":108716,"date":"2025-09-21T12:29:41","date_gmt":"2025-09-21T18:29:41","guid":{"rendered":"https:\/\/zeromagazine.mx\/?p=108716"},"modified":"2025-09-21T12:29:42","modified_gmt":"2025-09-21T18:29:42","slug":"alaciadora-colorprotect-revlon-hair-tools","status":"publish","type":"post","link":"https:\/\/zeromagazine.mx\/index.php\/2025\/09\/21\/alaciadora-colorprotect-revlon-hair-tools\/","title":{"rendered":"Adi\u00f3s frizz, con la alaciadora ColorProtect de Revlon Hair Tools"},"content":{"rendered":"<!--themify_builder_content-->\n<div id=\"themify_builder_content-108716\" data-postid=\"108716\" class=\"themify_builder_content themify_builder_content-108716 themify_builder tf_clear\">\n    <\/div>\n<!--\/themify_builder_content-->\n\n\n<p>El final del verano nunca viene solx: trae un mood distinto, un closet que se reordena y, obvio, un cabello que pide reinventarse. Despu\u00e9s de meses de sol, cloro, sal y viento, las ondas relajadas tipo \u201cbeach hair\u201d dejan paso a looks m\u00e1s pulidos, sofisticados y llenos de glow. Aqu\u00ed es donde entra la&nbsp;<strong>alaciadora ColorProtect de Revlon Hair Tools<\/strong>, el gadget que promete transformar tu rutina capilar en un statement de temporada.<\/p>\n\n\n\n<p>Lo interesante es que este no es \u201cotro\u201d estilizador m\u00e1s. Su tecnolog\u00eda est\u00e1 pensada para que cada pasada no solo planche, sino que cuide tu cabello. Con placas de&nbsp;<strong>Cer\u00e1mica Turmalina<\/strong>, la ColorProtect distribuye el calor de manera uniforme, evitando que tu melena termine seca o maltratada, mientras reduce el frizz para dejar un acabado liso y brillante. B\u00e1sicamente, un filtro de Instagram pero en la vida real.<\/p>\n\n\n\n<figure class=\"wp-block-image size-full\"><img data-recalc-dims=\"1\" decoding=\"async\" width=\"1165\" height=\"873\" src=\"https:\/\/i0.wp.com\/zeromagazine.mx\/wp-content\/uploads\/2025\/09\/RVST2217N1_MACRO_97229-scaled.jpeg?resize=1165%2C873&#038;ssl=1\" alt=\"\" class=\"wp-image-108717\" srcset=\"https:\/\/i0.wp.com\/zeromagazine.mx\/wp-content\/uploads\/2025\/09\/RVST2217N1_MACRO_97229-scaled.jpeg?w=2560&amp;ssl=1 2560w, https:\/\/i0.wp.com\/zeromagazine.mx\/wp-content\/uploads\/2025\/09\/RVST2217N1_MACRO_97229-scaled.jpeg?resize=300%2C225&amp;ssl=1 300w, https:\/\/i0.wp.com\/zeromagazine.mx\/wp-content\/uploads\/2025\/09\/RVST2217N1_MACRO_97229-scaled.jpeg?resize=1024%2C767&amp;ssl=1 1024w, https:\/\/i0.wp.com\/zeromagazine.mx\/wp-content\/uploads\/2025\/09\/RVST2217N1_MACRO_97229-scaled.jpeg?resize=768%2C575&amp;ssl=1 768w, https:\/\/i0.wp.com\/zeromagazine.mx\/wp-content\/uploads\/2025\/09\/RVST2217N1_MACRO_97229-scaled.jpeg?resize=1536%2C1151&amp;ssl=1 1536w, https:\/\/i0.wp.com\/zeromagazine.mx\/wp-content\/uploads\/2025\/09\/RVST2217N1_MACRO_97229-scaled.jpeg?resize=2048%2C1535&amp;ssl=1 2048w, https:\/\/i0.wp.com\/zeromagazine.mx\/wp-content\/uploads\/2025\/09\/RVST2217N1_MACRO_97229-scaled.jpeg?w=2330 2330w\" sizes=\"(max-width: 1165px) 100vw, 1165px\" \/><\/figure>\n\n\n\n<h2 class=\"wp-block-heading\">El truco secreto: cuidar el color mientras estilizas con la alaciadora ColorProtect<\/h2>\n\n\n\n<p>Si hay algo que todxs sabemos es que el tinte y el calor no siempre son BFFs. La decoloraci\u00f3n y la p\u00e9rdida de intensidad suelen llegar m\u00e1s r\u00e1pido de lo que deber\u00edan. La ColorProtect viene con&nbsp;<strong>Tecnolog\u00eda TruGuard\u2122<\/strong>, un sistema dise\u00f1ado para proteger la vitalidad del color y prolongar ese tono que tanto te cost\u00f3 (o amaste desde la primera vez que lo viste en el espejo). Resultado: menos decoloraci\u00f3n, m\u00e1s vibras de reci\u00e9n salida del sal\u00f3n.<\/p>\n\n\n\n<p>Es justo aqu\u00ed donde la herramienta se convierte en el&nbsp;<strong>must-have de oto\u00f1o<\/strong>: porque no solo cambia tu look, sino que lo mantiene vivo. Ese \u201cglossy hair\u201d que domina TikTok y las alfombras rojas ahora lo puedes replicar en tu ba\u00f1o, sin miedo a que tu cabello pierda brillo o color.<\/p>\n\n\n\n<figure class=\"wp-block-image size-full\"><img data-recalc-dims=\"1\" decoding=\"async\" width=\"1165\" height=\"873\" src=\"https:\/\/i0.wp.com\/zeromagazine.mx\/wp-content\/uploads\/2025\/09\/RVST2217N1_MACRO_97228-scaled.jpeg?resize=1165%2C873&#038;ssl=1\" alt=\"\" class=\"wp-image-108718\" srcset=\"https:\/\/i0.wp.com\/zeromagazine.mx\/wp-content\/uploads\/2025\/09\/RVST2217N1_MACRO_97228-scaled.jpeg?w=2560&amp;ssl=1 2560w, https:\/\/i0.wp.com\/zeromagazine.mx\/wp-content\/uploads\/2025\/09\/RVST2217N1_MACRO_97228-scaled.jpeg?resize=300%2C225&amp;ssl=1 300w, https:\/\/i0.wp.com\/zeromagazine.mx\/wp-content\/uploads\/2025\/09\/RVST2217N1_MACRO_97228-scaled.jpeg?resize=1024%2C767&amp;ssl=1 1024w, https:\/\/i0.wp.com\/zeromagazine.mx\/wp-content\/uploads\/2025\/09\/RVST2217N1_MACRO_97228-scaled.jpeg?resize=768%2C575&amp;ssl=1 768w, https:\/\/i0.wp.com\/zeromagazine.mx\/wp-content\/uploads\/2025\/09\/RVST2217N1_MACRO_97228-scaled.jpeg?resize=1536%2C1151&amp;ssl=1 1536w, https:\/\/i0.wp.com\/zeromagazine.mx\/wp-content\/uploads\/2025\/09\/RVST2217N1_MACRO_97228-scaled.jpeg?resize=2048%2C1535&amp;ssl=1 2048w, https:\/\/i0.wp.com\/zeromagazine.mx\/wp-content\/uploads\/2025\/09\/RVST2217N1_MACRO_97228-scaled.jpeg?w=2330 2330w\" sizes=\"(max-width: 1165px) 100vw, 1165px\" \/><\/figure>\n\n\n\n<h2 class=\"wp-block-heading\">Looks de transici\u00f3n, vibes de poder<\/h2>\n\n\n\n<p>El oto\u00f1o es temporada de capas, de outfits con textura, de labios berry y ojos m\u00e1s intensos. Y el cabello tiene que ir en sinton\u00eda. Con la ColorProtect puedes pasar de un liso impecable para la oficina, a ondas sueltas con brillo tipo runway, hasta un messy bun que no pierde ni estilo ni color.<\/p>\n\n\n\n<p>Porque s\u00ed: la alaciadora ColorProtect no es solo funcional, es vers\u00e1til. Te acompa\u00f1a en la transici\u00f3n de la estaci\u00f3n con el mismo nivel de energ\u00eda que un cambio de playlist cuando dejas atr\u00e1s el reguet\u00f3n playero para abrazar sonidos m\u00e1s melanc\u00f3licos o sofisticados.<\/p>\n\n\n\n<p>Con la ColorProtect, Revlon Hair Tools marca un antes y un despu\u00e9s en c\u00f3mo pensamos las herramientas capilares: ya no se trata solo de alaciar, se trata de cuidar, proteger y amplificar tu identidad en cada peinado.<\/p>\n\n\n\n<figure class=\"wp-block-image size-full\"><img data-recalc-dims=\"1\" decoding=\"async\" width=\"1165\" height=\"873\" src=\"https:\/\/i0.wp.com\/zeromagazine.mx\/wp-content\/uploads\/2025\/09\/RVST2217N1_MACRO_97231-scaled.jpeg?resize=1165%2C873&#038;ssl=1\" alt=\"\" class=\"wp-image-108719\" srcset=\"https:\/\/i0.wp.com\/zeromagazine.mx\/wp-content\/uploads\/2025\/09\/RVST2217N1_MACRO_97231-scaled.jpeg?w=2560&amp;ssl=1 2560w, https:\/\/i0.wp.com\/zeromagazine.mx\/wp-content\/uploads\/2025\/09\/RVST2217N1_MACRO_97231-scaled.jpeg?resize=300%2C225&amp;ssl=1 300w, https:\/\/i0.wp.com\/zeromagazine.mx\/wp-content\/uploads\/2025\/09\/RVST2217N1_MACRO_97231-scaled.jpeg?resize=1024%2C767&amp;ssl=1 1024w, https:\/\/i0.wp.com\/zeromagazine.mx\/wp-content\/uploads\/2025\/09\/RVST2217N1_MACRO_97231-scaled.jpeg?resize=768%2C575&amp;ssl=1 768w, https:\/\/i0.wp.com\/zeromagazine.mx\/wp-content\/uploads\/2025\/09\/RVST2217N1_MACRO_97231-scaled.jpeg?resize=1536%2C1151&amp;ssl=1 1536w, https:\/\/i0.wp.com\/zeromagazine.mx\/wp-content\/uploads\/2025\/09\/RVST2217N1_MACRO_97231-scaled.jpeg?resize=2048%2C1535&amp;ssl=1 2048w, https:\/\/i0.wp.com\/zeromagazine.mx\/wp-content\/uploads\/2025\/09\/RVST2217N1_MACRO_97231-scaled.jpeg?w=2330 2330w\" sizes=\"(max-width: 1165px) 100vw, 1165px\" \/><\/figure>","protected":false},"excerpt":{"rendered":"<p>El final del verano nunca viene solx: trae un mood distinto, un closet que se reordena y, obvio, un cabello que pide reinventarse. Despu\u00e9s de meses de sol, cloro, sal y viento, las ondas relajadas tipo \u201cbeach hair\u201d dejan paso a looks m\u00e1s pulidos, sofisticados y llenos de glow. Aqu\u00ed es donde entra la&nbsp;alaciadora ColorProtect [&hellip;]<\/p>\n","protected":false},"author":4,"featured_media":108718,"comment_status":"open","ping_status":"open","sticky":false,"template":"","format":"standard","meta":{"_jetpack_memberships_contains_paid_content":false,"footnotes":"","jetpack_publicize_message":"","jetpack_publicize_feature_enabled":true,"jetpack_social_post_already_shared":true,"jetpack_social_options":{"image_generator_settings":{"template":"highway","default_image_id":0,"font":"","enabled":false},"version":2}},"categories":[9858],"tags":[],"class_list":["post-108716","post","type-post","status-publish","format-standard","has-post-thumbnail","hentry","category-beauty","has-post-title","has-post-date","has-post-category","has-post-tag","has-post-comment","has-post-author",""],"yoast_head":"<!-- This site is optimized with the Yoast SEO plugin v27.5 - https:\/\/yoast.com\/product\/yoast-seo-wordpress\/ -->\n<title>Adi\u00f3s frizz, con la alaciadora ColorProtect de Revlon Hair Tools - Zero Magazine<\/title>\n<meta name=\"description\" content=\"La alaciadora ColorProtect de Revlon es el must-have de oto\u00f1o: menos frizz, m\u00e1s brillo y protecci\u00f3n de color.\" \/>\n<meta name=\"robots\" content=\"index, follow, max-snippet:-1, max-image-preview:large, max-video-preview:-1\" \/>\n<link rel=\"canonical\" href=\"https:\/\/zeromagazine.mx\/index.php\/2025\/09\/21\/alaciadora-colorprotect-revlon-hair-tools\/\" \/>\n<meta property=\"og:locale\" content=\"es_ES\" \/>\n<meta property=\"og:type\" content=\"article\" \/>\n<meta property=\"og:title\" content=\"Adi\u00f3s frizz, con la alaciadora ColorProtect de Revlon Hair Tools - Zero Magazine\" \/>\n<meta property=\"og:description\" content=\"La alaciadora ColorProtect de Revlon es el must-have de oto\u00f1o: menos frizz, m\u00e1s brillo y protecci\u00f3n de color.\" \/>\n<meta property=\"og:url\" content=\"https:\/\/zeromagazine.mx\/index.php\/2025\/09\/21\/alaciadora-colorprotect-revlon-hair-tools\/\" \/>\n<meta property=\"og:site_name\" content=\"Zero Magazine\" \/>\n<meta property=\"article:published_time\" content=\"2025-09-21T18:29:41+00:00\" \/>\n<meta property=\"article:modified_time\" content=\"2025-09-21T18:29:42+00:00\" \/>\n<meta property=\"og:image\" content=\"http:\/\/zeromagazine.mx\/wp-content\/uploads\/2025\/09\/RVST2217N1_MACRO_97228-scaled.jpeg\" \/>\n\t<meta property=\"og:image:width\" content=\"2560\" \/>\n\t<meta property=\"og:image:height\" content=\"1918\" \/>\n\t<meta property=\"og:image:type\" content=\"image\/jpeg\" \/>\n<meta name=\"author\" content=\"David Morales\" \/>\n<meta name=\"twitter:card\" content=\"summary_large_image\" \/>\n<meta name=\"twitter:label1\" content=\"Escrito por\" \/>\n\t<meta name=\"twitter:data1\" content=\"David Morales\" \/>\n\t<meta name=\"twitter:label2\" content=\"Tiempo de lectura\" \/>\n\t<meta name=\"twitter:data2\" content=\"3 minutos\" \/>\n<script type=\"application\/ld+json\" class=\"yoast-schema-graph\">{\"@context\":\"https:\\\/\\\/schema.org\",\"@graph\":[{\"@type\":\"Article\",\"@id\":\"https:\\\/\\\/zeromagazine.mx\\\/index.php\\\/2025\\\/09\\\/21\\\/alaciadora-colorprotect-revlon-hair-tools\\\/#article\",\"isPartOf\":{\"@id\":\"https:\\\/\\\/zeromagazine.mx\\\/index.php\\\/2025\\\/09\\\/21\\\/alaciadora-colorprotect-revlon-hair-tools\\\/\"},\"author\":{\"name\":\"David Morales\",\"@id\":\"https:\\\/\\\/zeromagazine.mx\\\/#\\\/schema\\\/person\\\/9f7f1a17c60ba8e9980e3e6677aabe5a\"},\"headline\":\"Adi\u00f3s frizz, con la alaciadora ColorProtect de Revlon Hair Tools\",\"datePublished\":\"2025-09-21T18:29:41+00:00\",\"dateModified\":\"2025-09-21T18:29:42+00:00\",\"mainEntityOfPage\":{\"@id\":\"https:\\\/\\\/zeromagazine.mx\\\/index.php\\\/2025\\\/09\\\/21\\\/alaciadora-colorprotect-revlon-hair-tools\\\/\"},\"wordCount\":471,\"commentCount\":0,\"publisher\":{\"@id\":\"https:\\\/\\\/zeromagazine.mx\\\/#organization\"},\"image\":{\"@id\":\"https:\\\/\\\/zeromagazine.mx\\\/index.php\\\/2025\\\/09\\\/21\\\/alaciadora-colorprotect-revlon-hair-tools\\\/#primaryimage\"},\"thumbnailUrl\":\"https:\\\/\\\/i0.wp.com\\\/zeromagazine.mx\\\/wp-content\\\/uploads\\\/2025\\\/09\\\/RVST2217N1_MACRO_97228-scaled.jpeg?fit=2560%2C1918&ssl=1\",\"articleSection\":[\"Beauty\"],\"inLanguage\":\"es\",\"potentialAction\":[{\"@type\":\"CommentAction\",\"name\":\"Comment\",\"target\":[\"https:\\\/\\\/zeromagazine.mx\\\/index.php\\\/2025\\\/09\\\/21\\\/alaciadora-colorprotect-revlon-hair-tools\\\/#respond\"]}]},{\"@type\":\"WebPage\",\"@id\":\"https:\\\/\\\/zeromagazine.mx\\\/index.php\\\/2025\\\/09\\\/21\\\/alaciadora-colorprotect-revlon-hair-tools\\\/\",\"url\":\"https:\\\/\\\/zeromagazine.mx\\\/index.php\\\/2025\\\/09\\\/21\\\/alaciadora-colorprotect-revlon-hair-tools\\\/\",\"name\":\"Adi\u00f3s frizz, con la alaciadora ColorProtect de Revlon Hair Tools - Zero Magazine\",\"isPartOf\":{\"@id\":\"https:\\\/\\\/zeromagazine.mx\\\/#website\"},\"primaryImageOfPage\":{\"@id\":\"https:\\\/\\\/zeromagazine.mx\\\/index.php\\\/2025\\\/09\\\/21\\\/alaciadora-colorprotect-revlon-hair-tools\\\/#primaryimage\"},\"image\":{\"@id\":\"https:\\\/\\\/zeromagazine.mx\\\/index.php\\\/2025\\\/09\\\/21\\\/alaciadora-colorprotect-revlon-hair-tools\\\/#primaryimage\"},\"thumbnailUrl\":\"https:\\\/\\\/i0.wp.com\\\/zeromagazine.mx\\\/wp-content\\\/uploads\\\/2025\\\/09\\\/RVST2217N1_MACRO_97228-scaled.jpeg?fit=2560%2C1918&ssl=1\",\"datePublished\":\"2025-09-21T18:29:41+00:00\",\"dateModified\":\"2025-09-21T18:29:42+00:00\",\"description\":\"La alaciadora ColorProtect de Revlon es el must-have de oto\u00f1o: menos frizz, m\u00e1s brillo y protecci\u00f3n de color.\",\"breadcrumb\":{\"@id\":\"https:\\\/\\\/zeromagazine.mx\\\/index.php\\\/2025\\\/09\\\/21\\\/alaciadora-colorprotect-revlon-hair-tools\\\/#breadcrumb\"},\"inLanguage\":\"es\",\"potentialAction\":[{\"@type\":\"ReadAction\",\"target\":[\"https:\\\/\\\/zeromagazine.mx\\\/index.php\\\/2025\\\/09\\\/21\\\/alaciadora-colorprotect-revlon-hair-tools\\\/\"]}]},{\"@type\":\"ImageObject\",\"inLanguage\":\"es\",\"@id\":\"https:\\\/\\\/zeromagazine.mx\\\/index.php\\\/2025\\\/09\\\/21\\\/alaciadora-colorprotect-revlon-hair-tools\\\/#primaryimage\",\"url\":\"https:\\\/\\\/i0.wp.com\\\/zeromagazine.mx\\\/wp-content\\\/uploads\\\/2025\\\/09\\\/RVST2217N1_MACRO_97228-scaled.jpeg?fit=2560%2C1918&ssl=1\",\"contentUrl\":\"https:\\\/\\\/i0.wp.com\\\/zeromagazine.mx\\\/wp-content\\\/uploads\\\/2025\\\/09\\\/RVST2217N1_MACRO_97228-scaled.jpeg?fit=2560%2C1918&ssl=1\",\"width\":2560,\"height\":1918},{\"@type\":\"BreadcrumbList\",\"@id\":\"https:\\\/\\\/zeromagazine.mx\\\/index.php\\\/2025\\\/09\\\/21\\\/alaciadora-colorprotect-revlon-hair-tools\\\/#breadcrumb\",\"itemListElement\":[{\"@type\":\"ListItem\",\"position\":1,\"name\":\"Portada\",\"item\":\"https:\\\/\\\/zeromagazine.mx\\\/\"},{\"@type\":\"ListItem\",\"position\":2,\"name\":\"Adi\u00f3s frizz, con la alaciadora ColorProtect de Revlon Hair Tools\"}]},{\"@type\":\"WebSite\",\"@id\":\"https:\\\/\\\/zeromagazine.mx\\\/#website\",\"url\":\"https:\\\/\\\/zeromagazine.mx\\\/\",\"name\":\"Zero Magazine\",\"description\":\"\",\"publisher\":{\"@id\":\"https:\\\/\\\/zeromagazine.mx\\\/#organization\"},\"potentialAction\":[{\"@type\":\"SearchAction\",\"target\":{\"@type\":\"EntryPoint\",\"urlTemplate\":\"https:\\\/\\\/zeromagazine.mx\\\/?s={search_term_string}\"},\"query-input\":{\"@type\":\"PropertyValueSpecification\",\"valueRequired\":true,\"valueName\":\"search_term_string\"}}],\"inLanguage\":\"es\"},{\"@type\":\"Organization\",\"@id\":\"https:\\\/\\\/zeromagazine.mx\\\/#organization\",\"name\":\"Zero Magazine\",\"url\":\"https:\\\/\\\/zeromagazine.mx\\\/\",\"logo\":{\"@type\":\"ImageObject\",\"inLanguage\":\"es\",\"@id\":\"https:\\\/\\\/zeromagazine.mx\\\/#\\\/schema\\\/logo\\\/image\\\/\",\"url\":\"https:\\\/\\\/i0.wp.com\\\/zeromagazine.mx\\\/wp-content\\\/uploads\\\/2025\\\/11\\\/1.jpeg?fit=1000%2C1000&ssl=1\",\"contentUrl\":\"https:\\\/\\\/i0.wp.com\\\/zeromagazine.mx\\\/wp-content\\\/uploads\\\/2025\\\/11\\\/1.jpeg?fit=1000%2C1000&ssl=1\",\"width\":1000,\"height\":1000,\"caption\":\"Zero Magazine\"},\"image\":{\"@id\":\"https:\\\/\\\/zeromagazine.mx\\\/#\\\/schema\\\/logo\\\/image\\\/\"},\"sameAs\":[\"https:\\\/\\\/instagram.com\\\/zeromagazinemx\"]},{\"@type\":\"Person\",\"@id\":\"https:\\\/\\\/zeromagazine.mx\\\/#\\\/schema\\\/person\\\/9f7f1a17c60ba8e9980e3e6677aabe5a\",\"name\":\"David Morales\",\"image\":{\"@type\":\"ImageObject\",\"inLanguage\":\"es\",\"@id\":\"https:\\\/\\\/zeromagazine.mx\\\/wp-content\\\/litespeed\\\/avatar\\\/76069d2136bfc1c37dc34815bb67ca42.jpg?ver=1777571067\",\"url\":\"https:\\\/\\\/zeromagazine.mx\\\/wp-content\\\/litespeed\\\/avatar\\\/76069d2136bfc1c37dc34815bb67ca42.jpg?ver=1777571067\",\"contentUrl\":\"https:\\\/\\\/zeromagazine.mx\\\/wp-content\\\/litespeed\\\/avatar\\\/76069d2136bfc1c37dc34815bb67ca42.jpg?ver=1777571067\",\"caption\":\"David Morales\"},\"url\":\"https:\\\/\\\/zeromagazine.mx\\\/index.php\\\/author\\\/david\\\/\"}]}<\/script>\n<!-- \/ Yoast SEO plugin. -->","yoast_head_json":{"title":"Adi\u00f3s frizz, con la alaciadora ColorProtect de Revlon Hair Tools - Zero Magazine","description":"La alaciadora ColorProtect de Revlon es el must-have de oto\u00f1o: menos frizz, m\u00e1s brillo y protecci\u00f3n de color.","robots":{"index":"index","follow":"follow","max-snippet":"max-snippet:-1","max-image-preview":"max-image-preview:large","max-video-preview":"max-video-preview:-1"},"canonical":"https:\/\/zeromagazine.mx\/index.php\/2025\/09\/21\/alaciadora-colorprotect-revlon-hair-tools\/","og_locale":"es_ES","og_type":"article","og_title":"Adi\u00f3s frizz, con la alaciadora ColorProtect de Revlon Hair Tools - Zero Magazine","og_description":"La alaciadora ColorProtect de Revlon es el must-have de oto\u00f1o: menos frizz, m\u00e1s brillo y protecci\u00f3n de color.","og_url":"https:\/\/zeromagazine.mx\/index.php\/2025\/09\/21\/alaciadora-colorprotect-revlon-hair-tools\/","og_site_name":"Zero Magazine","article_published_time":"2025-09-21T18:29:41+00:00","article_modified_time":"2025-09-21T18:29:42+00:00","og_image":[{"width":2560,"height":1918,"url":"http:\/\/zeromagazine.mx\/wp-content\/uploads\/2025\/09\/RVST2217N1_MACRO_97228-scaled.jpeg","type":"image\/jpeg"}],"author":"David Morales","twitter_card":"summary_large_image","twitter_misc":{"Escrito por":"David Morales","Tiempo de lectura":"3 minutos"},"schema":{"@context":"https:\/\/schema.org","@graph":[{"@type":"Article","@id":"https:\/\/zeromagazine.mx\/index.php\/2025\/09\/21\/alaciadora-colorprotect-revlon-hair-tools\/#article","isPartOf":{"@id":"https:\/\/zeromagazine.mx\/index.php\/2025\/09\/21\/alaciadora-colorprotect-revlon-hair-tools\/"},"author":{"name":"David Morales","@id":"https:\/\/zeromagazine.mx\/#\/schema\/person\/9f7f1a17c60ba8e9980e3e6677aabe5a"},"headline":"Adi\u00f3s frizz, con la alaciadora ColorProtect de Revlon Hair Tools","datePublished":"2025-09-21T18:29:41+00:00","dateModified":"2025-09-21T18:29:42+00:00","mainEntityOfPage":{"@id":"https:\/\/zeromagazine.mx\/index.php\/2025\/09\/21\/alaciadora-colorprotect-revlon-hair-tools\/"},"wordCount":471,"commentCount":0,"publisher":{"@id":"https:\/\/zeromagazine.mx\/#organization"},"image":{"@id":"https:\/\/zeromagazine.mx\/index.php\/2025\/09\/21\/alaciadora-colorprotect-revlon-hair-tools\/#primaryimage"},"thumbnailUrl":"https:\/\/i0.wp.com\/zeromagazine.mx\/wp-content\/uploads\/2025\/09\/RVST2217N1_MACRO_97228-scaled.jpeg?fit=2560%2C1918&ssl=1","articleSection":["Beauty"],"inLanguage":"es","potentialAction":[{"@type":"CommentAction","name":"Comment","target":["https:\/\/zeromagazine.mx\/index.php\/2025\/09\/21\/alaciadora-colorprotect-revlon-hair-tools\/#respond"]}]},{"@type":"WebPage","@id":"https:\/\/zeromagazine.mx\/index.php\/2025\/09\/21\/alaciadora-colorprotect-revlon-hair-tools\/","url":"https:\/\/zeromagazine.mx\/index.php\/2025\/09\/21\/alaciadora-colorprotect-revlon-hair-tools\/","name":"Adi\u00f3s frizz, con la alaciadora ColorProtect de Revlon Hair Tools - Zero Magazine","isPartOf":{"@id":"https:\/\/zeromagazine.mx\/#website"},"primaryImageOfPage":{"@id":"https:\/\/zeromagazine.mx\/index.php\/2025\/09\/21\/alaciadora-colorprotect-revlon-hair-tools\/#primaryimage"},"image":{"@id":"https:\/\/zeromagazine.mx\/index.php\/2025\/09\/21\/alaciadora-colorprotect-revlon-hair-tools\/#primaryimage"},"thumbnailUrl":"https:\/\/i0.wp.com\/zeromagazine.mx\/wp-content\/uploads\/2025\/09\/RVST2217N1_MACRO_97228-scaled.jpeg?fit=2560%2C1918&ssl=1","datePublished":"2025-09-21T18:29:41+00:00","dateModified":"2025-09-21T18:29:42+00:00","description":"La alaciadora ColorProtect de Revlon es el must-have de oto\u00f1o: menos frizz, m\u00e1s brillo y protecci\u00f3n de color.","breadcrumb":{"@id":"https:\/\/zeromagazine.mx\/index.php\/2025\/09\/21\/alaciadora-colorprotect-revlon-hair-tools\/#breadcrumb"},"inLanguage":"es","potentialAction":[{"@type":"ReadAction","target":["https:\/\/zeromagazine.mx\/index.php\/2025\/09\/21\/alaciadora-colorprotect-revlon-hair-tools\/"]}]},{"@type":"ImageObject","inLanguage":"es","@id":"https:\/\/zeromagazine.mx\/index.php\/2025\/09\/21\/alaciadora-colorprotect-revlon-hair-tools\/#primaryimage","url":"https:\/\/i0.wp.com\/zeromagazine.mx\/wp-content\/uploads\/2025\/09\/RVST2217N1_MACRO_97228-scaled.jpeg?fit=2560%2C1918&ssl=1","contentUrl":"https:\/\/i0.wp.com\/zeromagazine.mx\/wp-content\/uploads\/2025\/09\/RVST2217N1_MACRO_97228-scaled.jpeg?fit=2560%2C1918&ssl=1","width":2560,"height":1918},{"@type":"BreadcrumbList","@id":"https:\/\/zeromagazine.mx\/index.php\/2025\/09\/21\/alaciadora-colorprotect-revlon-hair-tools\/#breadcrumb","itemListElement":[{"@type":"ListItem","position":1,"name":"Portada","item":"https:\/\/zeromagazine.mx\/"},{"@type":"ListItem","position":2,"name":"Adi\u00f3s frizz, con la alaciadora ColorProtect de Revlon Hair Tools"}]},{"@type":"WebSite","@id":"https:\/\/zeromagazine.mx\/#website","url":"https:\/\/zeromagazine.mx\/","name":"Zero Magazine","description":"","publisher":{"@id":"https:\/\/zeromagazine.mx\/#organization"},"potentialAction":[{"@type":"SearchAction","target":{"@type":"EntryPoint","urlTemplate":"https:\/\/zeromagazine.mx\/?s={search_term_string}"},"query-input":{"@type":"PropertyValueSpecification","valueRequired":true,"valueName":"search_term_string"}}],"inLanguage":"es"},{"@type":"Organization","@id":"https:\/\/zeromagazine.mx\/#organization","name":"Zero Magazine","url":"https:\/\/zeromagazine.mx\/","logo":{"@type":"ImageObject","inLanguage":"es","@id":"https:\/\/zeromagazine.mx\/#\/schema\/logo\/image\/","url":"https:\/\/i0.wp.com\/zeromagazine.mx\/wp-content\/uploads\/2025\/11\/1.jpeg?fit=1000%2C1000&ssl=1","contentUrl":"https:\/\/i0.wp.com\/zeromagazine.mx\/wp-content\/uploads\/2025\/11\/1.jpeg?fit=1000%2C1000&ssl=1","width":1000,"height":1000,"caption":"Zero Magazine"},"image":{"@id":"https:\/\/zeromagazine.mx\/#\/schema\/logo\/image\/"},"sameAs":["https:\/\/instagram.com\/zeromagazinemx"]},{"@type":"Person","@id":"https:\/\/zeromagazine.mx\/#\/schema\/person\/9f7f1a17c60ba8e9980e3e6677aabe5a","name":"David Morales","image":{"@type":"ImageObject","inLanguage":"es","@id":"https:\/\/zeromagazine.mx\/wp-content\/litespeed\/avatar\/76069d2136bfc1c37dc34815bb67ca42.jpg?ver=1777571067","url":"https:\/\/zeromagazine.mx\/wp-content\/litespeed\/avatar\/76069d2136bfc1c37dc34815bb67ca42.jpg?ver=1777571067","contentUrl":"https:\/\/zeromagazine.mx\/wp-content\/litespeed\/avatar\/76069d2136bfc1c37dc34815bb67ca42.jpg?ver=1777571067","caption":"David Morales"},"url":"https:\/\/zeromagazine.mx\/index.php\/author\/david\/"}]}},"jetpack_publicize_connections":[],"jetpack_featured_media_url":"https:\/\/i0.wp.com\/zeromagazine.mx\/wp-content\/uploads\/2025\/09\/RVST2217N1_MACRO_97228-scaled.jpeg?fit=2560%2C1918&ssl=1","jetpack-related-posts":[{"id":91384,"url":"https:\/\/zeromagazine.mx\/index.php\/2024\/11\/22\/frizz-who-cabello-always-slayin\/","url_meta":{"origin":108716,"position":0},"title":"\u00abFrizz Who? Cabello Always Slayin\u2019\u00bb","author":"zeromagazinemx","date":"22 de noviembre de 2024","format":false,"excerpt":"Alright, besties, es hora de hablar del tema que todos hemos googleado en un momento de desesperaci\u00f3n: el temido FRIZZ. S\u00ed, ese intruso que llega sin invitaci\u00f3n justo cuando tu cabello est\u00e1 dando su mejor esfuerzo por lucir flawless. Ya sea que est\u00e9s en modo lacio de plancha o con\u2026","rel":"","context":"En \u00abBeauty\u00bb","block_context":{"text":"Beauty","link":"https:\/\/zeromagazine.mx\/index.php\/category\/beauty\/"},"img":{"alt_text":"","src":"https:\/\/i0.wp.com\/zeromagazine.mx\/wp-content\/uploads\/2024\/11\/ACONDICIONADOR.jpeg?fit=1200%2C1200&ssl=1&resize=350%2C200","width":350,"height":200,"srcset":"https:\/\/i0.wp.com\/zeromagazine.mx\/wp-content\/uploads\/2024\/11\/ACONDICIONADOR.jpeg?fit=1200%2C1200&ssl=1&resize=350%2C200 1x, https:\/\/i0.wp.com\/zeromagazine.mx\/wp-content\/uploads\/2024\/11\/ACONDICIONADOR.jpeg?fit=1200%2C1200&ssl=1&resize=525%2C300 1.5x, https:\/\/i0.wp.com\/zeromagazine.mx\/wp-content\/uploads\/2024\/11\/ACONDICIONADOR.jpeg?fit=1200%2C1200&ssl=1&resize=700%2C400 2x, https:\/\/i0.wp.com\/zeromagazine.mx\/wp-content\/uploads\/2024\/11\/ACONDICIONADOR.jpeg?fit=1200%2C1200&ssl=1&resize=1050%2C600 3x"},"classes":[]},{"id":108062,"url":"https:\/\/zeromagazine.mx\/index.php\/2025\/09\/16\/glass-hair-con-neqi\/","url_meta":{"origin":108716,"position":1},"title":"Glass Hair con NEQI: brillo que enamora","author":"David Morales","date":"16 de septiembre de 2025","format":false,"excerpt":"Te confieso algo: pocas veces un producto capilar me hab\u00eda sorprendido tanto como\u00a0NEQI. Lo prob\u00e9 hace unas semanas porque buscaba ese acabado\u00a0glass hair\u00a0que ves en editoriales y pasarelas, y ahora no imagino mi rutina sin \u00e9l. No es solo que mi cabello se vea m\u00e1s brillante, es que se siente\u2026","rel":"","context":"En \u00abBeauty\u00bb","block_context":{"text":"Beauty","link":"https:\/\/zeromagazine.mx\/index.php\/category\/beauty\/"},"img":{"alt_text":"","src":"https:\/\/i0.wp.com\/zeromagazine.mx\/wp-content\/uploads\/2025\/09\/Neqi.webp?fit=1200%2C1200&ssl=1&resize=350%2C200","width":350,"height":200,"srcset":"https:\/\/i0.wp.com\/zeromagazine.mx\/wp-content\/uploads\/2025\/09\/Neqi.webp?fit=1200%2C1200&ssl=1&resize=350%2C200 1x, https:\/\/i0.wp.com\/zeromagazine.mx\/wp-content\/uploads\/2025\/09\/Neqi.webp?fit=1200%2C1200&ssl=1&resize=525%2C300 1.5x, https:\/\/i0.wp.com\/zeromagazine.mx\/wp-content\/uploads\/2025\/09\/Neqi.webp?fit=1200%2C1200&ssl=1&resize=700%2C400 2x, https:\/\/i0.wp.com\/zeromagazine.mx\/wp-content\/uploads\/2025\/09\/Neqi.webp?fit=1200%2C1200&ssl=1&resize=1050%2C600 3x"},"classes":[]},{"id":113256,"url":"https:\/\/zeromagazine.mx\/index.php\/2026\/01\/14\/hair-skin-kindness-cuidado-capilar-amable\/","url_meta":{"origin":108716,"position":2},"title":"Hair &amp; Skin Kindness explicado f\u00e1cil","author":"Luis Trujano","date":"14 de enero de 2026","format":false,"excerpt":"Si \u00faltimamente sientes que tu pelo est\u00e1 cansado, sin brillo o simplemente harto de rutinas eternas que prometen milagros, puede que la respuesta no sea \u201cm\u00e1s\u201d, sino mejor. Y ah\u00ed es donde entra Hair & Skin Kindness, una filosof\u00eda que est\u00e1 cambiando la forma en la que entendemos el cuidado\u2026","rel":"","context":"En \u00abBeauty\u00bb","block_context":{"text":"Beauty","link":"https:\/\/zeromagazine.mx\/index.php\/category\/beauty\/"},"img":{"alt_text":"","src":"https:\/\/i0.wp.com\/zeromagazine.mx\/wp-content\/uploads\/2026\/01\/IMG_6290.png?fit=482%2C460&ssl=1&resize=350%2C200","width":350,"height":200},"classes":[]},{"id":116509,"url":"https:\/\/zeromagazine.mx\/index.php\/2026\/03\/10\/spring-chic-hair-la-melena-viral\/","url_meta":{"origin":108716,"position":3},"title":"Spring Chic Hair: la melena viral","author":"Luis Trujano","date":"10 de marzo de 2026","format":false,"excerpt":"Cuando llega la primavera, todo cambia un poco. La luz se siente diferente, las calles se llenan de color y hasta el ritmo de la ciudad parece m\u00e1s ligero. En lugares como Ciudad de M\u00e9xico, donde las jacarandas pintan el paisaje de violeta, la temporada trae una vibra fresca que\u2026","rel":"","context":"En \u00abBeauty\u00bb","block_context":{"text":"Beauty","link":"https:\/\/zeromagazine.mx\/index.php\/category\/beauty\/"},"img":{"alt_text":"","src":"https:\/\/i0.wp.com\/zeromagazine.mx\/wp-content\/uploads\/2026\/03\/IMG_6552.png?fit=782%2C1188&ssl=1&resize=350%2C200","width":350,"height":200,"srcset":"https:\/\/i0.wp.com\/zeromagazine.mx\/wp-content\/uploads\/2026\/03\/IMG_6552.png?fit=782%2C1188&ssl=1&resize=350%2C200 1x, https:\/\/i0.wp.com\/zeromagazine.mx\/wp-content\/uploads\/2026\/03\/IMG_6552.png?fit=782%2C1188&ssl=1&resize=525%2C300 1.5x, https:\/\/i0.wp.com\/zeromagazine.mx\/wp-content\/uploads\/2026\/03\/IMG_6552.png?fit=782%2C1188&ssl=1&resize=700%2C400 2x"},"classes":[]},{"id":81180,"url":"https:\/\/zeromagazine.mx\/index.php\/2024\/07\/31\/everything-you-need-for-perfect-rizos\/","url_meta":{"origin":108716,"position":4},"title":"Everything You Need for Perfect Rizos","author":"zeromagazinemx","date":"31 de julio de 2024","format":false,"excerpt":"\u00a1Hey, chiques guapes! \u00bfYa vieron que Marc Anthony\u00ae acaba de lanzar cuatro productos nuevos en M\u00e9xico que est\u00e1n listos para llevar nuestras rutinas capilares al siguiente nivel? Si amas mantener tus rizos en su punto o est\u00e1s buscando algo para que tu cabello crezca fuerte y saludable, este art\u00edculo es\u2026","rel":"","context":"En \u00abLifestyle\u00bb","block_context":{"text":"Lifestyle","link":"https:\/\/zeromagazine.mx\/index.php\/category\/lifestyle\/"},"img":{"alt_text":"","src":"https:\/\/i0.wp.com\/zeromagazine.mx\/wp-content\/uploads\/2024\/07\/GLScalp_HairSerum60mLBI_621732600674_Web_5000x.jpg?fit=1200%2C1200&ssl=1&resize=350%2C200","width":350,"height":200,"srcset":"https:\/\/i0.wp.com\/zeromagazine.mx\/wp-content\/uploads\/2024\/07\/GLScalp_HairSerum60mLBI_621732600674_Web_5000x.jpg?fit=1200%2C1200&ssl=1&resize=350%2C200 1x, https:\/\/i0.wp.com\/zeromagazine.mx\/wp-content\/uploads\/2024\/07\/GLScalp_HairSerum60mLBI_621732600674_Web_5000x.jpg?fit=1200%2C1200&ssl=1&resize=525%2C300 1.5x, https:\/\/i0.wp.com\/zeromagazine.mx\/wp-content\/uploads\/2024\/07\/GLScalp_HairSerum60mLBI_621732600674_Web_5000x.jpg?fit=1200%2C1200&ssl=1&resize=700%2C400 2x, https:\/\/i0.wp.com\/zeromagazine.mx\/wp-content\/uploads\/2024\/07\/GLScalp_HairSerum60mLBI_621732600674_Web_5000x.jpg?fit=1200%2C1200&ssl=1&resize=1050%2C600 3x"},"classes":[]},{"id":81864,"url":"https:\/\/zeromagazine.mx\/index.php\/2024\/08\/14\/spray-5-en-1-hair-goals-on-the-go\/","url_meta":{"origin":108716,"position":5},"title":"\u00abSpray 5 en 1: Hair Goals On-the-Go\u00bb","author":"zeromagazinemx","date":"14 de agosto de 2024","format":false,"excerpt":"Todas hemos tenido esos d\u00edas en que nuestro cabello se siente como si estuviera en una misi\u00f3n de sabotaje, \u00bfverdad? Frizz, puntas abiertas, falta de brillo, pero no te preocupes Hask viene al rescate con su Spray 5 en 1 de la colecci\u00f3n Arg\u00e1n Oil, y este es el tea:\u2026","rel":"","context":"En \u00abBlog\u00bb","block_context":{"text":"Blog","link":"https:\/\/zeromagazine.mx\/index.php\/category\/blog\/"},"img":{"alt_text":"","src":"https:\/\/i0.wp.com\/zeromagazine.mx\/wp-content\/uploads\/2024\/08\/charming-young-woman-enjoying-summer-vacation-sunny-sandy-beach-scaled.jpg?fit=1200%2C800&ssl=1&resize=350%2C200","width":350,"height":200,"srcset":"https:\/\/i0.wp.com\/zeromagazine.mx\/wp-content\/uploads\/2024\/08\/charming-young-woman-enjoying-summer-vacation-sunny-sandy-beach-scaled.jpg?fit=1200%2C800&ssl=1&resize=350%2C200 1x, https:\/\/i0.wp.com\/zeromagazine.mx\/wp-content\/uploads\/2024\/08\/charming-young-woman-enjoying-summer-vacation-sunny-sandy-beach-scaled.jpg?fit=1200%2C800&ssl=1&resize=525%2C300 1.5x, https:\/\/i0.wp.com\/zeromagazine.mx\/wp-content\/uploads\/2024\/08\/charming-young-woman-enjoying-summer-vacation-sunny-sandy-beach-scaled.jpg?fit=1200%2C800&ssl=1&resize=700%2C400 2x, https:\/\/i0.wp.com\/zeromagazine.mx\/wp-content\/uploads\/2024\/08\/charming-young-woman-enjoying-summer-vacation-sunny-sandy-beach-scaled.jpg?fit=1200%2C800&ssl=1&resize=1050%2C600 3x"},"classes":[]}],"jetpack_sharing_enabled":true,"builder_content":"","_links":{"self":[{"href":"https:\/\/zeromagazine.mx\/index.php\/wp-json\/wp\/v2\/posts\/108716","targetHints":{"allow":["GET"]}}],"collection":[{"href":"https:\/\/zeromagazine.mx\/index.php\/wp-json\/wp\/v2\/posts"}],"about":[{"href":"https:\/\/zeromagazine.mx\/index.php\/wp-json\/wp\/v2\/types\/post"}],"author":[{"embeddable":true,"href":"https:\/\/zeromagazine.mx\/index.php\/wp-json\/wp\/v2\/users\/4"}],"replies":[{"embeddable":true,"href":"https:\/\/zeromagazine.mx\/index.php\/wp-json\/wp\/v2\/comments?post=108716"}],"version-history":[{"count":2,"href":"https:\/\/zeromagazine.mx\/index.php\/wp-json\/wp\/v2\/posts\/108716\/revisions"}],"predecessor-version":[{"id":108721,"href":"https:\/\/zeromagazine.mx\/index.php\/wp-json\/wp\/v2\/posts\/108716\/revisions\/108721"}],"wp:featuredmedia":[{"embeddable":true,"href":"https:\/\/zeromagazine.mx\/index.php\/wp-json\/wp\/v2\/media\/108718"}],"wp:attachment":[{"href":"https:\/\/zeromagazine.mx\/index.php\/wp-json\/wp\/v2\/media?parent=108716"}],"wp:term":[{"taxonomy":"category","embeddable":true,"href":"https:\/\/zeromagazine.mx\/index.php\/wp-json\/wp\/v2\/categories?post=108716"},{"taxonomy":"post_tag","embeddable":true,"href":"https:\/\/zeromagazine.mx\/index.php\/wp-json\/wp\/v2\/tags?post=108716"}],"curies":[{"name":"wp","href":"https:\/\/api.w.org\/{rel}","templated":true}]}}