{"id":108722,"date":"2025-09-22T10:00:00","date_gmt":"2025-09-22T16:00:00","guid":{"rendered":"https:\/\/zeromagazine.mx\/?p=108722"},"modified":"2025-09-21T13:04:56","modified_gmt":"2025-09-21T19:04:56","slug":"converse-dia-de-muertos-coleccion-2025","status":"publish","type":"post","link":"https:\/\/zeromagazine.mx\/index.php\/2025\/09\/22\/converse-dia-de-muertos-coleccion-2025\/","title":{"rendered":"Converse D\u00eda de Muertos: tradici\u00f3n que camina contigo"},"content":{"rendered":"<!--themify_builder_content-->\n<div id=\"themify_builder_content-108722\" data-postid=\"108722\" class=\"themify_builder_content themify_builder_content-108722 themify_builder tf_clear\">\n    <\/div>\n<!--\/themify_builder_content-->\n\n\n<p>Cada oto\u00f1o, la vibra del D\u00eda de Muertos se siente en el aire: mariposas monarca atravesando cielos, altares que huelen a cempas\u00fachil y velas que iluminan memorias colectivas. Este 2025,&nbsp;<strong>Converse D\u00eda de Muertos<\/strong>&nbsp;se convierte en mucho m\u00e1s que un drop de temporada; es una oda cultural en forma de sneakers, pensada para conectar generaciones desde la calle hasta la ofrenda.<\/p>\n\n\n\n<figure class=\"wp-block-image size-full\"><img data-recalc-dims=\"1\" decoding=\"async\" width=\"1165\" height=\"777\" src=\"https:\/\/i0.wp.com\/zeromagazine.mx\/wp-content\/uploads\/2025\/09\/65A5575-scaled.jpeg?resize=1165%2C777&#038;ssl=1\" alt=\"\" class=\"wp-image-108723\" srcset=\"https:\/\/i0.wp.com\/zeromagazine.mx\/wp-content\/uploads\/2025\/09\/65A5575-scaled.jpeg?w=2560&amp;ssl=1 2560w, https:\/\/i0.wp.com\/zeromagazine.mx\/wp-content\/uploads\/2025\/09\/65A5575-scaled.jpeg?resize=300%2C200&amp;ssl=1 300w, https:\/\/i0.wp.com\/zeromagazine.mx\/wp-content\/uploads\/2025\/09\/65A5575-scaled.jpeg?resize=1024%2C683&amp;ssl=1 1024w, https:\/\/i0.wp.com\/zeromagazine.mx\/wp-content\/uploads\/2025\/09\/65A5575-scaled.jpeg?resize=768%2C512&amp;ssl=1 768w, https:\/\/i0.wp.com\/zeromagazine.mx\/wp-content\/uploads\/2025\/09\/65A5575-scaled.jpeg?resize=1536%2C1024&amp;ssl=1 1536w, https:\/\/i0.wp.com\/zeromagazine.mx\/wp-content\/uploads\/2025\/09\/65A5575-scaled.jpeg?resize=2048%2C1365&amp;ssl=1 2048w, https:\/\/i0.wp.com\/zeromagazine.mx\/wp-content\/uploads\/2025\/09\/65A5575-scaled.jpeg?w=2330 2330w\" sizes=\"(max-width: 1165px) 100vw, 1165px\" \/><\/figure>\n\n\n\n<p>La colecci\u00f3n presenta dos siluetas Chuck Taylor All Star que funcionan como storytelling en cada paso: un modelo en color hueso con gr\u00e1ficos tono sobre tono que transmiten sobriedad y memoria, y otro en negro, vibrante, que celebra la vida con ilustraciones cargadas de tradici\u00f3n. El detalle m\u00e1s inesperado est\u00e1 en las suelas: al unirse, revelan una calaverita de az\u00facar. Incluso la caja dise\u00f1ada para este release convierte el unboxing en un ritual sensorial.<\/p>\n\n\n\n<h2 class=\"wp-block-heading\">Converse D\u00eda de Muertos como puente cultural<\/h2>\n\n\n\n<p>Lo que hace \u00fanico a este lanzamiento no es solo el dise\u00f1o, sino c\u00f3mo se inserta en el tejido cultural de M\u00e9xico. La campa\u00f1a fue filmada en P\u00e1tzcuaro y Tzintzuntzan, epicentros de la tradici\u00f3n pur\u00e9pecha, con personas reales dando vida a cada escena:<\/p>\n\n\n\n<ul class=\"wp-block-list\">\n<li><strong>Isidro Gaona<\/strong>, \u00faltimo maestro de lacas con hoja de oro, intervino la guitarra usada en el shooting.<\/li>\n\n\n\n<li><strong>Cristina P\u00e9rez y familia<\/strong>\u00a0moldearon calaveritas de az\u00facar a mano.<\/li>\n\n\n\n<li><strong>Jes\u00fas Pe\u00f1a<\/strong>, heredero de un oficio familiar, cre\u00f3 velas tradicionales.<\/li>\n\n\n\n<li><strong>Pamo Villag\u00f3mez<\/strong>\u00a0mont\u00f3 las ofrendas con detalle y respeto.<\/li>\n<\/ul>\n\n\n\n<figure class=\"wp-block-image size-full\"><img data-recalc-dims=\"1\" decoding=\"async\" width=\"1165\" height=\"777\" src=\"https:\/\/i0.wp.com\/zeromagazine.mx\/wp-content\/uploads\/2025\/09\/65A5062-scaled.jpeg?resize=1165%2C777&#038;ssl=1\" alt=\"\" class=\"wp-image-108724\" srcset=\"https:\/\/i0.wp.com\/zeromagazine.mx\/wp-content\/uploads\/2025\/09\/65A5062-scaled.jpeg?w=2560&amp;ssl=1 2560w, https:\/\/i0.wp.com\/zeromagazine.mx\/wp-content\/uploads\/2025\/09\/65A5062-scaled.jpeg?resize=300%2C200&amp;ssl=1 300w, https:\/\/i0.wp.com\/zeromagazine.mx\/wp-content\/uploads\/2025\/09\/65A5062-scaled.jpeg?resize=1024%2C683&amp;ssl=1 1024w, https:\/\/i0.wp.com\/zeromagazine.mx\/wp-content\/uploads\/2025\/09\/65A5062-scaled.jpeg?resize=768%2C512&amp;ssl=1 768w, https:\/\/i0.wp.com\/zeromagazine.mx\/wp-content\/uploads\/2025\/09\/65A5062-scaled.jpeg?resize=1536%2C1024&amp;ssl=1 1536w, https:\/\/i0.wp.com\/zeromagazine.mx\/wp-content\/uploads\/2025\/09\/65A5062-scaled.jpeg?resize=2048%2C1365&amp;ssl=1 2048w, https:\/\/i0.wp.com\/zeromagazine.mx\/wp-content\/uploads\/2025\/09\/65A5062-scaled.jpeg?w=2330 2330w\" sizes=\"(max-width: 1165px) 100vw, 1165px\" \/><\/figure>\n\n\n\n<p>Adem\u00e1s, el artista emergente&nbsp;<strong>Jacinto<\/strong>&nbsp;interpreta&nbsp;<em>Mariposa<\/em>, una canci\u00f3n original que entrelaza la narrativa de las mariposas monarca con la memoria y la esperanza. Es un statement de c\u00f3mo Converse no solo lanza sneakers, sino experiencias que trascienden el hype.<\/p>\n\n\n\n<h2 class=\"wp-block-heading\">De las calles a los altares: d\u00f3nde encontrar la colecci\u00f3n<\/h2>\n\n\n\n<p>El&nbsp;<strong>Converse D\u00eda de Muertos 2025<\/strong>&nbsp;estar\u00e1 disponible primero en l\u00ednea del 22 al 25 de septiembre en converse.com.mx, y despu\u00e9s en boutiques f\u00edsicas de Converse (Santa Fe, Sat\u00e9lite 2 y Centro Hist\u00f3rico) as\u00ed como en retail partners como Liverpool, Palacio de Hierro y Mercado Libre a partir del 29 de septiembre. El precio ser\u00e1 de $2,399 MXN con tallas del 22 al 10 nacional.<\/p>\n\n\n\n<figure class=\"wp-block-image size-full\"><img data-recalc-dims=\"1\" decoding=\"async\" width=\"1165\" height=\"777\" src=\"https:\/\/i0.wp.com\/zeromagazine.mx\/wp-content\/uploads\/2025\/09\/0Y0A2826-scaled.jpeg?resize=1165%2C777&#038;ssl=1\" alt=\"\" class=\"wp-image-108725\" srcset=\"https:\/\/i0.wp.com\/zeromagazine.mx\/wp-content\/uploads\/2025\/09\/0Y0A2826-scaled.jpeg?w=2560&amp;ssl=1 2560w, https:\/\/i0.wp.com\/zeromagazine.mx\/wp-content\/uploads\/2025\/09\/0Y0A2826-scaled.jpeg?resize=300%2C200&amp;ssl=1 300w, https:\/\/i0.wp.com\/zeromagazine.mx\/wp-content\/uploads\/2025\/09\/0Y0A2826-scaled.jpeg?resize=1024%2C683&amp;ssl=1 1024w, https:\/\/i0.wp.com\/zeromagazine.mx\/wp-content\/uploads\/2025\/09\/0Y0A2826-scaled.jpeg?resize=768%2C512&amp;ssl=1 768w, https:\/\/i0.wp.com\/zeromagazine.mx\/wp-content\/uploads\/2025\/09\/0Y0A2826-scaled.jpeg?resize=1536%2C1024&amp;ssl=1 1536w, https:\/\/i0.wp.com\/zeromagazine.mx\/wp-content\/uploads\/2025\/09\/0Y0A2826-scaled.jpeg?resize=2048%2C1365&amp;ssl=1 2048w, https:\/\/i0.wp.com\/zeromagazine.mx\/wp-content\/uploads\/2025\/09\/0Y0A2826-scaled.jpeg?w=2330 2330w\" sizes=\"(max-width: 1165px) 100vw, 1165px\" \/><\/figure>\n\n\n\n<p>M\u00e1s que un drop, este lanzamiento se siente como una invitaci\u00f3n: usar tus sneakers no solo como un accesorio de estilo, sino como un recordatorio de que la tradici\u00f3n camina contigo, se vive y se comparte.<\/p>","protected":false},"excerpt":{"rendered":"<p>Cada oto\u00f1o, la vibra del D\u00eda de Muertos se siente en el aire: mariposas monarca atravesando cielos, altares que huelen a cempas\u00fachil y velas que iluminan memorias colectivas. Este 2025,&nbsp;Converse D\u00eda de Muertos&nbsp;se convierte en mucho m\u00e1s que un drop de temporada; es una oda cultural en forma de sneakers, pensada para conectar generaciones desde [&hellip;]<\/p>\n","protected":false},"author":4,"featured_media":108723,"comment_status":"open","ping_status":"open","sticky":false,"template":"","format":"standard","meta":{"_jetpack_memberships_contains_paid_content":false,"footnotes":"","jetpack_publicize_message":"","jetpack_publicize_feature_enabled":true,"jetpack_social_post_already_shared":true,"jetpack_social_options":{"image_generator_settings":{"template":"highway","default_image_id":0,"font":"","enabled":false},"version":2}},"categories":[67],"tags":[],"class_list":["post-108722","post","type-post","status-publish","format-standard","has-post-thumbnail","hentry","category-moda","has-post-title","has-post-date","has-post-category","has-post-tag","has-post-comment","has-post-author",""],"yoast_head":"<!-- This site is optimized with the Yoast SEO plugin v27.5 - https:\/\/yoast.com\/product\/yoast-seo-wordpress\/ -->\n<title>Converse D\u00eda de Muertos: tradici\u00f3n que camina contigo - Zero Magazine<\/title>\n<meta name=\"description\" content=\"Converse D\u00eda de Muertos 2025: sneakers que celebran memoria, ra\u00edces y tradici\u00f3n mexicana con dise\u00f1o \u00fanico.\" \/>\n<meta name=\"robots\" content=\"index, follow, max-snippet:-1, max-image-preview:large, max-video-preview:-1\" \/>\n<link rel=\"canonical\" href=\"https:\/\/zeromagazine.mx\/index.php\/2025\/09\/22\/converse-dia-de-muertos-coleccion-2025\/\" \/>\n<meta property=\"og:locale\" content=\"es_ES\" \/>\n<meta property=\"og:type\" content=\"article\" \/>\n<meta property=\"og:title\" content=\"Converse D\u00eda de Muertos: tradici\u00f3n que camina contigo - Zero Magazine\" \/>\n<meta property=\"og:description\" content=\"Converse D\u00eda de Muertos 2025: sneakers que celebran memoria, ra\u00edces y tradici\u00f3n mexicana con dise\u00f1o \u00fanico.\" \/>\n<meta property=\"og:url\" content=\"https:\/\/zeromagazine.mx\/index.php\/2025\/09\/22\/converse-dia-de-muertos-coleccion-2025\/\" \/>\n<meta property=\"og:site_name\" content=\"Zero Magazine\" \/>\n<meta property=\"article:published_time\" content=\"2025-09-22T16:00:00+00:00\" \/>\n<meta property=\"og:image\" content=\"https:\/\/i0.wp.com\/zeromagazine.mx\/wp-content\/uploads\/2025\/09\/65A5575-scaled.jpeg?fit=2560%2C1707&ssl=1\" \/>\n\t<meta property=\"og:image:width\" content=\"2560\" \/>\n\t<meta property=\"og:image:height\" content=\"1707\" \/>\n\t<meta property=\"og:image:type\" content=\"image\/jpeg\" \/>\n<meta name=\"author\" content=\"David Morales\" \/>\n<meta name=\"twitter:card\" content=\"summary_large_image\" \/>\n<meta name=\"twitter:label1\" content=\"Escrito por\" \/>\n\t<meta name=\"twitter:data1\" content=\"David Morales\" \/>\n\t<meta name=\"twitter:label2\" content=\"Tiempo de lectura\" \/>\n\t<meta name=\"twitter:data2\" content=\"3 minutos\" \/>\n<script type=\"application\/ld+json\" class=\"yoast-schema-graph\">{\"@context\":\"https:\\\/\\\/schema.org\",\"@graph\":[{\"@type\":\"Article\",\"@id\":\"https:\\\/\\\/zeromagazine.mx\\\/index.php\\\/2025\\\/09\\\/22\\\/converse-dia-de-muertos-coleccion-2025\\\/#article\",\"isPartOf\":{\"@id\":\"https:\\\/\\\/zeromagazine.mx\\\/index.php\\\/2025\\\/09\\\/22\\\/converse-dia-de-muertos-coleccion-2025\\\/\"},\"author\":{\"name\":\"David Morales\",\"@id\":\"https:\\\/\\\/zeromagazine.mx\\\/#\\\/schema\\\/person\\\/9f7f1a17c60ba8e9980e3e6677aabe5a\"},\"headline\":\"Converse D\u00eda de Muertos: tradici\u00f3n que camina contigo\",\"datePublished\":\"2025-09-22T16:00:00+00:00\",\"mainEntityOfPage\":{\"@id\":\"https:\\\/\\\/zeromagazine.mx\\\/index.php\\\/2025\\\/09\\\/22\\\/converse-dia-de-muertos-coleccion-2025\\\/\"},\"wordCount\":431,\"commentCount\":0,\"publisher\":{\"@id\":\"https:\\\/\\\/zeromagazine.mx\\\/#organization\"},\"image\":{\"@id\":\"https:\\\/\\\/zeromagazine.mx\\\/index.php\\\/2025\\\/09\\\/22\\\/converse-dia-de-muertos-coleccion-2025\\\/#primaryimage\"},\"thumbnailUrl\":\"https:\\\/\\\/i0.wp.com\\\/zeromagazine.mx\\\/wp-content\\\/uploads\\\/2025\\\/09\\\/65A5575-scaled.jpeg?fit=2560%2C1707&ssl=1\",\"articleSection\":[\"Moda\"],\"inLanguage\":\"es\",\"potentialAction\":[{\"@type\":\"CommentAction\",\"name\":\"Comment\",\"target\":[\"https:\\\/\\\/zeromagazine.mx\\\/index.php\\\/2025\\\/09\\\/22\\\/converse-dia-de-muertos-coleccion-2025\\\/#respond\"]}]},{\"@type\":\"WebPage\",\"@id\":\"https:\\\/\\\/zeromagazine.mx\\\/index.php\\\/2025\\\/09\\\/22\\\/converse-dia-de-muertos-coleccion-2025\\\/\",\"url\":\"https:\\\/\\\/zeromagazine.mx\\\/index.php\\\/2025\\\/09\\\/22\\\/converse-dia-de-muertos-coleccion-2025\\\/\",\"name\":\"Converse D\u00eda de Muertos: tradici\u00f3n que camina contigo - Zero Magazine\",\"isPartOf\":{\"@id\":\"https:\\\/\\\/zeromagazine.mx\\\/#website\"},\"primaryImageOfPage\":{\"@id\":\"https:\\\/\\\/zeromagazine.mx\\\/index.php\\\/2025\\\/09\\\/22\\\/converse-dia-de-muertos-coleccion-2025\\\/#primaryimage\"},\"image\":{\"@id\":\"https:\\\/\\\/zeromagazine.mx\\\/index.php\\\/2025\\\/09\\\/22\\\/converse-dia-de-muertos-coleccion-2025\\\/#primaryimage\"},\"thumbnailUrl\":\"https:\\\/\\\/i0.wp.com\\\/zeromagazine.mx\\\/wp-content\\\/uploads\\\/2025\\\/09\\\/65A5575-scaled.jpeg?fit=2560%2C1707&ssl=1\",\"datePublished\":\"2025-09-22T16:00:00+00:00\",\"description\":\"Converse D\u00eda de Muertos 2025: sneakers que celebran memoria, ra\u00edces y tradici\u00f3n mexicana con dise\u00f1o \u00fanico.\",\"breadcrumb\":{\"@id\":\"https:\\\/\\\/zeromagazine.mx\\\/index.php\\\/2025\\\/09\\\/22\\\/converse-dia-de-muertos-coleccion-2025\\\/#breadcrumb\"},\"inLanguage\":\"es\",\"potentialAction\":[{\"@type\":\"ReadAction\",\"target\":[\"https:\\\/\\\/zeromagazine.mx\\\/index.php\\\/2025\\\/09\\\/22\\\/converse-dia-de-muertos-coleccion-2025\\\/\"]}]},{\"@type\":\"ImageObject\",\"inLanguage\":\"es\",\"@id\":\"https:\\\/\\\/zeromagazine.mx\\\/index.php\\\/2025\\\/09\\\/22\\\/converse-dia-de-muertos-coleccion-2025\\\/#primaryimage\",\"url\":\"https:\\\/\\\/i0.wp.com\\\/zeromagazine.mx\\\/wp-content\\\/uploads\\\/2025\\\/09\\\/65A5575-scaled.jpeg?fit=2560%2C1707&ssl=1\",\"contentUrl\":\"https:\\\/\\\/i0.wp.com\\\/zeromagazine.mx\\\/wp-content\\\/uploads\\\/2025\\\/09\\\/65A5575-scaled.jpeg?fit=2560%2C1707&ssl=1\",\"width\":2560,\"height\":1707},{\"@type\":\"BreadcrumbList\",\"@id\":\"https:\\\/\\\/zeromagazine.mx\\\/index.php\\\/2025\\\/09\\\/22\\\/converse-dia-de-muertos-coleccion-2025\\\/#breadcrumb\",\"itemListElement\":[{\"@type\":\"ListItem\",\"position\":1,\"name\":\"Portada\",\"item\":\"https:\\\/\\\/zeromagazine.mx\\\/\"},{\"@type\":\"ListItem\",\"position\":2,\"name\":\"Converse D\u00eda de Muertos: tradici\u00f3n que camina contigo\"}]},{\"@type\":\"WebSite\",\"@id\":\"https:\\\/\\\/zeromagazine.mx\\\/#website\",\"url\":\"https:\\\/\\\/zeromagazine.mx\\\/\",\"name\":\"Zero Magazine\",\"description\":\"\",\"publisher\":{\"@id\":\"https:\\\/\\\/zeromagazine.mx\\\/#organization\"},\"potentialAction\":[{\"@type\":\"SearchAction\",\"target\":{\"@type\":\"EntryPoint\",\"urlTemplate\":\"https:\\\/\\\/zeromagazine.mx\\\/?s={search_term_string}\"},\"query-input\":{\"@type\":\"PropertyValueSpecification\",\"valueRequired\":true,\"valueName\":\"search_term_string\"}}],\"inLanguage\":\"es\"},{\"@type\":\"Organization\",\"@id\":\"https:\\\/\\\/zeromagazine.mx\\\/#organization\",\"name\":\"Zero Magazine\",\"url\":\"https:\\\/\\\/zeromagazine.mx\\\/\",\"logo\":{\"@type\":\"ImageObject\",\"inLanguage\":\"es\",\"@id\":\"https:\\\/\\\/zeromagazine.mx\\\/#\\\/schema\\\/logo\\\/image\\\/\",\"url\":\"https:\\\/\\\/i0.wp.com\\\/zeromagazine.mx\\\/wp-content\\\/uploads\\\/2025\\\/11\\\/1.jpeg?fit=1000%2C1000&ssl=1\",\"contentUrl\":\"https:\\\/\\\/i0.wp.com\\\/zeromagazine.mx\\\/wp-content\\\/uploads\\\/2025\\\/11\\\/1.jpeg?fit=1000%2C1000&ssl=1\",\"width\":1000,\"height\":1000,\"caption\":\"Zero Magazine\"},\"image\":{\"@id\":\"https:\\\/\\\/zeromagazine.mx\\\/#\\\/schema\\\/logo\\\/image\\\/\"},\"sameAs\":[\"https:\\\/\\\/instagram.com\\\/zeromagazinemx\"]},{\"@type\":\"Person\",\"@id\":\"https:\\\/\\\/zeromagazine.mx\\\/#\\\/schema\\\/person\\\/9f7f1a17c60ba8e9980e3e6677aabe5a\",\"name\":\"David Morales\",\"image\":{\"@type\":\"ImageObject\",\"inLanguage\":\"es\",\"@id\":\"https:\\\/\\\/zeromagazine.mx\\\/wp-content\\\/litespeed\\\/avatar\\\/76069d2136bfc1c37dc34815bb67ca42.jpg?ver=1777571067\",\"url\":\"https:\\\/\\\/zeromagazine.mx\\\/wp-content\\\/litespeed\\\/avatar\\\/76069d2136bfc1c37dc34815bb67ca42.jpg?ver=1777571067\",\"contentUrl\":\"https:\\\/\\\/zeromagazine.mx\\\/wp-content\\\/litespeed\\\/avatar\\\/76069d2136bfc1c37dc34815bb67ca42.jpg?ver=1777571067\",\"caption\":\"David Morales\"},\"url\":\"https:\\\/\\\/zeromagazine.mx\\\/index.php\\\/author\\\/david\\\/\"}]}<\/script>\n<!-- \/ Yoast SEO plugin. -->","yoast_head_json":{"title":"Converse D\u00eda de Muertos: tradici\u00f3n que camina contigo - Zero Magazine","description":"Converse D\u00eda de Muertos 2025: sneakers que celebran memoria, ra\u00edces y tradici\u00f3n mexicana con dise\u00f1o \u00fanico.","robots":{"index":"index","follow":"follow","max-snippet":"max-snippet:-1","max-image-preview":"max-image-preview:large","max-video-preview":"max-video-preview:-1"},"canonical":"https:\/\/zeromagazine.mx\/index.php\/2025\/09\/22\/converse-dia-de-muertos-coleccion-2025\/","og_locale":"es_ES","og_type":"article","og_title":"Converse D\u00eda de Muertos: tradici\u00f3n que camina contigo - Zero Magazine","og_description":"Converse D\u00eda de Muertos 2025: sneakers que celebran memoria, ra\u00edces y tradici\u00f3n mexicana con dise\u00f1o \u00fanico.","og_url":"https:\/\/zeromagazine.mx\/index.php\/2025\/09\/22\/converse-dia-de-muertos-coleccion-2025\/","og_site_name":"Zero Magazine","article_published_time":"2025-09-22T16:00:00+00:00","og_image":[{"width":2560,"height":1707,"url":"https:\/\/i0.wp.com\/zeromagazine.mx\/wp-content\/uploads\/2025\/09\/65A5575-scaled.jpeg?fit=2560%2C1707&ssl=1","type":"image\/jpeg"}],"author":"David Morales","twitter_card":"summary_large_image","twitter_misc":{"Escrito por":"David Morales","Tiempo de lectura":"3 minutos"},"schema":{"@context":"https:\/\/schema.org","@graph":[{"@type":"Article","@id":"https:\/\/zeromagazine.mx\/index.php\/2025\/09\/22\/converse-dia-de-muertos-coleccion-2025\/#article","isPartOf":{"@id":"https:\/\/zeromagazine.mx\/index.php\/2025\/09\/22\/converse-dia-de-muertos-coleccion-2025\/"},"author":{"name":"David Morales","@id":"https:\/\/zeromagazine.mx\/#\/schema\/person\/9f7f1a17c60ba8e9980e3e6677aabe5a"},"headline":"Converse D\u00eda de Muertos: tradici\u00f3n que camina contigo","datePublished":"2025-09-22T16:00:00+00:00","mainEntityOfPage":{"@id":"https:\/\/zeromagazine.mx\/index.php\/2025\/09\/22\/converse-dia-de-muertos-coleccion-2025\/"},"wordCount":431,"commentCount":0,"publisher":{"@id":"https:\/\/zeromagazine.mx\/#organization"},"image":{"@id":"https:\/\/zeromagazine.mx\/index.php\/2025\/09\/22\/converse-dia-de-muertos-coleccion-2025\/#primaryimage"},"thumbnailUrl":"https:\/\/i0.wp.com\/zeromagazine.mx\/wp-content\/uploads\/2025\/09\/65A5575-scaled.jpeg?fit=2560%2C1707&ssl=1","articleSection":["Moda"],"inLanguage":"es","potentialAction":[{"@type":"CommentAction","name":"Comment","target":["https:\/\/zeromagazine.mx\/index.php\/2025\/09\/22\/converse-dia-de-muertos-coleccion-2025\/#respond"]}]},{"@type":"WebPage","@id":"https:\/\/zeromagazine.mx\/index.php\/2025\/09\/22\/converse-dia-de-muertos-coleccion-2025\/","url":"https:\/\/zeromagazine.mx\/index.php\/2025\/09\/22\/converse-dia-de-muertos-coleccion-2025\/","name":"Converse D\u00eda de Muertos: tradici\u00f3n que camina contigo - Zero Magazine","isPartOf":{"@id":"https:\/\/zeromagazine.mx\/#website"},"primaryImageOfPage":{"@id":"https:\/\/zeromagazine.mx\/index.php\/2025\/09\/22\/converse-dia-de-muertos-coleccion-2025\/#primaryimage"},"image":{"@id":"https:\/\/zeromagazine.mx\/index.php\/2025\/09\/22\/converse-dia-de-muertos-coleccion-2025\/#primaryimage"},"thumbnailUrl":"https:\/\/i0.wp.com\/zeromagazine.mx\/wp-content\/uploads\/2025\/09\/65A5575-scaled.jpeg?fit=2560%2C1707&ssl=1","datePublished":"2025-09-22T16:00:00+00:00","description":"Converse D\u00eda de Muertos 2025: sneakers que celebran memoria, ra\u00edces y tradici\u00f3n mexicana con dise\u00f1o \u00fanico.","breadcrumb":{"@id":"https:\/\/zeromagazine.mx\/index.php\/2025\/09\/22\/converse-dia-de-muertos-coleccion-2025\/#breadcrumb"},"inLanguage":"es","potentialAction":[{"@type":"ReadAction","target":["https:\/\/zeromagazine.mx\/index.php\/2025\/09\/22\/converse-dia-de-muertos-coleccion-2025\/"]}]},{"@type":"ImageObject","inLanguage":"es","@id":"https:\/\/zeromagazine.mx\/index.php\/2025\/09\/22\/converse-dia-de-muertos-coleccion-2025\/#primaryimage","url":"https:\/\/i0.wp.com\/zeromagazine.mx\/wp-content\/uploads\/2025\/09\/65A5575-scaled.jpeg?fit=2560%2C1707&ssl=1","contentUrl":"https:\/\/i0.wp.com\/zeromagazine.mx\/wp-content\/uploads\/2025\/09\/65A5575-scaled.jpeg?fit=2560%2C1707&ssl=1","width":2560,"height":1707},{"@type":"BreadcrumbList","@id":"https:\/\/zeromagazine.mx\/index.php\/2025\/09\/22\/converse-dia-de-muertos-coleccion-2025\/#breadcrumb","itemListElement":[{"@type":"ListItem","position":1,"name":"Portada","item":"https:\/\/zeromagazine.mx\/"},{"@type":"ListItem","position":2,"name":"Converse D\u00eda de Muertos: tradici\u00f3n que camina contigo"}]},{"@type":"WebSite","@id":"https:\/\/zeromagazine.mx\/#website","url":"https:\/\/zeromagazine.mx\/","name":"Zero Magazine","description":"","publisher":{"@id":"https:\/\/zeromagazine.mx\/#organization"},"potentialAction":[{"@type":"SearchAction","target":{"@type":"EntryPoint","urlTemplate":"https:\/\/zeromagazine.mx\/?s={search_term_string}"},"query-input":{"@type":"PropertyValueSpecification","valueRequired":true,"valueName":"search_term_string"}}],"inLanguage":"es"},{"@type":"Organization","@id":"https:\/\/zeromagazine.mx\/#organization","name":"Zero Magazine","url":"https:\/\/zeromagazine.mx\/","logo":{"@type":"ImageObject","inLanguage":"es","@id":"https:\/\/zeromagazine.mx\/#\/schema\/logo\/image\/","url":"https:\/\/i0.wp.com\/zeromagazine.mx\/wp-content\/uploads\/2025\/11\/1.jpeg?fit=1000%2C1000&ssl=1","contentUrl":"https:\/\/i0.wp.com\/zeromagazine.mx\/wp-content\/uploads\/2025\/11\/1.jpeg?fit=1000%2C1000&ssl=1","width":1000,"height":1000,"caption":"Zero Magazine"},"image":{"@id":"https:\/\/zeromagazine.mx\/#\/schema\/logo\/image\/"},"sameAs":["https:\/\/instagram.com\/zeromagazinemx"]},{"@type":"Person","@id":"https:\/\/zeromagazine.mx\/#\/schema\/person\/9f7f1a17c60ba8e9980e3e6677aabe5a","name":"David Morales","image":{"@type":"ImageObject","inLanguage":"es","@id":"https:\/\/zeromagazine.mx\/wp-content\/litespeed\/avatar\/76069d2136bfc1c37dc34815bb67ca42.jpg?ver=1777571067","url":"https:\/\/zeromagazine.mx\/wp-content\/litespeed\/avatar\/76069d2136bfc1c37dc34815bb67ca42.jpg?ver=1777571067","contentUrl":"https:\/\/zeromagazine.mx\/wp-content\/litespeed\/avatar\/76069d2136bfc1c37dc34815bb67ca42.jpg?ver=1777571067","caption":"David Morales"},"url":"https:\/\/zeromagazine.mx\/index.php\/author\/david\/"}]}},"jetpack_publicize_connections":[],"jetpack_featured_media_url":"https:\/\/i0.wp.com\/zeromagazine.mx\/wp-content\/uploads\/2025\/09\/65A5575-scaled.jpeg?fit=2560%2C1707&ssl=1","jetpack-related-posts":[{"id":110051,"url":"https:\/\/zeromagazine.mx\/index.php\/2025\/11\/04\/converse-dia-de-muertos-2025-2\/","url_meta":{"origin":108722,"position":0},"title":"Converse D\u00eda de Muertos: tradici\u00f3n que se lleva puesta","author":"zeromagazinemx","date":"4 de noviembre de 2025","format":false,"excerpt":"Entre flores de cempas\u00fachil, guitarras intervenidas y el vuelo de las mariposas monarca, Converse D\u00eda de Muertos llega este 2025 como una colecci\u00f3n que va m\u00e1s all\u00e1 del calzado: es un homenaje a la memoria, al arte y a las manos que mantienen viva una de las celebraciones m\u00e1s bellas\u2026","rel":"","context":"En \u00abModa\u00bb","block_context":{"text":"Moda","link":"https:\/\/zeromagazine.mx\/index.php\/category\/moda\/"},"img":{"alt_text":"","src":"https:\/\/i0.wp.com\/zeromagazine.mx\/wp-content\/uploads\/2025\/11\/1_DoD_1.jpg?fit=1200%2C675&ssl=1&resize=350%2C200","width":350,"height":200,"srcset":"https:\/\/i0.wp.com\/zeromagazine.mx\/wp-content\/uploads\/2025\/11\/1_DoD_1.jpg?fit=1200%2C675&ssl=1&resize=350%2C200 1x, https:\/\/i0.wp.com\/zeromagazine.mx\/wp-content\/uploads\/2025\/11\/1_DoD_1.jpg?fit=1200%2C675&ssl=1&resize=525%2C300 1.5x, https:\/\/i0.wp.com\/zeromagazine.mx\/wp-content\/uploads\/2025\/11\/1_DoD_1.jpg?fit=1200%2C675&ssl=1&resize=700%2C400 2x, https:\/\/i0.wp.com\/zeromagazine.mx\/wp-content\/uploads\/2025\/11\/1_DoD_1.jpg?fit=1200%2C675&ssl=1&resize=1050%2C600 3x"},"classes":[]},{"id":84285,"url":"https:\/\/zeromagazine.mx\/index.php\/2024\/09\/20\/converse-tradicion-en-cada-paso\/","url_meta":{"origin":108722,"position":1},"title":"\u00abConverse: Tradici\u00f3n en Cada Paso\u00bb","author":"zeromagazinemx","date":"20 de septiembre de 2024","format":false,"excerpt":"\u00a1\u00d3rale, sneakerheads! Ya se viene una de las celebraciones m\u00e1s importantes en nuestra cultura, el D\u00eda de Muertos, y qu\u00e9 mejor manera de honrar a los que ya no est\u00e1n con nosotros que con estilo. Converse nos trae una campa\u00f1a que no solo est\u00e1 rifada en cuanto a dise\u00f1o, sino\u2026","rel":"","context":"En \u00abModa\u00bb","block_context":{"text":"Moda","link":"https:\/\/zeromagazine.mx\/index.php\/category\/moda\/"},"img":{"alt_text":"","src":"https:\/\/i0.wp.com\/zeromagazine.mx\/wp-content\/uploads\/2024\/09\/65A3763-scaled.jpg?fit=1200%2C800&ssl=1&resize=350%2C200","width":350,"height":200,"srcset":"https:\/\/i0.wp.com\/zeromagazine.mx\/wp-content\/uploads\/2024\/09\/65A3763-scaled.jpg?fit=1200%2C800&ssl=1&resize=350%2C200 1x, https:\/\/i0.wp.com\/zeromagazine.mx\/wp-content\/uploads\/2024\/09\/65A3763-scaled.jpg?fit=1200%2C800&ssl=1&resize=525%2C300 1.5x, https:\/\/i0.wp.com\/zeromagazine.mx\/wp-content\/uploads\/2024\/09\/65A3763-scaled.jpg?fit=1200%2C800&ssl=1&resize=700%2C400 2x, https:\/\/i0.wp.com\/zeromagazine.mx\/wp-content\/uploads\/2024\/09\/65A3763-scaled.jpg?fit=1200%2C800&ssl=1&resize=1050%2C600 3x"},"classes":[]},{"id":109854,"url":"https:\/\/zeromagazine.mx\/index.php\/2025\/11\/01\/converse-dia-de-muertos-2025\/","url_meta":{"origin":108722,"position":2},"title":"D\u00eda de Muertos con Converse: ra\u00edces que brillan","author":"zeromagazinemx","date":"1 de noviembre de 2025","format":false,"excerpt":"Converse D\u00eda de Muertos: una historia que camina El D\u00eda de Muertos no es solo una fecha en el calendario. Es un ritual, una memoria viva y un puente entre lo que fue y lo que sigue siendo. Y este a\u00f1o, Converse D\u00eda de Muertos 2025 lo celebra con una\u2026","rel":"","context":"En \u00abBlog\u00bb","block_context":{"text":"Blog","link":"https:\/\/zeromagazine.mx\/index.php\/category\/blog\/"},"img":{"alt_text":"","src":"https:\/\/i0.wp.com\/zeromagazine.mx\/wp-content\/uploads\/2025\/11\/65A5657-1-scaled.jpg?fit=1200%2C800&ssl=1&resize=350%2C200","width":350,"height":200,"srcset":"https:\/\/i0.wp.com\/zeromagazine.mx\/wp-content\/uploads\/2025\/11\/65A5657-1-scaled.jpg?fit=1200%2C800&ssl=1&resize=350%2C200 1x, https:\/\/i0.wp.com\/zeromagazine.mx\/wp-content\/uploads\/2025\/11\/65A5657-1-scaled.jpg?fit=1200%2C800&ssl=1&resize=525%2C300 1.5x, https:\/\/i0.wp.com\/zeromagazine.mx\/wp-content\/uploads\/2025\/11\/65A5657-1-scaled.jpg?fit=1200%2C800&ssl=1&resize=700%2C400 2x, https:\/\/i0.wp.com\/zeromagazine.mx\/wp-content\/uploads\/2025\/11\/65A5657-1-scaled.jpg?fit=1200%2C800&ssl=1&resize=1050%2C600 3x"},"classes":[]},{"id":84908,"url":"https:\/\/zeromagazine.mx\/index.php\/2024\/09\/30\/starbucks-coleccion-exclusiva-dia-de-muertos\/","url_meta":{"origin":108722,"position":3},"title":"Starbucks: Colecci\u00f3n Exclusiva D\u00eda de Muertos","author":"zeromagazinemx","date":"30 de septiembre de 2024","format":false,"excerpt":"A ver, let's dive in con este nuevo lanzamiento de Starbucks! Si algo sabe hacer esta marca, es darle ese twist \u00fanico a todo lo que toca, y en esta ocasi\u00f3n no es la excepci\u00f3n. Para el D\u00eda de Muertos, Starbucks ha decidido celebrar en grande con una colecci\u00f3n exclusiva\u2026","rel":"","context":"En \u00abFoodie\u00bb","block_context":{"text":"Foodie","link":"https:\/\/zeromagazine.mx\/index.php\/category\/lifestyle\/foodie\/"},"img":{"alt_text":"","src":"https:\/\/i0.wp.com\/zeromagazine.mx\/wp-content\/uploads\/2024\/09\/SBX-DDM-4.jpg?fit=885%2C430&ssl=1&resize=350%2C200","width":350,"height":200,"srcset":"https:\/\/i0.wp.com\/zeromagazine.mx\/wp-content\/uploads\/2024\/09\/SBX-DDM-4.jpg?fit=885%2C430&ssl=1&resize=350%2C200 1x, https:\/\/i0.wp.com\/zeromagazine.mx\/wp-content\/uploads\/2024\/09\/SBX-DDM-4.jpg?fit=885%2C430&ssl=1&resize=525%2C300 1.5x, https:\/\/i0.wp.com\/zeromagazine.mx\/wp-content\/uploads\/2024\/09\/SBX-DDM-4.jpg?fit=885%2C430&ssl=1&resize=700%2C400 2x"},"classes":[]},{"id":85220,"url":"https:\/\/zeromagazine.mx\/index.php\/2024\/10\/03\/dia-de-muertos-con-estilo\/","url_meta":{"origin":108722,"position":4},"title":"\u00abD\u00eda de Muertos con Estilo\u00bb","author":"zeromagazinemx","date":"3 de octubre de 2024","format":false,"excerpt":"\u00a1Hola a tod@s! Si hay algo que nos encanta a los j\u00f3venes, es mezclar nuestras ra\u00edces con estilo, y Timberland lo ha entendido al 100%. Este octubre, Timberland lanza su primera colecci\u00f3n c\u00e1psula de D\u00eda de Muertos, \u00a1y no puedo estar m\u00e1s emocionado! Esta colecci\u00f3n, titulada \"Siempre Juntos\", es una\u2026","rel":"","context":"En \u00abModa\u00bb","block_context":{"text":"Moda","link":"https:\/\/zeromagazine.mx\/index.php\/category\/moda\/"},"img":{"alt_text":"","src":"https:\/\/i0.wp.com\/zeromagazine.mx\/wp-content\/uploads\/2024\/10\/DSCF7616-scaled.jpg?fit=1200%2C800&ssl=1&resize=350%2C200","width":350,"height":200,"srcset":"https:\/\/i0.wp.com\/zeromagazine.mx\/wp-content\/uploads\/2024\/10\/DSCF7616-scaled.jpg?fit=1200%2C800&ssl=1&resize=350%2C200 1x, https:\/\/i0.wp.com\/zeromagazine.mx\/wp-content\/uploads\/2024\/10\/DSCF7616-scaled.jpg?fit=1200%2C800&ssl=1&resize=525%2C300 1.5x, https:\/\/i0.wp.com\/zeromagazine.mx\/wp-content\/uploads\/2024\/10\/DSCF7616-scaled.jpg?fit=1200%2C800&ssl=1&resize=700%2C400 2x, https:\/\/i0.wp.com\/zeromagazine.mx\/wp-content\/uploads\/2024\/10\/DSCF7616-scaled.jpg?fit=1200%2C800&ssl=1&resize=1050%2C600 3x"},"classes":[]},{"id":88335,"url":"https:\/\/zeromagazine.mx\/index.php\/2024\/10\/24\/dia-de-muertos-vibe-y-tradicion\/","url_meta":{"origin":108722,"position":5},"title":"D\u00eda de Muertos: Vibe y Tradici\u00f3n","author":"zeromagazinemx","date":"24 de octubre de 2024","format":false,"excerpt":"Chicxs se nos viene una de las celebraciones m\u00e1s chidas de M\u00e9xico \"El D\u00eda de Muertos\". Esta festividad no solo es una oportunidad para recordar a nuestros seres queridos, sino que tambi\u00e9n se ha convertido en un fen\u00f3meno internacional. \u00bfQui\u00e9n no ha visto esas incre\u00edbles ofrendas llenas de color y\u2026","rel":"","context":"En \u00abCultura\u00bb","block_context":{"text":"Cultura","link":"https:\/\/zeromagazine.mx\/index.php\/category\/cultura\/"},"img":{"alt_text":"","src":"https:\/\/i0.wp.com\/zeromagazine.mx\/wp-content\/uploads\/2024\/10\/pexels-brunocervera-19253938-1-scaled.jpg?fit=1200%2C801&ssl=1&resize=350%2C200","width":350,"height":200,"srcset":"https:\/\/i0.wp.com\/zeromagazine.mx\/wp-content\/uploads\/2024\/10\/pexels-brunocervera-19253938-1-scaled.jpg?fit=1200%2C801&ssl=1&resize=350%2C200 1x, https:\/\/i0.wp.com\/zeromagazine.mx\/wp-content\/uploads\/2024\/10\/pexels-brunocervera-19253938-1-scaled.jpg?fit=1200%2C801&ssl=1&resize=525%2C300 1.5x, https:\/\/i0.wp.com\/zeromagazine.mx\/wp-content\/uploads\/2024\/10\/pexels-brunocervera-19253938-1-scaled.jpg?fit=1200%2C801&ssl=1&resize=700%2C400 2x, https:\/\/i0.wp.com\/zeromagazine.mx\/wp-content\/uploads\/2024\/10\/pexels-brunocervera-19253938-1-scaled.jpg?fit=1200%2C801&ssl=1&resize=1050%2C600 3x"},"classes":[]}],"jetpack_sharing_enabled":true,"builder_content":"","_links":{"self":[{"href":"https:\/\/zeromagazine.mx\/index.php\/wp-json\/wp\/v2\/posts\/108722","targetHints":{"allow":["GET"]}}],"collection":[{"href":"https:\/\/zeromagazine.mx\/index.php\/wp-json\/wp\/v2\/posts"}],"about":[{"href":"https:\/\/zeromagazine.mx\/index.php\/wp-json\/wp\/v2\/types\/post"}],"author":[{"embeddable":true,"href":"https:\/\/zeromagazine.mx\/index.php\/wp-json\/wp\/v2\/users\/4"}],"replies":[{"embeddable":true,"href":"https:\/\/zeromagazine.mx\/index.php\/wp-json\/wp\/v2\/comments?post=108722"}],"version-history":[{"count":1,"href":"https:\/\/zeromagazine.mx\/index.php\/wp-json\/wp\/v2\/posts\/108722\/revisions"}],"predecessor-version":[{"id":108726,"href":"https:\/\/zeromagazine.mx\/index.php\/wp-json\/wp\/v2\/posts\/108722\/revisions\/108726"}],"wp:featuredmedia":[{"embeddable":true,"href":"https:\/\/zeromagazine.mx\/index.php\/wp-json\/wp\/v2\/media\/108723"}],"wp:attachment":[{"href":"https:\/\/zeromagazine.mx\/index.php\/wp-json\/wp\/v2\/media?parent=108722"}],"wp:term":[{"taxonomy":"category","embeddable":true,"href":"https:\/\/zeromagazine.mx\/index.php\/wp-json\/wp\/v2\/categories?post=108722"},{"taxonomy":"post_tag","embeddable":true,"href":"https:\/\/zeromagazine.mx\/index.php\/wp-json\/wp\/v2\/tags?post=108722"}],"curies":[{"name":"wp","href":"https:\/\/api.w.org\/{rel}","templated":true}]}}