{"id":108750,"date":"2025-09-22T11:34:23","date_gmt":"2025-09-22T17:34:23","guid":{"rendered":"https:\/\/zeromagazine.mx\/?p=108750"},"modified":"2025-09-22T11:34:25","modified_gmt":"2025-09-22T17:34:25","slug":"la-prendedera-sunamy-lalo-ebratt","status":"publish","type":"post","link":"https:\/\/zeromagazine.mx\/index.php\/2025\/09\/22\/la-prendedera-sunamy-lalo-ebratt\/","title":{"rendered":"La Prendedera: el himno fiestero de Sunamy y Lalo Ebratt"},"content":{"rendered":"<p class=\"p1\">Hay canciones que llegan directo al coraz\u00f3n y otras que simplemente te hacen mover el cuerpo sin parar. \u201cLa Prendedera\u201d, el nuevo sencillo de Sunamy junto a Lalo Ebratt, logra las dos cosas al mismo tiempo. Es fresca, vibrante y con esa energ\u00eda que convierte cualquier reuni\u00f3n en fiesta. Este 10 de septiembre aterriza en todas las plataformas digitales lista para colarse en tus playlists favoritas.<\/p>\n\n\n\n<figure class=\"wp-block-image size-large\"><img data-recalc-dims=\"1\" decoding=\"async\" width=\"682\" height=\"1024\" src=\"https:\/\/i0.wp.com\/zeromagazine.mx\/wp-content\/uploads\/2025\/09\/6a354463-f6f4-4aca-8bd0-748807cbd1fa-682x1024.jpg?resize=682%2C1024&#038;ssl=1\" class=\"wp-image-108747\" srcset=\"https:\/\/i0.wp.com\/zeromagazine.mx\/wp-content\/uploads\/2025\/09\/6a354463-f6f4-4aca-8bd0-748807cbd1fa.jpg?resize=682%2C1024&amp;ssl=1 682w, https:\/\/i0.wp.com\/zeromagazine.mx\/wp-content\/uploads\/2025\/09\/6a354463-f6f4-4aca-8bd0-748807cbd1fa.jpg?resize=200%2C300&amp;ssl=1 200w, https:\/\/i0.wp.com\/zeromagazine.mx\/wp-content\/uploads\/2025\/09\/6a354463-f6f4-4aca-8bd0-748807cbd1fa.jpg?resize=768%2C1153&amp;ssl=1 768w, https:\/\/i0.wp.com\/zeromagazine.mx\/wp-content\/uploads\/2025\/09\/6a354463-f6f4-4aca-8bd0-748807cbd1fa.jpg?resize=1023%2C1536&amp;ssl=1 1023w, https:\/\/i0.wp.com\/zeromagazine.mx\/wp-content\/uploads\/2025\/09\/6a354463-f6f4-4aca-8bd0-748807cbd1fa.jpg?w=1066&amp;ssl=1 1066w\" sizes=\"(max-width: 682px) 100vw, 682px\" \/><\/figure>\n\n\n\n<p class=\"p1\">La historia de \u201cLa Prendedera\u201d tiene un vibe especial: naci\u00f3 en julio de 2021, en pleno encierro pand\u00e9mico, durante un campamento creativo en Guatap\u00e9, Antioquia. Entre monta\u00f1as y lagos, un grupo selecto de compositores y productores se junt\u00f3 con un solo plan: hacer m\u00fasica. Fue ah\u00ed donde Sunamy y Lalo encontraron la chispa que dio vida a este tema, el primero en salir de esa semana intensa y el que hoy prende la mecha de este lanzamiento.<\/p>\n\n\n\n<h2 class=\"wp-block-heading\">Flow colombiano con sabor global<\/h2>\n\n\n\n<p class=\"p1\">\u201cLa Prendedera\u201d no es solo un track m\u00e1s; es el reflejo de la esencia de dos artistas que saben lo que significa crear comunidad con su m\u00fasica. Lalo Ebratt aporta ese flow juguet\u00f3n y divertido que lo caracteriza, mientras Sunamy le mete toda su creatividad en la producci\u00f3n: sonidos innovadores, frescura y un beat que no suelta. El resultado: un himno fiestero que promete convertirse en el soundtrack oficial de esos parches con amigos que terminan en an\u00e9cdotas \u00e9picas.<\/p>\n\n\n\n<p class=\"p1\">La canci\u00f3n es parte del proyecto de Cincodoce Music, el sello que respalda la carrera de Sunamy y que lo est\u00e1 proyectando como una de las propuestas m\u00e1s prometedoras de la nueva escena latina.<\/p>\n\n\n\n<figure class=\"wp-block-image size-large\"><img data-recalc-dims=\"1\" decoding=\"async\" width=\"682\" height=\"1024\" src=\"https:\/\/i0.wp.com\/zeromagazine.mx\/wp-content\/uploads\/2025\/09\/d73cf691-379d-41c6-94fe-fe01d41abe40-682x1024.jpg?resize=682%2C1024&#038;ssl=1\" class=\"wp-image-108748\" srcset=\"https:\/\/i0.wp.com\/zeromagazine.mx\/wp-content\/uploads\/2025\/09\/d73cf691-379d-41c6-94fe-fe01d41abe40.jpg?resize=682%2C1024&amp;ssl=1 682w, https:\/\/i0.wp.com\/zeromagazine.mx\/wp-content\/uploads\/2025\/09\/d73cf691-379d-41c6-94fe-fe01d41abe40.jpg?resize=200%2C300&amp;ssl=1 200w, https:\/\/i0.wp.com\/zeromagazine.mx\/wp-content\/uploads\/2025\/09\/d73cf691-379d-41c6-94fe-fe01d41abe40.jpg?resize=768%2C1153&amp;ssl=1 768w, https:\/\/i0.wp.com\/zeromagazine.mx\/wp-content\/uploads\/2025\/09\/d73cf691-379d-41c6-94fe-fe01d41abe40.jpg?resize=1023%2C1536&amp;ssl=1 1023w, https:\/\/i0.wp.com\/zeromagazine.mx\/wp-content\/uploads\/2025\/09\/d73cf691-379d-41c6-94fe-fe01d41abe40.jpg?w=1066&amp;ssl=1 1066w\" sizes=\"(max-width: 682px) 100vw, 682px\" \/><\/figure>\n\n\n\n<h2 class=\"wp-block-heading\">La prendedera ya empez\u00f3<\/h2>\n\n\n\n<p class=\"p1\">El nombre lo dice todo: es una canci\u00f3n hecha para prender el mood, para corear con tus amix y para recordarnos que la m\u00fasica tiene esa magia de convertir cualquier momento en un recuerdo colectivo. As\u00ed que s\u00ed: el FOMO es real si no la agregas a tu playlist desde el d\u00eda uno.<\/p>\n\n\n\n<p class=\"p1\">\u201cLa Prendedera\u201d estar\u00e1 disponible desde el 10 de septiembre en todas las plataformas digitales.<\/p>\n\n\n\n<p class=\"p1\">\ud83d\udcf2 S\u00edguela de cerca en <a href=\"https:\/\/www.instagram.com\/mrsunamy?igsh=MW1ncXBubGs5OHpqYQ==\">Instagram<\/a>, Spotify y TikTok para no perderte nada de lo que viene.<\/p>\n\n\n\n<p><\/p>\n <!--themify_builder_content-->\n<div id=\"themify_builder_content-108750\" data-postid=\"108750\" class=\"themify_builder_content themify_builder_content-108750 themify_builder tf_clear\">\n    <\/div>\n<!--\/themify_builder_content-->","protected":false},"excerpt":{"rendered":"<p>Hay canciones que llegan directo al coraz\u00f3n y otras que simplemente te hacen mover el cuerpo sin parar. \u201cLa Prendedera\u201d, el nuevo sencillo de Sunamy junto a Lalo Ebratt, logra las dos cosas al mismo tiempo. Es fresca, vibrante y con esa energ\u00eda que convierte cualquier reuni\u00f3n en fiesta. Este 10 de septiembre aterriza en [&hellip;]<\/p>\n","protected":false},"author":4,"featured_media":108749,"comment_status":"open","ping_status":"open","sticky":false,"template":"","format":"standard","meta":{"_jetpack_memberships_contains_paid_content":false,"footnotes":"","jetpack_publicize_message":"","jetpack_publicize_feature_enabled":true,"jetpack_social_post_already_shared":true,"jetpack_social_options":{"image_generator_settings":{"template":"highway","default_image_id":0,"font":"","enabled":false},"version":2}},"categories":[117],"tags":[],"class_list":["post-108750","post","type-post","status-publish","format-standard","has-post-thumbnail","hentry","category-entretenimiento","has-post-title","has-post-date","has-post-category","has-post-tag","has-post-comment","has-post-author",""],"yoast_head":"<!-- This site is optimized with the Yoast SEO plugin v27.5 - https:\/\/yoast.com\/product\/yoast-seo-wordpress\/ -->\n<title>La Prendedera: el himno fiestero de Sunamy y Lalo Ebratt - Zero Magazine<\/title>\n<meta name=\"description\" content=\"La Prendedera de Sunamy y Lalo Ebratt llega este 10 de septiembre como el himno fiestero que promete prender todas tus reuniones.\" \/>\n<meta name=\"robots\" content=\"index, follow, max-snippet:-1, max-image-preview:large, max-video-preview:-1\" \/>\n<link rel=\"canonical\" href=\"https:\/\/zeromagazine.mx\/index.php\/2025\/09\/22\/la-prendedera-sunamy-lalo-ebratt\/\" \/>\n<meta property=\"og:locale\" content=\"es_ES\" \/>\n<meta property=\"og:type\" content=\"article\" \/>\n<meta property=\"og:title\" content=\"La Prendedera: el himno fiestero de Sunamy y Lalo Ebratt - Zero Magazine\" \/>\n<meta property=\"og:description\" content=\"La Prendedera de Sunamy y Lalo Ebratt llega este 10 de septiembre como el himno fiestero que promete prender todas tus reuniones.\" \/>\n<meta property=\"og:url\" content=\"https:\/\/zeromagazine.mx\/index.php\/2025\/09\/22\/la-prendedera-sunamy-lalo-ebratt\/\" \/>\n<meta property=\"og:site_name\" content=\"Zero Magazine\" \/>\n<meta property=\"article:published_time\" content=\"2025-09-22T17:34:23+00:00\" \/>\n<meta property=\"article:modified_time\" content=\"2025-09-22T17:34:25+00:00\" \/>\n<meta property=\"og:image\" content=\"http:\/\/zeromagazine.mx\/wp-content\/uploads\/2025\/09\/d73cf691-379d-41c6-94fe-fe01d41abe40-1.jpg\" \/>\n\t<meta property=\"og:image:width\" content=\"1066\" \/>\n\t<meta property=\"og:image:height\" content=\"1600\" \/>\n\t<meta property=\"og:image:type\" content=\"image\/jpeg\" \/>\n<meta name=\"author\" content=\"David Morales\" \/>\n<meta name=\"twitter:card\" content=\"summary_large_image\" \/>\n<meta name=\"twitter:label1\" content=\"Escrito por\" \/>\n\t<meta name=\"twitter:data1\" content=\"David Morales\" \/>\n\t<meta name=\"twitter:label2\" content=\"Tiempo de lectura\" \/>\n\t<meta name=\"twitter:data2\" content=\"3 minutos\" \/>\n<script type=\"application\/ld+json\" class=\"yoast-schema-graph\">{\"@context\":\"https:\\\/\\\/schema.org\",\"@graph\":[{\"@type\":\"Article\",\"@id\":\"https:\\\/\\\/zeromagazine.mx\\\/index.php\\\/2025\\\/09\\\/22\\\/la-prendedera-sunamy-lalo-ebratt\\\/#article\",\"isPartOf\":{\"@id\":\"https:\\\/\\\/zeromagazine.mx\\\/index.php\\\/2025\\\/09\\\/22\\\/la-prendedera-sunamy-lalo-ebratt\\\/\"},\"author\":{\"name\":\"David Morales\",\"@id\":\"https:\\\/\\\/zeromagazine.mx\\\/#\\\/schema\\\/person\\\/9f7f1a17c60ba8e9980e3e6677aabe5a\"},\"headline\":\"La Prendedera: el himno fiestero de Sunamy y Lalo Ebratt\",\"datePublished\":\"2025-09-22T17:34:23+00:00\",\"dateModified\":\"2025-09-22T17:34:25+00:00\",\"mainEntityOfPage\":{\"@id\":\"https:\\\/\\\/zeromagazine.mx\\\/index.php\\\/2025\\\/09\\\/22\\\/la-prendedera-sunamy-lalo-ebratt\\\/\"},\"wordCount\":372,\"commentCount\":0,\"publisher\":{\"@id\":\"https:\\\/\\\/zeromagazine.mx\\\/#organization\"},\"image\":{\"@id\":\"https:\\\/\\\/zeromagazine.mx\\\/index.php\\\/2025\\\/09\\\/22\\\/la-prendedera-sunamy-lalo-ebratt\\\/#primaryimage\"},\"thumbnailUrl\":\"https:\\\/\\\/i0.wp.com\\\/zeromagazine.mx\\\/wp-content\\\/uploads\\\/2025\\\/09\\\/d73cf691-379d-41c6-94fe-fe01d41abe40-1.jpg?fit=1066%2C1600&ssl=1\",\"articleSection\":[\"Entretenimiento\"],\"inLanguage\":\"es\",\"potentialAction\":[{\"@type\":\"CommentAction\",\"name\":\"Comment\",\"target\":[\"https:\\\/\\\/zeromagazine.mx\\\/index.php\\\/2025\\\/09\\\/22\\\/la-prendedera-sunamy-lalo-ebratt\\\/#respond\"]}]},{\"@type\":\"WebPage\",\"@id\":\"https:\\\/\\\/zeromagazine.mx\\\/index.php\\\/2025\\\/09\\\/22\\\/la-prendedera-sunamy-lalo-ebratt\\\/\",\"url\":\"https:\\\/\\\/zeromagazine.mx\\\/index.php\\\/2025\\\/09\\\/22\\\/la-prendedera-sunamy-lalo-ebratt\\\/\",\"name\":\"La Prendedera: el himno fiestero de Sunamy y Lalo Ebratt - Zero Magazine\",\"isPartOf\":{\"@id\":\"https:\\\/\\\/zeromagazine.mx\\\/#website\"},\"primaryImageOfPage\":{\"@id\":\"https:\\\/\\\/zeromagazine.mx\\\/index.php\\\/2025\\\/09\\\/22\\\/la-prendedera-sunamy-lalo-ebratt\\\/#primaryimage\"},\"image\":{\"@id\":\"https:\\\/\\\/zeromagazine.mx\\\/index.php\\\/2025\\\/09\\\/22\\\/la-prendedera-sunamy-lalo-ebratt\\\/#primaryimage\"},\"thumbnailUrl\":\"https:\\\/\\\/i0.wp.com\\\/zeromagazine.mx\\\/wp-content\\\/uploads\\\/2025\\\/09\\\/d73cf691-379d-41c6-94fe-fe01d41abe40-1.jpg?fit=1066%2C1600&ssl=1\",\"datePublished\":\"2025-09-22T17:34:23+00:00\",\"dateModified\":\"2025-09-22T17:34:25+00:00\",\"description\":\"La Prendedera de Sunamy y Lalo Ebratt llega este 10 de septiembre como el himno fiestero que promete prender todas tus reuniones.\",\"breadcrumb\":{\"@id\":\"https:\\\/\\\/zeromagazine.mx\\\/index.php\\\/2025\\\/09\\\/22\\\/la-prendedera-sunamy-lalo-ebratt\\\/#breadcrumb\"},\"inLanguage\":\"es\",\"potentialAction\":[{\"@type\":\"ReadAction\",\"target\":[\"https:\\\/\\\/zeromagazine.mx\\\/index.php\\\/2025\\\/09\\\/22\\\/la-prendedera-sunamy-lalo-ebratt\\\/\"]}]},{\"@type\":\"ImageObject\",\"inLanguage\":\"es\",\"@id\":\"https:\\\/\\\/zeromagazine.mx\\\/index.php\\\/2025\\\/09\\\/22\\\/la-prendedera-sunamy-lalo-ebratt\\\/#primaryimage\",\"url\":\"https:\\\/\\\/i0.wp.com\\\/zeromagazine.mx\\\/wp-content\\\/uploads\\\/2025\\\/09\\\/d73cf691-379d-41c6-94fe-fe01d41abe40-1.jpg?fit=1066%2C1600&ssl=1\",\"contentUrl\":\"https:\\\/\\\/i0.wp.com\\\/zeromagazine.mx\\\/wp-content\\\/uploads\\\/2025\\\/09\\\/d73cf691-379d-41c6-94fe-fe01d41abe40-1.jpg?fit=1066%2C1600&ssl=1\",\"width\":1066,\"height\":1600},{\"@type\":\"BreadcrumbList\",\"@id\":\"https:\\\/\\\/zeromagazine.mx\\\/index.php\\\/2025\\\/09\\\/22\\\/la-prendedera-sunamy-lalo-ebratt\\\/#breadcrumb\",\"itemListElement\":[{\"@type\":\"ListItem\",\"position\":1,\"name\":\"Portada\",\"item\":\"https:\\\/\\\/zeromagazine.mx\\\/\"},{\"@type\":\"ListItem\",\"position\":2,\"name\":\"La Prendedera: el himno fiestero de Sunamy y Lalo Ebratt\"}]},{\"@type\":\"WebSite\",\"@id\":\"https:\\\/\\\/zeromagazine.mx\\\/#website\",\"url\":\"https:\\\/\\\/zeromagazine.mx\\\/\",\"name\":\"Zero Magazine\",\"description\":\"\",\"publisher\":{\"@id\":\"https:\\\/\\\/zeromagazine.mx\\\/#organization\"},\"potentialAction\":[{\"@type\":\"SearchAction\",\"target\":{\"@type\":\"EntryPoint\",\"urlTemplate\":\"https:\\\/\\\/zeromagazine.mx\\\/?s={search_term_string}\"},\"query-input\":{\"@type\":\"PropertyValueSpecification\",\"valueRequired\":true,\"valueName\":\"search_term_string\"}}],\"inLanguage\":\"es\"},{\"@type\":\"Organization\",\"@id\":\"https:\\\/\\\/zeromagazine.mx\\\/#organization\",\"name\":\"Zero Magazine\",\"url\":\"https:\\\/\\\/zeromagazine.mx\\\/\",\"logo\":{\"@type\":\"ImageObject\",\"inLanguage\":\"es\",\"@id\":\"https:\\\/\\\/zeromagazine.mx\\\/#\\\/schema\\\/logo\\\/image\\\/\",\"url\":\"https:\\\/\\\/i0.wp.com\\\/zeromagazine.mx\\\/wp-content\\\/uploads\\\/2025\\\/11\\\/1.jpeg?fit=1000%2C1000&ssl=1\",\"contentUrl\":\"https:\\\/\\\/i0.wp.com\\\/zeromagazine.mx\\\/wp-content\\\/uploads\\\/2025\\\/11\\\/1.jpeg?fit=1000%2C1000&ssl=1\",\"width\":1000,\"height\":1000,\"caption\":\"Zero Magazine\"},\"image\":{\"@id\":\"https:\\\/\\\/zeromagazine.mx\\\/#\\\/schema\\\/logo\\\/image\\\/\"},\"sameAs\":[\"https:\\\/\\\/instagram.com\\\/zeromagazinemx\"]},{\"@type\":\"Person\",\"@id\":\"https:\\\/\\\/zeromagazine.mx\\\/#\\\/schema\\\/person\\\/9f7f1a17c60ba8e9980e3e6677aabe5a\",\"name\":\"David Morales\",\"image\":{\"@type\":\"ImageObject\",\"inLanguage\":\"es\",\"@id\":\"https:\\\/\\\/zeromagazine.mx\\\/wp-content\\\/litespeed\\\/avatar\\\/76069d2136bfc1c37dc34815bb67ca42.jpg?ver=1777571067\",\"url\":\"https:\\\/\\\/zeromagazine.mx\\\/wp-content\\\/litespeed\\\/avatar\\\/76069d2136bfc1c37dc34815bb67ca42.jpg?ver=1777571067\",\"contentUrl\":\"https:\\\/\\\/zeromagazine.mx\\\/wp-content\\\/litespeed\\\/avatar\\\/76069d2136bfc1c37dc34815bb67ca42.jpg?ver=1777571067\",\"caption\":\"David Morales\"},\"url\":\"https:\\\/\\\/zeromagazine.mx\\\/index.php\\\/author\\\/david\\\/\"}]}<\/script>\n<!-- \/ Yoast SEO plugin. -->","yoast_head_json":{"title":"La Prendedera: el himno fiestero de Sunamy y Lalo Ebratt - Zero Magazine","description":"La Prendedera de Sunamy y Lalo Ebratt llega este 10 de septiembre como el himno fiestero que promete prender todas tus reuniones.","robots":{"index":"index","follow":"follow","max-snippet":"max-snippet:-1","max-image-preview":"max-image-preview:large","max-video-preview":"max-video-preview:-1"},"canonical":"https:\/\/zeromagazine.mx\/index.php\/2025\/09\/22\/la-prendedera-sunamy-lalo-ebratt\/","og_locale":"es_ES","og_type":"article","og_title":"La Prendedera: el himno fiestero de Sunamy y Lalo Ebratt - Zero Magazine","og_description":"La Prendedera de Sunamy y Lalo Ebratt llega este 10 de septiembre como el himno fiestero que promete prender todas tus reuniones.","og_url":"https:\/\/zeromagazine.mx\/index.php\/2025\/09\/22\/la-prendedera-sunamy-lalo-ebratt\/","og_site_name":"Zero Magazine","article_published_time":"2025-09-22T17:34:23+00:00","article_modified_time":"2025-09-22T17:34:25+00:00","og_image":[{"width":1066,"height":1600,"url":"http:\/\/zeromagazine.mx\/wp-content\/uploads\/2025\/09\/d73cf691-379d-41c6-94fe-fe01d41abe40-1.jpg","type":"image\/jpeg"}],"author":"David Morales","twitter_card":"summary_large_image","twitter_misc":{"Escrito por":"David Morales","Tiempo de lectura":"3 minutos"},"schema":{"@context":"https:\/\/schema.org","@graph":[{"@type":"Article","@id":"https:\/\/zeromagazine.mx\/index.php\/2025\/09\/22\/la-prendedera-sunamy-lalo-ebratt\/#article","isPartOf":{"@id":"https:\/\/zeromagazine.mx\/index.php\/2025\/09\/22\/la-prendedera-sunamy-lalo-ebratt\/"},"author":{"name":"David Morales","@id":"https:\/\/zeromagazine.mx\/#\/schema\/person\/9f7f1a17c60ba8e9980e3e6677aabe5a"},"headline":"La Prendedera: el himno fiestero de Sunamy y Lalo Ebratt","datePublished":"2025-09-22T17:34:23+00:00","dateModified":"2025-09-22T17:34:25+00:00","mainEntityOfPage":{"@id":"https:\/\/zeromagazine.mx\/index.php\/2025\/09\/22\/la-prendedera-sunamy-lalo-ebratt\/"},"wordCount":372,"commentCount":0,"publisher":{"@id":"https:\/\/zeromagazine.mx\/#organization"},"image":{"@id":"https:\/\/zeromagazine.mx\/index.php\/2025\/09\/22\/la-prendedera-sunamy-lalo-ebratt\/#primaryimage"},"thumbnailUrl":"https:\/\/i0.wp.com\/zeromagazine.mx\/wp-content\/uploads\/2025\/09\/d73cf691-379d-41c6-94fe-fe01d41abe40-1.jpg?fit=1066%2C1600&ssl=1","articleSection":["Entretenimiento"],"inLanguage":"es","potentialAction":[{"@type":"CommentAction","name":"Comment","target":["https:\/\/zeromagazine.mx\/index.php\/2025\/09\/22\/la-prendedera-sunamy-lalo-ebratt\/#respond"]}]},{"@type":"WebPage","@id":"https:\/\/zeromagazine.mx\/index.php\/2025\/09\/22\/la-prendedera-sunamy-lalo-ebratt\/","url":"https:\/\/zeromagazine.mx\/index.php\/2025\/09\/22\/la-prendedera-sunamy-lalo-ebratt\/","name":"La Prendedera: el himno fiestero de Sunamy y Lalo Ebratt - Zero Magazine","isPartOf":{"@id":"https:\/\/zeromagazine.mx\/#website"},"primaryImageOfPage":{"@id":"https:\/\/zeromagazine.mx\/index.php\/2025\/09\/22\/la-prendedera-sunamy-lalo-ebratt\/#primaryimage"},"image":{"@id":"https:\/\/zeromagazine.mx\/index.php\/2025\/09\/22\/la-prendedera-sunamy-lalo-ebratt\/#primaryimage"},"thumbnailUrl":"https:\/\/i0.wp.com\/zeromagazine.mx\/wp-content\/uploads\/2025\/09\/d73cf691-379d-41c6-94fe-fe01d41abe40-1.jpg?fit=1066%2C1600&ssl=1","datePublished":"2025-09-22T17:34:23+00:00","dateModified":"2025-09-22T17:34:25+00:00","description":"La Prendedera de Sunamy y Lalo Ebratt llega este 10 de septiembre como el himno fiestero que promete prender todas tus reuniones.","breadcrumb":{"@id":"https:\/\/zeromagazine.mx\/index.php\/2025\/09\/22\/la-prendedera-sunamy-lalo-ebratt\/#breadcrumb"},"inLanguage":"es","potentialAction":[{"@type":"ReadAction","target":["https:\/\/zeromagazine.mx\/index.php\/2025\/09\/22\/la-prendedera-sunamy-lalo-ebratt\/"]}]},{"@type":"ImageObject","inLanguage":"es","@id":"https:\/\/zeromagazine.mx\/index.php\/2025\/09\/22\/la-prendedera-sunamy-lalo-ebratt\/#primaryimage","url":"https:\/\/i0.wp.com\/zeromagazine.mx\/wp-content\/uploads\/2025\/09\/d73cf691-379d-41c6-94fe-fe01d41abe40-1.jpg?fit=1066%2C1600&ssl=1","contentUrl":"https:\/\/i0.wp.com\/zeromagazine.mx\/wp-content\/uploads\/2025\/09\/d73cf691-379d-41c6-94fe-fe01d41abe40-1.jpg?fit=1066%2C1600&ssl=1","width":1066,"height":1600},{"@type":"BreadcrumbList","@id":"https:\/\/zeromagazine.mx\/index.php\/2025\/09\/22\/la-prendedera-sunamy-lalo-ebratt\/#breadcrumb","itemListElement":[{"@type":"ListItem","position":1,"name":"Portada","item":"https:\/\/zeromagazine.mx\/"},{"@type":"ListItem","position":2,"name":"La Prendedera: el himno fiestero de Sunamy y Lalo Ebratt"}]},{"@type":"WebSite","@id":"https:\/\/zeromagazine.mx\/#website","url":"https:\/\/zeromagazine.mx\/","name":"Zero Magazine","description":"","publisher":{"@id":"https:\/\/zeromagazine.mx\/#organization"},"potentialAction":[{"@type":"SearchAction","target":{"@type":"EntryPoint","urlTemplate":"https:\/\/zeromagazine.mx\/?s={search_term_string}"},"query-input":{"@type":"PropertyValueSpecification","valueRequired":true,"valueName":"search_term_string"}}],"inLanguage":"es"},{"@type":"Organization","@id":"https:\/\/zeromagazine.mx\/#organization","name":"Zero Magazine","url":"https:\/\/zeromagazine.mx\/","logo":{"@type":"ImageObject","inLanguage":"es","@id":"https:\/\/zeromagazine.mx\/#\/schema\/logo\/image\/","url":"https:\/\/i0.wp.com\/zeromagazine.mx\/wp-content\/uploads\/2025\/11\/1.jpeg?fit=1000%2C1000&ssl=1","contentUrl":"https:\/\/i0.wp.com\/zeromagazine.mx\/wp-content\/uploads\/2025\/11\/1.jpeg?fit=1000%2C1000&ssl=1","width":1000,"height":1000,"caption":"Zero Magazine"},"image":{"@id":"https:\/\/zeromagazine.mx\/#\/schema\/logo\/image\/"},"sameAs":["https:\/\/instagram.com\/zeromagazinemx"]},{"@type":"Person","@id":"https:\/\/zeromagazine.mx\/#\/schema\/person\/9f7f1a17c60ba8e9980e3e6677aabe5a","name":"David Morales","image":{"@type":"ImageObject","inLanguage":"es","@id":"https:\/\/zeromagazine.mx\/wp-content\/litespeed\/avatar\/76069d2136bfc1c37dc34815bb67ca42.jpg?ver=1777571067","url":"https:\/\/zeromagazine.mx\/wp-content\/litespeed\/avatar\/76069d2136bfc1c37dc34815bb67ca42.jpg?ver=1777571067","contentUrl":"https:\/\/zeromagazine.mx\/wp-content\/litespeed\/avatar\/76069d2136bfc1c37dc34815bb67ca42.jpg?ver=1777571067","caption":"David Morales"},"url":"https:\/\/zeromagazine.mx\/index.php\/author\/david\/"}]}},"jetpack_publicize_connections":[],"jetpack_featured_media_url":"https:\/\/i0.wp.com\/zeromagazine.mx\/wp-content\/uploads\/2025\/09\/d73cf691-379d-41c6-94fe-fe01d41abe40-1.jpg?fit=1066%2C1600&ssl=1","jetpack-related-posts":[{"id":114738,"url":"https:\/\/zeromagazine.mx\/index.php\/2026\/02\/04\/lala-100-starbucks-proteina-cafe\/","url_meta":{"origin":108750,"position":0},"title":"Lala 100 x Starbucks","author":"David Morales","date":"4 de febrero de 2026","format":false,"excerpt":"Si el caf\u00e9 es parte sagrada de tu rutina diaria \u2014ese momento en el que el mundo todav\u00eda no termina de arrancar pero t\u00fa ya necesitas funcionar\u2014, esta noticia te va a gustar. A partir de hoy, Lala 100 ya forma parte del men\u00fa de Starbucks en todo M\u00e9xico, y\u2026","rel":"","context":"En \u00abFoodie\u00bb","block_context":{"text":"Foodie","link":"https:\/\/zeromagazine.mx\/index.php\/category\/lifestyle\/foodie\/"},"img":{"alt_text":"","src":"https:\/\/i0.wp.com\/zeromagazine.mx\/wp-content\/uploads\/2026\/02\/img_8369.jpg?fit=676%2C1200&ssl=1&resize=350%2C200","width":350,"height":200,"srcset":"https:\/\/i0.wp.com\/zeromagazine.mx\/wp-content\/uploads\/2026\/02\/img_8369.jpg?fit=676%2C1200&ssl=1&resize=350%2C200 1x, https:\/\/i0.wp.com\/zeromagazine.mx\/wp-content\/uploads\/2026\/02\/img_8369.jpg?fit=676%2C1200&ssl=1&resize=525%2C300 1.5x"},"classes":[]},{"id":77250,"url":"https:\/\/zeromagazine.mx\/index.php\/2024\/06\/05\/cat-footwear-sigue-los-pasos-de-papa-fortaleciendo-vinculos-con-sus-hijos\/","url_meta":{"origin":108750,"position":1},"title":"Cat Footwear Sigue los Pasos de Pap\u00e1: Fortaleciendo V\u00ednculos con Sus Hijos","author":"David Morales","date":"5 de junio de 2024","format":false,"excerpt":"\u00bfYa se dieron cuenta de que se acerca el D\u00eda del Padre? S\u00ed, ese d\u00eda en el que celebramos a esos incre\u00edbles h\u00e9roes que nos han apoyado en cada paso de nuestras vidas. Y este a\u00f1o, en CAT, est\u00e1n organizando algo realmente especial para conmemorar esa conexi\u00f3n \u00fanica entre padres\u2026","rel":"","context":"En \u00abBlog\u00bb","block_context":{"text":"Blog","link":"https:\/\/zeromagazine.mx\/index.php\/category\/blog\/"},"img":{"alt_text":"","src":"https:\/\/i0.wp.com\/zeromagazine.mx\/wp-content\/uploads\/2024\/06\/unnamed-9.png?fit=623%2C680&ssl=1&resize=350%2C200","width":350,"height":200,"srcset":"https:\/\/i0.wp.com\/zeromagazine.mx\/wp-content\/uploads\/2024\/06\/unnamed-9.png?fit=623%2C680&ssl=1&resize=350%2C200 1x, https:\/\/i0.wp.com\/zeromagazine.mx\/wp-content\/uploads\/2024\/06\/unnamed-9.png?fit=623%2C680&ssl=1&resize=525%2C300 1.5x"},"classes":[]},{"id":114879,"url":"https:\/\/zeromagazine.mx\/index.php\/2026\/02\/06\/lala-100-cafe-proteina\/","url_meta":{"origin":108750,"position":2},"title":"Tu caf\u00e9 de siempre: ahora con LALA 100\u00ae","author":"David Morales","date":"6 de febrero de 2026","format":false,"excerpt":"Si eres de lxs que no perdonan su caf\u00e9 de la ma\u00f1ana \u2014o de la tarde, o de la noche\u2014 prep\u00e1rate porque el ritual acaba de subir de nivel. La forma en la que tomamos nuestras bebidas favoritas est\u00e1 cambiando, y no solo por sabor, sino por todo lo que\u2026","rel":"","context":"En \u00abFoodie\u00bb","block_context":{"text":"Foodie","link":"https:\/\/zeromagazine.mx\/index.php\/category\/lifestyle\/foodie\/"},"img":{"alt_text":"","src":"https:\/\/i0.wp.com\/zeromagazine.mx\/wp-content\/uploads\/2026\/02\/IMG_1360.jpeg?fit=1120%2C651&ssl=1&resize=350%2C200","width":350,"height":200,"srcset":"https:\/\/i0.wp.com\/zeromagazine.mx\/wp-content\/uploads\/2026\/02\/IMG_1360.jpeg?fit=1120%2C651&ssl=1&resize=350%2C200 1x, https:\/\/i0.wp.com\/zeromagazine.mx\/wp-content\/uploads\/2026\/02\/IMG_1360.jpeg?fit=1120%2C651&ssl=1&resize=525%2C300 1.5x, https:\/\/i0.wp.com\/zeromagazine.mx\/wp-content\/uploads\/2026\/02\/IMG_1360.jpeg?fit=1120%2C651&ssl=1&resize=700%2C400 2x, https:\/\/i0.wp.com\/zeromagazine.mx\/wp-content\/uploads\/2026\/02\/IMG_1360.jpeg?fit=1120%2C651&ssl=1&resize=1050%2C600 3x"},"classes":[]},{"id":90418,"url":"https:\/\/zeromagazine.mx\/index.php\/2024\/11\/13\/lala-music-donde-nace-el-talento\/","url_meta":{"origin":108750,"position":3},"title":"LALA MUSIC: Donde Nace el Talento","author":"zeromagazinemx","date":"13 de noviembre de 2024","format":false,"excerpt":"Chicxs, si les late descubrir nueva m\u00fasica y apoyar el talento local, entonces tienen que marcar la fecha: del 7 al 9 de noviembre, porque LALA MUSIC regresa a La Laguna para su tercera edici\u00f3n, y promete ser una de esas experiencias que te van a cambiar la vida musical.\u2026","rel":"","context":"En \u00abEntretenimiento\u00bb","block_context":{"text":"Entretenimiento","link":"https:\/\/zeromagazine.mx\/index.php\/category\/entretenimiento\/"},"img":{"alt_text":"","src":"https:\/\/i0.wp.com\/zeromagazine.mx\/wp-content\/uploads\/2024\/11\/Z8A2920-1-scaled.jpg?fit=1200%2C800&ssl=1&resize=350%2C200","width":350,"height":200,"srcset":"https:\/\/i0.wp.com\/zeromagazine.mx\/wp-content\/uploads\/2024\/11\/Z8A2920-1-scaled.jpg?fit=1200%2C800&ssl=1&resize=350%2C200 1x, https:\/\/i0.wp.com\/zeromagazine.mx\/wp-content\/uploads\/2024\/11\/Z8A2920-1-scaled.jpg?fit=1200%2C800&ssl=1&resize=525%2C300 1.5x, https:\/\/i0.wp.com\/zeromagazine.mx\/wp-content\/uploads\/2024\/11\/Z8A2920-1-scaled.jpg?fit=1200%2C800&ssl=1&resize=700%2C400 2x, https:\/\/i0.wp.com\/zeromagazine.mx\/wp-content\/uploads\/2024\/11\/Z8A2920-1-scaled.jpg?fit=1200%2C800&ssl=1&resize=1050%2C600 3x"},"classes":[]},{"id":116538,"url":"https:\/\/zeromagazine.mx\/index.php\/2026\/03\/10\/lala-100-seleccion-mexicana-cuenta-regresiva\/","url_meta":{"origin":108750,"position":4},"title":"Faltan 100 d\u00edas para que la Selecci\u00f3n Mexicana inaugure la mayor fiesta del f\u00fatbol y Lala 100\u00ae ya est\u00e1 en la cancha","author":"David Morales","date":"10 de marzo de 2026","format":false,"excerpt":"El f\u00fatbol en M\u00e9xico ya empez\u00f3 a sentirse diferente. No es solo emoci\u00f3n previa a un torneo: es esa energ\u00eda colectiva que aparece cuando se acerca uno de los eventos deportivos m\u00e1s importantes del planeta. A\u00a0100 d\u00edas del gran inicio, la preparaci\u00f3n est\u00e1 en marcha y marcas clave del deporte\u2026","rel":"","context":"En \u00abEntretenimiento\u00bb","block_context":{"text":"Entretenimiento","link":"https:\/\/zeromagazine.mx\/index.php\/category\/entretenimiento\/"},"img":{"alt_text":"","src":"https:\/\/i0.wp.com\/zeromagazine.mx\/wp-content\/uploads\/2026\/03\/IMG_1683-1.jpeg?fit=824%2C283&ssl=1&resize=350%2C200","width":350,"height":200,"srcset":"https:\/\/i0.wp.com\/zeromagazine.mx\/wp-content\/uploads\/2026\/03\/IMG_1683-1.jpeg?fit=824%2C283&ssl=1&resize=350%2C200 1x, https:\/\/i0.wp.com\/zeromagazine.mx\/wp-content\/uploads\/2026\/03\/IMG_1683-1.jpeg?fit=824%2C283&ssl=1&resize=525%2C300 1.5x, https:\/\/i0.wp.com\/zeromagazine.mx\/wp-content\/uploads\/2026\/03\/IMG_1683-1.jpeg?fit=824%2C283&ssl=1&resize=700%2C400 2x"},"classes":[]},{"id":116921,"url":"https:\/\/zeromagazine.mx\/index.php\/2026\/03\/18\/super-mario-galaxy-brunch-lala-yomi\/","url_meta":{"origin":108750,"position":5},"title":"Super Mario Galaxy Brunch Magic","author":"zeromagazinemx","date":"18 de marzo de 2026","format":false,"excerpt":"La cultura pop acaba de subir de nivel y s\u00ed, incluye leche sabor chocolate. La reciente colaboraci\u00f3n entre Grupo Lala y el universo de Super Mario Galaxy no solo es un momento cute para fans, es una experiencia sensorial que mezcla nostalgia, est\u00e9tica y ese toque playful que tanto amamos.\u2026","rel":"","context":"En \u00abFoodie\u00bb","block_context":{"text":"Foodie","link":"https:\/\/zeromagazine.mx\/index.php\/category\/lifestyle\/foodie\/"},"img":{"alt_text":"","src":"https:\/\/i0.wp.com\/zeromagazine.mx\/wp-content\/uploads\/2026\/03\/WhatsApp-Image-2026-03-18-at-1.35.01-PM-scaled.jpeg?fit=1200%2C900&ssl=1&resize=350%2C200","width":350,"height":200,"srcset":"https:\/\/i0.wp.com\/zeromagazine.mx\/wp-content\/uploads\/2026\/03\/WhatsApp-Image-2026-03-18-at-1.35.01-PM-scaled.jpeg?fit=1200%2C900&ssl=1&resize=350%2C200 1x, https:\/\/i0.wp.com\/zeromagazine.mx\/wp-content\/uploads\/2026\/03\/WhatsApp-Image-2026-03-18-at-1.35.01-PM-scaled.jpeg?fit=1200%2C900&ssl=1&resize=525%2C300 1.5x, https:\/\/i0.wp.com\/zeromagazine.mx\/wp-content\/uploads\/2026\/03\/WhatsApp-Image-2026-03-18-at-1.35.01-PM-scaled.jpeg?fit=1200%2C900&ssl=1&resize=700%2C400 2x, https:\/\/i0.wp.com\/zeromagazine.mx\/wp-content\/uploads\/2026\/03\/WhatsApp-Image-2026-03-18-at-1.35.01-PM-scaled.jpeg?fit=1200%2C900&ssl=1&resize=1050%2C600 3x"},"classes":[]}],"jetpack_sharing_enabled":true,"builder_content":"","_links":{"self":[{"href":"https:\/\/zeromagazine.mx\/index.php\/wp-json\/wp\/v2\/posts\/108750","targetHints":{"allow":["GET"]}}],"collection":[{"href":"https:\/\/zeromagazine.mx\/index.php\/wp-json\/wp\/v2\/posts"}],"about":[{"href":"https:\/\/zeromagazine.mx\/index.php\/wp-json\/wp\/v2\/types\/post"}],"author":[{"embeddable":true,"href":"https:\/\/zeromagazine.mx\/index.php\/wp-json\/wp\/v2\/users\/4"}],"replies":[{"embeddable":true,"href":"https:\/\/zeromagazine.mx\/index.php\/wp-json\/wp\/v2\/comments?post=108750"}],"version-history":[{"count":3,"href":"https:\/\/zeromagazine.mx\/index.php\/wp-json\/wp\/v2\/posts\/108750\/revisions"}],"predecessor-version":[{"id":108753,"href":"https:\/\/zeromagazine.mx\/index.php\/wp-json\/wp\/v2\/posts\/108750\/revisions\/108753"}],"wp:featuredmedia":[{"embeddable":true,"href":"https:\/\/zeromagazine.mx\/index.php\/wp-json\/wp\/v2\/media\/108749"}],"wp:attachment":[{"href":"https:\/\/zeromagazine.mx\/index.php\/wp-json\/wp\/v2\/media?parent=108750"}],"wp:term":[{"taxonomy":"category","embeddable":true,"href":"https:\/\/zeromagazine.mx\/index.php\/wp-json\/wp\/v2\/categories?post=108750"},{"taxonomy":"post_tag","embeddable":true,"href":"https:\/\/zeromagazine.mx\/index.php\/wp-json\/wp\/v2\/tags?post=108750"}],"curies":[{"name":"wp","href":"https:\/\/api.w.org\/{rel}","templated":true}]}}