{"id":108880,"date":"2025-09-23T23:34:51","date_gmt":"2025-09-24T05:34:51","guid":{"rendered":"https:\/\/zeromagazine.mx\/?p=108880"},"modified":"2025-09-23T23:34:53","modified_gmt":"2025-09-24T05:34:53","slug":"coppel-x-jlo-celebran-10-anos","status":"publish","type":"post","link":"https:\/\/zeromagazine.mx\/index.php\/2025\/09\/23\/coppel-x-jlo-celebran-10-anos\/","title":{"rendered":"Coppel x JLO celebran 10 a\u00f1os de moda"},"content":{"rendered":"<!--themify_builder_content-->\n<div id=\"themify_builder_content-108880\" data-postid=\"108880\" class=\"themify_builder_content themify_builder_content-108880 themify_builder tf_clear\">\n    <\/div>\n<!--\/themify_builder_content-->\n\n\n<p>Diez a\u00f1os, m\u00e1s de 40 millones de prendas vendidas y una comunidad de mujeres que encuentran en la moda un espacio para expresarse. Eso es lo que significa la uni\u00f3n&nbsp;<strong>Coppel x JLO<\/strong>. Desde 2015, esta colaboraci\u00f3n no solo ha democratizado el estilo, tambi\u00e9n ha creado un puente entre lo aspiracional y lo accesible.<\/p>\n\n\n\n<p>Con m\u00e1s de 1,800 tiendas en todo M\u00e9xico, Coppel se convirti\u00f3 en el escenario perfecto para que Jennifer L\u00f3pez presentara una propuesta de moda que inspira, conecta y empodera. Zapatos, ropa, lencer\u00eda, maletas y joyer\u00eda forman parte de un universo que ha redefinido c\u00f3mo las mexicanas viven la moda.<\/p>\n\n\n\n<h2 class=\"wp-block-heading\">Coppel x JLO: moda accesible con impacto real<\/h2>\n\n\n\n<p>Entonces, \u00bfpor qu\u00e9 esta alianza es tan poderosa? Porque combina la presencia cultural de JLO como \u00edcono global con la capacidad de Coppel para acercar moda a millones de personas. El resultado habla por s\u00ed mismo: m\u00e1s de 9 millones de clientas han adquirido la marca, con una satisfacci\u00f3n del 90% en ropa y calzado.<\/p>\n\n\n\n<figure class=\"wp-block-image size-full\"><img data-recalc-dims=\"1\" decoding=\"async\" width=\"1165\" height=\"1358\" src=\"https:\/\/i0.wp.com\/zeromagazine.mx\/wp-content\/uploads\/2025\/09\/JLO-10mo-aniversario.png?resize=1165%2C1358&#038;ssl=1\" alt=\"\" class=\"wp-image-108881\" srcset=\"https:\/\/i0.wp.com\/zeromagazine.mx\/wp-content\/uploads\/2025\/09\/JLO-10mo-aniversario.png?w=1278&amp;ssl=1 1278w, https:\/\/i0.wp.com\/zeromagazine.mx\/wp-content\/uploads\/2025\/09\/JLO-10mo-aniversario.png?resize=257%2C300&amp;ssl=1 257w, https:\/\/i0.wp.com\/zeromagazine.mx\/wp-content\/uploads\/2025\/09\/JLO-10mo-aniversario.png?resize=878%2C1024&amp;ssl=1 878w, https:\/\/i0.wp.com\/zeromagazine.mx\/wp-content\/uploads\/2025\/09\/JLO-10mo-aniversario.png?resize=768%2C895&amp;ssl=1 768w\" sizes=\"(max-width: 1165px) 100vw, 1165px\" \/><\/figure>\n\n\n\n<p>Adem\u00e1s, el ritmo de ventas es imparable. Actualmente, la marca registra 600 mil unidades vendidas al mes y proyecta superar los 7 millones de piezas para finales de 2025. Una cifra que posiciona a esta colaboraci\u00f3n como una de las m\u00e1s exitosas en el mercado nacional.<\/p>\n\n\n\n<h2 class=\"wp-block-heading\">Moda que conecta con las mexicanas<\/h2>\n\n\n\n<p>Por otro lado, lo que hace especial a&nbsp;<strong>Coppel x JLO<\/strong>&nbsp;es que no se limita a vender ropa: ha formado una comunidad diversa de mujeres que ven en esta l\u00ednea un s\u00edmbolo de confianza y estilo. Ese balance entre lo aspiracional y lo cercano logra que 9 de cada 10 clientas sigan prefiriendo visitar las tiendas f\u00edsicas, al mismo tiempo que disfrutan la facilidad de comprar desde la App Coppel o Coppel.com.<\/p>\n\n\n\n<p>M\u00e1s que un statement de moda, se trata de un fen\u00f3meno cultural. Una forma de demostrar que la moda accesible tambi\u00e9n puede ser poderosa y transformadora.<\/p>\n\n\n\n<figure class=\"wp-block-image size-full\"><img data-recalc-dims=\"1\" decoding=\"async\" width=\"798\" height=\"920\" src=\"https:\/\/i0.wp.com\/zeromagazine.mx\/wp-content\/uploads\/2025\/09\/JLo-10mo-aniversario-2.png?resize=798%2C920\" alt=\"\" class=\"wp-image-108883\" srcset=\"https:\/\/i0.wp.com\/zeromagazine.mx\/wp-content\/uploads\/2025\/09\/JLo-10mo-aniversario-2.png?w=798&amp;ssl=1 798w, https:\/\/i0.wp.com\/zeromagazine.mx\/wp-content\/uploads\/2025\/09\/JLo-10mo-aniversario-2.png?resize=260%2C300&amp;ssl=1 260w, https:\/\/i0.wp.com\/zeromagazine.mx\/wp-content\/uploads\/2025\/09\/JLo-10mo-aniversario-2.png?resize=768%2C885&amp;ssl=1 768w\" sizes=\"(max-width: 798px) 100vw, 798px\" \/><\/figure>\n\n\n\n<h2 class=\"wp-block-heading\">Una mirada hacia el futuro<\/h2>\n\n\n\n<p>Finalmente, lo que comenz\u00f3 en 2015 con la primera visita de JLO a M\u00e9xico hoy es un legado de estilo y conexi\u00f3n con las consumidoras. El futuro de la alianza pinta igual de brillante: nuevas colecciones, productos innovadores y un compromiso firme de seguir ofreciendo moda accesible para todas.<\/p>\n\n\n\n<p>Con diez a\u00f1os de historia,&nbsp;<strong>Coppel x JLO<\/strong>&nbsp;demuestra que cuando dos marcas fuertes se unen, el resultado no solo est\u00e1 en las ventas, tambi\u00e9n en el impacto cultural que deja huella en la forma en que las mujeres mexicanas viven la moda.<\/p>","protected":false},"excerpt":{"rendered":"<p>Diez a\u00f1os, m\u00e1s de 40 millones de prendas vendidas y una comunidad de mujeres que encuentran en la moda un espacio para expresarse. Eso es lo que significa la uni\u00f3n&nbsp;Coppel x JLO. Desde 2015, esta colaboraci\u00f3n no solo ha democratizado el estilo, tambi\u00e9n ha creado un puente entre lo aspiracional y lo accesible. Con m\u00e1s [&hellip;]<\/p>\n","protected":false},"author":4,"featured_media":108882,"comment_status":"open","ping_status":"open","sticky":false,"template":"","format":"standard","meta":{"_jetpack_memberships_contains_paid_content":false,"footnotes":"","jetpack_publicize_message":"","jetpack_publicize_feature_enabled":true,"jetpack_social_post_already_shared":true,"jetpack_social_options":{"image_generator_settings":{"template":"highway","default_image_id":0,"font":"","enabled":false},"version":2}},"categories":[67],"tags":[],"class_list":["post-108880","post","type-post","status-publish","format-standard","has-post-thumbnail","hentry","category-moda","has-post-title","has-post-date","has-post-category","has-post-tag","has-post-comment","has-post-author",""],"yoast_head":"<!-- This site is optimized with the Yoast SEO plugin v27.5 - https:\/\/yoast.com\/product\/yoast-seo-wordpress\/ -->\n<title>Coppel x JLO celebran 10 a\u00f1os de moda - Zero Magazine<\/title>\n<meta name=\"description\" content=\"Coppel x JLO celebran 10 a\u00f1os de moda accesible con estilo, empoderamiento y m\u00e1s de 40 millones de prendas vendidas.\" \/>\n<meta name=\"robots\" content=\"index, follow, max-snippet:-1, max-image-preview:large, max-video-preview:-1\" \/>\n<link rel=\"canonical\" href=\"https:\/\/zeromagazine.mx\/index.php\/2025\/09\/23\/coppel-x-jlo-celebran-10-anos\/\" \/>\n<meta property=\"og:locale\" content=\"es_ES\" \/>\n<meta property=\"og:type\" content=\"article\" \/>\n<meta property=\"og:title\" content=\"Coppel x JLO celebran 10 a\u00f1os de moda - Zero Magazine\" \/>\n<meta property=\"og:description\" content=\"Coppel x JLO celebran 10 a\u00f1os de moda accesible con estilo, empoderamiento y m\u00e1s de 40 millones de prendas vendidas.\" \/>\n<meta property=\"og:url\" content=\"https:\/\/zeromagazine.mx\/index.php\/2025\/09\/23\/coppel-x-jlo-celebran-10-anos\/\" \/>\n<meta property=\"og:site_name\" content=\"Zero Magazine\" \/>\n<meta property=\"article:published_time\" content=\"2025-09-24T05:34:51+00:00\" \/>\n<meta property=\"article:modified_time\" content=\"2025-09-24T05:34:53+00:00\" \/>\n<meta property=\"og:image\" content=\"http:\/\/zeromagazine.mx\/wp-content\/uploads\/2025\/09\/JLo-10mo-aniversario-3.png\" \/>\n\t<meta property=\"og:image:width\" content=\"1274\" \/>\n\t<meta property=\"og:image:height\" content=\"1486\" \/>\n\t<meta property=\"og:image:type\" content=\"image\/png\" \/>\n<meta name=\"author\" content=\"David Morales\" \/>\n<meta name=\"twitter:card\" content=\"summary_large_image\" \/>\n<meta name=\"twitter:label1\" content=\"Escrito por\" \/>\n\t<meta name=\"twitter:data1\" content=\"David Morales\" \/>\n\t<meta name=\"twitter:label2\" content=\"Tiempo de lectura\" \/>\n\t<meta name=\"twitter:data2\" content=\"3 minutos\" \/>\n<script type=\"application\/ld+json\" class=\"yoast-schema-graph\">{\"@context\":\"https:\\\/\\\/schema.org\",\"@graph\":[{\"@type\":\"Article\",\"@id\":\"https:\\\/\\\/zeromagazine.mx\\\/index.php\\\/2025\\\/09\\\/23\\\/coppel-x-jlo-celebran-10-anos\\\/#article\",\"isPartOf\":{\"@id\":\"https:\\\/\\\/zeromagazine.mx\\\/index.php\\\/2025\\\/09\\\/23\\\/coppel-x-jlo-celebran-10-anos\\\/\"},\"author\":{\"name\":\"David Morales\",\"@id\":\"https:\\\/\\\/zeromagazine.mx\\\/#\\\/schema\\\/person\\\/9f7f1a17c60ba8e9980e3e6677aabe5a\"},\"headline\":\"Coppel x JLO celebran 10 a\u00f1os de moda\",\"datePublished\":\"2025-09-24T05:34:51+00:00\",\"dateModified\":\"2025-09-24T05:34:53+00:00\",\"mainEntityOfPage\":{\"@id\":\"https:\\\/\\\/zeromagazine.mx\\\/index.php\\\/2025\\\/09\\\/23\\\/coppel-x-jlo-celebran-10-anos\\\/\"},\"wordCount\":443,\"commentCount\":0,\"publisher\":{\"@id\":\"https:\\\/\\\/zeromagazine.mx\\\/#organization\"},\"image\":{\"@id\":\"https:\\\/\\\/zeromagazine.mx\\\/index.php\\\/2025\\\/09\\\/23\\\/coppel-x-jlo-celebran-10-anos\\\/#primaryimage\"},\"thumbnailUrl\":\"https:\\\/\\\/i0.wp.com\\\/zeromagazine.mx\\\/wp-content\\\/uploads\\\/2025\\\/09\\\/JLo-10mo-aniversario-3.png?fit=1274%2C1486&ssl=1\",\"articleSection\":[\"Moda\"],\"inLanguage\":\"es\",\"potentialAction\":[{\"@type\":\"CommentAction\",\"name\":\"Comment\",\"target\":[\"https:\\\/\\\/zeromagazine.mx\\\/index.php\\\/2025\\\/09\\\/23\\\/coppel-x-jlo-celebran-10-anos\\\/#respond\"]}]},{\"@type\":\"WebPage\",\"@id\":\"https:\\\/\\\/zeromagazine.mx\\\/index.php\\\/2025\\\/09\\\/23\\\/coppel-x-jlo-celebran-10-anos\\\/\",\"url\":\"https:\\\/\\\/zeromagazine.mx\\\/index.php\\\/2025\\\/09\\\/23\\\/coppel-x-jlo-celebran-10-anos\\\/\",\"name\":\"Coppel x JLO celebran 10 a\u00f1os de moda - Zero Magazine\",\"isPartOf\":{\"@id\":\"https:\\\/\\\/zeromagazine.mx\\\/#website\"},\"primaryImageOfPage\":{\"@id\":\"https:\\\/\\\/zeromagazine.mx\\\/index.php\\\/2025\\\/09\\\/23\\\/coppel-x-jlo-celebran-10-anos\\\/#primaryimage\"},\"image\":{\"@id\":\"https:\\\/\\\/zeromagazine.mx\\\/index.php\\\/2025\\\/09\\\/23\\\/coppel-x-jlo-celebran-10-anos\\\/#primaryimage\"},\"thumbnailUrl\":\"https:\\\/\\\/i0.wp.com\\\/zeromagazine.mx\\\/wp-content\\\/uploads\\\/2025\\\/09\\\/JLo-10mo-aniversario-3.png?fit=1274%2C1486&ssl=1\",\"datePublished\":\"2025-09-24T05:34:51+00:00\",\"dateModified\":\"2025-09-24T05:34:53+00:00\",\"description\":\"Coppel x JLO celebran 10 a\u00f1os de moda accesible con estilo, empoderamiento y m\u00e1s de 40 millones de prendas vendidas.\",\"breadcrumb\":{\"@id\":\"https:\\\/\\\/zeromagazine.mx\\\/index.php\\\/2025\\\/09\\\/23\\\/coppel-x-jlo-celebran-10-anos\\\/#breadcrumb\"},\"inLanguage\":\"es\",\"potentialAction\":[{\"@type\":\"ReadAction\",\"target\":[\"https:\\\/\\\/zeromagazine.mx\\\/index.php\\\/2025\\\/09\\\/23\\\/coppel-x-jlo-celebran-10-anos\\\/\"]}]},{\"@type\":\"ImageObject\",\"inLanguage\":\"es\",\"@id\":\"https:\\\/\\\/zeromagazine.mx\\\/index.php\\\/2025\\\/09\\\/23\\\/coppel-x-jlo-celebran-10-anos\\\/#primaryimage\",\"url\":\"https:\\\/\\\/i0.wp.com\\\/zeromagazine.mx\\\/wp-content\\\/uploads\\\/2025\\\/09\\\/JLo-10mo-aniversario-3.png?fit=1274%2C1486&ssl=1\",\"contentUrl\":\"https:\\\/\\\/i0.wp.com\\\/zeromagazine.mx\\\/wp-content\\\/uploads\\\/2025\\\/09\\\/JLo-10mo-aniversario-3.png?fit=1274%2C1486&ssl=1\",\"width\":1274,\"height\":1486},{\"@type\":\"BreadcrumbList\",\"@id\":\"https:\\\/\\\/zeromagazine.mx\\\/index.php\\\/2025\\\/09\\\/23\\\/coppel-x-jlo-celebran-10-anos\\\/#breadcrumb\",\"itemListElement\":[{\"@type\":\"ListItem\",\"position\":1,\"name\":\"Portada\",\"item\":\"https:\\\/\\\/zeromagazine.mx\\\/\"},{\"@type\":\"ListItem\",\"position\":2,\"name\":\"Coppel x JLO celebran 10 a\u00f1os de moda\"}]},{\"@type\":\"WebSite\",\"@id\":\"https:\\\/\\\/zeromagazine.mx\\\/#website\",\"url\":\"https:\\\/\\\/zeromagazine.mx\\\/\",\"name\":\"Zero Magazine\",\"description\":\"\",\"publisher\":{\"@id\":\"https:\\\/\\\/zeromagazine.mx\\\/#organization\"},\"potentialAction\":[{\"@type\":\"SearchAction\",\"target\":{\"@type\":\"EntryPoint\",\"urlTemplate\":\"https:\\\/\\\/zeromagazine.mx\\\/?s={search_term_string}\"},\"query-input\":{\"@type\":\"PropertyValueSpecification\",\"valueRequired\":true,\"valueName\":\"search_term_string\"}}],\"inLanguage\":\"es\"},{\"@type\":\"Organization\",\"@id\":\"https:\\\/\\\/zeromagazine.mx\\\/#organization\",\"name\":\"Zero Magazine\",\"url\":\"https:\\\/\\\/zeromagazine.mx\\\/\",\"logo\":{\"@type\":\"ImageObject\",\"inLanguage\":\"es\",\"@id\":\"https:\\\/\\\/zeromagazine.mx\\\/#\\\/schema\\\/logo\\\/image\\\/\",\"url\":\"https:\\\/\\\/i0.wp.com\\\/zeromagazine.mx\\\/wp-content\\\/uploads\\\/2025\\\/11\\\/1.jpeg?fit=1000%2C1000&ssl=1\",\"contentUrl\":\"https:\\\/\\\/i0.wp.com\\\/zeromagazine.mx\\\/wp-content\\\/uploads\\\/2025\\\/11\\\/1.jpeg?fit=1000%2C1000&ssl=1\",\"width\":1000,\"height\":1000,\"caption\":\"Zero Magazine\"},\"image\":{\"@id\":\"https:\\\/\\\/zeromagazine.mx\\\/#\\\/schema\\\/logo\\\/image\\\/\"},\"sameAs\":[\"https:\\\/\\\/instagram.com\\\/zeromagazinemx\"]},{\"@type\":\"Person\",\"@id\":\"https:\\\/\\\/zeromagazine.mx\\\/#\\\/schema\\\/person\\\/9f7f1a17c60ba8e9980e3e6677aabe5a\",\"name\":\"David Morales\",\"image\":{\"@type\":\"ImageObject\",\"inLanguage\":\"es\",\"@id\":\"https:\\\/\\\/zeromagazine.mx\\\/wp-content\\\/litespeed\\\/avatar\\\/76069d2136bfc1c37dc34815bb67ca42.jpg?ver=1777571067\",\"url\":\"https:\\\/\\\/zeromagazine.mx\\\/wp-content\\\/litespeed\\\/avatar\\\/76069d2136bfc1c37dc34815bb67ca42.jpg?ver=1777571067\",\"contentUrl\":\"https:\\\/\\\/zeromagazine.mx\\\/wp-content\\\/litespeed\\\/avatar\\\/76069d2136bfc1c37dc34815bb67ca42.jpg?ver=1777571067\",\"caption\":\"David Morales\"},\"url\":\"https:\\\/\\\/zeromagazine.mx\\\/index.php\\\/author\\\/david\\\/\"}]}<\/script>\n<!-- \/ Yoast SEO plugin. -->","yoast_head_json":{"title":"Coppel x JLO celebran 10 a\u00f1os de moda - Zero Magazine","description":"Coppel x JLO celebran 10 a\u00f1os de moda accesible con estilo, empoderamiento y m\u00e1s de 40 millones de prendas vendidas.","robots":{"index":"index","follow":"follow","max-snippet":"max-snippet:-1","max-image-preview":"max-image-preview:large","max-video-preview":"max-video-preview:-1"},"canonical":"https:\/\/zeromagazine.mx\/index.php\/2025\/09\/23\/coppel-x-jlo-celebran-10-anos\/","og_locale":"es_ES","og_type":"article","og_title":"Coppel x JLO celebran 10 a\u00f1os de moda - Zero Magazine","og_description":"Coppel x JLO celebran 10 a\u00f1os de moda accesible con estilo, empoderamiento y m\u00e1s de 40 millones de prendas vendidas.","og_url":"https:\/\/zeromagazine.mx\/index.php\/2025\/09\/23\/coppel-x-jlo-celebran-10-anos\/","og_site_name":"Zero Magazine","article_published_time":"2025-09-24T05:34:51+00:00","article_modified_time":"2025-09-24T05:34:53+00:00","og_image":[{"width":1274,"height":1486,"url":"http:\/\/zeromagazine.mx\/wp-content\/uploads\/2025\/09\/JLo-10mo-aniversario-3.png","type":"image\/png"}],"author":"David Morales","twitter_card":"summary_large_image","twitter_misc":{"Escrito por":"David Morales","Tiempo de lectura":"3 minutos"},"schema":{"@context":"https:\/\/schema.org","@graph":[{"@type":"Article","@id":"https:\/\/zeromagazine.mx\/index.php\/2025\/09\/23\/coppel-x-jlo-celebran-10-anos\/#article","isPartOf":{"@id":"https:\/\/zeromagazine.mx\/index.php\/2025\/09\/23\/coppel-x-jlo-celebran-10-anos\/"},"author":{"name":"David Morales","@id":"https:\/\/zeromagazine.mx\/#\/schema\/person\/9f7f1a17c60ba8e9980e3e6677aabe5a"},"headline":"Coppel x JLO celebran 10 a\u00f1os de moda","datePublished":"2025-09-24T05:34:51+00:00","dateModified":"2025-09-24T05:34:53+00:00","mainEntityOfPage":{"@id":"https:\/\/zeromagazine.mx\/index.php\/2025\/09\/23\/coppel-x-jlo-celebran-10-anos\/"},"wordCount":443,"commentCount":0,"publisher":{"@id":"https:\/\/zeromagazine.mx\/#organization"},"image":{"@id":"https:\/\/zeromagazine.mx\/index.php\/2025\/09\/23\/coppel-x-jlo-celebran-10-anos\/#primaryimage"},"thumbnailUrl":"https:\/\/i0.wp.com\/zeromagazine.mx\/wp-content\/uploads\/2025\/09\/JLo-10mo-aniversario-3.png?fit=1274%2C1486&ssl=1","articleSection":["Moda"],"inLanguage":"es","potentialAction":[{"@type":"CommentAction","name":"Comment","target":["https:\/\/zeromagazine.mx\/index.php\/2025\/09\/23\/coppel-x-jlo-celebran-10-anos\/#respond"]}]},{"@type":"WebPage","@id":"https:\/\/zeromagazine.mx\/index.php\/2025\/09\/23\/coppel-x-jlo-celebran-10-anos\/","url":"https:\/\/zeromagazine.mx\/index.php\/2025\/09\/23\/coppel-x-jlo-celebran-10-anos\/","name":"Coppel x JLO celebran 10 a\u00f1os de moda - Zero Magazine","isPartOf":{"@id":"https:\/\/zeromagazine.mx\/#website"},"primaryImageOfPage":{"@id":"https:\/\/zeromagazine.mx\/index.php\/2025\/09\/23\/coppel-x-jlo-celebran-10-anos\/#primaryimage"},"image":{"@id":"https:\/\/zeromagazine.mx\/index.php\/2025\/09\/23\/coppel-x-jlo-celebran-10-anos\/#primaryimage"},"thumbnailUrl":"https:\/\/i0.wp.com\/zeromagazine.mx\/wp-content\/uploads\/2025\/09\/JLo-10mo-aniversario-3.png?fit=1274%2C1486&ssl=1","datePublished":"2025-09-24T05:34:51+00:00","dateModified":"2025-09-24T05:34:53+00:00","description":"Coppel x JLO celebran 10 a\u00f1os de moda accesible con estilo, empoderamiento y m\u00e1s de 40 millones de prendas vendidas.","breadcrumb":{"@id":"https:\/\/zeromagazine.mx\/index.php\/2025\/09\/23\/coppel-x-jlo-celebran-10-anos\/#breadcrumb"},"inLanguage":"es","potentialAction":[{"@type":"ReadAction","target":["https:\/\/zeromagazine.mx\/index.php\/2025\/09\/23\/coppel-x-jlo-celebran-10-anos\/"]}]},{"@type":"ImageObject","inLanguage":"es","@id":"https:\/\/zeromagazine.mx\/index.php\/2025\/09\/23\/coppel-x-jlo-celebran-10-anos\/#primaryimage","url":"https:\/\/i0.wp.com\/zeromagazine.mx\/wp-content\/uploads\/2025\/09\/JLo-10mo-aniversario-3.png?fit=1274%2C1486&ssl=1","contentUrl":"https:\/\/i0.wp.com\/zeromagazine.mx\/wp-content\/uploads\/2025\/09\/JLo-10mo-aniversario-3.png?fit=1274%2C1486&ssl=1","width":1274,"height":1486},{"@type":"BreadcrumbList","@id":"https:\/\/zeromagazine.mx\/index.php\/2025\/09\/23\/coppel-x-jlo-celebran-10-anos\/#breadcrumb","itemListElement":[{"@type":"ListItem","position":1,"name":"Portada","item":"https:\/\/zeromagazine.mx\/"},{"@type":"ListItem","position":2,"name":"Coppel x JLO celebran 10 a\u00f1os de moda"}]},{"@type":"WebSite","@id":"https:\/\/zeromagazine.mx\/#website","url":"https:\/\/zeromagazine.mx\/","name":"Zero Magazine","description":"","publisher":{"@id":"https:\/\/zeromagazine.mx\/#organization"},"potentialAction":[{"@type":"SearchAction","target":{"@type":"EntryPoint","urlTemplate":"https:\/\/zeromagazine.mx\/?s={search_term_string}"},"query-input":{"@type":"PropertyValueSpecification","valueRequired":true,"valueName":"search_term_string"}}],"inLanguage":"es"},{"@type":"Organization","@id":"https:\/\/zeromagazine.mx\/#organization","name":"Zero Magazine","url":"https:\/\/zeromagazine.mx\/","logo":{"@type":"ImageObject","inLanguage":"es","@id":"https:\/\/zeromagazine.mx\/#\/schema\/logo\/image\/","url":"https:\/\/i0.wp.com\/zeromagazine.mx\/wp-content\/uploads\/2025\/11\/1.jpeg?fit=1000%2C1000&ssl=1","contentUrl":"https:\/\/i0.wp.com\/zeromagazine.mx\/wp-content\/uploads\/2025\/11\/1.jpeg?fit=1000%2C1000&ssl=1","width":1000,"height":1000,"caption":"Zero Magazine"},"image":{"@id":"https:\/\/zeromagazine.mx\/#\/schema\/logo\/image\/"},"sameAs":["https:\/\/instagram.com\/zeromagazinemx"]},{"@type":"Person","@id":"https:\/\/zeromagazine.mx\/#\/schema\/person\/9f7f1a17c60ba8e9980e3e6677aabe5a","name":"David Morales","image":{"@type":"ImageObject","inLanguage":"es","@id":"https:\/\/zeromagazine.mx\/wp-content\/litespeed\/avatar\/76069d2136bfc1c37dc34815bb67ca42.jpg?ver=1777571067","url":"https:\/\/zeromagazine.mx\/wp-content\/litespeed\/avatar\/76069d2136bfc1c37dc34815bb67ca42.jpg?ver=1777571067","contentUrl":"https:\/\/zeromagazine.mx\/wp-content\/litespeed\/avatar\/76069d2136bfc1c37dc34815bb67ca42.jpg?ver=1777571067","caption":"David Morales"},"url":"https:\/\/zeromagazine.mx\/index.php\/author\/david\/"}]}},"jetpack_publicize_connections":[],"jetpack_featured_media_url":"https:\/\/i0.wp.com\/zeromagazine.mx\/wp-content\/uploads\/2025\/09\/JLo-10mo-aniversario-3.png?fit=1274%2C1486&ssl=1","jetpack-related-posts":[{"id":87352,"url":"https:\/\/zeromagazine.mx\/index.php\/2024\/10\/18\/shaq-x-coppel-sneakers-legendarios\/","url_meta":{"origin":108880,"position":0},"title":"\u00abShaq x Coppel: Sneakers Legendarios\u00bb","author":"zeromagazinemx","date":"18 de octubre de 2024","format":false,"excerpt":"\u00bfQui\u00e9n no ha o\u00eddo hablar de Shaquille O'Neal? El gigante que domin\u00f3 las canchas y que ahora sigue rompi\u00e9ndola en otros terrenos, ha vuelto con algo que seguro va a hacer un impacto impresionante en el mundo del calzado deportivo. Y, esta vez, no est\u00e1 solo. Shaq\u2122 Footwear se ha\u2026","rel":"","context":"En \u00abModa\u00bb","block_context":{"text":"Moda","link":"https:\/\/zeromagazine.mx\/index.php\/category\/moda\/"},"img":{"alt_text":"","src":"https:\/\/i0.wp.com\/zeromagazine.mx\/wp-content\/uploads\/2024\/10\/E4A9304-scaled.jpg?fit=1200%2C800&ssl=1&resize=350%2C200","width":350,"height":200,"srcset":"https:\/\/i0.wp.com\/zeromagazine.mx\/wp-content\/uploads\/2024\/10\/E4A9304-scaled.jpg?fit=1200%2C800&ssl=1&resize=350%2C200 1x, https:\/\/i0.wp.com\/zeromagazine.mx\/wp-content\/uploads\/2024\/10\/E4A9304-scaled.jpg?fit=1200%2C800&ssl=1&resize=525%2C300 1.5x, https:\/\/i0.wp.com\/zeromagazine.mx\/wp-content\/uploads\/2024\/10\/E4A9304-scaled.jpg?fit=1200%2C800&ssl=1&resize=700%2C400 2x, https:\/\/i0.wp.com\/zeromagazine.mx\/wp-content\/uploads\/2024\/10\/E4A9304-scaled.jpg?fit=1200%2C800&ssl=1&resize=1050%2C600 3x"},"classes":[]},{"id":109762,"url":"https:\/\/zeromagazine.mx\/index.php\/2025\/10\/27\/moda-strona-coppel-volvo-fashion-week\/","url_meta":{"origin":108880,"position":1},"title":"STRONA Coppel: moda con actitud","author":"Luis Trujano","date":"27 de octubre de 2025","format":false,"excerpt":"Si hay algo que qued\u00f3 clar\u00edsimo tras el cierre del Volvo Fashion Week M\u00e9xico, es que STRONA Coppel no vino a jugar. La nueva marca de Coppel debut\u00f3 con una vibra fresca, rebelde y 100% aut\u00e9ntica. Es la evoluci\u00f3n de lo que antes conoc\u00edamos como Thinner, pero con una propuesta\u2026","rel":"","context":"En \u00abModa\u00bb","block_context":{"text":"Moda","link":"https:\/\/zeromagazine.mx\/index.php\/category\/moda\/"},"img":{"alt_text":"","src":"","width":0,"height":0},"classes":[]},{"id":96667,"url":"https:\/\/zeromagazine.mx\/index.php\/2025\/02\/13\/celulares-la-nueva-tendencia-de-amor\/","url_meta":{"origin":108880,"position":2},"title":"Celulares, el nuevo amor","author":"David Morales","date":"13 de febrero de 2025","format":false,"excerpt":"San Valent\u00edn ya est\u00e1 aqu\u00ed y, obvio, el amor est\u00e1 en el aire (y en las carteras). Pero, sorpresa, amix: ya no son las flores ni los chocolates los que dominan el 14 de febrero. Seg\u00fan datos de Coppel, los celulares son el regalo estrella en esta fecha. Y es\u2026","rel":"","context":"En \u00abCultura\u00bb","block_context":{"text":"Cultura","link":"https:\/\/zeromagazine.mx\/index.php\/category\/cultura\/"},"img":{"alt_text":"","src":"https:\/\/i0.wp.com\/zeromagazine.mx\/wp-content\/uploads\/2025\/02\/7M727822F20241022140735.png?fit=800%2C800&ssl=1&resize=350%2C200","width":350,"height":200,"srcset":"https:\/\/i0.wp.com\/zeromagazine.mx\/wp-content\/uploads\/2025\/02\/7M727822F20241022140735.png?fit=800%2C800&ssl=1&resize=350%2C200 1x, https:\/\/i0.wp.com\/zeromagazine.mx\/wp-content\/uploads\/2025\/02\/7M727822F20241022140735.png?fit=800%2C800&ssl=1&resize=525%2C300 1.5x, https:\/\/i0.wp.com\/zeromagazine.mx\/wp-content\/uploads\/2025\/02\/7M727822F20241022140735.png?fit=800%2C800&ssl=1&resize=700%2C400 2x"},"classes":[]},{"id":92077,"url":"https:\/\/zeromagazine.mx\/index.php\/2024\/12\/03\/millos-999-y-su-irreverente-mundo\/","url_meta":{"origin":108880,"position":3},"title":"Millos 999 y su Irreverente Mundo","author":"David Morales","date":"3 de diciembre de 2024","format":false,"excerpt":"Millos 999 ha capturado a miles con su estilo \u00fanico y videos cargados de diversi\u00f3n. Su contenido, lleno de improvisaci\u00f3n y autenticidad, ha convertido a este creador en uno de los favoritos de una audiencia que busca entretenimiento honesto y genuino. Platicamos con \u00e9l sobre su trayectoria, retos y sue\u00f1os,\u2026","rel":"","context":"En \u00abPortada\u00bb","block_context":{"text":"Portada","link":"https:\/\/zeromagazine.mx\/index.php\/category\/portada\/"},"img":{"alt_text":"","src":"https:\/\/i0.wp.com\/zeromagazine.mx\/wp-content\/uploads\/2024\/12\/IMG_2393.png?fit=927%2C1200&ssl=1&resize=350%2C200","width":350,"height":200,"srcset":"https:\/\/i0.wp.com\/zeromagazine.mx\/wp-content\/uploads\/2024\/12\/IMG_2393.png?fit=927%2C1200&ssl=1&resize=350%2C200 1x, https:\/\/i0.wp.com\/zeromagazine.mx\/wp-content\/uploads\/2024\/12\/IMG_2393.png?fit=927%2C1200&ssl=1&resize=525%2C300 1.5x, https:\/\/i0.wp.com\/zeromagazine.mx\/wp-content\/uploads\/2024\/12\/IMG_2393.png?fit=927%2C1200&ssl=1&resize=700%2C400 2x"},"classes":[]},{"id":93625,"url":"https:\/\/zeromagazine.mx\/index.php\/2024\/12\/19\/starhouse-de-coppel-rescata-a-los-procastinadores-navidenos\/","url_meta":{"origin":108880,"position":4},"title":"Starhouse de Coppel: Rescata a los Procastinadores Navide\u00f1os","author":"David Morales","date":"19 de diciembre de 2024","format":false,"excerpt":"Amix, ya sabemos que la Navidad nos pisa los talones, y si eres como yo, que siempre deja todo al \u00faltimo, esta gu\u00eda que nos comparti\u00f3 Nad Hern\u00e1ndez, una de las creadoras de contenido m\u00e1s top sobre decoraci\u00f3n, es para ti. No importa si tu arbolito todav\u00eda est\u00e1 en el\u2026","rel":"","context":"En \u00abDise\u00f1o\u00bb","block_context":{"text":"Dise\u00f1o","link":"https:\/\/zeromagazine.mx\/index.php\/category\/diseno\/"},"img":{"alt_text":"","src":"https:\/\/i0.wp.com\/zeromagazine.mx\/wp-content\/uploads\/2024\/12\/IMG_2613.png?fit=571%2C695&ssl=1&resize=350%2C200","width":350,"height":200,"srcset":"https:\/\/i0.wp.com\/zeromagazine.mx\/wp-content\/uploads\/2024\/12\/IMG_2613.png?fit=571%2C695&ssl=1&resize=350%2C200 1x, https:\/\/i0.wp.com\/zeromagazine.mx\/wp-content\/uploads\/2024\/12\/IMG_2613.png?fit=571%2C695&ssl=1&resize=525%2C300 1.5x"},"classes":[]},{"id":92393,"url":"https:\/\/zeromagazine.mx\/index.php\/2024\/12\/06\/brilla-esta-navidad-con-estilo\/","url_meta":{"origin":108880,"position":5},"title":"Brilla Esta Navidad con Estilo","author":"zeromagazinemx","date":"6 de diciembre de 2024","format":false,"excerpt":"Tendencias para un Bad Romance La llegada de la Navidad nos da permiso oficial para actualizar nuestro cl\u00f3set y jugar con nuevas combinaciones. Los colores se transforman, las telas cambian, y las vibras se intensifican. \u00a1Es el momento perfecto para explorar las tendencias y darle ese twist a tu estilo!\u2026","rel":"","context":"En \u00abModa\u00bb","block_context":{"text":"Moda","link":"https:\/\/zeromagazine.mx\/index.php\/category\/moda\/"},"img":{"alt_text":"","src":"","width":0,"height":0},"classes":[]}],"jetpack_sharing_enabled":true,"builder_content":"","_links":{"self":[{"href":"https:\/\/zeromagazine.mx\/index.php\/wp-json\/wp\/v2\/posts\/108880","targetHints":{"allow":["GET"]}}],"collection":[{"href":"https:\/\/zeromagazine.mx\/index.php\/wp-json\/wp\/v2\/posts"}],"about":[{"href":"https:\/\/zeromagazine.mx\/index.php\/wp-json\/wp\/v2\/types\/post"}],"author":[{"embeddable":true,"href":"https:\/\/zeromagazine.mx\/index.php\/wp-json\/wp\/v2\/users\/4"}],"replies":[{"embeddable":true,"href":"https:\/\/zeromagazine.mx\/index.php\/wp-json\/wp\/v2\/comments?post=108880"}],"version-history":[{"count":1,"href":"https:\/\/zeromagazine.mx\/index.php\/wp-json\/wp\/v2\/posts\/108880\/revisions"}],"predecessor-version":[{"id":108884,"href":"https:\/\/zeromagazine.mx\/index.php\/wp-json\/wp\/v2\/posts\/108880\/revisions\/108884"}],"wp:featuredmedia":[{"embeddable":true,"href":"https:\/\/zeromagazine.mx\/index.php\/wp-json\/wp\/v2\/media\/108882"}],"wp:attachment":[{"href":"https:\/\/zeromagazine.mx\/index.php\/wp-json\/wp\/v2\/media?parent=108880"}],"wp:term":[{"taxonomy":"category","embeddable":true,"href":"https:\/\/zeromagazine.mx\/index.php\/wp-json\/wp\/v2\/categories?post=108880"},{"taxonomy":"post_tag","embeddable":true,"href":"https:\/\/zeromagazine.mx\/index.php\/wp-json\/wp\/v2\/tags?post=108880"}],"curies":[{"name":"wp","href":"https:\/\/api.w.org\/{rel}","templated":true}]}}