{"id":109429,"date":"2025-10-15T11:59:07","date_gmt":"2025-10-15T17:59:07","guid":{"rendered":"https:\/\/zeromagazine.mx\/?p=109429"},"modified":"2025-10-15T11:59:08","modified_gmt":"2025-10-15T17:59:08","slug":"mas-vision-nueva-coleccion-armazones","status":"publish","type":"post","link":"https:\/\/zeromagazine.mx\/index.php\/2025\/10\/15\/mas-vision-nueva-coleccion-armazones\/","title":{"rendered":"M\u00e1s Visi\u00f3n lanza colecci\u00f3n que une estilo y salud"},"content":{"rendered":"<!--themify_builder_content-->\n<div id=\"themify_builder_content-109429\" data-postid=\"109429\" class=\"themify_builder_content themify_builder_content-109429 themify_builder tf_clear\">\n    <\/div>\n<!--\/themify_builder_content-->\n\n\n<h3 class=\"wp-block-heading\"><\/h3>\n\n\n\n<p>En un mundo donde el estilo se reinventa cada temporada, M\u00e1s Visi\u00f3n demuestra que la moda tambi\u00e9n puede cuidar de ti. La marca \u00f3ptica m\u00e1s grande de M\u00e9xico celebr\u00f3 su aniversario con un evento lleno de energ\u00eda y una nueva colecci\u00f3n que promete revolucionar la forma en la que vemos \u2014literalmente\u2014 el mundo: Bring Your Own Vibe, de su l\u00ednea propia Unofficial.<\/p>\n\n\n\n<p>Durante el lanzamiento, el ambiente se sinti\u00f3 m\u00e1s como una experiencia inmersiva que como una simple presentaci\u00f3n. Medios, influencers y creadores se sumergieron en un recorrido que celebr\u00f3 los hitos m\u00e1s importantes de <strong>M\u00e1s Visi\u00f3n<\/strong> y reflej\u00f3 la esencia de su nueva campa\u00f1a: autenticidad, diversidad y autoexpresi\u00f3n.<\/p>\n\n\n\n<figure class=\"wp-block-image size-full\"><img data-recalc-dims=\"1\" decoding=\"async\" width=\"1165\" height=\"776\" src=\"https:\/\/i0.wp.com\/zeromagazine.mx\/wp-content\/uploads\/2025\/10\/1000061870.jpg?resize=1165%2C776&#038;ssl=1\" alt=\"\" class=\"wp-image-109430\" srcset=\"https:\/\/i0.wp.com\/zeromagazine.mx\/wp-content\/uploads\/2025\/10\/1000061870.jpg?w=2048&amp;ssl=1 2048w, https:\/\/i0.wp.com\/zeromagazine.mx\/wp-content\/uploads\/2025\/10\/1000061870.jpg?resize=300%2C200&amp;ssl=1 300w, https:\/\/i0.wp.com\/zeromagazine.mx\/wp-content\/uploads\/2025\/10\/1000061870.jpg?resize=1024%2C683&amp;ssl=1 1024w, https:\/\/i0.wp.com\/zeromagazine.mx\/wp-content\/uploads\/2025\/10\/1000061870.jpg?resize=768%2C512&amp;ssl=1 768w, https:\/\/i0.wp.com\/zeromagazine.mx\/wp-content\/uploads\/2025\/10\/1000061870.jpg?resize=1536%2C1024&amp;ssl=1 1536w\" sizes=\"(max-width: 1165px) 100vw, 1165px\" \/><\/figure>\n\n\n\n<h3 class=\"wp-block-heading\">M\u00e1s Visi\u00f3n conecta con nuevas generaciones<\/h3>\n\n\n\n<p>Adem\u00e1s, <strong>M\u00e1s Visi\u00f3n<\/strong> lleva m\u00e1s de una d\u00e9cada marcando el ritmo de la salud visual en M\u00e9xico. Su filosof\u00eda es clara: ver bien no est\u00e1 peleado con verse bien. Y esta colecci\u00f3n lo confirma al ofrecer armazones oft\u00e1lmicos y solares con dise\u00f1os que mezclan funcionalidad, tendencia y precios accesibles.<\/p>\n\n\n\n<p>Por otro lado, el evento \u2014realizado en INSpace, un venue que fusiona tecnolog\u00eda, arte y cultura urbana\u2014 fue el escenario perfecto para reforzar la identidad moderna de la marca. Con esta apuesta, la compa\u00f1\u00eda reafirma su compromiso de democratizar el acceso a productos \u00f3pticos de calidad sin perder el toque fashion que la caracteriza.<\/p>\n\n\n\n<p>Pero lo m\u00e1s importante es su enfoque en el bienestar visual. <strong>M\u00e1s Visi\u00f3n<\/strong> contin\u00faa impulsando campa\u00f1as que invitan a realizar ex\u00e1menes de la vista peri\u00f3dicos y a cuidar los ojos con la misma atenci\u00f3n que ponemos en nuestro outfit. Porque la salud visual tambi\u00e9n es parte del estilo de vida actual.<\/p>\n\n\n\n<figure class=\"wp-block-image size-full\"><img data-recalc-dims=\"1\" decoding=\"async\" width=\"1165\" height=\"776\" src=\"https:\/\/i0.wp.com\/zeromagazine.mx\/wp-content\/uploads\/2025\/10\/1000061869.jpg?resize=1165%2C776&#038;ssl=1\" alt=\"\" class=\"wp-image-109431\" srcset=\"https:\/\/i0.wp.com\/zeromagazine.mx\/wp-content\/uploads\/2025\/10\/1000061869.jpg?w=2048&amp;ssl=1 2048w, https:\/\/i0.wp.com\/zeromagazine.mx\/wp-content\/uploads\/2025\/10\/1000061869.jpg?resize=300%2C200&amp;ssl=1 300w, https:\/\/i0.wp.com\/zeromagazine.mx\/wp-content\/uploads\/2025\/10\/1000061869.jpg?resize=1024%2C683&amp;ssl=1 1024w, https:\/\/i0.wp.com\/zeromagazine.mx\/wp-content\/uploads\/2025\/10\/1000061869.jpg?resize=768%2C512&amp;ssl=1 768w, https:\/\/i0.wp.com\/zeromagazine.mx\/wp-content\/uploads\/2025\/10\/1000061869.jpg?resize=1536%2C1024&amp;ssl=1 1536w\" sizes=\"(max-width: 1165px) 100vw, 1165px\" \/><\/figure>\n\n\n\n<h3 class=\"wp-block-heading\">M\u00e1s Visi\u00f3n redefine la \u00f3ptica en M\u00e9xico<\/h3>\n\n\n\n<p>Finalmente, esta nueva etapa de <strong>M\u00e1s Visi\u00f3n<\/strong> no solo celebra un aniversario, sino una evoluci\u00f3n. La empresa ha logrado construir una red de m\u00e1s de 450 tiendas en todo el pa\u00eds, donde cada cliente puede encontrar asesor\u00eda profesional y una experiencia personalizada. Su objetivo sigue siendo el mismo: mejorar la calidad de vida a trav\u00e9s de la visi\u00f3n.<\/p>\n\n\n\n<p>Adem\u00e1s, la nueva colecci\u00f3n <em>Bring Your Own Vibe<\/em> se convierte en una declaraci\u00f3n de libertad visual: colores, formas y materiales que invitan a expresarte sin l\u00edmites. Desde los armazones cl\u00e1sicos hasta los dise\u00f1os m\u00e1s bold, cada pieza representa una historia, un mood, una forma de ver el mundo.<\/p>\n\n\n\n<p>En conclusi\u00f3n, <strong>M\u00e1s Visi\u00f3n<\/strong> no solo vende lentes, vende una forma de mirarte con claridad, estilo y confianza. Porque ver bien nunca hab\u00eda sido tan cool.<\/p>\n\n\n\n<figure class=\"wp-block-image size-full\"><img data-recalc-dims=\"1\" decoding=\"async\" width=\"1165\" height=\"1748\" src=\"https:\/\/i0.wp.com\/zeromagazine.mx\/wp-content\/uploads\/2025\/10\/1000061871-scaled.jpg?resize=1165%2C1748&#038;ssl=1\" alt=\"\" class=\"wp-image-109432\" srcset=\"https:\/\/i0.wp.com\/zeromagazine.mx\/wp-content\/uploads\/2025\/10\/1000061871-scaled.jpg?w=1706&amp;ssl=1 1706w, https:\/\/i0.wp.com\/zeromagazine.mx\/wp-content\/uploads\/2025\/10\/1000061871-scaled.jpg?resize=200%2C300&amp;ssl=1 200w, https:\/\/i0.wp.com\/zeromagazine.mx\/wp-content\/uploads\/2025\/10\/1000061871-scaled.jpg?resize=683%2C1024&amp;ssl=1 683w, https:\/\/i0.wp.com\/zeromagazine.mx\/wp-content\/uploads\/2025\/10\/1000061871-scaled.jpg?resize=768%2C1152&amp;ssl=1 768w, https:\/\/i0.wp.com\/zeromagazine.mx\/wp-content\/uploads\/2025\/10\/1000061871-scaled.jpg?resize=1024%2C1536&amp;ssl=1 1024w, https:\/\/i0.wp.com\/zeromagazine.mx\/wp-content\/uploads\/2025\/10\/1000061871-scaled.jpg?resize=1365%2C2048&amp;ssl=1 1365w\" sizes=\"(max-width: 1165px) 100vw, 1165px\" \/><\/figure>","protected":false},"excerpt":{"rendered":"<p>En un mundo donde el estilo se reinventa cada temporada, M\u00e1s Visi\u00f3n demuestra que la moda tambi\u00e9n puede cuidar de ti. La marca \u00f3ptica m\u00e1s grande de M\u00e9xico celebr\u00f3 su aniversario con un evento lleno de energ\u00eda y una nueva colecci\u00f3n que promete revolucionar la forma en la que vemos \u2014literalmente\u2014 el mundo: Bring Your [&hellip;]<\/p>\n","protected":false},"author":6,"featured_media":109432,"comment_status":"open","ping_status":"open","sticky":false,"template":"","format":"standard","meta":{"_jetpack_memberships_contains_paid_content":false,"footnotes":"","jetpack_publicize_message":"","jetpack_publicize_feature_enabled":true,"jetpack_social_post_already_shared":true,"jetpack_social_options":{"image_generator_settings":{"template":"highway","default_image_id":0,"font":"","enabled":false},"version":2}},"categories":[67],"tags":[],"class_list":["post-109429","post","type-post","status-publish","format-standard","has-post-thumbnail","hentry","category-moda","has-post-title","has-post-date","has-post-category","has-post-tag","has-post-comment","has-post-author",""],"yoast_head":"<!-- This site is optimized with the Yoast SEO plugin v27.5 - https:\/\/yoast.com\/product\/yoast-seo-wordpress\/ -->\n<title>M\u00e1s Visi\u00f3n lanza colecci\u00f3n que une estilo y salud - Zero Magazine<\/title>\n<meta name=\"description\" content=\"M\u00e1s Visi\u00f3n lanza su nueva colecci\u00f3n de armazones y celebra su aniversario apostando por el estilo y la salud visual.\" \/>\n<meta name=\"robots\" content=\"index, follow, max-snippet:-1, max-image-preview:large, max-video-preview:-1\" \/>\n<link rel=\"canonical\" href=\"https:\/\/zeromagazine.mx\/index.php\/2025\/10\/15\/mas-vision-nueva-coleccion-armazones\/\" \/>\n<meta property=\"og:locale\" content=\"es_ES\" \/>\n<meta property=\"og:type\" content=\"article\" \/>\n<meta property=\"og:title\" content=\"M\u00e1s Visi\u00f3n lanza colecci\u00f3n que une estilo y salud - Zero Magazine\" \/>\n<meta property=\"og:description\" content=\"M\u00e1s Visi\u00f3n lanza su nueva colecci\u00f3n de armazones y celebra su aniversario apostando por el estilo y la salud visual.\" \/>\n<meta property=\"og:url\" content=\"https:\/\/zeromagazine.mx\/index.php\/2025\/10\/15\/mas-vision-nueva-coleccion-armazones\/\" \/>\n<meta property=\"og:site_name\" content=\"Zero Magazine\" \/>\n<meta property=\"article:published_time\" content=\"2025-10-15T17:59:07+00:00\" \/>\n<meta property=\"article:modified_time\" content=\"2025-10-15T17:59:08+00:00\" \/>\n<meta property=\"og:image\" content=\"http:\/\/zeromagazine.mx\/wp-content\/uploads\/2025\/10\/1000061871-scaled.jpg\" \/>\n\t<meta property=\"og:image:width\" content=\"1706\" \/>\n\t<meta property=\"og:image:height\" content=\"2560\" \/>\n\t<meta property=\"og:image:type\" content=\"image\/jpeg\" \/>\n<meta name=\"author\" content=\"Luis Trujano\" \/>\n<meta name=\"twitter:card\" content=\"summary_large_image\" \/>\n<meta name=\"twitter:label1\" content=\"Escrito por\" \/>\n\t<meta name=\"twitter:data1\" content=\"Luis Trujano\" \/>\n\t<meta name=\"twitter:label2\" content=\"Tiempo de lectura\" \/>\n\t<meta name=\"twitter:data2\" content=\"3 minutos\" \/>\n<script type=\"application\/ld+json\" class=\"yoast-schema-graph\">{\"@context\":\"https:\\\/\\\/schema.org\",\"@graph\":[{\"@type\":\"Article\",\"@id\":\"https:\\\/\\\/zeromagazine.mx\\\/index.php\\\/2025\\\/10\\\/15\\\/mas-vision-nueva-coleccion-armazones\\\/#article\",\"isPartOf\":{\"@id\":\"https:\\\/\\\/zeromagazine.mx\\\/index.php\\\/2025\\\/10\\\/15\\\/mas-vision-nueva-coleccion-armazones\\\/\"},\"author\":{\"name\":\"Luis Trujano\",\"@id\":\"https:\\\/\\\/zeromagazine.mx\\\/#\\\/schema\\\/person\\\/118d2dc27eca6f07b968c953d12daa6b\"},\"headline\":\"M\u00e1s Visi\u00f3n lanza colecci\u00f3n que une estilo y salud\",\"datePublished\":\"2025-10-15T17:59:07+00:00\",\"dateModified\":\"2025-10-15T17:59:08+00:00\",\"mainEntityOfPage\":{\"@id\":\"https:\\\/\\\/zeromagazine.mx\\\/index.php\\\/2025\\\/10\\\/15\\\/mas-vision-nueva-coleccion-armazones\\\/\"},\"wordCount\":479,\"commentCount\":0,\"publisher\":{\"@id\":\"https:\\\/\\\/zeromagazine.mx\\\/#organization\"},\"image\":{\"@id\":\"https:\\\/\\\/zeromagazine.mx\\\/index.php\\\/2025\\\/10\\\/15\\\/mas-vision-nueva-coleccion-armazones\\\/#primaryimage\"},\"thumbnailUrl\":\"https:\\\/\\\/i0.wp.com\\\/zeromagazine.mx\\\/wp-content\\\/uploads\\\/2025\\\/10\\\/1000061871-scaled.jpg?fit=1706%2C2560&ssl=1\",\"articleSection\":[\"Moda\"],\"inLanguage\":\"es\",\"potentialAction\":[{\"@type\":\"CommentAction\",\"name\":\"Comment\",\"target\":[\"https:\\\/\\\/zeromagazine.mx\\\/index.php\\\/2025\\\/10\\\/15\\\/mas-vision-nueva-coleccion-armazones\\\/#respond\"]}]},{\"@type\":\"WebPage\",\"@id\":\"https:\\\/\\\/zeromagazine.mx\\\/index.php\\\/2025\\\/10\\\/15\\\/mas-vision-nueva-coleccion-armazones\\\/\",\"url\":\"https:\\\/\\\/zeromagazine.mx\\\/index.php\\\/2025\\\/10\\\/15\\\/mas-vision-nueva-coleccion-armazones\\\/\",\"name\":\"M\u00e1s Visi\u00f3n lanza colecci\u00f3n que une estilo y salud - Zero Magazine\",\"isPartOf\":{\"@id\":\"https:\\\/\\\/zeromagazine.mx\\\/#website\"},\"primaryImageOfPage\":{\"@id\":\"https:\\\/\\\/zeromagazine.mx\\\/index.php\\\/2025\\\/10\\\/15\\\/mas-vision-nueva-coleccion-armazones\\\/#primaryimage\"},\"image\":{\"@id\":\"https:\\\/\\\/zeromagazine.mx\\\/index.php\\\/2025\\\/10\\\/15\\\/mas-vision-nueva-coleccion-armazones\\\/#primaryimage\"},\"thumbnailUrl\":\"https:\\\/\\\/i0.wp.com\\\/zeromagazine.mx\\\/wp-content\\\/uploads\\\/2025\\\/10\\\/1000061871-scaled.jpg?fit=1706%2C2560&ssl=1\",\"datePublished\":\"2025-10-15T17:59:07+00:00\",\"dateModified\":\"2025-10-15T17:59:08+00:00\",\"description\":\"M\u00e1s Visi\u00f3n lanza su nueva colecci\u00f3n de armazones y celebra su aniversario apostando por el estilo y la salud visual.\",\"breadcrumb\":{\"@id\":\"https:\\\/\\\/zeromagazine.mx\\\/index.php\\\/2025\\\/10\\\/15\\\/mas-vision-nueva-coleccion-armazones\\\/#breadcrumb\"},\"inLanguage\":\"es\",\"potentialAction\":[{\"@type\":\"ReadAction\",\"target\":[\"https:\\\/\\\/zeromagazine.mx\\\/index.php\\\/2025\\\/10\\\/15\\\/mas-vision-nueva-coleccion-armazones\\\/\"]}]},{\"@type\":\"ImageObject\",\"inLanguage\":\"es\",\"@id\":\"https:\\\/\\\/zeromagazine.mx\\\/index.php\\\/2025\\\/10\\\/15\\\/mas-vision-nueva-coleccion-armazones\\\/#primaryimage\",\"url\":\"https:\\\/\\\/i0.wp.com\\\/zeromagazine.mx\\\/wp-content\\\/uploads\\\/2025\\\/10\\\/1000061871-scaled.jpg?fit=1706%2C2560&ssl=1\",\"contentUrl\":\"https:\\\/\\\/i0.wp.com\\\/zeromagazine.mx\\\/wp-content\\\/uploads\\\/2025\\\/10\\\/1000061871-scaled.jpg?fit=1706%2C2560&ssl=1\",\"width\":1706,\"height\":2560},{\"@type\":\"BreadcrumbList\",\"@id\":\"https:\\\/\\\/zeromagazine.mx\\\/index.php\\\/2025\\\/10\\\/15\\\/mas-vision-nueva-coleccion-armazones\\\/#breadcrumb\",\"itemListElement\":[{\"@type\":\"ListItem\",\"position\":1,\"name\":\"Portada\",\"item\":\"https:\\\/\\\/zeromagazine.mx\\\/\"},{\"@type\":\"ListItem\",\"position\":2,\"name\":\"M\u00e1s Visi\u00f3n lanza colecci\u00f3n que une estilo y salud\"}]},{\"@type\":\"WebSite\",\"@id\":\"https:\\\/\\\/zeromagazine.mx\\\/#website\",\"url\":\"https:\\\/\\\/zeromagazine.mx\\\/\",\"name\":\"Zero Magazine\",\"description\":\"\",\"publisher\":{\"@id\":\"https:\\\/\\\/zeromagazine.mx\\\/#organization\"},\"potentialAction\":[{\"@type\":\"SearchAction\",\"target\":{\"@type\":\"EntryPoint\",\"urlTemplate\":\"https:\\\/\\\/zeromagazine.mx\\\/?s={search_term_string}\"},\"query-input\":{\"@type\":\"PropertyValueSpecification\",\"valueRequired\":true,\"valueName\":\"search_term_string\"}}],\"inLanguage\":\"es\"},{\"@type\":\"Organization\",\"@id\":\"https:\\\/\\\/zeromagazine.mx\\\/#organization\",\"name\":\"Zero Magazine\",\"url\":\"https:\\\/\\\/zeromagazine.mx\\\/\",\"logo\":{\"@type\":\"ImageObject\",\"inLanguage\":\"es\",\"@id\":\"https:\\\/\\\/zeromagazine.mx\\\/#\\\/schema\\\/logo\\\/image\\\/\",\"url\":\"https:\\\/\\\/i0.wp.com\\\/zeromagazine.mx\\\/wp-content\\\/uploads\\\/2025\\\/11\\\/1.jpeg?fit=1000%2C1000&ssl=1\",\"contentUrl\":\"https:\\\/\\\/i0.wp.com\\\/zeromagazine.mx\\\/wp-content\\\/uploads\\\/2025\\\/11\\\/1.jpeg?fit=1000%2C1000&ssl=1\",\"width\":1000,\"height\":1000,\"caption\":\"Zero Magazine\"},\"image\":{\"@id\":\"https:\\\/\\\/zeromagazine.mx\\\/#\\\/schema\\\/logo\\\/image\\\/\"},\"sameAs\":[\"https:\\\/\\\/instagram.com\\\/zeromagazinemx\"]},{\"@type\":\"Person\",\"@id\":\"https:\\\/\\\/zeromagazine.mx\\\/#\\\/schema\\\/person\\\/118d2dc27eca6f07b968c953d12daa6b\",\"name\":\"Luis Trujano\",\"image\":{\"@type\":\"ImageObject\",\"inLanguage\":\"es\",\"@id\":\"https:\\\/\\\/zeromagazine.mx\\\/wp-content\\\/litespeed\\\/avatar\\\/fbd9d1d6aa4d21e2bb5be8b3155046c9.jpg?ver=1777576316\",\"url\":\"https:\\\/\\\/zeromagazine.mx\\\/wp-content\\\/litespeed\\\/avatar\\\/fbd9d1d6aa4d21e2bb5be8b3155046c9.jpg?ver=1777576316\",\"contentUrl\":\"https:\\\/\\\/zeromagazine.mx\\\/wp-content\\\/litespeed\\\/avatar\\\/fbd9d1d6aa4d21e2bb5be8b3155046c9.jpg?ver=1777576316\",\"caption\":\"Luis Trujano\"},\"url\":\"https:\\\/\\\/zeromagazine.mx\\\/index.php\\\/author\\\/luis-trujano\\\/\"}]}<\/script>\n<!-- \/ Yoast SEO plugin. -->","yoast_head_json":{"title":"M\u00e1s Visi\u00f3n lanza colecci\u00f3n que une estilo y salud - Zero Magazine","description":"M\u00e1s Visi\u00f3n lanza su nueva colecci\u00f3n de armazones y celebra su aniversario apostando por el estilo y la salud visual.","robots":{"index":"index","follow":"follow","max-snippet":"max-snippet:-1","max-image-preview":"max-image-preview:large","max-video-preview":"max-video-preview:-1"},"canonical":"https:\/\/zeromagazine.mx\/index.php\/2025\/10\/15\/mas-vision-nueva-coleccion-armazones\/","og_locale":"es_ES","og_type":"article","og_title":"M\u00e1s Visi\u00f3n lanza colecci\u00f3n que une estilo y salud - Zero Magazine","og_description":"M\u00e1s Visi\u00f3n lanza su nueva colecci\u00f3n de armazones y celebra su aniversario apostando por el estilo y la salud visual.","og_url":"https:\/\/zeromagazine.mx\/index.php\/2025\/10\/15\/mas-vision-nueva-coleccion-armazones\/","og_site_name":"Zero Magazine","article_published_time":"2025-10-15T17:59:07+00:00","article_modified_time":"2025-10-15T17:59:08+00:00","og_image":[{"width":1706,"height":2560,"url":"http:\/\/zeromagazine.mx\/wp-content\/uploads\/2025\/10\/1000061871-scaled.jpg","type":"image\/jpeg"}],"author":"Luis Trujano","twitter_card":"summary_large_image","twitter_misc":{"Escrito por":"Luis Trujano","Tiempo de lectura":"3 minutos"},"schema":{"@context":"https:\/\/schema.org","@graph":[{"@type":"Article","@id":"https:\/\/zeromagazine.mx\/index.php\/2025\/10\/15\/mas-vision-nueva-coleccion-armazones\/#article","isPartOf":{"@id":"https:\/\/zeromagazine.mx\/index.php\/2025\/10\/15\/mas-vision-nueva-coleccion-armazones\/"},"author":{"name":"Luis Trujano","@id":"https:\/\/zeromagazine.mx\/#\/schema\/person\/118d2dc27eca6f07b968c953d12daa6b"},"headline":"M\u00e1s Visi\u00f3n lanza colecci\u00f3n que une estilo y salud","datePublished":"2025-10-15T17:59:07+00:00","dateModified":"2025-10-15T17:59:08+00:00","mainEntityOfPage":{"@id":"https:\/\/zeromagazine.mx\/index.php\/2025\/10\/15\/mas-vision-nueva-coleccion-armazones\/"},"wordCount":479,"commentCount":0,"publisher":{"@id":"https:\/\/zeromagazine.mx\/#organization"},"image":{"@id":"https:\/\/zeromagazine.mx\/index.php\/2025\/10\/15\/mas-vision-nueva-coleccion-armazones\/#primaryimage"},"thumbnailUrl":"https:\/\/i0.wp.com\/zeromagazine.mx\/wp-content\/uploads\/2025\/10\/1000061871-scaled.jpg?fit=1706%2C2560&ssl=1","articleSection":["Moda"],"inLanguage":"es","potentialAction":[{"@type":"CommentAction","name":"Comment","target":["https:\/\/zeromagazine.mx\/index.php\/2025\/10\/15\/mas-vision-nueva-coleccion-armazones\/#respond"]}]},{"@type":"WebPage","@id":"https:\/\/zeromagazine.mx\/index.php\/2025\/10\/15\/mas-vision-nueva-coleccion-armazones\/","url":"https:\/\/zeromagazine.mx\/index.php\/2025\/10\/15\/mas-vision-nueva-coleccion-armazones\/","name":"M\u00e1s Visi\u00f3n lanza colecci\u00f3n que une estilo y salud - Zero Magazine","isPartOf":{"@id":"https:\/\/zeromagazine.mx\/#website"},"primaryImageOfPage":{"@id":"https:\/\/zeromagazine.mx\/index.php\/2025\/10\/15\/mas-vision-nueva-coleccion-armazones\/#primaryimage"},"image":{"@id":"https:\/\/zeromagazine.mx\/index.php\/2025\/10\/15\/mas-vision-nueva-coleccion-armazones\/#primaryimage"},"thumbnailUrl":"https:\/\/i0.wp.com\/zeromagazine.mx\/wp-content\/uploads\/2025\/10\/1000061871-scaled.jpg?fit=1706%2C2560&ssl=1","datePublished":"2025-10-15T17:59:07+00:00","dateModified":"2025-10-15T17:59:08+00:00","description":"M\u00e1s Visi\u00f3n lanza su nueva colecci\u00f3n de armazones y celebra su aniversario apostando por el estilo y la salud visual.","breadcrumb":{"@id":"https:\/\/zeromagazine.mx\/index.php\/2025\/10\/15\/mas-vision-nueva-coleccion-armazones\/#breadcrumb"},"inLanguage":"es","potentialAction":[{"@type":"ReadAction","target":["https:\/\/zeromagazine.mx\/index.php\/2025\/10\/15\/mas-vision-nueva-coleccion-armazones\/"]}]},{"@type":"ImageObject","inLanguage":"es","@id":"https:\/\/zeromagazine.mx\/index.php\/2025\/10\/15\/mas-vision-nueva-coleccion-armazones\/#primaryimage","url":"https:\/\/i0.wp.com\/zeromagazine.mx\/wp-content\/uploads\/2025\/10\/1000061871-scaled.jpg?fit=1706%2C2560&ssl=1","contentUrl":"https:\/\/i0.wp.com\/zeromagazine.mx\/wp-content\/uploads\/2025\/10\/1000061871-scaled.jpg?fit=1706%2C2560&ssl=1","width":1706,"height":2560},{"@type":"BreadcrumbList","@id":"https:\/\/zeromagazine.mx\/index.php\/2025\/10\/15\/mas-vision-nueva-coleccion-armazones\/#breadcrumb","itemListElement":[{"@type":"ListItem","position":1,"name":"Portada","item":"https:\/\/zeromagazine.mx\/"},{"@type":"ListItem","position":2,"name":"M\u00e1s Visi\u00f3n lanza colecci\u00f3n que une estilo y salud"}]},{"@type":"WebSite","@id":"https:\/\/zeromagazine.mx\/#website","url":"https:\/\/zeromagazine.mx\/","name":"Zero Magazine","description":"","publisher":{"@id":"https:\/\/zeromagazine.mx\/#organization"},"potentialAction":[{"@type":"SearchAction","target":{"@type":"EntryPoint","urlTemplate":"https:\/\/zeromagazine.mx\/?s={search_term_string}"},"query-input":{"@type":"PropertyValueSpecification","valueRequired":true,"valueName":"search_term_string"}}],"inLanguage":"es"},{"@type":"Organization","@id":"https:\/\/zeromagazine.mx\/#organization","name":"Zero Magazine","url":"https:\/\/zeromagazine.mx\/","logo":{"@type":"ImageObject","inLanguage":"es","@id":"https:\/\/zeromagazine.mx\/#\/schema\/logo\/image\/","url":"https:\/\/i0.wp.com\/zeromagazine.mx\/wp-content\/uploads\/2025\/11\/1.jpeg?fit=1000%2C1000&ssl=1","contentUrl":"https:\/\/i0.wp.com\/zeromagazine.mx\/wp-content\/uploads\/2025\/11\/1.jpeg?fit=1000%2C1000&ssl=1","width":1000,"height":1000,"caption":"Zero Magazine"},"image":{"@id":"https:\/\/zeromagazine.mx\/#\/schema\/logo\/image\/"},"sameAs":["https:\/\/instagram.com\/zeromagazinemx"]},{"@type":"Person","@id":"https:\/\/zeromagazine.mx\/#\/schema\/person\/118d2dc27eca6f07b968c953d12daa6b","name":"Luis Trujano","image":{"@type":"ImageObject","inLanguage":"es","@id":"https:\/\/zeromagazine.mx\/wp-content\/litespeed\/avatar\/fbd9d1d6aa4d21e2bb5be8b3155046c9.jpg?ver=1777576316","url":"https:\/\/zeromagazine.mx\/wp-content\/litespeed\/avatar\/fbd9d1d6aa4d21e2bb5be8b3155046c9.jpg?ver=1777576316","contentUrl":"https:\/\/zeromagazine.mx\/wp-content\/litespeed\/avatar\/fbd9d1d6aa4d21e2bb5be8b3155046c9.jpg?ver=1777576316","caption":"Luis Trujano"},"url":"https:\/\/zeromagazine.mx\/index.php\/author\/luis-trujano\/"}]}},"jetpack_publicize_connections":[],"jetpack_featured_media_url":"https:\/\/i0.wp.com\/zeromagazine.mx\/wp-content\/uploads\/2025\/10\/1000061871-scaled.jpg?fit=1706%2C2560&ssl=1","jetpack-related-posts":[{"id":85525,"url":"https:\/\/zeromagazine.mx\/index.php\/2024\/10\/07\/aniversario-con-estilo-soho-x-paty\/","url_meta":{"origin":109429,"position":0},"title":"\u00abAniversario con Estilo: SOHO x Paty\u00bb","author":"zeromagazinemx","date":"7 de octubre de 2024","format":false,"excerpt":"\u00a1Holaa fashinositas! Esta semana les traigo un chisme que no se pueden perder. La marca mexicana de ropa SOHO est\u00e1 de fiesta porque cumple 30 a\u00f1os y lo celebra de la manera m\u00e1s \u00e9pica posible: \u00a1con una colaboraci\u00f3n exclusiva con la incre\u00edble Paty Cant\u00fa! S\u00ed, as\u00ed como lo oyen, la\u2026","rel":"","context":"En \u00abModa\u00bb","block_context":{"text":"Moda","link":"https:\/\/zeromagazine.mx\/index.php\/category\/moda\/"},"img":{"alt_text":"","src":"https:\/\/i0.wp.com\/zeromagazine.mx\/wp-content\/uploads\/2024\/10\/16-scaled.jpg?fit=1200%2C800&ssl=1&resize=350%2C200","width":350,"height":200,"srcset":"https:\/\/i0.wp.com\/zeromagazine.mx\/wp-content\/uploads\/2024\/10\/16-scaled.jpg?fit=1200%2C800&ssl=1&resize=350%2C200 1x, https:\/\/i0.wp.com\/zeromagazine.mx\/wp-content\/uploads\/2024\/10\/16-scaled.jpg?fit=1200%2C800&ssl=1&resize=525%2C300 1.5x, https:\/\/i0.wp.com\/zeromagazine.mx\/wp-content\/uploads\/2024\/10\/16-scaled.jpg?fit=1200%2C800&ssl=1&resize=700%2C400 2x, https:\/\/i0.wp.com\/zeromagazine.mx\/wp-content\/uploads\/2024\/10\/16-scaled.jpg?fit=1200%2C800&ssl=1&resize=1050%2C600 3x"},"classes":[]},{"id":85117,"url":"https:\/\/zeromagazine.mx\/index.php\/2024\/10\/03\/vibras-mexicanas-guess-otono-2024\/","url_meta":{"origin":109429,"position":1},"title":"\u00abVibras Mexicanas: GUESS Oto\u00f1o 2024\u00bb","author":"zeromagazinemx","date":"3 de octubre de 2024","format":false,"excerpt":"\u00a1Ey, fashion lovers! Les traigo lo m\u00e1s nuevo del mundo de la moda que se est\u00e1 cocinando en la Ciudad de M\u00e9xico. GUESS acaba de lanzar su campa\u00f1a de oto\u00f1o 2024, y no solo se trata de ropa; es un tributo a la incre\u00edble riqueza cultural de nuestro pa\u00eds. Ya\u2026","rel":"","context":"En \u00abEntretenimiento\u00bb","block_context":{"text":"Entretenimiento","link":"https:\/\/zeromagazine.mx\/index.php\/category\/entretenimiento\/"},"img":{"alt_text":"","src":"https:\/\/i0.wp.com\/zeromagazine.mx\/wp-content\/uploads\/2024\/10\/DSC07584-scaled.jpg?fit=1200%2C800&ssl=1&resize=350%2C200","width":350,"height":200,"srcset":"https:\/\/i0.wp.com\/zeromagazine.mx\/wp-content\/uploads\/2024\/10\/DSC07584-scaled.jpg?fit=1200%2C800&ssl=1&resize=350%2C200 1x, https:\/\/i0.wp.com\/zeromagazine.mx\/wp-content\/uploads\/2024\/10\/DSC07584-scaled.jpg?fit=1200%2C800&ssl=1&resize=525%2C300 1.5x, https:\/\/i0.wp.com\/zeromagazine.mx\/wp-content\/uploads\/2024\/10\/DSC07584-scaled.jpg?fit=1200%2C800&ssl=1&resize=700%2C400 2x, https:\/\/i0.wp.com\/zeromagazine.mx\/wp-content\/uploads\/2024\/10\/DSC07584-scaled.jpg?fit=1200%2C800&ssl=1&resize=1050%2C600 3x"},"classes":[]},{"id":113881,"url":"https:\/\/zeromagazine.mx\/index.php\/2026\/01\/22\/zegna-winter-26-estilo-celebridades\/","url_meta":{"origin":109429,"position":2},"title":"ZEGNA Winter 26 redefine elegancia","author":"Luis Trujano","date":"22 de enero de 2026","format":false,"excerpt":"Si algo dej\u00f3 claro ZEGNA Winter 26, es que la elegancia ya no se trata de rigidez ni de reglas imposibles de seguir. Hoy el lujo se siente, se mueve y se vive con intenci\u00f3n. La presentaci\u00f3n de la colecci\u00f3n fue mucho m\u00e1s que una pasarela: fue un statement cultural\u2026","rel":"","context":"En \u00abModa\u00bb","block_context":{"text":"Moda","link":"https:\/\/zeromagazine.mx\/index.php\/category\/moda\/"},"img":{"alt_text":"","src":"https:\/\/i0.wp.com\/zeromagazine.mx\/wp-content\/uploads\/2026\/01\/IMG_6351.png?fit=1200%2C795&ssl=1&resize=350%2C200","width":350,"height":200,"srcset":"https:\/\/i0.wp.com\/zeromagazine.mx\/wp-content\/uploads\/2026\/01\/IMG_6351.png?fit=1200%2C795&ssl=1&resize=350%2C200 1x, https:\/\/i0.wp.com\/zeromagazine.mx\/wp-content\/uploads\/2026\/01\/IMG_6351.png?fit=1200%2C795&ssl=1&resize=525%2C300 1.5x, https:\/\/i0.wp.com\/zeromagazine.mx\/wp-content\/uploads\/2026\/01\/IMG_6351.png?fit=1200%2C795&ssl=1&resize=700%2C400 2x, https:\/\/i0.wp.com\/zeromagazine.mx\/wp-content\/uploads\/2026\/01\/IMG_6351.png?fit=1200%2C795&ssl=1&resize=1050%2C600 3x"},"classes":[]},{"id":107880,"url":"https:\/\/zeromagazine.mx\/index.php\/2025\/09\/12\/valentino-men-bag-fw25\/","url_meta":{"origin":109429,"position":3},"title":"Valentino y la era del men bag","author":"David Morales","date":"12 de septiembre de 2025","format":false,"excerpt":"La moda ya no tiene etiquetas ni barreras: los accesorios dejaron de ser \u201cde hombre\u201d o \u201cde mujer\u201d para convertirse en piezas que hablan de estilo, actitud y personalidad. Y si hay algo que este oto\u00f1o-invierno 2025 est\u00e1 marcando tendencia, es el men bag, el accesorio statement que todo mundo\u2026","rel":"","context":"En \u00abModa\u00bb","block_context":{"text":"Moda","link":"https:\/\/zeromagazine.mx\/index.php\/category\/moda\/"},"img":{"alt_text":"","src":"https:\/\/i0.wp.com\/zeromagazine.mx\/wp-content\/uploads\/2025\/09\/valentino-garavani-nellcote-shoulder-bag-in-grainy-calfskin-2.png?fit=948%2C1200&ssl=1&resize=350%2C200","width":350,"height":200,"srcset":"https:\/\/i0.wp.com\/zeromagazine.mx\/wp-content\/uploads\/2025\/09\/valentino-garavani-nellcote-shoulder-bag-in-grainy-calfskin-2.png?fit=948%2C1200&ssl=1&resize=350%2C200 1x, https:\/\/i0.wp.com\/zeromagazine.mx\/wp-content\/uploads\/2025\/09\/valentino-garavani-nellcote-shoulder-bag-in-grainy-calfskin-2.png?fit=948%2C1200&ssl=1&resize=525%2C300 1.5x, https:\/\/i0.wp.com\/zeromagazine.mx\/wp-content\/uploads\/2025\/09\/valentino-garavani-nellcote-shoulder-bag-in-grainy-calfskin-2.png?fit=948%2C1200&ssl=1&resize=700%2C400 2x"},"classes":[]},{"id":105231,"url":"https:\/\/zeromagazine.mx\/index.php\/2025\/05\/28\/shein-lanza-su-nueva-campana\/","url_meta":{"origin":109429,"position":4},"title":"ATR\u00c9VETE CON EL ESTILO DE SHEIN","author":"David Morales","date":"28 de mayo de 2025","format":false,"excerpt":"Karime Pindter, Priscila Arias y Ana Laura Gonz\u00e1lez se convierten en las nuevas embajadoras de SHEIN M\u00e9xico 2025 con una campa\u00f1a que no solo apuesta por la moda, sino por una forma libre, diversa y valiente de habitar el mundo. Por: El Poderoso Dave La moda no siempre ha sido\u2026","rel":"","context":"En \u00abPortada\u00bb","block_context":{"text":"Portada","link":"https:\/\/zeromagazine.mx\/index.php\/category\/portada\/"},"img":{"alt_text":"","src":"https:\/\/i0.wp.com\/zeromagazine.mx\/wp-content\/uploads\/2025\/05\/IMG_4354.png?fit=927%2C1200&ssl=1&resize=350%2C200","width":350,"height":200,"srcset":"https:\/\/i0.wp.com\/zeromagazine.mx\/wp-content\/uploads\/2025\/05\/IMG_4354.png?fit=927%2C1200&ssl=1&resize=350%2C200 1x, https:\/\/i0.wp.com\/zeromagazine.mx\/wp-content\/uploads\/2025\/05\/IMG_4354.png?fit=927%2C1200&ssl=1&resize=525%2C300 1.5x, https:\/\/i0.wp.com\/zeromagazine.mx\/wp-content\/uploads\/2025\/05\/IMG_4354.png?fit=927%2C1200&ssl=1&resize=700%2C400 2x"},"classes":[]},{"id":103399,"url":"https:\/\/zeromagazine.mx\/index.php\/2025\/05\/08\/jaime-ibiza-lanza-coleccion-rumbo\/","url_meta":{"origin":109429,"position":5},"title":"Jaime Ibiza Lanza Colecci\u00f3n \u00abRUMBO\u00bb","author":"David Morales","date":"8 de mayo de 2025","format":false,"excerpt":"Amix, cada quien construye su camino a su ritmo, con sus decisiones, tropiezos y aciertos. Pero \u00bfqu\u00e9 pasar\u00eda si cada paso viniera acompa\u00f1ado de intenci\u00f3n y estilo? Justo de eso va la nueva campa\u00f1a de Jaime Ibiza, que nos dice con toda la elegancia: marca tu rumbo. Porque s\u00ed, la\u2026","rel":"","context":"En \u00abModa\u00bb","block_context":{"text":"Moda","link":"https:\/\/zeromagazine.mx\/index.php\/category\/moda\/"},"img":{"alt_text":"","src":"https:\/\/i0.wp.com\/zeromagazine.mx\/wp-content\/uploads\/2025\/05\/JI38-copia-scaled.jpg?fit=1200%2C860&ssl=1&resize=350%2C200","width":350,"height":200,"srcset":"https:\/\/i0.wp.com\/zeromagazine.mx\/wp-content\/uploads\/2025\/05\/JI38-copia-scaled.jpg?fit=1200%2C860&ssl=1&resize=350%2C200 1x, https:\/\/i0.wp.com\/zeromagazine.mx\/wp-content\/uploads\/2025\/05\/JI38-copia-scaled.jpg?fit=1200%2C860&ssl=1&resize=525%2C300 1.5x, https:\/\/i0.wp.com\/zeromagazine.mx\/wp-content\/uploads\/2025\/05\/JI38-copia-scaled.jpg?fit=1200%2C860&ssl=1&resize=700%2C400 2x, https:\/\/i0.wp.com\/zeromagazine.mx\/wp-content\/uploads\/2025\/05\/JI38-copia-scaled.jpg?fit=1200%2C860&ssl=1&resize=1050%2C600 3x"},"classes":[]}],"jetpack_sharing_enabled":true,"builder_content":"","_links":{"self":[{"href":"https:\/\/zeromagazine.mx\/index.php\/wp-json\/wp\/v2\/posts\/109429","targetHints":{"allow":["GET"]}}],"collection":[{"href":"https:\/\/zeromagazine.mx\/index.php\/wp-json\/wp\/v2\/posts"}],"about":[{"href":"https:\/\/zeromagazine.mx\/index.php\/wp-json\/wp\/v2\/types\/post"}],"author":[{"embeddable":true,"href":"https:\/\/zeromagazine.mx\/index.php\/wp-json\/wp\/v2\/users\/6"}],"replies":[{"embeddable":true,"href":"https:\/\/zeromagazine.mx\/index.php\/wp-json\/wp\/v2\/comments?post=109429"}],"version-history":[{"count":1,"href":"https:\/\/zeromagazine.mx\/index.php\/wp-json\/wp\/v2\/posts\/109429\/revisions"}],"predecessor-version":[{"id":109433,"href":"https:\/\/zeromagazine.mx\/index.php\/wp-json\/wp\/v2\/posts\/109429\/revisions\/109433"}],"wp:featuredmedia":[{"embeddable":true,"href":"https:\/\/zeromagazine.mx\/index.php\/wp-json\/wp\/v2\/media\/109432"}],"wp:attachment":[{"href":"https:\/\/zeromagazine.mx\/index.php\/wp-json\/wp\/v2\/media?parent=109429"}],"wp:term":[{"taxonomy":"category","embeddable":true,"href":"https:\/\/zeromagazine.mx\/index.php\/wp-json\/wp\/v2\/categories?post=109429"},{"taxonomy":"post_tag","embeddable":true,"href":"https:\/\/zeromagazine.mx\/index.php\/wp-json\/wp\/v2\/tags?post=109429"}],"curies":[{"name":"wp","href":"https:\/\/api.w.org\/{rel}","templated":true}]}}