{"id":109491,"date":"2025-10-16T22:24:47","date_gmt":"2025-10-17T04:24:47","guid":{"rendered":"https:\/\/zeromagazine.mx\/?p=109491"},"modified":"2025-10-16T22:24:49","modified_gmt":"2025-10-17T04:24:49","slug":"fashion-week-mexico-celetina-alexia-ulibarri","status":"publish","type":"post","link":"https:\/\/zeromagazine.mx\/index.php\/2025\/10\/16\/fashion-week-mexico-celetina-alexia-ulibarri\/","title":{"rendered":"Fashion Week M\u00e9xico: magia CELESTINA"},"content":{"rendered":"<!--themify_builder_content-->\n<div id=\"themify_builder_content-109491\" data-postid=\"109491\" class=\"themify_builder_content themify_builder_content-109491 themify_builder tf_clear\">\n    <\/div>\n<!--\/themify_builder_content-->\n\n\n<p>El primer d\u00eda de Fashion Week M\u00e9xico cerr\u00f3 con una dosis de pura fantas\u00eda gracias a Alexia Ulibarri. La dise\u00f1adora mexicana present\u00f3 CELESTINA, una colecci\u00f3n que parece salida de un sue\u00f1o brujil de lujo: tules et\u00e9reos, corseter\u00eda estructurada y una paleta de tonos que viaja entre los pasteles y los colores intensos. Todo con ese toque caracter\u00edstico de Ulibarri que mezcla lo artesanal con lo ultramoderno.<\/p>\n\n\n\n<p>Desde el primer look, el p\u00fablico sab\u00eda que no estaba ante una pasarela cualquiera. Fashion Week M\u00e9xico se transform\u00f3 en un universo donde la moda y la magia se encontraron para hablar de poder femenino, energ\u00eda y transformaci\u00f3n.<\/p>\n\n\n\n<figure class=\"wp-block-image size-full\"><img data-recalc-dims=\"1\" decoding=\"async\" src=\"https:\/\/i0.wp.com\/zeromagazine.mx\/wp-content\/uploads\/2025\/10\/IMG_0357-2.heic?w=1165&#038;ssl=1\" alt=\"\" class=\"wp-image-109492\"\/><\/figure>\n\n\n\n<p>Adem\u00e1s, esta colaboraci\u00f3n con Volvo no solo fue est\u00e9tica: reflej\u00f3 una visi\u00f3n sustentable y vanguardista que encaja con la nueva generaci\u00f3n de consumidores que valoran tanto el estilo como la conciencia ecol\u00f3gica.<\/p>\n\n\n\n<p><strong>Fashion Week M\u00e9xico se llena de magia y poder<\/strong><\/p>\n\n\n\n<p>Por un lado, los dise\u00f1os parec\u00edan tener vida propia. Las capas de tul se mov\u00edan como nubes en movimiento, los corsets delineaban figuras casi et\u00e9reas y los peplums irregulares romp\u00edan con las reglas cl\u00e1sicas de la silueta. Pero m\u00e1s all\u00e1 de lo visual, CELESTINA fue una declaraci\u00f3n de fuerza: una celebraci\u00f3n de la independencia y la feminidad moderna.<br>Por un lado, los dise\u00f1os parec\u00edan tener vida propia. Las capas de tul se mov\u00edan como nubes en movimiento, los corsets delineaban figuras casi et\u00e9reas y los peplums irregulares romp\u00edan con las reglas cl\u00e1sicas de la silueta. Pero m\u00e1s all\u00e1 de lo visual, CELESTINA fue una declaraci\u00f3n de fuerza: una celebraci\u00f3n de la independencia y la feminidad moderna.<\/p>\n\n\n\n<p>Por otra parte, el styling fue una joya futurista. Peinados que cubr\u00edan parcialmente el rostro y botas de tac\u00f3n con aire rebelde crearon una mezcla entre misticismo y energ\u00eda urbana. Era como si cada modelo fuera una hechicera contempor\u00e1nea, segura de su poder y lista para conquistar el mundo (con mucho estilo, claro).<\/p>\n\n\n\n<figure class=\"wp-block-image size-full\"><img data-recalc-dims=\"1\" decoding=\"async\" src=\"https:\/\/i0.wp.com\/zeromagazine.mx\/wp-content\/uploads\/2025\/10\/IMG_0354.heic?w=1165&#038;ssl=1\" alt=\"\" class=\"wp-image-109493\"\/><\/figure>\n\n\n\n<p>Finalmente, lo m\u00e1s interesante fue c\u00f3mo Alexia Ulibarri logr\u00f3 conectar la nostalgia del romanticismo con la est\u00e9tica actual. Sus prendas no solo se usan, se viven. Y esa es, quiz\u00e1s, la verdadera magia detr\u00e1s de CELESTINA: la habilidad de hacerte sentir parte de algo m\u00e1s grande, m\u00e1s poderoso y m\u00e1s tuyo.<\/p>\n\n\n\n<p>En conclusi\u00f3n, Fashion Week M\u00e9xico fue el escenario perfecto para recordarnos por qu\u00e9 la moda mexicana sigue creciendo a nivel internacional. Alexia Ulibarri demostr\u00f3 que las pasarelas no solo son para mostrar ropa, sino para contar historias que empoderan, inspiran y nos hacen creer, aunque sea por un momento, que la magia s\u00ed existe.<\/p>\n\n\n\n<p><\/p>","protected":false},"excerpt":{"rendered":"<p>El primer d\u00eda de Fashion Week M\u00e9xico cerr\u00f3 con una dosis de pura fantas\u00eda gracias a Alexia Ulibarri. La dise\u00f1adora mexicana present\u00f3 CELESTINA, una colecci\u00f3n que parece salida de un sue\u00f1o brujil de lujo: tules et\u00e9reos, corseter\u00eda estructurada y una paleta de tonos que viaja entre los pasteles y los colores intensos. Todo con ese [&hellip;]<\/p>\n","protected":false},"author":2,"featured_media":109492,"comment_status":"open","ping_status":"open","sticky":false,"template":"","format":"standard","meta":{"_jetpack_memberships_contains_paid_content":false,"footnotes":"","jetpack_publicize_message":"","jetpack_publicize_feature_enabled":true,"jetpack_social_post_already_shared":true,"jetpack_social_options":{"image_generator_settings":{"template":"highway","default_image_id":0,"font":"","enabled":false},"version":2}},"categories":[67],"tags":[],"class_list":["post-109491","post","type-post","status-publish","format-standard","has-post-thumbnail","hentry","category-moda","has-post-title","has-post-date","has-post-category","has-post-tag","has-post-comment","has-post-author",""],"yoast_head":"<!-- This site is optimized with the Yoast SEO plugin v27.5 - https:\/\/yoast.com\/product\/yoast-seo-wordpress\/ -->\n<title>Fashion Week M\u00e9xico: magia CELESTINA - Zero Magazine<\/title>\n<meta name=\"description\" content=\"Alexia Ulibarri deslumbra en Fashion Week M\u00e9xico con CELESTINA, una colecci\u00f3n m\u00e1gica llena de poder y feminidad.\" \/>\n<meta name=\"robots\" content=\"index, follow, max-snippet:-1, max-image-preview:large, max-video-preview:-1\" \/>\n<link rel=\"canonical\" href=\"https:\/\/zeromagazine.mx\/index.php\/2025\/10\/16\/fashion-week-mexico-celetina-alexia-ulibarri\/\" \/>\n<meta property=\"og:locale\" content=\"es_ES\" \/>\n<meta property=\"og:type\" content=\"article\" \/>\n<meta property=\"og:title\" content=\"Fashion Week M\u00e9xico: magia CELESTINA - Zero Magazine\" \/>\n<meta property=\"og:description\" content=\"Alexia Ulibarri deslumbra en Fashion Week M\u00e9xico con CELESTINA, una colecci\u00f3n m\u00e1gica llena de poder y feminidad.\" \/>\n<meta property=\"og:url\" content=\"https:\/\/zeromagazine.mx\/index.php\/2025\/10\/16\/fashion-week-mexico-celetina-alexia-ulibarri\/\" \/>\n<meta property=\"og:site_name\" content=\"Zero Magazine\" \/>\n<meta property=\"article:published_time\" content=\"2025-10-17T04:24:47+00:00\" \/>\n<meta property=\"article:modified_time\" content=\"2025-10-17T04:24:49+00:00\" \/>\n<meta name=\"author\" content=\"zeromagazinemx\" \/>\n<meta name=\"twitter:card\" content=\"summary_large_image\" \/>\n<meta name=\"twitter:label1\" content=\"Escrito por\" \/>\n\t<meta name=\"twitter:data1\" content=\"zeromagazinemx\" \/>\n\t<meta name=\"twitter:label2\" content=\"Tiempo de lectura\" \/>\n\t<meta name=\"twitter:data2\" content=\"3 minutos\" \/>\n<script type=\"application\/ld+json\" class=\"yoast-schema-graph\">{\"@context\":\"https:\\\/\\\/schema.org\",\"@graph\":[{\"@type\":\"Article\",\"@id\":\"https:\\\/\\\/zeromagazine.mx\\\/index.php\\\/2025\\\/10\\\/16\\\/fashion-week-mexico-celetina-alexia-ulibarri\\\/#article\",\"isPartOf\":{\"@id\":\"https:\\\/\\\/zeromagazine.mx\\\/index.php\\\/2025\\\/10\\\/16\\\/fashion-week-mexico-celetina-alexia-ulibarri\\\/\"},\"author\":{\"name\":\"zeromagazinemx\",\"@id\":\"https:\\\/\\\/zeromagazine.mx\\\/#\\\/schema\\\/person\\\/9aed9f33a7c39af3a348b86d723f7773\"},\"headline\":\"Fashion Week M\u00e9xico: magia CELESTINA\",\"datePublished\":\"2025-10-17T04:24:47+00:00\",\"dateModified\":\"2025-10-17T04:24:49+00:00\",\"mainEntityOfPage\":{\"@id\":\"https:\\\/\\\/zeromagazine.mx\\\/index.php\\\/2025\\\/10\\\/16\\\/fashion-week-mexico-celetina-alexia-ulibarri\\\/\"},\"wordCount\":478,\"commentCount\":0,\"publisher\":{\"@id\":\"https:\\\/\\\/zeromagazine.mx\\\/#organization\"},\"image\":{\"@id\":\"https:\\\/\\\/zeromagazine.mx\\\/index.php\\\/2025\\\/10\\\/16\\\/fashion-week-mexico-celetina-alexia-ulibarri\\\/#primaryimage\"},\"thumbnailUrl\":\"https:\\\/\\\/i0.wp.com\\\/zeromagazine.mx\\\/wp-content\\\/uploads\\\/2025\\\/10\\\/IMG_0357-2.heic?fit=%2C&ssl=1\",\"articleSection\":[\"Moda\"],\"inLanguage\":\"es\",\"potentialAction\":[{\"@type\":\"CommentAction\",\"name\":\"Comment\",\"target\":[\"https:\\\/\\\/zeromagazine.mx\\\/index.php\\\/2025\\\/10\\\/16\\\/fashion-week-mexico-celetina-alexia-ulibarri\\\/#respond\"]}]},{\"@type\":\"WebPage\",\"@id\":\"https:\\\/\\\/zeromagazine.mx\\\/index.php\\\/2025\\\/10\\\/16\\\/fashion-week-mexico-celetina-alexia-ulibarri\\\/\",\"url\":\"https:\\\/\\\/zeromagazine.mx\\\/index.php\\\/2025\\\/10\\\/16\\\/fashion-week-mexico-celetina-alexia-ulibarri\\\/\",\"name\":\"Fashion Week M\u00e9xico: magia CELESTINA - Zero Magazine\",\"isPartOf\":{\"@id\":\"https:\\\/\\\/zeromagazine.mx\\\/#website\"},\"primaryImageOfPage\":{\"@id\":\"https:\\\/\\\/zeromagazine.mx\\\/index.php\\\/2025\\\/10\\\/16\\\/fashion-week-mexico-celetina-alexia-ulibarri\\\/#primaryimage\"},\"image\":{\"@id\":\"https:\\\/\\\/zeromagazine.mx\\\/index.php\\\/2025\\\/10\\\/16\\\/fashion-week-mexico-celetina-alexia-ulibarri\\\/#primaryimage\"},\"thumbnailUrl\":\"https:\\\/\\\/i0.wp.com\\\/zeromagazine.mx\\\/wp-content\\\/uploads\\\/2025\\\/10\\\/IMG_0357-2.heic?fit=%2C&ssl=1\",\"datePublished\":\"2025-10-17T04:24:47+00:00\",\"dateModified\":\"2025-10-17T04:24:49+00:00\",\"description\":\"Alexia Ulibarri deslumbra en Fashion Week M\u00e9xico con CELESTINA, una colecci\u00f3n m\u00e1gica llena de poder y feminidad.\",\"breadcrumb\":{\"@id\":\"https:\\\/\\\/zeromagazine.mx\\\/index.php\\\/2025\\\/10\\\/16\\\/fashion-week-mexico-celetina-alexia-ulibarri\\\/#breadcrumb\"},\"inLanguage\":\"es\",\"potentialAction\":[{\"@type\":\"ReadAction\",\"target\":[\"https:\\\/\\\/zeromagazine.mx\\\/index.php\\\/2025\\\/10\\\/16\\\/fashion-week-mexico-celetina-alexia-ulibarri\\\/\"]}]},{\"@type\":\"ImageObject\",\"inLanguage\":\"es\",\"@id\":\"https:\\\/\\\/zeromagazine.mx\\\/index.php\\\/2025\\\/10\\\/16\\\/fashion-week-mexico-celetina-alexia-ulibarri\\\/#primaryimage\",\"url\":\"https:\\\/\\\/i0.wp.com\\\/zeromagazine.mx\\\/wp-content\\\/uploads\\\/2025\\\/10\\\/IMG_0357-2.heic?fit=%2C&ssl=1\",\"contentUrl\":\"https:\\\/\\\/i0.wp.com\\\/zeromagazine.mx\\\/wp-content\\\/uploads\\\/2025\\\/10\\\/IMG_0357-2.heic?fit=%2C&ssl=1\"},{\"@type\":\"BreadcrumbList\",\"@id\":\"https:\\\/\\\/zeromagazine.mx\\\/index.php\\\/2025\\\/10\\\/16\\\/fashion-week-mexico-celetina-alexia-ulibarri\\\/#breadcrumb\",\"itemListElement\":[{\"@type\":\"ListItem\",\"position\":1,\"name\":\"Portada\",\"item\":\"https:\\\/\\\/zeromagazine.mx\\\/\"},{\"@type\":\"ListItem\",\"position\":2,\"name\":\"Fashion Week M\u00e9xico: magia CELESTINA\"}]},{\"@type\":\"WebSite\",\"@id\":\"https:\\\/\\\/zeromagazine.mx\\\/#website\",\"url\":\"https:\\\/\\\/zeromagazine.mx\\\/\",\"name\":\"Zero Magazine\",\"description\":\"\",\"publisher\":{\"@id\":\"https:\\\/\\\/zeromagazine.mx\\\/#organization\"},\"potentialAction\":[{\"@type\":\"SearchAction\",\"target\":{\"@type\":\"EntryPoint\",\"urlTemplate\":\"https:\\\/\\\/zeromagazine.mx\\\/?s={search_term_string}\"},\"query-input\":{\"@type\":\"PropertyValueSpecification\",\"valueRequired\":true,\"valueName\":\"search_term_string\"}}],\"inLanguage\":\"es\"},{\"@type\":\"Organization\",\"@id\":\"https:\\\/\\\/zeromagazine.mx\\\/#organization\",\"name\":\"Zero Magazine\",\"url\":\"https:\\\/\\\/zeromagazine.mx\\\/\",\"logo\":{\"@type\":\"ImageObject\",\"inLanguage\":\"es\",\"@id\":\"https:\\\/\\\/zeromagazine.mx\\\/#\\\/schema\\\/logo\\\/image\\\/\",\"url\":\"https:\\\/\\\/i0.wp.com\\\/zeromagazine.mx\\\/wp-content\\\/uploads\\\/2025\\\/11\\\/1.jpeg?fit=1000%2C1000&ssl=1\",\"contentUrl\":\"https:\\\/\\\/i0.wp.com\\\/zeromagazine.mx\\\/wp-content\\\/uploads\\\/2025\\\/11\\\/1.jpeg?fit=1000%2C1000&ssl=1\",\"width\":1000,\"height\":1000,\"caption\":\"Zero Magazine\"},\"image\":{\"@id\":\"https:\\\/\\\/zeromagazine.mx\\\/#\\\/schema\\\/logo\\\/image\\\/\"},\"sameAs\":[\"https:\\\/\\\/instagram.com\\\/zeromagazinemx\"]},{\"@type\":\"Person\",\"@id\":\"https:\\\/\\\/zeromagazine.mx\\\/#\\\/schema\\\/person\\\/9aed9f33a7c39af3a348b86d723f7773\",\"name\":\"zeromagazinemx\",\"image\":{\"@type\":\"ImageObject\",\"inLanguage\":\"es\",\"@id\":\"https:\\\/\\\/zeromagazine.mx\\\/wp-content\\\/litespeed\\\/avatar\\\/f91dfe5410d5dcb1a576bf8c45983896.jpg?ver=1777571230\",\"url\":\"https:\\\/\\\/zeromagazine.mx\\\/wp-content\\\/litespeed\\\/avatar\\\/f91dfe5410d5dcb1a576bf8c45983896.jpg?ver=1777571230\",\"contentUrl\":\"https:\\\/\\\/zeromagazine.mx\\\/wp-content\\\/litespeed\\\/avatar\\\/f91dfe5410d5dcb1a576bf8c45983896.jpg?ver=1777571230\",\"caption\":\"zeromagazinemx\"},\"url\":\"https:\\\/\\\/zeromagazine.mx\\\/index.php\\\/author\\\/zeromagazinemx\\\/\"}]}<\/script>\n<!-- \/ Yoast SEO plugin. -->","yoast_head_json":{"title":"Fashion Week M\u00e9xico: magia CELESTINA - Zero Magazine","description":"Alexia Ulibarri deslumbra en Fashion Week M\u00e9xico con CELESTINA, una colecci\u00f3n m\u00e1gica llena de poder y feminidad.","robots":{"index":"index","follow":"follow","max-snippet":"max-snippet:-1","max-image-preview":"max-image-preview:large","max-video-preview":"max-video-preview:-1"},"canonical":"https:\/\/zeromagazine.mx\/index.php\/2025\/10\/16\/fashion-week-mexico-celetina-alexia-ulibarri\/","og_locale":"es_ES","og_type":"article","og_title":"Fashion Week M\u00e9xico: magia CELESTINA - Zero Magazine","og_description":"Alexia Ulibarri deslumbra en Fashion Week M\u00e9xico con CELESTINA, una colecci\u00f3n m\u00e1gica llena de poder y feminidad.","og_url":"https:\/\/zeromagazine.mx\/index.php\/2025\/10\/16\/fashion-week-mexico-celetina-alexia-ulibarri\/","og_site_name":"Zero Magazine","article_published_time":"2025-10-17T04:24:47+00:00","article_modified_time":"2025-10-17T04:24:49+00:00","author":"zeromagazinemx","twitter_card":"summary_large_image","twitter_misc":{"Escrito por":"zeromagazinemx","Tiempo de lectura":"3 minutos"},"schema":{"@context":"https:\/\/schema.org","@graph":[{"@type":"Article","@id":"https:\/\/zeromagazine.mx\/index.php\/2025\/10\/16\/fashion-week-mexico-celetina-alexia-ulibarri\/#article","isPartOf":{"@id":"https:\/\/zeromagazine.mx\/index.php\/2025\/10\/16\/fashion-week-mexico-celetina-alexia-ulibarri\/"},"author":{"name":"zeromagazinemx","@id":"https:\/\/zeromagazine.mx\/#\/schema\/person\/9aed9f33a7c39af3a348b86d723f7773"},"headline":"Fashion Week M\u00e9xico: magia CELESTINA","datePublished":"2025-10-17T04:24:47+00:00","dateModified":"2025-10-17T04:24:49+00:00","mainEntityOfPage":{"@id":"https:\/\/zeromagazine.mx\/index.php\/2025\/10\/16\/fashion-week-mexico-celetina-alexia-ulibarri\/"},"wordCount":478,"commentCount":0,"publisher":{"@id":"https:\/\/zeromagazine.mx\/#organization"},"image":{"@id":"https:\/\/zeromagazine.mx\/index.php\/2025\/10\/16\/fashion-week-mexico-celetina-alexia-ulibarri\/#primaryimage"},"thumbnailUrl":"https:\/\/i0.wp.com\/zeromagazine.mx\/wp-content\/uploads\/2025\/10\/IMG_0357-2.heic?fit=%2C&ssl=1","articleSection":["Moda"],"inLanguage":"es","potentialAction":[{"@type":"CommentAction","name":"Comment","target":["https:\/\/zeromagazine.mx\/index.php\/2025\/10\/16\/fashion-week-mexico-celetina-alexia-ulibarri\/#respond"]}]},{"@type":"WebPage","@id":"https:\/\/zeromagazine.mx\/index.php\/2025\/10\/16\/fashion-week-mexico-celetina-alexia-ulibarri\/","url":"https:\/\/zeromagazine.mx\/index.php\/2025\/10\/16\/fashion-week-mexico-celetina-alexia-ulibarri\/","name":"Fashion Week M\u00e9xico: magia CELESTINA - Zero Magazine","isPartOf":{"@id":"https:\/\/zeromagazine.mx\/#website"},"primaryImageOfPage":{"@id":"https:\/\/zeromagazine.mx\/index.php\/2025\/10\/16\/fashion-week-mexico-celetina-alexia-ulibarri\/#primaryimage"},"image":{"@id":"https:\/\/zeromagazine.mx\/index.php\/2025\/10\/16\/fashion-week-mexico-celetina-alexia-ulibarri\/#primaryimage"},"thumbnailUrl":"https:\/\/i0.wp.com\/zeromagazine.mx\/wp-content\/uploads\/2025\/10\/IMG_0357-2.heic?fit=%2C&ssl=1","datePublished":"2025-10-17T04:24:47+00:00","dateModified":"2025-10-17T04:24:49+00:00","description":"Alexia Ulibarri deslumbra en Fashion Week M\u00e9xico con CELESTINA, una colecci\u00f3n m\u00e1gica llena de poder y feminidad.","breadcrumb":{"@id":"https:\/\/zeromagazine.mx\/index.php\/2025\/10\/16\/fashion-week-mexico-celetina-alexia-ulibarri\/#breadcrumb"},"inLanguage":"es","potentialAction":[{"@type":"ReadAction","target":["https:\/\/zeromagazine.mx\/index.php\/2025\/10\/16\/fashion-week-mexico-celetina-alexia-ulibarri\/"]}]},{"@type":"ImageObject","inLanguage":"es","@id":"https:\/\/zeromagazine.mx\/index.php\/2025\/10\/16\/fashion-week-mexico-celetina-alexia-ulibarri\/#primaryimage","url":"https:\/\/i0.wp.com\/zeromagazine.mx\/wp-content\/uploads\/2025\/10\/IMG_0357-2.heic?fit=%2C&ssl=1","contentUrl":"https:\/\/i0.wp.com\/zeromagazine.mx\/wp-content\/uploads\/2025\/10\/IMG_0357-2.heic?fit=%2C&ssl=1"},{"@type":"BreadcrumbList","@id":"https:\/\/zeromagazine.mx\/index.php\/2025\/10\/16\/fashion-week-mexico-celetina-alexia-ulibarri\/#breadcrumb","itemListElement":[{"@type":"ListItem","position":1,"name":"Portada","item":"https:\/\/zeromagazine.mx\/"},{"@type":"ListItem","position":2,"name":"Fashion Week M\u00e9xico: magia CELESTINA"}]},{"@type":"WebSite","@id":"https:\/\/zeromagazine.mx\/#website","url":"https:\/\/zeromagazine.mx\/","name":"Zero Magazine","description":"","publisher":{"@id":"https:\/\/zeromagazine.mx\/#organization"},"potentialAction":[{"@type":"SearchAction","target":{"@type":"EntryPoint","urlTemplate":"https:\/\/zeromagazine.mx\/?s={search_term_string}"},"query-input":{"@type":"PropertyValueSpecification","valueRequired":true,"valueName":"search_term_string"}}],"inLanguage":"es"},{"@type":"Organization","@id":"https:\/\/zeromagazine.mx\/#organization","name":"Zero Magazine","url":"https:\/\/zeromagazine.mx\/","logo":{"@type":"ImageObject","inLanguage":"es","@id":"https:\/\/zeromagazine.mx\/#\/schema\/logo\/image\/","url":"https:\/\/i0.wp.com\/zeromagazine.mx\/wp-content\/uploads\/2025\/11\/1.jpeg?fit=1000%2C1000&ssl=1","contentUrl":"https:\/\/i0.wp.com\/zeromagazine.mx\/wp-content\/uploads\/2025\/11\/1.jpeg?fit=1000%2C1000&ssl=1","width":1000,"height":1000,"caption":"Zero Magazine"},"image":{"@id":"https:\/\/zeromagazine.mx\/#\/schema\/logo\/image\/"},"sameAs":["https:\/\/instagram.com\/zeromagazinemx"]},{"@type":"Person","@id":"https:\/\/zeromagazine.mx\/#\/schema\/person\/9aed9f33a7c39af3a348b86d723f7773","name":"zeromagazinemx","image":{"@type":"ImageObject","inLanguage":"es","@id":"https:\/\/zeromagazine.mx\/wp-content\/litespeed\/avatar\/f91dfe5410d5dcb1a576bf8c45983896.jpg?ver=1777571230","url":"https:\/\/zeromagazine.mx\/wp-content\/litespeed\/avatar\/f91dfe5410d5dcb1a576bf8c45983896.jpg?ver=1777571230","contentUrl":"https:\/\/zeromagazine.mx\/wp-content\/litespeed\/avatar\/f91dfe5410d5dcb1a576bf8c45983896.jpg?ver=1777571230","caption":"zeromagazinemx"},"url":"https:\/\/zeromagazine.mx\/index.php\/author\/zeromagazinemx\/"}]}},"jetpack_publicize_connections":[],"jetpack_featured_media_url":"https:\/\/i0.wp.com\/zeromagazine.mx\/wp-content\/uploads\/2025\/10\/IMG_0357-2.heic?fit=%2C&ssl=1","jetpack-related-posts":[{"id":102501,"url":"https:\/\/zeromagazine.mx\/index.php\/2025\/04\/25\/volvo-fashion-week-mexico\/","url_meta":{"origin":109491,"position":0},"title":"Volvo Fashion Week M\u00e9xico","author":"David Morales","date":"25 de abril de 2025","format":false,"excerpt":"Amix, ya no estamos para aplaudir modas que solo brillan en la superficie. Este 2025, la Volvo Fashion Week M\u00e9xico viene a demostrar que el glamour tambi\u00e9n puede tener prop\u00f3sito. Pues del 6 al 9 de mayo, la CDMX se convierte en el epicentro de una nueva era para la\u2026","rel":"","context":"En \u00abModa\u00bb","block_context":{"text":"Moda","link":"https:\/\/zeromagazine.mx\/index.php\/category\/moda\/"},"img":{"alt_text":"","src":"https:\/\/i0.wp.com\/zeromagazine.mx\/wp-content\/uploads\/2025\/04\/tempImageoBLBbw-scaled.jpg?fit=1200%2C800&ssl=1&resize=350%2C200","width":350,"height":200,"srcset":"https:\/\/i0.wp.com\/zeromagazine.mx\/wp-content\/uploads\/2025\/04\/tempImageoBLBbw-scaled.jpg?fit=1200%2C800&ssl=1&resize=350%2C200 1x, https:\/\/i0.wp.com\/zeromagazine.mx\/wp-content\/uploads\/2025\/04\/tempImageoBLBbw-scaled.jpg?fit=1200%2C800&ssl=1&resize=525%2C300 1.5x, https:\/\/i0.wp.com\/zeromagazine.mx\/wp-content\/uploads\/2025\/04\/tempImageoBLBbw-scaled.jpg?fit=1200%2C800&ssl=1&resize=700%2C400 2x, https:\/\/i0.wp.com\/zeromagazine.mx\/wp-content\/uploads\/2025\/04\/tempImageoBLBbw-scaled.jpg?fit=1200%2C800&ssl=1&resize=1050%2C600 3x"},"classes":[]},{"id":104259,"url":"https:\/\/zeromagazine.mx\/index.php\/2025\/05\/16\/el-fashion-week-mexico-se-revive-con-grupo-modelo\/","url_meta":{"origin":109491,"position":1},"title":"El Fashion Week M\u00e9xico Se Revive con Grupo Modelo","author":"David Morales","date":"16 de mayo de 2025","format":false,"excerpt":"Amix, \u00bfse imaginan ver moda mexicana contempor\u00e1nea en el mismo lugar donde naci\u00f3 la Corona? Pues eso justo pas\u00f3 en el Fashion Week M\u00e9xico 2025, cuando la dise\u00f1adora Carla Fern\u00e1ndez present\u00f3 su nueva colecci\u00f3n dentro de la Cervecer\u00eda Modelo, en pleno Lago Alberto. Una pasarela que uni\u00f3 dise\u00f1o, tradici\u00f3n y\u2026","rel":"","context":"En \u00abModa\u00bb","block_context":{"text":"Moda","link":"https:\/\/zeromagazine.mx\/index.php\/category\/moda\/"},"img":{"alt_text":"","src":"https:\/\/i0.wp.com\/zeromagazine.mx\/wp-content\/uploads\/2025\/05\/CARLA-FERNANDEZ-DSC03439-scaled.jpg?fit=800%2C1200&ssl=1&resize=350%2C200","width":350,"height":200,"srcset":"https:\/\/i0.wp.com\/zeromagazine.mx\/wp-content\/uploads\/2025\/05\/CARLA-FERNANDEZ-DSC03439-scaled.jpg?fit=800%2C1200&ssl=1&resize=350%2C200 1x, https:\/\/i0.wp.com\/zeromagazine.mx\/wp-content\/uploads\/2025\/05\/CARLA-FERNANDEZ-DSC03439-scaled.jpg?fit=800%2C1200&ssl=1&resize=525%2C300 1.5x, https:\/\/i0.wp.com\/zeromagazine.mx\/wp-content\/uploads\/2025\/05\/CARLA-FERNANDEZ-DSC03439-scaled.jpg?fit=800%2C1200&ssl=1&resize=700%2C400 2x"},"classes":[]},{"id":118432,"url":"https:\/\/zeromagazine.mx\/index.php\/2026\/04\/14\/iqos-fashion-week-mexico\/","url_meta":{"origin":109491,"position":2},"title":"IQOS Fashion Week M\u00e9xico enciende la curiosidad en Volvo Fashion Week Guadalajara 2026","author":"David Morales","date":"14 de abril de 2026","format":false,"excerpt":"La marca se posiciona como un catalizador cultural dentro de uno de los encuentros creativos m\u00e1s relevantes del pa\u00eds.La moda no solo se ve. Se cuestiona, se siente\u2026 y ahora tambi\u00e9n se explora. IQOS Fashion Week M\u00e9xico: curiosidad como punto de partida Desde\u00a0Ciudad de M\u00e9xico,\u00a0IQOS\u00a0se suma a\u00a0Volvo Fashion Week M\u00e9xico\u00a0edici\u00f3n\u2026","rel":"","context":"En \u00abBlog\u00bb","block_context":{"text":"Blog","link":"https:\/\/zeromagazine.mx\/index.php\/category\/blog\/"},"img":{"alt_text":"","src":"https:\/\/i0.wp.com\/zeromagazine.mx\/wp-content\/uploads\/2026\/04\/IQOS_1-scaled.jpeg?fit=857%2C1200&ssl=1&resize=350%2C200","width":350,"height":200,"srcset":"https:\/\/i0.wp.com\/zeromagazine.mx\/wp-content\/uploads\/2026\/04\/IQOS_1-scaled.jpeg?fit=857%2C1200&ssl=1&resize=350%2C200 1x, https:\/\/i0.wp.com\/zeromagazine.mx\/wp-content\/uploads\/2026\/04\/IQOS_1-scaled.jpeg?fit=857%2C1200&ssl=1&resize=525%2C300 1.5x, https:\/\/i0.wp.com\/zeromagazine.mx\/wp-content\/uploads\/2026\/04\/IQOS_1-scaled.jpeg?fit=857%2C1200&ssl=1&resize=700%2C400 2x"},"classes":[]},{"id":117152,"url":"https:\/\/zeromagazine.mx\/index.php\/2026\/03\/23\/volvo-fashion-week-mexico-guadalajara-2026\/","url_meta":{"origin":109491,"position":3},"title":"Volvo Fashion Week M\u00e9xico vibra","author":"Luis Trujano","date":"23 de marzo de 2026","format":false,"excerpt":"La moda en M\u00e9xico est\u00e1 teniendo un momento, y no es casualidad. Volvo Fashion Week M\u00e9xico est\u00e1 llevando todo a otro nivel al aterrizar en Guadalajara, convirtiendo la ciudad en un hotspot creativo donde el dise\u00f1o, la cultura y el turismo se mezclan de forma muy real. Adem\u00e1s, no se\u2026","rel":"","context":"En \u00abModa\u00bb","block_context":{"text":"Moda","link":"https:\/\/zeromagazine.mx\/index.php\/category\/moda\/"},"img":{"alt_text":"","src":"https:\/\/i0.wp.com\/zeromagazine.mx\/wp-content\/uploads\/2026\/03\/IMG_6579.jpeg?fit=1200%2C800&ssl=1&resize=350%2C200","width":350,"height":200,"srcset":"https:\/\/i0.wp.com\/zeromagazine.mx\/wp-content\/uploads\/2026\/03\/IMG_6579.jpeg?fit=1200%2C800&ssl=1&resize=350%2C200 1x, https:\/\/i0.wp.com\/zeromagazine.mx\/wp-content\/uploads\/2026\/03\/IMG_6579.jpeg?fit=1200%2C800&ssl=1&resize=525%2C300 1.5x, https:\/\/i0.wp.com\/zeromagazine.mx\/wp-content\/uploads\/2026\/03\/IMG_6579.jpeg?fit=1200%2C800&ssl=1&resize=700%2C400 2x, https:\/\/i0.wp.com\/zeromagazine.mx\/wp-content\/uploads\/2026\/03\/IMG_6579.jpeg?fit=1200%2C800&ssl=1&resize=1050%2C600 3x"},"classes":[]},{"id":117164,"url":"https:\/\/zeromagazine.mx\/index.php\/2026\/03\/23\/volvo-fashion-week-mexico-enciende-guadalajara\/","url_meta":{"origin":109491,"position":4},"title":"Volvo Fashion Week M\u00e9xico enciende Guadalajara","author":"Luis Trujano","date":"23 de marzo de 2026","format":false,"excerpt":"La moda mexicana est\u00e1 entrando en una nueva era, y Volvo Fashion Week M\u00e9xico lo est\u00e1 dejando clar\u00edsimo. Esta vez, el epicentro no es Ciudad de M\u00e9xico, sino Guadalajara, que del 14 al 17 de abril se convierte en el punto de encuentro donde dise\u00f1o, cultura y turismo se mezclan\u2026","rel":"","context":"En \u00abBlog\u00bb","block_context":{"text":"Blog","link":"https:\/\/zeromagazine.mx\/index.php\/category\/blog\/"},"img":{"alt_text":"","src":"https:\/\/i0.wp.com\/zeromagazine.mx\/wp-content\/uploads\/2026\/03\/IMG_6579-2.jpeg?fit=1200%2C800&ssl=1&resize=350%2C200","width":350,"height":200,"srcset":"https:\/\/i0.wp.com\/zeromagazine.mx\/wp-content\/uploads\/2026\/03\/IMG_6579-2.jpeg?fit=1200%2C800&ssl=1&resize=350%2C200 1x, https:\/\/i0.wp.com\/zeromagazine.mx\/wp-content\/uploads\/2026\/03\/IMG_6579-2.jpeg?fit=1200%2C800&ssl=1&resize=525%2C300 1.5x, https:\/\/i0.wp.com\/zeromagazine.mx\/wp-content\/uploads\/2026\/03\/IMG_6579-2.jpeg?fit=1200%2C800&ssl=1&resize=700%2C400 2x, https:\/\/i0.wp.com\/zeromagazine.mx\/wp-content\/uploads\/2026\/03\/IMG_6579-2.jpeg?fit=1200%2C800&ssl=1&resize=1050%2C600 3x"},"classes":[]},{"id":118945,"url":"https:\/\/zeromagazine.mx\/index.php\/2026\/04\/18\/fashion-week-mexico-guadalajara-2026\/","url_meta":{"origin":109491,"position":5},"title":"Fashion Week M\u00e9xico vibra Guadalajara","author":"Luis Trujano","date":"18 de abril de 2026","format":false,"excerpt":"La moda mexicana est\u00e1 teniendo un momento, y lo que pas\u00f3 en Volvo Fashion Week M\u00e9xico en Guadalajara lo confirma sin discusi\u00f3n. El segundo d\u00eda no solo fue una pasarela, fue una narrativa completa sobre identidad, ra\u00edces y c\u00f3mo el dise\u00f1o nacional est\u00e1 jugando en otro nivel. Si algo qued\u00f3\u2026","rel":"","context":"En \u00abModa\u00bb","block_context":{"text":"Moda","link":"https:\/\/zeromagazine.mx\/index.php\/category\/moda\/"},"img":{"alt_text":"","src":"https:\/\/i0.wp.com\/zeromagazine.mx\/wp-content\/uploads\/2026\/04\/IMG_6717.jpeg?fit=480%2C720&ssl=1&resize=350%2C200","width":350,"height":200},"classes":[]}],"jetpack_sharing_enabled":true,"builder_content":"","_links":{"self":[{"href":"https:\/\/zeromagazine.mx\/index.php\/wp-json\/wp\/v2\/posts\/109491","targetHints":{"allow":["GET"]}}],"collection":[{"href":"https:\/\/zeromagazine.mx\/index.php\/wp-json\/wp\/v2\/posts"}],"about":[{"href":"https:\/\/zeromagazine.mx\/index.php\/wp-json\/wp\/v2\/types\/post"}],"author":[{"embeddable":true,"href":"https:\/\/zeromagazine.mx\/index.php\/wp-json\/wp\/v2\/users\/2"}],"replies":[{"embeddable":true,"href":"https:\/\/zeromagazine.mx\/index.php\/wp-json\/wp\/v2\/comments?post=109491"}],"version-history":[{"count":1,"href":"https:\/\/zeromagazine.mx\/index.php\/wp-json\/wp\/v2\/posts\/109491\/revisions"}],"predecessor-version":[{"id":109494,"href":"https:\/\/zeromagazine.mx\/index.php\/wp-json\/wp\/v2\/posts\/109491\/revisions\/109494"}],"wp:featuredmedia":[{"embeddable":true,"href":"https:\/\/zeromagazine.mx\/index.php\/wp-json\/wp\/v2\/media\/109492"}],"wp:attachment":[{"href":"https:\/\/zeromagazine.mx\/index.php\/wp-json\/wp\/v2\/media?parent=109491"}],"wp:term":[{"taxonomy":"category","embeddable":true,"href":"https:\/\/zeromagazine.mx\/index.php\/wp-json\/wp\/v2\/categories?post=109491"},{"taxonomy":"post_tag","embeddable":true,"href":"https:\/\/zeromagazine.mx\/index.php\/wp-json\/wp\/v2\/tags?post=109491"}],"curies":[{"name":"wp","href":"https:\/\/api.w.org\/{rel}","templated":true}]}}