{"id":109510,"date":"2025-10-17T19:39:03","date_gmt":"2025-10-18T01:39:03","guid":{"rendered":"https:\/\/zeromagazine.mx\/?p=109510"},"modified":"2025-10-17T19:53:26","modified_gmt":"2025-10-18T01:53:26","slug":"charly-dia-de-muertos-coleccion-metzican","status":"publish","type":"post","link":"https:\/\/zeromagazine.mx\/index.php\/2025\/10\/17\/charly-dia-de-muertos-coleccion-metzican\/","title":{"rendered":"CHARLY D\u00eda de Muertos con estilo"},"content":{"rendered":"<!--themify_builder_content-->\n<div id=\"themify_builder_content-109510\" data-postid=\"109510\" class=\"themify_builder_content themify_builder_content-109510 themify_builder tf_clear\">\n    <\/div>\n<!--\/themify_builder_content-->\n\n\n<p><strong>CHARLY D\u00eda de Muertos: cuando la moda honra la tradici\u00f3n<\/strong><\/p>\n\n\n\n<p>Esta temporada, el esp\u00edritu del CHARLY D\u00eda de Muertos llega con una propuesta que mezcla orgullo, identidad y mucho estilo. La marca mexicana se une a Metzican para lanzar una colecci\u00f3n especial que celebra la vida, el arte y la herencia cultural del pa\u00eds. No es solo ropa: es una forma de llevar nuestras ra\u00edces a la calle con un toque moderno que conecta pasado y presente.<\/p>\n\n\n\n<p>Desde Le\u00f3n, Guanajuato, hasta cada rinc\u00f3n del pa\u00eds, CHARLY demuestra una vez m\u00e1s por qu\u00e9 se ha convertido en una de las marcas m\u00e1s queridas de M\u00e9xico. Con esta colaboraci\u00f3n, reinterpretan los s\u00edmbolos m\u00e1s ic\u00f3nicos del D\u00eda de Muertos \u2014como el colibr\u00ed y el xoloescuincle\u2014 en prendas que mezclan arte gr\u00e1fico con moda urbana.<\/p>\n\n\n\n<figure class=\"wp-block-image size-full\"><img data-recalc-dims=\"1\" decoding=\"async\" width=\"1165\" height=\"1165\" src=\"https:\/\/i0.wp.com\/zeromagazine.mx\/wp-content\/uploads\/2025\/10\/IMG_5661.jpeg?resize=1165%2C1165&#038;ssl=1\" alt=\"\" class=\"wp-image-109513\" srcset=\"https:\/\/i0.wp.com\/zeromagazine.mx\/wp-content\/uploads\/2025\/10\/IMG_5661.jpeg?w=2000&amp;ssl=1 2000w, https:\/\/i0.wp.com\/zeromagazine.mx\/wp-content\/uploads\/2025\/10\/IMG_5661.jpeg?resize=300%2C300&amp;ssl=1 300w, https:\/\/i0.wp.com\/zeromagazine.mx\/wp-content\/uploads\/2025\/10\/IMG_5661.jpeg?resize=1024%2C1024&amp;ssl=1 1024w, https:\/\/i0.wp.com\/zeromagazine.mx\/wp-content\/uploads\/2025\/10\/IMG_5661.jpeg?resize=150%2C150&amp;ssl=1 150w, https:\/\/i0.wp.com\/zeromagazine.mx\/wp-content\/uploads\/2025\/10\/IMG_5661.jpeg?resize=768%2C768&amp;ssl=1 768w, https:\/\/i0.wp.com\/zeromagazine.mx\/wp-content\/uploads\/2025\/10\/IMG_5661.jpeg?resize=1536%2C1536&amp;ssl=1 1536w\" sizes=\"(max-width: 1165px) 100vw, 1165px\" \/><\/figure>\n\n\n\n<p><strong>CHARLY D\u00eda de Muertos: piezas que cuentan historias<\/strong><\/p>\n\n\n\n<p>La colecci\u00f3n incluye una bomber jacket, un hoodie, dos playeras, una gorra y unos tenis glow in the dark. Cada pieza combina materiales de calidad con ilustraciones originales de Metzican, generando una est\u00e9tica que grita orgullo mexicano con estilo contempor\u00e1neo. Los colores son potentes, los detalles vibran, y el concepto detr\u00e1s de cada dise\u00f1o busca conectar con quienes ven la moda como una forma de expresi\u00f3n cultural.<\/p>\n\n\n\n<p>Por ejemplo, los tenis glow in the dark no solo son el highlight de la colecci\u00f3n, tambi\u00e9n simbolizan la idea de que nuestras tradiciones siguen brillando, incluso en la oscuridad. La bomber y el hoodie, con sus gr\u00e1ficos imponentes, son ideales para quienes quieren destacar sin perder la esencia local.<\/p>\n\n\n\n<p>Adem\u00e1s, los precios son accesibles sin sacrificar dise\u00f1o ni calidad, lo que convierte a CHARLY D\u00eda de Muertos en una colecci\u00f3n pensada para quienes valoran tanto la historia como el estilo.<\/p>\n\n\n\n<figure class=\"wp-block-image size-full\"><img data-recalc-dims=\"1\" decoding=\"async\" width=\"1165\" height=\"1165\" src=\"https:\/\/i0.wp.com\/zeromagazine.mx\/wp-content\/uploads\/2025\/10\/IMG_5660.jpeg?resize=1165%2C1165&#038;ssl=1\" alt=\"\" class=\"wp-image-109514\" srcset=\"https:\/\/i0.wp.com\/zeromagazine.mx\/wp-content\/uploads\/2025\/10\/IMG_5660.jpeg?w=2000&amp;ssl=1 2000w, https:\/\/i0.wp.com\/zeromagazine.mx\/wp-content\/uploads\/2025\/10\/IMG_5660.jpeg?resize=300%2C300&amp;ssl=1 300w, https:\/\/i0.wp.com\/zeromagazine.mx\/wp-content\/uploads\/2025\/10\/IMG_5660.jpeg?resize=1024%2C1024&amp;ssl=1 1024w, https:\/\/i0.wp.com\/zeromagazine.mx\/wp-content\/uploads\/2025\/10\/IMG_5660.jpeg?resize=150%2C150&amp;ssl=1 150w, https:\/\/i0.wp.com\/zeromagazine.mx\/wp-content\/uploads\/2025\/10\/IMG_5660.jpeg?resize=768%2C768&amp;ssl=1 768w, https:\/\/i0.wp.com\/zeromagazine.mx\/wp-content\/uploads\/2025\/10\/IMG_5660.jpeg?resize=1536%2C1536&amp;ssl=1 1536w\" sizes=\"(max-width: 1165px) 100vw, 1165px\" \/><\/figure>\n\n\n\n<p><strong>Una colaboraci\u00f3n que celebra lo nuestro<\/strong><\/p>\n\n\n\n<p>Por otro lado, esta colaboraci\u00f3n con Metzican representa mucho m\u00e1s que una simple alianza creativa. Es una forma de amplificar el talento mexicano, de poner en alto nuestras ra\u00edces y de demostrar que lo hecho en M\u00e9xico puede ser tan cool como cualquier lanzamiento internacional.<\/p>\n\n\n\n<p>Asimismo, CHARLY reafirma su compromiso con la comunidad y con la idea de llevar el arte nacional a nuevas generaciones. La marca se ha convertido en un s\u00edmbolo de orgullo local que conecta el deporte, el dise\u00f1o y la identidad en una misma narrativa.<\/p>\n\n\n\n<figure class=\"wp-block-image size-full\"><img data-recalc-dims=\"1\" decoding=\"async\" width=\"1165\" height=\"1165\" src=\"https:\/\/i0.wp.com\/zeromagazine.mx\/wp-content\/uploads\/2025\/10\/IMG_5662.jpeg?resize=1165%2C1165&#038;ssl=1\" alt=\"\" class=\"wp-image-109515\" srcset=\"https:\/\/i0.wp.com\/zeromagazine.mx\/wp-content\/uploads\/2025\/10\/IMG_5662.jpeg?w=2000&amp;ssl=1 2000w, https:\/\/i0.wp.com\/zeromagazine.mx\/wp-content\/uploads\/2025\/10\/IMG_5662.jpeg?resize=300%2C300&amp;ssl=1 300w, https:\/\/i0.wp.com\/zeromagazine.mx\/wp-content\/uploads\/2025\/10\/IMG_5662.jpeg?resize=1024%2C1024&amp;ssl=1 1024w, https:\/\/i0.wp.com\/zeromagazine.mx\/wp-content\/uploads\/2025\/10\/IMG_5662.jpeg?resize=150%2C150&amp;ssl=1 150w, https:\/\/i0.wp.com\/zeromagazine.mx\/wp-content\/uploads\/2025\/10\/IMG_5662.jpeg?resize=768%2C768&amp;ssl=1 768w, https:\/\/i0.wp.com\/zeromagazine.mx\/wp-content\/uploads\/2025\/10\/IMG_5662.jpeg?resize=1536%2C1536&amp;ssl=1 1536w, https:\/\/i0.wp.com\/zeromagazine.mx\/wp-content\/uploads\/2025\/10\/IMG_5662.jpeg?resize=70%2C70&amp;ssl=1 70w, https:\/\/i0.wp.com\/zeromagazine.mx\/wp-content\/uploads\/2025\/10\/IMG_5662.jpeg?resize=47%2C48&amp;ssl=1 47w\" sizes=\"(max-width: 1165px) 100vw, 1165px\" \/><\/figure>\n\n\n\n<p>Finalmente, el CHARLY D\u00eda de Muertos no es solo una colecci\u00f3n, es una invitaci\u00f3n a vestir la cultura mexicana con actitud. A usar cada prenda como una forma de recordar, celebrar y compartir lo que somos: un pa\u00eds con alma, color y tradici\u00f3n.<\/p>\n\n\n\n<p>Disponible desde el 13 de octubre en tiendas CHARLY y en CHARLY.COM, esta colecci\u00f3n promete convertirse en un must para quienes entienden que la moda tambi\u00e9n puede contar historias.<\/p>","protected":false},"excerpt":{"rendered":"<p>CHARLY D\u00eda de Muertos: cuando la moda honra la tradici\u00f3n Esta temporada, el esp\u00edritu del CHARLY D\u00eda de Muertos llega con una propuesta que mezcla orgullo, identidad y mucho estilo. La marca mexicana se une a Metzican para lanzar una colecci\u00f3n especial que celebra la vida, el arte y la herencia cultural del pa\u00eds. No [&hellip;]<\/p>\n","protected":false},"author":6,"featured_media":109515,"comment_status":"open","ping_status":"open","sticky":false,"template":"","format":"standard","meta":{"_jetpack_memberships_contains_paid_content":false,"footnotes":"","jetpack_publicize_message":"","jetpack_publicize_feature_enabled":true,"jetpack_social_post_already_shared":true,"jetpack_social_options":{"image_generator_settings":{"template":"highway","default_image_id":0,"font":"","enabled":false},"version":2}},"categories":[67],"tags":[],"class_list":["post-109510","post","type-post","status-publish","format-standard","has-post-thumbnail","hentry","category-moda","has-post-title","has-post-date","has-post-category","has-post-tag","has-post-comment","has-post-author",""],"yoast_head":"<!-- This site is optimized with the Yoast SEO plugin v27.5 - https:\/\/yoast.com\/product\/yoast-seo-wordpress\/ -->\n<title>CHARLY D\u00eda de Muertos con estilo - Zero Magazine<\/title>\n<meta name=\"description\" content=\"CHARLY D\u00eda de Muertos celebra la tradici\u00f3n mexicana con una colecci\u00f3n creada junto a Metzican.\" \/>\n<meta name=\"robots\" content=\"index, follow, max-snippet:-1, max-image-preview:large, max-video-preview:-1\" \/>\n<link rel=\"canonical\" href=\"https:\/\/zeromagazine.mx\/index.php\/2025\/10\/17\/charly-dia-de-muertos-coleccion-metzican\/\" \/>\n<meta property=\"og:locale\" content=\"es_ES\" \/>\n<meta property=\"og:type\" content=\"article\" \/>\n<meta property=\"og:title\" content=\"CHARLY D\u00eda de Muertos con estilo - Zero Magazine\" \/>\n<meta property=\"og:description\" content=\"CHARLY D\u00eda de Muertos celebra la tradici\u00f3n mexicana con una colecci\u00f3n creada junto a Metzican.\" \/>\n<meta property=\"og:url\" content=\"https:\/\/zeromagazine.mx\/index.php\/2025\/10\/17\/charly-dia-de-muertos-coleccion-metzican\/\" \/>\n<meta property=\"og:site_name\" content=\"Zero Magazine\" \/>\n<meta property=\"article:published_time\" content=\"2025-10-18T01:39:03+00:00\" \/>\n<meta property=\"article:modified_time\" content=\"2025-10-18T01:53:26+00:00\" \/>\n<meta property=\"og:image\" content=\"http:\/\/zeromagazine.mx\/wp-content\/uploads\/2025\/10\/IMG_5662.jpeg\" \/>\n\t<meta property=\"og:image:width\" content=\"2000\" \/>\n\t<meta property=\"og:image:height\" content=\"2000\" \/>\n\t<meta property=\"og:image:type\" content=\"image\/jpeg\" \/>\n<meta name=\"author\" content=\"Luis Trujano\" \/>\n<meta name=\"twitter:card\" content=\"summary_large_image\" \/>\n<meta name=\"twitter:label1\" content=\"Escrito por\" \/>\n\t<meta name=\"twitter:data1\" content=\"Luis Trujano\" \/>\n\t<meta name=\"twitter:label2\" content=\"Tiempo de lectura\" \/>\n\t<meta name=\"twitter:data2\" content=\"3 minutos\" \/>\n<script type=\"application\/ld+json\" class=\"yoast-schema-graph\">{\"@context\":\"https:\\\/\\\/schema.org\",\"@graph\":[{\"@type\":\"Article\",\"@id\":\"https:\\\/\\\/zeromagazine.mx\\\/index.php\\\/2025\\\/10\\\/17\\\/charly-dia-de-muertos-coleccion-metzican\\\/#article\",\"isPartOf\":{\"@id\":\"https:\\\/\\\/zeromagazine.mx\\\/index.php\\\/2025\\\/10\\\/17\\\/charly-dia-de-muertos-coleccion-metzican\\\/\"},\"author\":{\"name\":\"Luis Trujano\",\"@id\":\"https:\\\/\\\/zeromagazine.mx\\\/#\\\/schema\\\/person\\\/118d2dc27eca6f07b968c953d12daa6b\"},\"headline\":\"CHARLY D\u00eda de Muertos con estilo\",\"datePublished\":\"2025-10-18T01:39:03+00:00\",\"dateModified\":\"2025-10-18T01:53:26+00:00\",\"mainEntityOfPage\":{\"@id\":\"https:\\\/\\\/zeromagazine.mx\\\/index.php\\\/2025\\\/10\\\/17\\\/charly-dia-de-muertos-coleccion-metzican\\\/\"},\"wordCount\":508,\"commentCount\":0,\"publisher\":{\"@id\":\"https:\\\/\\\/zeromagazine.mx\\\/#organization\"},\"image\":{\"@id\":\"https:\\\/\\\/zeromagazine.mx\\\/index.php\\\/2025\\\/10\\\/17\\\/charly-dia-de-muertos-coleccion-metzican\\\/#primaryimage\"},\"thumbnailUrl\":\"https:\\\/\\\/i0.wp.com\\\/zeromagazine.mx\\\/wp-content\\\/uploads\\\/2025\\\/10\\\/IMG_5662.jpeg?fit=2000%2C2000&ssl=1\",\"articleSection\":[\"Moda\"],\"inLanguage\":\"es\",\"potentialAction\":[{\"@type\":\"CommentAction\",\"name\":\"Comment\",\"target\":[\"https:\\\/\\\/zeromagazine.mx\\\/index.php\\\/2025\\\/10\\\/17\\\/charly-dia-de-muertos-coleccion-metzican\\\/#respond\"]}]},{\"@type\":\"WebPage\",\"@id\":\"https:\\\/\\\/zeromagazine.mx\\\/index.php\\\/2025\\\/10\\\/17\\\/charly-dia-de-muertos-coleccion-metzican\\\/\",\"url\":\"https:\\\/\\\/zeromagazine.mx\\\/index.php\\\/2025\\\/10\\\/17\\\/charly-dia-de-muertos-coleccion-metzican\\\/\",\"name\":\"CHARLY D\u00eda de Muertos con estilo - Zero Magazine\",\"isPartOf\":{\"@id\":\"https:\\\/\\\/zeromagazine.mx\\\/#website\"},\"primaryImageOfPage\":{\"@id\":\"https:\\\/\\\/zeromagazine.mx\\\/index.php\\\/2025\\\/10\\\/17\\\/charly-dia-de-muertos-coleccion-metzican\\\/#primaryimage\"},\"image\":{\"@id\":\"https:\\\/\\\/zeromagazine.mx\\\/index.php\\\/2025\\\/10\\\/17\\\/charly-dia-de-muertos-coleccion-metzican\\\/#primaryimage\"},\"thumbnailUrl\":\"https:\\\/\\\/i0.wp.com\\\/zeromagazine.mx\\\/wp-content\\\/uploads\\\/2025\\\/10\\\/IMG_5662.jpeg?fit=2000%2C2000&ssl=1\",\"datePublished\":\"2025-10-18T01:39:03+00:00\",\"dateModified\":\"2025-10-18T01:53:26+00:00\",\"description\":\"CHARLY D\u00eda de Muertos celebra la tradici\u00f3n mexicana con una colecci\u00f3n creada junto a Metzican.\",\"breadcrumb\":{\"@id\":\"https:\\\/\\\/zeromagazine.mx\\\/index.php\\\/2025\\\/10\\\/17\\\/charly-dia-de-muertos-coleccion-metzican\\\/#breadcrumb\"},\"inLanguage\":\"es\",\"potentialAction\":[{\"@type\":\"ReadAction\",\"target\":[\"https:\\\/\\\/zeromagazine.mx\\\/index.php\\\/2025\\\/10\\\/17\\\/charly-dia-de-muertos-coleccion-metzican\\\/\"]}]},{\"@type\":\"ImageObject\",\"inLanguage\":\"es\",\"@id\":\"https:\\\/\\\/zeromagazine.mx\\\/index.php\\\/2025\\\/10\\\/17\\\/charly-dia-de-muertos-coleccion-metzican\\\/#primaryimage\",\"url\":\"https:\\\/\\\/i0.wp.com\\\/zeromagazine.mx\\\/wp-content\\\/uploads\\\/2025\\\/10\\\/IMG_5662.jpeg?fit=2000%2C2000&ssl=1\",\"contentUrl\":\"https:\\\/\\\/i0.wp.com\\\/zeromagazine.mx\\\/wp-content\\\/uploads\\\/2025\\\/10\\\/IMG_5662.jpeg?fit=2000%2C2000&ssl=1\",\"width\":2000,\"height\":2000},{\"@type\":\"BreadcrumbList\",\"@id\":\"https:\\\/\\\/zeromagazine.mx\\\/index.php\\\/2025\\\/10\\\/17\\\/charly-dia-de-muertos-coleccion-metzican\\\/#breadcrumb\",\"itemListElement\":[{\"@type\":\"ListItem\",\"position\":1,\"name\":\"Portada\",\"item\":\"https:\\\/\\\/zeromagazine.mx\\\/\"},{\"@type\":\"ListItem\",\"position\":2,\"name\":\"CHARLY D\u00eda de Muertos con estilo\"}]},{\"@type\":\"WebSite\",\"@id\":\"https:\\\/\\\/zeromagazine.mx\\\/#website\",\"url\":\"https:\\\/\\\/zeromagazine.mx\\\/\",\"name\":\"Zero Magazine\",\"description\":\"\",\"publisher\":{\"@id\":\"https:\\\/\\\/zeromagazine.mx\\\/#organization\"},\"potentialAction\":[{\"@type\":\"SearchAction\",\"target\":{\"@type\":\"EntryPoint\",\"urlTemplate\":\"https:\\\/\\\/zeromagazine.mx\\\/?s={search_term_string}\"},\"query-input\":{\"@type\":\"PropertyValueSpecification\",\"valueRequired\":true,\"valueName\":\"search_term_string\"}}],\"inLanguage\":\"es\"},{\"@type\":\"Organization\",\"@id\":\"https:\\\/\\\/zeromagazine.mx\\\/#organization\",\"name\":\"Zero Magazine\",\"url\":\"https:\\\/\\\/zeromagazine.mx\\\/\",\"logo\":{\"@type\":\"ImageObject\",\"inLanguage\":\"es\",\"@id\":\"https:\\\/\\\/zeromagazine.mx\\\/#\\\/schema\\\/logo\\\/image\\\/\",\"url\":\"https:\\\/\\\/i0.wp.com\\\/zeromagazine.mx\\\/wp-content\\\/uploads\\\/2025\\\/11\\\/1.jpeg?fit=1000%2C1000&ssl=1\",\"contentUrl\":\"https:\\\/\\\/i0.wp.com\\\/zeromagazine.mx\\\/wp-content\\\/uploads\\\/2025\\\/11\\\/1.jpeg?fit=1000%2C1000&ssl=1\",\"width\":1000,\"height\":1000,\"caption\":\"Zero Magazine\"},\"image\":{\"@id\":\"https:\\\/\\\/zeromagazine.mx\\\/#\\\/schema\\\/logo\\\/image\\\/\"},\"sameAs\":[\"https:\\\/\\\/instagram.com\\\/zeromagazinemx\"]},{\"@type\":\"Person\",\"@id\":\"https:\\\/\\\/zeromagazine.mx\\\/#\\\/schema\\\/person\\\/118d2dc27eca6f07b968c953d12daa6b\",\"name\":\"Luis Trujano\",\"image\":{\"@type\":\"ImageObject\",\"inLanguage\":\"es\",\"@id\":\"https:\\\/\\\/zeromagazine.mx\\\/wp-content\\\/litespeed\\\/avatar\\\/fbd9d1d6aa4d21e2bb5be8b3155046c9.jpg?ver=1777576316\",\"url\":\"https:\\\/\\\/zeromagazine.mx\\\/wp-content\\\/litespeed\\\/avatar\\\/fbd9d1d6aa4d21e2bb5be8b3155046c9.jpg?ver=1777576316\",\"contentUrl\":\"https:\\\/\\\/zeromagazine.mx\\\/wp-content\\\/litespeed\\\/avatar\\\/fbd9d1d6aa4d21e2bb5be8b3155046c9.jpg?ver=1777576316\",\"caption\":\"Luis Trujano\"},\"url\":\"https:\\\/\\\/zeromagazine.mx\\\/index.php\\\/author\\\/luis-trujano\\\/\"}]}<\/script>\n<!-- \/ Yoast SEO plugin. -->","yoast_head_json":{"title":"CHARLY D\u00eda de Muertos con estilo - Zero Magazine","description":"CHARLY D\u00eda de Muertos celebra la tradici\u00f3n mexicana con una colecci\u00f3n creada junto a Metzican.","robots":{"index":"index","follow":"follow","max-snippet":"max-snippet:-1","max-image-preview":"max-image-preview:large","max-video-preview":"max-video-preview:-1"},"canonical":"https:\/\/zeromagazine.mx\/index.php\/2025\/10\/17\/charly-dia-de-muertos-coleccion-metzican\/","og_locale":"es_ES","og_type":"article","og_title":"CHARLY D\u00eda de Muertos con estilo - Zero Magazine","og_description":"CHARLY D\u00eda de Muertos celebra la tradici\u00f3n mexicana con una colecci\u00f3n creada junto a Metzican.","og_url":"https:\/\/zeromagazine.mx\/index.php\/2025\/10\/17\/charly-dia-de-muertos-coleccion-metzican\/","og_site_name":"Zero Magazine","article_published_time":"2025-10-18T01:39:03+00:00","article_modified_time":"2025-10-18T01:53:26+00:00","og_image":[{"width":2000,"height":2000,"url":"http:\/\/zeromagazine.mx\/wp-content\/uploads\/2025\/10\/IMG_5662.jpeg","type":"image\/jpeg"}],"author":"Luis Trujano","twitter_card":"summary_large_image","twitter_misc":{"Escrito por":"Luis Trujano","Tiempo de lectura":"3 minutos"},"schema":{"@context":"https:\/\/schema.org","@graph":[{"@type":"Article","@id":"https:\/\/zeromagazine.mx\/index.php\/2025\/10\/17\/charly-dia-de-muertos-coleccion-metzican\/#article","isPartOf":{"@id":"https:\/\/zeromagazine.mx\/index.php\/2025\/10\/17\/charly-dia-de-muertos-coleccion-metzican\/"},"author":{"name":"Luis Trujano","@id":"https:\/\/zeromagazine.mx\/#\/schema\/person\/118d2dc27eca6f07b968c953d12daa6b"},"headline":"CHARLY D\u00eda de Muertos con estilo","datePublished":"2025-10-18T01:39:03+00:00","dateModified":"2025-10-18T01:53:26+00:00","mainEntityOfPage":{"@id":"https:\/\/zeromagazine.mx\/index.php\/2025\/10\/17\/charly-dia-de-muertos-coleccion-metzican\/"},"wordCount":508,"commentCount":0,"publisher":{"@id":"https:\/\/zeromagazine.mx\/#organization"},"image":{"@id":"https:\/\/zeromagazine.mx\/index.php\/2025\/10\/17\/charly-dia-de-muertos-coleccion-metzican\/#primaryimage"},"thumbnailUrl":"https:\/\/i0.wp.com\/zeromagazine.mx\/wp-content\/uploads\/2025\/10\/IMG_5662.jpeg?fit=2000%2C2000&ssl=1","articleSection":["Moda"],"inLanguage":"es","potentialAction":[{"@type":"CommentAction","name":"Comment","target":["https:\/\/zeromagazine.mx\/index.php\/2025\/10\/17\/charly-dia-de-muertos-coleccion-metzican\/#respond"]}]},{"@type":"WebPage","@id":"https:\/\/zeromagazine.mx\/index.php\/2025\/10\/17\/charly-dia-de-muertos-coleccion-metzican\/","url":"https:\/\/zeromagazine.mx\/index.php\/2025\/10\/17\/charly-dia-de-muertos-coleccion-metzican\/","name":"CHARLY D\u00eda de Muertos con estilo - Zero Magazine","isPartOf":{"@id":"https:\/\/zeromagazine.mx\/#website"},"primaryImageOfPage":{"@id":"https:\/\/zeromagazine.mx\/index.php\/2025\/10\/17\/charly-dia-de-muertos-coleccion-metzican\/#primaryimage"},"image":{"@id":"https:\/\/zeromagazine.mx\/index.php\/2025\/10\/17\/charly-dia-de-muertos-coleccion-metzican\/#primaryimage"},"thumbnailUrl":"https:\/\/i0.wp.com\/zeromagazine.mx\/wp-content\/uploads\/2025\/10\/IMG_5662.jpeg?fit=2000%2C2000&ssl=1","datePublished":"2025-10-18T01:39:03+00:00","dateModified":"2025-10-18T01:53:26+00:00","description":"CHARLY D\u00eda de Muertos celebra la tradici\u00f3n mexicana con una colecci\u00f3n creada junto a Metzican.","breadcrumb":{"@id":"https:\/\/zeromagazine.mx\/index.php\/2025\/10\/17\/charly-dia-de-muertos-coleccion-metzican\/#breadcrumb"},"inLanguage":"es","potentialAction":[{"@type":"ReadAction","target":["https:\/\/zeromagazine.mx\/index.php\/2025\/10\/17\/charly-dia-de-muertos-coleccion-metzican\/"]}]},{"@type":"ImageObject","inLanguage":"es","@id":"https:\/\/zeromagazine.mx\/index.php\/2025\/10\/17\/charly-dia-de-muertos-coleccion-metzican\/#primaryimage","url":"https:\/\/i0.wp.com\/zeromagazine.mx\/wp-content\/uploads\/2025\/10\/IMG_5662.jpeg?fit=2000%2C2000&ssl=1","contentUrl":"https:\/\/i0.wp.com\/zeromagazine.mx\/wp-content\/uploads\/2025\/10\/IMG_5662.jpeg?fit=2000%2C2000&ssl=1","width":2000,"height":2000},{"@type":"BreadcrumbList","@id":"https:\/\/zeromagazine.mx\/index.php\/2025\/10\/17\/charly-dia-de-muertos-coleccion-metzican\/#breadcrumb","itemListElement":[{"@type":"ListItem","position":1,"name":"Portada","item":"https:\/\/zeromagazine.mx\/"},{"@type":"ListItem","position":2,"name":"CHARLY D\u00eda de Muertos con estilo"}]},{"@type":"WebSite","@id":"https:\/\/zeromagazine.mx\/#website","url":"https:\/\/zeromagazine.mx\/","name":"Zero Magazine","description":"","publisher":{"@id":"https:\/\/zeromagazine.mx\/#organization"},"potentialAction":[{"@type":"SearchAction","target":{"@type":"EntryPoint","urlTemplate":"https:\/\/zeromagazine.mx\/?s={search_term_string}"},"query-input":{"@type":"PropertyValueSpecification","valueRequired":true,"valueName":"search_term_string"}}],"inLanguage":"es"},{"@type":"Organization","@id":"https:\/\/zeromagazine.mx\/#organization","name":"Zero Magazine","url":"https:\/\/zeromagazine.mx\/","logo":{"@type":"ImageObject","inLanguage":"es","@id":"https:\/\/zeromagazine.mx\/#\/schema\/logo\/image\/","url":"https:\/\/i0.wp.com\/zeromagazine.mx\/wp-content\/uploads\/2025\/11\/1.jpeg?fit=1000%2C1000&ssl=1","contentUrl":"https:\/\/i0.wp.com\/zeromagazine.mx\/wp-content\/uploads\/2025\/11\/1.jpeg?fit=1000%2C1000&ssl=1","width":1000,"height":1000,"caption":"Zero Magazine"},"image":{"@id":"https:\/\/zeromagazine.mx\/#\/schema\/logo\/image\/"},"sameAs":["https:\/\/instagram.com\/zeromagazinemx"]},{"@type":"Person","@id":"https:\/\/zeromagazine.mx\/#\/schema\/person\/118d2dc27eca6f07b968c953d12daa6b","name":"Luis Trujano","image":{"@type":"ImageObject","inLanguage":"es","@id":"https:\/\/zeromagazine.mx\/wp-content\/litespeed\/avatar\/fbd9d1d6aa4d21e2bb5be8b3155046c9.jpg?ver=1777576316","url":"https:\/\/zeromagazine.mx\/wp-content\/litespeed\/avatar\/fbd9d1d6aa4d21e2bb5be8b3155046c9.jpg?ver=1777576316","contentUrl":"https:\/\/zeromagazine.mx\/wp-content\/litespeed\/avatar\/fbd9d1d6aa4d21e2bb5be8b3155046c9.jpg?ver=1777576316","caption":"Luis Trujano"},"url":"https:\/\/zeromagazine.mx\/index.php\/author\/luis-trujano\/"}]}},"jetpack_publicize_connections":[],"jetpack_featured_media_url":"https:\/\/i0.wp.com\/zeromagazine.mx\/wp-content\/uploads\/2025\/10\/IMG_5662.jpeg?fit=2000%2C2000&ssl=1","jetpack-related-posts":[{"id":73213,"url":"https:\/\/zeromagazine.mx\/index.php\/2024\/04\/04\/renault-x-charly\/","url_meta":{"origin":109510,"position":0},"title":"Renault x CHARLY","author":"zeromagazinemx","date":"4 de abril de 2024","format":false,"excerpt":"Renault M\u00e9xico est\u00e1 en onda total con una colecci\u00f3n de ropa s\u00faper cool en colaboraci\u00f3n con Charly! Imag\u00ednense, prendas que combinan la elegancia francesa con la creatividad mexicana, \u00a1qu\u00e9 onda! As\u00ed que, prep\u00e1rense para lucir con mucho estilo tanto en las calles como en la pista. Ahora, d\u00e9jenme contarles m\u00e1s\u2026","rel":"","context":"En \u00abModa\u00bb","block_context":{"text":"Moda","link":"https:\/\/zeromagazine.mx\/index.php\/category\/moda\/"},"img":{"alt_text":"","src":"https:\/\/i0.wp.com\/zeromagazine.mx\/wp-content\/uploads\/2024\/04\/CHARLY-RENAULT-3.jpg?fit=1200%2C800&ssl=1&resize=350%2C200","width":350,"height":200,"srcset":"https:\/\/i0.wp.com\/zeromagazine.mx\/wp-content\/uploads\/2024\/04\/CHARLY-RENAULT-3.jpg?fit=1200%2C800&ssl=1&resize=350%2C200 1x, https:\/\/i0.wp.com\/zeromagazine.mx\/wp-content\/uploads\/2024\/04\/CHARLY-RENAULT-3.jpg?fit=1200%2C800&ssl=1&resize=525%2C300 1.5x, https:\/\/i0.wp.com\/zeromagazine.mx\/wp-content\/uploads\/2024\/04\/CHARLY-RENAULT-3.jpg?fit=1200%2C800&ssl=1&resize=700%2C400 2x, https:\/\/i0.wp.com\/zeromagazine.mx\/wp-content\/uploads\/2024\/04\/CHARLY-RENAULT-3.jpg?fit=1200%2C800&ssl=1&resize=1050%2C600 3x"},"classes":[]},{"id":55929,"url":"https:\/\/zeromagazine.mx\/index.php\/2021\/10\/14\/charly-recycle-la-voz-de-la-naturaleza\/","url_meta":{"origin":109510,"position":1},"title":"Charly Recycle, la voz de la Naturaleza","author":"zeromagazinemx","date":"14 de octubre de 2021","format":false,"excerpt":"En los \u00faltimos a\u00f1os hemos visto como cada vez m\u00e1s marcas de ropa y calzado se han unido a la causa de cuidar el medio ambiente, creando productos innovadores de Fashion sin comprometer la calidad de sus productos, Charly es una de esas marcas. Por Luis Lechuga Charly ha sacado\u2026","rel":"","context":"En \u00abBienestar\u00bb","block_context":{"text":"Bienestar","link":"https:\/\/zeromagazine.mx\/index.php\/category\/lifestyle\/bienestar\/"},"img":{"alt_text":"","src":"https:\/\/i0.wp.com\/zeromagazinemx.wpcomstaging.com\/wp-content\/uploads\/2022\/02\/7ab4f-charly_recycle.jpg?resize=350%2C200&ssl=1","width":350,"height":200,"srcset":"https:\/\/i0.wp.com\/zeromagazinemx.wpcomstaging.com\/wp-content\/uploads\/2022\/02\/7ab4f-charly_recycle.jpg?resize=350%2C200&ssl=1 1x, https:\/\/i0.wp.com\/zeromagazinemx.wpcomstaging.com\/wp-content\/uploads\/2022\/02\/7ab4f-charly_recycle.jpg?resize=525%2C300&ssl=1 1.5x, https:\/\/i0.wp.com\/zeromagazinemx.wpcomstaging.com\/wp-content\/uploads\/2022\/02\/7ab4f-charly_recycle.jpg?resize=700%2C400&ssl=1 2x"},"classes":[]},{"id":100525,"url":"https:\/\/zeromagazine.mx\/index.php\/2025\/04\/04\/flow-runner\/","url_meta":{"origin":109510,"position":2},"title":"Flow Runner","author":"David Morales","date":"4 de abril de 2025","format":false,"excerpt":"Amix, si pensabas que correr era esa actividad solitaria y mon\u00f3tona\u2026 pi\u00e9nsalo dos veces. Porque ahora llega una collab que mezcla deporte, comunidad y estilo: CHARLY y Midnight Runners se unieron para llevar el running a otro nivel. Esta alianza no solo habla de ejercicio, sino de crear espacios seguros,\u2026","rel":"","context":"En \u00abModa\u00bb","block_context":{"text":"Moda","link":"https:\/\/zeromagazine.mx\/index.php\/category\/moda\/"},"img":{"alt_text":"","src":"https:\/\/i0.wp.com\/zeromagazine.mx\/wp-content\/uploads\/2025\/04\/Captura-de-pantalla-2025-04-04-151704.png?fit=634%2C826&ssl=1&resize=350%2C200","width":350,"height":200,"srcset":"https:\/\/i0.wp.com\/zeromagazine.mx\/wp-content\/uploads\/2025\/04\/Captura-de-pantalla-2025-04-04-151704.png?fit=634%2C826&ssl=1&resize=350%2C200 1x, https:\/\/i0.wp.com\/zeromagazine.mx\/wp-content\/uploads\/2025\/04\/Captura-de-pantalla-2025-04-04-151704.png?fit=634%2C826&ssl=1&resize=525%2C300 1.5x"},"classes":[]},{"id":88229,"url":"https:\/\/zeromagazine.mx\/index.php\/2024\/10\/23\/urban-pitch-tenis-con-flow-retro\/","url_meta":{"origin":109510,"position":3},"title":"\u00abUrban Pitch: Tenis con Flow Retro\u00bb","author":"zeromagazinemx","date":"23 de octubre de 2024","format":false,"excerpt":"\u00a1Hablemos de los Urban Pitch de CHARLY! Estos tenis son m\u00e1s que solo otro par de kicks. No, no, son un statement, una combinaci\u00f3n entre la historia y la pasi\u00f3n del f\u00fatbol con una vibra est\u00e9tica contempor\u00e1nea que te hace sentir como si estuvieras siempre en tendencia. Si eres fan\u2026","rel":"","context":"En \u00abModa\u00bb","block_context":{"text":"Moda","link":"https:\/\/zeromagazine.mx\/index.php\/category\/moda\/"},"img":{"alt_text":"","src":"https:\/\/i0.wp.com\/zeromagazine.mx\/wp-content\/uploads\/2024\/10\/C3A0412-scaled.jpg?fit=1200%2C800&ssl=1&resize=350%2C200","width":350,"height":200,"srcset":"https:\/\/i0.wp.com\/zeromagazine.mx\/wp-content\/uploads\/2024\/10\/C3A0412-scaled.jpg?fit=1200%2C800&ssl=1&resize=350%2C200 1x, https:\/\/i0.wp.com\/zeromagazine.mx\/wp-content\/uploads\/2024\/10\/C3A0412-scaled.jpg?fit=1200%2C800&ssl=1&resize=525%2C300 1.5x, https:\/\/i0.wp.com\/zeromagazine.mx\/wp-content\/uploads\/2024\/10\/C3A0412-scaled.jpg?fit=1200%2C800&ssl=1&resize=700%2C400 2x, https:\/\/i0.wp.com\/zeromagazine.mx\/wp-content\/uploads\/2024\/10\/C3A0412-scaled.jpg?fit=1200%2C800&ssl=1&resize=1050%2C600 3x"},"classes":[]},{"id":89329,"url":"https:\/\/zeromagazine.mx\/index.php\/2024\/11\/05\/ojitos-de-huevo-temporada-2\/","url_meta":{"origin":109510,"position":4},"title":"Ojitos de Huevo: Temporada 2","author":"zeromagazinemx","date":"5 de noviembre de 2024","format":false,"excerpt":"\u00bfListxs para lo que viene? Porque la segunda temporada de Ojitos de Huevo est\u00e1 a la vuelta de la esquina, y te juro que va a estar m\u00e1s intensa que un marat\u00f3n de memes en Twitter. La fecha de estreno est\u00e1 programda para el 20 de noviembre de 2024, y\u2026","rel":"","context":"En \u00abEntretenimiento\u00bb","block_context":{"text":"Entretenimiento","link":"https:\/\/zeromagazine.mx\/index.php\/category\/entretenimiento\/"},"img":{"alt_text":"","src":"https:\/\/i0.wp.com\/zeromagazine.mx\/wp-content\/uploads\/2024\/11\/ES_MX_Ojitos-de-Huevo-MainKeyArt-Vertical-27x40-sRGB-PRE-scaled.jpg?fit=810%2C1200&ssl=1&resize=350%2C200","width":350,"height":200,"srcset":"https:\/\/i0.wp.com\/zeromagazine.mx\/wp-content\/uploads\/2024\/11\/ES_MX_Ojitos-de-Huevo-MainKeyArt-Vertical-27x40-sRGB-PRE-scaled.jpg?fit=810%2C1200&ssl=1&resize=350%2C200 1x, https:\/\/i0.wp.com\/zeromagazine.mx\/wp-content\/uploads\/2024\/11\/ES_MX_Ojitos-de-Huevo-MainKeyArt-Vertical-27x40-sRGB-PRE-scaled.jpg?fit=810%2C1200&ssl=1&resize=525%2C300 1.5x, https:\/\/i0.wp.com\/zeromagazine.mx\/wp-content\/uploads\/2024\/11\/ES_MX_Ojitos-de-Huevo-MainKeyArt-Vertical-27x40-sRGB-PRE-scaled.jpg?fit=810%2C1200&ssl=1&resize=700%2C400 2x"},"classes":[]},{"id":85820,"url":"https:\/\/zeromagazine.mx\/index.php\/2024\/10\/08\/american-eagle-x-golgo-dia-de-muertos\/","url_meta":{"origin":109510,"position":5},"title":"\u00abAmerican Eagle x Golgo: D\u00eda de Muertos\u00bb","author":"zeromagazinemx","date":"8 de octubre de 2024","format":false,"excerpt":"\u00a1Hola fashionistas! Esta semana quiero hablarles de algo que me tiene super emocionade: la nueva colecci\u00f3n de American Eagle que celebra el D\u00eda de Muertos. S\u00ed, s\u00ed, ya s\u00e9 que estamos en octubre, pero esta collab es demasiado buena como para no mencionarla ya. El Concepto Detr\u00e1s de la Colecci\u00f3n\u2026","rel":"","context":"En \u00abModa\u00bb","block_context":{"text":"Moda","link":"https:\/\/zeromagazine.mx\/index.php\/category\/moda\/"},"img":{"alt_text":"","src":"https:\/\/i0.wp.com\/zeromagazine.mx\/wp-content\/uploads\/2024\/10\/20240820_AMERICA-EAGLE_LAYDOWNS16779-1.jpg?fit=1200%2C800&ssl=1&resize=350%2C200","width":350,"height":200,"srcset":"https:\/\/i0.wp.com\/zeromagazine.mx\/wp-content\/uploads\/2024\/10\/20240820_AMERICA-EAGLE_LAYDOWNS16779-1.jpg?fit=1200%2C800&ssl=1&resize=350%2C200 1x, https:\/\/i0.wp.com\/zeromagazine.mx\/wp-content\/uploads\/2024\/10\/20240820_AMERICA-EAGLE_LAYDOWNS16779-1.jpg?fit=1200%2C800&ssl=1&resize=525%2C300 1.5x, https:\/\/i0.wp.com\/zeromagazine.mx\/wp-content\/uploads\/2024\/10\/20240820_AMERICA-EAGLE_LAYDOWNS16779-1.jpg?fit=1200%2C800&ssl=1&resize=700%2C400 2x, https:\/\/i0.wp.com\/zeromagazine.mx\/wp-content\/uploads\/2024\/10\/20240820_AMERICA-EAGLE_LAYDOWNS16779-1.jpg?fit=1200%2C800&ssl=1&resize=1050%2C600 3x"},"classes":[]}],"jetpack_sharing_enabled":true,"builder_content":"","_links":{"self":[{"href":"https:\/\/zeromagazine.mx\/index.php\/wp-json\/wp\/v2\/posts\/109510","targetHints":{"allow":["GET"]}}],"collection":[{"href":"https:\/\/zeromagazine.mx\/index.php\/wp-json\/wp\/v2\/posts"}],"about":[{"href":"https:\/\/zeromagazine.mx\/index.php\/wp-json\/wp\/v2\/types\/post"}],"author":[{"embeddable":true,"href":"https:\/\/zeromagazine.mx\/index.php\/wp-json\/wp\/v2\/users\/6"}],"replies":[{"embeddable":true,"href":"https:\/\/zeromagazine.mx\/index.php\/wp-json\/wp\/v2\/comments?post=109510"}],"version-history":[{"count":3,"href":"https:\/\/zeromagazine.mx\/index.php\/wp-json\/wp\/v2\/posts\/109510\/revisions"}],"predecessor-version":[{"id":109517,"href":"https:\/\/zeromagazine.mx\/index.php\/wp-json\/wp\/v2\/posts\/109510\/revisions\/109517"}],"wp:featuredmedia":[{"embeddable":true,"href":"https:\/\/zeromagazine.mx\/index.php\/wp-json\/wp\/v2\/media\/109515"}],"wp:attachment":[{"href":"https:\/\/zeromagazine.mx\/index.php\/wp-json\/wp\/v2\/media?parent=109510"}],"wp:term":[{"taxonomy":"category","embeddable":true,"href":"https:\/\/zeromagazine.mx\/index.php\/wp-json\/wp\/v2\/categories?post=109510"},{"taxonomy":"post_tag","embeddable":true,"href":"https:\/\/zeromagazine.mx\/index.php\/wp-json\/wp\/v2\/tags?post=109510"}],"curies":[{"name":"wp","href":"https:\/\/api.w.org\/{rel}","templated":true}]}}