{"id":109597,"date":"2025-10-20T14:29:54","date_gmt":"2025-10-20T20:29:54","guid":{"rendered":"https:\/\/zeromagazine.mx\/?p=109597"},"modified":"2025-10-20T14:29:55","modified_gmt":"2025-10-20T20:29:55","slug":"casetify-fashion-week-mexico","status":"publish","type":"post","link":"https:\/\/zeromagazine.mx\/index.php\/2025\/10\/20\/casetify-fashion-week-mexico\/","title":{"rendered":"CASETiFY Fashion Week M\u00e9xico brilla fuerte"},"content":{"rendered":"<!--themify_builder_content-->\n<div id=\"themify_builder_content-109597\" data-postid=\"109597\" class=\"themify_builder_content themify_builder_content-109597 themify_builder tf_clear\">\n    <\/div>\n<!--\/themify_builder_content-->\n\n\n<p>La moda y la tecnolog\u00eda acaban de tener su momento m\u00e1s cool. CASETiFY Fashion Week M\u00e9xico marca el debut oficial de la marca en la escena fashion nacional con una activaci\u00f3n que lo tiene todo: dise\u00f1o, innovaci\u00f3n y autoexpresi\u00f3n. Y s\u00ed, ya se perfila como uno de los highlights m\u00e1s fotografiados (y compartidos) de la semana.<\/p>\n\n\n\n<figure class=\"wp-block-image size-full\"><img data-recalc-dims=\"1\" decoding=\"async\" width=\"1165\" height=\"1456\" src=\"https:\/\/i0.wp.com\/zeromagazine.mx\/wp-content\/uploads\/2025\/10\/FW_-Redes-sociales-06-scaled.jpg?resize=1165%2C1456&#038;ssl=1\" alt=\"\" class=\"wp-image-109598\" srcset=\"https:\/\/i0.wp.com\/zeromagazine.mx\/wp-content\/uploads\/2025\/10\/FW_-Redes-sociales-06-scaled.jpg?w=2048&amp;ssl=1 2048w, https:\/\/i0.wp.com\/zeromagazine.mx\/wp-content\/uploads\/2025\/10\/FW_-Redes-sociales-06-scaled.jpg?resize=240%2C300&amp;ssl=1 240w, https:\/\/i0.wp.com\/zeromagazine.mx\/wp-content\/uploads\/2025\/10\/FW_-Redes-sociales-06-scaled.jpg?resize=819%2C1024&amp;ssl=1 819w, https:\/\/i0.wp.com\/zeromagazine.mx\/wp-content\/uploads\/2025\/10\/FW_-Redes-sociales-06-scaled.jpg?resize=768%2C960&amp;ssl=1 768w, https:\/\/i0.wp.com\/zeromagazine.mx\/wp-content\/uploads\/2025\/10\/FW_-Redes-sociales-06-scaled.jpg?resize=1229%2C1536&amp;ssl=1 1229w, https:\/\/i0.wp.com\/zeromagazine.mx\/wp-content\/uploads\/2025\/10\/FW_-Redes-sociales-06-scaled.jpg?resize=1638%2C2048&amp;ssl=1 1638w\" sizes=\"(max-width: 1165px) 100vw, 1165px\" \/><\/figure>\n\n\n\n<p>Durante cuatro d\u00edas \u2014del 15 al 18 de octubre\u2014, CASETiFY transform\u00f3 su presencia en una experiencia inmersiva donde el color, el estilo y la creatividad son los protagonistas. Mucho m\u00e1s que fundas para celular, la marca present\u00f3 su portafolio completo: desde fundas para AirPods hasta straps para c\u00e1maras, todos con ese sello visual que grita fashion meets function.<\/p>\n\n\n\n<p>Y lo mejor: esta activaci\u00f3n no solo conquista M\u00e9xico, sino que marca el inicio de una nueva era para el marketing offline de la marca en toda Latinoam\u00e9rica. Porque s\u00ed, las experiencias en vivo est\u00e1n volviendo m\u00e1s fuertes que nunca, y CASETiFY sabe perfectamente c\u00f3mo robar c\u00e1mara.<\/p>\n\n\n\n<p><strong>CASETiFY Fashion Week M\u00e9xico: cuando la creatividad se viste de colaboraci\u00f3n<\/strong><\/p>\n\n\n\n<p>Adem\u00e1s de su impactante presencia f\u00edsica, CASETiFY present\u00f3 una colaboraci\u00f3n exclusiva con Blackmamba, la marca argentina dirigida por la dise\u00f1adora Bianca Siconolfi. Juntas, fusionaron dos mundos: el tech y el fashion, en una pasarela que promete redefinir el significado de \u201caccesorio statement\u201d.<\/p>\n\n\n\n<p>Esta alianza no solo celebra el talento latinoamericano, sino que tambi\u00e9n refleja el esp\u00edritu audaz y experimental que caracteriza a ambas marcas. En palabras del equipo de CASETiFY M\u00e9xico: \u201cNo se trata solo de mostrar productos, sino de crear un universo donde cada persona se vea reflejada\u201d.<\/p>\n\n\n\n<p>Y vaya que lo logran. Con materiales premium, colores vibrantes y una est\u00e9tica que combina lujo, innovaci\u00f3n y autenticidad, esta pop-up demuestra que los accesorios tambi\u00e9n pueden ser una forma de autoexpresi\u00f3n.<\/p>\n\n\n\n<figure class=\"wp-block-image size-full\"><img data-recalc-dims=\"1\" decoding=\"async\" width=\"1165\" height=\"1165\" src=\"https:\/\/i0.wp.com\/zeromagazine.mx\/wp-content\/uploads\/2025\/10\/FW_-Redes-sociales-04-scaled.jpg?resize=1165%2C1165&#038;ssl=1\" alt=\"\" class=\"wp-image-109599\" srcset=\"https:\/\/i0.wp.com\/zeromagazine.mx\/wp-content\/uploads\/2025\/10\/FW_-Redes-sociales-04-scaled.jpg?w=2560&amp;ssl=1 2560w, https:\/\/i0.wp.com\/zeromagazine.mx\/wp-content\/uploads\/2025\/10\/FW_-Redes-sociales-04-scaled.jpg?resize=300%2C300&amp;ssl=1 300w, https:\/\/i0.wp.com\/zeromagazine.mx\/wp-content\/uploads\/2025\/10\/FW_-Redes-sociales-04-scaled.jpg?resize=1024%2C1024&amp;ssl=1 1024w, https:\/\/i0.wp.com\/zeromagazine.mx\/wp-content\/uploads\/2025\/10\/FW_-Redes-sociales-04-scaled.jpg?resize=150%2C150&amp;ssl=1 150w, https:\/\/i0.wp.com\/zeromagazine.mx\/wp-content\/uploads\/2025\/10\/FW_-Redes-sociales-04-scaled.jpg?resize=768%2C768&amp;ssl=1 768w, https:\/\/i0.wp.com\/zeromagazine.mx\/wp-content\/uploads\/2025\/10\/FW_-Redes-sociales-04-scaled.jpg?resize=1536%2C1536&amp;ssl=1 1536w, https:\/\/i0.wp.com\/zeromagazine.mx\/wp-content\/uploads\/2025\/10\/FW_-Redes-sociales-04-scaled.jpg?resize=2048%2C2048&amp;ssl=1 2048w, https:\/\/i0.wp.com\/zeromagazine.mx\/wp-content\/uploads\/2025\/10\/FW_-Redes-sociales-04-scaled.jpg?resize=70%2C70&amp;ssl=1 70w, https:\/\/i0.wp.com\/zeromagazine.mx\/wp-content\/uploads\/2025\/10\/FW_-Redes-sociales-04-scaled.jpg?resize=47%2C48&amp;ssl=1 47w, https:\/\/i0.wp.com\/zeromagazine.mx\/wp-content\/uploads\/2025\/10\/FW_-Redes-sociales-04-scaled.jpg?w=2330 2330w\" sizes=\"(max-width: 1165px) 100vw, 1165px\" \/><\/figure>\n\n\n\n<p><strong>Adem\u00e1s, un universo hecho para destacar<\/strong><\/p>\n\n\n\n<p>Por si fuera poco, CASETiFY Fashion Week M\u00e9xico llega con activaciones dise\u00f1adas para generar interacci\u00f3n, contenido y deseo. Cada rinc\u00f3n est\u00e1 pensado para ser instagrameable, desde los displays llenos de color hasta los espacios donde los visitantes pueden personalizar sus fundas.<\/p>\n\n\n\n<p>Adem\u00e1s, esta experiencia demuestra que la tecnolog\u00eda tambi\u00e9n puede ser fashion. Ya no se trata solo de proteger tus gadgets, sino de hacerlo con estilo, actitud y una historia detr\u00e1s.<\/p>\n\n\n\n<figure class=\"wp-block-image size-full\"><img data-recalc-dims=\"1\" decoding=\"async\" width=\"1165\" height=\"1747\" src=\"https:\/\/i0.wp.com\/zeromagazine.mx\/wp-content\/uploads\/2025\/10\/DSC0748-scaled.jpg?resize=1165%2C1747&#038;ssl=1\" alt=\"\" class=\"wp-image-109600\" srcset=\"https:\/\/i0.wp.com\/zeromagazine.mx\/wp-content\/uploads\/2025\/10\/DSC0748-scaled.jpg?w=1707&amp;ssl=1 1707w, https:\/\/i0.wp.com\/zeromagazine.mx\/wp-content\/uploads\/2025\/10\/DSC0748-scaled.jpg?resize=200%2C300&amp;ssl=1 200w, https:\/\/i0.wp.com\/zeromagazine.mx\/wp-content\/uploads\/2025\/10\/DSC0748-scaled.jpg?resize=683%2C1024&amp;ssl=1 683w, https:\/\/i0.wp.com\/zeromagazine.mx\/wp-content\/uploads\/2025\/10\/DSC0748-scaled.jpg?resize=768%2C1152&amp;ssl=1 768w, https:\/\/i0.wp.com\/zeromagazine.mx\/wp-content\/uploads\/2025\/10\/DSC0748-scaled.jpg?resize=1024%2C1536&amp;ssl=1 1024w, https:\/\/i0.wp.com\/zeromagazine.mx\/wp-content\/uploads\/2025\/10\/DSC0748-scaled.jpg?resize=1365%2C2048&amp;ssl=1 1365w\" sizes=\"(max-width: 1165px) 100vw, 1165px\" \/><\/figure>\n\n\n\n<p>En resumen, CASETiFY Fashion Week M\u00e9xico no es solo una colaboraci\u00f3n ni una activaci\u00f3n m\u00e1s; es una declaraci\u00f3n de identidad. Una invitaci\u00f3n a celebrar la individualidad, la creatividad y el poder de expresarse sin filtros.<\/p>\n\n\n\n<p>Porque si algo est\u00e1 claro, es que CASETiFY no solo dise\u00f1a accesorios: dise\u00f1a momentos que terminan marcando tendencia.<\/p>","protected":false},"excerpt":{"rendered":"<p>La moda y la tecnolog\u00eda acaban de tener su momento m\u00e1s cool. CASETiFY Fashion Week M\u00e9xico marca el debut oficial de la marca en la escena fashion nacional con una activaci\u00f3n que lo tiene todo: dise\u00f1o, innovaci\u00f3n y autoexpresi\u00f3n. Y s\u00ed, ya se perfila como uno de los highlights m\u00e1s fotografiados (y compartidos) de la [&hellip;]<\/p>\n","protected":false},"author":6,"featured_media":109599,"comment_status":"open","ping_status":"open","sticky":false,"template":"","format":"standard","meta":{"_jetpack_memberships_contains_paid_content":false,"footnotes":"","jetpack_publicize_message":"","jetpack_publicize_feature_enabled":true,"jetpack_social_post_already_shared":true,"jetpack_social_options":{"image_generator_settings":{"template":"highway","default_image_id":0,"font":"","enabled":false},"version":2}},"categories":[67],"tags":[],"class_list":["post-109597","post","type-post","status-publish","format-standard","has-post-thumbnail","hentry","category-moda","has-post-title","has-post-date","has-post-category","has-post-tag","has-post-comment","has-post-author",""],"yoast_head":"<!-- This site is optimized with the Yoast SEO plugin v27.5 - https:\/\/yoast.com\/product\/yoast-seo-wordpress\/ -->\n<title>CASETiFY Fashion Week M\u00e9xico brilla fuerte - Zero Magazine<\/title>\n<meta name=\"description\" content=\"CASETiFY Fashion Week M\u00e9xico llega con color, tecnolog\u00eda y estilo en una experiencia inmersiva \u00fanica.\" \/>\n<meta name=\"robots\" content=\"index, follow, max-snippet:-1, max-image-preview:large, max-video-preview:-1\" \/>\n<link rel=\"canonical\" href=\"https:\/\/zeromagazine.mx\/index.php\/2025\/10\/20\/casetify-fashion-week-mexico\/\" \/>\n<meta property=\"og:locale\" content=\"es_ES\" \/>\n<meta property=\"og:type\" content=\"article\" \/>\n<meta property=\"og:title\" content=\"CASETiFY Fashion Week M\u00e9xico brilla fuerte - Zero Magazine\" \/>\n<meta property=\"og:description\" content=\"CASETiFY Fashion Week M\u00e9xico llega con color, tecnolog\u00eda y estilo en una experiencia inmersiva \u00fanica.\" \/>\n<meta property=\"og:url\" content=\"https:\/\/zeromagazine.mx\/index.php\/2025\/10\/20\/casetify-fashion-week-mexico\/\" \/>\n<meta property=\"og:site_name\" content=\"Zero Magazine\" \/>\n<meta property=\"article:published_time\" content=\"2025-10-20T20:29:54+00:00\" \/>\n<meta property=\"article:modified_time\" content=\"2025-10-20T20:29:55+00:00\" \/>\n<meta property=\"og:image\" content=\"http:\/\/zeromagazine.mx\/wp-content\/uploads\/2025\/10\/FW_-Redes-sociales-04-scaled.jpg\" \/>\n\t<meta property=\"og:image:width\" content=\"2560\" \/>\n\t<meta property=\"og:image:height\" content=\"2560\" \/>\n\t<meta property=\"og:image:type\" content=\"image\/jpeg\" \/>\n<meta name=\"author\" content=\"Luis Trujano\" \/>\n<meta name=\"twitter:card\" content=\"summary_large_image\" \/>\n<meta name=\"twitter:label1\" content=\"Escrito por\" \/>\n\t<meta name=\"twitter:data1\" content=\"Luis Trujano\" \/>\n\t<meta name=\"twitter:label2\" content=\"Tiempo de lectura\" \/>\n\t<meta name=\"twitter:data2\" content=\"3 minutos\" \/>\n<script type=\"application\/ld+json\" class=\"yoast-schema-graph\">{\"@context\":\"https:\\\/\\\/schema.org\",\"@graph\":[{\"@type\":\"Article\",\"@id\":\"https:\\\/\\\/zeromagazine.mx\\\/index.php\\\/2025\\\/10\\\/20\\\/casetify-fashion-week-mexico\\\/#article\",\"isPartOf\":{\"@id\":\"https:\\\/\\\/zeromagazine.mx\\\/index.php\\\/2025\\\/10\\\/20\\\/casetify-fashion-week-mexico\\\/\"},\"author\":{\"name\":\"Luis Trujano\",\"@id\":\"https:\\\/\\\/zeromagazine.mx\\\/#\\\/schema\\\/person\\\/118d2dc27eca6f07b968c953d12daa6b\"},\"headline\":\"CASETiFY Fashion Week M\u00e9xico brilla fuerte\",\"datePublished\":\"2025-10-20T20:29:54+00:00\",\"dateModified\":\"2025-10-20T20:29:55+00:00\",\"mainEntityOfPage\":{\"@id\":\"https:\\\/\\\/zeromagazine.mx\\\/index.php\\\/2025\\\/10\\\/20\\\/casetify-fashion-week-mexico\\\/\"},\"wordCount\":476,\"commentCount\":0,\"publisher\":{\"@id\":\"https:\\\/\\\/zeromagazine.mx\\\/#organization\"},\"image\":{\"@id\":\"https:\\\/\\\/zeromagazine.mx\\\/index.php\\\/2025\\\/10\\\/20\\\/casetify-fashion-week-mexico\\\/#primaryimage\"},\"thumbnailUrl\":\"https:\\\/\\\/i0.wp.com\\\/zeromagazine.mx\\\/wp-content\\\/uploads\\\/2025\\\/10\\\/FW_-Redes-sociales-04-scaled.jpg?fit=2560%2C2560&ssl=1\",\"articleSection\":[\"Moda\"],\"inLanguage\":\"es\",\"potentialAction\":[{\"@type\":\"CommentAction\",\"name\":\"Comment\",\"target\":[\"https:\\\/\\\/zeromagazine.mx\\\/index.php\\\/2025\\\/10\\\/20\\\/casetify-fashion-week-mexico\\\/#respond\"]}]},{\"@type\":\"WebPage\",\"@id\":\"https:\\\/\\\/zeromagazine.mx\\\/index.php\\\/2025\\\/10\\\/20\\\/casetify-fashion-week-mexico\\\/\",\"url\":\"https:\\\/\\\/zeromagazine.mx\\\/index.php\\\/2025\\\/10\\\/20\\\/casetify-fashion-week-mexico\\\/\",\"name\":\"CASETiFY Fashion Week M\u00e9xico brilla fuerte - Zero Magazine\",\"isPartOf\":{\"@id\":\"https:\\\/\\\/zeromagazine.mx\\\/#website\"},\"primaryImageOfPage\":{\"@id\":\"https:\\\/\\\/zeromagazine.mx\\\/index.php\\\/2025\\\/10\\\/20\\\/casetify-fashion-week-mexico\\\/#primaryimage\"},\"image\":{\"@id\":\"https:\\\/\\\/zeromagazine.mx\\\/index.php\\\/2025\\\/10\\\/20\\\/casetify-fashion-week-mexico\\\/#primaryimage\"},\"thumbnailUrl\":\"https:\\\/\\\/i0.wp.com\\\/zeromagazine.mx\\\/wp-content\\\/uploads\\\/2025\\\/10\\\/FW_-Redes-sociales-04-scaled.jpg?fit=2560%2C2560&ssl=1\",\"datePublished\":\"2025-10-20T20:29:54+00:00\",\"dateModified\":\"2025-10-20T20:29:55+00:00\",\"description\":\"CASETiFY Fashion Week M\u00e9xico llega con color, tecnolog\u00eda y estilo en una experiencia inmersiva \u00fanica.\",\"breadcrumb\":{\"@id\":\"https:\\\/\\\/zeromagazine.mx\\\/index.php\\\/2025\\\/10\\\/20\\\/casetify-fashion-week-mexico\\\/#breadcrumb\"},\"inLanguage\":\"es\",\"potentialAction\":[{\"@type\":\"ReadAction\",\"target\":[\"https:\\\/\\\/zeromagazine.mx\\\/index.php\\\/2025\\\/10\\\/20\\\/casetify-fashion-week-mexico\\\/\"]}]},{\"@type\":\"ImageObject\",\"inLanguage\":\"es\",\"@id\":\"https:\\\/\\\/zeromagazine.mx\\\/index.php\\\/2025\\\/10\\\/20\\\/casetify-fashion-week-mexico\\\/#primaryimage\",\"url\":\"https:\\\/\\\/i0.wp.com\\\/zeromagazine.mx\\\/wp-content\\\/uploads\\\/2025\\\/10\\\/FW_-Redes-sociales-04-scaled.jpg?fit=2560%2C2560&ssl=1\",\"contentUrl\":\"https:\\\/\\\/i0.wp.com\\\/zeromagazine.mx\\\/wp-content\\\/uploads\\\/2025\\\/10\\\/FW_-Redes-sociales-04-scaled.jpg?fit=2560%2C2560&ssl=1\",\"width\":2560,\"height\":2560},{\"@type\":\"BreadcrumbList\",\"@id\":\"https:\\\/\\\/zeromagazine.mx\\\/index.php\\\/2025\\\/10\\\/20\\\/casetify-fashion-week-mexico\\\/#breadcrumb\",\"itemListElement\":[{\"@type\":\"ListItem\",\"position\":1,\"name\":\"Portada\",\"item\":\"https:\\\/\\\/zeromagazine.mx\\\/\"},{\"@type\":\"ListItem\",\"position\":2,\"name\":\"CASETiFY Fashion Week M\u00e9xico brilla fuerte\"}]},{\"@type\":\"WebSite\",\"@id\":\"https:\\\/\\\/zeromagazine.mx\\\/#website\",\"url\":\"https:\\\/\\\/zeromagazine.mx\\\/\",\"name\":\"Zero Magazine\",\"description\":\"\",\"publisher\":{\"@id\":\"https:\\\/\\\/zeromagazine.mx\\\/#organization\"},\"potentialAction\":[{\"@type\":\"SearchAction\",\"target\":{\"@type\":\"EntryPoint\",\"urlTemplate\":\"https:\\\/\\\/zeromagazine.mx\\\/?s={search_term_string}\"},\"query-input\":{\"@type\":\"PropertyValueSpecification\",\"valueRequired\":true,\"valueName\":\"search_term_string\"}}],\"inLanguage\":\"es\"},{\"@type\":\"Organization\",\"@id\":\"https:\\\/\\\/zeromagazine.mx\\\/#organization\",\"name\":\"Zero Magazine\",\"url\":\"https:\\\/\\\/zeromagazine.mx\\\/\",\"logo\":{\"@type\":\"ImageObject\",\"inLanguage\":\"es\",\"@id\":\"https:\\\/\\\/zeromagazine.mx\\\/#\\\/schema\\\/logo\\\/image\\\/\",\"url\":\"https:\\\/\\\/i0.wp.com\\\/zeromagazine.mx\\\/wp-content\\\/uploads\\\/2025\\\/11\\\/1.jpeg?fit=1000%2C1000&ssl=1\",\"contentUrl\":\"https:\\\/\\\/i0.wp.com\\\/zeromagazine.mx\\\/wp-content\\\/uploads\\\/2025\\\/11\\\/1.jpeg?fit=1000%2C1000&ssl=1\",\"width\":1000,\"height\":1000,\"caption\":\"Zero Magazine\"},\"image\":{\"@id\":\"https:\\\/\\\/zeromagazine.mx\\\/#\\\/schema\\\/logo\\\/image\\\/\"},\"sameAs\":[\"https:\\\/\\\/instagram.com\\\/zeromagazinemx\"]},{\"@type\":\"Person\",\"@id\":\"https:\\\/\\\/zeromagazine.mx\\\/#\\\/schema\\\/person\\\/118d2dc27eca6f07b968c953d12daa6b\",\"name\":\"Luis Trujano\",\"image\":{\"@type\":\"ImageObject\",\"inLanguage\":\"es\",\"@id\":\"https:\\\/\\\/zeromagazine.mx\\\/wp-content\\\/litespeed\\\/avatar\\\/fbd9d1d6aa4d21e2bb5be8b3155046c9.jpg?ver=1777576316\",\"url\":\"https:\\\/\\\/zeromagazine.mx\\\/wp-content\\\/litespeed\\\/avatar\\\/fbd9d1d6aa4d21e2bb5be8b3155046c9.jpg?ver=1777576316\",\"contentUrl\":\"https:\\\/\\\/zeromagazine.mx\\\/wp-content\\\/litespeed\\\/avatar\\\/fbd9d1d6aa4d21e2bb5be8b3155046c9.jpg?ver=1777576316\",\"caption\":\"Luis Trujano\"},\"url\":\"https:\\\/\\\/zeromagazine.mx\\\/index.php\\\/author\\\/luis-trujano\\\/\"}]}<\/script>\n<!-- \/ Yoast SEO plugin. -->","yoast_head_json":{"title":"CASETiFY Fashion Week M\u00e9xico brilla fuerte - Zero Magazine","description":"CASETiFY Fashion Week M\u00e9xico llega con color, tecnolog\u00eda y estilo en una experiencia inmersiva \u00fanica.","robots":{"index":"index","follow":"follow","max-snippet":"max-snippet:-1","max-image-preview":"max-image-preview:large","max-video-preview":"max-video-preview:-1"},"canonical":"https:\/\/zeromagazine.mx\/index.php\/2025\/10\/20\/casetify-fashion-week-mexico\/","og_locale":"es_ES","og_type":"article","og_title":"CASETiFY Fashion Week M\u00e9xico brilla fuerte - Zero Magazine","og_description":"CASETiFY Fashion Week M\u00e9xico llega con color, tecnolog\u00eda y estilo en una experiencia inmersiva \u00fanica.","og_url":"https:\/\/zeromagazine.mx\/index.php\/2025\/10\/20\/casetify-fashion-week-mexico\/","og_site_name":"Zero Magazine","article_published_time":"2025-10-20T20:29:54+00:00","article_modified_time":"2025-10-20T20:29:55+00:00","og_image":[{"width":2560,"height":2560,"url":"http:\/\/zeromagazine.mx\/wp-content\/uploads\/2025\/10\/FW_-Redes-sociales-04-scaled.jpg","type":"image\/jpeg"}],"author":"Luis Trujano","twitter_card":"summary_large_image","twitter_misc":{"Escrito por":"Luis Trujano","Tiempo de lectura":"3 minutos"},"schema":{"@context":"https:\/\/schema.org","@graph":[{"@type":"Article","@id":"https:\/\/zeromagazine.mx\/index.php\/2025\/10\/20\/casetify-fashion-week-mexico\/#article","isPartOf":{"@id":"https:\/\/zeromagazine.mx\/index.php\/2025\/10\/20\/casetify-fashion-week-mexico\/"},"author":{"name":"Luis Trujano","@id":"https:\/\/zeromagazine.mx\/#\/schema\/person\/118d2dc27eca6f07b968c953d12daa6b"},"headline":"CASETiFY Fashion Week M\u00e9xico brilla fuerte","datePublished":"2025-10-20T20:29:54+00:00","dateModified":"2025-10-20T20:29:55+00:00","mainEntityOfPage":{"@id":"https:\/\/zeromagazine.mx\/index.php\/2025\/10\/20\/casetify-fashion-week-mexico\/"},"wordCount":476,"commentCount":0,"publisher":{"@id":"https:\/\/zeromagazine.mx\/#organization"},"image":{"@id":"https:\/\/zeromagazine.mx\/index.php\/2025\/10\/20\/casetify-fashion-week-mexico\/#primaryimage"},"thumbnailUrl":"https:\/\/i0.wp.com\/zeromagazine.mx\/wp-content\/uploads\/2025\/10\/FW_-Redes-sociales-04-scaled.jpg?fit=2560%2C2560&ssl=1","articleSection":["Moda"],"inLanguage":"es","potentialAction":[{"@type":"CommentAction","name":"Comment","target":["https:\/\/zeromagazine.mx\/index.php\/2025\/10\/20\/casetify-fashion-week-mexico\/#respond"]}]},{"@type":"WebPage","@id":"https:\/\/zeromagazine.mx\/index.php\/2025\/10\/20\/casetify-fashion-week-mexico\/","url":"https:\/\/zeromagazine.mx\/index.php\/2025\/10\/20\/casetify-fashion-week-mexico\/","name":"CASETiFY Fashion Week M\u00e9xico brilla fuerte - Zero Magazine","isPartOf":{"@id":"https:\/\/zeromagazine.mx\/#website"},"primaryImageOfPage":{"@id":"https:\/\/zeromagazine.mx\/index.php\/2025\/10\/20\/casetify-fashion-week-mexico\/#primaryimage"},"image":{"@id":"https:\/\/zeromagazine.mx\/index.php\/2025\/10\/20\/casetify-fashion-week-mexico\/#primaryimage"},"thumbnailUrl":"https:\/\/i0.wp.com\/zeromagazine.mx\/wp-content\/uploads\/2025\/10\/FW_-Redes-sociales-04-scaled.jpg?fit=2560%2C2560&ssl=1","datePublished":"2025-10-20T20:29:54+00:00","dateModified":"2025-10-20T20:29:55+00:00","description":"CASETiFY Fashion Week M\u00e9xico llega con color, tecnolog\u00eda y estilo en una experiencia inmersiva \u00fanica.","breadcrumb":{"@id":"https:\/\/zeromagazine.mx\/index.php\/2025\/10\/20\/casetify-fashion-week-mexico\/#breadcrumb"},"inLanguage":"es","potentialAction":[{"@type":"ReadAction","target":["https:\/\/zeromagazine.mx\/index.php\/2025\/10\/20\/casetify-fashion-week-mexico\/"]}]},{"@type":"ImageObject","inLanguage":"es","@id":"https:\/\/zeromagazine.mx\/index.php\/2025\/10\/20\/casetify-fashion-week-mexico\/#primaryimage","url":"https:\/\/i0.wp.com\/zeromagazine.mx\/wp-content\/uploads\/2025\/10\/FW_-Redes-sociales-04-scaled.jpg?fit=2560%2C2560&ssl=1","contentUrl":"https:\/\/i0.wp.com\/zeromagazine.mx\/wp-content\/uploads\/2025\/10\/FW_-Redes-sociales-04-scaled.jpg?fit=2560%2C2560&ssl=1","width":2560,"height":2560},{"@type":"BreadcrumbList","@id":"https:\/\/zeromagazine.mx\/index.php\/2025\/10\/20\/casetify-fashion-week-mexico\/#breadcrumb","itemListElement":[{"@type":"ListItem","position":1,"name":"Portada","item":"https:\/\/zeromagazine.mx\/"},{"@type":"ListItem","position":2,"name":"CASETiFY Fashion Week M\u00e9xico brilla fuerte"}]},{"@type":"WebSite","@id":"https:\/\/zeromagazine.mx\/#website","url":"https:\/\/zeromagazine.mx\/","name":"Zero Magazine","description":"","publisher":{"@id":"https:\/\/zeromagazine.mx\/#organization"},"potentialAction":[{"@type":"SearchAction","target":{"@type":"EntryPoint","urlTemplate":"https:\/\/zeromagazine.mx\/?s={search_term_string}"},"query-input":{"@type":"PropertyValueSpecification","valueRequired":true,"valueName":"search_term_string"}}],"inLanguage":"es"},{"@type":"Organization","@id":"https:\/\/zeromagazine.mx\/#organization","name":"Zero Magazine","url":"https:\/\/zeromagazine.mx\/","logo":{"@type":"ImageObject","inLanguage":"es","@id":"https:\/\/zeromagazine.mx\/#\/schema\/logo\/image\/","url":"https:\/\/i0.wp.com\/zeromagazine.mx\/wp-content\/uploads\/2025\/11\/1.jpeg?fit=1000%2C1000&ssl=1","contentUrl":"https:\/\/i0.wp.com\/zeromagazine.mx\/wp-content\/uploads\/2025\/11\/1.jpeg?fit=1000%2C1000&ssl=1","width":1000,"height":1000,"caption":"Zero Magazine"},"image":{"@id":"https:\/\/zeromagazine.mx\/#\/schema\/logo\/image\/"},"sameAs":["https:\/\/instagram.com\/zeromagazinemx"]},{"@type":"Person","@id":"https:\/\/zeromagazine.mx\/#\/schema\/person\/118d2dc27eca6f07b968c953d12daa6b","name":"Luis Trujano","image":{"@type":"ImageObject","inLanguage":"es","@id":"https:\/\/zeromagazine.mx\/wp-content\/litespeed\/avatar\/fbd9d1d6aa4d21e2bb5be8b3155046c9.jpg?ver=1777576316","url":"https:\/\/zeromagazine.mx\/wp-content\/litespeed\/avatar\/fbd9d1d6aa4d21e2bb5be8b3155046c9.jpg?ver=1777576316","contentUrl":"https:\/\/zeromagazine.mx\/wp-content\/litespeed\/avatar\/fbd9d1d6aa4d21e2bb5be8b3155046c9.jpg?ver=1777576316","caption":"Luis Trujano"},"url":"https:\/\/zeromagazine.mx\/index.php\/author\/luis-trujano\/"}]}},"jetpack_publicize_connections":[],"jetpack_featured_media_url":"https:\/\/i0.wp.com\/zeromagazine.mx\/wp-content\/uploads\/2025\/10\/FW_-Redes-sociales-04-scaled.jpg?fit=2560%2C2560&ssl=1","jetpack-related-posts":[{"id":109143,"url":"https:\/\/zeromagazine.mx\/index.php\/2025\/10\/06\/takashi-murakami-x-casetify-flowers-bloom\/","url_meta":{"origin":109597,"position":0},"title":"Takashi Murakami x CASETiFY: arte que florece","author":"zeromagazinemx","date":"6 de octubre de 2025","format":false,"excerpt":"Si el arte y la tecnolog\u00eda tuvieran un beb\u00e9, definitivamente se llamar\u00eda Takashi Murakami x CASETiFY. El ic\u00f3nico artista japon\u00e9s regresa con su tercera colaboraci\u00f3n junto a la marca tech m\u00e1s fashion del planeta, y s\u00ed: es una locura de color, energ\u00eda y felicidad. Esta nueva entrega, llamada FLOWERS BLOOM,\u2026","rel":"","context":"En \u00abModa\u00bb","block_context":{"text":"Moda","link":"https:\/\/zeromagazine.mx\/index.php\/category\/moda\/"},"img":{"alt_text":"","src":"https:\/\/i0.wp.com\/zeromagazine.mx\/wp-content\/uploads\/2025\/10\/Copy-of-06_PR.jpg?fit=1200%2C800&ssl=1&resize=350%2C200","width":350,"height":200,"srcset":"https:\/\/i0.wp.com\/zeromagazine.mx\/wp-content\/uploads\/2025\/10\/Copy-of-06_PR.jpg?fit=1200%2C800&ssl=1&resize=350%2C200 1x, https:\/\/i0.wp.com\/zeromagazine.mx\/wp-content\/uploads\/2025\/10\/Copy-of-06_PR.jpg?fit=1200%2C800&ssl=1&resize=525%2C300 1.5x, https:\/\/i0.wp.com\/zeromagazine.mx\/wp-content\/uploads\/2025\/10\/Copy-of-06_PR.jpg?fit=1200%2C800&ssl=1&resize=700%2C400 2x, https:\/\/i0.wp.com\/zeromagazine.mx\/wp-content\/uploads\/2025\/10\/Copy-of-06_PR.jpg?fit=1200%2C800&ssl=1&resize=1050%2C600 3x"},"classes":[]},{"id":118432,"url":"https:\/\/zeromagazine.mx\/index.php\/2026\/04\/14\/iqos-fashion-week-mexico\/","url_meta":{"origin":109597,"position":1},"title":"IQOS Fashion Week M\u00e9xico enciende la curiosidad en Volvo Fashion Week Guadalajara 2026","author":"David Morales","date":"14 de abril de 2026","format":false,"excerpt":"La marca se posiciona como un catalizador cultural dentro de uno de los encuentros creativos m\u00e1s relevantes del pa\u00eds.La moda no solo se ve. Se cuestiona, se siente\u2026 y ahora tambi\u00e9n se explora. IQOS Fashion Week M\u00e9xico: curiosidad como punto de partida Desde\u00a0Ciudad de M\u00e9xico,\u00a0IQOS\u00a0se suma a\u00a0Volvo Fashion Week M\u00e9xico\u00a0edici\u00f3n\u2026","rel":"","context":"En \u00abBlog\u00bb","block_context":{"text":"Blog","link":"https:\/\/zeromagazine.mx\/index.php\/category\/blog\/"},"img":{"alt_text":"","src":"https:\/\/i0.wp.com\/zeromagazine.mx\/wp-content\/uploads\/2026\/04\/IQOS_1-scaled.jpeg?fit=857%2C1200&ssl=1&resize=350%2C200","width":350,"height":200,"srcset":"https:\/\/i0.wp.com\/zeromagazine.mx\/wp-content\/uploads\/2026\/04\/IQOS_1-scaled.jpeg?fit=857%2C1200&ssl=1&resize=350%2C200 1x, https:\/\/i0.wp.com\/zeromagazine.mx\/wp-content\/uploads\/2026\/04\/IQOS_1-scaled.jpeg?fit=857%2C1200&ssl=1&resize=525%2C300 1.5x, https:\/\/i0.wp.com\/zeromagazine.mx\/wp-content\/uploads\/2026\/04\/IQOS_1-scaled.jpeg?fit=857%2C1200&ssl=1&resize=700%2C400 2x"},"classes":[]},{"id":104259,"url":"https:\/\/zeromagazine.mx\/index.php\/2025\/05\/16\/el-fashion-week-mexico-se-revive-con-grupo-modelo\/","url_meta":{"origin":109597,"position":2},"title":"El Fashion Week M\u00e9xico Se Revive con Grupo Modelo","author":"David Morales","date":"16 de mayo de 2025","format":false,"excerpt":"Amix, \u00bfse imaginan ver moda mexicana contempor\u00e1nea en el mismo lugar donde naci\u00f3 la Corona? Pues eso justo pas\u00f3 en el Fashion Week M\u00e9xico 2025, cuando la dise\u00f1adora Carla Fern\u00e1ndez present\u00f3 su nueva colecci\u00f3n dentro de la Cervecer\u00eda Modelo, en pleno Lago Alberto. Una pasarela que uni\u00f3 dise\u00f1o, tradici\u00f3n y\u2026","rel":"","context":"En \u00abModa\u00bb","block_context":{"text":"Moda","link":"https:\/\/zeromagazine.mx\/index.php\/category\/moda\/"},"img":{"alt_text":"","src":"https:\/\/i0.wp.com\/zeromagazine.mx\/wp-content\/uploads\/2025\/05\/CARLA-FERNANDEZ-DSC03439-scaled.jpg?fit=800%2C1200&ssl=1&resize=350%2C200","width":350,"height":200,"srcset":"https:\/\/i0.wp.com\/zeromagazine.mx\/wp-content\/uploads\/2025\/05\/CARLA-FERNANDEZ-DSC03439-scaled.jpg?fit=800%2C1200&ssl=1&resize=350%2C200 1x, https:\/\/i0.wp.com\/zeromagazine.mx\/wp-content\/uploads\/2025\/05\/CARLA-FERNANDEZ-DSC03439-scaled.jpg?fit=800%2C1200&ssl=1&resize=525%2C300 1.5x, https:\/\/i0.wp.com\/zeromagazine.mx\/wp-content\/uploads\/2025\/05\/CARLA-FERNANDEZ-DSC03439-scaled.jpg?fit=800%2C1200&ssl=1&resize=700%2C400 2x"},"classes":[]},{"id":112083,"url":"https:\/\/zeromagazine.mx\/index.php\/2025\/12\/24\/casetify-x-stranger-things-coleccion-final\/","url_meta":{"origin":109597,"position":3},"title":"CASETiFY x Stranger Things: Hawkins vuelve","author":"zeromagazinemx","date":"24 de diciembre de 2025","format":false,"excerpt":"Cuando una serie que marc\u00f3 a toda una generaci\u00f3n llega a su final, el hype no se vive en silencio: se lleva puesto. CASETiFY x Stranger Things es esa colaboraci\u00f3n que entiende perfecto lo que significa despedirse de Hawkins con estilo, nostalgia y un mood ligeramente oscuro (suggestivo, pero cool).\u2026","rel":"","context":"En \u00abDise\u00f1o\u00bb","block_context":{"text":"Dise\u00f1o","link":"https:\/\/zeromagazine.mx\/index.php\/category\/diseno\/"},"img":{"alt_text":"","src":"https:\/\/i0.wp.com\/zeromagazine.mx\/wp-content\/uploads\/2025\/12\/1000045812.jpg?fit=1200%2C800&ssl=1&resize=350%2C200","width":350,"height":200,"srcset":"https:\/\/i0.wp.com\/zeromagazine.mx\/wp-content\/uploads\/2025\/12\/1000045812.jpg?fit=1200%2C800&ssl=1&resize=350%2C200 1x, https:\/\/i0.wp.com\/zeromagazine.mx\/wp-content\/uploads\/2025\/12\/1000045812.jpg?fit=1200%2C800&ssl=1&resize=525%2C300 1.5x, https:\/\/i0.wp.com\/zeromagazine.mx\/wp-content\/uploads\/2025\/12\/1000045812.jpg?fit=1200%2C800&ssl=1&resize=700%2C400 2x, https:\/\/i0.wp.com\/zeromagazine.mx\/wp-content\/uploads\/2025\/12\/1000045812.jpg?fit=1200%2C800&ssl=1&resize=1050%2C600 3x"},"classes":[]},{"id":105071,"url":"https:\/\/zeromagazine.mx\/index.php\/2025\/05\/26\/lilo-y-stitch-x-casetify-una-ohana-de-color-tech\/","url_meta":{"origin":109597,"position":4},"title":"Lilo &amp; Stitch x CASETiFY: Un Ohana de Color Tech","author":"David Morales","date":"26 de mayo de 2025","format":false,"excerpt":"Amix, si algo necesitamos para este verano es energ\u00eda tropical, caos adorable y mucho estilo tech. \u00bfY adivinen qu\u00e9? CASETiFY lo entendi\u00f3 todo y se uni\u00f3 con Disney para lanzar una colecci\u00f3n Lilo y Stitch x CASETiFY que grita vibra hawaiana y una ohana de mucho color para tus gadgets.\u2026","rel":"","context":"En \u00abTech\u00bb","block_context":{"text":"Tech","link":"https:\/\/zeromagazine.mx\/index.php\/category\/tech\/"},"img":{"alt_text":"","src":"https:\/\/i0.wp.com\/zeromagazine.mx\/wp-content\/uploads\/2025\/05\/Copy-of-02_PR.jpg?fit=1200%2C800&ssl=1&resize=350%2C200","width":350,"height":200,"srcset":"https:\/\/i0.wp.com\/zeromagazine.mx\/wp-content\/uploads\/2025\/05\/Copy-of-02_PR.jpg?fit=1200%2C800&ssl=1&resize=350%2C200 1x, https:\/\/i0.wp.com\/zeromagazine.mx\/wp-content\/uploads\/2025\/05\/Copy-of-02_PR.jpg?fit=1200%2C800&ssl=1&resize=525%2C300 1.5x, https:\/\/i0.wp.com\/zeromagazine.mx\/wp-content\/uploads\/2025\/05\/Copy-of-02_PR.jpg?fit=1200%2C800&ssl=1&resize=700%2C400 2x, https:\/\/i0.wp.com\/zeromagazine.mx\/wp-content\/uploads\/2025\/05\/Copy-of-02_PR.jpg?fit=1200%2C800&ssl=1&resize=1050%2C600 3x"},"classes":[]},{"id":117152,"url":"https:\/\/zeromagazine.mx\/index.php\/2026\/03\/23\/volvo-fashion-week-mexico-guadalajara-2026\/","url_meta":{"origin":109597,"position":5},"title":"Volvo Fashion Week M\u00e9xico vibra","author":"Luis Trujano","date":"23 de marzo de 2026","format":false,"excerpt":"La moda en M\u00e9xico est\u00e1 teniendo un momento, y no es casualidad. Volvo Fashion Week M\u00e9xico est\u00e1 llevando todo a otro nivel al aterrizar en Guadalajara, convirtiendo la ciudad en un hotspot creativo donde el dise\u00f1o, la cultura y el turismo se mezclan de forma muy real. Adem\u00e1s, no se\u2026","rel":"","context":"En \u00abModa\u00bb","block_context":{"text":"Moda","link":"https:\/\/zeromagazine.mx\/index.php\/category\/moda\/"},"img":{"alt_text":"","src":"https:\/\/i0.wp.com\/zeromagazine.mx\/wp-content\/uploads\/2026\/03\/IMG_6579.jpeg?fit=1200%2C800&ssl=1&resize=350%2C200","width":350,"height":200,"srcset":"https:\/\/i0.wp.com\/zeromagazine.mx\/wp-content\/uploads\/2026\/03\/IMG_6579.jpeg?fit=1200%2C800&ssl=1&resize=350%2C200 1x, https:\/\/i0.wp.com\/zeromagazine.mx\/wp-content\/uploads\/2026\/03\/IMG_6579.jpeg?fit=1200%2C800&ssl=1&resize=525%2C300 1.5x, https:\/\/i0.wp.com\/zeromagazine.mx\/wp-content\/uploads\/2026\/03\/IMG_6579.jpeg?fit=1200%2C800&ssl=1&resize=700%2C400 2x, https:\/\/i0.wp.com\/zeromagazine.mx\/wp-content\/uploads\/2026\/03\/IMG_6579.jpeg?fit=1200%2C800&ssl=1&resize=1050%2C600 3x"},"classes":[]}],"jetpack_sharing_enabled":true,"builder_content":"","_links":{"self":[{"href":"https:\/\/zeromagazine.mx\/index.php\/wp-json\/wp\/v2\/posts\/109597","targetHints":{"allow":["GET"]}}],"collection":[{"href":"https:\/\/zeromagazine.mx\/index.php\/wp-json\/wp\/v2\/posts"}],"about":[{"href":"https:\/\/zeromagazine.mx\/index.php\/wp-json\/wp\/v2\/types\/post"}],"author":[{"embeddable":true,"href":"https:\/\/zeromagazine.mx\/index.php\/wp-json\/wp\/v2\/users\/6"}],"replies":[{"embeddable":true,"href":"https:\/\/zeromagazine.mx\/index.php\/wp-json\/wp\/v2\/comments?post=109597"}],"version-history":[{"count":2,"href":"https:\/\/zeromagazine.mx\/index.php\/wp-json\/wp\/v2\/posts\/109597\/revisions"}],"predecessor-version":[{"id":109602,"href":"https:\/\/zeromagazine.mx\/index.php\/wp-json\/wp\/v2\/posts\/109597\/revisions\/109602"}],"wp:featuredmedia":[{"embeddable":true,"href":"https:\/\/zeromagazine.mx\/index.php\/wp-json\/wp\/v2\/media\/109599"}],"wp:attachment":[{"href":"https:\/\/zeromagazine.mx\/index.php\/wp-json\/wp\/v2\/media?parent=109597"}],"wp:term":[{"taxonomy":"category","embeddable":true,"href":"https:\/\/zeromagazine.mx\/index.php\/wp-json\/wp\/v2\/categories?post=109597"},{"taxonomy":"post_tag","embeddable":true,"href":"https:\/\/zeromagazine.mx\/index.php\/wp-json\/wp\/v2\/tags?post=109597"}],"curies":[{"name":"wp","href":"https:\/\/api.w.org\/{rel}","templated":true}]}}