{"id":109623,"date":"2025-10-19T15:34:59","date_gmt":"2025-10-19T21:34:59","guid":{"rendered":"https:\/\/zeromagazine.mx\/?p=109623"},"modified":"2025-10-21T15:41:26","modified_gmt":"2025-10-21T21:41:26","slug":"cincodoce-gira-internacional-2025","status":"publish","type":"post","link":"https:\/\/zeromagazine.mx\/index.php\/2025\/10\/19\/cincodoce-gira-internacional-2025\/","title":{"rendered":"CINCODOCE lanza su primera gira internacional"},"content":{"rendered":"<!--themify_builder_content-->\n<div id=\"themify_builder_content-109623\" data-postid=\"109623\" class=\"themify_builder_content themify_builder_content-109623 themify_builder tf_clear\">\n    <\/div>\n<!--\/themify_builder_content-->\n\n\n<p>CINCODOCE, la plataforma multicultural y&nbsp;<em>networking hub<\/em>&nbsp;dedicada a impulsar el talento emergente, marca un antes y un despu\u00e9s en su historia con el lanzamiento de su&nbsp;<strong>primera gira internacional<\/strong>, una traves\u00eda que llevar\u00e1 su esencia, folklore y energ\u00eda a distintas ciudades de Estados Unidos y Latinoam\u00e9rica.<\/p>\n\n\n\n<p>El tour recorrer\u00e1&nbsp;<strong>Chicago, Detroit, Bogot\u00e1, Las Vegas, Los \u00c1ngeles, Miami<\/strong>&nbsp;y culminar\u00e1 en&nbsp;<strong>Puerto Escondido, M\u00e9xico<\/strong>, consolidando as\u00ed la expansi\u00f3n global de un movimiento que naci\u00f3 en M\u00e9xico y que hoy representa la fuerza del talento independiente latinoamericano.<\/p>\n\n\n\n<figure class=\"wp-block-image size-large\"><img data-recalc-dims=\"1\" decoding=\"async\" width=\"819\" height=\"1024\" src=\"https:\/\/i0.wp.com\/zeromagazine.mx\/wp-content\/uploads\/2025\/10\/230efa34-d50a-4414-a080-37e66e4dff6d-819x1024.jpeg?resize=819%2C1024&#038;ssl=1\" alt=\"\" class=\"wp-image-109624\" srcset=\"https:\/\/i0.wp.com\/zeromagazine.mx\/wp-content\/uploads\/2025\/10\/230efa34-d50a-4414-a080-37e66e4dff6d.jpeg?resize=819%2C1024&amp;ssl=1 819w, https:\/\/i0.wp.com\/zeromagazine.mx\/wp-content\/uploads\/2025\/10\/230efa34-d50a-4414-a080-37e66e4dff6d.jpeg?resize=240%2C300&amp;ssl=1 240w, https:\/\/i0.wp.com\/zeromagazine.mx\/wp-content\/uploads\/2025\/10\/230efa34-d50a-4414-a080-37e66e4dff6d.jpeg?resize=768%2C960&amp;ssl=1 768w, https:\/\/i0.wp.com\/zeromagazine.mx\/wp-content\/uploads\/2025\/10\/230efa34-d50a-4414-a080-37e66e4dff6d.jpeg?w=1080&amp;ssl=1 1080w\" sizes=\"(max-width: 819px) 100vw, 819px\" \/><\/figure>\n\n\n\n<h3 class=\"wp-block-heading\"><strong>De las noches mexicanas al escenario internacional<\/strong><\/h3>\n\n\n\n<p>Durante cuatro a\u00f1os de operaci\u00f3n,&nbsp;<strong>CINCODOCE<\/strong>&nbsp;se ha posicionado como una de las propuestas m\u00e1s s\u00f3lidas dentro de la escena musical independiente. M\u00e1s que un evento, se ha convertido en un punto de encuentro entre artistas, creadores y p\u00fablico que celebra la diversidad cultural a trav\u00e9s de la m\u00fasica.<\/p>\n\n\n\n<p>Con el respaldo de su propio sello discogr\u00e1fico,&nbsp;<strong>CINCODOCE Music<\/strong>, la plataforma ha impulsado a decenas de artistas emergentes, construyendo una comunidad que crece con cada edici\u00f3n y cada aniversario, donde la m\u00fasica, el arte y la autenticidad son los protagonistas.<\/p>\n\n\n\n<h3 class=\"wp-block-heading\"><strong>La 512 Gang encabeza la traves\u00eda<\/strong><\/h3>\n\n\n\n<p>La&nbsp;<strong>512 Gang<\/strong>, integrada por&nbsp;<strong>Karlie B., Enus Sunne, Emilios y Dirto<\/strong>, ser\u00e1 la encargada de representar el esp\u00edritu de CINCODOCE durante la gira. Con su mezcla de&nbsp;<em>beyakeo<\/em>, energ\u00eda y sabor mexicano, prometen llevar la fiesta y la identidad latina a cada escenario.<\/p>\n\n\n\n<p>El line-up tambi\u00e9n incluir\u00e1 a artistas como&nbsp;<strong>NOA, KAIISITO, Happykid, DJ Bones, Baskiat y Sunamy<\/strong>, adem\u00e1s de talentos locales en cada ciudad, reforzando el esp\u00edritu colaborativo que caracteriza al movimiento.<\/p>\n\n\n\n<h3 class=\"wp-block-heading\"><strong>Fechas confirmadas de la gira CINCODOCE 2025<\/strong><\/h3>\n\n\n\n<ul class=\"wp-block-list\">\n<li><strong>Chicago:<\/strong>\u00a017 de octubre<\/li>\n\n\n\n<li><strong>Detroit:<\/strong>\u00a018 de octubre<\/li>\n\n\n\n<li><strong>Bogot\u00e1:<\/strong>\u00a07 de noviembre<\/li>\n\n\n\n<li><strong>Las Vegas:<\/strong>\u00a015 de noviembre<\/li>\n\n\n\n<li><strong>Los \u00c1ngeles:<\/strong>\u00a016 de noviembre<\/li>\n\n\n\n<li><strong>Miami:<\/strong>\u00a0Fecha por confirmar<\/li>\n\n\n\n<li><strong>Cierre:<\/strong>\u00a0Puerto Escondido, M\u00e9xico<\/li>\n<\/ul>\n\n\n\n<p>Esta gira se realiza en&nbsp;<strong>colaboraci\u00f3n con TUMBAO<\/strong>, una alianza que refuerza la visi\u00f3n multicultural del proyecto.<\/p>\n\n\n\n<figure class=\"wp-block-image size-large\"><img data-recalc-dims=\"1\" decoding=\"async\" width=\"819\" height=\"1024\" src=\"https:\/\/i0.wp.com\/zeromagazine.mx\/wp-content\/uploads\/2025\/10\/4d0084d5-3a09-4fe3-97b1-424592e009d2-819x1024.jpeg?resize=819%2C1024&#038;ssl=1\" alt=\"\" class=\"wp-image-109625\" srcset=\"https:\/\/i0.wp.com\/zeromagazine.mx\/wp-content\/uploads\/2025\/10\/4d0084d5-3a09-4fe3-97b1-424592e009d2.jpeg?resize=819%2C1024&amp;ssl=1 819w, https:\/\/i0.wp.com\/zeromagazine.mx\/wp-content\/uploads\/2025\/10\/4d0084d5-3a09-4fe3-97b1-424592e009d2.jpeg?resize=240%2C300&amp;ssl=1 240w, https:\/\/i0.wp.com\/zeromagazine.mx\/wp-content\/uploads\/2025\/10\/4d0084d5-3a09-4fe3-97b1-424592e009d2.jpeg?resize=768%2C960&amp;ssl=1 768w, https:\/\/i0.wp.com\/zeromagazine.mx\/wp-content\/uploads\/2025\/10\/4d0084d5-3a09-4fe3-97b1-424592e009d2.jpeg?w=1024&amp;ssl=1 1024w\" sizes=\"(max-width: 819px) 100vw, 819px\" \/><\/figure>\n\n\n\n<h3 class=\"wp-block-heading\"><strong>Un c\u00f3ctel con esencia mexicana<\/strong><\/h3>\n\n\n\n<p>Como parte de esta nueva etapa, CINCODOCE presenta un&nbsp;<strong>c\u00f3ctel especial creado junto a Tequila Cazadores<\/strong>, pensado para acompa\u00f1ar el tour y simbolizar la esencia de sus noches: comunidad, energ\u00eda y ra\u00edces mexicanas.<\/p>\n\n\n\n<blockquote class=\"wp-block-quote is-layout-flow wp-block-quote-is-layout-flow\">\n<p>\u201cEstamos listos para llevar la vibra de nuestras noches a escenarios internacionales. Esta gira representa el crecimiento colectivo de todos los que forman parte de CINCODOCE \u2014artistas, crew y comunidad\u2014 que creen en el poder del talento emergente\u201d, comparti\u00f3 el equipo del proyecto.<\/p>\n<\/blockquote>\n\n\n\n<h3 class=\"wp-block-heading\"><strong>CINCODOCE: un movimiento que trasciende fronteras<\/strong><\/h3>\n\n\n\n<p>Con esta expansi\u00f3n,&nbsp;<strong>CINCODOCE reafirma su papel como un movimiento cultural que trasciende fronteras<\/strong>, promoviendo la uni\u00f3n entre m\u00fasica, comunidad y ra\u00edces latinoamericanas.<\/p>\n\n\n\n<p>M\u00e1s que una gira, es una celebraci\u00f3n del talento independiente y del esp\u00edritu colectivo que define a una nueva generaci\u00f3n de artistas dispuestos a conquistar el mundo con su sonido y su autenticidad.<\/p>","protected":false},"excerpt":{"rendered":"<p>CINCODOCE, la plataforma multicultural y&nbsp;networking hub&nbsp;dedicada a impulsar el talento emergente, marca un antes y un despu\u00e9s en su historia con el lanzamiento de su&nbsp;primera gira internacional, una traves\u00eda que llevar\u00e1 su esencia, folklore y energ\u00eda a distintas ciudades de Estados Unidos y Latinoam\u00e9rica. El tour recorrer\u00e1&nbsp;Chicago, Detroit, Bogot\u00e1, Las Vegas, Los \u00c1ngeles, Miami&nbsp;y culminar\u00e1 [&hellip;]<\/p>\n","protected":false},"author":4,"featured_media":109624,"comment_status":"open","ping_status":"open","sticky":false,"template":"","format":"standard","meta":{"_jetpack_memberships_contains_paid_content":false,"footnotes":"","jetpack_publicize_message":"","jetpack_publicize_feature_enabled":true,"jetpack_social_post_already_shared":true,"jetpack_social_options":{"image_generator_settings":{"template":"highway","default_image_id":0,"font":"","enabled":false},"version":2}},"categories":[117],"tags":[],"class_list":["post-109623","post","type-post","status-publish","format-standard","has-post-thumbnail","hentry","category-entretenimiento","has-post-title","has-post-date","has-post-category","has-post-tag","has-post-comment","has-post-author",""],"yoast_head":"<!-- This site is optimized with the Yoast SEO plugin v27.5 - https:\/\/yoast.com\/product\/yoast-seo-wordpress\/ -->\n<title>CINCODOCE lanza su primera gira internacional - Zero Magazine<\/title>\n<meta name=\"description\" content=\"La plataforma multicultural CINCODOCE lleva su energ\u00eda y el talento emergente mexicano a Estados Unidos y Latinoam\u00e9rica.\" \/>\n<meta name=\"robots\" content=\"index, follow, max-snippet:-1, max-image-preview:large, max-video-preview:-1\" \/>\n<link rel=\"canonical\" href=\"https:\/\/zeromagazine.mx\/index.php\/2025\/10\/19\/cincodoce-gira-internacional-2025\/\" \/>\n<meta property=\"og:locale\" content=\"es_ES\" \/>\n<meta property=\"og:type\" content=\"article\" \/>\n<meta property=\"og:title\" content=\"CINCODOCE lanza su primera gira internacional - Zero Magazine\" \/>\n<meta property=\"og:description\" content=\"La plataforma multicultural CINCODOCE lleva su energ\u00eda y el talento emergente mexicano a Estados Unidos y Latinoam\u00e9rica.\" \/>\n<meta property=\"og:url\" content=\"https:\/\/zeromagazine.mx\/index.php\/2025\/10\/19\/cincodoce-gira-internacional-2025\/\" \/>\n<meta property=\"og:site_name\" content=\"Zero Magazine\" \/>\n<meta property=\"article:published_time\" content=\"2025-10-19T21:34:59+00:00\" \/>\n<meta property=\"article:modified_time\" content=\"2025-10-21T21:41:26+00:00\" \/>\n<meta property=\"og:image\" content=\"http:\/\/zeromagazine.mx\/wp-content\/uploads\/2025\/10\/230efa34-d50a-4414-a080-37e66e4dff6d.jpeg\" \/>\n\t<meta property=\"og:image:width\" content=\"1080\" \/>\n\t<meta property=\"og:image:height\" content=\"1350\" \/>\n\t<meta property=\"og:image:type\" content=\"image\/jpeg\" \/>\n<meta name=\"author\" content=\"David Morales\" \/>\n<meta name=\"twitter:card\" content=\"summary_large_image\" \/>\n<meta name=\"twitter:label1\" content=\"Escrito por\" \/>\n\t<meta name=\"twitter:data1\" content=\"David Morales\" \/>\n\t<meta name=\"twitter:label2\" content=\"Tiempo de lectura\" \/>\n\t<meta name=\"twitter:data2\" content=\"3 minutos\" \/>\n<script type=\"application\/ld+json\" class=\"yoast-schema-graph\">{\"@context\":\"https:\\\/\\\/schema.org\",\"@graph\":[{\"@type\":\"Article\",\"@id\":\"https:\\\/\\\/zeromagazine.mx\\\/index.php\\\/2025\\\/10\\\/19\\\/cincodoce-gira-internacional-2025\\\/#article\",\"isPartOf\":{\"@id\":\"https:\\\/\\\/zeromagazine.mx\\\/index.php\\\/2025\\\/10\\\/19\\\/cincodoce-gira-internacional-2025\\\/\"},\"author\":{\"name\":\"David Morales\",\"@id\":\"https:\\\/\\\/zeromagazine.mx\\\/#\\\/schema\\\/person\\\/9f7f1a17c60ba8e9980e3e6677aabe5a\"},\"headline\":\"CINCODOCE lanza su primera gira internacional\",\"datePublished\":\"2025-10-19T21:34:59+00:00\",\"dateModified\":\"2025-10-21T21:41:26+00:00\",\"mainEntityOfPage\":{\"@id\":\"https:\\\/\\\/zeromagazine.mx\\\/index.php\\\/2025\\\/10\\\/19\\\/cincodoce-gira-internacional-2025\\\/\"},\"wordCount\":514,\"commentCount\":0,\"publisher\":{\"@id\":\"https:\\\/\\\/zeromagazine.mx\\\/#organization\"},\"image\":{\"@id\":\"https:\\\/\\\/zeromagazine.mx\\\/index.php\\\/2025\\\/10\\\/19\\\/cincodoce-gira-internacional-2025\\\/#primaryimage\"},\"thumbnailUrl\":\"https:\\\/\\\/i0.wp.com\\\/zeromagazine.mx\\\/wp-content\\\/uploads\\\/2025\\\/10\\\/230efa34-d50a-4414-a080-37e66e4dff6d.jpeg?fit=1080%2C1350&ssl=1\",\"articleSection\":[\"Entretenimiento\"],\"inLanguage\":\"es\",\"potentialAction\":[{\"@type\":\"CommentAction\",\"name\":\"Comment\",\"target\":[\"https:\\\/\\\/zeromagazine.mx\\\/index.php\\\/2025\\\/10\\\/19\\\/cincodoce-gira-internacional-2025\\\/#respond\"]}]},{\"@type\":\"WebPage\",\"@id\":\"https:\\\/\\\/zeromagazine.mx\\\/index.php\\\/2025\\\/10\\\/19\\\/cincodoce-gira-internacional-2025\\\/\",\"url\":\"https:\\\/\\\/zeromagazine.mx\\\/index.php\\\/2025\\\/10\\\/19\\\/cincodoce-gira-internacional-2025\\\/\",\"name\":\"CINCODOCE lanza su primera gira internacional - Zero Magazine\",\"isPartOf\":{\"@id\":\"https:\\\/\\\/zeromagazine.mx\\\/#website\"},\"primaryImageOfPage\":{\"@id\":\"https:\\\/\\\/zeromagazine.mx\\\/index.php\\\/2025\\\/10\\\/19\\\/cincodoce-gira-internacional-2025\\\/#primaryimage\"},\"image\":{\"@id\":\"https:\\\/\\\/zeromagazine.mx\\\/index.php\\\/2025\\\/10\\\/19\\\/cincodoce-gira-internacional-2025\\\/#primaryimage\"},\"thumbnailUrl\":\"https:\\\/\\\/i0.wp.com\\\/zeromagazine.mx\\\/wp-content\\\/uploads\\\/2025\\\/10\\\/230efa34-d50a-4414-a080-37e66e4dff6d.jpeg?fit=1080%2C1350&ssl=1\",\"datePublished\":\"2025-10-19T21:34:59+00:00\",\"dateModified\":\"2025-10-21T21:41:26+00:00\",\"description\":\"La plataforma multicultural CINCODOCE lleva su energ\u00eda y el talento emergente mexicano a Estados Unidos y Latinoam\u00e9rica.\",\"breadcrumb\":{\"@id\":\"https:\\\/\\\/zeromagazine.mx\\\/index.php\\\/2025\\\/10\\\/19\\\/cincodoce-gira-internacional-2025\\\/#breadcrumb\"},\"inLanguage\":\"es\",\"potentialAction\":[{\"@type\":\"ReadAction\",\"target\":[\"https:\\\/\\\/zeromagazine.mx\\\/index.php\\\/2025\\\/10\\\/19\\\/cincodoce-gira-internacional-2025\\\/\"]}]},{\"@type\":\"ImageObject\",\"inLanguage\":\"es\",\"@id\":\"https:\\\/\\\/zeromagazine.mx\\\/index.php\\\/2025\\\/10\\\/19\\\/cincodoce-gira-internacional-2025\\\/#primaryimage\",\"url\":\"https:\\\/\\\/i0.wp.com\\\/zeromagazine.mx\\\/wp-content\\\/uploads\\\/2025\\\/10\\\/230efa34-d50a-4414-a080-37e66e4dff6d.jpeg?fit=1080%2C1350&ssl=1\",\"contentUrl\":\"https:\\\/\\\/i0.wp.com\\\/zeromagazine.mx\\\/wp-content\\\/uploads\\\/2025\\\/10\\\/230efa34-d50a-4414-a080-37e66e4dff6d.jpeg?fit=1080%2C1350&ssl=1\",\"width\":1080,\"height\":1350},{\"@type\":\"BreadcrumbList\",\"@id\":\"https:\\\/\\\/zeromagazine.mx\\\/index.php\\\/2025\\\/10\\\/19\\\/cincodoce-gira-internacional-2025\\\/#breadcrumb\",\"itemListElement\":[{\"@type\":\"ListItem\",\"position\":1,\"name\":\"Portada\",\"item\":\"https:\\\/\\\/zeromagazine.mx\\\/\"},{\"@type\":\"ListItem\",\"position\":2,\"name\":\"CINCODOCE lanza su primera gira internacional\"}]},{\"@type\":\"WebSite\",\"@id\":\"https:\\\/\\\/zeromagazine.mx\\\/#website\",\"url\":\"https:\\\/\\\/zeromagazine.mx\\\/\",\"name\":\"Zero Magazine\",\"description\":\"\",\"publisher\":{\"@id\":\"https:\\\/\\\/zeromagazine.mx\\\/#organization\"},\"potentialAction\":[{\"@type\":\"SearchAction\",\"target\":{\"@type\":\"EntryPoint\",\"urlTemplate\":\"https:\\\/\\\/zeromagazine.mx\\\/?s={search_term_string}\"},\"query-input\":{\"@type\":\"PropertyValueSpecification\",\"valueRequired\":true,\"valueName\":\"search_term_string\"}}],\"inLanguage\":\"es\"},{\"@type\":\"Organization\",\"@id\":\"https:\\\/\\\/zeromagazine.mx\\\/#organization\",\"name\":\"Zero Magazine\",\"url\":\"https:\\\/\\\/zeromagazine.mx\\\/\",\"logo\":{\"@type\":\"ImageObject\",\"inLanguage\":\"es\",\"@id\":\"https:\\\/\\\/zeromagazine.mx\\\/#\\\/schema\\\/logo\\\/image\\\/\",\"url\":\"https:\\\/\\\/i0.wp.com\\\/zeromagazine.mx\\\/wp-content\\\/uploads\\\/2025\\\/11\\\/1.jpeg?fit=1000%2C1000&ssl=1\",\"contentUrl\":\"https:\\\/\\\/i0.wp.com\\\/zeromagazine.mx\\\/wp-content\\\/uploads\\\/2025\\\/11\\\/1.jpeg?fit=1000%2C1000&ssl=1\",\"width\":1000,\"height\":1000,\"caption\":\"Zero Magazine\"},\"image\":{\"@id\":\"https:\\\/\\\/zeromagazine.mx\\\/#\\\/schema\\\/logo\\\/image\\\/\"},\"sameAs\":[\"https:\\\/\\\/instagram.com\\\/zeromagazinemx\"]},{\"@type\":\"Person\",\"@id\":\"https:\\\/\\\/zeromagazine.mx\\\/#\\\/schema\\\/person\\\/9f7f1a17c60ba8e9980e3e6677aabe5a\",\"name\":\"David Morales\",\"image\":{\"@type\":\"ImageObject\",\"inLanguage\":\"es\",\"@id\":\"https:\\\/\\\/zeromagazine.mx\\\/wp-content\\\/litespeed\\\/avatar\\\/76069d2136bfc1c37dc34815bb67ca42.jpg?ver=1777571067\",\"url\":\"https:\\\/\\\/zeromagazine.mx\\\/wp-content\\\/litespeed\\\/avatar\\\/76069d2136bfc1c37dc34815bb67ca42.jpg?ver=1777571067\",\"contentUrl\":\"https:\\\/\\\/zeromagazine.mx\\\/wp-content\\\/litespeed\\\/avatar\\\/76069d2136bfc1c37dc34815bb67ca42.jpg?ver=1777571067\",\"caption\":\"David Morales\"},\"url\":\"https:\\\/\\\/zeromagazine.mx\\\/index.php\\\/author\\\/david\\\/\"}]}<\/script>\n<!-- \/ Yoast SEO plugin. -->","yoast_head_json":{"title":"CINCODOCE lanza su primera gira internacional - Zero Magazine","description":"La plataforma multicultural CINCODOCE lleva su energ\u00eda y el talento emergente mexicano a Estados Unidos y Latinoam\u00e9rica.","robots":{"index":"index","follow":"follow","max-snippet":"max-snippet:-1","max-image-preview":"max-image-preview:large","max-video-preview":"max-video-preview:-1"},"canonical":"https:\/\/zeromagazine.mx\/index.php\/2025\/10\/19\/cincodoce-gira-internacional-2025\/","og_locale":"es_ES","og_type":"article","og_title":"CINCODOCE lanza su primera gira internacional - Zero Magazine","og_description":"La plataforma multicultural CINCODOCE lleva su energ\u00eda y el talento emergente mexicano a Estados Unidos y Latinoam\u00e9rica.","og_url":"https:\/\/zeromagazine.mx\/index.php\/2025\/10\/19\/cincodoce-gira-internacional-2025\/","og_site_name":"Zero Magazine","article_published_time":"2025-10-19T21:34:59+00:00","article_modified_time":"2025-10-21T21:41:26+00:00","og_image":[{"width":1080,"height":1350,"url":"http:\/\/zeromagazine.mx\/wp-content\/uploads\/2025\/10\/230efa34-d50a-4414-a080-37e66e4dff6d.jpeg","type":"image\/jpeg"}],"author":"David Morales","twitter_card":"summary_large_image","twitter_misc":{"Escrito por":"David Morales","Tiempo de lectura":"3 minutos"},"schema":{"@context":"https:\/\/schema.org","@graph":[{"@type":"Article","@id":"https:\/\/zeromagazine.mx\/index.php\/2025\/10\/19\/cincodoce-gira-internacional-2025\/#article","isPartOf":{"@id":"https:\/\/zeromagazine.mx\/index.php\/2025\/10\/19\/cincodoce-gira-internacional-2025\/"},"author":{"name":"David Morales","@id":"https:\/\/zeromagazine.mx\/#\/schema\/person\/9f7f1a17c60ba8e9980e3e6677aabe5a"},"headline":"CINCODOCE lanza su primera gira internacional","datePublished":"2025-10-19T21:34:59+00:00","dateModified":"2025-10-21T21:41:26+00:00","mainEntityOfPage":{"@id":"https:\/\/zeromagazine.mx\/index.php\/2025\/10\/19\/cincodoce-gira-internacional-2025\/"},"wordCount":514,"commentCount":0,"publisher":{"@id":"https:\/\/zeromagazine.mx\/#organization"},"image":{"@id":"https:\/\/zeromagazine.mx\/index.php\/2025\/10\/19\/cincodoce-gira-internacional-2025\/#primaryimage"},"thumbnailUrl":"https:\/\/i0.wp.com\/zeromagazine.mx\/wp-content\/uploads\/2025\/10\/230efa34-d50a-4414-a080-37e66e4dff6d.jpeg?fit=1080%2C1350&ssl=1","articleSection":["Entretenimiento"],"inLanguage":"es","potentialAction":[{"@type":"CommentAction","name":"Comment","target":["https:\/\/zeromagazine.mx\/index.php\/2025\/10\/19\/cincodoce-gira-internacional-2025\/#respond"]}]},{"@type":"WebPage","@id":"https:\/\/zeromagazine.mx\/index.php\/2025\/10\/19\/cincodoce-gira-internacional-2025\/","url":"https:\/\/zeromagazine.mx\/index.php\/2025\/10\/19\/cincodoce-gira-internacional-2025\/","name":"CINCODOCE lanza su primera gira internacional - Zero Magazine","isPartOf":{"@id":"https:\/\/zeromagazine.mx\/#website"},"primaryImageOfPage":{"@id":"https:\/\/zeromagazine.mx\/index.php\/2025\/10\/19\/cincodoce-gira-internacional-2025\/#primaryimage"},"image":{"@id":"https:\/\/zeromagazine.mx\/index.php\/2025\/10\/19\/cincodoce-gira-internacional-2025\/#primaryimage"},"thumbnailUrl":"https:\/\/i0.wp.com\/zeromagazine.mx\/wp-content\/uploads\/2025\/10\/230efa34-d50a-4414-a080-37e66e4dff6d.jpeg?fit=1080%2C1350&ssl=1","datePublished":"2025-10-19T21:34:59+00:00","dateModified":"2025-10-21T21:41:26+00:00","description":"La plataforma multicultural CINCODOCE lleva su energ\u00eda y el talento emergente mexicano a Estados Unidos y Latinoam\u00e9rica.","breadcrumb":{"@id":"https:\/\/zeromagazine.mx\/index.php\/2025\/10\/19\/cincodoce-gira-internacional-2025\/#breadcrumb"},"inLanguage":"es","potentialAction":[{"@type":"ReadAction","target":["https:\/\/zeromagazine.mx\/index.php\/2025\/10\/19\/cincodoce-gira-internacional-2025\/"]}]},{"@type":"ImageObject","inLanguage":"es","@id":"https:\/\/zeromagazine.mx\/index.php\/2025\/10\/19\/cincodoce-gira-internacional-2025\/#primaryimage","url":"https:\/\/i0.wp.com\/zeromagazine.mx\/wp-content\/uploads\/2025\/10\/230efa34-d50a-4414-a080-37e66e4dff6d.jpeg?fit=1080%2C1350&ssl=1","contentUrl":"https:\/\/i0.wp.com\/zeromagazine.mx\/wp-content\/uploads\/2025\/10\/230efa34-d50a-4414-a080-37e66e4dff6d.jpeg?fit=1080%2C1350&ssl=1","width":1080,"height":1350},{"@type":"BreadcrumbList","@id":"https:\/\/zeromagazine.mx\/index.php\/2025\/10\/19\/cincodoce-gira-internacional-2025\/#breadcrumb","itemListElement":[{"@type":"ListItem","position":1,"name":"Portada","item":"https:\/\/zeromagazine.mx\/"},{"@type":"ListItem","position":2,"name":"CINCODOCE lanza su primera gira internacional"}]},{"@type":"WebSite","@id":"https:\/\/zeromagazine.mx\/#website","url":"https:\/\/zeromagazine.mx\/","name":"Zero Magazine","description":"","publisher":{"@id":"https:\/\/zeromagazine.mx\/#organization"},"potentialAction":[{"@type":"SearchAction","target":{"@type":"EntryPoint","urlTemplate":"https:\/\/zeromagazine.mx\/?s={search_term_string}"},"query-input":{"@type":"PropertyValueSpecification","valueRequired":true,"valueName":"search_term_string"}}],"inLanguage":"es"},{"@type":"Organization","@id":"https:\/\/zeromagazine.mx\/#organization","name":"Zero Magazine","url":"https:\/\/zeromagazine.mx\/","logo":{"@type":"ImageObject","inLanguage":"es","@id":"https:\/\/zeromagazine.mx\/#\/schema\/logo\/image\/","url":"https:\/\/i0.wp.com\/zeromagazine.mx\/wp-content\/uploads\/2025\/11\/1.jpeg?fit=1000%2C1000&ssl=1","contentUrl":"https:\/\/i0.wp.com\/zeromagazine.mx\/wp-content\/uploads\/2025\/11\/1.jpeg?fit=1000%2C1000&ssl=1","width":1000,"height":1000,"caption":"Zero Magazine"},"image":{"@id":"https:\/\/zeromagazine.mx\/#\/schema\/logo\/image\/"},"sameAs":["https:\/\/instagram.com\/zeromagazinemx"]},{"@type":"Person","@id":"https:\/\/zeromagazine.mx\/#\/schema\/person\/9f7f1a17c60ba8e9980e3e6677aabe5a","name":"David Morales","image":{"@type":"ImageObject","inLanguage":"es","@id":"https:\/\/zeromagazine.mx\/wp-content\/litespeed\/avatar\/76069d2136bfc1c37dc34815bb67ca42.jpg?ver=1777571067","url":"https:\/\/zeromagazine.mx\/wp-content\/litespeed\/avatar\/76069d2136bfc1c37dc34815bb67ca42.jpg?ver=1777571067","contentUrl":"https:\/\/zeromagazine.mx\/wp-content\/litespeed\/avatar\/76069d2136bfc1c37dc34815bb67ca42.jpg?ver=1777571067","caption":"David Morales"},"url":"https:\/\/zeromagazine.mx\/index.php\/author\/david\/"}]}},"jetpack_publicize_connections":[],"jetpack_featured_media_url":"https:\/\/i0.wp.com\/zeromagazine.mx\/wp-content\/uploads\/2025\/10\/230efa34-d50a-4414-a080-37e66e4dff6d.jpeg?fit=1080%2C1350&ssl=1","jetpack-related-posts":[{"id":107788,"url":"https:\/\/zeromagazine.mx\/index.php\/2025\/09\/08\/guitarricadelafuente-gira-mexico-2025\/","url_meta":{"origin":109623,"position":0},"title":"Guitarricadelafuente llega a M\u00e9xico","author":"David Morales","date":"8 de septiembre de 2025","format":false,"excerpt":"Prep\u00e1rate porque\u00a0Guitarricadelafuente\u00a0est\u00e1 a punto de conquistar nuestro lado del Atl\u00e1ntico con una gira que promete ser puro sentimiento. El artista espa\u00f1ol, conocido por canciones como\u00a0\u201cABC\u201d\u00a0y\u00a0\u201cQui\u00e9n Encendi\u00f3 la Luz\u201d, aterriza en M\u00e9xico para presentar su nuevo disco\u00a0Spanish Leather, un proyecto que marca un antes y un despu\u00e9s en su carrera. por:\u2026","rel":"","context":"En \u00abBlog\u00bb","block_context":{"text":"Blog","link":"https:\/\/zeromagazine.mx\/index.php\/category\/blog\/"},"img":{"alt_text":"","src":"https:\/\/i0.wp.com\/zeromagazine.mx\/wp-content\/uploads\/2025\/09\/IMG_5703.jpeg?resize=350%2C200&ssl=1","width":350,"height":200,"srcset":"https:\/\/i0.wp.com\/zeromagazine.mx\/wp-content\/uploads\/2025\/09\/IMG_5703.jpeg?resize=350%2C200&ssl=1 1x, https:\/\/i0.wp.com\/zeromagazine.mx\/wp-content\/uploads\/2025\/09\/IMG_5703.jpeg?resize=525%2C300&ssl=1 1.5x, https:\/\/i0.wp.com\/zeromagazine.mx\/wp-content\/uploads\/2025\/09\/IMG_5703.jpeg?resize=700%2C400&ssl=1 2x, https:\/\/i0.wp.com\/zeromagazine.mx\/wp-content\/uploads\/2025\/09\/IMG_5703.jpeg?resize=1050%2C600&ssl=1 3x"},"classes":[]},{"id":70481,"url":"https:\/\/zeromagazine.mx\/index.php\/2024\/01\/30\/brillando-en-la-cdmx-trixie-y-katya-llegan-con-the-bald-and-the-beautiful\/","url_meta":{"origin":109623,"position":1},"title":"Brillando en la CDMX: Trixie y Katya Llegan con &#8216;The Bald and the Beautiful","author":"David Morales","date":"30 de enero de 2024","format":false,"excerpt":"\u00bfListos para sumergirse en el fabuloso mundo de la belleza y el entretenimiento queer? Prep\u00e1rense porque el d\u00fao din\u00e1mico, Trixie Mattel y Katya Zamolodchikova, est\u00e1n a punto de llevar la diversi\u00f3n y el glamour a otro nivel con su nuevo show \"The Bald and the Beautiful\", \u00a1y esta vez llega\u2026","rel":"","context":"En \u00abEntretenimiento\u00bb","block_context":{"text":"Entretenimiento","link":"https:\/\/zeromagazine.mx\/index.php\/category\/entretenimiento\/"},"img":{"alt_text":"","src":"https:\/\/i0.wp.com\/zeromagazine.mx\/wp-content\/uploads\/2024\/02\/unnamed-4.jpg?fit=960%2C1200&ssl=1&resize=350%2C200","width":350,"height":200,"srcset":"https:\/\/i0.wp.com\/zeromagazine.mx\/wp-content\/uploads\/2024\/02\/unnamed-4.jpg?fit=960%2C1200&ssl=1&resize=350%2C200 1x, https:\/\/i0.wp.com\/zeromagazine.mx\/wp-content\/uploads\/2024\/02\/unnamed-4.jpg?fit=960%2C1200&ssl=1&resize=525%2C300 1.5x, https:\/\/i0.wp.com\/zeromagazine.mx\/wp-content\/uploads\/2024\/02\/unnamed-4.jpg?fit=960%2C1200&ssl=1&resize=700%2C400 2x"},"classes":[]},{"id":71960,"url":"https:\/\/zeromagazine.mx\/index.php\/2024\/03\/14\/alex-ponce-revela-su-gira-daria-todo-tour-por-mexico-y-ecuador\/","url_meta":{"origin":109623,"position":2},"title":"Alex Ponce revela su gira \u00abDar\u00eda Todo Tour\u00bb por M\u00e9xico y Ecuador","author":"zeromagazinemx","date":"14 de marzo de 2024","format":false,"excerpt":"\u00a1Alex Ponce est\u00e1 por realizar su \"Dar\u00eda Todo Tour\" por M\u00e9xico y Ecuador! Es un momento emocionante para sus seguidores, una oportunidad \u00fanica para sumergirse en su m\u00fasica en vivo y sentir toda su pasi\u00f3n sobre el escenario. Sin duda, la emoci\u00f3n de Alex Ponce es contagiosa. Su primer tour\u2026","rel":"","context":"En \u00abEntretenimiento\u00bb","block_context":{"text":"Entretenimiento","link":"https:\/\/zeromagazine.mx\/index.php\/category\/entretenimiento\/"},"img":{"alt_text":"","src":"https:\/\/i0.wp.com\/zeromagazine.mx\/wp-content\/uploads\/2024\/03\/WhatsApp-Image-2024-03-13-at-16.52.35.jpeg?fit=750%2C750&ssl=1&resize=350%2C200","width":350,"height":200,"srcset":"https:\/\/i0.wp.com\/zeromagazine.mx\/wp-content\/uploads\/2024\/03\/WhatsApp-Image-2024-03-13-at-16.52.35.jpeg?fit=750%2C750&ssl=1&resize=350%2C200 1x, https:\/\/i0.wp.com\/zeromagazine.mx\/wp-content\/uploads\/2024\/03\/WhatsApp-Image-2024-03-13-at-16.52.35.jpeg?fit=750%2C750&ssl=1&resize=525%2C300 1.5x, https:\/\/i0.wp.com\/zeromagazine.mx\/wp-content\/uploads\/2024\/03\/WhatsApp-Image-2024-03-13-at-16.52.35.jpeg?fit=750%2C750&ssl=1&resize=700%2C400 2x"},"classes":[]},{"id":70524,"url":"https:\/\/zeromagazine.mx\/index.php\/2024\/02\/02\/lasso-regresa-a-la-ciudad-de-mexico-con-un-concierto-imperdible-en-el-teatro-metropolitan\/","url_meta":{"origin":109623,"position":3},"title":"Lasso regresa a la Ciudad de M\u00e9xico con un concierto imperdible en el teatro Metrop\u00f3litan","author":"David Morales","date":"2 de febrero de 2024","format":false,"excerpt":"LASSO 2 de febrero 21:00 horas QUEDARSE SOLO PARA SIEMPRE \u00a1Regresa a la Ciudad de M\u00e9xico con un concierto imperdible de su gira mundial 2024! Teatro Metrop\u00f3litan Prep\u00e1rense para una noche llena de emociones, m\u00fasica y una experiencia inolvidable, porque el talentoso artista venezolano,\u00a0Lasso, llega al\u00a0Teatro Metrop\u00f3litan\u00a0como parte de su\u2026","rel":"","context":"En \u00abEntretenimiento\u00bb","block_context":{"text":"Entretenimiento","link":"https:\/\/zeromagazine.mx\/index.php\/category\/entretenimiento\/"},"img":{"alt_text":"","src":"https:\/\/i0.wp.com\/zeromagazine.mx\/wp-content\/uploads\/2024\/02\/F5Tj5ZDX0AASZwS-2.jpg?fit=1200%2C628&ssl=1&resize=350%2C200","width":350,"height":200,"srcset":"https:\/\/i0.wp.com\/zeromagazine.mx\/wp-content\/uploads\/2024\/02\/F5Tj5ZDX0AASZwS-2.jpg?fit=1200%2C628&ssl=1&resize=350%2C200 1x, https:\/\/i0.wp.com\/zeromagazine.mx\/wp-content\/uploads\/2024\/02\/F5Tj5ZDX0AASZwS-2.jpg?fit=1200%2C628&ssl=1&resize=525%2C300 1.5x, https:\/\/i0.wp.com\/zeromagazine.mx\/wp-content\/uploads\/2024\/02\/F5Tj5ZDX0AASZwS-2.jpg?fit=1200%2C628&ssl=1&resize=700%2C400 2x, https:\/\/i0.wp.com\/zeromagazine.mx\/wp-content\/uploads\/2024\/02\/F5Tj5ZDX0AASZwS-2.jpg?fit=1200%2C628&ssl=1&resize=1050%2C600 3x"},"classes":[]},{"id":117164,"url":"https:\/\/zeromagazine.mx\/index.php\/2026\/03\/23\/volvo-fashion-week-mexico-enciende-guadalajara\/","url_meta":{"origin":109623,"position":4},"title":"Volvo Fashion Week M\u00e9xico enciende Guadalajara","author":"Luis Trujano","date":"23 de marzo de 2026","format":false,"excerpt":"La moda mexicana est\u00e1 entrando en una nueva era, y Volvo Fashion Week M\u00e9xico lo est\u00e1 dejando clar\u00edsimo. Esta vez, el epicentro no es Ciudad de M\u00e9xico, sino Guadalajara, que del 14 al 17 de abril se convierte en el punto de encuentro donde dise\u00f1o, cultura y turismo se mezclan\u2026","rel":"","context":"En \u00abBlog\u00bb","block_context":{"text":"Blog","link":"https:\/\/zeromagazine.mx\/index.php\/category\/blog\/"},"img":{"alt_text":"","src":"https:\/\/i0.wp.com\/zeromagazine.mx\/wp-content\/uploads\/2026\/03\/IMG_6579-2.jpeg?fit=1200%2C800&ssl=1&resize=350%2C200","width":350,"height":200,"srcset":"https:\/\/i0.wp.com\/zeromagazine.mx\/wp-content\/uploads\/2026\/03\/IMG_6579-2.jpeg?fit=1200%2C800&ssl=1&resize=350%2C200 1x, https:\/\/i0.wp.com\/zeromagazine.mx\/wp-content\/uploads\/2026\/03\/IMG_6579-2.jpeg?fit=1200%2C800&ssl=1&resize=525%2C300 1.5x, https:\/\/i0.wp.com\/zeromagazine.mx\/wp-content\/uploads\/2026\/03\/IMG_6579-2.jpeg?fit=1200%2C800&ssl=1&resize=700%2C400 2x, https:\/\/i0.wp.com\/zeromagazine.mx\/wp-content\/uploads\/2026\/03\/IMG_6579-2.jpeg?fit=1200%2C800&ssl=1&resize=1050%2C600 3x"},"classes":[]},{"id":115195,"url":"https:\/\/zeromagazine.mx\/index.php\/2026\/02\/11\/le-twins-edc-mexico-2026-headliners\/","url_meta":{"origin":109623,"position":5},"title":"Le Twins hacen historia en EDC M\u00e9xico 2026 como headliners del escenario Dos Equis.","author":"David Morales","date":"11 de febrero de 2026","format":false,"excerpt":"La historia de la electr\u00f3nica mexicana acaba de sumar un cap\u00edtulo heavy.\u00a0Le Twins EDC M\u00e9xico\u00a0no solo representa un booking m\u00e1s dentro del festival: es la confirmaci\u00f3n de que el talento local puede dominar los escenarios m\u00e1s grandes del planeta\u2026 y hacerlo a su manera. El d\u00fao regresa a EDC M\u00e9xico\u2026","rel":"","context":"En \u00abConcierto\u00bb","block_context":{"text":"Concierto","link":"https:\/\/zeromagazine.mx\/index.php\/category\/concierto\/"},"img":{"alt_text":"","src":"https:\/\/i0.wp.com\/zeromagazine.mx\/wp-content\/uploads\/2026\/02\/IMG_1410-1.jpeg?fit=1200%2C686&ssl=1&resize=350%2C200","width":350,"height":200,"srcset":"https:\/\/i0.wp.com\/zeromagazine.mx\/wp-content\/uploads\/2026\/02\/IMG_1410-1.jpeg?fit=1200%2C686&ssl=1&resize=350%2C200 1x, https:\/\/i0.wp.com\/zeromagazine.mx\/wp-content\/uploads\/2026\/02\/IMG_1410-1.jpeg?fit=1200%2C686&ssl=1&resize=525%2C300 1.5x, https:\/\/i0.wp.com\/zeromagazine.mx\/wp-content\/uploads\/2026\/02\/IMG_1410-1.jpeg?fit=1200%2C686&ssl=1&resize=700%2C400 2x, https:\/\/i0.wp.com\/zeromagazine.mx\/wp-content\/uploads\/2026\/02\/IMG_1410-1.jpeg?fit=1200%2C686&ssl=1&resize=1050%2C600 3x"},"classes":[]}],"jetpack_sharing_enabled":true,"builder_content":"","_links":{"self":[{"href":"https:\/\/zeromagazine.mx\/index.php\/wp-json\/wp\/v2\/posts\/109623","targetHints":{"allow":["GET"]}}],"collection":[{"href":"https:\/\/zeromagazine.mx\/index.php\/wp-json\/wp\/v2\/posts"}],"about":[{"href":"https:\/\/zeromagazine.mx\/index.php\/wp-json\/wp\/v2\/types\/post"}],"author":[{"embeddable":true,"href":"https:\/\/zeromagazine.mx\/index.php\/wp-json\/wp\/v2\/users\/4"}],"replies":[{"embeddable":true,"href":"https:\/\/zeromagazine.mx\/index.php\/wp-json\/wp\/v2\/comments?post=109623"}],"version-history":[{"count":3,"href":"https:\/\/zeromagazine.mx\/index.php\/wp-json\/wp\/v2\/posts\/109623\/revisions"}],"predecessor-version":[{"id":109628,"href":"https:\/\/zeromagazine.mx\/index.php\/wp-json\/wp\/v2\/posts\/109623\/revisions\/109628"}],"wp:featuredmedia":[{"embeddable":true,"href":"https:\/\/zeromagazine.mx\/index.php\/wp-json\/wp\/v2\/media\/109624"}],"wp:attachment":[{"href":"https:\/\/zeromagazine.mx\/index.php\/wp-json\/wp\/v2\/media?parent=109623"}],"wp:term":[{"taxonomy":"category","embeddable":true,"href":"https:\/\/zeromagazine.mx\/index.php\/wp-json\/wp\/v2\/categories?post=109623"},{"taxonomy":"post_tag","embeddable":true,"href":"https:\/\/zeromagazine.mx\/index.php\/wp-json\/wp\/v2\/tags?post=109623"}],"curies":[{"name":"wp","href":"https:\/\/api.w.org\/{rel}","templated":true}]}}