{"id":109640,"date":"2025-10-21T22:01:11","date_gmt":"2025-10-22T04:01:11","guid":{"rendered":"https:\/\/zeromagazine.mx\/?p=109640"},"modified":"2025-10-21T22:01:11","modified_gmt":"2025-10-22T04:01:11","slug":"looks-de-otono-invierno-con-shein","status":"publish","type":"post","link":"https:\/\/zeromagazine.mx\/index.php\/2025\/10\/21\/looks-de-otono-invierno-con-shein\/","title":{"rendered":"Looks de oto\u00f1o-invierno con SHEIN"},"content":{"rendered":"<!--themify_builder_content-->\n<div id=\"themify_builder_content-109640\" data-postid=\"109640\" class=\"themify_builder_content themify_builder_content-109640 themify_builder tf_clear\">\n    <\/div>\n<!--\/themify_builder_content-->\n\n\n<p>La moda no tiene reglas, y esta temporada lo vuelve a dejar clar\u00edsimo. Los looks de oto\u00f1o-invierno con SHEIN llegan con m\u00e1s actitud que nunca gracias a su nueva edici\u00f3n de Atr\u00e9vete con Estilo, una campa\u00f1a que celebra la autenticidad, la confianza y la diversi\u00f3n al vestir. Karime Pindter, Ana Laura Gonz\u00e1lez y Priscila Arias \u2014s\u00ed, tres iconos con personalidades totalmente distintas\u2014 son las voces que inspiran a vivir la moda sin etiquetas y con toda la seguridad del mundo.<\/p>\n\n\n\n<p>Adem\u00e1s, esta entrega no solo destaca por sus colores oto\u00f1ales \u2014piensa en verdes intensos, caf\u00e9s profundos y amarillos c\u00e1lidos\u2014 sino tambi\u00e9n por la diversidad de propuestas que encajan en cualquier mood. SHEIN apuesta por la libertad total: desde un toque glam hasta outfits deportivos o rom\u00e1nticos.<\/p>\n\n\n\n<figure class=\"wp-block-image size-full\"><img data-recalc-dims=\"1\" decoding=\"async\" width=\"1165\" height=\"1748\" src=\"https:\/\/i0.wp.com\/zeromagazine.mx\/wp-content\/uploads\/2025\/10\/SHEINXAMBASSADORS1036-scaled.jpg?resize=1165%2C1748&#038;ssl=1\" alt=\"\" class=\"wp-image-109641\" srcset=\"https:\/\/i0.wp.com\/zeromagazine.mx\/wp-content\/uploads\/2025\/10\/SHEINXAMBASSADORS1036-scaled.jpg?w=1706&amp;ssl=1 1706w, https:\/\/i0.wp.com\/zeromagazine.mx\/wp-content\/uploads\/2025\/10\/SHEINXAMBASSADORS1036-scaled.jpg?resize=200%2C300&amp;ssl=1 200w, https:\/\/i0.wp.com\/zeromagazine.mx\/wp-content\/uploads\/2025\/10\/SHEINXAMBASSADORS1036-scaled.jpg?resize=683%2C1024&amp;ssl=1 683w, https:\/\/i0.wp.com\/zeromagazine.mx\/wp-content\/uploads\/2025\/10\/SHEINXAMBASSADORS1036-scaled.jpg?resize=768%2C1152&amp;ssl=1 768w, https:\/\/i0.wp.com\/zeromagazine.mx\/wp-content\/uploads\/2025\/10\/SHEINXAMBASSADORS1036-scaled.jpg?resize=1024%2C1536&amp;ssl=1 1024w, https:\/\/i0.wp.com\/zeromagazine.mx\/wp-content\/uploads\/2025\/10\/SHEINXAMBASSADORS1036-scaled.jpg?resize=1365%2C2048&amp;ssl=1 1365w\" sizes=\"(max-width: 1165px) 100vw, 1165px\" \/><\/figure>\n\n\n\n<p><strong>Looks de oto\u00f1o-invierno con SHEIN: tres estilos, una sola energ\u00eda<\/strong><\/p>\n\n\n\n<p>Por un lado, Karime Pindter brilla con dos estilos que se contraponen pero se complementan. Con MISSGUIDED, saca su lado m\u00e1s glam y atrevido, con prendas en sat\u00edn y denim retro que gritan confianza pura. Pero cuando cambia a Poeselle, muestra un estilo m\u00e1s casual y elegante, con piezas b\u00e1sicas y femeninas que siguen siendo igual de poderosas.<\/p>\n\n\n\n<p>Por otro lado, Ana Laura Gonz\u00e1lez le da vida a la libertad con Maija, una marca que combina el esp\u00edritu boho con estampados vibrantes y una vibra totalmente libre. Y como si fuera poco, se mueve con estilo gracias a Glowmode, la l\u00ednea de activewear que mezcla lo deportivo con lo sofisticado. Porque s\u00ed, moverse tambi\u00e9n puede ser fashion.<\/p>\n\n\n\n<p>Por consiguiente, Priscila Arias, mejor conocida como La Fatshionista, demuestra que la confianza no tiene talla. Con SHEIN MOD Curve, celebra lo rom\u00e1ntico y fresco, mientras que con SHEIN BAE Curve apuesta por lo sexy y elegante. Dos caras de una misma historia: amar tu cuerpo y expresarlo con estilo.<\/p>\n\n\n\n<figure class=\"wp-block-image size-full\"><img data-recalc-dims=\"1\" decoding=\"async\" width=\"1165\" height=\"1747\" src=\"https:\/\/i0.wp.com\/zeromagazine.mx\/wp-content\/uploads\/2025\/10\/SHEINXAMBASSADORS0982-scaled.jpg?resize=1165%2C1747&#038;ssl=1\" alt=\"\" class=\"wp-image-109642\" srcset=\"https:\/\/i0.wp.com\/zeromagazine.mx\/wp-content\/uploads\/2025\/10\/SHEINXAMBASSADORS0982-scaled.jpg?w=1707&amp;ssl=1 1707w, https:\/\/i0.wp.com\/zeromagazine.mx\/wp-content\/uploads\/2025\/10\/SHEINXAMBASSADORS0982-scaled.jpg?resize=200%2C300&amp;ssl=1 200w, https:\/\/i0.wp.com\/zeromagazine.mx\/wp-content\/uploads\/2025\/10\/SHEINXAMBASSADORS0982-scaled.jpg?resize=683%2C1024&amp;ssl=1 683w, https:\/\/i0.wp.com\/zeromagazine.mx\/wp-content\/uploads\/2025\/10\/SHEINXAMBASSADORS0982-scaled.jpg?resize=768%2C1152&amp;ssl=1 768w, https:\/\/i0.wp.com\/zeromagazine.mx\/wp-content\/uploads\/2025\/10\/SHEINXAMBASSADORS0982-scaled.jpg?resize=1024%2C1536&amp;ssl=1 1024w, https:\/\/i0.wp.com\/zeromagazine.mx\/wp-content\/uploads\/2025\/10\/SHEINXAMBASSADORS0982-scaled.jpg?resize=1365%2C2048&amp;ssl=1 1365w\" sizes=\"(max-width: 1165px) 100vw, 1165px\" \/><\/figure>\n\n\n\n<p><strong>As\u00ed se vive el oto\u00f1o con SHEIN<\/strong><\/p>\n\n\n\n<p>En primer lugar, lo que hace \u00fanicos a los looks de oto\u00f1o-invierno con SHEIN es su capacidad de conectar con cualquier tipo de estilo. En segundo lugar, cada prenda se siente como una invitaci\u00f3n a experimentar, combinar y romper moldes. Finalmente, su propuesta es clara: la moda es un espacio para jugar, no para limitarse.<\/p>\n\n\n\n<p>Por eso, esta campa\u00f1a se siente tan cercana. No se trata solo de ropa, sino de expresar qui\u00e9n eres sin miedo. Los looks de oto\u00f1o-invierno con SHEIN nos recuerdan que vestirse tambi\u00e9n puede ser una forma de arte, un lenguaje propio que cambia con cada temporada.<\/p>\n\n\n\n<p>El fr\u00edo se disfruta m\u00e1s cuando el estilo calienta. Con los looks de oto\u00f1o-invierno con SHEIN, la moda se vuelve divertida, diversa y real. Porque atreverse con estilo nunca pasa de moda.<\/p>\n\n\n\n<figure class=\"wp-block-gallery has-nested-images columns-default is-cropped wp-block-gallery-1 is-layout-flex wp-block-gallery-is-layout-flex\">\n<figure class=\"wp-block-image size-full\"><img data-recalc-dims=\"1\" decoding=\"async\" width=\"1165\" height=\"1748\" data-id=\"109643\" src=\"https:\/\/i0.wp.com\/zeromagazine.mx\/wp-content\/uploads\/2025\/10\/SHEINCORRECE2-1-scaled.jpg?resize=1165%2C1748&#038;ssl=1\" alt=\"\" class=\"wp-image-109643\" srcset=\"https:\/\/i0.wp.com\/zeromagazine.mx\/wp-content\/uploads\/2025\/10\/SHEINCORRECE2-1-scaled.jpg?w=1706&amp;ssl=1 1706w, https:\/\/i0.wp.com\/zeromagazine.mx\/wp-content\/uploads\/2025\/10\/SHEINCORRECE2-1-scaled.jpg?resize=200%2C300&amp;ssl=1 200w, https:\/\/i0.wp.com\/zeromagazine.mx\/wp-content\/uploads\/2025\/10\/SHEINCORRECE2-1-scaled.jpg?resize=683%2C1024&amp;ssl=1 683w, https:\/\/i0.wp.com\/zeromagazine.mx\/wp-content\/uploads\/2025\/10\/SHEINCORRECE2-1-scaled.jpg?resize=768%2C1152&amp;ssl=1 768w, https:\/\/i0.wp.com\/zeromagazine.mx\/wp-content\/uploads\/2025\/10\/SHEINCORRECE2-1-scaled.jpg?resize=1024%2C1536&amp;ssl=1 1024w, https:\/\/i0.wp.com\/zeromagazine.mx\/wp-content\/uploads\/2025\/10\/SHEINCORRECE2-1-scaled.jpg?resize=1365%2C2048&amp;ssl=1 1365w\" sizes=\"(max-width: 1165px) 100vw, 1165px\" \/><\/figure>\n<\/figure>","protected":false},"excerpt":{"rendered":"<p>La moda no tiene reglas, y esta temporada lo vuelve a dejar clar\u00edsimo. Los looks de oto\u00f1o-invierno con SHEIN llegan con m\u00e1s actitud que nunca gracias a su nueva edici\u00f3n de Atr\u00e9vete con Estilo, una campa\u00f1a que celebra la autenticidad, la confianza y la diversi\u00f3n al vestir. Karime Pindter, Ana Laura Gonz\u00e1lez y Priscila Arias [&hellip;]<\/p>\n","protected":false},"author":6,"featured_media":109641,"comment_status":"open","ping_status":"open","sticky":false,"template":"","format":"standard","meta":{"_jetpack_memberships_contains_paid_content":false,"footnotes":"","jetpack_publicize_message":"","jetpack_publicize_feature_enabled":true,"jetpack_social_post_already_shared":true,"jetpack_social_options":{"image_generator_settings":{"template":"highway","default_image_id":0,"font":"","enabled":false},"version":2}},"categories":[67],"tags":[],"class_list":["post-109640","post","type-post","status-publish","format-standard","has-post-thumbnail","hentry","category-moda","has-post-title","has-post-date","has-post-category","has-post-tag","has-post-comment","has-post-author",""],"yoast_head":"<!-- This site is optimized with the Yoast SEO plugin v27.5 - https:\/\/yoast.com\/product\/yoast-seo-wordpress\/ -->\n<title>Looks de oto\u00f1o-invierno con SHEIN - Zero Magazine<\/title>\n<meta name=\"description\" content=\"Descubre los looks de oto\u00f1o-invierno con SHEIN que celebran el estilo libre, diverso y sin etiquetas.\" \/>\n<meta name=\"robots\" content=\"index, follow, max-snippet:-1, max-image-preview:large, max-video-preview:-1\" \/>\n<link rel=\"canonical\" href=\"https:\/\/zeromagazine.mx\/index.php\/2025\/10\/21\/looks-de-otono-invierno-con-shein\/\" \/>\n<meta property=\"og:locale\" content=\"es_ES\" \/>\n<meta property=\"og:type\" content=\"article\" \/>\n<meta property=\"og:title\" content=\"Looks de oto\u00f1o-invierno con SHEIN - Zero Magazine\" \/>\n<meta property=\"og:description\" content=\"Descubre los looks de oto\u00f1o-invierno con SHEIN que celebran el estilo libre, diverso y sin etiquetas.\" \/>\n<meta property=\"og:url\" content=\"https:\/\/zeromagazine.mx\/index.php\/2025\/10\/21\/looks-de-otono-invierno-con-shein\/\" \/>\n<meta property=\"og:site_name\" content=\"Zero Magazine\" \/>\n<meta property=\"article:published_time\" content=\"2025-10-22T04:01:11+00:00\" \/>\n<meta property=\"og:image\" content=\"http:\/\/zeromagazine.mx\/wp-content\/uploads\/2025\/10\/SHEINXAMBASSADORS1036-scaled.jpg\" \/>\n\t<meta property=\"og:image:width\" content=\"1706\" \/>\n\t<meta property=\"og:image:height\" content=\"2560\" \/>\n\t<meta property=\"og:image:type\" content=\"image\/jpeg\" \/>\n<meta name=\"author\" content=\"Luis Trujano\" \/>\n<meta name=\"twitter:card\" content=\"summary_large_image\" \/>\n<meta name=\"twitter:label1\" content=\"Escrito por\" \/>\n\t<meta name=\"twitter:data1\" content=\"Luis Trujano\" \/>\n\t<meta name=\"twitter:label2\" content=\"Tiempo de lectura\" \/>\n\t<meta name=\"twitter:data2\" content=\"3 minutos\" \/>\n<script type=\"application\/ld+json\" class=\"yoast-schema-graph\">{\"@context\":\"https:\\\/\\\/schema.org\",\"@graph\":[{\"@type\":\"Article\",\"@id\":\"https:\\\/\\\/zeromagazine.mx\\\/index.php\\\/2025\\\/10\\\/21\\\/looks-de-otono-invierno-con-shein\\\/#article\",\"isPartOf\":{\"@id\":\"https:\\\/\\\/zeromagazine.mx\\\/index.php\\\/2025\\\/10\\\/21\\\/looks-de-otono-invierno-con-shein\\\/\"},\"author\":{\"name\":\"Luis Trujano\",\"@id\":\"https:\\\/\\\/zeromagazine.mx\\\/#\\\/schema\\\/person\\\/118d2dc27eca6f07b968c953d12daa6b\"},\"headline\":\"Looks de oto\u00f1o-invierno con SHEIN\",\"datePublished\":\"2025-10-22T04:01:11+00:00\",\"mainEntityOfPage\":{\"@id\":\"https:\\\/\\\/zeromagazine.mx\\\/index.php\\\/2025\\\/10\\\/21\\\/looks-de-otono-invierno-con-shein\\\/\"},\"wordCount\":484,\"commentCount\":0,\"publisher\":{\"@id\":\"https:\\\/\\\/zeromagazine.mx\\\/#organization\"},\"image\":{\"@id\":\"https:\\\/\\\/zeromagazine.mx\\\/index.php\\\/2025\\\/10\\\/21\\\/looks-de-otono-invierno-con-shein\\\/#primaryimage\"},\"thumbnailUrl\":\"https:\\\/\\\/i0.wp.com\\\/zeromagazine.mx\\\/wp-content\\\/uploads\\\/2025\\\/10\\\/SHEINXAMBASSADORS1036-scaled.jpg?fit=1706%2C2560&ssl=1\",\"articleSection\":[\"Moda\"],\"inLanguage\":\"es\",\"potentialAction\":[{\"@type\":\"CommentAction\",\"name\":\"Comment\",\"target\":[\"https:\\\/\\\/zeromagazine.mx\\\/index.php\\\/2025\\\/10\\\/21\\\/looks-de-otono-invierno-con-shein\\\/#respond\"]}]},{\"@type\":\"WebPage\",\"@id\":\"https:\\\/\\\/zeromagazine.mx\\\/index.php\\\/2025\\\/10\\\/21\\\/looks-de-otono-invierno-con-shein\\\/\",\"url\":\"https:\\\/\\\/zeromagazine.mx\\\/index.php\\\/2025\\\/10\\\/21\\\/looks-de-otono-invierno-con-shein\\\/\",\"name\":\"Looks de oto\u00f1o-invierno con SHEIN - Zero Magazine\",\"isPartOf\":{\"@id\":\"https:\\\/\\\/zeromagazine.mx\\\/#website\"},\"primaryImageOfPage\":{\"@id\":\"https:\\\/\\\/zeromagazine.mx\\\/index.php\\\/2025\\\/10\\\/21\\\/looks-de-otono-invierno-con-shein\\\/#primaryimage\"},\"image\":{\"@id\":\"https:\\\/\\\/zeromagazine.mx\\\/index.php\\\/2025\\\/10\\\/21\\\/looks-de-otono-invierno-con-shein\\\/#primaryimage\"},\"thumbnailUrl\":\"https:\\\/\\\/i0.wp.com\\\/zeromagazine.mx\\\/wp-content\\\/uploads\\\/2025\\\/10\\\/SHEINXAMBASSADORS1036-scaled.jpg?fit=1706%2C2560&ssl=1\",\"datePublished\":\"2025-10-22T04:01:11+00:00\",\"description\":\"Descubre los looks de oto\u00f1o-invierno con SHEIN que celebran el estilo libre, diverso y sin etiquetas.\",\"breadcrumb\":{\"@id\":\"https:\\\/\\\/zeromagazine.mx\\\/index.php\\\/2025\\\/10\\\/21\\\/looks-de-otono-invierno-con-shein\\\/#breadcrumb\"},\"inLanguage\":\"es\",\"potentialAction\":[{\"@type\":\"ReadAction\",\"target\":[\"https:\\\/\\\/zeromagazine.mx\\\/index.php\\\/2025\\\/10\\\/21\\\/looks-de-otono-invierno-con-shein\\\/\"]}]},{\"@type\":\"ImageObject\",\"inLanguage\":\"es\",\"@id\":\"https:\\\/\\\/zeromagazine.mx\\\/index.php\\\/2025\\\/10\\\/21\\\/looks-de-otono-invierno-con-shein\\\/#primaryimage\",\"url\":\"https:\\\/\\\/i0.wp.com\\\/zeromagazine.mx\\\/wp-content\\\/uploads\\\/2025\\\/10\\\/SHEINXAMBASSADORS1036-scaled.jpg?fit=1706%2C2560&ssl=1\",\"contentUrl\":\"https:\\\/\\\/i0.wp.com\\\/zeromagazine.mx\\\/wp-content\\\/uploads\\\/2025\\\/10\\\/SHEINXAMBASSADORS1036-scaled.jpg?fit=1706%2C2560&ssl=1\",\"width\":1706,\"height\":2560},{\"@type\":\"BreadcrumbList\",\"@id\":\"https:\\\/\\\/zeromagazine.mx\\\/index.php\\\/2025\\\/10\\\/21\\\/looks-de-otono-invierno-con-shein\\\/#breadcrumb\",\"itemListElement\":[{\"@type\":\"ListItem\",\"position\":1,\"name\":\"Portada\",\"item\":\"https:\\\/\\\/zeromagazine.mx\\\/\"},{\"@type\":\"ListItem\",\"position\":2,\"name\":\"Looks de oto\u00f1o-invierno con SHEIN\"}]},{\"@type\":\"WebSite\",\"@id\":\"https:\\\/\\\/zeromagazine.mx\\\/#website\",\"url\":\"https:\\\/\\\/zeromagazine.mx\\\/\",\"name\":\"Zero Magazine\",\"description\":\"\",\"publisher\":{\"@id\":\"https:\\\/\\\/zeromagazine.mx\\\/#organization\"},\"potentialAction\":[{\"@type\":\"SearchAction\",\"target\":{\"@type\":\"EntryPoint\",\"urlTemplate\":\"https:\\\/\\\/zeromagazine.mx\\\/?s={search_term_string}\"},\"query-input\":{\"@type\":\"PropertyValueSpecification\",\"valueRequired\":true,\"valueName\":\"search_term_string\"}}],\"inLanguage\":\"es\"},{\"@type\":\"Organization\",\"@id\":\"https:\\\/\\\/zeromagazine.mx\\\/#organization\",\"name\":\"Zero Magazine\",\"url\":\"https:\\\/\\\/zeromagazine.mx\\\/\",\"logo\":{\"@type\":\"ImageObject\",\"inLanguage\":\"es\",\"@id\":\"https:\\\/\\\/zeromagazine.mx\\\/#\\\/schema\\\/logo\\\/image\\\/\",\"url\":\"https:\\\/\\\/i0.wp.com\\\/zeromagazine.mx\\\/wp-content\\\/uploads\\\/2025\\\/11\\\/1.jpeg?fit=1000%2C1000&ssl=1\",\"contentUrl\":\"https:\\\/\\\/i0.wp.com\\\/zeromagazine.mx\\\/wp-content\\\/uploads\\\/2025\\\/11\\\/1.jpeg?fit=1000%2C1000&ssl=1\",\"width\":1000,\"height\":1000,\"caption\":\"Zero Magazine\"},\"image\":{\"@id\":\"https:\\\/\\\/zeromagazine.mx\\\/#\\\/schema\\\/logo\\\/image\\\/\"},\"sameAs\":[\"https:\\\/\\\/instagram.com\\\/zeromagazinemx\"]},{\"@type\":\"Person\",\"@id\":\"https:\\\/\\\/zeromagazine.mx\\\/#\\\/schema\\\/person\\\/118d2dc27eca6f07b968c953d12daa6b\",\"name\":\"Luis Trujano\",\"image\":{\"@type\":\"ImageObject\",\"inLanguage\":\"es\",\"@id\":\"https:\\\/\\\/zeromagazine.mx\\\/wp-content\\\/litespeed\\\/avatar\\\/fbd9d1d6aa4d21e2bb5be8b3155046c9.jpg?ver=1777576316\",\"url\":\"https:\\\/\\\/zeromagazine.mx\\\/wp-content\\\/litespeed\\\/avatar\\\/fbd9d1d6aa4d21e2bb5be8b3155046c9.jpg?ver=1777576316\",\"contentUrl\":\"https:\\\/\\\/zeromagazine.mx\\\/wp-content\\\/litespeed\\\/avatar\\\/fbd9d1d6aa4d21e2bb5be8b3155046c9.jpg?ver=1777576316\",\"caption\":\"Luis Trujano\"},\"url\":\"https:\\\/\\\/zeromagazine.mx\\\/index.php\\\/author\\\/luis-trujano\\\/\"}]}<\/script>\n<!-- \/ Yoast SEO plugin. -->","yoast_head_json":{"title":"Looks de oto\u00f1o-invierno con SHEIN - Zero Magazine","description":"Descubre los looks de oto\u00f1o-invierno con SHEIN que celebran el estilo libre, diverso y sin etiquetas.","robots":{"index":"index","follow":"follow","max-snippet":"max-snippet:-1","max-image-preview":"max-image-preview:large","max-video-preview":"max-video-preview:-1"},"canonical":"https:\/\/zeromagazine.mx\/index.php\/2025\/10\/21\/looks-de-otono-invierno-con-shein\/","og_locale":"es_ES","og_type":"article","og_title":"Looks de oto\u00f1o-invierno con SHEIN - Zero Magazine","og_description":"Descubre los looks de oto\u00f1o-invierno con SHEIN que celebran el estilo libre, diverso y sin etiquetas.","og_url":"https:\/\/zeromagazine.mx\/index.php\/2025\/10\/21\/looks-de-otono-invierno-con-shein\/","og_site_name":"Zero Magazine","article_published_time":"2025-10-22T04:01:11+00:00","og_image":[{"width":1706,"height":2560,"url":"http:\/\/zeromagazine.mx\/wp-content\/uploads\/2025\/10\/SHEINXAMBASSADORS1036-scaled.jpg","type":"image\/jpeg"}],"author":"Luis Trujano","twitter_card":"summary_large_image","twitter_misc":{"Escrito por":"Luis Trujano","Tiempo de lectura":"3 minutos"},"schema":{"@context":"https:\/\/schema.org","@graph":[{"@type":"Article","@id":"https:\/\/zeromagazine.mx\/index.php\/2025\/10\/21\/looks-de-otono-invierno-con-shein\/#article","isPartOf":{"@id":"https:\/\/zeromagazine.mx\/index.php\/2025\/10\/21\/looks-de-otono-invierno-con-shein\/"},"author":{"name":"Luis Trujano","@id":"https:\/\/zeromagazine.mx\/#\/schema\/person\/118d2dc27eca6f07b968c953d12daa6b"},"headline":"Looks de oto\u00f1o-invierno con SHEIN","datePublished":"2025-10-22T04:01:11+00:00","mainEntityOfPage":{"@id":"https:\/\/zeromagazine.mx\/index.php\/2025\/10\/21\/looks-de-otono-invierno-con-shein\/"},"wordCount":484,"commentCount":0,"publisher":{"@id":"https:\/\/zeromagazine.mx\/#organization"},"image":{"@id":"https:\/\/zeromagazine.mx\/index.php\/2025\/10\/21\/looks-de-otono-invierno-con-shein\/#primaryimage"},"thumbnailUrl":"https:\/\/i0.wp.com\/zeromagazine.mx\/wp-content\/uploads\/2025\/10\/SHEINXAMBASSADORS1036-scaled.jpg?fit=1706%2C2560&ssl=1","articleSection":["Moda"],"inLanguage":"es","potentialAction":[{"@type":"CommentAction","name":"Comment","target":["https:\/\/zeromagazine.mx\/index.php\/2025\/10\/21\/looks-de-otono-invierno-con-shein\/#respond"]}]},{"@type":"WebPage","@id":"https:\/\/zeromagazine.mx\/index.php\/2025\/10\/21\/looks-de-otono-invierno-con-shein\/","url":"https:\/\/zeromagazine.mx\/index.php\/2025\/10\/21\/looks-de-otono-invierno-con-shein\/","name":"Looks de oto\u00f1o-invierno con SHEIN - Zero Magazine","isPartOf":{"@id":"https:\/\/zeromagazine.mx\/#website"},"primaryImageOfPage":{"@id":"https:\/\/zeromagazine.mx\/index.php\/2025\/10\/21\/looks-de-otono-invierno-con-shein\/#primaryimage"},"image":{"@id":"https:\/\/zeromagazine.mx\/index.php\/2025\/10\/21\/looks-de-otono-invierno-con-shein\/#primaryimage"},"thumbnailUrl":"https:\/\/i0.wp.com\/zeromagazine.mx\/wp-content\/uploads\/2025\/10\/SHEINXAMBASSADORS1036-scaled.jpg?fit=1706%2C2560&ssl=1","datePublished":"2025-10-22T04:01:11+00:00","description":"Descubre los looks de oto\u00f1o-invierno con SHEIN que celebran el estilo libre, diverso y sin etiquetas.","breadcrumb":{"@id":"https:\/\/zeromagazine.mx\/index.php\/2025\/10\/21\/looks-de-otono-invierno-con-shein\/#breadcrumb"},"inLanguage":"es","potentialAction":[{"@type":"ReadAction","target":["https:\/\/zeromagazine.mx\/index.php\/2025\/10\/21\/looks-de-otono-invierno-con-shein\/"]}]},{"@type":"ImageObject","inLanguage":"es","@id":"https:\/\/zeromagazine.mx\/index.php\/2025\/10\/21\/looks-de-otono-invierno-con-shein\/#primaryimage","url":"https:\/\/i0.wp.com\/zeromagazine.mx\/wp-content\/uploads\/2025\/10\/SHEINXAMBASSADORS1036-scaled.jpg?fit=1706%2C2560&ssl=1","contentUrl":"https:\/\/i0.wp.com\/zeromagazine.mx\/wp-content\/uploads\/2025\/10\/SHEINXAMBASSADORS1036-scaled.jpg?fit=1706%2C2560&ssl=1","width":1706,"height":2560},{"@type":"BreadcrumbList","@id":"https:\/\/zeromagazine.mx\/index.php\/2025\/10\/21\/looks-de-otono-invierno-con-shein\/#breadcrumb","itemListElement":[{"@type":"ListItem","position":1,"name":"Portada","item":"https:\/\/zeromagazine.mx\/"},{"@type":"ListItem","position":2,"name":"Looks de oto\u00f1o-invierno con SHEIN"}]},{"@type":"WebSite","@id":"https:\/\/zeromagazine.mx\/#website","url":"https:\/\/zeromagazine.mx\/","name":"Zero Magazine","description":"","publisher":{"@id":"https:\/\/zeromagazine.mx\/#organization"},"potentialAction":[{"@type":"SearchAction","target":{"@type":"EntryPoint","urlTemplate":"https:\/\/zeromagazine.mx\/?s={search_term_string}"},"query-input":{"@type":"PropertyValueSpecification","valueRequired":true,"valueName":"search_term_string"}}],"inLanguage":"es"},{"@type":"Organization","@id":"https:\/\/zeromagazine.mx\/#organization","name":"Zero Magazine","url":"https:\/\/zeromagazine.mx\/","logo":{"@type":"ImageObject","inLanguage":"es","@id":"https:\/\/zeromagazine.mx\/#\/schema\/logo\/image\/","url":"https:\/\/i0.wp.com\/zeromagazine.mx\/wp-content\/uploads\/2025\/11\/1.jpeg?fit=1000%2C1000&ssl=1","contentUrl":"https:\/\/i0.wp.com\/zeromagazine.mx\/wp-content\/uploads\/2025\/11\/1.jpeg?fit=1000%2C1000&ssl=1","width":1000,"height":1000,"caption":"Zero Magazine"},"image":{"@id":"https:\/\/zeromagazine.mx\/#\/schema\/logo\/image\/"},"sameAs":["https:\/\/instagram.com\/zeromagazinemx"]},{"@type":"Person","@id":"https:\/\/zeromagazine.mx\/#\/schema\/person\/118d2dc27eca6f07b968c953d12daa6b","name":"Luis Trujano","image":{"@type":"ImageObject","inLanguage":"es","@id":"https:\/\/zeromagazine.mx\/wp-content\/litespeed\/avatar\/fbd9d1d6aa4d21e2bb5be8b3155046c9.jpg?ver=1777576316","url":"https:\/\/zeromagazine.mx\/wp-content\/litespeed\/avatar\/fbd9d1d6aa4d21e2bb5be8b3155046c9.jpg?ver=1777576316","contentUrl":"https:\/\/zeromagazine.mx\/wp-content\/litespeed\/avatar\/fbd9d1d6aa4d21e2bb5be8b3155046c9.jpg?ver=1777576316","caption":"Luis Trujano"},"url":"https:\/\/zeromagazine.mx\/index.php\/author\/luis-trujano\/"}]}},"jetpack_publicize_connections":[],"jetpack_featured_media_url":"https:\/\/i0.wp.com\/zeromagazine.mx\/wp-content\/uploads\/2025\/10\/SHEINXAMBASSADORS1036-scaled.jpg?fit=1706%2C2560&ssl=1","jetpack-related-posts":[{"id":87553,"url":"https:\/\/zeromagazine.mx\/index.php\/2024\/10\/20\/shein-x-belinda\/","url_meta":{"origin":109640,"position":0},"title":"SHEIN x Belinda: Imponiendo Moda para Este Oto\u00f1o","author":"David Morales","date":"20 de octubre de 2024","format":false,"excerpt":"\u201d\u00a1Ganando como siempre!\u201d Shein x Belinda regresa este octubre con una colecci\u00f3n que promete apoderarse de los closets m\u00e1s atrevidos. No es sorpresa que Belinda imponga moda desde siempre, y esta vez lo hace de nuevo, con una propuesta que lo tiene todo: estilo, actitud y versatilidad. La colecci\u00f3n es\u2026","rel":"","context":"En \u00abModa\u00bb","block_context":{"text":"Moda","link":"https:\/\/zeromagazine.mx\/index.php\/category\/moda\/"},"img":{"alt_text":"","src":"https:\/\/i0.wp.com\/zeromagazine.mx\/wp-content\/uploads\/2024\/10\/IMG_1984-scaled.jpeg?fit=1200%2C800&ssl=1&resize=350%2C200","width":350,"height":200,"srcset":"https:\/\/i0.wp.com\/zeromagazine.mx\/wp-content\/uploads\/2024\/10\/IMG_1984-scaled.jpeg?fit=1200%2C800&ssl=1&resize=350%2C200 1x, https:\/\/i0.wp.com\/zeromagazine.mx\/wp-content\/uploads\/2024\/10\/IMG_1984-scaled.jpeg?fit=1200%2C800&ssl=1&resize=525%2C300 1.5x, https:\/\/i0.wp.com\/zeromagazine.mx\/wp-content\/uploads\/2024\/10\/IMG_1984-scaled.jpeg?fit=1200%2C800&ssl=1&resize=700%2C400 2x, https:\/\/i0.wp.com\/zeromagazine.mx\/wp-content\/uploads\/2024\/10\/IMG_1984-scaled.jpeg?fit=1200%2C800&ssl=1&resize=1050%2C600 3x"},"classes":[]},{"id":112119,"url":"https:\/\/zeromagazine.mx\/index.php\/2025\/12\/24\/pop-up-store-shein-cdmx-2025\/","url_meta":{"origin":109640,"position":1},"title":"Pop Up Store SHEIN CDMX llega","author":"zeromagazinemx","date":"24 de diciembre de 2025","format":false,"excerpt":"Hay eventos que no solo se visitan, se viven. Y este diciembre, la Pop Up Store SHEIN CDMX se convierte en ese plan obligatorio antes de cerrar el a\u00f1o. Moda, selfies, descuentos, vibes y esa sensaci\u00f3n de estar justo donde todo est\u00e1 pasando. SHEIN trae a la ciudad una experiencia\u2026","rel":"","context":"En \u00abModa\u00bb","block_context":{"text":"Moda","link":"https:\/\/zeromagazine.mx\/index.php\/category\/moda\/"},"img":{"alt_text":"","src":"https:\/\/i0.wp.com\/zeromagazine.mx\/wp-content\/uploads\/2025\/12\/1000045871-scaled.jpg?fit=1200%2C800&ssl=1&resize=350%2C200","width":350,"height":200,"srcset":"https:\/\/i0.wp.com\/zeromagazine.mx\/wp-content\/uploads\/2025\/12\/1000045871-scaled.jpg?fit=1200%2C800&ssl=1&resize=350%2C200 1x, https:\/\/i0.wp.com\/zeromagazine.mx\/wp-content\/uploads\/2025\/12\/1000045871-scaled.jpg?fit=1200%2C800&ssl=1&resize=525%2C300 1.5x, https:\/\/i0.wp.com\/zeromagazine.mx\/wp-content\/uploads\/2025\/12\/1000045871-scaled.jpg?fit=1200%2C800&ssl=1&resize=700%2C400 2x, https:\/\/i0.wp.com\/zeromagazine.mx\/wp-content\/uploads\/2025\/12\/1000045871-scaled.jpg?fit=1200%2C800&ssl=1&resize=1050%2C600 3x"},"classes":[]},{"id":106453,"url":"https:\/\/zeromagazine.mx\/index.php\/2025\/06\/23\/shein-y-karime-pindter-dan-estilo-urbano-clasico\/","url_meta":{"origin":109640,"position":2},"title":"Shein y Karime Pindter: urban y classy en una sola vibe","author":"David Morales","date":"23 de junio de 2025","format":false,"excerpt":"Amix, \u00bfya viste la nueva collab que est\u00e1 rompiendo el feed? Pue si no te la cuento: Shein y Karime Pindter se unieron para mostrarnos que s\u00ed se puede ser atrevidx, elegante y urbanx al mismo tiempo. Bajo la campa\u00f1a \u201cAtr\u00e9vete con estilo\u201d, Karime se convirti\u00f3 en la imagen principal\u2026","rel":"","context":"En \u00abModa\u00bb","block_context":{"text":"Moda","link":"https:\/\/zeromagazine.mx\/index.php\/category\/moda\/"},"img":{"alt_text":"","src":"https:\/\/i0.wp.com\/zeromagazine.mx\/wp-content\/uploads\/2025\/06\/MUSERA-4-scaled.jpg?fit=1200%2C800&ssl=1&resize=350%2C200","width":350,"height":200,"srcset":"https:\/\/i0.wp.com\/zeromagazine.mx\/wp-content\/uploads\/2025\/06\/MUSERA-4-scaled.jpg?fit=1200%2C800&ssl=1&resize=350%2C200 1x, https:\/\/i0.wp.com\/zeromagazine.mx\/wp-content\/uploads\/2025\/06\/MUSERA-4-scaled.jpg?fit=1200%2C800&ssl=1&resize=525%2C300 1.5x, https:\/\/i0.wp.com\/zeromagazine.mx\/wp-content\/uploads\/2025\/06\/MUSERA-4-scaled.jpg?fit=1200%2C800&ssl=1&resize=700%2C400 2x, https:\/\/i0.wp.com\/zeromagazine.mx\/wp-content\/uploads\/2025\/06\/MUSERA-4-scaled.jpg?fit=1200%2C800&ssl=1&resize=1050%2C600 3x"},"classes":[]},{"id":103616,"url":"https:\/\/zeromagazine.mx\/index.php\/2025\/05\/12\/estilo-cowboy-shein\/","url_meta":{"origin":109640,"position":3},"title":"Estilo Cowboy SHEIN","author":"David Morales","date":"12 de mayo de 2025","format":false,"excerpt":"Ey amix, si \u00faltimamente te salen outfits con botas, flecos y estampados de vaca en el feed, no es casualidad. El cowboy core se nos meti\u00f3 hasta el closet y la neta, no estamos en contra. Esta tendencia es el mix perfecto entre rebeld\u00eda, nostalgia y fashion. M\u00e1s que un\u2026","rel":"","context":"En \u00abModa\u00bb","block_context":{"text":"Moda","link":"https:\/\/zeromagazine.mx\/index.php\/category\/moda\/"},"img":{"alt_text":"","src":"https:\/\/i0.wp.com\/zeromagazine.mx\/wp-content\/uploads\/2025\/05\/IMG_9069.png?fit=880%2C1200&ssl=1&resize=350%2C200","width":350,"height":200,"srcset":"https:\/\/i0.wp.com\/zeromagazine.mx\/wp-content\/uploads\/2025\/05\/IMG_9069.png?fit=880%2C1200&ssl=1&resize=350%2C200 1x, https:\/\/i0.wp.com\/zeromagazine.mx\/wp-content\/uploads\/2025\/05\/IMG_9069.png?fit=880%2C1200&ssl=1&resize=525%2C300 1.5x, https:\/\/i0.wp.com\/zeromagazine.mx\/wp-content\/uploads\/2025\/05\/IMG_9069.png?fit=880%2C1200&ssl=1&resize=700%2C400 2x"},"classes":[]},{"id":107353,"url":"https:\/\/zeromagazine.mx\/index.php\/2025\/08\/19\/shein-fashion-tour-cdmx-2025\/","url_meta":{"origin":109640,"position":4},"title":"SHEIN Fashion Tour CDMX 2025","author":"David Morales","date":"19 de agosto de 2025","format":false,"excerpt":"La moda no se vive, se experimenta. Y ahora SHEIN quiere llevarnos mucho m\u00e1s all\u00e1 del scroll infinito en su app: este 22, 23 y 24 de agosto, llega a la Ciudad de M\u00e9xico el primer SHEIN Fashion Tour, una experiencia inmersiva que promete convertirse en the place to be\u2026","rel":"","context":"En \u00abModa\u00bb","block_context":{"text":"Moda","link":"https:\/\/zeromagazine.mx\/index.php\/category\/moda\/"},"img":{"alt_text":"","src":"https:\/\/i0.wp.com\/zeromagazine.mx\/wp-content\/uploads\/2025\/08\/shein-fashion-tour.jpg?fit=960%2C1200&ssl=1&resize=350%2C200","width":350,"height":200,"srcset":"https:\/\/i0.wp.com\/zeromagazine.mx\/wp-content\/uploads\/2025\/08\/shein-fashion-tour.jpg?fit=960%2C1200&ssl=1&resize=350%2C200 1x, https:\/\/i0.wp.com\/zeromagazine.mx\/wp-content\/uploads\/2025\/08\/shein-fashion-tour.jpg?fit=960%2C1200&ssl=1&resize=525%2C300 1.5x, https:\/\/i0.wp.com\/zeromagazine.mx\/wp-content\/uploads\/2025\/08\/shein-fashion-tour.jpg?fit=960%2C1200&ssl=1&resize=700%2C400 2x"},"classes":[]},{"id":107363,"url":"https:\/\/zeromagazine.mx\/index.php\/2025\/08\/13\/hot-fashion-shein-2025\/","url_meta":{"origin":109640,"position":5},"title":"Hot Fashion SHEIN 2025: reinventa tu cl\u00f3set \u2728","author":"David Morales","date":"13 de agosto de 2025","format":false,"excerpt":"Si hay algo que sabemos de SHEIN es que no se trata solo de moda r\u00e1pida, sino de una plataforma que constantemente nos invita a experimentar con nuestro estilo. Y este agosto, regresa uno de sus eventos m\u00e1s esperados: el Hot Fashion SHEIN 2025, una semana de descuentos, din\u00e1micas y\u2026","rel":"","context":"En \u00abModa\u00bb","block_context":{"text":"Moda","link":"https:\/\/zeromagazine.mx\/index.php\/category\/moda\/"},"img":{"alt_text":"","src":"https:\/\/i0.wp.com\/zeromagazine.mx\/wp-content\/uploads\/2025\/08\/dsc00062.jpg?fit=1200%2C800&ssl=1&resize=350%2C200","width":350,"height":200,"srcset":"https:\/\/i0.wp.com\/zeromagazine.mx\/wp-content\/uploads\/2025\/08\/dsc00062.jpg?fit=1200%2C800&ssl=1&resize=350%2C200 1x, https:\/\/i0.wp.com\/zeromagazine.mx\/wp-content\/uploads\/2025\/08\/dsc00062.jpg?fit=1200%2C800&ssl=1&resize=525%2C300 1.5x, https:\/\/i0.wp.com\/zeromagazine.mx\/wp-content\/uploads\/2025\/08\/dsc00062.jpg?fit=1200%2C800&ssl=1&resize=700%2C400 2x, https:\/\/i0.wp.com\/zeromagazine.mx\/wp-content\/uploads\/2025\/08\/dsc00062.jpg?fit=1200%2C800&ssl=1&resize=1050%2C600 3x"},"classes":[]}],"jetpack_sharing_enabled":true,"builder_content":"","_links":{"self":[{"href":"https:\/\/zeromagazine.mx\/index.php\/wp-json\/wp\/v2\/posts\/109640","targetHints":{"allow":["GET"]}}],"collection":[{"href":"https:\/\/zeromagazine.mx\/index.php\/wp-json\/wp\/v2\/posts"}],"about":[{"href":"https:\/\/zeromagazine.mx\/index.php\/wp-json\/wp\/v2\/types\/post"}],"author":[{"embeddable":true,"href":"https:\/\/zeromagazine.mx\/index.php\/wp-json\/wp\/v2\/users\/6"}],"replies":[{"embeddable":true,"href":"https:\/\/zeromagazine.mx\/index.php\/wp-json\/wp\/v2\/comments?post=109640"}],"version-history":[{"count":1,"href":"https:\/\/zeromagazine.mx\/index.php\/wp-json\/wp\/v2\/posts\/109640\/revisions"}],"predecessor-version":[{"id":109644,"href":"https:\/\/zeromagazine.mx\/index.php\/wp-json\/wp\/v2\/posts\/109640\/revisions\/109644"}],"wp:featuredmedia":[{"embeddable":true,"href":"https:\/\/zeromagazine.mx\/index.php\/wp-json\/wp\/v2\/media\/109641"}],"wp:attachment":[{"href":"https:\/\/zeromagazine.mx\/index.php\/wp-json\/wp\/v2\/media?parent=109640"}],"wp:term":[{"taxonomy":"category","embeddable":true,"href":"https:\/\/zeromagazine.mx\/index.php\/wp-json\/wp\/v2\/categories?post=109640"},{"taxonomy":"post_tag","embeddable":true,"href":"https:\/\/zeromagazine.mx\/index.php\/wp-json\/wp\/v2\/tags?post=109640"}],"curies":[{"name":"wp","href":"https:\/\/api.w.org\/{rel}","templated":true}]}}