{"id":109657,"date":"2025-10-21T22:45:20","date_gmt":"2025-10-22T04:45:20","guid":{"rendered":"https:\/\/zeromagazine.mx\/?p=109657"},"modified":"2025-10-21T22:45:20","modified_gmt":"2025-10-22T04:45:20","slug":"chaquetas-stradivarius-otono-2025","status":"publish","type":"post","link":"https:\/\/zeromagazine.mx\/index.php\/2025\/10\/21\/chaquetas-stradivarius-otono-2025\/","title":{"rendered":"Chaquetas Stradivarius: oto\u00f1o en cada look"},"content":{"rendered":"<!--themify_builder_content-->\n<div id=\"themify_builder_content-109657\" data-postid=\"109657\" class=\"themify_builder_content themify_builder_content-109657 themify_builder tf_clear\">\n    <\/div>\n<!--\/themify_builder_content-->\n\n\n<p>El oto\u00f1o lleg\u00f3 y Stradivarius ya tiene la prenda que define la temporada: las chaquetas. Desde blazers efecto ante hasta abrigos cruzados de pa\u00f1o, la marca propone una colecci\u00f3n que combina comodidad, elegancia y esa vibra effortless que queremos para los d\u00edas fr\u00edos. Porque s\u00ed, si hay algo que el oto\u00f1o pide, es una buena dosis de estilo en capas.<\/p>\n\n\n\n<figure class=\"wp-block-image size-full\"><img data-recalc-dims=\"1\" decoding=\"async\" width=\"1120\" height=\"789\" src=\"https:\/\/i0.wp.com\/zeromagazine.mx\/wp-content\/uploads\/2025\/10\/IMG_5695.jpeg?resize=1120%2C789&#038;ssl=1\" alt=\"\" class=\"wp-image-109658\" srcset=\"https:\/\/i0.wp.com\/zeromagazine.mx\/wp-content\/uploads\/2025\/10\/IMG_5695.jpeg?w=1120&amp;ssl=1 1120w, https:\/\/i0.wp.com\/zeromagazine.mx\/wp-content\/uploads\/2025\/10\/IMG_5695.jpeg?resize=300%2C211&amp;ssl=1 300w, https:\/\/i0.wp.com\/zeromagazine.mx\/wp-content\/uploads\/2025\/10\/IMG_5695.jpeg?resize=1024%2C721&amp;ssl=1 1024w, https:\/\/i0.wp.com\/zeromagazine.mx\/wp-content\/uploads\/2025\/10\/IMG_5695.jpeg?resize=768%2C541&amp;ssl=1 768w\" sizes=\"(max-width: 1120px) 100vw, 1120px\" \/><\/figure>\n\n\n\n<p>Adem\u00e1s, las chaquetas Stradivarius son m\u00e1s que un b\u00e1sico de temporada: son una declaraci\u00f3n de intenci\u00f3n. En una paleta de tonos c\u00e1lidos y texturas suaves, se convierten en el toque final que transforma cualquier outfit en algo digno de pasarela.<\/p>\n\n\n\n<p><strong>Chaquetas Stradivarius: la f\u00f3rmula del estilo<\/strong><\/p>\n\n\n\n<p>Por un lado, los abrigos de pelo y las gabardinas largas traen ese aire cl\u00e1sico con un twist moderno que combina con todo. Por otro, las cazadoras y blazers efecto ante prometen conquistar la calle con un look m\u00e1s relajado pero igual de sofisticado. No importa si vas a la oficina, a una cita o solo a tomar caf\u00e9 con amigos: Stradivarius tiene una chaqueta para cada plan.<\/p>\n\n\n\n<p>Asimismo, la propuesta se completa con los must-haves del oto\u00f1o: botas altas, bolsos estructurados y denim de fit ancho. Todo dise\u00f1ado para jugar con proporciones y crear combinaciones que gritan estilo sin esfuerzo.<\/p>\n\n\n\n<figure class=\"wp-block-gallery has-nested-images columns-default is-cropped wp-block-gallery-1 is-layout-flex wp-block-gallery-is-layout-flex\">\n<figure class=\"wp-block-image size-large\"><img data-recalc-dims=\"1\" decoding=\"async\" width=\"480\" height=\"693\" data-id=\"109660\" src=\"https:\/\/i0.wp.com\/zeromagazine.mx\/wp-content\/uploads\/2025\/10\/IMG_5697.jpeg?resize=480%2C693&#038;ssl=1\" alt=\"\" class=\"wp-image-109660\" srcset=\"https:\/\/i0.wp.com\/zeromagazine.mx\/wp-content\/uploads\/2025\/10\/IMG_5697.jpeg?w=480&amp;ssl=1 480w, https:\/\/i0.wp.com\/zeromagazine.mx\/wp-content\/uploads\/2025\/10\/IMG_5697.jpeg?resize=208%2C300&amp;ssl=1 208w\" sizes=\"(max-width: 480px) 100vw, 480px\" \/><\/figure>\n<\/figure>\n\n\n\n<p>Adem\u00e1s, la marca invita a experimentar. Porque las chaquetas Stradivarius no se tratan solo de abrigarte, sino de expresarte: mezclar texturas, probar colores, salir de la rutina y descubrir tu nueva versi\u00f3n de \u201ccool\u201d.<\/p>\n\n\n\n<p><strong>Un oto\u00f1o, mil estilos<\/strong><\/p>\n\n\n\n<p>Por eso, este oto\u00f1o no es sobre seguir tendencias, sino sobre reinterpretarlas. Mientras los d\u00edas se vuelven m\u00e1s fr\u00edos, las capas cuentan historias: la del blazer sobre minifalda, la del abrigo largo con sneakers o la de una cazadora combinada con chaleco tejido.<\/p>\n\n\n\n<figure class=\"wp-block-image size-full\"><img data-recalc-dims=\"1\" decoding=\"async\" width=\"480\" height=\"693\" src=\"https:\/\/i0.wp.com\/zeromagazine.mx\/wp-content\/uploads\/2025\/10\/IMG_5696.jpeg?resize=480%2C693&#038;ssl=1\" alt=\"\" class=\"wp-image-109661\" srcset=\"https:\/\/i0.wp.com\/zeromagazine.mx\/wp-content\/uploads\/2025\/10\/IMG_5696.jpeg?w=480&amp;ssl=1 480w, https:\/\/i0.wp.com\/zeromagazine.mx\/wp-content\/uploads\/2025\/10\/IMG_5696.jpeg?resize=208%2C300&amp;ssl=1 208w\" sizes=\"(max-width: 480px) 100vw, 480px\" \/><\/figure>\n\n\n\n<p>En resumen, Stradivarius redefine el oto\u00f1o con una colecci\u00f3n que equilibra estilo, funcionalidad y autenticidad. Porque entre el viento y las hojas cayendo, lo \u00fanico que realmente necesitas para sentirte imparable es tu chaqueta favorita.<\/p>\n\n\n\n<p>Y s\u00ed, este a\u00f1o, esa chaqueta sin duda lleva el sello de Stradivarius.<\/p>","protected":false},"excerpt":{"rendered":"<p>El oto\u00f1o lleg\u00f3 y Stradivarius ya tiene la prenda que define la temporada: las chaquetas. Desde blazers efecto ante hasta abrigos cruzados de pa\u00f1o, la marca propone una colecci\u00f3n que combina comodidad, elegancia y esa vibra effortless que queremos para los d\u00edas fr\u00edos. Porque s\u00ed, si hay algo que el oto\u00f1o pide, es una buena [&hellip;]<\/p>\n","protected":false},"author":6,"featured_media":109659,"comment_status":"open","ping_status":"open","sticky":false,"template":"","format":"standard","meta":{"_jetpack_memberships_contains_paid_content":false,"footnotes":"","jetpack_publicize_message":"","jetpack_publicize_feature_enabled":true,"jetpack_social_post_already_shared":true,"jetpack_social_options":{"image_generator_settings":{"template":"highway","default_image_id":0,"font":"","enabled":false},"version":2}},"categories":[67],"tags":[],"class_list":["post-109657","post","type-post","status-publish","format-standard","has-post-thumbnail","hentry","category-moda","has-post-title","has-post-date","has-post-category","has-post-tag","has-post-comment","has-post-author",""],"yoast_head":"<!-- This site is optimized with the Yoast SEO plugin v27.5 - https:\/\/yoast.com\/product\/yoast-seo-wordpress\/ -->\n<title>Chaquetas Stradivarius: oto\u00f1o en cada look - Zero Magazine<\/title>\n<meta name=\"description\" content=\"Descubre las chaquetas Stradivarius del oto\u00f1o 2025: vers\u00e1tiles, elegantes y listas para elevar tu estilo esta temporada.\" \/>\n<meta name=\"robots\" content=\"index, follow, max-snippet:-1, max-image-preview:large, max-video-preview:-1\" \/>\n<link rel=\"canonical\" href=\"https:\/\/zeromagazine.mx\/index.php\/2025\/10\/21\/chaquetas-stradivarius-otono-2025\/\" \/>\n<meta property=\"og:locale\" content=\"es_ES\" \/>\n<meta property=\"og:type\" content=\"article\" \/>\n<meta property=\"og:title\" content=\"Chaquetas Stradivarius: oto\u00f1o en cada look - Zero Magazine\" \/>\n<meta property=\"og:description\" content=\"Descubre las chaquetas Stradivarius del oto\u00f1o 2025: vers\u00e1tiles, elegantes y listas para elevar tu estilo esta temporada.\" \/>\n<meta property=\"og:url\" content=\"https:\/\/zeromagazine.mx\/index.php\/2025\/10\/21\/chaquetas-stradivarius-otono-2025\/\" \/>\n<meta property=\"og:site_name\" content=\"Zero Magazine\" \/>\n<meta property=\"article:published_time\" content=\"2025-10-22T04:45:20+00:00\" \/>\n<meta property=\"og:image\" content=\"http:\/\/zeromagazine.mx\/wp-content\/uploads\/2025\/10\/IMG_5695-1.jpeg\" \/>\n\t<meta property=\"og:image:width\" content=\"1120\" \/>\n\t<meta property=\"og:image:height\" content=\"789\" \/>\n\t<meta property=\"og:image:type\" content=\"image\/jpeg\" \/>\n<meta name=\"author\" content=\"Luis Trujano\" \/>\n<meta name=\"twitter:card\" content=\"summary_large_image\" \/>\n<meta name=\"twitter:label1\" content=\"Escrito por\" \/>\n\t<meta name=\"twitter:data1\" content=\"Luis Trujano\" \/>\n\t<meta name=\"twitter:label2\" content=\"Tiempo de lectura\" \/>\n\t<meta name=\"twitter:data2\" content=\"3 minutos\" \/>\n<script type=\"application\/ld+json\" class=\"yoast-schema-graph\">{\"@context\":\"https:\\\/\\\/schema.org\",\"@graph\":[{\"@type\":\"Article\",\"@id\":\"https:\\\/\\\/zeromagazine.mx\\\/index.php\\\/2025\\\/10\\\/21\\\/chaquetas-stradivarius-otono-2025\\\/#article\",\"isPartOf\":{\"@id\":\"https:\\\/\\\/zeromagazine.mx\\\/index.php\\\/2025\\\/10\\\/21\\\/chaquetas-stradivarius-otono-2025\\\/\"},\"author\":{\"name\":\"Luis Trujano\",\"@id\":\"https:\\\/\\\/zeromagazine.mx\\\/#\\\/schema\\\/person\\\/118d2dc27eca6f07b968c953d12daa6b\"},\"headline\":\"Chaquetas Stradivarius: oto\u00f1o en cada look\",\"datePublished\":\"2025-10-22T04:45:20+00:00\",\"mainEntityOfPage\":{\"@id\":\"https:\\\/\\\/zeromagazine.mx\\\/index.php\\\/2025\\\/10\\\/21\\\/chaquetas-stradivarius-otono-2025\\\/\"},\"wordCount\":370,\"commentCount\":0,\"publisher\":{\"@id\":\"https:\\\/\\\/zeromagazine.mx\\\/#organization\"},\"image\":{\"@id\":\"https:\\\/\\\/zeromagazine.mx\\\/index.php\\\/2025\\\/10\\\/21\\\/chaquetas-stradivarius-otono-2025\\\/#primaryimage\"},\"thumbnailUrl\":\"https:\\\/\\\/i0.wp.com\\\/zeromagazine.mx\\\/wp-content\\\/uploads\\\/2025\\\/10\\\/IMG_5695-1.jpeg?fit=1120%2C789&ssl=1\",\"articleSection\":[\"Moda\"],\"inLanguage\":\"es\",\"potentialAction\":[{\"@type\":\"CommentAction\",\"name\":\"Comment\",\"target\":[\"https:\\\/\\\/zeromagazine.mx\\\/index.php\\\/2025\\\/10\\\/21\\\/chaquetas-stradivarius-otono-2025\\\/#respond\"]}]},{\"@type\":\"WebPage\",\"@id\":\"https:\\\/\\\/zeromagazine.mx\\\/index.php\\\/2025\\\/10\\\/21\\\/chaquetas-stradivarius-otono-2025\\\/\",\"url\":\"https:\\\/\\\/zeromagazine.mx\\\/index.php\\\/2025\\\/10\\\/21\\\/chaquetas-stradivarius-otono-2025\\\/\",\"name\":\"Chaquetas Stradivarius: oto\u00f1o en cada look - Zero Magazine\",\"isPartOf\":{\"@id\":\"https:\\\/\\\/zeromagazine.mx\\\/#website\"},\"primaryImageOfPage\":{\"@id\":\"https:\\\/\\\/zeromagazine.mx\\\/index.php\\\/2025\\\/10\\\/21\\\/chaquetas-stradivarius-otono-2025\\\/#primaryimage\"},\"image\":{\"@id\":\"https:\\\/\\\/zeromagazine.mx\\\/index.php\\\/2025\\\/10\\\/21\\\/chaquetas-stradivarius-otono-2025\\\/#primaryimage\"},\"thumbnailUrl\":\"https:\\\/\\\/i0.wp.com\\\/zeromagazine.mx\\\/wp-content\\\/uploads\\\/2025\\\/10\\\/IMG_5695-1.jpeg?fit=1120%2C789&ssl=1\",\"datePublished\":\"2025-10-22T04:45:20+00:00\",\"description\":\"Descubre las chaquetas Stradivarius del oto\u00f1o 2025: vers\u00e1tiles, elegantes y listas para elevar tu estilo esta temporada.\",\"breadcrumb\":{\"@id\":\"https:\\\/\\\/zeromagazine.mx\\\/index.php\\\/2025\\\/10\\\/21\\\/chaquetas-stradivarius-otono-2025\\\/#breadcrumb\"},\"inLanguage\":\"es\",\"potentialAction\":[{\"@type\":\"ReadAction\",\"target\":[\"https:\\\/\\\/zeromagazine.mx\\\/index.php\\\/2025\\\/10\\\/21\\\/chaquetas-stradivarius-otono-2025\\\/\"]}]},{\"@type\":\"ImageObject\",\"inLanguage\":\"es\",\"@id\":\"https:\\\/\\\/zeromagazine.mx\\\/index.php\\\/2025\\\/10\\\/21\\\/chaquetas-stradivarius-otono-2025\\\/#primaryimage\",\"url\":\"https:\\\/\\\/i0.wp.com\\\/zeromagazine.mx\\\/wp-content\\\/uploads\\\/2025\\\/10\\\/IMG_5695-1.jpeg?fit=1120%2C789&ssl=1\",\"contentUrl\":\"https:\\\/\\\/i0.wp.com\\\/zeromagazine.mx\\\/wp-content\\\/uploads\\\/2025\\\/10\\\/IMG_5695-1.jpeg?fit=1120%2C789&ssl=1\",\"width\":1120,\"height\":789},{\"@type\":\"BreadcrumbList\",\"@id\":\"https:\\\/\\\/zeromagazine.mx\\\/index.php\\\/2025\\\/10\\\/21\\\/chaquetas-stradivarius-otono-2025\\\/#breadcrumb\",\"itemListElement\":[{\"@type\":\"ListItem\",\"position\":1,\"name\":\"Portada\",\"item\":\"https:\\\/\\\/zeromagazine.mx\\\/\"},{\"@type\":\"ListItem\",\"position\":2,\"name\":\"Chaquetas Stradivarius: oto\u00f1o en cada look\"}]},{\"@type\":\"WebSite\",\"@id\":\"https:\\\/\\\/zeromagazine.mx\\\/#website\",\"url\":\"https:\\\/\\\/zeromagazine.mx\\\/\",\"name\":\"Zero Magazine\",\"description\":\"\",\"publisher\":{\"@id\":\"https:\\\/\\\/zeromagazine.mx\\\/#organization\"},\"potentialAction\":[{\"@type\":\"SearchAction\",\"target\":{\"@type\":\"EntryPoint\",\"urlTemplate\":\"https:\\\/\\\/zeromagazine.mx\\\/?s={search_term_string}\"},\"query-input\":{\"@type\":\"PropertyValueSpecification\",\"valueRequired\":true,\"valueName\":\"search_term_string\"}}],\"inLanguage\":\"es\"},{\"@type\":\"Organization\",\"@id\":\"https:\\\/\\\/zeromagazine.mx\\\/#organization\",\"name\":\"Zero Magazine\",\"url\":\"https:\\\/\\\/zeromagazine.mx\\\/\",\"logo\":{\"@type\":\"ImageObject\",\"inLanguage\":\"es\",\"@id\":\"https:\\\/\\\/zeromagazine.mx\\\/#\\\/schema\\\/logo\\\/image\\\/\",\"url\":\"https:\\\/\\\/i0.wp.com\\\/zeromagazine.mx\\\/wp-content\\\/uploads\\\/2025\\\/11\\\/1.jpeg?fit=1000%2C1000&ssl=1\",\"contentUrl\":\"https:\\\/\\\/i0.wp.com\\\/zeromagazine.mx\\\/wp-content\\\/uploads\\\/2025\\\/11\\\/1.jpeg?fit=1000%2C1000&ssl=1\",\"width\":1000,\"height\":1000,\"caption\":\"Zero Magazine\"},\"image\":{\"@id\":\"https:\\\/\\\/zeromagazine.mx\\\/#\\\/schema\\\/logo\\\/image\\\/\"},\"sameAs\":[\"https:\\\/\\\/instagram.com\\\/zeromagazinemx\"]},{\"@type\":\"Person\",\"@id\":\"https:\\\/\\\/zeromagazine.mx\\\/#\\\/schema\\\/person\\\/118d2dc27eca6f07b968c953d12daa6b\",\"name\":\"Luis Trujano\",\"image\":{\"@type\":\"ImageObject\",\"inLanguage\":\"es\",\"@id\":\"https:\\\/\\\/zeromagazine.mx\\\/wp-content\\\/litespeed\\\/avatar\\\/fbd9d1d6aa4d21e2bb5be8b3155046c9.jpg?ver=1777576316\",\"url\":\"https:\\\/\\\/zeromagazine.mx\\\/wp-content\\\/litespeed\\\/avatar\\\/fbd9d1d6aa4d21e2bb5be8b3155046c9.jpg?ver=1777576316\",\"contentUrl\":\"https:\\\/\\\/zeromagazine.mx\\\/wp-content\\\/litespeed\\\/avatar\\\/fbd9d1d6aa4d21e2bb5be8b3155046c9.jpg?ver=1777576316\",\"caption\":\"Luis Trujano\"},\"url\":\"https:\\\/\\\/zeromagazine.mx\\\/index.php\\\/author\\\/luis-trujano\\\/\"}]}<\/script>\n<!-- \/ Yoast SEO plugin. -->","yoast_head_json":{"title":"Chaquetas Stradivarius: oto\u00f1o en cada look - Zero Magazine","description":"Descubre las chaquetas Stradivarius del oto\u00f1o 2025: vers\u00e1tiles, elegantes y listas para elevar tu estilo esta temporada.","robots":{"index":"index","follow":"follow","max-snippet":"max-snippet:-1","max-image-preview":"max-image-preview:large","max-video-preview":"max-video-preview:-1"},"canonical":"https:\/\/zeromagazine.mx\/index.php\/2025\/10\/21\/chaquetas-stradivarius-otono-2025\/","og_locale":"es_ES","og_type":"article","og_title":"Chaquetas Stradivarius: oto\u00f1o en cada look - Zero Magazine","og_description":"Descubre las chaquetas Stradivarius del oto\u00f1o 2025: vers\u00e1tiles, elegantes y listas para elevar tu estilo esta temporada.","og_url":"https:\/\/zeromagazine.mx\/index.php\/2025\/10\/21\/chaquetas-stradivarius-otono-2025\/","og_site_name":"Zero Magazine","article_published_time":"2025-10-22T04:45:20+00:00","og_image":[{"width":1120,"height":789,"url":"http:\/\/zeromagazine.mx\/wp-content\/uploads\/2025\/10\/IMG_5695-1.jpeg","type":"image\/jpeg"}],"author":"Luis Trujano","twitter_card":"summary_large_image","twitter_misc":{"Escrito por":"Luis Trujano","Tiempo de lectura":"3 minutos"},"schema":{"@context":"https:\/\/schema.org","@graph":[{"@type":"Article","@id":"https:\/\/zeromagazine.mx\/index.php\/2025\/10\/21\/chaquetas-stradivarius-otono-2025\/#article","isPartOf":{"@id":"https:\/\/zeromagazine.mx\/index.php\/2025\/10\/21\/chaquetas-stradivarius-otono-2025\/"},"author":{"name":"Luis Trujano","@id":"https:\/\/zeromagazine.mx\/#\/schema\/person\/118d2dc27eca6f07b968c953d12daa6b"},"headline":"Chaquetas Stradivarius: oto\u00f1o en cada look","datePublished":"2025-10-22T04:45:20+00:00","mainEntityOfPage":{"@id":"https:\/\/zeromagazine.mx\/index.php\/2025\/10\/21\/chaquetas-stradivarius-otono-2025\/"},"wordCount":370,"commentCount":0,"publisher":{"@id":"https:\/\/zeromagazine.mx\/#organization"},"image":{"@id":"https:\/\/zeromagazine.mx\/index.php\/2025\/10\/21\/chaquetas-stradivarius-otono-2025\/#primaryimage"},"thumbnailUrl":"https:\/\/i0.wp.com\/zeromagazine.mx\/wp-content\/uploads\/2025\/10\/IMG_5695-1.jpeg?fit=1120%2C789&ssl=1","articleSection":["Moda"],"inLanguage":"es","potentialAction":[{"@type":"CommentAction","name":"Comment","target":["https:\/\/zeromagazine.mx\/index.php\/2025\/10\/21\/chaquetas-stradivarius-otono-2025\/#respond"]}]},{"@type":"WebPage","@id":"https:\/\/zeromagazine.mx\/index.php\/2025\/10\/21\/chaquetas-stradivarius-otono-2025\/","url":"https:\/\/zeromagazine.mx\/index.php\/2025\/10\/21\/chaquetas-stradivarius-otono-2025\/","name":"Chaquetas Stradivarius: oto\u00f1o en cada look - Zero Magazine","isPartOf":{"@id":"https:\/\/zeromagazine.mx\/#website"},"primaryImageOfPage":{"@id":"https:\/\/zeromagazine.mx\/index.php\/2025\/10\/21\/chaquetas-stradivarius-otono-2025\/#primaryimage"},"image":{"@id":"https:\/\/zeromagazine.mx\/index.php\/2025\/10\/21\/chaquetas-stradivarius-otono-2025\/#primaryimage"},"thumbnailUrl":"https:\/\/i0.wp.com\/zeromagazine.mx\/wp-content\/uploads\/2025\/10\/IMG_5695-1.jpeg?fit=1120%2C789&ssl=1","datePublished":"2025-10-22T04:45:20+00:00","description":"Descubre las chaquetas Stradivarius del oto\u00f1o 2025: vers\u00e1tiles, elegantes y listas para elevar tu estilo esta temporada.","breadcrumb":{"@id":"https:\/\/zeromagazine.mx\/index.php\/2025\/10\/21\/chaquetas-stradivarius-otono-2025\/#breadcrumb"},"inLanguage":"es","potentialAction":[{"@type":"ReadAction","target":["https:\/\/zeromagazine.mx\/index.php\/2025\/10\/21\/chaquetas-stradivarius-otono-2025\/"]}]},{"@type":"ImageObject","inLanguage":"es","@id":"https:\/\/zeromagazine.mx\/index.php\/2025\/10\/21\/chaquetas-stradivarius-otono-2025\/#primaryimage","url":"https:\/\/i0.wp.com\/zeromagazine.mx\/wp-content\/uploads\/2025\/10\/IMG_5695-1.jpeg?fit=1120%2C789&ssl=1","contentUrl":"https:\/\/i0.wp.com\/zeromagazine.mx\/wp-content\/uploads\/2025\/10\/IMG_5695-1.jpeg?fit=1120%2C789&ssl=1","width":1120,"height":789},{"@type":"BreadcrumbList","@id":"https:\/\/zeromagazine.mx\/index.php\/2025\/10\/21\/chaquetas-stradivarius-otono-2025\/#breadcrumb","itemListElement":[{"@type":"ListItem","position":1,"name":"Portada","item":"https:\/\/zeromagazine.mx\/"},{"@type":"ListItem","position":2,"name":"Chaquetas Stradivarius: oto\u00f1o en cada look"}]},{"@type":"WebSite","@id":"https:\/\/zeromagazine.mx\/#website","url":"https:\/\/zeromagazine.mx\/","name":"Zero Magazine","description":"","publisher":{"@id":"https:\/\/zeromagazine.mx\/#organization"},"potentialAction":[{"@type":"SearchAction","target":{"@type":"EntryPoint","urlTemplate":"https:\/\/zeromagazine.mx\/?s={search_term_string}"},"query-input":{"@type":"PropertyValueSpecification","valueRequired":true,"valueName":"search_term_string"}}],"inLanguage":"es"},{"@type":"Organization","@id":"https:\/\/zeromagazine.mx\/#organization","name":"Zero Magazine","url":"https:\/\/zeromagazine.mx\/","logo":{"@type":"ImageObject","inLanguage":"es","@id":"https:\/\/zeromagazine.mx\/#\/schema\/logo\/image\/","url":"https:\/\/i0.wp.com\/zeromagazine.mx\/wp-content\/uploads\/2025\/11\/1.jpeg?fit=1000%2C1000&ssl=1","contentUrl":"https:\/\/i0.wp.com\/zeromagazine.mx\/wp-content\/uploads\/2025\/11\/1.jpeg?fit=1000%2C1000&ssl=1","width":1000,"height":1000,"caption":"Zero Magazine"},"image":{"@id":"https:\/\/zeromagazine.mx\/#\/schema\/logo\/image\/"},"sameAs":["https:\/\/instagram.com\/zeromagazinemx"]},{"@type":"Person","@id":"https:\/\/zeromagazine.mx\/#\/schema\/person\/118d2dc27eca6f07b968c953d12daa6b","name":"Luis Trujano","image":{"@type":"ImageObject","inLanguage":"es","@id":"https:\/\/zeromagazine.mx\/wp-content\/litespeed\/avatar\/fbd9d1d6aa4d21e2bb5be8b3155046c9.jpg?ver=1777576316","url":"https:\/\/zeromagazine.mx\/wp-content\/litespeed\/avatar\/fbd9d1d6aa4d21e2bb5be8b3155046c9.jpg?ver=1777576316","contentUrl":"https:\/\/zeromagazine.mx\/wp-content\/litespeed\/avatar\/fbd9d1d6aa4d21e2bb5be8b3155046c9.jpg?ver=1777576316","caption":"Luis Trujano"},"url":"https:\/\/zeromagazine.mx\/index.php\/author\/luis-trujano\/"}]}},"jetpack_publicize_connections":[],"jetpack_featured_media_url":"https:\/\/i0.wp.com\/zeromagazine.mx\/wp-content\/uploads\/2025\/10\/IMG_5695-1.jpeg?fit=1120%2C789&ssl=1","jetpack-related-posts":[{"id":109877,"url":"https:\/\/zeromagazine.mx\/index.php\/2025\/11\/01\/moda-otono-invierno-stradivarius\/","url_meta":{"origin":109657,"position":0},"title":"Moda oto\u00f1o invierno: el abrazo m\u00e1s cool de Stradivarius","author":"Luis Trujano","date":"1 de noviembre de 2025","format":false,"excerpt":"Hay algo m\u00e1gico en el cambio de temporada. Las hojas caen, el clima se enfr\u00eda y de repente tu cl\u00f3set pide a gritos texturas suaves, colores c\u00e1lidos y outfits que te hagan sentir abrazada por la moda. Stradivarius lo sabe, y por eso llega con una colecci\u00f3n Touch of Style\u2026","rel":"","context":"En \u00abModa\u00bb","block_context":{"text":"Moda","link":"https:\/\/zeromagazine.mx\/index.php\/category\/moda\/"},"img":{"alt_text":"","src":"https:\/\/i0.wp.com\/zeromagazine.mx\/wp-content\/uploads\/2025\/11\/13-OCT-25-DOGS-JON-MACA0006-scaled.jpg?fit=1200%2C800&ssl=1&resize=350%2C200","width":350,"height":200,"srcset":"https:\/\/i0.wp.com\/zeromagazine.mx\/wp-content\/uploads\/2025\/11\/13-OCT-25-DOGS-JON-MACA0006-scaled.jpg?fit=1200%2C800&ssl=1&resize=350%2C200 1x, https:\/\/i0.wp.com\/zeromagazine.mx\/wp-content\/uploads\/2025\/11\/13-OCT-25-DOGS-JON-MACA0006-scaled.jpg?fit=1200%2C800&ssl=1&resize=525%2C300 1.5x, https:\/\/i0.wp.com\/zeromagazine.mx\/wp-content\/uploads\/2025\/11\/13-OCT-25-DOGS-JON-MACA0006-scaled.jpg?fit=1200%2C800&ssl=1&resize=700%2C400 2x, https:\/\/i0.wp.com\/zeromagazine.mx\/wp-content\/uploads\/2025\/11\/13-OCT-25-DOGS-JON-MACA0006-scaled.jpg?fit=1200%2C800&ssl=1&resize=1050%2C600 3x"},"classes":[]},{"id":83466,"url":"https:\/\/zeromagazine.mx\/index.php\/2024\/09\/09\/revolutioniza-tu-look-stradivarius\/","url_meta":{"origin":109657,"position":1},"title":"\u00abRevolutioniza tu Look: Stradivarius\u00bb","author":"zeromagazinemx","date":"9 de septiembre de 2024","format":false,"excerpt":"\u00bfEst\u00e1s lista para darle un refresh a tu armario esta temporada? Stradivarius acaba de lanzar su campa\u00f1a AW24, \"The Beauty of Routine\", y d\u00e9jame decirte que es todo lo que necesitas para romper con el cl\u00e1sico dress code y elevar tu fashion game. La nueva era del estilo: Mezcla y\u2026","rel":"","context":"En \u00abModa\u00bb","block_context":{"text":"Moda","link":"https:\/\/zeromagazine.mx\/index.php\/category\/moda\/"},"img":{"alt_text":"","src":"https:\/\/i0.wp.com\/zeromagazine.mx\/wp-content\/uploads\/2024\/09\/Stradivarius_8469-scaled.jpg?fit=1200%2C800&ssl=1&resize=350%2C200","width":350,"height":200,"srcset":"https:\/\/i0.wp.com\/zeromagazine.mx\/wp-content\/uploads\/2024\/09\/Stradivarius_8469-scaled.jpg?fit=1200%2C800&ssl=1&resize=350%2C200 1x, https:\/\/i0.wp.com\/zeromagazine.mx\/wp-content\/uploads\/2024\/09\/Stradivarius_8469-scaled.jpg?fit=1200%2C800&ssl=1&resize=525%2C300 1.5x, https:\/\/i0.wp.com\/zeromagazine.mx\/wp-content\/uploads\/2024\/09\/Stradivarius_8469-scaled.jpg?fit=1200%2C800&ssl=1&resize=700%2C400 2x, https:\/\/i0.wp.com\/zeromagazine.mx\/wp-content\/uploads\/2024\/09\/Stradivarius_8469-scaled.jpg?fit=1200%2C800&ssl=1&resize=1050%2C600 3x"},"classes":[]},{"id":111998,"url":"https:\/\/zeromagazine.mx\/index.php\/2025\/12\/23\/gift-guide-stradivarius-navidad\/","url_meta":{"origin":109657,"position":2},"title":"Gift Guide Stradivarius imperdible","author":"zeromagazinemx","date":"23 de diciembre de 2025","format":false,"excerpt":"Regalar bien no siempre es f\u00e1cil. Entre intercambios, cenas, celebraciones y ese momento inevitable de \u201ctambi\u00e9n quiero algo para m\u00ed\u201d, encontrar el detalle perfecto puede sentirse como una misi\u00f3n complicada. Justo para eso existe la Gift Guide Stradivarius, una selecci\u00f3n pensada para hacer las fiestas mucho m\u00e1s sencillas, pero igual\u2026","rel":"","context":"En \u00abModa\u00bb","block_context":{"text":"Moda","link":"https:\/\/zeromagazine.mx\/index.php\/category\/moda\/"},"img":{"alt_text":"","src":"https:\/\/i0.wp.com\/zeromagazine.mx\/wp-content\/uploads\/2025\/12\/M9454568323-c1.jpg?fit=1200%2C849&ssl=1&resize=350%2C200","width":350,"height":200,"srcset":"https:\/\/i0.wp.com\/zeromagazine.mx\/wp-content\/uploads\/2025\/12\/M9454568323-c1.jpg?fit=1200%2C849&ssl=1&resize=350%2C200 1x, https:\/\/i0.wp.com\/zeromagazine.mx\/wp-content\/uploads\/2025\/12\/M9454568323-c1.jpg?fit=1200%2C849&ssl=1&resize=525%2C300 1.5x, https:\/\/i0.wp.com\/zeromagazine.mx\/wp-content\/uploads\/2025\/12\/M9454568323-c1.jpg?fit=1200%2C849&ssl=1&resize=700%2C400 2x, https:\/\/i0.wp.com\/zeromagazine.mx\/wp-content\/uploads\/2025\/12\/M9454568323-c1.jpg?fit=1200%2C849&ssl=1&resize=1050%2C600 3x"},"classes":[]},{"id":98285,"url":"https:\/\/zeromagazine.mx\/index.php\/2025\/03\/06\/city-girl-en-country-side-por-stradivarius\/","url_meta":{"origin":109657,"position":3},"title":"City Vibes en Campo","author":"David Morales","date":"6 de marzo de 2025","format":false,"excerpt":"La moda siempre ha sido un reflejo de nuestra personalidad y nuestro mood, y la nueva campa\u00f1a SS25 de Stradivarius lo sabe bien. Bajo el concepto City Girl Meets The Countryside, esta colecci\u00f3n nos invita a encontrar ese balance entre el caos citadino y la calma del campo. Porque, acept\u00e9moslo,\u2026","rel":"","context":"En \u00abModa\u00bb","block_context":{"text":"Moda","link":"https:\/\/zeromagazine.mx\/index.php\/category\/moda\/"},"img":{"alt_text":"","src":"https:\/\/i0.wp.com\/zeromagazine.mx\/wp-content\/uploads\/2025\/03\/STRADIVARIUS_08_1633-scaled.jpg?fit=1200%2C800&ssl=1&resize=350%2C200","width":350,"height":200,"srcset":"https:\/\/i0.wp.com\/zeromagazine.mx\/wp-content\/uploads\/2025\/03\/STRADIVARIUS_08_1633-scaled.jpg?fit=1200%2C800&ssl=1&resize=350%2C200 1x, https:\/\/i0.wp.com\/zeromagazine.mx\/wp-content\/uploads\/2025\/03\/STRADIVARIUS_08_1633-scaled.jpg?fit=1200%2C800&ssl=1&resize=525%2C300 1.5x, https:\/\/i0.wp.com\/zeromagazine.mx\/wp-content\/uploads\/2025\/03\/STRADIVARIUS_08_1633-scaled.jpg?fit=1200%2C800&ssl=1&resize=700%2C400 2x, https:\/\/i0.wp.com\/zeromagazine.mx\/wp-content\/uploads\/2025\/03\/STRADIVARIUS_08_1633-scaled.jpg?fit=1200%2C800&ssl=1&resize=1050%2C600 3x"},"classes":[]},{"id":88386,"url":"https:\/\/zeromagazine.mx\/index.php\/2024\/10\/24\/looks-cozy-con-puro-perro-power\/","url_meta":{"origin":109657,"position":4},"title":"\u00abLooks Cozy con Puro Perro Power\u00bb","author":"zeromagazinemx","date":"24 de octubre de 2024","format":false,"excerpt":"\u00a1Se viene la temporada cozy y Stradivarius est\u00e1 m\u00e1s que listo para hacerte brillar! Si ya sientes ese vibe de que el fr\u00edo est\u00e1 por llegar, pero a\u00fan quieres verte ultra cool y comfy, te va a encantar lo que trae la nueva colecci\u00f3n de chamarras y accesorios de pelo.\u2026","rel":"","context":"En \u00abModa\u00bb","block_context":{"text":"Moda","link":"https:\/\/zeromagazine.mx\/index.php\/category\/moda\/"},"img":{"alt_text":"","src":"https:\/\/i0.wp.com\/zeromagazine.mx\/wp-content\/uploads\/2024\/10\/14-OCT-24-ISA-JOSU-DOGGY-SHOOT35372-1-scaled.jpg?fit=1200%2C656&ssl=1&resize=350%2C200","width":350,"height":200,"srcset":"https:\/\/i0.wp.com\/zeromagazine.mx\/wp-content\/uploads\/2024\/10\/14-OCT-24-ISA-JOSU-DOGGY-SHOOT35372-1-scaled.jpg?fit=1200%2C656&ssl=1&resize=350%2C200 1x, https:\/\/i0.wp.com\/zeromagazine.mx\/wp-content\/uploads\/2024\/10\/14-OCT-24-ISA-JOSU-DOGGY-SHOOT35372-1-scaled.jpg?fit=1200%2C656&ssl=1&resize=525%2C300 1.5x, https:\/\/i0.wp.com\/zeromagazine.mx\/wp-content\/uploads\/2024\/10\/14-OCT-24-ISA-JOSU-DOGGY-SHOOT35372-1-scaled.jpg?fit=1200%2C656&ssl=1&resize=700%2C400 2x, https:\/\/i0.wp.com\/zeromagazine.mx\/wp-content\/uploads\/2024\/10\/14-OCT-24-ISA-JOSU-DOGGY-SHOOT35372-1-scaled.jpg?fit=1200%2C656&ssl=1&resize=1050%2C600 3x"},"classes":[]},{"id":116212,"url":"https:\/\/zeromagazine.mx\/index.php\/2026\/03\/03\/stradivarius-volumen-tendencia-proporciones-2026\/","url_meta":{"origin":109657,"position":5},"title":"Stradivarius volumen lo cambia todo","author":"zeromagazinemx","date":"3 de marzo de 2026","format":false,"excerpt":"Si algo nos queda claro esta temporada es que el minimalismo silencioso est\u00e1 tomando un descanso. Ahora, el foco est\u00e1 en siluetas amplias, estructuras marcadas y juegos visuales que transforman cualquier outfit b\u00e1sico en un look con presencia. Y s\u00ed, el nuevo drop de Stradivarius lo confirma sin titubeos: el\u2026","rel":"","context":"En \u00abModa\u00bb","block_context":{"text":"Moda","link":"https:\/\/zeromagazine.mx\/index.php\/category\/moda\/"},"img":{"alt_text":"","src":"https:\/\/i0.wp.com\/zeromagazine.mx\/wp-content\/uploads\/2026\/03\/05-1-scaled.jpg?fit=831%2C1200&ssl=1&resize=350%2C200","width":350,"height":200,"srcset":"https:\/\/i0.wp.com\/zeromagazine.mx\/wp-content\/uploads\/2026\/03\/05-1-scaled.jpg?fit=831%2C1200&ssl=1&resize=350%2C200 1x, https:\/\/i0.wp.com\/zeromagazine.mx\/wp-content\/uploads\/2026\/03\/05-1-scaled.jpg?fit=831%2C1200&ssl=1&resize=525%2C300 1.5x, https:\/\/i0.wp.com\/zeromagazine.mx\/wp-content\/uploads\/2026\/03\/05-1-scaled.jpg?fit=831%2C1200&ssl=1&resize=700%2C400 2x"},"classes":[]}],"jetpack_sharing_enabled":true,"builder_content":"","_links":{"self":[{"href":"https:\/\/zeromagazine.mx\/index.php\/wp-json\/wp\/v2\/posts\/109657","targetHints":{"allow":["GET"]}}],"collection":[{"href":"https:\/\/zeromagazine.mx\/index.php\/wp-json\/wp\/v2\/posts"}],"about":[{"href":"https:\/\/zeromagazine.mx\/index.php\/wp-json\/wp\/v2\/types\/post"}],"author":[{"embeddable":true,"href":"https:\/\/zeromagazine.mx\/index.php\/wp-json\/wp\/v2\/users\/6"}],"replies":[{"embeddable":true,"href":"https:\/\/zeromagazine.mx\/index.php\/wp-json\/wp\/v2\/comments?post=109657"}],"version-history":[{"count":2,"href":"https:\/\/zeromagazine.mx\/index.php\/wp-json\/wp\/v2\/posts\/109657\/revisions"}],"predecessor-version":[{"id":109663,"href":"https:\/\/zeromagazine.mx\/index.php\/wp-json\/wp\/v2\/posts\/109657\/revisions\/109663"}],"wp:featuredmedia":[{"embeddable":true,"href":"https:\/\/zeromagazine.mx\/index.php\/wp-json\/wp\/v2\/media\/109659"}],"wp:attachment":[{"href":"https:\/\/zeromagazine.mx\/index.php\/wp-json\/wp\/v2\/media?parent=109657"}],"wp:term":[{"taxonomy":"category","embeddable":true,"href":"https:\/\/zeromagazine.mx\/index.php\/wp-json\/wp\/v2\/categories?post=109657"},{"taxonomy":"post_tag","embeddable":true,"href":"https:\/\/zeromagazine.mx\/index.php\/wp-json\/wp\/v2\/tags?post=109657"}],"curies":[{"name":"wp","href":"https:\/\/api.w.org\/{rel}","templated":true}]}}