{"id":109744,"date":"2025-10-22T22:53:09","date_gmt":"2025-10-23T04:53:09","guid":{"rendered":"https:\/\/zeromagazine.mx\/?p=109744"},"modified":"2026-01-22T21:55:09","modified_gmt":"2026-01-23T03:55:09","slug":"mas-color-fashion-week-moda-con-proposito","status":"publish","type":"post","link":"https:\/\/zeromagazine.mx\/index.php\/2025\/10\/22\/mas-color-fashion-week-moda-con-proposito\/","title":{"rendered":"M\u00e1s Color Fashion Week: moda con prop\u00f3sito"},"content":{"rendered":"<!--themify_builder_content-->\n<div id=\"themify_builder_content-109744\" data-postid=\"109744\" class=\"themify_builder_content themify_builder_content-109744 themify_builder tf_clear\">\n    <\/div>\n<!--\/themify_builder_content-->\n\n\n<p>Hay momentos en los que la moda deja de ser solo est\u00e9tica y se convierte en una declaraci\u00f3n. Eso pas\u00f3 en la M\u00e1s Color Fashion Week 2025, donde el mensaje fue claro: vestir tambi\u00e9n puede ser una forma de creer en ti y transformar el mundo. La colaboraci\u00f3n entre la marca M\u00e1s Color y Liz Campos no solo fue una explosi\u00f3n visual; fue un statement de evoluci\u00f3n, autenticidad y superaci\u00f3n.<\/p>\n\n\n\n<figure class=\"wp-block-image size-full\"><img data-recalc-dims=\"1\" decoding=\"async\" width=\"960\" height=\"1280\" src=\"https:\/\/i0.wp.com\/zeromagazine.mx\/wp-content\/uploads\/2025\/10\/2e4d1536-e520-4e46-9717-80bdef4242fb.jpeg?resize=960%2C1280&#038;ssl=1\" alt=\"\" class=\"wp-image-114053\" srcset=\"https:\/\/i0.wp.com\/zeromagazine.mx\/wp-content\/uploads\/2025\/10\/2e4d1536-e520-4e46-9717-80bdef4242fb.jpeg?w=960&amp;ssl=1 960w, https:\/\/i0.wp.com\/zeromagazine.mx\/wp-content\/uploads\/2025\/10\/2e4d1536-e520-4e46-9717-80bdef4242fb.jpeg?resize=225%2C300&amp;ssl=1 225w, https:\/\/i0.wp.com\/zeromagazine.mx\/wp-content\/uploads\/2025\/10\/2e4d1536-e520-4e46-9717-80bdef4242fb.jpeg?resize=768%2C1024&amp;ssl=1 768w\" sizes=\"(max-width: 960px) 100vw, 960px\" \/><\/figure>\n\n\n\n<p>Desde el primer look, la pasarela se llen\u00f3 de energ\u00eda. Campos \u2014conocida por su visi\u00f3n sustentable y su obsesi\u00f3n por la funcionalidad\u2014 dio un giro a su narrativa. Salir de su zona de confort fue literal: m\u00e1s texturas, m\u00e1s experimentaci\u00f3n y s\u00ed, m\u00e1s color. Cada prenda parec\u00eda una conversaci\u00f3n entre la creatividad sin l\u00edmites y la conciencia ambiental.<\/p>\n\n\n\n<p><strong>M\u00e1s Color Fashion Week y el poder de reinventarse<\/strong><\/p>\n\n\n\n<p>Por otro lado, esta colaboraci\u00f3n marc\u00f3 una nueva etapa para la dise\u00f1adora veracruzana. Liz Campos apost\u00f3 por reinterpretar lo que significa \u201cdarle una segunda vida a la ropa\u201d. Con materiales reciclados, estructuras modulares y siluetas que se transforman, la propuesta desafi\u00f3 la idea de que lo sustentable es aburrido.<\/p>\n\n\n\n<p>Adem\u00e1s, la M\u00e1s Color Fashion Week funcion\u00f3 como un espejo de lo que vive toda una generaci\u00f3n creativa: la necesidad de creer en uno mismo, de fallar, mejorar y seguir brillando. No se trat\u00f3 solo de prendas; se trat\u00f3 de procesos emocionales convertidos en moda. Cada pieza parec\u00eda decir \u201catr\u00e9vete, rehazte, expr\u00e9sate\u201d. <\/p>\n\n\n\n<figure class=\"wp-block-image size-full\"><img data-recalc-dims=\"1\" decoding=\"async\" width=\"960\" height=\"1280\" src=\"https:\/\/i0.wp.com\/zeromagazine.mx\/wp-content\/uploads\/2025\/10\/3b4a014e-3c9f-42c8-9a3d-9131e584deeb.jpeg?resize=960%2C1280&#038;ssl=1\" alt=\"\" class=\"wp-image-114055\" srcset=\"https:\/\/i0.wp.com\/zeromagazine.mx\/wp-content\/uploads\/2025\/10\/3b4a014e-3c9f-42c8-9a3d-9131e584deeb.jpeg?w=960&amp;ssl=1 960w, https:\/\/i0.wp.com\/zeromagazine.mx\/wp-content\/uploads\/2025\/10\/3b4a014e-3c9f-42c8-9a3d-9131e584deeb.jpeg?resize=225%2C300&amp;ssl=1 225w, https:\/\/i0.wp.com\/zeromagazine.mx\/wp-content\/uploads\/2025\/10\/3b4a014e-3c9f-42c8-9a3d-9131e584deeb.jpeg?resize=768%2C1024&amp;ssl=1 768w\" sizes=\"(max-width: 960px) 100vw, 960px\" \/><\/figure>\n\n\n\n<p>En palabras de Campos, \u201cla ropa puede tener m\u00e1s de una vida, igual que nosotros\u201d. Esa frase encapsula lo que se vivi\u00f3: una pasarela que no solo mostr\u00f3 moda, sino evoluci\u00f3n personal.<\/p>\n\n\n\n<p>Sin embargo, lo m\u00e1s cool fue c\u00f3mo M\u00e1s Color Fashion Week combin\u00f3 tecnolog\u00eda, arte y prop\u00f3sito. Desde las luces cambiantes hasta la m\u00fasica en vivo, todo estuvo dise\u00f1ado para que el p\u00fablico sintiera la vibra de transformaci\u00f3n. Los colores vibrantes no eran solo est\u00e9tica; eran s\u00edmbolo de libertad, esperanza y autoconfianza.<\/p>\n\n\n\n<p>Adem\u00e1s, este encuentro impuls\u00f3 el mensaje de que la moda mexicana est\u00e1 lista para brillar sin miedo. Liz Campos se posicion\u00f3 como una voz que inspira a salir del molde, creer en el poder del cambio y hacer de la sostenibilidad algo aspiracional.<\/p>\n\n\n\n<p>En resumen, M\u00e1s Color Fashion Week 2025 no fue solo una pasarela, fue una experiencia sensorial y emocional que celebr\u00f3 el futuro del dise\u00f1o mexicano: consciente, colorido y profundamente humano.<\/p>","protected":false},"excerpt":{"rendered":"<p>Hay momentos en los que la moda deja de ser solo est\u00e9tica y se convierte en una declaraci\u00f3n. Eso pas\u00f3 en la M\u00e1s Color Fashion Week 2025, donde el mensaje fue claro: vestir tambi\u00e9n puede ser una forma de creer en ti y transformar el mundo. La colaboraci\u00f3n entre la marca M\u00e1s Color y Liz [&hellip;]<\/p>\n","protected":false},"author":6,"featured_media":109745,"comment_status":"open","ping_status":"open","sticky":false,"template":"","format":"standard","meta":{"_jetpack_memberships_contains_paid_content":false,"footnotes":"","jetpack_publicize_message":"","jetpack_publicize_feature_enabled":true,"jetpack_social_post_already_shared":true,"jetpack_social_options":{"image_generator_settings":{"template":"highway","default_image_id":0,"font":"","enabled":false},"version":2}},"categories":[67],"tags":[],"class_list":["post-109744","post","type-post","status-publish","format-standard","has-post-thumbnail","hentry","category-moda","has-post-title","has-post-date","has-post-category","has-post-tag","has-post-comment","has-post-author",""],"yoast_head":"<!-- This site is optimized with the Yoast SEO plugin v27.5 - https:\/\/yoast.com\/product\/yoast-seo-wordpress\/ -->\n<title>M\u00e1s Color Fashion Week: moda con prop\u00f3sito - Zero Magazine<\/title>\n<meta name=\"robots\" content=\"index, follow, max-snippet:-1, max-image-preview:large, max-video-preview:-1\" \/>\n<link rel=\"canonical\" href=\"https:\/\/zeromagazine.mx\/index.php\/2025\/10\/22\/mas-color-fashion-week-moda-con-proposito\/\" \/>\n<meta property=\"og:locale\" content=\"es_ES\" \/>\n<meta property=\"og:type\" content=\"article\" \/>\n<meta property=\"og:title\" content=\"M\u00e1s Color Fashion Week: moda con prop\u00f3sito - Zero Magazine\" \/>\n<meta property=\"og:description\" content=\"Hay momentos en los que la moda deja de ser solo est\u00e9tica y se convierte en una declaraci\u00f3n. Eso pas\u00f3 en la M\u00e1s Color Fashion Week 2025, donde el mensaje fue claro: vestir tambi\u00e9n puede ser una forma de creer en ti y transformar el mundo. La colaboraci\u00f3n entre la marca M\u00e1s Color y Liz [&hellip;]\" \/>\n<meta property=\"og:url\" content=\"https:\/\/zeromagazine.mx\/index.php\/2025\/10\/22\/mas-color-fashion-week-moda-con-proposito\/\" \/>\n<meta property=\"og:site_name\" content=\"Zero Magazine\" \/>\n<meta property=\"article:published_time\" content=\"2025-10-23T04:53:09+00:00\" \/>\n<meta property=\"article:modified_time\" content=\"2026-01-23T03:55:09+00:00\" \/>\n<meta property=\"og:image\" content=\"http:\/\/zeromagazine.mx\/wp-content\/uploads\/2025\/10\/IMG_5565-scaled.jpeg\" \/>\n\t<meta property=\"og:image:width\" content=\"1920\" \/>\n\t<meta property=\"og:image:height\" content=\"2560\" \/>\n\t<meta property=\"og:image:type\" content=\"image\/jpeg\" \/>\n<meta name=\"author\" content=\"Luis Trujano\" \/>\n<meta name=\"twitter:card\" content=\"summary_large_image\" \/>\n<meta name=\"twitter:label1\" content=\"Escrito por\" \/>\n\t<meta name=\"twitter:data1\" content=\"Luis Trujano\" \/>\n\t<meta name=\"twitter:label2\" content=\"Tiempo de lectura\" \/>\n\t<meta name=\"twitter:data2\" content=\"3 minutos\" \/>\n<script type=\"application\/ld+json\" class=\"yoast-schema-graph\">{\"@context\":\"https:\\\/\\\/schema.org\",\"@graph\":[{\"@type\":\"Article\",\"@id\":\"https:\\\/\\\/zeromagazine.mx\\\/index.php\\\/2025\\\/10\\\/22\\\/mas-color-fashion-week-moda-con-proposito\\\/#article\",\"isPartOf\":{\"@id\":\"https:\\\/\\\/zeromagazine.mx\\\/index.php\\\/2025\\\/10\\\/22\\\/mas-color-fashion-week-moda-con-proposito\\\/\"},\"author\":{\"name\":\"Luis Trujano\",\"@id\":\"https:\\\/\\\/zeromagazine.mx\\\/#\\\/schema\\\/person\\\/118d2dc27eca6f07b968c953d12daa6b\"},\"headline\":\"M\u00e1s Color Fashion Week: moda con prop\u00f3sito\",\"datePublished\":\"2025-10-23T04:53:09+00:00\",\"dateModified\":\"2026-01-23T03:55:09+00:00\",\"mainEntityOfPage\":{\"@id\":\"https:\\\/\\\/zeromagazine.mx\\\/index.php\\\/2025\\\/10\\\/22\\\/mas-color-fashion-week-moda-con-proposito\\\/\"},\"wordCount\":445,\"commentCount\":0,\"publisher\":{\"@id\":\"https:\\\/\\\/zeromagazine.mx\\\/#organization\"},\"image\":{\"@id\":\"https:\\\/\\\/zeromagazine.mx\\\/index.php\\\/2025\\\/10\\\/22\\\/mas-color-fashion-week-moda-con-proposito\\\/#primaryimage\"},\"thumbnailUrl\":\"https:\\\/\\\/i0.wp.com\\\/zeromagazine.mx\\\/wp-content\\\/uploads\\\/2025\\\/10\\\/IMG_5565-scaled.jpeg?fit=1920%2C2560&ssl=1\",\"articleSection\":[\"Moda\"],\"inLanguage\":\"es\",\"potentialAction\":[{\"@type\":\"CommentAction\",\"name\":\"Comment\",\"target\":[\"https:\\\/\\\/zeromagazine.mx\\\/index.php\\\/2025\\\/10\\\/22\\\/mas-color-fashion-week-moda-con-proposito\\\/#respond\"]}]},{\"@type\":\"WebPage\",\"@id\":\"https:\\\/\\\/zeromagazine.mx\\\/index.php\\\/2025\\\/10\\\/22\\\/mas-color-fashion-week-moda-con-proposito\\\/\",\"url\":\"https:\\\/\\\/zeromagazine.mx\\\/index.php\\\/2025\\\/10\\\/22\\\/mas-color-fashion-week-moda-con-proposito\\\/\",\"name\":\"M\u00e1s Color Fashion Week: moda con prop\u00f3sito - Zero Magazine\",\"isPartOf\":{\"@id\":\"https:\\\/\\\/zeromagazine.mx\\\/#website\"},\"primaryImageOfPage\":{\"@id\":\"https:\\\/\\\/zeromagazine.mx\\\/index.php\\\/2025\\\/10\\\/22\\\/mas-color-fashion-week-moda-con-proposito\\\/#primaryimage\"},\"image\":{\"@id\":\"https:\\\/\\\/zeromagazine.mx\\\/index.php\\\/2025\\\/10\\\/22\\\/mas-color-fashion-week-moda-con-proposito\\\/#primaryimage\"},\"thumbnailUrl\":\"https:\\\/\\\/i0.wp.com\\\/zeromagazine.mx\\\/wp-content\\\/uploads\\\/2025\\\/10\\\/IMG_5565-scaled.jpeg?fit=1920%2C2560&ssl=1\",\"datePublished\":\"2025-10-23T04:53:09+00:00\",\"dateModified\":\"2026-01-23T03:55:09+00:00\",\"breadcrumb\":{\"@id\":\"https:\\\/\\\/zeromagazine.mx\\\/index.php\\\/2025\\\/10\\\/22\\\/mas-color-fashion-week-moda-con-proposito\\\/#breadcrumb\"},\"inLanguage\":\"es\",\"potentialAction\":[{\"@type\":\"ReadAction\",\"target\":[\"https:\\\/\\\/zeromagazine.mx\\\/index.php\\\/2025\\\/10\\\/22\\\/mas-color-fashion-week-moda-con-proposito\\\/\"]}]},{\"@type\":\"ImageObject\",\"inLanguage\":\"es\",\"@id\":\"https:\\\/\\\/zeromagazine.mx\\\/index.php\\\/2025\\\/10\\\/22\\\/mas-color-fashion-week-moda-con-proposito\\\/#primaryimage\",\"url\":\"https:\\\/\\\/i0.wp.com\\\/zeromagazine.mx\\\/wp-content\\\/uploads\\\/2025\\\/10\\\/IMG_5565-scaled.jpeg?fit=1920%2C2560&ssl=1\",\"contentUrl\":\"https:\\\/\\\/i0.wp.com\\\/zeromagazine.mx\\\/wp-content\\\/uploads\\\/2025\\\/10\\\/IMG_5565-scaled.jpeg?fit=1920%2C2560&ssl=1\",\"width\":1920,\"height\":2560},{\"@type\":\"BreadcrumbList\",\"@id\":\"https:\\\/\\\/zeromagazine.mx\\\/index.php\\\/2025\\\/10\\\/22\\\/mas-color-fashion-week-moda-con-proposito\\\/#breadcrumb\",\"itemListElement\":[{\"@type\":\"ListItem\",\"position\":1,\"name\":\"Portada\",\"item\":\"https:\\\/\\\/zeromagazine.mx\\\/\"},{\"@type\":\"ListItem\",\"position\":2,\"name\":\"M\u00e1s Color Fashion Week: moda con prop\u00f3sito\"}]},{\"@type\":\"WebSite\",\"@id\":\"https:\\\/\\\/zeromagazine.mx\\\/#website\",\"url\":\"https:\\\/\\\/zeromagazine.mx\\\/\",\"name\":\"Zero Magazine\",\"description\":\"\",\"publisher\":{\"@id\":\"https:\\\/\\\/zeromagazine.mx\\\/#organization\"},\"potentialAction\":[{\"@type\":\"SearchAction\",\"target\":{\"@type\":\"EntryPoint\",\"urlTemplate\":\"https:\\\/\\\/zeromagazine.mx\\\/?s={search_term_string}\"},\"query-input\":{\"@type\":\"PropertyValueSpecification\",\"valueRequired\":true,\"valueName\":\"search_term_string\"}}],\"inLanguage\":\"es\"},{\"@type\":\"Organization\",\"@id\":\"https:\\\/\\\/zeromagazine.mx\\\/#organization\",\"name\":\"Zero Magazine\",\"url\":\"https:\\\/\\\/zeromagazine.mx\\\/\",\"logo\":{\"@type\":\"ImageObject\",\"inLanguage\":\"es\",\"@id\":\"https:\\\/\\\/zeromagazine.mx\\\/#\\\/schema\\\/logo\\\/image\\\/\",\"url\":\"https:\\\/\\\/i0.wp.com\\\/zeromagazine.mx\\\/wp-content\\\/uploads\\\/2025\\\/11\\\/1.jpeg?fit=1000%2C1000&ssl=1\",\"contentUrl\":\"https:\\\/\\\/i0.wp.com\\\/zeromagazine.mx\\\/wp-content\\\/uploads\\\/2025\\\/11\\\/1.jpeg?fit=1000%2C1000&ssl=1\",\"width\":1000,\"height\":1000,\"caption\":\"Zero Magazine\"},\"image\":{\"@id\":\"https:\\\/\\\/zeromagazine.mx\\\/#\\\/schema\\\/logo\\\/image\\\/\"},\"sameAs\":[\"https:\\\/\\\/instagram.com\\\/zeromagazinemx\"]},{\"@type\":\"Person\",\"@id\":\"https:\\\/\\\/zeromagazine.mx\\\/#\\\/schema\\\/person\\\/118d2dc27eca6f07b968c953d12daa6b\",\"name\":\"Luis Trujano\",\"image\":{\"@type\":\"ImageObject\",\"inLanguage\":\"es\",\"@id\":\"https:\\\/\\\/zeromagazine.mx\\\/wp-content\\\/litespeed\\\/avatar\\\/fbd9d1d6aa4d21e2bb5be8b3155046c9.jpg?ver=1777576316\",\"url\":\"https:\\\/\\\/zeromagazine.mx\\\/wp-content\\\/litespeed\\\/avatar\\\/fbd9d1d6aa4d21e2bb5be8b3155046c9.jpg?ver=1777576316\",\"contentUrl\":\"https:\\\/\\\/zeromagazine.mx\\\/wp-content\\\/litespeed\\\/avatar\\\/fbd9d1d6aa4d21e2bb5be8b3155046c9.jpg?ver=1777576316\",\"caption\":\"Luis Trujano\"},\"url\":\"https:\\\/\\\/zeromagazine.mx\\\/index.php\\\/author\\\/luis-trujano\\\/\"}]}<\/script>\n<!-- \/ Yoast SEO plugin. -->","yoast_head_json":{"title":"M\u00e1s Color Fashion Week: moda con prop\u00f3sito - Zero Magazine","robots":{"index":"index","follow":"follow","max-snippet":"max-snippet:-1","max-image-preview":"max-image-preview:large","max-video-preview":"max-video-preview:-1"},"canonical":"https:\/\/zeromagazine.mx\/index.php\/2025\/10\/22\/mas-color-fashion-week-moda-con-proposito\/","og_locale":"es_ES","og_type":"article","og_title":"M\u00e1s Color Fashion Week: moda con prop\u00f3sito - Zero Magazine","og_description":"Hay momentos en los que la moda deja de ser solo est\u00e9tica y se convierte en una declaraci\u00f3n. Eso pas\u00f3 en la M\u00e1s Color Fashion Week 2025, donde el mensaje fue claro: vestir tambi\u00e9n puede ser una forma de creer en ti y transformar el mundo. La colaboraci\u00f3n entre la marca M\u00e1s Color y Liz [&hellip;]","og_url":"https:\/\/zeromagazine.mx\/index.php\/2025\/10\/22\/mas-color-fashion-week-moda-con-proposito\/","og_site_name":"Zero Magazine","article_published_time":"2025-10-23T04:53:09+00:00","article_modified_time":"2026-01-23T03:55:09+00:00","og_image":[{"width":1920,"height":2560,"url":"http:\/\/zeromagazine.mx\/wp-content\/uploads\/2025\/10\/IMG_5565-scaled.jpeg","type":"image\/jpeg"}],"author":"Luis Trujano","twitter_card":"summary_large_image","twitter_misc":{"Escrito por":"Luis Trujano","Tiempo de lectura":"3 minutos"},"schema":{"@context":"https:\/\/schema.org","@graph":[{"@type":"Article","@id":"https:\/\/zeromagazine.mx\/index.php\/2025\/10\/22\/mas-color-fashion-week-moda-con-proposito\/#article","isPartOf":{"@id":"https:\/\/zeromagazine.mx\/index.php\/2025\/10\/22\/mas-color-fashion-week-moda-con-proposito\/"},"author":{"name":"Luis Trujano","@id":"https:\/\/zeromagazine.mx\/#\/schema\/person\/118d2dc27eca6f07b968c953d12daa6b"},"headline":"M\u00e1s Color Fashion Week: moda con prop\u00f3sito","datePublished":"2025-10-23T04:53:09+00:00","dateModified":"2026-01-23T03:55:09+00:00","mainEntityOfPage":{"@id":"https:\/\/zeromagazine.mx\/index.php\/2025\/10\/22\/mas-color-fashion-week-moda-con-proposito\/"},"wordCount":445,"commentCount":0,"publisher":{"@id":"https:\/\/zeromagazine.mx\/#organization"},"image":{"@id":"https:\/\/zeromagazine.mx\/index.php\/2025\/10\/22\/mas-color-fashion-week-moda-con-proposito\/#primaryimage"},"thumbnailUrl":"https:\/\/i0.wp.com\/zeromagazine.mx\/wp-content\/uploads\/2025\/10\/IMG_5565-scaled.jpeg?fit=1920%2C2560&ssl=1","articleSection":["Moda"],"inLanguage":"es","potentialAction":[{"@type":"CommentAction","name":"Comment","target":["https:\/\/zeromagazine.mx\/index.php\/2025\/10\/22\/mas-color-fashion-week-moda-con-proposito\/#respond"]}]},{"@type":"WebPage","@id":"https:\/\/zeromagazine.mx\/index.php\/2025\/10\/22\/mas-color-fashion-week-moda-con-proposito\/","url":"https:\/\/zeromagazine.mx\/index.php\/2025\/10\/22\/mas-color-fashion-week-moda-con-proposito\/","name":"M\u00e1s Color Fashion Week: moda con prop\u00f3sito - Zero Magazine","isPartOf":{"@id":"https:\/\/zeromagazine.mx\/#website"},"primaryImageOfPage":{"@id":"https:\/\/zeromagazine.mx\/index.php\/2025\/10\/22\/mas-color-fashion-week-moda-con-proposito\/#primaryimage"},"image":{"@id":"https:\/\/zeromagazine.mx\/index.php\/2025\/10\/22\/mas-color-fashion-week-moda-con-proposito\/#primaryimage"},"thumbnailUrl":"https:\/\/i0.wp.com\/zeromagazine.mx\/wp-content\/uploads\/2025\/10\/IMG_5565-scaled.jpeg?fit=1920%2C2560&ssl=1","datePublished":"2025-10-23T04:53:09+00:00","dateModified":"2026-01-23T03:55:09+00:00","breadcrumb":{"@id":"https:\/\/zeromagazine.mx\/index.php\/2025\/10\/22\/mas-color-fashion-week-moda-con-proposito\/#breadcrumb"},"inLanguage":"es","potentialAction":[{"@type":"ReadAction","target":["https:\/\/zeromagazine.mx\/index.php\/2025\/10\/22\/mas-color-fashion-week-moda-con-proposito\/"]}]},{"@type":"ImageObject","inLanguage":"es","@id":"https:\/\/zeromagazine.mx\/index.php\/2025\/10\/22\/mas-color-fashion-week-moda-con-proposito\/#primaryimage","url":"https:\/\/i0.wp.com\/zeromagazine.mx\/wp-content\/uploads\/2025\/10\/IMG_5565-scaled.jpeg?fit=1920%2C2560&ssl=1","contentUrl":"https:\/\/i0.wp.com\/zeromagazine.mx\/wp-content\/uploads\/2025\/10\/IMG_5565-scaled.jpeg?fit=1920%2C2560&ssl=1","width":1920,"height":2560},{"@type":"BreadcrumbList","@id":"https:\/\/zeromagazine.mx\/index.php\/2025\/10\/22\/mas-color-fashion-week-moda-con-proposito\/#breadcrumb","itemListElement":[{"@type":"ListItem","position":1,"name":"Portada","item":"https:\/\/zeromagazine.mx\/"},{"@type":"ListItem","position":2,"name":"M\u00e1s Color Fashion Week: moda con prop\u00f3sito"}]},{"@type":"WebSite","@id":"https:\/\/zeromagazine.mx\/#website","url":"https:\/\/zeromagazine.mx\/","name":"Zero Magazine","description":"","publisher":{"@id":"https:\/\/zeromagazine.mx\/#organization"},"potentialAction":[{"@type":"SearchAction","target":{"@type":"EntryPoint","urlTemplate":"https:\/\/zeromagazine.mx\/?s={search_term_string}"},"query-input":{"@type":"PropertyValueSpecification","valueRequired":true,"valueName":"search_term_string"}}],"inLanguage":"es"},{"@type":"Organization","@id":"https:\/\/zeromagazine.mx\/#organization","name":"Zero Magazine","url":"https:\/\/zeromagazine.mx\/","logo":{"@type":"ImageObject","inLanguage":"es","@id":"https:\/\/zeromagazine.mx\/#\/schema\/logo\/image\/","url":"https:\/\/i0.wp.com\/zeromagazine.mx\/wp-content\/uploads\/2025\/11\/1.jpeg?fit=1000%2C1000&ssl=1","contentUrl":"https:\/\/i0.wp.com\/zeromagazine.mx\/wp-content\/uploads\/2025\/11\/1.jpeg?fit=1000%2C1000&ssl=1","width":1000,"height":1000,"caption":"Zero Magazine"},"image":{"@id":"https:\/\/zeromagazine.mx\/#\/schema\/logo\/image\/"},"sameAs":["https:\/\/instagram.com\/zeromagazinemx"]},{"@type":"Person","@id":"https:\/\/zeromagazine.mx\/#\/schema\/person\/118d2dc27eca6f07b968c953d12daa6b","name":"Luis Trujano","image":{"@type":"ImageObject","inLanguage":"es","@id":"https:\/\/zeromagazine.mx\/wp-content\/litespeed\/avatar\/fbd9d1d6aa4d21e2bb5be8b3155046c9.jpg?ver=1777576316","url":"https:\/\/zeromagazine.mx\/wp-content\/litespeed\/avatar\/fbd9d1d6aa4d21e2bb5be8b3155046c9.jpg?ver=1777576316","contentUrl":"https:\/\/zeromagazine.mx\/wp-content\/litespeed\/avatar\/fbd9d1d6aa4d21e2bb5be8b3155046c9.jpg?ver=1777576316","caption":"Luis Trujano"},"url":"https:\/\/zeromagazine.mx\/index.php\/author\/luis-trujano\/"}]}},"jetpack_publicize_connections":[],"jetpack_featured_media_url":"https:\/\/i0.wp.com\/zeromagazine.mx\/wp-content\/uploads\/2025\/10\/IMG_5565-scaled.jpeg?fit=1920%2C2560&ssl=1","jetpack-related-posts":[{"id":117145,"url":"https:\/\/zeromagazine.mx\/index.php\/2026\/03\/23\/moscow-fashion-week-tendencias-2026\/","url_meta":{"origin":109744,"position":0},"title":"Moscow Fashion Week lo cambia todo","author":"Luis Trujano","date":"23 de marzo de 2026","format":false,"excerpt":"Si cre\u00edas que ya lo hab\u00edas visto todo en la temporada de moda, Moscow Fashion Week llega para recordarte que lo m\u00e1s interesante no siempre pasa en las \u201ccuatro grandes\u201d. Este evento est\u00e1 creciendo r\u00e1pido \u2014y con raz\u00f3n\u2014: m\u00e1s de 200 marcas de todo el mundo est\u00e1n redefiniendo lo que\u2026","rel":"","context":"En \u00abModa\u00bb","block_context":{"text":"Moda","link":"https:\/\/zeromagazine.mx\/index.php\/category\/moda\/"},"img":{"alt_text":"","src":"https:\/\/i0.wp.com\/zeromagazine.mx\/wp-content\/uploads\/2026\/03\/IMG_6576.jpeg?resize=350%2C200&ssl=1","width":350,"height":200},"classes":[]},{"id":109597,"url":"https:\/\/zeromagazine.mx\/index.php\/2025\/10\/20\/casetify-fashion-week-mexico\/","url_meta":{"origin":109744,"position":1},"title":"CASETiFY Fashion Week M\u00e9xico brilla fuerte","author":"Luis Trujano","date":"20 de octubre de 2025","format":false,"excerpt":"La moda y la tecnolog\u00eda acaban de tener su momento m\u00e1s cool. CASETiFY Fashion Week M\u00e9xico marca el debut oficial de la marca en la escena fashion nacional con una activaci\u00f3n que lo tiene todo: dise\u00f1o, innovaci\u00f3n y autoexpresi\u00f3n. Y s\u00ed, ya se perfila como uno de los highlights m\u00e1s\u2026","rel":"","context":"En \u00abModa\u00bb","block_context":{"text":"Moda","link":"https:\/\/zeromagazine.mx\/index.php\/category\/moda\/"},"img":{"alt_text":"","src":"https:\/\/i0.wp.com\/zeromagazine.mx\/wp-content\/uploads\/2025\/10\/FW_-Redes-sociales-04-scaled.jpg?fit=1200%2C1200&ssl=1&resize=350%2C200","width":350,"height":200,"srcset":"https:\/\/i0.wp.com\/zeromagazine.mx\/wp-content\/uploads\/2025\/10\/FW_-Redes-sociales-04-scaled.jpg?fit=1200%2C1200&ssl=1&resize=350%2C200 1x, https:\/\/i0.wp.com\/zeromagazine.mx\/wp-content\/uploads\/2025\/10\/FW_-Redes-sociales-04-scaled.jpg?fit=1200%2C1200&ssl=1&resize=525%2C300 1.5x, https:\/\/i0.wp.com\/zeromagazine.mx\/wp-content\/uploads\/2025\/10\/FW_-Redes-sociales-04-scaled.jpg?fit=1200%2C1200&ssl=1&resize=700%2C400 2x, https:\/\/i0.wp.com\/zeromagazine.mx\/wp-content\/uploads\/2025\/10\/FW_-Redes-sociales-04-scaled.jpg?fit=1200%2C1200&ssl=1&resize=1050%2C600 3x"},"classes":[]},{"id":118432,"url":"https:\/\/zeromagazine.mx\/index.php\/2026\/04\/14\/iqos-fashion-week-mexico\/","url_meta":{"origin":109744,"position":2},"title":"IQOS Fashion Week M\u00e9xico enciende la curiosidad en Volvo Fashion Week Guadalajara 2026","author":"David Morales","date":"14 de abril de 2026","format":false,"excerpt":"La marca se posiciona como un catalizador cultural dentro de uno de los encuentros creativos m\u00e1s relevantes del pa\u00eds.La moda no solo se ve. Se cuestiona, se siente\u2026 y ahora tambi\u00e9n se explora. IQOS Fashion Week M\u00e9xico: curiosidad como punto de partida Desde\u00a0Ciudad de M\u00e9xico,\u00a0IQOS\u00a0se suma a\u00a0Volvo Fashion Week M\u00e9xico\u00a0edici\u00f3n\u2026","rel":"","context":"En \u00abBlog\u00bb","block_context":{"text":"Blog","link":"https:\/\/zeromagazine.mx\/index.php\/category\/blog\/"},"img":{"alt_text":"","src":"https:\/\/i0.wp.com\/zeromagazine.mx\/wp-content\/uploads\/2026\/04\/IQOS_1-scaled.jpeg?fit=857%2C1200&ssl=1&resize=350%2C200","width":350,"height":200,"srcset":"https:\/\/i0.wp.com\/zeromagazine.mx\/wp-content\/uploads\/2026\/04\/IQOS_1-scaled.jpeg?fit=857%2C1200&ssl=1&resize=350%2C200 1x, https:\/\/i0.wp.com\/zeromagazine.mx\/wp-content\/uploads\/2026\/04\/IQOS_1-scaled.jpeg?fit=857%2C1200&ssl=1&resize=525%2C300 1.5x, https:\/\/i0.wp.com\/zeromagazine.mx\/wp-content\/uploads\/2026\/04\/IQOS_1-scaled.jpeg?fit=857%2C1200&ssl=1&resize=700%2C400 2x"},"classes":[]},{"id":118945,"url":"https:\/\/zeromagazine.mx\/index.php\/2026\/04\/18\/fashion-week-mexico-guadalajara-2026\/","url_meta":{"origin":109744,"position":3},"title":"Fashion Week M\u00e9xico vibra Guadalajara","author":"Luis Trujano","date":"18 de abril de 2026","format":false,"excerpt":"La moda mexicana est\u00e1 teniendo un momento, y lo que pas\u00f3 en Volvo Fashion Week M\u00e9xico en Guadalajara lo confirma sin discusi\u00f3n. El segundo d\u00eda no solo fue una pasarela, fue una narrativa completa sobre identidad, ra\u00edces y c\u00f3mo el dise\u00f1o nacional est\u00e1 jugando en otro nivel. Si algo qued\u00f3\u2026","rel":"","context":"En \u00abModa\u00bb","block_context":{"text":"Moda","link":"https:\/\/zeromagazine.mx\/index.php\/category\/moda\/"},"img":{"alt_text":"","src":"https:\/\/i0.wp.com\/zeromagazine.mx\/wp-content\/uploads\/2026\/04\/IMG_6717.jpeg?fit=480%2C720&ssl=1&resize=350%2C200","width":350,"height":200},"classes":[]},{"id":117223,"url":"https:\/\/zeromagazine.mx\/index.php\/2026\/03\/24\/moscow-fashion-week-desfiles-tendencias-2026\/","url_meta":{"origin":109744,"position":4},"title":"Moscow Fashion Week arrasa global","author":"zeromagazinemx","date":"24 de marzo de 2026","format":false,"excerpt":"Hay semanas de la moda\u2026 y luego est\u00e1 Moscow Fashion Week. Este a\u00f1o no solo cerr\u00f3 el circuito internacional, lo hizo con una energ\u00eda que se sinti\u00f3 como el after m\u00e1s exclusivo del mundo fashion. M\u00e1s de 80 desfiles, miles de asistentes y una mezcla cultural que confirma algo: la\u2026","rel":"","context":"En \u00abModa\u00bb","block_context":{"text":"Moda","link":"https:\/\/zeromagazine.mx\/index.php\/category\/moda\/"},"img":{"alt_text":"","src":"https:\/\/i0.wp.com\/zeromagazine.mx\/wp-content\/uploads\/2026\/03\/Ruban-at-Moscow-Fashion-Week_1-scaled.jpg?fit=1200%2C800&ssl=1&resize=350%2C200","width":350,"height":200,"srcset":"https:\/\/i0.wp.com\/zeromagazine.mx\/wp-content\/uploads\/2026\/03\/Ruban-at-Moscow-Fashion-Week_1-scaled.jpg?fit=1200%2C800&ssl=1&resize=350%2C200 1x, https:\/\/i0.wp.com\/zeromagazine.mx\/wp-content\/uploads\/2026\/03\/Ruban-at-Moscow-Fashion-Week_1-scaled.jpg?fit=1200%2C800&ssl=1&resize=525%2C300 1.5x, https:\/\/i0.wp.com\/zeromagazine.mx\/wp-content\/uploads\/2026\/03\/Ruban-at-Moscow-Fashion-Week_1-scaled.jpg?fit=1200%2C800&ssl=1&resize=700%2C400 2x, https:\/\/i0.wp.com\/zeromagazine.mx\/wp-content\/uploads\/2026\/03\/Ruban-at-Moscow-Fashion-Week_1-scaled.jpg?fit=1200%2C800&ssl=1&resize=1050%2C600 3x"},"classes":[]},{"id":102501,"url":"https:\/\/zeromagazine.mx\/index.php\/2025\/04\/25\/volvo-fashion-week-mexico\/","url_meta":{"origin":109744,"position":5},"title":"Volvo Fashion Week M\u00e9xico","author":"David Morales","date":"25 de abril de 2025","format":false,"excerpt":"Amix, ya no estamos para aplaudir modas que solo brillan en la superficie. Este 2025, la Volvo Fashion Week M\u00e9xico viene a demostrar que el glamour tambi\u00e9n puede tener prop\u00f3sito. Pues del 6 al 9 de mayo, la CDMX se convierte en el epicentro de una nueva era para la\u2026","rel":"","context":"En \u00abModa\u00bb","block_context":{"text":"Moda","link":"https:\/\/zeromagazine.mx\/index.php\/category\/moda\/"},"img":{"alt_text":"","src":"https:\/\/i0.wp.com\/zeromagazine.mx\/wp-content\/uploads\/2025\/04\/tempImageoBLBbw-scaled.jpg?fit=1200%2C800&ssl=1&resize=350%2C200","width":350,"height":200,"srcset":"https:\/\/i0.wp.com\/zeromagazine.mx\/wp-content\/uploads\/2025\/04\/tempImageoBLBbw-scaled.jpg?fit=1200%2C800&ssl=1&resize=350%2C200 1x, https:\/\/i0.wp.com\/zeromagazine.mx\/wp-content\/uploads\/2025\/04\/tempImageoBLBbw-scaled.jpg?fit=1200%2C800&ssl=1&resize=525%2C300 1.5x, https:\/\/i0.wp.com\/zeromagazine.mx\/wp-content\/uploads\/2025\/04\/tempImageoBLBbw-scaled.jpg?fit=1200%2C800&ssl=1&resize=700%2C400 2x, https:\/\/i0.wp.com\/zeromagazine.mx\/wp-content\/uploads\/2025\/04\/tempImageoBLBbw-scaled.jpg?fit=1200%2C800&ssl=1&resize=1050%2C600 3x"},"classes":[]}],"jetpack_sharing_enabled":true,"builder_content":"","_links":{"self":[{"href":"https:\/\/zeromagazine.mx\/index.php\/wp-json\/wp\/v2\/posts\/109744","targetHints":{"allow":["GET"]}}],"collection":[{"href":"https:\/\/zeromagazine.mx\/index.php\/wp-json\/wp\/v2\/posts"}],"about":[{"href":"https:\/\/zeromagazine.mx\/index.php\/wp-json\/wp\/v2\/types\/post"}],"author":[{"embeddable":true,"href":"https:\/\/zeromagazine.mx\/index.php\/wp-json\/wp\/v2\/users\/6"}],"replies":[{"embeddable":true,"href":"https:\/\/zeromagazine.mx\/index.php\/wp-json\/wp\/v2\/comments?post=109744"}],"version-history":[{"count":4,"href":"https:\/\/zeromagazine.mx\/index.php\/wp-json\/wp\/v2\/posts\/109744\/revisions"}],"predecessor-version":[{"id":114058,"href":"https:\/\/zeromagazine.mx\/index.php\/wp-json\/wp\/v2\/posts\/109744\/revisions\/114058"}],"wp:featuredmedia":[{"embeddable":true,"href":"https:\/\/zeromagazine.mx\/index.php\/wp-json\/wp\/v2\/media\/109745"}],"wp:attachment":[{"href":"https:\/\/zeromagazine.mx\/index.php\/wp-json\/wp\/v2\/media?parent=109744"}],"wp:term":[{"taxonomy":"category","embeddable":true,"href":"https:\/\/zeromagazine.mx\/index.php\/wp-json\/wp\/v2\/categories?post=109744"},{"taxonomy":"post_tag","embeddable":true,"href":"https:\/\/zeromagazine.mx\/index.php\/wp-json\/wp\/v2\/tags?post=109744"}],"curies":[{"name":"wp","href":"https:\/\/api.w.org\/{rel}","templated":true}]}}