{"id":109767,"date":"2025-10-28T19:21:55","date_gmt":"2025-10-29T01:21:55","guid":{"rendered":"https:\/\/zeromagazine.mx\/?p=109767"},"modified":"2025-10-28T19:21:56","modified_gmt":"2025-10-29T01:21:56","slug":"fim-gdl-2026-musica-iberoamericana","status":"publish","type":"post","link":"https:\/\/zeromagazine.mx\/index.php\/2025\/10\/28\/fim-gdl-2026-musica-iberoamericana\/","title":{"rendered":"FIM GDL 2026: el punto donde vibra la m\u00fasica"},"content":{"rendered":"<!--themify_builder_content-->\n<div id=\"themify_builder_content-109767\" data-postid=\"109767\" class=\"themify_builder_content themify_builder_content-109767 themify_builder tf_clear\">\n    <\/div>\n<!--\/themify_builder_content-->\n\n\n<p>Si hay un lugar donde los beats, las ideas y las nuevas alianzas suenan al mismo ritmo, ese es FIM GDL 2026. Este evento ya es leyenda: cumple once a\u00f1os siendo el hub musical m\u00e1s importante de Iberoam\u00e9rica, y vuelve a Guadalajara con m\u00e1s fuerza, m\u00e1s nombres top y m\u00e1s oportunidades para quienes viven, respiran y crean m\u00fasica.<\/p>\n\n\n\n<p>Pero no es solo una feria. Es una experiencia que transforma c\u00f3mo se entiende la industria. Durante cuatro d\u00edas, la ciudad se convierte en una pista gigante donde se cruzan artistas, productores, managers, programadores y so\u00f1adores que quieren cambiar el panorama musical desde Iberoam\u00e9rica hacia el mundo.<\/p>\n\n\n\n<p>Adem\u00e1s, este a\u00f1o las delegaciones de Chile y Medell\u00edn llegan con todo su flow para aportar nuevas miradas, sonidos y colaboraciones. FIM GDL 2026 no solo conecta, sino que amplifica lo que est\u00e1 pasando en la escena actual.<\/p>\n\n\n\n<figure class=\"wp-block-image size-full\"><img data-recalc-dims=\"1\" decoding=\"async\" width=\"1080\" height=\"1350\" src=\"https:\/\/i0.wp.com\/zeromagazine.mx\/wp-content\/uploads\/2025\/10\/WhatsApp-Image-2025-10-27-at-11.44.39-PM.jpeg?resize=1080%2C1350&#038;ssl=1\" alt=\"\" class=\"wp-image-109768\" srcset=\"https:\/\/i0.wp.com\/zeromagazine.mx\/wp-content\/uploads\/2025\/10\/WhatsApp-Image-2025-10-27-at-11.44.39-PM.jpeg?w=1080&amp;ssl=1 1080w, https:\/\/i0.wp.com\/zeromagazine.mx\/wp-content\/uploads\/2025\/10\/WhatsApp-Image-2025-10-27-at-11.44.39-PM.jpeg?resize=240%2C300&amp;ssl=1 240w, https:\/\/i0.wp.com\/zeromagazine.mx\/wp-content\/uploads\/2025\/10\/WhatsApp-Image-2025-10-27-at-11.44.39-PM.jpeg?resize=819%2C1024&amp;ssl=1 819w, https:\/\/i0.wp.com\/zeromagazine.mx\/wp-content\/uploads\/2025\/10\/WhatsApp-Image-2025-10-27-at-11.44.39-PM.jpeg?resize=768%2C960&amp;ssl=1 768w\" sizes=\"(max-width: 1080px) 100vw, 1080px\" \/><\/figure>\n\n\n\n<p><strong>FIM GDL 2026: encuentros que hacen historia<\/strong><\/p>\n\n\n\n<p>Por supuesto, los meetups profesionales son el coraz\u00f3n de la feria. Aqu\u00ed es donde todo empieza: ideas, colaboraciones y hasta futuras giras. En el Encuentro de Supervisi\u00f3n Musical, estar\u00e1n m\u00e1s de 25 figuras clave del sector, como Toy Selectah de Worldwide Records o Dan Koplowitz de Friendly Fire Licensing. Ellos no solo marcan tendencias, sino que deciden qu\u00e9 suena y d\u00f3nde.<\/p>\n\n\n\n<p>Adem\u00e1s, el Encuentro de Festivales P\u00fablicos reunir\u00e1 a m\u00e1s de 15 representantes de grandes eventos de la regi\u00f3n, como el Festival Galeras Rock de Colombia o el Festival Mucho! de Brasil. S\u00ed, los que arman los escenarios m\u00e1s vibrantes del continente estar\u00e1n en un mismo lugar.<\/p>\n\n\n\n<p>Por otro lado, las conversaciones no se quedan solo en los paneles: la verdadera magia sucede en los pasillos, los showcases, y hasta en las terrazas donde los m\u00fasicos se conocen y surgen colaboraciones inesperadas. Porque en FIM GDL 2026, todo puede pasar.<\/p>\n\n\n\n<p>Finalmente, las acreditaciones ya est\u00e1n disponibles en su primera fase a trav\u00e9s de Boleto M\u00f3vil, con un costo de $2,281.60 MXN (m\u00e1s comisi\u00f3n). As\u00ed que si lo tuyo es la m\u00fasica, la producci\u00f3n o simplemente vibrar con nuevas propuestas, este es el place to be del pr\u00f3ximo a\u00f1o.<\/p>\n\n\n\n<p>FIM GDL 2026 no es solo un evento. Es la se\u00f1al de que la m\u00fasica iberoamericana est\u00e1 viviendo su mejor momento. Y t\u00fa puedes ser parte de eso.<\/p>","protected":false},"excerpt":{"rendered":"<p>Si hay un lugar donde los beats, las ideas y las nuevas alianzas suenan al mismo ritmo, ese es FIM GDL 2026. Este evento ya es leyenda: cumple once a\u00f1os siendo el hub musical m\u00e1s importante de Iberoam\u00e9rica, y vuelve a Guadalajara con m\u00e1s fuerza, m\u00e1s nombres top y m\u00e1s oportunidades para quienes viven, respiran [&hellip;]<\/p>\n","protected":false},"author":6,"featured_media":109768,"comment_status":"open","ping_status":"open","sticky":false,"template":"","format":"standard","meta":{"_jetpack_memberships_contains_paid_content":false,"footnotes":"","jetpack_publicize_message":"","jetpack_publicize_feature_enabled":true,"jetpack_social_post_already_shared":true,"jetpack_social_options":{"image_generator_settings":{"template":"highway","default_image_id":0,"font":"","enabled":false},"version":2}},"categories":[1],"tags":[],"class_list":["post-109767","post","type-post","status-publish","format-standard","has-post-thumbnail","hentry","category-blog","has-post-title","has-post-date","has-post-category","has-post-tag","has-post-comment","has-post-author",""],"yoast_head":"<!-- This site is optimized with the Yoast SEO plugin v27.5 - https:\/\/yoast.com\/product\/yoast-seo-wordpress\/ -->\n<title>FIM GDL 2026: el punto donde vibra la m\u00fasica - Zero Magazine<\/title>\n<meta name=\"description\" content=\"FIM GDL 2026 celebra once a\u00f1os como el gran punto de encuentro para la m\u00fasica iberoamericana. \u00a1Descubre todo lo que trae!\" \/>\n<meta name=\"robots\" content=\"index, follow, max-snippet:-1, max-image-preview:large, max-video-preview:-1\" \/>\n<link rel=\"canonical\" href=\"https:\/\/zeromagazine.mx\/index.php\/2025\/10\/28\/fim-gdl-2026-musica-iberoamericana\/\" \/>\n<meta property=\"og:locale\" content=\"es_ES\" \/>\n<meta property=\"og:type\" content=\"article\" \/>\n<meta property=\"og:title\" content=\"FIM GDL 2026: el punto donde vibra la m\u00fasica - Zero Magazine\" \/>\n<meta property=\"og:description\" content=\"FIM GDL 2026 celebra once a\u00f1os como el gran punto de encuentro para la m\u00fasica iberoamericana. \u00a1Descubre todo lo que trae!\" \/>\n<meta property=\"og:url\" content=\"https:\/\/zeromagazine.mx\/index.php\/2025\/10\/28\/fim-gdl-2026-musica-iberoamericana\/\" \/>\n<meta property=\"og:site_name\" content=\"Zero Magazine\" \/>\n<meta property=\"article:published_time\" content=\"2025-10-29T01:21:55+00:00\" \/>\n<meta property=\"article:modified_time\" content=\"2025-10-29T01:21:56+00:00\" \/>\n<meta property=\"og:image\" content=\"http:\/\/zeromagazine.mx\/wp-content\/uploads\/2025\/10\/WhatsApp-Image-2025-10-27-at-11.44.39-PM.jpeg\" \/>\n\t<meta property=\"og:image:width\" content=\"1080\" \/>\n\t<meta property=\"og:image:height\" content=\"1350\" \/>\n\t<meta property=\"og:image:type\" content=\"image\/jpeg\" \/>\n<meta name=\"author\" content=\"Luis Trujano\" \/>\n<meta name=\"twitter:card\" content=\"summary_large_image\" \/>\n<meta name=\"twitter:label1\" content=\"Escrito por\" \/>\n\t<meta name=\"twitter:data1\" content=\"Luis Trujano\" \/>\n\t<meta name=\"twitter:label2\" content=\"Tiempo de lectura\" \/>\n\t<meta name=\"twitter:data2\" content=\"3 minutos\" \/>\n<script type=\"application\/ld+json\" class=\"yoast-schema-graph\">{\"@context\":\"https:\\\/\\\/schema.org\",\"@graph\":[{\"@type\":\"Article\",\"@id\":\"https:\\\/\\\/zeromagazine.mx\\\/index.php\\\/2025\\\/10\\\/28\\\/fim-gdl-2026-musica-iberoamericana\\\/#article\",\"isPartOf\":{\"@id\":\"https:\\\/\\\/zeromagazine.mx\\\/index.php\\\/2025\\\/10\\\/28\\\/fim-gdl-2026-musica-iberoamericana\\\/\"},\"author\":{\"name\":\"Luis Trujano\",\"@id\":\"https:\\\/\\\/zeromagazine.mx\\\/#\\\/schema\\\/person\\\/118d2dc27eca6f07b968c953d12daa6b\"},\"headline\":\"FIM GDL 2026: el punto donde vibra la m\u00fasica\",\"datePublished\":\"2025-10-29T01:21:55+00:00\",\"dateModified\":\"2025-10-29T01:21:56+00:00\",\"mainEntityOfPage\":{\"@id\":\"https:\\\/\\\/zeromagazine.mx\\\/index.php\\\/2025\\\/10\\\/28\\\/fim-gdl-2026-musica-iberoamericana\\\/\"},\"wordCount\":414,\"commentCount\":0,\"publisher\":{\"@id\":\"https:\\\/\\\/zeromagazine.mx\\\/#organization\"},\"image\":{\"@id\":\"https:\\\/\\\/zeromagazine.mx\\\/index.php\\\/2025\\\/10\\\/28\\\/fim-gdl-2026-musica-iberoamericana\\\/#primaryimage\"},\"thumbnailUrl\":\"https:\\\/\\\/i0.wp.com\\\/zeromagazine.mx\\\/wp-content\\\/uploads\\\/2025\\\/10\\\/WhatsApp-Image-2025-10-27-at-11.44.39-PM.jpeg?fit=1080%2C1350&ssl=1\",\"articleSection\":[\"Blog\"],\"inLanguage\":\"es\",\"potentialAction\":[{\"@type\":\"CommentAction\",\"name\":\"Comment\",\"target\":[\"https:\\\/\\\/zeromagazine.mx\\\/index.php\\\/2025\\\/10\\\/28\\\/fim-gdl-2026-musica-iberoamericana\\\/#respond\"]}]},{\"@type\":\"WebPage\",\"@id\":\"https:\\\/\\\/zeromagazine.mx\\\/index.php\\\/2025\\\/10\\\/28\\\/fim-gdl-2026-musica-iberoamericana\\\/\",\"url\":\"https:\\\/\\\/zeromagazine.mx\\\/index.php\\\/2025\\\/10\\\/28\\\/fim-gdl-2026-musica-iberoamericana\\\/\",\"name\":\"FIM GDL 2026: el punto donde vibra la m\u00fasica - Zero Magazine\",\"isPartOf\":{\"@id\":\"https:\\\/\\\/zeromagazine.mx\\\/#website\"},\"primaryImageOfPage\":{\"@id\":\"https:\\\/\\\/zeromagazine.mx\\\/index.php\\\/2025\\\/10\\\/28\\\/fim-gdl-2026-musica-iberoamericana\\\/#primaryimage\"},\"image\":{\"@id\":\"https:\\\/\\\/zeromagazine.mx\\\/index.php\\\/2025\\\/10\\\/28\\\/fim-gdl-2026-musica-iberoamericana\\\/#primaryimage\"},\"thumbnailUrl\":\"https:\\\/\\\/i0.wp.com\\\/zeromagazine.mx\\\/wp-content\\\/uploads\\\/2025\\\/10\\\/WhatsApp-Image-2025-10-27-at-11.44.39-PM.jpeg?fit=1080%2C1350&ssl=1\",\"datePublished\":\"2025-10-29T01:21:55+00:00\",\"dateModified\":\"2025-10-29T01:21:56+00:00\",\"description\":\"FIM GDL 2026 celebra once a\u00f1os como el gran punto de encuentro para la m\u00fasica iberoamericana. \u00a1Descubre todo lo que trae!\",\"breadcrumb\":{\"@id\":\"https:\\\/\\\/zeromagazine.mx\\\/index.php\\\/2025\\\/10\\\/28\\\/fim-gdl-2026-musica-iberoamericana\\\/#breadcrumb\"},\"inLanguage\":\"es\",\"potentialAction\":[{\"@type\":\"ReadAction\",\"target\":[\"https:\\\/\\\/zeromagazine.mx\\\/index.php\\\/2025\\\/10\\\/28\\\/fim-gdl-2026-musica-iberoamericana\\\/\"]}]},{\"@type\":\"ImageObject\",\"inLanguage\":\"es\",\"@id\":\"https:\\\/\\\/zeromagazine.mx\\\/index.php\\\/2025\\\/10\\\/28\\\/fim-gdl-2026-musica-iberoamericana\\\/#primaryimage\",\"url\":\"https:\\\/\\\/i0.wp.com\\\/zeromagazine.mx\\\/wp-content\\\/uploads\\\/2025\\\/10\\\/WhatsApp-Image-2025-10-27-at-11.44.39-PM.jpeg?fit=1080%2C1350&ssl=1\",\"contentUrl\":\"https:\\\/\\\/i0.wp.com\\\/zeromagazine.mx\\\/wp-content\\\/uploads\\\/2025\\\/10\\\/WhatsApp-Image-2025-10-27-at-11.44.39-PM.jpeg?fit=1080%2C1350&ssl=1\",\"width\":1080,\"height\":1350},{\"@type\":\"BreadcrumbList\",\"@id\":\"https:\\\/\\\/zeromagazine.mx\\\/index.php\\\/2025\\\/10\\\/28\\\/fim-gdl-2026-musica-iberoamericana\\\/#breadcrumb\",\"itemListElement\":[{\"@type\":\"ListItem\",\"position\":1,\"name\":\"Portada\",\"item\":\"https:\\\/\\\/zeromagazine.mx\\\/\"},{\"@type\":\"ListItem\",\"position\":2,\"name\":\"FIM GDL 2026: el punto donde vibra la m\u00fasica\"}]},{\"@type\":\"WebSite\",\"@id\":\"https:\\\/\\\/zeromagazine.mx\\\/#website\",\"url\":\"https:\\\/\\\/zeromagazine.mx\\\/\",\"name\":\"Zero Magazine\",\"description\":\"\",\"publisher\":{\"@id\":\"https:\\\/\\\/zeromagazine.mx\\\/#organization\"},\"potentialAction\":[{\"@type\":\"SearchAction\",\"target\":{\"@type\":\"EntryPoint\",\"urlTemplate\":\"https:\\\/\\\/zeromagazine.mx\\\/?s={search_term_string}\"},\"query-input\":{\"@type\":\"PropertyValueSpecification\",\"valueRequired\":true,\"valueName\":\"search_term_string\"}}],\"inLanguage\":\"es\"},{\"@type\":\"Organization\",\"@id\":\"https:\\\/\\\/zeromagazine.mx\\\/#organization\",\"name\":\"Zero Magazine\",\"url\":\"https:\\\/\\\/zeromagazine.mx\\\/\",\"logo\":{\"@type\":\"ImageObject\",\"inLanguage\":\"es\",\"@id\":\"https:\\\/\\\/zeromagazine.mx\\\/#\\\/schema\\\/logo\\\/image\\\/\",\"url\":\"https:\\\/\\\/i0.wp.com\\\/zeromagazine.mx\\\/wp-content\\\/uploads\\\/2025\\\/11\\\/1.jpeg?fit=1000%2C1000&ssl=1\",\"contentUrl\":\"https:\\\/\\\/i0.wp.com\\\/zeromagazine.mx\\\/wp-content\\\/uploads\\\/2025\\\/11\\\/1.jpeg?fit=1000%2C1000&ssl=1\",\"width\":1000,\"height\":1000,\"caption\":\"Zero Magazine\"},\"image\":{\"@id\":\"https:\\\/\\\/zeromagazine.mx\\\/#\\\/schema\\\/logo\\\/image\\\/\"},\"sameAs\":[\"https:\\\/\\\/instagram.com\\\/zeromagazinemx\"]},{\"@type\":\"Person\",\"@id\":\"https:\\\/\\\/zeromagazine.mx\\\/#\\\/schema\\\/person\\\/118d2dc27eca6f07b968c953d12daa6b\",\"name\":\"Luis Trujano\",\"image\":{\"@type\":\"ImageObject\",\"inLanguage\":\"es\",\"@id\":\"https:\\\/\\\/zeromagazine.mx\\\/wp-content\\\/litespeed\\\/avatar\\\/fbd9d1d6aa4d21e2bb5be8b3155046c9.jpg?ver=1777576316\",\"url\":\"https:\\\/\\\/zeromagazine.mx\\\/wp-content\\\/litespeed\\\/avatar\\\/fbd9d1d6aa4d21e2bb5be8b3155046c9.jpg?ver=1777576316\",\"contentUrl\":\"https:\\\/\\\/zeromagazine.mx\\\/wp-content\\\/litespeed\\\/avatar\\\/fbd9d1d6aa4d21e2bb5be8b3155046c9.jpg?ver=1777576316\",\"caption\":\"Luis Trujano\"},\"url\":\"https:\\\/\\\/zeromagazine.mx\\\/index.php\\\/author\\\/luis-trujano\\\/\"}]}<\/script>\n<!-- \/ Yoast SEO plugin. -->","yoast_head_json":{"title":"FIM GDL 2026: el punto donde vibra la m\u00fasica - Zero Magazine","description":"FIM GDL 2026 celebra once a\u00f1os como el gran punto de encuentro para la m\u00fasica iberoamericana. \u00a1Descubre todo lo que trae!","robots":{"index":"index","follow":"follow","max-snippet":"max-snippet:-1","max-image-preview":"max-image-preview:large","max-video-preview":"max-video-preview:-1"},"canonical":"https:\/\/zeromagazine.mx\/index.php\/2025\/10\/28\/fim-gdl-2026-musica-iberoamericana\/","og_locale":"es_ES","og_type":"article","og_title":"FIM GDL 2026: el punto donde vibra la m\u00fasica - Zero Magazine","og_description":"FIM GDL 2026 celebra once a\u00f1os como el gran punto de encuentro para la m\u00fasica iberoamericana. \u00a1Descubre todo lo que trae!","og_url":"https:\/\/zeromagazine.mx\/index.php\/2025\/10\/28\/fim-gdl-2026-musica-iberoamericana\/","og_site_name":"Zero Magazine","article_published_time":"2025-10-29T01:21:55+00:00","article_modified_time":"2025-10-29T01:21:56+00:00","og_image":[{"width":1080,"height":1350,"url":"http:\/\/zeromagazine.mx\/wp-content\/uploads\/2025\/10\/WhatsApp-Image-2025-10-27-at-11.44.39-PM.jpeg","type":"image\/jpeg"}],"author":"Luis Trujano","twitter_card":"summary_large_image","twitter_misc":{"Escrito por":"Luis Trujano","Tiempo de lectura":"3 minutos"},"schema":{"@context":"https:\/\/schema.org","@graph":[{"@type":"Article","@id":"https:\/\/zeromagazine.mx\/index.php\/2025\/10\/28\/fim-gdl-2026-musica-iberoamericana\/#article","isPartOf":{"@id":"https:\/\/zeromagazine.mx\/index.php\/2025\/10\/28\/fim-gdl-2026-musica-iberoamericana\/"},"author":{"name":"Luis Trujano","@id":"https:\/\/zeromagazine.mx\/#\/schema\/person\/118d2dc27eca6f07b968c953d12daa6b"},"headline":"FIM GDL 2026: el punto donde vibra la m\u00fasica","datePublished":"2025-10-29T01:21:55+00:00","dateModified":"2025-10-29T01:21:56+00:00","mainEntityOfPage":{"@id":"https:\/\/zeromagazine.mx\/index.php\/2025\/10\/28\/fim-gdl-2026-musica-iberoamericana\/"},"wordCount":414,"commentCount":0,"publisher":{"@id":"https:\/\/zeromagazine.mx\/#organization"},"image":{"@id":"https:\/\/zeromagazine.mx\/index.php\/2025\/10\/28\/fim-gdl-2026-musica-iberoamericana\/#primaryimage"},"thumbnailUrl":"https:\/\/i0.wp.com\/zeromagazine.mx\/wp-content\/uploads\/2025\/10\/WhatsApp-Image-2025-10-27-at-11.44.39-PM.jpeg?fit=1080%2C1350&ssl=1","articleSection":["Blog"],"inLanguage":"es","potentialAction":[{"@type":"CommentAction","name":"Comment","target":["https:\/\/zeromagazine.mx\/index.php\/2025\/10\/28\/fim-gdl-2026-musica-iberoamericana\/#respond"]}]},{"@type":"WebPage","@id":"https:\/\/zeromagazine.mx\/index.php\/2025\/10\/28\/fim-gdl-2026-musica-iberoamericana\/","url":"https:\/\/zeromagazine.mx\/index.php\/2025\/10\/28\/fim-gdl-2026-musica-iberoamericana\/","name":"FIM GDL 2026: el punto donde vibra la m\u00fasica - Zero Magazine","isPartOf":{"@id":"https:\/\/zeromagazine.mx\/#website"},"primaryImageOfPage":{"@id":"https:\/\/zeromagazine.mx\/index.php\/2025\/10\/28\/fim-gdl-2026-musica-iberoamericana\/#primaryimage"},"image":{"@id":"https:\/\/zeromagazine.mx\/index.php\/2025\/10\/28\/fim-gdl-2026-musica-iberoamericana\/#primaryimage"},"thumbnailUrl":"https:\/\/i0.wp.com\/zeromagazine.mx\/wp-content\/uploads\/2025\/10\/WhatsApp-Image-2025-10-27-at-11.44.39-PM.jpeg?fit=1080%2C1350&ssl=1","datePublished":"2025-10-29T01:21:55+00:00","dateModified":"2025-10-29T01:21:56+00:00","description":"FIM GDL 2026 celebra once a\u00f1os como el gran punto de encuentro para la m\u00fasica iberoamericana. \u00a1Descubre todo lo que trae!","breadcrumb":{"@id":"https:\/\/zeromagazine.mx\/index.php\/2025\/10\/28\/fim-gdl-2026-musica-iberoamericana\/#breadcrumb"},"inLanguage":"es","potentialAction":[{"@type":"ReadAction","target":["https:\/\/zeromagazine.mx\/index.php\/2025\/10\/28\/fim-gdl-2026-musica-iberoamericana\/"]}]},{"@type":"ImageObject","inLanguage":"es","@id":"https:\/\/zeromagazine.mx\/index.php\/2025\/10\/28\/fim-gdl-2026-musica-iberoamericana\/#primaryimage","url":"https:\/\/i0.wp.com\/zeromagazine.mx\/wp-content\/uploads\/2025\/10\/WhatsApp-Image-2025-10-27-at-11.44.39-PM.jpeg?fit=1080%2C1350&ssl=1","contentUrl":"https:\/\/i0.wp.com\/zeromagazine.mx\/wp-content\/uploads\/2025\/10\/WhatsApp-Image-2025-10-27-at-11.44.39-PM.jpeg?fit=1080%2C1350&ssl=1","width":1080,"height":1350},{"@type":"BreadcrumbList","@id":"https:\/\/zeromagazine.mx\/index.php\/2025\/10\/28\/fim-gdl-2026-musica-iberoamericana\/#breadcrumb","itemListElement":[{"@type":"ListItem","position":1,"name":"Portada","item":"https:\/\/zeromagazine.mx\/"},{"@type":"ListItem","position":2,"name":"FIM GDL 2026: el punto donde vibra la m\u00fasica"}]},{"@type":"WebSite","@id":"https:\/\/zeromagazine.mx\/#website","url":"https:\/\/zeromagazine.mx\/","name":"Zero Magazine","description":"","publisher":{"@id":"https:\/\/zeromagazine.mx\/#organization"},"potentialAction":[{"@type":"SearchAction","target":{"@type":"EntryPoint","urlTemplate":"https:\/\/zeromagazine.mx\/?s={search_term_string}"},"query-input":{"@type":"PropertyValueSpecification","valueRequired":true,"valueName":"search_term_string"}}],"inLanguage":"es"},{"@type":"Organization","@id":"https:\/\/zeromagazine.mx\/#organization","name":"Zero Magazine","url":"https:\/\/zeromagazine.mx\/","logo":{"@type":"ImageObject","inLanguage":"es","@id":"https:\/\/zeromagazine.mx\/#\/schema\/logo\/image\/","url":"https:\/\/i0.wp.com\/zeromagazine.mx\/wp-content\/uploads\/2025\/11\/1.jpeg?fit=1000%2C1000&ssl=1","contentUrl":"https:\/\/i0.wp.com\/zeromagazine.mx\/wp-content\/uploads\/2025\/11\/1.jpeg?fit=1000%2C1000&ssl=1","width":1000,"height":1000,"caption":"Zero Magazine"},"image":{"@id":"https:\/\/zeromagazine.mx\/#\/schema\/logo\/image\/"},"sameAs":["https:\/\/instagram.com\/zeromagazinemx"]},{"@type":"Person","@id":"https:\/\/zeromagazine.mx\/#\/schema\/person\/118d2dc27eca6f07b968c953d12daa6b","name":"Luis Trujano","image":{"@type":"ImageObject","inLanguage":"es","@id":"https:\/\/zeromagazine.mx\/wp-content\/litespeed\/avatar\/fbd9d1d6aa4d21e2bb5be8b3155046c9.jpg?ver=1777576316","url":"https:\/\/zeromagazine.mx\/wp-content\/litespeed\/avatar\/fbd9d1d6aa4d21e2bb5be8b3155046c9.jpg?ver=1777576316","contentUrl":"https:\/\/zeromagazine.mx\/wp-content\/litespeed\/avatar\/fbd9d1d6aa4d21e2bb5be8b3155046c9.jpg?ver=1777576316","caption":"Luis Trujano"},"url":"https:\/\/zeromagazine.mx\/index.php\/author\/luis-trujano\/"}]}},"jetpack_publicize_connections":[],"jetpack_featured_media_url":"https:\/\/i0.wp.com\/zeromagazine.mx\/wp-content\/uploads\/2025\/10\/WhatsApp-Image-2025-10-27-at-11.44.39-PM.jpeg?fit=1080%2C1350&ssl=1","jetpack-related-posts":[{"id":82996,"url":"https:\/\/zeromagazine.mx\/index.php\/2024\/09\/03\/gdl-open-drinks-y-tenis\/","url_meta":{"origin":109767,"position":0},"title":"GDL Open: Drinks y Tenis","author":"zeromagazinemx","date":"3 de septiembre de 2024","format":false,"excerpt":"\u00a1Qu\u00e9 onda, chiques! Si eres fan del tenis, los drinks chidos y las vibes de GDL, prep\u00e1rate porque septiembre se viene con todo. El WTA Guadalajara Open Akron est\u00e1 a la vuelta de la esquina, y neta, si no lo tienes en tu agenda, \u00bfQu\u00e9 est\u00e1s haciendo con tu vida?\u2026","rel":"","context":"En \u00abFoodie\u00bb","block_context":{"text":"Foodie","link":"https:\/\/zeromagazine.mx\/index.php\/category\/lifestyle\/foodie\/"},"img":{"alt_text":"","src":"https:\/\/i0.wp.com\/zeromagazine.mx\/wp-content\/uploads\/2024\/09\/Outlook-iscjhams.jpg?fit=1080%2C1080&ssl=1&resize=350%2C200","width":350,"height":200,"srcset":"https:\/\/i0.wp.com\/zeromagazine.mx\/wp-content\/uploads\/2024\/09\/Outlook-iscjhams.jpg?fit=1080%2C1080&ssl=1&resize=350%2C200 1x, https:\/\/i0.wp.com\/zeromagazine.mx\/wp-content\/uploads\/2024\/09\/Outlook-iscjhams.jpg?fit=1080%2C1080&ssl=1&resize=525%2C300 1.5x, https:\/\/i0.wp.com\/zeromagazine.mx\/wp-content\/uploads\/2024\/09\/Outlook-iscjhams.jpg?fit=1080%2C1080&ssl=1&resize=700%2C400 2x, https:\/\/i0.wp.com\/zeromagazine.mx\/wp-content\/uploads\/2024\/09\/Outlook-iscjhams.jpg?fit=1080%2C1080&ssl=1&resize=1050%2C600 3x"},"classes":[]},{"id":119023,"url":"https:\/\/zeromagazine.mx\/index.php\/2026\/04\/19\/futttura-tour-2026-tini-mexico\/","url_meta":{"origin":109767,"position":1},"title":"Tini trae a M\u00e9xico el \u201cFUTTTURA Tour 2026\u201d, una gira que redefine su carrera","author":"David Morales","date":"19 de abril de 2026","format":false,"excerpt":"Una gira que no solo se escucha: se vive, se ve y se siente como el siguiente cap\u00edtulo de una estrella que ya no juega en peque\u00f1o. Hay artistas que crecen\u2026 y luego est\u00e1\u00a0Tini Stoessel, que evoluciona en tiempo real frente a millones de ojos. Lo que empez\u00f3 como un\u2026","rel":"","context":"En \u00abConcierto\u00bb","block_context":{"text":"Concierto","link":"https:\/\/zeromagazine.mx\/index.php\/category\/concierto\/"},"img":{"alt_text":"","src":"https:\/\/i0.wp.com\/zeromagazine.mx\/wp-content\/uploads\/2026\/04\/CDMX.jpeg?fit=1024%2C879&ssl=1&resize=350%2C200","width":350,"height":200,"srcset":"https:\/\/i0.wp.com\/zeromagazine.mx\/wp-content\/uploads\/2026\/04\/CDMX.jpeg?fit=1024%2C879&ssl=1&resize=350%2C200 1x, https:\/\/i0.wp.com\/zeromagazine.mx\/wp-content\/uploads\/2026\/04\/CDMX.jpeg?fit=1024%2C879&ssl=1&resize=525%2C300 1.5x, https:\/\/i0.wp.com\/zeromagazine.mx\/wp-content\/uploads\/2026\/04\/CDMX.jpeg?fit=1024%2C879&ssl=1&resize=700%2C400 2x"},"classes":[]},{"id":116880,"url":"https:\/\/zeromagazine.mx\/index.php\/2026\/03\/17\/jbl-bandbox-mexico-2026\/","url_meta":{"origin":109767,"position":2},"title":"JBL presenta BandBox en M\u00e9xico: innovaci\u00f3n con inteligencia artificial que redefine la pr\u00e1ctica musical","author":"David Morales","date":"17 de marzo de 2026","format":false,"excerpt":"La tecnolog\u00eda sigue cambiando la forma en la que creamos, escuchamos y practicamos m\u00fasica, y ahora\u00a0JBL BandBox M\u00e9xico\u00a0llega para demostrar que el futuro del sonido ya est\u00e1 aqu\u00ed. La nueva propuesta de\u00a0JBL\u00a0apuesta por la inteligencia artificial para transformar completamente la manera en la que m\u00fasicos, estudiantes y fans interact\u00faan con\u2026","rel":"","context":"En \u00abBlog\u00bb","block_context":{"text":"Blog","link":"https:\/\/zeromagazine.mx\/index.php\/category\/blog\/"},"img":{"alt_text":"","src":"https:\/\/i0.wp.com\/zeromagazine.mx\/wp-content\/uploads\/2026\/03\/IMG_1753.jpeg?fit=1120%2C694&ssl=1&resize=350%2C200","width":350,"height":200,"srcset":"https:\/\/i0.wp.com\/zeromagazine.mx\/wp-content\/uploads\/2026\/03\/IMG_1753.jpeg?fit=1120%2C694&ssl=1&resize=350%2C200 1x, https:\/\/i0.wp.com\/zeromagazine.mx\/wp-content\/uploads\/2026\/03\/IMG_1753.jpeg?fit=1120%2C694&ssl=1&resize=525%2C300 1.5x, https:\/\/i0.wp.com\/zeromagazine.mx\/wp-content\/uploads\/2026\/03\/IMG_1753.jpeg?fit=1120%2C694&ssl=1&resize=700%2C400 2x, https:\/\/i0.wp.com\/zeromagazine.mx\/wp-content\/uploads\/2026\/03\/IMG_1753.jpeg?fit=1120%2C694&ssl=1&resize=1050%2C600 3x"},"classes":[]},{"id":114102,"url":"https:\/\/zeromagazine.mx\/index.php\/2026\/01\/23\/vive-latino-historia-musical-2026\/","url_meta":{"origin":109767,"position":3},"title":"\u00a1\u00a1\u00a1Vive Latino: 26 ediciones de historia, pasi\u00f3n y cultura musical que nos unen!!!","author":"David Morales","date":"23 de enero de 2026","format":false,"excerpt":"Vive Latino historia musical\u00a0no es solo una frase poderosa: es una realidad que se ha construido durante 26 ediciones de m\u00fasica, identidad y comunidad. Este festival no se vive como un evento m\u00e1s, se siente como un ritual colectivo donde generaciones enteras se han encontrado para cantar, gritar, descubrir bandas\u2026","rel":"","context":"En \u00abConcierto\u00bb","block_context":{"text":"Concierto","link":"https:\/\/zeromagazine.mx\/index.php\/category\/concierto\/"},"img":{"alt_text":"","src":"https:\/\/i0.wp.com\/zeromagazine.mx\/wp-content\/uploads\/2026\/01\/IMG_1100-scaled.jpeg?fit=1200%2C600&ssl=1&resize=350%2C200","width":350,"height":200,"srcset":"https:\/\/i0.wp.com\/zeromagazine.mx\/wp-content\/uploads\/2026\/01\/IMG_1100-scaled.jpeg?fit=1200%2C600&ssl=1&resize=350%2C200 1x, https:\/\/i0.wp.com\/zeromagazine.mx\/wp-content\/uploads\/2026\/01\/IMG_1100-scaled.jpeg?fit=1200%2C600&ssl=1&resize=525%2C300 1.5x, https:\/\/i0.wp.com\/zeromagazine.mx\/wp-content\/uploads\/2026\/01\/IMG_1100-scaled.jpeg?fit=1200%2C600&ssl=1&resize=700%2C400 2x, https:\/\/i0.wp.com\/zeromagazine.mx\/wp-content\/uploads\/2026\/01\/IMG_1100-scaled.jpeg?fit=1200%2C600&ssl=1&resize=1050%2C600 3x"},"classes":[]},{"id":116928,"url":"https:\/\/zeromagazine.mx\/index.php\/2026\/03\/18\/vive-latino-2026-festival-mexico\/","url_meta":{"origin":109767,"position":4},"title":"Vive Latino 2026 arras\u00f3 en CDMX","author":"David Morales","date":"18 de marzo de 2026","format":false,"excerpt":"El\u00a0Vive Latino 2026\u00a0dej\u00f3 claro por qu\u00e9 sigue siendo uno de los festivales m\u00e1s importantes de Am\u00e9rica Latina. Durante dos d\u00edas intensos de m\u00fasica, energ\u00eda colectiva y momentos inesperados, el\u00a0Vive Latino\u00a0volvi\u00f3 a convertir a la Ciudad de M\u00e9xico en el punto de encuentro para miles de fans que llegaron listos para\u2026","rel":"","context":"En \u00abBlog\u00bb","block_context":{"text":"Blog","link":"https:\/\/zeromagazine.mx\/index.php\/category\/blog\/"},"img":{"alt_text":"vive latino 2026 escenario principal del festival","src":"https:\/\/i0.wp.com\/zeromagazine.mx\/wp-content\/uploads\/2026\/03\/IMG_1770-scaled.jpeg?fit=1200%2C800&ssl=1&resize=350%2C200","width":350,"height":200,"srcset":"https:\/\/i0.wp.com\/zeromagazine.mx\/wp-content\/uploads\/2026\/03\/IMG_1770-scaled.jpeg?fit=1200%2C800&ssl=1&resize=350%2C200 1x, https:\/\/i0.wp.com\/zeromagazine.mx\/wp-content\/uploads\/2026\/03\/IMG_1770-scaled.jpeg?fit=1200%2C800&ssl=1&resize=525%2C300 1.5x, https:\/\/i0.wp.com\/zeromagazine.mx\/wp-content\/uploads\/2026\/03\/IMG_1770-scaled.jpeg?fit=1200%2C800&ssl=1&resize=700%2C400 2x, https:\/\/i0.wp.com\/zeromagazine.mx\/wp-content\/uploads\/2026\/03\/IMG_1770-scaled.jpeg?fit=1200%2C800&ssl=1&resize=1050%2C600 3x"},"classes":[]},{"id":114139,"url":"https:\/\/zeromagazine.mx\/index.php\/2026\/01\/23\/kim-shantal-dj-edc-mexico-2026\/","url_meta":{"origin":109767,"position":5},"title":"Kim Shantal de influencer a DJ en EDC M\u00e9xico 2026","author":"David Morales","date":"23 de enero de 2026","format":false,"excerpt":"Kim Shantal est\u00e1 demostrando que reinventarse no solo es v\u00e1lido, sino necesario. Lo que empez\u00f3 como una carrera s\u00f3lida en redes sociales y televisi\u00f3n hoy da un giro interesante hacia la m\u00fasica electr\u00f3nica. Su confirmaci\u00f3n como DJ en\u00a0EDC M\u00e9xico 2026\u00a0no es casualidad: es el resultado de una evoluci\u00f3n creativa que\u2026","rel":"","context":"En \u00abConcierto\u00bb","block_context":{"text":"Concierto","link":"https:\/\/zeromagazine.mx\/index.php\/category\/concierto\/"},"img":{"alt_text":"","src":"https:\/\/i0.wp.com\/zeromagazine.mx\/wp-content\/uploads\/2026\/01\/IMG_1117-1.jpeg?fit=1066%2C1032&ssl=1&resize=350%2C200","width":350,"height":200,"srcset":"https:\/\/i0.wp.com\/zeromagazine.mx\/wp-content\/uploads\/2026\/01\/IMG_1117-1.jpeg?fit=1066%2C1032&ssl=1&resize=350%2C200 1x, https:\/\/i0.wp.com\/zeromagazine.mx\/wp-content\/uploads\/2026\/01\/IMG_1117-1.jpeg?fit=1066%2C1032&ssl=1&resize=525%2C300 1.5x, https:\/\/i0.wp.com\/zeromagazine.mx\/wp-content\/uploads\/2026\/01\/IMG_1117-1.jpeg?fit=1066%2C1032&ssl=1&resize=700%2C400 2x, https:\/\/i0.wp.com\/zeromagazine.mx\/wp-content\/uploads\/2026\/01\/IMG_1117-1.jpeg?fit=1066%2C1032&ssl=1&resize=1050%2C600 3x"},"classes":[]}],"jetpack_sharing_enabled":true,"builder_content":"","_links":{"self":[{"href":"https:\/\/zeromagazine.mx\/index.php\/wp-json\/wp\/v2\/posts\/109767","targetHints":{"allow":["GET"]}}],"collection":[{"href":"https:\/\/zeromagazine.mx\/index.php\/wp-json\/wp\/v2\/posts"}],"about":[{"href":"https:\/\/zeromagazine.mx\/index.php\/wp-json\/wp\/v2\/types\/post"}],"author":[{"embeddable":true,"href":"https:\/\/zeromagazine.mx\/index.php\/wp-json\/wp\/v2\/users\/6"}],"replies":[{"embeddable":true,"href":"https:\/\/zeromagazine.mx\/index.php\/wp-json\/wp\/v2\/comments?post=109767"}],"version-history":[{"count":2,"href":"https:\/\/zeromagazine.mx\/index.php\/wp-json\/wp\/v2\/posts\/109767\/revisions"}],"predecessor-version":[{"id":109772,"href":"https:\/\/zeromagazine.mx\/index.php\/wp-json\/wp\/v2\/posts\/109767\/revisions\/109772"}],"wp:featuredmedia":[{"embeddable":true,"href":"https:\/\/zeromagazine.mx\/index.php\/wp-json\/wp\/v2\/media\/109768"}],"wp:attachment":[{"href":"https:\/\/zeromagazine.mx\/index.php\/wp-json\/wp\/v2\/media?parent=109767"}],"wp:term":[{"taxonomy":"category","embeddable":true,"href":"https:\/\/zeromagazine.mx\/index.php\/wp-json\/wp\/v2\/categories?post=109767"},{"taxonomy":"post_tag","embeddable":true,"href":"https:\/\/zeromagazine.mx\/index.php\/wp-json\/wp\/v2\/tags?post=109767"}],"curies":[{"name":"wp","href":"https:\/\/api.w.org\/{rel}","templated":true}]}}