{"id":109793,"date":"2025-10-31T13:45:52","date_gmt":"2025-10-31T19:45:52","guid":{"rendered":"https:\/\/zeromagazine.mx\/?p=109793"},"modified":"2025-10-31T13:45:53","modified_gmt":"2025-10-31T19:45:53","slug":"valentino-garavani-devain-bag-icono-otono","status":"publish","type":"post","link":"https:\/\/zeromagazine.mx\/index.php\/2025\/10\/31\/valentino-garavani-devain-bag-icono-otono\/","title":{"rendered":"Valentino Garavani DeVain Bag: el bolso que roba miradas"},"content":{"rendered":"<!--themify_builder_content-->\n<div id=\"themify_builder_content-109793\" data-postid=\"109793\" class=\"themify_builder_content themify_builder_content-109793 themify_builder tf_clear\">\n    <\/div>\n<!--\/themify_builder_content-->\n\n\n<p>Hay bolsos que acompa\u00f1an tus outfits\u2026 y luego est\u00e1 la Valentino Garavani DeVain Bag, que los transforma por completo. Esta creaci\u00f3n de Alessandro Michele, el genio que ahora firma la nueva era de la Maison Valentino, no solo es un accesorio: es una declaraci\u00f3n de actitud.<\/p>\n\n\n\n<p>Desde que Sabrina Carpenter fue vista con ella en Nueva York durante su paso por Saturday Night Live, el internet explot\u00f3. Y con raz\u00f3n. Su dise\u00f1o combina una estructura compacta, herrajes dorados y ese toque teatral que hace imposible no mirarla dos veces. Si existiera un emoji para el \u201clujo moderno con drama\u201d, ser\u00eda esta bolsa.<\/p>\n\n\n\n<figure class=\"wp-block-image size-full\"><img data-recalc-dims=\"1\" decoding=\"async\" width=\"1165\" height=\"655\" src=\"https:\/\/i0.wp.com\/zeromagazine.mx\/wp-content\/uploads\/2025\/10\/image002-47.jpg?resize=1165%2C655&#038;ssl=1\" alt=\"\" class=\"wp-image-109794\" srcset=\"https:\/\/i0.wp.com\/zeromagazine.mx\/wp-content\/uploads\/2025\/10\/image002-47.jpg?w=1920&amp;ssl=1 1920w, https:\/\/i0.wp.com\/zeromagazine.mx\/wp-content\/uploads\/2025\/10\/image002-47.jpg?resize=300%2C169&amp;ssl=1 300w, https:\/\/i0.wp.com\/zeromagazine.mx\/wp-content\/uploads\/2025\/10\/image002-47.jpg?resize=1024%2C576&amp;ssl=1 1024w, https:\/\/i0.wp.com\/zeromagazine.mx\/wp-content\/uploads\/2025\/10\/image002-47.jpg?resize=768%2C432&amp;ssl=1 768w, https:\/\/i0.wp.com\/zeromagazine.mx\/wp-content\/uploads\/2025\/10\/image002-47.jpg?resize=1536%2C864&amp;ssl=1 1536w\" sizes=\"(max-width: 1165px) 100vw, 1165px\" \/><\/figure>\n\n\n\n<p><strong>Valentino Garavani DeVain Bag: lujo con car\u00e1cter<\/strong><\/p>\n\n\n\n<p>Primero, hay que decirlo: la Valentino Garavani DeVain Bag es el nuevo s\u00edmbolo de c\u00f3mo se vive el lujo hoy. Su silueta escult\u00f3rica y su aire sofisticado mezclan herencia italiana con una energ\u00eda audaz y contempor\u00e1nea. Alessandro Michele tom\u00f3 los c\u00f3digos cl\u00e1sicos de Valentino y los reinterpret\u00f3 con una dosis de rebeld\u00eda fashion que se siente completamente actual.<br>Primero, hay que decirlo: la Valentino Garavani DeVain Bag es el nuevo s\u00edmbolo de c\u00f3mo se vive el lujo hoy. Su silueta escult\u00f3rica y su aire sofisticado mezclan herencia italiana con una energ\u00eda audaz y contempor\u00e1nea. Alessandro Michele tom\u00f3 los c\u00f3digos cl\u00e1sicos de Valentino y los reinterpret\u00f3 con una dosis de rebeld\u00eda fashion que se siente completamente actual.<\/p>\n\n\n\n<p>Adem\u00e1s, este bolso no solo se ve bien: se siente bien. Su dise\u00f1o estructurado y sus detalles dorados la convierten en una pieza de colecci\u00f3n, pero su versatilidad permite llevarla desde un caf\u00e9 con amigas hasta una cena glam sin perder ni una gota de elegancia. Literalmente, eleva cualquier outfit sin esfuerzo.<\/p>\n\n\n\n<p>Por otro lado, su cierre con el ic\u00f3nico VLogo Signature renovado es la cereza sobre el pastel. Es un gui\u00f1o a la herencia de la Maison, pero con el toque teatral y maximalista que caracteriza a Michele.<\/p>\n\n\n\n<figure class=\"wp-block-image size-full\"><img data-recalc-dims=\"1\" decoding=\"async\" width=\"1165\" height=\"1474\" src=\"https:\/\/i0.wp.com\/zeromagazine.mx\/wp-content\/uploads\/2025\/10\/Valentino-Garavani-DeVain-Small-Shoulder-Bag-With-Rhombelle-Embroidery-1.jpg.png?resize=1165%2C1474&#038;ssl=1\" alt=\"\" class=\"wp-image-109795\" srcset=\"https:\/\/i0.wp.com\/zeromagazine.mx\/wp-content\/uploads\/2025\/10\/Valentino-Garavani-DeVain-Small-Shoulder-Bag-With-Rhombelle-Embroidery-1.jpg.png?w=2000&amp;ssl=1 2000w, https:\/\/i0.wp.com\/zeromagazine.mx\/wp-content\/uploads\/2025\/10\/Valentino-Garavani-DeVain-Small-Shoulder-Bag-With-Rhombelle-Embroidery-1.jpg.png?resize=237%2C300&amp;ssl=1 237w, https:\/\/i0.wp.com\/zeromagazine.mx\/wp-content\/uploads\/2025\/10\/Valentino-Garavani-DeVain-Small-Shoulder-Bag-With-Rhombelle-Embroidery-1.jpg.png?resize=809%2C1024&amp;ssl=1 809w, https:\/\/i0.wp.com\/zeromagazine.mx\/wp-content\/uploads\/2025\/10\/Valentino-Garavani-DeVain-Small-Shoulder-Bag-With-Rhombelle-Embroidery-1.jpg.png?resize=768%2C972&amp;ssl=1 768w, https:\/\/i0.wp.com\/zeromagazine.mx\/wp-content\/uploads\/2025\/10\/Valentino-Garavani-DeVain-Small-Shoulder-Bag-With-Rhombelle-Embroidery-1.jpg.png?resize=1214%2C1536&amp;ssl=1 1214w, https:\/\/i0.wp.com\/zeromagazine.mx\/wp-content\/uploads\/2025\/10\/Valentino-Garavani-DeVain-Small-Shoulder-Bag-With-Rhombelle-Embroidery-1.jpg.png?resize=1618%2C2048&amp;ssl=1 1618w\" sizes=\"(max-width: 1165px) 100vw, 1165px\" \/><\/figure>\n\n\n\n<p><strong>Porque el lujo ahora se trata de actitud<\/strong><\/p>\n\n\n\n<p>Adem\u00e1s, lo que hace especial a la Valentino Garavani DeVain Bag es su mensaje: el lujo no est\u00e1 solo en el precio, sino en la presencia. En c\u00f3mo una pieza logra expresar qui\u00e9n eres sin que tengas que decir una palabra. Esta temporada, llevarla es un recordatorio de que la confianza tambi\u00e9n se viste.<\/p>\n\n\n\n<p>Finalmente, lo que est\u00e1 claro es que este bolso no solo marca tendencia, sino \u00e9poca. Con su est\u00e9tica vanguardista, su vibra couture y su esp\u00edritu libre, la DeVain Bag representa el futuro del lujo italiano: m\u00e1s atrevido, m\u00e1s humano y definitivamente m\u00e1s divertido.<\/p>\n\n\n\n<p>As\u00ed que si estabas buscando el accesorio que grite \u201cmain character energy\u201d sin decirlo, ya lo encontraste. Se llama Valentino Garavani DeVain Bag, y s\u00ed, probablemente ser\u00e1 el bolso m\u00e1s deseado de tu feed esta temporada.<\/p>","protected":false},"excerpt":{"rendered":"<p>Hay bolsos que acompa\u00f1an tus outfits\u2026 y luego est\u00e1 la Valentino Garavani DeVain Bag, que los transforma por completo. Esta creaci\u00f3n de Alessandro Michele, el genio que ahora firma la nueva era de la Maison Valentino, no solo es un accesorio: es una declaraci\u00f3n de actitud. Desde que Sabrina Carpenter fue vista con ella en [&hellip;]<\/p>\n","protected":false},"author":6,"featured_media":109794,"comment_status":"open","ping_status":"open","sticky":false,"template":"","format":"standard","meta":{"_jetpack_memberships_contains_paid_content":false,"footnotes":"","jetpack_publicize_message":"","jetpack_publicize_feature_enabled":true,"jetpack_social_post_already_shared":true,"jetpack_social_options":{"image_generator_settings":{"template":"highway","default_image_id":0,"font":"","enabled":false},"version":2}},"categories":[67],"tags":[],"class_list":["post-109793","post","type-post","status-publish","format-standard","has-post-thumbnail","hentry","category-moda","has-post-title","has-post-date","has-post-category","has-post-tag","has-post-comment","has-post-author",""],"yoast_head":"<!-- This site is optimized with the Yoast SEO plugin v27.5 - https:\/\/yoast.com\/product\/yoast-seo-wordpress\/ -->\n<title>Valentino Garavani DeVain Bag: el bolso que roba miradas - Zero Magazine<\/title>\n<meta name=\"description\" content=\"La Valentino Garavani DeVain Bag redefine el lujo moderno: el nuevo bolso ic\u00f3nico que todos desean esta temporada.\" \/>\n<meta name=\"robots\" content=\"index, follow, max-snippet:-1, max-image-preview:large, max-video-preview:-1\" \/>\n<link rel=\"canonical\" href=\"https:\/\/zeromagazine.mx\/index.php\/2025\/10\/31\/valentino-garavani-devain-bag-icono-otono\/\" \/>\n<meta property=\"og:locale\" content=\"es_ES\" \/>\n<meta property=\"og:type\" content=\"article\" \/>\n<meta property=\"og:title\" content=\"Valentino Garavani DeVain Bag: el bolso que roba miradas - Zero Magazine\" \/>\n<meta property=\"og:description\" content=\"La Valentino Garavani DeVain Bag redefine el lujo moderno: el nuevo bolso ic\u00f3nico que todos desean esta temporada.\" \/>\n<meta property=\"og:url\" content=\"https:\/\/zeromagazine.mx\/index.php\/2025\/10\/31\/valentino-garavani-devain-bag-icono-otono\/\" \/>\n<meta property=\"og:site_name\" content=\"Zero Magazine\" \/>\n<meta property=\"article:published_time\" content=\"2025-10-31T19:45:52+00:00\" \/>\n<meta property=\"article:modified_time\" content=\"2025-10-31T19:45:53+00:00\" \/>\n<meta property=\"og:image\" content=\"http:\/\/zeromagazine.mx\/wp-content\/uploads\/2025\/10\/image002-47-1024x576.jpg\" \/>\n\t<meta property=\"og:image:width\" content=\"1024\" \/>\n\t<meta property=\"og:image:height\" content=\"576\" \/>\n\t<meta property=\"og:image:type\" content=\"image\/jpeg\" \/>\n<meta name=\"author\" content=\"Luis Trujano\" \/>\n<meta name=\"twitter:card\" content=\"summary_large_image\" \/>\n<meta name=\"twitter:label1\" content=\"Escrito por\" \/>\n\t<meta name=\"twitter:data1\" content=\"Luis Trujano\" \/>\n\t<meta name=\"twitter:label2\" content=\"Tiempo de lectura\" \/>\n\t<meta name=\"twitter:data2\" content=\"3 minutos\" \/>\n<script type=\"application\/ld+json\" class=\"yoast-schema-graph\">{\"@context\":\"https:\\\/\\\/schema.org\",\"@graph\":[{\"@type\":\"Article\",\"@id\":\"https:\\\/\\\/zeromagazine.mx\\\/index.php\\\/2025\\\/10\\\/31\\\/valentino-garavani-devain-bag-icono-otono\\\/#article\",\"isPartOf\":{\"@id\":\"https:\\\/\\\/zeromagazine.mx\\\/index.php\\\/2025\\\/10\\\/31\\\/valentino-garavani-devain-bag-icono-otono\\\/\"},\"author\":{\"name\":\"Luis Trujano\",\"@id\":\"https:\\\/\\\/zeromagazine.mx\\\/#\\\/schema\\\/person\\\/118d2dc27eca6f07b968c953d12daa6b\"},\"headline\":\"Valentino Garavani DeVain Bag: el bolso que roba miradas\",\"datePublished\":\"2025-10-31T19:45:52+00:00\",\"dateModified\":\"2025-10-31T19:45:53+00:00\",\"mainEntityOfPage\":{\"@id\":\"https:\\\/\\\/zeromagazine.mx\\\/index.php\\\/2025\\\/10\\\/31\\\/valentino-garavani-devain-bag-icono-otono\\\/\"},\"wordCount\":502,\"commentCount\":0,\"publisher\":{\"@id\":\"https:\\\/\\\/zeromagazine.mx\\\/#organization\"},\"image\":{\"@id\":\"https:\\\/\\\/zeromagazine.mx\\\/index.php\\\/2025\\\/10\\\/31\\\/valentino-garavani-devain-bag-icono-otono\\\/#primaryimage\"},\"thumbnailUrl\":\"https:\\\/\\\/i0.wp.com\\\/zeromagazine.mx\\\/wp-content\\\/uploads\\\/2025\\\/10\\\/image002-47.jpg?fit=1920%2C1080&ssl=1\",\"articleSection\":[\"Moda\"],\"inLanguage\":\"es\",\"potentialAction\":[{\"@type\":\"CommentAction\",\"name\":\"Comment\",\"target\":[\"https:\\\/\\\/zeromagazine.mx\\\/index.php\\\/2025\\\/10\\\/31\\\/valentino-garavani-devain-bag-icono-otono\\\/#respond\"]}]},{\"@type\":\"WebPage\",\"@id\":\"https:\\\/\\\/zeromagazine.mx\\\/index.php\\\/2025\\\/10\\\/31\\\/valentino-garavani-devain-bag-icono-otono\\\/\",\"url\":\"https:\\\/\\\/zeromagazine.mx\\\/index.php\\\/2025\\\/10\\\/31\\\/valentino-garavani-devain-bag-icono-otono\\\/\",\"name\":\"Valentino Garavani DeVain Bag: el bolso que roba miradas - Zero Magazine\",\"isPartOf\":{\"@id\":\"https:\\\/\\\/zeromagazine.mx\\\/#website\"},\"primaryImageOfPage\":{\"@id\":\"https:\\\/\\\/zeromagazine.mx\\\/index.php\\\/2025\\\/10\\\/31\\\/valentino-garavani-devain-bag-icono-otono\\\/#primaryimage\"},\"image\":{\"@id\":\"https:\\\/\\\/zeromagazine.mx\\\/index.php\\\/2025\\\/10\\\/31\\\/valentino-garavani-devain-bag-icono-otono\\\/#primaryimage\"},\"thumbnailUrl\":\"https:\\\/\\\/i0.wp.com\\\/zeromagazine.mx\\\/wp-content\\\/uploads\\\/2025\\\/10\\\/image002-47.jpg?fit=1920%2C1080&ssl=1\",\"datePublished\":\"2025-10-31T19:45:52+00:00\",\"dateModified\":\"2025-10-31T19:45:53+00:00\",\"description\":\"La Valentino Garavani DeVain Bag redefine el lujo moderno: el nuevo bolso ic\u00f3nico que todos desean esta temporada.\",\"breadcrumb\":{\"@id\":\"https:\\\/\\\/zeromagazine.mx\\\/index.php\\\/2025\\\/10\\\/31\\\/valentino-garavani-devain-bag-icono-otono\\\/#breadcrumb\"},\"inLanguage\":\"es\",\"potentialAction\":[{\"@type\":\"ReadAction\",\"target\":[\"https:\\\/\\\/zeromagazine.mx\\\/index.php\\\/2025\\\/10\\\/31\\\/valentino-garavani-devain-bag-icono-otono\\\/\"]}]},{\"@type\":\"ImageObject\",\"inLanguage\":\"es\",\"@id\":\"https:\\\/\\\/zeromagazine.mx\\\/index.php\\\/2025\\\/10\\\/31\\\/valentino-garavani-devain-bag-icono-otono\\\/#primaryimage\",\"url\":\"https:\\\/\\\/i0.wp.com\\\/zeromagazine.mx\\\/wp-content\\\/uploads\\\/2025\\\/10\\\/image002-47.jpg?fit=1920%2C1080&ssl=1\",\"contentUrl\":\"https:\\\/\\\/i0.wp.com\\\/zeromagazine.mx\\\/wp-content\\\/uploads\\\/2025\\\/10\\\/image002-47.jpg?fit=1920%2C1080&ssl=1\",\"width\":1920,\"height\":1080},{\"@type\":\"BreadcrumbList\",\"@id\":\"https:\\\/\\\/zeromagazine.mx\\\/index.php\\\/2025\\\/10\\\/31\\\/valentino-garavani-devain-bag-icono-otono\\\/#breadcrumb\",\"itemListElement\":[{\"@type\":\"ListItem\",\"position\":1,\"name\":\"Portada\",\"item\":\"https:\\\/\\\/zeromagazine.mx\\\/\"},{\"@type\":\"ListItem\",\"position\":2,\"name\":\"Valentino Garavani DeVain Bag: el bolso que roba miradas\"}]},{\"@type\":\"WebSite\",\"@id\":\"https:\\\/\\\/zeromagazine.mx\\\/#website\",\"url\":\"https:\\\/\\\/zeromagazine.mx\\\/\",\"name\":\"Zero Magazine\",\"description\":\"\",\"publisher\":{\"@id\":\"https:\\\/\\\/zeromagazine.mx\\\/#organization\"},\"potentialAction\":[{\"@type\":\"SearchAction\",\"target\":{\"@type\":\"EntryPoint\",\"urlTemplate\":\"https:\\\/\\\/zeromagazine.mx\\\/?s={search_term_string}\"},\"query-input\":{\"@type\":\"PropertyValueSpecification\",\"valueRequired\":true,\"valueName\":\"search_term_string\"}}],\"inLanguage\":\"es\"},{\"@type\":\"Organization\",\"@id\":\"https:\\\/\\\/zeromagazine.mx\\\/#organization\",\"name\":\"Zero Magazine\",\"url\":\"https:\\\/\\\/zeromagazine.mx\\\/\",\"logo\":{\"@type\":\"ImageObject\",\"inLanguage\":\"es\",\"@id\":\"https:\\\/\\\/zeromagazine.mx\\\/#\\\/schema\\\/logo\\\/image\\\/\",\"url\":\"https:\\\/\\\/i0.wp.com\\\/zeromagazine.mx\\\/wp-content\\\/uploads\\\/2025\\\/11\\\/1.jpeg?fit=1000%2C1000&ssl=1\",\"contentUrl\":\"https:\\\/\\\/i0.wp.com\\\/zeromagazine.mx\\\/wp-content\\\/uploads\\\/2025\\\/11\\\/1.jpeg?fit=1000%2C1000&ssl=1\",\"width\":1000,\"height\":1000,\"caption\":\"Zero Magazine\"},\"image\":{\"@id\":\"https:\\\/\\\/zeromagazine.mx\\\/#\\\/schema\\\/logo\\\/image\\\/\"},\"sameAs\":[\"https:\\\/\\\/instagram.com\\\/zeromagazinemx\"]},{\"@type\":\"Person\",\"@id\":\"https:\\\/\\\/zeromagazine.mx\\\/#\\\/schema\\\/person\\\/118d2dc27eca6f07b968c953d12daa6b\",\"name\":\"Luis Trujano\",\"image\":{\"@type\":\"ImageObject\",\"inLanguage\":\"es\",\"@id\":\"https:\\\/\\\/zeromagazine.mx\\\/wp-content\\\/litespeed\\\/avatar\\\/fbd9d1d6aa4d21e2bb5be8b3155046c9.jpg?ver=1777576316\",\"url\":\"https:\\\/\\\/zeromagazine.mx\\\/wp-content\\\/litespeed\\\/avatar\\\/fbd9d1d6aa4d21e2bb5be8b3155046c9.jpg?ver=1777576316\",\"contentUrl\":\"https:\\\/\\\/zeromagazine.mx\\\/wp-content\\\/litespeed\\\/avatar\\\/fbd9d1d6aa4d21e2bb5be8b3155046c9.jpg?ver=1777576316\",\"caption\":\"Luis Trujano\"},\"url\":\"https:\\\/\\\/zeromagazine.mx\\\/index.php\\\/author\\\/luis-trujano\\\/\"}]}<\/script>\n<!-- \/ Yoast SEO plugin. -->","yoast_head_json":{"title":"Valentino Garavani DeVain Bag: el bolso que roba miradas - Zero Magazine","description":"La Valentino Garavani DeVain Bag redefine el lujo moderno: el nuevo bolso ic\u00f3nico que todos desean esta temporada.","robots":{"index":"index","follow":"follow","max-snippet":"max-snippet:-1","max-image-preview":"max-image-preview:large","max-video-preview":"max-video-preview:-1"},"canonical":"https:\/\/zeromagazine.mx\/index.php\/2025\/10\/31\/valentino-garavani-devain-bag-icono-otono\/","og_locale":"es_ES","og_type":"article","og_title":"Valentino Garavani DeVain Bag: el bolso que roba miradas - Zero Magazine","og_description":"La Valentino Garavani DeVain Bag redefine el lujo moderno: el nuevo bolso ic\u00f3nico que todos desean esta temporada.","og_url":"https:\/\/zeromagazine.mx\/index.php\/2025\/10\/31\/valentino-garavani-devain-bag-icono-otono\/","og_site_name":"Zero Magazine","article_published_time":"2025-10-31T19:45:52+00:00","article_modified_time":"2025-10-31T19:45:53+00:00","og_image":[{"width":1024,"height":576,"url":"http:\/\/zeromagazine.mx\/wp-content\/uploads\/2025\/10\/image002-47-1024x576.jpg","type":"image\/jpeg"}],"author":"Luis Trujano","twitter_card":"summary_large_image","twitter_misc":{"Escrito por":"Luis Trujano","Tiempo de lectura":"3 minutos"},"schema":{"@context":"https:\/\/schema.org","@graph":[{"@type":"Article","@id":"https:\/\/zeromagazine.mx\/index.php\/2025\/10\/31\/valentino-garavani-devain-bag-icono-otono\/#article","isPartOf":{"@id":"https:\/\/zeromagazine.mx\/index.php\/2025\/10\/31\/valentino-garavani-devain-bag-icono-otono\/"},"author":{"name":"Luis Trujano","@id":"https:\/\/zeromagazine.mx\/#\/schema\/person\/118d2dc27eca6f07b968c953d12daa6b"},"headline":"Valentino Garavani DeVain Bag: el bolso que roba miradas","datePublished":"2025-10-31T19:45:52+00:00","dateModified":"2025-10-31T19:45:53+00:00","mainEntityOfPage":{"@id":"https:\/\/zeromagazine.mx\/index.php\/2025\/10\/31\/valentino-garavani-devain-bag-icono-otono\/"},"wordCount":502,"commentCount":0,"publisher":{"@id":"https:\/\/zeromagazine.mx\/#organization"},"image":{"@id":"https:\/\/zeromagazine.mx\/index.php\/2025\/10\/31\/valentino-garavani-devain-bag-icono-otono\/#primaryimage"},"thumbnailUrl":"https:\/\/i0.wp.com\/zeromagazine.mx\/wp-content\/uploads\/2025\/10\/image002-47.jpg?fit=1920%2C1080&ssl=1","articleSection":["Moda"],"inLanguage":"es","potentialAction":[{"@type":"CommentAction","name":"Comment","target":["https:\/\/zeromagazine.mx\/index.php\/2025\/10\/31\/valentino-garavani-devain-bag-icono-otono\/#respond"]}]},{"@type":"WebPage","@id":"https:\/\/zeromagazine.mx\/index.php\/2025\/10\/31\/valentino-garavani-devain-bag-icono-otono\/","url":"https:\/\/zeromagazine.mx\/index.php\/2025\/10\/31\/valentino-garavani-devain-bag-icono-otono\/","name":"Valentino Garavani DeVain Bag: el bolso que roba miradas - Zero Magazine","isPartOf":{"@id":"https:\/\/zeromagazine.mx\/#website"},"primaryImageOfPage":{"@id":"https:\/\/zeromagazine.mx\/index.php\/2025\/10\/31\/valentino-garavani-devain-bag-icono-otono\/#primaryimage"},"image":{"@id":"https:\/\/zeromagazine.mx\/index.php\/2025\/10\/31\/valentino-garavani-devain-bag-icono-otono\/#primaryimage"},"thumbnailUrl":"https:\/\/i0.wp.com\/zeromagazine.mx\/wp-content\/uploads\/2025\/10\/image002-47.jpg?fit=1920%2C1080&ssl=1","datePublished":"2025-10-31T19:45:52+00:00","dateModified":"2025-10-31T19:45:53+00:00","description":"La Valentino Garavani DeVain Bag redefine el lujo moderno: el nuevo bolso ic\u00f3nico que todos desean esta temporada.","breadcrumb":{"@id":"https:\/\/zeromagazine.mx\/index.php\/2025\/10\/31\/valentino-garavani-devain-bag-icono-otono\/#breadcrumb"},"inLanguage":"es","potentialAction":[{"@type":"ReadAction","target":["https:\/\/zeromagazine.mx\/index.php\/2025\/10\/31\/valentino-garavani-devain-bag-icono-otono\/"]}]},{"@type":"ImageObject","inLanguage":"es","@id":"https:\/\/zeromagazine.mx\/index.php\/2025\/10\/31\/valentino-garavani-devain-bag-icono-otono\/#primaryimage","url":"https:\/\/i0.wp.com\/zeromagazine.mx\/wp-content\/uploads\/2025\/10\/image002-47.jpg?fit=1920%2C1080&ssl=1","contentUrl":"https:\/\/i0.wp.com\/zeromagazine.mx\/wp-content\/uploads\/2025\/10\/image002-47.jpg?fit=1920%2C1080&ssl=1","width":1920,"height":1080},{"@type":"BreadcrumbList","@id":"https:\/\/zeromagazine.mx\/index.php\/2025\/10\/31\/valentino-garavani-devain-bag-icono-otono\/#breadcrumb","itemListElement":[{"@type":"ListItem","position":1,"name":"Portada","item":"https:\/\/zeromagazine.mx\/"},{"@type":"ListItem","position":2,"name":"Valentino Garavani DeVain Bag: el bolso que roba miradas"}]},{"@type":"WebSite","@id":"https:\/\/zeromagazine.mx\/#website","url":"https:\/\/zeromagazine.mx\/","name":"Zero Magazine","description":"","publisher":{"@id":"https:\/\/zeromagazine.mx\/#organization"},"potentialAction":[{"@type":"SearchAction","target":{"@type":"EntryPoint","urlTemplate":"https:\/\/zeromagazine.mx\/?s={search_term_string}"},"query-input":{"@type":"PropertyValueSpecification","valueRequired":true,"valueName":"search_term_string"}}],"inLanguage":"es"},{"@type":"Organization","@id":"https:\/\/zeromagazine.mx\/#organization","name":"Zero Magazine","url":"https:\/\/zeromagazine.mx\/","logo":{"@type":"ImageObject","inLanguage":"es","@id":"https:\/\/zeromagazine.mx\/#\/schema\/logo\/image\/","url":"https:\/\/i0.wp.com\/zeromagazine.mx\/wp-content\/uploads\/2025\/11\/1.jpeg?fit=1000%2C1000&ssl=1","contentUrl":"https:\/\/i0.wp.com\/zeromagazine.mx\/wp-content\/uploads\/2025\/11\/1.jpeg?fit=1000%2C1000&ssl=1","width":1000,"height":1000,"caption":"Zero Magazine"},"image":{"@id":"https:\/\/zeromagazine.mx\/#\/schema\/logo\/image\/"},"sameAs":["https:\/\/instagram.com\/zeromagazinemx"]},{"@type":"Person","@id":"https:\/\/zeromagazine.mx\/#\/schema\/person\/118d2dc27eca6f07b968c953d12daa6b","name":"Luis Trujano","image":{"@type":"ImageObject","inLanguage":"es","@id":"https:\/\/zeromagazine.mx\/wp-content\/litespeed\/avatar\/fbd9d1d6aa4d21e2bb5be8b3155046c9.jpg?ver=1777576316","url":"https:\/\/zeromagazine.mx\/wp-content\/litespeed\/avatar\/fbd9d1d6aa4d21e2bb5be8b3155046c9.jpg?ver=1777576316","contentUrl":"https:\/\/zeromagazine.mx\/wp-content\/litespeed\/avatar\/fbd9d1d6aa4d21e2bb5be8b3155046c9.jpg?ver=1777576316","caption":"Luis Trujano"},"url":"https:\/\/zeromagazine.mx\/index.php\/author\/luis-trujano\/"}]}},"jetpack_publicize_connections":[],"jetpack_featured_media_url":"https:\/\/i0.wp.com\/zeromagazine.mx\/wp-content\/uploads\/2025\/10\/image002-47.jpg?fit=1920%2C1080&ssl=1","jetpack-related-posts":[{"id":116130,"url":"https:\/\/zeromagazine.mx\/index.php\/2026\/03\/02\/bolso-devain-valentino-garavani\/","url_meta":{"origin":109793,"position":0},"title":"Bolso DeVain redefine el deseo","author":"zeromagazinemx","date":"2 de marzo de 2026","format":false,"excerpt":"Hay bolsos que acompa\u00f1an un outfit\u2026 y hay otros que hacen el outfit. El bolso DeVain de Valentino Garavani entra directo en esa segunda categor\u00eda. Esta temporada, no solo est\u00e1 por todos lados, tambi\u00e9n est\u00e1 diciendo algo claro: el lujo ya no se trata de exagerar, sino de elegir piezas\u2026","rel":"","context":"En \u00abModa\u00bb","block_context":{"text":"Moda","link":"https:\/\/zeromagazine.mx\/index.php\/category\/moda\/"},"img":{"alt_text":"","src":"https:\/\/i0.wp.com\/zeromagazine.mx\/wp-content\/uploads\/2026\/03\/MX_VALENTINO.jpg.png?fit=948%2C1200&ssl=1&resize=350%2C200","width":350,"height":200,"srcset":"https:\/\/i0.wp.com\/zeromagazine.mx\/wp-content\/uploads\/2026\/03\/MX_VALENTINO.jpg.png?fit=948%2C1200&ssl=1&resize=350%2C200 1x, https:\/\/i0.wp.com\/zeromagazine.mx\/wp-content\/uploads\/2026\/03\/MX_VALENTINO.jpg.png?fit=948%2C1200&ssl=1&resize=525%2C300 1.5x, https:\/\/i0.wp.com\/zeromagazine.mx\/wp-content\/uploads\/2026\/03\/MX_VALENTINO.jpg.png?fit=948%2C1200&ssl=1&resize=700%2C400 2x"},"classes":[]},{"id":111077,"url":"https:\/\/zeromagazine.mx\/index.php\/2025\/11\/20\/valentino-garavani-devain-proyecto-digital\/","url_meta":{"origin":109793,"position":1},"title":"Valentino Garavani DeVain: arte que vibra","author":"zeromagazinemx","date":"20 de noviembre de 2025","format":false,"excerpt":"Cuando una Maison decide convertir un bolso en protagonista de un universo digital, pasan cosas interesantes. Pero cuando quienes lo hacen son Valentino y un crew internacional de artistas obsesionados con crear nuevos mundos visuales, el resultado se vuelve irresistible. As\u00ed nace el proyecto creativo que pone a la Valentino\u2026","rel":"","context":"En \u00abModa\u00bb","block_context":{"text":"Moda","link":"https:\/\/zeromagazine.mx\/index.php\/category\/moda\/"},"img":{"alt_text":"","src":"https:\/\/i0.wp.com\/zeromagazine.mx\/wp-content\/uploads\/2025\/11\/1000040853-scaled.jpg?fit=960%2C1200&ssl=1&resize=350%2C200","width":350,"height":200,"srcset":"https:\/\/i0.wp.com\/zeromagazine.mx\/wp-content\/uploads\/2025\/11\/1000040853-scaled.jpg?fit=960%2C1200&ssl=1&resize=350%2C200 1x, https:\/\/i0.wp.com\/zeromagazine.mx\/wp-content\/uploads\/2025\/11\/1000040853-scaled.jpg?fit=960%2C1200&ssl=1&resize=525%2C300 1.5x, https:\/\/i0.wp.com\/zeromagazine.mx\/wp-content\/uploads\/2025\/11\/1000040853-scaled.jpg?fit=960%2C1200&ssl=1&resize=700%2C400 2x"},"classes":[]},{"id":111027,"url":"https:\/\/zeromagazine.mx\/index.php\/2025\/11\/20\/valentino-garavani-devain-guia-regalos\/","url_meta":{"origin":109793,"position":2},"title":"Valentino Garavani DeVain: el clutch que lo cambia todo","author":"Luis Trujano","date":"20 de noviembre de 2025","format":false,"excerpt":"Si hay una pieza que est\u00e1 haciendo que todos volteen a verla esta temporada, es el Valentino Garavani DeVain. El nuevo clutch firmado por Alessandro Michele no solo llega para refrescar el vocabulario de la moda, sino para coronarse como el regalo que literalmente nadie va a querer devolver. Y\u2026","rel":"","context":"En \u00abModa\u00bb","block_context":{"text":"Moda","link":"https:\/\/zeromagazine.mx\/index.php\/category\/moda\/"},"img":{"alt_text":"","src":"https:\/\/i0.wp.com\/zeromagazine.mx\/wp-content\/uploads\/2025\/11\/IMG_5984.jpeg?fit=949%2C1200&ssl=1&resize=350%2C200","width":350,"height":200,"srcset":"https:\/\/i0.wp.com\/zeromagazine.mx\/wp-content\/uploads\/2025\/11\/IMG_5984.jpeg?fit=949%2C1200&ssl=1&resize=350%2C200 1x, https:\/\/i0.wp.com\/zeromagazine.mx\/wp-content\/uploads\/2025\/11\/IMG_5984.jpeg?fit=949%2C1200&ssl=1&resize=525%2C300 1.5x, https:\/\/i0.wp.com\/zeromagazine.mx\/wp-content\/uploads\/2025\/11\/IMG_5984.jpeg?fit=949%2C1200&ssl=1&resize=700%2C400 2x"},"classes":[]},{"id":117919,"url":"https:\/\/zeromagazine.mx\/index.php\/2026\/04\/08\/bolso-valentino-estilo-accesorio\/","url_meta":{"origin":109793,"position":3},"title":"El look empieza aqu\u00ed","author":"zeromagazinemx","date":"8 de abril de 2026","format":false,"excerpt":"Valentino convierte el bolso en la pieza que define todo el look (y la actitud). En 2026, vestirse ya no es sumar capas, es tomar decisiones. Y en ese nuevo c\u00f3digo, el bolso dej\u00f3 de ser complemento para convertirse en protagonista. Cuando el bolso lleva el look Dentro del universo\u2026","rel":"","context":"En \u00abModa\u00bb","block_context":{"text":"Moda","link":"https:\/\/zeromagazine.mx\/index.php\/category\/moda\/"},"img":{"alt_text":"","src":"https:\/\/i0.wp.com\/zeromagazine.mx\/wp-content\/uploads\/2026\/04\/Gemini_Generated_Image_380lvk380lvk380l.png?fit=928%2C1152&ssl=1&resize=350%2C200","width":350,"height":200,"srcset":"https:\/\/i0.wp.com\/zeromagazine.mx\/wp-content\/uploads\/2026\/04\/Gemini_Generated_Image_380lvk380lvk380l.png?fit=928%2C1152&ssl=1&resize=350%2C200 1x, https:\/\/i0.wp.com\/zeromagazine.mx\/wp-content\/uploads\/2026\/04\/Gemini_Generated_Image_380lvk380lvk380l.png?fit=928%2C1152&ssl=1&resize=525%2C300 1.5x, https:\/\/i0.wp.com\/zeromagazine.mx\/wp-content\/uploads\/2026\/04\/Gemini_Generated_Image_380lvk380lvk380l.png?fit=928%2C1152&ssl=1&resize=700%2C400 2x"},"classes":[]},{"id":72689,"url":"https:\/\/zeromagazine.mx\/index.php\/2024\/03\/28\/regalos-de-lujo-para-mama-las-exquisitas-propuestas-de-valentino-garavani\/","url_meta":{"origin":109793,"position":4},"title":"Regalos de lujo para mam\u00e1: Las exquisitas propuestas de Valentino Garavani","author":"zeromagazinemx","date":"28 de marzo de 2024","format":false,"excerpt":"Este D\u00eda de las Madres, quiero compartir con ustedes una selecci\u00f3n de opciones que simplemente no pueden dejar pasar. Valentino Garavani nos sorprende una vez m\u00e1s con una colecci\u00f3n curada pensada especialmente para celebrar a esas reinas que nos dieron la vida. As\u00ed que prep\u00e1rense para descubrir algunas joyitas que\u2026","rel":"","context":"En \u00abDise\u00f1o\u00bb","block_context":{"text":"Dise\u00f1o","link":"https:\/\/zeromagazine.mx\/index.php\/category\/diseno\/"},"img":{"alt_text":"","src":"https:\/\/i0.wp.com\/zeromagazine.mx\/wp-content\/uploads\/2024\/03\/5W2B0N86WNR_39L-scaled.jpg?resize=350%2C200&ssl=1","width":350,"height":200,"srcset":"https:\/\/i0.wp.com\/zeromagazine.mx\/wp-content\/uploads\/2024\/03\/5W2B0N86WNR_39L-scaled.jpg?resize=350%2C200&ssl=1 1x, https:\/\/i0.wp.com\/zeromagazine.mx\/wp-content\/uploads\/2024\/03\/5W2B0N86WNR_39L-scaled.jpg?resize=525%2C300&ssl=1 1.5x, https:\/\/i0.wp.com\/zeromagazine.mx\/wp-content\/uploads\/2024\/03\/5W2B0N86WNR_39L-scaled.jpg?resize=700%2C400&ssl=1 2x, https:\/\/i0.wp.com\/zeromagazine.mx\/wp-content\/uploads\/2024\/03\/5W2B0N86WNR_39L-scaled.jpg?resize=1050%2C600&ssl=1 3x, https:\/\/i0.wp.com\/zeromagazine.mx\/wp-content\/uploads\/2024\/03\/5W2B0N86WNR_39L-scaled.jpg?resize=1400%2C800&ssl=1 4x"},"classes":[]},{"id":116277,"url":"https:\/\/zeromagazine.mx\/index.php\/2026\/03\/03\/valentino-2026-alfombras-y-selena-gomez\/","url_meta":{"origin":109793,"position":5},"title":"Valentino conquista alfombras 2026","author":"zeromagazinemx","date":"3 de marzo de 2026","format":false,"excerpt":"Si algo nos queda claro este 2026 es que Valentino no solo est\u00e1 presente: est\u00e1 dominando la conversaci\u00f3n. Desde apariciones casuales en Los \u00c1ngeles hasta momentos ic\u00f3nicos en premiaciones clave del cine independiente, la maison italiana reafirma que su nueva era tiene presencia, car\u00e1cter y much\u00edsima sofisticaci\u00f3n. Adem\u00e1s, lo interesante\u2026","rel":"","context":"En \u00abModa\u00bb","block_context":{"text":"Moda","link":"https:\/\/zeromagazine.mx\/index.php\/category\/moda\/"},"img":{"alt_text":"","src":"https:\/\/i0.wp.com\/zeromagazine.mx\/wp-content\/uploads\/2026\/03\/1000054633.png?fit=900%2C1200&ssl=1&resize=350%2C200","width":350,"height":200,"srcset":"https:\/\/i0.wp.com\/zeromagazine.mx\/wp-content\/uploads\/2026\/03\/1000054633.png?fit=900%2C1200&ssl=1&resize=350%2C200 1x, https:\/\/i0.wp.com\/zeromagazine.mx\/wp-content\/uploads\/2026\/03\/1000054633.png?fit=900%2C1200&ssl=1&resize=525%2C300 1.5x, https:\/\/i0.wp.com\/zeromagazine.mx\/wp-content\/uploads\/2026\/03\/1000054633.png?fit=900%2C1200&ssl=1&resize=700%2C400 2x"},"classes":[]}],"jetpack_sharing_enabled":true,"builder_content":"","_links":{"self":[{"href":"https:\/\/zeromagazine.mx\/index.php\/wp-json\/wp\/v2\/posts\/109793","targetHints":{"allow":["GET"]}}],"collection":[{"href":"https:\/\/zeromagazine.mx\/index.php\/wp-json\/wp\/v2\/posts"}],"about":[{"href":"https:\/\/zeromagazine.mx\/index.php\/wp-json\/wp\/v2\/types\/post"}],"author":[{"embeddable":true,"href":"https:\/\/zeromagazine.mx\/index.php\/wp-json\/wp\/v2\/users\/6"}],"replies":[{"embeddable":true,"href":"https:\/\/zeromagazine.mx\/index.php\/wp-json\/wp\/v2\/comments?post=109793"}],"version-history":[{"count":2,"href":"https:\/\/zeromagazine.mx\/index.php\/wp-json\/wp\/v2\/posts\/109793\/revisions"}],"predecessor-version":[{"id":109797,"href":"https:\/\/zeromagazine.mx\/index.php\/wp-json\/wp\/v2\/posts\/109793\/revisions\/109797"}],"wp:featuredmedia":[{"embeddable":true,"href":"https:\/\/zeromagazine.mx\/index.php\/wp-json\/wp\/v2\/media\/109794"}],"wp:attachment":[{"href":"https:\/\/zeromagazine.mx\/index.php\/wp-json\/wp\/v2\/media?parent=109793"}],"wp:term":[{"taxonomy":"category","embeddable":true,"href":"https:\/\/zeromagazine.mx\/index.php\/wp-json\/wp\/v2\/categories?post=109793"},{"taxonomy":"post_tag","embeddable":true,"href":"https:\/\/zeromagazine.mx\/index.php\/wp-json\/wp\/v2\/tags?post=109793"}],"curies":[{"name":"wp","href":"https:\/\/api.w.org\/{rel}","templated":true}]}}