{"id":109966,"date":"2025-11-03T14:37:14","date_gmt":"2025-11-03T20:37:14","guid":{"rendered":"https:\/\/zeromagazine.mx\/?p=109966"},"modified":"2025-11-03T14:37:16","modified_gmt":"2025-11-03T20:37:16","slug":"zegna-monterrey-reapertura-lujo","status":"publish","type":"post","link":"https:\/\/zeromagazine.mx\/index.php\/2025\/11\/03\/zegna-monterrey-reapertura-lujo\/","title":{"rendered":"ZEGNA Monterrey: el nuevo lujo con alma italiana"},"content":{"rendered":"\n<p>Cuando el lujo se siente, se nota. Y eso es justo lo que logra ZEGNA Monterrey, la nueva versi\u00f3n del ic\u00f3nico Negozio que acaba de reabrir sus puertas en una de las ciudades m\u00e1s vibrantes de M\u00e9xico. Este espacio no solo es una tienda, es una experiencia que mezcla dise\u00f1o, historia y una vibra muy actual.<\/p>\n\n\n\n<p>Desde Italia hasta el coraz\u00f3n de Monterrey, ZEGNA est\u00e1 escribiendo un nuevo cap\u00edtulo donde el arte de la sastrer\u00eda se encuentra con el estilo relajado y funcional que define la elegancia moderna. Y s\u00ed, es justo lo que esperas de una marca que lleva m\u00e1s de un siglo redefiniendo la moda masculina.<\/p>\n\n\n\n<figure class=\"wp-block-image size-full\"><img data-recalc-dims=\"1\" decoding=\"async\" width=\"1165\" height=\"1747\" src=\"https:\/\/i0.wp.com\/zeromagazine.mx\/wp-content\/uploads\/2025\/11\/1000038785-1-scaled.jpg?resize=1165%2C1747&#038;ssl=1\" alt=\"\" class=\"wp-image-109968\" srcset=\"https:\/\/i0.wp.com\/zeromagazine.mx\/wp-content\/uploads\/2025\/11\/1000038785-1-scaled.jpg?w=1707&amp;ssl=1 1707w, https:\/\/i0.wp.com\/zeromagazine.mx\/wp-content\/uploads\/2025\/11\/1000038785-1-scaled.jpg?resize=200%2C300&amp;ssl=1 200w, https:\/\/i0.wp.com\/zeromagazine.mx\/wp-content\/uploads\/2025\/11\/1000038785-1-scaled.jpg?resize=683%2C1024&amp;ssl=1 683w, https:\/\/i0.wp.com\/zeromagazine.mx\/wp-content\/uploads\/2025\/11\/1000038785-1-scaled.jpg?resize=768%2C1152&amp;ssl=1 768w, https:\/\/i0.wp.com\/zeromagazine.mx\/wp-content\/uploads\/2025\/11\/1000038785-1-scaled.jpg?resize=1024%2C1536&amp;ssl=1 1024w, https:\/\/i0.wp.com\/zeromagazine.mx\/wp-content\/uploads\/2025\/11\/1000038785-1-scaled.jpg?resize=1365%2C2048&amp;ssl=1 1365w\" sizes=\"(max-width: 1165px) 100vw, 1165px\" \/><\/figure>\n\n\n\n<p><strong>ZEGNA Monterrey: dise\u00f1o, arte y herencia<\/strong><\/p>\n\n\n\n<p>De entrada, el espacio es una obra de arte. Luz c\u00e1lida, l\u00edneas limpias y materiales que se sienten premium sin ser pretenciosos. Todo pensado para transmitir ese equilibrio entre tradici\u00f3n y modernidad que define a ZEGNA Monterrey.Pero lo m\u00e1s cool es que dentro del Negozio viven piezas inspiradas en Born in Oasi Zegna, un libro que celebra los 115 a\u00f1os de historia de la marca y su conexi\u00f3n con la naturaleza. Oasi Zegna es un territorio de 100 km\u00b2 en los Alpes italianos que simboliza los valores del fundador: respeto por las personas, la comunidad y el entorno.<\/p>\n\n\n\n<p>Adem\u00e1s, cada detalle \u2014desde los muebles hasta las obras de arte\u2014 refuerza esa narrativa de lujo consciente, donde la est\u00e9tica y la \u00e9tica van de la mano.<\/p>\n\n\n\n<figure class=\"wp-block-image size-full\"><img data-recalc-dims=\"1\" decoding=\"async\" width=\"1165\" height=\"1747\" src=\"https:\/\/i0.wp.com\/zeromagazine.mx\/wp-content\/uploads\/2025\/11\/1000038787-scaled.jpg?resize=1165%2C1747&#038;ssl=1\" alt=\"\" class=\"wp-image-109969\" srcset=\"https:\/\/i0.wp.com\/zeromagazine.mx\/wp-content\/uploads\/2025\/11\/1000038787-scaled.jpg?w=1707&amp;ssl=1 1707w, https:\/\/i0.wp.com\/zeromagazine.mx\/wp-content\/uploads\/2025\/11\/1000038787-scaled.jpg?resize=200%2C300&amp;ssl=1 200w, https:\/\/i0.wp.com\/zeromagazine.mx\/wp-content\/uploads\/2025\/11\/1000038787-scaled.jpg?resize=683%2C1024&amp;ssl=1 683w, https:\/\/i0.wp.com\/zeromagazine.mx\/wp-content\/uploads\/2025\/11\/1000038787-scaled.jpg?resize=768%2C1152&amp;ssl=1 768w, https:\/\/i0.wp.com\/zeromagazine.mx\/wp-content\/uploads\/2025\/11\/1000038787-scaled.jpg?resize=1024%2C1536&amp;ssl=1 1024w, https:\/\/i0.wp.com\/zeromagazine.mx\/wp-content\/uploads\/2025\/11\/1000038787-scaled.jpg?resize=1365%2C2048&amp;ssl=1 1365w\" sizes=\"(max-width: 1165px) 100vw, 1165px\" \/><\/figure>\n\n\n\n<p>Por otro lado, la colecci\u00f3n Fall\/Winter 2025 llega con algo muy especial: el Torino style, una silueta inspirada en el traje original del fundador. Es la reinterpretaci\u00f3n perfecta de la italianit\u00e0: esa elegancia tranquila y exacta que no necesita gritar para destacar. Estructura impecable, materiales de ensue\u00f1o y esa energ\u00eda que solo tiene una prenda bien hecha.<\/p>\n\n\n\n<p>Y claro, el nuevo Negozio tambi\u00e9n trae los grandes favoritos: la chaqueta Il Conte, la overshirt Alba, el zapato Triple Stitch\u2122 y el cl\u00e1sico Mocassin. B\u00e1sicamente, el guardarropa ideal para quien busca estilo sin esfuerzo, pero con una historia detr\u00e1s.<\/p>\n\n\n\n<figure class=\"wp-block-image size-full\"><img data-recalc-dims=\"1\" decoding=\"async\" width=\"1165\" height=\"1747\" src=\"https:\/\/i0.wp.com\/zeromagazine.mx\/wp-content\/uploads\/2025\/11\/1000038789-scaled.jpg?resize=1165%2C1747&#038;ssl=1\" alt=\"\" class=\"wp-image-109971\" srcset=\"https:\/\/i0.wp.com\/zeromagazine.mx\/wp-content\/uploads\/2025\/11\/1000038789-scaled.jpg?w=1707&amp;ssl=1 1707w, https:\/\/i0.wp.com\/zeromagazine.mx\/wp-content\/uploads\/2025\/11\/1000038789-scaled.jpg?resize=200%2C300&amp;ssl=1 200w, https:\/\/i0.wp.com\/zeromagazine.mx\/wp-content\/uploads\/2025\/11\/1000038789-scaled.jpg?resize=683%2C1024&amp;ssl=1 683w, https:\/\/i0.wp.com\/zeromagazine.mx\/wp-content\/uploads\/2025\/11\/1000038789-scaled.jpg?resize=768%2C1152&amp;ssl=1 768w, https:\/\/i0.wp.com\/zeromagazine.mx\/wp-content\/uploads\/2025\/11\/1000038789-scaled.jpg?resize=1024%2C1536&amp;ssl=1 1024w, https:\/\/i0.wp.com\/zeromagazine.mx\/wp-content\/uploads\/2025\/11\/1000038789-scaled.jpg?resize=1365%2C2048&amp;ssl=1 1365w\" sizes=\"(max-width: 1165px) 100vw, 1165px\" \/><\/figure>\n\n\n\n<p>En definitiva, ZEGNA Monterrey no solo marca una reapertura, sino una renovaci\u00f3n total de lo que significa el lujo hoy: m\u00e1s personal, m\u00e1s consciente y con una est\u00e9tica que celebra lo esencial.<\/p>\n\n\n\n<p>Porque al final, el verdadero lujo no est\u00e1 en tenerlo todo, sino en elegir bien. Y eso, ZEGNA lo tiene clar\u00edsimo.<\/p>\n<!--themify_builder_content-->\n<div id=\"themify_builder_content-109966\" data-postid=\"109966\" class=\"themify_builder_content themify_builder_content-109966 themify_builder tf_clear\">\n    <\/div>\n<!--\/themify_builder_content-->\n","protected":false},"excerpt":{"rendered":"<p>Cuando el lujo se siente, se nota. Y eso es justo lo que logra ZEGNA Monterrey, la nueva versi\u00f3n del ic\u00f3nico Negozio que acaba de reabrir sus puertas en una de las ciudades m\u00e1s vibrantes de M\u00e9xico. Este espacio no solo es una tienda, es una experiencia que mezcla dise\u00f1o, historia y una vibra muy [&hellip;]<\/p>\n","protected":false},"author":2,"featured_media":109968,"comment_status":"open","ping_status":"open","sticky":false,"template":"","format":"standard","meta":{"_jetpack_memberships_contains_paid_content":false,"footnotes":"","jetpack_publicize_message":"","jetpack_publicize_feature_enabled":true,"jetpack_social_post_already_shared":true,"jetpack_social_options":{"image_generator_settings":{"template":"highway","default_image_id":0,"font":"","enabled":false},"version":2}},"categories":[67],"tags":[],"class_list":["post-109966","post","type-post","status-publish","format-standard","has-post-thumbnail","hentry","category-moda","has-post-title","has-post-date","has-post-category","has-post-tag","has-post-comment","has-post-author",""],"yoast_head":"<!-- This site is optimized with the Yoast SEO plugin v27.5 - https:\/\/yoast.com\/product\/yoast-seo-wordpress\/ -->\n<title>ZEGNA Monterrey: el nuevo lujo con alma italiana - Zero Magazine<\/title>\n<meta name=\"description\" content=\"ZEGNA Monterrey redefine el lujo moderno con su nueva tienda: elegancia italiana, dise\u00f1o minimalista y estilo sin esfuerzo.\" \/>\n<meta name=\"robots\" content=\"index, follow, max-snippet:-1, max-image-preview:large, max-video-preview:-1\" \/>\n<link rel=\"canonical\" href=\"https:\/\/zeromagazine.mx\/index.php\/2025\/11\/03\/zegna-monterrey-reapertura-lujo\/\" \/>\n<meta property=\"og:locale\" content=\"es_ES\" \/>\n<meta property=\"og:type\" content=\"article\" \/>\n<meta property=\"og:title\" content=\"ZEGNA Monterrey: el nuevo lujo con alma italiana - Zero Magazine\" \/>\n<meta property=\"og:description\" content=\"ZEGNA Monterrey redefine el lujo moderno con su nueva tienda: elegancia italiana, dise\u00f1o minimalista y estilo sin esfuerzo.\" \/>\n<meta property=\"og:url\" content=\"https:\/\/zeromagazine.mx\/index.php\/2025\/11\/03\/zegna-monterrey-reapertura-lujo\/\" \/>\n<meta property=\"og:site_name\" content=\"Zero Magazine\" \/>\n<meta property=\"article:published_time\" content=\"2025-11-03T20:37:14+00:00\" \/>\n<meta property=\"article:modified_time\" content=\"2025-11-03T20:37:16+00:00\" \/>\n<meta property=\"og:image\" content=\"http:\/\/zeromagazine.mx\/wp-content\/uploads\/2025\/11\/1000038785-1-scaled.jpg\" \/>\n\t<meta property=\"og:image:width\" content=\"1707\" \/>\n\t<meta property=\"og:image:height\" content=\"2560\" \/>\n\t<meta property=\"og:image:type\" content=\"image\/jpeg\" \/>\n<meta name=\"author\" content=\"zeromagazinemx\" \/>\n<meta name=\"twitter:card\" content=\"summary_large_image\" \/>\n<meta name=\"twitter:label1\" content=\"Escrito por\" \/>\n\t<meta name=\"twitter:data1\" content=\"zeromagazinemx\" \/>\n\t<meta name=\"twitter:label2\" content=\"Tiempo de lectura\" \/>\n\t<meta name=\"twitter:data2\" content=\"3 minutos\" \/>\n<script type=\"application\/ld+json\" class=\"yoast-schema-graph\">{\"@context\":\"https:\\\/\\\/schema.org\",\"@graph\":[{\"@type\":\"Article\",\"@id\":\"https:\\\/\\\/zeromagazine.mx\\\/index.php\\\/2025\\\/11\\\/03\\\/zegna-monterrey-reapertura-lujo\\\/#article\",\"isPartOf\":{\"@id\":\"https:\\\/\\\/zeromagazine.mx\\\/index.php\\\/2025\\\/11\\\/03\\\/zegna-monterrey-reapertura-lujo\\\/\"},\"author\":{\"name\":\"zeromagazinemx\",\"@id\":\"https:\\\/\\\/zeromagazine.mx\\\/#\\\/schema\\\/person\\\/9aed9f33a7c39af3a348b86d723f7773\"},\"headline\":\"ZEGNA Monterrey: el nuevo lujo con alma italiana\",\"datePublished\":\"2025-11-03T20:37:14+00:00\",\"dateModified\":\"2025-11-03T20:37:16+00:00\",\"mainEntityOfPage\":{\"@id\":\"https:\\\/\\\/zeromagazine.mx\\\/index.php\\\/2025\\\/11\\\/03\\\/zegna-monterrey-reapertura-lujo\\\/\"},\"wordCount\":427,\"commentCount\":0,\"publisher\":{\"@id\":\"https:\\\/\\\/zeromagazine.mx\\\/#organization\"},\"image\":{\"@id\":\"https:\\\/\\\/zeromagazine.mx\\\/index.php\\\/2025\\\/11\\\/03\\\/zegna-monterrey-reapertura-lujo\\\/#primaryimage\"},\"thumbnailUrl\":\"https:\\\/\\\/i0.wp.com\\\/zeromagazine.mx\\\/wp-content\\\/uploads\\\/2025\\\/11\\\/1000038785-1-scaled.jpg?fit=1707%2C2560&ssl=1\",\"articleSection\":[\"Moda\"],\"inLanguage\":\"es\",\"potentialAction\":[{\"@type\":\"CommentAction\",\"name\":\"Comment\",\"target\":[\"https:\\\/\\\/zeromagazine.mx\\\/index.php\\\/2025\\\/11\\\/03\\\/zegna-monterrey-reapertura-lujo\\\/#respond\"]}]},{\"@type\":\"WebPage\",\"@id\":\"https:\\\/\\\/zeromagazine.mx\\\/index.php\\\/2025\\\/11\\\/03\\\/zegna-monterrey-reapertura-lujo\\\/\",\"url\":\"https:\\\/\\\/zeromagazine.mx\\\/index.php\\\/2025\\\/11\\\/03\\\/zegna-monterrey-reapertura-lujo\\\/\",\"name\":\"ZEGNA Monterrey: el nuevo lujo con alma italiana - Zero Magazine\",\"isPartOf\":{\"@id\":\"https:\\\/\\\/zeromagazine.mx\\\/#website\"},\"primaryImageOfPage\":{\"@id\":\"https:\\\/\\\/zeromagazine.mx\\\/index.php\\\/2025\\\/11\\\/03\\\/zegna-monterrey-reapertura-lujo\\\/#primaryimage\"},\"image\":{\"@id\":\"https:\\\/\\\/zeromagazine.mx\\\/index.php\\\/2025\\\/11\\\/03\\\/zegna-monterrey-reapertura-lujo\\\/#primaryimage\"},\"thumbnailUrl\":\"https:\\\/\\\/i0.wp.com\\\/zeromagazine.mx\\\/wp-content\\\/uploads\\\/2025\\\/11\\\/1000038785-1-scaled.jpg?fit=1707%2C2560&ssl=1\",\"datePublished\":\"2025-11-03T20:37:14+00:00\",\"dateModified\":\"2025-11-03T20:37:16+00:00\",\"description\":\"ZEGNA Monterrey redefine el lujo moderno con su nueva tienda: elegancia italiana, dise\u00f1o minimalista y estilo sin esfuerzo.\",\"breadcrumb\":{\"@id\":\"https:\\\/\\\/zeromagazine.mx\\\/index.php\\\/2025\\\/11\\\/03\\\/zegna-monterrey-reapertura-lujo\\\/#breadcrumb\"},\"inLanguage\":\"es\",\"potentialAction\":[{\"@type\":\"ReadAction\",\"target\":[\"https:\\\/\\\/zeromagazine.mx\\\/index.php\\\/2025\\\/11\\\/03\\\/zegna-monterrey-reapertura-lujo\\\/\"]}]},{\"@type\":\"ImageObject\",\"inLanguage\":\"es\",\"@id\":\"https:\\\/\\\/zeromagazine.mx\\\/index.php\\\/2025\\\/11\\\/03\\\/zegna-monterrey-reapertura-lujo\\\/#primaryimage\",\"url\":\"https:\\\/\\\/i0.wp.com\\\/zeromagazine.mx\\\/wp-content\\\/uploads\\\/2025\\\/11\\\/1000038785-1-scaled.jpg?fit=1707%2C2560&ssl=1\",\"contentUrl\":\"https:\\\/\\\/i0.wp.com\\\/zeromagazine.mx\\\/wp-content\\\/uploads\\\/2025\\\/11\\\/1000038785-1-scaled.jpg?fit=1707%2C2560&ssl=1\",\"width\":1707,\"height\":2560},{\"@type\":\"BreadcrumbList\",\"@id\":\"https:\\\/\\\/zeromagazine.mx\\\/index.php\\\/2025\\\/11\\\/03\\\/zegna-monterrey-reapertura-lujo\\\/#breadcrumb\",\"itemListElement\":[{\"@type\":\"ListItem\",\"position\":1,\"name\":\"Portada\",\"item\":\"https:\\\/\\\/zeromagazine.mx\\\/\"},{\"@type\":\"ListItem\",\"position\":2,\"name\":\"ZEGNA Monterrey: el nuevo lujo con alma italiana\"}]},{\"@type\":\"WebSite\",\"@id\":\"https:\\\/\\\/zeromagazine.mx\\\/#website\",\"url\":\"https:\\\/\\\/zeromagazine.mx\\\/\",\"name\":\"Zero Magazine\",\"description\":\"\",\"publisher\":{\"@id\":\"https:\\\/\\\/zeromagazine.mx\\\/#organization\"},\"potentialAction\":[{\"@type\":\"SearchAction\",\"target\":{\"@type\":\"EntryPoint\",\"urlTemplate\":\"https:\\\/\\\/zeromagazine.mx\\\/?s={search_term_string}\"},\"query-input\":{\"@type\":\"PropertyValueSpecification\",\"valueRequired\":true,\"valueName\":\"search_term_string\"}}],\"inLanguage\":\"es\"},{\"@type\":\"Organization\",\"@id\":\"https:\\\/\\\/zeromagazine.mx\\\/#organization\",\"name\":\"Zero Magazine\",\"url\":\"https:\\\/\\\/zeromagazine.mx\\\/\",\"logo\":{\"@type\":\"ImageObject\",\"inLanguage\":\"es\",\"@id\":\"https:\\\/\\\/zeromagazine.mx\\\/#\\\/schema\\\/logo\\\/image\\\/\",\"url\":\"https:\\\/\\\/i0.wp.com\\\/zeromagazine.mx\\\/wp-content\\\/uploads\\\/2025\\\/11\\\/1.jpeg?fit=1000%2C1000&ssl=1\",\"contentUrl\":\"https:\\\/\\\/i0.wp.com\\\/zeromagazine.mx\\\/wp-content\\\/uploads\\\/2025\\\/11\\\/1.jpeg?fit=1000%2C1000&ssl=1\",\"width\":1000,\"height\":1000,\"caption\":\"Zero Magazine\"},\"image\":{\"@id\":\"https:\\\/\\\/zeromagazine.mx\\\/#\\\/schema\\\/logo\\\/image\\\/\"},\"sameAs\":[\"https:\\\/\\\/instagram.com\\\/zeromagazinemx\"]},{\"@type\":\"Person\",\"@id\":\"https:\\\/\\\/zeromagazine.mx\\\/#\\\/schema\\\/person\\\/9aed9f33a7c39af3a348b86d723f7773\",\"name\":\"zeromagazinemx\",\"image\":{\"@type\":\"ImageObject\",\"inLanguage\":\"es\",\"@id\":\"https:\\\/\\\/zeromagazine.mx\\\/wp-content\\\/litespeed\\\/avatar\\\/f91dfe5410d5dcb1a576bf8c45983896.jpg?ver=1777571230\",\"url\":\"https:\\\/\\\/zeromagazine.mx\\\/wp-content\\\/litespeed\\\/avatar\\\/f91dfe5410d5dcb1a576bf8c45983896.jpg?ver=1777571230\",\"contentUrl\":\"https:\\\/\\\/zeromagazine.mx\\\/wp-content\\\/litespeed\\\/avatar\\\/f91dfe5410d5dcb1a576bf8c45983896.jpg?ver=1777571230\",\"caption\":\"zeromagazinemx\"},\"url\":\"https:\\\/\\\/zeromagazine.mx\\\/index.php\\\/author\\\/zeromagazinemx\\\/\"}]}<\/script>\n<!-- \/ Yoast SEO plugin. -->","yoast_head_json":{"title":"ZEGNA Monterrey: el nuevo lujo con alma italiana - Zero Magazine","description":"ZEGNA Monterrey redefine el lujo moderno con su nueva tienda: elegancia italiana, dise\u00f1o minimalista y estilo sin esfuerzo.","robots":{"index":"index","follow":"follow","max-snippet":"max-snippet:-1","max-image-preview":"max-image-preview:large","max-video-preview":"max-video-preview:-1"},"canonical":"https:\/\/zeromagazine.mx\/index.php\/2025\/11\/03\/zegna-monterrey-reapertura-lujo\/","og_locale":"es_ES","og_type":"article","og_title":"ZEGNA Monterrey: el nuevo lujo con alma italiana - Zero Magazine","og_description":"ZEGNA Monterrey redefine el lujo moderno con su nueva tienda: elegancia italiana, dise\u00f1o minimalista y estilo sin esfuerzo.","og_url":"https:\/\/zeromagazine.mx\/index.php\/2025\/11\/03\/zegna-monterrey-reapertura-lujo\/","og_site_name":"Zero Magazine","article_published_time":"2025-11-03T20:37:14+00:00","article_modified_time":"2025-11-03T20:37:16+00:00","og_image":[{"width":1707,"height":2560,"url":"http:\/\/zeromagazine.mx\/wp-content\/uploads\/2025\/11\/1000038785-1-scaled.jpg","type":"image\/jpeg"}],"author":"zeromagazinemx","twitter_card":"summary_large_image","twitter_misc":{"Escrito por":"zeromagazinemx","Tiempo de lectura":"3 minutos"},"schema":{"@context":"https:\/\/schema.org","@graph":[{"@type":"Article","@id":"https:\/\/zeromagazine.mx\/index.php\/2025\/11\/03\/zegna-monterrey-reapertura-lujo\/#article","isPartOf":{"@id":"https:\/\/zeromagazine.mx\/index.php\/2025\/11\/03\/zegna-monterrey-reapertura-lujo\/"},"author":{"name":"zeromagazinemx","@id":"https:\/\/zeromagazine.mx\/#\/schema\/person\/9aed9f33a7c39af3a348b86d723f7773"},"headline":"ZEGNA Monterrey: el nuevo lujo con alma italiana","datePublished":"2025-11-03T20:37:14+00:00","dateModified":"2025-11-03T20:37:16+00:00","mainEntityOfPage":{"@id":"https:\/\/zeromagazine.mx\/index.php\/2025\/11\/03\/zegna-monterrey-reapertura-lujo\/"},"wordCount":427,"commentCount":0,"publisher":{"@id":"https:\/\/zeromagazine.mx\/#organization"},"image":{"@id":"https:\/\/zeromagazine.mx\/index.php\/2025\/11\/03\/zegna-monterrey-reapertura-lujo\/#primaryimage"},"thumbnailUrl":"https:\/\/i0.wp.com\/zeromagazine.mx\/wp-content\/uploads\/2025\/11\/1000038785-1-scaled.jpg?fit=1707%2C2560&ssl=1","articleSection":["Moda"],"inLanguage":"es","potentialAction":[{"@type":"CommentAction","name":"Comment","target":["https:\/\/zeromagazine.mx\/index.php\/2025\/11\/03\/zegna-monterrey-reapertura-lujo\/#respond"]}]},{"@type":"WebPage","@id":"https:\/\/zeromagazine.mx\/index.php\/2025\/11\/03\/zegna-monterrey-reapertura-lujo\/","url":"https:\/\/zeromagazine.mx\/index.php\/2025\/11\/03\/zegna-monterrey-reapertura-lujo\/","name":"ZEGNA Monterrey: el nuevo lujo con alma italiana - Zero Magazine","isPartOf":{"@id":"https:\/\/zeromagazine.mx\/#website"},"primaryImageOfPage":{"@id":"https:\/\/zeromagazine.mx\/index.php\/2025\/11\/03\/zegna-monterrey-reapertura-lujo\/#primaryimage"},"image":{"@id":"https:\/\/zeromagazine.mx\/index.php\/2025\/11\/03\/zegna-monterrey-reapertura-lujo\/#primaryimage"},"thumbnailUrl":"https:\/\/i0.wp.com\/zeromagazine.mx\/wp-content\/uploads\/2025\/11\/1000038785-1-scaled.jpg?fit=1707%2C2560&ssl=1","datePublished":"2025-11-03T20:37:14+00:00","dateModified":"2025-11-03T20:37:16+00:00","description":"ZEGNA Monterrey redefine el lujo moderno con su nueva tienda: elegancia italiana, dise\u00f1o minimalista y estilo sin esfuerzo.","breadcrumb":{"@id":"https:\/\/zeromagazine.mx\/index.php\/2025\/11\/03\/zegna-monterrey-reapertura-lujo\/#breadcrumb"},"inLanguage":"es","potentialAction":[{"@type":"ReadAction","target":["https:\/\/zeromagazine.mx\/index.php\/2025\/11\/03\/zegna-monterrey-reapertura-lujo\/"]}]},{"@type":"ImageObject","inLanguage":"es","@id":"https:\/\/zeromagazine.mx\/index.php\/2025\/11\/03\/zegna-monterrey-reapertura-lujo\/#primaryimage","url":"https:\/\/i0.wp.com\/zeromagazine.mx\/wp-content\/uploads\/2025\/11\/1000038785-1-scaled.jpg?fit=1707%2C2560&ssl=1","contentUrl":"https:\/\/i0.wp.com\/zeromagazine.mx\/wp-content\/uploads\/2025\/11\/1000038785-1-scaled.jpg?fit=1707%2C2560&ssl=1","width":1707,"height":2560},{"@type":"BreadcrumbList","@id":"https:\/\/zeromagazine.mx\/index.php\/2025\/11\/03\/zegna-monterrey-reapertura-lujo\/#breadcrumb","itemListElement":[{"@type":"ListItem","position":1,"name":"Portada","item":"https:\/\/zeromagazine.mx\/"},{"@type":"ListItem","position":2,"name":"ZEGNA Monterrey: el nuevo lujo con alma italiana"}]},{"@type":"WebSite","@id":"https:\/\/zeromagazine.mx\/#website","url":"https:\/\/zeromagazine.mx\/","name":"Zero Magazine","description":"","publisher":{"@id":"https:\/\/zeromagazine.mx\/#organization"},"potentialAction":[{"@type":"SearchAction","target":{"@type":"EntryPoint","urlTemplate":"https:\/\/zeromagazine.mx\/?s={search_term_string}"},"query-input":{"@type":"PropertyValueSpecification","valueRequired":true,"valueName":"search_term_string"}}],"inLanguage":"es"},{"@type":"Organization","@id":"https:\/\/zeromagazine.mx\/#organization","name":"Zero Magazine","url":"https:\/\/zeromagazine.mx\/","logo":{"@type":"ImageObject","inLanguage":"es","@id":"https:\/\/zeromagazine.mx\/#\/schema\/logo\/image\/","url":"https:\/\/i0.wp.com\/zeromagazine.mx\/wp-content\/uploads\/2025\/11\/1.jpeg?fit=1000%2C1000&ssl=1","contentUrl":"https:\/\/i0.wp.com\/zeromagazine.mx\/wp-content\/uploads\/2025\/11\/1.jpeg?fit=1000%2C1000&ssl=1","width":1000,"height":1000,"caption":"Zero Magazine"},"image":{"@id":"https:\/\/zeromagazine.mx\/#\/schema\/logo\/image\/"},"sameAs":["https:\/\/instagram.com\/zeromagazinemx"]},{"@type":"Person","@id":"https:\/\/zeromagazine.mx\/#\/schema\/person\/9aed9f33a7c39af3a348b86d723f7773","name":"zeromagazinemx","image":{"@type":"ImageObject","inLanguage":"es","@id":"https:\/\/zeromagazine.mx\/wp-content\/litespeed\/avatar\/f91dfe5410d5dcb1a576bf8c45983896.jpg?ver=1777571230","url":"https:\/\/zeromagazine.mx\/wp-content\/litespeed\/avatar\/f91dfe5410d5dcb1a576bf8c45983896.jpg?ver=1777571230","contentUrl":"https:\/\/zeromagazine.mx\/wp-content\/litespeed\/avatar\/f91dfe5410d5dcb1a576bf8c45983896.jpg?ver=1777571230","caption":"zeromagazinemx"},"url":"https:\/\/zeromagazine.mx\/index.php\/author\/zeromagazinemx\/"}]}},"jetpack_publicize_connections":[],"jetpack_featured_media_url":"https:\/\/i0.wp.com\/zeromagazine.mx\/wp-content\/uploads\/2025\/11\/1000038785-1-scaled.jpg?fit=1707%2C2560&ssl=1","jetpack-related-posts":[{"id":83682,"url":"https:\/\/zeromagazine.mx\/index.php\/2024\/09\/11\/villa-zegna-nycs-fashion-immersion\/","url_meta":{"origin":109966,"position":0},"title":"VILLA ZEGNA: NYC\u2019s Fashion Immersion","author":"zeromagazinemx","date":"11 de septiembre de 2024","format":false,"excerpt":"\u00a1Holaaa Fashionistas! Si est\u00e1n buscando la \u00faltima novedad en el mundo del lujo y la moda, prep\u00e1rense para lo que ZEGNA est\u00e1 lanzando en la Gran Manzana. La ic\u00f3nica marca de moda italiana est\u00e1 llevando su experiencia \u201cVILLA ZEGNA\u201d a Nueva York, y cr\u00e9anme, no querr\u00e1n perderse esto. \u00bfListxs para\u2026","rel":"","context":"En \u00abEntretenimiento\u00bb","block_context":{"text":"Entretenimiento","link":"https:\/\/zeromagazine.mx\/index.php\/category\/entretenimiento\/"},"img":{"alt_text":"","src":"https:\/\/i0.wp.com\/zeromagazine.mx\/wp-content\/uploads\/2024\/09\/VILLA-ZEGNA-NYC_ELEVATOR.jpg?fit=1200%2C675&ssl=1&resize=350%2C200","width":350,"height":200,"srcset":"https:\/\/i0.wp.com\/zeromagazine.mx\/wp-content\/uploads\/2024\/09\/VILLA-ZEGNA-NYC_ELEVATOR.jpg?fit=1200%2C675&ssl=1&resize=350%2C200 1x, https:\/\/i0.wp.com\/zeromagazine.mx\/wp-content\/uploads\/2024\/09\/VILLA-ZEGNA-NYC_ELEVATOR.jpg?fit=1200%2C675&ssl=1&resize=525%2C300 1.5x, https:\/\/i0.wp.com\/zeromagazine.mx\/wp-content\/uploads\/2024\/09\/VILLA-ZEGNA-NYC_ELEVATOR.jpg?fit=1200%2C675&ssl=1&resize=700%2C400 2x, https:\/\/i0.wp.com\/zeromagazine.mx\/wp-content\/uploads\/2024\/09\/VILLA-ZEGNA-NYC_ELEVATOR.jpg?fit=1200%2C675&ssl=1&resize=1050%2C600 3x"},"classes":[]},{"id":93106,"url":"https:\/\/zeromagazine.mx\/index.php\/2024\/12\/13\/zegna-pequenos-lujos\/","url_meta":{"origin":109966,"position":1},"title":"Zegna Peque\u00f1os Lujos","author":"zeromagazinemx","date":"13 de diciembre de 2024","format":false,"excerpt":"Peque\u00f1os Lujos Zegna Amix, peque\u00f1os lujos Zegna tiene para ti La temporada de fiestas siempre est\u00e1 llena de magia, pero lo que realmente marca la diferencia son esos peque\u00f1os detalles que hacen que todo se sienta m\u00e1s especial. Este a\u00f1o, Zegna ha lanzado una selecci\u00f3n exclusiva de\u00a0Peque\u00f1os Lujos, dise\u00f1ados para\u2026","rel":"","context":"En \u00abModa\u00bb","block_context":{"text":"Moda","link":"https:\/\/zeromagazine.mx\/index.php\/category\/moda\/"},"img":{"alt_text":"","src":"https:\/\/i0.wp.com\/zeromagazine.mx\/wp-content\/uploads\/2024\/12\/EZ0252-5147E-F.jpg?fit=900%2C1200&ssl=1&resize=350%2C200","width":350,"height":200,"srcset":"https:\/\/i0.wp.com\/zeromagazine.mx\/wp-content\/uploads\/2024\/12\/EZ0252-5147E-F.jpg?fit=900%2C1200&ssl=1&resize=350%2C200 1x, https:\/\/i0.wp.com\/zeromagazine.mx\/wp-content\/uploads\/2024\/12\/EZ0252-5147E-F.jpg?fit=900%2C1200&ssl=1&resize=525%2C300 1.5x, https:\/\/i0.wp.com\/zeromagazine.mx\/wp-content\/uploads\/2024\/12\/EZ0252-5147E-F.jpg?fit=900%2C1200&ssl=1&resize=700%2C400 2x"},"classes":[]},{"id":83247,"url":"https:\/\/zeromagazine.mx\/index.php\/2024\/09\/05\/lujo-invernal-con-zegna-vibes\/","url_meta":{"origin":109966,"position":2},"title":"\u00abLujo Invernal con ZEGNA Vibes\u00bb","author":"zeromagazinemx","date":"5 de septiembre de 2024","format":false,"excerpt":"\u00a1Hola a tod@s! D\u00e9jame contarte un poco sobre la moda masculina m\u00e1s incre\u00edble del momento.\u00a0ZEGNA FW24\u00a0no es solo otra colecci\u00f3n; es un viaje hacia las ra\u00edces de la marca, donde\u00a0Mads Mikkelsen\u00a0y\u00a0Wu Lei\u00a0te llevan de paseo por\u00a0Oasi Zegna, el coraz\u00f3n de todo lo que representa este ic\u00f3nico nombre en la moda\u2026","rel":"","context":"En \u00abModa\u00bb","block_context":{"text":"Moda","link":"https:\/\/zeromagazine.mx\/index.php\/category\/moda\/"},"img":{"alt_text":"","src":"https:\/\/i0.wp.com\/zeromagazine.mx\/wp-content\/uploads\/2024\/09\/ZEGNA-HERO-6_ADV-CAMPAIGN_WU-LEI.jpg?fit=1200%2C838&ssl=1&resize=350%2C200","width":350,"height":200,"srcset":"https:\/\/i0.wp.com\/zeromagazine.mx\/wp-content\/uploads\/2024\/09\/ZEGNA-HERO-6_ADV-CAMPAIGN_WU-LEI.jpg?fit=1200%2C838&ssl=1&resize=350%2C200 1x, https:\/\/i0.wp.com\/zeromagazine.mx\/wp-content\/uploads\/2024\/09\/ZEGNA-HERO-6_ADV-CAMPAIGN_WU-LEI.jpg?fit=1200%2C838&ssl=1&resize=525%2C300 1.5x, https:\/\/i0.wp.com\/zeromagazine.mx\/wp-content\/uploads\/2024\/09\/ZEGNA-HERO-6_ADV-CAMPAIGN_WU-LEI.jpg?fit=1200%2C838&ssl=1&resize=700%2C400 2x, https:\/\/i0.wp.com\/zeromagazine.mx\/wp-content\/uploads\/2024\/09\/ZEGNA-HERO-6_ADV-CAMPAIGN_WU-LEI.jpg?fit=1200%2C838&ssl=1&resize=1050%2C600 3x"},"classes":[]},{"id":98820,"url":"https:\/\/zeromagazine.mx\/index.php\/2025\/03\/18\/primavera-al-estilo-zegna\/","url_meta":{"origin":109966,"position":3},"title":"Primavera Al Estilo ZEGNA","author":"David Morales","date":"18 de marzo de 2025","format":false,"excerpt":"Amix, ZEGNA nos traer una moda de primavera que redefine lo cl\u00e1sico sin perder sofisticaci\u00f3n; pues la marca celebra la temporada con una nueva colecci\u00f3n, compuesta por prendas artesanales que capturan la esencia del lujo discreto. As\u00ed que, si buscas un estilo que nunca falla con piezas atemporales y vers\u00e1tiles,\u2026","rel":"","context":"En \u00abModa\u00bb","block_context":{"text":"Moda","link":"https:\/\/zeromagazine.mx\/index.php\/category\/moda\/"},"img":{"alt_text":"","src":"https:\/\/i0.wp.com\/zeromagazine.mx\/wp-content\/uploads\/2025\/03\/UFH92A9-143-100-D.jpg?fit=900%2C1200&ssl=1&resize=350%2C200","width":350,"height":200,"srcset":"https:\/\/i0.wp.com\/zeromagazine.mx\/wp-content\/uploads\/2025\/03\/UFH92A9-143-100-D.jpg?fit=900%2C1200&ssl=1&resize=350%2C200 1x, https:\/\/i0.wp.com\/zeromagazine.mx\/wp-content\/uploads\/2025\/03\/UFH92A9-143-100-D.jpg?fit=900%2C1200&ssl=1&resize=525%2C300 1.5x, https:\/\/i0.wp.com\/zeromagazine.mx\/wp-content\/uploads\/2025\/03\/UFH92A9-143-100-D.jpg?fit=900%2C1200&ssl=1&resize=700%2C400 2x"},"classes":[]},{"id":95822,"url":"https:\/\/zeromagazine.mx\/index.php\/2025\/02\/09\/zegna-elegancia-monocromatica\/","url_meta":{"origin":109966,"position":4},"title":"ZEGNA: Elegancia monocrom\u00e1tica","author":"David Morales","date":"9 de febrero de 2025","format":false,"excerpt":"Alessandro Sartori lo hizo de nuevo, amix. Para la temporada Fall\/Winter 2025, el director creativo de ZEGNA nos regala una propuesta que equilibra lo cl\u00e1sico con lo inesperado. Su visi\u00f3n monocrom\u00e1tica no es solo una elecci\u00f3n est\u00e9tica, sino una declaraci\u00f3n de estilo que redefine la elegancia contempor\u00e1nea. Minimalismo ZEGNA Para\u2026","rel":"","context":"En \u00abModa\u00bb","block_context":{"text":"Moda","link":"https:\/\/zeromagazine.mx\/index.php\/category\/moda\/"},"img":{"alt_text":"","src":"https:\/\/i0.wp.com\/zeromagazine.mx\/wp-content\/uploads\/2025\/02\/Zegna-Winter-25-Look-08.jpg?fit=960%2C1200&ssl=1&resize=350%2C200","width":350,"height":200,"srcset":"https:\/\/i0.wp.com\/zeromagazine.mx\/wp-content\/uploads\/2025\/02\/Zegna-Winter-25-Look-08.jpg?fit=960%2C1200&ssl=1&resize=350%2C200 1x, https:\/\/i0.wp.com\/zeromagazine.mx\/wp-content\/uploads\/2025\/02\/Zegna-Winter-25-Look-08.jpg?fit=960%2C1200&ssl=1&resize=525%2C300 1.5x, https:\/\/i0.wp.com\/zeromagazine.mx\/wp-content\/uploads\/2025\/02\/Zegna-Winter-25-Look-08.jpg?fit=960%2C1200&ssl=1&resize=700%2C400 2x"},"classes":[]},{"id":113881,"url":"https:\/\/zeromagazine.mx\/index.php\/2026\/01\/22\/zegna-winter-26-estilo-celebridades\/","url_meta":{"origin":109966,"position":5},"title":"ZEGNA Winter 26 redefine elegancia","author":"Luis Trujano","date":"22 de enero de 2026","format":false,"excerpt":"Si algo dej\u00f3 claro ZEGNA Winter 26, es que la elegancia ya no se trata de rigidez ni de reglas imposibles de seguir. Hoy el lujo se siente, se mueve y se vive con intenci\u00f3n. La presentaci\u00f3n de la colecci\u00f3n fue mucho m\u00e1s que una pasarela: fue un statement cultural\u2026","rel":"","context":"En \u00abModa\u00bb","block_context":{"text":"Moda","link":"https:\/\/zeromagazine.mx\/index.php\/category\/moda\/"},"img":{"alt_text":"","src":"https:\/\/i0.wp.com\/zeromagazine.mx\/wp-content\/uploads\/2026\/01\/IMG_6351.png?fit=1200%2C795&ssl=1&resize=350%2C200","width":350,"height":200,"srcset":"https:\/\/i0.wp.com\/zeromagazine.mx\/wp-content\/uploads\/2026\/01\/IMG_6351.png?fit=1200%2C795&ssl=1&resize=350%2C200 1x, https:\/\/i0.wp.com\/zeromagazine.mx\/wp-content\/uploads\/2026\/01\/IMG_6351.png?fit=1200%2C795&ssl=1&resize=525%2C300 1.5x, https:\/\/i0.wp.com\/zeromagazine.mx\/wp-content\/uploads\/2026\/01\/IMG_6351.png?fit=1200%2C795&ssl=1&resize=700%2C400 2x, https:\/\/i0.wp.com\/zeromagazine.mx\/wp-content\/uploads\/2026\/01\/IMG_6351.png?fit=1200%2C795&ssl=1&resize=1050%2C600 3x"},"classes":[]}],"jetpack_sharing_enabled":true,"builder_content":"","_links":{"self":[{"href":"https:\/\/zeromagazine.mx\/index.php\/wp-json\/wp\/v2\/posts\/109966","targetHints":{"allow":["GET"]}}],"collection":[{"href":"https:\/\/zeromagazine.mx\/index.php\/wp-json\/wp\/v2\/posts"}],"about":[{"href":"https:\/\/zeromagazine.mx\/index.php\/wp-json\/wp\/v2\/types\/post"}],"author":[{"embeddable":true,"href":"https:\/\/zeromagazine.mx\/index.php\/wp-json\/wp\/v2\/users\/2"}],"replies":[{"embeddable":true,"href":"https:\/\/zeromagazine.mx\/index.php\/wp-json\/wp\/v2\/comments?post=109966"}],"version-history":[{"count":3,"href":"https:\/\/zeromagazine.mx\/index.php\/wp-json\/wp\/v2\/posts\/109966\/revisions"}],"predecessor-version":[{"id":109974,"href":"https:\/\/zeromagazine.mx\/index.php\/wp-json\/wp\/v2\/posts\/109966\/revisions\/109974"}],"wp:featuredmedia":[{"embeddable":true,"href":"https:\/\/zeromagazine.mx\/index.php\/wp-json\/wp\/v2\/media\/109968"}],"wp:attachment":[{"href":"https:\/\/zeromagazine.mx\/index.php\/wp-json\/wp\/v2\/media?parent=109966"}],"wp:term":[{"taxonomy":"category","embeddable":true,"href":"https:\/\/zeromagazine.mx\/index.php\/wp-json\/wp\/v2\/categories?post=109966"},{"taxonomy":"post_tag","embeddable":true,"href":"https:\/\/zeromagazine.mx\/index.php\/wp-json\/wp\/v2\/tags?post=109966"}],"curies":[{"name":"wp","href":"https:\/\/api.w.org\/{rel}","templated":true}]}}