{"id":110031,"date":"2025-11-04T08:30:15","date_gmt":"2025-11-04T14:30:15","guid":{"rendered":"https:\/\/zeromagazine.mx\/?p=110031"},"modified":"2025-11-04T08:30:17","modified_gmt":"2025-11-04T14:30:17","slug":"vestidos-otono-invierno-como-llevarlos","status":"publish","type":"post","link":"https:\/\/zeromagazine.mx\/index.php\/2025\/11\/04\/vestidos-otono-invierno-como-llevarlos\/","title":{"rendered":"Vestidos oto\u00f1o invierno: c\u00f3mo llevarlos"},"content":{"rendered":"<!--themify_builder_content-->\n<div id=\"themify_builder_content-110031\" data-postid=\"110031\" class=\"themify_builder_content themify_builder_content-110031 themify_builder tf_clear\">\n    <\/div>\n<!--\/themify_builder_content-->\n\n\n<p>Qu\u00edtate la idea de que los vestidos son solo para primavera. Este a\u00f1o, los vestidos oto\u00f1o invierno se roban el spotlight y demuestran que el estilo no tiene temporada. Las pasarelas lo anticiparon y las calles lo confirmaron: combinar un buen vestido con el calzado correcto puede transformar por completo tu look y darte ese vibe effortlessly cool que todas buscamos.<\/p>\n\n\n\n<figure class=\"wp-block-image size-full\"><img data-recalc-dims=\"1\" decoding=\"async\" width=\"722\" height=\"1292\" src=\"https:\/\/i0.wp.com\/zeromagazine.mx\/wp-content\/uploads\/2025\/11\/IMG_5760.png?resize=722%2C1292&#038;ssl=1\" alt=\"\" class=\"wp-image-110032\" srcset=\"https:\/\/i0.wp.com\/zeromagazine.mx\/wp-content\/uploads\/2025\/11\/IMG_5760.png?w=722&amp;ssl=1 722w, https:\/\/i0.wp.com\/zeromagazine.mx\/wp-content\/uploads\/2025\/11\/IMG_5760.png?resize=168%2C300&amp;ssl=1 168w, https:\/\/i0.wp.com\/zeromagazine.mx\/wp-content\/uploads\/2025\/11\/IMG_5760.png?resize=572%2C1024&amp;ssl=1 572w\" sizes=\"(max-width: 722px) 100vw, 722px\" \/><\/figure>\n\n\n\n<p><strong>Vestidos oto\u00f1o invierno: el match perfecto con botas<\/strong><\/p>\n\n\n\n<p>De entrada, no hay nada m\u00e1s poderoso que un vestido su\u00e9ter con unas botas altas. El combo crea un efecto visual de piernas infinitas y al mismo tiempo mantiene ese aire cozy que tanto amamos en los meses fr\u00edos. Adem\u00e1s, puedes elevar el look con medias opacas o agregar un toque de color con accesorios met\u00e1licos.<\/p>\n\n\n\n<p>Por otro lado, los botines chunky llegan con fuerza esta temporada. Su est\u00e9tica robusta y urbana es el contraste perfecto para vestidos satinados, slips o camiseros oversize. Este mix entre lo rom\u00e1ntico y lo rudo es justo lo que hace que los vestidos oto\u00f1o invierno se sientan actuales y con car\u00e1cter.<\/p>\n\n\n\n<p>Y si hablamos de estilo con personalidad, las cowgirl boots son la nueva obsesi\u00f3n. Desde TikTok hasta las pasarelas de Mil\u00e1n, todo el mundo las lleva. Aportan ese aire desenfadado y libre que hace que cualquier vestido boho o estampado se vea instant\u00e1neamente m\u00e1s cool.<\/p>\n\n\n\n<figure class=\"wp-block-image size-full\"><img data-recalc-dims=\"1\" decoding=\"async\" width=\"708\" height=\"1192\" src=\"https:\/\/i0.wp.com\/zeromagazine.mx\/wp-content\/uploads\/2025\/11\/IMG_5759.png?resize=708%2C1192&#038;ssl=1\" alt=\"\" class=\"wp-image-110033\" srcset=\"https:\/\/i0.wp.com\/zeromagazine.mx\/wp-content\/uploads\/2025\/11\/IMG_5759.png?w=708&amp;ssl=1 708w, https:\/\/i0.wp.com\/zeromagazine.mx\/wp-content\/uploads\/2025\/11\/IMG_5759.png?resize=178%2C300&amp;ssl=1 178w, https:\/\/i0.wp.com\/zeromagazine.mx\/wp-content\/uploads\/2025\/11\/IMG_5759.png?resize=608%2C1024&amp;ssl=1 608w\" sizes=\"(max-width: 708px) 100vw, 708px\" \/><\/figure>\n\n\n\n<p><strong>Vestidos oto\u00f1o invierno: el toque final con botines cl\u00e1sicos<\/strong><\/p>\n\n\n\n<p>Adem\u00e1s, los botines cl\u00e1sicos son ese comod\u00edn que nunca falla. Con vestidos midi, wrap o monocrom\u00e1ticos, aportan elegancia sin complicaciones. Si apuestas por tacones cuadrados o suelas robustas, el resultado ser\u00e1 un outfit c\u00f3modo, pero sofisticado, perfecto para todo el d\u00eda.<\/p>\n\n\n\n<p>Por si fuera poco, el secreto para lograr que tus vestidos oto\u00f1o invierno luzcan caros (sin gastar de m\u00e1s) est\u00e1 en los materiales y los tonos. Elige gamuza, cuero o punto grueso en tonos neutros como beige, vino o negro. Complementa con piezas de calidad \u2014como las botas y botines de Michel Domit\u2014 y tendr\u00e1s un look que grita \u201ctendencia\u201d con cero esfuerzo.<\/p>\n\n\n\n<figure class=\"wp-block-image size-full\"><img data-recalc-dims=\"1\" decoding=\"async\" width=\"664\" height=\"1330\" src=\"https:\/\/i0.wp.com\/zeromagazine.mx\/wp-content\/uploads\/2025\/11\/IMG_5761.png?resize=664%2C1330&#038;ssl=1\" alt=\"\" class=\"wp-image-110035\" srcset=\"https:\/\/i0.wp.com\/zeromagazine.mx\/wp-content\/uploads\/2025\/11\/IMG_5761.png?w=664&amp;ssl=1 664w, https:\/\/i0.wp.com\/zeromagazine.mx\/wp-content\/uploads\/2025\/11\/IMG_5761.png?resize=150%2C300&amp;ssl=1 150w, https:\/\/i0.wp.com\/zeromagazine.mx\/wp-content\/uploads\/2025\/11\/IMG_5761.png?resize=511%2C1024&amp;ssl=1 511w\" sizes=\"(max-width: 664px) 100vw, 664px\" \/><\/figure>\n\n\n\n<p>Finalmente, la clave est\u00e1 en experimentar. Juega con texturas, superposiciones y contrastes. Porque los vestidos oto\u00f1o invierno no solo son una prenda: son una forma de expresi\u00f3n. Este a\u00f1o, se trata de usar lo que te haga sentir fuerte, c\u00f3moda y aut\u00e9ntica. Y s\u00ed, todo empieza con el par de botas correcto.<\/p>","protected":false},"excerpt":{"rendered":"<p>Qu\u00edtate la idea de que los vestidos son solo para primavera. Este a\u00f1o, los vestidos oto\u00f1o invierno se roban el spotlight y demuestran que el estilo no tiene temporada. Las pasarelas lo anticiparon y las calles lo confirmaron: combinar un buen vestido con el calzado correcto puede transformar por completo tu look y darte ese [&hellip;]<\/p>\n","protected":false},"author":6,"featured_media":110035,"comment_status":"open","ping_status":"open","sticky":false,"template":"","format":"standard","meta":{"_jetpack_memberships_contains_paid_content":false,"footnotes":"","jetpack_publicize_message":"","jetpack_publicize_feature_enabled":true,"jetpack_social_post_already_shared":true,"jetpack_social_options":{"image_generator_settings":{"template":"highway","default_image_id":0,"font":"","enabled":false},"version":2}},"categories":[67],"tags":[],"class_list":["post-110031","post","type-post","status-publish","format-standard","has-post-thumbnail","hentry","category-moda","has-post-title","has-post-date","has-post-category","has-post-tag","has-post-comment","has-post-author",""],"yoast_head":"<!-- This site is optimized with the Yoast SEO plugin v27.5 - https:\/\/yoast.com\/product\/yoast-seo-wordpress\/ -->\n<title>Vestidos oto\u00f1o invierno: c\u00f3mo llevarlos - Zero Magazine<\/title>\n<meta name=\"description\" content=\"Descubre c\u00f3mo combinar los vestidos oto\u00f1o invierno con el calzado ideal para lograr looks con actitud y estilo.\" \/>\n<meta name=\"robots\" content=\"index, follow, max-snippet:-1, max-image-preview:large, max-video-preview:-1\" \/>\n<link rel=\"canonical\" href=\"https:\/\/zeromagazine.mx\/index.php\/2025\/11\/04\/vestidos-otono-invierno-como-llevarlos\/\" \/>\n<meta property=\"og:locale\" content=\"es_ES\" \/>\n<meta property=\"og:type\" content=\"article\" \/>\n<meta property=\"og:title\" content=\"Vestidos oto\u00f1o invierno: c\u00f3mo llevarlos - Zero Magazine\" \/>\n<meta property=\"og:description\" content=\"Descubre c\u00f3mo combinar los vestidos oto\u00f1o invierno con el calzado ideal para lograr looks con actitud y estilo.\" \/>\n<meta property=\"og:url\" content=\"https:\/\/zeromagazine.mx\/index.php\/2025\/11\/04\/vestidos-otono-invierno-como-llevarlos\/\" \/>\n<meta property=\"og:site_name\" content=\"Zero Magazine\" \/>\n<meta property=\"article:published_time\" content=\"2025-11-04T14:30:15+00:00\" \/>\n<meta property=\"article:modified_time\" content=\"2025-11-04T14:30:17+00:00\" \/>\n<meta property=\"og:image\" content=\"http:\/\/zeromagazine.mx\/wp-content\/uploads\/2025\/11\/IMG_5761.png\" \/>\n\t<meta property=\"og:image:width\" content=\"664\" \/>\n\t<meta property=\"og:image:height\" content=\"1330\" \/>\n\t<meta property=\"og:image:type\" content=\"image\/png\" \/>\n<meta name=\"author\" content=\"Luis Trujano\" \/>\n<meta name=\"twitter:card\" content=\"summary_large_image\" \/>\n<meta name=\"twitter:label1\" content=\"Escrito por\" \/>\n\t<meta name=\"twitter:data1\" content=\"Luis Trujano\" \/>\n\t<meta name=\"twitter:label2\" content=\"Tiempo de lectura\" \/>\n\t<meta name=\"twitter:data2\" content=\"3 minutos\" \/>\n<script type=\"application\/ld+json\" class=\"yoast-schema-graph\">{\"@context\":\"https:\\\/\\\/schema.org\",\"@graph\":[{\"@type\":\"Article\",\"@id\":\"https:\\\/\\\/zeromagazine.mx\\\/index.php\\\/2025\\\/11\\\/04\\\/vestidos-otono-invierno-como-llevarlos\\\/#article\",\"isPartOf\":{\"@id\":\"https:\\\/\\\/zeromagazine.mx\\\/index.php\\\/2025\\\/11\\\/04\\\/vestidos-otono-invierno-como-llevarlos\\\/\"},\"author\":{\"name\":\"Luis Trujano\",\"@id\":\"https:\\\/\\\/zeromagazine.mx\\\/#\\\/schema\\\/person\\\/118d2dc27eca6f07b968c953d12daa6b\"},\"headline\":\"Vestidos oto\u00f1o invierno: c\u00f3mo llevarlos\",\"datePublished\":\"2025-11-04T14:30:15+00:00\",\"dateModified\":\"2025-11-04T14:30:17+00:00\",\"mainEntityOfPage\":{\"@id\":\"https:\\\/\\\/zeromagazine.mx\\\/index.php\\\/2025\\\/11\\\/04\\\/vestidos-otono-invierno-como-llevarlos\\\/\"},\"wordCount\":426,\"commentCount\":0,\"publisher\":{\"@id\":\"https:\\\/\\\/zeromagazine.mx\\\/#organization\"},\"image\":{\"@id\":\"https:\\\/\\\/zeromagazine.mx\\\/index.php\\\/2025\\\/11\\\/04\\\/vestidos-otono-invierno-como-llevarlos\\\/#primaryimage\"},\"thumbnailUrl\":\"https:\\\/\\\/i0.wp.com\\\/zeromagazine.mx\\\/wp-content\\\/uploads\\\/2025\\\/11\\\/IMG_5761.png?fit=664%2C1330&ssl=1\",\"articleSection\":[\"Moda\"],\"inLanguage\":\"es\",\"potentialAction\":[{\"@type\":\"CommentAction\",\"name\":\"Comment\",\"target\":[\"https:\\\/\\\/zeromagazine.mx\\\/index.php\\\/2025\\\/11\\\/04\\\/vestidos-otono-invierno-como-llevarlos\\\/#respond\"]}]},{\"@type\":\"WebPage\",\"@id\":\"https:\\\/\\\/zeromagazine.mx\\\/index.php\\\/2025\\\/11\\\/04\\\/vestidos-otono-invierno-como-llevarlos\\\/\",\"url\":\"https:\\\/\\\/zeromagazine.mx\\\/index.php\\\/2025\\\/11\\\/04\\\/vestidos-otono-invierno-como-llevarlos\\\/\",\"name\":\"Vestidos oto\u00f1o invierno: c\u00f3mo llevarlos - Zero Magazine\",\"isPartOf\":{\"@id\":\"https:\\\/\\\/zeromagazine.mx\\\/#website\"},\"primaryImageOfPage\":{\"@id\":\"https:\\\/\\\/zeromagazine.mx\\\/index.php\\\/2025\\\/11\\\/04\\\/vestidos-otono-invierno-como-llevarlos\\\/#primaryimage\"},\"image\":{\"@id\":\"https:\\\/\\\/zeromagazine.mx\\\/index.php\\\/2025\\\/11\\\/04\\\/vestidos-otono-invierno-como-llevarlos\\\/#primaryimage\"},\"thumbnailUrl\":\"https:\\\/\\\/i0.wp.com\\\/zeromagazine.mx\\\/wp-content\\\/uploads\\\/2025\\\/11\\\/IMG_5761.png?fit=664%2C1330&ssl=1\",\"datePublished\":\"2025-11-04T14:30:15+00:00\",\"dateModified\":\"2025-11-04T14:30:17+00:00\",\"description\":\"Descubre c\u00f3mo combinar los vestidos oto\u00f1o invierno con el calzado ideal para lograr looks con actitud y estilo.\",\"breadcrumb\":{\"@id\":\"https:\\\/\\\/zeromagazine.mx\\\/index.php\\\/2025\\\/11\\\/04\\\/vestidos-otono-invierno-como-llevarlos\\\/#breadcrumb\"},\"inLanguage\":\"es\",\"potentialAction\":[{\"@type\":\"ReadAction\",\"target\":[\"https:\\\/\\\/zeromagazine.mx\\\/index.php\\\/2025\\\/11\\\/04\\\/vestidos-otono-invierno-como-llevarlos\\\/\"]}]},{\"@type\":\"ImageObject\",\"inLanguage\":\"es\",\"@id\":\"https:\\\/\\\/zeromagazine.mx\\\/index.php\\\/2025\\\/11\\\/04\\\/vestidos-otono-invierno-como-llevarlos\\\/#primaryimage\",\"url\":\"https:\\\/\\\/i0.wp.com\\\/zeromagazine.mx\\\/wp-content\\\/uploads\\\/2025\\\/11\\\/IMG_5761.png?fit=664%2C1330&ssl=1\",\"contentUrl\":\"https:\\\/\\\/i0.wp.com\\\/zeromagazine.mx\\\/wp-content\\\/uploads\\\/2025\\\/11\\\/IMG_5761.png?fit=664%2C1330&ssl=1\",\"width\":664,\"height\":1330},{\"@type\":\"BreadcrumbList\",\"@id\":\"https:\\\/\\\/zeromagazine.mx\\\/index.php\\\/2025\\\/11\\\/04\\\/vestidos-otono-invierno-como-llevarlos\\\/#breadcrumb\",\"itemListElement\":[{\"@type\":\"ListItem\",\"position\":1,\"name\":\"Portada\",\"item\":\"https:\\\/\\\/zeromagazine.mx\\\/\"},{\"@type\":\"ListItem\",\"position\":2,\"name\":\"Vestidos oto\u00f1o invierno: c\u00f3mo llevarlos\"}]},{\"@type\":\"WebSite\",\"@id\":\"https:\\\/\\\/zeromagazine.mx\\\/#website\",\"url\":\"https:\\\/\\\/zeromagazine.mx\\\/\",\"name\":\"Zero Magazine\",\"description\":\"\",\"publisher\":{\"@id\":\"https:\\\/\\\/zeromagazine.mx\\\/#organization\"},\"potentialAction\":[{\"@type\":\"SearchAction\",\"target\":{\"@type\":\"EntryPoint\",\"urlTemplate\":\"https:\\\/\\\/zeromagazine.mx\\\/?s={search_term_string}\"},\"query-input\":{\"@type\":\"PropertyValueSpecification\",\"valueRequired\":true,\"valueName\":\"search_term_string\"}}],\"inLanguage\":\"es\"},{\"@type\":\"Organization\",\"@id\":\"https:\\\/\\\/zeromagazine.mx\\\/#organization\",\"name\":\"Zero Magazine\",\"url\":\"https:\\\/\\\/zeromagazine.mx\\\/\",\"logo\":{\"@type\":\"ImageObject\",\"inLanguage\":\"es\",\"@id\":\"https:\\\/\\\/zeromagazine.mx\\\/#\\\/schema\\\/logo\\\/image\\\/\",\"url\":\"https:\\\/\\\/i0.wp.com\\\/zeromagazine.mx\\\/wp-content\\\/uploads\\\/2025\\\/11\\\/1.jpeg?fit=1000%2C1000&ssl=1\",\"contentUrl\":\"https:\\\/\\\/i0.wp.com\\\/zeromagazine.mx\\\/wp-content\\\/uploads\\\/2025\\\/11\\\/1.jpeg?fit=1000%2C1000&ssl=1\",\"width\":1000,\"height\":1000,\"caption\":\"Zero Magazine\"},\"image\":{\"@id\":\"https:\\\/\\\/zeromagazine.mx\\\/#\\\/schema\\\/logo\\\/image\\\/\"},\"sameAs\":[\"https:\\\/\\\/instagram.com\\\/zeromagazinemx\"]},{\"@type\":\"Person\",\"@id\":\"https:\\\/\\\/zeromagazine.mx\\\/#\\\/schema\\\/person\\\/118d2dc27eca6f07b968c953d12daa6b\",\"name\":\"Luis Trujano\",\"image\":{\"@type\":\"ImageObject\",\"inLanguage\":\"es\",\"@id\":\"https:\\\/\\\/zeromagazine.mx\\\/wp-content\\\/litespeed\\\/avatar\\\/fbd9d1d6aa4d21e2bb5be8b3155046c9.jpg?ver=1777576316\",\"url\":\"https:\\\/\\\/zeromagazine.mx\\\/wp-content\\\/litespeed\\\/avatar\\\/fbd9d1d6aa4d21e2bb5be8b3155046c9.jpg?ver=1777576316\",\"contentUrl\":\"https:\\\/\\\/zeromagazine.mx\\\/wp-content\\\/litespeed\\\/avatar\\\/fbd9d1d6aa4d21e2bb5be8b3155046c9.jpg?ver=1777576316\",\"caption\":\"Luis Trujano\"},\"url\":\"https:\\\/\\\/zeromagazine.mx\\\/index.php\\\/author\\\/luis-trujano\\\/\"}]}<\/script>\n<!-- \/ Yoast SEO plugin. -->","yoast_head_json":{"title":"Vestidos oto\u00f1o invierno: c\u00f3mo llevarlos - Zero Magazine","description":"Descubre c\u00f3mo combinar los vestidos oto\u00f1o invierno con el calzado ideal para lograr looks con actitud y estilo.","robots":{"index":"index","follow":"follow","max-snippet":"max-snippet:-1","max-image-preview":"max-image-preview:large","max-video-preview":"max-video-preview:-1"},"canonical":"https:\/\/zeromagazine.mx\/index.php\/2025\/11\/04\/vestidos-otono-invierno-como-llevarlos\/","og_locale":"es_ES","og_type":"article","og_title":"Vestidos oto\u00f1o invierno: c\u00f3mo llevarlos - Zero Magazine","og_description":"Descubre c\u00f3mo combinar los vestidos oto\u00f1o invierno con el calzado ideal para lograr looks con actitud y estilo.","og_url":"https:\/\/zeromagazine.mx\/index.php\/2025\/11\/04\/vestidos-otono-invierno-como-llevarlos\/","og_site_name":"Zero Magazine","article_published_time":"2025-11-04T14:30:15+00:00","article_modified_time":"2025-11-04T14:30:17+00:00","og_image":[{"width":664,"height":1330,"url":"http:\/\/zeromagazine.mx\/wp-content\/uploads\/2025\/11\/IMG_5761.png","type":"image\/png"}],"author":"Luis Trujano","twitter_card":"summary_large_image","twitter_misc":{"Escrito por":"Luis Trujano","Tiempo de lectura":"3 minutos"},"schema":{"@context":"https:\/\/schema.org","@graph":[{"@type":"Article","@id":"https:\/\/zeromagazine.mx\/index.php\/2025\/11\/04\/vestidos-otono-invierno-como-llevarlos\/#article","isPartOf":{"@id":"https:\/\/zeromagazine.mx\/index.php\/2025\/11\/04\/vestidos-otono-invierno-como-llevarlos\/"},"author":{"name":"Luis Trujano","@id":"https:\/\/zeromagazine.mx\/#\/schema\/person\/118d2dc27eca6f07b968c953d12daa6b"},"headline":"Vestidos oto\u00f1o invierno: c\u00f3mo llevarlos","datePublished":"2025-11-04T14:30:15+00:00","dateModified":"2025-11-04T14:30:17+00:00","mainEntityOfPage":{"@id":"https:\/\/zeromagazine.mx\/index.php\/2025\/11\/04\/vestidos-otono-invierno-como-llevarlos\/"},"wordCount":426,"commentCount":0,"publisher":{"@id":"https:\/\/zeromagazine.mx\/#organization"},"image":{"@id":"https:\/\/zeromagazine.mx\/index.php\/2025\/11\/04\/vestidos-otono-invierno-como-llevarlos\/#primaryimage"},"thumbnailUrl":"https:\/\/i0.wp.com\/zeromagazine.mx\/wp-content\/uploads\/2025\/11\/IMG_5761.png?fit=664%2C1330&ssl=1","articleSection":["Moda"],"inLanguage":"es","potentialAction":[{"@type":"CommentAction","name":"Comment","target":["https:\/\/zeromagazine.mx\/index.php\/2025\/11\/04\/vestidos-otono-invierno-como-llevarlos\/#respond"]}]},{"@type":"WebPage","@id":"https:\/\/zeromagazine.mx\/index.php\/2025\/11\/04\/vestidos-otono-invierno-como-llevarlos\/","url":"https:\/\/zeromagazine.mx\/index.php\/2025\/11\/04\/vestidos-otono-invierno-como-llevarlos\/","name":"Vestidos oto\u00f1o invierno: c\u00f3mo llevarlos - Zero Magazine","isPartOf":{"@id":"https:\/\/zeromagazine.mx\/#website"},"primaryImageOfPage":{"@id":"https:\/\/zeromagazine.mx\/index.php\/2025\/11\/04\/vestidos-otono-invierno-como-llevarlos\/#primaryimage"},"image":{"@id":"https:\/\/zeromagazine.mx\/index.php\/2025\/11\/04\/vestidos-otono-invierno-como-llevarlos\/#primaryimage"},"thumbnailUrl":"https:\/\/i0.wp.com\/zeromagazine.mx\/wp-content\/uploads\/2025\/11\/IMG_5761.png?fit=664%2C1330&ssl=1","datePublished":"2025-11-04T14:30:15+00:00","dateModified":"2025-11-04T14:30:17+00:00","description":"Descubre c\u00f3mo combinar los vestidos oto\u00f1o invierno con el calzado ideal para lograr looks con actitud y estilo.","breadcrumb":{"@id":"https:\/\/zeromagazine.mx\/index.php\/2025\/11\/04\/vestidos-otono-invierno-como-llevarlos\/#breadcrumb"},"inLanguage":"es","potentialAction":[{"@type":"ReadAction","target":["https:\/\/zeromagazine.mx\/index.php\/2025\/11\/04\/vestidos-otono-invierno-como-llevarlos\/"]}]},{"@type":"ImageObject","inLanguage":"es","@id":"https:\/\/zeromagazine.mx\/index.php\/2025\/11\/04\/vestidos-otono-invierno-como-llevarlos\/#primaryimage","url":"https:\/\/i0.wp.com\/zeromagazine.mx\/wp-content\/uploads\/2025\/11\/IMG_5761.png?fit=664%2C1330&ssl=1","contentUrl":"https:\/\/i0.wp.com\/zeromagazine.mx\/wp-content\/uploads\/2025\/11\/IMG_5761.png?fit=664%2C1330&ssl=1","width":664,"height":1330},{"@type":"BreadcrumbList","@id":"https:\/\/zeromagazine.mx\/index.php\/2025\/11\/04\/vestidos-otono-invierno-como-llevarlos\/#breadcrumb","itemListElement":[{"@type":"ListItem","position":1,"name":"Portada","item":"https:\/\/zeromagazine.mx\/"},{"@type":"ListItem","position":2,"name":"Vestidos oto\u00f1o invierno: c\u00f3mo llevarlos"}]},{"@type":"WebSite","@id":"https:\/\/zeromagazine.mx\/#website","url":"https:\/\/zeromagazine.mx\/","name":"Zero Magazine","description":"","publisher":{"@id":"https:\/\/zeromagazine.mx\/#organization"},"potentialAction":[{"@type":"SearchAction","target":{"@type":"EntryPoint","urlTemplate":"https:\/\/zeromagazine.mx\/?s={search_term_string}"},"query-input":{"@type":"PropertyValueSpecification","valueRequired":true,"valueName":"search_term_string"}}],"inLanguage":"es"},{"@type":"Organization","@id":"https:\/\/zeromagazine.mx\/#organization","name":"Zero Magazine","url":"https:\/\/zeromagazine.mx\/","logo":{"@type":"ImageObject","inLanguage":"es","@id":"https:\/\/zeromagazine.mx\/#\/schema\/logo\/image\/","url":"https:\/\/i0.wp.com\/zeromagazine.mx\/wp-content\/uploads\/2025\/11\/1.jpeg?fit=1000%2C1000&ssl=1","contentUrl":"https:\/\/i0.wp.com\/zeromagazine.mx\/wp-content\/uploads\/2025\/11\/1.jpeg?fit=1000%2C1000&ssl=1","width":1000,"height":1000,"caption":"Zero Magazine"},"image":{"@id":"https:\/\/zeromagazine.mx\/#\/schema\/logo\/image\/"},"sameAs":["https:\/\/instagram.com\/zeromagazinemx"]},{"@type":"Person","@id":"https:\/\/zeromagazine.mx\/#\/schema\/person\/118d2dc27eca6f07b968c953d12daa6b","name":"Luis Trujano","image":{"@type":"ImageObject","inLanguage":"es","@id":"https:\/\/zeromagazine.mx\/wp-content\/litespeed\/avatar\/fbd9d1d6aa4d21e2bb5be8b3155046c9.jpg?ver=1777576316","url":"https:\/\/zeromagazine.mx\/wp-content\/litespeed\/avatar\/fbd9d1d6aa4d21e2bb5be8b3155046c9.jpg?ver=1777576316","contentUrl":"https:\/\/zeromagazine.mx\/wp-content\/litespeed\/avatar\/fbd9d1d6aa4d21e2bb5be8b3155046c9.jpg?ver=1777576316","caption":"Luis Trujano"},"url":"https:\/\/zeromagazine.mx\/index.php\/author\/luis-trujano\/"}]}},"jetpack_publicize_connections":[],"jetpack_featured_media_url":"https:\/\/i0.wp.com\/zeromagazine.mx\/wp-content\/uploads\/2025\/11\/IMG_5761.png?fit=664%2C1330&ssl=1","jetpack-related-posts":[{"id":85430,"url":"https:\/\/zeromagazine.mx\/index.php\/2024\/10\/04\/otono-invierno-estilo-sin-esfuerzo\/","url_meta":{"origin":110031,"position":0},"title":"\u00abOto\u00f1o-Invierno: Estilo Sin Esfuerzo\u00bb","author":"zeromagazinemx","date":"4 de octubre de 2024","format":false,"excerpt":"\u00a1Hola, fashionistas! Ya lleg\u00f3 esa \u00e9poca del a\u00f1o en la que los d\u00edas se vuelven m\u00e1s frescos y nuestros closets piden un upgrade total. La colecci\u00f3n Oto\u00f1o-Invierno 2024 est\u00e1 aqu\u00ed y, la neta, \u00a1no te puedes perder lo que se viene! Prep\u00e1rense para conocer los must-haves que est\u00e1n a punto\u2026","rel":"","context":"En \u00abModa\u00bb","block_context":{"text":"Moda","link":"https:\/\/zeromagazine.mx\/index.php\/category\/moda\/"},"img":{"alt_text":"","src":"https:\/\/i0.wp.com\/zeromagazine.mx\/wp-content\/uploads\/2024\/10\/76c8c6c91353df29fa917b3a4a43c743-2000x1125-1.jpg?fit=1200%2C675&ssl=1&resize=350%2C200","width":350,"height":200,"srcset":"https:\/\/i0.wp.com\/zeromagazine.mx\/wp-content\/uploads\/2024\/10\/76c8c6c91353df29fa917b3a4a43c743-2000x1125-1.jpg?fit=1200%2C675&ssl=1&resize=350%2C200 1x, https:\/\/i0.wp.com\/zeromagazine.mx\/wp-content\/uploads\/2024\/10\/76c8c6c91353df29fa917b3a4a43c743-2000x1125-1.jpg?fit=1200%2C675&ssl=1&resize=525%2C300 1.5x, https:\/\/i0.wp.com\/zeromagazine.mx\/wp-content\/uploads\/2024\/10\/76c8c6c91353df29fa917b3a4a43c743-2000x1125-1.jpg?fit=1200%2C675&ssl=1&resize=700%2C400 2x, https:\/\/i0.wp.com\/zeromagazine.mx\/wp-content\/uploads\/2024\/10\/76c8c6c91353df29fa917b3a4a43c743-2000x1125-1.jpg?fit=1200%2C675&ssl=1&resize=1050%2C600 3x"},"classes":[]},{"id":54467,"url":"https:\/\/zeromagazine.mx\/index.php\/2021\/09\/14\/mango-presenta-su-nueva-coleccion-otono-invierno\/","url_meta":{"origin":110031,"position":1},"title":"MANGO presenta su nueva colecci\u00f3n oto\u00f1o\/invierno","author":"zeromagazinemx","date":"14 de septiembre de 2021","format":false,"excerpt":"La nueva colecci\u00f3n oto\u00f1o\/invierno de MANGO presenta un estilo contempor\u00e1neo para lucir un look en el que conviven la comodidad y la tendencia. Por Mayra Torres\u00a0 La nueva colecci\u00f3n de MANGO \u201cGirona\u201d que muestra una est\u00e9tica campestre para mujeres y hombres donde predominan los tonos verdes, crudos y neutros con\u2026","rel":"","context":"En \u00abCultura\u00bb","block_context":{"text":"Cultura","link":"https:\/\/zeromagazine.mx\/index.php\/category\/cultura\/"},"img":{"alt_text":"","src":"https:\/\/i0.wp.com\/zeromagazinemx.wpcomstaging.com\/wp-content\/uploads\/2022\/02\/9f752-dsc_7096_lowres.jpg?resize=350%2C200&ssl=1","width":350,"height":200,"srcset":"https:\/\/i0.wp.com\/zeromagazinemx.wpcomstaging.com\/wp-content\/uploads\/2022\/02\/9f752-dsc_7096_lowres.jpg?resize=350%2C200&ssl=1 1x, https:\/\/i0.wp.com\/zeromagazinemx.wpcomstaging.com\/wp-content\/uploads\/2022\/02\/9f752-dsc_7096_lowres.jpg?resize=525%2C300&ssl=1 1.5x"},"classes":[]},{"id":56194,"url":"https:\/\/zeromagazine.mx\/index.php\/2021\/10\/19\/las-prendas-indispensables-en-este-otono\/","url_meta":{"origin":110031,"position":2},"title":"LAS PRENDAS INDISPENSABLES EN ESTE OTO\u00d1O","author":"zeromagazinemx","date":"19 de octubre de 2021","format":false,"excerpt":"Oto\u00f1o ya est\u00e1 aqu\u00ed y lo importante es no solamente cubrirnos del fr\u00edo, sino hacerlo con todo el mejor estilo y confort. Por Luis Lechuga Oto\u00f1o no solamente es la mejor \u00e9poca del a\u00f1o por ser la que le da la bienvenida a Halloween, sino tambi\u00e9n es por ser una\u2026","rel":"","context":"En \u00abLifestyle\u00bb","block_context":{"text":"Lifestyle","link":"https:\/\/zeromagazine.mx\/index.php\/category\/lifestyle\/"},"img":{"alt_text":"","src":"https:\/\/i0.wp.com\/zeromagazinemx.wpcomstaging.com\/wp-content\/uploads\/2022\/02\/72f18-ropa-otono-hombre.jpg?resize=350%2C200&ssl=1","width":350,"height":200,"srcset":"https:\/\/i0.wp.com\/zeromagazinemx.wpcomstaging.com\/wp-content\/uploads\/2022\/02\/72f18-ropa-otono-hombre.jpg?resize=350%2C200&ssl=1 1x, https:\/\/i0.wp.com\/zeromagazinemx.wpcomstaging.com\/wp-content\/uploads\/2022\/02\/72f18-ropa-otono-hombre.jpg?resize=525%2C300&ssl=1 1.5x, https:\/\/i0.wp.com\/zeromagazinemx.wpcomstaging.com\/wp-content\/uploads\/2022\/02\/72f18-ropa-otono-hombre.jpg?resize=700%2C400&ssl=1 2x"},"classes":[]},{"id":57191,"url":"https:\/\/zeromagazine.mx\/index.php\/2021\/11\/02\/las-mejores-botas-para-este-otono\/","url_meta":{"origin":110031,"position":3},"title":"Las mejores botas para este oto\u00f1o","author":"zeromagazinemx","date":"2 de noviembre de 2021","format":false,"excerpt":"Si algo nos da oto\u00f1o es el clima perfecto para poder usar botas y vestir en capas para cualquier contexto social, claramente, la comodidad es lo principal. Por Luis Lechuga Birkenstock, en esta ocasi\u00f3n, nos da un motivo m\u00e1s para salir a dar una caminata al mejor estilo b\u00e1sico de\u2026","rel":"","context":"En \u00abLifestyle\u00bb","block_context":{"text":"Lifestyle","link":"https:\/\/zeromagazine.mx\/index.php\/category\/lifestyle\/"},"img":{"alt_text":"","src":"https:\/\/i0.wp.com\/zeromagazinemx.wpcomstaging.com\/wp-content\/uploads\/2022\/02\/e39cb-fall-winter-2.jpeg?resize=350%2C200&ssl=1","width":350,"height":200,"srcset":"https:\/\/i0.wp.com\/zeromagazinemx.wpcomstaging.com\/wp-content\/uploads\/2022\/02\/e39cb-fall-winter-2.jpeg?resize=350%2C200&ssl=1 1x, https:\/\/i0.wp.com\/zeromagazinemx.wpcomstaging.com\/wp-content\/uploads\/2022\/02\/e39cb-fall-winter-2.jpeg?resize=525%2C300&ssl=1 1.5x, https:\/\/i0.wp.com\/zeromagazinemx.wpcomstaging.com\/wp-content\/uploads\/2022\/02\/e39cb-fall-winter-2.jpeg?resize=700%2C400&ssl=1 2x"},"classes":[]},{"id":84431,"url":"https:\/\/zeromagazine.mx\/index.php\/2024\/09\/24\/calzado-trendy-para-este-otono\/","url_meta":{"origin":110031,"position":4},"title":"\u00abCalzado Trendy para Este Oto\u00f1o\u00bb","author":"zeromagazinemx","date":"24 de septiembre de 2024","format":false,"excerpt":"\u00a1Ya lleg\u00f3 la temporada Oto\u00f1o-Invierno 2024! Es esa \u00e9poca del a\u00f1o en la que las hojas caen, el clima se vuelve m\u00e1s fresquito y nos preparamos para lucir lo mejor de nuestro closet. Y, aunque el clima puede estar un poco tricky, eso no significa que tengamos que sacrificar nuestro\u2026","rel":"","context":"En \u00abModa\u00bb","block_context":{"text":"Moda","link":"https:\/\/zeromagazine.mx\/index.php\/category\/moda\/"},"img":{"alt_text":"","src":"https:\/\/i0.wp.com\/zeromagazine.mx\/wp-content\/uploads\/2024\/09\/303803-negro-derecha-1200x1200-1.jpg?fit=1200%2C1200&ssl=1&resize=350%2C200","width":350,"height":200,"srcset":"https:\/\/i0.wp.com\/zeromagazine.mx\/wp-content\/uploads\/2024\/09\/303803-negro-derecha-1200x1200-1.jpg?fit=1200%2C1200&ssl=1&resize=350%2C200 1x, https:\/\/i0.wp.com\/zeromagazine.mx\/wp-content\/uploads\/2024\/09\/303803-negro-derecha-1200x1200-1.jpg?fit=1200%2C1200&ssl=1&resize=525%2C300 1.5x, https:\/\/i0.wp.com\/zeromagazine.mx\/wp-content\/uploads\/2024\/09\/303803-negro-derecha-1200x1200-1.jpg?fit=1200%2C1200&ssl=1&resize=700%2C400 2x, https:\/\/i0.wp.com\/zeromagazine.mx\/wp-content\/uploads\/2024\/09\/303803-negro-derecha-1200x1200-1.jpg?fit=1200%2C1200&ssl=1&resize=1050%2C600 3x"},"classes":[]},{"id":109362,"url":"https:\/\/zeromagazine.mx\/index.php\/2025\/10\/10\/prada-otono-invierno-2025-baraja-tu-estilo\/","url_meta":{"origin":110031,"position":5},"title":"Prada Oto\u00f1o-Invierno 2025: cuando la moda se juega en serio","author":"zeromagazinemx","date":"10 de octubre de 2025","format":false,"excerpt":"Olv\u00eddate de seguir las reglas, porque Prada Oto\u00f1o-Invierno 2025 llega para recordarte que vestirse tambi\u00e9n puede ser un juego estrat\u00e9gico. Esta temporada, la firma italiana se lanza con una colecci\u00f3n que transforma el universo de las cartas en una met\u00e1fora de estilo. \u201cBaraja tu estilo\u201d no es solo una campa\u00f1a:\u2026","rel":"","context":"En \u00abModa\u00bb","block_context":{"text":"Moda","link":"https:\/\/zeromagazine.mx\/index.php\/category\/moda\/"},"img":{"alt_text":"","src":"https:\/\/i0.wp.com\/zeromagazine.mx\/wp-content\/uploads\/2025\/10\/IMG_5553.png?resize=350%2C200&ssl=1","width":350,"height":200},"classes":[]}],"jetpack_sharing_enabled":true,"builder_content":"","_links":{"self":[{"href":"https:\/\/zeromagazine.mx\/index.php\/wp-json\/wp\/v2\/posts\/110031","targetHints":{"allow":["GET"]}}],"collection":[{"href":"https:\/\/zeromagazine.mx\/index.php\/wp-json\/wp\/v2\/posts"}],"about":[{"href":"https:\/\/zeromagazine.mx\/index.php\/wp-json\/wp\/v2\/types\/post"}],"author":[{"embeddable":true,"href":"https:\/\/zeromagazine.mx\/index.php\/wp-json\/wp\/v2\/users\/6"}],"replies":[{"embeddable":true,"href":"https:\/\/zeromagazine.mx\/index.php\/wp-json\/wp\/v2\/comments?post=110031"}],"version-history":[{"count":3,"href":"https:\/\/zeromagazine.mx\/index.php\/wp-json\/wp\/v2\/posts\/110031\/revisions"}],"predecessor-version":[{"id":110038,"href":"https:\/\/zeromagazine.mx\/index.php\/wp-json\/wp\/v2\/posts\/110031\/revisions\/110038"}],"wp:featuredmedia":[{"embeddable":true,"href":"https:\/\/zeromagazine.mx\/index.php\/wp-json\/wp\/v2\/media\/110035"}],"wp:attachment":[{"href":"https:\/\/zeromagazine.mx\/index.php\/wp-json\/wp\/v2\/media?parent=110031"}],"wp:term":[{"taxonomy":"category","embeddable":true,"href":"https:\/\/zeromagazine.mx\/index.php\/wp-json\/wp\/v2\/categories?post=110031"},{"taxonomy":"post_tag","embeddable":true,"href":"https:\/\/zeromagazine.mx\/index.php\/wp-json\/wp\/v2\/tags?post=110031"}],"curies":[{"name":"wp","href":"https:\/\/api.w.org\/{rel}","templated":true}]}}