{"id":110047,"date":"2025-11-04T11:10:42","date_gmt":"2025-11-04T17:10:42","guid":{"rendered":"https:\/\/zeromagazine.mx\/?p=110047"},"modified":"2025-11-04T11:10:44","modified_gmt":"2025-11-04T17:10:44","slug":"moda-carmen-belissa-alas-del-mar","status":"publish","type":"post","link":"https:\/\/zeromagazine.mx\/index.php\/2025\/11\/04\/moda-carmen-belissa-alas-del-mar\/","title":{"rendered":"Carmen Belissa y su universo de libertad"},"content":{"rendered":"\n<p>Si algo tiene Carmen Belissa es esa capacidad de hacer que cada prenda te transporte directo a un atardecer junto al mar. Su nueva colecci\u00f3n, \u201cAlas del Mar\u201d, es exactamente eso: un viaje sensorial lleno de color, textura y movimiento, donde el Caribe se convierte en una actitud m\u00e1s que en un destino. Esta dise\u00f1adora barranquillera, con m\u00e1s de 25 a\u00f1os de trayectoria, vuelve a recordarnos por qu\u00e9 su nombre es sin\u00f3nimo de lujo natural y elegancia sin esfuerzo.<\/p>\n\n\n\n<p>Pero lo que realmente destaca de esta propuesta es su conexi\u00f3n emocional. Las siluetas fluyen como las olas, los tejidos respiran y los detalles artesanales \u2014joyer\u00eda ba\u00f1ada en oro y piedras naturales\u2014 brillan como reflejos del sol sobre el agua. Cada look cuenta una historia que vibra con la energ\u00eda de las mujeres que inspiran a Carmen Belissa: libres, seguras, radiantes y sin miedo a destacar.<\/p>\n\n\n\n<figure class=\"wp-block-image size-full\"><img data-recalc-dims=\"1\" decoding=\"async\" width=\"1165\" height=\"595\" src=\"https:\/\/i0.wp.com\/zeromagazine.mx\/wp-content\/uploads\/2025\/11\/1000038883.png?resize=1165%2C595&#038;ssl=1\" alt=\"\" class=\"wp-image-110048\" style=\"object-fit:cover\" srcset=\"https:\/\/i0.wp.com\/zeromagazine.mx\/wp-content\/uploads\/2025\/11\/1000038883.png?w=1832&amp;ssl=1 1832w, https:\/\/i0.wp.com\/zeromagazine.mx\/wp-content\/uploads\/2025\/11\/1000038883.png?resize=300%2C153&amp;ssl=1 300w, https:\/\/i0.wp.com\/zeromagazine.mx\/wp-content\/uploads\/2025\/11\/1000038883.png?resize=1024%2C523&amp;ssl=1 1024w, https:\/\/i0.wp.com\/zeromagazine.mx\/wp-content\/uploads\/2025\/11\/1000038883.png?resize=768%2C392&amp;ssl=1 768w, https:\/\/i0.wp.com\/zeromagazine.mx\/wp-content\/uploads\/2025\/11\/1000038883.png?resize=1536%2C784&amp;ssl=1 1536w\" sizes=\"(max-width: 1165px) 100vw, 1165px\" \/><\/figure>\n\n\n\n<p><strong>Carmen Belissa y su homenaje al Caribe<\/strong><\/p>\n\n\n\n<p>Por supuesto, Alas del Mar no es solo una colecci\u00f3n; es una carta de amor al Caribe, a Barranquilla y a la nostalgia de la costa donde naci\u00f3 la dise\u00f1adora. Desde los tonos marfil, turquesa y arena hasta las texturas que imitan la brisa, todo grita autenticidad. No es casualidad que el desfile en IXEL Moda haya sido uno de los momentos m\u00e1s comentados del evento: el p\u00fablico aplaudi\u00f3 de pie ante una pasarela que parec\u00eda un poema visual.<\/p>\n\n\n\n<p>Adem\u00e1s, Carmen Belissa sigue defendiendo la idea de que la moda es arte y legado. Y eso se siente. Sus prendas no buscan imponerse, sino acompa\u00f1arte. Son piezas que se mueven contigo, que cuentan qui\u00e9n eres y que te invitan a celebrar tus ra\u00edces sin dejar atr\u00e1s la sofisticaci\u00f3n.<\/p>\n\n\n\n<figure class=\"wp-block-image size-full\"><img data-recalc-dims=\"1\" decoding=\"async\" width=\"1165\" height=\"586\" src=\"https:\/\/i0.wp.com\/zeromagazine.mx\/wp-content\/uploads\/2025\/11\/1000038882.png?resize=1165%2C586&#038;ssl=1\" alt=\"\" class=\"wp-image-110049\" srcset=\"https:\/\/i0.wp.com\/zeromagazine.mx\/wp-content\/uploads\/2025\/11\/1000038882.png?w=1536&amp;ssl=1 1536w, https:\/\/i0.wp.com\/zeromagazine.mx\/wp-content\/uploads\/2025\/11\/1000038882.png?resize=300%2C151&amp;ssl=1 300w, https:\/\/i0.wp.com\/zeromagazine.mx\/wp-content\/uploads\/2025\/11\/1000038882.png?resize=1024%2C515&amp;ssl=1 1024w, https:\/\/i0.wp.com\/zeromagazine.mx\/wp-content\/uploads\/2025\/11\/1000038882.png?resize=768%2C386&amp;ssl=1 768w\" sizes=\"(max-width: 1165px) 100vw, 1165px\" \/><\/figure>\n\n\n\n<p>Por otro lado, lo m\u00e1s emocionante viene ahora: la dise\u00f1adora est\u00e1 preparando la producci\u00f3n oficial de la colecci\u00f3n y una gira nacional que promete llevar su visi\u00f3n de \u201cluxuri verano\u201d a cada rinc\u00f3n de Colombia. Suena como el tipo de experiencia que redefine lo que significa vestir con alma.<\/p>\n\n\n\n<p>Finalmente, Carmen Belissa deja algo claro con \u201cAlas del Mar\u201d: la moda puede ser liviana, pero no superficial. Puede tener brillo sin perder profundidad. Y sobre todo, puede ser una manera de volar sin despegar los pies de la tierra. Porque cuando el Caribe y la elegancia se mezclan, el resultado solo puede ser pura magia. <\/p>\n<!--themify_builder_content-->\n<div id=\"themify_builder_content-110047\" data-postid=\"110047\" class=\"themify_builder_content themify_builder_content-110047 themify_builder tf_clear\">\n    <\/div>\n<!--\/themify_builder_content-->\n","protected":false},"excerpt":{"rendered":"<p>Si algo tiene Carmen Belissa es esa capacidad de hacer que cada prenda te transporte directo a un atardecer junto al mar. Su nueva colecci\u00f3n, \u201cAlas del Mar\u201d, es exactamente eso: un viaje sensorial lleno de color, textura y movimiento, donde el Caribe se convierte en una actitud m\u00e1s que en un destino. Esta dise\u00f1adora [&hellip;]<\/p>\n","protected":false},"author":2,"featured_media":110049,"comment_status":"open","ping_status":"open","sticky":false,"template":"","format":"standard","meta":{"_jetpack_memberships_contains_paid_content":false,"footnotes":"","jetpack_publicize_message":"","jetpack_publicize_feature_enabled":true,"jetpack_social_post_already_shared":true,"jetpack_social_options":{"image_generator_settings":{"template":"highway","default_image_id":0,"font":"","enabled":false},"version":2}},"categories":[67],"tags":[],"class_list":["post-110047","post","type-post","status-publish","format-standard","has-post-thumbnail","hentry","category-moda","has-post-title","has-post-date","has-post-category","has-post-tag","has-post-comment","has-post-author",""],"yoast_head":"<!-- This site is optimized with the Yoast SEO plugin v27.5 - https:\/\/yoast.com\/product\/yoast-seo-wordpress\/ -->\n<title>Carmen Belissa y su universo de libertad - Zero Magazine<\/title>\n<meta name=\"description\" content=\"Carmen Belissa deslumbra con \u201cAlas del Mar\u201d, una colecci\u00f3n que celebra el Caribe, la libertad y la elegancia femenina.\" \/>\n<meta name=\"robots\" content=\"index, follow, max-snippet:-1, max-image-preview:large, max-video-preview:-1\" \/>\n<link rel=\"canonical\" href=\"https:\/\/zeromagazine.mx\/index.php\/2025\/11\/04\/moda-carmen-belissa-alas-del-mar\/\" \/>\n<meta property=\"og:locale\" content=\"es_ES\" \/>\n<meta property=\"og:type\" content=\"article\" \/>\n<meta property=\"og:title\" content=\"Carmen Belissa y su universo de libertad - Zero Magazine\" \/>\n<meta property=\"og:description\" content=\"Carmen Belissa deslumbra con \u201cAlas del Mar\u201d, una colecci\u00f3n que celebra el Caribe, la libertad y la elegancia femenina.\" \/>\n<meta property=\"og:url\" content=\"https:\/\/zeromagazine.mx\/index.php\/2025\/11\/04\/moda-carmen-belissa-alas-del-mar\/\" \/>\n<meta property=\"og:site_name\" content=\"Zero Magazine\" \/>\n<meta property=\"article:published_time\" content=\"2025-11-04T17:10:42+00:00\" \/>\n<meta property=\"article:modified_time\" content=\"2025-11-04T17:10:44+00:00\" \/>\n<meta property=\"og:image\" content=\"http:\/\/zeromagazine.mx\/wp-content\/uploads\/2025\/11\/1000038882-1024x515.png\" \/>\n\t<meta property=\"og:image:width\" content=\"1024\" \/>\n\t<meta property=\"og:image:height\" content=\"515\" \/>\n\t<meta property=\"og:image:type\" content=\"image\/png\" \/>\n<meta name=\"author\" content=\"zeromagazinemx\" \/>\n<meta name=\"twitter:card\" content=\"summary_large_image\" \/>\n<meta name=\"twitter:label1\" content=\"Escrito por\" \/>\n\t<meta name=\"twitter:data1\" content=\"zeromagazinemx\" \/>\n\t<meta name=\"twitter:label2\" content=\"Tiempo de lectura\" \/>\n\t<meta name=\"twitter:data2\" content=\"3 minutos\" \/>\n<script type=\"application\/ld+json\" class=\"yoast-schema-graph\">{\"@context\":\"https:\\\/\\\/schema.org\",\"@graph\":[{\"@type\":\"Article\",\"@id\":\"https:\\\/\\\/zeromagazine.mx\\\/index.php\\\/2025\\\/11\\\/04\\\/moda-carmen-belissa-alas-del-mar\\\/#article\",\"isPartOf\":{\"@id\":\"https:\\\/\\\/zeromagazine.mx\\\/index.php\\\/2025\\\/11\\\/04\\\/moda-carmen-belissa-alas-del-mar\\\/\"},\"author\":{\"name\":\"zeromagazinemx\",\"@id\":\"https:\\\/\\\/zeromagazine.mx\\\/#\\\/schema\\\/person\\\/9aed9f33a7c39af3a348b86d723f7773\"},\"headline\":\"Carmen Belissa y su universo de libertad\",\"datePublished\":\"2025-11-04T17:10:42+00:00\",\"dateModified\":\"2025-11-04T17:10:44+00:00\",\"mainEntityOfPage\":{\"@id\":\"https:\\\/\\\/zeromagazine.mx\\\/index.php\\\/2025\\\/11\\\/04\\\/moda-carmen-belissa-alas-del-mar\\\/\"},\"wordCount\":418,\"commentCount\":0,\"publisher\":{\"@id\":\"https:\\\/\\\/zeromagazine.mx\\\/#organization\"},\"image\":{\"@id\":\"https:\\\/\\\/zeromagazine.mx\\\/index.php\\\/2025\\\/11\\\/04\\\/moda-carmen-belissa-alas-del-mar\\\/#primaryimage\"},\"thumbnailUrl\":\"https:\\\/\\\/i0.wp.com\\\/zeromagazine.mx\\\/wp-content\\\/uploads\\\/2025\\\/11\\\/1000038882.png?fit=1536%2C772&ssl=1\",\"articleSection\":[\"Moda\"],\"inLanguage\":\"es\",\"potentialAction\":[{\"@type\":\"CommentAction\",\"name\":\"Comment\",\"target\":[\"https:\\\/\\\/zeromagazine.mx\\\/index.php\\\/2025\\\/11\\\/04\\\/moda-carmen-belissa-alas-del-mar\\\/#respond\"]}]},{\"@type\":\"WebPage\",\"@id\":\"https:\\\/\\\/zeromagazine.mx\\\/index.php\\\/2025\\\/11\\\/04\\\/moda-carmen-belissa-alas-del-mar\\\/\",\"url\":\"https:\\\/\\\/zeromagazine.mx\\\/index.php\\\/2025\\\/11\\\/04\\\/moda-carmen-belissa-alas-del-mar\\\/\",\"name\":\"Carmen Belissa y su universo de libertad - Zero Magazine\",\"isPartOf\":{\"@id\":\"https:\\\/\\\/zeromagazine.mx\\\/#website\"},\"primaryImageOfPage\":{\"@id\":\"https:\\\/\\\/zeromagazine.mx\\\/index.php\\\/2025\\\/11\\\/04\\\/moda-carmen-belissa-alas-del-mar\\\/#primaryimage\"},\"image\":{\"@id\":\"https:\\\/\\\/zeromagazine.mx\\\/index.php\\\/2025\\\/11\\\/04\\\/moda-carmen-belissa-alas-del-mar\\\/#primaryimage\"},\"thumbnailUrl\":\"https:\\\/\\\/i0.wp.com\\\/zeromagazine.mx\\\/wp-content\\\/uploads\\\/2025\\\/11\\\/1000038882.png?fit=1536%2C772&ssl=1\",\"datePublished\":\"2025-11-04T17:10:42+00:00\",\"dateModified\":\"2025-11-04T17:10:44+00:00\",\"description\":\"Carmen Belissa deslumbra con \u201cAlas del Mar\u201d, una colecci\u00f3n que celebra el Caribe, la libertad y la elegancia femenina.\",\"breadcrumb\":{\"@id\":\"https:\\\/\\\/zeromagazine.mx\\\/index.php\\\/2025\\\/11\\\/04\\\/moda-carmen-belissa-alas-del-mar\\\/#breadcrumb\"},\"inLanguage\":\"es\",\"potentialAction\":[{\"@type\":\"ReadAction\",\"target\":[\"https:\\\/\\\/zeromagazine.mx\\\/index.php\\\/2025\\\/11\\\/04\\\/moda-carmen-belissa-alas-del-mar\\\/\"]}]},{\"@type\":\"ImageObject\",\"inLanguage\":\"es\",\"@id\":\"https:\\\/\\\/zeromagazine.mx\\\/index.php\\\/2025\\\/11\\\/04\\\/moda-carmen-belissa-alas-del-mar\\\/#primaryimage\",\"url\":\"https:\\\/\\\/i0.wp.com\\\/zeromagazine.mx\\\/wp-content\\\/uploads\\\/2025\\\/11\\\/1000038882.png?fit=1536%2C772&ssl=1\",\"contentUrl\":\"https:\\\/\\\/i0.wp.com\\\/zeromagazine.mx\\\/wp-content\\\/uploads\\\/2025\\\/11\\\/1000038882.png?fit=1536%2C772&ssl=1\",\"width\":1536,\"height\":772},{\"@type\":\"BreadcrumbList\",\"@id\":\"https:\\\/\\\/zeromagazine.mx\\\/index.php\\\/2025\\\/11\\\/04\\\/moda-carmen-belissa-alas-del-mar\\\/#breadcrumb\",\"itemListElement\":[{\"@type\":\"ListItem\",\"position\":1,\"name\":\"Portada\",\"item\":\"https:\\\/\\\/zeromagazine.mx\\\/\"},{\"@type\":\"ListItem\",\"position\":2,\"name\":\"Carmen Belissa y su universo de libertad\"}]},{\"@type\":\"WebSite\",\"@id\":\"https:\\\/\\\/zeromagazine.mx\\\/#website\",\"url\":\"https:\\\/\\\/zeromagazine.mx\\\/\",\"name\":\"Zero Magazine\",\"description\":\"\",\"publisher\":{\"@id\":\"https:\\\/\\\/zeromagazine.mx\\\/#organization\"},\"potentialAction\":[{\"@type\":\"SearchAction\",\"target\":{\"@type\":\"EntryPoint\",\"urlTemplate\":\"https:\\\/\\\/zeromagazine.mx\\\/?s={search_term_string}\"},\"query-input\":{\"@type\":\"PropertyValueSpecification\",\"valueRequired\":true,\"valueName\":\"search_term_string\"}}],\"inLanguage\":\"es\"},{\"@type\":\"Organization\",\"@id\":\"https:\\\/\\\/zeromagazine.mx\\\/#organization\",\"name\":\"Zero Magazine\",\"url\":\"https:\\\/\\\/zeromagazine.mx\\\/\",\"logo\":{\"@type\":\"ImageObject\",\"inLanguage\":\"es\",\"@id\":\"https:\\\/\\\/zeromagazine.mx\\\/#\\\/schema\\\/logo\\\/image\\\/\",\"url\":\"https:\\\/\\\/i0.wp.com\\\/zeromagazine.mx\\\/wp-content\\\/uploads\\\/2025\\\/11\\\/1.jpeg?fit=1000%2C1000&ssl=1\",\"contentUrl\":\"https:\\\/\\\/i0.wp.com\\\/zeromagazine.mx\\\/wp-content\\\/uploads\\\/2025\\\/11\\\/1.jpeg?fit=1000%2C1000&ssl=1\",\"width\":1000,\"height\":1000,\"caption\":\"Zero Magazine\"},\"image\":{\"@id\":\"https:\\\/\\\/zeromagazine.mx\\\/#\\\/schema\\\/logo\\\/image\\\/\"},\"sameAs\":[\"https:\\\/\\\/instagram.com\\\/zeromagazinemx\"]},{\"@type\":\"Person\",\"@id\":\"https:\\\/\\\/zeromagazine.mx\\\/#\\\/schema\\\/person\\\/9aed9f33a7c39af3a348b86d723f7773\",\"name\":\"zeromagazinemx\",\"image\":{\"@type\":\"ImageObject\",\"inLanguage\":\"es\",\"@id\":\"https:\\\/\\\/zeromagazine.mx\\\/wp-content\\\/litespeed\\\/avatar\\\/f91dfe5410d5dcb1a576bf8c45983896.jpg?ver=1777571230\",\"url\":\"https:\\\/\\\/zeromagazine.mx\\\/wp-content\\\/litespeed\\\/avatar\\\/f91dfe5410d5dcb1a576bf8c45983896.jpg?ver=1777571230\",\"contentUrl\":\"https:\\\/\\\/zeromagazine.mx\\\/wp-content\\\/litespeed\\\/avatar\\\/f91dfe5410d5dcb1a576bf8c45983896.jpg?ver=1777571230\",\"caption\":\"zeromagazinemx\"},\"url\":\"https:\\\/\\\/zeromagazine.mx\\\/index.php\\\/author\\\/zeromagazinemx\\\/\"}]}<\/script>\n<!-- \/ Yoast SEO plugin. -->","yoast_head_json":{"title":"Carmen Belissa y su universo de libertad - Zero Magazine","description":"Carmen Belissa deslumbra con \u201cAlas del Mar\u201d, una colecci\u00f3n que celebra el Caribe, la libertad y la elegancia femenina.","robots":{"index":"index","follow":"follow","max-snippet":"max-snippet:-1","max-image-preview":"max-image-preview:large","max-video-preview":"max-video-preview:-1"},"canonical":"https:\/\/zeromagazine.mx\/index.php\/2025\/11\/04\/moda-carmen-belissa-alas-del-mar\/","og_locale":"es_ES","og_type":"article","og_title":"Carmen Belissa y su universo de libertad - Zero Magazine","og_description":"Carmen Belissa deslumbra con \u201cAlas del Mar\u201d, una colecci\u00f3n que celebra el Caribe, la libertad y la elegancia femenina.","og_url":"https:\/\/zeromagazine.mx\/index.php\/2025\/11\/04\/moda-carmen-belissa-alas-del-mar\/","og_site_name":"Zero Magazine","article_published_time":"2025-11-04T17:10:42+00:00","article_modified_time":"2025-11-04T17:10:44+00:00","og_image":[{"width":1024,"height":515,"url":"http:\/\/zeromagazine.mx\/wp-content\/uploads\/2025\/11\/1000038882-1024x515.png","type":"image\/png"}],"author":"zeromagazinemx","twitter_card":"summary_large_image","twitter_misc":{"Escrito por":"zeromagazinemx","Tiempo de lectura":"3 minutos"},"schema":{"@context":"https:\/\/schema.org","@graph":[{"@type":"Article","@id":"https:\/\/zeromagazine.mx\/index.php\/2025\/11\/04\/moda-carmen-belissa-alas-del-mar\/#article","isPartOf":{"@id":"https:\/\/zeromagazine.mx\/index.php\/2025\/11\/04\/moda-carmen-belissa-alas-del-mar\/"},"author":{"name":"zeromagazinemx","@id":"https:\/\/zeromagazine.mx\/#\/schema\/person\/9aed9f33a7c39af3a348b86d723f7773"},"headline":"Carmen Belissa y su universo de libertad","datePublished":"2025-11-04T17:10:42+00:00","dateModified":"2025-11-04T17:10:44+00:00","mainEntityOfPage":{"@id":"https:\/\/zeromagazine.mx\/index.php\/2025\/11\/04\/moda-carmen-belissa-alas-del-mar\/"},"wordCount":418,"commentCount":0,"publisher":{"@id":"https:\/\/zeromagazine.mx\/#organization"},"image":{"@id":"https:\/\/zeromagazine.mx\/index.php\/2025\/11\/04\/moda-carmen-belissa-alas-del-mar\/#primaryimage"},"thumbnailUrl":"https:\/\/i0.wp.com\/zeromagazine.mx\/wp-content\/uploads\/2025\/11\/1000038882.png?fit=1536%2C772&ssl=1","articleSection":["Moda"],"inLanguage":"es","potentialAction":[{"@type":"CommentAction","name":"Comment","target":["https:\/\/zeromagazine.mx\/index.php\/2025\/11\/04\/moda-carmen-belissa-alas-del-mar\/#respond"]}]},{"@type":"WebPage","@id":"https:\/\/zeromagazine.mx\/index.php\/2025\/11\/04\/moda-carmen-belissa-alas-del-mar\/","url":"https:\/\/zeromagazine.mx\/index.php\/2025\/11\/04\/moda-carmen-belissa-alas-del-mar\/","name":"Carmen Belissa y su universo de libertad - Zero Magazine","isPartOf":{"@id":"https:\/\/zeromagazine.mx\/#website"},"primaryImageOfPage":{"@id":"https:\/\/zeromagazine.mx\/index.php\/2025\/11\/04\/moda-carmen-belissa-alas-del-mar\/#primaryimage"},"image":{"@id":"https:\/\/zeromagazine.mx\/index.php\/2025\/11\/04\/moda-carmen-belissa-alas-del-mar\/#primaryimage"},"thumbnailUrl":"https:\/\/i0.wp.com\/zeromagazine.mx\/wp-content\/uploads\/2025\/11\/1000038882.png?fit=1536%2C772&ssl=1","datePublished":"2025-11-04T17:10:42+00:00","dateModified":"2025-11-04T17:10:44+00:00","description":"Carmen Belissa deslumbra con \u201cAlas del Mar\u201d, una colecci\u00f3n que celebra el Caribe, la libertad y la elegancia femenina.","breadcrumb":{"@id":"https:\/\/zeromagazine.mx\/index.php\/2025\/11\/04\/moda-carmen-belissa-alas-del-mar\/#breadcrumb"},"inLanguage":"es","potentialAction":[{"@type":"ReadAction","target":["https:\/\/zeromagazine.mx\/index.php\/2025\/11\/04\/moda-carmen-belissa-alas-del-mar\/"]}]},{"@type":"ImageObject","inLanguage":"es","@id":"https:\/\/zeromagazine.mx\/index.php\/2025\/11\/04\/moda-carmen-belissa-alas-del-mar\/#primaryimage","url":"https:\/\/i0.wp.com\/zeromagazine.mx\/wp-content\/uploads\/2025\/11\/1000038882.png?fit=1536%2C772&ssl=1","contentUrl":"https:\/\/i0.wp.com\/zeromagazine.mx\/wp-content\/uploads\/2025\/11\/1000038882.png?fit=1536%2C772&ssl=1","width":1536,"height":772},{"@type":"BreadcrumbList","@id":"https:\/\/zeromagazine.mx\/index.php\/2025\/11\/04\/moda-carmen-belissa-alas-del-mar\/#breadcrumb","itemListElement":[{"@type":"ListItem","position":1,"name":"Portada","item":"https:\/\/zeromagazine.mx\/"},{"@type":"ListItem","position":2,"name":"Carmen Belissa y su universo de libertad"}]},{"@type":"WebSite","@id":"https:\/\/zeromagazine.mx\/#website","url":"https:\/\/zeromagazine.mx\/","name":"Zero Magazine","description":"","publisher":{"@id":"https:\/\/zeromagazine.mx\/#organization"},"potentialAction":[{"@type":"SearchAction","target":{"@type":"EntryPoint","urlTemplate":"https:\/\/zeromagazine.mx\/?s={search_term_string}"},"query-input":{"@type":"PropertyValueSpecification","valueRequired":true,"valueName":"search_term_string"}}],"inLanguage":"es"},{"@type":"Organization","@id":"https:\/\/zeromagazine.mx\/#organization","name":"Zero Magazine","url":"https:\/\/zeromagazine.mx\/","logo":{"@type":"ImageObject","inLanguage":"es","@id":"https:\/\/zeromagazine.mx\/#\/schema\/logo\/image\/","url":"https:\/\/i0.wp.com\/zeromagazine.mx\/wp-content\/uploads\/2025\/11\/1.jpeg?fit=1000%2C1000&ssl=1","contentUrl":"https:\/\/i0.wp.com\/zeromagazine.mx\/wp-content\/uploads\/2025\/11\/1.jpeg?fit=1000%2C1000&ssl=1","width":1000,"height":1000,"caption":"Zero Magazine"},"image":{"@id":"https:\/\/zeromagazine.mx\/#\/schema\/logo\/image\/"},"sameAs":["https:\/\/instagram.com\/zeromagazinemx"]},{"@type":"Person","@id":"https:\/\/zeromagazine.mx\/#\/schema\/person\/9aed9f33a7c39af3a348b86d723f7773","name":"zeromagazinemx","image":{"@type":"ImageObject","inLanguage":"es","@id":"https:\/\/zeromagazine.mx\/wp-content\/litespeed\/avatar\/f91dfe5410d5dcb1a576bf8c45983896.jpg?ver=1777571230","url":"https:\/\/zeromagazine.mx\/wp-content\/litespeed\/avatar\/f91dfe5410d5dcb1a576bf8c45983896.jpg?ver=1777571230","contentUrl":"https:\/\/zeromagazine.mx\/wp-content\/litespeed\/avatar\/f91dfe5410d5dcb1a576bf8c45983896.jpg?ver=1777571230","caption":"zeromagazinemx"},"url":"https:\/\/zeromagazine.mx\/index.php\/author\/zeromagazinemx\/"}]}},"jetpack_publicize_connections":[],"jetpack_featured_media_url":"https:\/\/i0.wp.com\/zeromagazine.mx\/wp-content\/uploads\/2025\/11\/1000038882.png?fit=1536%2C772&ssl=1","jetpack-related-posts":[{"id":94979,"url":"https:\/\/zeromagazine.mx\/index.php\/2025\/01\/17\/aventuras-en-el-caribe-mexicano\/","url_meta":{"origin":110047,"position":0},"title":"Aventuras en el Caribe Mexicano","author":"zeromagazinemx","date":"17 de enero de 2025","format":false,"excerpt":"Amix \u00bfAlguna vez has so\u00f1ado con perderte en un para\u00edso tropical lleno de experiencias \u00fanicas? Pues deja de so\u00f1ar y planea tu pr\u00f3xima escapada, porque el Caribe Mexicano te espera con los brazos abiertos. Ya sea que quieras desconectarte del estr\u00e9s diario, explorar la naturaleza o simplemente pasarla bomba conociendo\u2026","rel":"","context":"En \u00abViajes\u00bb","block_context":{"text":"Viajes","link":"https:\/\/zeromagazine.mx\/index.php\/category\/lugares\/"},"img":{"alt_text":"","src":"https:\/\/i0.wp.com\/zeromagazine.mx\/wp-content\/uploads\/2025\/01\/Mahahual-1.png?fit=1024%2C683&ssl=1&resize=350%2C200","width":350,"height":200,"srcset":"https:\/\/i0.wp.com\/zeromagazine.mx\/wp-content\/uploads\/2025\/01\/Mahahual-1.png?fit=1024%2C683&ssl=1&resize=350%2C200 1x, https:\/\/i0.wp.com\/zeromagazine.mx\/wp-content\/uploads\/2025\/01\/Mahahual-1.png?fit=1024%2C683&ssl=1&resize=525%2C300 1.5x, https:\/\/i0.wp.com\/zeromagazine.mx\/wp-content\/uploads\/2025\/01\/Mahahual-1.png?fit=1024%2C683&ssl=1&resize=700%2C400 2x"},"classes":[]},{"id":49181,"url":"https:\/\/zeromagazine.mx\/index.php\/2021\/07\/01\/proximamente-en-cines-chilangolandia\/","url_meta":{"origin":110047,"position":1},"title":"Pr\u00f3ximamente en cines \u201cCHILANGOLANDIA\u201d","author":"zeromagazinemx","date":"1 de julio de 2021","format":false,"excerpt":"CHILANGOLANDIA es una comedia que retrata cosas de la vida cotidiana en la ciudad y tendr\u00e1 su estreno en cines este 9 de septiembre. Por Mayra Torres Escrita y dirigida por Carlos Santos, Chilangolandia llega a los cines este pr\u00f3ximo 9 de septiembre, protagonizada por Luis Felipe Tovar, Silverio Palacios,\u2026","rel":"","context":"En \u00abCine\u00bb","block_context":{"text":"Cine","link":"https:\/\/zeromagazine.mx\/index.php\/category\/entretenimiento\/cine\/"},"img":{"alt_text":"","src":"https:\/\/i0.wp.com\/zeromagazine.mx\/wp-content\/uploads\/2022\/02\/2d3b4-unnamed.png?fit=1200%2C366&ssl=1&resize=350%2C200","width":350,"height":200,"srcset":"https:\/\/i0.wp.com\/zeromagazine.mx\/wp-content\/uploads\/2022\/02\/2d3b4-unnamed.png?fit=1200%2C366&ssl=1&resize=350%2C200 1x, https:\/\/i0.wp.com\/zeromagazine.mx\/wp-content\/uploads\/2022\/02\/2d3b4-unnamed.png?fit=1200%2C366&ssl=1&resize=525%2C300 1.5x, https:\/\/i0.wp.com\/zeromagazine.mx\/wp-content\/uploads\/2022\/02\/2d3b4-unnamed.png?fit=1200%2C366&ssl=1&resize=700%2C400 2x, https:\/\/i0.wp.com\/zeromagazine.mx\/wp-content\/uploads\/2022\/02\/2d3b4-unnamed.png?fit=1200%2C366&ssl=1&resize=1050%2C600 3x"},"classes":[]},{"id":51963,"url":"https:\/\/zeromagazine.mx\/index.php\/2021\/08\/12\/estreno-de-chilangolandia-9-de-septiembre-en-cines\/","url_meta":{"origin":110047,"position":2},"title":"Estreno de \u201cChilangolandia\u201d 9 de septiembre en cines","author":"zeromagazinemx","date":"12 de agosto de 2021","format":false,"excerpt":"Una cinta del director Carlos Santos se estrenar\u00e1 el 9 de septiembre en cines y cuenta con las actuaciones de Luis Felipe Tovar, Silverio Palacios, Liliana Arriaga, Mois\u00e9s Iv\u00e1n y Priscila Arias. Por Moises Kushelevich \u201cChilangolandia\u201d es un lugar donde suceden y se cuentan muchas historias como la de Ramiro,\u2026","rel":"","context":"En \u00abCine\u00bb","block_context":{"text":"Cine","link":"https:\/\/zeromagazine.mx\/index.php\/category\/entretenimiento\/cine\/"},"img":{"alt_text":"","src":"https:\/\/i0.wp.com\/img.youtube.com\/vi\/13OvAxf4ws4\/0.jpg?resize=350%2C200","width":350,"height":200},"classes":[]},{"id":50972,"url":"https:\/\/zeromagazine.mx\/index.php\/2021\/07\/28\/entrevista-a-carmen-sarahi-para-la-obra-de-teatro-hoy-no-me-puedo-levantar-el-musical\/","url_meta":{"origin":110047,"position":3},"title":"Entrevista a Carmen Sarah\u00ed para la Obra de teatro \u201cHoy no me puedo levantar\u201d, el musical","author":"zeromagazinemx","date":"28 de julio de 2021","format":false,"excerpt":"Carmen Sarah\u00ed, forma parte del elenco de la obra de teatro \u201cHoy no me puedo levantar\u201d, que revive los \u00e9xitos del grupo Mecano, es escrita por Nacho Cano y Jos\u00e9 Mar\u00eda Cano, todo bajo la producci\u00f3n de Alejandro Gou y el elenco lo conforman Mar\u00eda Le\u00f3n, Yahir, Jorge D\u00b4alessio, Rogelio\u2026","rel":"","context":"En \u00abEntretenimiento\u00bb","block_context":{"text":"Entretenimiento","link":"https:\/\/zeromagazine.mx\/index.php\/category\/entretenimiento\/"},"img":{"alt_text":"","src":"","width":0,"height":0},"classes":[]},{"id":86639,"url":"https:\/\/zeromagazine.mx\/index.php\/2024\/10\/15\/celebra-el-caribe-mexicano\/","url_meta":{"origin":110047,"position":4},"title":"\u00ab\u00a1Celebra el Caribe Mexicano!\u00bb","author":"zeromagazinemx","date":"15 de octubre de 2024","format":false,"excerpt":"\u00bfListos para una celebraci\u00f3n \u00e9pica? El Caribe Mexicano est\u00e1 de fiesta por su 50 aniversario como Estado Libre y Soberano, y la vibra es incre\u00edble. La gobernadora Mara Lezama Espinosa est\u00e1 al frente de este evento que combina historia, cultura y un mont\u00f3n de cosas chidas. Con la presentaci\u00f3n del\u2026","rel":"","context":"En \u00abViajes\u00bb","block_context":{"text":"Viajes","link":"https:\/\/zeromagazine.mx\/index.php\/category\/lugares\/"},"img":{"alt_text":"","src":"https:\/\/i0.wp.com\/zeromagazine.mx\/wp-content\/uploads\/2024\/10\/COZUMEL_buzo-scaled.jpg?fit=1200%2C1059&ssl=1&resize=350%2C200","width":350,"height":200,"srcset":"https:\/\/i0.wp.com\/zeromagazine.mx\/wp-content\/uploads\/2024\/10\/COZUMEL_buzo-scaled.jpg?fit=1200%2C1059&ssl=1&resize=350%2C200 1x, https:\/\/i0.wp.com\/zeromagazine.mx\/wp-content\/uploads\/2024\/10\/COZUMEL_buzo-scaled.jpg?fit=1200%2C1059&ssl=1&resize=525%2C300 1.5x, https:\/\/i0.wp.com\/zeromagazine.mx\/wp-content\/uploads\/2024\/10\/COZUMEL_buzo-scaled.jpg?fit=1200%2C1059&ssl=1&resize=700%2C400 2x, https:\/\/i0.wp.com\/zeromagazine.mx\/wp-content\/uploads\/2024\/10\/COZUMEL_buzo-scaled.jpg?fit=1200%2C1059&ssl=1&resize=1050%2C600 3x"},"classes":[]},{"id":97644,"url":"https:\/\/zeromagazine.mx\/index.php\/2025\/02\/26\/carnaval-en-el-caribe\/","url_meta":{"origin":110047,"position":5},"title":"Carnavales Caribe","author":"David Morales","date":"26 de febrero de 2025","format":false,"excerpt":"Si hay algo que define a los carnavales en el Caribe Mexicano es su vibra inigualable: m\u00fasica, colores y pura fiesta en escenarios naturales de otro nivel. Si ya est\u00e1s planeando un viajecito en estas fechas, aqu\u00ed te cuento sobre tres carnavales imperdibles para que armes el plan con tus\u2026","rel":"","context":"En \u00abBlog\u00bb","block_context":{"text":"Blog","link":"https:\/\/zeromagazine.mx\/index.php\/category\/blog\/"},"img":{"alt_text":"","src":"https:\/\/i0.wp.com\/zeromagazine.mx\/wp-content\/uploads\/2025\/02\/Playa-del-Carmen-2-2-scaled.jpg?fit=1200%2C800&ssl=1&resize=350%2C200","width":350,"height":200,"srcset":"https:\/\/i0.wp.com\/zeromagazine.mx\/wp-content\/uploads\/2025\/02\/Playa-del-Carmen-2-2-scaled.jpg?fit=1200%2C800&ssl=1&resize=350%2C200 1x, https:\/\/i0.wp.com\/zeromagazine.mx\/wp-content\/uploads\/2025\/02\/Playa-del-Carmen-2-2-scaled.jpg?fit=1200%2C800&ssl=1&resize=525%2C300 1.5x, https:\/\/i0.wp.com\/zeromagazine.mx\/wp-content\/uploads\/2025\/02\/Playa-del-Carmen-2-2-scaled.jpg?fit=1200%2C800&ssl=1&resize=700%2C400 2x, https:\/\/i0.wp.com\/zeromagazine.mx\/wp-content\/uploads\/2025\/02\/Playa-del-Carmen-2-2-scaled.jpg?fit=1200%2C800&ssl=1&resize=1050%2C600 3x"},"classes":[]}],"jetpack_sharing_enabled":true,"builder_content":"","_links":{"self":[{"href":"https:\/\/zeromagazine.mx\/index.php\/wp-json\/wp\/v2\/posts\/110047","targetHints":{"allow":["GET"]}}],"collection":[{"href":"https:\/\/zeromagazine.mx\/index.php\/wp-json\/wp\/v2\/posts"}],"about":[{"href":"https:\/\/zeromagazine.mx\/index.php\/wp-json\/wp\/v2\/types\/post"}],"author":[{"embeddable":true,"href":"https:\/\/zeromagazine.mx\/index.php\/wp-json\/wp\/v2\/users\/2"}],"replies":[{"embeddable":true,"href":"https:\/\/zeromagazine.mx\/index.php\/wp-json\/wp\/v2\/comments?post=110047"}],"version-history":[{"count":1,"href":"https:\/\/zeromagazine.mx\/index.php\/wp-json\/wp\/v2\/posts\/110047\/revisions"}],"predecessor-version":[{"id":110050,"href":"https:\/\/zeromagazine.mx\/index.php\/wp-json\/wp\/v2\/posts\/110047\/revisions\/110050"}],"wp:featuredmedia":[{"embeddable":true,"href":"https:\/\/zeromagazine.mx\/index.php\/wp-json\/wp\/v2\/media\/110049"}],"wp:attachment":[{"href":"https:\/\/zeromagazine.mx\/index.php\/wp-json\/wp\/v2\/media?parent=110047"}],"wp:term":[{"taxonomy":"category","embeddable":true,"href":"https:\/\/zeromagazine.mx\/index.php\/wp-json\/wp\/v2\/categories?post=110047"},{"taxonomy":"post_tag","embeddable":true,"href":"https:\/\/zeromagazine.mx\/index.php\/wp-json\/wp\/v2\/tags?post=110047"}],"curies":[{"name":"wp","href":"https:\/\/api.w.org\/{rel}","templated":true}]}}