{"id":110086,"date":"2025-11-05T21:55:17","date_gmt":"2025-11-06T03:55:17","guid":{"rendered":"https:\/\/zeromagazine.mx\/?p=110086"},"modified":"2025-11-05T21:55:18","modified_gmt":"2025-11-06T03:55:18","slug":"van-cleef-arpels-brassee-lavande","status":"publish","type":"post","link":"https:\/\/zeromagazine.mx\/index.php\/2025\/11\/05\/van-cleef-arpels-brassee-lavande\/","title":{"rendered":"Van Cleef &amp; Arpels: poes\u00eda que se mueve"},"content":{"rendered":"\n<p>Hay objetos que no solo brillan, sino que respiran arte. Y cuando hablamos de Van Cleef &amp; Arpels, hablamos de una Maison que domina ese lenguaje como nadie. Su nueva creaci\u00f3n, el aut\u00f3mata Brass\u00e9e de Lavande, es m\u00e1s que una pieza de alta joyer\u00eda: es un mini universo donde el tiempo, la naturaleza y la mec\u00e1nica se fusionan con pura magia.<\/p>\n\n\n\n<p>Desde 1906, Van Cleef &amp; Arpels ha tejido historias con gemas, oro y un toque de poes\u00eda que trasciende las modas. Con cada lanzamiento de su colecci\u00f3n Extraordinary Objects, la marca se atreve a ir m\u00e1s all\u00e1. Y esta vez, lo hace con una pieza que literalmente cobra vida.<\/p>\n\n\n\n<figure class=\"wp-block-image size-full\"><img data-recalc-dims=\"1\" decoding=\"async\" width=\"1165\" height=\"1100\" src=\"https:\/\/i0.wp.com\/zeromagazine.mx\/wp-content\/uploads\/2025\/11\/1000039053.jpg?resize=1165%2C1100&#038;ssl=1\" alt=\"\" class=\"wp-image-110090\" srcset=\"https:\/\/i0.wp.com\/zeromagazine.mx\/wp-content\/uploads\/2025\/11\/1000039053.jpg?w=1390&amp;ssl=1 1390w, https:\/\/i0.wp.com\/zeromagazine.mx\/wp-content\/uploads\/2025\/11\/1000039053.jpg?resize=300%2C283&amp;ssl=1 300w, https:\/\/i0.wp.com\/zeromagazine.mx\/wp-content\/uploads\/2025\/11\/1000039053.jpg?resize=1024%2C967&amp;ssl=1 1024w, https:\/\/i0.wp.com\/zeromagazine.mx\/wp-content\/uploads\/2025\/11\/1000039053.jpg?resize=768%2C725&amp;ssl=1 768w\" sizes=\"(max-width: 1165px) 100vw, 1165px\" \/><\/figure>\n\n\n\n<p><strong>Van Cleef &amp; Arpels y su flor mec\u00e1nica<\/strong><\/p>\n\n\n\n<p>Imagina una flor que se abre suavemente, como movida por el viento, para revelar una mariposa que revolotea entre p\u00e9talos de lavanda. Esa es la escena hipn\u00f3tica del aut\u00f3mata Brass\u00e9e de Lavande, una obra maestra que mezcla ingenier\u00eda de precisi\u00f3n con la fantas\u00eda visual que caracteriza a Van Cleef &amp; Arpels.<\/p>\n\n\n\n<p>Adem\u00e1s, la mariposa est\u00e1 elaborada con la t\u00e9cnica plique-\u00e0-jour, un tipo de esmalte transl\u00facido que deja pasar la luz como si fuera un vitral. Es un detalle que transforma el movimiento en un espect\u00e1culo visual digno de un sue\u00f1o. Cada color, cada reflejo, cada destello parece decir: s\u00ed, la joyer\u00eda tambi\u00e9n puede tener alma.<\/p>\n\n\n\n<p>Por si fuera poco, la base de verdita y howlita \u2014dos piedras tan elegantes como misteriosas\u2014 sostiene la escena como si fuera un altar al tiempo y la belleza. Todo vibra con ese equilibrio perfecto entre naturaleza, lujo y savoir-faire artesanal.<\/p>\n\n\n\n<figure class=\"wp-block-image size-full\"><img data-recalc-dims=\"1\" decoding=\"async\" width=\"1165\" height=\"775\" src=\"https:\/\/i0.wp.com\/zeromagazine.mx\/wp-content\/uploads\/2025\/11\/1000039054.jpg?resize=1165%2C775&#038;ssl=1\" alt=\"\" class=\"wp-image-110091\" srcset=\"https:\/\/i0.wp.com\/zeromagazine.mx\/wp-content\/uploads\/2025\/11\/1000039054.jpg?w=1202&amp;ssl=1 1202w, https:\/\/i0.wp.com\/zeromagazine.mx\/wp-content\/uploads\/2025\/11\/1000039054.jpg?resize=300%2C200&amp;ssl=1 300w, https:\/\/i0.wp.com\/zeromagazine.mx\/wp-content\/uploads\/2025\/11\/1000039054.jpg?resize=1024%2C682&amp;ssl=1 1024w, https:\/\/i0.wp.com\/zeromagazine.mx\/wp-content\/uploads\/2025\/11\/1000039054.jpg?resize=768%2C511&amp;ssl=1 768w\" sizes=\"(max-width: 1165px) 100vw, 1165px\" \/><\/figure>\n\n\n\n<p><strong>Van Cleef &amp; Arpels y el arte del tiempo<\/strong><\/p>\n\n\n\n<p>Por otro lado, lo m\u00e1s fascinante es c\u00f3mo Van Cleef &amp; Arpels convierte algo tan t\u00e9cnico como un reloj en una experiencia sensorial. Aqu\u00ed, el tiempo no se mide: se contempla. El anillo giratorio marca las horas mientras suena una melod\u00eda suave, y la escena se mueve con una fluidez que te deja sin aliento.<\/p>\n\n\n\n<p>Adem\u00e1s, cada detalle ha sido creado en los talleres de la Maison en Sainte-Croix, donde relojeros, joyeros y esmaltadores trabajan como si orquestaran una sinfon\u00eda. No hay prisa. No hay error. Solo perfecci\u00f3n po\u00e9tica hecha a mano.<\/p>\n\n\n\n<p>Finalmente, Van Cleef &amp; Arpels demuestra que el lujo no es solo tener, sino sentir. Que detr\u00e1s de cada diamante hay una historia, y detr\u00e1s de cada historia, un sue\u00f1o que cobra vida. Brass\u00e9e de Lavande no es solo un objeto extraordinario: es un recordatorio de que el tiempo tambi\u00e9n puede florecer.<\/p>\n\n\n\n<figure class=\"wp-block-image size-full\"><img data-recalc-dims=\"1\" decoding=\"async\" width=\"1165\" height=\"795\" src=\"https:\/\/i0.wp.com\/zeromagazine.mx\/wp-content\/uploads\/2025\/11\/1000039055.jpg?resize=1165%2C795&#038;ssl=1\" alt=\"\" class=\"wp-image-110092\" srcset=\"https:\/\/i0.wp.com\/zeromagazine.mx\/wp-content\/uploads\/2025\/11\/1000039055.jpg?w=1204&amp;ssl=1 1204w, https:\/\/i0.wp.com\/zeromagazine.mx\/wp-content\/uploads\/2025\/11\/1000039055.jpg?resize=300%2C205&amp;ssl=1 300w, https:\/\/i0.wp.com\/zeromagazine.mx\/wp-content\/uploads\/2025\/11\/1000039055.jpg?resize=1024%2C699&amp;ssl=1 1024w, https:\/\/i0.wp.com\/zeromagazine.mx\/wp-content\/uploads\/2025\/11\/1000039055.jpg?resize=768%2C524&amp;ssl=1 768w\" sizes=\"(max-width: 1165px) 100vw, 1165px\" \/><\/figure>\n<!--themify_builder_content-->\n<div id=\"themify_builder_content-110086\" data-postid=\"110086\" class=\"themify_builder_content themify_builder_content-110086 themify_builder tf_clear\">\n    <\/div>\n<!--\/themify_builder_content-->\n","protected":false},"excerpt":{"rendered":"<p>Hay objetos que no solo brillan, sino que respiran arte. Y cuando hablamos de Van Cleef &amp; Arpels, hablamos de una Maison que domina ese lenguaje como nadie. Su nueva creaci\u00f3n, el aut\u00f3mata Brass\u00e9e de Lavande, es m\u00e1s que una pieza de alta joyer\u00eda: es un mini universo donde el tiempo, la naturaleza y la [&hellip;]<\/p>\n","protected":false},"author":2,"featured_media":110092,"comment_status":"open","ping_status":"open","sticky":false,"template":"","format":"standard","meta":{"_jetpack_memberships_contains_paid_content":false,"footnotes":"","jetpack_publicize_message":"","jetpack_publicize_feature_enabled":true,"jetpack_social_post_already_shared":true,"jetpack_social_options":{"image_generator_settings":{"template":"highway","default_image_id":0,"font":"","enabled":false},"version":2}},"categories":[67],"tags":[],"class_list":["post-110086","post","type-post","status-publish","format-standard","has-post-thumbnail","hentry","category-moda","has-post-title","has-post-date","has-post-category","has-post-tag","has-post-comment","has-post-author",""],"yoast_head":"<!-- This site is optimized with the Yoast SEO plugin v27.5 - https:\/\/yoast.com\/product\/yoast-seo-wordpress\/ -->\n<title>Van Cleef &amp; Arpels: poes\u00eda que se mueve - Zero Magazine<\/title>\n<meta name=\"description\" content=\"Descubre c\u00f3mo Van Cleef &amp; Arpels reinventa el arte con su nuevo aut\u00f3mata Brass\u00e9e de Lavande, una joya que late con poes\u00eda.\" \/>\n<meta name=\"robots\" content=\"index, follow, max-snippet:-1, max-image-preview:large, max-video-preview:-1\" \/>\n<link rel=\"canonical\" href=\"https:\/\/zeromagazine.mx\/index.php\/2025\/11\/05\/van-cleef-arpels-brassee-lavande\/\" \/>\n<meta property=\"og:locale\" content=\"es_ES\" \/>\n<meta property=\"og:type\" content=\"article\" \/>\n<meta property=\"og:title\" content=\"Van Cleef &amp; Arpels: poes\u00eda que se mueve - Zero Magazine\" \/>\n<meta property=\"og:description\" content=\"Descubre c\u00f3mo Van Cleef &amp; Arpels reinventa el arte con su nuevo aut\u00f3mata Brass\u00e9e de Lavande, una joya que late con poes\u00eda.\" \/>\n<meta property=\"og:url\" content=\"https:\/\/zeromagazine.mx\/index.php\/2025\/11\/05\/van-cleef-arpels-brassee-lavande\/\" \/>\n<meta property=\"og:site_name\" content=\"Zero Magazine\" \/>\n<meta property=\"article:published_time\" content=\"2025-11-06T03:55:17+00:00\" \/>\n<meta property=\"article:modified_time\" content=\"2025-11-06T03:55:18+00:00\" \/>\n<meta property=\"og:image\" content=\"http:\/\/zeromagazine.mx\/wp-content\/uploads\/2025\/11\/1000039055.jpg\" \/>\n\t<meta property=\"og:image:width\" content=\"1204\" \/>\n\t<meta property=\"og:image:height\" content=\"822\" \/>\n\t<meta property=\"og:image:type\" content=\"image\/jpeg\" \/>\n<meta name=\"author\" content=\"zeromagazinemx\" \/>\n<meta name=\"twitter:card\" content=\"summary_large_image\" \/>\n<meta name=\"twitter:label1\" content=\"Escrito por\" \/>\n\t<meta name=\"twitter:data1\" content=\"zeromagazinemx\" \/>\n\t<meta name=\"twitter:label2\" content=\"Tiempo de lectura\" \/>\n\t<meta name=\"twitter:data2\" content=\"3 minutos\" \/>\n<script type=\"application\/ld+json\" class=\"yoast-schema-graph\">{\"@context\":\"https:\\\/\\\/schema.org\",\"@graph\":[{\"@type\":\"Article\",\"@id\":\"https:\\\/\\\/zeromagazine.mx\\\/index.php\\\/2025\\\/11\\\/05\\\/van-cleef-arpels-brassee-lavande\\\/#article\",\"isPartOf\":{\"@id\":\"https:\\\/\\\/zeromagazine.mx\\\/index.php\\\/2025\\\/11\\\/05\\\/van-cleef-arpels-brassee-lavande\\\/\"},\"author\":{\"name\":\"zeromagazinemx\",\"@id\":\"https:\\\/\\\/zeromagazine.mx\\\/#\\\/schema\\\/person\\\/9aed9f33a7c39af3a348b86d723f7773\"},\"headline\":\"Van Cleef &amp; Arpels: poes\u00eda que se mueve\",\"datePublished\":\"2025-11-06T03:55:17+00:00\",\"dateModified\":\"2025-11-06T03:55:18+00:00\",\"mainEntityOfPage\":{\"@id\":\"https:\\\/\\\/zeromagazine.mx\\\/index.php\\\/2025\\\/11\\\/05\\\/van-cleef-arpels-brassee-lavande\\\/\"},\"wordCount\":463,\"commentCount\":0,\"publisher\":{\"@id\":\"https:\\\/\\\/zeromagazine.mx\\\/#organization\"},\"image\":{\"@id\":\"https:\\\/\\\/zeromagazine.mx\\\/index.php\\\/2025\\\/11\\\/05\\\/van-cleef-arpels-brassee-lavande\\\/#primaryimage\"},\"thumbnailUrl\":\"https:\\\/\\\/i0.wp.com\\\/zeromagazine.mx\\\/wp-content\\\/uploads\\\/2025\\\/11\\\/1000039055.jpg?fit=1204%2C822&ssl=1\",\"articleSection\":[\"Moda\"],\"inLanguage\":\"es\",\"potentialAction\":[{\"@type\":\"CommentAction\",\"name\":\"Comment\",\"target\":[\"https:\\\/\\\/zeromagazine.mx\\\/index.php\\\/2025\\\/11\\\/05\\\/van-cleef-arpels-brassee-lavande\\\/#respond\"]}]},{\"@type\":\"WebPage\",\"@id\":\"https:\\\/\\\/zeromagazine.mx\\\/index.php\\\/2025\\\/11\\\/05\\\/van-cleef-arpels-brassee-lavande\\\/\",\"url\":\"https:\\\/\\\/zeromagazine.mx\\\/index.php\\\/2025\\\/11\\\/05\\\/van-cleef-arpels-brassee-lavande\\\/\",\"name\":\"Van Cleef &amp; Arpels: poes\u00eda que se mueve - Zero Magazine\",\"isPartOf\":{\"@id\":\"https:\\\/\\\/zeromagazine.mx\\\/#website\"},\"primaryImageOfPage\":{\"@id\":\"https:\\\/\\\/zeromagazine.mx\\\/index.php\\\/2025\\\/11\\\/05\\\/van-cleef-arpels-brassee-lavande\\\/#primaryimage\"},\"image\":{\"@id\":\"https:\\\/\\\/zeromagazine.mx\\\/index.php\\\/2025\\\/11\\\/05\\\/van-cleef-arpels-brassee-lavande\\\/#primaryimage\"},\"thumbnailUrl\":\"https:\\\/\\\/i0.wp.com\\\/zeromagazine.mx\\\/wp-content\\\/uploads\\\/2025\\\/11\\\/1000039055.jpg?fit=1204%2C822&ssl=1\",\"datePublished\":\"2025-11-06T03:55:17+00:00\",\"dateModified\":\"2025-11-06T03:55:18+00:00\",\"description\":\"Descubre c\u00f3mo Van Cleef & Arpels reinventa el arte con su nuevo aut\u00f3mata Brass\u00e9e de Lavande, una joya que late con poes\u00eda.\",\"breadcrumb\":{\"@id\":\"https:\\\/\\\/zeromagazine.mx\\\/index.php\\\/2025\\\/11\\\/05\\\/van-cleef-arpels-brassee-lavande\\\/#breadcrumb\"},\"inLanguage\":\"es\",\"potentialAction\":[{\"@type\":\"ReadAction\",\"target\":[\"https:\\\/\\\/zeromagazine.mx\\\/index.php\\\/2025\\\/11\\\/05\\\/van-cleef-arpels-brassee-lavande\\\/\"]}]},{\"@type\":\"ImageObject\",\"inLanguage\":\"es\",\"@id\":\"https:\\\/\\\/zeromagazine.mx\\\/index.php\\\/2025\\\/11\\\/05\\\/van-cleef-arpels-brassee-lavande\\\/#primaryimage\",\"url\":\"https:\\\/\\\/i0.wp.com\\\/zeromagazine.mx\\\/wp-content\\\/uploads\\\/2025\\\/11\\\/1000039055.jpg?fit=1204%2C822&ssl=1\",\"contentUrl\":\"https:\\\/\\\/i0.wp.com\\\/zeromagazine.mx\\\/wp-content\\\/uploads\\\/2025\\\/11\\\/1000039055.jpg?fit=1204%2C822&ssl=1\",\"width\":1204,\"height\":822},{\"@type\":\"BreadcrumbList\",\"@id\":\"https:\\\/\\\/zeromagazine.mx\\\/index.php\\\/2025\\\/11\\\/05\\\/van-cleef-arpels-brassee-lavande\\\/#breadcrumb\",\"itemListElement\":[{\"@type\":\"ListItem\",\"position\":1,\"name\":\"Portada\",\"item\":\"https:\\\/\\\/zeromagazine.mx\\\/\"},{\"@type\":\"ListItem\",\"position\":2,\"name\":\"Van Cleef &amp; Arpels: poes\u00eda que se mueve\"}]},{\"@type\":\"WebSite\",\"@id\":\"https:\\\/\\\/zeromagazine.mx\\\/#website\",\"url\":\"https:\\\/\\\/zeromagazine.mx\\\/\",\"name\":\"Zero Magazine\",\"description\":\"\",\"publisher\":{\"@id\":\"https:\\\/\\\/zeromagazine.mx\\\/#organization\"},\"potentialAction\":[{\"@type\":\"SearchAction\",\"target\":{\"@type\":\"EntryPoint\",\"urlTemplate\":\"https:\\\/\\\/zeromagazine.mx\\\/?s={search_term_string}\"},\"query-input\":{\"@type\":\"PropertyValueSpecification\",\"valueRequired\":true,\"valueName\":\"search_term_string\"}}],\"inLanguage\":\"es\"},{\"@type\":\"Organization\",\"@id\":\"https:\\\/\\\/zeromagazine.mx\\\/#organization\",\"name\":\"Zero Magazine\",\"url\":\"https:\\\/\\\/zeromagazine.mx\\\/\",\"logo\":{\"@type\":\"ImageObject\",\"inLanguage\":\"es\",\"@id\":\"https:\\\/\\\/zeromagazine.mx\\\/#\\\/schema\\\/logo\\\/image\\\/\",\"url\":\"https:\\\/\\\/i0.wp.com\\\/zeromagazine.mx\\\/wp-content\\\/uploads\\\/2025\\\/11\\\/1.jpeg?fit=1000%2C1000&ssl=1\",\"contentUrl\":\"https:\\\/\\\/i0.wp.com\\\/zeromagazine.mx\\\/wp-content\\\/uploads\\\/2025\\\/11\\\/1.jpeg?fit=1000%2C1000&ssl=1\",\"width\":1000,\"height\":1000,\"caption\":\"Zero Magazine\"},\"image\":{\"@id\":\"https:\\\/\\\/zeromagazine.mx\\\/#\\\/schema\\\/logo\\\/image\\\/\"},\"sameAs\":[\"https:\\\/\\\/instagram.com\\\/zeromagazinemx\"]},{\"@type\":\"Person\",\"@id\":\"https:\\\/\\\/zeromagazine.mx\\\/#\\\/schema\\\/person\\\/9aed9f33a7c39af3a348b86d723f7773\",\"name\":\"zeromagazinemx\",\"image\":{\"@type\":\"ImageObject\",\"inLanguage\":\"es\",\"@id\":\"https:\\\/\\\/zeromagazine.mx\\\/wp-content\\\/litespeed\\\/avatar\\\/f91dfe5410d5dcb1a576bf8c45983896.jpg?ver=1777571230\",\"url\":\"https:\\\/\\\/zeromagazine.mx\\\/wp-content\\\/litespeed\\\/avatar\\\/f91dfe5410d5dcb1a576bf8c45983896.jpg?ver=1777571230\",\"contentUrl\":\"https:\\\/\\\/zeromagazine.mx\\\/wp-content\\\/litespeed\\\/avatar\\\/f91dfe5410d5dcb1a576bf8c45983896.jpg?ver=1777571230\",\"caption\":\"zeromagazinemx\"},\"url\":\"https:\\\/\\\/zeromagazine.mx\\\/index.php\\\/author\\\/zeromagazinemx\\\/\"}]}<\/script>\n<!-- \/ Yoast SEO plugin. -->","yoast_head_json":{"title":"Van Cleef &amp; Arpels: poes\u00eda que se mueve - Zero Magazine","description":"Descubre c\u00f3mo Van Cleef & Arpels reinventa el arte con su nuevo aut\u00f3mata Brass\u00e9e de Lavande, una joya que late con poes\u00eda.","robots":{"index":"index","follow":"follow","max-snippet":"max-snippet:-1","max-image-preview":"max-image-preview:large","max-video-preview":"max-video-preview:-1"},"canonical":"https:\/\/zeromagazine.mx\/index.php\/2025\/11\/05\/van-cleef-arpels-brassee-lavande\/","og_locale":"es_ES","og_type":"article","og_title":"Van Cleef &amp; Arpels: poes\u00eda que se mueve - Zero Magazine","og_description":"Descubre c\u00f3mo Van Cleef & Arpels reinventa el arte con su nuevo aut\u00f3mata Brass\u00e9e de Lavande, una joya que late con poes\u00eda.","og_url":"https:\/\/zeromagazine.mx\/index.php\/2025\/11\/05\/van-cleef-arpels-brassee-lavande\/","og_site_name":"Zero Magazine","article_published_time":"2025-11-06T03:55:17+00:00","article_modified_time":"2025-11-06T03:55:18+00:00","og_image":[{"width":1204,"height":822,"url":"http:\/\/zeromagazine.mx\/wp-content\/uploads\/2025\/11\/1000039055.jpg","type":"image\/jpeg"}],"author":"zeromagazinemx","twitter_card":"summary_large_image","twitter_misc":{"Escrito por":"zeromagazinemx","Tiempo de lectura":"3 minutos"},"schema":{"@context":"https:\/\/schema.org","@graph":[{"@type":"Article","@id":"https:\/\/zeromagazine.mx\/index.php\/2025\/11\/05\/van-cleef-arpels-brassee-lavande\/#article","isPartOf":{"@id":"https:\/\/zeromagazine.mx\/index.php\/2025\/11\/05\/van-cleef-arpels-brassee-lavande\/"},"author":{"name":"zeromagazinemx","@id":"https:\/\/zeromagazine.mx\/#\/schema\/person\/9aed9f33a7c39af3a348b86d723f7773"},"headline":"Van Cleef &amp; Arpels: poes\u00eda que se mueve","datePublished":"2025-11-06T03:55:17+00:00","dateModified":"2025-11-06T03:55:18+00:00","mainEntityOfPage":{"@id":"https:\/\/zeromagazine.mx\/index.php\/2025\/11\/05\/van-cleef-arpels-brassee-lavande\/"},"wordCount":463,"commentCount":0,"publisher":{"@id":"https:\/\/zeromagazine.mx\/#organization"},"image":{"@id":"https:\/\/zeromagazine.mx\/index.php\/2025\/11\/05\/van-cleef-arpels-brassee-lavande\/#primaryimage"},"thumbnailUrl":"https:\/\/i0.wp.com\/zeromagazine.mx\/wp-content\/uploads\/2025\/11\/1000039055.jpg?fit=1204%2C822&ssl=1","articleSection":["Moda"],"inLanguage":"es","potentialAction":[{"@type":"CommentAction","name":"Comment","target":["https:\/\/zeromagazine.mx\/index.php\/2025\/11\/05\/van-cleef-arpels-brassee-lavande\/#respond"]}]},{"@type":"WebPage","@id":"https:\/\/zeromagazine.mx\/index.php\/2025\/11\/05\/van-cleef-arpels-brassee-lavande\/","url":"https:\/\/zeromagazine.mx\/index.php\/2025\/11\/05\/van-cleef-arpels-brassee-lavande\/","name":"Van Cleef &amp; Arpels: poes\u00eda que se mueve - Zero Magazine","isPartOf":{"@id":"https:\/\/zeromagazine.mx\/#website"},"primaryImageOfPage":{"@id":"https:\/\/zeromagazine.mx\/index.php\/2025\/11\/05\/van-cleef-arpels-brassee-lavande\/#primaryimage"},"image":{"@id":"https:\/\/zeromagazine.mx\/index.php\/2025\/11\/05\/van-cleef-arpels-brassee-lavande\/#primaryimage"},"thumbnailUrl":"https:\/\/i0.wp.com\/zeromagazine.mx\/wp-content\/uploads\/2025\/11\/1000039055.jpg?fit=1204%2C822&ssl=1","datePublished":"2025-11-06T03:55:17+00:00","dateModified":"2025-11-06T03:55:18+00:00","description":"Descubre c\u00f3mo Van Cleef & Arpels reinventa el arte con su nuevo aut\u00f3mata Brass\u00e9e de Lavande, una joya que late con poes\u00eda.","breadcrumb":{"@id":"https:\/\/zeromagazine.mx\/index.php\/2025\/11\/05\/van-cleef-arpels-brassee-lavande\/#breadcrumb"},"inLanguage":"es","potentialAction":[{"@type":"ReadAction","target":["https:\/\/zeromagazine.mx\/index.php\/2025\/11\/05\/van-cleef-arpels-brassee-lavande\/"]}]},{"@type":"ImageObject","inLanguage":"es","@id":"https:\/\/zeromagazine.mx\/index.php\/2025\/11\/05\/van-cleef-arpels-brassee-lavande\/#primaryimage","url":"https:\/\/i0.wp.com\/zeromagazine.mx\/wp-content\/uploads\/2025\/11\/1000039055.jpg?fit=1204%2C822&ssl=1","contentUrl":"https:\/\/i0.wp.com\/zeromagazine.mx\/wp-content\/uploads\/2025\/11\/1000039055.jpg?fit=1204%2C822&ssl=1","width":1204,"height":822},{"@type":"BreadcrumbList","@id":"https:\/\/zeromagazine.mx\/index.php\/2025\/11\/05\/van-cleef-arpels-brassee-lavande\/#breadcrumb","itemListElement":[{"@type":"ListItem","position":1,"name":"Portada","item":"https:\/\/zeromagazine.mx\/"},{"@type":"ListItem","position":2,"name":"Van Cleef &amp; Arpels: poes\u00eda que se mueve"}]},{"@type":"WebSite","@id":"https:\/\/zeromagazine.mx\/#website","url":"https:\/\/zeromagazine.mx\/","name":"Zero Magazine","description":"","publisher":{"@id":"https:\/\/zeromagazine.mx\/#organization"},"potentialAction":[{"@type":"SearchAction","target":{"@type":"EntryPoint","urlTemplate":"https:\/\/zeromagazine.mx\/?s={search_term_string}"},"query-input":{"@type":"PropertyValueSpecification","valueRequired":true,"valueName":"search_term_string"}}],"inLanguage":"es"},{"@type":"Organization","@id":"https:\/\/zeromagazine.mx\/#organization","name":"Zero Magazine","url":"https:\/\/zeromagazine.mx\/","logo":{"@type":"ImageObject","inLanguage":"es","@id":"https:\/\/zeromagazine.mx\/#\/schema\/logo\/image\/","url":"https:\/\/i0.wp.com\/zeromagazine.mx\/wp-content\/uploads\/2025\/11\/1.jpeg?fit=1000%2C1000&ssl=1","contentUrl":"https:\/\/i0.wp.com\/zeromagazine.mx\/wp-content\/uploads\/2025\/11\/1.jpeg?fit=1000%2C1000&ssl=1","width":1000,"height":1000,"caption":"Zero Magazine"},"image":{"@id":"https:\/\/zeromagazine.mx\/#\/schema\/logo\/image\/"},"sameAs":["https:\/\/instagram.com\/zeromagazinemx"]},{"@type":"Person","@id":"https:\/\/zeromagazine.mx\/#\/schema\/person\/9aed9f33a7c39af3a348b86d723f7773","name":"zeromagazinemx","image":{"@type":"ImageObject","inLanguage":"es","@id":"https:\/\/zeromagazine.mx\/wp-content\/litespeed\/avatar\/f91dfe5410d5dcb1a576bf8c45983896.jpg?ver=1777571230","url":"https:\/\/zeromagazine.mx\/wp-content\/litespeed\/avatar\/f91dfe5410d5dcb1a576bf8c45983896.jpg?ver=1777571230","contentUrl":"https:\/\/zeromagazine.mx\/wp-content\/litespeed\/avatar\/f91dfe5410d5dcb1a576bf8c45983896.jpg?ver=1777571230","caption":"zeromagazinemx"},"url":"https:\/\/zeromagazine.mx\/index.php\/author\/zeromagazinemx\/"}]}},"jetpack_publicize_connections":[],"jetpack_featured_media_url":"https:\/\/i0.wp.com\/zeromagazine.mx\/wp-content\/uploads\/2025\/11\/1000039055.jpg?fit=1204%2C822&ssl=1","jetpack-related-posts":[{"id":79967,"url":"https:\/\/zeromagazine.mx\/index.php\/2024\/07\/05\/lleva-el-universo-en-tu-muneca-con-lady-arpels-jour-nuit\/","url_meta":{"origin":110086,"position":0},"title":"Lleva el Universo en tu Mu\u00f1eca","author":"zeromagazinemx","date":"5 de julio de 2024","format":false,"excerpt":"Hoy quiero contarte sobre algo incre\u00edble que acabo de descubrir: el nuevo reloj Lady Arpels Jour Nuit de Van Cleef & Arpels. Este reloj, que inicialmente fue lanzado en 2008, ha sido reinventado con dos nuevos modelos de 33 y 38 mm que te van a dejar sin aliento. Desde\u2026","rel":"","context":"En \u00abModa\u00bb","block_context":{"text":"Moda","link":"https:\/\/zeromagazine.mx\/index.php\/category\/moda\/"},"img":{"alt_text":"","src":"https:\/\/i0.wp.com\/zeromagazine.mx\/wp-content\/uploads\/2024\/07\/%C2%A9JohannSauty-VanCleef_Arpels-9071-scaled.jpg?fit=1200%2C801&ssl=1&resize=350%2C200","width":350,"height":200,"srcset":"https:\/\/i0.wp.com\/zeromagazine.mx\/wp-content\/uploads\/2024\/07\/%C2%A9JohannSauty-VanCleef_Arpels-9071-scaled.jpg?fit=1200%2C801&ssl=1&resize=350%2C200 1x, https:\/\/i0.wp.com\/zeromagazine.mx\/wp-content\/uploads\/2024\/07\/%C2%A9JohannSauty-VanCleef_Arpels-9071-scaled.jpg?fit=1200%2C801&ssl=1&resize=525%2C300 1.5x, https:\/\/i0.wp.com\/zeromagazine.mx\/wp-content\/uploads\/2024\/07\/%C2%A9JohannSauty-VanCleef_Arpels-9071-scaled.jpg?fit=1200%2C801&ssl=1&resize=700%2C400 2x, https:\/\/i0.wp.com\/zeromagazine.mx\/wp-content\/uploads\/2024\/07\/%C2%A9JohannSauty-VanCleef_Arpels-9071-scaled.jpg?fit=1200%2C801&ssl=1&resize=1050%2C600 3x"},"classes":[]},{"id":72423,"url":"https:\/\/zeromagazine.mx\/index.php\/2024\/03\/25\/brilla-en-el-dia-de-las-madres-con-van-cleef-arpels-el-regalo-perfecto-para-mama\/","url_meta":{"origin":110086,"position":1},"title":"Brilla en el D\u00eda de las Madres con Van Cleef &#038; Arpels: El regalo perfecto para mam\u00e1","author":"zeromagazinemx","date":"25 de marzo de 2024","format":false,"excerpt":"Les tengo que contar sobre algo que encontr\u00e9 y que s\u00e9 que les va a fascinar. Se trata de la excepcional colecci\u00f3n Frivole de Van Cleef & Arpels, una verdadera obra maestra de la joyer\u00eda contempor\u00e1nea que no pueden dejar pasar desapercibida. Primero que nada, d\u00e9jenme decirles que la pulsera\u2026","rel":"","context":"En \u00abDise\u00f1o\u00bb","block_context":{"text":"Dise\u00f1o","link":"https:\/\/zeromagazine.mx\/index.php\/category\/diseno\/"},"img":{"alt_text":"","src":"https:\/\/i0.wp.com\/zeromagazine.mx\/wp-content\/uploads\/2024\/03\/Captura-de-pantalla-533.png?fit=581%2C527&ssl=1&resize=350%2C200","width":350,"height":200,"srcset":"https:\/\/i0.wp.com\/zeromagazine.mx\/wp-content\/uploads\/2024\/03\/Captura-de-pantalla-533.png?fit=581%2C527&ssl=1&resize=350%2C200 1x, https:\/\/i0.wp.com\/zeromagazine.mx\/wp-content\/uploads\/2024\/03\/Captura-de-pantalla-533.png?fit=581%2C527&ssl=1&resize=525%2C300 1.5x"},"classes":[]},{"id":90313,"url":"https:\/\/zeromagazine.mx\/index.php\/2024\/11\/12\/joyas-que-florecen-en-invierno\/","url_meta":{"origin":110086,"position":2},"title":"\u00abJoyas que florecen en invierno\u00bb","author":"zeromagazinemx","date":"12 de noviembre de 2024","format":false,"excerpt":"\u00bfReady para llevar tu joyer\u00eda al next level esta temporada? Si eres de los que ama el vibe \u00fanico y po\u00e9tico de una joya bien hecha, d\u00e9jame contarte sobre la nueva colecci\u00f3n de Van Cleef & Arpels, llamada\u00a0Rose de No\u00ebl. Esta es la colecci\u00f3n para quienes creen que la magia\u2026","rel":"","context":"En \u00abModa\u00bb","block_context":{"text":"Moda","link":"https:\/\/zeromagazine.mx\/index.php\/category\/moda\/"},"img":{"alt_text":"","src":"https:\/\/i0.wp.com\/zeromagazine.mx\/wp-content\/uploads\/2024\/11\/2021966_1-scaled.jpg?fit=1200%2C673&ssl=1&resize=350%2C200","width":350,"height":200,"srcset":"https:\/\/i0.wp.com\/zeromagazine.mx\/wp-content\/uploads\/2024\/11\/2021966_1-scaled.jpg?fit=1200%2C673&ssl=1&resize=350%2C200 1x, https:\/\/i0.wp.com\/zeromagazine.mx\/wp-content\/uploads\/2024\/11\/2021966_1-scaled.jpg?fit=1200%2C673&ssl=1&resize=525%2C300 1.5x, https:\/\/i0.wp.com\/zeromagazine.mx\/wp-content\/uploads\/2024\/11\/2021966_1-scaled.jpg?fit=1200%2C673&ssl=1&resize=700%2C400 2x, https:\/\/i0.wp.com\/zeromagazine.mx\/wp-content\/uploads\/2024\/11\/2021966_1-scaled.jpg?fit=1200%2C673&ssl=1&resize=1050%2C600 3x"},"classes":[]},{"id":84899,"url":"https:\/\/zeromagazine.mx\/index.php\/2024\/09\/30\/anillos-de-compromiso-full-elegancia\/","url_meta":{"origin":110086,"position":3},"title":"\u00abAnillos de Compromiso, Full Elegancia\u00bb","author":"zeromagazinemx","date":"30 de septiembre de 2024","format":false,"excerpt":"Cuando hablamos de joyas de lujo,\u00a0Van Cleef & Arpels\u00a0es la definici\u00f3n de classy vibes, pero como con ese toque de magia que convierte lo que tocan en una obra de arte. Ya sabes, esa sensaci\u00f3n de que llevas algo mucho m\u00e1s all\u00e1 de un simple accesorio. Esta maison francesa, desde\u2026","rel":"","context":"En \u00abModa\u00bb","block_context":{"text":"Moda","link":"https:\/\/zeromagazine.mx\/index.php\/category\/moda\/"},"img":{"alt_text":"","src":"https:\/\/i0.wp.com\/zeromagazine.mx\/wp-content\/uploads\/2024\/09\/2054278.png?fit=900%2C1200&ssl=1&resize=350%2C200","width":350,"height":200,"srcset":"https:\/\/i0.wp.com\/zeromagazine.mx\/wp-content\/uploads\/2024\/09\/2054278.png?fit=900%2C1200&ssl=1&resize=350%2C200 1x, https:\/\/i0.wp.com\/zeromagazine.mx\/wp-content\/uploads\/2024\/09\/2054278.png?fit=900%2C1200&ssl=1&resize=525%2C300 1.5x, https:\/\/i0.wp.com\/zeromagazine.mx\/wp-content\/uploads\/2024\/09\/2054278.png?fit=900%2C1200&ssl=1&resize=700%2C400 2x"},"classes":[]},{"id":88592,"url":"https:\/\/zeromagazine.mx\/index.php\/2024\/10\/28\/joyas-para-momentos-especiales\/","url_meta":{"origin":110086,"position":4},"title":"\u00abJoyas para Momentos Especiales\u00bb","author":"zeromagazinemx","date":"28 de octubre de 2024","format":false,"excerpt":"\u00bfAlguna vez has so\u00f1ado con llevar una joya que no solo sea hermosa, sino que tambi\u00e9n cuente una historia? Pues d\u00e9jame decirte que Van Cleef & Arpels ha logrado eso y mucho m\u00e1s con su \u00faltima colecci\u00f3n. Desde piezas que evocan la belleza de la naturaleza hasta joyas que traen\u2026","rel":"","context":"En \u00abModa\u00bb","block_context":{"text":"Moda","link":"https:\/\/zeromagazine.mx\/index.php\/category\/moda\/"},"img":{"alt_text":"","src":"https:\/\/i0.wp.com\/zeromagazine.mx\/wp-content\/uploads\/2024\/10\/PERLEE_CORPORATE_2024_WORN_05_1920x1080_300_SRGB-scaled.jpg?fit=1200%2C675&ssl=1&resize=350%2C200","width":350,"height":200,"srcset":"https:\/\/i0.wp.com\/zeromagazine.mx\/wp-content\/uploads\/2024\/10\/PERLEE_CORPORATE_2024_WORN_05_1920x1080_300_SRGB-scaled.jpg?fit=1200%2C675&ssl=1&resize=350%2C200 1x, https:\/\/i0.wp.com\/zeromagazine.mx\/wp-content\/uploads\/2024\/10\/PERLEE_CORPORATE_2024_WORN_05_1920x1080_300_SRGB-scaled.jpg?fit=1200%2C675&ssl=1&resize=525%2C300 1.5x, https:\/\/i0.wp.com\/zeromagazine.mx\/wp-content\/uploads\/2024\/10\/PERLEE_CORPORATE_2024_WORN_05_1920x1080_300_SRGB-scaled.jpg?fit=1200%2C675&ssl=1&resize=700%2C400 2x, https:\/\/i0.wp.com\/zeromagazine.mx\/wp-content\/uploads\/2024\/10\/PERLEE_CORPORATE_2024_WORN_05_1920x1080_300_SRGB-scaled.jpg?fit=1200%2C675&ssl=1&resize=1050%2C600 3x"},"classes":[]},{"id":106764,"url":"https:\/\/zeromagazine.mx\/index.php\/2025\/07\/15\/alta-joyeria-en-flor-con-van-cleef-arpels\/","url_meta":{"origin":110086,"position":5},"title":"Alta joyer\u00eda en flor con Van Cleef &amp; Arpels","author":"David Morales","date":"15 de julio de 2025","format":false,"excerpt":"La belleza florece en forma de joya. Con Fleurs d\u2019Hawa\u00ef, Van Cleef & Arpels nos transporta a un jard\u00edn eterno donde la alta joyer\u00eda se convierte en un poema visual lleno de luz, color y movimiento. Inspirada en la exuberancia tropical, esta nueva colecci\u00f3n revive la relaci\u00f3n apasionada entre la\u2026","rel":"","context":"En \u00abModa\u00bb","block_context":{"text":"Moda","link":"https:\/\/zeromagazine.mx\/index.php\/category\/moda\/"},"img":{"alt_text":"","src":"https:\/\/i0.wp.com\/zeromagazine.mx\/wp-content\/uploads\/2025\/07\/VCA_VCARPET500_T3014_V3007_B0006-XXXXXX-I-copie-scaled.jpeg?fit=837%2C1200&ssl=1&resize=350%2C200","width":350,"height":200,"srcset":"https:\/\/i0.wp.com\/zeromagazine.mx\/wp-content\/uploads\/2025\/07\/VCA_VCARPET500_T3014_V3007_B0006-XXXXXX-I-copie-scaled.jpeg?fit=837%2C1200&ssl=1&resize=350%2C200 1x, https:\/\/i0.wp.com\/zeromagazine.mx\/wp-content\/uploads\/2025\/07\/VCA_VCARPET500_T3014_V3007_B0006-XXXXXX-I-copie-scaled.jpeg?fit=837%2C1200&ssl=1&resize=525%2C300 1.5x, https:\/\/i0.wp.com\/zeromagazine.mx\/wp-content\/uploads\/2025\/07\/VCA_VCARPET500_T3014_V3007_B0006-XXXXXX-I-copie-scaled.jpeg?fit=837%2C1200&ssl=1&resize=700%2C400 2x"},"classes":[]}],"jetpack_sharing_enabled":true,"builder_content":"","_links":{"self":[{"href":"https:\/\/zeromagazine.mx\/index.php\/wp-json\/wp\/v2\/posts\/110086","targetHints":{"allow":["GET"]}}],"collection":[{"href":"https:\/\/zeromagazine.mx\/index.php\/wp-json\/wp\/v2\/posts"}],"about":[{"href":"https:\/\/zeromagazine.mx\/index.php\/wp-json\/wp\/v2\/types\/post"}],"author":[{"embeddable":true,"href":"https:\/\/zeromagazine.mx\/index.php\/wp-json\/wp\/v2\/users\/2"}],"replies":[{"embeddable":true,"href":"https:\/\/zeromagazine.mx\/index.php\/wp-json\/wp\/v2\/comments?post=110086"}],"version-history":[{"count":1,"href":"https:\/\/zeromagazine.mx\/index.php\/wp-json\/wp\/v2\/posts\/110086\/revisions"}],"predecessor-version":[{"id":110094,"href":"https:\/\/zeromagazine.mx\/index.php\/wp-json\/wp\/v2\/posts\/110086\/revisions\/110094"}],"wp:featuredmedia":[{"embeddable":true,"href":"https:\/\/zeromagazine.mx\/index.php\/wp-json\/wp\/v2\/media\/110092"}],"wp:attachment":[{"href":"https:\/\/zeromagazine.mx\/index.php\/wp-json\/wp\/v2\/media?parent=110086"}],"wp:term":[{"taxonomy":"category","embeddable":true,"href":"https:\/\/zeromagazine.mx\/index.php\/wp-json\/wp\/v2\/categories?post=110086"},{"taxonomy":"post_tag","embeddable":true,"href":"https:\/\/zeromagazine.mx\/index.php\/wp-json\/wp\/v2\/tags?post=110086"}],"curies":[{"name":"wp","href":"https:\/\/api.w.org\/{rel}","templated":true}]}}