{"id":110150,"date":"2025-11-05T22:56:28","date_gmt":"2025-11-06T04:56:28","guid":{"rendered":"https:\/\/zeromagazine.mx\/?p=110150"},"modified":"2025-11-05T22:56:29","modified_gmt":"2025-11-06T04:56:29","slug":"cuidado-capilar-ritual-otono-monday","status":"publish","type":"post","link":"https:\/\/zeromagazine.mx\/index.php\/2025\/11\/05\/cuidado-capilar-ritual-otono-monday\/","title":{"rendered":"Cuidado capilar cozy vibes"},"content":{"rendered":"<!--themify_builder_content-->\n<div id=\"themify_builder_content-110150\" data-postid=\"110150\" class=\"themify_builder_content themify_builder_content-110150 themify_builder tf_clear\">\n    <\/div>\n<!--\/themify_builder_content-->\n\n\n<p>Cuando el clima empieza a cambiar, hay algo en el aire que nos invita a bajar el ritmo. Las ma\u00f1anas se sienten m\u00e1s suaves, el caf\u00e9 de la tarde se vuelve un ritual sagrado y de pronto queremos rodearnos de cosas que se sientan\u2026 acogedoras. Dentro de esa energy de oto\u00f1o, el cuidado capilar se convierte en uno de esos peque\u00f1os placeres que hacen la diferencia en c\u00f3mo empezamos el d\u00eda. Y aqu\u00ed es donde MONDAY Haircare entra con fuerza, listo para ser tu acompa\u00f1ante oficial de \u201cmain character era\u201d frente al espejo.<\/p>\n\n\n\n<p>Pero seamos sincerxs: no todo el mundo tiene tiempo (ni ganas) de rutinas eternas. Por eso, lo que hace especial a MONDAY es que cada producto se siente pensado para la vida real: f\u00f3rmulas veganas, libres de sulfatos, con texturas ricas y aromas suaves que hacen de la ducha un mini ritual de autocuidado sin complicarte la existencia.<\/p>\n\n\n\n<figure class=\"wp-block-gallery has-nested-images columns-default is-cropped wp-block-gallery-1 is-layout-flex wp-block-gallery-is-layout-flex\">\n<figure class=\"wp-block-image size-full\"><img data-recalc-dims=\"1\" decoding=\"async\" width=\"1120\" height=\"1120\" data-id=\"110152\" src=\"https:\/\/i0.wp.com\/zeromagazine.mx\/wp-content\/uploads\/2025\/11\/IMG_5780.jpeg?resize=1120%2C1120&#038;ssl=1\" alt=\"\" class=\"wp-image-110152\" srcset=\"https:\/\/i0.wp.com\/zeromagazine.mx\/wp-content\/uploads\/2025\/11\/IMG_5780.jpeg?w=1120&amp;ssl=1 1120w, https:\/\/i0.wp.com\/zeromagazine.mx\/wp-content\/uploads\/2025\/11\/IMG_5780.jpeg?resize=300%2C300&amp;ssl=1 300w, https:\/\/i0.wp.com\/zeromagazine.mx\/wp-content\/uploads\/2025\/11\/IMG_5780.jpeg?resize=1024%2C1024&amp;ssl=1 1024w, https:\/\/i0.wp.com\/zeromagazine.mx\/wp-content\/uploads\/2025\/11\/IMG_5780.jpeg?resize=150%2C150&amp;ssl=1 150w, https:\/\/i0.wp.com\/zeromagazine.mx\/wp-content\/uploads\/2025\/11\/IMG_5780.jpeg?resize=768%2C768&amp;ssl=1 768w\" sizes=\"(max-width: 1120px) 100vw, 1120px\" \/><\/figure>\n<\/figure>\n\n\n\n<p><strong>Cuidado capilar para d\u00edas fr\u00edos<\/strong><\/p>\n\n\n\n<p>Adem\u00e1s, cuando llega oto\u00f1o, el cabello lo resiente: el aire es m\u00e1s seco, el frizz se anuncia sin invitaci\u00f3n y el brillo puede desaparecer como si nunca hubiera existido. MONDAY entiende esa transici\u00f3n y por eso sus l\u00edneas est\u00e1n dise\u00f1adas para abrazar lo que tu pelo necesita en esta temporada:<\/p>\n\n\n\n<ul class=\"wp-block-list\">\n<li>Moisture: Si tu cabello est\u00e1 pidiendo auxilio emocional, este es el abrazo c\u00e1lido. Aceite de coco + manteca de karit\u00e9 = suavidad nivel su\u00e9ter favorito.<\/li>\n\n\n\n<li>Smooth: El ant\u00eddoto oficial del frizz incontrolable. Piensa en brillo natural y textura pulida sin esfuerzo.<\/li>\n\n\n\n<li>Volume: Ideal para esos d\u00edas donde quieres \u201cs\u00ed, me despert\u00e9 con este volumen\u201d. Jengibre y prote\u00edna vegetal para dar cuerpo sin peso.<\/li>\n\n\n\n<li>Leave-In Conditioner: Tu paso final para sellar todo: hidrata, protege del calor y deja el cabello fluffy y luminoso.<\/li>\n<\/ul>\n\n\n\n<p>Sin embargo, la verdadera magia est\u00e1 en c\u00f3mo se siente el momento. No se trata solo de lavar el cabello; se trata de poner tu playlist favorita, dejar que el vapor de la ducha te envuelva y darte tres minutos donde el mundo se pausa un poco.<\/p>\n\n\n\n<figure class=\"wp-block-image size-full\"><img data-recalc-dims=\"1\" decoding=\"async\" width=\"1120\" height=\"747\" src=\"https:\/\/i0.wp.com\/zeromagazine.mx\/wp-content\/uploads\/2025\/11\/IMG_5777.jpeg?resize=1120%2C747&#038;ssl=1\" alt=\"\" class=\"wp-image-110153\" srcset=\"https:\/\/i0.wp.com\/zeromagazine.mx\/wp-content\/uploads\/2025\/11\/IMG_5777.jpeg?w=1120&amp;ssl=1 1120w, https:\/\/i0.wp.com\/zeromagazine.mx\/wp-content\/uploads\/2025\/11\/IMG_5777.jpeg?resize=300%2C200&amp;ssl=1 300w, https:\/\/i0.wp.com\/zeromagazine.mx\/wp-content\/uploads\/2025\/11\/IMG_5777.jpeg?resize=1024%2C683&amp;ssl=1 1024w, https:\/\/i0.wp.com\/zeromagazine.mx\/wp-content\/uploads\/2025\/11\/IMG_5777.jpeg?resize=768%2C512&amp;ssl=1 768w\" sizes=\"(max-width: 1120px) 100vw, 1120px\" \/><\/figure>\n\n\n\n<p><strong>Cuidado capilar como autocuidado real<\/strong><\/p>\n\n\n\n<p>Finalmente, cuidar tu cabello es, en realidad, una forma de cuidarte a ti. Es mirarte al espejo y reconocer que te diste un espacio, aunque sea peque\u00f1o, para hacerte sentir bien. MONDAY lo entiende a la perfecci\u00f3n: productos bonitos, sensoriales, accesibles y pensados para acompa\u00f1arte justo en esta temporada donde queremos suavidad, calma y brillo (en todo sentido).<\/p>\n\n\n\n<p>Este oto\u00f1o, si vas a convertir algo en ritual, que sea tu cuidado capilar.<\/p>\n\n\n\n<p>Puedes encontrar MONDAY Haircare en Ulta Beauty M\u00e9xico, ulta.com.mx, Sally Beauty y Walmart M\u00e9xico.<\/p>","protected":false},"excerpt":{"rendered":"<p>Cuando el clima empieza a cambiar, hay algo en el aire que nos invita a bajar el ritmo. Las ma\u00f1anas se sienten m\u00e1s suaves, el caf\u00e9 de la tarde se vuelve un ritual sagrado y de pronto queremos rodearnos de cosas que se sientan\u2026 acogedoras. Dentro de esa energy de oto\u00f1o, el cuidado capilar se [&hellip;]<\/p>\n","protected":false},"author":6,"featured_media":110153,"comment_status":"open","ping_status":"open","sticky":false,"template":"","format":"standard","meta":{"_jetpack_memberships_contains_paid_content":false,"footnotes":"","jetpack_publicize_message":"","jetpack_publicize_feature_enabled":true,"jetpack_social_post_already_shared":true,"jetpack_social_options":{"image_generator_settings":{"template":"highway","default_image_id":0,"font":"","enabled":false},"version":2}},"categories":[9858],"tags":[],"class_list":["post-110150","post","type-post","status-publish","format-standard","has-post-thumbnail","hentry","category-beauty","has-post-title","has-post-date","has-post-category","has-post-tag","has-post-comment","has-post-author",""],"yoast_head":"<!-- This site is optimized with the Yoast SEO plugin v27.5 - https:\/\/yoast.com\/product\/yoast-seo-wordpress\/ -->\n<title>Cuidado capilar cozy vibes - Zero Magazine<\/title>\n<meta name=\"description\" content=\"Descubre c\u00f3mo MONDAY transforma tu cuidado capilar en un ritual cozy perfecto para oto\u00f1o.\" \/>\n<meta name=\"robots\" content=\"index, follow, max-snippet:-1, max-image-preview:large, max-video-preview:-1\" \/>\n<link rel=\"canonical\" href=\"https:\/\/zeromagazine.mx\/index.php\/2025\/11\/05\/cuidado-capilar-ritual-otono-monday\/\" \/>\n<meta property=\"og:locale\" content=\"es_ES\" \/>\n<meta property=\"og:type\" content=\"article\" \/>\n<meta property=\"og:title\" content=\"Cuidado capilar cozy vibes - Zero Magazine\" \/>\n<meta property=\"og:description\" content=\"Descubre c\u00f3mo MONDAY transforma tu cuidado capilar en un ritual cozy perfecto para oto\u00f1o.\" \/>\n<meta property=\"og:url\" content=\"https:\/\/zeromagazine.mx\/index.php\/2025\/11\/05\/cuidado-capilar-ritual-otono-monday\/\" \/>\n<meta property=\"og:site_name\" content=\"Zero Magazine\" \/>\n<meta property=\"article:published_time\" content=\"2025-11-06T04:56:28+00:00\" \/>\n<meta property=\"article:modified_time\" content=\"2025-11-06T04:56:29+00:00\" \/>\n<meta property=\"og:image\" content=\"http:\/\/zeromagazine.mx\/wp-content\/uploads\/2025\/11\/IMG_5777.jpeg\" \/>\n\t<meta property=\"og:image:width\" content=\"1120\" \/>\n\t<meta property=\"og:image:height\" content=\"747\" \/>\n\t<meta property=\"og:image:type\" content=\"image\/jpeg\" \/>\n<meta name=\"author\" content=\"Luis Trujano\" \/>\n<meta name=\"twitter:card\" content=\"summary_large_image\" \/>\n<meta name=\"twitter:label1\" content=\"Escrito por\" \/>\n\t<meta name=\"twitter:data1\" content=\"Luis Trujano\" \/>\n\t<meta name=\"twitter:label2\" content=\"Tiempo de lectura\" \/>\n\t<meta name=\"twitter:data2\" content=\"3 minutos\" \/>\n<script type=\"application\/ld+json\" class=\"yoast-schema-graph\">{\"@context\":\"https:\\\/\\\/schema.org\",\"@graph\":[{\"@type\":\"Article\",\"@id\":\"https:\\\/\\\/zeromagazine.mx\\\/index.php\\\/2025\\\/11\\\/05\\\/cuidado-capilar-ritual-otono-monday\\\/#article\",\"isPartOf\":{\"@id\":\"https:\\\/\\\/zeromagazine.mx\\\/index.php\\\/2025\\\/11\\\/05\\\/cuidado-capilar-ritual-otono-monday\\\/\"},\"author\":{\"name\":\"Luis Trujano\",\"@id\":\"https:\\\/\\\/zeromagazine.mx\\\/#\\\/schema\\\/person\\\/118d2dc27eca6f07b968c953d12daa6b\"},\"headline\":\"Cuidado capilar cozy vibes\",\"datePublished\":\"2025-11-06T04:56:28+00:00\",\"dateModified\":\"2025-11-06T04:56:29+00:00\",\"mainEntityOfPage\":{\"@id\":\"https:\\\/\\\/zeromagazine.mx\\\/index.php\\\/2025\\\/11\\\/05\\\/cuidado-capilar-ritual-otono-monday\\\/\"},\"wordCount\":460,\"commentCount\":0,\"publisher\":{\"@id\":\"https:\\\/\\\/zeromagazine.mx\\\/#organization\"},\"image\":{\"@id\":\"https:\\\/\\\/zeromagazine.mx\\\/index.php\\\/2025\\\/11\\\/05\\\/cuidado-capilar-ritual-otono-monday\\\/#primaryimage\"},\"thumbnailUrl\":\"https:\\\/\\\/i0.wp.com\\\/zeromagazine.mx\\\/wp-content\\\/uploads\\\/2025\\\/11\\\/IMG_5777.jpeg?fit=1120%2C747&ssl=1\",\"articleSection\":[\"Beauty\"],\"inLanguage\":\"es\",\"potentialAction\":[{\"@type\":\"CommentAction\",\"name\":\"Comment\",\"target\":[\"https:\\\/\\\/zeromagazine.mx\\\/index.php\\\/2025\\\/11\\\/05\\\/cuidado-capilar-ritual-otono-monday\\\/#respond\"]}]},{\"@type\":\"WebPage\",\"@id\":\"https:\\\/\\\/zeromagazine.mx\\\/index.php\\\/2025\\\/11\\\/05\\\/cuidado-capilar-ritual-otono-monday\\\/\",\"url\":\"https:\\\/\\\/zeromagazine.mx\\\/index.php\\\/2025\\\/11\\\/05\\\/cuidado-capilar-ritual-otono-monday\\\/\",\"name\":\"Cuidado capilar cozy vibes - Zero Magazine\",\"isPartOf\":{\"@id\":\"https:\\\/\\\/zeromagazine.mx\\\/#website\"},\"primaryImageOfPage\":{\"@id\":\"https:\\\/\\\/zeromagazine.mx\\\/index.php\\\/2025\\\/11\\\/05\\\/cuidado-capilar-ritual-otono-monday\\\/#primaryimage\"},\"image\":{\"@id\":\"https:\\\/\\\/zeromagazine.mx\\\/index.php\\\/2025\\\/11\\\/05\\\/cuidado-capilar-ritual-otono-monday\\\/#primaryimage\"},\"thumbnailUrl\":\"https:\\\/\\\/i0.wp.com\\\/zeromagazine.mx\\\/wp-content\\\/uploads\\\/2025\\\/11\\\/IMG_5777.jpeg?fit=1120%2C747&ssl=1\",\"datePublished\":\"2025-11-06T04:56:28+00:00\",\"dateModified\":\"2025-11-06T04:56:29+00:00\",\"description\":\"Descubre c\u00f3mo MONDAY transforma tu cuidado capilar en un ritual cozy perfecto para oto\u00f1o.\",\"breadcrumb\":{\"@id\":\"https:\\\/\\\/zeromagazine.mx\\\/index.php\\\/2025\\\/11\\\/05\\\/cuidado-capilar-ritual-otono-monday\\\/#breadcrumb\"},\"inLanguage\":\"es\",\"potentialAction\":[{\"@type\":\"ReadAction\",\"target\":[\"https:\\\/\\\/zeromagazine.mx\\\/index.php\\\/2025\\\/11\\\/05\\\/cuidado-capilar-ritual-otono-monday\\\/\"]}]},{\"@type\":\"ImageObject\",\"inLanguage\":\"es\",\"@id\":\"https:\\\/\\\/zeromagazine.mx\\\/index.php\\\/2025\\\/11\\\/05\\\/cuidado-capilar-ritual-otono-monday\\\/#primaryimage\",\"url\":\"https:\\\/\\\/i0.wp.com\\\/zeromagazine.mx\\\/wp-content\\\/uploads\\\/2025\\\/11\\\/IMG_5777.jpeg?fit=1120%2C747&ssl=1\",\"contentUrl\":\"https:\\\/\\\/i0.wp.com\\\/zeromagazine.mx\\\/wp-content\\\/uploads\\\/2025\\\/11\\\/IMG_5777.jpeg?fit=1120%2C747&ssl=1\",\"width\":1120,\"height\":747},{\"@type\":\"BreadcrumbList\",\"@id\":\"https:\\\/\\\/zeromagazine.mx\\\/index.php\\\/2025\\\/11\\\/05\\\/cuidado-capilar-ritual-otono-monday\\\/#breadcrumb\",\"itemListElement\":[{\"@type\":\"ListItem\",\"position\":1,\"name\":\"Portada\",\"item\":\"https:\\\/\\\/zeromagazine.mx\\\/\"},{\"@type\":\"ListItem\",\"position\":2,\"name\":\"Cuidado capilar cozy vibes\"}]},{\"@type\":\"WebSite\",\"@id\":\"https:\\\/\\\/zeromagazine.mx\\\/#website\",\"url\":\"https:\\\/\\\/zeromagazine.mx\\\/\",\"name\":\"Zero Magazine\",\"description\":\"\",\"publisher\":{\"@id\":\"https:\\\/\\\/zeromagazine.mx\\\/#organization\"},\"potentialAction\":[{\"@type\":\"SearchAction\",\"target\":{\"@type\":\"EntryPoint\",\"urlTemplate\":\"https:\\\/\\\/zeromagazine.mx\\\/?s={search_term_string}\"},\"query-input\":{\"@type\":\"PropertyValueSpecification\",\"valueRequired\":true,\"valueName\":\"search_term_string\"}}],\"inLanguage\":\"es\"},{\"@type\":\"Organization\",\"@id\":\"https:\\\/\\\/zeromagazine.mx\\\/#organization\",\"name\":\"Zero Magazine\",\"url\":\"https:\\\/\\\/zeromagazine.mx\\\/\",\"logo\":{\"@type\":\"ImageObject\",\"inLanguage\":\"es\",\"@id\":\"https:\\\/\\\/zeromagazine.mx\\\/#\\\/schema\\\/logo\\\/image\\\/\",\"url\":\"https:\\\/\\\/i0.wp.com\\\/zeromagazine.mx\\\/wp-content\\\/uploads\\\/2025\\\/11\\\/1.jpeg?fit=1000%2C1000&ssl=1\",\"contentUrl\":\"https:\\\/\\\/i0.wp.com\\\/zeromagazine.mx\\\/wp-content\\\/uploads\\\/2025\\\/11\\\/1.jpeg?fit=1000%2C1000&ssl=1\",\"width\":1000,\"height\":1000,\"caption\":\"Zero Magazine\"},\"image\":{\"@id\":\"https:\\\/\\\/zeromagazine.mx\\\/#\\\/schema\\\/logo\\\/image\\\/\"},\"sameAs\":[\"https:\\\/\\\/instagram.com\\\/zeromagazinemx\"]},{\"@type\":\"Person\",\"@id\":\"https:\\\/\\\/zeromagazine.mx\\\/#\\\/schema\\\/person\\\/118d2dc27eca6f07b968c953d12daa6b\",\"name\":\"Luis Trujano\",\"image\":{\"@type\":\"ImageObject\",\"inLanguage\":\"es\",\"@id\":\"https:\\\/\\\/zeromagazine.mx\\\/wp-content\\\/litespeed\\\/avatar\\\/fbd9d1d6aa4d21e2bb5be8b3155046c9.jpg?ver=1777576316\",\"url\":\"https:\\\/\\\/zeromagazine.mx\\\/wp-content\\\/litespeed\\\/avatar\\\/fbd9d1d6aa4d21e2bb5be8b3155046c9.jpg?ver=1777576316\",\"contentUrl\":\"https:\\\/\\\/zeromagazine.mx\\\/wp-content\\\/litespeed\\\/avatar\\\/fbd9d1d6aa4d21e2bb5be8b3155046c9.jpg?ver=1777576316\",\"caption\":\"Luis Trujano\"},\"url\":\"https:\\\/\\\/zeromagazine.mx\\\/index.php\\\/author\\\/luis-trujano\\\/\"}]}<\/script>\n<!-- \/ Yoast SEO plugin. -->","yoast_head_json":{"title":"Cuidado capilar cozy vibes - Zero Magazine","description":"Descubre c\u00f3mo MONDAY transforma tu cuidado capilar en un ritual cozy perfecto para oto\u00f1o.","robots":{"index":"index","follow":"follow","max-snippet":"max-snippet:-1","max-image-preview":"max-image-preview:large","max-video-preview":"max-video-preview:-1"},"canonical":"https:\/\/zeromagazine.mx\/index.php\/2025\/11\/05\/cuidado-capilar-ritual-otono-monday\/","og_locale":"es_ES","og_type":"article","og_title":"Cuidado capilar cozy vibes - Zero Magazine","og_description":"Descubre c\u00f3mo MONDAY transforma tu cuidado capilar en un ritual cozy perfecto para oto\u00f1o.","og_url":"https:\/\/zeromagazine.mx\/index.php\/2025\/11\/05\/cuidado-capilar-ritual-otono-monday\/","og_site_name":"Zero Magazine","article_published_time":"2025-11-06T04:56:28+00:00","article_modified_time":"2025-11-06T04:56:29+00:00","og_image":[{"width":1120,"height":747,"url":"http:\/\/zeromagazine.mx\/wp-content\/uploads\/2025\/11\/IMG_5777.jpeg","type":"image\/jpeg"}],"author":"Luis Trujano","twitter_card":"summary_large_image","twitter_misc":{"Escrito por":"Luis Trujano","Tiempo de lectura":"3 minutos"},"schema":{"@context":"https:\/\/schema.org","@graph":[{"@type":"Article","@id":"https:\/\/zeromagazine.mx\/index.php\/2025\/11\/05\/cuidado-capilar-ritual-otono-monday\/#article","isPartOf":{"@id":"https:\/\/zeromagazine.mx\/index.php\/2025\/11\/05\/cuidado-capilar-ritual-otono-monday\/"},"author":{"name":"Luis Trujano","@id":"https:\/\/zeromagazine.mx\/#\/schema\/person\/118d2dc27eca6f07b968c953d12daa6b"},"headline":"Cuidado capilar cozy vibes","datePublished":"2025-11-06T04:56:28+00:00","dateModified":"2025-11-06T04:56:29+00:00","mainEntityOfPage":{"@id":"https:\/\/zeromagazine.mx\/index.php\/2025\/11\/05\/cuidado-capilar-ritual-otono-monday\/"},"wordCount":460,"commentCount":0,"publisher":{"@id":"https:\/\/zeromagazine.mx\/#organization"},"image":{"@id":"https:\/\/zeromagazine.mx\/index.php\/2025\/11\/05\/cuidado-capilar-ritual-otono-monday\/#primaryimage"},"thumbnailUrl":"https:\/\/i0.wp.com\/zeromagazine.mx\/wp-content\/uploads\/2025\/11\/IMG_5777.jpeg?fit=1120%2C747&ssl=1","articleSection":["Beauty"],"inLanguage":"es","potentialAction":[{"@type":"CommentAction","name":"Comment","target":["https:\/\/zeromagazine.mx\/index.php\/2025\/11\/05\/cuidado-capilar-ritual-otono-monday\/#respond"]}]},{"@type":"WebPage","@id":"https:\/\/zeromagazine.mx\/index.php\/2025\/11\/05\/cuidado-capilar-ritual-otono-monday\/","url":"https:\/\/zeromagazine.mx\/index.php\/2025\/11\/05\/cuidado-capilar-ritual-otono-monday\/","name":"Cuidado capilar cozy vibes - Zero Magazine","isPartOf":{"@id":"https:\/\/zeromagazine.mx\/#website"},"primaryImageOfPage":{"@id":"https:\/\/zeromagazine.mx\/index.php\/2025\/11\/05\/cuidado-capilar-ritual-otono-monday\/#primaryimage"},"image":{"@id":"https:\/\/zeromagazine.mx\/index.php\/2025\/11\/05\/cuidado-capilar-ritual-otono-monday\/#primaryimage"},"thumbnailUrl":"https:\/\/i0.wp.com\/zeromagazine.mx\/wp-content\/uploads\/2025\/11\/IMG_5777.jpeg?fit=1120%2C747&ssl=1","datePublished":"2025-11-06T04:56:28+00:00","dateModified":"2025-11-06T04:56:29+00:00","description":"Descubre c\u00f3mo MONDAY transforma tu cuidado capilar en un ritual cozy perfecto para oto\u00f1o.","breadcrumb":{"@id":"https:\/\/zeromagazine.mx\/index.php\/2025\/11\/05\/cuidado-capilar-ritual-otono-monday\/#breadcrumb"},"inLanguage":"es","potentialAction":[{"@type":"ReadAction","target":["https:\/\/zeromagazine.mx\/index.php\/2025\/11\/05\/cuidado-capilar-ritual-otono-monday\/"]}]},{"@type":"ImageObject","inLanguage":"es","@id":"https:\/\/zeromagazine.mx\/index.php\/2025\/11\/05\/cuidado-capilar-ritual-otono-monday\/#primaryimage","url":"https:\/\/i0.wp.com\/zeromagazine.mx\/wp-content\/uploads\/2025\/11\/IMG_5777.jpeg?fit=1120%2C747&ssl=1","contentUrl":"https:\/\/i0.wp.com\/zeromagazine.mx\/wp-content\/uploads\/2025\/11\/IMG_5777.jpeg?fit=1120%2C747&ssl=1","width":1120,"height":747},{"@type":"BreadcrumbList","@id":"https:\/\/zeromagazine.mx\/index.php\/2025\/11\/05\/cuidado-capilar-ritual-otono-monday\/#breadcrumb","itemListElement":[{"@type":"ListItem","position":1,"name":"Portada","item":"https:\/\/zeromagazine.mx\/"},{"@type":"ListItem","position":2,"name":"Cuidado capilar cozy vibes"}]},{"@type":"WebSite","@id":"https:\/\/zeromagazine.mx\/#website","url":"https:\/\/zeromagazine.mx\/","name":"Zero Magazine","description":"","publisher":{"@id":"https:\/\/zeromagazine.mx\/#organization"},"potentialAction":[{"@type":"SearchAction","target":{"@type":"EntryPoint","urlTemplate":"https:\/\/zeromagazine.mx\/?s={search_term_string}"},"query-input":{"@type":"PropertyValueSpecification","valueRequired":true,"valueName":"search_term_string"}}],"inLanguage":"es"},{"@type":"Organization","@id":"https:\/\/zeromagazine.mx\/#organization","name":"Zero Magazine","url":"https:\/\/zeromagazine.mx\/","logo":{"@type":"ImageObject","inLanguage":"es","@id":"https:\/\/zeromagazine.mx\/#\/schema\/logo\/image\/","url":"https:\/\/i0.wp.com\/zeromagazine.mx\/wp-content\/uploads\/2025\/11\/1.jpeg?fit=1000%2C1000&ssl=1","contentUrl":"https:\/\/i0.wp.com\/zeromagazine.mx\/wp-content\/uploads\/2025\/11\/1.jpeg?fit=1000%2C1000&ssl=1","width":1000,"height":1000,"caption":"Zero Magazine"},"image":{"@id":"https:\/\/zeromagazine.mx\/#\/schema\/logo\/image\/"},"sameAs":["https:\/\/instagram.com\/zeromagazinemx"]},{"@type":"Person","@id":"https:\/\/zeromagazine.mx\/#\/schema\/person\/118d2dc27eca6f07b968c953d12daa6b","name":"Luis Trujano","image":{"@type":"ImageObject","inLanguage":"es","@id":"https:\/\/zeromagazine.mx\/wp-content\/litespeed\/avatar\/fbd9d1d6aa4d21e2bb5be8b3155046c9.jpg?ver=1777576316","url":"https:\/\/zeromagazine.mx\/wp-content\/litespeed\/avatar\/fbd9d1d6aa4d21e2bb5be8b3155046c9.jpg?ver=1777576316","contentUrl":"https:\/\/zeromagazine.mx\/wp-content\/litespeed\/avatar\/fbd9d1d6aa4d21e2bb5be8b3155046c9.jpg?ver=1777576316","caption":"Luis Trujano"},"url":"https:\/\/zeromagazine.mx\/index.php\/author\/luis-trujano\/"}]}},"jetpack_publicize_connections":[],"jetpack_featured_media_url":"https:\/\/i0.wp.com\/zeromagazine.mx\/wp-content\/uploads\/2025\/11\/IMG_5777.jpeg?fit=1120%2C747&ssl=1","jetpack-related-posts":[{"id":108933,"url":"https:\/\/zeromagazine.mx\/index.php\/2025\/09\/24\/monday-haircare-ulta-beauty-mexico\/","url_meta":{"origin":110150,"position":0},"title":"MONDAY Haircare en Ulta Beauty M\u00e9xico","author":"David Morales","date":"24 de septiembre de 2025","format":false,"excerpt":"\u00a0Del feed de Instagram directo a tu rutina:\u00a0MONDAY Haircare\u00a0acaba de aterrizar en Ulta Beauty M\u00e9xico. La marca que conquist\u00f3 TikTok con sus botellas rosas e irresistibles f\u00f3rmulas de lujo accesible, ya est\u00e1 lista para convertirse en tu nuevo must de ba\u00f1o.Con empaques dignos de foto, f\u00f3rmulas sin sulfatos y un\u2026","rel":"","context":"En \u00abBeauty\u00bb","block_context":{"text":"Beauty","link":"https:\/\/zeromagazine.mx\/index.php\/category\/beauty\/"},"img":{"alt_text":"","src":"https:\/\/i0.wp.com\/zeromagazine.mx\/wp-content\/uploads\/2025\/09\/IMG_6294.jpeg?fit=1080%2C1120&ssl=1&resize=350%2C200","width":350,"height":200,"srcset":"https:\/\/i0.wp.com\/zeromagazine.mx\/wp-content\/uploads\/2025\/09\/IMG_6294.jpeg?fit=1080%2C1120&ssl=1&resize=350%2C200 1x, https:\/\/i0.wp.com\/zeromagazine.mx\/wp-content\/uploads\/2025\/09\/IMG_6294.jpeg?fit=1080%2C1120&ssl=1&resize=525%2C300 1.5x, https:\/\/i0.wp.com\/zeromagazine.mx\/wp-content\/uploads\/2025\/09\/IMG_6294.jpeg?fit=1080%2C1120&ssl=1&resize=700%2C400 2x, https:\/\/i0.wp.com\/zeromagazine.mx\/wp-content\/uploads\/2025\/09\/IMG_6294.jpeg?fit=1080%2C1120&ssl=1&resize=1050%2C600 3x"},"classes":[]},{"id":91832,"url":"https:\/\/zeromagazine.mx\/index.php\/2024\/11\/26\/monday-haircare-tu-melena-tu-vibe\/","url_meta":{"origin":110150,"position":1},"title":"\u00abMonday Haircare: Tu Melena, Tu Vibe\u00bb","author":"zeromagazinemx","date":"26 de noviembre de 2024","format":false,"excerpt":"\u00bfQu\u00e9 opinas de los lunes? Sabemos que para muchos es un d\u00eda dif\u00edcil de superar, pero, \u00bfy si te dijera que en lugar de verlo como el peor d\u00eda de la semana, pudieras verlo como una oportunidad para comenzar de nuevo? Monday Haircare llega para cambiar por completo la forma\u2026","rel":"","context":"En \u00abBeauty\u00bb","block_context":{"text":"Beauty","link":"https:\/\/zeromagazine.mx\/index.php\/category\/beauty\/"},"img":{"alt_text":"","src":"https:\/\/i0.wp.com\/zeromagazine.mx\/wp-content\/uploads\/2024\/11\/MONDAY-Haircare_STUDIOSELECT_Shot_4-scaled.jpg?fit=1200%2C801&ssl=1&resize=350%2C200","width":350,"height":200,"srcset":"https:\/\/i0.wp.com\/zeromagazine.mx\/wp-content\/uploads\/2024\/11\/MONDAY-Haircare_STUDIOSELECT_Shot_4-scaled.jpg?fit=1200%2C801&ssl=1&resize=350%2C200 1x, https:\/\/i0.wp.com\/zeromagazine.mx\/wp-content\/uploads\/2024\/11\/MONDAY-Haircare_STUDIOSELECT_Shot_4-scaled.jpg?fit=1200%2C801&ssl=1&resize=525%2C300 1.5x, https:\/\/i0.wp.com\/zeromagazine.mx\/wp-content\/uploads\/2024\/11\/MONDAY-Haircare_STUDIOSELECT_Shot_4-scaled.jpg?fit=1200%2C801&ssl=1&resize=700%2C400 2x, https:\/\/i0.wp.com\/zeromagazine.mx\/wp-content\/uploads\/2024\/11\/MONDAY-Haircare_STUDIOSELECT_Shot_4-scaled.jpg?fit=1200%2C801&ssl=1&resize=1050%2C600 3x"},"classes":[]},{"id":84632,"url":"https:\/\/zeromagazine.mx\/index.php\/2024\/09\/26\/5-pasos-para-un-cabello-glowy\/","url_meta":{"origin":110150,"position":2},"title":"5 Pasos para un Cabello Glowy","author":"zeromagazinemx","date":"26 de septiembre de 2024","format":false,"excerpt":"A veces, nuestra melena se siente como si hubiera pasado por un campo de batalla: calor, contaminaci\u00f3n, productos qu\u00edmicos, y ni hablemos del cuidado que a veces olvidamos. \u00bfEl resultado? Un cabello seco y sin vida. Pero no te preocupes, hay esperanza. Con la rutina adecuada, tu cabello puede volver\u2026","rel":"","context":"En \u00abBeauty\u00bb","block_context":{"text":"Beauty","link":"https:\/\/zeromagazine.mx\/index.php\/category\/beauty\/"},"img":{"alt_text":"","src":"https:\/\/i0.wp.com\/zeromagazine.mx\/wp-content\/uploads\/2024\/09\/MONDAY-Haircare_STUDIOSELECT_Shot_3-1-scaled.jpg?fit=1200%2C801&ssl=1&resize=350%2C200","width":350,"height":200,"srcset":"https:\/\/i0.wp.com\/zeromagazine.mx\/wp-content\/uploads\/2024\/09\/MONDAY-Haircare_STUDIOSELECT_Shot_3-1-scaled.jpg?fit=1200%2C801&ssl=1&resize=350%2C200 1x, https:\/\/i0.wp.com\/zeromagazine.mx\/wp-content\/uploads\/2024\/09\/MONDAY-Haircare_STUDIOSELECT_Shot_3-1-scaled.jpg?fit=1200%2C801&ssl=1&resize=525%2C300 1.5x, https:\/\/i0.wp.com\/zeromagazine.mx\/wp-content\/uploads\/2024\/09\/MONDAY-Haircare_STUDIOSELECT_Shot_3-1-scaled.jpg?fit=1200%2C801&ssl=1&resize=700%2C400 2x, https:\/\/i0.wp.com\/zeromagazine.mx\/wp-content\/uploads\/2024\/09\/MONDAY-Haircare_STUDIOSELECT_Shot_3-1-scaled.jpg?fit=1200%2C801&ssl=1&resize=1050%2C600 3x"},"classes":[]},{"id":112151,"url":"https:\/\/zeromagazine.mx\/index.php\/2025\/12\/25\/monday-haircare-mexico-farmacias-del-ahorro\/","url_meta":{"origin":110150,"position":3},"title":"MONDAY Haircare M\u00e9xico llega","author":"zeromagazinemx","date":"25 de diciembre de 2025","format":false,"excerpt":"Hay algo poderoso en esos peque\u00f1os rituales que hacemos solo para nosotrxs. Ese momento frente al espejo, aud\u00edfonos puestos, agua tibia cayendo y tu shampoo favorito haciendo espuma. El autocuidado no siempre tiene que ser complicado ni costoso, y MONDAY Haircare M\u00e9xico lo entiende perfecto. La marca del envase rosa\u2026","rel":"","context":"En \u00abBlog\u00bb","block_context":{"text":"Blog","link":"https:\/\/zeromagazine.mx\/index.php\/category\/blog\/"},"img":{"alt_text":"","src":"https:\/\/i0.wp.com\/zeromagazine.mx\/wp-content\/uploads\/2025\/12\/1000046209.webp?fit=1200%2C829&ssl=1&resize=350%2C200","width":350,"height":200,"srcset":"https:\/\/i0.wp.com\/zeromagazine.mx\/wp-content\/uploads\/2025\/12\/1000046209.webp?fit=1200%2C829&ssl=1&resize=350%2C200 1x, https:\/\/i0.wp.com\/zeromagazine.mx\/wp-content\/uploads\/2025\/12\/1000046209.webp?fit=1200%2C829&ssl=1&resize=525%2C300 1.5x, https:\/\/i0.wp.com\/zeromagazine.mx\/wp-content\/uploads\/2025\/12\/1000046209.webp?fit=1200%2C829&ssl=1&resize=700%2C400 2x, https:\/\/i0.wp.com\/zeromagazine.mx\/wp-content\/uploads\/2025\/12\/1000046209.webp?fit=1200%2C829&ssl=1&resize=1050%2C600 3x"},"classes":[]},{"id":117200,"url":"https:\/\/zeromagazine.mx\/index.php\/2026\/03\/23\/monday-haircare-mascarillas\/","url_meta":{"origin":110150,"position":4},"title":"MONDAY Haircare expande su galardonada l\u00ednea con la llegada de mascarillas capilares: para un cabello de \u00ab10\u00bb en 10 minutos","author":"David Morales","date":"23 de marzo de 2026","format":false,"excerpt":"La rutina capilar acaba de subir de nivel con el lanzamiento de\u00a0MONDAY Haircare mascarillas, la nueva apuesta de la marca que se ha convertido en favorita global dentro del mundo beauty. Con f\u00f3rmulas pensadas para resultados r\u00e1pidos, estas nuevas mascarillas prometen transformar el cabello en solo 10 minutos, algo que\u2026","rel":"","context":"En \u00abBeauty\u00bb","block_context":{"text":"Beauty","link":"https:\/\/zeromagazine.mx\/index.php\/category\/beauty\/"},"img":{"alt_text":"","src":"https:\/\/i0.wp.com\/zeromagazine.mx\/wp-content\/uploads\/2026\/03\/IMG_1825.jpeg?fit=1200%2C654&ssl=1&resize=350%2C200","width":350,"height":200,"srcset":"https:\/\/i0.wp.com\/zeromagazine.mx\/wp-content\/uploads\/2026\/03\/IMG_1825.jpeg?fit=1200%2C654&ssl=1&resize=350%2C200 1x, https:\/\/i0.wp.com\/zeromagazine.mx\/wp-content\/uploads\/2026\/03\/IMG_1825.jpeg?fit=1200%2C654&ssl=1&resize=525%2C300 1.5x, https:\/\/i0.wp.com\/zeromagazine.mx\/wp-content\/uploads\/2026\/03\/IMG_1825.jpeg?fit=1200%2C654&ssl=1&resize=700%2C400 2x, https:\/\/i0.wp.com\/zeromagazine.mx\/wp-content\/uploads\/2026\/03\/IMG_1825.jpeg?fit=1200%2C654&ssl=1&resize=1050%2C600 3x"},"classes":[]},{"id":110875,"url":"https:\/\/zeromagazine.mx\/index.php\/2025\/11\/19\/monday-haircare-en-mexico-farmacias-del-ahorro\/","url_meta":{"origin":110150,"position":5},"title":"MONDAY Haircare: cabello so\u00f1ado siempre","author":"zeromagazinemx","date":"19 de noviembre de 2025","format":false,"excerpt":"Si hay algo que est\u00e1 dominando las conversaciones de belleza \u00faltimamente, es c\u00f3mo convertir la rutina capilar en ese momento de paz que todxs necesitamos. Y s\u00ed, hay una marca que lo est\u00e1 logrando con cero esfuerzo y mucho estilo: MONDAY Haircare. Esa est\u00e9tica rosa pastel que ves en todos\u2026","rel":"","context":"En \u00abBeauty\u00bb","block_context":{"text":"Beauty","link":"https:\/\/zeromagazine.mx\/index.php\/category\/beauty\/"},"img":{"alt_text":"","src":"https:\/\/i0.wp.com\/zeromagazine.mx\/wp-content\/uploads\/2025\/11\/1000040254.jpg?fit=800%2C1200&ssl=1&resize=350%2C200","width":350,"height":200,"srcset":"https:\/\/i0.wp.com\/zeromagazine.mx\/wp-content\/uploads\/2025\/11\/1000040254.jpg?fit=800%2C1200&ssl=1&resize=350%2C200 1x, https:\/\/i0.wp.com\/zeromagazine.mx\/wp-content\/uploads\/2025\/11\/1000040254.jpg?fit=800%2C1200&ssl=1&resize=525%2C300 1.5x, https:\/\/i0.wp.com\/zeromagazine.mx\/wp-content\/uploads\/2025\/11\/1000040254.jpg?fit=800%2C1200&ssl=1&resize=700%2C400 2x"},"classes":[]}],"jetpack_sharing_enabled":true,"builder_content":"","_links":{"self":[{"href":"https:\/\/zeromagazine.mx\/index.php\/wp-json\/wp\/v2\/posts\/110150","targetHints":{"allow":["GET"]}}],"collection":[{"href":"https:\/\/zeromagazine.mx\/index.php\/wp-json\/wp\/v2\/posts"}],"about":[{"href":"https:\/\/zeromagazine.mx\/index.php\/wp-json\/wp\/v2\/types\/post"}],"author":[{"embeddable":true,"href":"https:\/\/zeromagazine.mx\/index.php\/wp-json\/wp\/v2\/users\/6"}],"replies":[{"embeddable":true,"href":"https:\/\/zeromagazine.mx\/index.php\/wp-json\/wp\/v2\/comments?post=110150"}],"version-history":[{"count":2,"href":"https:\/\/zeromagazine.mx\/index.php\/wp-json\/wp\/v2\/posts\/110150\/revisions"}],"predecessor-version":[{"id":110155,"href":"https:\/\/zeromagazine.mx\/index.php\/wp-json\/wp\/v2\/posts\/110150\/revisions\/110155"}],"wp:featuredmedia":[{"embeddable":true,"href":"https:\/\/zeromagazine.mx\/index.php\/wp-json\/wp\/v2\/media\/110153"}],"wp:attachment":[{"href":"https:\/\/zeromagazine.mx\/index.php\/wp-json\/wp\/v2\/media?parent=110150"}],"wp:term":[{"taxonomy":"category","embeddable":true,"href":"https:\/\/zeromagazine.mx\/index.php\/wp-json\/wp\/v2\/categories?post=110150"},{"taxonomy":"post_tag","embeddable":true,"href":"https:\/\/zeromagazine.mx\/index.php\/wp-json\/wp\/v2\/tags?post=110150"}],"curies":[{"name":"wp","href":"https:\/\/api.w.org\/{rel}","templated":true}]}}