{"id":110372,"date":"2025-11-07T20:05:47","date_gmt":"2025-11-08T02:05:47","guid":{"rendered":"https:\/\/zeromagazine.mx\/?p=110372"},"modified":"2025-11-10T10:26:10","modified_gmt":"2025-11-10T16:26:10","slug":"rolando-bracho-catarsis-mexico","status":"publish","type":"post","link":"https:\/\/zeromagazine.mx\/index.php\/2025\/11\/07\/rolando-bracho-catarsis-mexico\/","title":{"rendered":"Rolando Bracho Catarsis Evoluciona"},"content":{"rendered":"<!--themify_builder_content-->\n<div id=\"themify_builder_content-110372\" data-postid=\"110372\" class=\"themify_builder_content themify_builder_content-110372 themify_builder tf_clear\">\n    <\/div>\n<!--\/themify_builder_content-->\n\n\n<p><\/p>\n\n\n\n<p>Hay momentos en la moda que no solo presentan ropa; presentan una historia, un proceso interno, algo que se siente. Rolando Bracho Catarsis llega justo ah\u00ed: en ese punto donde la est\u00e9tica se mezcla con lo emocional y lo convierte en statement. Esta colecci\u00f3n debut en M\u00e9xico es mucho m\u00e1s que piezas bonitas: es un viaje de memoria, identidad y poder personal. El dise\u00f1ador venezolano, conocido por vestir a figuras clave de la escena mexicana, toma su historia y la transforma en arte que se usa en el cuerpo.<\/p>\n\n\n\n<figure class=\"wp-block-image size-large\"><img data-recalc-dims=\"1\" decoding=\"async\" width=\"682\" height=\"1024\" src=\"https:\/\/i0.wp.com\/zeromagazine.mx\/wp-content\/uploads\/2025\/11\/img_2671-682x1024.jpg?resize=682%2C1024&#038;ssl=1\" alt=\"\" class=\"wp-image-110396\" srcset=\"https:\/\/i0.wp.com\/zeromagazine.mx\/wp-content\/uploads\/2025\/11\/img_2671.jpg?resize=682%2C1024&amp;ssl=1 682w, https:\/\/i0.wp.com\/zeromagazine.mx\/wp-content\/uploads\/2025\/11\/img_2671.jpg?resize=200%2C300&amp;ssl=1 200w, https:\/\/i0.wp.com\/zeromagazine.mx\/wp-content\/uploads\/2025\/11\/img_2671.jpg?resize=768%2C1152&amp;ssl=1 768w, https:\/\/i0.wp.com\/zeromagazine.mx\/wp-content\/uploads\/2025\/11\/img_2671.jpg?resize=1024%2C1536&amp;ssl=1 1024w, https:\/\/i0.wp.com\/zeromagazine.mx\/wp-content\/uploads\/2025\/11\/img_2671.jpg?w=1333&amp;ssl=1 1333w\" sizes=\"(max-width: 682px) 100vw, 682px\" \/><\/figure>\n\n\n\n<p>Pero lo interesante de Rolando Bracho Catarsis es que no busca \u201cimpresionar\u201d con exceso. Busca conectar. \u00c9l lleva sus recuerdos de infancia en Nirgua, su sensibilidad visual y su relaci\u00f3n con la moda como espacio de evoluci\u00f3n, y los convierte en prendas que cuentan algo sin necesidad de hablar. Es el tipo de moda que dices \u201cesto me eligi\u00f3 a m\u00ed\u201d.<\/p>\n\n\n\n<p>Adem\u00e1s, todo el concepto se siente profundamente \u00edntimo. No es nostalgia triste: es nostalgia que empodera.<\/p>\n\n\n\n<figure class=\"wp-block-image size-large\"><img data-recalc-dims=\"1\" decoding=\"async\" width=\"683\" height=\"1024\" src=\"https:\/\/i0.wp.com\/zeromagazine.mx\/wp-content\/uploads\/2025\/11\/img_2569-683x1024.jpg?resize=683%2C1024&#038;ssl=1\" alt=\"\" class=\"wp-image-110401\" srcset=\"https:\/\/i0.wp.com\/zeromagazine.mx\/wp-content\/uploads\/2025\/11\/img_2569.jpg?resize=683%2C1024&amp;ssl=1 683w, https:\/\/i0.wp.com\/zeromagazine.mx\/wp-content\/uploads\/2025\/11\/img_2569.jpg?resize=200%2C300&amp;ssl=1 200w, https:\/\/i0.wp.com\/zeromagazine.mx\/wp-content\/uploads\/2025\/11\/img_2569.jpg?resize=768%2C1151&amp;ssl=1 768w, https:\/\/i0.wp.com\/zeromagazine.mx\/wp-content\/uploads\/2025\/11\/img_2569.jpg?resize=1025%2C1536&amp;ssl=1 1025w, https:\/\/i0.wp.com\/zeromagazine.mx\/wp-content\/uploads\/2025\/11\/img_2569.jpg?w=1334&amp;ssl=1 1334w\" sizes=\"(max-width: 683px) 100vw, 683px\" \/><\/figure>\n\n\n\n<p><strong>Rolando Bracho Catarsis: moda como memoria viva<\/strong><\/p>\n\n\n\n<p>La colecci\u00f3n est\u00e1 construida a partir de 16 piezas cuidadosamente pensadas. Hay cuero, algod\u00f3n, lana y crep\u00e9 que se encuentran con siluetas que abrazan el cuerpo sin intentar corregirlo. Vestidos escult\u00f3ricos que celebran la feminidad, piezas oversize que redefinen lo masculino desde la vulnerabilidad y detalles que parecen peque\u00f1os pero cargan historia.<\/p>\n\n\n\n<figure class=\"wp-block-image size-large\"><img data-recalc-dims=\"1\" decoding=\"async\" width=\"683\" height=\"1024\" src=\"https:\/\/i0.wp.com\/zeromagazine.mx\/wp-content\/uploads\/2025\/11\/img_2571-683x1024.jpg?resize=683%2C1024&#038;ssl=1\" alt=\"\" class=\"wp-image-110402\" srcset=\"https:\/\/i0.wp.com\/zeromagazine.mx\/wp-content\/uploads\/2025\/11\/img_2571.jpg?resize=683%2C1024&amp;ssl=1 683w, https:\/\/i0.wp.com\/zeromagazine.mx\/wp-content\/uploads\/2025\/11\/img_2571.jpg?resize=200%2C300&amp;ssl=1 200w, https:\/\/i0.wp.com\/zeromagazine.mx\/wp-content\/uploads\/2025\/11\/img_2571.jpg?resize=768%2C1151&amp;ssl=1 768w, https:\/\/i0.wp.com\/zeromagazine.mx\/wp-content\/uploads\/2025\/11\/img_2571.jpg?resize=1025%2C1536&amp;ssl=1 1025w, https:\/\/i0.wp.com\/zeromagazine.mx\/wp-content\/uploads\/2025\/11\/img_2571.jpg?w=1334&amp;ssl=1 1334w\" sizes=\"(max-width: 683px) 100vw, 683px\" \/><\/figure>\n\n\n\n<p>Adem\u00e1s, uno de los elementos m\u00e1s ic\u00f3nicos son las mangas entrelazadas. Ese gesto nace de la infancia del dise\u00f1ador, cuando amarrarse una chaqueta a la cintura lo hac\u00eda sentirse \u201cbien vestido\u201d. Hoy, ese peque\u00f1o acto se convierte en s\u00edmbolo de identidad, evoluci\u00f3n y autoafirmaci\u00f3n.<\/p>\n\n\n\n<p>Por otra parte, este gesto encapsula la esencia de Rolando Bracho Catarsis: transformar inseguridad en firma personal. No borrar el pasado, sino integrarlo.<\/p>\n\n\n\n<figure class=\"wp-block-image size-large\"><img data-recalc-dims=\"1\" decoding=\"async\" width=\"683\" height=\"1024\" src=\"https:\/\/i0.wp.com\/zeromagazine.mx\/wp-content\/uploads\/2025\/11\/img_2565-683x1024.jpg?resize=683%2C1024&#038;ssl=1\" alt=\"\" class=\"wp-image-110397\" srcset=\"https:\/\/i0.wp.com\/zeromagazine.mx\/wp-content\/uploads\/2025\/11\/img_2565.jpg?resize=683%2C1024&amp;ssl=1 683w, https:\/\/i0.wp.com\/zeromagazine.mx\/wp-content\/uploads\/2025\/11\/img_2565.jpg?resize=200%2C300&amp;ssl=1 200w, https:\/\/i0.wp.com\/zeromagazine.mx\/wp-content\/uploads\/2025\/11\/img_2565.jpg?resize=768%2C1151&amp;ssl=1 768w, https:\/\/i0.wp.com\/zeromagazine.mx\/wp-content\/uploads\/2025\/11\/img_2565.jpg?resize=1025%2C1536&amp;ssl=1 1025w, https:\/\/i0.wp.com\/zeromagazine.mx\/wp-content\/uploads\/2025\/11\/img_2565.jpg?w=1334&amp;ssl=1 1334w\" sizes=\"(max-width: 683px) 100vw, 683px\" \/><\/figure>\n\n\n\n<p><strong>Rolando Bracho Catarsis: el poder de la presencia<\/strong><\/p>\n\n\n\n<p>La campa\u00f1a protagonizada por Oka Giner no fue casualidad. Su energ\u00eda vibra con el universo Bracho: sofisticada, segura, sensible. Oka se convierte en puente entre lo venezolano, lo mexicano y lo profundamente humano de la colecci\u00f3n.<\/p>\n\n\n\n<figure class=\"wp-block-image size-large\"><img data-recalc-dims=\"1\" decoding=\"async\" width=\"683\" height=\"1024\" src=\"https:\/\/i0.wp.com\/zeromagazine.mx\/wp-content\/uploads\/2025\/11\/img_2568-683x1024.jpg?resize=683%2C1024&#038;ssl=1\" alt=\"\" class=\"wp-image-110399\" srcset=\"https:\/\/i0.wp.com\/zeromagazine.mx\/wp-content\/uploads\/2025\/11\/img_2568.jpg?resize=683%2C1024&amp;ssl=1 683w, https:\/\/i0.wp.com\/zeromagazine.mx\/wp-content\/uploads\/2025\/11\/img_2568.jpg?resize=200%2C300&amp;ssl=1 200w, https:\/\/i0.wp.com\/zeromagazine.mx\/wp-content\/uploads\/2025\/11\/img_2568.jpg?resize=768%2C1151&amp;ssl=1 768w, https:\/\/i0.wp.com\/zeromagazine.mx\/wp-content\/uploads\/2025\/11\/img_2568.jpg?resize=1025%2C1536&amp;ssl=1 1025w, https:\/\/i0.wp.com\/zeromagazine.mx\/wp-content\/uploads\/2025\/11\/img_2568.jpg?w=1334&amp;ssl=1 1334w\" sizes=\"(max-width: 683px) 100vw, 683px\" \/><\/figure>\n\n\n\n<p>Sin embargo, lo m\u00e1s memorable del lanzamiento fue la experiencia total. El espacio recreado en Cant\u00f3n M\u00e9xico parec\u00eda un barrio lleno de memoria, textura y vida. La moda no estaba solo en las prendas, estaba en el ambiente, en la atm\u00f3sfera, en la emoci\u00f3n compartida.<\/p>\n\n\n\n<figure class=\"wp-block-image size-large\"><img data-recalc-dims=\"1\" decoding=\"async\" width=\"682\" height=\"1024\" src=\"https:\/\/i0.wp.com\/zeromagazine.mx\/wp-content\/uploads\/2025\/11\/img_2573-682x1024.jpg?resize=682%2C1024&#038;ssl=1\" alt=\"\" class=\"wp-image-110398\" srcset=\"https:\/\/i0.wp.com\/zeromagazine.mx\/wp-content\/uploads\/2025\/11\/img_2573.jpg?resize=682%2C1024&amp;ssl=1 682w, https:\/\/i0.wp.com\/zeromagazine.mx\/wp-content\/uploads\/2025\/11\/img_2573.jpg?resize=200%2C300&amp;ssl=1 200w, https:\/\/i0.wp.com\/zeromagazine.mx\/wp-content\/uploads\/2025\/11\/img_2573.jpg?resize=768%2C1152&amp;ssl=1 768w, https:\/\/i0.wp.com\/zeromagazine.mx\/wp-content\/uploads\/2025\/11\/img_2573.jpg?resize=1024%2C1536&amp;ssl=1 1024w, https:\/\/i0.wp.com\/zeromagazine.mx\/wp-content\/uploads\/2025\/11\/img_2573.jpg?w=1333&amp;ssl=1 1333w\" sizes=\"(max-width: 682px) 100vw, 682px\" \/><\/figure>\n\n\n\n<p>Adem\u00e1s, la colecci\u00f3n se presenta en edici\u00f3n limitada, reforzando la idea de lujo emocional: piezas que no son para \u201csimplemente vestir\u201d, sino para llevar como extensi\u00f3n del yo.<\/p>\n\n\n\n<figure class=\"wp-block-image size-large\"><img data-recalc-dims=\"1\" decoding=\"async\" width=\"682\" height=\"1024\" src=\"https:\/\/i0.wp.com\/zeromagazine.mx\/wp-content\/uploads\/2025\/11\/img_2562-682x1024.jpg?resize=682%2C1024&#038;ssl=1\" alt=\"\" class=\"wp-image-110400\" srcset=\"https:\/\/i0.wp.com\/zeromagazine.mx\/wp-content\/uploads\/2025\/11\/img_2562.jpg?resize=682%2C1024&amp;ssl=1 682w, https:\/\/i0.wp.com\/zeromagazine.mx\/wp-content\/uploads\/2025\/11\/img_2562.jpg?resize=200%2C300&amp;ssl=1 200w, https:\/\/i0.wp.com\/zeromagazine.mx\/wp-content\/uploads\/2025\/11\/img_2562.jpg?resize=768%2C1152&amp;ssl=1 768w, https:\/\/i0.wp.com\/zeromagazine.mx\/wp-content\/uploads\/2025\/11\/img_2562.jpg?resize=1024%2C1536&amp;ssl=1 1024w, https:\/\/i0.wp.com\/zeromagazine.mx\/wp-content\/uploads\/2025\/11\/img_2562.jpg?w=1333&amp;ssl=1 1333w\" sizes=\"(max-width: 682px) 100vw, 682px\" \/><\/figure>\n\n\n\n<p>En conclusi\u00f3n Rolando Bracho Catarsis no es solo una colecci\u00f3n. Es un recordatorio: evolucionar es tambi\u00e9n volver a mirar qui\u00e9n fuimos y elegir qui\u00e9n queremos ser. Es moda que se siente, que abraza y que afirma.<\/p>","protected":false},"excerpt":{"rendered":"<p>Hay momentos en la moda que no solo presentan ropa; presentan una historia, un proceso interno, algo que se siente. Rolando Bracho Catarsis llega justo ah\u00ed: en ese punto donde la est\u00e9tica se mezcla con lo emocional y lo convierte en statement. Esta colecci\u00f3n debut en M\u00e9xico es mucho m\u00e1s que piezas bonitas: es un [&hellip;]<\/p>\n","protected":false},"author":6,"featured_media":110405,"comment_status":"open","ping_status":"open","sticky":false,"template":"","format":"standard","meta":{"_jetpack_memberships_contains_paid_content":false,"footnotes":"","jetpack_publicize_message":"Rolando Bracho Catarsis Evoluciona","jetpack_publicize_feature_enabled":true,"jetpack_social_post_already_shared":true,"jetpack_social_options":{"image_generator_settings":{"template":"highway","default_image_id":0,"font":"","enabled":false},"version":2}},"categories":[67],"tags":[],"class_list":["post-110372","post","type-post","status-publish","format-standard","has-post-thumbnail","hentry","category-moda","has-post-title","has-post-date","has-post-category","has-post-tag","has-post-comment","has-post-author",""],"yoast_head":"<!-- This site is optimized with the Yoast SEO plugin v27.5 - https:\/\/yoast.com\/product\/yoast-seo-wordpress\/ -->\n<title>Rolando Bracho Catarsis Evoluciona - Zero Magazine<\/title>\n<meta name=\"description\" content=\"Rolando Bracho Catarsis debuta en M\u00e9xico con una colecci\u00f3n emocional que celebra identidad, memoria y evoluci\u00f3n en la moda.\" \/>\n<meta name=\"robots\" content=\"index, follow, max-snippet:-1, max-image-preview:large, max-video-preview:-1\" \/>\n<link rel=\"canonical\" href=\"https:\/\/zeromagazine.mx\/index.php\/2025\/11\/07\/rolando-bracho-catarsis-mexico\/\" \/>\n<meta property=\"og:locale\" content=\"es_ES\" \/>\n<meta property=\"og:type\" content=\"article\" \/>\n<meta property=\"og:title\" content=\"Rolando Bracho Catarsis Evoluciona - Zero Magazine\" \/>\n<meta property=\"og:description\" content=\"Rolando Bracho Catarsis debuta en M\u00e9xico con una colecci\u00f3n emocional que celebra identidad, memoria y evoluci\u00f3n en la moda.\" \/>\n<meta property=\"og:url\" content=\"https:\/\/zeromagazine.mx\/index.php\/2025\/11\/07\/rolando-bracho-catarsis-mexico\/\" \/>\n<meta property=\"og:site_name\" content=\"Zero Magazine\" \/>\n<meta property=\"article:published_time\" content=\"2025-11-08T02:05:47+00:00\" \/>\n<meta property=\"article:modified_time\" content=\"2025-11-10T16:26:10+00:00\" \/>\n<meta property=\"og:image\" content=\"https:\/\/i0.wp.com\/zeromagazine.mx\/wp-content\/uploads\/2025\/11\/IMG_2074-scaled.jpg?fit=1707%2C2560&ssl=1\" \/>\n\t<meta property=\"og:image:width\" content=\"1707\" \/>\n\t<meta property=\"og:image:height\" content=\"2560\" \/>\n\t<meta property=\"og:image:type\" content=\"image\/jpeg\" \/>\n<meta name=\"author\" content=\"Luis Trujano\" \/>\n<meta name=\"twitter:card\" content=\"summary_large_image\" \/>\n<meta name=\"twitter:label1\" content=\"Escrito por\" \/>\n\t<meta name=\"twitter:data1\" content=\"Luis Trujano\" \/>\n\t<meta name=\"twitter:label2\" content=\"Tiempo de lectura\" \/>\n\t<meta name=\"twitter:data2\" content=\"3 minutos\" \/>\n<script type=\"application\/ld+json\" class=\"yoast-schema-graph\">{\"@context\":\"https:\\\/\\\/schema.org\",\"@graph\":[{\"@type\":\"Article\",\"@id\":\"https:\\\/\\\/zeromagazine.mx\\\/index.php\\\/2025\\\/11\\\/07\\\/rolando-bracho-catarsis-mexico\\\/#article\",\"isPartOf\":{\"@id\":\"https:\\\/\\\/zeromagazine.mx\\\/index.php\\\/2025\\\/11\\\/07\\\/rolando-bracho-catarsis-mexico\\\/\"},\"author\":{\"name\":\"Luis Trujano\",\"@id\":\"https:\\\/\\\/zeromagazine.mx\\\/#\\\/schema\\\/person\\\/118d2dc27eca6f07b968c953d12daa6b\"},\"headline\":\"Rolando Bracho Catarsis Evoluciona\",\"datePublished\":\"2025-11-08T02:05:47+00:00\",\"dateModified\":\"2025-11-10T16:26:10+00:00\",\"mainEntityOfPage\":{\"@id\":\"https:\\\/\\\/zeromagazine.mx\\\/index.php\\\/2025\\\/11\\\/07\\\/rolando-bracho-catarsis-mexico\\\/\"},\"wordCount\":487,\"commentCount\":0,\"publisher\":{\"@id\":\"https:\\\/\\\/zeromagazine.mx\\\/#organization\"},\"image\":{\"@id\":\"https:\\\/\\\/zeromagazine.mx\\\/index.php\\\/2025\\\/11\\\/07\\\/rolando-bracho-catarsis-mexico\\\/#primaryimage\"},\"thumbnailUrl\":\"https:\\\/\\\/i0.wp.com\\\/zeromagazine.mx\\\/wp-content\\\/uploads\\\/2025\\\/11\\\/img_2671-2.jpg?fit=2000%2C1414&ssl=1\",\"articleSection\":[\"Moda\"],\"inLanguage\":\"es\",\"potentialAction\":[{\"@type\":\"CommentAction\",\"name\":\"Comment\",\"target\":[\"https:\\\/\\\/zeromagazine.mx\\\/index.php\\\/2025\\\/11\\\/07\\\/rolando-bracho-catarsis-mexico\\\/#respond\"]}]},{\"@type\":\"WebPage\",\"@id\":\"https:\\\/\\\/zeromagazine.mx\\\/index.php\\\/2025\\\/11\\\/07\\\/rolando-bracho-catarsis-mexico\\\/\",\"url\":\"https:\\\/\\\/zeromagazine.mx\\\/index.php\\\/2025\\\/11\\\/07\\\/rolando-bracho-catarsis-mexico\\\/\",\"name\":\"Rolando Bracho Catarsis Evoluciona - Zero Magazine\",\"isPartOf\":{\"@id\":\"https:\\\/\\\/zeromagazine.mx\\\/#website\"},\"primaryImageOfPage\":{\"@id\":\"https:\\\/\\\/zeromagazine.mx\\\/index.php\\\/2025\\\/11\\\/07\\\/rolando-bracho-catarsis-mexico\\\/#primaryimage\"},\"image\":{\"@id\":\"https:\\\/\\\/zeromagazine.mx\\\/index.php\\\/2025\\\/11\\\/07\\\/rolando-bracho-catarsis-mexico\\\/#primaryimage\"},\"thumbnailUrl\":\"https:\\\/\\\/i0.wp.com\\\/zeromagazine.mx\\\/wp-content\\\/uploads\\\/2025\\\/11\\\/img_2671-2.jpg?fit=2000%2C1414&ssl=1\",\"datePublished\":\"2025-11-08T02:05:47+00:00\",\"dateModified\":\"2025-11-10T16:26:10+00:00\",\"description\":\"Rolando Bracho Catarsis debuta en M\u00e9xico con una colecci\u00f3n emocional que celebra identidad, memoria y evoluci\u00f3n en la moda.\",\"breadcrumb\":{\"@id\":\"https:\\\/\\\/zeromagazine.mx\\\/index.php\\\/2025\\\/11\\\/07\\\/rolando-bracho-catarsis-mexico\\\/#breadcrumb\"},\"inLanguage\":\"es\",\"potentialAction\":[{\"@type\":\"ReadAction\",\"target\":[\"https:\\\/\\\/zeromagazine.mx\\\/index.php\\\/2025\\\/11\\\/07\\\/rolando-bracho-catarsis-mexico\\\/\"]}]},{\"@type\":\"ImageObject\",\"inLanguage\":\"es\",\"@id\":\"https:\\\/\\\/zeromagazine.mx\\\/index.php\\\/2025\\\/11\\\/07\\\/rolando-bracho-catarsis-mexico\\\/#primaryimage\",\"url\":\"https:\\\/\\\/i0.wp.com\\\/zeromagazine.mx\\\/wp-content\\\/uploads\\\/2025\\\/11\\\/img_2671-2.jpg?fit=2000%2C1414&ssl=1\",\"contentUrl\":\"https:\\\/\\\/i0.wp.com\\\/zeromagazine.mx\\\/wp-content\\\/uploads\\\/2025\\\/11\\\/img_2671-2.jpg?fit=2000%2C1414&ssl=1\",\"width\":2000,\"height\":1414},{\"@type\":\"BreadcrumbList\",\"@id\":\"https:\\\/\\\/zeromagazine.mx\\\/index.php\\\/2025\\\/11\\\/07\\\/rolando-bracho-catarsis-mexico\\\/#breadcrumb\",\"itemListElement\":[{\"@type\":\"ListItem\",\"position\":1,\"name\":\"Portada\",\"item\":\"https:\\\/\\\/zeromagazine.mx\\\/\"},{\"@type\":\"ListItem\",\"position\":2,\"name\":\"Rolando Bracho Catarsis Evoluciona\"}]},{\"@type\":\"WebSite\",\"@id\":\"https:\\\/\\\/zeromagazine.mx\\\/#website\",\"url\":\"https:\\\/\\\/zeromagazine.mx\\\/\",\"name\":\"Zero Magazine\",\"description\":\"\",\"publisher\":{\"@id\":\"https:\\\/\\\/zeromagazine.mx\\\/#organization\"},\"potentialAction\":[{\"@type\":\"SearchAction\",\"target\":{\"@type\":\"EntryPoint\",\"urlTemplate\":\"https:\\\/\\\/zeromagazine.mx\\\/?s={search_term_string}\"},\"query-input\":{\"@type\":\"PropertyValueSpecification\",\"valueRequired\":true,\"valueName\":\"search_term_string\"}}],\"inLanguage\":\"es\"},{\"@type\":\"Organization\",\"@id\":\"https:\\\/\\\/zeromagazine.mx\\\/#organization\",\"name\":\"Zero Magazine\",\"url\":\"https:\\\/\\\/zeromagazine.mx\\\/\",\"logo\":{\"@type\":\"ImageObject\",\"inLanguage\":\"es\",\"@id\":\"https:\\\/\\\/zeromagazine.mx\\\/#\\\/schema\\\/logo\\\/image\\\/\",\"url\":\"https:\\\/\\\/i0.wp.com\\\/zeromagazine.mx\\\/wp-content\\\/uploads\\\/2025\\\/11\\\/1.jpeg?fit=1000%2C1000&ssl=1\",\"contentUrl\":\"https:\\\/\\\/i0.wp.com\\\/zeromagazine.mx\\\/wp-content\\\/uploads\\\/2025\\\/11\\\/1.jpeg?fit=1000%2C1000&ssl=1\",\"width\":1000,\"height\":1000,\"caption\":\"Zero Magazine\"},\"image\":{\"@id\":\"https:\\\/\\\/zeromagazine.mx\\\/#\\\/schema\\\/logo\\\/image\\\/\"},\"sameAs\":[\"https:\\\/\\\/instagram.com\\\/zeromagazinemx\"]},{\"@type\":\"Person\",\"@id\":\"https:\\\/\\\/zeromagazine.mx\\\/#\\\/schema\\\/person\\\/118d2dc27eca6f07b968c953d12daa6b\",\"name\":\"Luis Trujano\",\"image\":{\"@type\":\"ImageObject\",\"inLanguage\":\"es\",\"@id\":\"https:\\\/\\\/zeromagazine.mx\\\/wp-content\\\/litespeed\\\/avatar\\\/fbd9d1d6aa4d21e2bb5be8b3155046c9.jpg?ver=1777576316\",\"url\":\"https:\\\/\\\/zeromagazine.mx\\\/wp-content\\\/litespeed\\\/avatar\\\/fbd9d1d6aa4d21e2bb5be8b3155046c9.jpg?ver=1777576316\",\"contentUrl\":\"https:\\\/\\\/zeromagazine.mx\\\/wp-content\\\/litespeed\\\/avatar\\\/fbd9d1d6aa4d21e2bb5be8b3155046c9.jpg?ver=1777576316\",\"caption\":\"Luis Trujano\"},\"url\":\"https:\\\/\\\/zeromagazine.mx\\\/index.php\\\/author\\\/luis-trujano\\\/\"}]}<\/script>\n<!-- \/ Yoast SEO plugin. -->","yoast_head_json":{"title":"Rolando Bracho Catarsis Evoluciona - Zero Magazine","description":"Rolando Bracho Catarsis debuta en M\u00e9xico con una colecci\u00f3n emocional que celebra identidad, memoria y evoluci\u00f3n en la moda.","robots":{"index":"index","follow":"follow","max-snippet":"max-snippet:-1","max-image-preview":"max-image-preview:large","max-video-preview":"max-video-preview:-1"},"canonical":"https:\/\/zeromagazine.mx\/index.php\/2025\/11\/07\/rolando-bracho-catarsis-mexico\/","og_locale":"es_ES","og_type":"article","og_title":"Rolando Bracho Catarsis Evoluciona - Zero Magazine","og_description":"Rolando Bracho Catarsis debuta en M\u00e9xico con una colecci\u00f3n emocional que celebra identidad, memoria y evoluci\u00f3n en la moda.","og_url":"https:\/\/zeromagazine.mx\/index.php\/2025\/11\/07\/rolando-bracho-catarsis-mexico\/","og_site_name":"Zero Magazine","article_published_time":"2025-11-08T02:05:47+00:00","article_modified_time":"2025-11-10T16:26:10+00:00","og_image":[{"width":1707,"height":2560,"url":"https:\/\/i0.wp.com\/zeromagazine.mx\/wp-content\/uploads\/2025\/11\/IMG_2074-scaled.jpg?fit=1707%2C2560&ssl=1","type":"image\/jpeg"}],"author":"Luis Trujano","twitter_card":"summary_large_image","twitter_misc":{"Escrito por":"Luis Trujano","Tiempo de lectura":"3 minutos"},"schema":{"@context":"https:\/\/schema.org","@graph":[{"@type":"Article","@id":"https:\/\/zeromagazine.mx\/index.php\/2025\/11\/07\/rolando-bracho-catarsis-mexico\/#article","isPartOf":{"@id":"https:\/\/zeromagazine.mx\/index.php\/2025\/11\/07\/rolando-bracho-catarsis-mexico\/"},"author":{"name":"Luis Trujano","@id":"https:\/\/zeromagazine.mx\/#\/schema\/person\/118d2dc27eca6f07b968c953d12daa6b"},"headline":"Rolando Bracho Catarsis Evoluciona","datePublished":"2025-11-08T02:05:47+00:00","dateModified":"2025-11-10T16:26:10+00:00","mainEntityOfPage":{"@id":"https:\/\/zeromagazine.mx\/index.php\/2025\/11\/07\/rolando-bracho-catarsis-mexico\/"},"wordCount":487,"commentCount":0,"publisher":{"@id":"https:\/\/zeromagazine.mx\/#organization"},"image":{"@id":"https:\/\/zeromagazine.mx\/index.php\/2025\/11\/07\/rolando-bracho-catarsis-mexico\/#primaryimage"},"thumbnailUrl":"https:\/\/i0.wp.com\/zeromagazine.mx\/wp-content\/uploads\/2025\/11\/img_2671-2.jpg?fit=2000%2C1414&ssl=1","articleSection":["Moda"],"inLanguage":"es","potentialAction":[{"@type":"CommentAction","name":"Comment","target":["https:\/\/zeromagazine.mx\/index.php\/2025\/11\/07\/rolando-bracho-catarsis-mexico\/#respond"]}]},{"@type":"WebPage","@id":"https:\/\/zeromagazine.mx\/index.php\/2025\/11\/07\/rolando-bracho-catarsis-mexico\/","url":"https:\/\/zeromagazine.mx\/index.php\/2025\/11\/07\/rolando-bracho-catarsis-mexico\/","name":"Rolando Bracho Catarsis Evoluciona - Zero Magazine","isPartOf":{"@id":"https:\/\/zeromagazine.mx\/#website"},"primaryImageOfPage":{"@id":"https:\/\/zeromagazine.mx\/index.php\/2025\/11\/07\/rolando-bracho-catarsis-mexico\/#primaryimage"},"image":{"@id":"https:\/\/zeromagazine.mx\/index.php\/2025\/11\/07\/rolando-bracho-catarsis-mexico\/#primaryimage"},"thumbnailUrl":"https:\/\/i0.wp.com\/zeromagazine.mx\/wp-content\/uploads\/2025\/11\/img_2671-2.jpg?fit=2000%2C1414&ssl=1","datePublished":"2025-11-08T02:05:47+00:00","dateModified":"2025-11-10T16:26:10+00:00","description":"Rolando Bracho Catarsis debuta en M\u00e9xico con una colecci\u00f3n emocional que celebra identidad, memoria y evoluci\u00f3n en la moda.","breadcrumb":{"@id":"https:\/\/zeromagazine.mx\/index.php\/2025\/11\/07\/rolando-bracho-catarsis-mexico\/#breadcrumb"},"inLanguage":"es","potentialAction":[{"@type":"ReadAction","target":["https:\/\/zeromagazine.mx\/index.php\/2025\/11\/07\/rolando-bracho-catarsis-mexico\/"]}]},{"@type":"ImageObject","inLanguage":"es","@id":"https:\/\/zeromagazine.mx\/index.php\/2025\/11\/07\/rolando-bracho-catarsis-mexico\/#primaryimage","url":"https:\/\/i0.wp.com\/zeromagazine.mx\/wp-content\/uploads\/2025\/11\/img_2671-2.jpg?fit=2000%2C1414&ssl=1","contentUrl":"https:\/\/i0.wp.com\/zeromagazine.mx\/wp-content\/uploads\/2025\/11\/img_2671-2.jpg?fit=2000%2C1414&ssl=1","width":2000,"height":1414},{"@type":"BreadcrumbList","@id":"https:\/\/zeromagazine.mx\/index.php\/2025\/11\/07\/rolando-bracho-catarsis-mexico\/#breadcrumb","itemListElement":[{"@type":"ListItem","position":1,"name":"Portada","item":"https:\/\/zeromagazine.mx\/"},{"@type":"ListItem","position":2,"name":"Rolando Bracho Catarsis Evoluciona"}]},{"@type":"WebSite","@id":"https:\/\/zeromagazine.mx\/#website","url":"https:\/\/zeromagazine.mx\/","name":"Zero Magazine","description":"","publisher":{"@id":"https:\/\/zeromagazine.mx\/#organization"},"potentialAction":[{"@type":"SearchAction","target":{"@type":"EntryPoint","urlTemplate":"https:\/\/zeromagazine.mx\/?s={search_term_string}"},"query-input":{"@type":"PropertyValueSpecification","valueRequired":true,"valueName":"search_term_string"}}],"inLanguage":"es"},{"@type":"Organization","@id":"https:\/\/zeromagazine.mx\/#organization","name":"Zero Magazine","url":"https:\/\/zeromagazine.mx\/","logo":{"@type":"ImageObject","inLanguage":"es","@id":"https:\/\/zeromagazine.mx\/#\/schema\/logo\/image\/","url":"https:\/\/i0.wp.com\/zeromagazine.mx\/wp-content\/uploads\/2025\/11\/1.jpeg?fit=1000%2C1000&ssl=1","contentUrl":"https:\/\/i0.wp.com\/zeromagazine.mx\/wp-content\/uploads\/2025\/11\/1.jpeg?fit=1000%2C1000&ssl=1","width":1000,"height":1000,"caption":"Zero Magazine"},"image":{"@id":"https:\/\/zeromagazine.mx\/#\/schema\/logo\/image\/"},"sameAs":["https:\/\/instagram.com\/zeromagazinemx"]},{"@type":"Person","@id":"https:\/\/zeromagazine.mx\/#\/schema\/person\/118d2dc27eca6f07b968c953d12daa6b","name":"Luis Trujano","image":{"@type":"ImageObject","inLanguage":"es","@id":"https:\/\/zeromagazine.mx\/wp-content\/litespeed\/avatar\/fbd9d1d6aa4d21e2bb5be8b3155046c9.jpg?ver=1777576316","url":"https:\/\/zeromagazine.mx\/wp-content\/litespeed\/avatar\/fbd9d1d6aa4d21e2bb5be8b3155046c9.jpg?ver=1777576316","contentUrl":"https:\/\/zeromagazine.mx\/wp-content\/litespeed\/avatar\/fbd9d1d6aa4d21e2bb5be8b3155046c9.jpg?ver=1777576316","caption":"Luis Trujano"},"url":"https:\/\/zeromagazine.mx\/index.php\/author\/luis-trujano\/"}]}},"jetpack_publicize_connections":[],"jetpack_featured_media_url":"https:\/\/i0.wp.com\/zeromagazine.mx\/wp-content\/uploads\/2025\/11\/img_2671-2.jpg?fit=2000%2C1414&ssl=1","jetpack-related-posts":[{"id":48110,"url":"https:\/\/zeromagazine.mx\/index.php\/2021\/06\/18\/dharma-y-flora-nos-comparten-la-historia-de-un-amor-no-correspondido\/","url_meta":{"origin":110372,"position":0},"title":"Dharma y Flora nos comparten \u201cLa historia de un amor no correspondido\u201d","author":"zeromagazinemx","date":"18 de junio de 2021","format":false,"excerpt":"Desde la ciudad de Buenos Aires, Argentina llega un quinteto de rock psicod\u00e9lico fundado por Luciano Scattini despu\u00e9s de la desintegraci\u00f3n de sus proyectos musicales. Luego de un largo proceso de adaptaci\u00f3n y lograr encontrar la esencia que definir\u00eda el inicio de un nuevo camino para la banda, \u201cDharma y\u2026","rel":"","context":"En \u00abEntretenimiento\u00bb","block_context":{"text":"Entretenimiento","link":"https:\/\/zeromagazine.mx\/index.php\/category\/entretenimiento\/"},"img":{"alt_text":"","src":"https:\/\/i0.wp.com\/img.youtube.com\/vi\/0_WnzcYMbPc\/0.jpg?resize=350%2C200","width":350,"height":200},"classes":[]},{"id":107884,"url":"https:\/\/zeromagazine.mx\/index.php\/2025\/09\/12\/corona-capital-2025-nuevos-lanzamientos\/","url_meta":{"origin":110372,"position":1},"title":"Corona Capital 2025: Lo nuevo que escuchar\u00e1s en vivo","author":"David Morales","date":"12 de septiembre de 2025","format":false,"excerpt":"El Corona Capital 2025 no solo trae un cartel de leyendas y artistas virales, tambi\u00e9n ser\u00e1 el spot donde estrenan sus rolas m\u00e1s esperadas. Prep\u00e1rate porque este noviembre, en la Curva 4 del Aut\u00f3dromo Hermanos Rodr\u00edguez, la m\u00fasica se sentir\u00e1 m\u00e1s fresca que nunca. El Corona Capital 2025 y Regresos\u2026","rel":"","context":"En \u00abEntretenimiento\u00bb","block_context":{"text":"Entretenimiento","link":"https:\/\/zeromagazine.mx\/index.php\/category\/entretenimiento\/"},"img":{"alt_text":"","src":"https:\/\/i0.wp.com\/zeromagazine.mx\/wp-content\/uploads\/2025\/09\/img_8218.jpg?fit=1080%2C1080&ssl=1&resize=350%2C200","width":350,"height":200,"srcset":"https:\/\/i0.wp.com\/zeromagazine.mx\/wp-content\/uploads\/2025\/09\/img_8218.jpg?fit=1080%2C1080&ssl=1&resize=350%2C200 1x, https:\/\/i0.wp.com\/zeromagazine.mx\/wp-content\/uploads\/2025\/09\/img_8218.jpg?fit=1080%2C1080&ssl=1&resize=525%2C300 1.5x, https:\/\/i0.wp.com\/zeromagazine.mx\/wp-content\/uploads\/2025\/09\/img_8218.jpg?fit=1080%2C1080&ssl=1&resize=700%2C400 2x, https:\/\/i0.wp.com\/zeromagazine.mx\/wp-content\/uploads\/2025\/09\/img_8218.jpg?fit=1080%2C1080&ssl=1&resize=1050%2C600 3x"},"classes":[]},{"id":75941,"url":"https:\/\/zeromagazine.mx\/index.php\/2024\/05\/14\/juan-martin-jauregui\/","url_meta":{"origin":110372,"position":2},"title":"JUAN MART\u00cdN JAUREGUI:","author":"David Morales","date":"14 de mayo de 2024","format":false,"excerpt":"Queridos lectores, estamos de vuelta y como dicen por ah\u00ed, no estaba muerto, no estaba de parranda, solo estaba redimiendome un poco.Volvimos a las andadas y en esta ocasi\u00f3n tenemos el honor de tener al galan de galanes que en esta ocasi\u00f3n nos viene ademostrar que no solo puede ser\u2026","rel":"","context":"En \u00abPortada\u00bb","block_context":{"text":"Portada","link":"https:\/\/zeromagazine.mx\/index.php\/category\/portada\/"},"img":{"alt_text":"","src":"https:\/\/i0.wp.com\/zeromagazine.mx\/wp-content\/uploads\/2024\/05\/IMG_0969-scaled.jpeg?fit=927%2C1200&ssl=1&resize=350%2C200","width":350,"height":200,"srcset":"https:\/\/i0.wp.com\/zeromagazine.mx\/wp-content\/uploads\/2024\/05\/IMG_0969-scaled.jpeg?fit=927%2C1200&ssl=1&resize=350%2C200 1x, https:\/\/i0.wp.com\/zeromagazine.mx\/wp-content\/uploads\/2024\/05\/IMG_0969-scaled.jpeg?fit=927%2C1200&ssl=1&resize=525%2C300 1.5x, https:\/\/i0.wp.com\/zeromagazine.mx\/wp-content\/uploads\/2024\/05\/IMG_0969-scaled.jpeg?fit=927%2C1200&ssl=1&resize=700%2C400 2x"},"classes":[]},{"id":51164,"url":"https:\/\/zeromagazine.mx\/index.php\/2021\/07\/30\/el-mulu-presenta-su-nuevo-sencillo-volcan-un-tema-con-un-alto-contraste-sentimental\/","url_meta":{"origin":110372,"position":3},"title":"El Mulu presenta su nuevo sencillo \u201cVolc\u00e1n\u201d, un tema con un alto contraste sentimental","author":"zeromagazinemx","date":"30 de julio de 2021","format":false,"excerpt":"Sin duda los estrenos musicales no han parado a pesar de la pandemia, la m\u00fasica forma parte de nuestro entorno y d\u00eda con d\u00eda somos testigos de la evoluci\u00f3n que ha habido en los \u00faltimos a\u00f1os. El d\u00eda de hoy te queremos presentar un proyecto que surge para alimentar nuestra\u2026","rel":"","context":"En \u00abEntretenimiento\u00bb","block_context":{"text":"Entretenimiento","link":"https:\/\/zeromagazine.mx\/index.php\/category\/entretenimiento\/"},"img":{"alt_text":"","src":"https:\/\/i0.wp.com\/img.youtube.com\/vi\/emsCqAT4TeE\/0.jpg?resize=350%2C200","width":350,"height":200},"classes":[]},{"id":80967,"url":"https:\/\/zeromagazine.mx\/index.php\/2024\/07\/29\/celeb-closet-for-a-cause\/","url_meta":{"origin":110372,"position":4},"title":"\u00abCeleb Closet for a Cause\u00bb","author":"zeromagazinemx","date":"29 de julio de 2024","format":false,"excerpt":"Hey, fashionistas! Si eres de los que aman el buen estilo y tambi\u00e9n quieres hacer un impacto positivo en el mundo, entonces this is for you. Imagina comprar ropa super chic y, al mismo tiempo, apoyar causas sociales importantes. Se encuentra abierto al p\u00fablico el maravilloso Cl\u00f3set de las Celebridades\u2026","rel":"","context":"En \u00abModa\u00bb","block_context":{"text":"Moda","link":"https:\/\/zeromagazine.mx\/index.php\/category\/moda\/"},"img":{"alt_text":"man in blue dress shirt sitting on brown leather armchair","src":"https:\/\/i0.wp.com\/zeromagazine.mx\/wp-content\/uploads\/2024\/07\/pexels-photo-5699009.jpeg?resize=350%2C200&ssl=1","width":350,"height":200,"srcset":"https:\/\/i0.wp.com\/zeromagazine.mx\/wp-content\/uploads\/2024\/07\/pexels-photo-5699009.jpeg?resize=350%2C200&ssl=1 1x, https:\/\/i0.wp.com\/zeromagazine.mx\/wp-content\/uploads\/2024\/07\/pexels-photo-5699009.jpeg?resize=525%2C300&ssl=1 1.5x, https:\/\/i0.wp.com\/zeromagazine.mx\/wp-content\/uploads\/2024\/07\/pexels-photo-5699009.jpeg?resize=700%2C400&ssl=1 2x, https:\/\/i0.wp.com\/zeromagazine.mx\/wp-content\/uploads\/2024\/07\/pexels-photo-5699009.jpeg?resize=1050%2C600&ssl=1 3x, https:\/\/i0.wp.com\/zeromagazine.mx\/wp-content\/uploads\/2024\/07\/pexels-photo-5699009.jpeg?resize=1400%2C800&ssl=1 4x"},"classes":[]},{"id":115528,"url":"https:\/\/zeromagazine.mx\/index.php\/2026\/02\/17\/siete-veces-adios-protagonistas\/","url_meta":{"origin":110372,"position":5},"title":"Esmeralda Pimentel y Osvaldo Benavides, los nuevos protagonistas de Siete Veces Adi\u00f3s.","author":"David Morales","date":"17 de febrero de 2026","format":false,"excerpt":"El fen\u00f3meno teatral que convirti\u00f3 las rupturas amorosas en catarsis colectiva est\u00e1 de regreso con nueva energ\u00eda sobre el escenario.\u00a0Siete Veces Adi\u00f3s protagonistas\u00a0se renueva con la llegada de dos figuras querid\u00edsimas del cine y la TV mexicana:\u00a0Esmeralda Pimentel\u00a0y\u00a0Osvaldo Benavides, quienes toman el mando de esta historia que ha hecho llorar\u2026","rel":"","context":"En \u00abTeatro\u00bb","block_context":{"text":"Teatro","link":"https:\/\/zeromagazine.mx\/index.php\/category\/cultura\/teatro\/"},"img":{"alt_text":"","src":"https:\/\/i0.wp.com\/zeromagazine.mx\/wp-content\/uploads\/2026\/02\/IMG_1500-2.jpeg?fit=1200%2C866&ssl=1&resize=350%2C200","width":350,"height":200,"srcset":"https:\/\/i0.wp.com\/zeromagazine.mx\/wp-content\/uploads\/2026\/02\/IMG_1500-2.jpeg?fit=1200%2C866&ssl=1&resize=350%2C200 1x, https:\/\/i0.wp.com\/zeromagazine.mx\/wp-content\/uploads\/2026\/02\/IMG_1500-2.jpeg?fit=1200%2C866&ssl=1&resize=525%2C300 1.5x, https:\/\/i0.wp.com\/zeromagazine.mx\/wp-content\/uploads\/2026\/02\/IMG_1500-2.jpeg?fit=1200%2C866&ssl=1&resize=700%2C400 2x, https:\/\/i0.wp.com\/zeromagazine.mx\/wp-content\/uploads\/2026\/02\/IMG_1500-2.jpeg?fit=1200%2C866&ssl=1&resize=1050%2C600 3x"},"classes":[]}],"jetpack_sharing_enabled":true,"builder_content":"","_links":{"self":[{"href":"https:\/\/zeromagazine.mx\/index.php\/wp-json\/wp\/v2\/posts\/110372","targetHints":{"allow":["GET"]}}],"collection":[{"href":"https:\/\/zeromagazine.mx\/index.php\/wp-json\/wp\/v2\/posts"}],"about":[{"href":"https:\/\/zeromagazine.mx\/index.php\/wp-json\/wp\/v2\/types\/post"}],"author":[{"embeddable":true,"href":"https:\/\/zeromagazine.mx\/index.php\/wp-json\/wp\/v2\/users\/6"}],"replies":[{"embeddable":true,"href":"https:\/\/zeromagazine.mx\/index.php\/wp-json\/wp\/v2\/comments?post=110372"}],"version-history":[{"count":4,"href":"https:\/\/zeromagazine.mx\/index.php\/wp-json\/wp\/v2\/posts\/110372\/revisions"}],"predecessor-version":[{"id":110406,"href":"https:\/\/zeromagazine.mx\/index.php\/wp-json\/wp\/v2\/posts\/110372\/revisions\/110406"}],"wp:featuredmedia":[{"embeddable":true,"href":"https:\/\/zeromagazine.mx\/index.php\/wp-json\/wp\/v2\/media\/110405"}],"wp:attachment":[{"href":"https:\/\/zeromagazine.mx\/index.php\/wp-json\/wp\/v2\/media?parent=110372"}],"wp:term":[{"taxonomy":"category","embeddable":true,"href":"https:\/\/zeromagazine.mx\/index.php\/wp-json\/wp\/v2\/categories?post=110372"},{"taxonomy":"post_tag","embeddable":true,"href":"https:\/\/zeromagazine.mx\/index.php\/wp-json\/wp\/v2\/tags?post=110372"}],"curies":[{"name":"wp","href":"https:\/\/api.w.org\/{rel}","templated":true}]}}