{"id":110503,"date":"2025-11-12T16:37:53","date_gmt":"2025-11-12T22:37:53","guid":{"rendered":"https:\/\/zeromagazine.mx\/?p=110503"},"modified":"2025-11-12T16:39:40","modified_gmt":"2025-11-12T22:39:40","slug":"levis-corona-capital-10-aniversario","status":"publish","type":"post","link":"https:\/\/zeromagazine.mx\/index.php\/2025\/11\/12\/levis-corona-capital-10-aniversario\/","title":{"rendered":"Levi\u2019s Corona Capital: 10 a\u00f1os de m\u00fasica y estilo"},"content":{"rendered":"<figure class=\"alignfull wp-block-post-featured-image\"><img data-recalc-dims=\"1\" decoding=\"async\" width=\"1165\" height=\"1747\" src=\"https:\/\/i0.wp.com\/zeromagazine.mx\/wp-content\/uploads\/2025\/11\/DSC3475-scaled.jpg?resize=1165%2C1747&#038;ssl=1\" class=\"attachment-post-thumbnail size-post-thumbnail wp-post-image\" alt=\"\" style=\"object-fit:cover;\" srcset=\"https:\/\/i0.wp.com\/zeromagazine.mx\/wp-content\/uploads\/2025\/11\/DSC3475-scaled.jpg?w=1707&amp;ssl=1 1707w, https:\/\/i0.wp.com\/zeromagazine.mx\/wp-content\/uploads\/2025\/11\/DSC3475-scaled.jpg?resize=200%2C300&amp;ssl=1 200w, https:\/\/i0.wp.com\/zeromagazine.mx\/wp-content\/uploads\/2025\/11\/DSC3475-scaled.jpg?resize=683%2C1024&amp;ssl=1 683w, https:\/\/i0.wp.com\/zeromagazine.mx\/wp-content\/uploads\/2025\/11\/DSC3475-scaled.jpg?resize=768%2C1152&amp;ssl=1 768w, https:\/\/i0.wp.com\/zeromagazine.mx\/wp-content\/uploads\/2025\/11\/DSC3475-scaled.jpg?resize=1024%2C1536&amp;ssl=1 1024w, https:\/\/i0.wp.com\/zeromagazine.mx\/wp-content\/uploads\/2025\/11\/DSC3475-scaled.jpg?resize=1365%2C2048&amp;ssl=1 1365w\" sizes=\"(max-width: 1165px) 100vw, 1165px\" \/><\/figure>\n\n\n<p>Hay festivales\u2026 y luego est\u00e1 el <strong>Levi\u2019s Corona Capital<\/strong>, donde la moda y la m\u00fasica se funden en una vibra que solo el denim puede sostener. Este 2025, Levi\u2019s celebra diez a\u00f1os como patrocinador oficial del festival, marcando una d\u00e9cada en la que los escenarios, los looks y las emociones se visten con autenticidad.<\/p>\n\n\n\n<p>Desde 2015, Levi\u2019s ha estado en el coraz\u00f3n del Corona Capital, no solo como una marca, sino como un c\u00f3mplice de cada generaci\u00f3n que encuentra en la mezclilla una forma de ser. Y es que, si algo ha demostrado el denim, es que su esp\u00edritu libre nunca pasa de moda: evoluciona, se transforma y sigue siendo el lienzo perfecto para la autoexpresi\u00f3n.<\/p>\n\n\n\n<figure class=\"wp-block-image alignfull size-large\"><img data-recalc-dims=\"1\" decoding=\"async\" width=\"683\" height=\"1024\" src=\"https:\/\/i0.wp.com\/zeromagazine.mx\/wp-content\/uploads\/2025\/11\/DSC3529-683x1024.jpg?resize=683%2C1024&#038;ssl=1\" alt=\"\" class=\"wp-image-110505\" srcset=\"https:\/\/i0.wp.com\/zeromagazine.mx\/wp-content\/uploads\/2025\/11\/DSC3529-scaled.jpg?resize=683%2C1024&amp;ssl=1 683w, https:\/\/i0.wp.com\/zeromagazine.mx\/wp-content\/uploads\/2025\/11\/DSC3529-scaled.jpg?resize=200%2C300&amp;ssl=1 200w, https:\/\/i0.wp.com\/zeromagazine.mx\/wp-content\/uploads\/2025\/11\/DSC3529-scaled.jpg?resize=768%2C1152&amp;ssl=1 768w, https:\/\/i0.wp.com\/zeromagazine.mx\/wp-content\/uploads\/2025\/11\/DSC3529-scaled.jpg?resize=1024%2C1536&amp;ssl=1 1024w, https:\/\/i0.wp.com\/zeromagazine.mx\/wp-content\/uploads\/2025\/11\/DSC3529-scaled.jpg?resize=1365%2C2048&amp;ssl=1 1365w, https:\/\/i0.wp.com\/zeromagazine.mx\/wp-content\/uploads\/2025\/11\/DSC3529-scaled.jpg?w=1707&amp;ssl=1 1707w\" sizes=\"(max-width: 683px) 100vw, 683px\" \/><\/figure>\n\n\n\n<hr class=\"wp-block-separator has-alpha-channel-opacity\"\/>\n\n\n\n<h2 class=\"wp-block-heading\"><strong>Levi\u2019s Corona Capital: arte, denim y cultura<\/strong><\/h2>\n\n\n\n<p>Este a\u00f1o, la marca lleva su legado m\u00e1s all\u00e1 de los jeans cl\u00e1sicos. En el <strong>hospitality Levi\u2019s<\/strong>, los asistentes podr\u00e1n vivir una experiencia inmersiva que une arte urbano, creatividad y estilo.<br>Para empezar, llega <strong>Levi\u2019s x Maldito Perrito<\/strong>, una colaboraci\u00f3n exclusiva con el artista de Ecatepec que ha convertido la vida citadina en una narrativa visual con tintes sociales y mucha actitud. Sus ilustraciones se mezclan con el ADN del denim en una c\u00e1psula que solo estar\u00e1 disponible durante el festival.<\/p>\n\n\n\n<div class=\"wp-block-jetpack-slideshow aligncenter\" data-effect=\"slide\" style=\"--aspect-ratio:calc(576 \/ 1024)\"><div class=\"wp-block-jetpack-slideshow_container swiper\"><ul class=\"wp-block-jetpack-slideshow_swiper-wrapper swiper-wrapper\"><li class=\"wp-block-jetpack-slideshow_slide swiper-slide\"><figure><img data-recalc-dims=\"1\" decoding=\"async\" width=\"576\" height=\"1024\" alt=\"\" class=\"wp-block-jetpack-slideshow_image wp-image-110506\" data-id=\"110506\" data-aspect-ratio=\"576 \/ 1024\" src=\"https:\/\/i0.wp.com\/zeromagazine.mx\/wp-content\/uploads\/2025\/11\/IMG_8591-576x1024.jpg?resize=576%2C1024&#038;ssl=1\" srcset=\"https:\/\/i0.wp.com\/zeromagazine.mx\/wp-content\/uploads\/2025\/11\/IMG_8591-scaled.jpg?resize=576%2C1024&amp;ssl=1 576w, https:\/\/i0.wp.com\/zeromagazine.mx\/wp-content\/uploads\/2025\/11\/IMG_8591-scaled.jpg?resize=169%2C300&amp;ssl=1 169w, https:\/\/i0.wp.com\/zeromagazine.mx\/wp-content\/uploads\/2025\/11\/IMG_8591-scaled.jpg?resize=768%2C1365&amp;ssl=1 768w, https:\/\/i0.wp.com\/zeromagazine.mx\/wp-content\/uploads\/2025\/11\/IMG_8591-scaled.jpg?resize=864%2C1536&amp;ssl=1 864w, https:\/\/i0.wp.com\/zeromagazine.mx\/wp-content\/uploads\/2025\/11\/IMG_8591-scaled.jpg?resize=1152%2C2048&amp;ssl=1 1152w, https:\/\/i0.wp.com\/zeromagazine.mx\/wp-content\/uploads\/2025\/11\/IMG_8591-scaled.jpg?w=1440&amp;ssl=1 1440w\" sizes=\"(max-width: 576px) 100vw, 576px\" \/><\/figure><\/li><li class=\"wp-block-jetpack-slideshow_slide swiper-slide\"><figure><img data-recalc-dims=\"1\" decoding=\"async\" width=\"683\" height=\"1024\" alt=\"\" class=\"wp-block-jetpack-slideshow_image wp-image-110508\" data-id=\"110508\" data-aspect-ratio=\"683 \/ 1024\" src=\"https:\/\/i0.wp.com\/zeromagazine.mx\/wp-content\/uploads\/2025\/11\/LEVI_S_MERCH_CORONA_CAPITAL-9385-683x1024.jpg?resize=683%2C1024&#038;ssl=1\" srcset=\"https:\/\/i0.wp.com\/zeromagazine.mx\/wp-content\/uploads\/2025\/11\/LEVI_S_MERCH_CORONA_CAPITAL-9385-scaled.jpg?resize=683%2C1024&amp;ssl=1 683w, https:\/\/i0.wp.com\/zeromagazine.mx\/wp-content\/uploads\/2025\/11\/LEVI_S_MERCH_CORONA_CAPITAL-9385-scaled.jpg?resize=200%2C300&amp;ssl=1 200w, https:\/\/i0.wp.com\/zeromagazine.mx\/wp-content\/uploads\/2025\/11\/LEVI_S_MERCH_CORONA_CAPITAL-9385-scaled.jpg?resize=768%2C1152&amp;ssl=1 768w, https:\/\/i0.wp.com\/zeromagazine.mx\/wp-content\/uploads\/2025\/11\/LEVI_S_MERCH_CORONA_CAPITAL-9385-scaled.jpg?resize=1024%2C1536&amp;ssl=1 1024w, https:\/\/i0.wp.com\/zeromagazine.mx\/wp-content\/uploads\/2025\/11\/LEVI_S_MERCH_CORONA_CAPITAL-9385-scaled.jpg?resize=1365%2C2048&amp;ssl=1 1365w, https:\/\/i0.wp.com\/zeromagazine.mx\/wp-content\/uploads\/2025\/11\/LEVI_S_MERCH_CORONA_CAPITAL-9385-scaled.jpg?w=1707&amp;ssl=1 1707w\" sizes=\"(max-width: 683px) 100vw, 683px\" \/><\/figure><\/li><li class=\"wp-block-jetpack-slideshow_slide swiper-slide\"><figure><img data-recalc-dims=\"1\" decoding=\"async\" width=\"576\" height=\"1024\" alt=\"\" class=\"wp-block-jetpack-slideshow_image wp-image-110509\" data-id=\"110509\" data-aspect-ratio=\"576 \/ 1024\" src=\"https:\/\/i0.wp.com\/zeromagazine.mx\/wp-content\/uploads\/2025\/11\/IMG_8620-576x1024.png?resize=576%2C1024&#038;ssl=1\" srcset=\"https:\/\/i0.wp.com\/zeromagazine.mx\/wp-content\/uploads\/2025\/11\/IMG_8620-scaled.png?resize=576%2C1024&amp;ssl=1 576w, https:\/\/i0.wp.com\/zeromagazine.mx\/wp-content\/uploads\/2025\/11\/IMG_8620-scaled.png?resize=169%2C300&amp;ssl=1 169w, https:\/\/i0.wp.com\/zeromagazine.mx\/wp-content\/uploads\/2025\/11\/IMG_8620-scaled.png?resize=768%2C1365&amp;ssl=1 768w, https:\/\/i0.wp.com\/zeromagazine.mx\/wp-content\/uploads\/2025\/11\/IMG_8620-scaled.png?resize=864%2C1536&amp;ssl=1 864w, https:\/\/i0.wp.com\/zeromagazine.mx\/wp-content\/uploads\/2025\/11\/IMG_8620-scaled.png?resize=1152%2C2048&amp;ssl=1 1152w, https:\/\/i0.wp.com\/zeromagazine.mx\/wp-content\/uploads\/2025\/11\/IMG_8620-scaled.png?w=1440&amp;ssl=1 1440w\" sizes=\"(max-width: 576px) 100vw, 576px\" \/><\/figure><\/li><li class=\"wp-block-jetpack-slideshow_slide swiper-slide\"><figure><img data-recalc-dims=\"1\" decoding=\"async\" width=\"576\" height=\"1024\" alt=\"\" class=\"wp-block-jetpack-slideshow_image wp-image-110507\" data-id=\"110507\" data-aspect-ratio=\"576 \/ 1024\" src=\"https:\/\/i0.wp.com\/zeromagazine.mx\/wp-content\/uploads\/2025\/11\/IMG_8617-576x1024.png?resize=576%2C1024&#038;ssl=1\" srcset=\"https:\/\/i0.wp.com\/zeromagazine.mx\/wp-content\/uploads\/2025\/11\/IMG_8617-scaled.png?resize=576%2C1024&amp;ssl=1 576w, https:\/\/i0.wp.com\/zeromagazine.mx\/wp-content\/uploads\/2025\/11\/IMG_8617-scaled.png?resize=169%2C300&amp;ssl=1 169w, https:\/\/i0.wp.com\/zeromagazine.mx\/wp-content\/uploads\/2025\/11\/IMG_8617-scaled.png?resize=768%2C1365&amp;ssl=1 768w, https:\/\/i0.wp.com\/zeromagazine.mx\/wp-content\/uploads\/2025\/11\/IMG_8617-scaled.png?resize=864%2C1536&amp;ssl=1 864w, https:\/\/i0.wp.com\/zeromagazine.mx\/wp-content\/uploads\/2025\/11\/IMG_8617-scaled.png?resize=1152%2C2048&amp;ssl=1 1152w, https:\/\/i0.wp.com\/zeromagazine.mx\/wp-content\/uploads\/2025\/11\/IMG_8617-scaled.png?w=1440&amp;ssl=1 1440w\" sizes=\"(max-width: 576px) 100vw, 576px\" \/><\/figure><\/li><\/ul><a class=\"wp-block-jetpack-slideshow_button-prev swiper-button-prev swiper-button-white\" role=\"button\"><\/a><a class=\"wp-block-jetpack-slideshow_button-next swiper-button-next swiper-button-white\" role=\"button\"><\/a><a aria-label=\"Pause Slideshow\" class=\"wp-block-jetpack-slideshow_button-pause\" role=\"button\"><\/a><div class=\"wp-block-jetpack-slideshow_pagination swiper-pagination swiper-pagination-white\"><\/div><\/div><\/div>\n\n\n\n<p>Adem\u00e1s, el ic\u00f3nico <strong>Tailor Shop<\/strong> se reinventa para que puedas personalizar tus prendas con parches, bordados y detalles que gritan \u201cesto es m\u00edo\u201d. Porque en un mundo de estilos ef\u00edmeros, Levi\u2019s sigue apostando por la individualidad que se cose, literalmente, con tus propias manos.<\/p>\n\n\n\n<div class=\"wp-block-jetpack-tiled-gallery alignfull is-style-rectangular\"><div class=\"\"><div class=\"tiled-gallery__gallery\"><div class=\"tiled-gallery__row\"><div class=\"tiled-gallery__col\" style=\"flex-basis:50.00000%\"><figure class=\"tiled-gallery__item\"><img decoding=\"async\" srcset=\"https:\/\/i0.wp.com\/zeromagazine.mx\/wp-content\/uploads\/2025\/11\/DSC3580-683x1024.jpg?strip=info&#038;w=600&#038;ssl=1 600w,https:\/\/i0.wp.com\/zeromagazine.mx\/wp-content\/uploads\/2025\/11\/DSC3580-683x1024.jpg?strip=info&#038;w=900&#038;ssl=1 900w,https:\/\/i0.wp.com\/zeromagazine.mx\/wp-content\/uploads\/2025\/11\/DSC3580-683x1024.jpg?strip=info&#038;w=1200&#038;ssl=1 1200w,https:\/\/i0.wp.com\/zeromagazine.mx\/wp-content\/uploads\/2025\/11\/DSC3580-683x1024.jpg?strip=info&#038;w=1500&#038;ssl=1 1500w,https:\/\/i0.wp.com\/zeromagazine.mx\/wp-content\/uploads\/2025\/11\/DSC3580-683x1024.jpg?strip=info&#038;w=1707&#038;ssl=1 1707w\" alt=\"\" data-height=\"2560\" data-id=\"110510\" data-link=\"https:\/\/zeromagazine.mx\/?attachment_id=110510\" data-url=\"https:\/\/zeromagazine.mx\/wp-content\/uploads\/2025\/11\/DSC3580-683x1024.jpg\" data-width=\"1707\" src=\"https:\/\/i0.wp.com\/zeromagazine.mx\/wp-content\/uploads\/2025\/11\/DSC3580-683x1024.jpg?ssl=1\" data-amp-layout=\"responsive\"\/><\/figure><\/div><div class=\"tiled-gallery__col\" style=\"flex-basis:50.00000%\"><figure class=\"tiled-gallery__item\"><img decoding=\"async\" srcset=\"https:\/\/i0.wp.com\/zeromagazine.mx\/wp-content\/uploads\/2025\/11\/DSC3512-683x1024.jpg?strip=info&#038;w=600&#038;ssl=1 600w,https:\/\/i0.wp.com\/zeromagazine.mx\/wp-content\/uploads\/2025\/11\/DSC3512-683x1024.jpg?strip=info&#038;w=900&#038;ssl=1 900w,https:\/\/i0.wp.com\/zeromagazine.mx\/wp-content\/uploads\/2025\/11\/DSC3512-683x1024.jpg?strip=info&#038;w=1200&#038;ssl=1 1200w,https:\/\/i0.wp.com\/zeromagazine.mx\/wp-content\/uploads\/2025\/11\/DSC3512-683x1024.jpg?strip=info&#038;w=1500&#038;ssl=1 1500w,https:\/\/i0.wp.com\/zeromagazine.mx\/wp-content\/uploads\/2025\/11\/DSC3512-683x1024.jpg?strip=info&#038;w=1707&#038;ssl=1 1707w\" alt=\"\" data-height=\"2560\" data-id=\"110511\" data-link=\"https:\/\/zeromagazine.mx\/?attachment_id=110511\" data-url=\"https:\/\/zeromagazine.mx\/wp-content\/uploads\/2025\/11\/DSC3512-683x1024.jpg\" data-width=\"1707\" src=\"https:\/\/i0.wp.com\/zeromagazine.mx\/wp-content\/uploads\/2025\/11\/DSC3512-683x1024.jpg?ssl=1\" data-amp-layout=\"responsive\"\/><\/figure><\/div><\/div><\/div><\/div><\/div>\n\n\n\n<hr class=\"wp-block-separator has-alpha-channel-opacity\"\/>\n\n\n\n<p>Por otra parte, el espacio tambi\u00e9n incluir\u00e1 exhibiciones dedicadas a la relaci\u00f3n entre la m\u00fasica y la moda, demostrando c\u00f3mo el denim ha acompa\u00f1ado a artistas en cada movimiento cultural. Desde el rock hasta el indie m\u00e1s actual, el tejido m\u00e1s atemporal del mundo sigue sonando con fuerza.<\/p>\n\n\n\n<p>Finalmente, quienes pasen por el hospitality podr\u00e1n participar en din\u00e1micas con premios exclusivos, actividades interactivas y momentos que van directo al carrete de recuerdos del fin de semana.<\/p>\n\n\n\n<hr class=\"wp-block-separator has-alpha-channel-opacity\"\/>\n\n\n\n<p>En definitiva, el <strong>Levi\u2019s Corona Capital<\/strong> no solo celebra una alianza: celebra una historia que se escribe entre canciones, costuras y memorias. Porque si algo ha quedado claro en estos diez a\u00f1os es que, aunque las modas cambien, la autenticidad \u2014esa que Levi\u2019s lleva en cada hilo\u2014 siempre encuentra su escenario.<\/p>\n\n\n\n<div class=\"wp-block-jetpack-tiled-gallery alignfull is-style-rectangular\"><div class=\"\"><div class=\"tiled-gallery__gallery\"><div class=\"tiled-gallery__row\"><div class=\"tiled-gallery__col\" style=\"flex-basis:25.00000%\"><figure class=\"tiled-gallery__item\"><img decoding=\"async\" srcset=\"https:\/\/i0.wp.com\/zeromagazine.mx\/wp-content\/uploads\/2025\/11\/DSC3433-683x1024.jpg?strip=info&#038;w=600&#038;ssl=1 600w,https:\/\/i0.wp.com\/zeromagazine.mx\/wp-content\/uploads\/2025\/11\/DSC3433-683x1024.jpg?strip=info&#038;w=900&#038;ssl=1 900w,https:\/\/i0.wp.com\/zeromagazine.mx\/wp-content\/uploads\/2025\/11\/DSC3433-683x1024.jpg?strip=info&#038;w=1200&#038;ssl=1 1200w,https:\/\/i0.wp.com\/zeromagazine.mx\/wp-content\/uploads\/2025\/11\/DSC3433-683x1024.jpg?strip=info&#038;w=1500&#038;ssl=1 1500w,https:\/\/i0.wp.com\/zeromagazine.mx\/wp-content\/uploads\/2025\/11\/DSC3433-683x1024.jpg?strip=info&#038;w=1707&#038;ssl=1 1707w\" alt=\"\" data-height=\"2560\" data-id=\"110512\" data-link=\"https:\/\/zeromagazine.mx\/?attachment_id=110512\" data-url=\"https:\/\/zeromagazine.mx\/wp-content\/uploads\/2025\/11\/DSC3433-683x1024.jpg\" data-width=\"1707\" src=\"https:\/\/i0.wp.com\/zeromagazine.mx\/wp-content\/uploads\/2025\/11\/DSC3433-683x1024.jpg?ssl=1\" data-amp-layout=\"responsive\"\/><\/figure><\/div><div class=\"tiled-gallery__col\" style=\"flex-basis:25.00000%\"><figure class=\"tiled-gallery__item\"><img decoding=\"async\" srcset=\"https:\/\/i0.wp.com\/zeromagazine.mx\/wp-content\/uploads\/2025\/11\/DSC3422-683x1024.jpg?strip=info&#038;w=600&#038;ssl=1 600w,https:\/\/i0.wp.com\/zeromagazine.mx\/wp-content\/uploads\/2025\/11\/DSC3422-683x1024.jpg?strip=info&#038;w=900&#038;ssl=1 900w,https:\/\/i0.wp.com\/zeromagazine.mx\/wp-content\/uploads\/2025\/11\/DSC3422-683x1024.jpg?strip=info&#038;w=1200&#038;ssl=1 1200w,https:\/\/i0.wp.com\/zeromagazine.mx\/wp-content\/uploads\/2025\/11\/DSC3422-683x1024.jpg?strip=info&#038;w=1500&#038;ssl=1 1500w,https:\/\/i0.wp.com\/zeromagazine.mx\/wp-content\/uploads\/2025\/11\/DSC3422-683x1024.jpg?strip=info&#038;w=1707&#038;ssl=1 1707w\" alt=\"\" data-height=\"2560\" data-id=\"110515\" data-link=\"https:\/\/zeromagazine.mx\/?attachment_id=110515\" data-url=\"https:\/\/zeromagazine.mx\/wp-content\/uploads\/2025\/11\/DSC3422-683x1024.jpg\" data-width=\"1707\" src=\"https:\/\/i0.wp.com\/zeromagazine.mx\/wp-content\/uploads\/2025\/11\/DSC3422-683x1024.jpg?ssl=1\" data-amp-layout=\"responsive\"\/><\/figure><\/div><div class=\"tiled-gallery__col\" style=\"flex-basis:25.00000%\"><figure class=\"tiled-gallery__item\"><img decoding=\"async\" srcset=\"https:\/\/i0.wp.com\/zeromagazine.mx\/wp-content\/uploads\/2025\/11\/DSC3451-683x1024.jpg?strip=info&#038;w=600&#038;ssl=1 600w,https:\/\/i0.wp.com\/zeromagazine.mx\/wp-content\/uploads\/2025\/11\/DSC3451-683x1024.jpg?strip=info&#038;w=900&#038;ssl=1 900w,https:\/\/i0.wp.com\/zeromagazine.mx\/wp-content\/uploads\/2025\/11\/DSC3451-683x1024.jpg?strip=info&#038;w=1200&#038;ssl=1 1200w,https:\/\/i0.wp.com\/zeromagazine.mx\/wp-content\/uploads\/2025\/11\/DSC3451-683x1024.jpg?strip=info&#038;w=1500&#038;ssl=1 1500w,https:\/\/i0.wp.com\/zeromagazine.mx\/wp-content\/uploads\/2025\/11\/DSC3451-683x1024.jpg?strip=info&#038;w=1707&#038;ssl=1 1707w\" alt=\"\" data-height=\"2560\" data-id=\"110513\" data-link=\"https:\/\/zeromagazine.mx\/?attachment_id=110513\" data-url=\"https:\/\/zeromagazine.mx\/wp-content\/uploads\/2025\/11\/DSC3451-683x1024.jpg\" data-width=\"1707\" src=\"https:\/\/i0.wp.com\/zeromagazine.mx\/wp-content\/uploads\/2025\/11\/DSC3451-683x1024.jpg?ssl=1\" data-amp-layout=\"responsive\"\/><\/figure><\/div><div class=\"tiled-gallery__col\" style=\"flex-basis:25.00000%\"><figure class=\"tiled-gallery__item\"><img decoding=\"async\" srcset=\"https:\/\/i0.wp.com\/zeromagazine.mx\/wp-content\/uploads\/2025\/11\/DSC3538-683x1024.jpg?strip=info&#038;w=600&#038;ssl=1 600w,https:\/\/i0.wp.com\/zeromagazine.mx\/wp-content\/uploads\/2025\/11\/DSC3538-683x1024.jpg?strip=info&#038;w=900&#038;ssl=1 900w,https:\/\/i0.wp.com\/zeromagazine.mx\/wp-content\/uploads\/2025\/11\/DSC3538-683x1024.jpg?strip=info&#038;w=1200&#038;ssl=1 1200w,https:\/\/i0.wp.com\/zeromagazine.mx\/wp-content\/uploads\/2025\/11\/DSC3538-683x1024.jpg?strip=info&#038;w=1500&#038;ssl=1 1500w,https:\/\/i0.wp.com\/zeromagazine.mx\/wp-content\/uploads\/2025\/11\/DSC3538-683x1024.jpg?strip=info&#038;w=1707&#038;ssl=1 1707w\" alt=\"\" data-height=\"2560\" data-id=\"110514\" data-link=\"https:\/\/zeromagazine.mx\/?attachment_id=110514\" data-url=\"https:\/\/zeromagazine.mx\/wp-content\/uploads\/2025\/11\/DSC3538-683x1024.jpg\" data-width=\"1707\" src=\"https:\/\/i0.wp.com\/zeromagazine.mx\/wp-content\/uploads\/2025\/11\/DSC3538-683x1024.jpg?ssl=1\" data-amp-layout=\"responsive\"\/><\/figure><\/div><\/div><\/div><\/div><\/div>\n\n<!--themify_builder_content-->\n<div id=\"themify_builder_content-110503\" data-postid=\"110503\" class=\"themify_builder_content themify_builder_content-110503 themify_builder tf_clear\">\n    <\/div>\n<!--\/themify_builder_content-->","protected":false},"excerpt":{"rendered":"<p>Hay festivales\u2026 y luego est\u00e1 el Levi\u2019s Corona Capital, donde la moda y la m\u00fasica se funden en una vibra que solo el denim puede sostener. Este 2025, Levi\u2019s celebra diez a\u00f1os como patrocinador oficial del festival, marcando una d\u00e9cada en la que los escenarios, los looks y las emociones se visten con autenticidad. Desde [&hellip;]<\/p>\n","protected":false},"author":2,"featured_media":110504,"comment_status":"open","ping_status":"open","sticky":false,"template":"","format":"standard","meta":{"_jetpack_memberships_contains_paid_content":false,"footnotes":"","jetpack_publicize_message":"","jetpack_publicize_feature_enabled":true,"jetpack_social_post_already_shared":true,"jetpack_social_options":{"image_generator_settings":{"template":"highway","default_image_id":0,"font":"","enabled":false},"version":2}},"categories":[67],"tags":[],"class_list":["post-110503","post","type-post","status-publish","format-standard","has-post-thumbnail","hentry","category-moda","has-post-title","has-post-date","has-post-category","has-post-tag","has-post-comment","has-post-author",""],"yoast_head":"<!-- This site is optimized with the Yoast SEO plugin v27.5 - https:\/\/yoast.com\/product\/yoast-seo-wordpress\/ -->\n<title>Levi\u2019s Corona Capital: 10 a\u00f1os de m\u00fasica y estilo - Zero Magazine<\/title>\n<meta name=\"description\" content=\"Levi\u2019s Corona Capital celebra 10 a\u00f1os de estilo, m\u00fasica y autenticidad en el festival m\u00e1s ic\u00f3nico de M\u00e9xico.\" \/>\n<meta name=\"robots\" content=\"index, follow, max-snippet:-1, max-image-preview:large, max-video-preview:-1\" \/>\n<link rel=\"canonical\" href=\"https:\/\/zeromagazine.mx\/index.php\/2025\/11\/12\/levis-corona-capital-10-aniversario\/\" \/>\n<meta property=\"og:locale\" content=\"es_ES\" \/>\n<meta property=\"og:type\" content=\"article\" \/>\n<meta property=\"og:title\" content=\"Levi\u2019s Corona Capital: 10 a\u00f1os de m\u00fasica y estilo - Zero Magazine\" \/>\n<meta property=\"og:description\" content=\"Levi\u2019s Corona Capital celebra 10 a\u00f1os de estilo, m\u00fasica y autenticidad en el festival m\u00e1s ic\u00f3nico de M\u00e9xico.\" \/>\n<meta property=\"og:url\" content=\"https:\/\/zeromagazine.mx\/index.php\/2025\/11\/12\/levis-corona-capital-10-aniversario\/\" \/>\n<meta property=\"og:site_name\" content=\"Zero Magazine\" \/>\n<meta property=\"article:published_time\" content=\"2025-11-12T22:37:53+00:00\" \/>\n<meta property=\"article:modified_time\" content=\"2025-11-12T22:39:40+00:00\" \/>\n<meta property=\"og:image\" content=\"http:\/\/zeromagazine.mx\/wp-content\/uploads\/2025\/11\/DSC3475-scaled.jpg\" \/>\n\t<meta property=\"og:image:width\" content=\"1707\" \/>\n\t<meta property=\"og:image:height\" content=\"2560\" \/>\n\t<meta property=\"og:image:type\" content=\"image\/jpeg\" \/>\n<meta name=\"author\" content=\"zeromagazinemx\" \/>\n<meta name=\"twitter:card\" content=\"summary_large_image\" \/>\n<meta name=\"twitter:label1\" content=\"Escrito por\" \/>\n\t<meta name=\"twitter:data1\" content=\"zeromagazinemx\" \/>\n\t<meta name=\"twitter:label2\" content=\"Tiempo de lectura\" \/>\n\t<meta name=\"twitter:data2\" content=\"5 minutos\" \/>\n<script type=\"application\/ld+json\" class=\"yoast-schema-graph\">{\"@context\":\"https:\\\/\\\/schema.org\",\"@graph\":[{\"@type\":\"Article\",\"@id\":\"https:\\\/\\\/zeromagazine.mx\\\/index.php\\\/2025\\\/11\\\/12\\\/levis-corona-capital-10-aniversario\\\/#article\",\"isPartOf\":{\"@id\":\"https:\\\/\\\/zeromagazine.mx\\\/index.php\\\/2025\\\/11\\\/12\\\/levis-corona-capital-10-aniversario\\\/\"},\"author\":{\"name\":\"zeromagazinemx\",\"@id\":\"https:\\\/\\\/zeromagazine.mx\\\/#\\\/schema\\\/person\\\/9aed9f33a7c39af3a348b86d723f7773\"},\"headline\":\"Levi\u2019s Corona Capital: 10 a\u00f1os de m\u00fasica y estilo\",\"datePublished\":\"2025-11-12T22:37:53+00:00\",\"dateModified\":\"2025-11-12T22:39:40+00:00\",\"mainEntityOfPage\":{\"@id\":\"https:\\\/\\\/zeromagazine.mx\\\/index.php\\\/2025\\\/11\\\/12\\\/levis-corona-capital-10-aniversario\\\/\"},\"wordCount\":421,\"commentCount\":0,\"publisher\":{\"@id\":\"https:\\\/\\\/zeromagazine.mx\\\/#organization\"},\"image\":{\"@id\":\"https:\\\/\\\/zeromagazine.mx\\\/index.php\\\/2025\\\/11\\\/12\\\/levis-corona-capital-10-aniversario\\\/#primaryimage\"},\"thumbnailUrl\":\"https:\\\/\\\/i0.wp.com\\\/zeromagazine.mx\\\/wp-content\\\/uploads\\\/2025\\\/11\\\/DSC3475-scaled.jpg?fit=1707%2C2560&ssl=1\",\"articleSection\":[\"Moda\"],\"inLanguage\":\"es\",\"potentialAction\":[{\"@type\":\"CommentAction\",\"name\":\"Comment\",\"target\":[\"https:\\\/\\\/zeromagazine.mx\\\/index.php\\\/2025\\\/11\\\/12\\\/levis-corona-capital-10-aniversario\\\/#respond\"]}]},{\"@type\":\"WebPage\",\"@id\":\"https:\\\/\\\/zeromagazine.mx\\\/index.php\\\/2025\\\/11\\\/12\\\/levis-corona-capital-10-aniversario\\\/\",\"url\":\"https:\\\/\\\/zeromagazine.mx\\\/index.php\\\/2025\\\/11\\\/12\\\/levis-corona-capital-10-aniversario\\\/\",\"name\":\"Levi\u2019s Corona Capital: 10 a\u00f1os de m\u00fasica y estilo - Zero Magazine\",\"isPartOf\":{\"@id\":\"https:\\\/\\\/zeromagazine.mx\\\/#website\"},\"primaryImageOfPage\":{\"@id\":\"https:\\\/\\\/zeromagazine.mx\\\/index.php\\\/2025\\\/11\\\/12\\\/levis-corona-capital-10-aniversario\\\/#primaryimage\"},\"image\":{\"@id\":\"https:\\\/\\\/zeromagazine.mx\\\/index.php\\\/2025\\\/11\\\/12\\\/levis-corona-capital-10-aniversario\\\/#primaryimage\"},\"thumbnailUrl\":\"https:\\\/\\\/i0.wp.com\\\/zeromagazine.mx\\\/wp-content\\\/uploads\\\/2025\\\/11\\\/DSC3475-scaled.jpg?fit=1707%2C2560&ssl=1\",\"datePublished\":\"2025-11-12T22:37:53+00:00\",\"dateModified\":\"2025-11-12T22:39:40+00:00\",\"description\":\"Levi\u2019s Corona Capital celebra 10 a\u00f1os de estilo, m\u00fasica y autenticidad en el festival m\u00e1s ic\u00f3nico de M\u00e9xico.\",\"breadcrumb\":{\"@id\":\"https:\\\/\\\/zeromagazine.mx\\\/index.php\\\/2025\\\/11\\\/12\\\/levis-corona-capital-10-aniversario\\\/#breadcrumb\"},\"inLanguage\":\"es\",\"potentialAction\":[{\"@type\":\"ReadAction\",\"target\":[\"https:\\\/\\\/zeromagazine.mx\\\/index.php\\\/2025\\\/11\\\/12\\\/levis-corona-capital-10-aniversario\\\/\"]}]},{\"@type\":\"ImageObject\",\"inLanguage\":\"es\",\"@id\":\"https:\\\/\\\/zeromagazine.mx\\\/index.php\\\/2025\\\/11\\\/12\\\/levis-corona-capital-10-aniversario\\\/#primaryimage\",\"url\":\"https:\\\/\\\/i0.wp.com\\\/zeromagazine.mx\\\/wp-content\\\/uploads\\\/2025\\\/11\\\/DSC3475-scaled.jpg?fit=1707%2C2560&ssl=1\",\"contentUrl\":\"https:\\\/\\\/i0.wp.com\\\/zeromagazine.mx\\\/wp-content\\\/uploads\\\/2025\\\/11\\\/DSC3475-scaled.jpg?fit=1707%2C2560&ssl=1\",\"width\":1707,\"height\":2560},{\"@type\":\"BreadcrumbList\",\"@id\":\"https:\\\/\\\/zeromagazine.mx\\\/index.php\\\/2025\\\/11\\\/12\\\/levis-corona-capital-10-aniversario\\\/#breadcrumb\",\"itemListElement\":[{\"@type\":\"ListItem\",\"position\":1,\"name\":\"Portada\",\"item\":\"https:\\\/\\\/zeromagazine.mx\\\/\"},{\"@type\":\"ListItem\",\"position\":2,\"name\":\"Levi\u2019s Corona Capital: 10 a\u00f1os de m\u00fasica y estilo\"}]},{\"@type\":\"WebSite\",\"@id\":\"https:\\\/\\\/zeromagazine.mx\\\/#website\",\"url\":\"https:\\\/\\\/zeromagazine.mx\\\/\",\"name\":\"Zero Magazine\",\"description\":\"\",\"publisher\":{\"@id\":\"https:\\\/\\\/zeromagazine.mx\\\/#organization\"},\"potentialAction\":[{\"@type\":\"SearchAction\",\"target\":{\"@type\":\"EntryPoint\",\"urlTemplate\":\"https:\\\/\\\/zeromagazine.mx\\\/?s={search_term_string}\"},\"query-input\":{\"@type\":\"PropertyValueSpecification\",\"valueRequired\":true,\"valueName\":\"search_term_string\"}}],\"inLanguage\":\"es\"},{\"@type\":\"Organization\",\"@id\":\"https:\\\/\\\/zeromagazine.mx\\\/#organization\",\"name\":\"Zero Magazine\",\"url\":\"https:\\\/\\\/zeromagazine.mx\\\/\",\"logo\":{\"@type\":\"ImageObject\",\"inLanguage\":\"es\",\"@id\":\"https:\\\/\\\/zeromagazine.mx\\\/#\\\/schema\\\/logo\\\/image\\\/\",\"url\":\"https:\\\/\\\/i0.wp.com\\\/zeromagazine.mx\\\/wp-content\\\/uploads\\\/2025\\\/11\\\/1.jpeg?fit=1000%2C1000&ssl=1\",\"contentUrl\":\"https:\\\/\\\/i0.wp.com\\\/zeromagazine.mx\\\/wp-content\\\/uploads\\\/2025\\\/11\\\/1.jpeg?fit=1000%2C1000&ssl=1\",\"width\":1000,\"height\":1000,\"caption\":\"Zero Magazine\"},\"image\":{\"@id\":\"https:\\\/\\\/zeromagazine.mx\\\/#\\\/schema\\\/logo\\\/image\\\/\"},\"sameAs\":[\"https:\\\/\\\/instagram.com\\\/zeromagazinemx\"]},{\"@type\":\"Person\",\"@id\":\"https:\\\/\\\/zeromagazine.mx\\\/#\\\/schema\\\/person\\\/9aed9f33a7c39af3a348b86d723f7773\",\"name\":\"zeromagazinemx\",\"image\":{\"@type\":\"ImageObject\",\"inLanguage\":\"es\",\"@id\":\"https:\\\/\\\/zeromagazine.mx\\\/wp-content\\\/litespeed\\\/avatar\\\/f91dfe5410d5dcb1a576bf8c45983896.jpg?ver=1777571230\",\"url\":\"https:\\\/\\\/zeromagazine.mx\\\/wp-content\\\/litespeed\\\/avatar\\\/f91dfe5410d5dcb1a576bf8c45983896.jpg?ver=1777571230\",\"contentUrl\":\"https:\\\/\\\/zeromagazine.mx\\\/wp-content\\\/litespeed\\\/avatar\\\/f91dfe5410d5dcb1a576bf8c45983896.jpg?ver=1777571230\",\"caption\":\"zeromagazinemx\"},\"url\":\"https:\\\/\\\/zeromagazine.mx\\\/index.php\\\/author\\\/zeromagazinemx\\\/\"}]}<\/script>\n<!-- \/ Yoast SEO plugin. -->","yoast_head_json":{"title":"Levi\u2019s Corona Capital: 10 a\u00f1os de m\u00fasica y estilo - Zero Magazine","description":"Levi\u2019s Corona Capital celebra 10 a\u00f1os de estilo, m\u00fasica y autenticidad en el festival m\u00e1s ic\u00f3nico de M\u00e9xico.","robots":{"index":"index","follow":"follow","max-snippet":"max-snippet:-1","max-image-preview":"max-image-preview:large","max-video-preview":"max-video-preview:-1"},"canonical":"https:\/\/zeromagazine.mx\/index.php\/2025\/11\/12\/levis-corona-capital-10-aniversario\/","og_locale":"es_ES","og_type":"article","og_title":"Levi\u2019s Corona Capital: 10 a\u00f1os de m\u00fasica y estilo - Zero Magazine","og_description":"Levi\u2019s Corona Capital celebra 10 a\u00f1os de estilo, m\u00fasica y autenticidad en el festival m\u00e1s ic\u00f3nico de M\u00e9xico.","og_url":"https:\/\/zeromagazine.mx\/index.php\/2025\/11\/12\/levis-corona-capital-10-aniversario\/","og_site_name":"Zero Magazine","article_published_time":"2025-11-12T22:37:53+00:00","article_modified_time":"2025-11-12T22:39:40+00:00","og_image":[{"width":1707,"height":2560,"url":"http:\/\/zeromagazine.mx\/wp-content\/uploads\/2025\/11\/DSC3475-scaled.jpg","type":"image\/jpeg"}],"author":"zeromagazinemx","twitter_card":"summary_large_image","twitter_misc":{"Escrito por":"zeromagazinemx","Tiempo de lectura":"5 minutos"},"schema":{"@context":"https:\/\/schema.org","@graph":[{"@type":"Article","@id":"https:\/\/zeromagazine.mx\/index.php\/2025\/11\/12\/levis-corona-capital-10-aniversario\/#article","isPartOf":{"@id":"https:\/\/zeromagazine.mx\/index.php\/2025\/11\/12\/levis-corona-capital-10-aniversario\/"},"author":{"name":"zeromagazinemx","@id":"https:\/\/zeromagazine.mx\/#\/schema\/person\/9aed9f33a7c39af3a348b86d723f7773"},"headline":"Levi\u2019s Corona Capital: 10 a\u00f1os de m\u00fasica y estilo","datePublished":"2025-11-12T22:37:53+00:00","dateModified":"2025-11-12T22:39:40+00:00","mainEntityOfPage":{"@id":"https:\/\/zeromagazine.mx\/index.php\/2025\/11\/12\/levis-corona-capital-10-aniversario\/"},"wordCount":421,"commentCount":0,"publisher":{"@id":"https:\/\/zeromagazine.mx\/#organization"},"image":{"@id":"https:\/\/zeromagazine.mx\/index.php\/2025\/11\/12\/levis-corona-capital-10-aniversario\/#primaryimage"},"thumbnailUrl":"https:\/\/i0.wp.com\/zeromagazine.mx\/wp-content\/uploads\/2025\/11\/DSC3475-scaled.jpg?fit=1707%2C2560&ssl=1","articleSection":["Moda"],"inLanguage":"es","potentialAction":[{"@type":"CommentAction","name":"Comment","target":["https:\/\/zeromagazine.mx\/index.php\/2025\/11\/12\/levis-corona-capital-10-aniversario\/#respond"]}]},{"@type":"WebPage","@id":"https:\/\/zeromagazine.mx\/index.php\/2025\/11\/12\/levis-corona-capital-10-aniversario\/","url":"https:\/\/zeromagazine.mx\/index.php\/2025\/11\/12\/levis-corona-capital-10-aniversario\/","name":"Levi\u2019s Corona Capital: 10 a\u00f1os de m\u00fasica y estilo - Zero Magazine","isPartOf":{"@id":"https:\/\/zeromagazine.mx\/#website"},"primaryImageOfPage":{"@id":"https:\/\/zeromagazine.mx\/index.php\/2025\/11\/12\/levis-corona-capital-10-aniversario\/#primaryimage"},"image":{"@id":"https:\/\/zeromagazine.mx\/index.php\/2025\/11\/12\/levis-corona-capital-10-aniversario\/#primaryimage"},"thumbnailUrl":"https:\/\/i0.wp.com\/zeromagazine.mx\/wp-content\/uploads\/2025\/11\/DSC3475-scaled.jpg?fit=1707%2C2560&ssl=1","datePublished":"2025-11-12T22:37:53+00:00","dateModified":"2025-11-12T22:39:40+00:00","description":"Levi\u2019s Corona Capital celebra 10 a\u00f1os de estilo, m\u00fasica y autenticidad en el festival m\u00e1s ic\u00f3nico de M\u00e9xico.","breadcrumb":{"@id":"https:\/\/zeromagazine.mx\/index.php\/2025\/11\/12\/levis-corona-capital-10-aniversario\/#breadcrumb"},"inLanguage":"es","potentialAction":[{"@type":"ReadAction","target":["https:\/\/zeromagazine.mx\/index.php\/2025\/11\/12\/levis-corona-capital-10-aniversario\/"]}]},{"@type":"ImageObject","inLanguage":"es","@id":"https:\/\/zeromagazine.mx\/index.php\/2025\/11\/12\/levis-corona-capital-10-aniversario\/#primaryimage","url":"https:\/\/i0.wp.com\/zeromagazine.mx\/wp-content\/uploads\/2025\/11\/DSC3475-scaled.jpg?fit=1707%2C2560&ssl=1","contentUrl":"https:\/\/i0.wp.com\/zeromagazine.mx\/wp-content\/uploads\/2025\/11\/DSC3475-scaled.jpg?fit=1707%2C2560&ssl=1","width":1707,"height":2560},{"@type":"BreadcrumbList","@id":"https:\/\/zeromagazine.mx\/index.php\/2025\/11\/12\/levis-corona-capital-10-aniversario\/#breadcrumb","itemListElement":[{"@type":"ListItem","position":1,"name":"Portada","item":"https:\/\/zeromagazine.mx\/"},{"@type":"ListItem","position":2,"name":"Levi\u2019s Corona Capital: 10 a\u00f1os de m\u00fasica y estilo"}]},{"@type":"WebSite","@id":"https:\/\/zeromagazine.mx\/#website","url":"https:\/\/zeromagazine.mx\/","name":"Zero Magazine","description":"","publisher":{"@id":"https:\/\/zeromagazine.mx\/#organization"},"potentialAction":[{"@type":"SearchAction","target":{"@type":"EntryPoint","urlTemplate":"https:\/\/zeromagazine.mx\/?s={search_term_string}"},"query-input":{"@type":"PropertyValueSpecification","valueRequired":true,"valueName":"search_term_string"}}],"inLanguage":"es"},{"@type":"Organization","@id":"https:\/\/zeromagazine.mx\/#organization","name":"Zero Magazine","url":"https:\/\/zeromagazine.mx\/","logo":{"@type":"ImageObject","inLanguage":"es","@id":"https:\/\/zeromagazine.mx\/#\/schema\/logo\/image\/","url":"https:\/\/i0.wp.com\/zeromagazine.mx\/wp-content\/uploads\/2025\/11\/1.jpeg?fit=1000%2C1000&ssl=1","contentUrl":"https:\/\/i0.wp.com\/zeromagazine.mx\/wp-content\/uploads\/2025\/11\/1.jpeg?fit=1000%2C1000&ssl=1","width":1000,"height":1000,"caption":"Zero Magazine"},"image":{"@id":"https:\/\/zeromagazine.mx\/#\/schema\/logo\/image\/"},"sameAs":["https:\/\/instagram.com\/zeromagazinemx"]},{"@type":"Person","@id":"https:\/\/zeromagazine.mx\/#\/schema\/person\/9aed9f33a7c39af3a348b86d723f7773","name":"zeromagazinemx","image":{"@type":"ImageObject","inLanguage":"es","@id":"https:\/\/zeromagazine.mx\/wp-content\/litespeed\/avatar\/f91dfe5410d5dcb1a576bf8c45983896.jpg?ver=1777571230","url":"https:\/\/zeromagazine.mx\/wp-content\/litespeed\/avatar\/f91dfe5410d5dcb1a576bf8c45983896.jpg?ver=1777571230","contentUrl":"https:\/\/zeromagazine.mx\/wp-content\/litespeed\/avatar\/f91dfe5410d5dcb1a576bf8c45983896.jpg?ver=1777571230","caption":"zeromagazinemx"},"url":"https:\/\/zeromagazine.mx\/index.php\/author\/zeromagazinemx\/"}]}},"jetpack_publicize_connections":[],"jetpack_featured_media_url":"https:\/\/i0.wp.com\/zeromagazine.mx\/wp-content\/uploads\/2025\/11\/DSC3475-scaled.jpg?fit=1707%2C2560&ssl=1","jetpack-related-posts":[{"id":111083,"url":"https:\/\/zeromagazine.mx\/index.php\/2025\/11\/20\/levis-corona-capital-experiencia\/","url_meta":{"origin":110503,"position":0},"title":"Levi\u2019s Corona Capital: estilo sin reglas","author":"zeromagazinemx","date":"20 de noviembre de 2025","format":false,"excerpt":"Si algo qued\u00f3 claro este a\u00f1o es que Levi\u2019s Corona Capital ya no es solo una colaboraci\u00f3n: es una vibra completa que se siente desde que entras al festival hasta que te vas con glitter en la cara y el coraz\u00f3n lleno de m\u00fasica. La marca volvi\u00f3 a apoderarse del\u2026","rel":"","context":"En \u00abModa\u00bb","block_context":{"text":"Moda","link":"https:\/\/zeromagazine.mx\/index.php\/category\/moda\/"},"img":{"alt_text":"","src":"https:\/\/i0.wp.com\/zeromagazine.mx\/wp-content\/uploads\/2025\/11\/1000040531-scaled.jpg?fit=1200%2C800&ssl=1&resize=350%2C200","width":350,"height":200,"srcset":"https:\/\/i0.wp.com\/zeromagazine.mx\/wp-content\/uploads\/2025\/11\/1000040531-scaled.jpg?fit=1200%2C800&ssl=1&resize=350%2C200 1x, https:\/\/i0.wp.com\/zeromagazine.mx\/wp-content\/uploads\/2025\/11\/1000040531-scaled.jpg?fit=1200%2C800&ssl=1&resize=525%2C300 1.5x, https:\/\/i0.wp.com\/zeromagazine.mx\/wp-content\/uploads\/2025\/11\/1000040531-scaled.jpg?fit=1200%2C800&ssl=1&resize=700%2C400 2x, https:\/\/i0.wp.com\/zeromagazine.mx\/wp-content\/uploads\/2025\/11\/1000040531-scaled.jpg?fit=1200%2C800&ssl=1&resize=1050%2C600 3x"},"classes":[]},{"id":108069,"url":"https:\/\/zeromagazine.mx\/index.php\/2025\/09\/09\/levis-x-oasis-coleccion-2025\/","url_meta":{"origin":110503,"position":1},"title":"Levi\u2019s x Oasis: moda con himnos eternos","author":"David Morales","date":"9 de septiembre de 2025","format":false,"excerpt":"Cuando dos de mis grandes obsesiones \u2014la m\u00fasica de Oasis y la moda\u2014 se encuentran, s\u00e9 que algo \u00e9pico est\u00e1 a punto de pasar. Y s\u00ed, la noticia que esperaba desde hace a\u00f1os ya es realidad:\u00a0Levi\u2019s\u00ae lanza su segunda colecci\u00f3n Levi\u2019s x Oasis para celebrar la hist\u00f3rica reuni\u00f3n de la\u2026","rel":"","context":"En \u00abModa\u00bb","block_context":{"text":"Moda","link":"https:\/\/zeromagazine.mx\/index.php\/category\/moda\/"},"img":{"alt_text":"","src":"https:\/\/i0.wp.com\/zeromagazine.mx\/wp-content\/uploads\/2025\/09\/Oasis-%E2%80%93-Levis-Photo-%C2%A9-Michael-Spencer-Jones-11.jpeg?fit=1200%2C796&ssl=1&resize=350%2C200","width":350,"height":200,"srcset":"https:\/\/i0.wp.com\/zeromagazine.mx\/wp-content\/uploads\/2025\/09\/Oasis-%E2%80%93-Levis-Photo-%C2%A9-Michael-Spencer-Jones-11.jpeg?fit=1200%2C796&ssl=1&resize=350%2C200 1x, https:\/\/i0.wp.com\/zeromagazine.mx\/wp-content\/uploads\/2025\/09\/Oasis-%E2%80%93-Levis-Photo-%C2%A9-Michael-Spencer-Jones-11.jpeg?fit=1200%2C796&ssl=1&resize=525%2C300 1.5x, https:\/\/i0.wp.com\/zeromagazine.mx\/wp-content\/uploads\/2025\/09\/Oasis-%E2%80%93-Levis-Photo-%C2%A9-Michael-Spencer-Jones-11.jpeg?fit=1200%2C796&ssl=1&resize=700%2C400 2x, https:\/\/i0.wp.com\/zeromagazine.mx\/wp-content\/uploads\/2025\/09\/Oasis-%E2%80%93-Levis-Photo-%C2%A9-Michael-Spencer-Jones-11.jpeg?fit=1200%2C796&ssl=1&resize=1050%2C600 3x"},"classes":[]},{"id":92215,"url":"https:\/\/zeromagazine.mx\/index.php\/2024\/12\/04\/kenia-os-x-levis-must-haves-del-momento\/","url_meta":{"origin":110503,"position":2},"title":"Kenia Os x Levi\u2019s: Must Haves del Momento","author":"zeromagazinemx","date":"4 de diciembre de 2024","format":false,"excerpt":"Amigx, \u00bfya te enteraste de la m\u00e1s reciente collab entre Kenia Os y Levi\u2019s? \u00a1Si no, qu\u00e9date, porque esto est\u00e1 que arde! Resulta que la marca de jeans m\u00e1s ic\u00f3nica del planeta decidi\u00f3 unir fuerzas con una de las cantantes m\u00e1s chidas de M\u00e9xico para lanzar su campa\u00f1a \"Kenia Es\".\u2026","rel":"","context":"En \u00abModa\u00bb","block_context":{"text":"Moda","link":"https:\/\/zeromagazine.mx\/index.php\/category\/moda\/"},"img":{"alt_text":"","src":"https:\/\/i0.wp.com\/zeromagazine.mx\/wp-content\/uploads\/2024\/12\/Kenia_Levis0097-2-scaled.jpg?fit=1200%2C801&ssl=1&resize=350%2C200","width":350,"height":200,"srcset":"https:\/\/i0.wp.com\/zeromagazine.mx\/wp-content\/uploads\/2024\/12\/Kenia_Levis0097-2-scaled.jpg?fit=1200%2C801&ssl=1&resize=350%2C200 1x, https:\/\/i0.wp.com\/zeromagazine.mx\/wp-content\/uploads\/2024\/12\/Kenia_Levis0097-2-scaled.jpg?fit=1200%2C801&ssl=1&resize=525%2C300 1.5x, https:\/\/i0.wp.com\/zeromagazine.mx\/wp-content\/uploads\/2024\/12\/Kenia_Levis0097-2-scaled.jpg?fit=1200%2C801&ssl=1&resize=700%2C400 2x, https:\/\/i0.wp.com\/zeromagazine.mx\/wp-content\/uploads\/2024\/12\/Kenia_Levis0097-2-scaled.jpg?fit=1200%2C801&ssl=1&resize=1050%2C600 3x"},"classes":[]},{"id":115820,"url":"https:\/\/zeromagazine.mx\/index.php\/2026\/02\/23\/el-malilla-levis-palacio-de-los-deportes\/","url_meta":{"origin":110503,"position":3},"title":"El Malilla Levi\u2019s hist\u00f3rico","author":"Luis Trujano","date":"23 de febrero de 2026","format":false,"excerpt":"Cuando el reggaet\u00f3n mexicano hace historia, tambi\u00e9n se viste para el momento. El Malilla Levi\u2019s no es solo una combinaci\u00f3n de nombre y marca: es el resumen perfecto de una noche que marc\u00f3 un antes y un despu\u00e9s en la m\u00fasica urbana nacional. El sold out en el Palacio de\u2026","rel":"","context":"En \u00abModa\u00bb","block_context":{"text":"Moda","link":"https:\/\/zeromagazine.mx\/index.php\/category\/moda\/"},"img":{"alt_text":"","src":"https:\/\/i0.wp.com\/zeromagazine.mx\/wp-content\/uploads\/2026\/02\/Levis%C2%AE-x-Jordan.jpg?fit=960%2C1200&ssl=1&resize=350%2C200","width":350,"height":200,"srcset":"https:\/\/i0.wp.com\/zeromagazine.mx\/wp-content\/uploads\/2026\/02\/Levis%C2%AE-x-Jordan.jpg?fit=960%2C1200&ssl=1&resize=350%2C200 1x, https:\/\/i0.wp.com\/zeromagazine.mx\/wp-content\/uploads\/2026\/02\/Levis%C2%AE-x-Jordan.jpg?fit=960%2C1200&ssl=1&resize=525%2C300 1.5x, https:\/\/i0.wp.com\/zeromagazine.mx\/wp-content\/uploads\/2026\/02\/Levis%C2%AE-x-Jordan.jpg?fit=960%2C1200&ssl=1&resize=700%2C400 2x"},"classes":[]},{"id":57202,"url":"https:\/\/zeromagazine.mx\/index.php\/2021\/11\/02\/la-coleccion-de-otono-2021-de-levis\/","url_meta":{"origin":110503,"position":4},"title":"La colecci\u00f3n de oto\u00f1o 2021 de LEVI&#8217;S\u00ae","author":"zeromagazinemx","date":"2 de noviembre de 2021","format":false,"excerpt":"Si algo caracteriza a los ni\u00f1os, es su gran energ\u00eda y su habilidad para estar brincando, corriendo, riendo y jugando las 24 horas del d\u00eda. Por ello mismo, la nueva colecci\u00f3n de LEVI'S\u00ae est\u00e1 enfocada a darle una mayor libertad, comodidad y calidad a todos los ni\u00f1os para que sigan\u2026","rel":"","context":"En \u00abLifestyle\u00bb","block_context":{"text":"Lifestyle","link":"https:\/\/zeromagazine.mx\/index.php\/category\/lifestyle\/"},"img":{"alt_text":"","src":"","width":0,"height":0},"classes":[]},{"id":104616,"url":"https:\/\/zeromagazine.mx\/index.php\/2025\/05\/20\/levis-501-los-shorts-de-poder\/","url_meta":{"origin":110503,"position":5},"title":"Levi\u2019s 501 Los Shorts De Poder","author":"David Morales","date":"20 de mayo de 2025","format":false,"excerpt":"Amix, se viene el calor, los festivales, las fotos con glitter y obvio... los outfits con flow. Y si andas buscando esa prenda statement que lo tiene todo, aqu\u00ed va la se\u00f1al: los Original High Rise Shorts Levi's 501 llegaron para ser tus favs del verano. Y no lo digo\u2026","rel":"","context":"En \u00abModa\u00bb","block_context":{"text":"Moda","link":"https:\/\/zeromagazine.mx\/index.php\/category\/moda\/"},"img":{"alt_text":"","src":"https:\/\/i0.wp.com\/zeromagazine.mx\/wp-content\/uploads\/2025\/05\/Screenshot-2025-05-20-130934.png?fit=1200%2C703&ssl=1&resize=350%2C200","width":350,"height":200,"srcset":"https:\/\/i0.wp.com\/zeromagazine.mx\/wp-content\/uploads\/2025\/05\/Screenshot-2025-05-20-130934.png?fit=1200%2C703&ssl=1&resize=350%2C200 1x, https:\/\/i0.wp.com\/zeromagazine.mx\/wp-content\/uploads\/2025\/05\/Screenshot-2025-05-20-130934.png?fit=1200%2C703&ssl=1&resize=525%2C300 1.5x, https:\/\/i0.wp.com\/zeromagazine.mx\/wp-content\/uploads\/2025\/05\/Screenshot-2025-05-20-130934.png?fit=1200%2C703&ssl=1&resize=700%2C400 2x, https:\/\/i0.wp.com\/zeromagazine.mx\/wp-content\/uploads\/2025\/05\/Screenshot-2025-05-20-130934.png?fit=1200%2C703&ssl=1&resize=1050%2C600 3x"},"classes":[]}],"jetpack_sharing_enabled":true,"builder_content":"","_links":{"self":[{"href":"https:\/\/zeromagazine.mx\/index.php\/wp-json\/wp\/v2\/posts\/110503","targetHints":{"allow":["GET"]}}],"collection":[{"href":"https:\/\/zeromagazine.mx\/index.php\/wp-json\/wp\/v2\/posts"}],"about":[{"href":"https:\/\/zeromagazine.mx\/index.php\/wp-json\/wp\/v2\/types\/post"}],"author":[{"embeddable":true,"href":"https:\/\/zeromagazine.mx\/index.php\/wp-json\/wp\/v2\/users\/2"}],"replies":[{"embeddable":true,"href":"https:\/\/zeromagazine.mx\/index.php\/wp-json\/wp\/v2\/comments?post=110503"}],"version-history":[{"count":1,"href":"https:\/\/zeromagazine.mx\/index.php\/wp-json\/wp\/v2\/posts\/110503\/revisions"}],"predecessor-version":[{"id":110516,"href":"https:\/\/zeromagazine.mx\/index.php\/wp-json\/wp\/v2\/posts\/110503\/revisions\/110516"}],"wp:featuredmedia":[{"embeddable":true,"href":"https:\/\/zeromagazine.mx\/index.php\/wp-json\/wp\/v2\/media\/110504"}],"wp:attachment":[{"href":"https:\/\/zeromagazine.mx\/index.php\/wp-json\/wp\/v2\/media?parent=110503"}],"wp:term":[{"taxonomy":"category","embeddable":true,"href":"https:\/\/zeromagazine.mx\/index.php\/wp-json\/wp\/v2\/categories?post=110503"},{"taxonomy":"post_tag","embeddable":true,"href":"https:\/\/zeromagazine.mx\/index.php\/wp-json\/wp\/v2\/tags?post=110503"}],"curies":[{"name":"wp","href":"https:\/\/api.w.org\/{rel}","templated":true}]}}