{"id":110586,"date":"2025-11-15T13:32:24","date_gmt":"2025-11-15T19:32:24","guid":{"rendered":"https:\/\/zeromagazine.mx\/?p=110586"},"modified":"2025-11-15T13:32:27","modified_gmt":"2025-11-15T19:32:27","slug":"ricardo-garduno-vortex-cosentino-entrevista","status":"publish","type":"post","link":"https:\/\/zeromagazine.mx\/index.php\/2025\/11\/15\/ricardo-garduno-vortex-cosentino-entrevista\/","title":{"rendered":"Ricardo Gardu\u00f1o: Vortex, Arte Que Respira Futuro"},"content":{"rendered":"<!--themify_builder_content-->\n<div id=\"themify_builder_content-110586\" data-postid=\"110586\" class=\"themify_builder_content themify_builder_content-110586 themify_builder tf_clear\">\n    <\/div>\n<!--\/themify_builder_content-->\n\n\n<p>Entrar en el mundo de Ricardo Gardu\u00f1o es entrar en un v\u00f3rtice \u2014literal y metaf\u00f3ricamente\u2014 donde los pianos dejan de ser instrumentos y se convierten en criaturas, portales y esculturas vivas. Arquitecto, artista visual y m\u00fasico de formaci\u00f3n, Gardu\u00f1o ha construido una trayectoria donde la t\u00e9cnica convive con lo on\u00edrico y donde cada pieza parece escaparse de otra dimensi\u00f3n.<\/p>\n\n\n\n<figure class=\"wp-block-image size-full\"><img data-recalc-dims=\"1\" decoding=\"async\" width=\"1165\" height=\"1747\" src=\"https:\/\/i0.wp.com\/zeromagazine.mx\/wp-content\/uploads\/2025\/11\/Ricardo-16-scaled.jpeg?resize=1165%2C1747&#038;ssl=1\" alt=\"\" class=\"wp-image-110587\" srcset=\"https:\/\/i0.wp.com\/zeromagazine.mx\/wp-content\/uploads\/2025\/11\/Ricardo-16-scaled.jpeg?w=1707&amp;ssl=1 1707w, https:\/\/i0.wp.com\/zeromagazine.mx\/wp-content\/uploads\/2025\/11\/Ricardo-16-scaled.jpeg?resize=200%2C300&amp;ssl=1 200w, https:\/\/i0.wp.com\/zeromagazine.mx\/wp-content\/uploads\/2025\/11\/Ricardo-16-scaled.jpeg?resize=683%2C1024&amp;ssl=1 683w, https:\/\/i0.wp.com\/zeromagazine.mx\/wp-content\/uploads\/2025\/11\/Ricardo-16-scaled.jpeg?resize=768%2C1152&amp;ssl=1 768w, https:\/\/i0.wp.com\/zeromagazine.mx\/wp-content\/uploads\/2025\/11\/Ricardo-16-scaled.jpeg?resize=1024%2C1536&amp;ssl=1 1024w, https:\/\/i0.wp.com\/zeromagazine.mx\/wp-content\/uploads\/2025\/11\/Ricardo-16-scaled.jpeg?resize=1365%2C2048&amp;ssl=1 1365w\" sizes=\"(max-width: 1165px) 100vw, 1165px\" \/><\/figure>\n\n\n\n<p>Su m\u00e1s reciente obra,&nbsp;<em>Vortex<\/em>, creada en colaboraci\u00f3n con Cosentino y su material ultracompacto Dekton Somnia, llega para confirmar por qu\u00e9 su nombre ya es referencia obligada en el arte inmersivo contempor\u00e1neo. La pieza, actualmente exhibida en Cosentino City Ciudad de M\u00e9xico, es un piano de 600 kg que fusiona piedra, sonido y tecnolog\u00eda con una est\u00e9tica futurista que recuerda a meteoritos, naves espaciales y sue\u00f1os que se materializan.<\/p>\n\n\n\n<p>En esta conversaci\u00f3n, Ricardo nos lleva desde sus primeras obsesiones visuales hasta el momento exacto en el que un piano centenario se convierte en un manifiesto del futuro.<\/p>\n\n\n\n<h2 class=\"wp-block-heading\"><strong>\u00bfC\u00f3mo naci\u00f3 tu conexi\u00f3n con los objetos y lo visual?<\/strong><\/h2>\n\n\n\n<p>Crec\u00ed en una casa donde todo se mov\u00eda: piezas, cuadros, esculturas. Mi pap\u00e1 es corredor de arte, as\u00ed que nunca hab\u00eda una pared libre. Eso me marc\u00f3 much\u00edsimo. Con el tiempo estudi\u00e9 arquitectura y creo que gracias a la carrera pude perfeccionar la t\u00e9cnica, la parte formal, y despu\u00e9s conectar eso con la pintura.<\/p>\n\n\n\n<h2 class=\"wp-block-heading\"><strong>\u00bfC\u00f3mo llegaste a trabajar con pianos, especialmente uno de m\u00e1rmol o materiales p\u00e9treos?<\/strong><\/h2>\n\n\n\n<p>Yo quer\u00eda que se escuchara s\u00ed o s\u00ed, y tuvimos que pedir ayuda t\u00e9cnica. El \u00fanico piano de m\u00e1rmol que exist\u00eda antes era uno para Beyonc\u00e9, pero el m\u00edo surgi\u00f3 distinto: rescatamos un piano de 1900 que pudo terminar en la basura. Cambiamos maquinaria, teclado, cuerdas\u2026 todo nuevo. La gente cree que puede romperse f\u00e1cil, pero lo importante est\u00e1 abajo: la caja arm\u00f3nica. El exterior puede modificarse sin alterar el sonido.<\/p>\n\n\n\n<h2 class=\"wp-block-heading\"><strong>\u00bfC\u00f3mo naci\u00f3 Vortex, tu colaboraci\u00f3n con Cosentino?<\/strong><\/h2>\n\n\n\n<p>Fue algo s\u00faper natural. Visit\u00e9 Cosentino City Ciudad de M\u00e9xico y descubr\u00ed Dekton Somnia. No sab\u00eda que exist\u00edan materiales tan ligeros, resistentes y tan fuertes visualmente. Cuando me preguntaron qu\u00e9 quer\u00eda hacer, les dije: \u201cun piano\u201d. Y as\u00ed empez\u00f3 todo. Eleg\u00ed Somnia por su elegancia y porque encajaba perfecto con esta idea futurista que ten\u00eda en mente.<\/p>\n\n\n\n<figure class=\"wp-block-image size-full\"><img data-recalc-dims=\"1\" decoding=\"async\" width=\"1165\" height=\"777\" src=\"https:\/\/i0.wp.com\/zeromagazine.mx\/wp-content\/uploads\/2025\/11\/95V8592-scaled.jpeg?resize=1165%2C777&#038;ssl=1\" alt=\"\" class=\"wp-image-110588\" srcset=\"https:\/\/i0.wp.com\/zeromagazine.mx\/wp-content\/uploads\/2025\/11\/95V8592-scaled.jpeg?w=2560&amp;ssl=1 2560w, https:\/\/i0.wp.com\/zeromagazine.mx\/wp-content\/uploads\/2025\/11\/95V8592-scaled.jpeg?resize=300%2C200&amp;ssl=1 300w, https:\/\/i0.wp.com\/zeromagazine.mx\/wp-content\/uploads\/2025\/11\/95V8592-scaled.jpeg?resize=1024%2C683&amp;ssl=1 1024w, https:\/\/i0.wp.com\/zeromagazine.mx\/wp-content\/uploads\/2025\/11\/95V8592-scaled.jpeg?resize=768%2C512&amp;ssl=1 768w, https:\/\/i0.wp.com\/zeromagazine.mx\/wp-content\/uploads\/2025\/11\/95V8592-scaled.jpeg?resize=1536%2C1024&amp;ssl=1 1536w, https:\/\/i0.wp.com\/zeromagazine.mx\/wp-content\/uploads\/2025\/11\/95V8592-scaled.jpeg?resize=2048%2C1365&amp;ssl=1 2048w, https:\/\/i0.wp.com\/zeromagazine.mx\/wp-content\/uploads\/2025\/11\/95V8592-scaled.jpeg?w=2330 2330w\" sizes=\"(max-width: 1165px) 100vw, 1165px\" \/><\/figure>\n\n\n\n<h2 class=\"wp-block-heading\"><strong>Vortex pesa 600 kg. \u00bfC\u00f3mo lograste mantener la pureza del sonido?<\/strong><\/h2>\n\n\n\n<p>Mientras la caja arm\u00f3nica est\u00e9 bien, puedes intervenir el exterior sin afectar el tono. El reto fue t\u00e9cnico: adaptar, dise\u00f1ar y forrar el piano con una precisi\u00f3n quir\u00fargica. Trabajamos con especialistas para lograr que todo encajara perfecto sin alterar la esencia del instrumento.<\/p>\n\n\n\n<h2 class=\"wp-block-heading\"><strong>El piano lleg\u00f3 tarde el d\u00eda de la presentaci\u00f3n. \u00bfC\u00f3mo viviste ese momento?<\/strong><\/h2>\n\n\n\n<p>Fue ca\u00f3tico pero incre\u00edble. Tuvimos que armarlo por partes frente a la gente. Estuvimos casi una hora mont\u00e1ndolo y afin\u00e1ndolo ah\u00ed mismo. Para ellos era como: \u201c\u00bfqu\u00e9 estamos viendo?\u201d. No es com\u00fan presenciar ese proceso.<\/p>\n\n\n\n<h2 class=\"wp-block-heading\"><strong>\u00bfEn qu\u00e9 te inspiras para dise\u00f1ar estas piezas tan org\u00e1nicas, casi vivas?<\/strong><\/h2>\n\n\n\n<p>Trabajo mucho con formas. Me obsesionan las an\u00e9monas. Una serie completa naci\u00f3 de un sue\u00f1o donde sal\u00edan tent\u00e1culos del piano y me atrapaban. Suena psicod\u00e9lico, pero fue muy intenso y lo convert\u00ed en obra.<\/p>\n\n\n\n<figure class=\"wp-block-image size-full\"><img data-recalc-dims=\"1\" decoding=\"async\" width=\"1165\" height=\"777\" src=\"https:\/\/i0.wp.com\/zeromagazine.mx\/wp-content\/uploads\/2025\/11\/95V8571-scaled.jpeg?resize=1165%2C777&#038;ssl=1\" alt=\"\" class=\"wp-image-110589\" srcset=\"https:\/\/i0.wp.com\/zeromagazine.mx\/wp-content\/uploads\/2025\/11\/95V8571-scaled.jpeg?w=2560&amp;ssl=1 2560w, https:\/\/i0.wp.com\/zeromagazine.mx\/wp-content\/uploads\/2025\/11\/95V8571-scaled.jpeg?resize=300%2C200&amp;ssl=1 300w, https:\/\/i0.wp.com\/zeromagazine.mx\/wp-content\/uploads\/2025\/11\/95V8571-scaled.jpeg?resize=1024%2C683&amp;ssl=1 1024w, https:\/\/i0.wp.com\/zeromagazine.mx\/wp-content\/uploads\/2025\/11\/95V8571-scaled.jpeg?resize=768%2C512&amp;ssl=1 768w, https:\/\/i0.wp.com\/zeromagazine.mx\/wp-content\/uploads\/2025\/11\/95V8571-scaled.jpeg?resize=1536%2C1024&amp;ssl=1 1536w, https:\/\/i0.wp.com\/zeromagazine.mx\/wp-content\/uploads\/2025\/11\/95V8571-scaled.jpeg?resize=2048%2C1365&amp;ssl=1 2048w, https:\/\/i0.wp.com\/zeromagazine.mx\/wp-content\/uploads\/2025\/11\/95V8571-scaled.jpeg?w=2330 2330w\" sizes=\"(max-width: 1165px) 100vw, 1165px\" \/><\/figure>\n\n\n\n<h2 class=\"wp-block-heading\"><strong>Tu obra inmersiva se ha vuelto muy reconocida. \u00bfCu\u00e1ndo naci\u00f3 esa l\u00ednea?<\/strong><\/h2>\n\n\n\n<p>El a\u00f1o pasado hice&nbsp;<em>Ruptura Dimensional<\/em>&nbsp;en una casona antigua donde vivi\u00f3 Porfirio D\u00edaz. Era una met\u00e1fora sobre otras dimensiones. Me encanta mezclar tecnolog\u00eda: luces l\u00e1ser, hielo seco, atm\u00f3sferas densas. A veces toco yo, pero tambi\u00e9n colaboro con otros pianistas. Ah\u00ed entend\u00ed que mi trabajo no eran solo esculturas: eran experiencias.<\/p>\n\n\n\n<h2 class=\"wp-block-heading\"><strong>Has colaborado con marcas globales. \u00bfC\u00f3mo empez\u00f3 esa etapa?<\/strong><\/h2>\n\n\n\n<p>Estaba metido en mercadotecnia y comenc\u00e9 a hacer experiencias para marcas: Miniso, Max Mara, Calvin Klein. Entend\u00ed que mi arte pod\u00eda dialogar con moda, dise\u00f1o y publicidad.<\/p>\n\n\n\n<h2 class=\"wp-block-heading\"><strong>Los conejos aparecen mucho en tu obra. \u00bfQu\u00e9 representan?<\/strong><\/h2>\n\n\n\n<p>Son s\u00edmbolos de mi inconsciente. Figuras geom\u00e9tricas que despu\u00e9s evolucionaron a versiones tipo caricatura, y ahora estoy en una etapa m\u00e1s oscura, casi apocal\u00edptica. Son como ventanas a lo que voy viviendo.<\/p>\n\n\n\n<figure class=\"wp-block-image size-full\"><img data-recalc-dims=\"1\" decoding=\"async\" width=\"1165\" height=\"1747\" src=\"https:\/\/i0.wp.com\/zeromagazine.mx\/wp-content\/uploads\/2025\/11\/Ricardo-15-scaled.jpeg?resize=1165%2C1747&#038;ssl=1\" alt=\"\" class=\"wp-image-110590\" srcset=\"https:\/\/i0.wp.com\/zeromagazine.mx\/wp-content\/uploads\/2025\/11\/Ricardo-15-scaled.jpeg?w=1707&amp;ssl=1 1707w, https:\/\/i0.wp.com\/zeromagazine.mx\/wp-content\/uploads\/2025\/11\/Ricardo-15-scaled.jpeg?resize=200%2C300&amp;ssl=1 200w, https:\/\/i0.wp.com\/zeromagazine.mx\/wp-content\/uploads\/2025\/11\/Ricardo-15-scaled.jpeg?resize=683%2C1024&amp;ssl=1 683w, https:\/\/i0.wp.com\/zeromagazine.mx\/wp-content\/uploads\/2025\/11\/Ricardo-15-scaled.jpeg?resize=768%2C1152&amp;ssl=1 768w, https:\/\/i0.wp.com\/zeromagazine.mx\/wp-content\/uploads\/2025\/11\/Ricardo-15-scaled.jpeg?resize=1024%2C1536&amp;ssl=1 1024w, https:\/\/i0.wp.com\/zeromagazine.mx\/wp-content\/uploads\/2025\/11\/Ricardo-15-scaled.jpeg?resize=1365%2C2048&amp;ssl=1 1365w\" sizes=\"(max-width: 1165px) 100vw, 1165px\" \/><\/figure>\n\n\n\n<h2 class=\"wp-block-heading\"><strong>Incluso pintaste un santo millennial. \u00bfC\u00f3mo ocurri\u00f3 eso?<\/strong><\/h2>\n\n\n\n<p>Buscaban un pintor de \u00f3leo realista para un santo relacionado al internet y a c\u00f3mo conect\u00f3 a j\u00f3venes con la iglesia. Me escribieron, hice el cuadro y particip\u00e9 en la canonizaci\u00f3n. Fue un momento muy fuerte en mi carrera.<\/p>\n\n\n\n<h2 class=\"wp-block-heading\"><strong>\u00bfQu\u00e9 simboliza que Vortex sea tu piano n\u00famero 33?<\/strong><\/h2>\n\n\n\n<p>Para m\u00ed es un n\u00famero de salto creativo, de transici\u00f3n hacia otra dimensi\u00f3n. Siento que marca un antes y un despu\u00e9s.<\/p>\n\n\n\n<h2 class=\"wp-block-heading\"><strong>\u00bfQu\u00e9 se viene ahora?<\/strong><\/h2>\n\n\n\n<p>Voy a presentar\u00a0<em>Vortex<\/em>\u00a0en un show durante Art Week en febrero, patrocinado por HSBC. Quiero que sea brutalista, industrial, muy inmersivo. M\u00fasica electr\u00f3nica, l\u00e1seres, proyecciones\u2026 todo para expandir la experiencia. Tambi\u00e9n estoy trabajando en una l\u00ednea futurista y minimalista inspirada en criaturas coloridas. Ah\u00ed va mi siguiente exploraci\u00f3n.<\/p>\n\n\n\n<figure class=\"wp-block-image size-full\"><img data-recalc-dims=\"1\" decoding=\"async\" width=\"1165\" height=\"777\" src=\"https:\/\/i0.wp.com\/zeromagazine.mx\/wp-content\/uploads\/2025\/11\/Ricardo-19-scaled.jpeg?resize=1165%2C777&#038;ssl=1\" alt=\"\" class=\"wp-image-110591\" srcset=\"https:\/\/i0.wp.com\/zeromagazine.mx\/wp-content\/uploads\/2025\/11\/Ricardo-19-scaled.jpeg?w=2560&amp;ssl=1 2560w, https:\/\/i0.wp.com\/zeromagazine.mx\/wp-content\/uploads\/2025\/11\/Ricardo-19-scaled.jpeg?resize=300%2C200&amp;ssl=1 300w, https:\/\/i0.wp.com\/zeromagazine.mx\/wp-content\/uploads\/2025\/11\/Ricardo-19-scaled.jpeg?resize=1024%2C683&amp;ssl=1 1024w, https:\/\/i0.wp.com\/zeromagazine.mx\/wp-content\/uploads\/2025\/11\/Ricardo-19-scaled.jpeg?resize=768%2C512&amp;ssl=1 768w, https:\/\/i0.wp.com\/zeromagazine.mx\/wp-content\/uploads\/2025\/11\/Ricardo-19-scaled.jpeg?resize=1536%2C1024&amp;ssl=1 1536w, https:\/\/i0.wp.com\/zeromagazine.mx\/wp-content\/uploads\/2025\/11\/Ricardo-19-scaled.jpeg?resize=2048%2C1365&amp;ssl=1 2048w, https:\/\/i0.wp.com\/zeromagazine.mx\/wp-content\/uploads\/2025\/11\/Ricardo-19-scaled.jpeg?w=2330 2330w\" sizes=\"(max-width: 1165px) 100vw, 1165px\" \/><\/figure>\n\n\n\n<p><em>Vortex<\/em>&nbsp;no es solo un piano: es un manifiesto. Un recordatorio de que la piedra puede ser movimiento, que el sonido puede ser materia y que el arte puede estirarse hasta tocar lo invisible. Ricardo Gardu\u00f1o sigue empujando los l\u00edmites entre arquitectura, m\u00fasica y escultura, abriendo portales donde otros solo ven objetos. Y si este es su piano n\u00famero 33, lo que viene promete ser todav\u00eda m\u00e1s radical.<\/p>","protected":false},"excerpt":{"rendered":"<p>Entrar en el mundo de Ricardo Gardu\u00f1o es entrar en un v\u00f3rtice \u2014literal y metaf\u00f3ricamente\u2014 donde los pianos dejan de ser instrumentos y se convierten en criaturas, portales y esculturas vivas. Arquitecto, artista visual y m\u00fasico de formaci\u00f3n, Gardu\u00f1o ha construido una trayectoria donde la t\u00e9cnica convive con lo on\u00edrico y donde cada pieza parece [&hellip;]<\/p>\n","protected":false},"author":4,"featured_media":110592,"comment_status":"open","ping_status":"open","sticky":false,"template":"","format":"standard","meta":{"_jetpack_memberships_contains_paid_content":false,"footnotes":"","jetpack_publicize_message":"","jetpack_publicize_feature_enabled":true,"jetpack_social_post_already_shared":true,"jetpack_social_options":{"image_generator_settings":{"template":"highway","default_image_id":0,"font":"","enabled":false},"version":2}},"categories":[1403],"tags":[],"class_list":["post-110586","post","type-post","status-publish","format-standard","has-post-thumbnail","hentry","category-diseno","has-post-title","has-post-date","has-post-category","has-post-tag","has-post-comment","has-post-author",""],"yoast_head":"<!-- This site is optimized with the Yoast SEO plugin v27.5 - https:\/\/yoast.com\/product\/yoast-seo-wordpress\/ -->\n<title>Ricardo Gardu\u00f1o: Vortex, Arte Que Respira Futuro - Zero Magazine<\/title>\n<meta name=\"description\" content=\"Entrevista con Ricardo Gardu\u00f1o sobre Vortex, su piano futurista creado con Dekton Somnia y exhibido en Cosentino City Ciudad de M\u00e9xico.\" \/>\n<meta name=\"robots\" content=\"index, follow, max-snippet:-1, max-image-preview:large, max-video-preview:-1\" \/>\n<link rel=\"canonical\" href=\"https:\/\/zeromagazine.mx\/index.php\/2025\/11\/15\/ricardo-garduno-vortex-cosentino-entrevista\/\" \/>\n<meta property=\"og:locale\" content=\"es_ES\" \/>\n<meta property=\"og:type\" content=\"article\" \/>\n<meta property=\"og:title\" content=\"Ricardo Gardu\u00f1o: Vortex, Arte Que Respira Futuro - Zero Magazine\" \/>\n<meta property=\"og:description\" content=\"Entrevista con Ricardo Gardu\u00f1o sobre Vortex, su piano futurista creado con Dekton Somnia y exhibido en Cosentino City Ciudad de M\u00e9xico.\" \/>\n<meta property=\"og:url\" content=\"https:\/\/zeromagazine.mx\/index.php\/2025\/11\/15\/ricardo-garduno-vortex-cosentino-entrevista\/\" \/>\n<meta property=\"og:site_name\" content=\"Zero Magazine\" \/>\n<meta property=\"article:published_time\" content=\"2025-11-15T19:32:24+00:00\" \/>\n<meta property=\"article:modified_time\" content=\"2025-11-15T19:32:27+00:00\" \/>\n<meta property=\"og:image\" content=\"http:\/\/zeromagazine.mx\/wp-content\/uploads\/2025\/11\/Ricardo-16-1-scaled.jpeg\" \/>\n\t<meta property=\"og:image:width\" content=\"2560\" \/>\n\t<meta property=\"og:image:height\" content=\"1608\" \/>\n\t<meta property=\"og:image:type\" content=\"image\/jpeg\" \/>\n<meta name=\"author\" content=\"David Morales\" \/>\n<meta name=\"twitter:card\" content=\"summary_large_image\" \/>\n<meta name=\"twitter:label1\" content=\"Escrito por\" \/>\n\t<meta name=\"twitter:data1\" content=\"David Morales\" \/>\n\t<meta name=\"twitter:label2\" content=\"Tiempo de lectura\" \/>\n\t<meta name=\"twitter:data2\" content=\"6 minutos\" \/>\n<script type=\"application\/ld+json\" class=\"yoast-schema-graph\">{\"@context\":\"https:\\\/\\\/schema.org\",\"@graph\":[{\"@type\":\"Article\",\"@id\":\"https:\\\/\\\/zeromagazine.mx\\\/index.php\\\/2025\\\/11\\\/15\\\/ricardo-garduno-vortex-cosentino-entrevista\\\/#article\",\"isPartOf\":{\"@id\":\"https:\\\/\\\/zeromagazine.mx\\\/index.php\\\/2025\\\/11\\\/15\\\/ricardo-garduno-vortex-cosentino-entrevista\\\/\"},\"author\":{\"name\":\"David Morales\",\"@id\":\"https:\\\/\\\/zeromagazine.mx\\\/#\\\/schema\\\/person\\\/9f7f1a17c60ba8e9980e3e6677aabe5a\"},\"headline\":\"Ricardo Gardu\u00f1o: Vortex, Arte Que Respira Futuro\",\"datePublished\":\"2025-11-15T19:32:24+00:00\",\"dateModified\":\"2025-11-15T19:32:27+00:00\",\"mainEntityOfPage\":{\"@id\":\"https:\\\/\\\/zeromagazine.mx\\\/index.php\\\/2025\\\/11\\\/15\\\/ricardo-garduno-vortex-cosentino-entrevista\\\/\"},\"wordCount\":962,\"commentCount\":0,\"publisher\":{\"@id\":\"https:\\\/\\\/zeromagazine.mx\\\/#organization\"},\"image\":{\"@id\":\"https:\\\/\\\/zeromagazine.mx\\\/index.php\\\/2025\\\/11\\\/15\\\/ricardo-garduno-vortex-cosentino-entrevista\\\/#primaryimage\"},\"thumbnailUrl\":\"https:\\\/\\\/i0.wp.com\\\/zeromagazine.mx\\\/wp-content\\\/uploads\\\/2025\\\/11\\\/Ricardo-16-1-scaled.jpeg?fit=2560%2C1608&ssl=1\",\"articleSection\":[\"Dise\u00f1o\"],\"inLanguage\":\"es\",\"potentialAction\":[{\"@type\":\"CommentAction\",\"name\":\"Comment\",\"target\":[\"https:\\\/\\\/zeromagazine.mx\\\/index.php\\\/2025\\\/11\\\/15\\\/ricardo-garduno-vortex-cosentino-entrevista\\\/#respond\"]}]},{\"@type\":\"WebPage\",\"@id\":\"https:\\\/\\\/zeromagazine.mx\\\/index.php\\\/2025\\\/11\\\/15\\\/ricardo-garduno-vortex-cosentino-entrevista\\\/\",\"url\":\"https:\\\/\\\/zeromagazine.mx\\\/index.php\\\/2025\\\/11\\\/15\\\/ricardo-garduno-vortex-cosentino-entrevista\\\/\",\"name\":\"Ricardo Gardu\u00f1o: Vortex, Arte Que Respira Futuro - Zero Magazine\",\"isPartOf\":{\"@id\":\"https:\\\/\\\/zeromagazine.mx\\\/#website\"},\"primaryImageOfPage\":{\"@id\":\"https:\\\/\\\/zeromagazine.mx\\\/index.php\\\/2025\\\/11\\\/15\\\/ricardo-garduno-vortex-cosentino-entrevista\\\/#primaryimage\"},\"image\":{\"@id\":\"https:\\\/\\\/zeromagazine.mx\\\/index.php\\\/2025\\\/11\\\/15\\\/ricardo-garduno-vortex-cosentino-entrevista\\\/#primaryimage\"},\"thumbnailUrl\":\"https:\\\/\\\/i0.wp.com\\\/zeromagazine.mx\\\/wp-content\\\/uploads\\\/2025\\\/11\\\/Ricardo-16-1-scaled.jpeg?fit=2560%2C1608&ssl=1\",\"datePublished\":\"2025-11-15T19:32:24+00:00\",\"dateModified\":\"2025-11-15T19:32:27+00:00\",\"description\":\"Entrevista con Ricardo Gardu\u00f1o sobre Vortex, su piano futurista creado con Dekton Somnia y exhibido en Cosentino City Ciudad de M\u00e9xico.\",\"breadcrumb\":{\"@id\":\"https:\\\/\\\/zeromagazine.mx\\\/index.php\\\/2025\\\/11\\\/15\\\/ricardo-garduno-vortex-cosentino-entrevista\\\/#breadcrumb\"},\"inLanguage\":\"es\",\"potentialAction\":[{\"@type\":\"ReadAction\",\"target\":[\"https:\\\/\\\/zeromagazine.mx\\\/index.php\\\/2025\\\/11\\\/15\\\/ricardo-garduno-vortex-cosentino-entrevista\\\/\"]}]},{\"@type\":\"ImageObject\",\"inLanguage\":\"es\",\"@id\":\"https:\\\/\\\/zeromagazine.mx\\\/index.php\\\/2025\\\/11\\\/15\\\/ricardo-garduno-vortex-cosentino-entrevista\\\/#primaryimage\",\"url\":\"https:\\\/\\\/i0.wp.com\\\/zeromagazine.mx\\\/wp-content\\\/uploads\\\/2025\\\/11\\\/Ricardo-16-1-scaled.jpeg?fit=2560%2C1608&ssl=1\",\"contentUrl\":\"https:\\\/\\\/i0.wp.com\\\/zeromagazine.mx\\\/wp-content\\\/uploads\\\/2025\\\/11\\\/Ricardo-16-1-scaled.jpeg?fit=2560%2C1608&ssl=1\",\"width\":2560,\"height\":1608},{\"@type\":\"BreadcrumbList\",\"@id\":\"https:\\\/\\\/zeromagazine.mx\\\/index.php\\\/2025\\\/11\\\/15\\\/ricardo-garduno-vortex-cosentino-entrevista\\\/#breadcrumb\",\"itemListElement\":[{\"@type\":\"ListItem\",\"position\":1,\"name\":\"Portada\",\"item\":\"https:\\\/\\\/zeromagazine.mx\\\/\"},{\"@type\":\"ListItem\",\"position\":2,\"name\":\"Ricardo Gardu\u00f1o: Vortex, Arte Que Respira Futuro\"}]},{\"@type\":\"WebSite\",\"@id\":\"https:\\\/\\\/zeromagazine.mx\\\/#website\",\"url\":\"https:\\\/\\\/zeromagazine.mx\\\/\",\"name\":\"Zero Magazine\",\"description\":\"\",\"publisher\":{\"@id\":\"https:\\\/\\\/zeromagazine.mx\\\/#organization\"},\"potentialAction\":[{\"@type\":\"SearchAction\",\"target\":{\"@type\":\"EntryPoint\",\"urlTemplate\":\"https:\\\/\\\/zeromagazine.mx\\\/?s={search_term_string}\"},\"query-input\":{\"@type\":\"PropertyValueSpecification\",\"valueRequired\":true,\"valueName\":\"search_term_string\"}}],\"inLanguage\":\"es\"},{\"@type\":\"Organization\",\"@id\":\"https:\\\/\\\/zeromagazine.mx\\\/#organization\",\"name\":\"Zero Magazine\",\"url\":\"https:\\\/\\\/zeromagazine.mx\\\/\",\"logo\":{\"@type\":\"ImageObject\",\"inLanguage\":\"es\",\"@id\":\"https:\\\/\\\/zeromagazine.mx\\\/#\\\/schema\\\/logo\\\/image\\\/\",\"url\":\"https:\\\/\\\/i0.wp.com\\\/zeromagazine.mx\\\/wp-content\\\/uploads\\\/2025\\\/11\\\/1.jpeg?fit=1000%2C1000&ssl=1\",\"contentUrl\":\"https:\\\/\\\/i0.wp.com\\\/zeromagazine.mx\\\/wp-content\\\/uploads\\\/2025\\\/11\\\/1.jpeg?fit=1000%2C1000&ssl=1\",\"width\":1000,\"height\":1000,\"caption\":\"Zero Magazine\"},\"image\":{\"@id\":\"https:\\\/\\\/zeromagazine.mx\\\/#\\\/schema\\\/logo\\\/image\\\/\"},\"sameAs\":[\"https:\\\/\\\/instagram.com\\\/zeromagazinemx\"]},{\"@type\":\"Person\",\"@id\":\"https:\\\/\\\/zeromagazine.mx\\\/#\\\/schema\\\/person\\\/9f7f1a17c60ba8e9980e3e6677aabe5a\",\"name\":\"David Morales\",\"image\":{\"@type\":\"ImageObject\",\"inLanguage\":\"es\",\"@id\":\"https:\\\/\\\/zeromagazine.mx\\\/wp-content\\\/litespeed\\\/avatar\\\/76069d2136bfc1c37dc34815bb67ca42.jpg?ver=1777571067\",\"url\":\"https:\\\/\\\/zeromagazine.mx\\\/wp-content\\\/litespeed\\\/avatar\\\/76069d2136bfc1c37dc34815bb67ca42.jpg?ver=1777571067\",\"contentUrl\":\"https:\\\/\\\/zeromagazine.mx\\\/wp-content\\\/litespeed\\\/avatar\\\/76069d2136bfc1c37dc34815bb67ca42.jpg?ver=1777571067\",\"caption\":\"David Morales\"},\"url\":\"https:\\\/\\\/zeromagazine.mx\\\/index.php\\\/author\\\/david\\\/\"}]}<\/script>\n<!-- \/ Yoast SEO plugin. -->","yoast_head_json":{"title":"Ricardo Gardu\u00f1o: Vortex, Arte Que Respira Futuro - Zero Magazine","description":"Entrevista con Ricardo Gardu\u00f1o sobre Vortex, su piano futurista creado con Dekton Somnia y exhibido en Cosentino City Ciudad de M\u00e9xico.","robots":{"index":"index","follow":"follow","max-snippet":"max-snippet:-1","max-image-preview":"max-image-preview:large","max-video-preview":"max-video-preview:-1"},"canonical":"https:\/\/zeromagazine.mx\/index.php\/2025\/11\/15\/ricardo-garduno-vortex-cosentino-entrevista\/","og_locale":"es_ES","og_type":"article","og_title":"Ricardo Gardu\u00f1o: Vortex, Arte Que Respira Futuro - Zero Magazine","og_description":"Entrevista con Ricardo Gardu\u00f1o sobre Vortex, su piano futurista creado con Dekton Somnia y exhibido en Cosentino City Ciudad de M\u00e9xico.","og_url":"https:\/\/zeromagazine.mx\/index.php\/2025\/11\/15\/ricardo-garduno-vortex-cosentino-entrevista\/","og_site_name":"Zero Magazine","article_published_time":"2025-11-15T19:32:24+00:00","article_modified_time":"2025-11-15T19:32:27+00:00","og_image":[{"width":2560,"height":1608,"url":"http:\/\/zeromagazine.mx\/wp-content\/uploads\/2025\/11\/Ricardo-16-1-scaled.jpeg","type":"image\/jpeg"}],"author":"David Morales","twitter_card":"summary_large_image","twitter_misc":{"Escrito por":"David Morales","Tiempo de lectura":"6 minutos"},"schema":{"@context":"https:\/\/schema.org","@graph":[{"@type":"Article","@id":"https:\/\/zeromagazine.mx\/index.php\/2025\/11\/15\/ricardo-garduno-vortex-cosentino-entrevista\/#article","isPartOf":{"@id":"https:\/\/zeromagazine.mx\/index.php\/2025\/11\/15\/ricardo-garduno-vortex-cosentino-entrevista\/"},"author":{"name":"David Morales","@id":"https:\/\/zeromagazine.mx\/#\/schema\/person\/9f7f1a17c60ba8e9980e3e6677aabe5a"},"headline":"Ricardo Gardu\u00f1o: Vortex, Arte Que Respira Futuro","datePublished":"2025-11-15T19:32:24+00:00","dateModified":"2025-11-15T19:32:27+00:00","mainEntityOfPage":{"@id":"https:\/\/zeromagazine.mx\/index.php\/2025\/11\/15\/ricardo-garduno-vortex-cosentino-entrevista\/"},"wordCount":962,"commentCount":0,"publisher":{"@id":"https:\/\/zeromagazine.mx\/#organization"},"image":{"@id":"https:\/\/zeromagazine.mx\/index.php\/2025\/11\/15\/ricardo-garduno-vortex-cosentino-entrevista\/#primaryimage"},"thumbnailUrl":"https:\/\/i0.wp.com\/zeromagazine.mx\/wp-content\/uploads\/2025\/11\/Ricardo-16-1-scaled.jpeg?fit=2560%2C1608&ssl=1","articleSection":["Dise\u00f1o"],"inLanguage":"es","potentialAction":[{"@type":"CommentAction","name":"Comment","target":["https:\/\/zeromagazine.mx\/index.php\/2025\/11\/15\/ricardo-garduno-vortex-cosentino-entrevista\/#respond"]}]},{"@type":"WebPage","@id":"https:\/\/zeromagazine.mx\/index.php\/2025\/11\/15\/ricardo-garduno-vortex-cosentino-entrevista\/","url":"https:\/\/zeromagazine.mx\/index.php\/2025\/11\/15\/ricardo-garduno-vortex-cosentino-entrevista\/","name":"Ricardo Gardu\u00f1o: Vortex, Arte Que Respira Futuro - Zero Magazine","isPartOf":{"@id":"https:\/\/zeromagazine.mx\/#website"},"primaryImageOfPage":{"@id":"https:\/\/zeromagazine.mx\/index.php\/2025\/11\/15\/ricardo-garduno-vortex-cosentino-entrevista\/#primaryimage"},"image":{"@id":"https:\/\/zeromagazine.mx\/index.php\/2025\/11\/15\/ricardo-garduno-vortex-cosentino-entrevista\/#primaryimage"},"thumbnailUrl":"https:\/\/i0.wp.com\/zeromagazine.mx\/wp-content\/uploads\/2025\/11\/Ricardo-16-1-scaled.jpeg?fit=2560%2C1608&ssl=1","datePublished":"2025-11-15T19:32:24+00:00","dateModified":"2025-11-15T19:32:27+00:00","description":"Entrevista con Ricardo Gardu\u00f1o sobre Vortex, su piano futurista creado con Dekton Somnia y exhibido en Cosentino City Ciudad de M\u00e9xico.","breadcrumb":{"@id":"https:\/\/zeromagazine.mx\/index.php\/2025\/11\/15\/ricardo-garduno-vortex-cosentino-entrevista\/#breadcrumb"},"inLanguage":"es","potentialAction":[{"@type":"ReadAction","target":["https:\/\/zeromagazine.mx\/index.php\/2025\/11\/15\/ricardo-garduno-vortex-cosentino-entrevista\/"]}]},{"@type":"ImageObject","inLanguage":"es","@id":"https:\/\/zeromagazine.mx\/index.php\/2025\/11\/15\/ricardo-garduno-vortex-cosentino-entrevista\/#primaryimage","url":"https:\/\/i0.wp.com\/zeromagazine.mx\/wp-content\/uploads\/2025\/11\/Ricardo-16-1-scaled.jpeg?fit=2560%2C1608&ssl=1","contentUrl":"https:\/\/i0.wp.com\/zeromagazine.mx\/wp-content\/uploads\/2025\/11\/Ricardo-16-1-scaled.jpeg?fit=2560%2C1608&ssl=1","width":2560,"height":1608},{"@type":"BreadcrumbList","@id":"https:\/\/zeromagazine.mx\/index.php\/2025\/11\/15\/ricardo-garduno-vortex-cosentino-entrevista\/#breadcrumb","itemListElement":[{"@type":"ListItem","position":1,"name":"Portada","item":"https:\/\/zeromagazine.mx\/"},{"@type":"ListItem","position":2,"name":"Ricardo Gardu\u00f1o: Vortex, Arte Que Respira Futuro"}]},{"@type":"WebSite","@id":"https:\/\/zeromagazine.mx\/#website","url":"https:\/\/zeromagazine.mx\/","name":"Zero Magazine","description":"","publisher":{"@id":"https:\/\/zeromagazine.mx\/#organization"},"potentialAction":[{"@type":"SearchAction","target":{"@type":"EntryPoint","urlTemplate":"https:\/\/zeromagazine.mx\/?s={search_term_string}"},"query-input":{"@type":"PropertyValueSpecification","valueRequired":true,"valueName":"search_term_string"}}],"inLanguage":"es"},{"@type":"Organization","@id":"https:\/\/zeromagazine.mx\/#organization","name":"Zero Magazine","url":"https:\/\/zeromagazine.mx\/","logo":{"@type":"ImageObject","inLanguage":"es","@id":"https:\/\/zeromagazine.mx\/#\/schema\/logo\/image\/","url":"https:\/\/i0.wp.com\/zeromagazine.mx\/wp-content\/uploads\/2025\/11\/1.jpeg?fit=1000%2C1000&ssl=1","contentUrl":"https:\/\/i0.wp.com\/zeromagazine.mx\/wp-content\/uploads\/2025\/11\/1.jpeg?fit=1000%2C1000&ssl=1","width":1000,"height":1000,"caption":"Zero Magazine"},"image":{"@id":"https:\/\/zeromagazine.mx\/#\/schema\/logo\/image\/"},"sameAs":["https:\/\/instagram.com\/zeromagazinemx"]},{"@type":"Person","@id":"https:\/\/zeromagazine.mx\/#\/schema\/person\/9f7f1a17c60ba8e9980e3e6677aabe5a","name":"David Morales","image":{"@type":"ImageObject","inLanguage":"es","@id":"https:\/\/zeromagazine.mx\/wp-content\/litespeed\/avatar\/76069d2136bfc1c37dc34815bb67ca42.jpg?ver=1777571067","url":"https:\/\/zeromagazine.mx\/wp-content\/litespeed\/avatar\/76069d2136bfc1c37dc34815bb67ca42.jpg?ver=1777571067","contentUrl":"https:\/\/zeromagazine.mx\/wp-content\/litespeed\/avatar\/76069d2136bfc1c37dc34815bb67ca42.jpg?ver=1777571067","caption":"David Morales"},"url":"https:\/\/zeromagazine.mx\/index.php\/author\/david\/"}]}},"jetpack_publicize_connections":[],"jetpack_featured_media_url":"https:\/\/i0.wp.com\/zeromagazine.mx\/wp-content\/uploads\/2025\/11\/Ricardo-16-1-scaled.jpeg?fit=2560%2C1608&ssl=1","jetpack-related-posts":[{"id":101173,"url":"https:\/\/zeromagazine.mx\/index.php\/2025\/04\/10\/cosentino-vibra-con-arte\/","url_meta":{"origin":110586,"position":0},"title":"Cosentino Vibra Con Arte","author":"David Morales","date":"10 de abril de 2025","format":false,"excerpt":"Amix, si est\u00e1s buscando un plan gratis, bonito, cultural y muy aesthetic para este abril, tienes que lanzarte al Mes del Arte by Cosentino. El showroom de Cosentino City Polanco se transforma todo el mes en una galer\u00eda viva donde se celebra el dise\u00f1o, la innovaci\u00f3n y, obvi, el arte\u2026","rel":"","context":"En \u00abCultura\u00bb","block_context":{"text":"Cultura","link":"https:\/\/zeromagazine.mx\/index.php\/category\/cultura\/"},"img":{"alt_text":"","src":"https:\/\/i0.wp.com\/zeromagazine.mx\/wp-content\/uploads\/2025\/04\/foto2.jpeg?fit=1019%2C680&ssl=1&resize=350%2C200","width":350,"height":200,"srcset":"https:\/\/i0.wp.com\/zeromagazine.mx\/wp-content\/uploads\/2025\/04\/foto2.jpeg?fit=1019%2C680&ssl=1&resize=350%2C200 1x, https:\/\/i0.wp.com\/zeromagazine.mx\/wp-content\/uploads\/2025\/04\/foto2.jpeg?fit=1019%2C680&ssl=1&resize=525%2C300 1.5x, https:\/\/i0.wp.com\/zeromagazine.mx\/wp-content\/uploads\/2025\/04\/foto2.jpeg?fit=1019%2C680&ssl=1&resize=700%2C400 2x"},"classes":[]},{"id":105277,"url":"https:\/\/zeromagazine.mx\/index.php\/2025\/05\/28\/cosentino-renueva-el-palacio-de-hierro-leon\/","url_meta":{"origin":110586,"position":1},"title":"Cosentino Renueva El Palacio De Hierro Le\u00f3n","author":"David Morales","date":"28 de mayo de 2025","format":false,"excerpt":"Amix, si t\u00fa tambi\u00e9n eres de lxs que se clava viendo cada rinc\u00f3n bonito de una tienda, este chisme te va a encantar. El Palacio de Hierro Le\u00f3n se acaba de renovar, y no fue con cualquier cosa: la magia viene de la mano de Cosentino, esa firma top de\u2026","rel":"","context":"En \u00abDise\u00f1o\u00bb","block_context":{"text":"Dise\u00f1o","link":"https:\/\/zeromagazine.mx\/index.php\/category\/diseno\/"},"img":{"alt_text":"","src":"https:\/\/i0.wp.com\/zeromagazine.mx\/wp-content\/uploads\/2025\/05\/jaime-navarro-09996-scaled.jpg?fit=1200%2C800&ssl=1&resize=350%2C200","width":350,"height":200,"srcset":"https:\/\/i0.wp.com\/zeromagazine.mx\/wp-content\/uploads\/2025\/05\/jaime-navarro-09996-scaled.jpg?fit=1200%2C800&ssl=1&resize=350%2C200 1x, https:\/\/i0.wp.com\/zeromagazine.mx\/wp-content\/uploads\/2025\/05\/jaime-navarro-09996-scaled.jpg?fit=1200%2C800&ssl=1&resize=525%2C300 1.5x, https:\/\/i0.wp.com\/zeromagazine.mx\/wp-content\/uploads\/2025\/05\/jaime-navarro-09996-scaled.jpg?fit=1200%2C800&ssl=1&resize=700%2C400 2x, https:\/\/i0.wp.com\/zeromagazine.mx\/wp-content\/uploads\/2025\/05\/jaime-navarro-09996-scaled.jpg?fit=1200%2C800&ssl=1&resize=1050%2C600 3x"},"classes":[]},{"id":100068,"url":"https:\/\/zeromagazine.mx\/index.php\/2025\/03\/28\/sabor-y-estilo-en-la-cocina\/","url_meta":{"origin":110586,"position":2},"title":"Sabor Y Estilo En La Cocina","author":"David Morales","date":"28 de marzo de 2025","format":false,"excerpt":"Amix, si eres de lxs que ama lo est\u00e9tico pero tambi\u00e9n lo rico, prep\u00e1rate porque Cosentino y Luz Colsa se rifaron con una colaboraci\u00f3n que junta lo mejor de dos mundos: dise\u00f1o y gastronom\u00eda. \u00bfTe imaginas un postre inspirado en el color del a\u00f1o? Pues s\u00ed, lleg\u00f3 el Rose Nutella\u2026","rel":"","context":"En \u00abFoodie\u00bb","block_context":{"text":"Foodie","link":"https:\/\/zeromagazine.mx\/index.php\/category\/lifestyle\/foodie\/"},"img":{"alt_text":"","src":"https:\/\/i0.wp.com\/zeromagazine.mx\/wp-content\/uploads\/2025\/03\/IMG_1953-scaled.jpg?fit=1200%2C900&ssl=1&resize=350%2C200","width":350,"height":200,"srcset":"https:\/\/i0.wp.com\/zeromagazine.mx\/wp-content\/uploads\/2025\/03\/IMG_1953-scaled.jpg?fit=1200%2C900&ssl=1&resize=350%2C200 1x, https:\/\/i0.wp.com\/zeromagazine.mx\/wp-content\/uploads\/2025\/03\/IMG_1953-scaled.jpg?fit=1200%2C900&ssl=1&resize=525%2C300 1.5x, https:\/\/i0.wp.com\/zeromagazine.mx\/wp-content\/uploads\/2025\/03\/IMG_1953-scaled.jpg?fit=1200%2C900&ssl=1&resize=700%2C400 2x, https:\/\/i0.wp.com\/zeromagazine.mx\/wp-content\/uploads\/2025\/03\/IMG_1953-scaled.jpg?fit=1200%2C900&ssl=1&resize=1050%2C600 3x"},"classes":[]},{"id":103100,"url":"https:\/\/zeromagazine.mx\/index.php\/2025\/05\/06\/nuevo-showroom-cosentino-city-monterrey\/","url_meta":{"origin":110586,"position":3},"title":"Nuevo Showroom Cosentino City Monterry","author":"David Morales","date":"6 de mayo de 2025","format":false,"excerpt":"Amix, si t\u00fa tambi\u00e9n crees que el dise\u00f1o no solo se ve, sino que se siente y se vive, prep\u00e1rate para conocer el nuevo Cosentino City Monterrey. Este showroom de lujo y creatividad acaba de aterrizar en San Pedro Garza Garc\u00eda con un concepto que est\u00e1 muy por encima de\u2026","rel":"","context":"En \u00abDise\u00f1o\u00bb","block_context":{"text":"Dise\u00f1o","link":"https:\/\/zeromagazine.mx\/index.php\/category\/diseno\/"},"img":{"alt_text":"","src":"https:\/\/i0.wp.com\/zeromagazine.mx\/wp-content\/uploads\/2025\/05\/Luis-Navarro-Eduardo-Martinez-Cosentino-Karen-Cepeda-y-Jose-Ignacio-Sahuquillo.-8.jpg?fit=320%2C213&ssl=1&resize=350%2C200","width":350,"height":200},"classes":[]},{"id":116785,"url":"https:\/\/zeromagazine.mx\/index.php\/2026\/03\/15\/cloe-x-ricardo-cavolo-coleccion\/","url_meta":{"origin":110586,"position":4},"title":"Cloe x Ricardo Cavolo despega","author":"zeromagazinemx","date":"15 de marzo de 2026","format":false,"excerpt":"El cruce entre moda y arte est\u00e1 viviendo uno de sus momentos m\u00e1s interesantes, y la nueva colaboraci\u00f3n Cloe x Ricardo Cavolo es prueba de ello. La marca mexicana acaba de lanzar una colecci\u00f3n que convierte accesorios cotidianos en peque\u00f1as obras port\u00e1tiles llenas de simbolismo, color y energ\u00eda creativa. La\u2026","rel":"","context":"En \u00abDise\u00f1o\u00bb","block_context":{"text":"Dise\u00f1o","link":"https:\/\/zeromagazine.mx\/index.php\/category\/diseno\/"},"img":{"alt_text":"","src":"https:\/\/i0.wp.com\/zeromagazine.mx\/wp-content\/uploads\/2026\/03\/PHOTO-2026-03-12-13-29-59.jpg?fit=1200%2C735&ssl=1&resize=350%2C200","width":350,"height":200,"srcset":"https:\/\/i0.wp.com\/zeromagazine.mx\/wp-content\/uploads\/2026\/03\/PHOTO-2026-03-12-13-29-59.jpg?fit=1200%2C735&ssl=1&resize=350%2C200 1x, https:\/\/i0.wp.com\/zeromagazine.mx\/wp-content\/uploads\/2026\/03\/PHOTO-2026-03-12-13-29-59.jpg?fit=1200%2C735&ssl=1&resize=525%2C300 1.5x, https:\/\/i0.wp.com\/zeromagazine.mx\/wp-content\/uploads\/2026\/03\/PHOTO-2026-03-12-13-29-59.jpg?fit=1200%2C735&ssl=1&resize=700%2C400 2x, https:\/\/i0.wp.com\/zeromagazine.mx\/wp-content\/uploads\/2026\/03\/PHOTO-2026-03-12-13-29-59.jpg?fit=1200%2C735&ssl=1&resize=1050%2C600 3x"},"classes":[]},{"id":48366,"url":"https:\/\/zeromagazine.mx\/index.php\/2021\/06\/22\/the-last-ones-exposicion-colectiva-que-conjuga-arte-arquitectura-e-interiorismo\/","url_meta":{"origin":110586,"position":5},"title":"THE LAST ONES | EXPOSICI\u00d3N COLECTIVA QUE CONJUGA ARTE, ARQUITECTURA E INTERIORISMO.","author":"zeromagazinemx","date":"22 de junio de 2021","format":false,"excerpt":"EL NOMBRE DE LA MUESTRA HACE REFERENCIA A DOS JIRAFAS DE TAMA\u00d1O REAL, PIEZAS DE KAREN RUMBOS. VISITAS S\u00d3LO A TRAV\u00c9S DE CITAS EN CASA DESIGN HUNTER. Por Michelle Rodr\u00edguez Solis Con la participaci\u00f3n de un colectivo de 20 artistas, la casa Design Hunter presenta la exposici\u00f3n \u201cThe last ones\u201d,\u2026","rel":"","context":"En \u00abCultura\u00bb","block_context":{"text":"Cultura","link":"https:\/\/zeromagazine.mx\/index.php\/category\/cultura\/"},"img":{"alt_text":"","src":"","width":0,"height":0},"classes":[]}],"jetpack_sharing_enabled":true,"builder_content":"","_links":{"self":[{"href":"https:\/\/zeromagazine.mx\/index.php\/wp-json\/wp\/v2\/posts\/110586","targetHints":{"allow":["GET"]}}],"collection":[{"href":"https:\/\/zeromagazine.mx\/index.php\/wp-json\/wp\/v2\/posts"}],"about":[{"href":"https:\/\/zeromagazine.mx\/index.php\/wp-json\/wp\/v2\/types\/post"}],"author":[{"embeddable":true,"href":"https:\/\/zeromagazine.mx\/index.php\/wp-json\/wp\/v2\/users\/4"}],"replies":[{"embeddable":true,"href":"https:\/\/zeromagazine.mx\/index.php\/wp-json\/wp\/v2\/comments?post=110586"}],"version-history":[{"count":1,"href":"https:\/\/zeromagazine.mx\/index.php\/wp-json\/wp\/v2\/posts\/110586\/revisions"}],"predecessor-version":[{"id":110593,"href":"https:\/\/zeromagazine.mx\/index.php\/wp-json\/wp\/v2\/posts\/110586\/revisions\/110593"}],"wp:featuredmedia":[{"embeddable":true,"href":"https:\/\/zeromagazine.mx\/index.php\/wp-json\/wp\/v2\/media\/110592"}],"wp:attachment":[{"href":"https:\/\/zeromagazine.mx\/index.php\/wp-json\/wp\/v2\/media?parent=110586"}],"wp:term":[{"taxonomy":"category","embeddable":true,"href":"https:\/\/zeromagazine.mx\/index.php\/wp-json\/wp\/v2\/categories?post=110586"},{"taxonomy":"post_tag","embeddable":true,"href":"https:\/\/zeromagazine.mx\/index.php\/wp-json\/wp\/v2\/tags?post=110586"}],"curies":[{"name":"wp","href":"https:\/\/api.w.org\/{rel}","templated":true}]}}