{"id":110600,"date":"2025-11-15T16:15:42","date_gmt":"2025-11-15T22:15:42","guid":{"rendered":"https:\/\/zeromagazine.mx\/?p=110600"},"modified":"2025-11-17T13:32:10","modified_gmt":"2025-11-17T19:32:10","slug":"ramon-monegal-perfumeria-poetica-entrevista-zero-magazine","status":"publish","type":"post","link":"https:\/\/zeromagazine.mx\/index.php\/2025\/11\/15\/ramon-monegal-perfumeria-poetica-entrevista-zero-magazine\/","title":{"rendered":"Ram\u00f3n Monegal: perfumista poeta y arquitecto del olfato"},"content":{"rendered":"<!--themify_builder_content-->\n<div id=\"themify_builder_content-110600\" data-postid=\"110600\" class=\"themify_builder_content themify_builder_content-110600 themify_builder tf_clear\">\n    <\/div>\n<!--\/themify_builder_content-->\n\n\n<p>Desde su infancia en un pueblo costero hasta su estudio perfum\u00edstico lleno de matices po\u00e9ticos,&nbsp;<strong>Ram\u00f3n Monegal<\/strong>&nbsp;ha construido un universo olfativo que habla m\u00e1s all\u00e1 del aroma: es narrativo, es arquitect\u00f3nico, es \u00edntimo. Para \u00e9l, la perfumer\u00eda no es solo una industria; es un lenguaje tan conciso como la poes\u00eda, donde cada ingrediente es una palabra con peso. En esta entrevista para&nbsp;<em>Zero Magazine<\/em>, Ram\u00f3n se permite ser libre: reflexiona sobre las reglas absurdas de la normativa, su visi\u00f3n creativa, y el poder de las capas olfativas para crear una identidad personal.<\/p>\n\n\n\n<p>Por: El Poderoso Dave<br>Fotograf\u00edas: Cortes\u00eda de Maison Peony<\/p>\n\n\n\n<figure class=\"wp-block-image size-full\"><img data-recalc-dims=\"1\" decoding=\"async\" width=\"1165\" height=\"1456\" src=\"https:\/\/i0.wp.com\/zeromagazine.mx\/wp-content\/uploads\/2025\/11\/DSC03251-scaled.jpeg?resize=1165%2C1456&#038;ssl=1\" alt=\"\" class=\"wp-image-110753\" srcset=\"https:\/\/i0.wp.com\/zeromagazine.mx\/wp-content\/uploads\/2025\/11\/DSC03251-scaled.jpeg?w=2048&amp;ssl=1 2048w, https:\/\/i0.wp.com\/zeromagazine.mx\/wp-content\/uploads\/2025\/11\/DSC03251-scaled.jpeg?resize=240%2C300&amp;ssl=1 240w, https:\/\/i0.wp.com\/zeromagazine.mx\/wp-content\/uploads\/2025\/11\/DSC03251-scaled.jpeg?resize=819%2C1024&amp;ssl=1 819w, https:\/\/i0.wp.com\/zeromagazine.mx\/wp-content\/uploads\/2025\/11\/DSC03251-scaled.jpeg?resize=768%2C960&amp;ssl=1 768w, https:\/\/i0.wp.com\/zeromagazine.mx\/wp-content\/uploads\/2025\/11\/DSC03251-scaled.jpeg?resize=1229%2C1536&amp;ssl=1 1229w, https:\/\/i0.wp.com\/zeromagazine.mx\/wp-content\/uploads\/2025\/11\/DSC03251-scaled.jpeg?resize=1638%2C2048&amp;ssl=1 1638w\" sizes=\"(max-width: 1165px) 100vw, 1165px\" \/><\/figure>\n\n\n\n<p><strong>\u00bfC\u00f3mo te perfumar\u00edas para retratar tu versi\u00f3n de los 20, de los 50 y de los 80 a\u00f1os?<\/strong><\/p>\n\n\n\n<p>A los 20 habr\u00eda necesitado enraizamiento, un v\u00e9tiver, para sentir que ten\u00eda algo s\u00f3lido, una base firme. A los 50, en plena madurez, me decantar\u00eda por flores: seducci\u00f3n, plenitud, elegancia. Y a los 80, definitivamente me rodear\u00eda de un buen s\u00e1ndalo. Una madera lit\u00fargica, \u00edntima, que evocara recogimiento y memoria.<\/p>\n\n\n\n<p><strong>Con tu marca propia tienes m\u00e1s libertad creativa. Si pudieras eliminar una regla de la perfumer\u00eda moderna, \u00bfcu\u00e1l ser\u00eda la primera?<\/strong><\/p>\n\n\n\n<p>Las regulaciones. Me parece absurdo que la perfumer\u00eda se presente como algo peligroso. Solo un 3 % de la poblaci\u00f3n sufre alergias; eso no deber\u00eda condenar al 97 % restante. Deber\u00edamos advertir con honestidad: \u201ceste perfume puede generar reacciones\u201d, en vez de prohibir por miedo.<\/p>\n\n\n\n<p><strong>Cuando trabajas para ti mismo eres artista; mencionas que entra la poes\u00eda en tus composiciones. \u00bfEn qu\u00e9 momento te diste cuenta de esa relaci\u00f3n entre poes\u00eda y perfume?<\/strong><\/p>\n\n\n\n<p>Me di cuenta cuando vi que los ingredientes son como palabras y las frases de un poema son como acordes. En perfumer\u00eda, cada nota, cada componente, existe \u201cporque tiene que estar\u201d. Es un lenguaje deliberado. Quiero que mis fragancias comuniquen algo, no solo que huelan \u201cbonito\u201d.<\/p>\n\n\n\n<figure class=\"wp-block-image size-full\"><img data-recalc-dims=\"1\" decoding=\"async\" width=\"1165\" height=\"932\" src=\"https:\/\/i0.wp.com\/zeromagazine.mx\/wp-content\/uploads\/2025\/11\/DSC03126-Edit-2-scaled.jpeg?resize=1165%2C932&#038;ssl=1\" alt=\"\" class=\"wp-image-110754\" srcset=\"https:\/\/i0.wp.com\/zeromagazine.mx\/wp-content\/uploads\/2025\/11\/DSC03126-Edit-2-scaled.jpeg?w=2560&amp;ssl=1 2560w, https:\/\/i0.wp.com\/zeromagazine.mx\/wp-content\/uploads\/2025\/11\/DSC03126-Edit-2-scaled.jpeg?resize=300%2C240&amp;ssl=1 300w, https:\/\/i0.wp.com\/zeromagazine.mx\/wp-content\/uploads\/2025\/11\/DSC03126-Edit-2-scaled.jpeg?resize=1024%2C819&amp;ssl=1 1024w, https:\/\/i0.wp.com\/zeromagazine.mx\/wp-content\/uploads\/2025\/11\/DSC03126-Edit-2-scaled.jpeg?resize=768%2C614&amp;ssl=1 768w, https:\/\/i0.wp.com\/zeromagazine.mx\/wp-content\/uploads\/2025\/11\/DSC03126-Edit-2-scaled.jpeg?resize=1536%2C1229&amp;ssl=1 1536w, https:\/\/i0.wp.com\/zeromagazine.mx\/wp-content\/uploads\/2025\/11\/DSC03126-Edit-2-scaled.jpeg?resize=2048%2C1639&amp;ssl=1 2048w, https:\/\/i0.wp.com\/zeromagazine.mx\/wp-content\/uploads\/2025\/11\/DSC03126-Edit-2-scaled.jpeg?w=2330 2330w\" sizes=\"(max-width: 1165px) 100vw, 1165px\" \/><\/figure>\n\n\n\n<p><strong>Si tuvieras que escribir acerca de otro perfumista-poeta, \u00bfa qui\u00e9n elegir\u00edas?<\/strong><\/p>\n\n\n\n<p>Me quedo con&nbsp;<strong>Pierre Bourdon<\/strong>. Y en cuanto a poetas,&nbsp;<strong>Antonio Machado<\/strong>. He creado perfumes inspirados en sus versos. Por ejemplo, un poema sobre un naranjo me llev\u00f3 a hacer una fragancia con neroli, petitgrain, la fruta y la madera de naranjo. Celebr\u00e9 mis 50 a\u00f1os rodeado de naranjos con ese aroma.<\/p>\n\n\n\n<p><strong>\u00bfHay ingredientes que consideres sobrevalorados o subvalorados en la industria?<\/strong><\/p>\n\n\n\n<p>S\u00ed, la&nbsp;<strong>bergamota<\/strong>&nbsp;me parece sobrevalorada: se usa mucho y a veces sin profundidad. En cambio, el&nbsp;<strong>iris<\/strong>&nbsp;\u2014su ra\u00edz\u2013 me fascina: es dif\u00edcil, cara, y ef\u00edmera, pero tiene matices que considero casi infinitos.<\/p>\n\n\n\n<p><strong>\u00bfHa cambiado tu forma de evaluar una fragancia con el paso del tiempo?<\/strong><\/p>\n\n\n\n<p>Absolutamente. Me form\u00e9 en una era donde lo natural impon\u00eda su ley y conoc\u00edas cada origen del ingrediente. Hoy adapto mi visi\u00f3n: uso sint\u00e9ticos, mol\u00e9culas modernas, para estar \u201cen mi tiempo\u201d. No es una renuncia, es una conversaci\u00f3n con el presente.<\/p>\n\n\n\n<figure class=\"wp-block-image size-full\"><img data-recalc-dims=\"1\" decoding=\"async\" width=\"1165\" height=\"932\" src=\"https:\/\/i0.wp.com\/zeromagazine.mx\/wp-content\/uploads\/2025\/11\/DSC03153-scaled.jpeg?resize=1165%2C932&#038;ssl=1\" alt=\"\" class=\"wp-image-110756\" srcset=\"https:\/\/i0.wp.com\/zeromagazine.mx\/wp-content\/uploads\/2025\/11\/DSC03153-scaled.jpeg?w=2560&amp;ssl=1 2560w, https:\/\/i0.wp.com\/zeromagazine.mx\/wp-content\/uploads\/2025\/11\/DSC03153-scaled.jpeg?resize=300%2C240&amp;ssl=1 300w, https:\/\/i0.wp.com\/zeromagazine.mx\/wp-content\/uploads\/2025\/11\/DSC03153-scaled.jpeg?resize=1024%2C819&amp;ssl=1 1024w, https:\/\/i0.wp.com\/zeromagazine.mx\/wp-content\/uploads\/2025\/11\/DSC03153-scaled.jpeg?resize=768%2C614&amp;ssl=1 768w, https:\/\/i0.wp.com\/zeromagazine.mx\/wp-content\/uploads\/2025\/11\/DSC03153-scaled.jpeg?resize=1536%2C1229&amp;ssl=1 1536w, https:\/\/i0.wp.com\/zeromagazine.mx\/wp-content\/uploads\/2025\/11\/DSC03153-scaled.jpeg?resize=2048%2C1638&amp;ssl=1 2048w, https:\/\/i0.wp.com\/zeromagazine.mx\/wp-content\/uploads\/2025\/11\/DSC03153-scaled.jpeg?w=2330 2330w\" sizes=\"(max-width: 1165px) 100vw, 1165px\" \/><\/figure>\n\n\n\n<p><strong>\u00bfPodr\u00edas narrar el mapa olfativo de tu infancia? \u00bfCu\u00e1les eran los olores que m\u00e1s te marcaron?<\/strong><\/p>\n\n\n\n<p>S\u00ed, tengo muchos: la sal del mar, el olor de las algas en la orilla; el humo de la madera al torcerla con fuego mientras viejos calafateros trabajaban; la hierba reci\u00e9n cortada; el cedro de los l\u00e1pices de la escuela; y hasta la mandarina del recreo. Todos esos olores construyeron mi memoria sensorial.<\/p>\n\n\n\n<p><strong>\u00bfQu\u00e9 opinas del&nbsp;<em>layering<\/em>, de usar distintas fragancias una sobre otra para inventar algo propio?<\/strong><\/p>\n\n\n\n<p>Soy un defensor del layering. La industria nos dijo que no se pod\u00edan mezclar perfumes, pero eso es falso. Es la mejor manera de tener un perfume verdaderamente personal. No siempre acertar\u00e1s, pero con prueba y error construyes algo \u00fanico, como en la cocina: capas, intuici\u00f3n, ajuste.<\/p>\n\n\n\n<figure class=\"wp-block-image size-full\"><img data-recalc-dims=\"1\" decoding=\"async\" width=\"1165\" height=\"932\" src=\"https:\/\/i0.wp.com\/zeromagazine.mx\/wp-content\/uploads\/2025\/11\/DSC03133-Edit-scaled.jpeg?resize=1165%2C932&#038;ssl=1\" alt=\"\" class=\"wp-image-110757\" srcset=\"https:\/\/i0.wp.com\/zeromagazine.mx\/wp-content\/uploads\/2025\/11\/DSC03133-Edit-scaled.jpeg?w=2560&amp;ssl=1 2560w, https:\/\/i0.wp.com\/zeromagazine.mx\/wp-content\/uploads\/2025\/11\/DSC03133-Edit-scaled.jpeg?resize=300%2C240&amp;ssl=1 300w, https:\/\/i0.wp.com\/zeromagazine.mx\/wp-content\/uploads\/2025\/11\/DSC03133-Edit-scaled.jpeg?resize=1024%2C819&amp;ssl=1 1024w, https:\/\/i0.wp.com\/zeromagazine.mx\/wp-content\/uploads\/2025\/11\/DSC03133-Edit-scaled.jpeg?resize=768%2C614&amp;ssl=1 768w, https:\/\/i0.wp.com\/zeromagazine.mx\/wp-content\/uploads\/2025\/11\/DSC03133-Edit-scaled.jpeg?resize=1536%2C1229&amp;ssl=1 1536w, https:\/\/i0.wp.com\/zeromagazine.mx\/wp-content\/uploads\/2025\/11\/DSC03133-Edit-scaled.jpeg?resize=2048%2C1638&amp;ssl=1 2048w, https:\/\/i0.wp.com\/zeromagazine.mx\/wp-content\/uploads\/2025\/11\/DSC03133-Edit-scaled.jpeg?w=2330 2330w\" sizes=\"(max-width: 1165px) 100vw, 1165px\" \/><\/figure>\n\n\n\n<p><strong>\u00bfCu\u00e1l es el problema m\u00e1s molesto que enfrentas como perfumista?<\/strong><\/p>\n\n\n\n<p>La deshonestidad. Que digan \u201clleva feromonas\u201d cuando eso no existe. He probado feromonas sint\u00e9ticas; no huelen, no funcionan como cree la gente. Soy un guardi\u00e1n del perfume: me importa la autenticidad m\u00e1s que la venta.<\/p>\n\n\n\n<p><strong>Si pudieras entrevistarte a ti mismo hace 20 a\u00f1os, \u00bfqu\u00e9 te preguntar\u00edas?<\/strong><\/p>\n\n\n\n<p>Me preguntar\u00eda: \u201c\u00bfC\u00f3mo ser\u00e1 la perfumer\u00eda del futuro?\u201d No estoy seguro de que habr\u00eda acertado: las regulaciones, la escasez de perfumistas\u2026 no me lo habr\u00eda imaginado. Pero me alegra ver que hoy la perfumer\u00eda de autor florece: m\u00e1s artistas, menos especulaci\u00f3n industrial.<\/p>\n\n\n\n<p><strong>\u00bfQu\u00e9 necesita alguien para convertirse en perfumista? \u00bfQu\u00edmico, sommelier, artista?<\/strong><\/p>\n\n\n\n<p>Lo importante no es que sean qu\u00edmicos ni sommeliers. Lo esencial es la&nbsp;<strong>imaginaci\u00f3n<\/strong>. El sentido del olfato se practica, se doma; la imaginaci\u00f3n, no. Se debe tener esa capacidad de inventar.<\/p>\n\n\n\n<p>Ram\u00f3n Monegal no solo hace perfumes: traza mapas de memoria, construye poemas con mol\u00e9culas, y redefine lo que significa oler como acto creativo y libre. Su visi\u00f3n reivindica una perfumer\u00eda aut\u00e9ntica, sin artificios ni falsas promesas, y coloca el lenguaje olfativo como una forma de resistencia po\u00e9tica. En un mundo donde los aromas se venden como armas de seducci\u00f3n o promesas imposibles, \u00e9l apuesta por la honestidad, la profundidad y el enraizamiento.<\/p>","protected":false},"excerpt":{"rendered":"<p>Desde su infancia en un pueblo costero hasta su estudio perfum\u00edstico lleno de matices po\u00e9ticos,&nbsp;Ram\u00f3n Monegal&nbsp;ha construido un universo olfativo que habla m\u00e1s all\u00e1 del aroma: es narrativo, es arquitect\u00f3nico, es \u00edntimo. Para \u00e9l, la perfumer\u00eda no es solo una industria; es un lenguaje tan conciso como la poes\u00eda, donde cada ingrediente es una palabra [&hellip;]<\/p>\n","protected":false},"author":4,"featured_media":110327,"comment_status":"open","ping_status":"open","sticky":false,"template":"","format":"standard","meta":{"_jetpack_memberships_contains_paid_content":false,"footnotes":"","jetpack_publicize_message":"","jetpack_publicize_feature_enabled":true,"jetpack_social_post_already_shared":true,"jetpack_social_options":{"image_generator_settings":{"template":"highway","default_image_id":0,"font":"","enabled":false},"version":2}},"categories":[9858],"tags":[],"class_list":["post-110600","post","type-post","status-publish","format-standard","has-post-thumbnail","hentry","category-beauty","has-post-title","has-post-date","has-post-category","has-post-tag","has-post-comment","has-post-author",""],"yoast_head":"<!-- This site is optimized with the Yoast SEO plugin v27.5 - https:\/\/yoast.com\/product\/yoast-seo-wordpress\/ -->\n<title>Ram\u00f3n Monegal: perfumista poeta y arquitecto del olfato - Zero Magazine<\/title>\n<meta name=\"description\" content=\"Una conversaci\u00f3n \u00edntima con Ram\u00f3n Monegal sobre sus fragancias como lenguaje, y su protesta contra la perfumer\u00eda comercial.\" \/>\n<meta name=\"robots\" content=\"index, follow, max-snippet:-1, max-image-preview:large, max-video-preview:-1\" \/>\n<link rel=\"canonical\" href=\"https:\/\/zeromagazine.mx\/index.php\/2025\/11\/15\/ramon-monegal-perfumeria-poetica-entrevista-zero-magazine\/\" \/>\n<meta property=\"og:locale\" content=\"es_ES\" \/>\n<meta property=\"og:type\" content=\"article\" \/>\n<meta property=\"og:title\" content=\"Ram\u00f3n Monegal: perfumista poeta y arquitecto del olfato - Zero Magazine\" \/>\n<meta property=\"og:description\" content=\"Una conversaci\u00f3n \u00edntima con Ram\u00f3n Monegal sobre sus fragancias como lenguaje, y su protesta contra la perfumer\u00eda comercial.\" \/>\n<meta property=\"og:url\" content=\"https:\/\/zeromagazine.mx\/index.php\/2025\/11\/15\/ramon-monegal-perfumeria-poetica-entrevista-zero-magazine\/\" \/>\n<meta property=\"og:site_name\" content=\"Zero Magazine\" \/>\n<meta property=\"article:published_time\" content=\"2025-11-15T22:15:42+00:00\" \/>\n<meta property=\"article:modified_time\" content=\"2025-11-17T19:32:10+00:00\" \/>\n<meta property=\"og:image\" content=\"http:\/\/zeromagazine.mx\/wp-content\/uploads\/2025\/11\/IMG_6478.jpeg\" \/>\n\t<meta property=\"og:image:width\" content=\"1600\" \/>\n\t<meta property=\"og:image:height\" content=\"899\" \/>\n\t<meta property=\"og:image:type\" content=\"image\/jpeg\" \/>\n<meta name=\"author\" content=\"David Morales\" \/>\n<meta name=\"twitter:card\" content=\"summary_large_image\" \/>\n<meta name=\"twitter:label1\" content=\"Escrito por\" \/>\n\t<meta name=\"twitter:data1\" content=\"David Morales\" \/>\n\t<meta name=\"twitter:label2\" content=\"Tiempo de lectura\" \/>\n\t<meta name=\"twitter:data2\" content=\"5 minutos\" \/>\n<script type=\"application\/ld+json\" class=\"yoast-schema-graph\">{\"@context\":\"https:\\\/\\\/schema.org\",\"@graph\":[{\"@type\":\"Article\",\"@id\":\"https:\\\/\\\/zeromagazine.mx\\\/index.php\\\/2025\\\/11\\\/15\\\/ramon-monegal-perfumeria-poetica-entrevista-zero-magazine\\\/#article\",\"isPartOf\":{\"@id\":\"https:\\\/\\\/zeromagazine.mx\\\/index.php\\\/2025\\\/11\\\/15\\\/ramon-monegal-perfumeria-poetica-entrevista-zero-magazine\\\/\"},\"author\":{\"name\":\"David Morales\",\"@id\":\"https:\\\/\\\/zeromagazine.mx\\\/#\\\/schema\\\/person\\\/9f7f1a17c60ba8e9980e3e6677aabe5a\"},\"headline\":\"Ram\u00f3n Monegal: perfumista poeta y arquitecto del olfato\",\"datePublished\":\"2025-11-15T22:15:42+00:00\",\"dateModified\":\"2025-11-17T19:32:10+00:00\",\"mainEntityOfPage\":{\"@id\":\"https:\\\/\\\/zeromagazine.mx\\\/index.php\\\/2025\\\/11\\\/15\\\/ramon-monegal-perfumeria-poetica-entrevista-zero-magazine\\\/\"},\"wordCount\":904,\"commentCount\":0,\"publisher\":{\"@id\":\"https:\\\/\\\/zeromagazine.mx\\\/#organization\"},\"image\":{\"@id\":\"https:\\\/\\\/zeromagazine.mx\\\/index.php\\\/2025\\\/11\\\/15\\\/ramon-monegal-perfumeria-poetica-entrevista-zero-magazine\\\/#primaryimage\"},\"thumbnailUrl\":\"https:\\\/\\\/i0.wp.com\\\/zeromagazine.mx\\\/wp-content\\\/uploads\\\/2025\\\/11\\\/IMG_6478.jpeg?fit=1600%2C899&ssl=1\",\"articleSection\":[\"Beauty\"],\"inLanguage\":\"es\",\"potentialAction\":[{\"@type\":\"CommentAction\",\"name\":\"Comment\",\"target\":[\"https:\\\/\\\/zeromagazine.mx\\\/index.php\\\/2025\\\/11\\\/15\\\/ramon-monegal-perfumeria-poetica-entrevista-zero-magazine\\\/#respond\"]}]},{\"@type\":\"WebPage\",\"@id\":\"https:\\\/\\\/zeromagazine.mx\\\/index.php\\\/2025\\\/11\\\/15\\\/ramon-monegal-perfumeria-poetica-entrevista-zero-magazine\\\/\",\"url\":\"https:\\\/\\\/zeromagazine.mx\\\/index.php\\\/2025\\\/11\\\/15\\\/ramon-monegal-perfumeria-poetica-entrevista-zero-magazine\\\/\",\"name\":\"Ram\u00f3n Monegal: perfumista poeta y arquitecto del olfato - Zero Magazine\",\"isPartOf\":{\"@id\":\"https:\\\/\\\/zeromagazine.mx\\\/#website\"},\"primaryImageOfPage\":{\"@id\":\"https:\\\/\\\/zeromagazine.mx\\\/index.php\\\/2025\\\/11\\\/15\\\/ramon-monegal-perfumeria-poetica-entrevista-zero-magazine\\\/#primaryimage\"},\"image\":{\"@id\":\"https:\\\/\\\/zeromagazine.mx\\\/index.php\\\/2025\\\/11\\\/15\\\/ramon-monegal-perfumeria-poetica-entrevista-zero-magazine\\\/#primaryimage\"},\"thumbnailUrl\":\"https:\\\/\\\/i0.wp.com\\\/zeromagazine.mx\\\/wp-content\\\/uploads\\\/2025\\\/11\\\/IMG_6478.jpeg?fit=1600%2C899&ssl=1\",\"datePublished\":\"2025-11-15T22:15:42+00:00\",\"dateModified\":\"2025-11-17T19:32:10+00:00\",\"description\":\"Una conversaci\u00f3n \u00edntima con Ram\u00f3n Monegal sobre sus fragancias como lenguaje, y su protesta contra la perfumer\u00eda comercial.\",\"breadcrumb\":{\"@id\":\"https:\\\/\\\/zeromagazine.mx\\\/index.php\\\/2025\\\/11\\\/15\\\/ramon-monegal-perfumeria-poetica-entrevista-zero-magazine\\\/#breadcrumb\"},\"inLanguage\":\"es\",\"potentialAction\":[{\"@type\":\"ReadAction\",\"target\":[\"https:\\\/\\\/zeromagazine.mx\\\/index.php\\\/2025\\\/11\\\/15\\\/ramon-monegal-perfumeria-poetica-entrevista-zero-magazine\\\/\"]}]},{\"@type\":\"ImageObject\",\"inLanguage\":\"es\",\"@id\":\"https:\\\/\\\/zeromagazine.mx\\\/index.php\\\/2025\\\/11\\\/15\\\/ramon-monegal-perfumeria-poetica-entrevista-zero-magazine\\\/#primaryimage\",\"url\":\"https:\\\/\\\/i0.wp.com\\\/zeromagazine.mx\\\/wp-content\\\/uploads\\\/2025\\\/11\\\/IMG_6478.jpeg?fit=1600%2C899&ssl=1\",\"contentUrl\":\"https:\\\/\\\/i0.wp.com\\\/zeromagazine.mx\\\/wp-content\\\/uploads\\\/2025\\\/11\\\/IMG_6478.jpeg?fit=1600%2C899&ssl=1\",\"width\":1600,\"height\":899},{\"@type\":\"BreadcrumbList\",\"@id\":\"https:\\\/\\\/zeromagazine.mx\\\/index.php\\\/2025\\\/11\\\/15\\\/ramon-monegal-perfumeria-poetica-entrevista-zero-magazine\\\/#breadcrumb\",\"itemListElement\":[{\"@type\":\"ListItem\",\"position\":1,\"name\":\"Portada\",\"item\":\"https:\\\/\\\/zeromagazine.mx\\\/\"},{\"@type\":\"ListItem\",\"position\":2,\"name\":\"Ram\u00f3n Monegal: perfumista poeta y arquitecto del olfato\"}]},{\"@type\":\"WebSite\",\"@id\":\"https:\\\/\\\/zeromagazine.mx\\\/#website\",\"url\":\"https:\\\/\\\/zeromagazine.mx\\\/\",\"name\":\"Zero Magazine\",\"description\":\"\",\"publisher\":{\"@id\":\"https:\\\/\\\/zeromagazine.mx\\\/#organization\"},\"potentialAction\":[{\"@type\":\"SearchAction\",\"target\":{\"@type\":\"EntryPoint\",\"urlTemplate\":\"https:\\\/\\\/zeromagazine.mx\\\/?s={search_term_string}\"},\"query-input\":{\"@type\":\"PropertyValueSpecification\",\"valueRequired\":true,\"valueName\":\"search_term_string\"}}],\"inLanguage\":\"es\"},{\"@type\":\"Organization\",\"@id\":\"https:\\\/\\\/zeromagazine.mx\\\/#organization\",\"name\":\"Zero Magazine\",\"url\":\"https:\\\/\\\/zeromagazine.mx\\\/\",\"logo\":{\"@type\":\"ImageObject\",\"inLanguage\":\"es\",\"@id\":\"https:\\\/\\\/zeromagazine.mx\\\/#\\\/schema\\\/logo\\\/image\\\/\",\"url\":\"https:\\\/\\\/i0.wp.com\\\/zeromagazine.mx\\\/wp-content\\\/uploads\\\/2025\\\/11\\\/1.jpeg?fit=1000%2C1000&ssl=1\",\"contentUrl\":\"https:\\\/\\\/i0.wp.com\\\/zeromagazine.mx\\\/wp-content\\\/uploads\\\/2025\\\/11\\\/1.jpeg?fit=1000%2C1000&ssl=1\",\"width\":1000,\"height\":1000,\"caption\":\"Zero Magazine\"},\"image\":{\"@id\":\"https:\\\/\\\/zeromagazine.mx\\\/#\\\/schema\\\/logo\\\/image\\\/\"},\"sameAs\":[\"https:\\\/\\\/instagram.com\\\/zeromagazinemx\"]},{\"@type\":\"Person\",\"@id\":\"https:\\\/\\\/zeromagazine.mx\\\/#\\\/schema\\\/person\\\/9f7f1a17c60ba8e9980e3e6677aabe5a\",\"name\":\"David Morales\",\"image\":{\"@type\":\"ImageObject\",\"inLanguage\":\"es\",\"@id\":\"https:\\\/\\\/zeromagazine.mx\\\/wp-content\\\/litespeed\\\/avatar\\\/76069d2136bfc1c37dc34815bb67ca42.jpg?ver=1777571067\",\"url\":\"https:\\\/\\\/zeromagazine.mx\\\/wp-content\\\/litespeed\\\/avatar\\\/76069d2136bfc1c37dc34815bb67ca42.jpg?ver=1777571067\",\"contentUrl\":\"https:\\\/\\\/zeromagazine.mx\\\/wp-content\\\/litespeed\\\/avatar\\\/76069d2136bfc1c37dc34815bb67ca42.jpg?ver=1777571067\",\"caption\":\"David Morales\"},\"url\":\"https:\\\/\\\/zeromagazine.mx\\\/index.php\\\/author\\\/david\\\/\"}]}<\/script>\n<!-- \/ Yoast SEO plugin. -->","yoast_head_json":{"title":"Ram\u00f3n Monegal: perfumista poeta y arquitecto del olfato - Zero Magazine","description":"Una conversaci\u00f3n \u00edntima con Ram\u00f3n Monegal sobre sus fragancias como lenguaje, y su protesta contra la perfumer\u00eda comercial.","robots":{"index":"index","follow":"follow","max-snippet":"max-snippet:-1","max-image-preview":"max-image-preview:large","max-video-preview":"max-video-preview:-1"},"canonical":"https:\/\/zeromagazine.mx\/index.php\/2025\/11\/15\/ramon-monegal-perfumeria-poetica-entrevista-zero-magazine\/","og_locale":"es_ES","og_type":"article","og_title":"Ram\u00f3n Monegal: perfumista poeta y arquitecto del olfato - Zero Magazine","og_description":"Una conversaci\u00f3n \u00edntima con Ram\u00f3n Monegal sobre sus fragancias como lenguaje, y su protesta contra la perfumer\u00eda comercial.","og_url":"https:\/\/zeromagazine.mx\/index.php\/2025\/11\/15\/ramon-monegal-perfumeria-poetica-entrevista-zero-magazine\/","og_site_name":"Zero Magazine","article_published_time":"2025-11-15T22:15:42+00:00","article_modified_time":"2025-11-17T19:32:10+00:00","og_image":[{"width":1600,"height":899,"url":"http:\/\/zeromagazine.mx\/wp-content\/uploads\/2025\/11\/IMG_6478.jpeg","type":"image\/jpeg"}],"author":"David Morales","twitter_card":"summary_large_image","twitter_misc":{"Escrito por":"David Morales","Tiempo de lectura":"5 minutos"},"schema":{"@context":"https:\/\/schema.org","@graph":[{"@type":"Article","@id":"https:\/\/zeromagazine.mx\/index.php\/2025\/11\/15\/ramon-monegal-perfumeria-poetica-entrevista-zero-magazine\/#article","isPartOf":{"@id":"https:\/\/zeromagazine.mx\/index.php\/2025\/11\/15\/ramon-monegal-perfumeria-poetica-entrevista-zero-magazine\/"},"author":{"name":"David Morales","@id":"https:\/\/zeromagazine.mx\/#\/schema\/person\/9f7f1a17c60ba8e9980e3e6677aabe5a"},"headline":"Ram\u00f3n Monegal: perfumista poeta y arquitecto del olfato","datePublished":"2025-11-15T22:15:42+00:00","dateModified":"2025-11-17T19:32:10+00:00","mainEntityOfPage":{"@id":"https:\/\/zeromagazine.mx\/index.php\/2025\/11\/15\/ramon-monegal-perfumeria-poetica-entrevista-zero-magazine\/"},"wordCount":904,"commentCount":0,"publisher":{"@id":"https:\/\/zeromagazine.mx\/#organization"},"image":{"@id":"https:\/\/zeromagazine.mx\/index.php\/2025\/11\/15\/ramon-monegal-perfumeria-poetica-entrevista-zero-magazine\/#primaryimage"},"thumbnailUrl":"https:\/\/i0.wp.com\/zeromagazine.mx\/wp-content\/uploads\/2025\/11\/IMG_6478.jpeg?fit=1600%2C899&ssl=1","articleSection":["Beauty"],"inLanguage":"es","potentialAction":[{"@type":"CommentAction","name":"Comment","target":["https:\/\/zeromagazine.mx\/index.php\/2025\/11\/15\/ramon-monegal-perfumeria-poetica-entrevista-zero-magazine\/#respond"]}]},{"@type":"WebPage","@id":"https:\/\/zeromagazine.mx\/index.php\/2025\/11\/15\/ramon-monegal-perfumeria-poetica-entrevista-zero-magazine\/","url":"https:\/\/zeromagazine.mx\/index.php\/2025\/11\/15\/ramon-monegal-perfumeria-poetica-entrevista-zero-magazine\/","name":"Ram\u00f3n Monegal: perfumista poeta y arquitecto del olfato - Zero Magazine","isPartOf":{"@id":"https:\/\/zeromagazine.mx\/#website"},"primaryImageOfPage":{"@id":"https:\/\/zeromagazine.mx\/index.php\/2025\/11\/15\/ramon-monegal-perfumeria-poetica-entrevista-zero-magazine\/#primaryimage"},"image":{"@id":"https:\/\/zeromagazine.mx\/index.php\/2025\/11\/15\/ramon-monegal-perfumeria-poetica-entrevista-zero-magazine\/#primaryimage"},"thumbnailUrl":"https:\/\/i0.wp.com\/zeromagazine.mx\/wp-content\/uploads\/2025\/11\/IMG_6478.jpeg?fit=1600%2C899&ssl=1","datePublished":"2025-11-15T22:15:42+00:00","dateModified":"2025-11-17T19:32:10+00:00","description":"Una conversaci\u00f3n \u00edntima con Ram\u00f3n Monegal sobre sus fragancias como lenguaje, y su protesta contra la perfumer\u00eda comercial.","breadcrumb":{"@id":"https:\/\/zeromagazine.mx\/index.php\/2025\/11\/15\/ramon-monegal-perfumeria-poetica-entrevista-zero-magazine\/#breadcrumb"},"inLanguage":"es","potentialAction":[{"@type":"ReadAction","target":["https:\/\/zeromagazine.mx\/index.php\/2025\/11\/15\/ramon-monegal-perfumeria-poetica-entrevista-zero-magazine\/"]}]},{"@type":"ImageObject","inLanguage":"es","@id":"https:\/\/zeromagazine.mx\/index.php\/2025\/11\/15\/ramon-monegal-perfumeria-poetica-entrevista-zero-magazine\/#primaryimage","url":"https:\/\/i0.wp.com\/zeromagazine.mx\/wp-content\/uploads\/2025\/11\/IMG_6478.jpeg?fit=1600%2C899&ssl=1","contentUrl":"https:\/\/i0.wp.com\/zeromagazine.mx\/wp-content\/uploads\/2025\/11\/IMG_6478.jpeg?fit=1600%2C899&ssl=1","width":1600,"height":899},{"@type":"BreadcrumbList","@id":"https:\/\/zeromagazine.mx\/index.php\/2025\/11\/15\/ramon-monegal-perfumeria-poetica-entrevista-zero-magazine\/#breadcrumb","itemListElement":[{"@type":"ListItem","position":1,"name":"Portada","item":"https:\/\/zeromagazine.mx\/"},{"@type":"ListItem","position":2,"name":"Ram\u00f3n Monegal: perfumista poeta y arquitecto del olfato"}]},{"@type":"WebSite","@id":"https:\/\/zeromagazine.mx\/#website","url":"https:\/\/zeromagazine.mx\/","name":"Zero Magazine","description":"","publisher":{"@id":"https:\/\/zeromagazine.mx\/#organization"},"potentialAction":[{"@type":"SearchAction","target":{"@type":"EntryPoint","urlTemplate":"https:\/\/zeromagazine.mx\/?s={search_term_string}"},"query-input":{"@type":"PropertyValueSpecification","valueRequired":true,"valueName":"search_term_string"}}],"inLanguage":"es"},{"@type":"Organization","@id":"https:\/\/zeromagazine.mx\/#organization","name":"Zero Magazine","url":"https:\/\/zeromagazine.mx\/","logo":{"@type":"ImageObject","inLanguage":"es","@id":"https:\/\/zeromagazine.mx\/#\/schema\/logo\/image\/","url":"https:\/\/i0.wp.com\/zeromagazine.mx\/wp-content\/uploads\/2025\/11\/1.jpeg?fit=1000%2C1000&ssl=1","contentUrl":"https:\/\/i0.wp.com\/zeromagazine.mx\/wp-content\/uploads\/2025\/11\/1.jpeg?fit=1000%2C1000&ssl=1","width":1000,"height":1000,"caption":"Zero Magazine"},"image":{"@id":"https:\/\/zeromagazine.mx\/#\/schema\/logo\/image\/"},"sameAs":["https:\/\/instagram.com\/zeromagazinemx"]},{"@type":"Person","@id":"https:\/\/zeromagazine.mx\/#\/schema\/person\/9f7f1a17c60ba8e9980e3e6677aabe5a","name":"David Morales","image":{"@type":"ImageObject","inLanguage":"es","@id":"https:\/\/zeromagazine.mx\/wp-content\/litespeed\/avatar\/76069d2136bfc1c37dc34815bb67ca42.jpg?ver=1777571067","url":"https:\/\/zeromagazine.mx\/wp-content\/litespeed\/avatar\/76069d2136bfc1c37dc34815bb67ca42.jpg?ver=1777571067","contentUrl":"https:\/\/zeromagazine.mx\/wp-content\/litespeed\/avatar\/76069d2136bfc1c37dc34815bb67ca42.jpg?ver=1777571067","caption":"David Morales"},"url":"https:\/\/zeromagazine.mx\/index.php\/author\/david\/"}]}},"jetpack_publicize_connections":[],"jetpack_featured_media_url":"https:\/\/i0.wp.com\/zeromagazine.mx\/wp-content\/uploads\/2025\/11\/IMG_6478.jpeg?fit=1600%2C899&ssl=1","jetpack-related-posts":[{"id":72413,"url":"https:\/\/zeromagazine.mx\/index.php\/2024\/03\/25\/sofitel-mexico-city-reforma-y-valentino-beauty-la-bienvenida-a-la-primavera-con-born-in-roma\/","url_meta":{"origin":110600,"position":0},"title":"Sofitel Mexico City Reforma y Valentino Beauty: La bienvenida a la Primavera con \u00abBorn in Roma\u00bb","author":"zeromagazinemx","date":"25 de marzo de 2024","format":false,"excerpt":"La fusi\u00f3n entre el lujo y la sofisticaci\u00f3n se hace presente en Sofitel Mexico City Reforma, donde se alza como escenario principal para una experiencia sensorial sin igual. Desde el 21 de marzo hasta el 27 de abril, este ic\u00f3nico hotel se une a Valentino Beauty para presentar el pop-up\u2026","rel":"","context":"En \u00abBlog\u00bb","block_context":{"text":"Blog","link":"https:\/\/zeromagazine.mx\/index.php\/category\/blog\/"},"img":{"alt_text":"","src":"https:\/\/i0.wp.com\/zeromagazine.mx\/wp-content\/uploads\/2024\/03\/SOF-Valentino-Pop-up-22-scaled.jpg?resize=350%2C200&ssl=1","width":350,"height":200,"srcset":"https:\/\/i0.wp.com\/zeromagazine.mx\/wp-content\/uploads\/2024\/03\/SOF-Valentino-Pop-up-22-scaled.jpg?resize=350%2C200&ssl=1 1x, https:\/\/i0.wp.com\/zeromagazine.mx\/wp-content\/uploads\/2024\/03\/SOF-Valentino-Pop-up-22-scaled.jpg?resize=525%2C300&ssl=1 1.5x, https:\/\/i0.wp.com\/zeromagazine.mx\/wp-content\/uploads\/2024\/03\/SOF-Valentino-Pop-up-22-scaled.jpg?resize=700%2C400&ssl=1 2x, https:\/\/i0.wp.com\/zeromagazine.mx\/wp-content\/uploads\/2024\/03\/SOF-Valentino-Pop-up-22-scaled.jpg?resize=1050%2C600&ssl=1 3x, https:\/\/i0.wp.com\/zeromagazine.mx\/wp-content\/uploads\/2024\/03\/SOF-Valentino-Pop-up-22-scaled.jpg?resize=1400%2C800&ssl=1 4x"},"classes":[]},{"id":95870,"url":"https:\/\/zeromagazine.mx\/index.php\/2025\/02\/08\/aromas-que-transforman\/","url_meta":{"origin":110600,"position":1},"title":"Aromas que transforman","author":"David Morales","date":"8 de febrero de 2025","format":false,"excerpt":"\u00bfHan sentido c\u00f3mo un olor puede hacerles viajar en el tiempo? Un perfume, el aroma a caf\u00e9 reci\u00e9n hecho o la brisa de un bosque pueden traer recuerdos tan v\u00edvidos que casi parecen reales. Y es que el sentido del olfato no solo nos ayuda a percibir el mundo, sino\u2026","rel":"","context":"En \u00abTech\u00bb","block_context":{"text":"Tech","link":"https:\/\/zeromagazine.mx\/index.php\/category\/tech\/"},"img":{"alt_text":"","src":"https:\/\/i0.wp.com\/zeromagazine.mx\/wp-content\/uploads\/2025\/02\/74.png?fit=1200%2C1200&ssl=1&resize=350%2C200","width":350,"height":200,"srcset":"https:\/\/i0.wp.com\/zeromagazine.mx\/wp-content\/uploads\/2025\/02\/74.png?fit=1200%2C1200&ssl=1&resize=350%2C200 1x, https:\/\/i0.wp.com\/zeromagazine.mx\/wp-content\/uploads\/2025\/02\/74.png?fit=1200%2C1200&ssl=1&resize=525%2C300 1.5x, https:\/\/i0.wp.com\/zeromagazine.mx\/wp-content\/uploads\/2025\/02\/74.png?fit=1200%2C1200&ssl=1&resize=700%2C400 2x, https:\/\/i0.wp.com\/zeromagazine.mx\/wp-content\/uploads\/2025\/02\/74.png?fit=1200%2C1200&ssl=1&resize=1050%2C600 3x"},"classes":[]},{"id":72430,"url":"https:\/\/zeromagazine.mx\/index.php\/2024\/03\/25\/mupe-nuevas-salas-para-perfumeria-contemporanea-y-de-autor\/","url_meta":{"origin":110600,"position":2},"title":"MUPE: Nuevas Salas para Perfumer\u00eda Contempor\u00e1nea y de Autor","author":"zeromagazinemx","date":"25 de marzo de 2024","format":false,"excerpt":"\u00a1El Museo del Perfume (MUPE) est\u00e1 inaugurando unas salas nuevas, la 5 y la 6, y est\u00e1n dedicadas a la perfumer\u00eda contempor\u00e1nea y de autor! Ahora, echando un vistazo m\u00e1s de cerca, estas nuevas salas nos llevan en un viaje alucinante a trav\u00e9s de las \u00faltimas d\u00e9cadas de la perfumer\u00eda.\u2026","rel":"","context":"En \u00abCultura\u00bb","block_context":{"text":"Cultura","link":"https:\/\/zeromagazine.mx\/index.php\/category\/cultura\/"},"img":{"alt_text":"","src":"https:\/\/i0.wp.com\/zeromagazine.mx\/wp-content\/uploads\/2024\/03\/AREA-MUPE-NUEVA-3.jpg?resize=350%2C200&ssl=1","width":350,"height":200},"classes":[]},{"id":79533,"url":"https:\/\/zeromagazine.mx\/index.php\/2024\/06\/27\/perfumeria-de-autor-llega-al-palacio-de-hierro\/","url_meta":{"origin":110600,"position":3},"title":"Perfumer\u00eda de Autor llega al Palacio de Hierro","author":"zeromagazinemx","date":"27 de junio de 2024","format":false,"excerpt":"\u00bfYa escucharon la noticia? El Palacio de Hierro est\u00e1 revolucionando el mundo de la belleza con la llegada de la Perfumer\u00eda de Autor a sus tiendas. Ahora, en Santa Fe, Interlomas, Quer\u00e9taro y Durango, podemos sumergirnos en un espacio dise\u00f1ado para los amantes del arte de la perfumer\u00eda. \u00bfQu\u00e9 significa\u2026","rel":"","context":"En \u00abBlog\u00bb","block_context":{"text":"Blog","link":"https:\/\/zeromagazine.mx\/index.php\/category\/blog\/"},"img":{"alt_text":"","src":"https:\/\/i0.wp.com\/zeromagazine.mx\/wp-content\/uploads\/2024\/06\/unnamed-16-1.png?fit=1200%2C774&ssl=1&resize=350%2C200","width":350,"height":200,"srcset":"https:\/\/i0.wp.com\/zeromagazine.mx\/wp-content\/uploads\/2024\/06\/unnamed-16-1.png?fit=1200%2C774&ssl=1&resize=350%2C200 1x, https:\/\/i0.wp.com\/zeromagazine.mx\/wp-content\/uploads\/2024\/06\/unnamed-16-1.png?fit=1200%2C774&ssl=1&resize=525%2C300 1.5x, https:\/\/i0.wp.com\/zeromagazine.mx\/wp-content\/uploads\/2024\/06\/unnamed-16-1.png?fit=1200%2C774&ssl=1&resize=700%2C400 2x, https:\/\/i0.wp.com\/zeromagazine.mx\/wp-content\/uploads\/2024\/06\/unnamed-16-1.png?fit=1200%2C774&ssl=1&resize=1050%2C600 3x"},"classes":[]},{"id":85021,"url":"https:\/\/zeromagazine.mx\/index.php\/2024\/10\/02\/amber-universe-fragancias-cosmicas-on-point\/","url_meta":{"origin":110600,"position":4},"title":"\u00abAmber Universe: Fragancias C\u00f3smicas On Point\u00bb","author":"zeromagazinemx","date":"2 de octubre de 2024","format":false,"excerpt":"La marca de perfumes m\u00e1s top, The House of Creed, acaba de lanzar su \u00faltima joya: Amber Universe. Desde el 4 de septiembre de 2024, estas fragancias han comenzado a hacer olas en el mundo de los perfumes, y d\u00e9jame decirte que no es cualquier lanzamiento. Estamos hablando de un\u2026","rel":"","context":"En \u00abBeauty\u00bb","block_context":{"text":"Beauty","link":"https:\/\/zeromagazine.mx\/index.php\/category\/beauty\/"},"img":{"alt_text":"","src":"https:\/\/i0.wp.com\/zeromagazine.mx\/wp-content\/uploads\/2024\/10\/download.jpeg?fit=600%2C449&ssl=1&resize=350%2C200","width":350,"height":200,"srcset":"https:\/\/i0.wp.com\/zeromagazine.mx\/wp-content\/uploads\/2024\/10\/download.jpeg?fit=600%2C449&ssl=1&resize=350%2C200 1x, https:\/\/i0.wp.com\/zeromagazine.mx\/wp-content\/uploads\/2024\/10\/download.jpeg?fit=600%2C449&ssl=1&resize=525%2C300 1.5x"},"classes":[]},{"id":98647,"url":"https:\/\/zeromagazine.mx\/index.php\/2025\/03\/14\/cos-y-su-coleccion-de-fragancias-y-velas\/","url_meta":{"origin":110600,"position":5},"title":"COS: Aromas Con Historia","author":"David Morales","date":"14 de marzo de 2025","format":false,"excerpt":"Amix, si son fans del estilo minimalista y sofisticado, prep\u00e1rate porque COS acaba de presentar su primera colecci\u00f3n de fragancias y velas. Con una curadur\u00eda impecable, una esencia de lujo y el estilo artesanal, esta l\u00ednea produce: aromas que cuentan historias y envuelven los sentidos en una experiencia \u00fanica. As\u00ed\u2026","rel":"","context":"En \u00abModa\u00bb","block_context":{"text":"Moda","link":"https:\/\/zeromagazine.mx\/index.php\/category\/moda\/"},"img":{"alt_text":"","src":"https:\/\/i0.wp.com\/zeromagazine.mx\/wp-content\/uploads\/2025\/03\/COS-PERFUMERY_28-scaled.jpg?fit=1200%2C900&ssl=1&resize=350%2C200","width":350,"height":200,"srcset":"https:\/\/i0.wp.com\/zeromagazine.mx\/wp-content\/uploads\/2025\/03\/COS-PERFUMERY_28-scaled.jpg?fit=1200%2C900&ssl=1&resize=350%2C200 1x, https:\/\/i0.wp.com\/zeromagazine.mx\/wp-content\/uploads\/2025\/03\/COS-PERFUMERY_28-scaled.jpg?fit=1200%2C900&ssl=1&resize=525%2C300 1.5x, https:\/\/i0.wp.com\/zeromagazine.mx\/wp-content\/uploads\/2025\/03\/COS-PERFUMERY_28-scaled.jpg?fit=1200%2C900&ssl=1&resize=700%2C400 2x, https:\/\/i0.wp.com\/zeromagazine.mx\/wp-content\/uploads\/2025\/03\/COS-PERFUMERY_28-scaled.jpg?fit=1200%2C900&ssl=1&resize=1050%2C600 3x"},"classes":[]}],"jetpack_sharing_enabled":true,"builder_content":"","_links":{"self":[{"href":"https:\/\/zeromagazine.mx\/index.php\/wp-json\/wp\/v2\/posts\/110600","targetHints":{"allow":["GET"]}}],"collection":[{"href":"https:\/\/zeromagazine.mx\/index.php\/wp-json\/wp\/v2\/posts"}],"about":[{"href":"https:\/\/zeromagazine.mx\/index.php\/wp-json\/wp\/v2\/types\/post"}],"author":[{"embeddable":true,"href":"https:\/\/zeromagazine.mx\/index.php\/wp-json\/wp\/v2\/users\/4"}],"replies":[{"embeddable":true,"href":"https:\/\/zeromagazine.mx\/index.php\/wp-json\/wp\/v2\/comments?post=110600"}],"version-history":[{"count":5,"href":"https:\/\/zeromagazine.mx\/index.php\/wp-json\/wp\/v2\/posts\/110600\/revisions"}],"predecessor-version":[{"id":110760,"href":"https:\/\/zeromagazine.mx\/index.php\/wp-json\/wp\/v2\/posts\/110600\/revisions\/110760"}],"wp:featuredmedia":[{"embeddable":true,"href":"https:\/\/zeromagazine.mx\/index.php\/wp-json\/wp\/v2\/media\/110327"}],"wp:attachment":[{"href":"https:\/\/zeromagazine.mx\/index.php\/wp-json\/wp\/v2\/media?parent=110600"}],"wp:term":[{"taxonomy":"category","embeddable":true,"href":"https:\/\/zeromagazine.mx\/index.php\/wp-json\/wp\/v2\/categories?post=110600"},{"taxonomy":"post_tag","embeddable":true,"href":"https:\/\/zeromagazine.mx\/index.php\/wp-json\/wp\/v2\/tags?post=110600"}],"curies":[{"name":"wp","href":"https:\/\/api.w.org\/{rel}","templated":true}]}}