{"id":110603,"date":"2025-11-15T16:25:16","date_gmt":"2025-11-15T22:25:16","guid":{"rendered":"https:\/\/zeromagazine.mx\/?p=110603"},"modified":"2025-11-15T16:25:37","modified_gmt":"2025-11-15T22:25:37","slug":"decoracion-festiva-west-elm-2025","status":"publish","type":"post","link":"https:\/\/zeromagazine.mx\/index.php\/2025\/11\/15\/decoracion-festiva-west-elm-2025\/","title":{"rendered":"DECORACI\u00d3N FESTIVA: Magia Moderna en Casa"},"content":{"rendered":"<!--themify_builder_content-->\n<div id=\"themify_builder_content-110603\" data-postid=\"110603\" class=\"themify_builder_content themify_builder_content-110603 themify_builder tf_clear\">\n    <\/div>\n<!--\/themify_builder_content-->\n\n\n<p>Si hay algo que nos emociona cada que empieza noviembre, es la misi\u00f3n anual de convertir la casa en un moodboard viviente de calidez, luces suaves y vibes ultra cozy. Y s\u00ed, la decoraci\u00f3n festiva se vuelve literalmente la protagonista de toda la temporada. West Elm llega este a\u00f1o con piezas tan aesthetic que hacen que cualquier espacio se sienta digno de feed, historias y reuniones \u00e9picas.<\/p>\n\n\n\n<figure class=\"wp-block-image size-full\"><img data-recalc-dims=\"1\" decoding=\"async\" width=\"675\" height=\"943\" src=\"https:\/\/i0.wp.com\/zeromagazine.mx\/wp-content\/uploads\/2025\/11\/IMG_5835.jpeg?resize=675%2C943&#038;ssl=1\" alt=\"\" class=\"wp-image-110604\" srcset=\"https:\/\/i0.wp.com\/zeromagazine.mx\/wp-content\/uploads\/2025\/11\/IMG_5835.jpeg?w=675&amp;ssl=1 675w, https:\/\/i0.wp.com\/zeromagazine.mx\/wp-content\/uploads\/2025\/11\/IMG_5835.jpeg?resize=215%2C300&amp;ssl=1 215w\" sizes=\"(max-width: 675px) 100vw, 675px\" \/><\/figure>\n\n\n\n<p><strong>DECORACI\u00d3N FESTIVA que transforma tu mood<\/strong><\/p>\n\n\n\n<p>Decorarlo todo no es solo poner adornitos y ya; es una experiencia completa. Adem\u00e1s, esta temporada West Elm propone un estilo contempor\u00e1neo que mezcla lo minimal con detalles cute y texturas que abrazan. Desde \u00e1rboles de navidad pre-iluminados hasta ornamentos con animales haciendo deportes invernales (s\u00ed, un rat\u00f3n esquiador existe y es hermoso), cada pieza est\u00e1 pensada para darle personalidad real a tu espacio.<\/p>\n\n\n\n<p>Por otro lado, el \u00e1rbol siempre ser\u00e1 el coraz\u00f3n del momento. Es donde se cuentan historias, donde cuelgan recuerdos y donde empieza oficialmente el mood festivo. El \u00c1rbol de Navidad con 30 luces hace que incluso un departamento peque\u00f1o se vea como el escenario de una peli invernal con perfecta iluminaci\u00f3n.<\/p>\n\n\n\n<figure class=\"wp-block-image size-full\"><img data-recalc-dims=\"1\" decoding=\"async\" width=\"762\" height=\"944\" src=\"https:\/\/i0.wp.com\/zeromagazine.mx\/wp-content\/uploads\/2025\/11\/IMG_5836.png?resize=762%2C944&#038;ssl=1\" alt=\"\" class=\"wp-image-110605\" srcset=\"https:\/\/i0.wp.com\/zeromagazine.mx\/wp-content\/uploads\/2025\/11\/IMG_5836.png?w=762&amp;ssl=1 762w, https:\/\/i0.wp.com\/zeromagazine.mx\/wp-content\/uploads\/2025\/11\/IMG_5836.png?resize=242%2C300&amp;ssl=1 242w\" sizes=\"(max-width: 762px) 100vw, 762px\" \/><\/figure>\n\n\n\n<p>Lo mejor es que los ornamentos llegan con una mezcla de encanto artesanal y diversi\u00f3n moderna: un zorro bottlebrush, una flor de hibiscus invernal y esferas tipo lodge que parecen sacadas de una caba\u00f1a en Aspen. Todo es cute sin sentirse infantil, elegante sin sentirse pretencioso.<\/p>\n\n\n\n<p><strong>DECORACI\u00d3N FESTIVA para la mesa m\u00e1s aesthetic<\/strong><\/p>\n\n\n\n<p>As\u00ed mismo, West Elm decidi\u00f3 que la mesa tambi\u00e9n merece protagonismo. Y honestamente: s\u00ed. Las cenas, los juegos de sobremesa, los brindis improvisados\u2026 todo pasa ah\u00ed. Por eso hay platones de gres con dise\u00f1o navide\u00f1o, juegos de platos de cer\u00e1mica con ilustraciones invernales y hasta anillos para servilletas que parecen mini escenas de ski. \u00bfExtra? S\u00ed. \u00bfLo amamos? Tambi\u00e9n.<\/p>\n\n\n\n<p>Las tazas estilo americano con ilustraciones festivas est\u00e1n hechas para ser fotografiadas con chocolate caliente y bombones. Literalmente piden un close-up.<\/p>\n\n\n\n<figure class=\"wp-block-image size-full\"><img data-recalc-dims=\"1\" decoding=\"async\" width=\"940\" height=\"1215\" src=\"https:\/\/i0.wp.com\/zeromagazine.mx\/wp-content\/uploads\/2025\/11\/IMG_5834.jpeg?resize=940%2C1215&#038;ssl=1\" alt=\"\" class=\"wp-image-110606\" srcset=\"https:\/\/i0.wp.com\/zeromagazine.mx\/wp-content\/uploads\/2025\/11\/IMG_5834.jpeg?w=940&amp;ssl=1 940w, https:\/\/i0.wp.com\/zeromagazine.mx\/wp-content\/uploads\/2025\/11\/IMG_5834.jpeg?resize=232%2C300&amp;ssl=1 232w, https:\/\/i0.wp.com\/zeromagazine.mx\/wp-content\/uploads\/2025\/11\/IMG_5834.jpeg?resize=792%2C1024&amp;ssl=1 792w, https:\/\/i0.wp.com\/zeromagazine.mx\/wp-content\/uploads\/2025\/11\/IMG_5834.jpeg?resize=768%2C993&amp;ssl=1 768w\" sizes=\"(max-width: 940px) 100vw, 940px\" \/><\/figure>\n\n\n\n<p><strong>DECORACI\u00d3N FESTIVA: detalles que hacen el ambiente<\/strong><\/p>\n\n\n\n<p>Finalmente, la magia siempre est\u00e1 en esos peque\u00f1os elementos que hacen que el espacio se sienta vivo. Velitas (obvio), cer\u00e1mica blanca con forma de arbolitos y botas navide\u00f1as que parecen sacadas de un set editorial. El encanto est\u00e1 en mezclar materiales naturales, cer\u00e1mica, fibras c\u00e1lidas y un poquito de brillo, porque diciembre sin glow no es diciembre.<\/p>\n\n\n\n<p>West Elm apuesta por un estilo contempor\u00e1neo que no se siente saturado, sino curado. Todo parece escogido con intenci\u00f3n, como si cada pieza quisiera recordarte que est\u00e1s en la \u00e9poca m\u00e1s bonita del a\u00f1o.<\/p>\n\n\n\n<p>Si quieres armar un espacio que brille con luz propia\u2014literal y emocionalmente\u2014esta colecci\u00f3n lo tiene todo. Y s\u00ed: est\u00e1 tan bonita que hasta el Grinch se inspirar\u00eda.<\/p>","protected":false},"excerpt":{"rendered":"<p>Si hay algo que nos emociona cada que empieza noviembre, es la misi\u00f3n anual de convertir la casa en un moodboard viviente de calidez, luces suaves y vibes ultra cozy. Y s\u00ed, la decoraci\u00f3n festiva se vuelve literalmente la protagonista de toda la temporada. West Elm llega este a\u00f1o con piezas tan aesthetic que hacen [&hellip;]<\/p>\n","protected":false},"author":6,"featured_media":110605,"comment_status":"open","ping_status":"open","sticky":false,"template":"","format":"standard","meta":{"_jetpack_memberships_contains_paid_content":false,"footnotes":"","jetpack_publicize_message":"","jetpack_publicize_feature_enabled":true,"jetpack_social_post_already_shared":true,"jetpack_social_options":{"image_generator_settings":{"template":"highway","default_image_id":0,"font":"","enabled":false},"version":2}},"categories":[67],"tags":[],"class_list":["post-110603","post","type-post","status-publish","format-standard","has-post-thumbnail","hentry","category-moda","has-post-title","has-post-date","has-post-category","has-post-tag","has-post-comment","has-post-author",""],"yoast_head":"<!-- This site is optimized with the Yoast SEO plugin v27.5 - https:\/\/yoast.com\/product\/yoast-seo-wordpress\/ -->\n<title>DECORACI\u00d3N FESTIVA: Magia Moderna en Casa - Zero Magazine<\/title>\n<meta name=\"description\" content=\"Descubre la decoraci\u00f3n festiva contempor\u00e1nea de West Elm para transformar tu hogar con estilo, calidez y magia.\" \/>\n<meta name=\"robots\" content=\"index, follow, max-snippet:-1, max-image-preview:large, max-video-preview:-1\" \/>\n<link rel=\"canonical\" href=\"https:\/\/zeromagazine.mx\/index.php\/2025\/11\/15\/decoracion-festiva-west-elm-2025\/\" \/>\n<meta property=\"og:locale\" content=\"es_ES\" \/>\n<meta property=\"og:type\" content=\"article\" \/>\n<meta property=\"og:title\" content=\"DECORACI\u00d3N FESTIVA: Magia Moderna en Casa - Zero Magazine\" \/>\n<meta property=\"og:description\" content=\"Descubre la decoraci\u00f3n festiva contempor\u00e1nea de West Elm para transformar tu hogar con estilo, calidez y magia.\" \/>\n<meta property=\"og:url\" content=\"https:\/\/zeromagazine.mx\/index.php\/2025\/11\/15\/decoracion-festiva-west-elm-2025\/\" \/>\n<meta property=\"og:site_name\" content=\"Zero Magazine\" \/>\n<meta property=\"article:published_time\" content=\"2025-11-15T22:25:16+00:00\" \/>\n<meta property=\"article:modified_time\" content=\"2025-11-15T22:25:37+00:00\" \/>\n<meta property=\"og:image\" content=\"http:\/\/zeromagazine.mx\/wp-content\/uploads\/2025\/11\/IMG_5836.png\" \/>\n\t<meta property=\"og:image:width\" content=\"762\" \/>\n\t<meta property=\"og:image:height\" content=\"944\" \/>\n\t<meta property=\"og:image:type\" content=\"image\/png\" \/>\n<meta name=\"author\" content=\"Luis Trujano\" \/>\n<meta name=\"twitter:card\" content=\"summary_large_image\" \/>\n<meta name=\"twitter:label1\" content=\"Escrito por\" \/>\n\t<meta name=\"twitter:data1\" content=\"Luis Trujano\" \/>\n\t<meta name=\"twitter:label2\" content=\"Tiempo de lectura\" \/>\n\t<meta name=\"twitter:data2\" content=\"3 minutos\" \/>\n<script type=\"application\/ld+json\" class=\"yoast-schema-graph\">{\"@context\":\"https:\\\/\\\/schema.org\",\"@graph\":[{\"@type\":\"Article\",\"@id\":\"https:\\\/\\\/zeromagazine.mx\\\/index.php\\\/2025\\\/11\\\/15\\\/decoracion-festiva-west-elm-2025\\\/#article\",\"isPartOf\":{\"@id\":\"https:\\\/\\\/zeromagazine.mx\\\/index.php\\\/2025\\\/11\\\/15\\\/decoracion-festiva-west-elm-2025\\\/\"},\"author\":{\"name\":\"Luis Trujano\",\"@id\":\"https:\\\/\\\/zeromagazine.mx\\\/#\\\/schema\\\/person\\\/118d2dc27eca6f07b968c953d12daa6b\"},\"headline\":\"DECORACI\u00d3N FESTIVA: Magia Moderna en Casa\",\"datePublished\":\"2025-11-15T22:25:16+00:00\",\"dateModified\":\"2025-11-15T22:25:37+00:00\",\"mainEntityOfPage\":{\"@id\":\"https:\\\/\\\/zeromagazine.mx\\\/index.php\\\/2025\\\/11\\\/15\\\/decoracion-festiva-west-elm-2025\\\/\"},\"wordCount\":487,\"commentCount\":0,\"publisher\":{\"@id\":\"https:\\\/\\\/zeromagazine.mx\\\/#organization\"},\"image\":{\"@id\":\"https:\\\/\\\/zeromagazine.mx\\\/index.php\\\/2025\\\/11\\\/15\\\/decoracion-festiva-west-elm-2025\\\/#primaryimage\"},\"thumbnailUrl\":\"https:\\\/\\\/i0.wp.com\\\/zeromagazine.mx\\\/wp-content\\\/uploads\\\/2025\\\/11\\\/IMG_5836.png?fit=762%2C944&ssl=1\",\"articleSection\":[\"Moda\"],\"inLanguage\":\"es\",\"potentialAction\":[{\"@type\":\"CommentAction\",\"name\":\"Comment\",\"target\":[\"https:\\\/\\\/zeromagazine.mx\\\/index.php\\\/2025\\\/11\\\/15\\\/decoracion-festiva-west-elm-2025\\\/#respond\"]}]},{\"@type\":\"WebPage\",\"@id\":\"https:\\\/\\\/zeromagazine.mx\\\/index.php\\\/2025\\\/11\\\/15\\\/decoracion-festiva-west-elm-2025\\\/\",\"url\":\"https:\\\/\\\/zeromagazine.mx\\\/index.php\\\/2025\\\/11\\\/15\\\/decoracion-festiva-west-elm-2025\\\/\",\"name\":\"DECORACI\u00d3N FESTIVA: Magia Moderna en Casa - Zero Magazine\",\"isPartOf\":{\"@id\":\"https:\\\/\\\/zeromagazine.mx\\\/#website\"},\"primaryImageOfPage\":{\"@id\":\"https:\\\/\\\/zeromagazine.mx\\\/index.php\\\/2025\\\/11\\\/15\\\/decoracion-festiva-west-elm-2025\\\/#primaryimage\"},\"image\":{\"@id\":\"https:\\\/\\\/zeromagazine.mx\\\/index.php\\\/2025\\\/11\\\/15\\\/decoracion-festiva-west-elm-2025\\\/#primaryimage\"},\"thumbnailUrl\":\"https:\\\/\\\/i0.wp.com\\\/zeromagazine.mx\\\/wp-content\\\/uploads\\\/2025\\\/11\\\/IMG_5836.png?fit=762%2C944&ssl=1\",\"datePublished\":\"2025-11-15T22:25:16+00:00\",\"dateModified\":\"2025-11-15T22:25:37+00:00\",\"description\":\"Descubre la decoraci\u00f3n festiva contempor\u00e1nea de West Elm para transformar tu hogar con estilo, calidez y magia.\",\"breadcrumb\":{\"@id\":\"https:\\\/\\\/zeromagazine.mx\\\/index.php\\\/2025\\\/11\\\/15\\\/decoracion-festiva-west-elm-2025\\\/#breadcrumb\"},\"inLanguage\":\"es\",\"potentialAction\":[{\"@type\":\"ReadAction\",\"target\":[\"https:\\\/\\\/zeromagazine.mx\\\/index.php\\\/2025\\\/11\\\/15\\\/decoracion-festiva-west-elm-2025\\\/\"]}]},{\"@type\":\"ImageObject\",\"inLanguage\":\"es\",\"@id\":\"https:\\\/\\\/zeromagazine.mx\\\/index.php\\\/2025\\\/11\\\/15\\\/decoracion-festiva-west-elm-2025\\\/#primaryimage\",\"url\":\"https:\\\/\\\/i0.wp.com\\\/zeromagazine.mx\\\/wp-content\\\/uploads\\\/2025\\\/11\\\/IMG_5836.png?fit=762%2C944&ssl=1\",\"contentUrl\":\"https:\\\/\\\/i0.wp.com\\\/zeromagazine.mx\\\/wp-content\\\/uploads\\\/2025\\\/11\\\/IMG_5836.png?fit=762%2C944&ssl=1\",\"width\":762,\"height\":944},{\"@type\":\"BreadcrumbList\",\"@id\":\"https:\\\/\\\/zeromagazine.mx\\\/index.php\\\/2025\\\/11\\\/15\\\/decoracion-festiva-west-elm-2025\\\/#breadcrumb\",\"itemListElement\":[{\"@type\":\"ListItem\",\"position\":1,\"name\":\"Portada\",\"item\":\"https:\\\/\\\/zeromagazine.mx\\\/\"},{\"@type\":\"ListItem\",\"position\":2,\"name\":\"DECORACI\u00d3N FESTIVA: Magia Moderna en Casa\"}]},{\"@type\":\"WebSite\",\"@id\":\"https:\\\/\\\/zeromagazine.mx\\\/#website\",\"url\":\"https:\\\/\\\/zeromagazine.mx\\\/\",\"name\":\"Zero Magazine\",\"description\":\"\",\"publisher\":{\"@id\":\"https:\\\/\\\/zeromagazine.mx\\\/#organization\"},\"potentialAction\":[{\"@type\":\"SearchAction\",\"target\":{\"@type\":\"EntryPoint\",\"urlTemplate\":\"https:\\\/\\\/zeromagazine.mx\\\/?s={search_term_string}\"},\"query-input\":{\"@type\":\"PropertyValueSpecification\",\"valueRequired\":true,\"valueName\":\"search_term_string\"}}],\"inLanguage\":\"es\"},{\"@type\":\"Organization\",\"@id\":\"https:\\\/\\\/zeromagazine.mx\\\/#organization\",\"name\":\"Zero Magazine\",\"url\":\"https:\\\/\\\/zeromagazine.mx\\\/\",\"logo\":{\"@type\":\"ImageObject\",\"inLanguage\":\"es\",\"@id\":\"https:\\\/\\\/zeromagazine.mx\\\/#\\\/schema\\\/logo\\\/image\\\/\",\"url\":\"https:\\\/\\\/i0.wp.com\\\/zeromagazine.mx\\\/wp-content\\\/uploads\\\/2025\\\/11\\\/1.jpeg?fit=1000%2C1000&ssl=1\",\"contentUrl\":\"https:\\\/\\\/i0.wp.com\\\/zeromagazine.mx\\\/wp-content\\\/uploads\\\/2025\\\/11\\\/1.jpeg?fit=1000%2C1000&ssl=1\",\"width\":1000,\"height\":1000,\"caption\":\"Zero Magazine\"},\"image\":{\"@id\":\"https:\\\/\\\/zeromagazine.mx\\\/#\\\/schema\\\/logo\\\/image\\\/\"},\"sameAs\":[\"https:\\\/\\\/instagram.com\\\/zeromagazinemx\"]},{\"@type\":\"Person\",\"@id\":\"https:\\\/\\\/zeromagazine.mx\\\/#\\\/schema\\\/person\\\/118d2dc27eca6f07b968c953d12daa6b\",\"name\":\"Luis Trujano\",\"image\":{\"@type\":\"ImageObject\",\"inLanguage\":\"es\",\"@id\":\"https:\\\/\\\/zeromagazine.mx\\\/wp-content\\\/litespeed\\\/avatar\\\/fbd9d1d6aa4d21e2bb5be8b3155046c9.jpg?ver=1777576316\",\"url\":\"https:\\\/\\\/zeromagazine.mx\\\/wp-content\\\/litespeed\\\/avatar\\\/fbd9d1d6aa4d21e2bb5be8b3155046c9.jpg?ver=1777576316\",\"contentUrl\":\"https:\\\/\\\/zeromagazine.mx\\\/wp-content\\\/litespeed\\\/avatar\\\/fbd9d1d6aa4d21e2bb5be8b3155046c9.jpg?ver=1777576316\",\"caption\":\"Luis Trujano\"},\"url\":\"https:\\\/\\\/zeromagazine.mx\\\/index.php\\\/author\\\/luis-trujano\\\/\"}]}<\/script>\n<!-- \/ Yoast SEO plugin. -->","yoast_head_json":{"title":"DECORACI\u00d3N FESTIVA: Magia Moderna en Casa - Zero Magazine","description":"Descubre la decoraci\u00f3n festiva contempor\u00e1nea de West Elm para transformar tu hogar con estilo, calidez y magia.","robots":{"index":"index","follow":"follow","max-snippet":"max-snippet:-1","max-image-preview":"max-image-preview:large","max-video-preview":"max-video-preview:-1"},"canonical":"https:\/\/zeromagazine.mx\/index.php\/2025\/11\/15\/decoracion-festiva-west-elm-2025\/","og_locale":"es_ES","og_type":"article","og_title":"DECORACI\u00d3N FESTIVA: Magia Moderna en Casa - Zero Magazine","og_description":"Descubre la decoraci\u00f3n festiva contempor\u00e1nea de West Elm para transformar tu hogar con estilo, calidez y magia.","og_url":"https:\/\/zeromagazine.mx\/index.php\/2025\/11\/15\/decoracion-festiva-west-elm-2025\/","og_site_name":"Zero Magazine","article_published_time":"2025-11-15T22:25:16+00:00","article_modified_time":"2025-11-15T22:25:37+00:00","og_image":[{"width":762,"height":944,"url":"http:\/\/zeromagazine.mx\/wp-content\/uploads\/2025\/11\/IMG_5836.png","type":"image\/png"}],"author":"Luis Trujano","twitter_card":"summary_large_image","twitter_misc":{"Escrito por":"Luis Trujano","Tiempo de lectura":"3 minutos"},"schema":{"@context":"https:\/\/schema.org","@graph":[{"@type":"Article","@id":"https:\/\/zeromagazine.mx\/index.php\/2025\/11\/15\/decoracion-festiva-west-elm-2025\/#article","isPartOf":{"@id":"https:\/\/zeromagazine.mx\/index.php\/2025\/11\/15\/decoracion-festiva-west-elm-2025\/"},"author":{"name":"Luis Trujano","@id":"https:\/\/zeromagazine.mx\/#\/schema\/person\/118d2dc27eca6f07b968c953d12daa6b"},"headline":"DECORACI\u00d3N FESTIVA: Magia Moderna en Casa","datePublished":"2025-11-15T22:25:16+00:00","dateModified":"2025-11-15T22:25:37+00:00","mainEntityOfPage":{"@id":"https:\/\/zeromagazine.mx\/index.php\/2025\/11\/15\/decoracion-festiva-west-elm-2025\/"},"wordCount":487,"commentCount":0,"publisher":{"@id":"https:\/\/zeromagazine.mx\/#organization"},"image":{"@id":"https:\/\/zeromagazine.mx\/index.php\/2025\/11\/15\/decoracion-festiva-west-elm-2025\/#primaryimage"},"thumbnailUrl":"https:\/\/i0.wp.com\/zeromagazine.mx\/wp-content\/uploads\/2025\/11\/IMG_5836.png?fit=762%2C944&ssl=1","articleSection":["Moda"],"inLanguage":"es","potentialAction":[{"@type":"CommentAction","name":"Comment","target":["https:\/\/zeromagazine.mx\/index.php\/2025\/11\/15\/decoracion-festiva-west-elm-2025\/#respond"]}]},{"@type":"WebPage","@id":"https:\/\/zeromagazine.mx\/index.php\/2025\/11\/15\/decoracion-festiva-west-elm-2025\/","url":"https:\/\/zeromagazine.mx\/index.php\/2025\/11\/15\/decoracion-festiva-west-elm-2025\/","name":"DECORACI\u00d3N FESTIVA: Magia Moderna en Casa - Zero Magazine","isPartOf":{"@id":"https:\/\/zeromagazine.mx\/#website"},"primaryImageOfPage":{"@id":"https:\/\/zeromagazine.mx\/index.php\/2025\/11\/15\/decoracion-festiva-west-elm-2025\/#primaryimage"},"image":{"@id":"https:\/\/zeromagazine.mx\/index.php\/2025\/11\/15\/decoracion-festiva-west-elm-2025\/#primaryimage"},"thumbnailUrl":"https:\/\/i0.wp.com\/zeromagazine.mx\/wp-content\/uploads\/2025\/11\/IMG_5836.png?fit=762%2C944&ssl=1","datePublished":"2025-11-15T22:25:16+00:00","dateModified":"2025-11-15T22:25:37+00:00","description":"Descubre la decoraci\u00f3n festiva contempor\u00e1nea de West Elm para transformar tu hogar con estilo, calidez y magia.","breadcrumb":{"@id":"https:\/\/zeromagazine.mx\/index.php\/2025\/11\/15\/decoracion-festiva-west-elm-2025\/#breadcrumb"},"inLanguage":"es","potentialAction":[{"@type":"ReadAction","target":["https:\/\/zeromagazine.mx\/index.php\/2025\/11\/15\/decoracion-festiva-west-elm-2025\/"]}]},{"@type":"ImageObject","inLanguage":"es","@id":"https:\/\/zeromagazine.mx\/index.php\/2025\/11\/15\/decoracion-festiva-west-elm-2025\/#primaryimage","url":"https:\/\/i0.wp.com\/zeromagazine.mx\/wp-content\/uploads\/2025\/11\/IMG_5836.png?fit=762%2C944&ssl=1","contentUrl":"https:\/\/i0.wp.com\/zeromagazine.mx\/wp-content\/uploads\/2025\/11\/IMG_5836.png?fit=762%2C944&ssl=1","width":762,"height":944},{"@type":"BreadcrumbList","@id":"https:\/\/zeromagazine.mx\/index.php\/2025\/11\/15\/decoracion-festiva-west-elm-2025\/#breadcrumb","itemListElement":[{"@type":"ListItem","position":1,"name":"Portada","item":"https:\/\/zeromagazine.mx\/"},{"@type":"ListItem","position":2,"name":"DECORACI\u00d3N FESTIVA: Magia Moderna en Casa"}]},{"@type":"WebSite","@id":"https:\/\/zeromagazine.mx\/#website","url":"https:\/\/zeromagazine.mx\/","name":"Zero Magazine","description":"","publisher":{"@id":"https:\/\/zeromagazine.mx\/#organization"},"potentialAction":[{"@type":"SearchAction","target":{"@type":"EntryPoint","urlTemplate":"https:\/\/zeromagazine.mx\/?s={search_term_string}"},"query-input":{"@type":"PropertyValueSpecification","valueRequired":true,"valueName":"search_term_string"}}],"inLanguage":"es"},{"@type":"Organization","@id":"https:\/\/zeromagazine.mx\/#organization","name":"Zero Magazine","url":"https:\/\/zeromagazine.mx\/","logo":{"@type":"ImageObject","inLanguage":"es","@id":"https:\/\/zeromagazine.mx\/#\/schema\/logo\/image\/","url":"https:\/\/i0.wp.com\/zeromagazine.mx\/wp-content\/uploads\/2025\/11\/1.jpeg?fit=1000%2C1000&ssl=1","contentUrl":"https:\/\/i0.wp.com\/zeromagazine.mx\/wp-content\/uploads\/2025\/11\/1.jpeg?fit=1000%2C1000&ssl=1","width":1000,"height":1000,"caption":"Zero Magazine"},"image":{"@id":"https:\/\/zeromagazine.mx\/#\/schema\/logo\/image\/"},"sameAs":["https:\/\/instagram.com\/zeromagazinemx"]},{"@type":"Person","@id":"https:\/\/zeromagazine.mx\/#\/schema\/person\/118d2dc27eca6f07b968c953d12daa6b","name":"Luis Trujano","image":{"@type":"ImageObject","inLanguage":"es","@id":"https:\/\/zeromagazine.mx\/wp-content\/litespeed\/avatar\/fbd9d1d6aa4d21e2bb5be8b3155046c9.jpg?ver=1777576316","url":"https:\/\/zeromagazine.mx\/wp-content\/litespeed\/avatar\/fbd9d1d6aa4d21e2bb5be8b3155046c9.jpg?ver=1777576316","contentUrl":"https:\/\/zeromagazine.mx\/wp-content\/litespeed\/avatar\/fbd9d1d6aa4d21e2bb5be8b3155046c9.jpg?ver=1777576316","caption":"Luis Trujano"},"url":"https:\/\/zeromagazine.mx\/index.php\/author\/luis-trujano\/"}]}},"jetpack_publicize_connections":[],"jetpack_featured_media_url":"https:\/\/i0.wp.com\/zeromagazine.mx\/wp-content\/uploads\/2025\/11\/IMG_5836.png?fit=762%2C944&ssl=1","jetpack-related-posts":[{"id":109252,"url":"https:\/\/zeromagazine.mx\/index.php\/2025\/10\/08\/west-elm-halloween-estilo-con-sustos\/","url_meta":{"origin":110603,"position":0},"title":"West Elm Halloween: la decoraci\u00f3n que hechiza tu casa","author":"zeromagazinemx","date":"8 de octubre de 2025","format":false,"excerpt":"La spooky season ya est\u00e1 aqu\u00ed y, sinceramente, no hay mejor excusa para llenar tu casa de vibes misteriosas y un poquito glam. La nueva colecci\u00f3n West Elm Halloween lleg\u00f3 justo a tiempo para convertir cualquier rinc\u00f3n en una escena sacada de una pel\u00edcula de terror con estilo. Olv\u00eddate del\u2026","rel":"","context":"En \u00abModa\u00bb","block_context":{"text":"Moda","link":"https:\/\/zeromagazine.mx\/index.php\/category\/moda\/"},"img":{"alt_text":"","src":"https:\/\/i0.wp.com\/zeromagazine.mx\/wp-content\/uploads\/2025\/10\/Funda-cojin-de-Hallowen-Spider-Web-.jpeg?fit=928%2C1200&ssl=1&resize=350%2C200","width":350,"height":200,"srcset":"https:\/\/i0.wp.com\/zeromagazine.mx\/wp-content\/uploads\/2025\/10\/Funda-cojin-de-Hallowen-Spider-Web-.jpeg?fit=928%2C1200&ssl=1&resize=350%2C200 1x, https:\/\/i0.wp.com\/zeromagazine.mx\/wp-content\/uploads\/2025\/10\/Funda-cojin-de-Hallowen-Spider-Web-.jpeg?fit=928%2C1200&ssl=1&resize=525%2C300 1.5x, https:\/\/i0.wp.com\/zeromagazine.mx\/wp-content\/uploads\/2025\/10\/Funda-cojin-de-Hallowen-Spider-Web-.jpeg?fit=928%2C1200&ssl=1&resize=700%2C400 2x"},"classes":[]},{"id":92710,"url":"https:\/\/zeromagazine.mx\/index.php\/2024\/12\/10\/holidays-de-westies-brilla-siempre\/","url_meta":{"origin":110603,"position":1},"title":"Holidays de Westies: Brilla Siempre","author":"zeromagazinemx","date":"10 de diciembre de 2024","format":false,"excerpt":"Colecci\u00f3n Holidays de Westies La Colecci\u00f3n Holidays de Westies es perfecta para la temporada de fiestas decembrinas y, la verdad, a m\u00ed me emociona un mont\u00f3n porque no solo es \u00e9poca de celebraci\u00f3n, sino de\u00a0glamour, calidez y mucha, pero mucha comodidad. Y por si te lo estabas preguntando, \u00a1,La colecci\u00f3n\u2026","rel":"","context":"En \u00abModa\u00bb","block_context":{"text":"Moda","link":"https:\/\/zeromagazine.mx\/index.php\/category\/moda\/"},"img":{"alt_text":"","src":"https:\/\/i0.wp.com\/zeromagazine.mx\/wp-content\/uploads\/2024\/12\/224206000072_1_RET-scaled.jpg?fit=800%2C1200&ssl=1&resize=350%2C200","width":350,"height":200,"srcset":"https:\/\/i0.wp.com\/zeromagazine.mx\/wp-content\/uploads\/2024\/12\/224206000072_1_RET-scaled.jpg?fit=800%2C1200&ssl=1&resize=350%2C200 1x, https:\/\/i0.wp.com\/zeromagazine.mx\/wp-content\/uploads\/2024\/12\/224206000072_1_RET-scaled.jpg?fit=800%2C1200&ssl=1&resize=525%2C300 1.5x, https:\/\/i0.wp.com\/zeromagazine.mx\/wp-content\/uploads\/2024\/12\/224206000072_1_RET-scaled.jpg?fit=800%2C1200&ssl=1&resize=700%2C400 2x"},"classes":[]},{"id":93836,"url":"https:\/\/zeromagazine.mx\/index.php\/2024\/12\/20\/glow-festivo-brilla-todo-el-ano\/","url_meta":{"origin":110603,"position":2},"title":"Glow Festivo: \u00a1Brilla Todo El A\u00f1o!","author":"zeromagazinemx","date":"20 de diciembre de 2024","format":false,"excerpt":"Glow festivo para esta temporada \u00bfEst\u00e1s lista para Glow festivo para brillar durante estas fiestas? Porque yo te traigo un secreto de belleza que te va a encantar. Con el final del a\u00f1o y las celebraciones a la vuelta de la esquina, hay algo que no puede faltar en tu\u2026","rel":"","context":"En \u00abBeauty\u00bb","block_context":{"text":"Beauty","link":"https:\/\/zeromagazine.mx\/index.php\/category\/beauty\/"},"img":{"alt_text":"","src":"https:\/\/i0.wp.com\/zeromagazine.mx\/wp-content\/uploads\/2024\/12\/Peptide_Lip_Shine_SPF_30_Duo_Plum_Savanna.png?fit=1200%2C1200&ssl=1&resize=350%2C200","width":350,"height":200,"srcset":"https:\/\/i0.wp.com\/zeromagazine.mx\/wp-content\/uploads\/2024\/12\/Peptide_Lip_Shine_SPF_30_Duo_Plum_Savanna.png?fit=1200%2C1200&ssl=1&resize=350%2C200 1x, https:\/\/i0.wp.com\/zeromagazine.mx\/wp-content\/uploads\/2024\/12\/Peptide_Lip_Shine_SPF_30_Duo_Plum_Savanna.png?fit=1200%2C1200&ssl=1&resize=525%2C300 1.5x, https:\/\/i0.wp.com\/zeromagazine.mx\/wp-content\/uploads\/2024\/12\/Peptide_Lip_Shine_SPF_30_Duo_Plum_Savanna.png?fit=1200%2C1200&ssl=1&resize=700%2C400 2x, https:\/\/i0.wp.com\/zeromagazine.mx\/wp-content\/uploads\/2024\/12\/Peptide_Lip_Shine_SPF_30_Duo_Plum_Savanna.png?fit=1200%2C1200&ssl=1&resize=1050%2C600 3x"},"classes":[]},{"id":91109,"url":"https:\/\/zeromagazine.mx\/index.php\/2024\/11\/19\/tu-outfit-cos-para-la-epoca-festiva\/","url_meta":{"origin":110603,"position":3},"title":"Tu Outfit COS Para la \u00c9poca Festiva","author":"zeromagazinemx","date":"19 de noviembre de 2024","format":false,"excerpt":"Amigxs, la temporada festiva est\u00e1 a la vuelta de la esquina, y si algo sabemos con certeza es que llega con un mont\u00f3n de cenas, fiestas y eventos en los que, bueno, tenemos que lucir top. Ya sea que vas a celebrar con tus amigas en una cena elegante o\u2026","rel":"","context":"En \u00abModa\u00bb","block_context":{"text":"Moda","link":"https:\/\/zeromagazine.mx\/index.php\/category\/moda\/"},"img":{"alt_text":"","src":"https:\/\/i0.wp.com\/zeromagazine.mx\/wp-content\/uploads\/2024\/11\/unnamed-4-1.png?fit=896%2C1196&ssl=1&resize=350%2C200","width":350,"height":200,"srcset":"https:\/\/i0.wp.com\/zeromagazine.mx\/wp-content\/uploads\/2024\/11\/unnamed-4-1.png?fit=896%2C1196&ssl=1&resize=350%2C200 1x, https:\/\/i0.wp.com\/zeromagazine.mx\/wp-content\/uploads\/2024\/11\/unnamed-4-1.png?fit=896%2C1196&ssl=1&resize=525%2C300 1.5x, https:\/\/i0.wp.com\/zeromagazine.mx\/wp-content\/uploads\/2024\/11\/unnamed-4-1.png?fit=896%2C1196&ssl=1&resize=700%2C400 2x"},"classes":[]},{"id":69926,"url":"https:\/\/zeromagazine.mx\/index.php\/2023\/12\/26\/navidad-encantada-en-el-mandarin-oriental-ritz-danza-sabor-y-belleza\/","url_meta":{"origin":110603,"position":4},"title":"\u00a1Navidad Encantada en el Mandarin Oriental Ritz: Danza, Sabor y Belleza!","author":"David Morales","date":"26 de diciembre de 2023","format":false,"excerpt":"\u00bfListes para sumergirnos en la magia de la Navidad al puro estilo del Mandarin Oriental Ritz en Madrid? Imagina esto: un plan completo que fusiona danza, gastronom\u00eda innovadora y hasta tratamientos de belleza. Te cuento todo lo que trae esta temporada festiva que est\u00e1 para volarnos la mente. \u00a1Pero espera!\u2026","rel":"","context":"En \u00abLifestyle\u00bb","block_context":{"text":"Lifestyle","link":"https:\/\/zeromagazine.mx\/index.php\/category\/lifestyle\/"},"img":{"alt_text":"","src":"https:\/\/i0.wp.com\/zeromagazine.mx\/wp-content\/uploads\/2023\/12\/Opera-Captura-de-pantalla_2023-12-26_124504_mail.google.com_.png?fit=985%2C703&ssl=1&resize=350%2C200","width":350,"height":200,"srcset":"https:\/\/i0.wp.com\/zeromagazine.mx\/wp-content\/uploads\/2023\/12\/Opera-Captura-de-pantalla_2023-12-26_124504_mail.google.com_.png?fit=985%2C703&ssl=1&resize=350%2C200 1x, https:\/\/i0.wp.com\/zeromagazine.mx\/wp-content\/uploads\/2023\/12\/Opera-Captura-de-pantalla_2023-12-26_124504_mail.google.com_.png?fit=985%2C703&ssl=1&resize=525%2C300 1.5x, https:\/\/i0.wp.com\/zeromagazine.mx\/wp-content\/uploads\/2023\/12\/Opera-Captura-de-pantalla_2023-12-26_124504_mail.google.com_.png?fit=985%2C703&ssl=1&resize=700%2C400 2x"},"classes":[]},{"id":92740,"url":"https:\/\/zeromagazine.mx\/index.php\/2024\/12\/11\/coach-holiday-house-arte-estilo-y-magia\/","url_meta":{"origin":110603,"position":5},"title":"Coach Holiday House: Arte, Estilo y Magia","author":"zeromagazinemx","date":"11 de diciembre de 2024","format":false,"excerpt":"La Ciudad de M\u00e9xico se encendi\u00f3 anoche con un vibe totalmente navide\u00f1o, chic y neoyorquino. \u00bfEl motivo? El lanzamiento de Coach Holiday House, una experiencia pop-up que fusiona lujo, creatividad y ese toque c\u00e1lido de las fiestas. Con un c\u00f3ctel exclusivo en una mansi\u00f3n cl\u00e1sica de la Roma, Coach nos\u2026","rel":"","context":"En \u00abEntretenimiento\u00bb","block_context":{"text":"Entretenimiento","link":"https:\/\/zeromagazine.mx\/index.php\/category\/entretenimiento\/"},"img":{"alt_text":"","src":"https:\/\/i0.wp.com\/zeromagazine.mx\/wp-content\/uploads\/2024\/12\/L1071851-scaled.jpg?fit=1200%2C799&ssl=1&resize=350%2C200","width":350,"height":200,"srcset":"https:\/\/i0.wp.com\/zeromagazine.mx\/wp-content\/uploads\/2024\/12\/L1071851-scaled.jpg?fit=1200%2C799&ssl=1&resize=350%2C200 1x, https:\/\/i0.wp.com\/zeromagazine.mx\/wp-content\/uploads\/2024\/12\/L1071851-scaled.jpg?fit=1200%2C799&ssl=1&resize=525%2C300 1.5x, https:\/\/i0.wp.com\/zeromagazine.mx\/wp-content\/uploads\/2024\/12\/L1071851-scaled.jpg?fit=1200%2C799&ssl=1&resize=700%2C400 2x, https:\/\/i0.wp.com\/zeromagazine.mx\/wp-content\/uploads\/2024\/12\/L1071851-scaled.jpg?fit=1200%2C799&ssl=1&resize=1050%2C600 3x"},"classes":[]}],"jetpack_sharing_enabled":true,"builder_content":"","_links":{"self":[{"href":"https:\/\/zeromagazine.mx\/index.php\/wp-json\/wp\/v2\/posts\/110603","targetHints":{"allow":["GET"]}}],"collection":[{"href":"https:\/\/zeromagazine.mx\/index.php\/wp-json\/wp\/v2\/posts"}],"about":[{"href":"https:\/\/zeromagazine.mx\/index.php\/wp-json\/wp\/v2\/types\/post"}],"author":[{"embeddable":true,"href":"https:\/\/zeromagazine.mx\/index.php\/wp-json\/wp\/v2\/users\/6"}],"replies":[{"embeddable":true,"href":"https:\/\/zeromagazine.mx\/index.php\/wp-json\/wp\/v2\/comments?post=110603"}],"version-history":[{"count":2,"href":"https:\/\/zeromagazine.mx\/index.php\/wp-json\/wp\/v2\/posts\/110603\/revisions"}],"predecessor-version":[{"id":110608,"href":"https:\/\/zeromagazine.mx\/index.php\/wp-json\/wp\/v2\/posts\/110603\/revisions\/110608"}],"wp:featuredmedia":[{"embeddable":true,"href":"https:\/\/zeromagazine.mx\/index.php\/wp-json\/wp\/v2\/media\/110605"}],"wp:attachment":[{"href":"https:\/\/zeromagazine.mx\/index.php\/wp-json\/wp\/v2\/media?parent=110603"}],"wp:term":[{"taxonomy":"category","embeddable":true,"href":"https:\/\/zeromagazine.mx\/index.php\/wp-json\/wp\/v2\/categories?post=110603"},{"taxonomy":"post_tag","embeddable":true,"href":"https:\/\/zeromagazine.mx\/index.php\/wp-json\/wp\/v2\/tags?post=110603"}],"curies":[{"name":"wp","href":"https:\/\/api.w.org\/{rel}","templated":true}]}}