{"id":110652,"date":"2025-11-17T12:17:22","date_gmt":"2025-11-17T18:17:22","guid":{"rendered":"https:\/\/zeromagazine.mx\/?p=110652"},"modified":"2025-11-17T12:17:25","modified_gmt":"2025-11-17T18:17:25","slug":"222-javyth-nuevo-sencillo","status":"publish","type":"post","link":"https:\/\/zeromagazine.mx\/index.php\/2025\/11\/17\/222-javyth-nuevo-sencillo\/","title":{"rendered":"2:22: el lanzamiento que vibra"},"content":{"rendered":"<!--themify_builder_content-->\n<div id=\"themify_builder_content-110652\" data-postid=\"110652\" class=\"themify_builder_content themify_builder_content-110652 themify_builder tf_clear\">\n    <\/div>\n<!--\/themify_builder_content-->\n\n\n<p>Cuando un artista encuentra el punto exacto donde emoci\u00f3n, ritmo y energ\u00eda se cruzan, pasan cosas especiales\u2026 y&nbsp;<em>justo ah\u00ed<\/em>&nbsp;est\u00e1 Javyth con el lanzamiento de&nbsp;<strong>\u201c2:22\u201d<\/strong>, su nuevo sencillo. Una rola que no solo marca un upgrade en su carrera, sino que tambi\u00e9n define la direcci\u00f3n hacia donde quiere llevar su sonido: espiritual, emocional y con ese beat moderno que se siente en el pecho.<\/p>\n\n\n\n<figure class=\"wp-block-image size-full\"><img data-recalc-dims=\"1\" decoding=\"async\" width=\"1165\" height=\"1165\" src=\"https:\/\/i0.wp.com\/zeromagazine.mx\/wp-content\/uploads\/2025\/11\/IMG_6509.jpeg?resize=1165%2C1165&#038;ssl=1\" alt=\"\" class=\"wp-image-110665\" srcset=\"https:\/\/i0.wp.com\/zeromagazine.mx\/wp-content\/uploads\/2025\/11\/IMG_6509.jpeg?w=1500&amp;ssl=1 1500w, https:\/\/i0.wp.com\/zeromagazine.mx\/wp-content\/uploads\/2025\/11\/IMG_6509.jpeg?resize=300%2C300&amp;ssl=1 300w, https:\/\/i0.wp.com\/zeromagazine.mx\/wp-content\/uploads\/2025\/11\/IMG_6509.jpeg?resize=1024%2C1024&amp;ssl=1 1024w, https:\/\/i0.wp.com\/zeromagazine.mx\/wp-content\/uploads\/2025\/11\/IMG_6509.jpeg?resize=150%2C150&amp;ssl=1 150w, https:\/\/i0.wp.com\/zeromagazine.mx\/wp-content\/uploads\/2025\/11\/IMG_6509.jpeg?resize=768%2C768&amp;ssl=1 768w, https:\/\/i0.wp.com\/zeromagazine.mx\/wp-content\/uploads\/2025\/11\/IMG_6509.jpeg?resize=70%2C70&amp;ssl=1 70w, https:\/\/i0.wp.com\/zeromagazine.mx\/wp-content\/uploads\/2025\/11\/IMG_6509.jpeg?resize=47%2C48&amp;ssl=1 47w\" sizes=\"(max-width: 1165px) 100vw, 1165px\" \/><\/figure>\n\n\n\n<h3 class=\"wp-block-heading\"><strong>2:22: un lanzamiento que marca camino<\/strong><\/h3>\n\n\n\n<p>Para empezar, \u201c2:22\u201d llega como un statement: Javyth ya no est\u00e1 probando terreno, est\u00e1 construy\u00e9ndolo. La canci\u00f3n \u2014producida y compuesta por Gabbo en los estudios Buen Onda en CDMX\u2014 mezcla introspecci\u00f3n con vibra urbana, creando un mood que conecta con quienes buscan m\u00fasica honesta, movida y con intenci\u00f3n.<br>Javyth le mete coraz\u00f3n, t\u00e9cnica y una sensibilidad que no es tan com\u00fan en la escena. Su voz vers\u00e1til y su forma tan personal de escribir lo ponen en un lugar muy especial dentro del nuevo movimiento urbano latino.<\/p>\n\n\n\n<figure class=\"wp-block-image size-full\"><img data-recalc-dims=\"1\" decoding=\"async\" width=\"1165\" height=\"1508\" src=\"https:\/\/i0.wp.com\/zeromagazine.mx\/wp-content\/uploads\/2025\/11\/IMG_6510.jpeg?resize=1165%2C1508&#038;ssl=1\" alt=\"\" class=\"wp-image-110667\" srcset=\"https:\/\/i0.wp.com\/zeromagazine.mx\/wp-content\/uploads\/2025\/11\/IMG_6510.jpeg?w=1236&amp;ssl=1 1236w, https:\/\/i0.wp.com\/zeromagazine.mx\/wp-content\/uploads\/2025\/11\/IMG_6510.jpeg?resize=232%2C300&amp;ssl=1 232w, https:\/\/i0.wp.com\/zeromagazine.mx\/wp-content\/uploads\/2025\/11\/IMG_6510.jpeg?resize=791%2C1024&amp;ssl=1 791w, https:\/\/i0.wp.com\/zeromagazine.mx\/wp-content\/uploads\/2025\/11\/IMG_6510.jpeg?resize=768%2C994&amp;ssl=1 768w, https:\/\/i0.wp.com\/zeromagazine.mx\/wp-content\/uploads\/2025\/11\/IMG_6510.jpeg?resize=1187%2C1536&amp;ssl=1 1187w\" sizes=\"(max-width: 1165px) 100vw, 1165px\" \/><\/figure>\n\n\n\n<p><strong>Adem\u00e1s<\/strong>, el sencillo ya est\u00e1 disponible en plataformas digitales y forma parte del arranque de una etapa de promoci\u00f3n donde Javyth se presentar\u00e1 en open shows y festivales alrededor de M\u00e9xico. Este lanzamiento no es solo una canci\u00f3n: es la puerta a proyectos m\u00e1s grandes.<\/p>\n\n\n\n<h3 class=\"wp-block-heading\"><strong>2:22: el sonido de una nueva identidad art\u00edstica<\/strong><\/h3>\n\n\n\n<p>Por otro lado, entender a Javyth es entender su historia. Antes de la m\u00fasica, el baile era su refugio. A los 19 a\u00f1os lo descubri\u00f3 casi sin querer, y termin\u00f3 convirti\u00e9ndose en su forma de sanar, expresarse y crecer. El movimiento le ense\u00f1\u00f3 a escucharse, a confiar en su proceso y a tomar decisiones que lo llevaron a lugares que jam\u00e1s imagin\u00f3.<\/p>\n\n\n\n<p><br>Hoy, esa misma energ\u00eda la canaliza hacia la m\u00fasica. Est\u00e1 trabajando en su voz, su creatividad y su composici\u00f3n con la misma disciplina con la que un d\u00eda aprendi\u00f3 a bailar. \u201cEste es el inicio de una nueva etapa\u201d, cuenta. \u201cEl movimiento sigue siendo parte de m\u00ed, pero ahora tambi\u00e9n lo es el sonido\u201d.<\/p>\n\n\n\n<figure class=\"wp-block-image size-full\"><img data-recalc-dims=\"1\" decoding=\"async\" width=\"1165\" height=\"1165\" src=\"https:\/\/i0.wp.com\/zeromagazine.mx\/wp-content\/uploads\/2025\/11\/IMG_6511.jpeg?resize=1165%2C1165&#038;ssl=1\" alt=\"\" class=\"wp-image-110668\" srcset=\"https:\/\/i0.wp.com\/zeromagazine.mx\/wp-content\/uploads\/2025\/11\/IMG_6511.jpeg?w=1600&amp;ssl=1 1600w, https:\/\/i0.wp.com\/zeromagazine.mx\/wp-content\/uploads\/2025\/11\/IMG_6511.jpeg?resize=300%2C300&amp;ssl=1 300w, https:\/\/i0.wp.com\/zeromagazine.mx\/wp-content\/uploads\/2025\/11\/IMG_6511.jpeg?resize=1024%2C1024&amp;ssl=1 1024w, https:\/\/i0.wp.com\/zeromagazine.mx\/wp-content\/uploads\/2025\/11\/IMG_6511.jpeg?resize=150%2C150&amp;ssl=1 150w, https:\/\/i0.wp.com\/zeromagazine.mx\/wp-content\/uploads\/2025\/11\/IMG_6511.jpeg?resize=768%2C768&amp;ssl=1 768w, https:\/\/i0.wp.com\/zeromagazine.mx\/wp-content\/uploads\/2025\/11\/IMG_6511.jpeg?resize=1536%2C1536&amp;ssl=1 1536w\" sizes=\"(max-width: 1165px) 100vw, 1165px\" \/><\/figure>\n\n\n\n<p>\u201c2:22\u201d es la prueba de que Javyth est\u00e1 encontrando su identidad, mezclando lo corporal con lo musical y creando un estilo propio que lo diferencia desde ya. Su arte no viene desde la pretensi\u00f3n: viene desde la emoci\u00f3n real, desde esa necesidad de transformar lo que siente en algo que otros puedan bailar, escuchar y vivir.<\/p>\n\n\n\n<p>Este lanzamiento deja algo claro: Javyth lleg\u00f3 con intenci\u00f3n, con visi\u00f3n y con un proyecto que promete crecer fuerte. Y s\u00ed, \u201c2:22\u201d es solo el comienzo.<\/p>","protected":false},"excerpt":{"rendered":"<p>Cuando un artista encuentra el punto exacto donde emoci\u00f3n, ritmo y energ\u00eda se cruzan, pasan cosas especiales\u2026 y&nbsp;justo ah\u00ed&nbsp;est\u00e1 Javyth con el lanzamiento de&nbsp;\u201c2:22\u201d, su nuevo sencillo. Una rola que no solo marca un upgrade en su carrera, sino que tambi\u00e9n define la direcci\u00f3n hacia donde quiere llevar su sonido: espiritual, emocional y con ese [&hellip;]<\/p>\n","protected":false},"author":4,"featured_media":110665,"comment_status":"open","ping_status":"open","sticky":false,"template":"","format":"standard","meta":{"_jetpack_memberships_contains_paid_content":false,"footnotes":"","jetpack_publicize_message":"","jetpack_publicize_feature_enabled":true,"jetpack_social_post_already_shared":true,"jetpack_social_options":{"image_generator_settings":{"template":"highway","default_image_id":0,"font":"","enabled":false},"version":2}},"categories":[117],"tags":[],"class_list":["post-110652","post","type-post","status-publish","format-standard","has-post-thumbnail","hentry","category-entretenimiento","has-post-title","has-post-date","has-post-category","has-post-tag","has-post-comment","has-post-author",""],"yoast_head":"<!-- This site is optimized with the Yoast SEO plugin v27.5 - https:\/\/yoast.com\/product\/yoast-seo-wordpress\/ -->\n<title>2:22: el lanzamiento que vibra - Zero Magazine<\/title>\n<meta name=\"description\" content=\"2:22 es el nuevo sencillo de Javyth, una mezcla introspectiva y urbana que marca su nueva etapa musical. Disponible en plataformas.\" \/>\n<meta name=\"robots\" content=\"index, follow, max-snippet:-1, max-image-preview:large, max-video-preview:-1\" \/>\n<link rel=\"canonical\" href=\"https:\/\/zeromagazine.mx\/index.php\/2025\/11\/17\/222-javyth-nuevo-sencillo\/\" \/>\n<meta property=\"og:locale\" content=\"es_ES\" \/>\n<meta property=\"og:type\" content=\"article\" \/>\n<meta property=\"og:title\" content=\"2:22: el lanzamiento que vibra - Zero Magazine\" \/>\n<meta property=\"og:description\" content=\"2:22 es el nuevo sencillo de Javyth, una mezcla introspectiva y urbana que marca su nueva etapa musical. Disponible en plataformas.\" \/>\n<meta property=\"og:url\" content=\"https:\/\/zeromagazine.mx\/index.php\/2025\/11\/17\/222-javyth-nuevo-sencillo\/\" \/>\n<meta property=\"og:site_name\" content=\"Zero Magazine\" \/>\n<meta property=\"article:published_time\" content=\"2025-11-17T18:17:22+00:00\" \/>\n<meta property=\"article:modified_time\" content=\"2025-11-17T18:17:25+00:00\" \/>\n<meta property=\"og:image\" content=\"http:\/\/zeromagazine.mx\/wp-content\/uploads\/2025\/11\/IMG_6509.jpeg\" \/>\n\t<meta property=\"og:image:width\" content=\"1500\" \/>\n\t<meta property=\"og:image:height\" content=\"1500\" \/>\n\t<meta property=\"og:image:type\" content=\"image\/jpeg\" \/>\n<meta name=\"author\" content=\"David Morales\" \/>\n<meta name=\"twitter:card\" content=\"summary_large_image\" \/>\n<meta name=\"twitter:label1\" content=\"Escrito por\" \/>\n\t<meta name=\"twitter:data1\" content=\"David Morales\" \/>\n\t<meta name=\"twitter:label2\" content=\"Tiempo de lectura\" \/>\n\t<meta name=\"twitter:data2\" content=\"3 minutos\" \/>\n<script type=\"application\/ld+json\" class=\"yoast-schema-graph\">{\"@context\":\"https:\\\/\\\/schema.org\",\"@graph\":[{\"@type\":\"Article\",\"@id\":\"https:\\\/\\\/zeromagazine.mx\\\/index.php\\\/2025\\\/11\\\/17\\\/222-javyth-nuevo-sencillo\\\/#article\",\"isPartOf\":{\"@id\":\"https:\\\/\\\/zeromagazine.mx\\\/index.php\\\/2025\\\/11\\\/17\\\/222-javyth-nuevo-sencillo\\\/\"},\"author\":{\"name\":\"David Morales\",\"@id\":\"https:\\\/\\\/zeromagazine.mx\\\/#\\\/schema\\\/person\\\/9f7f1a17c60ba8e9980e3e6677aabe5a\"},\"headline\":\"2:22: el lanzamiento que vibra\",\"datePublished\":\"2025-11-17T18:17:22+00:00\",\"dateModified\":\"2025-11-17T18:17:25+00:00\",\"mainEntityOfPage\":{\"@id\":\"https:\\\/\\\/zeromagazine.mx\\\/index.php\\\/2025\\\/11\\\/17\\\/222-javyth-nuevo-sencillo\\\/\"},\"wordCount\":442,\"commentCount\":0,\"publisher\":{\"@id\":\"https:\\\/\\\/zeromagazine.mx\\\/#organization\"},\"image\":{\"@id\":\"https:\\\/\\\/zeromagazine.mx\\\/index.php\\\/2025\\\/11\\\/17\\\/222-javyth-nuevo-sencillo\\\/#primaryimage\"},\"thumbnailUrl\":\"https:\\\/\\\/i0.wp.com\\\/zeromagazine.mx\\\/wp-content\\\/uploads\\\/2025\\\/11\\\/IMG_6509.jpeg?fit=1500%2C1500&ssl=1\",\"articleSection\":[\"Entretenimiento\"],\"inLanguage\":\"es\",\"potentialAction\":[{\"@type\":\"CommentAction\",\"name\":\"Comment\",\"target\":[\"https:\\\/\\\/zeromagazine.mx\\\/index.php\\\/2025\\\/11\\\/17\\\/222-javyth-nuevo-sencillo\\\/#respond\"]}]},{\"@type\":\"WebPage\",\"@id\":\"https:\\\/\\\/zeromagazine.mx\\\/index.php\\\/2025\\\/11\\\/17\\\/222-javyth-nuevo-sencillo\\\/\",\"url\":\"https:\\\/\\\/zeromagazine.mx\\\/index.php\\\/2025\\\/11\\\/17\\\/222-javyth-nuevo-sencillo\\\/\",\"name\":\"2:22: el lanzamiento que vibra - Zero Magazine\",\"isPartOf\":{\"@id\":\"https:\\\/\\\/zeromagazine.mx\\\/#website\"},\"primaryImageOfPage\":{\"@id\":\"https:\\\/\\\/zeromagazine.mx\\\/index.php\\\/2025\\\/11\\\/17\\\/222-javyth-nuevo-sencillo\\\/#primaryimage\"},\"image\":{\"@id\":\"https:\\\/\\\/zeromagazine.mx\\\/index.php\\\/2025\\\/11\\\/17\\\/222-javyth-nuevo-sencillo\\\/#primaryimage\"},\"thumbnailUrl\":\"https:\\\/\\\/i0.wp.com\\\/zeromagazine.mx\\\/wp-content\\\/uploads\\\/2025\\\/11\\\/IMG_6509.jpeg?fit=1500%2C1500&ssl=1\",\"datePublished\":\"2025-11-17T18:17:22+00:00\",\"dateModified\":\"2025-11-17T18:17:25+00:00\",\"description\":\"2:22 es el nuevo sencillo de Javyth, una mezcla introspectiva y urbana que marca su nueva etapa musical. Disponible en plataformas.\",\"breadcrumb\":{\"@id\":\"https:\\\/\\\/zeromagazine.mx\\\/index.php\\\/2025\\\/11\\\/17\\\/222-javyth-nuevo-sencillo\\\/#breadcrumb\"},\"inLanguage\":\"es\",\"potentialAction\":[{\"@type\":\"ReadAction\",\"target\":[\"https:\\\/\\\/zeromagazine.mx\\\/index.php\\\/2025\\\/11\\\/17\\\/222-javyth-nuevo-sencillo\\\/\"]}]},{\"@type\":\"ImageObject\",\"inLanguage\":\"es\",\"@id\":\"https:\\\/\\\/zeromagazine.mx\\\/index.php\\\/2025\\\/11\\\/17\\\/222-javyth-nuevo-sencillo\\\/#primaryimage\",\"url\":\"https:\\\/\\\/i0.wp.com\\\/zeromagazine.mx\\\/wp-content\\\/uploads\\\/2025\\\/11\\\/IMG_6509.jpeg?fit=1500%2C1500&ssl=1\",\"contentUrl\":\"https:\\\/\\\/i0.wp.com\\\/zeromagazine.mx\\\/wp-content\\\/uploads\\\/2025\\\/11\\\/IMG_6509.jpeg?fit=1500%2C1500&ssl=1\",\"width\":1500,\"height\":1500},{\"@type\":\"BreadcrumbList\",\"@id\":\"https:\\\/\\\/zeromagazine.mx\\\/index.php\\\/2025\\\/11\\\/17\\\/222-javyth-nuevo-sencillo\\\/#breadcrumb\",\"itemListElement\":[{\"@type\":\"ListItem\",\"position\":1,\"name\":\"Portada\",\"item\":\"https:\\\/\\\/zeromagazine.mx\\\/\"},{\"@type\":\"ListItem\",\"position\":2,\"name\":\"2:22: el lanzamiento que vibra\"}]},{\"@type\":\"WebSite\",\"@id\":\"https:\\\/\\\/zeromagazine.mx\\\/#website\",\"url\":\"https:\\\/\\\/zeromagazine.mx\\\/\",\"name\":\"Zero Magazine\",\"description\":\"\",\"publisher\":{\"@id\":\"https:\\\/\\\/zeromagazine.mx\\\/#organization\"},\"potentialAction\":[{\"@type\":\"SearchAction\",\"target\":{\"@type\":\"EntryPoint\",\"urlTemplate\":\"https:\\\/\\\/zeromagazine.mx\\\/?s={search_term_string}\"},\"query-input\":{\"@type\":\"PropertyValueSpecification\",\"valueRequired\":true,\"valueName\":\"search_term_string\"}}],\"inLanguage\":\"es\"},{\"@type\":\"Organization\",\"@id\":\"https:\\\/\\\/zeromagazine.mx\\\/#organization\",\"name\":\"Zero Magazine\",\"url\":\"https:\\\/\\\/zeromagazine.mx\\\/\",\"logo\":{\"@type\":\"ImageObject\",\"inLanguage\":\"es\",\"@id\":\"https:\\\/\\\/zeromagazine.mx\\\/#\\\/schema\\\/logo\\\/image\\\/\",\"url\":\"https:\\\/\\\/i0.wp.com\\\/zeromagazine.mx\\\/wp-content\\\/uploads\\\/2025\\\/11\\\/1.jpeg?fit=1000%2C1000&ssl=1\",\"contentUrl\":\"https:\\\/\\\/i0.wp.com\\\/zeromagazine.mx\\\/wp-content\\\/uploads\\\/2025\\\/11\\\/1.jpeg?fit=1000%2C1000&ssl=1\",\"width\":1000,\"height\":1000,\"caption\":\"Zero Magazine\"},\"image\":{\"@id\":\"https:\\\/\\\/zeromagazine.mx\\\/#\\\/schema\\\/logo\\\/image\\\/\"},\"sameAs\":[\"https:\\\/\\\/instagram.com\\\/zeromagazinemx\"]},{\"@type\":\"Person\",\"@id\":\"https:\\\/\\\/zeromagazine.mx\\\/#\\\/schema\\\/person\\\/9f7f1a17c60ba8e9980e3e6677aabe5a\",\"name\":\"David Morales\",\"image\":{\"@type\":\"ImageObject\",\"inLanguage\":\"es\",\"@id\":\"https:\\\/\\\/zeromagazine.mx\\\/wp-content\\\/litespeed\\\/avatar\\\/76069d2136bfc1c37dc34815bb67ca42.jpg?ver=1777571067\",\"url\":\"https:\\\/\\\/zeromagazine.mx\\\/wp-content\\\/litespeed\\\/avatar\\\/76069d2136bfc1c37dc34815bb67ca42.jpg?ver=1777571067\",\"contentUrl\":\"https:\\\/\\\/zeromagazine.mx\\\/wp-content\\\/litespeed\\\/avatar\\\/76069d2136bfc1c37dc34815bb67ca42.jpg?ver=1777571067\",\"caption\":\"David Morales\"},\"url\":\"https:\\\/\\\/zeromagazine.mx\\\/index.php\\\/author\\\/david\\\/\"}]}<\/script>\n<!-- \/ Yoast SEO plugin. -->","yoast_head_json":{"title":"2:22: el lanzamiento que vibra - Zero Magazine","description":"2:22 es el nuevo sencillo de Javyth, una mezcla introspectiva y urbana que marca su nueva etapa musical. Disponible en plataformas.","robots":{"index":"index","follow":"follow","max-snippet":"max-snippet:-1","max-image-preview":"max-image-preview:large","max-video-preview":"max-video-preview:-1"},"canonical":"https:\/\/zeromagazine.mx\/index.php\/2025\/11\/17\/222-javyth-nuevo-sencillo\/","og_locale":"es_ES","og_type":"article","og_title":"2:22: el lanzamiento que vibra - Zero Magazine","og_description":"2:22 es el nuevo sencillo de Javyth, una mezcla introspectiva y urbana que marca su nueva etapa musical. Disponible en plataformas.","og_url":"https:\/\/zeromagazine.mx\/index.php\/2025\/11\/17\/222-javyth-nuevo-sencillo\/","og_site_name":"Zero Magazine","article_published_time":"2025-11-17T18:17:22+00:00","article_modified_time":"2025-11-17T18:17:25+00:00","og_image":[{"width":1500,"height":1500,"url":"http:\/\/zeromagazine.mx\/wp-content\/uploads\/2025\/11\/IMG_6509.jpeg","type":"image\/jpeg"}],"author":"David Morales","twitter_card":"summary_large_image","twitter_misc":{"Escrito por":"David Morales","Tiempo de lectura":"3 minutos"},"schema":{"@context":"https:\/\/schema.org","@graph":[{"@type":"Article","@id":"https:\/\/zeromagazine.mx\/index.php\/2025\/11\/17\/222-javyth-nuevo-sencillo\/#article","isPartOf":{"@id":"https:\/\/zeromagazine.mx\/index.php\/2025\/11\/17\/222-javyth-nuevo-sencillo\/"},"author":{"name":"David Morales","@id":"https:\/\/zeromagazine.mx\/#\/schema\/person\/9f7f1a17c60ba8e9980e3e6677aabe5a"},"headline":"2:22: el lanzamiento que vibra","datePublished":"2025-11-17T18:17:22+00:00","dateModified":"2025-11-17T18:17:25+00:00","mainEntityOfPage":{"@id":"https:\/\/zeromagazine.mx\/index.php\/2025\/11\/17\/222-javyth-nuevo-sencillo\/"},"wordCount":442,"commentCount":0,"publisher":{"@id":"https:\/\/zeromagazine.mx\/#organization"},"image":{"@id":"https:\/\/zeromagazine.mx\/index.php\/2025\/11\/17\/222-javyth-nuevo-sencillo\/#primaryimage"},"thumbnailUrl":"https:\/\/i0.wp.com\/zeromagazine.mx\/wp-content\/uploads\/2025\/11\/IMG_6509.jpeg?fit=1500%2C1500&ssl=1","articleSection":["Entretenimiento"],"inLanguage":"es","potentialAction":[{"@type":"CommentAction","name":"Comment","target":["https:\/\/zeromagazine.mx\/index.php\/2025\/11\/17\/222-javyth-nuevo-sencillo\/#respond"]}]},{"@type":"WebPage","@id":"https:\/\/zeromagazine.mx\/index.php\/2025\/11\/17\/222-javyth-nuevo-sencillo\/","url":"https:\/\/zeromagazine.mx\/index.php\/2025\/11\/17\/222-javyth-nuevo-sencillo\/","name":"2:22: el lanzamiento que vibra - Zero Magazine","isPartOf":{"@id":"https:\/\/zeromagazine.mx\/#website"},"primaryImageOfPage":{"@id":"https:\/\/zeromagazine.mx\/index.php\/2025\/11\/17\/222-javyth-nuevo-sencillo\/#primaryimage"},"image":{"@id":"https:\/\/zeromagazine.mx\/index.php\/2025\/11\/17\/222-javyth-nuevo-sencillo\/#primaryimage"},"thumbnailUrl":"https:\/\/i0.wp.com\/zeromagazine.mx\/wp-content\/uploads\/2025\/11\/IMG_6509.jpeg?fit=1500%2C1500&ssl=1","datePublished":"2025-11-17T18:17:22+00:00","dateModified":"2025-11-17T18:17:25+00:00","description":"2:22 es el nuevo sencillo de Javyth, una mezcla introspectiva y urbana que marca su nueva etapa musical. Disponible en plataformas.","breadcrumb":{"@id":"https:\/\/zeromagazine.mx\/index.php\/2025\/11\/17\/222-javyth-nuevo-sencillo\/#breadcrumb"},"inLanguage":"es","potentialAction":[{"@type":"ReadAction","target":["https:\/\/zeromagazine.mx\/index.php\/2025\/11\/17\/222-javyth-nuevo-sencillo\/"]}]},{"@type":"ImageObject","inLanguage":"es","@id":"https:\/\/zeromagazine.mx\/index.php\/2025\/11\/17\/222-javyth-nuevo-sencillo\/#primaryimage","url":"https:\/\/i0.wp.com\/zeromagazine.mx\/wp-content\/uploads\/2025\/11\/IMG_6509.jpeg?fit=1500%2C1500&ssl=1","contentUrl":"https:\/\/i0.wp.com\/zeromagazine.mx\/wp-content\/uploads\/2025\/11\/IMG_6509.jpeg?fit=1500%2C1500&ssl=1","width":1500,"height":1500},{"@type":"BreadcrumbList","@id":"https:\/\/zeromagazine.mx\/index.php\/2025\/11\/17\/222-javyth-nuevo-sencillo\/#breadcrumb","itemListElement":[{"@type":"ListItem","position":1,"name":"Portada","item":"https:\/\/zeromagazine.mx\/"},{"@type":"ListItem","position":2,"name":"2:22: el lanzamiento que vibra"}]},{"@type":"WebSite","@id":"https:\/\/zeromagazine.mx\/#website","url":"https:\/\/zeromagazine.mx\/","name":"Zero Magazine","description":"","publisher":{"@id":"https:\/\/zeromagazine.mx\/#organization"},"potentialAction":[{"@type":"SearchAction","target":{"@type":"EntryPoint","urlTemplate":"https:\/\/zeromagazine.mx\/?s={search_term_string}"},"query-input":{"@type":"PropertyValueSpecification","valueRequired":true,"valueName":"search_term_string"}}],"inLanguage":"es"},{"@type":"Organization","@id":"https:\/\/zeromagazine.mx\/#organization","name":"Zero Magazine","url":"https:\/\/zeromagazine.mx\/","logo":{"@type":"ImageObject","inLanguage":"es","@id":"https:\/\/zeromagazine.mx\/#\/schema\/logo\/image\/","url":"https:\/\/i0.wp.com\/zeromagazine.mx\/wp-content\/uploads\/2025\/11\/1.jpeg?fit=1000%2C1000&ssl=1","contentUrl":"https:\/\/i0.wp.com\/zeromagazine.mx\/wp-content\/uploads\/2025\/11\/1.jpeg?fit=1000%2C1000&ssl=1","width":1000,"height":1000,"caption":"Zero Magazine"},"image":{"@id":"https:\/\/zeromagazine.mx\/#\/schema\/logo\/image\/"},"sameAs":["https:\/\/instagram.com\/zeromagazinemx"]},{"@type":"Person","@id":"https:\/\/zeromagazine.mx\/#\/schema\/person\/9f7f1a17c60ba8e9980e3e6677aabe5a","name":"David Morales","image":{"@type":"ImageObject","inLanguage":"es","@id":"https:\/\/zeromagazine.mx\/wp-content\/litespeed\/avatar\/76069d2136bfc1c37dc34815bb67ca42.jpg?ver=1777571067","url":"https:\/\/zeromagazine.mx\/wp-content\/litespeed\/avatar\/76069d2136bfc1c37dc34815bb67ca42.jpg?ver=1777571067","contentUrl":"https:\/\/zeromagazine.mx\/wp-content\/litespeed\/avatar\/76069d2136bfc1c37dc34815bb67ca42.jpg?ver=1777571067","caption":"David Morales"},"url":"https:\/\/zeromagazine.mx\/index.php\/author\/david\/"}]}},"jetpack_publicize_connections":[],"jetpack_featured_media_url":"https:\/\/i0.wp.com\/zeromagazine.mx\/wp-content\/uploads\/2025\/11\/IMG_6509.jpeg?fit=1500%2C1500&ssl=1","jetpack-related-posts":[{"id":108722,"url":"https:\/\/zeromagazine.mx\/index.php\/2025\/09\/22\/converse-dia-de-muertos-coleccion-2025\/","url_meta":{"origin":110652,"position":0},"title":"Converse D\u00eda de Muertos: tradici\u00f3n que camina contigo","author":"David Morales","date":"22 de septiembre de 2025","format":false,"excerpt":"Cada oto\u00f1o, la vibra del D\u00eda de Muertos se siente en el aire: mariposas monarca atravesando cielos, altares que huelen a cempas\u00fachil y velas que iluminan memorias colectivas. Este 2025,\u00a0Converse D\u00eda de Muertos\u00a0se convierte en mucho m\u00e1s que un drop de temporada; es una oda cultural en forma de sneakers,\u2026","rel":"","context":"En \u00abModa\u00bb","block_context":{"text":"Moda","link":"https:\/\/zeromagazine.mx\/index.php\/category\/moda\/"},"img":{"alt_text":"","src":"https:\/\/i0.wp.com\/zeromagazine.mx\/wp-content\/uploads\/2025\/09\/65A5575-scaled.jpeg?fit=1200%2C800&ssl=1&resize=350%2C200","width":350,"height":200,"srcset":"https:\/\/i0.wp.com\/zeromagazine.mx\/wp-content\/uploads\/2025\/09\/65A5575-scaled.jpeg?fit=1200%2C800&ssl=1&resize=350%2C200 1x, https:\/\/i0.wp.com\/zeromagazine.mx\/wp-content\/uploads\/2025\/09\/65A5575-scaled.jpeg?fit=1200%2C800&ssl=1&resize=525%2C300 1.5x, https:\/\/i0.wp.com\/zeromagazine.mx\/wp-content\/uploads\/2025\/09\/65A5575-scaled.jpeg?fit=1200%2C800&ssl=1&resize=700%2C400 2x, https:\/\/i0.wp.com\/zeromagazine.mx\/wp-content\/uploads\/2025\/09\/65A5575-scaled.jpeg?fit=1200%2C800&ssl=1&resize=1050%2C600 3x"},"classes":[]},{"id":74540,"url":"https:\/\/zeromagazine.mx\/index.php\/2024\/04\/22\/iqos-iluma-sin-humo-sin-problemas\/","url_meta":{"origin":110652,"position":1},"title":"IQOS ILUMA: Sin Humo, Sin Problemas","author":"zeromagazinemx","date":"22 de abril de 2024","format":false,"excerpt":"Philip Morris M\u00e9xico est\u00e1 haciendo olas con su \u00faltimo lanzamiento: IQOS ILUMA. Esta nueva tecnolog\u00eda est\u00e1 marcando el ritmo en el mundo de los dispositivos sin humo, y estoy emocionade de compartir contigo todos los detalles. Para empezar, IQOS ILUMA utiliza la tecnolog\u00eda Smartcore Induction System\u2122, lo que b\u00e1sicamente significa\u2026","rel":"","context":"En \u00abGadgets\u00bb","block_context":{"text":"Gadgets","link":"https:\/\/zeromagazine.mx\/index.php\/category\/tech\/gadgets\/"},"img":{"alt_text":"","src":"https:\/\/i0.wp.com\/zeromagazine.mx\/wp-content\/uploads\/2024\/04\/017_00011_GA_DR_STUDIO_PORTRAIT-ANA_ILU_0000_PAPNC_RGB_CZ_WEB_CS-CZ-1.jpg?fit=1200%2C506&ssl=1&resize=350%2C200","width":350,"height":200,"srcset":"https:\/\/i0.wp.com\/zeromagazine.mx\/wp-content\/uploads\/2024\/04\/017_00011_GA_DR_STUDIO_PORTRAIT-ANA_ILU_0000_PAPNC_RGB_CZ_WEB_CS-CZ-1.jpg?fit=1200%2C506&ssl=1&resize=350%2C200 1x, https:\/\/i0.wp.com\/zeromagazine.mx\/wp-content\/uploads\/2024\/04\/017_00011_GA_DR_STUDIO_PORTRAIT-ANA_ILU_0000_PAPNC_RGB_CZ_WEB_CS-CZ-1.jpg?fit=1200%2C506&ssl=1&resize=525%2C300 1.5x, https:\/\/i0.wp.com\/zeromagazine.mx\/wp-content\/uploads\/2024\/04\/017_00011_GA_DR_STUDIO_PORTRAIT-ANA_ILU_0000_PAPNC_RGB_CZ_WEB_CS-CZ-1.jpg?fit=1200%2C506&ssl=1&resize=700%2C400 2x, https:\/\/i0.wp.com\/zeromagazine.mx\/wp-content\/uploads\/2024\/04\/017_00011_GA_DR_STUDIO_PORTRAIT-ANA_ILU_0000_PAPNC_RGB_CZ_WEB_CS-CZ-1.jpg?fit=1200%2C506&ssl=1&resize=1050%2C600 3x"},"classes":[]},{"id":93848,"url":"https:\/\/zeromagazine.mx\/index.php\/2024\/12\/21\/one-star-legado-y-estilo\/","url_meta":{"origin":110652,"position":2},"title":"One Star: Legado y Estilo","author":"zeromagazinemx","date":"21 de diciembre de 2024","format":false,"excerpt":"One Star Amix, One Star viene con todo. Si hay algo que est\u00e1 dando de qu\u00e9 hablar esta temporada es el nuevo lanzamiento de Converse junto a UNDEFEATED. La marca global de ropa deportiva, famosa por su influencia en la cultura urbana y deportiva, celebra su legado con una reinterpretaci\u00f3n\u2026","rel":"","context":"En \u00abModa\u00bb","block_context":{"text":"Moda","link":"https:\/\/zeromagazine.mx\/index.php\/category\/moda\/"},"img":{"alt_text":"","src":"https:\/\/i0.wp.com\/zeromagazine.mx\/wp-content\/uploads\/2024\/12\/HO24_UNDFTD_A12132C_A12131C_One-Star-Academy_Group_4x5_Hero_919_1.jpg?fit=960%2C1200&ssl=1&resize=350%2C200","width":350,"height":200,"srcset":"https:\/\/i0.wp.com\/zeromagazine.mx\/wp-content\/uploads\/2024\/12\/HO24_UNDFTD_A12132C_A12131C_One-Star-Academy_Group_4x5_Hero_919_1.jpg?fit=960%2C1200&ssl=1&resize=350%2C200 1x, https:\/\/i0.wp.com\/zeromagazine.mx\/wp-content\/uploads\/2024\/12\/HO24_UNDFTD_A12132C_A12131C_One-Star-Academy_Group_4x5_Hero_919_1.jpg?fit=960%2C1200&ssl=1&resize=525%2C300 1.5x, https:\/\/i0.wp.com\/zeromagazine.mx\/wp-content\/uploads\/2024\/12\/HO24_UNDFTD_A12132C_A12131C_One-Star-Academy_Group_4x5_Hero_919_1.jpg?fit=960%2C1200&ssl=1&resize=700%2C400 2x"},"classes":[]},{"id":80628,"url":"https:\/\/zeromagazine.mx\/index.php\/2024\/07\/22\/prueba-el-verano-swicy-en-starbucks\/","url_meta":{"origin":110652,"position":3},"title":"Prueba el Verano Swicy en Starbucks","author":"zeromagazinemx","date":"22 de julio de 2024","format":false,"excerpt":"Este verano, Starbucks M\u00e9xico est\u00e1 lanzando una propuesta que est\u00e1 marcando la diferencia. Desde el 22 de julio, podr\u00e1s encontrar en todas las tiendas de Starbucks en M\u00e9xico las nuevas bebidas Spicy Lemonade Refreshers\u00ae. Estas bebidas siguen la tendencia swicy, que mezcla lo dulce con lo picante. Prep\u00e1rate para una\u2026","rel":"","context":"En \u00abBlog\u00bb","block_context":{"text":"Blog","link":"https:\/\/zeromagazine.mx\/index.php\/category\/blog\/"},"img":{"alt_text":"","src":"https:\/\/i0.wp.com\/zeromagazine.mx\/wp-content\/uploads\/2024\/07\/Spicy_Summer_2_E_50-scaled.jpg?fit=960%2C1200&ssl=1&resize=350%2C200","width":350,"height":200,"srcset":"https:\/\/i0.wp.com\/zeromagazine.mx\/wp-content\/uploads\/2024\/07\/Spicy_Summer_2_E_50-scaled.jpg?fit=960%2C1200&ssl=1&resize=350%2C200 1x, https:\/\/i0.wp.com\/zeromagazine.mx\/wp-content\/uploads\/2024\/07\/Spicy_Summer_2_E_50-scaled.jpg?fit=960%2C1200&ssl=1&resize=525%2C300 1.5x, https:\/\/i0.wp.com\/zeromagazine.mx\/wp-content\/uploads\/2024\/07\/Spicy_Summer_2_E_50-scaled.jpg?fit=960%2C1200&ssl=1&resize=700%2C400 2x"},"classes":[]},{"id":74575,"url":"https:\/\/zeromagazine.mx\/index.php\/2024\/04\/22\/nintendo-en-ccxp-mexico\/","url_meta":{"origin":110652,"position":4},"title":"\u00a1Nintendo en CCXP M\u00e9xico!","author":"zeromagazinemx","date":"22 de abril de 2024","format":false,"excerpt":"Hoy quiero compartirles una noticia s\u00faper emocionante que seguro les va a encantar. Nintendo, s\u00ed, \u00a1Nintendo!, anunci\u00f3 que va a participar en la primera edici\u00f3n de CCXP M\u00e9xico. \u00bfYa escucharon sobre eso? Es como el festival m\u00e1s gigante de cultura pop en el mundo y ahora llega a nuestras tierras.\u2026","rel":"","context":"En \u00abEntretenimiento\u00bb","block_context":{"text":"Entretenimiento","link":"https:\/\/zeromagazine.mx\/index.php\/category\/entretenimiento\/"},"img":{"alt_text":"","src":"https:\/\/i0.wp.com\/zeromagazine.mx\/wp-content\/uploads\/2024\/04\/unnamed-13.jpg?fit=1200%2C1200&ssl=1&resize=350%2C200","width":350,"height":200,"srcset":"https:\/\/i0.wp.com\/zeromagazine.mx\/wp-content\/uploads\/2024\/04\/unnamed-13.jpg?fit=1200%2C1200&ssl=1&resize=350%2C200 1x, https:\/\/i0.wp.com\/zeromagazine.mx\/wp-content\/uploads\/2024\/04\/unnamed-13.jpg?fit=1200%2C1200&ssl=1&resize=525%2C300 1.5x, https:\/\/i0.wp.com\/zeromagazine.mx\/wp-content\/uploads\/2024\/04\/unnamed-13.jpg?fit=1200%2C1200&ssl=1&resize=700%2C400 2x, https:\/\/i0.wp.com\/zeromagazine.mx\/wp-content\/uploads\/2024\/04\/unnamed-13.jpg?fit=1200%2C1200&ssl=1&resize=1050%2C600 3x"},"classes":[]},{"id":109685,"url":"https:\/\/zeromagazine.mx\/index.php\/2025\/10\/22\/oyster-tonal-birkenstock-otono\/","url_meta":{"origin":110652,"position":5},"title":"Oyster Tonal: el neutro m\u00e1s cool","author":"Luis Trujano","date":"22 de octubre de 2025","format":false,"excerpt":"Hay tonos que simplemente se sienten como un abrazo visual. Y este oto\u00f1o, ese lugar lo ocupa el Oyster Tonal, la nueva obsesi\u00f3n de Birkenstock que redefine lo que significa ser \u201cneutro\u201d. Este color suave, inspirado en la textura perlada de una concha de ostra, es todo lo que necesitas\u2026","rel":"","context":"En \u00abModa\u00bb","block_context":{"text":"Moda","link":"https:\/\/zeromagazine.mx\/index.php\/category\/moda\/"},"img":{"alt_text":"","src":"https:\/\/i0.wp.com\/zeromagazine.mx\/wp-content\/uploads\/2025\/10\/25AW_New-Autumn-Collection_MEA-CHINA_PI_1030847_011-scaled.jpg?fit=1200%2C800&ssl=1&resize=350%2C200","width":350,"height":200,"srcset":"https:\/\/i0.wp.com\/zeromagazine.mx\/wp-content\/uploads\/2025\/10\/25AW_New-Autumn-Collection_MEA-CHINA_PI_1030847_011-scaled.jpg?fit=1200%2C800&ssl=1&resize=350%2C200 1x, https:\/\/i0.wp.com\/zeromagazine.mx\/wp-content\/uploads\/2025\/10\/25AW_New-Autumn-Collection_MEA-CHINA_PI_1030847_011-scaled.jpg?fit=1200%2C800&ssl=1&resize=525%2C300 1.5x, https:\/\/i0.wp.com\/zeromagazine.mx\/wp-content\/uploads\/2025\/10\/25AW_New-Autumn-Collection_MEA-CHINA_PI_1030847_011-scaled.jpg?fit=1200%2C800&ssl=1&resize=700%2C400 2x, https:\/\/i0.wp.com\/zeromagazine.mx\/wp-content\/uploads\/2025\/10\/25AW_New-Autumn-Collection_MEA-CHINA_PI_1030847_011-scaled.jpg?fit=1200%2C800&ssl=1&resize=1050%2C600 3x"},"classes":[]}],"jetpack_sharing_enabled":true,"builder_content":"","_links":{"self":[{"href":"https:\/\/zeromagazine.mx\/index.php\/wp-json\/wp\/v2\/posts\/110652","targetHints":{"allow":["GET"]}}],"collection":[{"href":"https:\/\/zeromagazine.mx\/index.php\/wp-json\/wp\/v2\/posts"}],"about":[{"href":"https:\/\/zeromagazine.mx\/index.php\/wp-json\/wp\/v2\/types\/post"}],"author":[{"embeddable":true,"href":"https:\/\/zeromagazine.mx\/index.php\/wp-json\/wp\/v2\/users\/4"}],"replies":[{"embeddable":true,"href":"https:\/\/zeromagazine.mx\/index.php\/wp-json\/wp\/v2\/comments?post=110652"}],"version-history":[{"count":3,"href":"https:\/\/zeromagazine.mx\/index.php\/wp-json\/wp\/v2\/posts\/110652\/revisions"}],"predecessor-version":[{"id":110693,"href":"https:\/\/zeromagazine.mx\/index.php\/wp-json\/wp\/v2\/posts\/110652\/revisions\/110693"}],"wp:featuredmedia":[{"embeddable":true,"href":"https:\/\/zeromagazine.mx\/index.php\/wp-json\/wp\/v2\/media\/110665"}],"wp:attachment":[{"href":"https:\/\/zeromagazine.mx\/index.php\/wp-json\/wp\/v2\/media?parent=110652"}],"wp:term":[{"taxonomy":"category","embeddable":true,"href":"https:\/\/zeromagazine.mx\/index.php\/wp-json\/wp\/v2\/categories?post=110652"},{"taxonomy":"post_tag","embeddable":true,"href":"https:\/\/zeromagazine.mx\/index.php\/wp-json\/wp\/v2\/tags?post=110652"}],"curies":[{"name":"wp","href":"https:\/\/api.w.org\/{rel}","templated":true}]}}