{"id":111133,"date":"2025-11-21T19:03:25","date_gmt":"2025-11-22T01:03:25","guid":{"rendered":"https:\/\/zeromagazine.mx\/?p=111133"},"modified":"2025-11-21T19:10:48","modified_gmt":"2025-11-22T01:10:48","slug":"sebastian-yatra-la-fkn-vibra","status":"publish","type":"post","link":"https:\/\/zeromagazine.mx\/index.php\/2025\/11\/21\/sebastian-yatra-la-fkn-vibra\/","title":{"rendered":"SEBASTI\u00c1N YATRA PRESENTA \u201cLA FKN VIBRA\u201d JUNTO A XAVI UNA NOCHE REAL, UNA ENERG\u00cdA IMPOSIBLE DE DESCRIBIR"},"content":{"rendered":"<h1 class=\"wp-block-heading\"><strong>Sebasti\u00e1n Yatra Presenta La Vibra<\/strong><\/h1>\n\n\n\n<p>Si algo tenemos claro es que cuando&nbsp;<strong>Sebasti\u00e1n Yatra<\/strong>&nbsp;suelta m\u00fasica nueva, el internet vibra distinto. Y con el lanzamiento de&nbsp;<em>\u201cLA FKN VIBRA\u201d<\/em>&nbsp;junto a Xavi, el pop latino entra en un mood m\u00e1s libre, m\u00e1s real y m\u00e1s de vivir el momento sin tanto guion. Este track llega limpio, fresco, con beats que se sienten como una noche que no quieres que termine y con una energ\u00eda que \u2014literal\u2014 te prende desde el primer segundo.<\/p>\n\n\n\n<p>Pero antes de meternos de lleno en el chisme musical, vale decirlo: esta nueva era de Yatra trae una versi\u00f3n m\u00e1s honesta del artista, una que abraza lo imperfecto, lo espont\u00e1neo y todo eso que pasa cuando bajas las expectativas y dejas que la vida te sorprenda. Y s\u00ed, se nota.<\/p>\n\n\n\n<h2 class=\"wp-block-heading\">La vibra que conecta <\/h2>\n\n\n\n<p>Para empezar,&nbsp;<em>\u201cLA FKN VIBRA\u201d<\/em>&nbsp;no solo es un sencillo; es un statement. Una forma de decir: \u201chey, rel\u00e1jate, suelta un poco y disfruta lo que ya est\u00e1 pasando\u201d. Yatra ha venido mostrando esta filosof\u00eda en su m\u00fasica, sus videos y hasta en sus posts random donde ense\u00f1a su d\u00eda a d\u00eda sin filtros.<\/p>\n\n\n\n<p>Adem\u00e1s, la colaboraci\u00f3n con Xavi no pudo llegar en mejor momento. Entre la energ\u00eda m\u00e1s calmada-y-terrenal de Yatra y la vibra callejera-fresca de Xavi, el tema se vuelve un peque\u00f1o himno para esas noches donde todo fluye sin planearse, pero todo sale incre\u00edble.<\/p>\n\n\n\n<p><strong>Por eso<\/strong>, cuando Yatra public\u00f3 la frase&nbsp;<em>\u201cla fkn vibra: Sensaci\u00f3n \/ Energ\u00eda \/ Imposible de explicar con palabras\u201d<\/em>, el fandom explot\u00f3. No solo porque la definici\u00f3n conectaba, sino porque acompa\u00f1\u00f3 el mensaje con videos reales: amigos, risas, luces de ciudad, cero poses, pura buena energ\u00eda. Esa autenticidad es justo lo que hace que esta etapa de&nbsp;<strong>Sebasti\u00e1n Yatra<\/strong>&nbsp;se sienta m\u00e1s cercana.<\/p>\n\n\n\n<figure class=\"wp-block-image size-full\"><img data-recalc-dims=\"1\" decoding=\"async\" width=\"628\" height=\"712\" src=\"https:\/\/i0.wp.com\/zeromagazine.mx\/wp-content\/uploads\/2025\/11\/f9c76fc1-18df-4146-9ee5-5f87ba608f5a-1.jpeg?resize=628%2C712&#038;ssl=1\" alt=\"\" class=\"wp-image-111143\" srcset=\"https:\/\/i0.wp.com\/zeromagazine.mx\/wp-content\/uploads\/2025\/11\/f9c76fc1-18df-4146-9ee5-5f87ba608f5a-1.jpeg?w=628&amp;ssl=1 628w, https:\/\/i0.wp.com\/zeromagazine.mx\/wp-content\/uploads\/2025\/11\/f9c76fc1-18df-4146-9ee5-5f87ba608f5a-1.jpeg?resize=265%2C300&amp;ssl=1 265w\" sizes=\"(max-width: 628px) 100vw, 628px\" \/><\/figure>\n\n\n\n<h2 class=\"wp-block-heading\"> En un momento ic\u00f3nico <\/h2>\n\n\n\n<p>Asimismo, el video oficial dirigido por Borja Respaldiza mantiene esa misma esencia. No hay actores ni escenas excesivamente producidas. Son amigos reales, fiestas reales y momentos que parecen sacados de un fin de semana cualquiera\u2026 pero con mejor iluminaci\u00f3n. Influencers como Tammy Parra y Barbarita aparecen sin forzar nada, solo sum\u00e1ndose a esa vibra que el tema quiere transmitir.<\/p>\n\n\n\n<p>Luego, hay otro highlight: su presentaci\u00f3n en&nbsp;<em>La Voz Espa\u00f1a<\/em>&nbsp;con Mar\u00eda Becerra. Imposible no mencionarlo. El dueto fue pura emoci\u00f3n, pura qu\u00edmica y puro talento. Una prueba m\u00e1s de que&nbsp;<strong>Sebasti\u00e1n Yatra<\/strong>&nbsp;est\u00e1 en una etapa donde lo profundo, lo espont\u00e1neo y lo honesto dominan cada una de sus decisiones art\u00edsticas.<\/p>\n\n<!--themify_builder_content-->\n<div id=\"themify_builder_content-111133\" data-postid=\"111133\" class=\"themify_builder_content themify_builder_content-111133 themify_builder tf_clear\">\n    <\/div>\n<!--\/themify_builder_content-->","protected":false},"excerpt":{"rendered":"<p>Sebasti\u00e1n Yatra Presenta La Vibra Si algo tenemos claro es que cuando&nbsp;Sebasti\u00e1n Yatra&nbsp;suelta m\u00fasica nueva, el internet vibra distinto. Y con el lanzamiento de&nbsp;\u201cLA FKN VIBRA\u201d&nbsp;junto a Xavi, el pop latino entra en un mood m\u00e1s libre, m\u00e1s real y m\u00e1s de vivir el momento sin tanto guion. Este track llega limpio, fresco, con beats [&hellip;]<\/p>\n","protected":false},"author":4,"featured_media":111135,"comment_status":"open","ping_status":"open","sticky":false,"template":"","format":"standard","meta":{"_jetpack_memberships_contains_paid_content":false,"footnotes":"","jetpack_publicize_message":"","jetpack_publicize_feature_enabled":true,"jetpack_social_post_already_shared":true,"jetpack_social_options":{"image_generator_settings":{"template":"highway","default_image_id":0,"font":"","enabled":false},"version":2}},"categories":[117],"tags":[],"class_list":["post-111133","post","type-post","status-publish","format-standard","has-post-thumbnail","hentry","category-entretenimiento","has-post-title","has-post-date","has-post-category","has-post-tag","has-post-comment","has-post-author",""],"yoast_head":"<!-- This site is optimized with the Yoast SEO plugin v27.5 - https:\/\/yoast.com\/product\/yoast-seo-wordpress\/ -->\n<title>SEBASTI\u00c1N YATRA PRESENTA \u201cLA FKN VIBRA\u201d JUNTO A XAVI UNA NOCHE REAL, UNA ENERG\u00cdA IMPOSIBLE DE DESCRIBIR - Zero Magazine<\/title>\n<meta name=\"description\" content=\"Sebasti\u00e1n Yatra lanza \u201cLA FKN VIBRA\u201d, una colaboraci\u00f3n con Xavi que celebra lo real, lo libre y lo espont\u00e1neo.\" \/>\n<meta name=\"robots\" content=\"index, follow, max-snippet:-1, max-image-preview:large, max-video-preview:-1\" \/>\n<link rel=\"canonical\" href=\"https:\/\/zeromagazine.mx\/index.php\/2025\/11\/21\/sebastian-yatra-la-fkn-vibra\/\" \/>\n<meta property=\"og:locale\" content=\"es_ES\" \/>\n<meta property=\"og:type\" content=\"article\" \/>\n<meta property=\"og:title\" content=\"SEBASTI\u00c1N YATRA PRESENTA \u201cLA FKN VIBRA\u201d JUNTO A XAVI UNA NOCHE REAL, UNA ENERG\u00cdA IMPOSIBLE DE DESCRIBIR - Zero Magazine\" \/>\n<meta property=\"og:description\" content=\"Sebasti\u00e1n Yatra lanza \u201cLA FKN VIBRA\u201d, una colaboraci\u00f3n con Xavi que celebra lo real, lo libre y lo espont\u00e1neo.\" \/>\n<meta property=\"og:url\" content=\"https:\/\/zeromagazine.mx\/index.php\/2025\/11\/21\/sebastian-yatra-la-fkn-vibra\/\" \/>\n<meta property=\"og:site_name\" content=\"Zero Magazine\" \/>\n<meta property=\"article:published_time\" content=\"2025-11-22T01:03:25+00:00\" \/>\n<meta property=\"article:modified_time\" content=\"2025-11-22T01:10:48+00:00\" \/>\n<meta property=\"og:image\" content=\"http:\/\/zeromagazine.mx\/wp-content\/uploads\/2025\/11\/f7838840-2519-4626-bda9-83babc407252-1.jpeg\" \/>\n\t<meta property=\"og:image:width\" content=\"690\" \/>\n\t<meta property=\"og:image:height\" content=\"388\" \/>\n\t<meta property=\"og:image:type\" content=\"image\/jpeg\" \/>\n<meta name=\"author\" content=\"David Morales\" \/>\n<meta name=\"twitter:card\" content=\"summary_large_image\" \/>\n<meta name=\"twitter:label1\" content=\"Escrito por\" \/>\n\t<meta name=\"twitter:data1\" content=\"David Morales\" \/>\n\t<meta name=\"twitter:label2\" content=\"Tiempo de lectura\" \/>\n\t<meta name=\"twitter:data2\" content=\"3 minutos\" \/>\n<script type=\"application\/ld+json\" class=\"yoast-schema-graph\">{\"@context\":\"https:\\\/\\\/schema.org\",\"@graph\":[{\"@type\":\"Article\",\"@id\":\"https:\\\/\\\/zeromagazine.mx\\\/index.php\\\/2025\\\/11\\\/21\\\/sebastian-yatra-la-fkn-vibra\\\/#article\",\"isPartOf\":{\"@id\":\"https:\\\/\\\/zeromagazine.mx\\\/index.php\\\/2025\\\/11\\\/21\\\/sebastian-yatra-la-fkn-vibra\\\/\"},\"author\":{\"name\":\"David Morales\",\"@id\":\"https:\\\/\\\/zeromagazine.mx\\\/#\\\/schema\\\/person\\\/9f7f1a17c60ba8e9980e3e6677aabe5a\"},\"headline\":\"SEBASTI\u00c1N YATRA PRESENTA \u201cLA FKN VIBRA\u201d JUNTO A XAVI UNA NOCHE REAL, UNA ENERG\u00cdA IMPOSIBLE DE DESCRIBIR\",\"datePublished\":\"2025-11-22T01:03:25+00:00\",\"dateModified\":\"2025-11-22T01:10:48+00:00\",\"mainEntityOfPage\":{\"@id\":\"https:\\\/\\\/zeromagazine.mx\\\/index.php\\\/2025\\\/11\\\/21\\\/sebastian-yatra-la-fkn-vibra\\\/\"},\"wordCount\":482,\"commentCount\":0,\"publisher\":{\"@id\":\"https:\\\/\\\/zeromagazine.mx\\\/#organization\"},\"image\":{\"@id\":\"https:\\\/\\\/zeromagazine.mx\\\/index.php\\\/2025\\\/11\\\/21\\\/sebastian-yatra-la-fkn-vibra\\\/#primaryimage\"},\"thumbnailUrl\":\"https:\\\/\\\/i0.wp.com\\\/zeromagazine.mx\\\/wp-content\\\/uploads\\\/2025\\\/11\\\/f7838840-2519-4626-bda9-83babc407252-1.jpeg?fit=690%2C388&ssl=1\",\"articleSection\":[\"Entretenimiento\"],\"inLanguage\":\"es\",\"potentialAction\":[{\"@type\":\"CommentAction\",\"name\":\"Comment\",\"target\":[\"https:\\\/\\\/zeromagazine.mx\\\/index.php\\\/2025\\\/11\\\/21\\\/sebastian-yatra-la-fkn-vibra\\\/#respond\"]}]},{\"@type\":\"WebPage\",\"@id\":\"https:\\\/\\\/zeromagazine.mx\\\/index.php\\\/2025\\\/11\\\/21\\\/sebastian-yatra-la-fkn-vibra\\\/\",\"url\":\"https:\\\/\\\/zeromagazine.mx\\\/index.php\\\/2025\\\/11\\\/21\\\/sebastian-yatra-la-fkn-vibra\\\/\",\"name\":\"SEBASTI\u00c1N YATRA PRESENTA \u201cLA FKN VIBRA\u201d JUNTO A XAVI UNA NOCHE REAL, UNA ENERG\u00cdA IMPOSIBLE DE DESCRIBIR - Zero Magazine\",\"isPartOf\":{\"@id\":\"https:\\\/\\\/zeromagazine.mx\\\/#website\"},\"primaryImageOfPage\":{\"@id\":\"https:\\\/\\\/zeromagazine.mx\\\/index.php\\\/2025\\\/11\\\/21\\\/sebastian-yatra-la-fkn-vibra\\\/#primaryimage\"},\"image\":{\"@id\":\"https:\\\/\\\/zeromagazine.mx\\\/index.php\\\/2025\\\/11\\\/21\\\/sebastian-yatra-la-fkn-vibra\\\/#primaryimage\"},\"thumbnailUrl\":\"https:\\\/\\\/i0.wp.com\\\/zeromagazine.mx\\\/wp-content\\\/uploads\\\/2025\\\/11\\\/f7838840-2519-4626-bda9-83babc407252-1.jpeg?fit=690%2C388&ssl=1\",\"datePublished\":\"2025-11-22T01:03:25+00:00\",\"dateModified\":\"2025-11-22T01:10:48+00:00\",\"description\":\"Sebasti\u00e1n Yatra lanza \u201cLA FKN VIBRA\u201d, una colaboraci\u00f3n con Xavi que celebra lo real, lo libre y lo espont\u00e1neo.\",\"breadcrumb\":{\"@id\":\"https:\\\/\\\/zeromagazine.mx\\\/index.php\\\/2025\\\/11\\\/21\\\/sebastian-yatra-la-fkn-vibra\\\/#breadcrumb\"},\"inLanguage\":\"es\",\"potentialAction\":[{\"@type\":\"ReadAction\",\"target\":[\"https:\\\/\\\/zeromagazine.mx\\\/index.php\\\/2025\\\/11\\\/21\\\/sebastian-yatra-la-fkn-vibra\\\/\"]}]},{\"@type\":\"ImageObject\",\"inLanguage\":\"es\",\"@id\":\"https:\\\/\\\/zeromagazine.mx\\\/index.php\\\/2025\\\/11\\\/21\\\/sebastian-yatra-la-fkn-vibra\\\/#primaryimage\",\"url\":\"https:\\\/\\\/i0.wp.com\\\/zeromagazine.mx\\\/wp-content\\\/uploads\\\/2025\\\/11\\\/f7838840-2519-4626-bda9-83babc407252-1.jpeg?fit=690%2C388&ssl=1\",\"contentUrl\":\"https:\\\/\\\/i0.wp.com\\\/zeromagazine.mx\\\/wp-content\\\/uploads\\\/2025\\\/11\\\/f7838840-2519-4626-bda9-83babc407252-1.jpeg?fit=690%2C388&ssl=1\",\"width\":690,\"height\":388},{\"@type\":\"BreadcrumbList\",\"@id\":\"https:\\\/\\\/zeromagazine.mx\\\/index.php\\\/2025\\\/11\\\/21\\\/sebastian-yatra-la-fkn-vibra\\\/#breadcrumb\",\"itemListElement\":[{\"@type\":\"ListItem\",\"position\":1,\"name\":\"Portada\",\"item\":\"https:\\\/\\\/zeromagazine.mx\\\/\"},{\"@type\":\"ListItem\",\"position\":2,\"name\":\"SEBASTI\u00c1N YATRA PRESENTA \u201cLA FKN VIBRA\u201d JUNTO A XAVI UNA NOCHE REAL, UNA ENERG\u00cdA IMPOSIBLE DE DESCRIBIR\"}]},{\"@type\":\"WebSite\",\"@id\":\"https:\\\/\\\/zeromagazine.mx\\\/#website\",\"url\":\"https:\\\/\\\/zeromagazine.mx\\\/\",\"name\":\"Zero Magazine\",\"description\":\"\",\"publisher\":{\"@id\":\"https:\\\/\\\/zeromagazine.mx\\\/#organization\"},\"potentialAction\":[{\"@type\":\"SearchAction\",\"target\":{\"@type\":\"EntryPoint\",\"urlTemplate\":\"https:\\\/\\\/zeromagazine.mx\\\/?s={search_term_string}\"},\"query-input\":{\"@type\":\"PropertyValueSpecification\",\"valueRequired\":true,\"valueName\":\"search_term_string\"}}],\"inLanguage\":\"es\"},{\"@type\":\"Organization\",\"@id\":\"https:\\\/\\\/zeromagazine.mx\\\/#organization\",\"name\":\"Zero Magazine\",\"url\":\"https:\\\/\\\/zeromagazine.mx\\\/\",\"logo\":{\"@type\":\"ImageObject\",\"inLanguage\":\"es\",\"@id\":\"https:\\\/\\\/zeromagazine.mx\\\/#\\\/schema\\\/logo\\\/image\\\/\",\"url\":\"https:\\\/\\\/i0.wp.com\\\/zeromagazine.mx\\\/wp-content\\\/uploads\\\/2025\\\/11\\\/1.jpeg?fit=1000%2C1000&ssl=1\",\"contentUrl\":\"https:\\\/\\\/i0.wp.com\\\/zeromagazine.mx\\\/wp-content\\\/uploads\\\/2025\\\/11\\\/1.jpeg?fit=1000%2C1000&ssl=1\",\"width\":1000,\"height\":1000,\"caption\":\"Zero Magazine\"},\"image\":{\"@id\":\"https:\\\/\\\/zeromagazine.mx\\\/#\\\/schema\\\/logo\\\/image\\\/\"},\"sameAs\":[\"https:\\\/\\\/instagram.com\\\/zeromagazinemx\"]},{\"@type\":\"Person\",\"@id\":\"https:\\\/\\\/zeromagazine.mx\\\/#\\\/schema\\\/person\\\/9f7f1a17c60ba8e9980e3e6677aabe5a\",\"name\":\"David Morales\",\"image\":{\"@type\":\"ImageObject\",\"inLanguage\":\"es\",\"@id\":\"https:\\\/\\\/zeromagazine.mx\\\/wp-content\\\/litespeed\\\/avatar\\\/76069d2136bfc1c37dc34815bb67ca42.jpg?ver=1777571067\",\"url\":\"https:\\\/\\\/zeromagazine.mx\\\/wp-content\\\/litespeed\\\/avatar\\\/76069d2136bfc1c37dc34815bb67ca42.jpg?ver=1777571067\",\"contentUrl\":\"https:\\\/\\\/zeromagazine.mx\\\/wp-content\\\/litespeed\\\/avatar\\\/76069d2136bfc1c37dc34815bb67ca42.jpg?ver=1777571067\",\"caption\":\"David Morales\"},\"url\":\"https:\\\/\\\/zeromagazine.mx\\\/index.php\\\/author\\\/david\\\/\"}]}<\/script>\n<!-- \/ Yoast SEO plugin. -->","yoast_head_json":{"title":"SEBASTI\u00c1N YATRA PRESENTA \u201cLA FKN VIBRA\u201d JUNTO A XAVI UNA NOCHE REAL, UNA ENERG\u00cdA IMPOSIBLE DE DESCRIBIR - Zero Magazine","description":"Sebasti\u00e1n Yatra lanza \u201cLA FKN VIBRA\u201d, una colaboraci\u00f3n con Xavi que celebra lo real, lo libre y lo espont\u00e1neo.","robots":{"index":"index","follow":"follow","max-snippet":"max-snippet:-1","max-image-preview":"max-image-preview:large","max-video-preview":"max-video-preview:-1"},"canonical":"https:\/\/zeromagazine.mx\/index.php\/2025\/11\/21\/sebastian-yatra-la-fkn-vibra\/","og_locale":"es_ES","og_type":"article","og_title":"SEBASTI\u00c1N YATRA PRESENTA \u201cLA FKN VIBRA\u201d JUNTO A XAVI UNA NOCHE REAL, UNA ENERG\u00cdA IMPOSIBLE DE DESCRIBIR - Zero Magazine","og_description":"Sebasti\u00e1n Yatra lanza \u201cLA FKN VIBRA\u201d, una colaboraci\u00f3n con Xavi que celebra lo real, lo libre y lo espont\u00e1neo.","og_url":"https:\/\/zeromagazine.mx\/index.php\/2025\/11\/21\/sebastian-yatra-la-fkn-vibra\/","og_site_name":"Zero Magazine","article_published_time":"2025-11-22T01:03:25+00:00","article_modified_time":"2025-11-22T01:10:48+00:00","og_image":[{"width":690,"height":388,"url":"http:\/\/zeromagazine.mx\/wp-content\/uploads\/2025\/11\/f7838840-2519-4626-bda9-83babc407252-1.jpeg","type":"image\/jpeg"}],"author":"David Morales","twitter_card":"summary_large_image","twitter_misc":{"Escrito por":"David Morales","Tiempo de lectura":"3 minutos"},"schema":{"@context":"https:\/\/schema.org","@graph":[{"@type":"Article","@id":"https:\/\/zeromagazine.mx\/index.php\/2025\/11\/21\/sebastian-yatra-la-fkn-vibra\/#article","isPartOf":{"@id":"https:\/\/zeromagazine.mx\/index.php\/2025\/11\/21\/sebastian-yatra-la-fkn-vibra\/"},"author":{"name":"David Morales","@id":"https:\/\/zeromagazine.mx\/#\/schema\/person\/9f7f1a17c60ba8e9980e3e6677aabe5a"},"headline":"SEBASTI\u00c1N YATRA PRESENTA \u201cLA FKN VIBRA\u201d JUNTO A XAVI UNA NOCHE REAL, UNA ENERG\u00cdA IMPOSIBLE DE DESCRIBIR","datePublished":"2025-11-22T01:03:25+00:00","dateModified":"2025-11-22T01:10:48+00:00","mainEntityOfPage":{"@id":"https:\/\/zeromagazine.mx\/index.php\/2025\/11\/21\/sebastian-yatra-la-fkn-vibra\/"},"wordCount":482,"commentCount":0,"publisher":{"@id":"https:\/\/zeromagazine.mx\/#organization"},"image":{"@id":"https:\/\/zeromagazine.mx\/index.php\/2025\/11\/21\/sebastian-yatra-la-fkn-vibra\/#primaryimage"},"thumbnailUrl":"https:\/\/i0.wp.com\/zeromagazine.mx\/wp-content\/uploads\/2025\/11\/f7838840-2519-4626-bda9-83babc407252-1.jpeg?fit=690%2C388&ssl=1","articleSection":["Entretenimiento"],"inLanguage":"es","potentialAction":[{"@type":"CommentAction","name":"Comment","target":["https:\/\/zeromagazine.mx\/index.php\/2025\/11\/21\/sebastian-yatra-la-fkn-vibra\/#respond"]}]},{"@type":"WebPage","@id":"https:\/\/zeromagazine.mx\/index.php\/2025\/11\/21\/sebastian-yatra-la-fkn-vibra\/","url":"https:\/\/zeromagazine.mx\/index.php\/2025\/11\/21\/sebastian-yatra-la-fkn-vibra\/","name":"SEBASTI\u00c1N YATRA PRESENTA \u201cLA FKN VIBRA\u201d JUNTO A XAVI UNA NOCHE REAL, UNA ENERG\u00cdA IMPOSIBLE DE DESCRIBIR - Zero Magazine","isPartOf":{"@id":"https:\/\/zeromagazine.mx\/#website"},"primaryImageOfPage":{"@id":"https:\/\/zeromagazine.mx\/index.php\/2025\/11\/21\/sebastian-yatra-la-fkn-vibra\/#primaryimage"},"image":{"@id":"https:\/\/zeromagazine.mx\/index.php\/2025\/11\/21\/sebastian-yatra-la-fkn-vibra\/#primaryimage"},"thumbnailUrl":"https:\/\/i0.wp.com\/zeromagazine.mx\/wp-content\/uploads\/2025\/11\/f7838840-2519-4626-bda9-83babc407252-1.jpeg?fit=690%2C388&ssl=1","datePublished":"2025-11-22T01:03:25+00:00","dateModified":"2025-11-22T01:10:48+00:00","description":"Sebasti\u00e1n Yatra lanza \u201cLA FKN VIBRA\u201d, una colaboraci\u00f3n con Xavi que celebra lo real, lo libre y lo espont\u00e1neo.","breadcrumb":{"@id":"https:\/\/zeromagazine.mx\/index.php\/2025\/11\/21\/sebastian-yatra-la-fkn-vibra\/#breadcrumb"},"inLanguage":"es","potentialAction":[{"@type":"ReadAction","target":["https:\/\/zeromagazine.mx\/index.php\/2025\/11\/21\/sebastian-yatra-la-fkn-vibra\/"]}]},{"@type":"ImageObject","inLanguage":"es","@id":"https:\/\/zeromagazine.mx\/index.php\/2025\/11\/21\/sebastian-yatra-la-fkn-vibra\/#primaryimage","url":"https:\/\/i0.wp.com\/zeromagazine.mx\/wp-content\/uploads\/2025\/11\/f7838840-2519-4626-bda9-83babc407252-1.jpeg?fit=690%2C388&ssl=1","contentUrl":"https:\/\/i0.wp.com\/zeromagazine.mx\/wp-content\/uploads\/2025\/11\/f7838840-2519-4626-bda9-83babc407252-1.jpeg?fit=690%2C388&ssl=1","width":690,"height":388},{"@type":"BreadcrumbList","@id":"https:\/\/zeromagazine.mx\/index.php\/2025\/11\/21\/sebastian-yatra-la-fkn-vibra\/#breadcrumb","itemListElement":[{"@type":"ListItem","position":1,"name":"Portada","item":"https:\/\/zeromagazine.mx\/"},{"@type":"ListItem","position":2,"name":"SEBASTI\u00c1N YATRA PRESENTA \u201cLA FKN VIBRA\u201d JUNTO A XAVI UNA NOCHE REAL, UNA ENERG\u00cdA IMPOSIBLE DE DESCRIBIR"}]},{"@type":"WebSite","@id":"https:\/\/zeromagazine.mx\/#website","url":"https:\/\/zeromagazine.mx\/","name":"Zero Magazine","description":"","publisher":{"@id":"https:\/\/zeromagazine.mx\/#organization"},"potentialAction":[{"@type":"SearchAction","target":{"@type":"EntryPoint","urlTemplate":"https:\/\/zeromagazine.mx\/?s={search_term_string}"},"query-input":{"@type":"PropertyValueSpecification","valueRequired":true,"valueName":"search_term_string"}}],"inLanguage":"es"},{"@type":"Organization","@id":"https:\/\/zeromagazine.mx\/#organization","name":"Zero Magazine","url":"https:\/\/zeromagazine.mx\/","logo":{"@type":"ImageObject","inLanguage":"es","@id":"https:\/\/zeromagazine.mx\/#\/schema\/logo\/image\/","url":"https:\/\/i0.wp.com\/zeromagazine.mx\/wp-content\/uploads\/2025\/11\/1.jpeg?fit=1000%2C1000&ssl=1","contentUrl":"https:\/\/i0.wp.com\/zeromagazine.mx\/wp-content\/uploads\/2025\/11\/1.jpeg?fit=1000%2C1000&ssl=1","width":1000,"height":1000,"caption":"Zero Magazine"},"image":{"@id":"https:\/\/zeromagazine.mx\/#\/schema\/logo\/image\/"},"sameAs":["https:\/\/instagram.com\/zeromagazinemx"]},{"@type":"Person","@id":"https:\/\/zeromagazine.mx\/#\/schema\/person\/9f7f1a17c60ba8e9980e3e6677aabe5a","name":"David Morales","image":{"@type":"ImageObject","inLanguage":"es","@id":"https:\/\/zeromagazine.mx\/wp-content\/litespeed\/avatar\/76069d2136bfc1c37dc34815bb67ca42.jpg?ver=1777571067","url":"https:\/\/zeromagazine.mx\/wp-content\/litespeed\/avatar\/76069d2136bfc1c37dc34815bb67ca42.jpg?ver=1777571067","contentUrl":"https:\/\/zeromagazine.mx\/wp-content\/litespeed\/avatar\/76069d2136bfc1c37dc34815bb67ca42.jpg?ver=1777571067","caption":"David Morales"},"url":"https:\/\/zeromagazine.mx\/index.php\/author\/david\/"}]}},"jetpack_publicize_connections":[],"jetpack_featured_media_url":"https:\/\/i0.wp.com\/zeromagazine.mx\/wp-content\/uploads\/2025\/11\/f7838840-2519-4626-bda9-83babc407252-1.jpeg?fit=690%2C388&ssl=1","jetpack-related-posts":[{"id":56565,"url":"https:\/\/zeromagazine.mx\/index.php\/2021\/10\/22\/sebastian-yatra-presenta-su-nuevo-sencillo-tacones-rojos\/","url_meta":{"origin":111133,"position":0},"title":"SEBASTI\u00c1N YATRA PRESENTA SU NUEVO SENCILLO \u00abTACONES ROJOS\u00bb","author":"zeromagazinemx","date":"22 de octubre de 2021","format":false,"excerpt":"EL VIDEO OFICIAL ES PROTAGONIZADO POR LA ACTRIZ ESPA\u00d1OLA Y ARTISTA MULTIPLATINO CLARA GALLE, FILMADO EN EL PALACIO FERNAN NU\u00d1EZ EN MADRID DE GIRA CON RICKY MARTIN & ENRIQUE IGLESIAS EN NORTEAM\u00c9RICA Por Universal Music Group El talentoso y exitoso Sebasti\u00e1n Yatra (@SebastianYatra), estrena su nuevo sencillo: \u201cTacones Rojos\u201d. Presentado\u2026","rel":"","context":"En \u00abBlog\u00bb","block_context":{"text":"Blog","link":"https:\/\/zeromagazine.mx\/index.php\/category\/blog\/"},"img":{"alt_text":"","src":"https:\/\/i0.wp.com\/zeromagazinemx.wpcomstaging.com\/wp-content\/uploads\/2022\/02\/08cf0-captura-1.png?resize=350%2C200&ssl=1","width":350,"height":200,"srcset":"https:\/\/i0.wp.com\/zeromagazinemx.wpcomstaging.com\/wp-content\/uploads\/2022\/02\/08cf0-captura-1.png?resize=350%2C200&ssl=1 1x, https:\/\/i0.wp.com\/zeromagazinemx.wpcomstaging.com\/wp-content\/uploads\/2022\/02\/08cf0-captura-1.png?resize=525%2C300&ssl=1 1.5x, https:\/\/i0.wp.com\/zeromagazinemx.wpcomstaging.com\/wp-content\/uploads\/2022\/02\/08cf0-captura-1.png?resize=700%2C400&ssl=1 2x"},"classes":[]},{"id":97705,"url":"https:\/\/zeromagazine.mx\/index.php\/2025\/02\/27\/yatra-emociona-a-fans\/","url_meta":{"origin":111133,"position":1},"title":"Yatra Emociona a Fans","author":"David Morales","date":"27 de febrero de 2025","format":false,"excerpt":"Amix, si hay algo que define a un verdadero artista es su entrega al p\u00fablico. Y Sebasti\u00e1n Yatra lo dej\u00f3 clar\u00edsimo en Chile, cuando subi\u00f3 al techo de una camioneta para regalarle a sus fans una serenata inolvidable. Todo esto pas\u00f3 afuera del hotel Sheraton en la Quinta Vergara, luego\u2026","rel":"","context":"En \u00abCultura\u00bb","block_context":{"text":"Cultura","link":"https:\/\/zeromagazine.mx\/index.php\/category\/cultura\/"},"img":{"alt_text":"","src":"https:\/\/zeromagazine.mx\/wp-content\/uploads\/2025\/02\/7b480f90d7d9-gettyimages-1442002951.avif","width":350,"height":200,"srcset":"https:\/\/zeromagazine.mx\/wp-content\/uploads\/2025\/02\/7b480f90d7d9-gettyimages-1442002951.avif 1x, https:\/\/zeromagazine.mx\/wp-content\/uploads\/2025\/02\/7b480f90d7d9-gettyimages-1442002951.avif 1.5x, https:\/\/zeromagazine.mx\/wp-content\/uploads\/2025\/02\/7b480f90d7d9-gettyimages-1442002951.avif 2x"},"classes":[]},{"id":52211,"url":"https:\/\/zeromagazine.mx\/index.php\/2021\/08\/16\/sebastian-yatra-presenta-su-nuevo-sencillo-delincuente-con-jhay-cortez\/","url_meta":{"origin":111133,"position":2},"title":"Sebastian Yatra presenta su nuevo sencillo \u201cDelincuente\u201d con Jhay Cortez","author":"zeromagazinemx","date":"16 de agosto de 2021","format":false,"excerpt":"El sencillo ya es el n\u00famero uno en la radio de Estados Unidos y Puerto Rico, adem\u00e1s podr\u00e1s verlo en gira con Ricky Martin y Enrique Iglesias desde el 25 de septiembre. Por Moises Kushelevich Sebasti\u00e1n Yatra marca su territorio como una voz l\u00edder en la m\u00fasica, entregando un \u00e9xito\u2026","rel":"","context":"En \u00abEntretenimiento\u00bb","block_context":{"text":"Entretenimiento","link":"https:\/\/zeromagazine.mx\/index.php\/category\/entretenimiento\/"},"img":{"alt_text":"","src":"https:\/\/i0.wp.com\/img.youtube.com\/vi\/0tGMCGRBFvI\/0.jpg?resize=350%2C200","width":350,"height":200},"classes":[]},{"id":108988,"url":"https:\/\/zeromagazine.mx\/index.php\/2025\/09\/26\/sebastian-yatra-cancion-para-regresar\/","url_meta":{"origin":111133,"position":3},"title":"Sebasti\u00e1n Yatra Canci\u00f3n Para Regresar","author":"David Morales","date":"26 de septiembre de 2025","format":false,"excerpt":"Despu\u00e9s de conquistar escenarios en Espa\u00f1a y debutar como coach en La Voz Espa\u00f1a, Sebasti\u00e1n Yatra estrena \u201cCanci\u00f3n Para Regresar\u201d, un sencillo que mezcla energ\u00eda festiva, nostalgia y conexi\u00f3n emocional. La colaboraci\u00f3n re\u00fane a Belinda, Gente de Zona y Lucho RK en un tema que celebra la amistad, los recuerdos\u2026","rel":"","context":"En \u00abBlog\u00bb","block_context":{"text":"Blog","link":"https:\/\/zeromagazine.mx\/index.php\/category\/blog\/"},"img":{"alt_text":"","src":"https:\/\/i0.wp.com\/zeromagazine.mx\/wp-content\/uploads\/2025\/09\/a7b9b844-171d-4d0b-9a84-6cb5e5026bea.jpg?fit=1200%2C776&ssl=1&resize=350%2C200","width":350,"height":200,"srcset":"https:\/\/i0.wp.com\/zeromagazine.mx\/wp-content\/uploads\/2025\/09\/a7b9b844-171d-4d0b-9a84-6cb5e5026bea.jpg?fit=1200%2C776&ssl=1&resize=350%2C200 1x, https:\/\/i0.wp.com\/zeromagazine.mx\/wp-content\/uploads\/2025\/09\/a7b9b844-171d-4d0b-9a84-6cb5e5026bea.jpg?fit=1200%2C776&ssl=1&resize=525%2C300 1.5x, https:\/\/i0.wp.com\/zeromagazine.mx\/wp-content\/uploads\/2025\/09\/a7b9b844-171d-4d0b-9a84-6cb5e5026bea.jpg?fit=1200%2C776&ssl=1&resize=700%2C400 2x, https:\/\/i0.wp.com\/zeromagazine.mx\/wp-content\/uploads\/2025\/09\/a7b9b844-171d-4d0b-9a84-6cb5e5026bea.jpg?fit=1200%2C776&ssl=1&resize=1050%2C600 3x"},"classes":[]},{"id":114529,"url":"https:\/\/zeromagazine.mx\/index.php\/2026\/01\/31\/sebastian-yatra-mexico\/","url_meta":{"origin":111133,"position":4},"title":"SEBASTI\u00c1N YATRA REGRESA A M\u00c9XICO CON &#8216;ENTRE TANTA GENTE TOUR&#8217;","author":"David Morales","date":"31 de enero de 2026","format":false,"excerpt":"Sebasti\u00e1n Yatra est\u00e1 de vuelta y M\u00e9xico vuelve a ser parte clave de su historia. Con el anuncio oficial de\u00a0Sebasti\u00e1n Yatra M\u00e9xico\u00a0dentro del\u00a0Entre Tanta Gente Tour, el cantautor colombiano confirma que este 2026 viene cargado de emociones, letras que pegan directo y conciertos que se sienten m\u00e1s como un abrazo\u2026","rel":"","context":"En \u00abConcierto\u00bb","block_context":{"text":"Concierto","link":"https:\/\/zeromagazine.mx\/index.php\/category\/concierto\/"},"img":{"alt_text":"","src":"https:\/\/i0.wp.com\/zeromagazine.mx\/wp-content\/uploads\/2026\/01\/IMG_1270-scaled.jpeg?fit=1200%2C865&ssl=1&resize=350%2C200","width":350,"height":200,"srcset":"https:\/\/i0.wp.com\/zeromagazine.mx\/wp-content\/uploads\/2026\/01\/IMG_1270-scaled.jpeg?fit=1200%2C865&ssl=1&resize=350%2C200 1x, https:\/\/i0.wp.com\/zeromagazine.mx\/wp-content\/uploads\/2026\/01\/IMG_1270-scaled.jpeg?fit=1200%2C865&ssl=1&resize=525%2C300 1.5x, https:\/\/i0.wp.com\/zeromagazine.mx\/wp-content\/uploads\/2026\/01\/IMG_1270-scaled.jpeg?fit=1200%2C865&ssl=1&resize=700%2C400 2x, https:\/\/i0.wp.com\/zeromagazine.mx\/wp-content\/uploads\/2026\/01\/IMG_1270-scaled.jpeg?fit=1200%2C865&ssl=1&resize=1050%2C600 3x"},"classes":[]},{"id":92538,"url":"https:\/\/zeromagazine.mx\/index.php\/2024\/12\/09\/vibra-unica-en-vidantaworld\/","url_meta":{"origin":111133,"position":5},"title":"Vibra \u00danica en VidantaWorld","author":"zeromagazinemx","date":"9 de diciembre de 2024","format":false,"excerpt":"Experiencia \u00fanica VidantaWorld Amix , estoy segura que te va a gustar la experiencia \u00fanica VidantaWorld y la m\u00fasica, no puedes perderte lo que pas\u00f3 el pasado 6 de diciembre de 2024 en VidantaWorld Nuevo Vallarta. \u00a1Marc Anthony, el rey de la salsa tropical, se present\u00f3 en este incre\u00edble escenario\u2026","rel":"","context":"En \u00abEntretenimiento\u00bb","block_context":{"text":"Entretenimiento","link":"https:\/\/zeromagazine.mx\/index.php\/category\/entretenimiento\/"},"img":{"alt_text":"","src":"https:\/\/i0.wp.com\/zeromagazine.mx\/wp-content\/uploads\/2024\/12\/IMG_2448-scaled.jpg?fit=1200%2C800&ssl=1&resize=350%2C200","width":350,"height":200,"srcset":"https:\/\/i0.wp.com\/zeromagazine.mx\/wp-content\/uploads\/2024\/12\/IMG_2448-scaled.jpg?fit=1200%2C800&ssl=1&resize=350%2C200 1x, https:\/\/i0.wp.com\/zeromagazine.mx\/wp-content\/uploads\/2024\/12\/IMG_2448-scaled.jpg?fit=1200%2C800&ssl=1&resize=525%2C300 1.5x, https:\/\/i0.wp.com\/zeromagazine.mx\/wp-content\/uploads\/2024\/12\/IMG_2448-scaled.jpg?fit=1200%2C800&ssl=1&resize=700%2C400 2x, https:\/\/i0.wp.com\/zeromagazine.mx\/wp-content\/uploads\/2024\/12\/IMG_2448-scaled.jpg?fit=1200%2C800&ssl=1&resize=1050%2C600 3x"},"classes":[]}],"jetpack_sharing_enabled":true,"builder_content":"","_links":{"self":[{"href":"https:\/\/zeromagazine.mx\/index.php\/wp-json\/wp\/v2\/posts\/111133","targetHints":{"allow":["GET"]}}],"collection":[{"href":"https:\/\/zeromagazine.mx\/index.php\/wp-json\/wp\/v2\/posts"}],"about":[{"href":"https:\/\/zeromagazine.mx\/index.php\/wp-json\/wp\/v2\/types\/post"}],"author":[{"embeddable":true,"href":"https:\/\/zeromagazine.mx\/index.php\/wp-json\/wp\/v2\/users\/4"}],"replies":[{"embeddable":true,"href":"https:\/\/zeromagazine.mx\/index.php\/wp-json\/wp\/v2\/comments?post=111133"}],"version-history":[{"count":9,"href":"https:\/\/zeromagazine.mx\/index.php\/wp-json\/wp\/v2\/posts\/111133\/revisions"}],"predecessor-version":[{"id":111146,"href":"https:\/\/zeromagazine.mx\/index.php\/wp-json\/wp\/v2\/posts\/111133\/revisions\/111146"}],"wp:featuredmedia":[{"embeddable":true,"href":"https:\/\/zeromagazine.mx\/index.php\/wp-json\/wp\/v2\/media\/111135"}],"wp:attachment":[{"href":"https:\/\/zeromagazine.mx\/index.php\/wp-json\/wp\/v2\/media?parent=111133"}],"wp:term":[{"taxonomy":"category","embeddable":true,"href":"https:\/\/zeromagazine.mx\/index.php\/wp-json\/wp\/v2\/categories?post=111133"},{"taxonomy":"post_tag","embeddable":true,"href":"https:\/\/zeromagazine.mx\/index.php\/wp-json\/wp\/v2\/tags?post=111133"}],"curies":[{"name":"wp","href":"https:\/\/api.w.org\/{rel}","templated":true}]}}