{"id":111147,"date":"2025-11-21T22:23:16","date_gmt":"2025-11-22T04:23:16","guid":{"rendered":"https:\/\/zeromagazine.mx\/?p=111147"},"modified":"2025-11-21T22:25:14","modified_gmt":"2025-11-22T04:25:14","slug":"corona-capital-100-anos","status":"publish","type":"post","link":"https:\/\/zeromagazine.mx\/index.php\/2025\/11\/21\/corona-capital-100-anos\/","title":{"rendered":"Corona celebr\u00f3 100 a\u00f1os de historia con la 15va edici\u00f3n de Corona Capital en CDMX"},"content":{"rendered":"<!--themify_builder_content-->\n<div id=\"themify_builder_content-111147\" data-postid=\"111147\" class=\"themify_builder_content themify_builder_content-111147 themify_builder tf_clear\">\n    <\/div>\n<!--\/themify_builder_content-->\n\n\n<h1 class=\"wp-block-heading\"><strong>Corona Capital Celebr\u00f3 100 A\u00f1os<\/strong><\/h1>\n\n\n\n<p>Si algo dej\u00f3 claro este a\u00f1o es que cuando&nbsp;<strong>Corona Capital<\/strong>&nbsp;decide festejar, lo hace a lo grande. Y no solo por ser la edici\u00f3n n\u00famero 15, sino porque coincidi\u00f3 con un momento gigante: los 100 a\u00f1os de Corona, una de las marcas m\u00e1s ic\u00f3nicas del pa\u00eds. El combo de aniversario + festival convirti\u00f3 noviembre en una vibra \u00e9pica que cruz\u00f3 ciudades, encendi\u00f3 escenarios y uni\u00f3 a miles que crecieron con esa mezcla de m\u00fasica, fiesta y orgullo mexicano.<\/p>\n\n\n\n<p>Claramente, el Corona Capital no solo lleg\u00f3 con line-up brutal; lleg\u00f3 con la misi\u00f3n de expandir la celebraci\u00f3n por todo M\u00e9xico. Entre shows, ediciones especiales, homenajes y experiencias que se sintieron m\u00e1s personales que nunca, la marca dej\u00f3 claro que el Extra tambi\u00e9n se vive desde la m\u00fasica.<\/p>\n\n\n\n<figure class=\"wp-block-gallery has-nested-images columns-default is-cropped wp-block-gallery-1 is-layout-flex wp-block-gallery-is-layout-flex\">\n<figure class=\"wp-block-image size-large\"><img data-recalc-dims=\"1\" decoding=\"async\" width=\"1024\" height=\"683\" data-id=\"111149\" src=\"https:\/\/i0.wp.com\/zeromagazine.mx\/wp-content\/uploads\/2025\/11\/Escenario-Corona.jpeg?resize=1024%2C683\" alt=\"\" class=\"wp-image-111149\" srcset=\"https:\/\/i0.wp.com\/zeromagazine.mx\/wp-content\/uploads\/2025\/11\/Escenario-Corona-scaled.jpeg?resize=1024%2C683&amp;ssl=1 1024w, https:\/\/i0.wp.com\/zeromagazine.mx\/wp-content\/uploads\/2025\/11\/Escenario-Corona-scaled.jpeg?resize=300%2C200&amp;ssl=1 300w, https:\/\/i0.wp.com\/zeromagazine.mx\/wp-content\/uploads\/2025\/11\/Escenario-Corona-scaled.jpeg?resize=768%2C512&amp;ssl=1 768w, https:\/\/i0.wp.com\/zeromagazine.mx\/wp-content\/uploads\/2025\/11\/Escenario-Corona-scaled.jpeg?resize=1536%2C1024&amp;ssl=1 1536w, https:\/\/i0.wp.com\/zeromagazine.mx\/wp-content\/uploads\/2025\/11\/Escenario-Corona-scaled.jpeg?resize=2048%2C1365&amp;ssl=1 2048w, https:\/\/i0.wp.com\/zeromagazine.mx\/wp-content\/uploads\/2025\/11\/Escenario-Corona-scaled.jpeg?w=2330 2330w\" sizes=\"(max-width: 1024px) 100vw, 1024px\" \/><\/figure>\n<\/figure>\n\n\n\n<h2 class=\"wp-block-heading\"><strong>Corona Capital llev\u00f3 la experiencia a todo M\u00e9xico<\/strong><\/h2>\n\n\n\n<p>Para empezar, Grupo Modelo decidi\u00f3 que 100 a\u00f1os no se celebran en un solo lugar. Y as\u00ed, el&nbsp;<strong>Corona Capital<\/strong>&nbsp;se movi\u00f3 hacia Guadalajara, M\u00e9rida y Monterrey antes de regresar a casa, la CDMX. En cada parada, la vibra fue distinta pero igual de intensa: fans emocionados, escenarios enormes y una comunidad reunida por algo m\u00e1s que un festival\u2026 por un legado que ha acompa\u00f1ado generaciones enteras.<\/p>\n\n\n\n<p>Adem\u00e1s, el Aut\u00f3dromo Hermanos Rodr\u00edguez volvi\u00f3 a ser testigo del caos hermoso que solo el Corona Capital puede crear. Foo Fighters, Linkin Park, Deftones, Vampire Weekend, Queens of the Stone Age, Chappell Roan y muchos m\u00e1s encendieron una edici\u00f3n que reuni\u00f3 a m\u00e1s de 236 mil personas. Desde el primer beat qued\u00f3 claro que esta celebraci\u00f3n no era com\u00fan: era un homenaje a un siglo de historia envuelto en riffs, luces y gritos.<\/p>\n\n\n\n<p><strong>Por eso<\/strong>, cuando Corona dijo que quer\u00eda celebrar cerca de la gente, lo dec\u00eda en serio. La marca llev\u00f3 shows, experiencias y hasta un tributo con drones que iluminaron el cielo de cada ciudad, reconociendo \u201cel Extra\u201d que cada una aporta a la identidad mexicana.<\/p>\n\n\n\n<h2 class=\"wp-block-heading\"><strong>Corona Capital celebr\u00f3 con legado, arte y comunidad<\/strong><\/h2>\n\n\n\n<p>Asimismo, Corona lanz\u00f3 cuatro latas edici\u00f3n especial ilustradas por Pogo, un artista mexicano que intervino cada una pensando en las ciudades del recorrido. Estas piezas terminaron convirti\u00e9ndose en objetos de colecci\u00f3n que conectan pasado, presente y lo que viene en los pr\u00f3ximos cien a\u00f1os.<\/p>\n\n\n\n<p>Despu\u00e9s, dentro del festival en CDMX, se inaugur\u00f3 el stand \u201cHecho en M\u00e9xico\u201d, creado junto a la Secretar\u00eda de Econom\u00eda como parte del compromiso por seguir impulsando la calidad nacional y el consumo responsable. Fue una forma de recordar que esta marca, nacida hace un siglo, sigue apostando por su origen y su comunidad.<\/p>\n\n\n\n<figure class=\"wp-block-gallery has-nested-images columns-default is-cropped wp-block-gallery-2 is-layout-flex wp-block-gallery-is-layout-flex\">\n<figure class=\"wp-block-image size-large\"><img data-recalc-dims=\"1\" decoding=\"async\" width=\"683\" height=\"1024\" data-id=\"111150\" src=\"https:\/\/i0.wp.com\/zeromagazine.mx\/wp-content\/uploads\/2025\/11\/Lata-edicion-especial-1-683x1024.jpeg?resize=683%2C1024&#038;ssl=1\" alt=\"\" class=\"wp-image-111150\" srcset=\"https:\/\/i0.wp.com\/zeromagazine.mx\/wp-content\/uploads\/2025\/11\/Lata-edicion-especial-1-scaled.jpeg?resize=683%2C1024&amp;ssl=1 683w, https:\/\/i0.wp.com\/zeromagazine.mx\/wp-content\/uploads\/2025\/11\/Lata-edicion-especial-1-scaled.jpeg?resize=200%2C300&amp;ssl=1 200w, https:\/\/i0.wp.com\/zeromagazine.mx\/wp-content\/uploads\/2025\/11\/Lata-edicion-especial-1-scaled.jpeg?resize=768%2C1152&amp;ssl=1 768w, https:\/\/i0.wp.com\/zeromagazine.mx\/wp-content\/uploads\/2025\/11\/Lata-edicion-especial-1-scaled.jpeg?resize=1024%2C1536&amp;ssl=1 1024w, https:\/\/i0.wp.com\/zeromagazine.mx\/wp-content\/uploads\/2025\/11\/Lata-edicion-especial-1-scaled.jpeg?resize=1365%2C2048&amp;ssl=1 1365w, https:\/\/i0.wp.com\/zeromagazine.mx\/wp-content\/uploads\/2025\/11\/Lata-edicion-especial-1-scaled.jpeg?w=1707&amp;ssl=1 1707w\" sizes=\"(max-width: 683px) 100vw, 683px\" \/><\/figure>\n<\/figure>","protected":false},"excerpt":{"rendered":"<p>Corona Capital Celebr\u00f3 100 A\u00f1os Si algo dej\u00f3 claro este a\u00f1o es que cuando&nbsp;Corona Capital&nbsp;decide festejar, lo hace a lo grande. Y no solo por ser la edici\u00f3n n\u00famero 15, sino porque coincidi\u00f3 con un momento gigante: los 100 a\u00f1os de Corona, una de las marcas m\u00e1s ic\u00f3nicas del pa\u00eds. El combo de aniversario + [&hellip;]<\/p>\n","protected":false},"author":4,"featured_media":111151,"comment_status":"open","ping_status":"open","sticky":false,"template":"","format":"standard","meta":{"_jetpack_memberships_contains_paid_content":false,"footnotes":"","jetpack_publicize_message":"","jetpack_publicize_feature_enabled":true,"jetpack_social_post_already_shared":true,"jetpack_social_options":{"image_generator_settings":{"template":"highway","default_image_id":0,"font":"","enabled":false},"version":2}},"categories":[117],"tags":[],"class_list":["post-111147","post","type-post","status-publish","format-standard","has-post-thumbnail","hentry","category-entretenimiento","has-post-title","has-post-date","has-post-category","has-post-tag","has-post-comment","has-post-author",""],"yoast_head":"<!-- This site is optimized with the Yoast SEO plugin v27.5 - https:\/\/yoast.com\/product\/yoast-seo-wordpress\/ -->\n<title>Corona celebr\u00f3 100 a\u00f1os de historia con la 15va edici\u00f3n de Corona Capital en CDMX - Zero Magazine<\/title>\n<meta name=\"description\" content=\"Corona Capital celebr\u00f3 100 a\u00f1os con m\u00fasica, ciudades llenas de vibra y experiencias que honran el legado de Corona Capital en M\u00e9xico.\" \/>\n<meta name=\"robots\" content=\"index, follow, max-snippet:-1, max-image-preview:large, max-video-preview:-1\" \/>\n<link rel=\"canonical\" href=\"https:\/\/zeromagazine.mx\/index.php\/2025\/11\/21\/corona-capital-100-anos\/\" \/>\n<meta property=\"og:locale\" content=\"es_ES\" \/>\n<meta property=\"og:type\" content=\"article\" \/>\n<meta property=\"og:title\" content=\"Corona celebr\u00f3 100 a\u00f1os de historia con la 15va edici\u00f3n de Corona Capital en CDMX - Zero Magazine\" \/>\n<meta property=\"og:description\" content=\"Corona Capital celebr\u00f3 100 a\u00f1os con m\u00fasica, ciudades llenas de vibra y experiencias que honran el legado de Corona Capital en M\u00e9xico.\" \/>\n<meta property=\"og:url\" content=\"https:\/\/zeromagazine.mx\/index.php\/2025\/11\/21\/corona-capital-100-anos\/\" \/>\n<meta property=\"og:site_name\" content=\"Zero Magazine\" \/>\n<meta property=\"article:published_time\" content=\"2025-11-22T04:23:16+00:00\" \/>\n<meta property=\"article:modified_time\" content=\"2025-11-22T04:25:14+00:00\" \/>\n<meta property=\"og:image\" content=\"http:\/\/zeromagazine.mx\/wp-content\/uploads\/2025\/11\/IMG_0620-scaled.jpeg\" \/>\n\t<meta property=\"og:image:width\" content=\"2560\" \/>\n\t<meta property=\"og:image:height\" content=\"1707\" \/>\n\t<meta property=\"og:image:type\" content=\"image\/jpeg\" \/>\n<meta name=\"author\" content=\"David Morales\" \/>\n<meta name=\"twitter:card\" content=\"summary_large_image\" \/>\n<meta name=\"twitter:label1\" content=\"Escrito por\" \/>\n\t<meta name=\"twitter:data1\" content=\"David Morales\" \/>\n\t<meta name=\"twitter:label2\" content=\"Tiempo de lectura\" \/>\n\t<meta name=\"twitter:data2\" content=\"3 minutos\" \/>\n<script type=\"application\/ld+json\" class=\"yoast-schema-graph\">{\"@context\":\"https:\\\/\\\/schema.org\",\"@graph\":[{\"@type\":\"Article\",\"@id\":\"https:\\\/\\\/zeromagazine.mx\\\/index.php\\\/2025\\\/11\\\/21\\\/corona-capital-100-anos\\\/#article\",\"isPartOf\":{\"@id\":\"https:\\\/\\\/zeromagazine.mx\\\/index.php\\\/2025\\\/11\\\/21\\\/corona-capital-100-anos\\\/\"},\"author\":{\"name\":\"David Morales\",\"@id\":\"https:\\\/\\\/zeromagazine.mx\\\/#\\\/schema\\\/person\\\/9f7f1a17c60ba8e9980e3e6677aabe5a\"},\"headline\":\"Corona celebr\u00f3 100 a\u00f1os de historia con la 15va edici\u00f3n de Corona Capital en CDMX\",\"datePublished\":\"2025-11-22T04:23:16+00:00\",\"dateModified\":\"2025-11-22T04:25:14+00:00\",\"mainEntityOfPage\":{\"@id\":\"https:\\\/\\\/zeromagazine.mx\\\/index.php\\\/2025\\\/11\\\/21\\\/corona-capital-100-anos\\\/\"},\"wordCount\":484,\"commentCount\":0,\"publisher\":{\"@id\":\"https:\\\/\\\/zeromagazine.mx\\\/#organization\"},\"image\":{\"@id\":\"https:\\\/\\\/zeromagazine.mx\\\/index.php\\\/2025\\\/11\\\/21\\\/corona-capital-100-anos\\\/#primaryimage\"},\"thumbnailUrl\":\"https:\\\/\\\/i0.wp.com\\\/zeromagazine.mx\\\/wp-content\\\/uploads\\\/2025\\\/11\\\/IMG_0620-scaled.jpeg?fit=2560%2C1707&ssl=1\",\"articleSection\":[\"Entretenimiento\"],\"inLanguage\":\"es\",\"potentialAction\":[{\"@type\":\"CommentAction\",\"name\":\"Comment\",\"target\":[\"https:\\\/\\\/zeromagazine.mx\\\/index.php\\\/2025\\\/11\\\/21\\\/corona-capital-100-anos\\\/#respond\"]}]},{\"@type\":\"WebPage\",\"@id\":\"https:\\\/\\\/zeromagazine.mx\\\/index.php\\\/2025\\\/11\\\/21\\\/corona-capital-100-anos\\\/\",\"url\":\"https:\\\/\\\/zeromagazine.mx\\\/index.php\\\/2025\\\/11\\\/21\\\/corona-capital-100-anos\\\/\",\"name\":\"Corona celebr\u00f3 100 a\u00f1os de historia con la 15va edici\u00f3n de Corona Capital en CDMX - Zero Magazine\",\"isPartOf\":{\"@id\":\"https:\\\/\\\/zeromagazine.mx\\\/#website\"},\"primaryImageOfPage\":{\"@id\":\"https:\\\/\\\/zeromagazine.mx\\\/index.php\\\/2025\\\/11\\\/21\\\/corona-capital-100-anos\\\/#primaryimage\"},\"image\":{\"@id\":\"https:\\\/\\\/zeromagazine.mx\\\/index.php\\\/2025\\\/11\\\/21\\\/corona-capital-100-anos\\\/#primaryimage\"},\"thumbnailUrl\":\"https:\\\/\\\/i0.wp.com\\\/zeromagazine.mx\\\/wp-content\\\/uploads\\\/2025\\\/11\\\/IMG_0620-scaled.jpeg?fit=2560%2C1707&ssl=1\",\"datePublished\":\"2025-11-22T04:23:16+00:00\",\"dateModified\":\"2025-11-22T04:25:14+00:00\",\"description\":\"Corona Capital celebr\u00f3 100 a\u00f1os con m\u00fasica, ciudades llenas de vibra y experiencias que honran el legado de Corona Capital en M\u00e9xico.\",\"breadcrumb\":{\"@id\":\"https:\\\/\\\/zeromagazine.mx\\\/index.php\\\/2025\\\/11\\\/21\\\/corona-capital-100-anos\\\/#breadcrumb\"},\"inLanguage\":\"es\",\"potentialAction\":[{\"@type\":\"ReadAction\",\"target\":[\"https:\\\/\\\/zeromagazine.mx\\\/index.php\\\/2025\\\/11\\\/21\\\/corona-capital-100-anos\\\/\"]}]},{\"@type\":\"ImageObject\",\"inLanguage\":\"es\",\"@id\":\"https:\\\/\\\/zeromagazine.mx\\\/index.php\\\/2025\\\/11\\\/21\\\/corona-capital-100-anos\\\/#primaryimage\",\"url\":\"https:\\\/\\\/i0.wp.com\\\/zeromagazine.mx\\\/wp-content\\\/uploads\\\/2025\\\/11\\\/IMG_0620-scaled.jpeg?fit=2560%2C1707&ssl=1\",\"contentUrl\":\"https:\\\/\\\/i0.wp.com\\\/zeromagazine.mx\\\/wp-content\\\/uploads\\\/2025\\\/11\\\/IMG_0620-scaled.jpeg?fit=2560%2C1707&ssl=1\",\"width\":2560,\"height\":1707},{\"@type\":\"BreadcrumbList\",\"@id\":\"https:\\\/\\\/zeromagazine.mx\\\/index.php\\\/2025\\\/11\\\/21\\\/corona-capital-100-anos\\\/#breadcrumb\",\"itemListElement\":[{\"@type\":\"ListItem\",\"position\":1,\"name\":\"Portada\",\"item\":\"https:\\\/\\\/zeromagazine.mx\\\/\"},{\"@type\":\"ListItem\",\"position\":2,\"name\":\"Corona celebr\u00f3 100 a\u00f1os de historia con la 15va edici\u00f3n de Corona Capital en CDMX\"}]},{\"@type\":\"WebSite\",\"@id\":\"https:\\\/\\\/zeromagazine.mx\\\/#website\",\"url\":\"https:\\\/\\\/zeromagazine.mx\\\/\",\"name\":\"Zero Magazine\",\"description\":\"\",\"publisher\":{\"@id\":\"https:\\\/\\\/zeromagazine.mx\\\/#organization\"},\"potentialAction\":[{\"@type\":\"SearchAction\",\"target\":{\"@type\":\"EntryPoint\",\"urlTemplate\":\"https:\\\/\\\/zeromagazine.mx\\\/?s={search_term_string}\"},\"query-input\":{\"@type\":\"PropertyValueSpecification\",\"valueRequired\":true,\"valueName\":\"search_term_string\"}}],\"inLanguage\":\"es\"},{\"@type\":\"Organization\",\"@id\":\"https:\\\/\\\/zeromagazine.mx\\\/#organization\",\"name\":\"Zero Magazine\",\"url\":\"https:\\\/\\\/zeromagazine.mx\\\/\",\"logo\":{\"@type\":\"ImageObject\",\"inLanguage\":\"es\",\"@id\":\"https:\\\/\\\/zeromagazine.mx\\\/#\\\/schema\\\/logo\\\/image\\\/\",\"url\":\"https:\\\/\\\/i0.wp.com\\\/zeromagazine.mx\\\/wp-content\\\/uploads\\\/2025\\\/11\\\/1.jpeg?fit=1000%2C1000&ssl=1\",\"contentUrl\":\"https:\\\/\\\/i0.wp.com\\\/zeromagazine.mx\\\/wp-content\\\/uploads\\\/2025\\\/11\\\/1.jpeg?fit=1000%2C1000&ssl=1\",\"width\":1000,\"height\":1000,\"caption\":\"Zero Magazine\"},\"image\":{\"@id\":\"https:\\\/\\\/zeromagazine.mx\\\/#\\\/schema\\\/logo\\\/image\\\/\"},\"sameAs\":[\"https:\\\/\\\/instagram.com\\\/zeromagazinemx\"]},{\"@type\":\"Person\",\"@id\":\"https:\\\/\\\/zeromagazine.mx\\\/#\\\/schema\\\/person\\\/9f7f1a17c60ba8e9980e3e6677aabe5a\",\"name\":\"David Morales\",\"image\":{\"@type\":\"ImageObject\",\"inLanguage\":\"es\",\"@id\":\"https:\\\/\\\/zeromagazine.mx\\\/wp-content\\\/litespeed\\\/avatar\\\/76069d2136bfc1c37dc34815bb67ca42.jpg?ver=1777571067\",\"url\":\"https:\\\/\\\/zeromagazine.mx\\\/wp-content\\\/litespeed\\\/avatar\\\/76069d2136bfc1c37dc34815bb67ca42.jpg?ver=1777571067\",\"contentUrl\":\"https:\\\/\\\/zeromagazine.mx\\\/wp-content\\\/litespeed\\\/avatar\\\/76069d2136bfc1c37dc34815bb67ca42.jpg?ver=1777571067\",\"caption\":\"David Morales\"},\"url\":\"https:\\\/\\\/zeromagazine.mx\\\/index.php\\\/author\\\/david\\\/\"}]}<\/script>\n<!-- \/ Yoast SEO plugin. -->","yoast_head_json":{"title":"Corona celebr\u00f3 100 a\u00f1os de historia con la 15va edici\u00f3n de Corona Capital en CDMX - Zero Magazine","description":"Corona Capital celebr\u00f3 100 a\u00f1os con m\u00fasica, ciudades llenas de vibra y experiencias que honran el legado de Corona Capital en M\u00e9xico.","robots":{"index":"index","follow":"follow","max-snippet":"max-snippet:-1","max-image-preview":"max-image-preview:large","max-video-preview":"max-video-preview:-1"},"canonical":"https:\/\/zeromagazine.mx\/index.php\/2025\/11\/21\/corona-capital-100-anos\/","og_locale":"es_ES","og_type":"article","og_title":"Corona celebr\u00f3 100 a\u00f1os de historia con la 15va edici\u00f3n de Corona Capital en CDMX - Zero Magazine","og_description":"Corona Capital celebr\u00f3 100 a\u00f1os con m\u00fasica, ciudades llenas de vibra y experiencias que honran el legado de Corona Capital en M\u00e9xico.","og_url":"https:\/\/zeromagazine.mx\/index.php\/2025\/11\/21\/corona-capital-100-anos\/","og_site_name":"Zero Magazine","article_published_time":"2025-11-22T04:23:16+00:00","article_modified_time":"2025-11-22T04:25:14+00:00","og_image":[{"width":2560,"height":1707,"url":"http:\/\/zeromagazine.mx\/wp-content\/uploads\/2025\/11\/IMG_0620-scaled.jpeg","type":"image\/jpeg"}],"author":"David Morales","twitter_card":"summary_large_image","twitter_misc":{"Escrito por":"David Morales","Tiempo de lectura":"3 minutos"},"schema":{"@context":"https:\/\/schema.org","@graph":[{"@type":"Article","@id":"https:\/\/zeromagazine.mx\/index.php\/2025\/11\/21\/corona-capital-100-anos\/#article","isPartOf":{"@id":"https:\/\/zeromagazine.mx\/index.php\/2025\/11\/21\/corona-capital-100-anos\/"},"author":{"name":"David Morales","@id":"https:\/\/zeromagazine.mx\/#\/schema\/person\/9f7f1a17c60ba8e9980e3e6677aabe5a"},"headline":"Corona celebr\u00f3 100 a\u00f1os de historia con la 15va edici\u00f3n de Corona Capital en CDMX","datePublished":"2025-11-22T04:23:16+00:00","dateModified":"2025-11-22T04:25:14+00:00","mainEntityOfPage":{"@id":"https:\/\/zeromagazine.mx\/index.php\/2025\/11\/21\/corona-capital-100-anos\/"},"wordCount":484,"commentCount":0,"publisher":{"@id":"https:\/\/zeromagazine.mx\/#organization"},"image":{"@id":"https:\/\/zeromagazine.mx\/index.php\/2025\/11\/21\/corona-capital-100-anos\/#primaryimage"},"thumbnailUrl":"https:\/\/i0.wp.com\/zeromagazine.mx\/wp-content\/uploads\/2025\/11\/IMG_0620-scaled.jpeg?fit=2560%2C1707&ssl=1","articleSection":["Entretenimiento"],"inLanguage":"es","potentialAction":[{"@type":"CommentAction","name":"Comment","target":["https:\/\/zeromagazine.mx\/index.php\/2025\/11\/21\/corona-capital-100-anos\/#respond"]}]},{"@type":"WebPage","@id":"https:\/\/zeromagazine.mx\/index.php\/2025\/11\/21\/corona-capital-100-anos\/","url":"https:\/\/zeromagazine.mx\/index.php\/2025\/11\/21\/corona-capital-100-anos\/","name":"Corona celebr\u00f3 100 a\u00f1os de historia con la 15va edici\u00f3n de Corona Capital en CDMX - Zero Magazine","isPartOf":{"@id":"https:\/\/zeromagazine.mx\/#website"},"primaryImageOfPage":{"@id":"https:\/\/zeromagazine.mx\/index.php\/2025\/11\/21\/corona-capital-100-anos\/#primaryimage"},"image":{"@id":"https:\/\/zeromagazine.mx\/index.php\/2025\/11\/21\/corona-capital-100-anos\/#primaryimage"},"thumbnailUrl":"https:\/\/i0.wp.com\/zeromagazine.mx\/wp-content\/uploads\/2025\/11\/IMG_0620-scaled.jpeg?fit=2560%2C1707&ssl=1","datePublished":"2025-11-22T04:23:16+00:00","dateModified":"2025-11-22T04:25:14+00:00","description":"Corona Capital celebr\u00f3 100 a\u00f1os con m\u00fasica, ciudades llenas de vibra y experiencias que honran el legado de Corona Capital en M\u00e9xico.","breadcrumb":{"@id":"https:\/\/zeromagazine.mx\/index.php\/2025\/11\/21\/corona-capital-100-anos\/#breadcrumb"},"inLanguage":"es","potentialAction":[{"@type":"ReadAction","target":["https:\/\/zeromagazine.mx\/index.php\/2025\/11\/21\/corona-capital-100-anos\/"]}]},{"@type":"ImageObject","inLanguage":"es","@id":"https:\/\/zeromagazine.mx\/index.php\/2025\/11\/21\/corona-capital-100-anos\/#primaryimage","url":"https:\/\/i0.wp.com\/zeromagazine.mx\/wp-content\/uploads\/2025\/11\/IMG_0620-scaled.jpeg?fit=2560%2C1707&ssl=1","contentUrl":"https:\/\/i0.wp.com\/zeromagazine.mx\/wp-content\/uploads\/2025\/11\/IMG_0620-scaled.jpeg?fit=2560%2C1707&ssl=1","width":2560,"height":1707},{"@type":"BreadcrumbList","@id":"https:\/\/zeromagazine.mx\/index.php\/2025\/11\/21\/corona-capital-100-anos\/#breadcrumb","itemListElement":[{"@type":"ListItem","position":1,"name":"Portada","item":"https:\/\/zeromagazine.mx\/"},{"@type":"ListItem","position":2,"name":"Corona celebr\u00f3 100 a\u00f1os de historia con la 15va edici\u00f3n de Corona Capital en CDMX"}]},{"@type":"WebSite","@id":"https:\/\/zeromagazine.mx\/#website","url":"https:\/\/zeromagazine.mx\/","name":"Zero Magazine","description":"","publisher":{"@id":"https:\/\/zeromagazine.mx\/#organization"},"potentialAction":[{"@type":"SearchAction","target":{"@type":"EntryPoint","urlTemplate":"https:\/\/zeromagazine.mx\/?s={search_term_string}"},"query-input":{"@type":"PropertyValueSpecification","valueRequired":true,"valueName":"search_term_string"}}],"inLanguage":"es"},{"@type":"Organization","@id":"https:\/\/zeromagazine.mx\/#organization","name":"Zero Magazine","url":"https:\/\/zeromagazine.mx\/","logo":{"@type":"ImageObject","inLanguage":"es","@id":"https:\/\/zeromagazine.mx\/#\/schema\/logo\/image\/","url":"https:\/\/i0.wp.com\/zeromagazine.mx\/wp-content\/uploads\/2025\/11\/1.jpeg?fit=1000%2C1000&ssl=1","contentUrl":"https:\/\/i0.wp.com\/zeromagazine.mx\/wp-content\/uploads\/2025\/11\/1.jpeg?fit=1000%2C1000&ssl=1","width":1000,"height":1000,"caption":"Zero Magazine"},"image":{"@id":"https:\/\/zeromagazine.mx\/#\/schema\/logo\/image\/"},"sameAs":["https:\/\/instagram.com\/zeromagazinemx"]},{"@type":"Person","@id":"https:\/\/zeromagazine.mx\/#\/schema\/person\/9f7f1a17c60ba8e9980e3e6677aabe5a","name":"David Morales","image":{"@type":"ImageObject","inLanguage":"es","@id":"https:\/\/zeromagazine.mx\/wp-content\/litespeed\/avatar\/76069d2136bfc1c37dc34815bb67ca42.jpg?ver=1777571067","url":"https:\/\/zeromagazine.mx\/wp-content\/litespeed\/avatar\/76069d2136bfc1c37dc34815bb67ca42.jpg?ver=1777571067","contentUrl":"https:\/\/zeromagazine.mx\/wp-content\/litespeed\/avatar\/76069d2136bfc1c37dc34815bb67ca42.jpg?ver=1777571067","caption":"David Morales"},"url":"https:\/\/zeromagazine.mx\/index.php\/author\/david\/"}]}},"jetpack_publicize_connections":[],"jetpack_featured_media_url":"https:\/\/i0.wp.com\/zeromagazine.mx\/wp-content\/uploads\/2025\/11\/IMG_0620-scaled.jpeg?fit=2560%2C1707&ssl=1","jetpack-related-posts":[{"id":110503,"url":"https:\/\/zeromagazine.mx\/index.php\/2025\/11\/12\/levis-corona-capital-10-aniversario\/","url_meta":{"origin":111147,"position":0},"title":"Levi\u2019s Corona Capital: 10 a\u00f1os de m\u00fasica y estilo","author":"zeromagazinemx","date":"12 de noviembre de 2025","format":false,"excerpt":"Hay festivales\u2026 y luego est\u00e1 el Levi\u2019s Corona Capital, donde la moda y la m\u00fasica se funden en una vibra que solo el denim puede sostener. Este 2025, Levi\u2019s celebra diez a\u00f1os como patrocinador oficial del festival, marcando una d\u00e9cada en la que los escenarios, los looks y las emociones\u2026","rel":"","context":"En \u00abModa\u00bb","block_context":{"text":"Moda","link":"https:\/\/zeromagazine.mx\/index.php\/category\/moda\/"},"img":{"alt_text":"","src":"https:\/\/i0.wp.com\/zeromagazine.mx\/wp-content\/uploads\/2025\/11\/DSC3475-scaled.jpg?fit=800%2C1200&ssl=1&resize=350%2C200","width":350,"height":200,"srcset":"https:\/\/i0.wp.com\/zeromagazine.mx\/wp-content\/uploads\/2025\/11\/DSC3475-scaled.jpg?fit=800%2C1200&ssl=1&resize=350%2C200 1x, https:\/\/i0.wp.com\/zeromagazine.mx\/wp-content\/uploads\/2025\/11\/DSC3475-scaled.jpg?fit=800%2C1200&ssl=1&resize=525%2C300 1.5x, https:\/\/i0.wp.com\/zeromagazine.mx\/wp-content\/uploads\/2025\/11\/DSC3475-scaled.jpg?fit=800%2C1200&ssl=1&resize=700%2C400 2x"},"classes":[]},{"id":111083,"url":"https:\/\/zeromagazine.mx\/index.php\/2025\/11\/20\/levis-corona-capital-experiencia\/","url_meta":{"origin":111147,"position":1},"title":"Levi\u2019s Corona Capital: estilo sin reglas","author":"zeromagazinemx","date":"20 de noviembre de 2025","format":false,"excerpt":"Si algo qued\u00f3 claro este a\u00f1o es que Levi\u2019s Corona Capital ya no es solo una colaboraci\u00f3n: es una vibra completa que se siente desde que entras al festival hasta que te vas con glitter en la cara y el coraz\u00f3n lleno de m\u00fasica. La marca volvi\u00f3 a apoderarse del\u2026","rel":"","context":"En \u00abModa\u00bb","block_context":{"text":"Moda","link":"https:\/\/zeromagazine.mx\/index.php\/category\/moda\/"},"img":{"alt_text":"","src":"https:\/\/i0.wp.com\/zeromagazine.mx\/wp-content\/uploads\/2025\/11\/1000040531-scaled.jpg?fit=1200%2C800&ssl=1&resize=350%2C200","width":350,"height":200,"srcset":"https:\/\/i0.wp.com\/zeromagazine.mx\/wp-content\/uploads\/2025\/11\/1000040531-scaled.jpg?fit=1200%2C800&ssl=1&resize=350%2C200 1x, https:\/\/i0.wp.com\/zeromagazine.mx\/wp-content\/uploads\/2025\/11\/1000040531-scaled.jpg?fit=1200%2C800&ssl=1&resize=525%2C300 1.5x, https:\/\/i0.wp.com\/zeromagazine.mx\/wp-content\/uploads\/2025\/11\/1000040531-scaled.jpg?fit=1200%2C800&ssl=1&resize=700%2C400 2x, https:\/\/i0.wp.com\/zeromagazine.mx\/wp-content\/uploads\/2025\/11\/1000040531-scaled.jpg?fit=1200%2C800&ssl=1&resize=1050%2C600 3x"},"classes":[]},{"id":82852,"url":"https:\/\/zeromagazine.mx\/index.php\/2024\/08\/29\/jack-white-en-el-corona-capital\/","url_meta":{"origin":111147,"position":2},"title":"Jack White en el Corona Capital","author":"zeromagazinemx","date":"29 de agosto de 2024","format":false,"excerpt":"\u00a1Qu\u00e9 onda, amig@s! Les traigo el chisme m\u00e1s reciente del mundo de la m\u00fasica, y s\u00ed, es algo que ha hecho ruido en todas las redes. Hace unos d\u00edas, se anunci\u00f3 que el vocalista de Queen of the Stone Age, Josh Homme, tendr\u00eda que someterse a una operaci\u00f3n de emergencia.\u2026","rel":"","context":"En \u00abEntretenimiento\u00bb","block_context":{"text":"Entretenimiento","link":"https:\/\/zeromagazine.mx\/index.php\/category\/entretenimiento\/"},"img":{"alt_text":"","src":"https:\/\/i0.wp.com\/zeromagazine.mx\/wp-content\/uploads\/2024\/08\/WhatsApp-Image-2024-08-29-at-3.20.10-PM.jpeg?fit=678%2C452&ssl=1&resize=350%2C200","width":350,"height":200,"srcset":"https:\/\/i0.wp.com\/zeromagazine.mx\/wp-content\/uploads\/2024\/08\/WhatsApp-Image-2024-08-29-at-3.20.10-PM.jpeg?fit=678%2C452&ssl=1&resize=350%2C200 1x, https:\/\/i0.wp.com\/zeromagazine.mx\/wp-content\/uploads\/2024\/08\/WhatsApp-Image-2024-08-29-at-3.20.10-PM.jpeg?fit=678%2C452&ssl=1&resize=525%2C300 1.5x"},"classes":[]},{"id":84007,"url":"https:\/\/zeromagazine.mx\/index.php\/2024\/09\/17\/gana-tu-entrada-al-cc-con-bk\/","url_meta":{"origin":111147,"position":3},"title":"\u00abGana tu Entrada al CC con BK\u00bb","author":"zeromagazinemx","date":"17 de septiembre de 2024","format":false,"excerpt":"\u00a1Holaaa, crew! \u00bfC\u00f3mo ven la combinaci\u00f3n de comida y m\u00fasica? Este a\u00f1o, Burger King est\u00e1 subiendo el nivel del Corona Capital con una promo que est\u00e1 de locura. Prep\u00e1rense para enterarse de c\u00f3mo disfrutar del festival musical m\u00e1s top de M\u00e9xico mientras se llenan de los mejores combos. Burger King\u2026","rel":"","context":"En \u00abFoodie\u00bb","block_context":{"text":"Foodie","link":"https:\/\/zeromagazine.mx\/index.php\/category\/lifestyle\/foodie\/"},"img":{"alt_text":"\u00a1Celebra el Corona Capital con Burger King! Por solo $99, disfruta del King Box y participa para ganar un abono general al festival m\u00e1s esperado del a\u00f1o. \u00a1Compra, registra tu ticket y prep\u00e1rate para vivir una experiencia musical inolvidable!","src":"https:\/\/i0.wp.com\/zeromagazine.mx\/wp-content\/uploads\/2024\/09\/BK-te-lleva-al-CC.png?resize=350%2C200","width":350,"height":200},"classes":[]},{"id":90805,"url":"https:\/\/zeromagazine.mx\/index.php\/2024\/11\/14\/look-perfecto-para-corona-capital\/","url_meta":{"origin":111147,"position":4},"title":"\u00abLook perfecto para Corona Capital\u00bb","author":"zeromagazinemx","date":"14 de noviembre de 2024","format":false,"excerpt":"\u00a1El\u00a0Corona Capital\u00a0est\u00e1 a la vuelta de la esquina, y eso significa solo una cosa: el festival de m\u00fasica m\u00e1s \u00e9pico del pa\u00eds est\u00e1 por llegar! Este evento es un must para los amantes de la m\u00fasica, la buena vibra y, por supuesto, la moda. Pero, \u00bfc\u00f3mo encontrar el look perfecto\u2026","rel":"","context":"En \u00abModa\u00bb","block_context":{"text":"Moda","link":"https:\/\/zeromagazine.mx\/index.php\/category\/moda\/"},"img":{"alt_text":"","src":"https:\/\/i0.wp.com\/zeromagazine.mx\/wp-content\/uploads\/2024\/11\/Foto-setofotografias_-Freepik.png?fit=400%2C389&ssl=1&resize=350%2C200","width":350,"height":200},"classes":[]},{"id":107884,"url":"https:\/\/zeromagazine.mx\/index.php\/2025\/09\/12\/corona-capital-2025-nuevos-lanzamientos\/","url_meta":{"origin":111147,"position":5},"title":"Corona Capital 2025: Lo nuevo que escuchar\u00e1s en vivo","author":"David Morales","date":"12 de septiembre de 2025","format":false,"excerpt":"El Corona Capital 2025 no solo trae un cartel de leyendas y artistas virales, tambi\u00e9n ser\u00e1 el spot donde estrenan sus rolas m\u00e1s esperadas. Prep\u00e1rate porque este noviembre, en la Curva 4 del Aut\u00f3dromo Hermanos Rodr\u00edguez, la m\u00fasica se sentir\u00e1 m\u00e1s fresca que nunca. El Corona Capital 2025 y Regresos\u2026","rel":"","context":"En \u00abEntretenimiento\u00bb","block_context":{"text":"Entretenimiento","link":"https:\/\/zeromagazine.mx\/index.php\/category\/entretenimiento\/"},"img":{"alt_text":"","src":"https:\/\/i0.wp.com\/zeromagazine.mx\/wp-content\/uploads\/2025\/09\/img_8218.jpg?fit=1080%2C1080&ssl=1&resize=350%2C200","width":350,"height":200,"srcset":"https:\/\/i0.wp.com\/zeromagazine.mx\/wp-content\/uploads\/2025\/09\/img_8218.jpg?fit=1080%2C1080&ssl=1&resize=350%2C200 1x, https:\/\/i0.wp.com\/zeromagazine.mx\/wp-content\/uploads\/2025\/09\/img_8218.jpg?fit=1080%2C1080&ssl=1&resize=525%2C300 1.5x, https:\/\/i0.wp.com\/zeromagazine.mx\/wp-content\/uploads\/2025\/09\/img_8218.jpg?fit=1080%2C1080&ssl=1&resize=700%2C400 2x, https:\/\/i0.wp.com\/zeromagazine.mx\/wp-content\/uploads\/2025\/09\/img_8218.jpg?fit=1080%2C1080&ssl=1&resize=1050%2C600 3x"},"classes":[]}],"jetpack_sharing_enabled":true,"builder_content":"","_links":{"self":[{"href":"https:\/\/zeromagazine.mx\/index.php\/wp-json\/wp\/v2\/posts\/111147","targetHints":{"allow":["GET"]}}],"collection":[{"href":"https:\/\/zeromagazine.mx\/index.php\/wp-json\/wp\/v2\/posts"}],"about":[{"href":"https:\/\/zeromagazine.mx\/index.php\/wp-json\/wp\/v2\/types\/post"}],"author":[{"embeddable":true,"href":"https:\/\/zeromagazine.mx\/index.php\/wp-json\/wp\/v2\/users\/4"}],"replies":[{"embeddable":true,"href":"https:\/\/zeromagazine.mx\/index.php\/wp-json\/wp\/v2\/comments?post=111147"}],"version-history":[{"count":3,"href":"https:\/\/zeromagazine.mx\/index.php\/wp-json\/wp\/v2\/posts\/111147\/revisions"}],"predecessor-version":[{"id":111154,"href":"https:\/\/zeromagazine.mx\/index.php\/wp-json\/wp\/v2\/posts\/111147\/revisions\/111154"}],"wp:featuredmedia":[{"embeddable":true,"href":"https:\/\/zeromagazine.mx\/index.php\/wp-json\/wp\/v2\/media\/111151"}],"wp:attachment":[{"href":"https:\/\/zeromagazine.mx\/index.php\/wp-json\/wp\/v2\/media?parent=111147"}],"wp:term":[{"taxonomy":"category","embeddable":true,"href":"https:\/\/zeromagazine.mx\/index.php\/wp-json\/wp\/v2\/categories?post=111147"},{"taxonomy":"post_tag","embeddable":true,"href":"https:\/\/zeromagazine.mx\/index.php\/wp-json\/wp\/v2\/tags?post=111147"}],"curies":[{"name":"wp","href":"https:\/\/api.w.org\/{rel}","templated":true}]}}