{"id":111348,"date":"2025-11-29T17:49:06","date_gmt":"2025-11-29T23:49:06","guid":{"rendered":"https:\/\/zeromagazine.mx\/?p=111348"},"modified":"2025-11-29T17:51:32","modified_gmt":"2025-11-29T23:51:32","slug":"artesanos-mexicanos-original-2025","status":"publish","type":"post","link":"https:\/\/zeromagazine.mx\/index.php\/2025\/11\/29\/artesanos-mexicanos-original-2025\/","title":{"rendered":"Artesanos Mexicanos: Cultura Que Vibra"},"content":{"rendered":"<p>Si algo qued\u00f3 clar\u00edsimo en el desayuno del 25 de noviembre en el Museo Nacional de Arte es que los artesanos mexicanos no solo crean piezas; crean historias, herencias y futuro. La Secretar\u00eda de Cultura present\u00f3 su proyecto Original, una plataforma que no solo celebra la creatividad nacional, sino que tambi\u00e9n la coloca donde siempre debi\u00f3 estar: en lo alto, visible y reconocida.<\/p>\n\n\n\n<p>Pero m\u00e1s all\u00e1 del evento bonito (que lo fue), hubo un momento especial: escuchar a las artesanas Cristina Brasil Casa Grande y Vitorina L\u00f3pez. Ellas, con una sinceridad que te abraza, compartieron c\u00f3mo este proyecto les cambi\u00f3 la vida. Y s\u00ed, nada m\u00e1s poderoso que o\u00edr a alguien decir que su trabajo era valios\u00edsimo porque est\u00e1 hecho 100% con sus manos.<\/p>\n\n\n\n<figure class=\"wp-block-image size-full\"><img data-recalc-dims=\"1\" decoding=\"async\" width=\"1080\" height=\"1350\" src=\"https:\/\/i0.wp.com\/zeromagazine.mx\/wp-content\/uploads\/2025\/11\/1000042119.png?resize=1080%2C1350&#038;ssl=1\" alt=\"\" class=\"wp-image-111349\" srcset=\"https:\/\/i0.wp.com\/zeromagazine.mx\/wp-content\/uploads\/2025\/11\/1000042119.png?w=1080&amp;ssl=1 1080w, https:\/\/i0.wp.com\/zeromagazine.mx\/wp-content\/uploads\/2025\/11\/1000042119.png?resize=240%2C300&amp;ssl=1 240w, https:\/\/i0.wp.com\/zeromagazine.mx\/wp-content\/uploads\/2025\/11\/1000042119.png?resize=819%2C1024&amp;ssl=1 819w, https:\/\/i0.wp.com\/zeromagazine.mx\/wp-content\/uploads\/2025\/11\/1000042119.png?resize=768%2C960&amp;ssl=1 768w\" sizes=\"(max-width: 1080px) 100vw, 1080px\" \/><\/figure>\n\n\n\n<h2 class=\"wp-block-heading\"><strong>Artesanos Mexicanos: Original llega a CDMX con fuerza hist\u00f3rica<\/strong><\/h2>\n\n\n\n<p>Original Encuentro de Arte Textil Mexicano llega por fin a la Ciudad de M\u00e9xico, reafirmando su misi\u00f3n: impulsar comercio justo, aprendizaje colectivo y un respeto profundo por los saberes textiles que nos dan identidad. Esta quinta edici\u00f3n se celebrar\u00e1 del 27 al 30 de noviembre de 2025 en el Complejo Cultural Los Pinos, convirti\u00e9ndose en una de las muestras textiles m\u00e1s importantes del a\u00f1o.<\/p>\n\n\n\n<p>Adem\u00e1s, esta edici\u00f3n re\u00fane a m\u00e1s de 400 artesanas y artesanos de las 32 entidades del pa\u00eds, 32 pueblos originarios y representantes del pueblo afromexicano mascogo. Es, literalmente, un encuentro hist\u00f3rico donde tradici\u00f3n, comunidad y arte conviven al centro de un espacio que alguna vez fue s\u00edmbolo del poder pol\u00edtico\u2026 y que hoy abre paso al poder cultural.<\/p>\n\n\n\n<figure class=\"wp-block-image size-full\"><img data-recalc-dims=\"1\" decoding=\"async\" width=\"1165\" height=\"1456\" src=\"https:\/\/i0.wp.com\/zeromagazine.mx\/wp-content\/uploads\/2025\/11\/1000042121-scaled.jpg?resize=1165%2C1456&#038;ssl=1\" alt=\"\" class=\"wp-image-111350\" srcset=\"https:\/\/i0.wp.com\/zeromagazine.mx\/wp-content\/uploads\/2025\/11\/1000042121-scaled.jpg?w=2048&amp;ssl=1 2048w, https:\/\/i0.wp.com\/zeromagazine.mx\/wp-content\/uploads\/2025\/11\/1000042121-scaled.jpg?resize=240%2C300&amp;ssl=1 240w, https:\/\/i0.wp.com\/zeromagazine.mx\/wp-content\/uploads\/2025\/11\/1000042121-scaled.jpg?resize=819%2C1024&amp;ssl=1 819w, https:\/\/i0.wp.com\/zeromagazine.mx\/wp-content\/uploads\/2025\/11\/1000042121-scaled.jpg?resize=768%2C960&amp;ssl=1 768w, https:\/\/i0.wp.com\/zeromagazine.mx\/wp-content\/uploads\/2025\/11\/1000042121-scaled.jpg?resize=1229%2C1536&amp;ssl=1 1229w, https:\/\/i0.wp.com\/zeromagazine.mx\/wp-content\/uploads\/2025\/11\/1000042121-scaled.jpg?resize=1639%2C2048&amp;ssl=1 1639w\" sizes=\"(max-width: 1165px) 100vw, 1165px\" \/><\/figure>\n\n\n\n<h2 class=\"wp-block-heading\">Un programa expandido: m\u00fasica, danza y arte textil sin filtros<\/h2>\n\n\n\n<p>Por si fuera poco, despu\u00e9s de sus ediciones en M\u00e9rida y Tijuana, Original llega con una programaci\u00f3n m\u00e1s robusta que nunca. Habr\u00e1 expoventa, foros, propuestas esc\u00e9nicas, pasarelas diarias y la serie de talleres \u201cHilos que unen: Bordado colectivo con maestras artesanas mexicanas\u201d, donde el p\u00fablico podr\u00e1 aprender t\u00e9cnicas tradicionales que formar\u00e1n parte de una pieza colaborativa exhibida en la \u00faltima pasarela del encuentro.<\/p>\n\n\n\n<p>Finalmente, la secretaria de Cultura, Claudia Curiel de Icaza, explic\u00f3 que el programa de m\u00fasica y danzas originarias se fortaleci\u00f3 para mostrar c\u00f3mo se viven en distintas regiones del pa\u00eds. <\/p>\n\n\n\n<p>Original una experiencia que trasciende la moda: es territorio, memoria y futuro.<\/p>\n\n\n\n<figure class=\"wp-block-image size-full\"><img data-recalc-dims=\"1\" decoding=\"async\" width=\"1165\" height=\"777\" src=\"https:\/\/i0.wp.com\/zeromagazine.mx\/wp-content\/uploads\/2025\/11\/1000042122-scaled.jpg?resize=1165%2C777&#038;ssl=1\" alt=\"\" class=\"wp-image-111351\" srcset=\"https:\/\/i0.wp.com\/zeromagazine.mx\/wp-content\/uploads\/2025\/11\/1000042122-scaled.jpg?w=2560&amp;ssl=1 2560w, https:\/\/i0.wp.com\/zeromagazine.mx\/wp-content\/uploads\/2025\/11\/1000042122-scaled.jpg?resize=300%2C200&amp;ssl=1 300w, https:\/\/i0.wp.com\/zeromagazine.mx\/wp-content\/uploads\/2025\/11\/1000042122-scaled.jpg?resize=1024%2C683&amp;ssl=1 1024w, https:\/\/i0.wp.com\/zeromagazine.mx\/wp-content\/uploads\/2025\/11\/1000042122-scaled.jpg?resize=768%2C512&amp;ssl=1 768w, https:\/\/i0.wp.com\/zeromagazine.mx\/wp-content\/uploads\/2025\/11\/1000042122-scaled.jpg?resize=1536%2C1024&amp;ssl=1 1536w, https:\/\/i0.wp.com\/zeromagazine.mx\/wp-content\/uploads\/2025\/11\/1000042122-scaled.jpg?resize=2048%2C1366&amp;ssl=1 2048w, https:\/\/i0.wp.com\/zeromagazine.mx\/wp-content\/uploads\/2025\/11\/1000042122-scaled.jpg?w=2330 2330w\" sizes=\"(max-width: 1165px) 100vw, 1165px\" \/><\/figure>\n\n<!--themify_builder_content-->\n<div id=\"themify_builder_content-111348\" data-postid=\"111348\" class=\"themify_builder_content themify_builder_content-111348 themify_builder tf_clear\">\n    <\/div>\n<!--\/themify_builder_content-->","protected":false},"excerpt":{"rendered":"<p>Si algo qued\u00f3 clar\u00edsimo en el desayuno del 25 de noviembre en el Museo Nacional de Arte es que los artesanos mexicanos no solo crean piezas; crean historias, herencias y futuro. La Secretar\u00eda de Cultura present\u00f3 su proyecto Original, una plataforma que no solo celebra la creatividad nacional, sino que tambi\u00e9n la coloca donde siempre [&hellip;]<\/p>\n","protected":false},"author":2,"featured_media":111349,"comment_status":"open","ping_status":"open","sticky":false,"template":"","format":"standard","meta":{"_jetpack_memberships_contains_paid_content":false,"footnotes":"","jetpack_publicize_message":"","jetpack_publicize_feature_enabled":true,"jetpack_social_post_already_shared":true,"jetpack_social_options":{"image_generator_settings":{"template":"highway","default_image_id":0,"font":"","enabled":false},"version":2}},"categories":[791,1403,67],"tags":[],"class_list":["post-111348","post","type-post","status-publish","format-standard","has-post-thumbnail","hentry","category-cultura","category-diseno","category-moda","has-post-title","has-post-date","has-post-category","has-post-tag","has-post-comment","has-post-author",""],"yoast_head":"<!-- This site is optimized with the Yoast SEO plugin v27.5 - https:\/\/yoast.com\/product\/yoast-seo-wordpress\/ -->\n<title>Artesanos Mexicanos: Cultura Que Vibra - Zero Magazine<\/title>\n<meta name=\"description\" content=\"Descubre c\u00f3mo los artesanos mexicanos brillan en Original 2025 con tradici\u00f3n, dise\u00f1o y cultura viva.\" \/>\n<meta name=\"robots\" content=\"index, follow, max-snippet:-1, max-image-preview:large, max-video-preview:-1\" \/>\n<link rel=\"canonical\" href=\"https:\/\/zeromagazine.mx\/index.php\/2025\/11\/29\/artesanos-mexicanos-original-2025\/\" \/>\n<meta property=\"og:locale\" content=\"es_ES\" \/>\n<meta property=\"og:type\" content=\"article\" \/>\n<meta property=\"og:title\" content=\"Artesanos Mexicanos: Cultura Que Vibra - Zero Magazine\" \/>\n<meta property=\"og:description\" content=\"Descubre c\u00f3mo los artesanos mexicanos brillan en Original 2025 con tradici\u00f3n, dise\u00f1o y cultura viva.\" \/>\n<meta property=\"og:url\" content=\"https:\/\/zeromagazine.mx\/index.php\/2025\/11\/29\/artesanos-mexicanos-original-2025\/\" \/>\n<meta property=\"og:site_name\" content=\"Zero Magazine\" \/>\n<meta property=\"article:published_time\" content=\"2025-11-29T23:49:06+00:00\" \/>\n<meta property=\"article:modified_time\" content=\"2025-11-29T23:51:32+00:00\" \/>\n<meta property=\"og:image\" content=\"http:\/\/zeromagazine.mx\/wp-content\/uploads\/2025\/11\/1000042119.png\" \/>\n\t<meta property=\"og:image:width\" content=\"1080\" \/>\n\t<meta property=\"og:image:height\" content=\"1350\" \/>\n\t<meta property=\"og:image:type\" content=\"image\/png\" \/>\n<meta name=\"author\" content=\"zeromagazinemx\" \/>\n<meta name=\"twitter:card\" content=\"summary_large_image\" \/>\n<meta name=\"twitter:label1\" content=\"Escrito por\" \/>\n\t<meta name=\"twitter:data1\" content=\"zeromagazinemx\" \/>\n\t<meta name=\"twitter:label2\" content=\"Tiempo de lectura\" \/>\n\t<meta name=\"twitter:data2\" content=\"3 minutos\" \/>\n<script type=\"application\/ld+json\" class=\"yoast-schema-graph\">{\"@context\":\"https:\\\/\\\/schema.org\",\"@graph\":[{\"@type\":\"Article\",\"@id\":\"https:\\\/\\\/zeromagazine.mx\\\/index.php\\\/2025\\\/11\\\/29\\\/artesanos-mexicanos-original-2025\\\/#article\",\"isPartOf\":{\"@id\":\"https:\\\/\\\/zeromagazine.mx\\\/index.php\\\/2025\\\/11\\\/29\\\/artesanos-mexicanos-original-2025\\\/\"},\"author\":{\"name\":\"zeromagazinemx\",\"@id\":\"https:\\\/\\\/zeromagazine.mx\\\/#\\\/schema\\\/person\\\/9aed9f33a7c39af3a348b86d723f7773\"},\"headline\":\"Artesanos Mexicanos: Cultura Que Vibra\",\"datePublished\":\"2025-11-29T23:49:06+00:00\",\"dateModified\":\"2025-11-29T23:51:32+00:00\",\"mainEntityOfPage\":{\"@id\":\"https:\\\/\\\/zeromagazine.mx\\\/index.php\\\/2025\\\/11\\\/29\\\/artesanos-mexicanos-original-2025\\\/\"},\"wordCount\":404,\"commentCount\":0,\"publisher\":{\"@id\":\"https:\\\/\\\/zeromagazine.mx\\\/#organization\"},\"image\":{\"@id\":\"https:\\\/\\\/zeromagazine.mx\\\/index.php\\\/2025\\\/11\\\/29\\\/artesanos-mexicanos-original-2025\\\/#primaryimage\"},\"thumbnailUrl\":\"https:\\\/\\\/i0.wp.com\\\/zeromagazine.mx\\\/wp-content\\\/uploads\\\/2025\\\/11\\\/1000042119.png?fit=1080%2C1350&ssl=1\",\"articleSection\":[\"Cultura\",\"Dise\u00f1o\",\"Moda\"],\"inLanguage\":\"es\",\"potentialAction\":[{\"@type\":\"CommentAction\",\"name\":\"Comment\",\"target\":[\"https:\\\/\\\/zeromagazine.mx\\\/index.php\\\/2025\\\/11\\\/29\\\/artesanos-mexicanos-original-2025\\\/#respond\"]}]},{\"@type\":\"WebPage\",\"@id\":\"https:\\\/\\\/zeromagazine.mx\\\/index.php\\\/2025\\\/11\\\/29\\\/artesanos-mexicanos-original-2025\\\/\",\"url\":\"https:\\\/\\\/zeromagazine.mx\\\/index.php\\\/2025\\\/11\\\/29\\\/artesanos-mexicanos-original-2025\\\/\",\"name\":\"Artesanos Mexicanos: Cultura Que Vibra - Zero Magazine\",\"isPartOf\":{\"@id\":\"https:\\\/\\\/zeromagazine.mx\\\/#website\"},\"primaryImageOfPage\":{\"@id\":\"https:\\\/\\\/zeromagazine.mx\\\/index.php\\\/2025\\\/11\\\/29\\\/artesanos-mexicanos-original-2025\\\/#primaryimage\"},\"image\":{\"@id\":\"https:\\\/\\\/zeromagazine.mx\\\/index.php\\\/2025\\\/11\\\/29\\\/artesanos-mexicanos-original-2025\\\/#primaryimage\"},\"thumbnailUrl\":\"https:\\\/\\\/i0.wp.com\\\/zeromagazine.mx\\\/wp-content\\\/uploads\\\/2025\\\/11\\\/1000042119.png?fit=1080%2C1350&ssl=1\",\"datePublished\":\"2025-11-29T23:49:06+00:00\",\"dateModified\":\"2025-11-29T23:51:32+00:00\",\"description\":\"Descubre c\u00f3mo los artesanos mexicanos brillan en Original 2025 con tradici\u00f3n, dise\u00f1o y cultura viva.\",\"breadcrumb\":{\"@id\":\"https:\\\/\\\/zeromagazine.mx\\\/index.php\\\/2025\\\/11\\\/29\\\/artesanos-mexicanos-original-2025\\\/#breadcrumb\"},\"inLanguage\":\"es\",\"potentialAction\":[{\"@type\":\"ReadAction\",\"target\":[\"https:\\\/\\\/zeromagazine.mx\\\/index.php\\\/2025\\\/11\\\/29\\\/artesanos-mexicanos-original-2025\\\/\"]}]},{\"@type\":\"ImageObject\",\"inLanguage\":\"es\",\"@id\":\"https:\\\/\\\/zeromagazine.mx\\\/index.php\\\/2025\\\/11\\\/29\\\/artesanos-mexicanos-original-2025\\\/#primaryimage\",\"url\":\"https:\\\/\\\/i0.wp.com\\\/zeromagazine.mx\\\/wp-content\\\/uploads\\\/2025\\\/11\\\/1000042119.png?fit=1080%2C1350&ssl=1\",\"contentUrl\":\"https:\\\/\\\/i0.wp.com\\\/zeromagazine.mx\\\/wp-content\\\/uploads\\\/2025\\\/11\\\/1000042119.png?fit=1080%2C1350&ssl=1\",\"width\":1080,\"height\":1350},{\"@type\":\"BreadcrumbList\",\"@id\":\"https:\\\/\\\/zeromagazine.mx\\\/index.php\\\/2025\\\/11\\\/29\\\/artesanos-mexicanos-original-2025\\\/#breadcrumb\",\"itemListElement\":[{\"@type\":\"ListItem\",\"position\":1,\"name\":\"Portada\",\"item\":\"https:\\\/\\\/zeromagazine.mx\\\/\"},{\"@type\":\"ListItem\",\"position\":2,\"name\":\"Artesanos Mexicanos: Cultura Que Vibra\"}]},{\"@type\":\"WebSite\",\"@id\":\"https:\\\/\\\/zeromagazine.mx\\\/#website\",\"url\":\"https:\\\/\\\/zeromagazine.mx\\\/\",\"name\":\"Zero Magazine\",\"description\":\"\",\"publisher\":{\"@id\":\"https:\\\/\\\/zeromagazine.mx\\\/#organization\"},\"potentialAction\":[{\"@type\":\"SearchAction\",\"target\":{\"@type\":\"EntryPoint\",\"urlTemplate\":\"https:\\\/\\\/zeromagazine.mx\\\/?s={search_term_string}\"},\"query-input\":{\"@type\":\"PropertyValueSpecification\",\"valueRequired\":true,\"valueName\":\"search_term_string\"}}],\"inLanguage\":\"es\"},{\"@type\":\"Organization\",\"@id\":\"https:\\\/\\\/zeromagazine.mx\\\/#organization\",\"name\":\"Zero Magazine\",\"url\":\"https:\\\/\\\/zeromagazine.mx\\\/\",\"logo\":{\"@type\":\"ImageObject\",\"inLanguage\":\"es\",\"@id\":\"https:\\\/\\\/zeromagazine.mx\\\/#\\\/schema\\\/logo\\\/image\\\/\",\"url\":\"https:\\\/\\\/i0.wp.com\\\/zeromagazine.mx\\\/wp-content\\\/uploads\\\/2025\\\/11\\\/1.jpeg?fit=1000%2C1000&ssl=1\",\"contentUrl\":\"https:\\\/\\\/i0.wp.com\\\/zeromagazine.mx\\\/wp-content\\\/uploads\\\/2025\\\/11\\\/1.jpeg?fit=1000%2C1000&ssl=1\",\"width\":1000,\"height\":1000,\"caption\":\"Zero Magazine\"},\"image\":{\"@id\":\"https:\\\/\\\/zeromagazine.mx\\\/#\\\/schema\\\/logo\\\/image\\\/\"},\"sameAs\":[\"https:\\\/\\\/instagram.com\\\/zeromagazinemx\"]},{\"@type\":\"Person\",\"@id\":\"https:\\\/\\\/zeromagazine.mx\\\/#\\\/schema\\\/person\\\/9aed9f33a7c39af3a348b86d723f7773\",\"name\":\"zeromagazinemx\",\"image\":{\"@type\":\"ImageObject\",\"inLanguage\":\"es\",\"@id\":\"https:\\\/\\\/zeromagazine.mx\\\/wp-content\\\/litespeed\\\/avatar\\\/f91dfe5410d5dcb1a576bf8c45983896.jpg?ver=1777571230\",\"url\":\"https:\\\/\\\/zeromagazine.mx\\\/wp-content\\\/litespeed\\\/avatar\\\/f91dfe5410d5dcb1a576bf8c45983896.jpg?ver=1777571230\",\"contentUrl\":\"https:\\\/\\\/zeromagazine.mx\\\/wp-content\\\/litespeed\\\/avatar\\\/f91dfe5410d5dcb1a576bf8c45983896.jpg?ver=1777571230\",\"caption\":\"zeromagazinemx\"},\"url\":\"https:\\\/\\\/zeromagazine.mx\\\/index.php\\\/author\\\/zeromagazinemx\\\/\"}]}<\/script>\n<!-- \/ Yoast SEO plugin. -->","yoast_head_json":{"title":"Artesanos Mexicanos: Cultura Que Vibra - Zero Magazine","description":"Descubre c\u00f3mo los artesanos mexicanos brillan en Original 2025 con tradici\u00f3n, dise\u00f1o y cultura viva.","robots":{"index":"index","follow":"follow","max-snippet":"max-snippet:-1","max-image-preview":"max-image-preview:large","max-video-preview":"max-video-preview:-1"},"canonical":"https:\/\/zeromagazine.mx\/index.php\/2025\/11\/29\/artesanos-mexicanos-original-2025\/","og_locale":"es_ES","og_type":"article","og_title":"Artesanos Mexicanos: Cultura Que Vibra - Zero Magazine","og_description":"Descubre c\u00f3mo los artesanos mexicanos brillan en Original 2025 con tradici\u00f3n, dise\u00f1o y cultura viva.","og_url":"https:\/\/zeromagazine.mx\/index.php\/2025\/11\/29\/artesanos-mexicanos-original-2025\/","og_site_name":"Zero Magazine","article_published_time":"2025-11-29T23:49:06+00:00","article_modified_time":"2025-11-29T23:51:32+00:00","og_image":[{"width":1080,"height":1350,"url":"http:\/\/zeromagazine.mx\/wp-content\/uploads\/2025\/11\/1000042119.png","type":"image\/png"}],"author":"zeromagazinemx","twitter_card":"summary_large_image","twitter_misc":{"Escrito por":"zeromagazinemx","Tiempo de lectura":"3 minutos"},"schema":{"@context":"https:\/\/schema.org","@graph":[{"@type":"Article","@id":"https:\/\/zeromagazine.mx\/index.php\/2025\/11\/29\/artesanos-mexicanos-original-2025\/#article","isPartOf":{"@id":"https:\/\/zeromagazine.mx\/index.php\/2025\/11\/29\/artesanos-mexicanos-original-2025\/"},"author":{"name":"zeromagazinemx","@id":"https:\/\/zeromagazine.mx\/#\/schema\/person\/9aed9f33a7c39af3a348b86d723f7773"},"headline":"Artesanos Mexicanos: Cultura Que Vibra","datePublished":"2025-11-29T23:49:06+00:00","dateModified":"2025-11-29T23:51:32+00:00","mainEntityOfPage":{"@id":"https:\/\/zeromagazine.mx\/index.php\/2025\/11\/29\/artesanos-mexicanos-original-2025\/"},"wordCount":404,"commentCount":0,"publisher":{"@id":"https:\/\/zeromagazine.mx\/#organization"},"image":{"@id":"https:\/\/zeromagazine.mx\/index.php\/2025\/11\/29\/artesanos-mexicanos-original-2025\/#primaryimage"},"thumbnailUrl":"https:\/\/i0.wp.com\/zeromagazine.mx\/wp-content\/uploads\/2025\/11\/1000042119.png?fit=1080%2C1350&ssl=1","articleSection":["Cultura","Dise\u00f1o","Moda"],"inLanguage":"es","potentialAction":[{"@type":"CommentAction","name":"Comment","target":["https:\/\/zeromagazine.mx\/index.php\/2025\/11\/29\/artesanos-mexicanos-original-2025\/#respond"]}]},{"@type":"WebPage","@id":"https:\/\/zeromagazine.mx\/index.php\/2025\/11\/29\/artesanos-mexicanos-original-2025\/","url":"https:\/\/zeromagazine.mx\/index.php\/2025\/11\/29\/artesanos-mexicanos-original-2025\/","name":"Artesanos Mexicanos: Cultura Que Vibra - Zero Magazine","isPartOf":{"@id":"https:\/\/zeromagazine.mx\/#website"},"primaryImageOfPage":{"@id":"https:\/\/zeromagazine.mx\/index.php\/2025\/11\/29\/artesanos-mexicanos-original-2025\/#primaryimage"},"image":{"@id":"https:\/\/zeromagazine.mx\/index.php\/2025\/11\/29\/artesanos-mexicanos-original-2025\/#primaryimage"},"thumbnailUrl":"https:\/\/i0.wp.com\/zeromagazine.mx\/wp-content\/uploads\/2025\/11\/1000042119.png?fit=1080%2C1350&ssl=1","datePublished":"2025-11-29T23:49:06+00:00","dateModified":"2025-11-29T23:51:32+00:00","description":"Descubre c\u00f3mo los artesanos mexicanos brillan en Original 2025 con tradici\u00f3n, dise\u00f1o y cultura viva.","breadcrumb":{"@id":"https:\/\/zeromagazine.mx\/index.php\/2025\/11\/29\/artesanos-mexicanos-original-2025\/#breadcrumb"},"inLanguage":"es","potentialAction":[{"@type":"ReadAction","target":["https:\/\/zeromagazine.mx\/index.php\/2025\/11\/29\/artesanos-mexicanos-original-2025\/"]}]},{"@type":"ImageObject","inLanguage":"es","@id":"https:\/\/zeromagazine.mx\/index.php\/2025\/11\/29\/artesanos-mexicanos-original-2025\/#primaryimage","url":"https:\/\/i0.wp.com\/zeromagazine.mx\/wp-content\/uploads\/2025\/11\/1000042119.png?fit=1080%2C1350&ssl=1","contentUrl":"https:\/\/i0.wp.com\/zeromagazine.mx\/wp-content\/uploads\/2025\/11\/1000042119.png?fit=1080%2C1350&ssl=1","width":1080,"height":1350},{"@type":"BreadcrumbList","@id":"https:\/\/zeromagazine.mx\/index.php\/2025\/11\/29\/artesanos-mexicanos-original-2025\/#breadcrumb","itemListElement":[{"@type":"ListItem","position":1,"name":"Portada","item":"https:\/\/zeromagazine.mx\/"},{"@type":"ListItem","position":2,"name":"Artesanos Mexicanos: Cultura Que Vibra"}]},{"@type":"WebSite","@id":"https:\/\/zeromagazine.mx\/#website","url":"https:\/\/zeromagazine.mx\/","name":"Zero Magazine","description":"","publisher":{"@id":"https:\/\/zeromagazine.mx\/#organization"},"potentialAction":[{"@type":"SearchAction","target":{"@type":"EntryPoint","urlTemplate":"https:\/\/zeromagazine.mx\/?s={search_term_string}"},"query-input":{"@type":"PropertyValueSpecification","valueRequired":true,"valueName":"search_term_string"}}],"inLanguage":"es"},{"@type":"Organization","@id":"https:\/\/zeromagazine.mx\/#organization","name":"Zero Magazine","url":"https:\/\/zeromagazine.mx\/","logo":{"@type":"ImageObject","inLanguage":"es","@id":"https:\/\/zeromagazine.mx\/#\/schema\/logo\/image\/","url":"https:\/\/i0.wp.com\/zeromagazine.mx\/wp-content\/uploads\/2025\/11\/1.jpeg?fit=1000%2C1000&ssl=1","contentUrl":"https:\/\/i0.wp.com\/zeromagazine.mx\/wp-content\/uploads\/2025\/11\/1.jpeg?fit=1000%2C1000&ssl=1","width":1000,"height":1000,"caption":"Zero Magazine"},"image":{"@id":"https:\/\/zeromagazine.mx\/#\/schema\/logo\/image\/"},"sameAs":["https:\/\/instagram.com\/zeromagazinemx"]},{"@type":"Person","@id":"https:\/\/zeromagazine.mx\/#\/schema\/person\/9aed9f33a7c39af3a348b86d723f7773","name":"zeromagazinemx","image":{"@type":"ImageObject","inLanguage":"es","@id":"https:\/\/zeromagazine.mx\/wp-content\/litespeed\/avatar\/f91dfe5410d5dcb1a576bf8c45983896.jpg?ver=1777571230","url":"https:\/\/zeromagazine.mx\/wp-content\/litespeed\/avatar\/f91dfe5410d5dcb1a576bf8c45983896.jpg?ver=1777571230","contentUrl":"https:\/\/zeromagazine.mx\/wp-content\/litespeed\/avatar\/f91dfe5410d5dcb1a576bf8c45983896.jpg?ver=1777571230","caption":"zeromagazinemx"},"url":"https:\/\/zeromagazine.mx\/index.php\/author\/zeromagazinemx\/"}]}},"jetpack_publicize_connections":[],"jetpack_featured_media_url":"https:\/\/i0.wp.com\/zeromagazine.mx\/wp-content\/uploads\/2025\/11\/1000042119.png?fit=1080%2C1350&ssl=1","jetpack-related-posts":[{"id":74776,"url":"https:\/\/zeromagazine.mx\/index.php\/2024\/04\/24\/arte-y-cultura-en-los-cabos\/","url_meta":{"origin":111348,"position":0},"title":"Arte y Cultura en Los Cabos","author":"zeromagazinemx","date":"24 de abril de 2024","format":false,"excerpt":"La \u00faltima colaboraci\u00f3n entre el Hotel Viceroy Los Cabos y la Galer\u00eda DeCoraz\u00f3n M\u00e9xico, es algo completamente \u00fanico. \u00a1Es una oportunidad para sumergirse en la rica cultura de Oaxaca mientras disfrutas del hermoso paisaje de San Jos\u00e9 del Cabo en Baja California! Ahora, echa un vistazo a lo que est\u00e1\u2026","rel":"","context":"En \u00abBlog\u00bb","block_context":{"text":"Blog","link":"https:\/\/zeromagazine.mx\/index.php\/category\/blog\/"},"img":{"alt_text":"","src":"https:\/\/i0.wp.com\/zeromagazine.mx\/wp-content\/uploads\/2024\/04\/Captura-de-pantalla-598.png?fit=774%2C517&ssl=1&resize=350%2C200","width":350,"height":200,"srcset":"https:\/\/i0.wp.com\/zeromagazine.mx\/wp-content\/uploads\/2024\/04\/Captura-de-pantalla-598.png?fit=774%2C517&ssl=1&resize=350%2C200 1x, https:\/\/i0.wp.com\/zeromagazine.mx\/wp-content\/uploads\/2024\/04\/Captura-de-pantalla-598.png?fit=774%2C517&ssl=1&resize=525%2C300 1.5x, https:\/\/i0.wp.com\/zeromagazine.mx\/wp-content\/uploads\/2024\/04\/Captura-de-pantalla-598.png?fit=774%2C517&ssl=1&resize=700%2C400 2x"},"classes":[]},{"id":87279,"url":"https:\/\/zeromagazine.mx\/index.php\/2024\/10\/17\/arte-wixarika-cultura-meets-modern-vibes\/","url_meta":{"origin":111348,"position":1},"title":"\u00abArte Wix\u00e1rika: Cultura Meets Modern Vibes\u00bb","author":"zeromagazinemx","date":"17 de octubre de 2024","format":false,"excerpt":"\u00bfYa conoc\u00edas este nombre? Si no, te est\u00e1s perdiendo una joya de la cultura mexicana que, con un toque super fresh, ha revolucionado el arte tradicional a otro nivel. So, let me tell you everything about c\u00f3mo este maestro del arte y su team est\u00e1n llevando el colorido arte Wix\u00e1rika\u2026","rel":"","context":"En \u00abCultura\u00bb","block_context":{"text":"Cultura","link":"https:\/\/zeromagazine.mx\/index.php\/category\/cultura\/"},"img":{"alt_text":"","src":"https:\/\/i0.wp.com\/zeromagazine.mx\/wp-content\/uploads\/2024\/10\/WhatsApp-Image-2024-10-08-at-5.01.42-PM.jpeg?fit=902%2C1200&ssl=1&resize=350%2C200","width":350,"height":200,"srcset":"https:\/\/i0.wp.com\/zeromagazine.mx\/wp-content\/uploads\/2024\/10\/WhatsApp-Image-2024-10-08-at-5.01.42-PM.jpeg?fit=902%2C1200&ssl=1&resize=350%2C200 1x, https:\/\/i0.wp.com\/zeromagazine.mx\/wp-content\/uploads\/2024\/10\/WhatsApp-Image-2024-10-08-at-5.01.42-PM.jpeg?fit=902%2C1200&ssl=1&resize=525%2C300 1.5x, https:\/\/i0.wp.com\/zeromagazine.mx\/wp-content\/uploads\/2024\/10\/WhatsApp-Image-2024-10-08-at-5.01.42-PM.jpeg?fit=902%2C1200&ssl=1&resize=700%2C400 2x"},"classes":[]},{"id":84178,"url":"https:\/\/zeromagazine.mx\/index.php\/2024\/09\/19\/alebrijes-arte-que-cobra-vida\/","url_meta":{"origin":111348,"position":2},"title":"\u00abAlebrijes: Arte que Cobra Vida\u00bb","author":"zeromagazinemx","date":"19 de septiembre de 2024","format":false,"excerpt":"A ver, si alguna vez has visto esas figuras s\u00faper locas, con colores que explotan y formas animales que parecen sacadas de un trip on\u00edrico, entonces ya conoces los\u00a0alebrijes. Pero, \u00bfsab\u00edas que detr\u00e1s de cada uno de estos bichos fant\u00e1sticos hay toda una historia m\u00e1gica y cultural? As\u00ed que si\u2026","rel":"","context":"En \u00abDise\u00f1o\u00bb","block_context":{"text":"Dise\u00f1o","link":"https:\/\/zeromagazine.mx\/index.php\/category\/diseno\/"},"img":{"alt_text":"","src":"https:\/\/i0.wp.com\/zeromagazine.mx\/wp-content\/uploads\/2024\/09\/DCM-AL-134_1.webp?fit=1050%2C1050&ssl=1&resize=350%2C200","width":350,"height":200,"srcset":"https:\/\/i0.wp.com\/zeromagazine.mx\/wp-content\/uploads\/2024\/09\/DCM-AL-134_1.webp?fit=1050%2C1050&ssl=1&resize=350%2C200 1x, https:\/\/i0.wp.com\/zeromagazine.mx\/wp-content\/uploads\/2024\/09\/DCM-AL-134_1.webp?fit=1050%2C1050&ssl=1&resize=525%2C300 1.5x, https:\/\/i0.wp.com\/zeromagazine.mx\/wp-content\/uploads\/2024\/09\/DCM-AL-134_1.webp?fit=1050%2C1050&ssl=1&resize=700%2C400 2x, https:\/\/i0.wp.com\/zeromagazine.mx\/wp-content\/uploads\/2024\/09\/DCM-AL-134_1.webp?fit=1050%2C1050&ssl=1&resize=1050%2C600 3x"},"classes":[]},{"id":81284,"url":"https:\/\/zeromagazine.mx\/index.php\/2024\/08\/01\/nahuales-de-oaxaca-arte-vivo\/","url_meta":{"origin":111348,"position":3},"title":"\u00abNahuales de Oaxaca: Arte Vivo\u00bb","author":"zeromagazinemx","date":"1 de agosto de 2024","format":false,"excerpt":"Esta semana les traigo una historia mega cool que seguro les va a inspirar. Vamos a hablar de Ang\u00e9lico Jim\u00e9nez Hern\u00e1ndez,\u00a0\u00a0de San Antonio Arrazola, Oaxaca, que con su talento y pasi\u00f3n ha puesto la artesan\u00eda mexicana en el mapa mundial. Spoiler alert: su historia est\u00e1 llena de pasi\u00f3n, tradici\u00f3n, y\u2026","rel":"","context":"En \u00abCultura\u00bb","block_context":{"text":"Cultura","link":"https:\/\/zeromagazine.mx\/index.php\/category\/cultura\/"},"img":{"alt_text":"","src":"https:\/\/i0.wp.com\/zeromagazine.mx\/wp-content\/uploads\/2024\/08\/63ca0b82-7969-41e8-9d64-fdb13696551b.jpg?fit=1200%2C800&ssl=1&resize=350%2C200","width":350,"height":200,"srcset":"https:\/\/i0.wp.com\/zeromagazine.mx\/wp-content\/uploads\/2024\/08\/63ca0b82-7969-41e8-9d64-fdb13696551b.jpg?fit=1200%2C800&ssl=1&resize=350%2C200 1x, https:\/\/i0.wp.com\/zeromagazine.mx\/wp-content\/uploads\/2024\/08\/63ca0b82-7969-41e8-9d64-fdb13696551b.jpg?fit=1200%2C800&ssl=1&resize=525%2C300 1.5x, https:\/\/i0.wp.com\/zeromagazine.mx\/wp-content\/uploads\/2024\/08\/63ca0b82-7969-41e8-9d64-fdb13696551b.jpg?fit=1200%2C800&ssl=1&resize=700%2C400 2x, https:\/\/i0.wp.com\/zeromagazine.mx\/wp-content\/uploads\/2024\/08\/63ca0b82-7969-41e8-9d64-fdb13696551b.jpg?fit=1200%2C800&ssl=1&resize=1050%2C600 3x"},"classes":[]},{"id":83918,"url":"https:\/\/zeromagazine.mx\/index.php\/2024\/09\/13\/fiesta-mexicana-en-plaza-satelite\/","url_meta":{"origin":111348,"position":4},"title":"\u00abFiesta Mexicana en Plaza Sat\u00e9lite\u00bb","author":"zeromagazinemx","date":"13 de septiembre de 2024","format":false,"excerpt":"\u00a1Holii, chiques! Este mes de septiembre, Plaza Sat\u00e9lite se transforma en el epicentro de la cultura mexicana, y no puedes faltar. Del 1 al 16 de septiembre, prep\u00e1rate para sumergirte en una fiesta llena de tradici\u00f3n y modernidad que har\u00e1 que te sientas super orgulloso de nuestras ra\u00edces. La Magia\u2026","rel":"","context":"En \u00abViajes\u00bb","block_context":{"text":"Viajes","link":"https:\/\/zeromagazine.mx\/index.php\/category\/lugares\/"},"img":{"alt_text":"","src":"https:\/\/i0.wp.com\/zeromagazine.mx\/wp-content\/uploads\/2024\/09\/Ojos-de-dios-1.jpg?fit=1200%2C675&ssl=1&resize=350%2C200","width":350,"height":200,"srcset":"https:\/\/i0.wp.com\/zeromagazine.mx\/wp-content\/uploads\/2024\/09\/Ojos-de-dios-1.jpg?fit=1200%2C675&ssl=1&resize=350%2C200 1x, https:\/\/i0.wp.com\/zeromagazine.mx\/wp-content\/uploads\/2024\/09\/Ojos-de-dios-1.jpg?fit=1200%2C675&ssl=1&resize=525%2C300 1.5x, https:\/\/i0.wp.com\/zeromagazine.mx\/wp-content\/uploads\/2024\/09\/Ojos-de-dios-1.jpg?fit=1200%2C675&ssl=1&resize=700%2C400 2x, https:\/\/i0.wp.com\/zeromagazine.mx\/wp-content\/uploads\/2024\/09\/Ojos-de-dios-1.jpg?fit=1200%2C675&ssl=1&resize=1050%2C600 3x"},"classes":[]},{"id":69919,"url":"https:\/\/zeromagazine.mx\/index.php\/2023\/12\/26\/tesoros-culturales-regalos-navidenos-con-alma-mexicana\/","url_meta":{"origin":111348,"position":5},"title":"Tesoros Culturales: Regalos Navide\u00f1os con Alma Mexicana","author":"David Morales","date":"26 de diciembre de 2023","format":false,"excerpt":"\u00a1Ah, las fiestas! Ese momento del a\u00f1o en el que nuestros corazones se llenan de alegr\u00eda y ansiamos compartir amor con los nuestros. Los regalos se convierten en s\u00edmbolos cargados de esa magia navide\u00f1a, \u00bfverdad? Sin duda, la emoci\u00f3n de dar un regalo \u00fanico que transmita amor y represente nuestra\u2026","rel":"","context":"En \u00abLifestyle\u00bb","block_context":{"text":"Lifestyle","link":"https:\/\/zeromagazine.mx\/index.php\/category\/lifestyle\/"},"img":{"alt_text":"","src":"https:\/\/i0.wp.com\/zeromagazine.mx\/wp-content\/uploads\/2023\/12\/instagram.jpg?fit=1200%2C1051&ssl=1&resize=350%2C200","width":350,"height":200,"srcset":"https:\/\/i0.wp.com\/zeromagazine.mx\/wp-content\/uploads\/2023\/12\/instagram.jpg?fit=1200%2C1051&ssl=1&resize=350%2C200 1x, https:\/\/i0.wp.com\/zeromagazine.mx\/wp-content\/uploads\/2023\/12\/instagram.jpg?fit=1200%2C1051&ssl=1&resize=525%2C300 1.5x, https:\/\/i0.wp.com\/zeromagazine.mx\/wp-content\/uploads\/2023\/12\/instagram.jpg?fit=1200%2C1051&ssl=1&resize=700%2C400 2x, https:\/\/i0.wp.com\/zeromagazine.mx\/wp-content\/uploads\/2023\/12\/instagram.jpg?fit=1200%2C1051&ssl=1&resize=1050%2C600 3x"},"classes":[]}],"jetpack_sharing_enabled":true,"builder_content":"","_links":{"self":[{"href":"https:\/\/zeromagazine.mx\/index.php\/wp-json\/wp\/v2\/posts\/111348","targetHints":{"allow":["GET"]}}],"collection":[{"href":"https:\/\/zeromagazine.mx\/index.php\/wp-json\/wp\/v2\/posts"}],"about":[{"href":"https:\/\/zeromagazine.mx\/index.php\/wp-json\/wp\/v2\/types\/post"}],"author":[{"embeddable":true,"href":"https:\/\/zeromagazine.mx\/index.php\/wp-json\/wp\/v2\/users\/2"}],"replies":[{"embeddable":true,"href":"https:\/\/zeromagazine.mx\/index.php\/wp-json\/wp\/v2\/comments?post=111348"}],"version-history":[{"count":3,"href":"https:\/\/zeromagazine.mx\/index.php\/wp-json\/wp\/v2\/posts\/111348\/revisions"}],"predecessor-version":[{"id":111354,"href":"https:\/\/zeromagazine.mx\/index.php\/wp-json\/wp\/v2\/posts\/111348\/revisions\/111354"}],"wp:featuredmedia":[{"embeddable":true,"href":"https:\/\/zeromagazine.mx\/index.php\/wp-json\/wp\/v2\/media\/111349"}],"wp:attachment":[{"href":"https:\/\/zeromagazine.mx\/index.php\/wp-json\/wp\/v2\/media?parent=111348"}],"wp:term":[{"taxonomy":"category","embeddable":true,"href":"https:\/\/zeromagazine.mx\/index.php\/wp-json\/wp\/v2\/categories?post=111348"},{"taxonomy":"post_tag","embeddable":true,"href":"https:\/\/zeromagazine.mx\/index.php\/wp-json\/wp\/v2\/tags?post=111348"}],"curies":[{"name":"wp","href":"https:\/\/api.w.org\/{rel}","templated":true}]}}