{"id":111355,"date":"2025-11-29T20:19:42","date_gmt":"2025-11-30T02:19:42","guid":{"rendered":"https:\/\/zeromagazine.mx\/?p=111355"},"modified":"2025-11-29T20:19:43","modified_gmt":"2025-11-30T02:19:43","slug":"nashi-argan-cabello-otono","status":"publish","type":"post","link":"https:\/\/zeromagazine.mx\/index.php\/2025\/11\/29\/nashi-argan-cabello-otono\/","title":{"rendered":"Nashi Argan: cabello oto\u00f1al perfecto"},"content":{"rendered":"\n<p>El oto\u00f1o ya lleg\u00f3 con toda su est\u00e9tica cozy, pero tambi\u00e9n con ese mood donde tu melena empieza a pedir auxilio: frizz, resequedad, puntas rebeldes\u2026 todo al mismo tiempo. Y aunque cambiar de estaci\u00f3n siempre altera la vibra del cabello, Nashi Argan cabello se ha convertido en el aliado que est\u00e1 salvando rutinas por todo el mundo. Spoiler: s\u00ed, funciona tan bien como huele.<\/p>\n\n\n\n<p>Adem\u00e1s, la marca italiana se est\u00e1 ganando un lugar especial en los tocadores por una raz\u00f3n s\u00faper simple: hace lo que promete, sin dramas, sin pasos eternos y sin saturarte el pelo de productos que no necesitas. Aqu\u00ed, lo sensorial y lo funcional se dan la mano como si fueran mejores amigas.<\/p>\n\n\n\n<figure class=\"wp-block-image size-full\"><img data-recalc-dims=\"1\" decoding=\"async\" width=\"800\" height=\"800\" src=\"https:\/\/i0.wp.com\/zeromagazine.mx\/wp-content\/uploads\/2025\/11\/1000042130.jpg?resize=800%2C800&#038;ssl=1\" alt=\"\" class=\"wp-image-111356\" srcset=\"https:\/\/i0.wp.com\/zeromagazine.mx\/wp-content\/uploads\/2025\/11\/1000042130.jpg?w=800&amp;ssl=1 800w, https:\/\/i0.wp.com\/zeromagazine.mx\/wp-content\/uploads\/2025\/11\/1000042130.jpg?resize=300%2C300&amp;ssl=1 300w, https:\/\/i0.wp.com\/zeromagazine.mx\/wp-content\/uploads\/2025\/11\/1000042130.jpg?resize=150%2C150&amp;ssl=1 150w, https:\/\/i0.wp.com\/zeromagazine.mx\/wp-content\/uploads\/2025\/11\/1000042130.jpg?resize=768%2C768&amp;ssl=1 768w\" sizes=\"(max-width: 800px) 100vw, 800px\" \/><\/figure>\n\n\n\n<h2 class=\"wp-block-heading\">Nashi Argan cabello: la magia detr\u00e1s del brillo<\/h2>\n\n\n\n<p>Si hay algo que define a esta marca es el aceite de arg\u00e1n org\u00e1nico certificado que vive en el coraz\u00f3n de cada f\u00f3rmula. Es rico en antioxidantes, vitamina E y \u00e1cidos grasos que literalmente devuelven la vida al cabello.<\/p>\n\n\n\n<p>Por eso, su textura ligera evita el t\u00edpico problema de \u201cme puse aceite y ahora parezco l\u00e1mpara\u201d. M\u00e1s bien, deja un glow natural, suave y s\u00faper manejable. Y su olor\u2026 un abrazo tibio en forma de fragancia que te acompa\u00f1a todo el d\u00eda.<\/p>\n\n\n\n<p>Incluso, si eres de las que usualmente huye de los aceites, aqu\u00ed no hay de qu\u00e9 preocuparse. La f\u00f3rmula est\u00e1 dise\u00f1ada para que se absorba r\u00e1pido, no deje pesadez y funcione en cualquier tipo de melena, desde finas hasta s\u00faper rizadas.<\/p>\n\n\n\n<figure class=\"wp-block-image size-full\"><img data-recalc-dims=\"1\" decoding=\"async\" width=\"800\" height=\"800\" src=\"https:\/\/i0.wp.com\/zeromagazine.mx\/wp-content\/uploads\/2025\/11\/1000042131.jpg?resize=800%2C800&#038;ssl=1\" alt=\"\" class=\"wp-image-111357\" srcset=\"https:\/\/i0.wp.com\/zeromagazine.mx\/wp-content\/uploads\/2025\/11\/1000042131.jpg?w=800&amp;ssl=1 800w, https:\/\/i0.wp.com\/zeromagazine.mx\/wp-content\/uploads\/2025\/11\/1000042131.jpg?resize=300%2C300&amp;ssl=1 300w, https:\/\/i0.wp.com\/zeromagazine.mx\/wp-content\/uploads\/2025\/11\/1000042131.jpg?resize=150%2C150&amp;ssl=1 150w, https:\/\/i0.wp.com\/zeromagazine.mx\/wp-content\/uploads\/2025\/11\/1000042131.jpg?resize=768%2C768&amp;ssl=1 768w\" sizes=\"(max-width: 800px) 100vw, 800px\" \/><\/figure>\n\n\n\n<h2 class=\"wp-block-heading\">Tu rutina cozy ideal con Nashi<\/h2>\n\n\n\n<p>Para empezar, el Shampoo &amp; Conditioner son el combo que limpia sin resecar y deja la fibra suave, flexible y brillante. Son ese tipo de productos que no \u201cmaquillan\u201d el cabello, sino que realmente lo restauran.<\/p>\n\n\n\n<p>Luego viene la estrella del bolso: Nashi Argan Oil. Con un par de gotas puedes domar el frizz, sellar puntas y dejar el cabello instant\u00e1neamente m\u00e1s suave. Perfecto para antes de salir, despu\u00e9s de peinar o cuando quieres revivir tu melena a mitad del d\u00eda.<\/p>\n\n\n\n<p>Finalmente, los tratamientos Deep Infusion o Instant hacen el trabajo pesado una vez por semana. Piensa en ellos como una recarga de energ\u00eda para cuando tu cabello ya vivi\u00f3 demasiadas planchas, demasiado clima o demasiado estr\u00e9s (s\u00ed, tambi\u00e9n afecta).<\/p>\n\n\n\n<figure class=\"wp-block-image size-full\"><img data-recalc-dims=\"1\" decoding=\"async\" width=\"1165\" height=\"1165\" src=\"https:\/\/i0.wp.com\/zeromagazine.mx\/wp-content\/uploads\/2025\/11\/1000042132.jpg?resize=1165%2C1165&#038;ssl=1\" alt=\"\" class=\"wp-image-111358\" srcset=\"https:\/\/i0.wp.com\/zeromagazine.mx\/wp-content\/uploads\/2025\/11\/1000042132.jpg?w=1200&amp;ssl=1 1200w, https:\/\/i0.wp.com\/zeromagazine.mx\/wp-content\/uploads\/2025\/11\/1000042132.jpg?resize=300%2C300&amp;ssl=1 300w, https:\/\/i0.wp.com\/zeromagazine.mx\/wp-content\/uploads\/2025\/11\/1000042132.jpg?resize=1024%2C1024&amp;ssl=1 1024w, https:\/\/i0.wp.com\/zeromagazine.mx\/wp-content\/uploads\/2025\/11\/1000042132.jpg?resize=150%2C150&amp;ssl=1 150w, https:\/\/i0.wp.com\/zeromagazine.mx\/wp-content\/uploads\/2025\/11\/1000042132.jpg?resize=768%2C768&amp;ssl=1 768w, https:\/\/i0.wp.com\/zeromagazine.mx\/wp-content\/uploads\/2025\/11\/1000042132.jpg?resize=70%2C70&amp;ssl=1 70w, https:\/\/i0.wp.com\/zeromagazine.mx\/wp-content\/uploads\/2025\/11\/1000042132.jpg?resize=400%2C400&amp;ssl=1 400w, https:\/\/i0.wp.com\/zeromagazine.mx\/wp-content\/uploads\/2025\/11\/1000042132.jpg?resize=47%2C48&amp;ssl=1 47w\" sizes=\"(max-width: 1165px) 100vw, 1165px\" \/><\/figure>\n\n\n\n<h2 class=\"wp-block-heading\">El ritual del que todxs hablan<\/h2>\n\n\n\n<p>Al final, Nashi no juega al \u201cproducto milagroso\u201d. Juega a lo real: f\u00f3rmulas hechas con ingredientes de calidad, resultados visibles y una experiencia que te hace sentir que te est\u00e1s consintiendo. Y seamos honestas: en esta temporada donde todo se vuelve m\u00e1s lento y m\u00e1s \u00edntimo, tener un ritual as\u00ed se siente incre\u00edble.<\/p>\n\n\n\n<p>Este oto\u00f1o, dale a tu melena un momento cozy, suave y luminoso. Nashi Argan cabello no solo transforma c\u00f3mo se ve tu pelo; transforma lo que sientes cada vez que lo cuidas.<\/p>\n<!--themify_builder_content-->\n<div id=\"themify_builder_content-111355\" data-postid=\"111355\" class=\"themify_builder_content themify_builder_content-111355 themify_builder tf_clear\">\n    <\/div>\n<!--\/themify_builder_content-->\n","protected":false},"excerpt":{"rendered":"<p>El oto\u00f1o ya lleg\u00f3 con toda su est\u00e9tica cozy, pero tambi\u00e9n con ese mood donde tu melena empieza a pedir auxilio: frizz, resequedad, puntas rebeldes\u2026 todo al mismo tiempo. Y aunque cambiar de estaci\u00f3n siempre altera la vibra del cabello, Nashi Argan cabello se ha convertido en el aliado que est\u00e1 salvando rutinas por todo [&hellip;]<\/p>\n","protected":false},"author":2,"featured_media":111358,"comment_status":"open","ping_status":"open","sticky":false,"template":"","format":"standard","meta":{"_jetpack_memberships_contains_paid_content":false,"footnotes":"","jetpack_publicize_message":"","jetpack_publicize_feature_enabled":true,"jetpack_social_post_already_shared":true,"jetpack_social_options":{"image_generator_settings":{"template":"highway","default_image_id":0,"font":"","enabled":false},"version":2}},"categories":[9858],"tags":[],"class_list":["post-111355","post","type-post","status-publish","format-standard","has-post-thumbnail","hentry","category-beauty","has-post-title","has-post-date","has-post-category","has-post-tag","has-post-comment","has-post-author",""],"yoast_head":"<!-- This site is optimized with the Yoast SEO plugin v27.5 - https:\/\/yoast.com\/product\/yoast-seo-wordpress\/ -->\n<title>Nashi Argan: cabello oto\u00f1al perfecto - Zero Magazine<\/title>\n<meta name=\"description\" content=\"Descubre c\u00f3mo Nashi Argan cabello transforma tu melena este oto\u00f1o con brillo, suavidad y cero frizz.\" \/>\n<meta name=\"robots\" content=\"index, follow, max-snippet:-1, max-image-preview:large, max-video-preview:-1\" \/>\n<link rel=\"canonical\" href=\"https:\/\/zeromagazine.mx\/index.php\/2025\/11\/29\/nashi-argan-cabello-otono\/\" \/>\n<meta property=\"og:locale\" content=\"es_ES\" \/>\n<meta property=\"og:type\" content=\"article\" \/>\n<meta property=\"og:title\" content=\"Nashi Argan: cabello oto\u00f1al perfecto - Zero Magazine\" \/>\n<meta property=\"og:description\" content=\"Descubre c\u00f3mo Nashi Argan cabello transforma tu melena este oto\u00f1o con brillo, suavidad y cero frizz.\" \/>\n<meta property=\"og:url\" content=\"https:\/\/zeromagazine.mx\/index.php\/2025\/11\/29\/nashi-argan-cabello-otono\/\" \/>\n<meta property=\"og:site_name\" content=\"Zero Magazine\" \/>\n<meta property=\"article:published_time\" content=\"2025-11-30T02:19:42+00:00\" \/>\n<meta property=\"article:modified_time\" content=\"2025-11-30T02:19:43+00:00\" \/>\n<meta property=\"og:image\" content=\"http:\/\/zeromagazine.mx\/wp-content\/uploads\/2025\/11\/1000042132.jpg\" \/>\n\t<meta property=\"og:image:width\" content=\"1200\" \/>\n\t<meta property=\"og:image:height\" content=\"1200\" \/>\n\t<meta property=\"og:image:type\" content=\"image\/jpeg\" \/>\n<meta name=\"author\" content=\"zeromagazinemx\" \/>\n<meta name=\"twitter:card\" content=\"summary_large_image\" \/>\n<meta name=\"twitter:label1\" content=\"Escrito por\" \/>\n\t<meta name=\"twitter:data1\" content=\"zeromagazinemx\" \/>\n\t<meta name=\"twitter:label2\" content=\"Tiempo de lectura\" \/>\n\t<meta name=\"twitter:data2\" content=\"3 minutos\" \/>\n<script type=\"application\/ld+json\" class=\"yoast-schema-graph\">{\"@context\":\"https:\\\/\\\/schema.org\",\"@graph\":[{\"@type\":\"Article\",\"@id\":\"https:\\\/\\\/zeromagazine.mx\\\/index.php\\\/2025\\\/11\\\/29\\\/nashi-argan-cabello-otono\\\/#article\",\"isPartOf\":{\"@id\":\"https:\\\/\\\/zeromagazine.mx\\\/index.php\\\/2025\\\/11\\\/29\\\/nashi-argan-cabello-otono\\\/\"},\"author\":{\"name\":\"zeromagazinemx\",\"@id\":\"https:\\\/\\\/zeromagazine.mx\\\/#\\\/schema\\\/person\\\/9aed9f33a7c39af3a348b86d723f7773\"},\"headline\":\"Nashi Argan: cabello oto\u00f1al perfecto\",\"datePublished\":\"2025-11-30T02:19:42+00:00\",\"dateModified\":\"2025-11-30T02:19:43+00:00\",\"mainEntityOfPage\":{\"@id\":\"https:\\\/\\\/zeromagazine.mx\\\/index.php\\\/2025\\\/11\\\/29\\\/nashi-argan-cabello-otono\\\/\"},\"wordCount\":506,\"commentCount\":0,\"publisher\":{\"@id\":\"https:\\\/\\\/zeromagazine.mx\\\/#organization\"},\"image\":{\"@id\":\"https:\\\/\\\/zeromagazine.mx\\\/index.php\\\/2025\\\/11\\\/29\\\/nashi-argan-cabello-otono\\\/#primaryimage\"},\"thumbnailUrl\":\"https:\\\/\\\/i0.wp.com\\\/zeromagazine.mx\\\/wp-content\\\/uploads\\\/2025\\\/11\\\/1000042132.jpg?fit=1200%2C1200&ssl=1\",\"articleSection\":[\"Beauty\"],\"inLanguage\":\"es\",\"potentialAction\":[{\"@type\":\"CommentAction\",\"name\":\"Comment\",\"target\":[\"https:\\\/\\\/zeromagazine.mx\\\/index.php\\\/2025\\\/11\\\/29\\\/nashi-argan-cabello-otono\\\/#respond\"]}]},{\"@type\":\"WebPage\",\"@id\":\"https:\\\/\\\/zeromagazine.mx\\\/index.php\\\/2025\\\/11\\\/29\\\/nashi-argan-cabello-otono\\\/\",\"url\":\"https:\\\/\\\/zeromagazine.mx\\\/index.php\\\/2025\\\/11\\\/29\\\/nashi-argan-cabello-otono\\\/\",\"name\":\"Nashi Argan: cabello oto\u00f1al perfecto - Zero Magazine\",\"isPartOf\":{\"@id\":\"https:\\\/\\\/zeromagazine.mx\\\/#website\"},\"primaryImageOfPage\":{\"@id\":\"https:\\\/\\\/zeromagazine.mx\\\/index.php\\\/2025\\\/11\\\/29\\\/nashi-argan-cabello-otono\\\/#primaryimage\"},\"image\":{\"@id\":\"https:\\\/\\\/zeromagazine.mx\\\/index.php\\\/2025\\\/11\\\/29\\\/nashi-argan-cabello-otono\\\/#primaryimage\"},\"thumbnailUrl\":\"https:\\\/\\\/i0.wp.com\\\/zeromagazine.mx\\\/wp-content\\\/uploads\\\/2025\\\/11\\\/1000042132.jpg?fit=1200%2C1200&ssl=1\",\"datePublished\":\"2025-11-30T02:19:42+00:00\",\"dateModified\":\"2025-11-30T02:19:43+00:00\",\"description\":\"Descubre c\u00f3mo Nashi Argan cabello transforma tu melena este oto\u00f1o con brillo, suavidad y cero frizz.\",\"breadcrumb\":{\"@id\":\"https:\\\/\\\/zeromagazine.mx\\\/index.php\\\/2025\\\/11\\\/29\\\/nashi-argan-cabello-otono\\\/#breadcrumb\"},\"inLanguage\":\"es\",\"potentialAction\":[{\"@type\":\"ReadAction\",\"target\":[\"https:\\\/\\\/zeromagazine.mx\\\/index.php\\\/2025\\\/11\\\/29\\\/nashi-argan-cabello-otono\\\/\"]}]},{\"@type\":\"ImageObject\",\"inLanguage\":\"es\",\"@id\":\"https:\\\/\\\/zeromagazine.mx\\\/index.php\\\/2025\\\/11\\\/29\\\/nashi-argan-cabello-otono\\\/#primaryimage\",\"url\":\"https:\\\/\\\/i0.wp.com\\\/zeromagazine.mx\\\/wp-content\\\/uploads\\\/2025\\\/11\\\/1000042132.jpg?fit=1200%2C1200&ssl=1\",\"contentUrl\":\"https:\\\/\\\/i0.wp.com\\\/zeromagazine.mx\\\/wp-content\\\/uploads\\\/2025\\\/11\\\/1000042132.jpg?fit=1200%2C1200&ssl=1\",\"width\":1200,\"height\":1200},{\"@type\":\"BreadcrumbList\",\"@id\":\"https:\\\/\\\/zeromagazine.mx\\\/index.php\\\/2025\\\/11\\\/29\\\/nashi-argan-cabello-otono\\\/#breadcrumb\",\"itemListElement\":[{\"@type\":\"ListItem\",\"position\":1,\"name\":\"Portada\",\"item\":\"https:\\\/\\\/zeromagazine.mx\\\/\"},{\"@type\":\"ListItem\",\"position\":2,\"name\":\"Nashi Argan: cabello oto\u00f1al perfecto\"}]},{\"@type\":\"WebSite\",\"@id\":\"https:\\\/\\\/zeromagazine.mx\\\/#website\",\"url\":\"https:\\\/\\\/zeromagazine.mx\\\/\",\"name\":\"Zero Magazine\",\"description\":\"\",\"publisher\":{\"@id\":\"https:\\\/\\\/zeromagazine.mx\\\/#organization\"},\"potentialAction\":[{\"@type\":\"SearchAction\",\"target\":{\"@type\":\"EntryPoint\",\"urlTemplate\":\"https:\\\/\\\/zeromagazine.mx\\\/?s={search_term_string}\"},\"query-input\":{\"@type\":\"PropertyValueSpecification\",\"valueRequired\":true,\"valueName\":\"search_term_string\"}}],\"inLanguage\":\"es\"},{\"@type\":\"Organization\",\"@id\":\"https:\\\/\\\/zeromagazine.mx\\\/#organization\",\"name\":\"Zero Magazine\",\"url\":\"https:\\\/\\\/zeromagazine.mx\\\/\",\"logo\":{\"@type\":\"ImageObject\",\"inLanguage\":\"es\",\"@id\":\"https:\\\/\\\/zeromagazine.mx\\\/#\\\/schema\\\/logo\\\/image\\\/\",\"url\":\"https:\\\/\\\/i0.wp.com\\\/zeromagazine.mx\\\/wp-content\\\/uploads\\\/2025\\\/11\\\/1.jpeg?fit=1000%2C1000&ssl=1\",\"contentUrl\":\"https:\\\/\\\/i0.wp.com\\\/zeromagazine.mx\\\/wp-content\\\/uploads\\\/2025\\\/11\\\/1.jpeg?fit=1000%2C1000&ssl=1\",\"width\":1000,\"height\":1000,\"caption\":\"Zero Magazine\"},\"image\":{\"@id\":\"https:\\\/\\\/zeromagazine.mx\\\/#\\\/schema\\\/logo\\\/image\\\/\"},\"sameAs\":[\"https:\\\/\\\/instagram.com\\\/zeromagazinemx\"]},{\"@type\":\"Person\",\"@id\":\"https:\\\/\\\/zeromagazine.mx\\\/#\\\/schema\\\/person\\\/9aed9f33a7c39af3a348b86d723f7773\",\"name\":\"zeromagazinemx\",\"image\":{\"@type\":\"ImageObject\",\"inLanguage\":\"es\",\"@id\":\"https:\\\/\\\/zeromagazine.mx\\\/wp-content\\\/litespeed\\\/avatar\\\/f91dfe5410d5dcb1a576bf8c45983896.jpg?ver=1777571230\",\"url\":\"https:\\\/\\\/zeromagazine.mx\\\/wp-content\\\/litespeed\\\/avatar\\\/f91dfe5410d5dcb1a576bf8c45983896.jpg?ver=1777571230\",\"contentUrl\":\"https:\\\/\\\/zeromagazine.mx\\\/wp-content\\\/litespeed\\\/avatar\\\/f91dfe5410d5dcb1a576bf8c45983896.jpg?ver=1777571230\",\"caption\":\"zeromagazinemx\"},\"url\":\"https:\\\/\\\/zeromagazine.mx\\\/index.php\\\/author\\\/zeromagazinemx\\\/\"}]}<\/script>\n<!-- \/ Yoast SEO plugin. -->","yoast_head_json":{"title":"Nashi Argan: cabello oto\u00f1al perfecto - Zero Magazine","description":"Descubre c\u00f3mo Nashi Argan cabello transforma tu melena este oto\u00f1o con brillo, suavidad y cero frizz.","robots":{"index":"index","follow":"follow","max-snippet":"max-snippet:-1","max-image-preview":"max-image-preview:large","max-video-preview":"max-video-preview:-1"},"canonical":"https:\/\/zeromagazine.mx\/index.php\/2025\/11\/29\/nashi-argan-cabello-otono\/","og_locale":"es_ES","og_type":"article","og_title":"Nashi Argan: cabello oto\u00f1al perfecto - Zero Magazine","og_description":"Descubre c\u00f3mo Nashi Argan cabello transforma tu melena este oto\u00f1o con brillo, suavidad y cero frizz.","og_url":"https:\/\/zeromagazine.mx\/index.php\/2025\/11\/29\/nashi-argan-cabello-otono\/","og_site_name":"Zero Magazine","article_published_time":"2025-11-30T02:19:42+00:00","article_modified_time":"2025-11-30T02:19:43+00:00","og_image":[{"width":1200,"height":1200,"url":"http:\/\/zeromagazine.mx\/wp-content\/uploads\/2025\/11\/1000042132.jpg","type":"image\/jpeg"}],"author":"zeromagazinemx","twitter_card":"summary_large_image","twitter_misc":{"Escrito por":"zeromagazinemx","Tiempo de lectura":"3 minutos"},"schema":{"@context":"https:\/\/schema.org","@graph":[{"@type":"Article","@id":"https:\/\/zeromagazine.mx\/index.php\/2025\/11\/29\/nashi-argan-cabello-otono\/#article","isPartOf":{"@id":"https:\/\/zeromagazine.mx\/index.php\/2025\/11\/29\/nashi-argan-cabello-otono\/"},"author":{"name":"zeromagazinemx","@id":"https:\/\/zeromagazine.mx\/#\/schema\/person\/9aed9f33a7c39af3a348b86d723f7773"},"headline":"Nashi Argan: cabello oto\u00f1al perfecto","datePublished":"2025-11-30T02:19:42+00:00","dateModified":"2025-11-30T02:19:43+00:00","mainEntityOfPage":{"@id":"https:\/\/zeromagazine.mx\/index.php\/2025\/11\/29\/nashi-argan-cabello-otono\/"},"wordCount":506,"commentCount":0,"publisher":{"@id":"https:\/\/zeromagazine.mx\/#organization"},"image":{"@id":"https:\/\/zeromagazine.mx\/index.php\/2025\/11\/29\/nashi-argan-cabello-otono\/#primaryimage"},"thumbnailUrl":"https:\/\/i0.wp.com\/zeromagazine.mx\/wp-content\/uploads\/2025\/11\/1000042132.jpg?fit=1200%2C1200&ssl=1","articleSection":["Beauty"],"inLanguage":"es","potentialAction":[{"@type":"CommentAction","name":"Comment","target":["https:\/\/zeromagazine.mx\/index.php\/2025\/11\/29\/nashi-argan-cabello-otono\/#respond"]}]},{"@type":"WebPage","@id":"https:\/\/zeromagazine.mx\/index.php\/2025\/11\/29\/nashi-argan-cabello-otono\/","url":"https:\/\/zeromagazine.mx\/index.php\/2025\/11\/29\/nashi-argan-cabello-otono\/","name":"Nashi Argan: cabello oto\u00f1al perfecto - Zero Magazine","isPartOf":{"@id":"https:\/\/zeromagazine.mx\/#website"},"primaryImageOfPage":{"@id":"https:\/\/zeromagazine.mx\/index.php\/2025\/11\/29\/nashi-argan-cabello-otono\/#primaryimage"},"image":{"@id":"https:\/\/zeromagazine.mx\/index.php\/2025\/11\/29\/nashi-argan-cabello-otono\/#primaryimage"},"thumbnailUrl":"https:\/\/i0.wp.com\/zeromagazine.mx\/wp-content\/uploads\/2025\/11\/1000042132.jpg?fit=1200%2C1200&ssl=1","datePublished":"2025-11-30T02:19:42+00:00","dateModified":"2025-11-30T02:19:43+00:00","description":"Descubre c\u00f3mo Nashi Argan cabello transforma tu melena este oto\u00f1o con brillo, suavidad y cero frizz.","breadcrumb":{"@id":"https:\/\/zeromagazine.mx\/index.php\/2025\/11\/29\/nashi-argan-cabello-otono\/#breadcrumb"},"inLanguage":"es","potentialAction":[{"@type":"ReadAction","target":["https:\/\/zeromagazine.mx\/index.php\/2025\/11\/29\/nashi-argan-cabello-otono\/"]}]},{"@type":"ImageObject","inLanguage":"es","@id":"https:\/\/zeromagazine.mx\/index.php\/2025\/11\/29\/nashi-argan-cabello-otono\/#primaryimage","url":"https:\/\/i0.wp.com\/zeromagazine.mx\/wp-content\/uploads\/2025\/11\/1000042132.jpg?fit=1200%2C1200&ssl=1","contentUrl":"https:\/\/i0.wp.com\/zeromagazine.mx\/wp-content\/uploads\/2025\/11\/1000042132.jpg?fit=1200%2C1200&ssl=1","width":1200,"height":1200},{"@type":"BreadcrumbList","@id":"https:\/\/zeromagazine.mx\/index.php\/2025\/11\/29\/nashi-argan-cabello-otono\/#breadcrumb","itemListElement":[{"@type":"ListItem","position":1,"name":"Portada","item":"https:\/\/zeromagazine.mx\/"},{"@type":"ListItem","position":2,"name":"Nashi Argan: cabello oto\u00f1al perfecto"}]},{"@type":"WebSite","@id":"https:\/\/zeromagazine.mx\/#website","url":"https:\/\/zeromagazine.mx\/","name":"Zero Magazine","description":"","publisher":{"@id":"https:\/\/zeromagazine.mx\/#organization"},"potentialAction":[{"@type":"SearchAction","target":{"@type":"EntryPoint","urlTemplate":"https:\/\/zeromagazine.mx\/?s={search_term_string}"},"query-input":{"@type":"PropertyValueSpecification","valueRequired":true,"valueName":"search_term_string"}}],"inLanguage":"es"},{"@type":"Organization","@id":"https:\/\/zeromagazine.mx\/#organization","name":"Zero Magazine","url":"https:\/\/zeromagazine.mx\/","logo":{"@type":"ImageObject","inLanguage":"es","@id":"https:\/\/zeromagazine.mx\/#\/schema\/logo\/image\/","url":"https:\/\/i0.wp.com\/zeromagazine.mx\/wp-content\/uploads\/2025\/11\/1.jpeg?fit=1000%2C1000&ssl=1","contentUrl":"https:\/\/i0.wp.com\/zeromagazine.mx\/wp-content\/uploads\/2025\/11\/1.jpeg?fit=1000%2C1000&ssl=1","width":1000,"height":1000,"caption":"Zero Magazine"},"image":{"@id":"https:\/\/zeromagazine.mx\/#\/schema\/logo\/image\/"},"sameAs":["https:\/\/instagram.com\/zeromagazinemx"]},{"@type":"Person","@id":"https:\/\/zeromagazine.mx\/#\/schema\/person\/9aed9f33a7c39af3a348b86d723f7773","name":"zeromagazinemx","image":{"@type":"ImageObject","inLanguage":"es","@id":"https:\/\/zeromagazine.mx\/wp-content\/litespeed\/avatar\/f91dfe5410d5dcb1a576bf8c45983896.jpg?ver=1777571230","url":"https:\/\/zeromagazine.mx\/wp-content\/litespeed\/avatar\/f91dfe5410d5dcb1a576bf8c45983896.jpg?ver=1777571230","contentUrl":"https:\/\/zeromagazine.mx\/wp-content\/litespeed\/avatar\/f91dfe5410d5dcb1a576bf8c45983896.jpg?ver=1777571230","caption":"zeromagazinemx"},"url":"https:\/\/zeromagazine.mx\/index.php\/author\/zeromagazinemx\/"}]}},"jetpack_publicize_connections":[],"jetpack_featured_media_url":"https:\/\/i0.wp.com\/zeromagazine.mx\/wp-content\/uploads\/2025\/11\/1000042132.jpg?fit=1200%2C1200&ssl=1","jetpack-related-posts":[{"id":94081,"url":"https:\/\/zeromagazine.mx\/index.php\/2025\/01\/04\/nashi-lo-mejor-de-italia-a-tu-cabello\/","url_meta":{"origin":111355,"position":0},"title":"Nashi: Tu Cabello, Tu Regreso","author":"David Morales","date":"4 de enero de 2025","format":false,"excerpt":"Hey, guape! Si tu cabello ha estado gritando \u201cSOS\u201d \u00faltimamente, te traigo la soluci\u00f3n definitiva. Soy El Poderoso Dave y hoy les voy a contar sobre FILLER THERAPY, la nueva l\u00ednea de Nashi Argan que promete revivir hasta el cabello m\u00e1s sufrido. Esto no es cualquier cosa, es tecnolog\u00eda molecular\u2026","rel":"","context":"En \u00abBlog\u00bb","block_context":{"text":"Blog","link":"https:\/\/zeromagazine.mx\/index.php\/category\/blog\/"},"img":{"alt_text":"","src":"https:\/\/i0.wp.com\/zeromagazine.mx\/wp-content\/uploads\/2025\/01\/IMG_2875.jpeg?fit=800%2C1200&ssl=1&resize=350%2C200","width":350,"height":200,"srcset":"https:\/\/i0.wp.com\/zeromagazine.mx\/wp-content\/uploads\/2025\/01\/IMG_2875.jpeg?fit=800%2C1200&ssl=1&resize=350%2C200 1x, https:\/\/i0.wp.com\/zeromagazine.mx\/wp-content\/uploads\/2025\/01\/IMG_2875.jpeg?fit=800%2C1200&ssl=1&resize=525%2C300 1.5x, https:\/\/i0.wp.com\/zeromagazine.mx\/wp-content\/uploads\/2025\/01\/IMG_2875.jpeg?fit=800%2C1200&ssl=1&resize=700%2C400 2x"},"classes":[]},{"id":118770,"url":"https:\/\/zeromagazine.mx\/index.php\/2026\/04\/16\/tendencias-cuidado-personal-abril-lanzamientos\/","url_meta":{"origin":111355,"position":1},"title":"Novedades de abril","author":"zeromagazinemx","date":"16 de abril de 2026","format":false,"excerpt":"La temporada donde el cuidado personal deja de ser rutina y se vuelve decisi\u00f3n Abril no llega con m\u00e1s productos, llega con una nueva forma de consumir belleza.Una donde el lujo no est\u00e1 en acumular, sino en elegir mejor. Entre lanzamientos y propuestas de Authentic Beauty Concept, Need Beauty y\u2026","rel":"","context":"En \u00abBeauty\u00bb","block_context":{"text":"Beauty","link":"https:\/\/zeromagazine.mx\/index.php\/category\/beauty\/"},"img":{"alt_text":"","src":"https:\/\/i0.wp.com\/zeromagazine.mx\/wp-content\/uploads\/2026\/04\/Gemini_Generated_Image_e6p3ice6p3ice6p3.png?fit=928%2C1152&ssl=1&resize=350%2C200","width":350,"height":200,"srcset":"https:\/\/i0.wp.com\/zeromagazine.mx\/wp-content\/uploads\/2026\/04\/Gemini_Generated_Image_e6p3ice6p3ice6p3.png?fit=928%2C1152&ssl=1&resize=350%2C200 1x, https:\/\/i0.wp.com\/zeromagazine.mx\/wp-content\/uploads\/2026\/04\/Gemini_Generated_Image_e6p3ice6p3ice6p3.png?fit=928%2C1152&ssl=1&resize=525%2C300 1.5x, https:\/\/i0.wp.com\/zeromagazine.mx\/wp-content\/uploads\/2026\/04\/Gemini_Generated_Image_e6p3ice6p3ice6p3.png?fit=928%2C1152&ssl=1&resize=700%2C400 2x"},"classes":[]},{"id":117230,"url":"https:\/\/zeromagazine.mx\/index.php\/2026\/03\/24\/beauty-trends-abril-2026-cuidado-personal\/","url_meta":{"origin":111355,"position":2},"title":"Beauty Trends Abril 2026 que amar\u00e1s","author":"zeromagazinemx","date":"24 de marzo de 2026","format":false,"excerpt":"Abril llega con esa energ\u00eda de reinicio que no solo se siente en el clima, tambi\u00e9n en la forma en la que entendemos el cuidado personal. Esta temporada no se trata de acumular productos, sino de elegir mejor, conectar con lo que usamos y, sobre todo, construir rituales que s\u00ed\u2026","rel":"","context":"En \u00abBeauty\u00bb","block_context":{"text":"Beauty","link":"https:\/\/zeromagazine.mx\/index.php\/category\/beauty\/"},"img":{"alt_text":"","src":"https:\/\/i0.wp.com\/zeromagazine.mx\/wp-content\/uploads\/2026\/03\/ABC_Replenish_RL_25_144_v2.png?fit=480%2C850&ssl=1&resize=350%2C200","width":350,"height":200},"classes":[]},{"id":99378,"url":"https:\/\/zeromagazine.mx\/index.php\/2025\/03\/24\/vacaciones-plenas-y-bienestar-total-con-lysi\/","url_meta":{"origin":111355,"position":3},"title":"L\u00fdsi: Vacaciones y Bienestar Total","author":"David Morales","date":"24 de marzo de 2025","format":false,"excerpt":"Amix, ya llegaron las vacaciones y obvio queremos desconectarnos del estr\u00e9s, recargar pilas y sentirnos incre\u00edbles. Pero la neta es que no todo es tirar la flojera, tambi\u00e9n necesitamos cuidar de nuestro cuerpo y mente para regresar con toda la actitud. Por eso, aqu\u00ed te traigo algunos tips y productos\u2026","rel":"","context":"En \u00abBienestar\u00bb","block_context":{"text":"Bienestar","link":"https:\/\/zeromagazine.mx\/index.php\/category\/lifestyle\/bienestar\/"},"img":{"alt_text":"","src":"https:\/\/i0.wp.com\/zeromagazine.mx\/wp-content\/uploads\/2025\/03\/Copia-de-lysi-mexico-capsulas-omega-3-forte-46258881397052_900x.webp?fit=900%2C900&ssl=1&resize=350%2C200","width":350,"height":200,"srcset":"https:\/\/i0.wp.com\/zeromagazine.mx\/wp-content\/uploads\/2025\/03\/Copia-de-lysi-mexico-capsulas-omega-3-forte-46258881397052_900x.webp?fit=900%2C900&ssl=1&resize=350%2C200 1x, https:\/\/i0.wp.com\/zeromagazine.mx\/wp-content\/uploads\/2025\/03\/Copia-de-lysi-mexico-capsulas-omega-3-forte-46258881397052_900x.webp?fit=900%2C900&ssl=1&resize=525%2C300 1.5x, https:\/\/i0.wp.com\/zeromagazine.mx\/wp-content\/uploads\/2025\/03\/Copia-de-lysi-mexico-capsulas-omega-3-forte-46258881397052_900x.webp?fit=900%2C900&ssl=1&resize=700%2C400 2x"},"classes":[]},{"id":113055,"url":"https:\/\/zeromagazine.mx\/index.php\/2026\/01\/12\/belleza-consciente-enero-reset\/","url_meta":{"origin":111355,"position":4},"title":"Belleza consciente en enero","author":"zeromagazinemx","date":"12 de enero de 2026","format":false,"excerpt":"Enero siempre se siente como ese bot\u00f3n de refresh que no sab\u00edas que necesitabas. Todo va un poco m\u00e1s lento, las rutinas se simplifican y empezamos a cuestionarnos qu\u00e9 s\u00ed vale la pena mantener. En ese mood entra la belleza consciente, una forma m\u00e1s real, honesta y cero exagerada de\u2026","rel":"","context":"En \u00abBeauty\u00bb","block_context":{"text":"Beauty","link":"https:\/\/zeromagazine.mx\/index.php\/category\/beauty\/"},"img":{"alt_text":"","src":"https:\/\/i0.wp.com\/zeromagazine.mx\/wp-content\/uploads\/2026\/01\/1000047231.jpg?fit=960%2C1200&ssl=1&resize=350%2C200","width":350,"height":200,"srcset":"https:\/\/i0.wp.com\/zeromagazine.mx\/wp-content\/uploads\/2026\/01\/1000047231.jpg?fit=960%2C1200&ssl=1&resize=350%2C200 1x, https:\/\/i0.wp.com\/zeromagazine.mx\/wp-content\/uploads\/2026\/01\/1000047231.jpg?fit=960%2C1200&ssl=1&resize=525%2C300 1.5x, https:\/\/i0.wp.com\/zeromagazine.mx\/wp-content\/uploads\/2026\/01\/1000047231.jpg?fit=960%2C1200&ssl=1&resize=700%2C400 2x"},"classes":[]},{"id":78037,"url":"https:\/\/zeromagazine.mx\/index.php\/2024\/06\/14\/domina-el-calor-con-estilo-refresca-tu-cabello-con-hask-esta-temporada\/","url_meta":{"origin":111355,"position":5},"title":"\u00a1Domina el Calor con Estilo! Refresca tu Cabello con Hask esta Temporada","author":"zeromagazinemx","date":"14 de junio de 2024","format":false,"excerpt":"Amixes, sabemos que el verano trae consigo d\u00edas llenos de sol y diversi\u00f3n, pero tambi\u00e9n puede ser duro para nuestro cabello. El sol, el agua salada y el cloro pueden dejarlo seco y sin vida. Es por eso que es crucial protegerlo e hidratarlo adecuadamente. Y aqu\u00ed es donde Hask\u2026","rel":"","context":"En \u00abBlog\u00bb","block_context":{"text":"Blog","link":"https:\/\/zeromagazine.mx\/index.php\/category\/blog\/"},"img":{"alt_text":"","src":"https:\/\/i0.wp.com\/zeromagazine.mx\/wp-content\/uploads\/2024\/06\/slim-woman-enjoying-exotic-place-joyful-tanned-lady-standing-near-palm-trees-smiling-scaled.jpg?fit=1200%2C800&ssl=1&resize=350%2C200","width":350,"height":200,"srcset":"https:\/\/i0.wp.com\/zeromagazine.mx\/wp-content\/uploads\/2024\/06\/slim-woman-enjoying-exotic-place-joyful-tanned-lady-standing-near-palm-trees-smiling-scaled.jpg?fit=1200%2C800&ssl=1&resize=350%2C200 1x, https:\/\/i0.wp.com\/zeromagazine.mx\/wp-content\/uploads\/2024\/06\/slim-woman-enjoying-exotic-place-joyful-tanned-lady-standing-near-palm-trees-smiling-scaled.jpg?fit=1200%2C800&ssl=1&resize=525%2C300 1.5x, https:\/\/i0.wp.com\/zeromagazine.mx\/wp-content\/uploads\/2024\/06\/slim-woman-enjoying-exotic-place-joyful-tanned-lady-standing-near-palm-trees-smiling-scaled.jpg?fit=1200%2C800&ssl=1&resize=700%2C400 2x, https:\/\/i0.wp.com\/zeromagazine.mx\/wp-content\/uploads\/2024\/06\/slim-woman-enjoying-exotic-place-joyful-tanned-lady-standing-near-palm-trees-smiling-scaled.jpg?fit=1200%2C800&ssl=1&resize=1050%2C600 3x"},"classes":[]}],"jetpack_sharing_enabled":true,"builder_content":"","_links":{"self":[{"href":"https:\/\/zeromagazine.mx\/index.php\/wp-json\/wp\/v2\/posts\/111355","targetHints":{"allow":["GET"]}}],"collection":[{"href":"https:\/\/zeromagazine.mx\/index.php\/wp-json\/wp\/v2\/posts"}],"about":[{"href":"https:\/\/zeromagazine.mx\/index.php\/wp-json\/wp\/v2\/types\/post"}],"author":[{"embeddable":true,"href":"https:\/\/zeromagazine.mx\/index.php\/wp-json\/wp\/v2\/users\/2"}],"replies":[{"embeddable":true,"href":"https:\/\/zeromagazine.mx\/index.php\/wp-json\/wp\/v2\/comments?post=111355"}],"version-history":[{"count":1,"href":"https:\/\/zeromagazine.mx\/index.php\/wp-json\/wp\/v2\/posts\/111355\/revisions"}],"predecessor-version":[{"id":111359,"href":"https:\/\/zeromagazine.mx\/index.php\/wp-json\/wp\/v2\/posts\/111355\/revisions\/111359"}],"wp:featuredmedia":[{"embeddable":true,"href":"https:\/\/zeromagazine.mx\/index.php\/wp-json\/wp\/v2\/media\/111358"}],"wp:attachment":[{"href":"https:\/\/zeromagazine.mx\/index.php\/wp-json\/wp\/v2\/media?parent=111355"}],"wp:term":[{"taxonomy":"category","embeddable":true,"href":"https:\/\/zeromagazine.mx\/index.php\/wp-json\/wp\/v2\/categories?post=111355"},{"taxonomy":"post_tag","embeddable":true,"href":"https:\/\/zeromagazine.mx\/index.php\/wp-json\/wp\/v2\/tags?post=111355"}],"curies":[{"name":"wp","href":"https:\/\/api.w.org\/{rel}","templated":true}]}}