{"id":111379,"date":"2025-11-30T11:31:47","date_gmt":"2025-11-30T17:31:47","guid":{"rendered":"https:\/\/zeromagazine.mx\/?p=111379"},"modified":"2025-11-30T11:31:48","modified_gmt":"2025-11-30T17:31:48","slug":"original-mexico-vibra-alto","status":"publish","type":"post","link":"https:\/\/zeromagazine.mx\/index.php\/2025\/11\/30\/original-mexico-vibra-alto\/","title":{"rendered":"Original M\u00e9xico vibra alto"},"content":{"rendered":"\n<p>Si algo aprendimos este a\u00f1o es que Original M\u00e9xico no es un simple evento: es una vibra colectiva que te abraza apenas cruzas el primer acceso al Complejo Cultural Los Pinos. Entre m\u00fasica, comida brutalmente deliciosa y piezas textiles que parecen salidas de un sue\u00f1o, la edici\u00f3n del 28 de noviembre se vivi\u00f3 como una fiesta donde el arte mexicano brill\u00f3 sin filtros.<\/p>\n\n\n\n<p>Adem\u00e1s, en cuanto pisas el recinto es imposible no sentir esa mezcla de energ\u00eda y orgullo. M\u00e1s de 400 artesanas y artesanos de distintas comunidades del pa\u00eds llevaron sus creaciones directamente al p\u00fablico. Cada pieza desde textiles bordados hasta accesorios que parecen esculturas portables se sinti\u00f3 como una carta de amor a nuestras ra\u00edces.<\/p>\n\n\n\n<figure class=\"wp-block-image size-full\"><img data-recalc-dims=\"1\" decoding=\"async\" width=\"1165\" height=\"1648\" src=\"https:\/\/i0.wp.com\/zeromagazine.mx\/wp-content\/uploads\/2025\/11\/1000042261.png?resize=1165%2C1648&#038;ssl=1\" alt=\"\" class=\"wp-image-111380\" srcset=\"https:\/\/i0.wp.com\/zeromagazine.mx\/wp-content\/uploads\/2025\/11\/1000042261.png?w=1414&amp;ssl=1 1414w, https:\/\/i0.wp.com\/zeromagazine.mx\/wp-content\/uploads\/2025\/11\/1000042261.png?resize=212%2C300&amp;ssl=1 212w, https:\/\/i0.wp.com\/zeromagazine.mx\/wp-content\/uploads\/2025\/11\/1000042261.png?resize=724%2C1024&amp;ssl=1 724w, https:\/\/i0.wp.com\/zeromagazine.mx\/wp-content\/uploads\/2025\/11\/1000042261.png?resize=768%2C1086&amp;ssl=1 768w, https:\/\/i0.wp.com\/zeromagazine.mx\/wp-content\/uploads\/2025\/11\/1000042261.png?resize=1086%2C1536&amp;ssl=1 1086w\" sizes=\"(max-width: 1165px) 100vw, 1165px\" \/><\/figure>\n\n\n\n<h2 class=\"wp-block-heading\">Original M\u00e9xico y la fuerza del dise\u00f1o vivo<\/h2>\n\n\n\n<p>Para empezar, la pasarela fue uno de esos momentos que te detienen el coraz\u00f3n un segundo. Presentada por Celina del Villar, reuni\u00f3 42 looks que demostraron que lo tradicional no solo convive con lo contempor\u00e1neo: lo eleva. Las prendas ten\u00edan ese equilibrio perfecto entre artesan\u00eda ancestral y est\u00e9tica actual. Literal, lo que vimos ayer lo podr\u00edas usar ma\u00f1ana para elevar cualquier outfit.<\/p>\n\n\n\n<figure class=\"wp-block-image size-full\"><img data-recalc-dims=\"1\" decoding=\"async\" width=\"1165\" height=\"1748\" src=\"https:\/\/i0.wp.com\/zeromagazine.mx\/wp-content\/uploads\/2025\/11\/1000042263.png?resize=1165%2C1748&#038;ssl=1\" alt=\"\" class=\"wp-image-111381\" srcset=\"https:\/\/i0.wp.com\/zeromagazine.mx\/wp-content\/uploads\/2025\/11\/1000042263.png?w=1333&amp;ssl=1 1333w, https:\/\/i0.wp.com\/zeromagazine.mx\/wp-content\/uploads\/2025\/11\/1000042263.png?resize=200%2C300&amp;ssl=1 200w, https:\/\/i0.wp.com\/zeromagazine.mx\/wp-content\/uploads\/2025\/11\/1000042263.png?resize=682%2C1024&amp;ssl=1 682w, https:\/\/i0.wp.com\/zeromagazine.mx\/wp-content\/uploads\/2025\/11\/1000042263.png?resize=768%2C1152&amp;ssl=1 768w, https:\/\/i0.wp.com\/zeromagazine.mx\/wp-content\/uploads\/2025\/11\/1000042263.png?resize=1024%2C1536&amp;ssl=1 1024w\" sizes=\"(max-width: 1165px) 100vw, 1165px\" \/><\/figure>\n\n\n\n<figure class=\"wp-block-image size-full\"><img data-recalc-dims=\"1\" decoding=\"async\" width=\"1165\" height=\"1748\" src=\"https:\/\/i0.wp.com\/zeromagazine.mx\/wp-content\/uploads\/2025\/11\/1000042264.png?resize=1165%2C1748&#038;ssl=1\" alt=\"\" class=\"wp-image-111382\" style=\"object-fit:cover\" srcset=\"https:\/\/i0.wp.com\/zeromagazine.mx\/wp-content\/uploads\/2025\/11\/1000042264.png?w=1333&amp;ssl=1 1333w, https:\/\/i0.wp.com\/zeromagazine.mx\/wp-content\/uploads\/2025\/11\/1000042264.png?resize=200%2C300&amp;ssl=1 200w, https:\/\/i0.wp.com\/zeromagazine.mx\/wp-content\/uploads\/2025\/11\/1000042264.png?resize=682%2C1024&amp;ssl=1 682w, https:\/\/i0.wp.com\/zeromagazine.mx\/wp-content\/uploads\/2025\/11\/1000042264.png?resize=768%2C1152&amp;ssl=1 768w, https:\/\/i0.wp.com\/zeromagazine.mx\/wp-content\/uploads\/2025\/11\/1000042264.png?resize=1024%2C1536&amp;ssl=1 1024w\" sizes=\"(max-width: 1165px) 100vw, 1165px\" \/><\/figure>\n\n\n\n<p>Adem\u00e1s, ver esas piezas caminando frente a cientos de personas y millones m\u00e1s a trav\u00e9s de Canal 22 hizo que todo se sintiera m\u00e1s grande. Porque s\u00ed: Original M\u00e9xico tambi\u00e9n vive en pantalla, as\u00ed que si te perdiste alguna pasarela, est\u00e1 ah\u00ed lista para darle play y enamorarte.<\/p>\n\n\n\n<figure class=\"wp-block-image size-full\"><img data-recalc-dims=\"1\" decoding=\"async\" width=\"1165\" height=\"1748\" src=\"https:\/\/i0.wp.com\/zeromagazine.mx\/wp-content\/uploads\/2025\/11\/1000042265.png?resize=1165%2C1748&#038;ssl=1\" alt=\"\" class=\"wp-image-111383\" srcset=\"https:\/\/i0.wp.com\/zeromagazine.mx\/wp-content\/uploads\/2025\/11\/1000042265.png?w=1333&amp;ssl=1 1333w, https:\/\/i0.wp.com\/zeromagazine.mx\/wp-content\/uploads\/2025\/11\/1000042265.png?resize=200%2C300&amp;ssl=1 200w, https:\/\/i0.wp.com\/zeromagazine.mx\/wp-content\/uploads\/2025\/11\/1000042265.png?resize=682%2C1024&amp;ssl=1 682w, https:\/\/i0.wp.com\/zeromagazine.mx\/wp-content\/uploads\/2025\/11\/1000042265.png?resize=768%2C1152&amp;ssl=1 768w, https:\/\/i0.wp.com\/zeromagazine.mx\/wp-content\/uploads\/2025\/11\/1000042265.png?resize=1024%2C1536&amp;ssl=1 1024w\" sizes=\"(max-width: 1165px) 100vw, 1165px\" \/><\/figure>\n\n\n\n<p>Por otro lado, la intenci\u00f3n detr\u00e1s de cada dise\u00f1o era clar\u00edsima: no guardar lo artesanal para ocasiones \u201cespeciales\u201d. Aqu\u00ed todo estaba pensado para vivirlo al diario, para sacarlo a la calle, para apropiarlo sin miedo. Eso es lo que lo hizo tan poderoso.<\/p>\n\n\n\n<figure class=\"wp-block-image size-full\"><img data-recalc-dims=\"1\" decoding=\"async\" width=\"1165\" height=\"1748\" src=\"https:\/\/i0.wp.com\/zeromagazine.mx\/wp-content\/uploads\/2025\/11\/1000042266.png?resize=1165%2C1748&#038;ssl=1\" alt=\"\" class=\"wp-image-111384\" srcset=\"https:\/\/i0.wp.com\/zeromagazine.mx\/wp-content\/uploads\/2025\/11\/1000042266.png?w=1333&amp;ssl=1 1333w, https:\/\/i0.wp.com\/zeromagazine.mx\/wp-content\/uploads\/2025\/11\/1000042266.png?resize=200%2C300&amp;ssl=1 200w, https:\/\/i0.wp.com\/zeromagazine.mx\/wp-content\/uploads\/2025\/11\/1000042266.png?resize=682%2C1024&amp;ssl=1 682w, https:\/\/i0.wp.com\/zeromagazine.mx\/wp-content\/uploads\/2025\/11\/1000042266.png?resize=768%2C1152&amp;ssl=1 768w, https:\/\/i0.wp.com\/zeromagazine.mx\/wp-content\/uploads\/2025\/11\/1000042266.png?resize=1024%2C1536&amp;ssl=1 1024w\" sizes=\"(max-width: 1165px) 100vw, 1165px\" \/><\/figure>\n\n\n\n<figure class=\"wp-block-image size-full\"><img data-recalc-dims=\"1\" decoding=\"async\" width=\"1165\" height=\"1748\" src=\"https:\/\/i0.wp.com\/zeromagazine.mx\/wp-content\/uploads\/2025\/11\/1000042267.png?resize=1165%2C1748&#038;ssl=1\" alt=\"\" class=\"wp-image-111385\" style=\"object-fit:cover\" srcset=\"https:\/\/i0.wp.com\/zeromagazine.mx\/wp-content\/uploads\/2025\/11\/1000042267.png?w=1333&amp;ssl=1 1333w, https:\/\/i0.wp.com\/zeromagazine.mx\/wp-content\/uploads\/2025\/11\/1000042267.png?resize=200%2C300&amp;ssl=1 200w, https:\/\/i0.wp.com\/zeromagazine.mx\/wp-content\/uploads\/2025\/11\/1000042267.png?resize=682%2C1024&amp;ssl=1 682w, https:\/\/i0.wp.com\/zeromagazine.mx\/wp-content\/uploads\/2025\/11\/1000042267.png?resize=768%2C1152&amp;ssl=1 768w, https:\/\/i0.wp.com\/zeromagazine.mx\/wp-content\/uploads\/2025\/11\/1000042267.png?resize=1024%2C1536&amp;ssl=1 1024w\" sizes=\"(max-width: 1165px) 100vw, 1165px\" \/><\/figure>\n\n\n\n<h2 class=\"wp-block-heading\">Original M\u00e9xico como espacio de comunidad<\/h2>\n\n\n\n<p>Igualmente, fuera de las pasarelas todo era pura vibra bonita. Gente bailando, artistas conectando, familias probando antojitos y turistas preguntando por el significado de cada t\u00e9cnica. En cada esquina hab\u00eda una historia, un origen, una tradici\u00f3n. Cada puesto parec\u00eda una ventana abierta a una cultura diferente dentro de nuestro propio pa\u00eds.<\/p>\n\n\n\n<p>Finalmente, algo qued\u00f3 clar\u00edsimo: este evento no es solo una expo, es un recordatorio de que las personas detr\u00e1s de cada pieza merecen el spotlight completo. Su trabajo es arte vivo, y Original M\u00e9xico les da el escenario que siempre debieron tener.<\/p>\n\n\n\n<p>Porque al final, no estamos comprando solo moda: estamos llevando con nosotros siglos de historia, manos que crean y voces que resisten. Y eso, honestamente, vale m\u00e1s que cualquier tendencia.<\/p>\n\n\n\n<figure class=\"wp-block-embed is-type-video is-provider-youtube wp-block-embed-youtube wp-embed-aspect-16-9 wp-has-aspect-ratio\"><div class=\"wp-block-embed__wrapper\">\n<div class=\"post-video\"><iframe title=\"#EnVivoAhora | Original Ciudad de M\u00e9xico: Encuentro de Arte Textil Mexicano - Pasarela 3\" width=\"1165\" height=\"655\" src=\"https:\/\/www.youtube.com\/embed\/Qpjza3Ytnz8?feature=oembed\" frameborder=\"0\" allow=\"accelerometer; autoplay; clipboard-write; encrypted-media; gyroscope; picture-in-picture; web-share\" referrerpolicy=\"strict-origin-when-cross-origin\" allowfullscreen><\/iframe><\/div>\n<\/div><\/figure>\n<!--themify_builder_content-->\n<div id=\"themify_builder_content-111379\" data-postid=\"111379\" class=\"themify_builder_content themify_builder_content-111379 themify_builder tf_clear\">\n    <\/div>\n<!--\/themify_builder_content-->\n","protected":false},"excerpt":{"rendered":"<p>Si algo aprendimos este a\u00f1o es que Original M\u00e9xico no es un simple evento: es una vibra colectiva que te abraza apenas cruzas el primer acceso al Complejo Cultural Los Pinos. Entre m\u00fasica, comida brutalmente deliciosa y piezas textiles que parecen salidas de un sue\u00f1o, la edici\u00f3n del 28 de noviembre se vivi\u00f3 como una [&hellip;]<\/p>\n","protected":false},"author":2,"featured_media":111386,"comment_status":"open","ping_status":"open","sticky":false,"template":"","format":"standard","meta":{"_jetpack_memberships_contains_paid_content":false,"footnotes":"","jetpack_publicize_message":"","jetpack_publicize_feature_enabled":true,"jetpack_social_post_already_shared":true,"jetpack_social_options":{"image_generator_settings":{"template":"highway","default_image_id":0,"font":"","enabled":false},"version":2}},"categories":[791,1403,67],"tags":[],"class_list":["post-111379","post","type-post","status-publish","format-standard","has-post-thumbnail","hentry","category-cultura","category-diseno","category-moda","has-post-title","has-post-date","has-post-category","has-post-tag","has-post-comment","has-post-author",""],"yoast_head":"<!-- This site is optimized with the Yoast SEO plugin v27.5 - https:\/\/yoast.com\/product\/yoast-seo-wordpress\/ -->\n<title>Original M\u00e9xico vibra alto - Zero Magazine<\/title>\n<meta name=\"robots\" content=\"index, follow, max-snippet:-1, max-image-preview:large, max-video-preview:-1\" \/>\n<link rel=\"canonical\" href=\"https:\/\/zeromagazine.mx\/index.php\/2025\/11\/30\/original-mexico-vibra-alto\/\" \/>\n<meta property=\"og:locale\" content=\"es_ES\" \/>\n<meta property=\"og:type\" content=\"article\" \/>\n<meta property=\"og:title\" content=\"Original M\u00e9xico vibra alto - Zero Magazine\" \/>\n<meta property=\"og:description\" content=\"Si algo aprendimos este a\u00f1o es que Original M\u00e9xico no es un simple evento: es una vibra colectiva que te abraza apenas cruzas el primer acceso al Complejo Cultural Los Pinos. Entre m\u00fasica, comida brutalmente deliciosa y piezas textiles que parecen salidas de un sue\u00f1o, la edici\u00f3n del 28 de noviembre se vivi\u00f3 como una [&hellip;]\" \/>\n<meta property=\"og:url\" content=\"https:\/\/zeromagazine.mx\/index.php\/2025\/11\/30\/original-mexico-vibra-alto\/\" \/>\n<meta property=\"og:site_name\" content=\"Zero Magazine\" \/>\n<meta property=\"article:published_time\" content=\"2025-11-30T17:31:47+00:00\" \/>\n<meta property=\"article:modified_time\" content=\"2025-11-30T17:31:48+00:00\" \/>\n<meta property=\"og:image\" content=\"http:\/\/zeromagazine.mx\/wp-content\/uploads\/2025\/11\/1000042275-scaled.jpg\" \/>\n\t<meta property=\"og:image:width\" content=\"1920\" \/>\n\t<meta property=\"og:image:height\" content=\"2560\" \/>\n\t<meta property=\"og:image:type\" content=\"image\/jpeg\" \/>\n<meta name=\"author\" content=\"zeromagazinemx\" \/>\n<meta name=\"twitter:card\" content=\"summary_large_image\" \/>\n<meta name=\"twitter:label1\" content=\"Escrito por\" \/>\n\t<meta name=\"twitter:data1\" content=\"zeromagazinemx\" \/>\n\t<meta name=\"twitter:label2\" content=\"Tiempo de lectura\" \/>\n\t<meta name=\"twitter:data2\" content=\"4 minutos\" \/>\n<script type=\"application\/ld+json\" class=\"yoast-schema-graph\">{\"@context\":\"https:\\\/\\\/schema.org\",\"@graph\":[{\"@type\":\"Article\",\"@id\":\"https:\\\/\\\/zeromagazine.mx\\\/index.php\\\/2025\\\/11\\\/30\\\/original-mexico-vibra-alto\\\/#article\",\"isPartOf\":{\"@id\":\"https:\\\/\\\/zeromagazine.mx\\\/index.php\\\/2025\\\/11\\\/30\\\/original-mexico-vibra-alto\\\/\"},\"author\":{\"name\":\"zeromagazinemx\",\"@id\":\"https:\\\/\\\/zeromagazine.mx\\\/#\\\/schema\\\/person\\\/9aed9f33a7c39af3a348b86d723f7773\"},\"headline\":\"Original M\u00e9xico vibra alto\",\"datePublished\":\"2025-11-30T17:31:47+00:00\",\"dateModified\":\"2025-11-30T17:31:48+00:00\",\"mainEntityOfPage\":{\"@id\":\"https:\\\/\\\/zeromagazine.mx\\\/index.php\\\/2025\\\/11\\\/30\\\/original-mexico-vibra-alto\\\/\"},\"wordCount\":460,\"commentCount\":0,\"publisher\":{\"@id\":\"https:\\\/\\\/zeromagazine.mx\\\/#organization\"},\"image\":{\"@id\":\"https:\\\/\\\/zeromagazine.mx\\\/index.php\\\/2025\\\/11\\\/30\\\/original-mexico-vibra-alto\\\/#primaryimage\"},\"thumbnailUrl\":\"https:\\\/\\\/i0.wp.com\\\/zeromagazine.mx\\\/wp-content\\\/uploads\\\/2025\\\/11\\\/1000042275-scaled.jpg?fit=1920%2C2560&ssl=1\",\"articleSection\":[\"Cultura\",\"Dise\u00f1o\",\"Moda\"],\"inLanguage\":\"es\",\"potentialAction\":[{\"@type\":\"CommentAction\",\"name\":\"Comment\",\"target\":[\"https:\\\/\\\/zeromagazine.mx\\\/index.php\\\/2025\\\/11\\\/30\\\/original-mexico-vibra-alto\\\/#respond\"]}]},{\"@type\":\"WebPage\",\"@id\":\"https:\\\/\\\/zeromagazine.mx\\\/index.php\\\/2025\\\/11\\\/30\\\/original-mexico-vibra-alto\\\/\",\"url\":\"https:\\\/\\\/zeromagazine.mx\\\/index.php\\\/2025\\\/11\\\/30\\\/original-mexico-vibra-alto\\\/\",\"name\":\"Original M\u00e9xico vibra alto - Zero Magazine\",\"isPartOf\":{\"@id\":\"https:\\\/\\\/zeromagazine.mx\\\/#website\"},\"primaryImageOfPage\":{\"@id\":\"https:\\\/\\\/zeromagazine.mx\\\/index.php\\\/2025\\\/11\\\/30\\\/original-mexico-vibra-alto\\\/#primaryimage\"},\"image\":{\"@id\":\"https:\\\/\\\/zeromagazine.mx\\\/index.php\\\/2025\\\/11\\\/30\\\/original-mexico-vibra-alto\\\/#primaryimage\"},\"thumbnailUrl\":\"https:\\\/\\\/i0.wp.com\\\/zeromagazine.mx\\\/wp-content\\\/uploads\\\/2025\\\/11\\\/1000042275-scaled.jpg?fit=1920%2C2560&ssl=1\",\"datePublished\":\"2025-11-30T17:31:47+00:00\",\"dateModified\":\"2025-11-30T17:31:48+00:00\",\"breadcrumb\":{\"@id\":\"https:\\\/\\\/zeromagazine.mx\\\/index.php\\\/2025\\\/11\\\/30\\\/original-mexico-vibra-alto\\\/#breadcrumb\"},\"inLanguage\":\"es\",\"potentialAction\":[{\"@type\":\"ReadAction\",\"target\":[\"https:\\\/\\\/zeromagazine.mx\\\/index.php\\\/2025\\\/11\\\/30\\\/original-mexico-vibra-alto\\\/\"]}]},{\"@type\":\"ImageObject\",\"inLanguage\":\"es\",\"@id\":\"https:\\\/\\\/zeromagazine.mx\\\/index.php\\\/2025\\\/11\\\/30\\\/original-mexico-vibra-alto\\\/#primaryimage\",\"url\":\"https:\\\/\\\/i0.wp.com\\\/zeromagazine.mx\\\/wp-content\\\/uploads\\\/2025\\\/11\\\/1000042275-scaled.jpg?fit=1920%2C2560&ssl=1\",\"contentUrl\":\"https:\\\/\\\/i0.wp.com\\\/zeromagazine.mx\\\/wp-content\\\/uploads\\\/2025\\\/11\\\/1000042275-scaled.jpg?fit=1920%2C2560&ssl=1\",\"width\":1920,\"height\":2560},{\"@type\":\"BreadcrumbList\",\"@id\":\"https:\\\/\\\/zeromagazine.mx\\\/index.php\\\/2025\\\/11\\\/30\\\/original-mexico-vibra-alto\\\/#breadcrumb\",\"itemListElement\":[{\"@type\":\"ListItem\",\"position\":1,\"name\":\"Portada\",\"item\":\"https:\\\/\\\/zeromagazine.mx\\\/\"},{\"@type\":\"ListItem\",\"position\":2,\"name\":\"Original M\u00e9xico vibra alto\"}]},{\"@type\":\"WebSite\",\"@id\":\"https:\\\/\\\/zeromagazine.mx\\\/#website\",\"url\":\"https:\\\/\\\/zeromagazine.mx\\\/\",\"name\":\"Zero Magazine\",\"description\":\"\",\"publisher\":{\"@id\":\"https:\\\/\\\/zeromagazine.mx\\\/#organization\"},\"potentialAction\":[{\"@type\":\"SearchAction\",\"target\":{\"@type\":\"EntryPoint\",\"urlTemplate\":\"https:\\\/\\\/zeromagazine.mx\\\/?s={search_term_string}\"},\"query-input\":{\"@type\":\"PropertyValueSpecification\",\"valueRequired\":true,\"valueName\":\"search_term_string\"}}],\"inLanguage\":\"es\"},{\"@type\":\"Organization\",\"@id\":\"https:\\\/\\\/zeromagazine.mx\\\/#organization\",\"name\":\"Zero Magazine\",\"url\":\"https:\\\/\\\/zeromagazine.mx\\\/\",\"logo\":{\"@type\":\"ImageObject\",\"inLanguage\":\"es\",\"@id\":\"https:\\\/\\\/zeromagazine.mx\\\/#\\\/schema\\\/logo\\\/image\\\/\",\"url\":\"https:\\\/\\\/i0.wp.com\\\/zeromagazine.mx\\\/wp-content\\\/uploads\\\/2025\\\/11\\\/1.jpeg?fit=1000%2C1000&ssl=1\",\"contentUrl\":\"https:\\\/\\\/i0.wp.com\\\/zeromagazine.mx\\\/wp-content\\\/uploads\\\/2025\\\/11\\\/1.jpeg?fit=1000%2C1000&ssl=1\",\"width\":1000,\"height\":1000,\"caption\":\"Zero Magazine\"},\"image\":{\"@id\":\"https:\\\/\\\/zeromagazine.mx\\\/#\\\/schema\\\/logo\\\/image\\\/\"},\"sameAs\":[\"https:\\\/\\\/instagram.com\\\/zeromagazinemx\"]},{\"@type\":\"Person\",\"@id\":\"https:\\\/\\\/zeromagazine.mx\\\/#\\\/schema\\\/person\\\/9aed9f33a7c39af3a348b86d723f7773\",\"name\":\"zeromagazinemx\",\"image\":{\"@type\":\"ImageObject\",\"inLanguage\":\"es\",\"@id\":\"https:\\\/\\\/zeromagazine.mx\\\/wp-content\\\/litespeed\\\/avatar\\\/f91dfe5410d5dcb1a576bf8c45983896.jpg?ver=1777571230\",\"url\":\"https:\\\/\\\/zeromagazine.mx\\\/wp-content\\\/litespeed\\\/avatar\\\/f91dfe5410d5dcb1a576bf8c45983896.jpg?ver=1777571230\",\"contentUrl\":\"https:\\\/\\\/zeromagazine.mx\\\/wp-content\\\/litespeed\\\/avatar\\\/f91dfe5410d5dcb1a576bf8c45983896.jpg?ver=1777571230\",\"caption\":\"zeromagazinemx\"},\"url\":\"https:\\\/\\\/zeromagazine.mx\\\/index.php\\\/author\\\/zeromagazinemx\\\/\"}]}<\/script>\n<!-- \/ Yoast SEO plugin. -->","yoast_head_json":{"title":"Original M\u00e9xico vibra alto - Zero Magazine","robots":{"index":"index","follow":"follow","max-snippet":"max-snippet:-1","max-image-preview":"max-image-preview:large","max-video-preview":"max-video-preview:-1"},"canonical":"https:\/\/zeromagazine.mx\/index.php\/2025\/11\/30\/original-mexico-vibra-alto\/","og_locale":"es_ES","og_type":"article","og_title":"Original M\u00e9xico vibra alto - Zero Magazine","og_description":"Si algo aprendimos este a\u00f1o es que Original M\u00e9xico no es un simple evento: es una vibra colectiva que te abraza apenas cruzas el primer acceso al Complejo Cultural Los Pinos. Entre m\u00fasica, comida brutalmente deliciosa y piezas textiles que parecen salidas de un sue\u00f1o, la edici\u00f3n del 28 de noviembre se vivi\u00f3 como una [&hellip;]","og_url":"https:\/\/zeromagazine.mx\/index.php\/2025\/11\/30\/original-mexico-vibra-alto\/","og_site_name":"Zero Magazine","article_published_time":"2025-11-30T17:31:47+00:00","article_modified_time":"2025-11-30T17:31:48+00:00","og_image":[{"width":1920,"height":2560,"url":"http:\/\/zeromagazine.mx\/wp-content\/uploads\/2025\/11\/1000042275-scaled.jpg","type":"image\/jpeg"}],"author":"zeromagazinemx","twitter_card":"summary_large_image","twitter_misc":{"Escrito por":"zeromagazinemx","Tiempo de lectura":"4 minutos"},"schema":{"@context":"https:\/\/schema.org","@graph":[{"@type":"Article","@id":"https:\/\/zeromagazine.mx\/index.php\/2025\/11\/30\/original-mexico-vibra-alto\/#article","isPartOf":{"@id":"https:\/\/zeromagazine.mx\/index.php\/2025\/11\/30\/original-mexico-vibra-alto\/"},"author":{"name":"zeromagazinemx","@id":"https:\/\/zeromagazine.mx\/#\/schema\/person\/9aed9f33a7c39af3a348b86d723f7773"},"headline":"Original M\u00e9xico vibra alto","datePublished":"2025-11-30T17:31:47+00:00","dateModified":"2025-11-30T17:31:48+00:00","mainEntityOfPage":{"@id":"https:\/\/zeromagazine.mx\/index.php\/2025\/11\/30\/original-mexico-vibra-alto\/"},"wordCount":460,"commentCount":0,"publisher":{"@id":"https:\/\/zeromagazine.mx\/#organization"},"image":{"@id":"https:\/\/zeromagazine.mx\/index.php\/2025\/11\/30\/original-mexico-vibra-alto\/#primaryimage"},"thumbnailUrl":"https:\/\/i0.wp.com\/zeromagazine.mx\/wp-content\/uploads\/2025\/11\/1000042275-scaled.jpg?fit=1920%2C2560&ssl=1","articleSection":["Cultura","Dise\u00f1o","Moda"],"inLanguage":"es","potentialAction":[{"@type":"CommentAction","name":"Comment","target":["https:\/\/zeromagazine.mx\/index.php\/2025\/11\/30\/original-mexico-vibra-alto\/#respond"]}]},{"@type":"WebPage","@id":"https:\/\/zeromagazine.mx\/index.php\/2025\/11\/30\/original-mexico-vibra-alto\/","url":"https:\/\/zeromagazine.mx\/index.php\/2025\/11\/30\/original-mexico-vibra-alto\/","name":"Original M\u00e9xico vibra alto - Zero Magazine","isPartOf":{"@id":"https:\/\/zeromagazine.mx\/#website"},"primaryImageOfPage":{"@id":"https:\/\/zeromagazine.mx\/index.php\/2025\/11\/30\/original-mexico-vibra-alto\/#primaryimage"},"image":{"@id":"https:\/\/zeromagazine.mx\/index.php\/2025\/11\/30\/original-mexico-vibra-alto\/#primaryimage"},"thumbnailUrl":"https:\/\/i0.wp.com\/zeromagazine.mx\/wp-content\/uploads\/2025\/11\/1000042275-scaled.jpg?fit=1920%2C2560&ssl=1","datePublished":"2025-11-30T17:31:47+00:00","dateModified":"2025-11-30T17:31:48+00:00","breadcrumb":{"@id":"https:\/\/zeromagazine.mx\/index.php\/2025\/11\/30\/original-mexico-vibra-alto\/#breadcrumb"},"inLanguage":"es","potentialAction":[{"@type":"ReadAction","target":["https:\/\/zeromagazine.mx\/index.php\/2025\/11\/30\/original-mexico-vibra-alto\/"]}]},{"@type":"ImageObject","inLanguage":"es","@id":"https:\/\/zeromagazine.mx\/index.php\/2025\/11\/30\/original-mexico-vibra-alto\/#primaryimage","url":"https:\/\/i0.wp.com\/zeromagazine.mx\/wp-content\/uploads\/2025\/11\/1000042275-scaled.jpg?fit=1920%2C2560&ssl=1","contentUrl":"https:\/\/i0.wp.com\/zeromagazine.mx\/wp-content\/uploads\/2025\/11\/1000042275-scaled.jpg?fit=1920%2C2560&ssl=1","width":1920,"height":2560},{"@type":"BreadcrumbList","@id":"https:\/\/zeromagazine.mx\/index.php\/2025\/11\/30\/original-mexico-vibra-alto\/#breadcrumb","itemListElement":[{"@type":"ListItem","position":1,"name":"Portada","item":"https:\/\/zeromagazine.mx\/"},{"@type":"ListItem","position":2,"name":"Original M\u00e9xico vibra alto"}]},{"@type":"WebSite","@id":"https:\/\/zeromagazine.mx\/#website","url":"https:\/\/zeromagazine.mx\/","name":"Zero Magazine","description":"","publisher":{"@id":"https:\/\/zeromagazine.mx\/#organization"},"potentialAction":[{"@type":"SearchAction","target":{"@type":"EntryPoint","urlTemplate":"https:\/\/zeromagazine.mx\/?s={search_term_string}"},"query-input":{"@type":"PropertyValueSpecification","valueRequired":true,"valueName":"search_term_string"}}],"inLanguage":"es"},{"@type":"Organization","@id":"https:\/\/zeromagazine.mx\/#organization","name":"Zero Magazine","url":"https:\/\/zeromagazine.mx\/","logo":{"@type":"ImageObject","inLanguage":"es","@id":"https:\/\/zeromagazine.mx\/#\/schema\/logo\/image\/","url":"https:\/\/i0.wp.com\/zeromagazine.mx\/wp-content\/uploads\/2025\/11\/1.jpeg?fit=1000%2C1000&ssl=1","contentUrl":"https:\/\/i0.wp.com\/zeromagazine.mx\/wp-content\/uploads\/2025\/11\/1.jpeg?fit=1000%2C1000&ssl=1","width":1000,"height":1000,"caption":"Zero Magazine"},"image":{"@id":"https:\/\/zeromagazine.mx\/#\/schema\/logo\/image\/"},"sameAs":["https:\/\/instagram.com\/zeromagazinemx"]},{"@type":"Person","@id":"https:\/\/zeromagazine.mx\/#\/schema\/person\/9aed9f33a7c39af3a348b86d723f7773","name":"zeromagazinemx","image":{"@type":"ImageObject","inLanguage":"es","@id":"https:\/\/zeromagazine.mx\/wp-content\/litespeed\/avatar\/f91dfe5410d5dcb1a576bf8c45983896.jpg?ver=1777571230","url":"https:\/\/zeromagazine.mx\/wp-content\/litespeed\/avatar\/f91dfe5410d5dcb1a576bf8c45983896.jpg?ver=1777571230","contentUrl":"https:\/\/zeromagazine.mx\/wp-content\/litespeed\/avatar\/f91dfe5410d5dcb1a576bf8c45983896.jpg?ver=1777571230","caption":"zeromagazinemx"},"url":"https:\/\/zeromagazine.mx\/index.php\/author\/zeromagazinemx\/"}]}},"jetpack_publicize_connections":[],"jetpack_featured_media_url":"https:\/\/i0.wp.com\/zeromagazine.mx\/wp-content\/uploads\/2025\/11\/1000042275-scaled.jpg?fit=1920%2C2560&ssl=1","jetpack-related-posts":[{"id":111348,"url":"https:\/\/zeromagazine.mx\/index.php\/2025\/11\/29\/artesanos-mexicanos-original-2025\/","url_meta":{"origin":111379,"position":0},"title":"Artesanos Mexicanos: Cultura Que Vibra","author":"zeromagazinemx","date":"29 de noviembre de 2025","format":false,"excerpt":"Si algo qued\u00f3 clar\u00edsimo en el desayuno del 25 de noviembre en el Museo Nacional de Arte es que los artesanos mexicanos no solo crean piezas; crean historias, herencias y futuro. La Secretar\u00eda de Cultura present\u00f3 su proyecto Original, una plataforma que no solo celebra la creatividad nacional, sino que\u2026","rel":"","context":"En \u00abCultura\u00bb","block_context":{"text":"Cultura","link":"https:\/\/zeromagazine.mx\/index.php\/category\/cultura\/"},"img":{"alt_text":"","src":"https:\/\/i0.wp.com\/zeromagazine.mx\/wp-content\/uploads\/2025\/11\/1000042119.png?fit=960%2C1200&ssl=1&resize=350%2C200","width":350,"height":200,"srcset":"https:\/\/i0.wp.com\/zeromagazine.mx\/wp-content\/uploads\/2025\/11\/1000042119.png?fit=960%2C1200&ssl=1&resize=350%2C200 1x, https:\/\/i0.wp.com\/zeromagazine.mx\/wp-content\/uploads\/2025\/11\/1000042119.png?fit=960%2C1200&ssl=1&resize=525%2C300 1.5x, https:\/\/i0.wp.com\/zeromagazine.mx\/wp-content\/uploads\/2025\/11\/1000042119.png?fit=960%2C1200&ssl=1&resize=700%2C400 2x"},"classes":[]},{"id":116922,"url":"https:\/\/zeromagazine.mx\/index.php\/2026\/03\/18\/feria-xcaret-arte-popular-libro-2025\/","url_meta":{"origin":111379,"position":1},"title":"Grupo Xcaret presenta el libro de Feria Xcaret de Arte Popular Mexicano 2025 y una muestra fotogr\u00e1fica de las piezas ganadoras de las dos ediciones pasadas","author":"David Morales","date":"18 de marzo de 2026","format":false,"excerpt":"La\u00a0Feria Xcaret Arte Popular\u00a0sigue consolid\u00e1ndose como uno de los espacios m\u00e1s importantes para reconocer y difundir el talento artesanal de M\u00e9xico. En esta ocasi\u00f3n,\u00a0Grupo Xcaret\u00a0present\u00f3 un libro especial que documenta lo mejor de la edici\u00f3n 2025, acompa\u00f1ado por una exposici\u00f3n fotogr\u00e1fica que muestra algunas de las piezas ganadoras de ediciones\u2026","rel":"","context":"En \u00abBlog\u00bb","block_context":{"text":"Blog","link":"https:\/\/zeromagazine.mx\/index.php\/category\/blog\/"},"img":{"alt_text":"","src":"https:\/\/i0.wp.com\/zeromagazine.mx\/wp-content\/uploads\/2026\/03\/IMG_1766.jpeg?fit=1200%2C900&ssl=1&resize=350%2C200","width":350,"height":200,"srcset":"https:\/\/i0.wp.com\/zeromagazine.mx\/wp-content\/uploads\/2026\/03\/IMG_1766.jpeg?fit=1200%2C900&ssl=1&resize=350%2C200 1x, https:\/\/i0.wp.com\/zeromagazine.mx\/wp-content\/uploads\/2026\/03\/IMG_1766.jpeg?fit=1200%2C900&ssl=1&resize=525%2C300 1.5x, https:\/\/i0.wp.com\/zeromagazine.mx\/wp-content\/uploads\/2026\/03\/IMG_1766.jpeg?fit=1200%2C900&ssl=1&resize=700%2C400 2x, https:\/\/i0.wp.com\/zeromagazine.mx\/wp-content\/uploads\/2026\/03\/IMG_1766.jpeg?fit=1200%2C900&ssl=1&resize=1050%2C600 3x"},"classes":[]},{"id":107858,"url":"https:\/\/zeromagazine.mx\/index.php\/2025\/09\/12\/boyfriends-shirt-prendas-telar-oaxaca\/","url_meta":{"origin":111379,"position":2},"title":"Boyfriend\u2019s Shirt y el arte del telar","author":"David Morales","date":"12 de septiembre de 2025","format":false,"excerpt":"En la era de la moda r\u00e1pida, donde lo inmediato parece dictar el estilo, Boyfriend\u2019s Shirt propone una pausa necesaria: volver al origen, a la ra\u00edz, a lo que se hace con paciencia y significado. Su nueva propuesta celebra la herencia textil mexicana con t-shirts creadas en telar de cintura,\u2026","rel":"","context":"En \u00abModa\u00bb","block_context":{"text":"Moda","link":"https:\/\/zeromagazine.mx\/index.php\/category\/moda\/"},"img":{"alt_text":"","src":"https:\/\/i0.wp.com\/zeromagazine.mx\/wp-content\/uploads\/2025\/09\/img_8203.png?fit=909%2C1200&ssl=1&resize=350%2C200","width":350,"height":200,"srcset":"https:\/\/i0.wp.com\/zeromagazine.mx\/wp-content\/uploads\/2025\/09\/img_8203.png?fit=909%2C1200&ssl=1&resize=350%2C200 1x, https:\/\/i0.wp.com\/zeromagazine.mx\/wp-content\/uploads\/2025\/09\/img_8203.png?fit=909%2C1200&ssl=1&resize=525%2C300 1.5x, https:\/\/i0.wp.com\/zeromagazine.mx\/wp-content\/uploads\/2025\/09\/img_8203.png?fit=909%2C1200&ssl=1&resize=700%2C400 2x"},"classes":[]},{"id":111109,"url":"https:\/\/zeromagazine.mx\/index.php\/2025\/11\/21\/olga-prieto-travesia-coleccion-artesanal\/","url_meta":{"origin":111379,"position":3},"title":"Olga Prieto Traves\u00eda: magia en movimiento","author":"zeromagazinemx","date":"21 de noviembre de 2025","format":false,"excerpt":"Cuando dos mentes creativas se cruzan y conectan desde la emoci\u00f3n real, pasan cosas que solo pueden describirse como magia. Y eso es justo lo que deton\u00f3 Olga Prieto Traves\u00eda, la nueva colecci\u00f3n que surge del encuentro entre la dise\u00f1adora Olga Prieto y la artista Daniela Bustos Maya. Spoiler: est\u00e1\u2026","rel":"","context":"En \u00abModa\u00bb","block_context":{"text":"Moda","link":"https:\/\/zeromagazine.mx\/index.php\/category\/moda\/"},"img":{"alt_text":"","src":"https:\/\/i0.wp.com\/zeromagazine.mx\/wp-content\/uploads\/2025\/11\/1000040899.jpg?fit=960%2C1200&ssl=1&resize=350%2C200","width":350,"height":200,"srcset":"https:\/\/i0.wp.com\/zeromagazine.mx\/wp-content\/uploads\/2025\/11\/1000040899.jpg?fit=960%2C1200&ssl=1&resize=350%2C200 1x, https:\/\/i0.wp.com\/zeromagazine.mx\/wp-content\/uploads\/2025\/11\/1000040899.jpg?fit=960%2C1200&ssl=1&resize=525%2C300 1.5x, https:\/\/i0.wp.com\/zeromagazine.mx\/wp-content\/uploads\/2025\/11\/1000040899.jpg?fit=960%2C1200&ssl=1&resize=700%2C400 2x"},"classes":[]},{"id":84178,"url":"https:\/\/zeromagazine.mx\/index.php\/2024\/09\/19\/alebrijes-arte-que-cobra-vida\/","url_meta":{"origin":111379,"position":4},"title":"\u00abAlebrijes: Arte que Cobra Vida\u00bb","author":"zeromagazinemx","date":"19 de septiembre de 2024","format":false,"excerpt":"A ver, si alguna vez has visto esas figuras s\u00faper locas, con colores que explotan y formas animales que parecen sacadas de un trip on\u00edrico, entonces ya conoces los\u00a0alebrijes. Pero, \u00bfsab\u00edas que detr\u00e1s de cada uno de estos bichos fant\u00e1sticos hay toda una historia m\u00e1gica y cultural? As\u00ed que si\u2026","rel":"","context":"En \u00abDise\u00f1o\u00bb","block_context":{"text":"Dise\u00f1o","link":"https:\/\/zeromagazine.mx\/index.php\/category\/diseno\/"},"img":{"alt_text":"","src":"https:\/\/i0.wp.com\/zeromagazine.mx\/wp-content\/uploads\/2024\/09\/DCM-AL-134_1.webp?fit=1050%2C1050&ssl=1&resize=350%2C200","width":350,"height":200,"srcset":"https:\/\/i0.wp.com\/zeromagazine.mx\/wp-content\/uploads\/2024\/09\/DCM-AL-134_1.webp?fit=1050%2C1050&ssl=1&resize=350%2C200 1x, https:\/\/i0.wp.com\/zeromagazine.mx\/wp-content\/uploads\/2024\/09\/DCM-AL-134_1.webp?fit=1050%2C1050&ssl=1&resize=525%2C300 1.5x, https:\/\/i0.wp.com\/zeromagazine.mx\/wp-content\/uploads\/2024\/09\/DCM-AL-134_1.webp?fit=1050%2C1050&ssl=1&resize=700%2C400 2x, https:\/\/i0.wp.com\/zeromagazine.mx\/wp-content\/uploads\/2024\/09\/DCM-AL-134_1.webp?fit=1050%2C1050&ssl=1&resize=1050%2C600 3x"},"classes":[]},{"id":112241,"url":"https:\/\/zeromagazine.mx\/index.php\/2025\/12\/28\/moda-en-estambul-alta-costura-tradicion\/","url_meta":{"origin":111379,"position":5},"title":"Moda en Estambul lo cambia todo","author":"Luis Trujano","date":"28 de diciembre de 2025","format":false,"excerpt":"Si existiera una ciudad donde la moda tuviera memoria, alma y futuro al mismo tiempo, ser\u00eda esta. La moda en Estambul est\u00e1 viviendo su main character era: una escena creativa que mezcla herencia cultural, lujo contempor\u00e1neo y una energ\u00eda imposible de replicar. No es solo ropa bonita, es identidad convertida\u2026","rel":"","context":"En \u00abModa\u00bb","block_context":{"text":"Moda","link":"https:\/\/zeromagazine.mx\/index.php\/category\/moda\/"},"img":{"alt_text":"","src":"https:\/\/i0.wp.com\/zeromagazine.mx\/wp-content\/uploads\/2025\/12\/IMG_6239.jpeg?fit=1000%2C667&ssl=1&resize=350%2C200","width":350,"height":200,"srcset":"https:\/\/i0.wp.com\/zeromagazine.mx\/wp-content\/uploads\/2025\/12\/IMG_6239.jpeg?fit=1000%2C667&ssl=1&resize=350%2C200 1x, https:\/\/i0.wp.com\/zeromagazine.mx\/wp-content\/uploads\/2025\/12\/IMG_6239.jpeg?fit=1000%2C667&ssl=1&resize=525%2C300 1.5x, https:\/\/i0.wp.com\/zeromagazine.mx\/wp-content\/uploads\/2025\/12\/IMG_6239.jpeg?fit=1000%2C667&ssl=1&resize=700%2C400 2x"},"classes":[]}],"jetpack_sharing_enabled":true,"builder_content":"","_links":{"self":[{"href":"https:\/\/zeromagazine.mx\/index.php\/wp-json\/wp\/v2\/posts\/111379","targetHints":{"allow":["GET"]}}],"collection":[{"href":"https:\/\/zeromagazine.mx\/index.php\/wp-json\/wp\/v2\/posts"}],"about":[{"href":"https:\/\/zeromagazine.mx\/index.php\/wp-json\/wp\/v2\/types\/post"}],"author":[{"embeddable":true,"href":"https:\/\/zeromagazine.mx\/index.php\/wp-json\/wp\/v2\/users\/2"}],"replies":[{"embeddable":true,"href":"https:\/\/zeromagazine.mx\/index.php\/wp-json\/wp\/v2\/comments?post=111379"}],"version-history":[{"count":2,"href":"https:\/\/zeromagazine.mx\/index.php\/wp-json\/wp\/v2\/posts\/111379\/revisions"}],"predecessor-version":[{"id":111388,"href":"https:\/\/zeromagazine.mx\/index.php\/wp-json\/wp\/v2\/posts\/111379\/revisions\/111388"}],"wp:featuredmedia":[{"embeddable":true,"href":"https:\/\/zeromagazine.mx\/index.php\/wp-json\/wp\/v2\/media\/111386"}],"wp:attachment":[{"href":"https:\/\/zeromagazine.mx\/index.php\/wp-json\/wp\/v2\/media?parent=111379"}],"wp:term":[{"taxonomy":"category","embeddable":true,"href":"https:\/\/zeromagazine.mx\/index.php\/wp-json\/wp\/v2\/categories?post=111379"},{"taxonomy":"post_tag","embeddable":true,"href":"https:\/\/zeromagazine.mx\/index.php\/wp-json\/wp\/v2\/tags?post=111379"}],"curies":[{"name":"wp","href":"https:\/\/api.w.org\/{rel}","templated":true}]}}