{"id":111418,"date":"2025-11-30T17:06:55","date_gmt":"2025-11-30T23:06:55","guid":{"rendered":"https:\/\/zeromagazine.mx\/?p=111418"},"modified":"2025-11-30T17:07:20","modified_gmt":"2025-11-30T23:07:20","slug":"mini-bags-gaston-luga","status":"publish","type":"post","link":"https:\/\/zeromagazine.mx\/index.php\/2025\/11\/30\/mini-bags-gaston-luga\/","title":{"rendered":"Mini bags: el accesorio que manda"},"content":{"rendered":"<!--themify_builder_content-->\n<div id=\"themify_builder_content-111418\" data-postid=\"111418\" class=\"themify_builder_content themify_builder_content-111418 themify_builder tf_clear\">\n    <\/div>\n<!--\/themify_builder_content-->\n\n\n<p>Hay tendencias que llegan suavecito y otras que aterrizan directo en tu feed para anunciar: \u201chola, soy la protagonista de tu pr\u00f3ximo outfit\u201d. Las mini bags entran en esta segunda categor\u00eda. No piden permiso, no necesitan explicaci\u00f3n y, honestamente, tampoco quieren debate. Son peque\u00f1as, s\u00ed\u2026 pero tienen una presencia que ninguna maxi podr\u00eda replicar.<\/p>\n\n\n\n<p>Lo interesante es que no s\u00f3lo se volvieron virales: se volvieron necesarias. Entre rutinas non-stop, d\u00edas que empiezan en el gym y terminan en una cena improvisada, y esa obsesi\u00f3n colectiva por grabar todo en vertical, las mini bags ya no son tendencia; son herramientas de supervivencia urbana.<\/p>\n\n\n\n<figure class=\"wp-block-image size-full\"><img data-recalc-dims=\"1\" decoding=\"async\" width=\"1165\" height=\"869\" src=\"https:\/\/i0.wp.com\/zeromagazine.mx\/wp-content\/uploads\/2025\/11\/IMG_6049.png?resize=1165%2C869&#038;ssl=1\" alt=\"\" class=\"wp-image-111419\" srcset=\"https:\/\/i0.wp.com\/zeromagazine.mx\/wp-content\/uploads\/2025\/11\/IMG_6049.png?w=1674&amp;ssl=1 1674w, https:\/\/i0.wp.com\/zeromagazine.mx\/wp-content\/uploads\/2025\/11\/IMG_6049.png?resize=300%2C224&amp;ssl=1 300w, https:\/\/i0.wp.com\/zeromagazine.mx\/wp-content\/uploads\/2025\/11\/IMG_6049.png?resize=1024%2C763&amp;ssl=1 1024w, https:\/\/i0.wp.com\/zeromagazine.mx\/wp-content\/uploads\/2025\/11\/IMG_6049.png?resize=768%2C573&amp;ssl=1 768w, https:\/\/i0.wp.com\/zeromagazine.mx\/wp-content\/uploads\/2025\/11\/IMG_6049.png?resize=1536%2C1145&amp;ssl=1 1536w\" sizes=\"(max-width: 1165px) 100vw, 1165px\" \/><\/figure>\n\n\n\n<p><strong>Mini bags: la micro revoluci\u00f3n del estilo<\/strong><\/p>\n\n\n\n<p>De entrada, las mini bags son la prueba de que lo funcional tambi\u00e9n puede ser est\u00e9tico. Y Gaston Luga lo entendi\u00f3 perfecto. La marca sueca tom\u00f3 su ADN \u2014ese minimalismo escandinavo que siempre se siente limpio, preciso y vers\u00e1til\u2014 y lo comprimi\u00f3 en formatos que caben en la mano pero viven en todas partes: en la oficina, en un caf\u00e9, en el aeropuerto, en una story.<\/p>\n\n\n\n<p>Adem\u00e1s, este boom visual no sali\u00f3 de la nada. Las fotos y videos se ven mejor cuando no hay un bolso gigante robando la escena, y eso las redes lo saben mejor que nadie. Por eso, basta scrollear para ver c\u00f3mo los hashtags relacionados superan millones de vistas; las mini no s\u00f3lo se integran al encuadre: lo embellecen.<\/p>\n\n\n\n<figure class=\"wp-block-image size-full\"><img data-recalc-dims=\"1\" decoding=\"async\" width=\"1165\" height=\"816\" src=\"https:\/\/i0.wp.com\/zeromagazine.mx\/wp-content\/uploads\/2025\/11\/IMG_6048.png?resize=1165%2C816&#038;ssl=1\" alt=\"\" class=\"wp-image-111420\" srcset=\"https:\/\/i0.wp.com\/zeromagazine.mx\/wp-content\/uploads\/2025\/11\/IMG_6048.png?w=1988&amp;ssl=1 1988w, https:\/\/i0.wp.com\/zeromagazine.mx\/wp-content\/uploads\/2025\/11\/IMG_6048.png?resize=300%2C210&amp;ssl=1 300w, https:\/\/i0.wp.com\/zeromagazine.mx\/wp-content\/uploads\/2025\/11\/IMG_6048.png?resize=1024%2C717&amp;ssl=1 1024w, https:\/\/i0.wp.com\/zeromagazine.mx\/wp-content\/uploads\/2025\/11\/IMG_6048.png?resize=768%2C538&amp;ssl=1 768w, https:\/\/i0.wp.com\/zeromagazine.mx\/wp-content\/uploads\/2025\/11\/IMG_6048.png?resize=1536%2C1076&amp;ssl=1 1536w\" sizes=\"(max-width: 1165px) 100vw, 1165px\" \/><\/figure>\n\n\n\n<p>Por si fuera poco, su vibe \u201chands-free\u201d se volvi\u00f3 indispensable. Y tiene sentido: nadie quiere cargar m\u00e1s de lo necesario cuando hay mil cosas pasando alrededor; queremos movernos r\u00e1pido, libres, ligeros. Aqu\u00ed es donde las mini bags brillan m\u00e1s que nunca.<\/p>\n\n\n\n<p><strong>Mini bags: por qu\u00e9 Gaston Luga lo est\u00e1 rompiendo<\/strong><\/p>\n\n\n\n<p>Ahora bien, cuando una marca se suma a una tendencia s\u00f3lo por moda, se nota. Pero cuando lo hace porque ya ten\u00eda el mindset perfecto para dominarla\u2026 nace magia. Y s\u00ed, eso hizo Gaston Luga.<\/p>\n\n\n\n<p>Primero est\u00e1 la Mini Splash Crossbody, que b\u00e1sicamente es el resumen perfecto de por qu\u00e9 lo mini funciona: impermeable, ultraliviana y con ese toque industrial cool que combina con cualquier outfit. Luego est\u00e1 la Splash Moon Crossbody, una media luna que lleva lo esencial sin pelearse con tu movimiento (ni con tu composici\u00f3n est\u00e9tica).<\/p>\n\n\n\n<figure class=\"wp-block-image size-full\"><img data-recalc-dims=\"1\" decoding=\"async\" width=\"1165\" height=\"672\" src=\"https:\/\/i0.wp.com\/zeromagazine.mx\/wp-content\/uploads\/2025\/11\/IMG_6047.png?resize=1165%2C672&#038;ssl=1\" alt=\"\" class=\"wp-image-111421\" srcset=\"https:\/\/i0.wp.com\/zeromagazine.mx\/wp-content\/uploads\/2025\/11\/IMG_6047.png?w=2080&amp;ssl=1 2080w, https:\/\/i0.wp.com\/zeromagazine.mx\/wp-content\/uploads\/2025\/11\/IMG_6047.png?resize=300%2C173&amp;ssl=1 300w, https:\/\/i0.wp.com\/zeromagazine.mx\/wp-content\/uploads\/2025\/11\/IMG_6047.png?resize=1024%2C591&amp;ssl=1 1024w, https:\/\/i0.wp.com\/zeromagazine.mx\/wp-content\/uploads\/2025\/11\/IMG_6047.png?resize=768%2C443&amp;ssl=1 768w, https:\/\/i0.wp.com\/zeromagazine.mx\/wp-content\/uploads\/2025\/11\/IMG_6047.png?resize=1536%2C886&amp;ssl=1 1536w, https:\/\/i0.wp.com\/zeromagazine.mx\/wp-content\/uploads\/2025\/11\/IMG_6047.png?resize=2048%2C1182&amp;ssl=1 2048w\" sizes=\"(max-width: 1165px) 100vw, 1165px\" \/><\/figure>\n\n\n\n<p>Despu\u00e9s tenemos la T\u00e4te, un h\u00edbrido entre crossbag y tote minimalista. Ideal para esas vidas que mezclan bici, coworking, caf\u00e9, after y vuelta a casa. Y, claro, la Lightweight Crossbody, la opci\u00f3n sostenible para quienes quieren estilo sin renunciar al planeta.<\/p>\n\n\n\n<p>Finalmente, lo que convierte a estas mini bags en un must real no es s\u00f3lo su dise\u00f1o, sino el equilibrio perfecto entre fashion y funcionalidad. Gaston Luga entiende que un accesorio hoy tiene que servir para la vida real y, al mismo tiempo, lucir incre\u00edble en el feed. Y eso, sinceramente, muy pocas marcas lo dominan.<\/p>","protected":false},"excerpt":{"rendered":"<p>Hay tendencias que llegan suavecito y otras que aterrizan directo en tu feed para anunciar: \u201chola, soy la protagonista de tu pr\u00f3ximo outfit\u201d. Las mini bags entran en esta segunda categor\u00eda. No piden permiso, no necesitan explicaci\u00f3n y, honestamente, tampoco quieren debate. Son peque\u00f1as, s\u00ed\u2026 pero tienen una presencia que ninguna maxi podr\u00eda replicar. Lo [&hellip;]<\/p>\n","protected":false},"author":6,"featured_media":111419,"comment_status":"open","ping_status":"open","sticky":false,"template":"","format":"standard","meta":{"_jetpack_memberships_contains_paid_content":false,"footnotes":"","jetpack_publicize_message":"","jetpack_publicize_feature_enabled":true,"jetpack_social_post_already_shared":true,"jetpack_social_options":{"image_generator_settings":{"template":"highway","default_image_id":0,"font":"","enabled":false},"version":2}},"categories":[67],"tags":[],"class_list":["post-111418","post","type-post","status-publish","format-standard","has-post-thumbnail","hentry","category-moda","has-post-title","has-post-date","has-post-category","has-post-tag","has-post-comment","has-post-author",""],"yoast_head":"<!-- This site is optimized with the Yoast SEO plugin v27.5 - https:\/\/yoast.com\/product\/yoast-seo-wordpress\/ -->\n<title>Mini bags: el accesorio que manda - Zero Magazine<\/title>\n<meta name=\"description\" content=\"Las mini bags de Gaston Luga dominan el estilo urbano con dise\u00f1o funcional, est\u00e9tica escandinava y vibra compacta irresistible.\" \/>\n<meta name=\"robots\" content=\"index, follow, max-snippet:-1, max-image-preview:large, max-video-preview:-1\" \/>\n<link rel=\"canonical\" href=\"https:\/\/zeromagazine.mx\/index.php\/2025\/11\/30\/mini-bags-gaston-luga\/\" \/>\n<meta property=\"og:locale\" content=\"es_ES\" \/>\n<meta property=\"og:type\" content=\"article\" \/>\n<meta property=\"og:title\" content=\"Mini bags: el accesorio que manda - Zero Magazine\" \/>\n<meta property=\"og:description\" content=\"Las mini bags de Gaston Luga dominan el estilo urbano con dise\u00f1o funcional, est\u00e9tica escandinava y vibra compacta irresistible.\" \/>\n<meta property=\"og:url\" content=\"https:\/\/zeromagazine.mx\/index.php\/2025\/11\/30\/mini-bags-gaston-luga\/\" \/>\n<meta property=\"og:site_name\" content=\"Zero Magazine\" \/>\n<meta property=\"article:published_time\" content=\"2025-11-30T23:06:55+00:00\" \/>\n<meta property=\"article:modified_time\" content=\"2025-11-30T23:07:20+00:00\" \/>\n<meta property=\"og:image\" content=\"http:\/\/zeromagazine.mx\/wp-content\/uploads\/2025\/11\/IMG_6049.png\" \/>\n\t<meta property=\"og:image:width\" content=\"1674\" \/>\n\t<meta property=\"og:image:height\" content=\"1248\" \/>\n\t<meta property=\"og:image:type\" content=\"image\/png\" \/>\n<meta name=\"author\" content=\"Luis Trujano\" \/>\n<meta name=\"twitter:card\" content=\"summary_large_image\" \/>\n<meta name=\"twitter:label1\" content=\"Escrito por\" \/>\n\t<meta name=\"twitter:data1\" content=\"Luis Trujano\" \/>\n\t<meta name=\"twitter:label2\" content=\"Tiempo de lectura\" \/>\n\t<meta name=\"twitter:data2\" content=\"3 minutos\" \/>\n<script type=\"application\/ld+json\" class=\"yoast-schema-graph\">{\"@context\":\"https:\\\/\\\/schema.org\",\"@graph\":[{\"@type\":\"Article\",\"@id\":\"https:\\\/\\\/zeromagazine.mx\\\/index.php\\\/2025\\\/11\\\/30\\\/mini-bags-gaston-luga\\\/#article\",\"isPartOf\":{\"@id\":\"https:\\\/\\\/zeromagazine.mx\\\/index.php\\\/2025\\\/11\\\/30\\\/mini-bags-gaston-luga\\\/\"},\"author\":{\"name\":\"Luis Trujano\",\"@id\":\"https:\\\/\\\/zeromagazine.mx\\\/#\\\/schema\\\/person\\\/118d2dc27eca6f07b968c953d12daa6b\"},\"headline\":\"Mini bags: el accesorio que manda\",\"datePublished\":\"2025-11-30T23:06:55+00:00\",\"dateModified\":\"2025-11-30T23:07:20+00:00\",\"mainEntityOfPage\":{\"@id\":\"https:\\\/\\\/zeromagazine.mx\\\/index.php\\\/2025\\\/11\\\/30\\\/mini-bags-gaston-luga\\\/\"},\"wordCount\":505,\"commentCount\":0,\"publisher\":{\"@id\":\"https:\\\/\\\/zeromagazine.mx\\\/#organization\"},\"image\":{\"@id\":\"https:\\\/\\\/zeromagazine.mx\\\/index.php\\\/2025\\\/11\\\/30\\\/mini-bags-gaston-luga\\\/#primaryimage\"},\"thumbnailUrl\":\"https:\\\/\\\/i0.wp.com\\\/zeromagazine.mx\\\/wp-content\\\/uploads\\\/2025\\\/11\\\/IMG_6049.png?fit=1674%2C1248&ssl=1\",\"articleSection\":[\"Moda\"],\"inLanguage\":\"es\",\"potentialAction\":[{\"@type\":\"CommentAction\",\"name\":\"Comment\",\"target\":[\"https:\\\/\\\/zeromagazine.mx\\\/index.php\\\/2025\\\/11\\\/30\\\/mini-bags-gaston-luga\\\/#respond\"]}]},{\"@type\":\"WebPage\",\"@id\":\"https:\\\/\\\/zeromagazine.mx\\\/index.php\\\/2025\\\/11\\\/30\\\/mini-bags-gaston-luga\\\/\",\"url\":\"https:\\\/\\\/zeromagazine.mx\\\/index.php\\\/2025\\\/11\\\/30\\\/mini-bags-gaston-luga\\\/\",\"name\":\"Mini bags: el accesorio que manda - Zero Magazine\",\"isPartOf\":{\"@id\":\"https:\\\/\\\/zeromagazine.mx\\\/#website\"},\"primaryImageOfPage\":{\"@id\":\"https:\\\/\\\/zeromagazine.mx\\\/index.php\\\/2025\\\/11\\\/30\\\/mini-bags-gaston-luga\\\/#primaryimage\"},\"image\":{\"@id\":\"https:\\\/\\\/zeromagazine.mx\\\/index.php\\\/2025\\\/11\\\/30\\\/mini-bags-gaston-luga\\\/#primaryimage\"},\"thumbnailUrl\":\"https:\\\/\\\/i0.wp.com\\\/zeromagazine.mx\\\/wp-content\\\/uploads\\\/2025\\\/11\\\/IMG_6049.png?fit=1674%2C1248&ssl=1\",\"datePublished\":\"2025-11-30T23:06:55+00:00\",\"dateModified\":\"2025-11-30T23:07:20+00:00\",\"description\":\"Las mini bags de Gaston Luga dominan el estilo urbano con dise\u00f1o funcional, est\u00e9tica escandinava y vibra compacta irresistible.\",\"breadcrumb\":{\"@id\":\"https:\\\/\\\/zeromagazine.mx\\\/index.php\\\/2025\\\/11\\\/30\\\/mini-bags-gaston-luga\\\/#breadcrumb\"},\"inLanguage\":\"es\",\"potentialAction\":[{\"@type\":\"ReadAction\",\"target\":[\"https:\\\/\\\/zeromagazine.mx\\\/index.php\\\/2025\\\/11\\\/30\\\/mini-bags-gaston-luga\\\/\"]}]},{\"@type\":\"ImageObject\",\"inLanguage\":\"es\",\"@id\":\"https:\\\/\\\/zeromagazine.mx\\\/index.php\\\/2025\\\/11\\\/30\\\/mini-bags-gaston-luga\\\/#primaryimage\",\"url\":\"https:\\\/\\\/i0.wp.com\\\/zeromagazine.mx\\\/wp-content\\\/uploads\\\/2025\\\/11\\\/IMG_6049.png?fit=1674%2C1248&ssl=1\",\"contentUrl\":\"https:\\\/\\\/i0.wp.com\\\/zeromagazine.mx\\\/wp-content\\\/uploads\\\/2025\\\/11\\\/IMG_6049.png?fit=1674%2C1248&ssl=1\",\"width\":1674,\"height\":1248},{\"@type\":\"BreadcrumbList\",\"@id\":\"https:\\\/\\\/zeromagazine.mx\\\/index.php\\\/2025\\\/11\\\/30\\\/mini-bags-gaston-luga\\\/#breadcrumb\",\"itemListElement\":[{\"@type\":\"ListItem\",\"position\":1,\"name\":\"Portada\",\"item\":\"https:\\\/\\\/zeromagazine.mx\\\/\"},{\"@type\":\"ListItem\",\"position\":2,\"name\":\"Mini bags: el accesorio que manda\"}]},{\"@type\":\"WebSite\",\"@id\":\"https:\\\/\\\/zeromagazine.mx\\\/#website\",\"url\":\"https:\\\/\\\/zeromagazine.mx\\\/\",\"name\":\"Zero Magazine\",\"description\":\"\",\"publisher\":{\"@id\":\"https:\\\/\\\/zeromagazine.mx\\\/#organization\"},\"potentialAction\":[{\"@type\":\"SearchAction\",\"target\":{\"@type\":\"EntryPoint\",\"urlTemplate\":\"https:\\\/\\\/zeromagazine.mx\\\/?s={search_term_string}\"},\"query-input\":{\"@type\":\"PropertyValueSpecification\",\"valueRequired\":true,\"valueName\":\"search_term_string\"}}],\"inLanguage\":\"es\"},{\"@type\":\"Organization\",\"@id\":\"https:\\\/\\\/zeromagazine.mx\\\/#organization\",\"name\":\"Zero Magazine\",\"url\":\"https:\\\/\\\/zeromagazine.mx\\\/\",\"logo\":{\"@type\":\"ImageObject\",\"inLanguage\":\"es\",\"@id\":\"https:\\\/\\\/zeromagazine.mx\\\/#\\\/schema\\\/logo\\\/image\\\/\",\"url\":\"https:\\\/\\\/i0.wp.com\\\/zeromagazine.mx\\\/wp-content\\\/uploads\\\/2025\\\/11\\\/1.jpeg?fit=1000%2C1000&ssl=1\",\"contentUrl\":\"https:\\\/\\\/i0.wp.com\\\/zeromagazine.mx\\\/wp-content\\\/uploads\\\/2025\\\/11\\\/1.jpeg?fit=1000%2C1000&ssl=1\",\"width\":1000,\"height\":1000,\"caption\":\"Zero Magazine\"},\"image\":{\"@id\":\"https:\\\/\\\/zeromagazine.mx\\\/#\\\/schema\\\/logo\\\/image\\\/\"},\"sameAs\":[\"https:\\\/\\\/instagram.com\\\/zeromagazinemx\"]},{\"@type\":\"Person\",\"@id\":\"https:\\\/\\\/zeromagazine.mx\\\/#\\\/schema\\\/person\\\/118d2dc27eca6f07b968c953d12daa6b\",\"name\":\"Luis Trujano\",\"image\":{\"@type\":\"ImageObject\",\"inLanguage\":\"es\",\"@id\":\"https:\\\/\\\/zeromagazine.mx\\\/wp-content\\\/litespeed\\\/avatar\\\/fbd9d1d6aa4d21e2bb5be8b3155046c9.jpg?ver=1777576316\",\"url\":\"https:\\\/\\\/zeromagazine.mx\\\/wp-content\\\/litespeed\\\/avatar\\\/fbd9d1d6aa4d21e2bb5be8b3155046c9.jpg?ver=1777576316\",\"contentUrl\":\"https:\\\/\\\/zeromagazine.mx\\\/wp-content\\\/litespeed\\\/avatar\\\/fbd9d1d6aa4d21e2bb5be8b3155046c9.jpg?ver=1777576316\",\"caption\":\"Luis Trujano\"},\"url\":\"https:\\\/\\\/zeromagazine.mx\\\/index.php\\\/author\\\/luis-trujano\\\/\"}]}<\/script>\n<!-- \/ Yoast SEO plugin. -->","yoast_head_json":{"title":"Mini bags: el accesorio que manda - Zero Magazine","description":"Las mini bags de Gaston Luga dominan el estilo urbano con dise\u00f1o funcional, est\u00e9tica escandinava y vibra compacta irresistible.","robots":{"index":"index","follow":"follow","max-snippet":"max-snippet:-1","max-image-preview":"max-image-preview:large","max-video-preview":"max-video-preview:-1"},"canonical":"https:\/\/zeromagazine.mx\/index.php\/2025\/11\/30\/mini-bags-gaston-luga\/","og_locale":"es_ES","og_type":"article","og_title":"Mini bags: el accesorio que manda - Zero Magazine","og_description":"Las mini bags de Gaston Luga dominan el estilo urbano con dise\u00f1o funcional, est\u00e9tica escandinava y vibra compacta irresistible.","og_url":"https:\/\/zeromagazine.mx\/index.php\/2025\/11\/30\/mini-bags-gaston-luga\/","og_site_name":"Zero Magazine","article_published_time":"2025-11-30T23:06:55+00:00","article_modified_time":"2025-11-30T23:07:20+00:00","og_image":[{"width":1674,"height":1248,"url":"http:\/\/zeromagazine.mx\/wp-content\/uploads\/2025\/11\/IMG_6049.png","type":"image\/png"}],"author":"Luis Trujano","twitter_card":"summary_large_image","twitter_misc":{"Escrito por":"Luis Trujano","Tiempo de lectura":"3 minutos"},"schema":{"@context":"https:\/\/schema.org","@graph":[{"@type":"Article","@id":"https:\/\/zeromagazine.mx\/index.php\/2025\/11\/30\/mini-bags-gaston-luga\/#article","isPartOf":{"@id":"https:\/\/zeromagazine.mx\/index.php\/2025\/11\/30\/mini-bags-gaston-luga\/"},"author":{"name":"Luis Trujano","@id":"https:\/\/zeromagazine.mx\/#\/schema\/person\/118d2dc27eca6f07b968c953d12daa6b"},"headline":"Mini bags: el accesorio que manda","datePublished":"2025-11-30T23:06:55+00:00","dateModified":"2025-11-30T23:07:20+00:00","mainEntityOfPage":{"@id":"https:\/\/zeromagazine.mx\/index.php\/2025\/11\/30\/mini-bags-gaston-luga\/"},"wordCount":505,"commentCount":0,"publisher":{"@id":"https:\/\/zeromagazine.mx\/#organization"},"image":{"@id":"https:\/\/zeromagazine.mx\/index.php\/2025\/11\/30\/mini-bags-gaston-luga\/#primaryimage"},"thumbnailUrl":"https:\/\/i0.wp.com\/zeromagazine.mx\/wp-content\/uploads\/2025\/11\/IMG_6049.png?fit=1674%2C1248&ssl=1","articleSection":["Moda"],"inLanguage":"es","potentialAction":[{"@type":"CommentAction","name":"Comment","target":["https:\/\/zeromagazine.mx\/index.php\/2025\/11\/30\/mini-bags-gaston-luga\/#respond"]}]},{"@type":"WebPage","@id":"https:\/\/zeromagazine.mx\/index.php\/2025\/11\/30\/mini-bags-gaston-luga\/","url":"https:\/\/zeromagazine.mx\/index.php\/2025\/11\/30\/mini-bags-gaston-luga\/","name":"Mini bags: el accesorio que manda - Zero Magazine","isPartOf":{"@id":"https:\/\/zeromagazine.mx\/#website"},"primaryImageOfPage":{"@id":"https:\/\/zeromagazine.mx\/index.php\/2025\/11\/30\/mini-bags-gaston-luga\/#primaryimage"},"image":{"@id":"https:\/\/zeromagazine.mx\/index.php\/2025\/11\/30\/mini-bags-gaston-luga\/#primaryimage"},"thumbnailUrl":"https:\/\/i0.wp.com\/zeromagazine.mx\/wp-content\/uploads\/2025\/11\/IMG_6049.png?fit=1674%2C1248&ssl=1","datePublished":"2025-11-30T23:06:55+00:00","dateModified":"2025-11-30T23:07:20+00:00","description":"Las mini bags de Gaston Luga dominan el estilo urbano con dise\u00f1o funcional, est\u00e9tica escandinava y vibra compacta irresistible.","breadcrumb":{"@id":"https:\/\/zeromagazine.mx\/index.php\/2025\/11\/30\/mini-bags-gaston-luga\/#breadcrumb"},"inLanguage":"es","potentialAction":[{"@type":"ReadAction","target":["https:\/\/zeromagazine.mx\/index.php\/2025\/11\/30\/mini-bags-gaston-luga\/"]}]},{"@type":"ImageObject","inLanguage":"es","@id":"https:\/\/zeromagazine.mx\/index.php\/2025\/11\/30\/mini-bags-gaston-luga\/#primaryimage","url":"https:\/\/i0.wp.com\/zeromagazine.mx\/wp-content\/uploads\/2025\/11\/IMG_6049.png?fit=1674%2C1248&ssl=1","contentUrl":"https:\/\/i0.wp.com\/zeromagazine.mx\/wp-content\/uploads\/2025\/11\/IMG_6049.png?fit=1674%2C1248&ssl=1","width":1674,"height":1248},{"@type":"BreadcrumbList","@id":"https:\/\/zeromagazine.mx\/index.php\/2025\/11\/30\/mini-bags-gaston-luga\/#breadcrumb","itemListElement":[{"@type":"ListItem","position":1,"name":"Portada","item":"https:\/\/zeromagazine.mx\/"},{"@type":"ListItem","position":2,"name":"Mini bags: el accesorio que manda"}]},{"@type":"WebSite","@id":"https:\/\/zeromagazine.mx\/#website","url":"https:\/\/zeromagazine.mx\/","name":"Zero Magazine","description":"","publisher":{"@id":"https:\/\/zeromagazine.mx\/#organization"},"potentialAction":[{"@type":"SearchAction","target":{"@type":"EntryPoint","urlTemplate":"https:\/\/zeromagazine.mx\/?s={search_term_string}"},"query-input":{"@type":"PropertyValueSpecification","valueRequired":true,"valueName":"search_term_string"}}],"inLanguage":"es"},{"@type":"Organization","@id":"https:\/\/zeromagazine.mx\/#organization","name":"Zero Magazine","url":"https:\/\/zeromagazine.mx\/","logo":{"@type":"ImageObject","inLanguage":"es","@id":"https:\/\/zeromagazine.mx\/#\/schema\/logo\/image\/","url":"https:\/\/i0.wp.com\/zeromagazine.mx\/wp-content\/uploads\/2025\/11\/1.jpeg?fit=1000%2C1000&ssl=1","contentUrl":"https:\/\/i0.wp.com\/zeromagazine.mx\/wp-content\/uploads\/2025\/11\/1.jpeg?fit=1000%2C1000&ssl=1","width":1000,"height":1000,"caption":"Zero Magazine"},"image":{"@id":"https:\/\/zeromagazine.mx\/#\/schema\/logo\/image\/"},"sameAs":["https:\/\/instagram.com\/zeromagazinemx"]},{"@type":"Person","@id":"https:\/\/zeromagazine.mx\/#\/schema\/person\/118d2dc27eca6f07b968c953d12daa6b","name":"Luis Trujano","image":{"@type":"ImageObject","inLanguage":"es","@id":"https:\/\/zeromagazine.mx\/wp-content\/litespeed\/avatar\/fbd9d1d6aa4d21e2bb5be8b3155046c9.jpg?ver=1777576316","url":"https:\/\/zeromagazine.mx\/wp-content\/litespeed\/avatar\/fbd9d1d6aa4d21e2bb5be8b3155046c9.jpg?ver=1777576316","contentUrl":"https:\/\/zeromagazine.mx\/wp-content\/litespeed\/avatar\/fbd9d1d6aa4d21e2bb5be8b3155046c9.jpg?ver=1777576316","caption":"Luis Trujano"},"url":"https:\/\/zeromagazine.mx\/index.php\/author\/luis-trujano\/"}]}},"jetpack_publicize_connections":[],"jetpack_featured_media_url":"https:\/\/i0.wp.com\/zeromagazine.mx\/wp-content\/uploads\/2025\/11\/IMG_6049.png?fit=1674%2C1248&ssl=1","jetpack-related-posts":[{"id":116136,"url":"https:\/\/zeromagazine.mx\/index.php\/2026\/03\/02\/mini-bags-tendencia-2026\/","url_meta":{"origin":111418,"position":0},"title":"Mini bags dominan el 2026","author":"zeromagazinemx","date":"2 de marzo de 2026","format":false,"excerpt":"Si pensabas que las bolsas enormes eran la \u00fanica forma de sobrevivir al caos diario, tenemos noticias: las mini bags est\u00e1n viviendo su mejor momento. Y no, no es solo una moda pasajera que naci\u00f3 en TikTok; es una respuesta real a c\u00f3mo nos movemos, trabajamos, salimos y viajamos hoy.\u2026","rel":"","context":"En \u00abModa\u00bb","block_context":{"text":"Moda","link":"https:\/\/zeromagazine.mx\/index.php\/category\/moda\/"},"img":{"alt_text":"","src":"https:\/\/i0.wp.com\/zeromagazine.mx\/wp-content\/uploads\/2026\/03\/1000054555-scaled.jpg?fit=900%2C1200&ssl=1&resize=350%2C200","width":350,"height":200,"srcset":"https:\/\/i0.wp.com\/zeromagazine.mx\/wp-content\/uploads\/2026\/03\/1000054555-scaled.jpg?fit=900%2C1200&ssl=1&resize=350%2C200 1x, https:\/\/i0.wp.com\/zeromagazine.mx\/wp-content\/uploads\/2026\/03\/1000054555-scaled.jpg?fit=900%2C1200&ssl=1&resize=525%2C300 1.5x, https:\/\/i0.wp.com\/zeromagazine.mx\/wp-content\/uploads\/2026\/03\/1000054555-scaled.jpg?fit=900%2C1200&ssl=1&resize=700%2C400 2x"},"classes":[]},{"id":109205,"url":"https:\/\/zeromagazine.mx\/index.php\/2025\/10\/08\/it-bags-de-cos\/","url_meta":{"origin":111418,"position":1},"title":"It bags de COS redefinen el lujo moderno","author":"zeromagazinemx","date":"8 de octubre de 2025","format":false,"excerpt":"Hay bolsos que complementan un look\u2026 y otros que simplemente lo dominan. Las it bags de COS llegan esta temporada para dejar claro que el minimalismo tambi\u00e9n puede ser poderoso. Inspiradas en la elegancia londinense con un toque art\u00edstico, estas piezas son el ejemplo perfecto de c\u00f3mo el dise\u00f1o inteligente\u2026","rel":"","context":"En \u00abModa\u00bb","block_context":{"text":"Moda","link":"https:\/\/zeromagazine.mx\/index.php\/category\/moda\/"},"img":{"alt_text":"","src":"https:\/\/i0.wp.com\/zeromagazine.mx\/wp-content\/uploads\/2025\/10\/Captura-de-pantalla-2025-09-24-a-las-16.52.25.png?fit=788%2C1200&ssl=1&resize=350%2C200","width":350,"height":200,"srcset":"https:\/\/i0.wp.com\/zeromagazine.mx\/wp-content\/uploads\/2025\/10\/Captura-de-pantalla-2025-09-24-a-las-16.52.25.png?fit=788%2C1200&ssl=1&resize=350%2C200 1x, https:\/\/i0.wp.com\/zeromagazine.mx\/wp-content\/uploads\/2025\/10\/Captura-de-pantalla-2025-09-24-a-las-16.52.25.png?fit=788%2C1200&ssl=1&resize=525%2C300 1.5x, https:\/\/i0.wp.com\/zeromagazine.mx\/wp-content\/uploads\/2025\/10\/Captura-de-pantalla-2025-09-24-a-las-16.52.25.png?fit=788%2C1200&ssl=1&resize=700%2C400 2x"},"classes":[]},{"id":88607,"url":"https:\/\/zeromagazine.mx\/index.php\/2024\/10\/28\/4-regalos-chic-para-invierno-2024\/","url_meta":{"origin":111418,"position":2},"title":"4 Regalos Chic para Invierno 2024","author":"zeromagazinemx","date":"28 de octubre de 2024","format":false,"excerpt":"\u00a1Hola, amigxs! Con el invierno a la vuelta de la esquina y el aire festivo que ya se siente en cada rinc\u00f3n, es el momento perfecto para empezar a pensar en los regalos. Y no estoy hablando de cualquier cosa; estoy hablando de esas piezas que no solo son elegantes,\u2026","rel":"","context":"En \u00abModa\u00bb","block_context":{"text":"Moda","link":"https:\/\/zeromagazine.mx\/index.php\/category\/moda\/"},"img":{"alt_text":"","src":"https:\/\/i0.wp.com\/zeromagazine.mx\/wp-content\/uploads\/2024\/10\/unnamed-33-1.png?fit=1200%2C1200&ssl=1&resize=350%2C200","width":350,"height":200,"srcset":"https:\/\/i0.wp.com\/zeromagazine.mx\/wp-content\/uploads\/2024\/10\/unnamed-33-1.png?fit=1200%2C1200&ssl=1&resize=350%2C200 1x, https:\/\/i0.wp.com\/zeromagazine.mx\/wp-content\/uploads\/2024\/10\/unnamed-33-1.png?fit=1200%2C1200&ssl=1&resize=525%2C300 1.5x, https:\/\/i0.wp.com\/zeromagazine.mx\/wp-content\/uploads\/2024\/10\/unnamed-33-1.png?fit=1200%2C1200&ssl=1&resize=700%2C400 2x, https:\/\/i0.wp.com\/zeromagazine.mx\/wp-content\/uploads\/2024\/10\/unnamed-33-1.png?fit=1200%2C1200&ssl=1&resize=1050%2C600 3x"},"classes":[]},{"id":115207,"url":"https:\/\/zeromagazine.mx\/index.php\/2026\/02\/11\/bratziez-mexico-munecas-mini-bratz\/","url_meta":{"origin":111418,"position":3},"title":"Bratziez\u00a0llegan a M\u00e9xico: Actitud Bratz\u00a0en versi\u00f3n mini \u00a0","author":"David Morales","date":"11 de febrero de 2026","format":false,"excerpt":"El universo Bratz acaba de hacer un soft reboot inesperado\u2026 pero en versi\u00f3n diminuta.\u00a0Bratziez M\u00e9xico\u00a0aterriza oficialmente para probar que la actitud ic\u00f3nica de la franquicia no depende del tama\u00f1o, sino del estilo. Estas nuevas mu\u00f1ecas coleccionables llegan con todo para dominar la conversaci\u00f3n pop, el unboxing culture y la tendencia\u2026","rel":"","context":"En \u00abBlog\u00bb","block_context":{"text":"Blog","link":"https:\/\/zeromagazine.mx\/index.php\/category\/blog\/"},"img":{"alt_text":"","src":"https:\/\/i0.wp.com\/zeromagazine.mx\/wp-content\/uploads\/2026\/02\/IMG_1413.png?fit=1200%2C1094&ssl=1&resize=350%2C200","width":350,"height":200,"srcset":"https:\/\/i0.wp.com\/zeromagazine.mx\/wp-content\/uploads\/2026\/02\/IMG_1413.png?fit=1200%2C1094&ssl=1&resize=350%2C200 1x, https:\/\/i0.wp.com\/zeromagazine.mx\/wp-content\/uploads\/2026\/02\/IMG_1413.png?fit=1200%2C1094&ssl=1&resize=525%2C300 1.5x, https:\/\/i0.wp.com\/zeromagazine.mx\/wp-content\/uploads\/2026\/02\/IMG_1413.png?fit=1200%2C1094&ssl=1&resize=700%2C400 2x, https:\/\/i0.wp.com\/zeromagazine.mx\/wp-content\/uploads\/2026\/02\/IMG_1413.png?fit=1200%2C1094&ssl=1&resize=1050%2C600 3x"},"classes":[]},{"id":106675,"url":"https:\/\/zeromagazine.mx\/index.php\/2025\/07\/14\/american-eagle-the-summer-i-turned-pretty\/","url_meta":{"origin":111418,"position":4},"title":"\u00bfQu\u00e9 prenda de AE eres seg\u00fan The Summer I Turned Pretty?","author":"David Morales","date":"14 de julio de 2025","format":false,"excerpt":"Entre cartas que nunca se enviaron, sunsets en la playa y miradas que lo dicen todo, American Eagle nos regala una dosis de nostalgia y estilo con su nueva colecci\u00f3n c\u00e1psula inspirada en la serie The Summer I Turned Pretty. Si eres fan de la est\u00e9tica coastal-preppy, prep\u00e1rate: este drop\u2026","rel":"","context":"En \u00abModa\u00bb","block_context":{"text":"Moda","link":"https:\/\/zeromagazine.mx\/index.php\/category\/moda\/"},"img":{"alt_text":"","src":"https:\/\/i0.wp.com\/zeromagazine.mx\/wp-content\/uploads\/2025\/07\/IMG_4830.jpeg?fit=1200%2C693&ssl=1&resize=350%2C200","width":350,"height":200,"srcset":"https:\/\/i0.wp.com\/zeromagazine.mx\/wp-content\/uploads\/2025\/07\/IMG_4830.jpeg?fit=1200%2C693&ssl=1&resize=350%2C200 1x, https:\/\/i0.wp.com\/zeromagazine.mx\/wp-content\/uploads\/2025\/07\/IMG_4830.jpeg?fit=1200%2C693&ssl=1&resize=525%2C300 1.5x, https:\/\/i0.wp.com\/zeromagazine.mx\/wp-content\/uploads\/2025\/07\/IMG_4830.jpeg?fit=1200%2C693&ssl=1&resize=700%2C400 2x, https:\/\/i0.wp.com\/zeromagazine.mx\/wp-content\/uploads\/2025\/07\/IMG_4830.jpeg?fit=1200%2C693&ssl=1&resize=1050%2C600 3x"},"classes":[]},{"id":81733,"url":"https:\/\/zeromagazine.mx\/index.php\/2024\/08\/12\/mini-proyectores-el-futuro-cool\/","url_meta":{"origin":111418,"position":5},"title":"\u00abMini Proyectores: \u00a1El Futuro Cool!\u00bb","author":"zeromagazinemx","date":"12 de agosto de 2024","format":false,"excerpt":"Si eres de los que siempre est\u00e1 buscando la pr\u00f3xima\u00a0\u00a0\u00a0experiencia de entretenimiento, prep\u00e1rate porque los mini proyectores est\u00e1n aqu\u00ed para transformar tu mundo. S\u00ed, has le\u00eddo bien. Los mini proyectores se est\u00e1n convirtiendo en la moda de la d\u00e9cada, y hoy te cuento todo sobre esta tendencia que no solo\u2026","rel":"","context":"En \u00abBlog\u00bb","block_context":{"text":"Blog","link":"https:\/\/zeromagazine.mx\/index.php\/category\/blog\/"},"img":{"alt_text":"","src":"https:\/\/i0.wp.com\/zeromagazine.mx\/wp-content\/uploads\/2024\/08\/14.Multi-scenario-application-scaled.jpg?fit=1200%2C675&ssl=1&resize=350%2C200","width":350,"height":200,"srcset":"https:\/\/i0.wp.com\/zeromagazine.mx\/wp-content\/uploads\/2024\/08\/14.Multi-scenario-application-scaled.jpg?fit=1200%2C675&ssl=1&resize=350%2C200 1x, https:\/\/i0.wp.com\/zeromagazine.mx\/wp-content\/uploads\/2024\/08\/14.Multi-scenario-application-scaled.jpg?fit=1200%2C675&ssl=1&resize=525%2C300 1.5x, https:\/\/i0.wp.com\/zeromagazine.mx\/wp-content\/uploads\/2024\/08\/14.Multi-scenario-application-scaled.jpg?fit=1200%2C675&ssl=1&resize=700%2C400 2x, https:\/\/i0.wp.com\/zeromagazine.mx\/wp-content\/uploads\/2024\/08\/14.Multi-scenario-application-scaled.jpg?fit=1200%2C675&ssl=1&resize=1050%2C600 3x"},"classes":[]}],"jetpack_sharing_enabled":true,"builder_content":"","_links":{"self":[{"href":"https:\/\/zeromagazine.mx\/index.php\/wp-json\/wp\/v2\/posts\/111418","targetHints":{"allow":["GET"]}}],"collection":[{"href":"https:\/\/zeromagazine.mx\/index.php\/wp-json\/wp\/v2\/posts"}],"about":[{"href":"https:\/\/zeromagazine.mx\/index.php\/wp-json\/wp\/v2\/types\/post"}],"author":[{"embeddable":true,"href":"https:\/\/zeromagazine.mx\/index.php\/wp-json\/wp\/v2\/users\/6"}],"replies":[{"embeddable":true,"href":"https:\/\/zeromagazine.mx\/index.php\/wp-json\/wp\/v2\/comments?post=111418"}],"version-history":[{"count":3,"href":"https:\/\/zeromagazine.mx\/index.php\/wp-json\/wp\/v2\/posts\/111418\/revisions"}],"predecessor-version":[{"id":111424,"href":"https:\/\/zeromagazine.mx\/index.php\/wp-json\/wp\/v2\/posts\/111418\/revisions\/111424"}],"wp:featuredmedia":[{"embeddable":true,"href":"https:\/\/zeromagazine.mx\/index.php\/wp-json\/wp\/v2\/media\/111419"}],"wp:attachment":[{"href":"https:\/\/zeromagazine.mx\/index.php\/wp-json\/wp\/v2\/media?parent=111418"}],"wp:term":[{"taxonomy":"category","embeddable":true,"href":"https:\/\/zeromagazine.mx\/index.php\/wp-json\/wp\/v2\/categories?post=111418"},{"taxonomy":"post_tag","embeddable":true,"href":"https:\/\/zeromagazine.mx\/index.php\/wp-json\/wp\/v2\/tags?post=111418"}],"curies":[{"name":"wp","href":"https:\/\/api.w.org\/{rel}","templated":true}]}}