{"id":112880,"date":"2026-01-09T11:46:22","date_gmt":"2026-01-09T17:46:22","guid":{"rendered":"https:\/\/zeromagazine.mx\/?p=112880"},"modified":"2026-01-09T11:47:49","modified_gmt":"2026-01-09T17:47:49","slug":"sebium-kerato-rutina-acne","status":"publish","type":"post","link":"https:\/\/zeromagazine.mx\/index.php\/2026\/01\/09\/sebium-kerato-rutina-acne\/","title":{"rendered":"S\u00e9bium Kerato+ y tu glow"},"content":{"rendered":"<p>Hablar de metas ya no es solo tachar pendientes o guardar fotos aesthetic en un tablero digital. Cada vez m\u00e1s, los prop\u00f3sitos reales empiezan desde lo cotidiano: c\u00f3mo te hablas, c\u00f3mo descansas y, s\u00ed, c\u00f3mo cuidas tu piel. El skincare dej\u00f3 de ser un lujo aspiracional para convertirse en una forma pr\u00e1ctica de autocuidado, especialmente cuando se trata de piel con tendencia acneica.<\/p>\n\n\n\n<p>Porque seamos honestxs: el acn\u00e9 no desaparece por arte de magia ni por desearlo muy fuerte. Se entiende, se trata y se acompa\u00f1a con constancia. Y ah\u00ed es donde entra una rutina pensada para la vida real, no para est\u00e1ndares imposibles.<\/p>\n\n\n<figure class=\"alignfull wp-block-post-featured-image\"><img data-recalc-dims=\"1\" decoding=\"async\" width=\"1165\" height=\"1497\" src=\"https:\/\/i0.wp.com\/zeromagazine.mx\/wp-content\/uploads\/2026\/01\/image-6.png?resize=1165%2C1497&#038;ssl=1\" class=\"attachment-post-thumbnail size-post-thumbnail wp-post-image\" alt=\"\" style=\"object-fit:cover;\" srcset=\"https:\/\/i0.wp.com\/zeromagazine.mx\/wp-content\/uploads\/2026\/01\/image-6.png?w=1245&amp;ssl=1 1245w, https:\/\/i0.wp.com\/zeromagazine.mx\/wp-content\/uploads\/2026\/01\/image-6.png?resize=233%2C300&amp;ssl=1 233w, https:\/\/i0.wp.com\/zeromagazine.mx\/wp-content\/uploads\/2026\/01\/image-6.png?resize=797%2C1024&amp;ssl=1 797w, https:\/\/i0.wp.com\/zeromagazine.mx\/wp-content\/uploads\/2026\/01\/image-6.png?resize=768%2C987&amp;ssl=1 768w, https:\/\/i0.wp.com\/zeromagazine.mx\/wp-content\/uploads\/2026\/01\/image-6.png?resize=1195%2C1536&amp;ssl=1 1195w\" sizes=\"(max-width: 1165px) 100vw, 1165px\" \/><\/figure>\n\n\n<h3 class=\"wp-block-heading\"><strong>S\u00e9bium Kerato+ como punto de partida<\/strong><\/h3>\n\n\n\n<p>S\u00e9bium Kerato+ no es el t\u00edpico producto que promete milagros de la noche a la ma\u00f1ana. Es un gel crema dermatol\u00f3gico desarrollado para pieles con tendencia acneica \u2014tanto adolescentes como adultas\u2014 que busca algo mucho m\u00e1s importante: equilibrio. Su f\u00f3rmula ayuda a reducir brotes, puntos negros y marcas visibles, sin agredir ni resecar la piel.<\/p>\n\n\n\n<p>Adem\u00e1s, su textura ligera lo hace f\u00e1cil de integrar en cualquier rutina, incluso si eres de lxs que apenas est\u00e1n empezando en el mundo del skincare. Se puede usar por la ma\u00f1ana y\/o por la noche, en todo el rostro o solo en las zonas que lo necesitan. Cero complicaciones, cero pasos innecesarios.<\/p>\n\n\n\n<figure class=\"wp-block-image alignfull size-full\"><img data-recalc-dims=\"1\" decoding=\"async\" width=\"1024\" height=\"1024\" src=\"https:\/\/i0.wp.com\/zeromagazine.mx\/wp-content\/uploads\/2026\/01\/ca241ee62a2835bc074de77fa83fe77f-_7b151390_7d__7b_7d__7b28675_7d.jpg?resize=1024%2C1024&#038;ssl=1\" alt=\"\" class=\"wp-image-112882\" srcset=\"https:\/\/i0.wp.com\/zeromagazine.mx\/wp-content\/uploads\/2026\/01\/ca241ee62a2835bc074de77fa83fe77f-_7b151390_7d__7b_7d__7b28675_7d.jpg?w=1024&amp;ssl=1 1024w, https:\/\/i0.wp.com\/zeromagazine.mx\/wp-content\/uploads\/2026\/01\/ca241ee62a2835bc074de77fa83fe77f-_7b151390_7d__7b_7d__7b28675_7d.jpg?resize=300%2C300&amp;ssl=1 300w, https:\/\/i0.wp.com\/zeromagazine.mx\/wp-content\/uploads\/2026\/01\/ca241ee62a2835bc074de77fa83fe77f-_7b151390_7d__7b_7d__7b28675_7d.jpg?resize=150%2C150&amp;ssl=1 150w, https:\/\/i0.wp.com\/zeromagazine.mx\/wp-content\/uploads\/2026\/01\/ca241ee62a2835bc074de77fa83fe77f-_7b151390_7d__7b_7d__7b28675_7d.jpg?resize=768%2C768&amp;ssl=1 768w\" sizes=\"(max-width: 1024px) 100vw, 1024px\" \/><\/figure>\n\n\n\n<h3 class=\"wp-block-heading\"><strong>S\u00e9bium Kerato+ y la constancia real<\/strong><\/h3>\n\n\n\n<p>Por otro lado, uno de los mayores mitos del cuidado de la piel es que todo debe verse perfecto para funcionar. La realidad es que la constancia gana siempre. Usar S\u00e9bium Kerato+ de forma regular ayuda a mejorar la textura de la piel y a mantener los poros m\u00e1s limpios, lo que se traduce en menos brotes inesperados y una piel que se siente m\u00e1s c\u00f3moda consigo misma.<\/p>\n\n\n\n<p>Aqu\u00ed no se trata de esconder imperfecciones, sino de entenderlas. El acn\u00e9 es parte de la experiencia de much\u00edsimas personas y normalizarlo tambi\u00e9n es una forma de amor propio. Cuidar tu piel no significa luchar contra ella, sino aprender a escucharla.<\/p>\n\n\n\n<p>Adem\u00e1s, incorporar un producto dermatol\u00f3gico efectivo a tu rutina diaria puede ser ese peque\u00f1o h\u00e1bito que desencadena otros cambios positivos. Cuando empiezas el d\u00eda cuid\u00e1ndote, todo lo dem\u00e1s se siente un poco m\u00e1s posible.<\/p>\n\n\n\n<h3 class=\"wp-block-heading\"><strong>Skincare que acompa\u00f1a tus metas<\/strong><\/h3>\n\n\n\n<p>Finalmente, pensar en el skincare como parte de tus objetivos personales cambia completamente la narrativa. No es vanidad, es bienestar. No es presi\u00f3n, es intenci\u00f3n. S\u00e9bium Kerato+ se convierte as\u00ed en un aliado silencioso: trabaja mientras t\u00fa sigues con tu vida, tus planes y tus sue\u00f1os.<\/p>\n\n\n\n<p>Este tipo de cuidado consciente encaja perfecto con una mentalidad m\u00e1s realista y amable. Menos filtros, m\u00e1s piel real. Menos promesas irreales, m\u00e1s resultados visibles con el tiempo.<\/p>\n\n\n\n<p>Empezar por tu piel no significa detenerte ah\u00ed. Significa crear una base s\u00f3lida \u2014literal y emocional\u2014 para todo lo que viene despu\u00e9s. Y si tu rutina puede ayudarte a sentirte mejor frente al espejo, tambi\u00e9n puede impulsarte a ir por todo lo dem\u00e1s.<\/p>\n\n\n\n<figure class=\"wp-block-image alignfull size-large\"><img data-recalc-dims=\"1\" decoding=\"async\" width=\"1024\" height=\"307\" src=\"https:\/\/i0.wp.com\/zeromagazine.mx\/wp-content\/uploads\/2026\/01\/image-7-1024x307.png?resize=1024%2C307&#038;ssl=1\" alt=\"\" class=\"wp-image-112883\" srcset=\"https:\/\/i0.wp.com\/zeromagazine.mx\/wp-content\/uploads\/2026\/01\/image-7.png?resize=1024%2C307&amp;ssl=1 1024w, https:\/\/i0.wp.com\/zeromagazine.mx\/wp-content\/uploads\/2026\/01\/image-7.png?resize=300%2C90&amp;ssl=1 300w, https:\/\/i0.wp.com\/zeromagazine.mx\/wp-content\/uploads\/2026\/01\/image-7.png?resize=768%2C230&amp;ssl=1 768w, https:\/\/i0.wp.com\/zeromagazine.mx\/wp-content\/uploads\/2026\/01\/image-7.png?w=1350&amp;ssl=1 1350w\" sizes=\"(max-width: 1024px) 100vw, 1024px\" \/><\/figure>\n\n<!--themify_builder_content-->\n<div id=\"themify_builder_content-112880\" data-postid=\"112880\" class=\"themify_builder_content themify_builder_content-112880 themify_builder tf_clear\">\n    <\/div>\n<!--\/themify_builder_content-->","protected":false},"excerpt":{"rendered":"<p>Hablar de metas ya no es solo tachar pendientes o guardar fotos aesthetic en un tablero digital. Cada vez m\u00e1s, los prop\u00f3sitos reales empiezan desde lo cotidiano: c\u00f3mo te hablas, c\u00f3mo descansas y, s\u00ed, c\u00f3mo cuidas tu piel. El skincare dej\u00f3 de ser un lujo aspiracional para convertirse en una forma pr\u00e1ctica de autocuidado, especialmente [&hellip;]<\/p>\n","protected":false},"author":2,"featured_media":112881,"comment_status":"open","ping_status":"open","sticky":false,"template":"","format":"standard","meta":{"_jetpack_memberships_contains_paid_content":false,"footnotes":"","jetpack_publicize_message":"","jetpack_publicize_feature_enabled":true,"jetpack_social_post_already_shared":true,"jetpack_social_options":{"image_generator_settings":{"template":"highway","default_image_id":0,"font":"","enabled":false},"version":2}},"categories":[9858],"tags":[],"class_list":["post-112880","post","type-post","status-publish","format-standard","has-post-thumbnail","hentry","category-beauty","has-post-title","has-post-date","has-post-category","has-post-tag","has-post-comment","has-post-author",""],"yoast_head":"<!-- This site is optimized with the Yoast SEO plugin v27.5 - https:\/\/yoast.com\/product\/yoast-seo-wordpress\/ -->\n<title>S\u00e9bium Kerato+ y tu glow - Zero Magazine<\/title>\n<meta name=\"description\" content=\"Descubre c\u00f3mo S\u00e9bium Kerato+ puede transformar tu rutina de skincare y ayudarte a cuidar el acn\u00e9 con constancia y equilibrio.\" \/>\n<meta name=\"robots\" content=\"index, follow, max-snippet:-1, max-image-preview:large, max-video-preview:-1\" \/>\n<link rel=\"canonical\" href=\"https:\/\/zeromagazine.mx\/index.php\/2026\/01\/09\/sebium-kerato-rutina-acne\/\" \/>\n<meta property=\"og:locale\" content=\"es_ES\" \/>\n<meta property=\"og:type\" content=\"article\" \/>\n<meta property=\"og:title\" content=\"S\u00e9bium Kerato+ y tu glow - Zero Magazine\" \/>\n<meta property=\"og:description\" content=\"Descubre c\u00f3mo S\u00e9bium Kerato+ puede transformar tu rutina de skincare y ayudarte a cuidar el acn\u00e9 con constancia y equilibrio.\" \/>\n<meta property=\"og:url\" content=\"https:\/\/zeromagazine.mx\/index.php\/2026\/01\/09\/sebium-kerato-rutina-acne\/\" \/>\n<meta property=\"og:site_name\" content=\"Zero Magazine\" \/>\n<meta property=\"article:published_time\" content=\"2026-01-09T17:46:22+00:00\" \/>\n<meta property=\"article:modified_time\" content=\"2026-01-09T17:47:49+00:00\" \/>\n<meta property=\"og:image\" content=\"http:\/\/zeromagazine.mx\/wp-content\/uploads\/2026\/01\/image-6-797x1024.png\" \/>\n\t<meta property=\"og:image:width\" content=\"797\" \/>\n\t<meta property=\"og:image:height\" content=\"1024\" \/>\n\t<meta property=\"og:image:type\" content=\"image\/png\" \/>\n<meta name=\"author\" content=\"zeromagazinemx\" \/>\n<meta name=\"twitter:card\" content=\"summary_large_image\" \/>\n<meta name=\"twitter:label1\" content=\"Escrito por\" \/>\n\t<meta name=\"twitter:data1\" content=\"zeromagazinemx\" \/>\n\t<meta name=\"twitter:label2\" content=\"Tiempo de lectura\" \/>\n\t<meta name=\"twitter:data2\" content=\"3 minutos\" \/>\n<script type=\"application\/ld+json\" class=\"yoast-schema-graph\">{\"@context\":\"https:\\\/\\\/schema.org\",\"@graph\":[{\"@type\":\"Article\",\"@id\":\"https:\\\/\\\/zeromagazine.mx\\\/index.php\\\/2026\\\/01\\\/09\\\/sebium-kerato-rutina-acne\\\/#article\",\"isPartOf\":{\"@id\":\"https:\\\/\\\/zeromagazine.mx\\\/index.php\\\/2026\\\/01\\\/09\\\/sebium-kerato-rutina-acne\\\/\"},\"author\":{\"name\":\"zeromagazinemx\",\"@id\":\"https:\\\/\\\/zeromagazine.mx\\\/#\\\/schema\\\/person\\\/9aed9f33a7c39af3a348b86d723f7773\"},\"headline\":\"S\u00e9bium Kerato+ y tu glow\",\"datePublished\":\"2026-01-09T17:46:22+00:00\",\"dateModified\":\"2026-01-09T17:47:49+00:00\",\"mainEntityOfPage\":{\"@id\":\"https:\\\/\\\/zeromagazine.mx\\\/index.php\\\/2026\\\/01\\\/09\\\/sebium-kerato-rutina-acne\\\/\"},\"wordCount\":542,\"commentCount\":0,\"publisher\":{\"@id\":\"https:\\\/\\\/zeromagazine.mx\\\/#organization\"},\"image\":{\"@id\":\"https:\\\/\\\/zeromagazine.mx\\\/index.php\\\/2026\\\/01\\\/09\\\/sebium-kerato-rutina-acne\\\/#primaryimage\"},\"thumbnailUrl\":\"https:\\\/\\\/i0.wp.com\\\/zeromagazine.mx\\\/wp-content\\\/uploads\\\/2026\\\/01\\\/image-6.png?fit=1245%2C1600&ssl=1\",\"articleSection\":[\"Beauty\"],\"inLanguage\":\"es\",\"potentialAction\":[{\"@type\":\"CommentAction\",\"name\":\"Comment\",\"target\":[\"https:\\\/\\\/zeromagazine.mx\\\/index.php\\\/2026\\\/01\\\/09\\\/sebium-kerato-rutina-acne\\\/#respond\"]}]},{\"@type\":\"WebPage\",\"@id\":\"https:\\\/\\\/zeromagazine.mx\\\/index.php\\\/2026\\\/01\\\/09\\\/sebium-kerato-rutina-acne\\\/\",\"url\":\"https:\\\/\\\/zeromagazine.mx\\\/index.php\\\/2026\\\/01\\\/09\\\/sebium-kerato-rutina-acne\\\/\",\"name\":\"S\u00e9bium Kerato+ y tu glow - Zero Magazine\",\"isPartOf\":{\"@id\":\"https:\\\/\\\/zeromagazine.mx\\\/#website\"},\"primaryImageOfPage\":{\"@id\":\"https:\\\/\\\/zeromagazine.mx\\\/index.php\\\/2026\\\/01\\\/09\\\/sebium-kerato-rutina-acne\\\/#primaryimage\"},\"image\":{\"@id\":\"https:\\\/\\\/zeromagazine.mx\\\/index.php\\\/2026\\\/01\\\/09\\\/sebium-kerato-rutina-acne\\\/#primaryimage\"},\"thumbnailUrl\":\"https:\\\/\\\/i0.wp.com\\\/zeromagazine.mx\\\/wp-content\\\/uploads\\\/2026\\\/01\\\/image-6.png?fit=1245%2C1600&ssl=1\",\"datePublished\":\"2026-01-09T17:46:22+00:00\",\"dateModified\":\"2026-01-09T17:47:49+00:00\",\"description\":\"Descubre c\u00f3mo S\u00e9bium Kerato+ puede transformar tu rutina de skincare y ayudarte a cuidar el acn\u00e9 con constancia y equilibrio.\",\"breadcrumb\":{\"@id\":\"https:\\\/\\\/zeromagazine.mx\\\/index.php\\\/2026\\\/01\\\/09\\\/sebium-kerato-rutina-acne\\\/#breadcrumb\"},\"inLanguage\":\"es\",\"potentialAction\":[{\"@type\":\"ReadAction\",\"target\":[\"https:\\\/\\\/zeromagazine.mx\\\/index.php\\\/2026\\\/01\\\/09\\\/sebium-kerato-rutina-acne\\\/\"]}]},{\"@type\":\"ImageObject\",\"inLanguage\":\"es\",\"@id\":\"https:\\\/\\\/zeromagazine.mx\\\/index.php\\\/2026\\\/01\\\/09\\\/sebium-kerato-rutina-acne\\\/#primaryimage\",\"url\":\"https:\\\/\\\/i0.wp.com\\\/zeromagazine.mx\\\/wp-content\\\/uploads\\\/2026\\\/01\\\/image-6.png?fit=1245%2C1600&ssl=1\",\"contentUrl\":\"https:\\\/\\\/i0.wp.com\\\/zeromagazine.mx\\\/wp-content\\\/uploads\\\/2026\\\/01\\\/image-6.png?fit=1245%2C1600&ssl=1\",\"width\":1245,\"height\":1600},{\"@type\":\"BreadcrumbList\",\"@id\":\"https:\\\/\\\/zeromagazine.mx\\\/index.php\\\/2026\\\/01\\\/09\\\/sebium-kerato-rutina-acne\\\/#breadcrumb\",\"itemListElement\":[{\"@type\":\"ListItem\",\"position\":1,\"name\":\"Portada\",\"item\":\"https:\\\/\\\/zeromagazine.mx\\\/\"},{\"@type\":\"ListItem\",\"position\":2,\"name\":\"S\u00e9bium Kerato+ y tu glow\"}]},{\"@type\":\"WebSite\",\"@id\":\"https:\\\/\\\/zeromagazine.mx\\\/#website\",\"url\":\"https:\\\/\\\/zeromagazine.mx\\\/\",\"name\":\"Zero Magazine\",\"description\":\"\",\"publisher\":{\"@id\":\"https:\\\/\\\/zeromagazine.mx\\\/#organization\"},\"potentialAction\":[{\"@type\":\"SearchAction\",\"target\":{\"@type\":\"EntryPoint\",\"urlTemplate\":\"https:\\\/\\\/zeromagazine.mx\\\/?s={search_term_string}\"},\"query-input\":{\"@type\":\"PropertyValueSpecification\",\"valueRequired\":true,\"valueName\":\"search_term_string\"}}],\"inLanguage\":\"es\"},{\"@type\":\"Organization\",\"@id\":\"https:\\\/\\\/zeromagazine.mx\\\/#organization\",\"name\":\"Zero Magazine\",\"url\":\"https:\\\/\\\/zeromagazine.mx\\\/\",\"logo\":{\"@type\":\"ImageObject\",\"inLanguage\":\"es\",\"@id\":\"https:\\\/\\\/zeromagazine.mx\\\/#\\\/schema\\\/logo\\\/image\\\/\",\"url\":\"https:\\\/\\\/i0.wp.com\\\/zeromagazine.mx\\\/wp-content\\\/uploads\\\/2025\\\/11\\\/1.jpeg?fit=1000%2C1000&ssl=1\",\"contentUrl\":\"https:\\\/\\\/i0.wp.com\\\/zeromagazine.mx\\\/wp-content\\\/uploads\\\/2025\\\/11\\\/1.jpeg?fit=1000%2C1000&ssl=1\",\"width\":1000,\"height\":1000,\"caption\":\"Zero Magazine\"},\"image\":{\"@id\":\"https:\\\/\\\/zeromagazine.mx\\\/#\\\/schema\\\/logo\\\/image\\\/\"},\"sameAs\":[\"https:\\\/\\\/instagram.com\\\/zeromagazinemx\"]},{\"@type\":\"Person\",\"@id\":\"https:\\\/\\\/zeromagazine.mx\\\/#\\\/schema\\\/person\\\/9aed9f33a7c39af3a348b86d723f7773\",\"name\":\"zeromagazinemx\",\"image\":{\"@type\":\"ImageObject\",\"inLanguage\":\"es\",\"@id\":\"https:\\\/\\\/zeromagazine.mx\\\/wp-content\\\/litespeed\\\/avatar\\\/f91dfe5410d5dcb1a576bf8c45983896.jpg?ver=1777571230\",\"url\":\"https:\\\/\\\/zeromagazine.mx\\\/wp-content\\\/litespeed\\\/avatar\\\/f91dfe5410d5dcb1a576bf8c45983896.jpg?ver=1777571230\",\"contentUrl\":\"https:\\\/\\\/zeromagazine.mx\\\/wp-content\\\/litespeed\\\/avatar\\\/f91dfe5410d5dcb1a576bf8c45983896.jpg?ver=1777571230\",\"caption\":\"zeromagazinemx\"},\"url\":\"https:\\\/\\\/zeromagazine.mx\\\/index.php\\\/author\\\/zeromagazinemx\\\/\"}]}<\/script>\n<!-- \/ Yoast SEO plugin. -->","yoast_head_json":{"title":"S\u00e9bium Kerato+ y tu glow - Zero Magazine","description":"Descubre c\u00f3mo S\u00e9bium Kerato+ puede transformar tu rutina de skincare y ayudarte a cuidar el acn\u00e9 con constancia y equilibrio.","robots":{"index":"index","follow":"follow","max-snippet":"max-snippet:-1","max-image-preview":"max-image-preview:large","max-video-preview":"max-video-preview:-1"},"canonical":"https:\/\/zeromagazine.mx\/index.php\/2026\/01\/09\/sebium-kerato-rutina-acne\/","og_locale":"es_ES","og_type":"article","og_title":"S\u00e9bium Kerato+ y tu glow - Zero Magazine","og_description":"Descubre c\u00f3mo S\u00e9bium Kerato+ puede transformar tu rutina de skincare y ayudarte a cuidar el acn\u00e9 con constancia y equilibrio.","og_url":"https:\/\/zeromagazine.mx\/index.php\/2026\/01\/09\/sebium-kerato-rutina-acne\/","og_site_name":"Zero Magazine","article_published_time":"2026-01-09T17:46:22+00:00","article_modified_time":"2026-01-09T17:47:49+00:00","og_image":[{"width":797,"height":1024,"url":"http:\/\/zeromagazine.mx\/wp-content\/uploads\/2026\/01\/image-6-797x1024.png","type":"image\/png"}],"author":"zeromagazinemx","twitter_card":"summary_large_image","twitter_misc":{"Escrito por":"zeromagazinemx","Tiempo de lectura":"3 minutos"},"schema":{"@context":"https:\/\/schema.org","@graph":[{"@type":"Article","@id":"https:\/\/zeromagazine.mx\/index.php\/2026\/01\/09\/sebium-kerato-rutina-acne\/#article","isPartOf":{"@id":"https:\/\/zeromagazine.mx\/index.php\/2026\/01\/09\/sebium-kerato-rutina-acne\/"},"author":{"name":"zeromagazinemx","@id":"https:\/\/zeromagazine.mx\/#\/schema\/person\/9aed9f33a7c39af3a348b86d723f7773"},"headline":"S\u00e9bium Kerato+ y tu glow","datePublished":"2026-01-09T17:46:22+00:00","dateModified":"2026-01-09T17:47:49+00:00","mainEntityOfPage":{"@id":"https:\/\/zeromagazine.mx\/index.php\/2026\/01\/09\/sebium-kerato-rutina-acne\/"},"wordCount":542,"commentCount":0,"publisher":{"@id":"https:\/\/zeromagazine.mx\/#organization"},"image":{"@id":"https:\/\/zeromagazine.mx\/index.php\/2026\/01\/09\/sebium-kerato-rutina-acne\/#primaryimage"},"thumbnailUrl":"https:\/\/i0.wp.com\/zeromagazine.mx\/wp-content\/uploads\/2026\/01\/image-6.png?fit=1245%2C1600&ssl=1","articleSection":["Beauty"],"inLanguage":"es","potentialAction":[{"@type":"CommentAction","name":"Comment","target":["https:\/\/zeromagazine.mx\/index.php\/2026\/01\/09\/sebium-kerato-rutina-acne\/#respond"]}]},{"@type":"WebPage","@id":"https:\/\/zeromagazine.mx\/index.php\/2026\/01\/09\/sebium-kerato-rutina-acne\/","url":"https:\/\/zeromagazine.mx\/index.php\/2026\/01\/09\/sebium-kerato-rutina-acne\/","name":"S\u00e9bium Kerato+ y tu glow - Zero Magazine","isPartOf":{"@id":"https:\/\/zeromagazine.mx\/#website"},"primaryImageOfPage":{"@id":"https:\/\/zeromagazine.mx\/index.php\/2026\/01\/09\/sebium-kerato-rutina-acne\/#primaryimage"},"image":{"@id":"https:\/\/zeromagazine.mx\/index.php\/2026\/01\/09\/sebium-kerato-rutina-acne\/#primaryimage"},"thumbnailUrl":"https:\/\/i0.wp.com\/zeromagazine.mx\/wp-content\/uploads\/2026\/01\/image-6.png?fit=1245%2C1600&ssl=1","datePublished":"2026-01-09T17:46:22+00:00","dateModified":"2026-01-09T17:47:49+00:00","description":"Descubre c\u00f3mo S\u00e9bium Kerato+ puede transformar tu rutina de skincare y ayudarte a cuidar el acn\u00e9 con constancia y equilibrio.","breadcrumb":{"@id":"https:\/\/zeromagazine.mx\/index.php\/2026\/01\/09\/sebium-kerato-rutina-acne\/#breadcrumb"},"inLanguage":"es","potentialAction":[{"@type":"ReadAction","target":["https:\/\/zeromagazine.mx\/index.php\/2026\/01\/09\/sebium-kerato-rutina-acne\/"]}]},{"@type":"ImageObject","inLanguage":"es","@id":"https:\/\/zeromagazine.mx\/index.php\/2026\/01\/09\/sebium-kerato-rutina-acne\/#primaryimage","url":"https:\/\/i0.wp.com\/zeromagazine.mx\/wp-content\/uploads\/2026\/01\/image-6.png?fit=1245%2C1600&ssl=1","contentUrl":"https:\/\/i0.wp.com\/zeromagazine.mx\/wp-content\/uploads\/2026\/01\/image-6.png?fit=1245%2C1600&ssl=1","width":1245,"height":1600},{"@type":"BreadcrumbList","@id":"https:\/\/zeromagazine.mx\/index.php\/2026\/01\/09\/sebium-kerato-rutina-acne\/#breadcrumb","itemListElement":[{"@type":"ListItem","position":1,"name":"Portada","item":"https:\/\/zeromagazine.mx\/"},{"@type":"ListItem","position":2,"name":"S\u00e9bium Kerato+ y tu glow"}]},{"@type":"WebSite","@id":"https:\/\/zeromagazine.mx\/#website","url":"https:\/\/zeromagazine.mx\/","name":"Zero Magazine","description":"","publisher":{"@id":"https:\/\/zeromagazine.mx\/#organization"},"potentialAction":[{"@type":"SearchAction","target":{"@type":"EntryPoint","urlTemplate":"https:\/\/zeromagazine.mx\/?s={search_term_string}"},"query-input":{"@type":"PropertyValueSpecification","valueRequired":true,"valueName":"search_term_string"}}],"inLanguage":"es"},{"@type":"Organization","@id":"https:\/\/zeromagazine.mx\/#organization","name":"Zero Magazine","url":"https:\/\/zeromagazine.mx\/","logo":{"@type":"ImageObject","inLanguage":"es","@id":"https:\/\/zeromagazine.mx\/#\/schema\/logo\/image\/","url":"https:\/\/i0.wp.com\/zeromagazine.mx\/wp-content\/uploads\/2025\/11\/1.jpeg?fit=1000%2C1000&ssl=1","contentUrl":"https:\/\/i0.wp.com\/zeromagazine.mx\/wp-content\/uploads\/2025\/11\/1.jpeg?fit=1000%2C1000&ssl=1","width":1000,"height":1000,"caption":"Zero Magazine"},"image":{"@id":"https:\/\/zeromagazine.mx\/#\/schema\/logo\/image\/"},"sameAs":["https:\/\/instagram.com\/zeromagazinemx"]},{"@type":"Person","@id":"https:\/\/zeromagazine.mx\/#\/schema\/person\/9aed9f33a7c39af3a348b86d723f7773","name":"zeromagazinemx","image":{"@type":"ImageObject","inLanguage":"es","@id":"https:\/\/zeromagazine.mx\/wp-content\/litespeed\/avatar\/f91dfe5410d5dcb1a576bf8c45983896.jpg?ver=1777571230","url":"https:\/\/zeromagazine.mx\/wp-content\/litespeed\/avatar\/f91dfe5410d5dcb1a576bf8c45983896.jpg?ver=1777571230","contentUrl":"https:\/\/zeromagazine.mx\/wp-content\/litespeed\/avatar\/f91dfe5410d5dcb1a576bf8c45983896.jpg?ver=1777571230","caption":"zeromagazinemx"},"url":"https:\/\/zeromagazine.mx\/index.php\/author\/zeromagazinemx\/"}]}},"jetpack_publicize_connections":[],"jetpack_featured_media_url":"https:\/\/i0.wp.com\/zeromagazine.mx\/wp-content\/uploads\/2026\/01\/image-6.png?fit=1245%2C1600&ssl=1","jetpack-related-posts":[{"id":115815,"url":"https:\/\/zeromagazine.mx\/index.php\/2026\/02\/23\/benzacare-acne-skincare-piel-real\/","url_meta":{"origin":112880,"position":0},"title":"Benzacare acn\u00e9: skincare real","author":"Luis Trujano","date":"23 de febrero de 2026","format":false,"excerpt":"Cuidar la piel no deber\u00eda sentirse como una batalla diaria ni como una promesa imposible. Benzacare acn\u00e9 llega con una narrativa que se siente honesta, cercana y muy real: as\u00ed como eliges a tus amistades con cuidado, tu rutina de skincare tambi\u00e9n merece aliados que est\u00e9n contigo todos los d\u00edas,\u2026","rel":"","context":"En \u00abBeauty\u00bb","block_context":{"text":"Beauty","link":"https:\/\/zeromagazine.mx\/index.php\/category\/beauty\/"},"img":{"alt_text":"","src":"https:\/\/i0.wp.com\/zeromagazine.mx\/wp-content\/uploads\/2026\/02\/IMG_6492.png?resize=350%2C200&ssl=1","width":350,"height":200},"classes":[]},{"id":116044,"url":"https:\/\/zeromagazine.mx\/index.php\/2026\/02\/28\/soft-skin-era-reset-piel\/","url_meta":{"origin":112880,"position":1},"title":"Soft skin era empieza aqu\u00ed","author":"zeromagazinemx","date":"28 de febrero de 2026","format":false,"excerpt":"Hay momentos en el a\u00f1o que piden reinicio. Y febrero tiene toda la vibra de \u201cborr\u00f3n y cuenta nueva\u201d, pero en versi\u00f3n skincare. La tendencia Soft skin era no se trata de comprar diez productos nuevos ni de saturar tu piel con activos intensos; se trata de equilibrio, de fortalecer\u2026","rel":"","context":"En \u00abBeauty\u00bb","block_context":{"text":"Beauty","link":"https:\/\/zeromagazine.mx\/index.php\/category\/beauty\/"},"img":{"alt_text":"","src":"https:\/\/i0.wp.com\/zeromagazine.mx\/wp-content\/uploads\/2026\/02\/NEED.png?fit=612%2C612&ssl=1&resize=350%2C200","width":350,"height":200,"srcset":"https:\/\/i0.wp.com\/zeromagazine.mx\/wp-content\/uploads\/2026\/02\/NEED.png?fit=612%2C612&ssl=1&resize=350%2C200 1x, https:\/\/i0.wp.com\/zeromagazine.mx\/wp-content\/uploads\/2026\/02\/NEED.png?fit=612%2C612&ssl=1&resize=525%2C300 1.5x"},"classes":[]},{"id":110253,"url":"https:\/\/zeromagazine.mx\/index.php\/2025\/11\/06\/cuidado-de-la-piel-arte-transformador\/","url_meta":{"origin":112880,"position":2},"title":"Cuidado de la piel: el arte que transforma","author":"zeromagazinemx","date":"6 de noviembre de 2025","format":false,"excerpt":"Ok, hablemos en serio: el cuidado de la piel ya no se trata solo de seguir la rutina m\u00e1s viral del momento o copiar lo que usa tu celeb favorita. Se trata de entender lo que tu piel necesita, de escucharla y de encontrar productos que realmente funcionen contigo. Eso\u2026","rel":"","context":"En \u00abBlog\u00bb","block_context":{"text":"Blog","link":"https:\/\/zeromagazine.mx\/index.php\/category\/blog\/"},"img":{"alt_text":"","src":"https:\/\/i0.wp.com\/zeromagazine.mx\/wp-content\/uploads\/2025\/11\/1000039091.jpg?fit=1200%2C729&ssl=1&resize=350%2C200","width":350,"height":200,"srcset":"https:\/\/i0.wp.com\/zeromagazine.mx\/wp-content\/uploads\/2025\/11\/1000039091.jpg?fit=1200%2C729&ssl=1&resize=350%2C200 1x, https:\/\/i0.wp.com\/zeromagazine.mx\/wp-content\/uploads\/2025\/11\/1000039091.jpg?fit=1200%2C729&ssl=1&resize=525%2C300 1.5x, https:\/\/i0.wp.com\/zeromagazine.mx\/wp-content\/uploads\/2025\/11\/1000039091.jpg?fit=1200%2C729&ssl=1&resize=700%2C400 2x, https:\/\/i0.wp.com\/zeromagazine.mx\/wp-content\/uploads\/2025\/11\/1000039091.jpg?fit=1200%2C729&ssl=1&resize=1050%2C600 3x"},"classes":[]},{"id":108493,"url":"https:\/\/zeromagazine.mx\/index.php\/2025\/09\/18\/hablemos-de-acne-sin-filtros\/","url_meta":{"origin":112880,"position":3},"title":"Hablemos de acn\u00e9 sin filtros: mitos y realidades","author":"David Morales","date":"18 de septiembre de 2025","format":false,"excerpt":"Tengo 28 a\u00f1os y neta ya me cans\u00e9 de que lo \u00fanico \u201cteen\u201d que me queda sea el acn\u00e9. O sea, ya quisiera que mi piel entendiera que los veintes son para disfrutar, no para seguir batallando con brotes random. Pero justo por eso septiembre, que es el\u00a0Mes del Acn\u00e9,\u2026","rel":"","context":"En \u00abBeauty\u00bb","block_context":{"text":"Beauty","link":"https:\/\/zeromagazine.mx\/index.php\/category\/beauty\/"},"img":{"alt_text":"","src":"https:\/\/i0.wp.com\/zeromagazine.mx\/wp-content\/uploads\/2025\/09\/20240229_IMA_BENZAC_AAM_0851_V2-Extended-1-scaled.jpeg?fit=1200%2C1160&ssl=1&resize=350%2C200","width":350,"height":200,"srcset":"https:\/\/i0.wp.com\/zeromagazine.mx\/wp-content\/uploads\/2025\/09\/20240229_IMA_BENZAC_AAM_0851_V2-Extended-1-scaled.jpeg?fit=1200%2C1160&ssl=1&resize=350%2C200 1x, https:\/\/i0.wp.com\/zeromagazine.mx\/wp-content\/uploads\/2025\/09\/20240229_IMA_BENZAC_AAM_0851_V2-Extended-1-scaled.jpeg?fit=1200%2C1160&ssl=1&resize=525%2C300 1.5x, https:\/\/i0.wp.com\/zeromagazine.mx\/wp-content\/uploads\/2025\/09\/20240229_IMA_BENZAC_AAM_0851_V2-Extended-1-scaled.jpeg?fit=1200%2C1160&ssl=1&resize=700%2C400 2x, https:\/\/i0.wp.com\/zeromagazine.mx\/wp-content\/uploads\/2025\/09\/20240229_IMA_BENZAC_AAM_0851_V2-Extended-1-scaled.jpeg?fit=1200%2C1160&ssl=1&resize=1050%2C600 3x"},"classes":[]},{"id":114719,"url":"https:\/\/zeromagazine.mx\/index.php\/2026\/02\/02\/acne-corporal-kerato-body\/","url_meta":{"origin":112880,"position":4},"title":"Acn\u00e9 corporal sin drama real","author":"Luis Trujano","date":"2 de febrero de 2026","format":false,"excerpt":"Hablar de piel real ya no es tab\u00fa, y mucho menos cuando se trata de algo tan com\u00fan (y tan molesto) como el acn\u00e9 corporal. Espalda, pecho, brazos\u2026 s\u00ed, esas zonas tambi\u00e9n viven brotes, rojeces y marcas que nadie pidi\u00f3. Y aunque durante a\u00f1os se nos dijo que hab\u00eda que\u2026","rel":"","context":"En \u00abBeauty\u00bb","block_context":{"text":"Beauty","link":"https:\/\/zeromagazine.mx\/index.php\/category\/beauty\/"},"img":{"alt_text":"","src":"https:\/\/i0.wp.com\/zeromagazine.mx\/wp-content\/uploads\/2026\/02\/IMG_6429.jpeg?fit=967%2C1200&ssl=1&resize=350%2C200","width":350,"height":200,"srcset":"https:\/\/i0.wp.com\/zeromagazine.mx\/wp-content\/uploads\/2026\/02\/IMG_6429.jpeg?fit=967%2C1200&ssl=1&resize=350%2C200 1x, https:\/\/i0.wp.com\/zeromagazine.mx\/wp-content\/uploads\/2026\/02\/IMG_6429.jpeg?fit=967%2C1200&ssl=1&resize=525%2C300 1.5x, https:\/\/i0.wp.com\/zeromagazine.mx\/wp-content\/uploads\/2026\/02\/IMG_6429.jpeg?fit=967%2C1200&ssl=1&resize=700%2C400 2x"},"classes":[]},{"id":113945,"url":"https:\/\/zeromagazine.mx\/index.php\/2026\/01\/22\/skincare-regenerativo-nuevo-lujo-piel\/","url_meta":{"origin":112880,"position":5},"title":"Skincare regenerativo es el nuevo lujo","author":"Luis Trujano","date":"22 de enero de 2026","format":false,"excerpt":"Durante a\u00f1os nos hicieron creer que el objetivo del skincare era borrar, tapar o \u201carreglar\u201d lo que el tiempo iba dejando en la piel. Pero algo cambi\u00f3. Hoy, el verdadero glow no viene de filtros ni de f\u00f3rmulas milagro, sino de entender c\u00f3mo funciona la piel y darle justo lo\u2026","rel":"","context":"En \u00abBeauty\u00bb","block_context":{"text":"Beauty","link":"https:\/\/zeromagazine.mx\/index.php\/category\/beauty\/"},"img":{"alt_text":"","src":"https:\/\/i0.wp.com\/zeromagazine.mx\/wp-content\/uploads\/2026\/01\/piel-madura.jpeg?fit=736%2C920&ssl=1&resize=350%2C200","width":350,"height":200,"srcset":"https:\/\/i0.wp.com\/zeromagazine.mx\/wp-content\/uploads\/2026\/01\/piel-madura.jpeg?fit=736%2C920&ssl=1&resize=350%2C200 1x, https:\/\/i0.wp.com\/zeromagazine.mx\/wp-content\/uploads\/2026\/01\/piel-madura.jpeg?fit=736%2C920&ssl=1&resize=525%2C300 1.5x, https:\/\/i0.wp.com\/zeromagazine.mx\/wp-content\/uploads\/2026\/01\/piel-madura.jpeg?fit=736%2C920&ssl=1&resize=700%2C400 2x"},"classes":[]}],"jetpack_sharing_enabled":true,"builder_content":"","_links":{"self":[{"href":"https:\/\/zeromagazine.mx\/index.php\/wp-json\/wp\/v2\/posts\/112880","targetHints":{"allow":["GET"]}}],"collection":[{"href":"https:\/\/zeromagazine.mx\/index.php\/wp-json\/wp\/v2\/posts"}],"about":[{"href":"https:\/\/zeromagazine.mx\/index.php\/wp-json\/wp\/v2\/types\/post"}],"author":[{"embeddable":true,"href":"https:\/\/zeromagazine.mx\/index.php\/wp-json\/wp\/v2\/users\/2"}],"replies":[{"embeddable":true,"href":"https:\/\/zeromagazine.mx\/index.php\/wp-json\/wp\/v2\/comments?post=112880"}],"version-history":[{"count":2,"href":"https:\/\/zeromagazine.mx\/index.php\/wp-json\/wp\/v2\/posts\/112880\/revisions"}],"predecessor-version":[{"id":112885,"href":"https:\/\/zeromagazine.mx\/index.php\/wp-json\/wp\/v2\/posts\/112880\/revisions\/112885"}],"wp:featuredmedia":[{"embeddable":true,"href":"https:\/\/zeromagazine.mx\/index.php\/wp-json\/wp\/v2\/media\/112881"}],"wp:attachment":[{"href":"https:\/\/zeromagazine.mx\/index.php\/wp-json\/wp\/v2\/media?parent=112880"}],"wp:term":[{"taxonomy":"category","embeddable":true,"href":"https:\/\/zeromagazine.mx\/index.php\/wp-json\/wp\/v2\/categories?post=112880"},{"taxonomy":"post_tag","embeddable":true,"href":"https:\/\/zeromagazine.mx\/index.php\/wp-json\/wp\/v2\/tags?post=112880"}],"curies":[{"name":"wp","href":"https:\/\/api.w.org\/{rel}","templated":true}]}}