{"id":113540,"date":"2026-01-16T22:52:22","date_gmt":"2026-01-17T04:52:22","guid":{"rendered":"https:\/\/zeromagazine.mx\/?p=113540"},"modified":"2026-01-16T22:52:23","modified_gmt":"2026-01-17T04:52:23","slug":"el-beso-getsemani-alta-cocina-callejera-cartagena","status":"publish","type":"post","link":"https:\/\/zeromagazine.mx\/index.php\/2026\/01\/16\/el-beso-getsemani-alta-cocina-callejera-cartagena\/","title":{"rendered":"El Beso: alta cocina callejera que enamora en el coraz\u00f3n de Getseman\u00ed"},"content":{"rendered":"<!--themify_builder_content-->\n<div id=\"themify_builder_content-113540\" data-postid=\"113540\" class=\"themify_builder_content themify_builder_content-113540 themify_builder tf_clear\">\n    <\/div>\n<!--\/themify_builder_content-->\n\n\n<p>En el coraz\u00f3n de uno de los barrios m\u00e1s vibrantes de Cartagena,&nbsp;<strong>El Beso Getseman\u00ed<\/strong>&nbsp;se ha convertido en ese lugar que no solo comes, sino que se siente. Aqu\u00ed la cocina callejera del Caribe sube de nivel sin perder alma, mezclando t\u00e9cnica contempor\u00e1nea, ingredientes locales y una energ\u00eda que conecta con quienes buscan experiencias reales, sin poses ni etiquetas forzadas.<\/p>\n\n\n\n<p>Ubicado en la Calle San Antonio, este restaurante captura el mood bohemio de Getseman\u00ed y lo transforma en una experiencia gastron\u00f3mica \u00edntima, urbana y llena de sabor.&nbsp;<strong>El Beso Getseman\u00ed<\/strong>&nbsp;no intenta ser otra cosa: es calle, es barrio, es creatividad bien ejecutada.<\/p>\n\n\n\n<h2 class=\"wp-block-heading\"><strong>El Beso Getseman\u00ed y el Caribe sin filtros<\/strong><\/h2>\n\n\n\n<p>Adem\u00e1s, la propuesta culinaria de&nbsp;<strong>El Beso Getseman\u00ed<\/strong>&nbsp;parte de una idea clara: honrar los sabores callejeros del Caribe y reinterpretarlos con respeto y t\u00e9cnica. El men\u00fa se mueve entre tacos con identidad coste\u00f1a, ceviches fresqu\u00edsimos, mariscos con gui\u00f1os urbanos y platos donde los c\u00edtricos, las especias del litoral y los productos locales son protagonistas.<\/p>\n\n\n\n<figure class=\"wp-block-gallery has-nested-images columns-default is-cropped wp-block-gallery-1 is-layout-flex wp-block-gallery-is-layout-flex\">\n<figure class=\"wp-block-image size-large\"><img data-recalc-dims=\"1\" decoding=\"async\" width=\"768\" height=\"1024\" data-id=\"113542\" src=\"https:\/\/i0.wp.com\/zeromagazine.mx\/wp-content\/uploads\/2026\/01\/DSC00815-768x1024.jpeg?resize=768%2C1024&#038;ssl=1\" alt=\"\" class=\"wp-image-113542\" srcset=\"https:\/\/i0.wp.com\/zeromagazine.mx\/wp-content\/uploads\/2026\/01\/DSC00815-scaled.jpeg?resize=768%2C1024&amp;ssl=1 768w, https:\/\/i0.wp.com\/zeromagazine.mx\/wp-content\/uploads\/2026\/01\/DSC00815-scaled.jpeg?resize=225%2C300&amp;ssl=1 225w, https:\/\/i0.wp.com\/zeromagazine.mx\/wp-content\/uploads\/2026\/01\/DSC00815-scaled.jpeg?resize=1152%2C1536&amp;ssl=1 1152w, https:\/\/i0.wp.com\/zeromagazine.mx\/wp-content\/uploads\/2026\/01\/DSC00815-scaled.jpeg?resize=1536%2C2048&amp;ssl=1 1536w, https:\/\/i0.wp.com\/zeromagazine.mx\/wp-content\/uploads\/2026\/01\/DSC00815-scaled.jpeg?w=1920&amp;ssl=1 1920w\" sizes=\"(max-width: 768px) 100vw, 768px\" \/><\/figure>\n<\/figure>\n\n\n\n<p>Aqu\u00ed no se copia la calle, se le rinde homenaje. Cada plato mantiene esa intensidad que caracteriza a la cocina caribe\u00f1a, pero con ejecuciones limpias, balanceadas y pensadas para disfrutarse sin prisa. Esa mezcla entre sabor directo y t\u00e9cnica bien aplicada es lo que ha hecho que locales y viajeros hablen de&nbsp;<strong>El Beso Getseman\u00ed<\/strong>&nbsp;como uno de los spots m\u00e1s interesantes de la ciudad.<\/p>\n\n\n\n<p>Por otro lado, la experiencia no se queda solo en la comida. La cocteler\u00eda tropical acompa\u00f1a perfectamente cada plato, con frutas locales, infusiones hechas en casa y combinaciones frescas que elevan el mood desde el primer trago hasta el \u00faltimo.<\/p>\n\n\n\n<h2 class=\"wp-block-heading\"><strong>El Beso Getseman\u00ed desde la mirada de Andrea De La Hoz<\/strong><\/h2>\n\n\n\n<p>Sin embargo, detr\u00e1s de esta propuesta hay una visi\u00f3n clara liderada por la chef&nbsp;<strong>Andrea De La Hoz<\/strong>. Su cocina parte de la intuici\u00f3n, el respeto por el producto y una conexi\u00f3n profunda con la memoria gastron\u00f3mica del Caribe. Andrea entiende que la tradici\u00f3n no es una regla r\u00edgida, sino un punto de partida.<\/p>\n\n\n\n<p>Bajo su direcci\u00f3n,&nbsp;<strong>El Beso Getseman\u00ed<\/strong>&nbsp;se ha convertido en un espacio creativo donde la comida callejera mantiene su esencia popular, pero se eleva con t\u00e9cnicas precisas y composiciones que sorprenden sin complicar. Todo se siente honesto, bien pensado y, sobre todo, disfrutale.<\/p>\n\n\n\n<figure class=\"wp-block-gallery has-nested-images columns-default is-cropped wp-block-gallery-2 is-layout-flex wp-block-gallery-is-layout-flex\"><\/figure>\n\n\n\n<p>Finalmente, el espacio acompa\u00f1a perfectamente la propuesta: ambiente \u00edntimo, vibrante y sin pretensiones, donde la m\u00fasica, la luz y la energ\u00eda del barrio hacen que cada visita se sienta como una extensi\u00f3n natural de Cartagena. Aqu\u00ed no vienes solo a comer, vienes a vivir la ciudad desde adentro.<\/p>\n\n\n\n<p>Lo que distingue a&nbsp;<strong>El Beso Getseman\u00ed<\/strong>&nbsp;dentro de la escena gastron\u00f3mica local es su capacidad de reinterpretar la cocina callejera del Caribe sin desvirtuarla, manteniendo su car\u00e1cter popular mientras la lleva a un terreno contempor\u00e1neo, creativo y profundamente sensorial. Un lugar que, literalmente, te deja con ganas de volver.<\/p>\n\n\n\n<figure class=\"wp-block-gallery has-nested-images columns-default is-cropped wp-block-gallery-3 is-layout-flex wp-block-gallery-is-layout-flex\"><\/figure>\n\n\n\n<p><\/p>","protected":false},"excerpt":{"rendered":"<p>En el coraz\u00f3n de uno de los barrios m\u00e1s vibrantes de Cartagena,&nbsp;El Beso Getseman\u00ed&nbsp;se ha convertido en ese lugar que no solo comes, sino que se siente. Aqu\u00ed la cocina callejera del Caribe sube de nivel sin perder alma, mezclando t\u00e9cnica contempor\u00e1nea, ingredientes locales y una energ\u00eda que conecta con quienes buscan experiencias reales, sin [&hellip;]<\/p>\n","protected":false},"author":4,"featured_media":113541,"comment_status":"open","ping_status":"open","sticky":false,"template":"","format":"standard","meta":{"_jetpack_memberships_contains_paid_content":false,"footnotes":"","jetpack_publicize_message":"","jetpack_publicize_feature_enabled":true,"jetpack_social_post_already_shared":true,"jetpack_social_options":{"image_generator_settings":{"template":"highway","default_image_id":0,"font":"","enabled":false},"version":2}},"categories":[6870],"tags":[],"class_list":["post-113540","post","type-post","status-publish","format-standard","has-post-thumbnail","hentry","category-foodie","has-post-title","has-post-date","has-post-category","has-post-tag","has-post-comment","has-post-author",""],"yoast_head":"<!-- This site is optimized with the Yoast SEO plugin v27.5 - https:\/\/yoast.com\/product\/yoast-seo-wordpress\/ -->\n<title>El Beso: alta cocina callejera que enamora en el coraz\u00f3n de Getseman\u00ed - Zero Magazine<\/title>\n<meta name=\"description\" content=\"El Beso Getseman\u00ed reinventa la cocina callejera del Caribe con t\u00e9cnica, sabor local y una vibra aut\u00e9ntica en Cartagena.\" \/>\n<meta name=\"robots\" content=\"index, follow, max-snippet:-1, max-image-preview:large, max-video-preview:-1\" \/>\n<link rel=\"canonical\" href=\"https:\/\/zeromagazine.mx\/index.php\/2026\/01\/16\/el-beso-getsemani-alta-cocina-callejera-cartagena\/\" \/>\n<meta property=\"og:locale\" content=\"es_ES\" \/>\n<meta property=\"og:type\" content=\"article\" \/>\n<meta property=\"og:title\" content=\"El Beso: alta cocina callejera que enamora en el coraz\u00f3n de Getseman\u00ed - Zero Magazine\" \/>\n<meta property=\"og:description\" content=\"El Beso Getseman\u00ed reinventa la cocina callejera del Caribe con t\u00e9cnica, sabor local y una vibra aut\u00e9ntica en Cartagena.\" \/>\n<meta property=\"og:url\" content=\"https:\/\/zeromagazine.mx\/index.php\/2026\/01\/16\/el-beso-getsemani-alta-cocina-callejera-cartagena\/\" \/>\n<meta property=\"og:site_name\" content=\"Zero Magazine\" \/>\n<meta property=\"article:published_time\" content=\"2026-01-17T04:52:22+00:00\" \/>\n<meta property=\"article:modified_time\" content=\"2026-01-17T04:52:23+00:00\" \/>\n<meta property=\"og:image\" content=\"http:\/\/zeromagazine.mx\/wp-content\/uploads\/2026\/01\/El-Beso-Bar-Restaurant_dfbb628a4afcfc4e759c13093c05aa3b.jpeg\" \/>\n\t<meta property=\"og:image:width\" content=\"1000\" \/>\n\t<meta property=\"og:image:height\" content=\"562\" \/>\n\t<meta property=\"og:image:type\" content=\"image\/jpeg\" \/>\n<meta name=\"author\" content=\"David Morales\" \/>\n<meta name=\"twitter:card\" content=\"summary_large_image\" \/>\n<meta name=\"twitter:label1\" content=\"Escrito por\" \/>\n\t<meta name=\"twitter:data1\" content=\"David Morales\" \/>\n\t<meta name=\"twitter:label2\" content=\"Tiempo de lectura\" \/>\n\t<meta name=\"twitter:data2\" content=\"3 minutos\" \/>\n<script type=\"application\/ld+json\" class=\"yoast-schema-graph\">{\"@context\":\"https:\\\/\\\/schema.org\",\"@graph\":[{\"@type\":\"Article\",\"@id\":\"https:\\\/\\\/zeromagazine.mx\\\/index.php\\\/2026\\\/01\\\/16\\\/el-beso-getsemani-alta-cocina-callejera-cartagena\\\/#article\",\"isPartOf\":{\"@id\":\"https:\\\/\\\/zeromagazine.mx\\\/index.php\\\/2026\\\/01\\\/16\\\/el-beso-getsemani-alta-cocina-callejera-cartagena\\\/\"},\"author\":{\"name\":\"David Morales\",\"@id\":\"https:\\\/\\\/zeromagazine.mx\\\/#\\\/schema\\\/person\\\/9f7f1a17c60ba8e9980e3e6677aabe5a\"},\"headline\":\"El Beso: alta cocina callejera que enamora en el coraz\u00f3n de Getseman\u00ed\",\"datePublished\":\"2026-01-17T04:52:22+00:00\",\"dateModified\":\"2026-01-17T04:52:23+00:00\",\"mainEntityOfPage\":{\"@id\":\"https:\\\/\\\/zeromagazine.mx\\\/index.php\\\/2026\\\/01\\\/16\\\/el-beso-getsemani-alta-cocina-callejera-cartagena\\\/\"},\"wordCount\":537,\"commentCount\":0,\"publisher\":{\"@id\":\"https:\\\/\\\/zeromagazine.mx\\\/#organization\"},\"image\":{\"@id\":\"https:\\\/\\\/zeromagazine.mx\\\/index.php\\\/2026\\\/01\\\/16\\\/el-beso-getsemani-alta-cocina-callejera-cartagena\\\/#primaryimage\"},\"thumbnailUrl\":\"https:\\\/\\\/i0.wp.com\\\/zeromagazine.mx\\\/wp-content\\\/uploads\\\/2026\\\/01\\\/El-Beso-Bar-Restaurant_dfbb628a4afcfc4e759c13093c05aa3b.jpeg?fit=1000%2C562&ssl=1\",\"articleSection\":[\"Foodie\"],\"inLanguage\":\"es\",\"potentialAction\":[{\"@type\":\"CommentAction\",\"name\":\"Comment\",\"target\":[\"https:\\\/\\\/zeromagazine.mx\\\/index.php\\\/2026\\\/01\\\/16\\\/el-beso-getsemani-alta-cocina-callejera-cartagena\\\/#respond\"]}]},{\"@type\":\"WebPage\",\"@id\":\"https:\\\/\\\/zeromagazine.mx\\\/index.php\\\/2026\\\/01\\\/16\\\/el-beso-getsemani-alta-cocina-callejera-cartagena\\\/\",\"url\":\"https:\\\/\\\/zeromagazine.mx\\\/index.php\\\/2026\\\/01\\\/16\\\/el-beso-getsemani-alta-cocina-callejera-cartagena\\\/\",\"name\":\"El Beso: alta cocina callejera que enamora en el coraz\u00f3n de Getseman\u00ed - Zero Magazine\",\"isPartOf\":{\"@id\":\"https:\\\/\\\/zeromagazine.mx\\\/#website\"},\"primaryImageOfPage\":{\"@id\":\"https:\\\/\\\/zeromagazine.mx\\\/index.php\\\/2026\\\/01\\\/16\\\/el-beso-getsemani-alta-cocina-callejera-cartagena\\\/#primaryimage\"},\"image\":{\"@id\":\"https:\\\/\\\/zeromagazine.mx\\\/index.php\\\/2026\\\/01\\\/16\\\/el-beso-getsemani-alta-cocina-callejera-cartagena\\\/#primaryimage\"},\"thumbnailUrl\":\"https:\\\/\\\/i0.wp.com\\\/zeromagazine.mx\\\/wp-content\\\/uploads\\\/2026\\\/01\\\/El-Beso-Bar-Restaurant_dfbb628a4afcfc4e759c13093c05aa3b.jpeg?fit=1000%2C562&ssl=1\",\"datePublished\":\"2026-01-17T04:52:22+00:00\",\"dateModified\":\"2026-01-17T04:52:23+00:00\",\"description\":\"El Beso Getseman\u00ed reinventa la cocina callejera del Caribe con t\u00e9cnica, sabor local y una vibra aut\u00e9ntica en Cartagena.\",\"breadcrumb\":{\"@id\":\"https:\\\/\\\/zeromagazine.mx\\\/index.php\\\/2026\\\/01\\\/16\\\/el-beso-getsemani-alta-cocina-callejera-cartagena\\\/#breadcrumb\"},\"inLanguage\":\"es\",\"potentialAction\":[{\"@type\":\"ReadAction\",\"target\":[\"https:\\\/\\\/zeromagazine.mx\\\/index.php\\\/2026\\\/01\\\/16\\\/el-beso-getsemani-alta-cocina-callejera-cartagena\\\/\"]}]},{\"@type\":\"ImageObject\",\"inLanguage\":\"es\",\"@id\":\"https:\\\/\\\/zeromagazine.mx\\\/index.php\\\/2026\\\/01\\\/16\\\/el-beso-getsemani-alta-cocina-callejera-cartagena\\\/#primaryimage\",\"url\":\"https:\\\/\\\/i0.wp.com\\\/zeromagazine.mx\\\/wp-content\\\/uploads\\\/2026\\\/01\\\/El-Beso-Bar-Restaurant_dfbb628a4afcfc4e759c13093c05aa3b.jpeg?fit=1000%2C562&ssl=1\",\"contentUrl\":\"https:\\\/\\\/i0.wp.com\\\/zeromagazine.mx\\\/wp-content\\\/uploads\\\/2026\\\/01\\\/El-Beso-Bar-Restaurant_dfbb628a4afcfc4e759c13093c05aa3b.jpeg?fit=1000%2C562&ssl=1\",\"width\":1000,\"height\":562},{\"@type\":\"BreadcrumbList\",\"@id\":\"https:\\\/\\\/zeromagazine.mx\\\/index.php\\\/2026\\\/01\\\/16\\\/el-beso-getsemani-alta-cocina-callejera-cartagena\\\/#breadcrumb\",\"itemListElement\":[{\"@type\":\"ListItem\",\"position\":1,\"name\":\"Portada\",\"item\":\"https:\\\/\\\/zeromagazine.mx\\\/\"},{\"@type\":\"ListItem\",\"position\":2,\"name\":\"El Beso: alta cocina callejera que enamora en el coraz\u00f3n de Getseman\u00ed\"}]},{\"@type\":\"WebSite\",\"@id\":\"https:\\\/\\\/zeromagazine.mx\\\/#website\",\"url\":\"https:\\\/\\\/zeromagazine.mx\\\/\",\"name\":\"Zero Magazine\",\"description\":\"\",\"publisher\":{\"@id\":\"https:\\\/\\\/zeromagazine.mx\\\/#organization\"},\"potentialAction\":[{\"@type\":\"SearchAction\",\"target\":{\"@type\":\"EntryPoint\",\"urlTemplate\":\"https:\\\/\\\/zeromagazine.mx\\\/?s={search_term_string}\"},\"query-input\":{\"@type\":\"PropertyValueSpecification\",\"valueRequired\":true,\"valueName\":\"search_term_string\"}}],\"inLanguage\":\"es\"},{\"@type\":\"Organization\",\"@id\":\"https:\\\/\\\/zeromagazine.mx\\\/#organization\",\"name\":\"Zero Magazine\",\"url\":\"https:\\\/\\\/zeromagazine.mx\\\/\",\"logo\":{\"@type\":\"ImageObject\",\"inLanguage\":\"es\",\"@id\":\"https:\\\/\\\/zeromagazine.mx\\\/#\\\/schema\\\/logo\\\/image\\\/\",\"url\":\"https:\\\/\\\/i0.wp.com\\\/zeromagazine.mx\\\/wp-content\\\/uploads\\\/2025\\\/11\\\/1.jpeg?fit=1000%2C1000&ssl=1\",\"contentUrl\":\"https:\\\/\\\/i0.wp.com\\\/zeromagazine.mx\\\/wp-content\\\/uploads\\\/2025\\\/11\\\/1.jpeg?fit=1000%2C1000&ssl=1\",\"width\":1000,\"height\":1000,\"caption\":\"Zero Magazine\"},\"image\":{\"@id\":\"https:\\\/\\\/zeromagazine.mx\\\/#\\\/schema\\\/logo\\\/image\\\/\"},\"sameAs\":[\"https:\\\/\\\/instagram.com\\\/zeromagazinemx\"]},{\"@type\":\"Person\",\"@id\":\"https:\\\/\\\/zeromagazine.mx\\\/#\\\/schema\\\/person\\\/9f7f1a17c60ba8e9980e3e6677aabe5a\",\"name\":\"David Morales\",\"image\":{\"@type\":\"ImageObject\",\"inLanguage\":\"es\",\"@id\":\"https:\\\/\\\/zeromagazine.mx\\\/wp-content\\\/litespeed\\\/avatar\\\/76069d2136bfc1c37dc34815bb67ca42.jpg?ver=1777571067\",\"url\":\"https:\\\/\\\/zeromagazine.mx\\\/wp-content\\\/litespeed\\\/avatar\\\/76069d2136bfc1c37dc34815bb67ca42.jpg?ver=1777571067\",\"contentUrl\":\"https:\\\/\\\/zeromagazine.mx\\\/wp-content\\\/litespeed\\\/avatar\\\/76069d2136bfc1c37dc34815bb67ca42.jpg?ver=1777571067\",\"caption\":\"David Morales\"},\"url\":\"https:\\\/\\\/zeromagazine.mx\\\/index.php\\\/author\\\/david\\\/\"}]}<\/script>\n<!-- \/ Yoast SEO plugin. -->","yoast_head_json":{"title":"El Beso: alta cocina callejera que enamora en el coraz\u00f3n de Getseman\u00ed - Zero Magazine","description":"El Beso Getseman\u00ed reinventa la cocina callejera del Caribe con t\u00e9cnica, sabor local y una vibra aut\u00e9ntica en Cartagena.","robots":{"index":"index","follow":"follow","max-snippet":"max-snippet:-1","max-image-preview":"max-image-preview:large","max-video-preview":"max-video-preview:-1"},"canonical":"https:\/\/zeromagazine.mx\/index.php\/2026\/01\/16\/el-beso-getsemani-alta-cocina-callejera-cartagena\/","og_locale":"es_ES","og_type":"article","og_title":"El Beso: alta cocina callejera que enamora en el coraz\u00f3n de Getseman\u00ed - Zero Magazine","og_description":"El Beso Getseman\u00ed reinventa la cocina callejera del Caribe con t\u00e9cnica, sabor local y una vibra aut\u00e9ntica en Cartagena.","og_url":"https:\/\/zeromagazine.mx\/index.php\/2026\/01\/16\/el-beso-getsemani-alta-cocina-callejera-cartagena\/","og_site_name":"Zero Magazine","article_published_time":"2026-01-17T04:52:22+00:00","article_modified_time":"2026-01-17T04:52:23+00:00","og_image":[{"width":1000,"height":562,"url":"http:\/\/zeromagazine.mx\/wp-content\/uploads\/2026\/01\/El-Beso-Bar-Restaurant_dfbb628a4afcfc4e759c13093c05aa3b.jpeg","type":"image\/jpeg"}],"author":"David Morales","twitter_card":"summary_large_image","twitter_misc":{"Escrito por":"David Morales","Tiempo de lectura":"3 minutos"},"schema":{"@context":"https:\/\/schema.org","@graph":[{"@type":"Article","@id":"https:\/\/zeromagazine.mx\/index.php\/2026\/01\/16\/el-beso-getsemani-alta-cocina-callejera-cartagena\/#article","isPartOf":{"@id":"https:\/\/zeromagazine.mx\/index.php\/2026\/01\/16\/el-beso-getsemani-alta-cocina-callejera-cartagena\/"},"author":{"name":"David Morales","@id":"https:\/\/zeromagazine.mx\/#\/schema\/person\/9f7f1a17c60ba8e9980e3e6677aabe5a"},"headline":"El Beso: alta cocina callejera que enamora en el coraz\u00f3n de Getseman\u00ed","datePublished":"2026-01-17T04:52:22+00:00","dateModified":"2026-01-17T04:52:23+00:00","mainEntityOfPage":{"@id":"https:\/\/zeromagazine.mx\/index.php\/2026\/01\/16\/el-beso-getsemani-alta-cocina-callejera-cartagena\/"},"wordCount":537,"commentCount":0,"publisher":{"@id":"https:\/\/zeromagazine.mx\/#organization"},"image":{"@id":"https:\/\/zeromagazine.mx\/index.php\/2026\/01\/16\/el-beso-getsemani-alta-cocina-callejera-cartagena\/#primaryimage"},"thumbnailUrl":"https:\/\/i0.wp.com\/zeromagazine.mx\/wp-content\/uploads\/2026\/01\/El-Beso-Bar-Restaurant_dfbb628a4afcfc4e759c13093c05aa3b.jpeg?fit=1000%2C562&ssl=1","articleSection":["Foodie"],"inLanguage":"es","potentialAction":[{"@type":"CommentAction","name":"Comment","target":["https:\/\/zeromagazine.mx\/index.php\/2026\/01\/16\/el-beso-getsemani-alta-cocina-callejera-cartagena\/#respond"]}]},{"@type":"WebPage","@id":"https:\/\/zeromagazine.mx\/index.php\/2026\/01\/16\/el-beso-getsemani-alta-cocina-callejera-cartagena\/","url":"https:\/\/zeromagazine.mx\/index.php\/2026\/01\/16\/el-beso-getsemani-alta-cocina-callejera-cartagena\/","name":"El Beso: alta cocina callejera que enamora en el coraz\u00f3n de Getseman\u00ed - Zero Magazine","isPartOf":{"@id":"https:\/\/zeromagazine.mx\/#website"},"primaryImageOfPage":{"@id":"https:\/\/zeromagazine.mx\/index.php\/2026\/01\/16\/el-beso-getsemani-alta-cocina-callejera-cartagena\/#primaryimage"},"image":{"@id":"https:\/\/zeromagazine.mx\/index.php\/2026\/01\/16\/el-beso-getsemani-alta-cocina-callejera-cartagena\/#primaryimage"},"thumbnailUrl":"https:\/\/i0.wp.com\/zeromagazine.mx\/wp-content\/uploads\/2026\/01\/El-Beso-Bar-Restaurant_dfbb628a4afcfc4e759c13093c05aa3b.jpeg?fit=1000%2C562&ssl=1","datePublished":"2026-01-17T04:52:22+00:00","dateModified":"2026-01-17T04:52:23+00:00","description":"El Beso Getseman\u00ed reinventa la cocina callejera del Caribe con t\u00e9cnica, sabor local y una vibra aut\u00e9ntica en Cartagena.","breadcrumb":{"@id":"https:\/\/zeromagazine.mx\/index.php\/2026\/01\/16\/el-beso-getsemani-alta-cocina-callejera-cartagena\/#breadcrumb"},"inLanguage":"es","potentialAction":[{"@type":"ReadAction","target":["https:\/\/zeromagazine.mx\/index.php\/2026\/01\/16\/el-beso-getsemani-alta-cocina-callejera-cartagena\/"]}]},{"@type":"ImageObject","inLanguage":"es","@id":"https:\/\/zeromagazine.mx\/index.php\/2026\/01\/16\/el-beso-getsemani-alta-cocina-callejera-cartagena\/#primaryimage","url":"https:\/\/i0.wp.com\/zeromagazine.mx\/wp-content\/uploads\/2026\/01\/El-Beso-Bar-Restaurant_dfbb628a4afcfc4e759c13093c05aa3b.jpeg?fit=1000%2C562&ssl=1","contentUrl":"https:\/\/i0.wp.com\/zeromagazine.mx\/wp-content\/uploads\/2026\/01\/El-Beso-Bar-Restaurant_dfbb628a4afcfc4e759c13093c05aa3b.jpeg?fit=1000%2C562&ssl=1","width":1000,"height":562},{"@type":"BreadcrumbList","@id":"https:\/\/zeromagazine.mx\/index.php\/2026\/01\/16\/el-beso-getsemani-alta-cocina-callejera-cartagena\/#breadcrumb","itemListElement":[{"@type":"ListItem","position":1,"name":"Portada","item":"https:\/\/zeromagazine.mx\/"},{"@type":"ListItem","position":2,"name":"El Beso: alta cocina callejera que enamora en el coraz\u00f3n de Getseman\u00ed"}]},{"@type":"WebSite","@id":"https:\/\/zeromagazine.mx\/#website","url":"https:\/\/zeromagazine.mx\/","name":"Zero Magazine","description":"","publisher":{"@id":"https:\/\/zeromagazine.mx\/#organization"},"potentialAction":[{"@type":"SearchAction","target":{"@type":"EntryPoint","urlTemplate":"https:\/\/zeromagazine.mx\/?s={search_term_string}"},"query-input":{"@type":"PropertyValueSpecification","valueRequired":true,"valueName":"search_term_string"}}],"inLanguage":"es"},{"@type":"Organization","@id":"https:\/\/zeromagazine.mx\/#organization","name":"Zero Magazine","url":"https:\/\/zeromagazine.mx\/","logo":{"@type":"ImageObject","inLanguage":"es","@id":"https:\/\/zeromagazine.mx\/#\/schema\/logo\/image\/","url":"https:\/\/i0.wp.com\/zeromagazine.mx\/wp-content\/uploads\/2025\/11\/1.jpeg?fit=1000%2C1000&ssl=1","contentUrl":"https:\/\/i0.wp.com\/zeromagazine.mx\/wp-content\/uploads\/2025\/11\/1.jpeg?fit=1000%2C1000&ssl=1","width":1000,"height":1000,"caption":"Zero Magazine"},"image":{"@id":"https:\/\/zeromagazine.mx\/#\/schema\/logo\/image\/"},"sameAs":["https:\/\/instagram.com\/zeromagazinemx"]},{"@type":"Person","@id":"https:\/\/zeromagazine.mx\/#\/schema\/person\/9f7f1a17c60ba8e9980e3e6677aabe5a","name":"David Morales","image":{"@type":"ImageObject","inLanguage":"es","@id":"https:\/\/zeromagazine.mx\/wp-content\/litespeed\/avatar\/76069d2136bfc1c37dc34815bb67ca42.jpg?ver=1777571067","url":"https:\/\/zeromagazine.mx\/wp-content\/litespeed\/avatar\/76069d2136bfc1c37dc34815bb67ca42.jpg?ver=1777571067","contentUrl":"https:\/\/zeromagazine.mx\/wp-content\/litespeed\/avatar\/76069d2136bfc1c37dc34815bb67ca42.jpg?ver=1777571067","caption":"David Morales"},"url":"https:\/\/zeromagazine.mx\/index.php\/author\/david\/"}]}},"jetpack_publicize_connections":[],"jetpack_featured_media_url":"https:\/\/i0.wp.com\/zeromagazine.mx\/wp-content\/uploads\/2026\/01\/El-Beso-Bar-Restaurant_dfbb628a4afcfc4e759c13093c05aa3b.jpeg?fit=1000%2C562&ssl=1","jetpack-related-posts":[{"id":119717,"url":"https:\/\/zeromagazine.mx\/index.php\/2026\/04\/28\/escena-gastronomica-cartagena\/","url_meta":{"origin":113540,"position":0},"title":"Sabores, espacios y experiencias: la escena gastron\u00f3mica que est\u00e1 marcando el pulso de Cartagena","author":"David Morales","date":"28 de abril de 2026","format":false,"excerpt":"Entre casas coloniales, beach clubs y panader\u00edas con prop\u00f3sito, la ciudad redefine lo que significa comer bien en el Caribe. Hay destinos que se visitan\u2026 y otros que se saborean. Hoy, la\u00a0escena gastron\u00f3mica Cartagena\u00a0est\u00e1 en ese punto donde todo se siente vivo: los sabores, los espacios, la energ\u00eda. No es\u2026","rel":"","context":"En \u00abBlog\u00bb","block_context":{"text":"Blog","link":"https:\/\/zeromagazine.mx\/index.php\/category\/blog\/"},"img":{"alt_text":"","src":"https:\/\/i0.wp.com\/zeromagazine.mx\/wp-content\/uploads\/2026\/04\/IMG_7461-2-scaled.jpeg?fit=1200%2C800&ssl=1&resize=350%2C200","width":350,"height":200,"srcset":"https:\/\/i0.wp.com\/zeromagazine.mx\/wp-content\/uploads\/2026\/04\/IMG_7461-2-scaled.jpeg?fit=1200%2C800&ssl=1&resize=350%2C200 1x, https:\/\/i0.wp.com\/zeromagazine.mx\/wp-content\/uploads\/2026\/04\/IMG_7461-2-scaled.jpeg?fit=1200%2C800&ssl=1&resize=525%2C300 1.5x, https:\/\/i0.wp.com\/zeromagazine.mx\/wp-content\/uploads\/2026\/04\/IMG_7461-2-scaled.jpeg?fit=1200%2C800&ssl=1&resize=700%2C400 2x, https:\/\/i0.wp.com\/zeromagazine.mx\/wp-content\/uploads\/2026\/04\/IMG_7461-2-scaled.jpeg?fit=1200%2C800&ssl=1&resize=1050%2C600 3x"},"classes":[]},{"id":73791,"url":"https:\/\/zeromagazine.mx\/index.php\/2024\/04\/11\/celebra-el-dia-del-beso\/","url_meta":{"origin":113540,"position":1},"title":"\u00a1Celebra el D\u00eda del Beso!","author":"zeromagazinemx","date":"11 de abril de 2024","format":false,"excerpt":"Estamos a punto de sumergirnos en una celebraci\u00f3n que resalta uno de los aspectos m\u00e1s poderosos de la intimidad humana: el beso. El D\u00eda Internacional del Beso, que se celebra cada 13 de abril, nos invita a reflexionar sobre la importancia de este gesto cargado de emoci\u00f3n y conexi\u00f3n. Pero,\u2026","rel":"","context":"En \u00abBienestar\u00bb","block_context":{"text":"Bienestar","link":"https:\/\/zeromagazine.mx\/index.php\/category\/lifestyle\/bienestar\/"},"img":{"alt_text":"","src":"https:\/\/i0.wp.com\/zeromagazine.mx\/wp-content\/uploads\/2024\/04\/Trojan-0.png?fit=1200%2C800&ssl=1&resize=350%2C200","width":350,"height":200,"srcset":"https:\/\/i0.wp.com\/zeromagazine.mx\/wp-content\/uploads\/2024\/04\/Trojan-0.png?fit=1200%2C800&ssl=1&resize=350%2C200 1x, https:\/\/i0.wp.com\/zeromagazine.mx\/wp-content\/uploads\/2024\/04\/Trojan-0.png?fit=1200%2C800&ssl=1&resize=525%2C300 1.5x, https:\/\/i0.wp.com\/zeromagazine.mx\/wp-content\/uploads\/2024\/04\/Trojan-0.png?fit=1200%2C800&ssl=1&resize=700%2C400 2x, https:\/\/i0.wp.com\/zeromagazine.mx\/wp-content\/uploads\/2024\/04\/Trojan-0.png?fit=1200%2C800&ssl=1&resize=1050%2C600 3x"},"classes":[]},{"id":48819,"url":"https:\/\/zeromagazine.mx\/index.php\/2021\/06\/25\/dylan-fuentes-y-daramola-presenta-su-nuevo-ep-arena\/","url_meta":{"origin":113540,"position":2},"title":"Dylan Fuentes y Daramola presenta su nuevo EP \u201cArena\u201d","author":"zeromagazinemx","date":"25 de junio de 2021","format":false,"excerpt":"Dylan Fuentes y Daramola presentan su proyecto colaborativo \u201cArena\u201d, una fusi\u00f3n perfecta del afrobeat y la m\u00fasica latina. Por Mayra Torres El lanzamiento del EP \u201cArena\u201d destaca la riqueza de sus respectivas culturas en la que la fusi\u00f3n del afrobeat y la m\u00fasica latina sigue los pasos de los exitosos\u2026","rel":"","context":"En \u00abEntretenimiento\u00bb","block_context":{"text":"Entretenimiento","link":"https:\/\/zeromagazine.mx\/index.php\/category\/entretenimiento\/"},"img":{"alt_text":"","src":"https:\/\/i0.wp.com\/zeromagazinemx.wpcomstaging.com\/wp-content\/uploads\/2022\/02\/4bcfb-dylan-image-2.jpg?resize=350%2C200&ssl=1","width":350,"height":200},"classes":[]},{"id":75994,"url":"https:\/\/zeromagazine.mx\/index.php\/2024\/05\/15\/carla-vidal-otro-beso\/","url_meta":{"origin":113540,"position":3},"title":"Carla Vidal: \u00a1Otro Beso!","author":"zeromagazinemx","date":"15 de mayo de 2024","format":false,"excerpt":"Carla Vidal est\u00e1 marcando la pauta en el mundo del pop en espa\u00f1ol con su m\u00fasica aut\u00e9ntica y emocional. Con una combinaci\u00f3n \u00fanica de pop\/rock, sus canciones son un viaje profundo hacia los sentimientos m\u00e1s genuinos. Desde sus inicios en 2015, ha cautivado audiencias con letras que tocan fibras emocionales\u2026","rel":"","context":"En \u00abEntretenimiento\u00bb","block_context":{"text":"Entretenimiento","link":"https:\/\/zeromagazine.mx\/index.php\/category\/entretenimiento\/"},"img":{"alt_text":"","src":"https:\/\/i0.wp.com\/zeromagazine.mx\/wp-content\/uploads\/2024\/05\/FO-1-scaled.jpg?fit=1200%2C802&ssl=1&resize=350%2C200","width":350,"height":200,"srcset":"https:\/\/i0.wp.com\/zeromagazine.mx\/wp-content\/uploads\/2024\/05\/FO-1-scaled.jpg?fit=1200%2C802&ssl=1&resize=350%2C200 1x, https:\/\/i0.wp.com\/zeromagazine.mx\/wp-content\/uploads\/2024\/05\/FO-1-scaled.jpg?fit=1200%2C802&ssl=1&resize=525%2C300 1.5x, https:\/\/i0.wp.com\/zeromagazine.mx\/wp-content\/uploads\/2024\/05\/FO-1-scaled.jpg?fit=1200%2C802&ssl=1&resize=700%2C400 2x, https:\/\/i0.wp.com\/zeromagazine.mx\/wp-content\/uploads\/2024\/05\/FO-1-scaled.jpg?fit=1200%2C802&ssl=1&resize=1050%2C600 3x"},"classes":[]},{"id":50900,"url":"https:\/\/zeromagazine.mx\/index.php\/2021\/07\/26\/lo-que-llega-en-agosto-a-netflix-mexico\/","url_meta":{"origin":113540,"position":4},"title":"Lo que llega en agosto a Netflix M\u00e9xico","author":"zeromagazinemx","date":"26 de julio de 2021","format":false,"excerpt":"Nuevo contenido llega a la plataforma, que podr\u00e1s disfrutar durante horas sin aburrimiento. Por Moises Kushelevich Series A partir del 20 de agosto, podremos ver: \u201cLa Directora\u201d: En una prestigiosa universidad, la primera mujer de color en llegar a ser catedr\u00e1tica intenta satisfacer las expectativas de un Departamento de Literatura\u2026","rel":"","context":"En \u00abCine\u00bb","block_context":{"text":"Cine","link":"https:\/\/zeromagazine.mx\/index.php\/category\/entretenimiento\/cine\/"},"img":{"alt_text":"","src":"","width":0,"height":0},"classes":[]},{"id":114330,"url":"https:\/\/zeromagazine.mx\/index.php\/2026\/01\/29\/san-valentin-jaso-bakery\/","url_meta":{"origin":113540,"position":5},"title":"Jaso Bakery celebra San Valent\u00edn con una colecci\u00f3n dulce inspirada en besos, cartas de amor y corazones","author":"David Morales","date":"29 de enero de 2026","format":false,"excerpt":"El amor tiene muchas formas: mensajes que llegan tarde, miradas c\u00f3mplices y, claro, postres que dicen m\u00e1s que mil palabras. Este 14 de febrero,\u00a0San Valent\u00edn Jaso Bakery\u00a0se convierte en una experiencia que entra primero por los ojos y luego directo al coraz\u00f3n. La ic\u00f3nica pasteler\u00eda de la chef Sonia Arias\u2026","rel":"","context":"En \u00abBlog\u00bb","block_context":{"text":"Blog","link":"https:\/\/zeromagazine.mx\/index.php\/category\/blog\/"},"img":{"alt_text":"","src":"https:\/\/i0.wp.com\/zeromagazine.mx\/wp-content\/uploads\/2026\/01\/IMG_1197.png?fit=677%2C478&ssl=1&resize=350%2C200","width":350,"height":200,"srcset":"https:\/\/i0.wp.com\/zeromagazine.mx\/wp-content\/uploads\/2026\/01\/IMG_1197.png?fit=677%2C478&ssl=1&resize=350%2C200 1x, https:\/\/i0.wp.com\/zeromagazine.mx\/wp-content\/uploads\/2026\/01\/IMG_1197.png?fit=677%2C478&ssl=1&resize=525%2C300 1.5x"},"classes":[]}],"jetpack_sharing_enabled":true,"builder_content":"","_links":{"self":[{"href":"https:\/\/zeromagazine.mx\/index.php\/wp-json\/wp\/v2\/posts\/113540","targetHints":{"allow":["GET"]}}],"collection":[{"href":"https:\/\/zeromagazine.mx\/index.php\/wp-json\/wp\/v2\/posts"}],"about":[{"href":"https:\/\/zeromagazine.mx\/index.php\/wp-json\/wp\/v2\/types\/post"}],"author":[{"embeddable":true,"href":"https:\/\/zeromagazine.mx\/index.php\/wp-json\/wp\/v2\/users\/4"}],"replies":[{"embeddable":true,"href":"https:\/\/zeromagazine.mx\/index.php\/wp-json\/wp\/v2\/comments?post=113540"}],"version-history":[{"count":12,"href":"https:\/\/zeromagazine.mx\/index.php\/wp-json\/wp\/v2\/posts\/113540\/revisions"}],"predecessor-version":[{"id":113555,"href":"https:\/\/zeromagazine.mx\/index.php\/wp-json\/wp\/v2\/posts\/113540\/revisions\/113555"}],"wp:featuredmedia":[{"embeddable":true,"href":"https:\/\/zeromagazine.mx\/index.php\/wp-json\/wp\/v2\/media\/113541"}],"wp:attachment":[{"href":"https:\/\/zeromagazine.mx\/index.php\/wp-json\/wp\/v2\/media?parent=113540"}],"wp:term":[{"taxonomy":"category","embeddable":true,"href":"https:\/\/zeromagazine.mx\/index.php\/wp-json\/wp\/v2\/categories?post=113540"},{"taxonomy":"post_tag","embeddable":true,"href":"https:\/\/zeromagazine.mx\/index.php\/wp-json\/wp\/v2\/tags?post=113540"}],"curies":[{"name":"wp","href":"https:\/\/api.w.org\/{rel}","templated":true}]}}