{"id":113710,"date":"2026-01-19T16:51:16","date_gmt":"2026-01-19T22:51:16","guid":{"rendered":"https:\/\/zeromagazine.mx\/?p=113710"},"modified":"2026-01-19T16:51:28","modified_gmt":"2026-01-19T22:51:28","slug":"los-suenos-de-lynch-regresan","status":"publish","type":"post","link":"https:\/\/zeromagazine.mx\/index.php\/2026\/01\/19\/los-suenos-de-lynch-regresan\/","title":{"rendered":"Los Sue\u00f1os de Lynch renacen"},"content":{"rendered":"<!--themify_builder_content-->\n<div id=\"themify_builder_content-113710\" data-postid=\"113710\" class=\"themify_builder_content themify_builder_content-113710 themify_builder tf_clear\">\n    <\/div>\n<!--\/themify_builder_content-->\n\n\n<p>Hay nombres que no necesitan presentaci\u00f3n, y luego est\u00e1 <strong>David Lynch<\/strong>, cuyo cine no solo se mira: se siente, se sue\u00f1a y se respira raro durante semanas despu\u00e9s. Por eso, <strong>Los Sue\u00f1os de Lynch<\/strong> regresan a salas mexicanas con Cin\u00e9polis +QUE CINE este febrero, justo cuando el mundo vuelve a mirar al director con nostalgia y fascinaci\u00f3n.<\/p>\n\n\n\n<h3 class=\"wp-block-heading\"><strong>Los Sue\u00f1os de Lynch<\/strong> aterrizan otra vez<\/h3>\n\n\n\n<p>Desde la Torre Latinoamericana hasta la pantalla gigante, el universo lynchiano est\u00e1 reclamando su lugar. Y aunque han pasado d\u00e9cadas desde algunos de estos estrenos, lo que vuelve \u00e9pico el regreso del ciclo es que sus pel\u00edculas no se consumen igual hoy que hace 20 o 40 a\u00f1os.<br>Cada luz, sombra, grito silencioso y plano desconcertante tiene una vibra distinta cuando lo ves proyectado frente a ti y no desde una laptop medio moribunda.<\/p>\n\n\n\n<p>Adem\u00e1s, este relanzamiento llega con un timing imposible de ignorar: el aniversario luctuoso de Lynch. Perfecto para reflexionar, llorar un poquito en privado y preguntarse si el cine realmente puede morir cuando sus creadores marcan universos enteros.<\/p>\n\n\n\n<h3 class=\"wp-block-heading\"><strong>Los Sue\u00f1os de Lynch<\/strong>: nueve portales al subconsciente<\/h3>\n\n\n\n<p>Para quienes ya est\u00e1n prendiendo veladoras, el ciclo incluye nueve t\u00edtulos que funcionan como cap\u00edtulos en una carta astral cinematogr\u00e1fica:<br>Desde el terror industrial de <strong>Eraserhead<\/strong>, hasta la dulzura inusual de <strong>The Straight Story<\/strong>; desde la sensualidad violenta de <strong>Blue Velvet<\/strong> hasta el laberinto emocional de <strong>Mulholland Drive<\/strong>.<br>Y claro, la locura total con <strong>Inland Empire<\/strong>, <strong>Lost Highway<\/strong> y la herida abierta del mundo Twin Peaks en <em>Fire Walk With Me<\/em>.<\/p>\n\n\n\n<p>Adem\u00e1s, est\u00e1 <strong>The Elephant Man<\/strong>, la pel\u00edcula que comprob\u00f3 que Lynch pod\u00eda lograr poes\u00eda visual <em>y<\/em> conmover a la Academia al mismo tiempo.<br>Todo un mapa de obsesiones: sue\u00f1os, identidades que se desdoblan, vidas paralelas, villanos tan reales que asustan m\u00e1s que los monstruos.<\/p>\n\n\n\n<p>Por otro lado, hay detalles que vale recordar:<\/p>\n\n\n\n<ul class=\"wp-block-list\">\n<li>Lynch redefini\u00f3 lo que significa <em>raro pero brillante<\/em>.<\/li>\n\n\n\n<li>Se llev\u00f3 premio tras premio, desde Venecia hasta Hollywood.<\/li>\n\n\n\n<li>Y dej\u00f3 una generaci\u00f3n completa pregunt\u00e1ndose por qu\u00e9 lo extra\u00f1o puede ser tan bello.<\/li>\n<\/ul>\n\n\n\n<p>Lo mejor de <strong>Los Sue\u00f1os de Lynch<\/strong> no est\u00e1 solo en sus filmes: est\u00e1 en la experiencia compartida. Sentarse en una sala oscura esperando a que algo no tenga sentido\u2026 hasta que, de repente, lo tenga <em>todo<\/em>.<\/p>","protected":false},"excerpt":{"rendered":"<p>Hay nombres que no necesitan presentaci\u00f3n, y luego est\u00e1 David Lynch, cuyo cine no solo se mira: se siente, se sue\u00f1a y se respira raro durante semanas despu\u00e9s. Por eso, Los Sue\u00f1os de Lynch regresan a salas mexicanas con Cin\u00e9polis +QUE CINE este febrero, justo cuando el mundo vuelve a mirar al director con nostalgia [&hellip;]<\/p>\n","protected":false},"author":2,"featured_media":113711,"comment_status":"open","ping_status":"open","sticky":false,"template":"","format":"standard","meta":{"_jetpack_memberships_contains_paid_content":false,"footnotes":"","jetpack_publicize_message":"","jetpack_publicize_feature_enabled":true,"jetpack_social_post_already_shared":true,"jetpack_social_options":{"image_generator_settings":{"template":"highway","default_image_id":0,"font":"","enabled":false},"version":2}},"categories":[109,117],"tags":[],"class_list":["post-113710","post","type-post","status-publish","format-standard","has-post-thumbnail","hentry","category-cine","category-entretenimiento","has-post-title","has-post-date","has-post-category","has-post-tag","has-post-comment","has-post-author",""],"yoast_head":"<!-- This site is optimized with the Yoast SEO plugin v27.5 - https:\/\/yoast.com\/product\/yoast-seo-wordpress\/ -->\n<title>Los Sue\u00f1os de Lynch renacen - Zero Magazine<\/title>\n<meta name=\"description\" content=\"Los Sue\u00f1os de Lynch vuelven a Cin\u00e9polis para revivir nueve pel\u00edculas inolvidables del maestro del cine surrealista.\" \/>\n<meta name=\"robots\" content=\"index, follow, max-snippet:-1, max-image-preview:large, max-video-preview:-1\" \/>\n<link rel=\"canonical\" href=\"https:\/\/zeromagazine.mx\/index.php\/2026\/01\/19\/los-suenos-de-lynch-regresan\/\" \/>\n<meta property=\"og:locale\" content=\"es_ES\" \/>\n<meta property=\"og:type\" content=\"article\" \/>\n<meta property=\"og:title\" content=\"Los Sue\u00f1os de Lynch renacen - Zero Magazine\" \/>\n<meta property=\"og:description\" content=\"Los Sue\u00f1os de Lynch vuelven a Cin\u00e9polis para revivir nueve pel\u00edculas inolvidables del maestro del cine surrealista.\" \/>\n<meta property=\"og:url\" content=\"https:\/\/zeromagazine.mx\/index.php\/2026\/01\/19\/los-suenos-de-lynch-regresan\/\" \/>\n<meta property=\"og:site_name\" content=\"Zero Magazine\" \/>\n<meta property=\"article:published_time\" content=\"2026-01-19T22:51:16+00:00\" \/>\n<meta property=\"article:modified_time\" content=\"2026-01-19T22:51:28+00:00\" \/>\n<meta property=\"og:image\" content=\"http:\/\/zeromagazine.mx\/wp-content\/uploads\/2026\/01\/Poster-Lynch-70x100-Febrero-scaled.jpg\" \/>\n\t<meta property=\"og:image:width\" content=\"1792\" \/>\n\t<meta property=\"og:image:height\" content=\"2560\" \/>\n\t<meta property=\"og:image:type\" content=\"image\/jpeg\" \/>\n<meta name=\"author\" content=\"zeromagazinemx\" \/>\n<meta name=\"twitter:card\" content=\"summary_large_image\" \/>\n<meta name=\"twitter:label1\" content=\"Escrito por\" \/>\n\t<meta name=\"twitter:data1\" content=\"zeromagazinemx\" \/>\n\t<meta name=\"twitter:label2\" content=\"Tiempo de lectura\" \/>\n\t<meta name=\"twitter:data2\" content=\"2 minutos\" \/>\n<script type=\"application\/ld+json\" class=\"yoast-schema-graph\">{\"@context\":\"https:\\\/\\\/schema.org\",\"@graph\":[{\"@type\":\"Article\",\"@id\":\"https:\\\/\\\/zeromagazine.mx\\\/index.php\\\/2026\\\/01\\\/19\\\/los-suenos-de-lynch-regresan\\\/#article\",\"isPartOf\":{\"@id\":\"https:\\\/\\\/zeromagazine.mx\\\/index.php\\\/2026\\\/01\\\/19\\\/los-suenos-de-lynch-regresan\\\/\"},\"author\":{\"name\":\"zeromagazinemx\",\"@id\":\"https:\\\/\\\/zeromagazine.mx\\\/#\\\/schema\\\/person\\\/9aed9f33a7c39af3a348b86d723f7773\"},\"headline\":\"Los Sue\u00f1os de Lynch renacen\",\"datePublished\":\"2026-01-19T22:51:16+00:00\",\"dateModified\":\"2026-01-19T22:51:28+00:00\",\"mainEntityOfPage\":{\"@id\":\"https:\\\/\\\/zeromagazine.mx\\\/index.php\\\/2026\\\/01\\\/19\\\/los-suenos-de-lynch-regresan\\\/\"},\"wordCount\":404,\"commentCount\":0,\"publisher\":{\"@id\":\"https:\\\/\\\/zeromagazine.mx\\\/#organization\"},\"image\":{\"@id\":\"https:\\\/\\\/zeromagazine.mx\\\/index.php\\\/2026\\\/01\\\/19\\\/los-suenos-de-lynch-regresan\\\/#primaryimage\"},\"thumbnailUrl\":\"https:\\\/\\\/i0.wp.com\\\/zeromagazine.mx\\\/wp-content\\\/uploads\\\/2026\\\/01\\\/Poster-Lynch-70x100-Febrero-scaled.jpg?fit=1792%2C2560&ssl=1\",\"articleSection\":[\"Cine\",\"Entretenimiento\"],\"inLanguage\":\"es\",\"potentialAction\":[{\"@type\":\"CommentAction\",\"name\":\"Comment\",\"target\":[\"https:\\\/\\\/zeromagazine.mx\\\/index.php\\\/2026\\\/01\\\/19\\\/los-suenos-de-lynch-regresan\\\/#respond\"]}]},{\"@type\":\"WebPage\",\"@id\":\"https:\\\/\\\/zeromagazine.mx\\\/index.php\\\/2026\\\/01\\\/19\\\/los-suenos-de-lynch-regresan\\\/\",\"url\":\"https:\\\/\\\/zeromagazine.mx\\\/index.php\\\/2026\\\/01\\\/19\\\/los-suenos-de-lynch-regresan\\\/\",\"name\":\"Los Sue\u00f1os de Lynch renacen - Zero Magazine\",\"isPartOf\":{\"@id\":\"https:\\\/\\\/zeromagazine.mx\\\/#website\"},\"primaryImageOfPage\":{\"@id\":\"https:\\\/\\\/zeromagazine.mx\\\/index.php\\\/2026\\\/01\\\/19\\\/los-suenos-de-lynch-regresan\\\/#primaryimage\"},\"image\":{\"@id\":\"https:\\\/\\\/zeromagazine.mx\\\/index.php\\\/2026\\\/01\\\/19\\\/los-suenos-de-lynch-regresan\\\/#primaryimage\"},\"thumbnailUrl\":\"https:\\\/\\\/i0.wp.com\\\/zeromagazine.mx\\\/wp-content\\\/uploads\\\/2026\\\/01\\\/Poster-Lynch-70x100-Febrero-scaled.jpg?fit=1792%2C2560&ssl=1\",\"datePublished\":\"2026-01-19T22:51:16+00:00\",\"dateModified\":\"2026-01-19T22:51:28+00:00\",\"description\":\"Los Sue\u00f1os de Lynch vuelven a Cin\u00e9polis para revivir nueve pel\u00edculas inolvidables del maestro del cine surrealista.\",\"breadcrumb\":{\"@id\":\"https:\\\/\\\/zeromagazine.mx\\\/index.php\\\/2026\\\/01\\\/19\\\/los-suenos-de-lynch-regresan\\\/#breadcrumb\"},\"inLanguage\":\"es\",\"potentialAction\":[{\"@type\":\"ReadAction\",\"target\":[\"https:\\\/\\\/zeromagazine.mx\\\/index.php\\\/2026\\\/01\\\/19\\\/los-suenos-de-lynch-regresan\\\/\"]}]},{\"@type\":\"ImageObject\",\"inLanguage\":\"es\",\"@id\":\"https:\\\/\\\/zeromagazine.mx\\\/index.php\\\/2026\\\/01\\\/19\\\/los-suenos-de-lynch-regresan\\\/#primaryimage\",\"url\":\"https:\\\/\\\/i0.wp.com\\\/zeromagazine.mx\\\/wp-content\\\/uploads\\\/2026\\\/01\\\/Poster-Lynch-70x100-Febrero-scaled.jpg?fit=1792%2C2560&ssl=1\",\"contentUrl\":\"https:\\\/\\\/i0.wp.com\\\/zeromagazine.mx\\\/wp-content\\\/uploads\\\/2026\\\/01\\\/Poster-Lynch-70x100-Febrero-scaled.jpg?fit=1792%2C2560&ssl=1\",\"width\":1792,\"height\":2560},{\"@type\":\"BreadcrumbList\",\"@id\":\"https:\\\/\\\/zeromagazine.mx\\\/index.php\\\/2026\\\/01\\\/19\\\/los-suenos-de-lynch-regresan\\\/#breadcrumb\",\"itemListElement\":[{\"@type\":\"ListItem\",\"position\":1,\"name\":\"Portada\",\"item\":\"https:\\\/\\\/zeromagazine.mx\\\/\"},{\"@type\":\"ListItem\",\"position\":2,\"name\":\"Los Sue\u00f1os de Lynch renacen\"}]},{\"@type\":\"WebSite\",\"@id\":\"https:\\\/\\\/zeromagazine.mx\\\/#website\",\"url\":\"https:\\\/\\\/zeromagazine.mx\\\/\",\"name\":\"Zero Magazine\",\"description\":\"\",\"publisher\":{\"@id\":\"https:\\\/\\\/zeromagazine.mx\\\/#organization\"},\"potentialAction\":[{\"@type\":\"SearchAction\",\"target\":{\"@type\":\"EntryPoint\",\"urlTemplate\":\"https:\\\/\\\/zeromagazine.mx\\\/?s={search_term_string}\"},\"query-input\":{\"@type\":\"PropertyValueSpecification\",\"valueRequired\":true,\"valueName\":\"search_term_string\"}}],\"inLanguage\":\"es\"},{\"@type\":\"Organization\",\"@id\":\"https:\\\/\\\/zeromagazine.mx\\\/#organization\",\"name\":\"Zero Magazine\",\"url\":\"https:\\\/\\\/zeromagazine.mx\\\/\",\"logo\":{\"@type\":\"ImageObject\",\"inLanguage\":\"es\",\"@id\":\"https:\\\/\\\/zeromagazine.mx\\\/#\\\/schema\\\/logo\\\/image\\\/\",\"url\":\"https:\\\/\\\/i0.wp.com\\\/zeromagazine.mx\\\/wp-content\\\/uploads\\\/2025\\\/11\\\/1.jpeg?fit=1000%2C1000&ssl=1\",\"contentUrl\":\"https:\\\/\\\/i0.wp.com\\\/zeromagazine.mx\\\/wp-content\\\/uploads\\\/2025\\\/11\\\/1.jpeg?fit=1000%2C1000&ssl=1\",\"width\":1000,\"height\":1000,\"caption\":\"Zero Magazine\"},\"image\":{\"@id\":\"https:\\\/\\\/zeromagazine.mx\\\/#\\\/schema\\\/logo\\\/image\\\/\"},\"sameAs\":[\"https:\\\/\\\/instagram.com\\\/zeromagazinemx\"]},{\"@type\":\"Person\",\"@id\":\"https:\\\/\\\/zeromagazine.mx\\\/#\\\/schema\\\/person\\\/9aed9f33a7c39af3a348b86d723f7773\",\"name\":\"zeromagazinemx\",\"image\":{\"@type\":\"ImageObject\",\"inLanguage\":\"es\",\"@id\":\"https:\\\/\\\/zeromagazine.mx\\\/wp-content\\\/litespeed\\\/avatar\\\/f91dfe5410d5dcb1a576bf8c45983896.jpg?ver=1777571230\",\"url\":\"https:\\\/\\\/zeromagazine.mx\\\/wp-content\\\/litespeed\\\/avatar\\\/f91dfe5410d5dcb1a576bf8c45983896.jpg?ver=1777571230\",\"contentUrl\":\"https:\\\/\\\/zeromagazine.mx\\\/wp-content\\\/litespeed\\\/avatar\\\/f91dfe5410d5dcb1a576bf8c45983896.jpg?ver=1777571230\",\"caption\":\"zeromagazinemx\"},\"url\":\"https:\\\/\\\/zeromagazine.mx\\\/index.php\\\/author\\\/zeromagazinemx\\\/\"}]}<\/script>\n<!-- \/ Yoast SEO plugin. -->","yoast_head_json":{"title":"Los Sue\u00f1os de Lynch renacen - Zero Magazine","description":"Los Sue\u00f1os de Lynch vuelven a Cin\u00e9polis para revivir nueve pel\u00edculas inolvidables del maestro del cine surrealista.","robots":{"index":"index","follow":"follow","max-snippet":"max-snippet:-1","max-image-preview":"max-image-preview:large","max-video-preview":"max-video-preview:-1"},"canonical":"https:\/\/zeromagazine.mx\/index.php\/2026\/01\/19\/los-suenos-de-lynch-regresan\/","og_locale":"es_ES","og_type":"article","og_title":"Los Sue\u00f1os de Lynch renacen - Zero Magazine","og_description":"Los Sue\u00f1os de Lynch vuelven a Cin\u00e9polis para revivir nueve pel\u00edculas inolvidables del maestro del cine surrealista.","og_url":"https:\/\/zeromagazine.mx\/index.php\/2026\/01\/19\/los-suenos-de-lynch-regresan\/","og_site_name":"Zero Magazine","article_published_time":"2026-01-19T22:51:16+00:00","article_modified_time":"2026-01-19T22:51:28+00:00","og_image":[{"width":1792,"height":2560,"url":"http:\/\/zeromagazine.mx\/wp-content\/uploads\/2026\/01\/Poster-Lynch-70x100-Febrero-scaled.jpg","type":"image\/jpeg"}],"author":"zeromagazinemx","twitter_card":"summary_large_image","twitter_misc":{"Escrito por":"zeromagazinemx","Tiempo de lectura":"2 minutos"},"schema":{"@context":"https:\/\/schema.org","@graph":[{"@type":"Article","@id":"https:\/\/zeromagazine.mx\/index.php\/2026\/01\/19\/los-suenos-de-lynch-regresan\/#article","isPartOf":{"@id":"https:\/\/zeromagazine.mx\/index.php\/2026\/01\/19\/los-suenos-de-lynch-regresan\/"},"author":{"name":"zeromagazinemx","@id":"https:\/\/zeromagazine.mx\/#\/schema\/person\/9aed9f33a7c39af3a348b86d723f7773"},"headline":"Los Sue\u00f1os de Lynch renacen","datePublished":"2026-01-19T22:51:16+00:00","dateModified":"2026-01-19T22:51:28+00:00","mainEntityOfPage":{"@id":"https:\/\/zeromagazine.mx\/index.php\/2026\/01\/19\/los-suenos-de-lynch-regresan\/"},"wordCount":404,"commentCount":0,"publisher":{"@id":"https:\/\/zeromagazine.mx\/#organization"},"image":{"@id":"https:\/\/zeromagazine.mx\/index.php\/2026\/01\/19\/los-suenos-de-lynch-regresan\/#primaryimage"},"thumbnailUrl":"https:\/\/i0.wp.com\/zeromagazine.mx\/wp-content\/uploads\/2026\/01\/Poster-Lynch-70x100-Febrero-scaled.jpg?fit=1792%2C2560&ssl=1","articleSection":["Cine","Entretenimiento"],"inLanguage":"es","potentialAction":[{"@type":"CommentAction","name":"Comment","target":["https:\/\/zeromagazine.mx\/index.php\/2026\/01\/19\/los-suenos-de-lynch-regresan\/#respond"]}]},{"@type":"WebPage","@id":"https:\/\/zeromagazine.mx\/index.php\/2026\/01\/19\/los-suenos-de-lynch-regresan\/","url":"https:\/\/zeromagazine.mx\/index.php\/2026\/01\/19\/los-suenos-de-lynch-regresan\/","name":"Los Sue\u00f1os de Lynch renacen - Zero Magazine","isPartOf":{"@id":"https:\/\/zeromagazine.mx\/#website"},"primaryImageOfPage":{"@id":"https:\/\/zeromagazine.mx\/index.php\/2026\/01\/19\/los-suenos-de-lynch-regresan\/#primaryimage"},"image":{"@id":"https:\/\/zeromagazine.mx\/index.php\/2026\/01\/19\/los-suenos-de-lynch-regresan\/#primaryimage"},"thumbnailUrl":"https:\/\/i0.wp.com\/zeromagazine.mx\/wp-content\/uploads\/2026\/01\/Poster-Lynch-70x100-Febrero-scaled.jpg?fit=1792%2C2560&ssl=1","datePublished":"2026-01-19T22:51:16+00:00","dateModified":"2026-01-19T22:51:28+00:00","description":"Los Sue\u00f1os de Lynch vuelven a Cin\u00e9polis para revivir nueve pel\u00edculas inolvidables del maestro del cine surrealista.","breadcrumb":{"@id":"https:\/\/zeromagazine.mx\/index.php\/2026\/01\/19\/los-suenos-de-lynch-regresan\/#breadcrumb"},"inLanguage":"es","potentialAction":[{"@type":"ReadAction","target":["https:\/\/zeromagazine.mx\/index.php\/2026\/01\/19\/los-suenos-de-lynch-regresan\/"]}]},{"@type":"ImageObject","inLanguage":"es","@id":"https:\/\/zeromagazine.mx\/index.php\/2026\/01\/19\/los-suenos-de-lynch-regresan\/#primaryimage","url":"https:\/\/i0.wp.com\/zeromagazine.mx\/wp-content\/uploads\/2026\/01\/Poster-Lynch-70x100-Febrero-scaled.jpg?fit=1792%2C2560&ssl=1","contentUrl":"https:\/\/i0.wp.com\/zeromagazine.mx\/wp-content\/uploads\/2026\/01\/Poster-Lynch-70x100-Febrero-scaled.jpg?fit=1792%2C2560&ssl=1","width":1792,"height":2560},{"@type":"BreadcrumbList","@id":"https:\/\/zeromagazine.mx\/index.php\/2026\/01\/19\/los-suenos-de-lynch-regresan\/#breadcrumb","itemListElement":[{"@type":"ListItem","position":1,"name":"Portada","item":"https:\/\/zeromagazine.mx\/"},{"@type":"ListItem","position":2,"name":"Los Sue\u00f1os de Lynch renacen"}]},{"@type":"WebSite","@id":"https:\/\/zeromagazine.mx\/#website","url":"https:\/\/zeromagazine.mx\/","name":"Zero Magazine","description":"","publisher":{"@id":"https:\/\/zeromagazine.mx\/#organization"},"potentialAction":[{"@type":"SearchAction","target":{"@type":"EntryPoint","urlTemplate":"https:\/\/zeromagazine.mx\/?s={search_term_string}"},"query-input":{"@type":"PropertyValueSpecification","valueRequired":true,"valueName":"search_term_string"}}],"inLanguage":"es"},{"@type":"Organization","@id":"https:\/\/zeromagazine.mx\/#organization","name":"Zero Magazine","url":"https:\/\/zeromagazine.mx\/","logo":{"@type":"ImageObject","inLanguage":"es","@id":"https:\/\/zeromagazine.mx\/#\/schema\/logo\/image\/","url":"https:\/\/i0.wp.com\/zeromagazine.mx\/wp-content\/uploads\/2025\/11\/1.jpeg?fit=1000%2C1000&ssl=1","contentUrl":"https:\/\/i0.wp.com\/zeromagazine.mx\/wp-content\/uploads\/2025\/11\/1.jpeg?fit=1000%2C1000&ssl=1","width":1000,"height":1000,"caption":"Zero Magazine"},"image":{"@id":"https:\/\/zeromagazine.mx\/#\/schema\/logo\/image\/"},"sameAs":["https:\/\/instagram.com\/zeromagazinemx"]},{"@type":"Person","@id":"https:\/\/zeromagazine.mx\/#\/schema\/person\/9aed9f33a7c39af3a348b86d723f7773","name":"zeromagazinemx","image":{"@type":"ImageObject","inLanguage":"es","@id":"https:\/\/zeromagazine.mx\/wp-content\/litespeed\/avatar\/f91dfe5410d5dcb1a576bf8c45983896.jpg?ver=1777571230","url":"https:\/\/zeromagazine.mx\/wp-content\/litespeed\/avatar\/f91dfe5410d5dcb1a576bf8c45983896.jpg?ver=1777571230","contentUrl":"https:\/\/zeromagazine.mx\/wp-content\/litespeed\/avatar\/f91dfe5410d5dcb1a576bf8c45983896.jpg?ver=1777571230","caption":"zeromagazinemx"},"url":"https:\/\/zeromagazine.mx\/index.php\/author\/zeromagazinemx\/"}]}},"jetpack_publicize_connections":[],"jetpack_featured_media_url":"https:\/\/i0.wp.com\/zeromagazine.mx\/wp-content\/uploads\/2026\/01\/Poster-Lynch-70x100-Febrero-scaled.jpg?fit=1792%2C2560&ssl=1","jetpack-related-posts":[{"id":106427,"url":"https:\/\/zeromagazine.mx\/index.php\/2025\/06\/26\/mubi-fest-2025-cdmx\/","url_meta":{"origin":113710,"position":0},"title":"Mubi Fest 2025: pelis, vibes y cine al aire libre","author":"David Morales","date":"26 de junio de 2025","format":false,"excerpt":"Amix, te traigo un plan de cin\u00e9filxs con estilo. Y es que si eres de les que aman perderse en una buena peli, vivir experiencias audiovisuales \u00fanicas o simplemente quieres un plan distinto con tu crush, pues Mubi Fest 2025 de la CDMX es justo para ti, y lo mejor\u2026","rel":"","context":"En \u00abEntretenimiento\u00bb","block_context":{"text":"Entretenimiento","link":"https:\/\/zeromagazine.mx\/index.php\/category\/entretenimiento\/"},"img":{"alt_text":"","src":"https:\/\/i0.wp.com\/zeromagazine.mx\/wp-content\/uploads\/2025\/06\/EL-COLOR-DE-LA-GRANADA.png?fit=1200%2C675&ssl=1&resize=350%2C200","width":350,"height":200,"srcset":"https:\/\/i0.wp.com\/zeromagazine.mx\/wp-content\/uploads\/2025\/06\/EL-COLOR-DE-LA-GRANADA.png?fit=1200%2C675&ssl=1&resize=350%2C200 1x, https:\/\/i0.wp.com\/zeromagazine.mx\/wp-content\/uploads\/2025\/06\/EL-COLOR-DE-LA-GRANADA.png?fit=1200%2C675&ssl=1&resize=525%2C300 1.5x, https:\/\/i0.wp.com\/zeromagazine.mx\/wp-content\/uploads\/2025\/06\/EL-COLOR-DE-LA-GRANADA.png?fit=1200%2C675&ssl=1&resize=700%2C400 2x, https:\/\/i0.wp.com\/zeromagazine.mx\/wp-content\/uploads\/2025\/06\/EL-COLOR-DE-LA-GRANADA.png?fit=1200%2C675&ssl=1&resize=1050%2C600 3x"},"classes":[]},{"id":112197,"url":"https:\/\/zeromagazine.mx\/index.php\/2025\/12\/27\/enero-en-mubi-fantasia-oscura-cine-estrenos-2026\/","url_meta":{"origin":113710,"position":1},"title":"ENERO EN MUBI: fantas\u00eda oscura vibes","author":"zeromagazinemx","date":"27 de diciembre de 2025","format":false,"excerpt":"Si enero siempre se siente eterno, Enero en MUBI viene a salvarnos del mood gris con una curadur\u00eda que mezcla fantas\u00eda oscura, cine provocador y estrenos que claramente no son \u201ccine de fondo\u201d. Este mes la plataforma apuesta por historias que incomodan, seducen y se quedan dando vueltas en la\u2026","rel":"","context":"En \u00abBlog\u00bb","block_context":{"text":"Blog","link":"https:\/\/zeromagazine.mx\/index.php\/category\/blog\/"},"img":{"alt_text":"","src":"https:\/\/i0.wp.com\/zeromagazine.mx\/wp-content\/uploads\/2025\/12\/Emilie-Blichfeldt-2025-THE-UGLY-STEPSISTER.jpg?fit=856%2C482&ssl=1&resize=350%2C200","width":350,"height":200,"srcset":"https:\/\/i0.wp.com\/zeromagazine.mx\/wp-content\/uploads\/2025\/12\/Emilie-Blichfeldt-2025-THE-UGLY-STEPSISTER.jpg?fit=856%2C482&ssl=1&resize=350%2C200 1x, https:\/\/i0.wp.com\/zeromagazine.mx\/wp-content\/uploads\/2025\/12\/Emilie-Blichfeldt-2025-THE-UGLY-STEPSISTER.jpg?fit=856%2C482&ssl=1&resize=525%2C300 1.5x, https:\/\/i0.wp.com\/zeromagazine.mx\/wp-content\/uploads\/2025\/12\/Emilie-Blichfeldt-2025-THE-UGLY-STEPSISTER.jpg?fit=856%2C482&ssl=1&resize=700%2C400 2x"},"classes":[]},{"id":105614,"url":"https:\/\/zeromagazine.mx\/index.php\/2025\/06\/04\/mubi-pride-cine-con-orgullo\/","url_meta":{"origin":113710,"position":2},"title":"MUBI Pride: Cine Con Orgullo","author":"David Morales","date":"4 de junio de 2025","format":false,"excerpt":"Amix, junio lleg\u00f3 con todo y no solo hablamos de calor y chelitas fr\u00edas, tambi\u00e9n es el mes del Pride, y MUBI lo sabe. Esta plataforma que ya es fav entre cin\u00e9filxs alternativos, se puso las pilas y arm\u00f3 una curadur\u00eda brutal de historias que gritan libertad, diversidad y rebeld\u00eda.\u2026","rel":"","context":"En \u00abCine\u00bb","block_context":{"text":"Cine","link":"https:\/\/zeromagazine.mx\/index.php\/category\/entretenimiento\/cine\/"},"img":{"alt_text":"","src":"https:\/\/i0.wp.com\/zeromagazine.mx\/wp-content\/uploads\/2025\/06\/Luca-Guadagnino2024QUEER-1.jpg?fit=856%2C482&ssl=1&resize=350%2C200","width":350,"height":200,"srcset":"https:\/\/i0.wp.com\/zeromagazine.mx\/wp-content\/uploads\/2025\/06\/Luca-Guadagnino2024QUEER-1.jpg?fit=856%2C482&ssl=1&resize=350%2C200 1x, https:\/\/i0.wp.com\/zeromagazine.mx\/wp-content\/uploads\/2025\/06\/Luca-Guadagnino2024QUEER-1.jpg?fit=856%2C482&ssl=1&resize=525%2C300 1.5x, https:\/\/i0.wp.com\/zeromagazine.mx\/wp-content\/uploads\/2025\/06\/Luca-Guadagnino2024QUEER-1.jpg?fit=856%2C482&ssl=1&resize=700%2C400 2x"},"classes":[]},{"id":85153,"url":"https:\/\/zeromagazine.mx\/index.php\/2024\/10\/03\/magia-y-postres-el-mashup-perfecto\/","url_meta":{"origin":113710,"position":3},"title":"\u00abMagia y Postres: El Mashup Perfecto\u00bb","author":"zeromagazinemx","date":"3 de octubre de 2024","format":false,"excerpt":"O sea, let\u2019s be real, todos somos Potterheads, \u00bfverdad? Pero, \u00bfqu\u00e9 tal si te dijera que ahora\u00a0Harry Potter\u00a0y la pasteler\u00eda se fusionan en un mega mashup m\u00e1gico? As\u00ed es. Si pensabas que el Wizarding World solo eran hechizos y aventuras en Hogwarts, ahora te vas a emocionar al saber que\u2026","rel":"","context":"En \u00abEntretenimiento\u00bb","block_context":{"text":"Entretenimiento","link":"https:\/\/zeromagazine.mx\/index.php\/category\/entretenimiento\/"},"img":{"alt_text":"","src":"https:\/\/i0.wp.com\/zeromagazine.mx\/wp-content\/uploads\/2024\/10\/host-james-and-oliver-phelps-check-in-with-competitors-on-their-harry-potter-inspired-creation-1.jpeg?fit=1200%2C801&ssl=1&resize=350%2C200","width":350,"height":200,"srcset":"https:\/\/i0.wp.com\/zeromagazine.mx\/wp-content\/uploads\/2024\/10\/host-james-and-oliver-phelps-check-in-with-competitors-on-their-harry-potter-inspired-creation-1.jpeg?fit=1200%2C801&ssl=1&resize=350%2C200 1x, https:\/\/i0.wp.com\/zeromagazine.mx\/wp-content\/uploads\/2024\/10\/host-james-and-oliver-phelps-check-in-with-competitors-on-their-harry-potter-inspired-creation-1.jpeg?fit=1200%2C801&ssl=1&resize=525%2C300 1.5x, https:\/\/i0.wp.com\/zeromagazine.mx\/wp-content\/uploads\/2024\/10\/host-james-and-oliver-phelps-check-in-with-competitors-on-their-harry-potter-inspired-creation-1.jpeg?fit=1200%2C801&ssl=1&resize=700%2C400 2x, https:\/\/i0.wp.com\/zeromagazine.mx\/wp-content\/uploads\/2024\/10\/host-james-and-oliver-phelps-check-in-with-competitors-on-their-harry-potter-inspired-creation-1.jpeg?fit=1200%2C801&ssl=1&resize=1050%2C600 3x"},"classes":[]},{"id":115374,"url":"https:\/\/zeromagazine.mx\/index.php\/2026\/02\/14\/padre-madre-hermana-hermano-impacta\/","url_meta":{"origin":113710,"position":4},"title":"Padre Madre Hermana Hermano Impacta","author":"zeromagazinemx","date":"14 de febrero de 2026","format":false,"excerpt":"El cine de autor acaba de subir de nivel. Padre Madre Hermana Hermano no solo gan\u00f3 el m\u00e1ximo reconocimiento en el Festival Internacional de Cine de Venecia, tambi\u00e9n marca el regreso de uno de los directores m\u00e1s influyentes del cine independiente: Jim Jarmusch. Y s\u00ed, llega a cines en Latinoam\u00e9rica\u2026","rel":"","context":"En \u00abBlog\u00bb","block_context":{"text":"Blog","link":"https:\/\/zeromagazine.mx\/index.php\/category\/blog\/"},"img":{"alt_text":"","src":"https:\/\/i0.wp.com\/zeromagazine.mx\/wp-content\/uploads\/2026\/02\/unnamed-1-2.png?fit=1200%2C638&ssl=1&resize=350%2C200","width":350,"height":200,"srcset":"https:\/\/i0.wp.com\/zeromagazine.mx\/wp-content\/uploads\/2026\/02\/unnamed-1-2.png?fit=1200%2C638&ssl=1&resize=350%2C200 1x, https:\/\/i0.wp.com\/zeromagazine.mx\/wp-content\/uploads\/2026\/02\/unnamed-1-2.png?fit=1200%2C638&ssl=1&resize=525%2C300 1.5x, https:\/\/i0.wp.com\/zeromagazine.mx\/wp-content\/uploads\/2026\/02\/unnamed-1-2.png?fit=1200%2C638&ssl=1&resize=700%2C400 2x, https:\/\/i0.wp.com\/zeromagazine.mx\/wp-content\/uploads\/2026\/02\/unnamed-1-2.png?fit=1200%2C638&ssl=1&resize=1050%2C600 3x"},"classes":[]},{"id":80935,"url":"https:\/\/zeromagazine.mx\/index.php\/2024\/07\/29\/emilio-trevino-la-voz-mas-cool-se-apodera-de-la-pantalla\/","url_meta":{"origin":113710,"position":5},"title":"Emilio Trevi\u00f1o: La Voz M\u00e1s Cool Se Apodera de la Pantalla","author":"David Morales","date":"29 de julio de 2024","format":false,"excerpt":"Emilio Trevi\u00f1o es un talentoso actor y actor de doblaje que ha dejado una huella significativa en la industria del entretenimiento. Con m\u00e1s de 20 a\u00f1os de experiencia, Emilio ha participado en cine, televisi\u00f3n, teatro y doblaje, siempre destac\u00e1ndose por su pasi\u00f3n y dedicaci\u00f3n. En esta entrevista, Emilio nos compartir\u00e1\u2026","rel":"","context":"En \u00abPortada\u00bb","block_context":{"text":"Portada","link":"https:\/\/zeromagazine.mx\/index.php\/category\/portada\/"},"img":{"alt_text":"","src":"https:\/\/i0.wp.com\/zeromagazine.mx\/wp-content\/uploads\/2024\/07\/IMG_1300.png?fit=927%2C1200&ssl=1&resize=350%2C200","width":350,"height":200,"srcset":"https:\/\/i0.wp.com\/zeromagazine.mx\/wp-content\/uploads\/2024\/07\/IMG_1300.png?fit=927%2C1200&ssl=1&resize=350%2C200 1x, https:\/\/i0.wp.com\/zeromagazine.mx\/wp-content\/uploads\/2024\/07\/IMG_1300.png?fit=927%2C1200&ssl=1&resize=525%2C300 1.5x, https:\/\/i0.wp.com\/zeromagazine.mx\/wp-content\/uploads\/2024\/07\/IMG_1300.png?fit=927%2C1200&ssl=1&resize=700%2C400 2x"},"classes":[]}],"jetpack_sharing_enabled":true,"builder_content":"","_links":{"self":[{"href":"https:\/\/zeromagazine.mx\/index.php\/wp-json\/wp\/v2\/posts\/113710","targetHints":{"allow":["GET"]}}],"collection":[{"href":"https:\/\/zeromagazine.mx\/index.php\/wp-json\/wp\/v2\/posts"}],"about":[{"href":"https:\/\/zeromagazine.mx\/index.php\/wp-json\/wp\/v2\/types\/post"}],"author":[{"embeddable":true,"href":"https:\/\/zeromagazine.mx\/index.php\/wp-json\/wp\/v2\/users\/2"}],"replies":[{"embeddable":true,"href":"https:\/\/zeromagazine.mx\/index.php\/wp-json\/wp\/v2\/comments?post=113710"}],"version-history":[{"count":2,"href":"https:\/\/zeromagazine.mx\/index.php\/wp-json\/wp\/v2\/posts\/113710\/revisions"}],"predecessor-version":[{"id":113713,"href":"https:\/\/zeromagazine.mx\/index.php\/wp-json\/wp\/v2\/posts\/113710\/revisions\/113713"}],"wp:featuredmedia":[{"embeddable":true,"href":"https:\/\/zeromagazine.mx\/index.php\/wp-json\/wp\/v2\/media\/113711"}],"wp:attachment":[{"href":"https:\/\/zeromagazine.mx\/index.php\/wp-json\/wp\/v2\/media?parent=113710"}],"wp:term":[{"taxonomy":"category","embeddable":true,"href":"https:\/\/zeromagazine.mx\/index.php\/wp-json\/wp\/v2\/categories?post=113710"},{"taxonomy":"post_tag","embeddable":true,"href":"https:\/\/zeromagazine.mx\/index.php\/wp-json\/wp\/v2\/tags?post=113710"}],"curies":[{"name":"wp","href":"https:\/\/api.w.org\/{rel}","templated":true}]}}