{"id":113861,"date":"2026-01-21T20:56:55","date_gmt":"2026-01-22T02:56:55","guid":{"rendered":"https:\/\/zeromagazine.mx\/?p=113861"},"modified":"2026-01-21T20:56:57","modified_gmt":"2026-01-22T02:56:57","slug":"arte-andriacci-rizzoli","status":"publish","type":"post","link":"https:\/\/zeromagazine.mx\/index.php\/2026\/01\/21\/arte-andriacci-rizzoli\/","title":{"rendered":"Rizzoli | Andriacci: Una vida de arte y color"},"content":{"rendered":"<!--themify_builder_content-->\n<div id=\"themify_builder_content-113861\" data-postid=\"113861\" class=\"themify_builder_content themify_builder_content-113861 themify_builder tf_clear\">\n    <\/div>\n<!--\/themify_builder_content-->\n\n\n<p>Hablar de&nbsp;<em>arte Andriacci<\/em>&nbsp;es entrar a un mundo donde el color no se queda quieto y las formas parecen contar historias propias. Con el lanzamiento de&nbsp;<strong>Rizzoli | Andriacci: Una vida de arte y color<\/strong>, la editorial Rizzoli New York presenta la primera monograf\u00eda internacional dedicada a Fernando Andriacci, uno de los artistas oaxaque\u00f1os m\u00e1s singulares del panorama contempor\u00e1neo. Este libro no solo recopila obra: captura una manera de ver y sentir el arte.<\/p>\n\n\n\n<p>Desde la primera p\u00e1gina, el lector se encuentra con un imaginario que vibra entre lo m\u00edtico y lo cotidiano. Animales fant\u00e1sticos, cuerpos que se entrelazan y paisajes simb\u00f3licos construyen una narrativa visual que conecta con emociones universales. El&nbsp;<em>arte Andriacci<\/em>&nbsp;no se contempla a distancia: se experimenta.<\/p>\n\n\n\n<p>Adem\u00e1s, la edici\u00f3n en tapa dura y su formato generoso hacen de este volumen un objeto que se disfruta tanto visual como f\u00edsicamente. No es solo un libro para hojear, es una pieza que pide tiempo, pausa y curiosidad.<\/p>\n\n\n\n<h2 class=\"wp-block-heading\"><strong>Entre mito y modernidad<\/strong><\/h2>\n\n\n\n<p>Por otro lado, uno de los grandes aciertos del libro es c\u00f3mo contextualiza la obra de Andriacci dentro del entorno cultural de Oaxaca. Escrito por la historiadora del arte Blanca Gonz\u00e1lez Rosas, el texto va m\u00e1s all\u00e1 del an\u00e1lisis formal y conecta la producci\u00f3n del artista con las tradiciones, el paisaje y la vida comunitaria de la regi\u00f3n.<\/p>\n\n\n\n<figure class=\"wp-block-gallery has-nested-images columns-default is-cropped wp-block-gallery-1 is-layout-flex wp-block-gallery-is-layout-flex\">\n<figure class=\"wp-block-image size-large\"><img data-recalc-dims=\"1\" decoding=\"async\" width=\"764\" height=\"916\" data-id=\"113864\" src=\"https:\/\/i0.wp.com\/zeromagazine.mx\/wp-content\/uploads\/2026\/01\/IMG_1069.png?resize=764%2C916&#038;ssl=1\" alt=\"\" class=\"wp-image-113864\" srcset=\"https:\/\/i0.wp.com\/zeromagazine.mx\/wp-content\/uploads\/2026\/01\/IMG_1069.png?w=764&amp;ssl=1 764w, https:\/\/i0.wp.com\/zeromagazine.mx\/wp-content\/uploads\/2026\/01\/IMG_1069.png?resize=250%2C300&amp;ssl=1 250w\" sizes=\"(max-width: 764px) 100vw, 764px\" \/><\/figure>\n<\/figure>\n\n\n\n<p>El&nbsp;<em>arte Andriacci<\/em>&nbsp;dialoga constantemente con el folclore mexicano, pero sin quedarse anclado al pasado. Hay una conversaci\u00f3n abierta con la modernidad, con la abstracci\u00f3n y con una est\u00e9tica contempor\u00e1nea que se siente fresca y honesta. Las l\u00edneas rectas conviven con curvas org\u00e1nicas; lo plano se transforma en volumen; lo figurativo se funde con lo abstracto.<\/p>\n\n\n\n<p>Asimismo, el libro recorre m\u00e1s de dos d\u00e9cadas de exploraci\u00f3n art\u00edstica a trav\u00e9s de pintura, cer\u00e1mica, textiles, esculturas y murales monumentales. Cada cap\u00edtulo funciona como una ventana a distintas etapas creativas, mostrando c\u00f3mo el lenguaje visual del artista ha evolucionado sin perder su esencia l\u00fadica.<\/p>\n\n\n\n<h2 class=\"wp-block-heading\"><strong>Arte Andriacci como experiencia compartida<\/strong><\/h2>\n\n\n\n<p>Finalmente, uno de los ejes m\u00e1s potentes del libro es la idea del arte como un acto colectivo. Las escenas que habitan la obra de Andriacci \u2014madres e hijos, parejas, amistades\u2014 hablan de afecto, comunidad y empat\u00eda. Como se\u00f1ala Francesco Baragiola, el trabajo del artista celebra la felicidad como algo que solo existe cuando se comparte.<\/p>\n\n\n\n<figure class=\"wp-block-gallery has-nested-images columns-default is-cropped wp-block-gallery-2 is-layout-flex wp-block-gallery-is-layout-flex\">\n<figure class=\"wp-block-image size-large\"><img data-recalc-dims=\"1\" decoding=\"async\" width=\"333\" height=\"450\" data-id=\"113863\" src=\"https:\/\/i0.wp.com\/zeromagazine.mx\/wp-content\/uploads\/2026\/01\/IMG_1071.jpeg?resize=333%2C450&#038;ssl=1\" alt=\"\" class=\"wp-image-113863\" srcset=\"https:\/\/i0.wp.com\/zeromagazine.mx\/wp-content\/uploads\/2026\/01\/IMG_1071.jpeg?w=333&amp;ssl=1 333w, https:\/\/i0.wp.com\/zeromagazine.mx\/wp-content\/uploads\/2026\/01\/IMG_1071.jpeg?resize=222%2C300&amp;ssl=1 222w\" sizes=\"(max-width: 333px) 100vw, 333px\" \/><\/figure>\n<\/figure>\n\n\n\n<p>El&nbsp;<em>arte Andriacci<\/em>&nbsp;no busca imponerse, sino invitar. Invita a mirar con atenci\u00f3n, a reconocer s\u00edmbolos y a dejarse llevar por el color. Esta monograf\u00eda se convierte as\u00ed en una lectura esencial para quienes quieren entender el arte contempor\u00e1neo latinoamericano desde una perspectiva viva y profundamente humana.<\/p>\n\n\n\n<p>En resumen,&nbsp;<strong>Rizzoli | Andriacci: Una vida de arte y color<\/strong>&nbsp;no es solo un recorrido por la obra de un artista, sino una declaraci\u00f3n visual sobre identidad, imaginaci\u00f3n y conexi\u00f3n. Un libro que se queda contigo incluso despu\u00e9s de cerrarlo.<\/p>","protected":false},"excerpt":{"rendered":"<p>Hablar de&nbsp;arte Andriacci&nbsp;es entrar a un mundo donde el color no se queda quieto y las formas parecen contar historias propias. Con el lanzamiento de&nbsp;Rizzoli | Andriacci: Una vida de arte y color, la editorial Rizzoli New York presenta la primera monograf\u00eda internacional dedicada a Fernando Andriacci, uno de los artistas oaxaque\u00f1os m\u00e1s singulares del [&hellip;]<\/p>\n","protected":false},"author":4,"featured_media":113862,"comment_status":"open","ping_status":"open","sticky":false,"template":"","format":"standard","meta":{"_jetpack_memberships_contains_paid_content":false,"footnotes":"","jetpack_publicize_message":"","jetpack_publicize_feature_enabled":true,"jetpack_social_post_already_shared":true,"jetpack_social_options":{"image_generator_settings":{"template":"highway","default_image_id":0,"font":"","enabled":false},"version":2}},"categories":[791,3505],"tags":[],"class_list":["post-113861","post","type-post","status-publish","format-standard","has-post-thumbnail","hentry","category-cultura","category-literatura","has-post-title","has-post-date","has-post-category","has-post-tag","has-post-comment","has-post-author",""],"yoast_head":"<!-- This site is optimized with the Yoast SEO plugin v27.4 - https:\/\/yoast.com\/product\/yoast-seo-wordpress\/ -->\n<title>Rizzoli | Andriacci: Una vida de arte y color - Zero Magazine<\/title>\n<meta name=\"description\" content=\"Arte Andriacci cobra vida en la primera monograf\u00eda internacional de Rizzoli, un recorrido visual lleno de color, mito y cultura oaxaque\u00f1a.\" \/>\n<meta name=\"robots\" content=\"index, follow, max-snippet:-1, max-image-preview:large, max-video-preview:-1\" \/>\n<link rel=\"canonical\" href=\"https:\/\/zeromagazine.mx\/index.php\/2026\/01\/21\/arte-andriacci-rizzoli\/\" \/>\n<meta property=\"og:locale\" content=\"es_ES\" \/>\n<meta property=\"og:type\" content=\"article\" \/>\n<meta property=\"og:title\" content=\"Rizzoli | Andriacci: Una vida de arte y color - Zero Magazine\" \/>\n<meta property=\"og:description\" content=\"Arte Andriacci cobra vida en la primera monograf\u00eda internacional de Rizzoli, un recorrido visual lleno de color, mito y cultura oaxaque\u00f1a.\" \/>\n<meta property=\"og:url\" content=\"https:\/\/zeromagazine.mx\/index.php\/2026\/01\/21\/arte-andriacci-rizzoli\/\" \/>\n<meta property=\"og:site_name\" content=\"Zero Magazine\" \/>\n<meta property=\"article:published_time\" content=\"2026-01-22T02:56:55+00:00\" \/>\n<meta property=\"article:modified_time\" content=\"2026-01-22T02:56:57+00:00\" \/>\n<meta property=\"og:image\" content=\"http:\/\/zeromagazine.mx\/wp-content\/uploads\/2026\/01\/IMG_1070-1024x680.png\" \/>\n\t<meta property=\"og:image:width\" content=\"1024\" \/>\n\t<meta property=\"og:image:height\" content=\"680\" \/>\n\t<meta property=\"og:image:type\" content=\"image\/png\" \/>\n<meta name=\"author\" content=\"David Morales\" \/>\n<meta name=\"twitter:card\" content=\"summary_large_image\" \/>\n<meta name=\"twitter:label1\" content=\"Escrito por\" \/>\n\t<meta name=\"twitter:data1\" content=\"David Morales\" \/>\n\t<meta name=\"twitter:label2\" content=\"Tiempo de lectura\" \/>\n\t<meta name=\"twitter:data2\" content=\"3 minutos\" \/>\n<script type=\"application\/ld+json\" class=\"yoast-schema-graph\">{\"@context\":\"https:\\\/\\\/schema.org\",\"@graph\":[{\"@type\":\"Article\",\"@id\":\"https:\\\/\\\/zeromagazine.mx\\\/index.php\\\/2026\\\/01\\\/21\\\/arte-andriacci-rizzoli\\\/#article\",\"isPartOf\":{\"@id\":\"https:\\\/\\\/zeromagazine.mx\\\/index.php\\\/2026\\\/01\\\/21\\\/arte-andriacci-rizzoli\\\/\"},\"author\":{\"name\":\"David Morales\",\"@id\":\"https:\\\/\\\/zeromagazine.mx\\\/#\\\/schema\\\/person\\\/9f7f1a17c60ba8e9980e3e6677aabe5a\"},\"headline\":\"Rizzoli | Andriacci: Una vida de arte y color\",\"datePublished\":\"2026-01-22T02:56:55+00:00\",\"dateModified\":\"2026-01-22T02:56:57+00:00\",\"mainEntityOfPage\":{\"@id\":\"https:\\\/\\\/zeromagazine.mx\\\/index.php\\\/2026\\\/01\\\/21\\\/arte-andriacci-rizzoli\\\/\"},\"wordCount\":533,\"commentCount\":0,\"publisher\":{\"@id\":\"https:\\\/\\\/zeromagazine.mx\\\/#organization\"},\"image\":{\"@id\":\"https:\\\/\\\/zeromagazine.mx\\\/index.php\\\/2026\\\/01\\\/21\\\/arte-andriacci-rizzoli\\\/#primaryimage\"},\"thumbnailUrl\":\"https:\\\/\\\/i0.wp.com\\\/zeromagazine.mx\\\/wp-content\\\/uploads\\\/2026\\\/01\\\/IMG_1070.png?fit=1948%2C1294&ssl=1\",\"articleSection\":[\"Cultura\",\"Literatura\"],\"inLanguage\":\"es\",\"potentialAction\":[{\"@type\":\"CommentAction\",\"name\":\"Comment\",\"target\":[\"https:\\\/\\\/zeromagazine.mx\\\/index.php\\\/2026\\\/01\\\/21\\\/arte-andriacci-rizzoli\\\/#respond\"]}]},{\"@type\":\"WebPage\",\"@id\":\"https:\\\/\\\/zeromagazine.mx\\\/index.php\\\/2026\\\/01\\\/21\\\/arte-andriacci-rizzoli\\\/\",\"url\":\"https:\\\/\\\/zeromagazine.mx\\\/index.php\\\/2026\\\/01\\\/21\\\/arte-andriacci-rizzoli\\\/\",\"name\":\"Rizzoli | Andriacci: Una vida de arte y color - Zero Magazine\",\"isPartOf\":{\"@id\":\"https:\\\/\\\/zeromagazine.mx\\\/#website\"},\"primaryImageOfPage\":{\"@id\":\"https:\\\/\\\/zeromagazine.mx\\\/index.php\\\/2026\\\/01\\\/21\\\/arte-andriacci-rizzoli\\\/#primaryimage\"},\"image\":{\"@id\":\"https:\\\/\\\/zeromagazine.mx\\\/index.php\\\/2026\\\/01\\\/21\\\/arte-andriacci-rizzoli\\\/#primaryimage\"},\"thumbnailUrl\":\"https:\\\/\\\/i0.wp.com\\\/zeromagazine.mx\\\/wp-content\\\/uploads\\\/2026\\\/01\\\/IMG_1070.png?fit=1948%2C1294&ssl=1\",\"datePublished\":\"2026-01-22T02:56:55+00:00\",\"dateModified\":\"2026-01-22T02:56:57+00:00\",\"description\":\"Arte Andriacci cobra vida en la primera monograf\u00eda internacional de Rizzoli, un recorrido visual lleno de color, mito y cultura oaxaque\u00f1a.\",\"breadcrumb\":{\"@id\":\"https:\\\/\\\/zeromagazine.mx\\\/index.php\\\/2026\\\/01\\\/21\\\/arte-andriacci-rizzoli\\\/#breadcrumb\"},\"inLanguage\":\"es\",\"potentialAction\":[{\"@type\":\"ReadAction\",\"target\":[\"https:\\\/\\\/zeromagazine.mx\\\/index.php\\\/2026\\\/01\\\/21\\\/arte-andriacci-rizzoli\\\/\"]}]},{\"@type\":\"ImageObject\",\"inLanguage\":\"es\",\"@id\":\"https:\\\/\\\/zeromagazine.mx\\\/index.php\\\/2026\\\/01\\\/21\\\/arte-andriacci-rizzoli\\\/#primaryimage\",\"url\":\"https:\\\/\\\/i0.wp.com\\\/zeromagazine.mx\\\/wp-content\\\/uploads\\\/2026\\\/01\\\/IMG_1070.png?fit=1948%2C1294&ssl=1\",\"contentUrl\":\"https:\\\/\\\/i0.wp.com\\\/zeromagazine.mx\\\/wp-content\\\/uploads\\\/2026\\\/01\\\/IMG_1070.png?fit=1948%2C1294&ssl=1\",\"width\":1948,\"height\":1294},{\"@type\":\"BreadcrumbList\",\"@id\":\"https:\\\/\\\/zeromagazine.mx\\\/index.php\\\/2026\\\/01\\\/21\\\/arte-andriacci-rizzoli\\\/#breadcrumb\",\"itemListElement\":[{\"@type\":\"ListItem\",\"position\":1,\"name\":\"Portada\",\"item\":\"https:\\\/\\\/zeromagazine.mx\\\/\"},{\"@type\":\"ListItem\",\"position\":2,\"name\":\"Rizzoli | Andriacci: Una vida de arte y color\"}]},{\"@type\":\"WebSite\",\"@id\":\"https:\\\/\\\/zeromagazine.mx\\\/#website\",\"url\":\"https:\\\/\\\/zeromagazine.mx\\\/\",\"name\":\"Zero Magazine\",\"description\":\"\",\"publisher\":{\"@id\":\"https:\\\/\\\/zeromagazine.mx\\\/#organization\"},\"potentialAction\":[{\"@type\":\"SearchAction\",\"target\":{\"@type\":\"EntryPoint\",\"urlTemplate\":\"https:\\\/\\\/zeromagazine.mx\\\/?s={search_term_string}\"},\"query-input\":{\"@type\":\"PropertyValueSpecification\",\"valueRequired\":true,\"valueName\":\"search_term_string\"}}],\"inLanguage\":\"es\"},{\"@type\":\"Organization\",\"@id\":\"https:\\\/\\\/zeromagazine.mx\\\/#organization\",\"name\":\"Zero Magazine\",\"url\":\"https:\\\/\\\/zeromagazine.mx\\\/\",\"logo\":{\"@type\":\"ImageObject\",\"inLanguage\":\"es\",\"@id\":\"https:\\\/\\\/zeromagazine.mx\\\/#\\\/schema\\\/logo\\\/image\\\/\",\"url\":\"https:\\\/\\\/i0.wp.com\\\/zeromagazine.mx\\\/wp-content\\\/uploads\\\/2025\\\/11\\\/1.jpeg?fit=1000%2C1000&ssl=1\",\"contentUrl\":\"https:\\\/\\\/i0.wp.com\\\/zeromagazine.mx\\\/wp-content\\\/uploads\\\/2025\\\/11\\\/1.jpeg?fit=1000%2C1000&ssl=1\",\"width\":1000,\"height\":1000,\"caption\":\"Zero Magazine\"},\"image\":{\"@id\":\"https:\\\/\\\/zeromagazine.mx\\\/#\\\/schema\\\/logo\\\/image\\\/\"},\"sameAs\":[\"https:\\\/\\\/instagram.com\\\/zeromagazinemx\"]},{\"@type\":\"Person\",\"@id\":\"https:\\\/\\\/zeromagazine.mx\\\/#\\\/schema\\\/person\\\/9f7f1a17c60ba8e9980e3e6677aabe5a\",\"name\":\"David Morales\",\"image\":{\"@type\":\"ImageObject\",\"inLanguage\":\"es\",\"@id\":\"https:\\\/\\\/zeromagazine.mx\\\/wp-content\\\/litespeed\\\/avatar\\\/76069d2136bfc1c37dc34815bb67ca42.jpg?ver=1776966186\",\"url\":\"https:\\\/\\\/zeromagazine.mx\\\/wp-content\\\/litespeed\\\/avatar\\\/76069d2136bfc1c37dc34815bb67ca42.jpg?ver=1776966186\",\"contentUrl\":\"https:\\\/\\\/zeromagazine.mx\\\/wp-content\\\/litespeed\\\/avatar\\\/76069d2136bfc1c37dc34815bb67ca42.jpg?ver=1776966186\",\"caption\":\"David Morales\"},\"url\":\"https:\\\/\\\/zeromagazine.mx\\\/index.php\\\/author\\\/david\\\/\"}]}<\/script>\n<!-- \/ Yoast SEO plugin. -->","yoast_head_json":{"title":"Rizzoli | Andriacci: Una vida de arte y color - Zero Magazine","description":"Arte Andriacci cobra vida en la primera monograf\u00eda internacional de Rizzoli, un recorrido visual lleno de color, mito y cultura oaxaque\u00f1a.","robots":{"index":"index","follow":"follow","max-snippet":"max-snippet:-1","max-image-preview":"max-image-preview:large","max-video-preview":"max-video-preview:-1"},"canonical":"https:\/\/zeromagazine.mx\/index.php\/2026\/01\/21\/arte-andriacci-rizzoli\/","og_locale":"es_ES","og_type":"article","og_title":"Rizzoli | Andriacci: Una vida de arte y color - Zero Magazine","og_description":"Arte Andriacci cobra vida en la primera monograf\u00eda internacional de Rizzoli, un recorrido visual lleno de color, mito y cultura oaxaque\u00f1a.","og_url":"https:\/\/zeromagazine.mx\/index.php\/2026\/01\/21\/arte-andriacci-rizzoli\/","og_site_name":"Zero Magazine","article_published_time":"2026-01-22T02:56:55+00:00","article_modified_time":"2026-01-22T02:56:57+00:00","og_image":[{"width":1024,"height":680,"url":"http:\/\/zeromagazine.mx\/wp-content\/uploads\/2026\/01\/IMG_1070-1024x680.png","type":"image\/png"}],"author":"David Morales","twitter_card":"summary_large_image","twitter_misc":{"Escrito por":"David Morales","Tiempo de lectura":"3 minutos"},"schema":{"@context":"https:\/\/schema.org","@graph":[{"@type":"Article","@id":"https:\/\/zeromagazine.mx\/index.php\/2026\/01\/21\/arte-andriacci-rizzoli\/#article","isPartOf":{"@id":"https:\/\/zeromagazine.mx\/index.php\/2026\/01\/21\/arte-andriacci-rizzoli\/"},"author":{"name":"David Morales","@id":"https:\/\/zeromagazine.mx\/#\/schema\/person\/9f7f1a17c60ba8e9980e3e6677aabe5a"},"headline":"Rizzoli | Andriacci: Una vida de arte y color","datePublished":"2026-01-22T02:56:55+00:00","dateModified":"2026-01-22T02:56:57+00:00","mainEntityOfPage":{"@id":"https:\/\/zeromagazine.mx\/index.php\/2026\/01\/21\/arte-andriacci-rizzoli\/"},"wordCount":533,"commentCount":0,"publisher":{"@id":"https:\/\/zeromagazine.mx\/#organization"},"image":{"@id":"https:\/\/zeromagazine.mx\/index.php\/2026\/01\/21\/arte-andriacci-rizzoli\/#primaryimage"},"thumbnailUrl":"https:\/\/i0.wp.com\/zeromagazine.mx\/wp-content\/uploads\/2026\/01\/IMG_1070.png?fit=1948%2C1294&ssl=1","articleSection":["Cultura","Literatura"],"inLanguage":"es","potentialAction":[{"@type":"CommentAction","name":"Comment","target":["https:\/\/zeromagazine.mx\/index.php\/2026\/01\/21\/arte-andriacci-rizzoli\/#respond"]}]},{"@type":"WebPage","@id":"https:\/\/zeromagazine.mx\/index.php\/2026\/01\/21\/arte-andriacci-rizzoli\/","url":"https:\/\/zeromagazine.mx\/index.php\/2026\/01\/21\/arte-andriacci-rizzoli\/","name":"Rizzoli | Andriacci: Una vida de arte y color - Zero Magazine","isPartOf":{"@id":"https:\/\/zeromagazine.mx\/#website"},"primaryImageOfPage":{"@id":"https:\/\/zeromagazine.mx\/index.php\/2026\/01\/21\/arte-andriacci-rizzoli\/#primaryimage"},"image":{"@id":"https:\/\/zeromagazine.mx\/index.php\/2026\/01\/21\/arte-andriacci-rizzoli\/#primaryimage"},"thumbnailUrl":"https:\/\/i0.wp.com\/zeromagazine.mx\/wp-content\/uploads\/2026\/01\/IMG_1070.png?fit=1948%2C1294&ssl=1","datePublished":"2026-01-22T02:56:55+00:00","dateModified":"2026-01-22T02:56:57+00:00","description":"Arte Andriacci cobra vida en la primera monograf\u00eda internacional de Rizzoli, un recorrido visual lleno de color, mito y cultura oaxaque\u00f1a.","breadcrumb":{"@id":"https:\/\/zeromagazine.mx\/index.php\/2026\/01\/21\/arte-andriacci-rizzoli\/#breadcrumb"},"inLanguage":"es","potentialAction":[{"@type":"ReadAction","target":["https:\/\/zeromagazine.mx\/index.php\/2026\/01\/21\/arte-andriacci-rizzoli\/"]}]},{"@type":"ImageObject","inLanguage":"es","@id":"https:\/\/zeromagazine.mx\/index.php\/2026\/01\/21\/arte-andriacci-rizzoli\/#primaryimage","url":"https:\/\/i0.wp.com\/zeromagazine.mx\/wp-content\/uploads\/2026\/01\/IMG_1070.png?fit=1948%2C1294&ssl=1","contentUrl":"https:\/\/i0.wp.com\/zeromagazine.mx\/wp-content\/uploads\/2026\/01\/IMG_1070.png?fit=1948%2C1294&ssl=1","width":1948,"height":1294},{"@type":"BreadcrumbList","@id":"https:\/\/zeromagazine.mx\/index.php\/2026\/01\/21\/arte-andriacci-rizzoli\/#breadcrumb","itemListElement":[{"@type":"ListItem","position":1,"name":"Portada","item":"https:\/\/zeromagazine.mx\/"},{"@type":"ListItem","position":2,"name":"Rizzoli | Andriacci: Una vida de arte y color"}]},{"@type":"WebSite","@id":"https:\/\/zeromagazine.mx\/#website","url":"https:\/\/zeromagazine.mx\/","name":"Zero Magazine","description":"","publisher":{"@id":"https:\/\/zeromagazine.mx\/#organization"},"potentialAction":[{"@type":"SearchAction","target":{"@type":"EntryPoint","urlTemplate":"https:\/\/zeromagazine.mx\/?s={search_term_string}"},"query-input":{"@type":"PropertyValueSpecification","valueRequired":true,"valueName":"search_term_string"}}],"inLanguage":"es"},{"@type":"Organization","@id":"https:\/\/zeromagazine.mx\/#organization","name":"Zero Magazine","url":"https:\/\/zeromagazine.mx\/","logo":{"@type":"ImageObject","inLanguage":"es","@id":"https:\/\/zeromagazine.mx\/#\/schema\/logo\/image\/","url":"https:\/\/i0.wp.com\/zeromagazine.mx\/wp-content\/uploads\/2025\/11\/1.jpeg?fit=1000%2C1000&ssl=1","contentUrl":"https:\/\/i0.wp.com\/zeromagazine.mx\/wp-content\/uploads\/2025\/11\/1.jpeg?fit=1000%2C1000&ssl=1","width":1000,"height":1000,"caption":"Zero Magazine"},"image":{"@id":"https:\/\/zeromagazine.mx\/#\/schema\/logo\/image\/"},"sameAs":["https:\/\/instagram.com\/zeromagazinemx"]},{"@type":"Person","@id":"https:\/\/zeromagazine.mx\/#\/schema\/person\/9f7f1a17c60ba8e9980e3e6677aabe5a","name":"David Morales","image":{"@type":"ImageObject","inLanguage":"es","@id":"https:\/\/zeromagazine.mx\/wp-content\/litespeed\/avatar\/76069d2136bfc1c37dc34815bb67ca42.jpg?ver=1776966186","url":"https:\/\/zeromagazine.mx\/wp-content\/litespeed\/avatar\/76069d2136bfc1c37dc34815bb67ca42.jpg?ver=1776966186","contentUrl":"https:\/\/zeromagazine.mx\/wp-content\/litespeed\/avatar\/76069d2136bfc1c37dc34815bb67ca42.jpg?ver=1776966186","caption":"David Morales"},"url":"https:\/\/zeromagazine.mx\/index.php\/author\/david\/"}]}},"jetpack_publicize_connections":[],"jetpack_featured_media_url":"https:\/\/i0.wp.com\/zeromagazine.mx\/wp-content\/uploads\/2026\/01\/IMG_1070.png?fit=1948%2C1294&ssl=1","jetpack-related-posts":[{"id":114608,"url":"https:\/\/zeromagazine.mx\/index.php\/2026\/02\/01\/roger-vivier-heritage-imagination-rizzoli\/","url_meta":{"origin":113861,"position":0},"title":"Roger Vivier Heritage reinventa moda","author":"Luis Trujano","date":"1 de febrero de 2026","format":false,"excerpt":"La moda no vive solo en pasarelas ni en tendencias virales de 15 segundos. Tambi\u00e9n habita en los libros que nos obligan a pausar, mirar y entender por qu\u00e9 ciertas ideas siguen siendo relevantes d\u00e9cadas despu\u00e9s. Roger Vivier Heritage es justo eso: una invitaci\u00f3n a repensar el lujo como un\u2026","rel":"","context":"En \u00abModa\u00bb","block_context":{"text":"Moda","link":"https:\/\/zeromagazine.mx\/index.php\/category\/moda\/"},"img":{"alt_text":"","src":"https:\/\/i0.wp.com\/zeromagazine.mx\/wp-content\/uploads\/2026\/02\/IMG_6412.png?fit=1200%2C526&ssl=1&resize=350%2C200","width":350,"height":200,"srcset":"https:\/\/i0.wp.com\/zeromagazine.mx\/wp-content\/uploads\/2026\/02\/IMG_6412.png?fit=1200%2C526&ssl=1&resize=350%2C200 1x, https:\/\/i0.wp.com\/zeromagazine.mx\/wp-content\/uploads\/2026\/02\/IMG_6412.png?fit=1200%2C526&ssl=1&resize=525%2C300 1.5x, https:\/\/i0.wp.com\/zeromagazine.mx\/wp-content\/uploads\/2026\/02\/IMG_6412.png?fit=1200%2C526&ssl=1&resize=700%2C400 2x, https:\/\/i0.wp.com\/zeromagazine.mx\/wp-content\/uploads\/2026\/02\/IMG_6412.png?fit=1200%2C526&ssl=1&resize=1050%2C600 3x"},"classes":[]},{"id":78263,"url":"https:\/\/zeromagazine.mx\/index.php\/2024\/06\/15\/celebra-a-papa-con-lo-mejor-del-arte-mexicano\/","url_meta":{"origin":113861,"position":1},"title":"Celebra a Pap\u00e1 con lo Mejor del Arte Mexicano","author":"zeromagazinemx","date":"15 de junio de 2024","format":false,"excerpt":"Se acerca el D\u00eda del Padre y, \u00bfQu\u00e9 mejor manera de celebrarlo que con un regalo que realmente lo emocione y le d\u00e9 un pedacito de nuestra cultura? Las artesan\u00edas mexicanas son la opci\u00f3n perfecta para sorprender a pap\u00e1 este a\u00f1o. No solo son piezas \u00fanicas y hermosas, sino que\u2026","rel":"","context":"En \u00abCultura\u00bb","block_context":{"text":"Cultura","link":"https:\/\/zeromagazine.mx\/index.php\/category\/cultura\/"},"img":{"alt_text":"","src":"https:\/\/i0.wp.com\/zeromagazine.mx\/wp-content\/uploads\/2024\/06\/DCM-AL-97_1.jpeg?fit=1050%2C1050&ssl=1&resize=350%2C200","width":350,"height":200,"srcset":"https:\/\/i0.wp.com\/zeromagazine.mx\/wp-content\/uploads\/2024\/06\/DCM-AL-97_1.jpeg?fit=1050%2C1050&ssl=1&resize=350%2C200 1x, https:\/\/i0.wp.com\/zeromagazine.mx\/wp-content\/uploads\/2024\/06\/DCM-AL-97_1.jpeg?fit=1050%2C1050&ssl=1&resize=525%2C300 1.5x, https:\/\/i0.wp.com\/zeromagazine.mx\/wp-content\/uploads\/2024\/06\/DCM-AL-97_1.jpeg?fit=1050%2C1050&ssl=1&resize=700%2C400 2x, https:\/\/i0.wp.com\/zeromagazine.mx\/wp-content\/uploads\/2024\/06\/DCM-AL-97_1.jpeg?fit=1050%2C1050&ssl=1&resize=1050%2C600 3x"},"classes":[]},{"id":88579,"url":"https:\/\/zeromagazine.mx\/index.php\/2024\/10\/28\/tapetes-que-son-pura-vibra\/","url_meta":{"origin":113861,"position":2},"title":"\u201cTapetes que son pura vibra\u201d","author":"zeromagazinemx","date":"28 de octubre de 2024","format":false,"excerpt":"\u00bfListos para conocer al artista que est\u00e1 revolucionando el mundo del dise\u00f1o? Les presento a\u00a0Dale Chihuly, un genio del vidrio que ha llevado su arte a otro nivel. Imaginen un tipo que transforma el vidrio en obras maestras que parecen fluir como agua, llenas de colores vibrantes y formas fascinantes.\u2026","rel":"","context":"En \u00abDise\u00f1o\u00bb","block_context":{"text":"Dise\u00f1o","link":"https:\/\/zeromagazine.mx\/index.php\/category\/diseno\/"},"img":{"alt_text":"","src":"https:\/\/i0.wp.com\/zeromagazine.mx\/wp-content\/uploads\/2024\/10\/DC_DC_COHO_R_LANDSCAPE-scaled.jpg?fit=1200%2C900&ssl=1&resize=350%2C200","width":350,"height":200,"srcset":"https:\/\/i0.wp.com\/zeromagazine.mx\/wp-content\/uploads\/2024\/10\/DC_DC_COHO_R_LANDSCAPE-scaled.jpg?fit=1200%2C900&ssl=1&resize=350%2C200 1x, https:\/\/i0.wp.com\/zeromagazine.mx\/wp-content\/uploads\/2024\/10\/DC_DC_COHO_R_LANDSCAPE-scaled.jpg?fit=1200%2C900&ssl=1&resize=525%2C300 1.5x, https:\/\/i0.wp.com\/zeromagazine.mx\/wp-content\/uploads\/2024\/10\/DC_DC_COHO_R_LANDSCAPE-scaled.jpg?fit=1200%2C900&ssl=1&resize=700%2C400 2x, https:\/\/i0.wp.com\/zeromagazine.mx\/wp-content\/uploads\/2024\/10\/DC_DC_COHO_R_LANDSCAPE-scaled.jpg?fit=1200%2C900&ssl=1&resize=1050%2C600 3x"},"classes":[]},{"id":84178,"url":"https:\/\/zeromagazine.mx\/index.php\/2024\/09\/19\/alebrijes-arte-que-cobra-vida\/","url_meta":{"origin":113861,"position":3},"title":"\u00abAlebrijes: Arte que Cobra Vida\u00bb","author":"zeromagazinemx","date":"19 de septiembre de 2024","format":false,"excerpt":"A ver, si alguna vez has visto esas figuras s\u00faper locas, con colores que explotan y formas animales que parecen sacadas de un trip on\u00edrico, entonces ya conoces los\u00a0alebrijes. Pero, \u00bfsab\u00edas que detr\u00e1s de cada uno de estos bichos fant\u00e1sticos hay toda una historia m\u00e1gica y cultural? As\u00ed que si\u2026","rel":"","context":"En \u00abDise\u00f1o\u00bb","block_context":{"text":"Dise\u00f1o","link":"https:\/\/zeromagazine.mx\/index.php\/category\/diseno\/"},"img":{"alt_text":"","src":"https:\/\/i0.wp.com\/zeromagazine.mx\/wp-content\/uploads\/2024\/09\/DCM-AL-134_1.webp?fit=1050%2C1050&ssl=1&resize=350%2C200","width":350,"height":200,"srcset":"https:\/\/i0.wp.com\/zeromagazine.mx\/wp-content\/uploads\/2024\/09\/DCM-AL-134_1.webp?fit=1050%2C1050&ssl=1&resize=350%2C200 1x, https:\/\/i0.wp.com\/zeromagazine.mx\/wp-content\/uploads\/2024\/09\/DCM-AL-134_1.webp?fit=1050%2C1050&ssl=1&resize=525%2C300 1.5x, https:\/\/i0.wp.com\/zeromagazine.mx\/wp-content\/uploads\/2024\/09\/DCM-AL-134_1.webp?fit=1050%2C1050&ssl=1&resize=700%2C400 2x, https:\/\/i0.wp.com\/zeromagazine.mx\/wp-content\/uploads\/2024\/09\/DCM-AL-134_1.webp?fit=1050%2C1050&ssl=1&resize=1050%2C600 3x"},"classes":[]},{"id":100768,"url":"https:\/\/zeromagazine.mx\/index.php\/2025\/04\/07\/saner-converse-transforman-vidas\/","url_meta":{"origin":113861,"position":4},"title":"Saner &amp; Converse Transforman Vidas","author":"David Morales","date":"7 de abril de 2025","format":false,"excerpt":"Amix, ya sabemos que en la CDMX cada esquina tiene historia, pero lo que est\u00e1 pasando en Polanco con el nuevo mural de Saner y Converse es otro nivel. Bajo la campa\u00f1a \u201cCon Amor, Chuck\u201d, esta obra llamada \"Con amor, pasi\u00f3n y resistencia\" es puro arte que transforma vidas. Y\u2026","rel":"","context":"En \u00abCultura\u00bb","block_context":{"text":"Cultura","link":"https:\/\/zeromagazine.mx\/index.php\/category\/cultura\/"},"img":{"alt_text":"","src":"https:\/\/i0.wp.com\/zeromagazine.mx\/wp-content\/uploads\/2025\/04\/Captura-de-pantalla-2025-04-08-150852.png?fit=791%2C780&ssl=1&resize=350%2C200","width":350,"height":200,"srcset":"https:\/\/i0.wp.com\/zeromagazine.mx\/wp-content\/uploads\/2025\/04\/Captura-de-pantalla-2025-04-08-150852.png?fit=791%2C780&ssl=1&resize=350%2C200 1x, https:\/\/i0.wp.com\/zeromagazine.mx\/wp-content\/uploads\/2025\/04\/Captura-de-pantalla-2025-04-08-150852.png?fit=791%2C780&ssl=1&resize=525%2C300 1.5x, https:\/\/i0.wp.com\/zeromagazine.mx\/wp-content\/uploads\/2025\/04\/Captura-de-pantalla-2025-04-08-150852.png?fit=791%2C780&ssl=1&resize=700%2C400 2x"},"classes":[]},{"id":93111,"url":"https:\/\/zeromagazine.mx\/index.php\/2024\/12\/14\/nomadic-journey-un-nuevo-arte\/","url_meta":{"origin":113861,"position":5},"title":"Nomadic Journey: Un Nuevo Arte","author":"zeromagazinemx","date":"14 de diciembre de 2024","format":false,"excerpt":"Amix, les cuento que vivimos en una era donde moda y arte se cruzan de formas que jam\u00e1s imaginamos, y Massimo Dutti est\u00e1 aqu\u00ed para confirmarlo. \u00bfC\u00f3mo? Se lanz\u00f3 al ruedo con una collab \u00e9pica junto a Marina Abramovi\u0107, la reina del performance art. Esta fusi\u00f3n de estilos y narrativas\u2026","rel":"","context":"En \u00abCultura\u00bb","block_context":{"text":"Cultura","link":"https:\/\/zeromagazine.mx\/index.php\/category\/cultura\/"},"img":{"alt_text":"","src":"https:\/\/i0.wp.com\/zeromagazine.mx\/wp-content\/uploads\/2024\/12\/unnamed-4.jpg?fit=600%2C828&ssl=1&resize=350%2C200","width":350,"height":200,"srcset":"https:\/\/i0.wp.com\/zeromagazine.mx\/wp-content\/uploads\/2024\/12\/unnamed-4.jpg?fit=600%2C828&ssl=1&resize=350%2C200 1x, https:\/\/i0.wp.com\/zeromagazine.mx\/wp-content\/uploads\/2024\/12\/unnamed-4.jpg?fit=600%2C828&ssl=1&resize=525%2C300 1.5x"},"classes":[]}],"jetpack_sharing_enabled":true,"builder_content":"","_links":{"self":[{"href":"https:\/\/zeromagazine.mx\/index.php\/wp-json\/wp\/v2\/posts\/113861","targetHints":{"allow":["GET"]}}],"collection":[{"href":"https:\/\/zeromagazine.mx\/index.php\/wp-json\/wp\/v2\/posts"}],"about":[{"href":"https:\/\/zeromagazine.mx\/index.php\/wp-json\/wp\/v2\/types\/post"}],"author":[{"embeddable":true,"href":"https:\/\/zeromagazine.mx\/index.php\/wp-json\/wp\/v2\/users\/4"}],"replies":[{"embeddable":true,"href":"https:\/\/zeromagazine.mx\/index.php\/wp-json\/wp\/v2\/comments?post=113861"}],"version-history":[{"count":2,"href":"https:\/\/zeromagazine.mx\/index.php\/wp-json\/wp\/v2\/posts\/113861\/revisions"}],"predecessor-version":[{"id":113866,"href":"https:\/\/zeromagazine.mx\/index.php\/wp-json\/wp\/v2\/posts\/113861\/revisions\/113866"}],"wp:featuredmedia":[{"embeddable":true,"href":"https:\/\/zeromagazine.mx\/index.php\/wp-json\/wp\/v2\/media\/113862"}],"wp:attachment":[{"href":"https:\/\/zeromagazine.mx\/index.php\/wp-json\/wp\/v2\/media?parent=113861"}],"wp:term":[{"taxonomy":"category","embeddable":true,"href":"https:\/\/zeromagazine.mx\/index.php\/wp-json\/wp\/v2\/categories?post=113861"},{"taxonomy":"post_tag","embeddable":true,"href":"https:\/\/zeromagazine.mx\/index.php\/wp-json\/wp\/v2\/tags?post=113861"}],"curies":[{"name":"wp","href":"https:\/\/api.w.org\/{rel}","templated":true}]}}