{"id":113867,"date":"2026-01-21T21:04:25","date_gmt":"2026-01-22T03:04:25","guid":{"rendered":"https:\/\/zeromagazine.mx\/?p=113867"},"modified":"2026-01-21T21:04:26","modified_gmt":"2026-01-22T03:04:26","slug":"disarm-pedro-reyes-art-week","status":"publish","type":"post","link":"https:\/\/zeromagazine.mx\/index.php\/2026\/01\/21\/disarm-pedro-reyes-art-week\/","title":{"rendered":"DISARM PEDRO REYES | Art Week"},"content":{"rendered":"<!--themify_builder_content-->\n<div id=\"themify_builder_content-113867\" data-postid=\"113867\" class=\"themify_builder_content themify_builder_content-113867 themify_builder tf_clear\">\n    <\/div>\n<!--\/themify_builder_content-->\n\n\n<p>Cuando el arte deja de ser solo algo que miras y se convierte en algo que atraviesas, pasan cosas.&nbsp;<strong>DISARM Pedro Reyes Art Week<\/strong>&nbsp;llega por primera vez a M\u00e9xico como una experiencia que mezcla arte, sonido, memoria y acci\u00f3n colectiva. Esta muestra inaugura el&nbsp;<strong>Centro de las Artes Inmersivas (CAI)<\/strong>&nbsp;en la CDMX y lo hace con una propuesta que no busca respuestas f\u00e1ciles, sino conversaciones urgentes.<\/p>\n\n\n\n<p>DISARM no es una exposici\u00f3n tradicional. Es una declaraci\u00f3n. Durante casi dos d\u00e9cadas, Pedro Reyes ha trabajado con una idea poderosa: transformar armas de fuego en instrumentos musicales. Lo que antes estaba dise\u00f1ado para el da\u00f1o, ahora produce sonido, ritmo y encuentro. Y verlo en acci\u00f3n cambia completamente la forma en la que entendemos el objeto\u2026 y el contexto que lo rodea.<\/p>\n\n\n\n<h2 class=\"wp-block-heading\"><strong>Como una escultura social<\/strong><\/h2>\n\n\n\n<p>Desde el inicio,&nbsp;<strong>DISARM Pedro Reyes Art Week<\/strong>&nbsp;se inscribe dentro de lo que el artista llama&nbsp;<em>escultura social<\/em>. Es decir, una pr\u00e1ctica que no se queda en lo est\u00e9tico, sino que busca intervenir en la realidad. Aqu\u00ed, las pistolas, rifles y ametralladoras se convierten en guitarras, flautas y estructuras mecanizadas que literalmente hacen m\u00fasica frente a ti.<\/p>\n\n\n\n<p>Adem\u00e1s, el origen del proyecto suma una capa a\u00fan m\u00e1s potente. Todo comenz\u00f3 en 2007 con&nbsp;<em>Palas por pistolas<\/em>, una campa\u00f1a de donaci\u00f3n voluntaria de armas en Culiac\u00e1n. El resultado fue tan simb\u00f3lico como concreto: m\u00e1s de mil armas fundidas y convertidas en palas para plantar \u00e1rboles. Ese gesto fue el punto de partida para DISARM, un proyecto que m\u00e1s tarde transform\u00f3 7,000 armas recolectadas en Ciudad Ju\u00e1rez con ayuda de m\u00fasicos y herreros.<\/p>\n\n\n\n<figure class=\"wp-block-gallery has-nested-images columns-default is-cropped wp-block-gallery-1 is-layout-flex wp-block-gallery-is-layout-flex\">\n<figure class=\"wp-block-image size-large\"><img data-recalc-dims=\"1\" decoding=\"async\" width=\"1024\" height=\"768\" data-id=\"113870\" src=\"https:\/\/i0.wp.com\/zeromagazine.mx\/wp-content\/uploads\/2026\/01\/IMG_1072-1024x768.png?resize=1024%2C768&#038;ssl=1\" alt=\"\" class=\"wp-image-113870\" srcset=\"https:\/\/i0.wp.com\/zeromagazine.mx\/wp-content\/uploads\/2026\/01\/IMG_1072.png?resize=1024%2C768&amp;ssl=1 1024w, https:\/\/i0.wp.com\/zeromagazine.mx\/wp-content\/uploads\/2026\/01\/IMG_1072.png?resize=300%2C225&amp;ssl=1 300w, https:\/\/i0.wp.com\/zeromagazine.mx\/wp-content\/uploads\/2026\/01\/IMG_1072.png?resize=768%2C576&amp;ssl=1 768w, https:\/\/i0.wp.com\/zeromagazine.mx\/wp-content\/uploads\/2026\/01\/IMG_1072.png?w=1200&amp;ssl=1 1200w\" sizes=\"(max-width: 1024px) 100vw, 1024px\" \/><\/figure>\n<\/figure>\n\n\n\n<p>Por otro lado, esta exposici\u00f3n re\u00fane distintas etapas del proyecto, incluyendo&nbsp;<strong>Disarm (Mechanized)<\/strong>, una versi\u00f3n mecanizada desarrollada con el apoyo de COCOLAB, donde las esculturas cobran vida mediante sistemas autom\u00e1ticos que activan el sonido.<\/p>\n\n\n\n<h2 class=\"wp-block-heading\"><strong>DISARM Pedro Reyes como experiencia inmersiva<\/strong><\/h2>\n\n\n\n<p>Ahora bien, vivir&nbsp;<strong>DISARM Pedro Reyes Art Week<\/strong>&nbsp;dentro del CAI cambia completamente la experiencia. El Centro de las Artes Inmersivas no se concibe como un espacio para observar desde afuera, sino para habitar. Aqu\u00ed el cuerpo, el tiempo y el espacio son parte del recorrido.<\/p>\n\n\n\n<p>Asimismo, la muestra incluye&nbsp;<em>Return to Sender<\/em>&nbsp;(2020), una serie de cajas de m\u00fasica creadas a partir de rifles de fabricantes espec\u00edficos. Escuchar a Vivaldi sonar desde armas Beretta o a Mozart reproducirse desde ca\u00f1ones Glock genera un contraste que incomoda, pero tambi\u00e9n invita a reflexionar sobre la industria, la historia y la cultura detr\u00e1s de estos objetos.<\/p>\n\n\n\n<figure class=\"wp-block-gallery has-nested-images columns-default is-cropped wp-block-gallery-2 is-layout-flex wp-block-gallery-is-layout-flex\">\n<figure class=\"wp-block-image size-large\"><img data-recalc-dims=\"1\" decoding=\"async\" width=\"1024\" height=\"560\" data-id=\"113871\" src=\"https:\/\/i0.wp.com\/zeromagazine.mx\/wp-content\/uploads\/2026\/01\/IMG_1073-1024x560.png?resize=1024%2C560&#038;ssl=1\" alt=\"\" class=\"wp-image-113871\" srcset=\"https:\/\/i0.wp.com\/zeromagazine.mx\/wp-content\/uploads\/2026\/01\/IMG_1073.png?resize=1024%2C560&amp;ssl=1 1024w, https:\/\/i0.wp.com\/zeromagazine.mx\/wp-content\/uploads\/2026\/01\/IMG_1073.png?resize=300%2C164&amp;ssl=1 300w, https:\/\/i0.wp.com\/zeromagazine.mx\/wp-content\/uploads\/2026\/01\/IMG_1073.png?resize=768%2C420&amp;ssl=1 768w, https:\/\/i0.wp.com\/zeromagazine.mx\/wp-content\/uploads\/2026\/01\/IMG_1073.png?w=1200&amp;ssl=1 1200w\" sizes=\"(max-width: 1024px) 100vw, 1024px\" \/><\/figure>\n<\/figure>\n\n\n\n<p>Finalmente, DISARM se siente como una pausa necesaria dentro del ritmo acelerado de la ciudad y de la Art Week. No es una experiencia ruidosa por exceso, sino por significado. Es m\u00fasica que viene de un lugar inesperado y que transforma el silencio en pregunta.<\/p>\n\n\n\n<p>En resumen,&nbsp;<strong>DISARM Pedro Reyes Art Week<\/strong>&nbsp;no solo inaugura un nuevo espacio cultural, tambi\u00e9n marca una forma distinta de entender el arte contempor\u00e1neo: como una herramienta de transformaci\u00f3n, di\u00e1logo y posibilidad. Una experiencia que se vive, se escucha y se queda resonando mucho despu\u00e9s de salir.<\/p>\n\n\n\n<figure class=\"wp-block-gallery has-nested-images columns-default is-cropped wp-block-gallery-3 is-layout-flex wp-block-gallery-is-layout-flex\"><\/figure>","protected":false},"excerpt":{"rendered":"<p>Cuando el arte deja de ser solo algo que miras y se convierte en algo que atraviesas, pasan cosas.&nbsp;DISARM Pedro Reyes Art Week&nbsp;llega por primera vez a M\u00e9xico como una experiencia que mezcla arte, sonido, memoria y acci\u00f3n colectiva. Esta muestra inaugura el&nbsp;Centro de las Artes Inmersivas (CAI)&nbsp;en la CDMX y lo hace con una [&hellip;]<\/p>\n","protected":false},"author":4,"featured_media":113869,"comment_status":"open","ping_status":"open","sticky":false,"template":"","format":"standard","meta":{"_jetpack_memberships_contains_paid_content":false,"footnotes":"","jetpack_publicize_message":"","jetpack_publicize_feature_enabled":true,"jetpack_social_post_already_shared":true,"jetpack_social_options":{"image_generator_settings":{"template":"highway","default_image_id":0,"font":"","enabled":false},"version":2}},"categories":[1,791],"tags":[],"class_list":["post-113867","post","type-post","status-publish","format-standard","has-post-thumbnail","hentry","category-blog","category-cultura","has-post-title","has-post-date","has-post-category","has-post-tag","has-post-comment","has-post-author",""],"yoast_head":"<!-- This site is optimized with the Yoast SEO plugin v27.4 - https:\/\/yoast.com\/product\/yoast-seo-wordpress\/ -->\n<title>DISARM PEDRO REYES | Art Week - Zero Magazine<\/title>\n<meta name=\"description\" content=\"DISARM Pedro Reyes llega a M\u00e9xico en Art Week con una experiencia inmersiva donde armas se transforman en m\u00fasica y escultura social.\" \/>\n<meta name=\"robots\" content=\"index, follow, max-snippet:-1, max-image-preview:large, max-video-preview:-1\" \/>\n<link rel=\"canonical\" href=\"https:\/\/zeromagazine.mx\/index.php\/2026\/01\/21\/disarm-pedro-reyes-art-week\/\" \/>\n<meta property=\"og:locale\" content=\"es_ES\" \/>\n<meta property=\"og:type\" content=\"article\" \/>\n<meta property=\"og:title\" content=\"DISARM PEDRO REYES | Art Week - Zero Magazine\" \/>\n<meta property=\"og:description\" content=\"DISARM Pedro Reyes llega a M\u00e9xico en Art Week con una experiencia inmersiva donde armas se transforman en m\u00fasica y escultura social.\" \/>\n<meta property=\"og:url\" content=\"https:\/\/zeromagazine.mx\/index.php\/2026\/01\/21\/disarm-pedro-reyes-art-week\/\" \/>\n<meta property=\"og:site_name\" content=\"Zero Magazine\" \/>\n<meta property=\"article:published_time\" content=\"2026-01-22T03:04:25+00:00\" \/>\n<meta property=\"article:modified_time\" content=\"2026-01-22T03:04:26+00:00\" \/>\n<meta property=\"og:image\" content=\"http:\/\/zeromagazine.mx\/wp-content\/uploads\/2026\/01\/flyer-1.jpeg\" \/>\n\t<meta property=\"og:image:width\" content=\"828\" \/>\n\t<meta property=\"og:image:height\" content=\"555\" \/>\n\t<meta property=\"og:image:type\" content=\"image\/jpeg\" \/>\n<meta name=\"author\" content=\"David Morales\" \/>\n<meta name=\"twitter:card\" content=\"summary_large_image\" \/>\n<meta name=\"twitter:label1\" content=\"Escrito por\" \/>\n\t<meta name=\"twitter:data1\" content=\"David Morales\" \/>\n\t<meta name=\"twitter:label2\" content=\"Tiempo de lectura\" \/>\n\t<meta name=\"twitter:data2\" content=\"3 minutos\" \/>\n<script type=\"application\/ld+json\" class=\"yoast-schema-graph\">{\"@context\":\"https:\\\/\\\/schema.org\",\"@graph\":[{\"@type\":\"Article\",\"@id\":\"https:\\\/\\\/zeromagazine.mx\\\/index.php\\\/2026\\\/01\\\/21\\\/disarm-pedro-reyes-art-week\\\/#article\",\"isPartOf\":{\"@id\":\"https:\\\/\\\/zeromagazine.mx\\\/index.php\\\/2026\\\/01\\\/21\\\/disarm-pedro-reyes-art-week\\\/\"},\"author\":{\"name\":\"David Morales\",\"@id\":\"https:\\\/\\\/zeromagazine.mx\\\/#\\\/schema\\\/person\\\/9f7f1a17c60ba8e9980e3e6677aabe5a\"},\"headline\":\"DISARM PEDRO REYES | Art Week\",\"datePublished\":\"2026-01-22T03:04:25+00:00\",\"dateModified\":\"2026-01-22T03:04:26+00:00\",\"mainEntityOfPage\":{\"@id\":\"https:\\\/\\\/zeromagazine.mx\\\/index.php\\\/2026\\\/01\\\/21\\\/disarm-pedro-reyes-art-week\\\/\"},\"wordCount\":557,\"commentCount\":0,\"publisher\":{\"@id\":\"https:\\\/\\\/zeromagazine.mx\\\/#organization\"},\"image\":{\"@id\":\"https:\\\/\\\/zeromagazine.mx\\\/index.php\\\/2026\\\/01\\\/21\\\/disarm-pedro-reyes-art-week\\\/#primaryimage\"},\"thumbnailUrl\":\"https:\\\/\\\/i0.wp.com\\\/zeromagazine.mx\\\/wp-content\\\/uploads\\\/2026\\\/01\\\/flyer-1.jpeg?fit=828%2C555&ssl=1\",\"articleSection\":[\"Blog\",\"Cultura\"],\"inLanguage\":\"es\",\"potentialAction\":[{\"@type\":\"CommentAction\",\"name\":\"Comment\",\"target\":[\"https:\\\/\\\/zeromagazine.mx\\\/index.php\\\/2026\\\/01\\\/21\\\/disarm-pedro-reyes-art-week\\\/#respond\"]}]},{\"@type\":\"WebPage\",\"@id\":\"https:\\\/\\\/zeromagazine.mx\\\/index.php\\\/2026\\\/01\\\/21\\\/disarm-pedro-reyes-art-week\\\/\",\"url\":\"https:\\\/\\\/zeromagazine.mx\\\/index.php\\\/2026\\\/01\\\/21\\\/disarm-pedro-reyes-art-week\\\/\",\"name\":\"DISARM PEDRO REYES | Art Week - Zero Magazine\",\"isPartOf\":{\"@id\":\"https:\\\/\\\/zeromagazine.mx\\\/#website\"},\"primaryImageOfPage\":{\"@id\":\"https:\\\/\\\/zeromagazine.mx\\\/index.php\\\/2026\\\/01\\\/21\\\/disarm-pedro-reyes-art-week\\\/#primaryimage\"},\"image\":{\"@id\":\"https:\\\/\\\/zeromagazine.mx\\\/index.php\\\/2026\\\/01\\\/21\\\/disarm-pedro-reyes-art-week\\\/#primaryimage\"},\"thumbnailUrl\":\"https:\\\/\\\/i0.wp.com\\\/zeromagazine.mx\\\/wp-content\\\/uploads\\\/2026\\\/01\\\/flyer-1.jpeg?fit=828%2C555&ssl=1\",\"datePublished\":\"2026-01-22T03:04:25+00:00\",\"dateModified\":\"2026-01-22T03:04:26+00:00\",\"description\":\"DISARM Pedro Reyes llega a M\u00e9xico en Art Week con una experiencia inmersiva donde armas se transforman en m\u00fasica y escultura social.\",\"breadcrumb\":{\"@id\":\"https:\\\/\\\/zeromagazine.mx\\\/index.php\\\/2026\\\/01\\\/21\\\/disarm-pedro-reyes-art-week\\\/#breadcrumb\"},\"inLanguage\":\"es\",\"potentialAction\":[{\"@type\":\"ReadAction\",\"target\":[\"https:\\\/\\\/zeromagazine.mx\\\/index.php\\\/2026\\\/01\\\/21\\\/disarm-pedro-reyes-art-week\\\/\"]}]},{\"@type\":\"ImageObject\",\"inLanguage\":\"es\",\"@id\":\"https:\\\/\\\/zeromagazine.mx\\\/index.php\\\/2026\\\/01\\\/21\\\/disarm-pedro-reyes-art-week\\\/#primaryimage\",\"url\":\"https:\\\/\\\/i0.wp.com\\\/zeromagazine.mx\\\/wp-content\\\/uploads\\\/2026\\\/01\\\/flyer-1.jpeg?fit=828%2C555&ssl=1\",\"contentUrl\":\"https:\\\/\\\/i0.wp.com\\\/zeromagazine.mx\\\/wp-content\\\/uploads\\\/2026\\\/01\\\/flyer-1.jpeg?fit=828%2C555&ssl=1\",\"width\":828,\"height\":555},{\"@type\":\"BreadcrumbList\",\"@id\":\"https:\\\/\\\/zeromagazine.mx\\\/index.php\\\/2026\\\/01\\\/21\\\/disarm-pedro-reyes-art-week\\\/#breadcrumb\",\"itemListElement\":[{\"@type\":\"ListItem\",\"position\":1,\"name\":\"Portada\",\"item\":\"https:\\\/\\\/zeromagazine.mx\\\/\"},{\"@type\":\"ListItem\",\"position\":2,\"name\":\"DISARM PEDRO REYES | Art Week\"}]},{\"@type\":\"WebSite\",\"@id\":\"https:\\\/\\\/zeromagazine.mx\\\/#website\",\"url\":\"https:\\\/\\\/zeromagazine.mx\\\/\",\"name\":\"Zero Magazine\",\"description\":\"\",\"publisher\":{\"@id\":\"https:\\\/\\\/zeromagazine.mx\\\/#organization\"},\"potentialAction\":[{\"@type\":\"SearchAction\",\"target\":{\"@type\":\"EntryPoint\",\"urlTemplate\":\"https:\\\/\\\/zeromagazine.mx\\\/?s={search_term_string}\"},\"query-input\":{\"@type\":\"PropertyValueSpecification\",\"valueRequired\":true,\"valueName\":\"search_term_string\"}}],\"inLanguage\":\"es\"},{\"@type\":\"Organization\",\"@id\":\"https:\\\/\\\/zeromagazine.mx\\\/#organization\",\"name\":\"Zero Magazine\",\"url\":\"https:\\\/\\\/zeromagazine.mx\\\/\",\"logo\":{\"@type\":\"ImageObject\",\"inLanguage\":\"es\",\"@id\":\"https:\\\/\\\/zeromagazine.mx\\\/#\\\/schema\\\/logo\\\/image\\\/\",\"url\":\"https:\\\/\\\/i0.wp.com\\\/zeromagazine.mx\\\/wp-content\\\/uploads\\\/2025\\\/11\\\/1.jpeg?fit=1000%2C1000&ssl=1\",\"contentUrl\":\"https:\\\/\\\/i0.wp.com\\\/zeromagazine.mx\\\/wp-content\\\/uploads\\\/2025\\\/11\\\/1.jpeg?fit=1000%2C1000&ssl=1\",\"width\":1000,\"height\":1000,\"caption\":\"Zero Magazine\"},\"image\":{\"@id\":\"https:\\\/\\\/zeromagazine.mx\\\/#\\\/schema\\\/logo\\\/image\\\/\"},\"sameAs\":[\"https:\\\/\\\/instagram.com\\\/zeromagazinemx\"]},{\"@type\":\"Person\",\"@id\":\"https:\\\/\\\/zeromagazine.mx\\\/#\\\/schema\\\/person\\\/9f7f1a17c60ba8e9980e3e6677aabe5a\",\"name\":\"David Morales\",\"image\":{\"@type\":\"ImageObject\",\"inLanguage\":\"es\",\"@id\":\"https:\\\/\\\/zeromagazine.mx\\\/wp-content\\\/litespeed\\\/avatar\\\/76069d2136bfc1c37dc34815bb67ca42.jpg?ver=1776966186\",\"url\":\"https:\\\/\\\/zeromagazine.mx\\\/wp-content\\\/litespeed\\\/avatar\\\/76069d2136bfc1c37dc34815bb67ca42.jpg?ver=1776966186\",\"contentUrl\":\"https:\\\/\\\/zeromagazine.mx\\\/wp-content\\\/litespeed\\\/avatar\\\/76069d2136bfc1c37dc34815bb67ca42.jpg?ver=1776966186\",\"caption\":\"David Morales\"},\"url\":\"https:\\\/\\\/zeromagazine.mx\\\/index.php\\\/author\\\/david\\\/\"}]}<\/script>\n<!-- \/ Yoast SEO plugin. -->","yoast_head_json":{"title":"DISARM PEDRO REYES | Art Week - Zero Magazine","description":"DISARM Pedro Reyes llega a M\u00e9xico en Art Week con una experiencia inmersiva donde armas se transforman en m\u00fasica y escultura social.","robots":{"index":"index","follow":"follow","max-snippet":"max-snippet:-1","max-image-preview":"max-image-preview:large","max-video-preview":"max-video-preview:-1"},"canonical":"https:\/\/zeromagazine.mx\/index.php\/2026\/01\/21\/disarm-pedro-reyes-art-week\/","og_locale":"es_ES","og_type":"article","og_title":"DISARM PEDRO REYES | Art Week - Zero Magazine","og_description":"DISARM Pedro Reyes llega a M\u00e9xico en Art Week con una experiencia inmersiva donde armas se transforman en m\u00fasica y escultura social.","og_url":"https:\/\/zeromagazine.mx\/index.php\/2026\/01\/21\/disarm-pedro-reyes-art-week\/","og_site_name":"Zero Magazine","article_published_time":"2026-01-22T03:04:25+00:00","article_modified_time":"2026-01-22T03:04:26+00:00","og_image":[{"width":828,"height":555,"url":"http:\/\/zeromagazine.mx\/wp-content\/uploads\/2026\/01\/flyer-1.jpeg","type":"image\/jpeg"}],"author":"David Morales","twitter_card":"summary_large_image","twitter_misc":{"Escrito por":"David Morales","Tiempo de lectura":"3 minutos"},"schema":{"@context":"https:\/\/schema.org","@graph":[{"@type":"Article","@id":"https:\/\/zeromagazine.mx\/index.php\/2026\/01\/21\/disarm-pedro-reyes-art-week\/#article","isPartOf":{"@id":"https:\/\/zeromagazine.mx\/index.php\/2026\/01\/21\/disarm-pedro-reyes-art-week\/"},"author":{"name":"David Morales","@id":"https:\/\/zeromagazine.mx\/#\/schema\/person\/9f7f1a17c60ba8e9980e3e6677aabe5a"},"headline":"DISARM PEDRO REYES | Art Week","datePublished":"2026-01-22T03:04:25+00:00","dateModified":"2026-01-22T03:04:26+00:00","mainEntityOfPage":{"@id":"https:\/\/zeromagazine.mx\/index.php\/2026\/01\/21\/disarm-pedro-reyes-art-week\/"},"wordCount":557,"commentCount":0,"publisher":{"@id":"https:\/\/zeromagazine.mx\/#organization"},"image":{"@id":"https:\/\/zeromagazine.mx\/index.php\/2026\/01\/21\/disarm-pedro-reyes-art-week\/#primaryimage"},"thumbnailUrl":"https:\/\/i0.wp.com\/zeromagazine.mx\/wp-content\/uploads\/2026\/01\/flyer-1.jpeg?fit=828%2C555&ssl=1","articleSection":["Blog","Cultura"],"inLanguage":"es","potentialAction":[{"@type":"CommentAction","name":"Comment","target":["https:\/\/zeromagazine.mx\/index.php\/2026\/01\/21\/disarm-pedro-reyes-art-week\/#respond"]}]},{"@type":"WebPage","@id":"https:\/\/zeromagazine.mx\/index.php\/2026\/01\/21\/disarm-pedro-reyes-art-week\/","url":"https:\/\/zeromagazine.mx\/index.php\/2026\/01\/21\/disarm-pedro-reyes-art-week\/","name":"DISARM PEDRO REYES | Art Week - Zero Magazine","isPartOf":{"@id":"https:\/\/zeromagazine.mx\/#website"},"primaryImageOfPage":{"@id":"https:\/\/zeromagazine.mx\/index.php\/2026\/01\/21\/disarm-pedro-reyes-art-week\/#primaryimage"},"image":{"@id":"https:\/\/zeromagazine.mx\/index.php\/2026\/01\/21\/disarm-pedro-reyes-art-week\/#primaryimage"},"thumbnailUrl":"https:\/\/i0.wp.com\/zeromagazine.mx\/wp-content\/uploads\/2026\/01\/flyer-1.jpeg?fit=828%2C555&ssl=1","datePublished":"2026-01-22T03:04:25+00:00","dateModified":"2026-01-22T03:04:26+00:00","description":"DISARM Pedro Reyes llega a M\u00e9xico en Art Week con una experiencia inmersiva donde armas se transforman en m\u00fasica y escultura social.","breadcrumb":{"@id":"https:\/\/zeromagazine.mx\/index.php\/2026\/01\/21\/disarm-pedro-reyes-art-week\/#breadcrumb"},"inLanguage":"es","potentialAction":[{"@type":"ReadAction","target":["https:\/\/zeromagazine.mx\/index.php\/2026\/01\/21\/disarm-pedro-reyes-art-week\/"]}]},{"@type":"ImageObject","inLanguage":"es","@id":"https:\/\/zeromagazine.mx\/index.php\/2026\/01\/21\/disarm-pedro-reyes-art-week\/#primaryimage","url":"https:\/\/i0.wp.com\/zeromagazine.mx\/wp-content\/uploads\/2026\/01\/flyer-1.jpeg?fit=828%2C555&ssl=1","contentUrl":"https:\/\/i0.wp.com\/zeromagazine.mx\/wp-content\/uploads\/2026\/01\/flyer-1.jpeg?fit=828%2C555&ssl=1","width":828,"height":555},{"@type":"BreadcrumbList","@id":"https:\/\/zeromagazine.mx\/index.php\/2026\/01\/21\/disarm-pedro-reyes-art-week\/#breadcrumb","itemListElement":[{"@type":"ListItem","position":1,"name":"Portada","item":"https:\/\/zeromagazine.mx\/"},{"@type":"ListItem","position":2,"name":"DISARM PEDRO REYES | Art Week"}]},{"@type":"WebSite","@id":"https:\/\/zeromagazine.mx\/#website","url":"https:\/\/zeromagazine.mx\/","name":"Zero Magazine","description":"","publisher":{"@id":"https:\/\/zeromagazine.mx\/#organization"},"potentialAction":[{"@type":"SearchAction","target":{"@type":"EntryPoint","urlTemplate":"https:\/\/zeromagazine.mx\/?s={search_term_string}"},"query-input":{"@type":"PropertyValueSpecification","valueRequired":true,"valueName":"search_term_string"}}],"inLanguage":"es"},{"@type":"Organization","@id":"https:\/\/zeromagazine.mx\/#organization","name":"Zero Magazine","url":"https:\/\/zeromagazine.mx\/","logo":{"@type":"ImageObject","inLanguage":"es","@id":"https:\/\/zeromagazine.mx\/#\/schema\/logo\/image\/","url":"https:\/\/i0.wp.com\/zeromagazine.mx\/wp-content\/uploads\/2025\/11\/1.jpeg?fit=1000%2C1000&ssl=1","contentUrl":"https:\/\/i0.wp.com\/zeromagazine.mx\/wp-content\/uploads\/2025\/11\/1.jpeg?fit=1000%2C1000&ssl=1","width":1000,"height":1000,"caption":"Zero Magazine"},"image":{"@id":"https:\/\/zeromagazine.mx\/#\/schema\/logo\/image\/"},"sameAs":["https:\/\/instagram.com\/zeromagazinemx"]},{"@type":"Person","@id":"https:\/\/zeromagazine.mx\/#\/schema\/person\/9f7f1a17c60ba8e9980e3e6677aabe5a","name":"David Morales","image":{"@type":"ImageObject","inLanguage":"es","@id":"https:\/\/zeromagazine.mx\/wp-content\/litespeed\/avatar\/76069d2136bfc1c37dc34815bb67ca42.jpg?ver=1776966186","url":"https:\/\/zeromagazine.mx\/wp-content\/litespeed\/avatar\/76069d2136bfc1c37dc34815bb67ca42.jpg?ver=1776966186","contentUrl":"https:\/\/zeromagazine.mx\/wp-content\/litespeed\/avatar\/76069d2136bfc1c37dc34815bb67ca42.jpg?ver=1776966186","caption":"David Morales"},"url":"https:\/\/zeromagazine.mx\/index.php\/author\/david\/"}]}},"jetpack_publicize_connections":[],"jetpack_featured_media_url":"https:\/\/i0.wp.com\/zeromagazine.mx\/wp-content\/uploads\/2026\/01\/flyer-1.jpeg?fit=828%2C555&ssl=1","jetpack-related-posts":[{"id":114828,"url":"https:\/\/zeromagazine.mx\/index.php\/2026\/02\/05\/denim-reciclado-arte-levis-art-week\/","url_meta":{"origin":113867,"position":0},"title":"Denim reciclado florece en arte","author":"zeromagazinemx","date":"5 de febrero de 2026","format":false,"excerpt":"La moda y el arte acaban de tener uno de esos encuentros que s\u00ed merecen espacio en tu moodboard. Durante Art Week M\u00e9xico, una colaboraci\u00f3n entre Levi\u2019s\u00ae, el estudio artesanal Olmos y Flores y la galer\u00eda AGO Projects convirti\u00f3 denim reciclado en algo totalmente inesperado: un bouquet de tulipanes hecho\u2026","rel":"","context":"En \u00abDise\u00f1o\u00bb","block_context":{"text":"Dise\u00f1o","link":"https:\/\/zeromagazine.mx\/index.php\/category\/diseno\/"},"img":{"alt_text":"","src":"https:\/\/i0.wp.com\/zeromagazine.mx\/wp-content\/uploads\/2026\/02\/1000050149.png?resize=350%2C200&ssl=1","width":350,"height":200},"classes":[]},{"id":115775,"url":"https:\/\/zeromagazine.mx\/index.php\/2026\/02\/22\/denim-reciclado-art-week-levis\/","url_meta":{"origin":113867,"position":1},"title":"Denim reciclado florece en Art Week","author":"zeromagazinemx","date":"22 de febrero de 2026","format":false,"excerpt":"Si pensabas que la mezclilla solo viv\u00eda en tus jeans favoritos, Art Week M\u00e9xico acaba de probar lo contrario. Este a\u00f1o, Levi\u2019s\u00ae decidi\u00f3 llevar su ADN fuera del cl\u00f3set y directo al terreno del arte contempor\u00e1neo con una colaboraci\u00f3n inesperada junto al estudio artesanal Olmos y Flores y la galer\u00eda\u2026","rel":"","context":"En \u00abDise\u00f1o\u00bb","block_context":{"text":"Dise\u00f1o","link":"https:\/\/zeromagazine.mx\/index.php\/category\/diseno\/"},"img":{"alt_text":"","src":"https:\/\/i0.wp.com\/zeromagazine.mx\/wp-content\/uploads\/2026\/02\/1000052929.png?resize=350%2C200&ssl=1","width":350,"height":200},"classes":[]},{"id":77571,"url":"https:\/\/zeromagazine.mx\/index.php\/2024\/06\/11\/el-desfile-de-moda-peruana-deja-huella-en-el-miami-swim-week\/","url_meta":{"origin":113867,"position":2},"title":"El Desfile de Moda Peruana Deja Huella en el Miami Swim Week","author":"David Morales","date":"11 de junio de 2024","format":false,"excerpt":"\u00bfEscucharon sobre la bomba que fue Moda Per\u00fa USA en Miami Swing Week? No puedo ni comenzar a describir lo incre\u00edble que fue ver c\u00f3mo las marcas peruanas se lucieron en una de las plataformas de moda m\u00e1s top de Estados Unidos. Desde trajes de ba\u00f1o de Latala hasta accesorios\u2026","rel":"","context":"En \u00abBlog\u00bb","block_context":{"text":"Blog","link":"https:\/\/zeromagazine.mx\/index.php\/category\/blog\/"},"img":{"alt_text":"","src":"https:\/\/i0.wp.com\/zeromagazine.mx\/wp-content\/uploads\/2024\/06\/MODA-PERU-JUN-2024-FOTO1.jpeg?fit=898%2C1200&ssl=1&resize=350%2C200","width":350,"height":200,"srcset":"https:\/\/i0.wp.com\/zeromagazine.mx\/wp-content\/uploads\/2024\/06\/MODA-PERU-JUN-2024-FOTO1.jpeg?fit=898%2C1200&ssl=1&resize=350%2C200 1x, https:\/\/i0.wp.com\/zeromagazine.mx\/wp-content\/uploads\/2024\/06\/MODA-PERU-JUN-2024-FOTO1.jpeg?fit=898%2C1200&ssl=1&resize=525%2C300 1.5x, https:\/\/i0.wp.com\/zeromagazine.mx\/wp-content\/uploads\/2024\/06\/MODA-PERU-JUN-2024-FOTO1.jpeg?fit=898%2C1200&ssl=1&resize=700%2C400 2x"},"classes":[]},{"id":87153,"url":"https:\/\/zeromagazine.mx\/index.php\/2024\/10\/16\/cheers-to-creativity-and-design\/","url_meta":{"origin":113867,"position":3},"title":"Cheers to Creativity and Design","author":"zeromagazinemx","date":"16 de octubre de 2024","format":false,"excerpt":"\u00a1Hola a tod@s! \u00bfListos para una experiencia que mezcla lo mejor del arte, la cultura y un buen trago? Les traigo el scoop sobre una colaboraci\u00f3n \u00e9pica entre\u00a0Johnnie Walker Blue Label\u00a0y\u00a0Lago Algo\u00a0que va a hacer que tu Insta explote de estilo. Este a\u00f1o,\u00a0Johnnie Walker, una marca que ya es un\u2026","rel":"","context":"En \u00abFoodie\u00bb","block_context":{"text":"Foodie","link":"https:\/\/zeromagazine.mx\/index.php\/category\/lifestyle\/foodie\/"},"img":{"alt_text":"","src":"https:\/\/i0.wp.com\/zeromagazine.mx\/wp-content\/uploads\/2024\/10\/Johnnie-Walker-blue-label.jpg?resize=350%2C200&ssl=1","width":350,"height":200},"classes":[]},{"id":56683,"url":"https:\/\/zeromagazine.mx\/index.php\/2021\/10\/25\/pedro-prieto-lo-que-habla-bien-de-ti-no-es-como-te-veas-sino-lo-bien-que-hagas-tu-trabajo\/","url_meta":{"origin":113867,"position":4},"title":"Pedro Prieto: \u201cLo que habla bien de ti no es como te veas, sino lo bien que hagas tu trabajo\u201d","author":"zeromagazinemx","date":"25 de octubre de 2021","format":false,"excerpt":"Pedro Prieto no solamente es recordado como uno de los conductores m\u00e1s queridos del programa mexicano \u201cHOY\u201d, sino porque tambi\u00e9n ha construido una gran carrera en la actuaci\u00f3n y conducci\u00f3n desde que llego a M\u00e9xico. Por Luis Lechuga La actuaci\u00f3n es una de las profesiones m\u00e1s atractivas del mundo y\u2026","rel":"","context":"En \u00abBlog\u00bb","block_context":{"text":"Blog","link":"https:\/\/zeromagazine.mx\/index.php\/category\/blog\/"},"img":{"alt_text":"","src":"https:\/\/i0.wp.com\/zeromagazinemx.wpcomstaging.com\/wp-content\/uploads\/2022\/02\/36c86-pedro-prieto-1.jpg?resize=350%2C200&ssl=1","width":350,"height":200,"srcset":"https:\/\/i0.wp.com\/zeromagazinemx.wpcomstaging.com\/wp-content\/uploads\/2022\/02\/36c86-pedro-prieto-1.jpg?resize=350%2C200&ssl=1 1x, https:\/\/i0.wp.com\/zeromagazinemx.wpcomstaging.com\/wp-content\/uploads\/2022\/02\/36c86-pedro-prieto-1.jpg?resize=525%2C300&ssl=1 1.5x"},"classes":[]},{"id":48366,"url":"https:\/\/zeromagazine.mx\/index.php\/2021\/06\/22\/the-last-ones-exposicion-colectiva-que-conjuga-arte-arquitectura-e-interiorismo\/","url_meta":{"origin":113867,"position":5},"title":"THE LAST ONES | EXPOSICI\u00d3N COLECTIVA QUE CONJUGA ARTE, ARQUITECTURA E INTERIORISMO.","author":"zeromagazinemx","date":"22 de junio de 2021","format":false,"excerpt":"EL NOMBRE DE LA MUESTRA HACE REFERENCIA A DOS JIRAFAS DE TAMA\u00d1O REAL, PIEZAS DE KAREN RUMBOS. VISITAS S\u00d3LO A TRAV\u00c9S DE CITAS EN CASA DESIGN HUNTER. Por Michelle Rodr\u00edguez Solis Con la participaci\u00f3n de un colectivo de 20 artistas, la casa Design Hunter presenta la exposici\u00f3n \u201cThe last ones\u201d,\u2026","rel":"","context":"En \u00abCultura\u00bb","block_context":{"text":"Cultura","link":"https:\/\/zeromagazine.mx\/index.php\/category\/cultura\/"},"img":{"alt_text":"","src":"","width":0,"height":0},"classes":[]}],"jetpack_sharing_enabled":true,"builder_content":"","_links":{"self":[{"href":"https:\/\/zeromagazine.mx\/index.php\/wp-json\/wp\/v2\/posts\/113867","targetHints":{"allow":["GET"]}}],"collection":[{"href":"https:\/\/zeromagazine.mx\/index.php\/wp-json\/wp\/v2\/posts"}],"about":[{"href":"https:\/\/zeromagazine.mx\/index.php\/wp-json\/wp\/v2\/types\/post"}],"author":[{"embeddable":true,"href":"https:\/\/zeromagazine.mx\/index.php\/wp-json\/wp\/v2\/users\/4"}],"replies":[{"embeddable":true,"href":"https:\/\/zeromagazine.mx\/index.php\/wp-json\/wp\/v2\/comments?post=113867"}],"version-history":[{"count":2,"href":"https:\/\/zeromagazine.mx\/index.php\/wp-json\/wp\/v2\/posts\/113867\/revisions"}],"predecessor-version":[{"id":113873,"href":"https:\/\/zeromagazine.mx\/index.php\/wp-json\/wp\/v2\/posts\/113867\/revisions\/113873"}],"wp:featuredmedia":[{"embeddable":true,"href":"https:\/\/zeromagazine.mx\/index.php\/wp-json\/wp\/v2\/media\/113869"}],"wp:attachment":[{"href":"https:\/\/zeromagazine.mx\/index.php\/wp-json\/wp\/v2\/media?parent=113867"}],"wp:term":[{"taxonomy":"category","embeddable":true,"href":"https:\/\/zeromagazine.mx\/index.php\/wp-json\/wp\/v2\/categories?post=113867"},{"taxonomy":"post_tag","embeddable":true,"href":"https:\/\/zeromagazine.mx\/index.php\/wp-json\/wp\/v2\/tags?post=113867"}],"curies":[{"name":"wp","href":"https:\/\/api.w.org\/{rel}","templated":true}]}}