{"id":113874,"date":"2026-01-21T21:15:26","date_gmt":"2026-01-22T03:15:26","guid":{"rendered":"https:\/\/zeromagazine.mx\/?p=113874"},"modified":"2026-01-21T21:15:28","modified_gmt":"2026-01-22T03:15:28","slug":"feria-material-maravilla-studios","status":"publish","type":"post","link":"https:\/\/zeromagazine.mx\/index.php\/2026\/01\/21\/feria-material-maravilla-studios\/","title":{"rendered":"Feria Material anuncia Maravilla Studios como sede de su 12.\u00aa edici\u00f3n"},"content":{"rendered":"<!--themify_builder_content-->\n<div id=\"themify_builder_content-113874\" data-postid=\"113874\" class=\"themify_builder_content themify_builder_content-113874 themify_builder tf_clear\">\n    <\/div>\n<!--\/themify_builder_content-->\n\n\n<p>La&nbsp;<strong>Feria Material<\/strong>&nbsp;entra en una nueva etapa y se nota desde el primer paso. Para su 12.\u00aa edici\u00f3n, la feria anuncia&nbsp;<strong>Maravilla Studios<\/strong>&nbsp;como su nueva sede, un movimiento que no solo cambia la ubicaci\u00f3n, sino tambi\u00e9n la escala, la energ\u00eda y la forma en la que se vive el arte durante la Semana del Arte de la Ciudad de M\u00e9xico. Del 5 al 8 de febrero de 2026, Atlampa se convierte en un nuevo punto de encuentro para artistas, galer\u00edas y p\u00fablicos que buscan experiencias m\u00e1s abiertas, din\u00e1micas y conectadas con la ciudad.<\/p>\n\n\n\n<p>Desde hace a\u00f1os,&nbsp;<strong>Feria Material<\/strong>&nbsp;se ha posicionado como una plataforma clave para descubrir pr\u00e1cticas contempor\u00e1neas, muchas de ellas provenientes de Am\u00e9rica Latina. En esta edici\u00f3n, el compromiso se refuerza: 76 expositores de 21 pa\u00edses y 38 ciudades se re\u00fanen en un espacio que permite respirar, recorrer y experimentar el arte sin prisas.<\/p>\n\n\n\n<p>Adem\u00e1s, el cambio de sede responde a una necesidad real. Maravilla Studios ofrece un formato amplio y flexible que permite repensar los recorridos, abrir nuevas salas y expandir el di\u00e1logo entre obra, p\u00fablico y contexto urbano. No es solo un venue m\u00e1s grande; es un espacio que transforma la manera de acercarse al arte.<\/p>\n\n\n\n<h2 class=\"wp-block-heading\"><strong>Una experiencia urbana<\/strong><\/h2>\n\n\n\n<p>La llegada de&nbsp;<strong>Feria Material<\/strong>&nbsp;a la colonia Atlampa marca un giro interesante dentro de una Semana del Arte cada vez m\u00e1s concurrida. El nuevo recinto conecta con zonas hist\u00f3ricas como Santa Mar\u00eda la Ribera y abre la puerta a una relaci\u00f3n m\u00e1s directa con la ciudad y sus ritmos.<\/p>\n\n\n\n<figure class=\"wp-block-gallery has-nested-images columns-default is-cropped wp-block-gallery-1 is-layout-flex wp-block-gallery-is-layout-flex\">\n<figure class=\"wp-block-image size-large\"><img data-recalc-dims=\"1\" decoding=\"async\" width=\"1024\" height=\"683\" data-id=\"113876\" src=\"https:\/\/i0.wp.com\/zeromagazine.mx\/wp-content\/uploads\/2026\/01\/FeriaMaterial_1-1024x683.jpeg?resize=1024%2C683&#038;ssl=1\" alt=\"\" class=\"wp-image-113876\" srcset=\"https:\/\/i0.wp.com\/zeromagazine.mx\/wp-content\/uploads\/2026\/01\/FeriaMaterial_1.jpeg?resize=1024%2C683&amp;ssl=1 1024w, https:\/\/i0.wp.com\/zeromagazine.mx\/wp-content\/uploads\/2026\/01\/FeriaMaterial_1.jpeg?resize=300%2C200&amp;ssl=1 300w, https:\/\/i0.wp.com\/zeromagazine.mx\/wp-content\/uploads\/2026\/01\/FeriaMaterial_1.jpeg?resize=768%2C512&amp;ssl=1 768w, https:\/\/i0.wp.com\/zeromagazine.mx\/wp-content\/uploads\/2026\/01\/FeriaMaterial_1.jpeg?resize=1536%2C1024&amp;ssl=1 1536w, https:\/\/i0.wp.com\/zeromagazine.mx\/wp-content\/uploads\/2026\/01\/FeriaMaterial_1.jpeg?resize=2048%2C1366&amp;ssl=1 2048w, https:\/\/i0.wp.com\/zeromagazine.mx\/wp-content\/uploads\/2026\/01\/FeriaMaterial_1.jpeg?w=2330 2330w\" sizes=\"(max-width: 1024px) 100vw, 1024px\" \/><\/figure>\n<\/figure>\n\n\n\n<p>Por otro lado, la feria mantiene su curadur\u00eda s\u00f3lida y diversa, ahora distribuida en cinco salas de exhibici\u00f3n. Esto permite que cada proyecto tenga su propio tempo y que el p\u00fablico pueda explorar con mayor libertad. Aqu\u00ed no se trata solo de ver arte, sino de habitarlo, descubrirlo y dialogar con \u00e9l.<\/p>\n\n\n\n<p>Asimismo, el programa p\u00fablico sigue siendo uno de los grandes aciertos.&nbsp;<strong>Material Monday<\/strong>&nbsp;regresa como el circuito que activa galer\u00edas por toda la ciudad, mientras que IMMATERIAL contin\u00faa expandiendo los l\u00edmites de la feria con performances en Casa del Lago, llevando el arte en vivo fuera del espacio ferial y hacia otros p\u00fablicos.<\/p>\n\n\n\n<h2 class=\"wp-block-heading\"><strong>Feria Material y la comunidad<\/strong><\/h2>\n\n\n\n<p>Finalmente,&nbsp;<strong>Feria Material<\/strong>&nbsp;no se entiende sin su comunidad. Charlas, performances, programaci\u00f3n para infancias, encuentros editoriales y fiestas forman parte de una agenda que cruza disciplinas y generaciones. VOCAL, el programa de conversaciones, abre espacios de di\u00e1logo sobre coleccionismo, patronatos y nuevas formas de sostener el ecosistema art\u00edstico.<\/p>\n\n\n\n<p>Tambi\u00e9n destaca Mini Material, una propuesta pensada para infancias y familias, que apuesta por la creatividad desde edades tempranas y demuestra que el arte contempor\u00e1neo puede ser cercano, l\u00fadico y compartido.<\/p>\n\n\n\n<figure class=\"wp-block-gallery has-nested-images columns-default is-cropped wp-block-gallery-2 is-layout-flex wp-block-gallery-is-layout-flex\">\n<figure class=\"wp-block-image size-large\"><img data-recalc-dims=\"1\" decoding=\"async\" width=\"1024\" height=\"683\" data-id=\"113877\" src=\"https:\/\/i0.wp.com\/zeromagazine.mx\/wp-content\/uploads\/2026\/01\/FeriaMaterial_23-1024x683.jpeg?resize=1024%2C683&#038;ssl=1\" alt=\"\" class=\"wp-image-113877\" srcset=\"https:\/\/i0.wp.com\/zeromagazine.mx\/wp-content\/uploads\/2026\/01\/FeriaMaterial_23.jpeg?resize=1024%2C683&amp;ssl=1 1024w, https:\/\/i0.wp.com\/zeromagazine.mx\/wp-content\/uploads\/2026\/01\/FeriaMaterial_23.jpeg?resize=300%2C200&amp;ssl=1 300w, https:\/\/i0.wp.com\/zeromagazine.mx\/wp-content\/uploads\/2026\/01\/FeriaMaterial_23.jpeg?resize=768%2C512&amp;ssl=1 768w, https:\/\/i0.wp.com\/zeromagazine.mx\/wp-content\/uploads\/2026\/01\/FeriaMaterial_23.jpeg?resize=1536%2C1024&amp;ssl=1 1536w, https:\/\/i0.wp.com\/zeromagazine.mx\/wp-content\/uploads\/2026\/01\/FeriaMaterial_23.jpeg?resize=2048%2C1366&amp;ssl=1 2048w, https:\/\/i0.wp.com\/zeromagazine.mx\/wp-content\/uploads\/2026\/01\/FeriaMaterial_23.jpeg?w=2330 2330w\" sizes=\"(max-width: 1024px) 100vw, 1024px\" \/><\/figure>\n<\/figure>\n\n\n\n<p>En conjunto, la 12.\u00aa edici\u00f3n confirma que&nbsp;<strong>Feria Material<\/strong>&nbsp;no solo crece en tama\u00f1o, sino en ambici\u00f3n. Maravilla Studios se convierte en el escenario perfecto para una feria que entiende el arte como experiencia, como encuentro y como una forma de habitar la ciudad desde otros \u00e1ngulos. Febrero en la CDMX vuelve a girar alrededor del arte, y Material sigue siendo uno de sus puntos m\u00e1s vivos.<\/p>\n\n\n\n<p><\/p>","protected":false},"excerpt":{"rendered":"<p>La&nbsp;Feria Material&nbsp;entra en una nueva etapa y se nota desde el primer paso. Para su 12.\u00aa edici\u00f3n, la feria anuncia&nbsp;Maravilla Studios&nbsp;como su nueva sede, un movimiento que no solo cambia la ubicaci\u00f3n, sino tambi\u00e9n la escala, la energ\u00eda y la forma en la que se vive el arte durante la Semana del Arte de la [&hellip;]<\/p>\n","protected":false},"author":4,"featured_media":113875,"comment_status":"open","ping_status":"open","sticky":false,"template":"","format":"standard","meta":{"_jetpack_memberships_contains_paid_content":false,"footnotes":"","jetpack_publicize_message":"","jetpack_publicize_feature_enabled":true,"jetpack_social_post_already_shared":true,"jetpack_social_options":{"image_generator_settings":{"template":"highway","default_image_id":0,"font":"","enabled":false},"version":2}},"categories":[1,791],"tags":[],"class_list":["post-113874","post","type-post","status-publish","format-standard","has-post-thumbnail","hentry","category-blog","category-cultura","has-post-title","has-post-date","has-post-category","has-post-tag","has-post-comment","has-post-author",""],"yoast_head":"<!-- This site is optimized with the Yoast SEO plugin v27.4 - https:\/\/yoast.com\/product\/yoast-seo-wordpress\/ -->\n<title>Feria Material anuncia Maravilla Studios como sede de su 12.\u00aa edici\u00f3n - Zero Magazine<\/title>\n<meta name=\"description\" content=\"Feria Material anuncia Maravilla Studios como sede de su 12.\u00aa edici\u00f3n y ampl\u00eda su experiencia durante la Semana del Arte en CDMX.\" \/>\n<meta name=\"robots\" content=\"index, follow, max-snippet:-1, max-image-preview:large, max-video-preview:-1\" \/>\n<link rel=\"canonical\" href=\"https:\/\/zeromagazine.mx\/index.php\/2026\/01\/21\/feria-material-maravilla-studios\/\" \/>\n<meta property=\"og:locale\" content=\"es_ES\" \/>\n<meta property=\"og:type\" content=\"article\" \/>\n<meta property=\"og:title\" content=\"Feria Material anuncia Maravilla Studios como sede de su 12.\u00aa edici\u00f3n - Zero Magazine\" \/>\n<meta property=\"og:description\" content=\"Feria Material anuncia Maravilla Studios como sede de su 12.\u00aa edici\u00f3n y ampl\u00eda su experiencia durante la Semana del Arte en CDMX.\" \/>\n<meta property=\"og:url\" content=\"https:\/\/zeromagazine.mx\/index.php\/2026\/01\/21\/feria-material-maravilla-studios\/\" \/>\n<meta property=\"og:site_name\" content=\"Zero Magazine\" \/>\n<meta property=\"article:published_time\" content=\"2026-01-22T03:15:26+00:00\" \/>\n<meta property=\"article:modified_time\" content=\"2026-01-22T03:15:28+00:00\" \/>\n<meta property=\"og:image\" content=\"http:\/\/zeromagazine.mx\/wp-content\/uploads\/2026\/01\/IMG_1076.jpeg\" \/>\n\t<meta property=\"og:image:width\" content=\"1066\" \/>\n\t<meta property=\"og:image:height\" content=\"850\" \/>\n\t<meta property=\"og:image:type\" content=\"image\/jpeg\" \/>\n<meta name=\"author\" content=\"David Morales\" \/>\n<meta name=\"twitter:card\" content=\"summary_large_image\" \/>\n<meta name=\"twitter:label1\" content=\"Escrito por\" \/>\n\t<meta name=\"twitter:data1\" content=\"David Morales\" \/>\n\t<meta name=\"twitter:label2\" content=\"Tiempo de lectura\" \/>\n\t<meta name=\"twitter:data2\" content=\"3 minutos\" \/>\n<script type=\"application\/ld+json\" class=\"yoast-schema-graph\">{\"@context\":\"https:\\\/\\\/schema.org\",\"@graph\":[{\"@type\":\"Article\",\"@id\":\"https:\\\/\\\/zeromagazine.mx\\\/index.php\\\/2026\\\/01\\\/21\\\/feria-material-maravilla-studios\\\/#article\",\"isPartOf\":{\"@id\":\"https:\\\/\\\/zeromagazine.mx\\\/index.php\\\/2026\\\/01\\\/21\\\/feria-material-maravilla-studios\\\/\"},\"author\":{\"name\":\"David Morales\",\"@id\":\"https:\\\/\\\/zeromagazine.mx\\\/#\\\/schema\\\/person\\\/9f7f1a17c60ba8e9980e3e6677aabe5a\"},\"headline\":\"Feria Material anuncia Maravilla Studios como sede de su 12.\u00aa edici\u00f3n\",\"datePublished\":\"2026-01-22T03:15:26+00:00\",\"dateModified\":\"2026-01-22T03:15:28+00:00\",\"mainEntityOfPage\":{\"@id\":\"https:\\\/\\\/zeromagazine.mx\\\/index.php\\\/2026\\\/01\\\/21\\\/feria-material-maravilla-studios\\\/\"},\"wordCount\":572,\"commentCount\":0,\"publisher\":{\"@id\":\"https:\\\/\\\/zeromagazine.mx\\\/#organization\"},\"image\":{\"@id\":\"https:\\\/\\\/zeromagazine.mx\\\/index.php\\\/2026\\\/01\\\/21\\\/feria-material-maravilla-studios\\\/#primaryimage\"},\"thumbnailUrl\":\"https:\\\/\\\/i0.wp.com\\\/zeromagazine.mx\\\/wp-content\\\/uploads\\\/2026\\\/01\\\/IMG_1076.jpeg?fit=1066%2C850&ssl=1\",\"articleSection\":[\"Blog\",\"Cultura\"],\"inLanguage\":\"es\",\"potentialAction\":[{\"@type\":\"CommentAction\",\"name\":\"Comment\",\"target\":[\"https:\\\/\\\/zeromagazine.mx\\\/index.php\\\/2026\\\/01\\\/21\\\/feria-material-maravilla-studios\\\/#respond\"]}]},{\"@type\":\"WebPage\",\"@id\":\"https:\\\/\\\/zeromagazine.mx\\\/index.php\\\/2026\\\/01\\\/21\\\/feria-material-maravilla-studios\\\/\",\"url\":\"https:\\\/\\\/zeromagazine.mx\\\/index.php\\\/2026\\\/01\\\/21\\\/feria-material-maravilla-studios\\\/\",\"name\":\"Feria Material anuncia Maravilla Studios como sede de su 12.\u00aa edici\u00f3n - Zero Magazine\",\"isPartOf\":{\"@id\":\"https:\\\/\\\/zeromagazine.mx\\\/#website\"},\"primaryImageOfPage\":{\"@id\":\"https:\\\/\\\/zeromagazine.mx\\\/index.php\\\/2026\\\/01\\\/21\\\/feria-material-maravilla-studios\\\/#primaryimage\"},\"image\":{\"@id\":\"https:\\\/\\\/zeromagazine.mx\\\/index.php\\\/2026\\\/01\\\/21\\\/feria-material-maravilla-studios\\\/#primaryimage\"},\"thumbnailUrl\":\"https:\\\/\\\/i0.wp.com\\\/zeromagazine.mx\\\/wp-content\\\/uploads\\\/2026\\\/01\\\/IMG_1076.jpeg?fit=1066%2C850&ssl=1\",\"datePublished\":\"2026-01-22T03:15:26+00:00\",\"dateModified\":\"2026-01-22T03:15:28+00:00\",\"description\":\"Feria Material anuncia Maravilla Studios como sede de su 12.\u00aa edici\u00f3n y ampl\u00eda su experiencia durante la Semana del Arte en CDMX.\",\"breadcrumb\":{\"@id\":\"https:\\\/\\\/zeromagazine.mx\\\/index.php\\\/2026\\\/01\\\/21\\\/feria-material-maravilla-studios\\\/#breadcrumb\"},\"inLanguage\":\"es\",\"potentialAction\":[{\"@type\":\"ReadAction\",\"target\":[\"https:\\\/\\\/zeromagazine.mx\\\/index.php\\\/2026\\\/01\\\/21\\\/feria-material-maravilla-studios\\\/\"]}]},{\"@type\":\"ImageObject\",\"inLanguage\":\"es\",\"@id\":\"https:\\\/\\\/zeromagazine.mx\\\/index.php\\\/2026\\\/01\\\/21\\\/feria-material-maravilla-studios\\\/#primaryimage\",\"url\":\"https:\\\/\\\/i0.wp.com\\\/zeromagazine.mx\\\/wp-content\\\/uploads\\\/2026\\\/01\\\/IMG_1076.jpeg?fit=1066%2C850&ssl=1\",\"contentUrl\":\"https:\\\/\\\/i0.wp.com\\\/zeromagazine.mx\\\/wp-content\\\/uploads\\\/2026\\\/01\\\/IMG_1076.jpeg?fit=1066%2C850&ssl=1\",\"width\":1066,\"height\":850},{\"@type\":\"BreadcrumbList\",\"@id\":\"https:\\\/\\\/zeromagazine.mx\\\/index.php\\\/2026\\\/01\\\/21\\\/feria-material-maravilla-studios\\\/#breadcrumb\",\"itemListElement\":[{\"@type\":\"ListItem\",\"position\":1,\"name\":\"Portada\",\"item\":\"https:\\\/\\\/zeromagazine.mx\\\/\"},{\"@type\":\"ListItem\",\"position\":2,\"name\":\"Feria Material anuncia Maravilla Studios como sede de su 12.\u00aa edici\u00f3n\"}]},{\"@type\":\"WebSite\",\"@id\":\"https:\\\/\\\/zeromagazine.mx\\\/#website\",\"url\":\"https:\\\/\\\/zeromagazine.mx\\\/\",\"name\":\"Zero Magazine\",\"description\":\"\",\"publisher\":{\"@id\":\"https:\\\/\\\/zeromagazine.mx\\\/#organization\"},\"potentialAction\":[{\"@type\":\"SearchAction\",\"target\":{\"@type\":\"EntryPoint\",\"urlTemplate\":\"https:\\\/\\\/zeromagazine.mx\\\/?s={search_term_string}\"},\"query-input\":{\"@type\":\"PropertyValueSpecification\",\"valueRequired\":true,\"valueName\":\"search_term_string\"}}],\"inLanguage\":\"es\"},{\"@type\":\"Organization\",\"@id\":\"https:\\\/\\\/zeromagazine.mx\\\/#organization\",\"name\":\"Zero Magazine\",\"url\":\"https:\\\/\\\/zeromagazine.mx\\\/\",\"logo\":{\"@type\":\"ImageObject\",\"inLanguage\":\"es\",\"@id\":\"https:\\\/\\\/zeromagazine.mx\\\/#\\\/schema\\\/logo\\\/image\\\/\",\"url\":\"https:\\\/\\\/i0.wp.com\\\/zeromagazine.mx\\\/wp-content\\\/uploads\\\/2025\\\/11\\\/1.jpeg?fit=1000%2C1000&ssl=1\",\"contentUrl\":\"https:\\\/\\\/i0.wp.com\\\/zeromagazine.mx\\\/wp-content\\\/uploads\\\/2025\\\/11\\\/1.jpeg?fit=1000%2C1000&ssl=1\",\"width\":1000,\"height\":1000,\"caption\":\"Zero Magazine\"},\"image\":{\"@id\":\"https:\\\/\\\/zeromagazine.mx\\\/#\\\/schema\\\/logo\\\/image\\\/\"},\"sameAs\":[\"https:\\\/\\\/instagram.com\\\/zeromagazinemx\"]},{\"@type\":\"Person\",\"@id\":\"https:\\\/\\\/zeromagazine.mx\\\/#\\\/schema\\\/person\\\/9f7f1a17c60ba8e9980e3e6677aabe5a\",\"name\":\"David Morales\",\"image\":{\"@type\":\"ImageObject\",\"inLanguage\":\"es\",\"@id\":\"https:\\\/\\\/zeromagazine.mx\\\/wp-content\\\/litespeed\\\/avatar\\\/76069d2136bfc1c37dc34815bb67ca42.jpg?ver=1776966186\",\"url\":\"https:\\\/\\\/zeromagazine.mx\\\/wp-content\\\/litespeed\\\/avatar\\\/76069d2136bfc1c37dc34815bb67ca42.jpg?ver=1776966186\",\"contentUrl\":\"https:\\\/\\\/zeromagazine.mx\\\/wp-content\\\/litespeed\\\/avatar\\\/76069d2136bfc1c37dc34815bb67ca42.jpg?ver=1776966186\",\"caption\":\"David Morales\"},\"url\":\"https:\\\/\\\/zeromagazine.mx\\\/index.php\\\/author\\\/david\\\/\"}]}<\/script>\n<!-- \/ Yoast SEO plugin. -->","yoast_head_json":{"title":"Feria Material anuncia Maravilla Studios como sede de su 12.\u00aa edici\u00f3n - Zero Magazine","description":"Feria Material anuncia Maravilla Studios como sede de su 12.\u00aa edici\u00f3n y ampl\u00eda su experiencia durante la Semana del Arte en CDMX.","robots":{"index":"index","follow":"follow","max-snippet":"max-snippet:-1","max-image-preview":"max-image-preview:large","max-video-preview":"max-video-preview:-1"},"canonical":"https:\/\/zeromagazine.mx\/index.php\/2026\/01\/21\/feria-material-maravilla-studios\/","og_locale":"es_ES","og_type":"article","og_title":"Feria Material anuncia Maravilla Studios como sede de su 12.\u00aa edici\u00f3n - Zero Magazine","og_description":"Feria Material anuncia Maravilla Studios como sede de su 12.\u00aa edici\u00f3n y ampl\u00eda su experiencia durante la Semana del Arte en CDMX.","og_url":"https:\/\/zeromagazine.mx\/index.php\/2026\/01\/21\/feria-material-maravilla-studios\/","og_site_name":"Zero Magazine","article_published_time":"2026-01-22T03:15:26+00:00","article_modified_time":"2026-01-22T03:15:28+00:00","og_image":[{"width":1066,"height":850,"url":"http:\/\/zeromagazine.mx\/wp-content\/uploads\/2026\/01\/IMG_1076.jpeg","type":"image\/jpeg"}],"author":"David Morales","twitter_card":"summary_large_image","twitter_misc":{"Escrito por":"David Morales","Tiempo de lectura":"3 minutos"},"schema":{"@context":"https:\/\/schema.org","@graph":[{"@type":"Article","@id":"https:\/\/zeromagazine.mx\/index.php\/2026\/01\/21\/feria-material-maravilla-studios\/#article","isPartOf":{"@id":"https:\/\/zeromagazine.mx\/index.php\/2026\/01\/21\/feria-material-maravilla-studios\/"},"author":{"name":"David Morales","@id":"https:\/\/zeromagazine.mx\/#\/schema\/person\/9f7f1a17c60ba8e9980e3e6677aabe5a"},"headline":"Feria Material anuncia Maravilla Studios como sede de su 12.\u00aa edici\u00f3n","datePublished":"2026-01-22T03:15:26+00:00","dateModified":"2026-01-22T03:15:28+00:00","mainEntityOfPage":{"@id":"https:\/\/zeromagazine.mx\/index.php\/2026\/01\/21\/feria-material-maravilla-studios\/"},"wordCount":572,"commentCount":0,"publisher":{"@id":"https:\/\/zeromagazine.mx\/#organization"},"image":{"@id":"https:\/\/zeromagazine.mx\/index.php\/2026\/01\/21\/feria-material-maravilla-studios\/#primaryimage"},"thumbnailUrl":"https:\/\/i0.wp.com\/zeromagazine.mx\/wp-content\/uploads\/2026\/01\/IMG_1076.jpeg?fit=1066%2C850&ssl=1","articleSection":["Blog","Cultura"],"inLanguage":"es","potentialAction":[{"@type":"CommentAction","name":"Comment","target":["https:\/\/zeromagazine.mx\/index.php\/2026\/01\/21\/feria-material-maravilla-studios\/#respond"]}]},{"@type":"WebPage","@id":"https:\/\/zeromagazine.mx\/index.php\/2026\/01\/21\/feria-material-maravilla-studios\/","url":"https:\/\/zeromagazine.mx\/index.php\/2026\/01\/21\/feria-material-maravilla-studios\/","name":"Feria Material anuncia Maravilla Studios como sede de su 12.\u00aa edici\u00f3n - Zero Magazine","isPartOf":{"@id":"https:\/\/zeromagazine.mx\/#website"},"primaryImageOfPage":{"@id":"https:\/\/zeromagazine.mx\/index.php\/2026\/01\/21\/feria-material-maravilla-studios\/#primaryimage"},"image":{"@id":"https:\/\/zeromagazine.mx\/index.php\/2026\/01\/21\/feria-material-maravilla-studios\/#primaryimage"},"thumbnailUrl":"https:\/\/i0.wp.com\/zeromagazine.mx\/wp-content\/uploads\/2026\/01\/IMG_1076.jpeg?fit=1066%2C850&ssl=1","datePublished":"2026-01-22T03:15:26+00:00","dateModified":"2026-01-22T03:15:28+00:00","description":"Feria Material anuncia Maravilla Studios como sede de su 12.\u00aa edici\u00f3n y ampl\u00eda su experiencia durante la Semana del Arte en CDMX.","breadcrumb":{"@id":"https:\/\/zeromagazine.mx\/index.php\/2026\/01\/21\/feria-material-maravilla-studios\/#breadcrumb"},"inLanguage":"es","potentialAction":[{"@type":"ReadAction","target":["https:\/\/zeromagazine.mx\/index.php\/2026\/01\/21\/feria-material-maravilla-studios\/"]}]},{"@type":"ImageObject","inLanguage":"es","@id":"https:\/\/zeromagazine.mx\/index.php\/2026\/01\/21\/feria-material-maravilla-studios\/#primaryimage","url":"https:\/\/i0.wp.com\/zeromagazine.mx\/wp-content\/uploads\/2026\/01\/IMG_1076.jpeg?fit=1066%2C850&ssl=1","contentUrl":"https:\/\/i0.wp.com\/zeromagazine.mx\/wp-content\/uploads\/2026\/01\/IMG_1076.jpeg?fit=1066%2C850&ssl=1","width":1066,"height":850},{"@type":"BreadcrumbList","@id":"https:\/\/zeromagazine.mx\/index.php\/2026\/01\/21\/feria-material-maravilla-studios\/#breadcrumb","itemListElement":[{"@type":"ListItem","position":1,"name":"Portada","item":"https:\/\/zeromagazine.mx\/"},{"@type":"ListItem","position":2,"name":"Feria Material anuncia Maravilla Studios como sede de su 12.\u00aa edici\u00f3n"}]},{"@type":"WebSite","@id":"https:\/\/zeromagazine.mx\/#website","url":"https:\/\/zeromagazine.mx\/","name":"Zero Magazine","description":"","publisher":{"@id":"https:\/\/zeromagazine.mx\/#organization"},"potentialAction":[{"@type":"SearchAction","target":{"@type":"EntryPoint","urlTemplate":"https:\/\/zeromagazine.mx\/?s={search_term_string}"},"query-input":{"@type":"PropertyValueSpecification","valueRequired":true,"valueName":"search_term_string"}}],"inLanguage":"es"},{"@type":"Organization","@id":"https:\/\/zeromagazine.mx\/#organization","name":"Zero Magazine","url":"https:\/\/zeromagazine.mx\/","logo":{"@type":"ImageObject","inLanguage":"es","@id":"https:\/\/zeromagazine.mx\/#\/schema\/logo\/image\/","url":"https:\/\/i0.wp.com\/zeromagazine.mx\/wp-content\/uploads\/2025\/11\/1.jpeg?fit=1000%2C1000&ssl=1","contentUrl":"https:\/\/i0.wp.com\/zeromagazine.mx\/wp-content\/uploads\/2025\/11\/1.jpeg?fit=1000%2C1000&ssl=1","width":1000,"height":1000,"caption":"Zero Magazine"},"image":{"@id":"https:\/\/zeromagazine.mx\/#\/schema\/logo\/image\/"},"sameAs":["https:\/\/instagram.com\/zeromagazinemx"]},{"@type":"Person","@id":"https:\/\/zeromagazine.mx\/#\/schema\/person\/9f7f1a17c60ba8e9980e3e6677aabe5a","name":"David Morales","image":{"@type":"ImageObject","inLanguage":"es","@id":"https:\/\/zeromagazine.mx\/wp-content\/litespeed\/avatar\/76069d2136bfc1c37dc34815bb67ca42.jpg?ver=1776966186","url":"https:\/\/zeromagazine.mx\/wp-content\/litespeed\/avatar\/76069d2136bfc1c37dc34815bb67ca42.jpg?ver=1776966186","contentUrl":"https:\/\/zeromagazine.mx\/wp-content\/litespeed\/avatar\/76069d2136bfc1c37dc34815bb67ca42.jpg?ver=1776966186","caption":"David Morales"},"url":"https:\/\/zeromagazine.mx\/index.php\/author\/david\/"}]}},"jetpack_publicize_connections":[],"jetpack_featured_media_url":"https:\/\/i0.wp.com\/zeromagazine.mx\/wp-content\/uploads\/2026\/01\/IMG_1076.jpeg?fit=1066%2C850&ssl=1","jetpack-related-posts":[{"id":114904,"url":"https:\/\/zeromagazine.mx\/index.php\/2026\/02\/07\/feria-material-cdmx-maravilla-studios\/","url_meta":{"origin":113874,"position":0},"title":"Feria Material Vol. 12 estrena sede en Maravilla Studios e inaugura una nueva etapa","author":"David Morales","date":"7 de febrero de 2026","format":false,"excerpt":"La Semana del Arte en CDMX siempre trae hype, pero este a\u00f1o el mood sube de nivel.\u00a0Feria Material Vol. 12\u00a0no solo regresa: se reinventa con una nueva casa en Maravilla Studios, un venue industrial de gran escala en la colonia Atlampa que le da un upgrade total a la experiencia.\u2026","rel":"","context":"En \u00abCultura\u00bb","block_context":{"text":"Cultura","link":"https:\/\/zeromagazine.mx\/index.php\/category\/cultura\/"},"img":{"alt_text":"","src":"https:\/\/i0.wp.com\/zeromagazine.mx\/wp-content\/uploads\/2026\/02\/4-Credito-Narrativa-Foto-Cortesia-de-Material.jpeg?fit=1200%2C800&ssl=1&resize=350%2C200","width":350,"height":200,"srcset":"https:\/\/i0.wp.com\/zeromagazine.mx\/wp-content\/uploads\/2026\/02\/4-Credito-Narrativa-Foto-Cortesia-de-Material.jpeg?fit=1200%2C800&ssl=1&resize=350%2C200 1x, https:\/\/i0.wp.com\/zeromagazine.mx\/wp-content\/uploads\/2026\/02\/4-Credito-Narrativa-Foto-Cortesia-de-Material.jpeg?fit=1200%2C800&ssl=1&resize=525%2C300 1.5x, https:\/\/i0.wp.com\/zeromagazine.mx\/wp-content\/uploads\/2026\/02\/4-Credito-Narrativa-Foto-Cortesia-de-Material.jpeg?fit=1200%2C800&ssl=1&resize=700%2C400 2x, https:\/\/i0.wp.com\/zeromagazine.mx\/wp-content\/uploads\/2026\/02\/4-Credito-Narrativa-Foto-Cortesia-de-Material.jpeg?fit=1200%2C800&ssl=1&resize=1050%2C600 3x"},"classes":[]},{"id":116922,"url":"https:\/\/zeromagazine.mx\/index.php\/2026\/03\/18\/feria-xcaret-arte-popular-libro-2025\/","url_meta":{"origin":113874,"position":1},"title":"Grupo Xcaret presenta el libro de Feria Xcaret de Arte Popular Mexicano 2025 y una muestra fotogr\u00e1fica de las piezas ganadoras de las dos ediciones pasadas","author":"David Morales","date":"18 de marzo de 2026","format":false,"excerpt":"La\u00a0Feria Xcaret Arte Popular\u00a0sigue consolid\u00e1ndose como uno de los espacios m\u00e1s importantes para reconocer y difundir el talento artesanal de M\u00e9xico. En esta ocasi\u00f3n,\u00a0Grupo Xcaret\u00a0present\u00f3 un libro especial que documenta lo mejor de la edici\u00f3n 2025, acompa\u00f1ado por una exposici\u00f3n fotogr\u00e1fica que muestra algunas de las piezas ganadoras de ediciones\u2026","rel":"","context":"En \u00abBlog\u00bb","block_context":{"text":"Blog","link":"https:\/\/zeromagazine.mx\/index.php\/category\/blog\/"},"img":{"alt_text":"","src":"https:\/\/i0.wp.com\/zeromagazine.mx\/wp-content\/uploads\/2026\/03\/IMG_1766.jpeg?fit=1200%2C900&ssl=1&resize=350%2C200","width":350,"height":200,"srcset":"https:\/\/i0.wp.com\/zeromagazine.mx\/wp-content\/uploads\/2026\/03\/IMG_1766.jpeg?fit=1200%2C900&ssl=1&resize=350%2C200 1x, https:\/\/i0.wp.com\/zeromagazine.mx\/wp-content\/uploads\/2026\/03\/IMG_1766.jpeg?fit=1200%2C900&ssl=1&resize=525%2C300 1.5x, https:\/\/i0.wp.com\/zeromagazine.mx\/wp-content\/uploads\/2026\/03\/IMG_1766.jpeg?fit=1200%2C900&ssl=1&resize=700%2C400 2x, https:\/\/i0.wp.com\/zeromagazine.mx\/wp-content\/uploads\/2026\/03\/IMG_1766.jpeg?fit=1200%2C900&ssl=1&resize=1050%2C600 3x"},"classes":[]},{"id":89045,"url":"https:\/\/zeromagazine.mx\/index.php\/2024\/10\/31\/bada-2025-feria-de-arte\/","url_meta":{"origin":113874,"position":2},"title":"\u00abBADA 2025: Feria de Arte\u00bb","author":"zeromagazinemx","date":"31 de octubre de 2024","format":false,"excerpt":"Si eres un amante del arte, agarra tu agenda porque del 6 al 9 de febrero de 2025, la Ciudad de M\u00e9xico se va a llenar de creatividad y vibras incre\u00edbles con la nueva edici\u00f3n de BADA (la feria de arte contempor\u00e1neo directo de artista que est\u00e1 rompiendo esquemas en\u2026","rel":"","context":"En \u00abCultura\u00bb","block_context":{"text":"Cultura","link":"https:\/\/zeromagazine.mx\/index.php\/category\/cultura\/"},"img":{"alt_text":"","src":"https:\/\/i0.wp.com\/zeromagazine.mx\/wp-content\/uploads\/2024\/10\/BADA-2025_4-5.jpg?fit=960%2C1200&ssl=1&resize=350%2C200","width":350,"height":200,"srcset":"https:\/\/i0.wp.com\/zeromagazine.mx\/wp-content\/uploads\/2024\/10\/BADA-2025_4-5.jpg?fit=960%2C1200&ssl=1&resize=350%2C200 1x, https:\/\/i0.wp.com\/zeromagazine.mx\/wp-content\/uploads\/2024\/10\/BADA-2025_4-5.jpg?fit=960%2C1200&ssl=1&resize=525%2C300 1.5x, https:\/\/i0.wp.com\/zeromagazine.mx\/wp-content\/uploads\/2024\/10\/BADA-2025_4-5.jpg?fit=960%2C1200&ssl=1&resize=700%2C400 2x"},"classes":[]},{"id":114911,"url":"https:\/\/zeromagazine.mx\/index.php\/2026\/02\/07\/bada-mexico-2026-feria-arte-campo-marte\/","url_meta":{"origin":113874,"position":3},"title":"BADA M\u00e9xico 2026 inaugura su sexta edici\u00f3n en Campo Marte","author":"David Morales","date":"7 de febrero de 2026","format":false,"excerpt":"La Semana del Arte en CDMX siempre se siente como ese momento del a\u00f1o donde la ciudad desbloquea un nuevo nivel cultural\u2026 y este 2026 no es la excepci\u00f3n. Con su sexta edici\u00f3n,\u00a0BADA M\u00e9xico 2026\u00a0aterriza en Campo Marte para confirmar por qu\u00e9 se ha convertido en una de las ferias\u2026","rel":"","context":"En \u00abCultura\u00bb","block_context":{"text":"Cultura","link":"https:\/\/zeromagazine.mx\/index.php\/category\/cultura\/"},"img":{"alt_text":"","src":"https:\/\/i0.wp.com\/zeromagazine.mx\/wp-content\/uploads\/2026\/02\/BADA-Dia-1-022-scaled.jpeg?fit=1200%2C800&ssl=1&resize=350%2C200","width":350,"height":200,"srcset":"https:\/\/i0.wp.com\/zeromagazine.mx\/wp-content\/uploads\/2026\/02\/BADA-Dia-1-022-scaled.jpeg?fit=1200%2C800&ssl=1&resize=350%2C200 1x, https:\/\/i0.wp.com\/zeromagazine.mx\/wp-content\/uploads\/2026\/02\/BADA-Dia-1-022-scaled.jpeg?fit=1200%2C800&ssl=1&resize=525%2C300 1.5x, https:\/\/i0.wp.com\/zeromagazine.mx\/wp-content\/uploads\/2026\/02\/BADA-Dia-1-022-scaled.jpeg?fit=1200%2C800&ssl=1&resize=700%2C400 2x, https:\/\/i0.wp.com\/zeromagazine.mx\/wp-content\/uploads\/2026\/02\/BADA-Dia-1-022-scaled.jpeg?fit=1200%2C800&ssl=1&resize=1050%2C600 3x"},"classes":[]},{"id":91530,"url":"https:\/\/zeromagazine.mx\/index.php\/2024\/11\/25\/bada-2025-arte-para-todxs\/","url_meta":{"origin":113874,"position":4},"title":"BADA 2025: Arte para Todxs","author":"zeromagazinemx","date":"25 de noviembre de 2024","format":false,"excerpt":"BADA 2025 es la feria que est\u00e1 cambiando la manera de conectar con el arte. Con la participaci\u00f3n de Pedro Friedeberg y un espacio para j\u00f3venes creadores, \u00a1es el evento del a\u00f1o!","rel":"","context":"En \u00abCultura\u00bb","block_context":{"text":"Cultura","link":"https:\/\/zeromagazine.mx\/index.php\/category\/cultura\/"},"img":{"alt_text":"","src":"https:\/\/i0.wp.com\/zeromagazine.mx\/wp-content\/uploads\/2024\/11\/unnamed.gif?fit=864%2C864&ssl=1&resize=350%2C200","width":350,"height":200,"srcset":"https:\/\/i0.wp.com\/zeromagazine.mx\/wp-content\/uploads\/2024\/11\/unnamed.gif?fit=864%2C864&ssl=1&resize=350%2C200 1x, https:\/\/i0.wp.com\/zeromagazine.mx\/wp-content\/uploads\/2024\/11\/unnamed.gif?fit=864%2C864&ssl=1&resize=525%2C300 1.5x, https:\/\/i0.wp.com\/zeromagazine.mx\/wp-content\/uploads\/2024\/11\/unnamed.gif?fit=864%2C864&ssl=1&resize=700%2C400 2x"},"classes":[]},{"id":114220,"url":"https:\/\/zeromagazine.mx\/index.php\/2026\/01\/26\/bada-mexico-arte-directo-2026\/","url_meta":{"origin":113874,"position":5},"title":"BADA M\u00e9xico: arte sin intermediarios","author":"David Morales","date":"26 de enero de 2026","format":false,"excerpt":"BADA M\u00e9xico vuelve en 2026 para recordarnos que el arte no tiene por qu\u00e9 sentirse lejano, elitista ni complicado. Del\u00a05 al 8 de febrero, Campo Marte se transforma en un punto de encuentro donde el arte se vive sin filtros, sin intermediarios y, sobre todo, de frente.\u00a0BADA M\u00e9xico\u00a0no es solo\u2026","rel":"","context":"En \u00abCultura\u00bb","block_context":{"text":"Cultura","link":"https:\/\/zeromagazine.mx\/index.php\/category\/cultura\/"},"img":{"alt_text":"","src":"https:\/\/i0.wp.com\/zeromagazine.mx\/wp-content\/uploads\/2026\/01\/O9A4173-scaled.jpeg?fit=1200%2C800&ssl=1&resize=350%2C200","width":350,"height":200,"srcset":"https:\/\/i0.wp.com\/zeromagazine.mx\/wp-content\/uploads\/2026\/01\/O9A4173-scaled.jpeg?fit=1200%2C800&ssl=1&resize=350%2C200 1x, https:\/\/i0.wp.com\/zeromagazine.mx\/wp-content\/uploads\/2026\/01\/O9A4173-scaled.jpeg?fit=1200%2C800&ssl=1&resize=525%2C300 1.5x, https:\/\/i0.wp.com\/zeromagazine.mx\/wp-content\/uploads\/2026\/01\/O9A4173-scaled.jpeg?fit=1200%2C800&ssl=1&resize=700%2C400 2x, https:\/\/i0.wp.com\/zeromagazine.mx\/wp-content\/uploads\/2026\/01\/O9A4173-scaled.jpeg?fit=1200%2C800&ssl=1&resize=1050%2C600 3x"},"classes":[]}],"jetpack_sharing_enabled":true,"builder_content":"","_links":{"self":[{"href":"https:\/\/zeromagazine.mx\/index.php\/wp-json\/wp\/v2\/posts\/113874","targetHints":{"allow":["GET"]}}],"collection":[{"href":"https:\/\/zeromagazine.mx\/index.php\/wp-json\/wp\/v2\/posts"}],"about":[{"href":"https:\/\/zeromagazine.mx\/index.php\/wp-json\/wp\/v2\/types\/post"}],"author":[{"embeddable":true,"href":"https:\/\/zeromagazine.mx\/index.php\/wp-json\/wp\/v2\/users\/4"}],"replies":[{"embeddable":true,"href":"https:\/\/zeromagazine.mx\/index.php\/wp-json\/wp\/v2\/comments?post=113874"}],"version-history":[{"count":2,"href":"https:\/\/zeromagazine.mx\/index.php\/wp-json\/wp\/v2\/posts\/113874\/revisions"}],"predecessor-version":[{"id":113879,"href":"https:\/\/zeromagazine.mx\/index.php\/wp-json\/wp\/v2\/posts\/113874\/revisions\/113879"}],"wp:featuredmedia":[{"embeddable":true,"href":"https:\/\/zeromagazine.mx\/index.php\/wp-json\/wp\/v2\/media\/113875"}],"wp:attachment":[{"href":"https:\/\/zeromagazine.mx\/index.php\/wp-json\/wp\/v2\/media?parent=113874"}],"wp:term":[{"taxonomy":"category","embeddable":true,"href":"https:\/\/zeromagazine.mx\/index.php\/wp-json\/wp\/v2\/categories?post=113874"},{"taxonomy":"post_tag","embeddable":true,"href":"https:\/\/zeromagazine.mx\/index.php\/wp-json\/wp\/v2\/tags?post=113874"}],"curies":[{"name":"wp","href":"https:\/\/api.w.org\/{rel}","templated":true}]}}