{"id":113881,"date":"2026-01-22T08:22:32","date_gmt":"2026-01-22T14:22:32","guid":{"rendered":"https:\/\/zeromagazine.mx\/?p=113881"},"modified":"2026-01-22T08:22:33","modified_gmt":"2026-01-22T14:22:33","slug":"zegna-winter-26-estilo-celebridades","status":"publish","type":"post","link":"https:\/\/zeromagazine.mx\/index.php\/2026\/01\/22\/zegna-winter-26-estilo-celebridades\/","title":{"rendered":"ZEGNA Winter 26 redefine elegancia"},"content":{"rendered":"<!--themify_builder_content-->\n<div id=\"themify_builder_content-113881\" data-postid=\"113881\" class=\"themify_builder_content themify_builder_content-113881 themify_builder tf_clear\">\n    <\/div>\n<!--\/themify_builder_content-->\n\n\n<p>Si algo dej\u00f3 claro ZEGNA Winter 26, es que la elegancia ya no se trata de rigidez ni de reglas imposibles de seguir. Hoy el lujo se siente, se mueve y se vive con intenci\u00f3n. La presentaci\u00f3n de la colecci\u00f3n fue mucho m\u00e1s que una pasarela: fue un statement cultural donde la moda, el cine y la identidad masculina se encontraron sin esfuerzo.<\/p>\n\n\n\n<figure class=\"wp-block-image size-full\"><img data-recalc-dims=\"1\" decoding=\"async\" width=\"1165\" height=\"771\" src=\"https:\/\/i0.wp.com\/zeromagazine.mx\/wp-content\/uploads\/2026\/01\/IMG_6351.png?resize=1165%2C771&#038;ssl=1\" alt=\"\" class=\"wp-image-113882\" srcset=\"https:\/\/i0.wp.com\/zeromagazine.mx\/wp-content\/uploads\/2026\/01\/IMG_6351.png?w=1936&amp;ssl=1 1936w, https:\/\/i0.wp.com\/zeromagazine.mx\/wp-content\/uploads\/2026\/01\/IMG_6351.png?resize=300%2C199&amp;ssl=1 300w, https:\/\/i0.wp.com\/zeromagazine.mx\/wp-content\/uploads\/2026\/01\/IMG_6351.png?resize=1024%2C678&amp;ssl=1 1024w, https:\/\/i0.wp.com\/zeromagazine.mx\/wp-content\/uploads\/2026\/01\/IMG_6351.png?resize=768%2C509&amp;ssl=1 768w, https:\/\/i0.wp.com\/zeromagazine.mx\/wp-content\/uploads\/2026\/01\/IMG_6351.png?resize=1536%2C1017&amp;ssl=1 1536w, https:\/\/i0.wp.com\/zeromagazine.mx\/wp-content\/uploads\/2026\/01\/IMG_6351.png?resize=364%2C240&amp;ssl=1 364w\" sizes=\"(max-width: 1165px) 100vw, 1165px\" \/><\/figure>\n\n\n\n<p>Desde el primer momento, ZEGNA Winter 26 transmiti\u00f3 una energ\u00eda distinta. Nada de poses forzadas ni solemnidad exagerada. Aqu\u00ed, la sastrer\u00eda se suaviza, los cortes respiran y el estilo se vuelve una conversaci\u00f3n entre quien lo viste y el mundo que habita. Es justo ah\u00ed donde la marca italiana conecta con una nueva forma de entender el lujo: m\u00e1s real, m\u00e1s humano y definitivamente m\u00e1s actual.<\/p>\n\n\n\n<p><strong>ZEGNA Winter 26 y el nuevo poder del front row<\/strong><\/p>\n\n\n\n<p>Adem\u00e1s, el front row fue pr\u00e1cticamente una extensi\u00f3n de la colecci\u00f3n. Figuras como Mads Mikkelsen, Lee Pace y Matt Smith no solo asistieron, sino que encarnaron el esp\u00edritu de ZEGNA Winter 26 con una naturalidad absoluta. Cada uno, desde su propio universo creativo, aport\u00f3 una visi\u00f3n distinta de lo que significa vestir bien hoy: seguridad silenciosa, elegancia relajada y mucha personalidad.<\/p>\n\n\n\n<figure class=\"wp-block-image size-full\"><img data-recalc-dims=\"1\" decoding=\"async\" width=\"1165\" height=\"595\" src=\"https:\/\/i0.wp.com\/zeromagazine.mx\/wp-content\/uploads\/2026\/01\/IMG_6352.png?resize=1165%2C595&#038;ssl=1\" alt=\"\" class=\"wp-image-113883\" srcset=\"https:\/\/i0.wp.com\/zeromagazine.mx\/wp-content\/uploads\/2026\/01\/IMG_6352.png?w=1464&amp;ssl=1 1464w, https:\/\/i0.wp.com\/zeromagazine.mx\/wp-content\/uploads\/2026\/01\/IMG_6352.png?resize=300%2C153&amp;ssl=1 300w, https:\/\/i0.wp.com\/zeromagazine.mx\/wp-content\/uploads\/2026\/01\/IMG_6352.png?resize=1024%2C523&amp;ssl=1 1024w, https:\/\/i0.wp.com\/zeromagazine.mx\/wp-content\/uploads\/2026\/01\/IMG_6352.png?resize=768%2C392&amp;ssl=1 768w\" sizes=\"(max-width: 1165px) 100vw, 1165px\" \/><\/figure>\n\n\n\n<p>Por otro lado, la presencia de talentos del cine internacional dej\u00f3 claro que la moda ya no vive aislada. ZEGNA Winter 26 entiende que el estilo tambi\u00e9n se construye desde las historias que contamos, los personajes que interpretamos y la forma en la que habitamos los espacios. No es coincidencia que actores conocidos por su intensidad, carisma y profundidad conecten tan bien con la est\u00e9tica de la marca.<\/p>\n\n\n\n<p><strong>ZEGNA Winter 26 como experiencia, no solo colecci\u00f3n<\/strong><\/p>\n\n\n\n<p>Despu\u00e9s del desfile, la narrativa continu\u00f3 en un ambiente mucho m\u00e1s \u00edntimo. Y es que ZEGNA Winter 26 no se qued\u00f3 en la pasarela. La cena posterior funcion\u00f3 como un recordatorio de que el lujo contempor\u00e1neo tambi\u00e9n es comunidad, conversaci\u00f3n y conexi\u00f3n real. Nada de excesos innecesarios: todo estaba pensado para sentirse cercano, cuidado y aut\u00e9ntico.<\/p>\n\n\n\n<p>Asimismo, esta experiencia completa refuerza una idea clave: vestirse bien ya no es solo verse bien. Es saber qui\u00e9n eres, qu\u00e9 representas y c\u00f3mo te mueves en el mundo. ZEGNA Winter 26 habla justo de eso: de hombres que entienden la moda como una extensi\u00f3n de su identidad, no como un disfraz.<\/p>\n\n\n\n<figure class=\"wp-block-image size-full\"><img data-recalc-dims=\"1\" decoding=\"async\" width=\"1165\" height=\"1747\" src=\"https:\/\/i0.wp.com\/zeromagazine.mx\/wp-content\/uploads\/2026\/01\/IMG_6353-scaled.jpeg?resize=1165%2C1747&#038;ssl=1\" alt=\"\" class=\"wp-image-113884\" srcset=\"https:\/\/i0.wp.com\/zeromagazine.mx\/wp-content\/uploads\/2026\/01\/IMG_6353-scaled.jpeg?w=1707&amp;ssl=1 1707w, https:\/\/i0.wp.com\/zeromagazine.mx\/wp-content\/uploads\/2026\/01\/IMG_6353-scaled.jpeg?resize=200%2C300&amp;ssl=1 200w, https:\/\/i0.wp.com\/zeromagazine.mx\/wp-content\/uploads\/2026\/01\/IMG_6353-scaled.jpeg?resize=683%2C1024&amp;ssl=1 683w, https:\/\/i0.wp.com\/zeromagazine.mx\/wp-content\/uploads\/2026\/01\/IMG_6353-scaled.jpeg?resize=768%2C1152&amp;ssl=1 768w, https:\/\/i0.wp.com\/zeromagazine.mx\/wp-content\/uploads\/2026\/01\/IMG_6353-scaled.jpeg?resize=1024%2C1536&amp;ssl=1 1024w, https:\/\/i0.wp.com\/zeromagazine.mx\/wp-content\/uploads\/2026\/01\/IMG_6353-scaled.jpeg?resize=1366%2C2048&amp;ssl=1 1366w\" sizes=\"(max-width: 1165px) 100vw, 1165px\" \/><\/figure>\n\n\n\n<p>Finalmente, lo que hace tan relevante a ZEGNA Winter 26 es su capacidad de dialogar con el presente sin perder su herencia. La marca no intenta gritar ni llamar la atenci\u00f3n de forma obvia. Prefiere susurrar con intenci\u00f3n, apostar por la calidad emocional del dise\u00f1o y redefinir el lujo desde un lugar mucho m\u00e1s consciente.<\/p>\n\n\n\n<p>En resumen, ZEGNA Winter 26 no solo marca una temporada, sino una forma de estar. Y eso, hoy, es lo que realmente importa.<\/p>\n\n\n\n<figure class=\"wp-block-gallery has-nested-images columns-default is-cropped wp-block-gallery-1 is-layout-flex wp-block-gallery-is-layout-flex\"><\/figure>","protected":false},"excerpt":{"rendered":"<p>Si algo dej\u00f3 claro ZEGNA Winter 26, es que la elegancia ya no se trata de rigidez ni de reglas imposibles de seguir. Hoy el lujo se siente, se mueve y se vive con intenci\u00f3n. La presentaci\u00f3n de la colecci\u00f3n fue mucho m\u00e1s que una pasarela: fue un statement cultural donde la moda, el cine [&hellip;]<\/p>\n","protected":false},"author":6,"featured_media":113882,"comment_status":"open","ping_status":"open","sticky":false,"template":"","format":"standard","meta":{"_jetpack_memberships_contains_paid_content":false,"footnotes":"","jetpack_publicize_message":"","jetpack_publicize_feature_enabled":true,"jetpack_social_post_already_shared":true,"jetpack_social_options":{"image_generator_settings":{"template":"highway","default_image_id":0,"font":"","enabled":false},"version":2}},"categories":[67],"tags":[],"class_list":["post-113881","post","type-post","status-publish","format-standard","has-post-thumbnail","hentry","category-moda","has-post-title","has-post-date","has-post-category","has-post-tag","has-post-comment","has-post-author",""],"yoast_head":"<!-- This site is optimized with the Yoast SEO plugin v27.4 - https:\/\/yoast.com\/product\/yoast-seo-wordpress\/ -->\n<title>ZEGNA Winter 26 redefine elegancia - Zero Magazine<\/title>\n<meta name=\"description\" content=\"ZEGNA Winter 26 redefine el lujo masculino con estilo relajado, celebridades ic\u00f3nicas y una nueva visi\u00f3n de la elegancia contempor\u00e1nea.\" \/>\n<meta name=\"robots\" content=\"index, follow, max-snippet:-1, max-image-preview:large, max-video-preview:-1\" \/>\n<link rel=\"canonical\" href=\"https:\/\/zeromagazine.mx\/index.php\/2026\/01\/22\/zegna-winter-26-estilo-celebridades\/\" \/>\n<meta property=\"og:locale\" content=\"es_ES\" \/>\n<meta property=\"og:type\" content=\"article\" \/>\n<meta property=\"og:title\" content=\"ZEGNA Winter 26 redefine elegancia - Zero Magazine\" \/>\n<meta property=\"og:description\" content=\"ZEGNA Winter 26 redefine el lujo masculino con estilo relajado, celebridades ic\u00f3nicas y una nueva visi\u00f3n de la elegancia contempor\u00e1nea.\" \/>\n<meta property=\"og:url\" content=\"https:\/\/zeromagazine.mx\/index.php\/2026\/01\/22\/zegna-winter-26-estilo-celebridades\/\" \/>\n<meta property=\"og:site_name\" content=\"Zero Magazine\" \/>\n<meta property=\"article:published_time\" content=\"2026-01-22T14:22:32+00:00\" \/>\n<meta property=\"article:modified_time\" content=\"2026-01-22T14:22:33+00:00\" \/>\n<meta property=\"og:image\" content=\"http:\/\/zeromagazine.mx\/wp-content\/uploads\/2026\/01\/IMG_6351-1024x678.png\" \/>\n\t<meta property=\"og:image:width\" content=\"1024\" \/>\n\t<meta property=\"og:image:height\" content=\"678\" \/>\n\t<meta property=\"og:image:type\" content=\"image\/png\" \/>\n<meta name=\"author\" content=\"Luis Trujano\" \/>\n<meta name=\"twitter:card\" content=\"summary_large_image\" \/>\n<meta name=\"twitter:label1\" content=\"Escrito por\" \/>\n\t<meta name=\"twitter:data1\" content=\"Luis Trujano\" \/>\n\t<meta name=\"twitter:label2\" content=\"Tiempo de lectura\" \/>\n\t<meta name=\"twitter:data2\" content=\"3 minutos\" \/>\n<script type=\"application\/ld+json\" class=\"yoast-schema-graph\">{\"@context\":\"https:\\\/\\\/schema.org\",\"@graph\":[{\"@type\":\"Article\",\"@id\":\"https:\\\/\\\/zeromagazine.mx\\\/index.php\\\/2026\\\/01\\\/22\\\/zegna-winter-26-estilo-celebridades\\\/#article\",\"isPartOf\":{\"@id\":\"https:\\\/\\\/zeromagazine.mx\\\/index.php\\\/2026\\\/01\\\/22\\\/zegna-winter-26-estilo-celebridades\\\/\"},\"author\":{\"name\":\"Luis Trujano\",\"@id\":\"https:\\\/\\\/zeromagazine.mx\\\/#\\\/schema\\\/person\\\/118d2dc27eca6f07b968c953d12daa6b\"},\"headline\":\"ZEGNA Winter 26 redefine elegancia\",\"datePublished\":\"2026-01-22T14:22:32+00:00\",\"dateModified\":\"2026-01-22T14:22:33+00:00\",\"mainEntityOfPage\":{\"@id\":\"https:\\\/\\\/zeromagazine.mx\\\/index.php\\\/2026\\\/01\\\/22\\\/zegna-winter-26-estilo-celebridades\\\/\"},\"wordCount\":489,\"commentCount\":0,\"publisher\":{\"@id\":\"https:\\\/\\\/zeromagazine.mx\\\/#organization\"},\"image\":{\"@id\":\"https:\\\/\\\/zeromagazine.mx\\\/index.php\\\/2026\\\/01\\\/22\\\/zegna-winter-26-estilo-celebridades\\\/#primaryimage\"},\"thumbnailUrl\":\"https:\\\/\\\/i0.wp.com\\\/zeromagazine.mx\\\/wp-content\\\/uploads\\\/2026\\\/01\\\/IMG_6351.png?fit=1936%2C1282&ssl=1\",\"articleSection\":[\"Moda\"],\"inLanguage\":\"es\",\"potentialAction\":[{\"@type\":\"CommentAction\",\"name\":\"Comment\",\"target\":[\"https:\\\/\\\/zeromagazine.mx\\\/index.php\\\/2026\\\/01\\\/22\\\/zegna-winter-26-estilo-celebridades\\\/#respond\"]}]},{\"@type\":\"WebPage\",\"@id\":\"https:\\\/\\\/zeromagazine.mx\\\/index.php\\\/2026\\\/01\\\/22\\\/zegna-winter-26-estilo-celebridades\\\/\",\"url\":\"https:\\\/\\\/zeromagazine.mx\\\/index.php\\\/2026\\\/01\\\/22\\\/zegna-winter-26-estilo-celebridades\\\/\",\"name\":\"ZEGNA Winter 26 redefine elegancia - Zero Magazine\",\"isPartOf\":{\"@id\":\"https:\\\/\\\/zeromagazine.mx\\\/#website\"},\"primaryImageOfPage\":{\"@id\":\"https:\\\/\\\/zeromagazine.mx\\\/index.php\\\/2026\\\/01\\\/22\\\/zegna-winter-26-estilo-celebridades\\\/#primaryimage\"},\"image\":{\"@id\":\"https:\\\/\\\/zeromagazine.mx\\\/index.php\\\/2026\\\/01\\\/22\\\/zegna-winter-26-estilo-celebridades\\\/#primaryimage\"},\"thumbnailUrl\":\"https:\\\/\\\/i0.wp.com\\\/zeromagazine.mx\\\/wp-content\\\/uploads\\\/2026\\\/01\\\/IMG_6351.png?fit=1936%2C1282&ssl=1\",\"datePublished\":\"2026-01-22T14:22:32+00:00\",\"dateModified\":\"2026-01-22T14:22:33+00:00\",\"description\":\"ZEGNA Winter 26 redefine el lujo masculino con estilo relajado, celebridades ic\u00f3nicas y una nueva visi\u00f3n de la elegancia contempor\u00e1nea.\",\"breadcrumb\":{\"@id\":\"https:\\\/\\\/zeromagazine.mx\\\/index.php\\\/2026\\\/01\\\/22\\\/zegna-winter-26-estilo-celebridades\\\/#breadcrumb\"},\"inLanguage\":\"es\",\"potentialAction\":[{\"@type\":\"ReadAction\",\"target\":[\"https:\\\/\\\/zeromagazine.mx\\\/index.php\\\/2026\\\/01\\\/22\\\/zegna-winter-26-estilo-celebridades\\\/\"]}]},{\"@type\":\"ImageObject\",\"inLanguage\":\"es\",\"@id\":\"https:\\\/\\\/zeromagazine.mx\\\/index.php\\\/2026\\\/01\\\/22\\\/zegna-winter-26-estilo-celebridades\\\/#primaryimage\",\"url\":\"https:\\\/\\\/i0.wp.com\\\/zeromagazine.mx\\\/wp-content\\\/uploads\\\/2026\\\/01\\\/IMG_6351.png?fit=1936%2C1282&ssl=1\",\"contentUrl\":\"https:\\\/\\\/i0.wp.com\\\/zeromagazine.mx\\\/wp-content\\\/uploads\\\/2026\\\/01\\\/IMG_6351.png?fit=1936%2C1282&ssl=1\",\"width\":1936,\"height\":1282},{\"@type\":\"BreadcrumbList\",\"@id\":\"https:\\\/\\\/zeromagazine.mx\\\/index.php\\\/2026\\\/01\\\/22\\\/zegna-winter-26-estilo-celebridades\\\/#breadcrumb\",\"itemListElement\":[{\"@type\":\"ListItem\",\"position\":1,\"name\":\"Portada\",\"item\":\"https:\\\/\\\/zeromagazine.mx\\\/\"},{\"@type\":\"ListItem\",\"position\":2,\"name\":\"ZEGNA Winter 26 redefine elegancia\"}]},{\"@type\":\"WebSite\",\"@id\":\"https:\\\/\\\/zeromagazine.mx\\\/#website\",\"url\":\"https:\\\/\\\/zeromagazine.mx\\\/\",\"name\":\"Zero Magazine\",\"description\":\"\",\"publisher\":{\"@id\":\"https:\\\/\\\/zeromagazine.mx\\\/#organization\"},\"potentialAction\":[{\"@type\":\"SearchAction\",\"target\":{\"@type\":\"EntryPoint\",\"urlTemplate\":\"https:\\\/\\\/zeromagazine.mx\\\/?s={search_term_string}\"},\"query-input\":{\"@type\":\"PropertyValueSpecification\",\"valueRequired\":true,\"valueName\":\"search_term_string\"}}],\"inLanguage\":\"es\"},{\"@type\":\"Organization\",\"@id\":\"https:\\\/\\\/zeromagazine.mx\\\/#organization\",\"name\":\"Zero Magazine\",\"url\":\"https:\\\/\\\/zeromagazine.mx\\\/\",\"logo\":{\"@type\":\"ImageObject\",\"inLanguage\":\"es\",\"@id\":\"https:\\\/\\\/zeromagazine.mx\\\/#\\\/schema\\\/logo\\\/image\\\/\",\"url\":\"https:\\\/\\\/i0.wp.com\\\/zeromagazine.mx\\\/wp-content\\\/uploads\\\/2025\\\/11\\\/1.jpeg?fit=1000%2C1000&ssl=1\",\"contentUrl\":\"https:\\\/\\\/i0.wp.com\\\/zeromagazine.mx\\\/wp-content\\\/uploads\\\/2025\\\/11\\\/1.jpeg?fit=1000%2C1000&ssl=1\",\"width\":1000,\"height\":1000,\"caption\":\"Zero Magazine\"},\"image\":{\"@id\":\"https:\\\/\\\/zeromagazine.mx\\\/#\\\/schema\\\/logo\\\/image\\\/\"},\"sameAs\":[\"https:\\\/\\\/instagram.com\\\/zeromagazinemx\"]},{\"@type\":\"Person\",\"@id\":\"https:\\\/\\\/zeromagazine.mx\\\/#\\\/schema\\\/person\\\/118d2dc27eca6f07b968c953d12daa6b\",\"name\":\"Luis Trujano\",\"image\":{\"@type\":\"ImageObject\",\"inLanguage\":\"es\",\"@id\":\"https:\\\/\\\/zeromagazine.mx\\\/wp-content\\\/litespeed\\\/avatar\\\/fbd9d1d6aa4d21e2bb5be8b3155046c9.jpg?ver=1776970654\",\"url\":\"https:\\\/\\\/zeromagazine.mx\\\/wp-content\\\/litespeed\\\/avatar\\\/fbd9d1d6aa4d21e2bb5be8b3155046c9.jpg?ver=1776970654\",\"contentUrl\":\"https:\\\/\\\/zeromagazine.mx\\\/wp-content\\\/litespeed\\\/avatar\\\/fbd9d1d6aa4d21e2bb5be8b3155046c9.jpg?ver=1776970654\",\"caption\":\"Luis Trujano\"},\"url\":\"https:\\\/\\\/zeromagazine.mx\\\/index.php\\\/author\\\/luis-trujano\\\/\"}]}<\/script>\n<!-- \/ Yoast SEO plugin. -->","yoast_head_json":{"title":"ZEGNA Winter 26 redefine elegancia - Zero Magazine","description":"ZEGNA Winter 26 redefine el lujo masculino con estilo relajado, celebridades ic\u00f3nicas y una nueva visi\u00f3n de la elegancia contempor\u00e1nea.","robots":{"index":"index","follow":"follow","max-snippet":"max-snippet:-1","max-image-preview":"max-image-preview:large","max-video-preview":"max-video-preview:-1"},"canonical":"https:\/\/zeromagazine.mx\/index.php\/2026\/01\/22\/zegna-winter-26-estilo-celebridades\/","og_locale":"es_ES","og_type":"article","og_title":"ZEGNA Winter 26 redefine elegancia - Zero Magazine","og_description":"ZEGNA Winter 26 redefine el lujo masculino con estilo relajado, celebridades ic\u00f3nicas y una nueva visi\u00f3n de la elegancia contempor\u00e1nea.","og_url":"https:\/\/zeromagazine.mx\/index.php\/2026\/01\/22\/zegna-winter-26-estilo-celebridades\/","og_site_name":"Zero Magazine","article_published_time":"2026-01-22T14:22:32+00:00","article_modified_time":"2026-01-22T14:22:33+00:00","og_image":[{"width":1024,"height":678,"url":"http:\/\/zeromagazine.mx\/wp-content\/uploads\/2026\/01\/IMG_6351-1024x678.png","type":"image\/png"}],"author":"Luis Trujano","twitter_card":"summary_large_image","twitter_misc":{"Escrito por":"Luis Trujano","Tiempo de lectura":"3 minutos"},"schema":{"@context":"https:\/\/schema.org","@graph":[{"@type":"Article","@id":"https:\/\/zeromagazine.mx\/index.php\/2026\/01\/22\/zegna-winter-26-estilo-celebridades\/#article","isPartOf":{"@id":"https:\/\/zeromagazine.mx\/index.php\/2026\/01\/22\/zegna-winter-26-estilo-celebridades\/"},"author":{"name":"Luis Trujano","@id":"https:\/\/zeromagazine.mx\/#\/schema\/person\/118d2dc27eca6f07b968c953d12daa6b"},"headline":"ZEGNA Winter 26 redefine elegancia","datePublished":"2026-01-22T14:22:32+00:00","dateModified":"2026-01-22T14:22:33+00:00","mainEntityOfPage":{"@id":"https:\/\/zeromagazine.mx\/index.php\/2026\/01\/22\/zegna-winter-26-estilo-celebridades\/"},"wordCount":489,"commentCount":0,"publisher":{"@id":"https:\/\/zeromagazine.mx\/#organization"},"image":{"@id":"https:\/\/zeromagazine.mx\/index.php\/2026\/01\/22\/zegna-winter-26-estilo-celebridades\/#primaryimage"},"thumbnailUrl":"https:\/\/i0.wp.com\/zeromagazine.mx\/wp-content\/uploads\/2026\/01\/IMG_6351.png?fit=1936%2C1282&ssl=1","articleSection":["Moda"],"inLanguage":"es","potentialAction":[{"@type":"CommentAction","name":"Comment","target":["https:\/\/zeromagazine.mx\/index.php\/2026\/01\/22\/zegna-winter-26-estilo-celebridades\/#respond"]}]},{"@type":"WebPage","@id":"https:\/\/zeromagazine.mx\/index.php\/2026\/01\/22\/zegna-winter-26-estilo-celebridades\/","url":"https:\/\/zeromagazine.mx\/index.php\/2026\/01\/22\/zegna-winter-26-estilo-celebridades\/","name":"ZEGNA Winter 26 redefine elegancia - Zero Magazine","isPartOf":{"@id":"https:\/\/zeromagazine.mx\/#website"},"primaryImageOfPage":{"@id":"https:\/\/zeromagazine.mx\/index.php\/2026\/01\/22\/zegna-winter-26-estilo-celebridades\/#primaryimage"},"image":{"@id":"https:\/\/zeromagazine.mx\/index.php\/2026\/01\/22\/zegna-winter-26-estilo-celebridades\/#primaryimage"},"thumbnailUrl":"https:\/\/i0.wp.com\/zeromagazine.mx\/wp-content\/uploads\/2026\/01\/IMG_6351.png?fit=1936%2C1282&ssl=1","datePublished":"2026-01-22T14:22:32+00:00","dateModified":"2026-01-22T14:22:33+00:00","description":"ZEGNA Winter 26 redefine el lujo masculino con estilo relajado, celebridades ic\u00f3nicas y una nueva visi\u00f3n de la elegancia contempor\u00e1nea.","breadcrumb":{"@id":"https:\/\/zeromagazine.mx\/index.php\/2026\/01\/22\/zegna-winter-26-estilo-celebridades\/#breadcrumb"},"inLanguage":"es","potentialAction":[{"@type":"ReadAction","target":["https:\/\/zeromagazine.mx\/index.php\/2026\/01\/22\/zegna-winter-26-estilo-celebridades\/"]}]},{"@type":"ImageObject","inLanguage":"es","@id":"https:\/\/zeromagazine.mx\/index.php\/2026\/01\/22\/zegna-winter-26-estilo-celebridades\/#primaryimage","url":"https:\/\/i0.wp.com\/zeromagazine.mx\/wp-content\/uploads\/2026\/01\/IMG_6351.png?fit=1936%2C1282&ssl=1","contentUrl":"https:\/\/i0.wp.com\/zeromagazine.mx\/wp-content\/uploads\/2026\/01\/IMG_6351.png?fit=1936%2C1282&ssl=1","width":1936,"height":1282},{"@type":"BreadcrumbList","@id":"https:\/\/zeromagazine.mx\/index.php\/2026\/01\/22\/zegna-winter-26-estilo-celebridades\/#breadcrumb","itemListElement":[{"@type":"ListItem","position":1,"name":"Portada","item":"https:\/\/zeromagazine.mx\/"},{"@type":"ListItem","position":2,"name":"ZEGNA Winter 26 redefine elegancia"}]},{"@type":"WebSite","@id":"https:\/\/zeromagazine.mx\/#website","url":"https:\/\/zeromagazine.mx\/","name":"Zero Magazine","description":"","publisher":{"@id":"https:\/\/zeromagazine.mx\/#organization"},"potentialAction":[{"@type":"SearchAction","target":{"@type":"EntryPoint","urlTemplate":"https:\/\/zeromagazine.mx\/?s={search_term_string}"},"query-input":{"@type":"PropertyValueSpecification","valueRequired":true,"valueName":"search_term_string"}}],"inLanguage":"es"},{"@type":"Organization","@id":"https:\/\/zeromagazine.mx\/#organization","name":"Zero Magazine","url":"https:\/\/zeromagazine.mx\/","logo":{"@type":"ImageObject","inLanguage":"es","@id":"https:\/\/zeromagazine.mx\/#\/schema\/logo\/image\/","url":"https:\/\/i0.wp.com\/zeromagazine.mx\/wp-content\/uploads\/2025\/11\/1.jpeg?fit=1000%2C1000&ssl=1","contentUrl":"https:\/\/i0.wp.com\/zeromagazine.mx\/wp-content\/uploads\/2025\/11\/1.jpeg?fit=1000%2C1000&ssl=1","width":1000,"height":1000,"caption":"Zero Magazine"},"image":{"@id":"https:\/\/zeromagazine.mx\/#\/schema\/logo\/image\/"},"sameAs":["https:\/\/instagram.com\/zeromagazinemx"]},{"@type":"Person","@id":"https:\/\/zeromagazine.mx\/#\/schema\/person\/118d2dc27eca6f07b968c953d12daa6b","name":"Luis Trujano","image":{"@type":"ImageObject","inLanguage":"es","@id":"https:\/\/zeromagazine.mx\/wp-content\/litespeed\/avatar\/fbd9d1d6aa4d21e2bb5be8b3155046c9.jpg?ver=1776970654","url":"https:\/\/zeromagazine.mx\/wp-content\/litespeed\/avatar\/fbd9d1d6aa4d21e2bb5be8b3155046c9.jpg?ver=1776970654","contentUrl":"https:\/\/zeromagazine.mx\/wp-content\/litespeed\/avatar\/fbd9d1d6aa4d21e2bb5be8b3155046c9.jpg?ver=1776970654","caption":"Luis Trujano"},"url":"https:\/\/zeromagazine.mx\/index.php\/author\/luis-trujano\/"}]}},"jetpack_publicize_connections":[],"jetpack_featured_media_url":"https:\/\/i0.wp.com\/zeromagazine.mx\/wp-content\/uploads\/2026\/01\/IMG_6351.png?fit=1936%2C1282&ssl=1","jetpack-related-posts":[{"id":114181,"url":"https:\/\/zeromagazine.mx\/index.php\/2026\/01\/26\/zegna-winter-2026-sastreria-moderna\/","url_meta":{"origin":113881,"position":0},"title":"ZEGNA Winter 2026 redefine el lujo","author":"zeromagazinemx","date":"26 de enero de 2026","format":false,"excerpt":"Si pensabas que la sastrer\u00eda era cosa del pasado, pi\u00e9nsalo otra vez. ZEGNA Winter 2026 llega para demostrar que el traje no solo sigue vivo, sino que est\u00e1 teniendo uno de sus momentos m\u00e1s interesantes. Bajo la direcci\u00f3n creativa de Alessandro Sartori, la firma italiana propone un armario que se\u2026","rel":"","context":"En \u00abModa\u00bb","block_context":{"text":"Moda","link":"https:\/\/zeromagazine.mx\/index.php\/category\/moda\/"},"img":{"alt_text":"","src":"https:\/\/i0.wp.com\/zeromagazine.mx\/wp-content\/uploads\/2026\/01\/1000049120.jpg?fit=675%2C1200&ssl=1&resize=350%2C200","width":350,"height":200,"srcset":"https:\/\/i0.wp.com\/zeromagazine.mx\/wp-content\/uploads\/2026\/01\/1000049120.jpg?fit=675%2C1200&ssl=1&resize=350%2C200 1x, https:\/\/i0.wp.com\/zeromagazine.mx\/wp-content\/uploads\/2026\/01\/1000049120.jpg?fit=675%2C1200&ssl=1&resize=525%2C300 1.5x"},"classes":[]},{"id":83247,"url":"https:\/\/zeromagazine.mx\/index.php\/2024\/09\/05\/lujo-invernal-con-zegna-vibes\/","url_meta":{"origin":113881,"position":1},"title":"\u00abLujo Invernal con ZEGNA Vibes\u00bb","author":"zeromagazinemx","date":"5 de septiembre de 2024","format":false,"excerpt":"\u00a1Hola a tod@s! D\u00e9jame contarte un poco sobre la moda masculina m\u00e1s incre\u00edble del momento.\u00a0ZEGNA FW24\u00a0no es solo otra colecci\u00f3n; es un viaje hacia las ra\u00edces de la marca, donde\u00a0Mads Mikkelsen\u00a0y\u00a0Wu Lei\u00a0te llevan de paseo por\u00a0Oasi Zegna, el coraz\u00f3n de todo lo que representa este ic\u00f3nico nombre en la moda\u2026","rel":"","context":"En \u00abModa\u00bb","block_context":{"text":"Moda","link":"https:\/\/zeromagazine.mx\/index.php\/category\/moda\/"},"img":{"alt_text":"","src":"https:\/\/i0.wp.com\/zeromagazine.mx\/wp-content\/uploads\/2024\/09\/ZEGNA-HERO-6_ADV-CAMPAIGN_WU-LEI.jpg?fit=1200%2C838&ssl=1&resize=350%2C200","width":350,"height":200,"srcset":"https:\/\/i0.wp.com\/zeromagazine.mx\/wp-content\/uploads\/2024\/09\/ZEGNA-HERO-6_ADV-CAMPAIGN_WU-LEI.jpg?fit=1200%2C838&ssl=1&resize=350%2C200 1x, https:\/\/i0.wp.com\/zeromagazine.mx\/wp-content\/uploads\/2024\/09\/ZEGNA-HERO-6_ADV-CAMPAIGN_WU-LEI.jpg?fit=1200%2C838&ssl=1&resize=525%2C300 1.5x, https:\/\/i0.wp.com\/zeromagazine.mx\/wp-content\/uploads\/2024\/09\/ZEGNA-HERO-6_ADV-CAMPAIGN_WU-LEI.jpg?fit=1200%2C838&ssl=1&resize=700%2C400 2x, https:\/\/i0.wp.com\/zeromagazine.mx\/wp-content\/uploads\/2024\/09\/ZEGNA-HERO-6_ADV-CAMPAIGN_WU-LEI.jpg?fit=1200%2C838&ssl=1&resize=1050%2C600 3x"},"classes":[]},{"id":95822,"url":"https:\/\/zeromagazine.mx\/index.php\/2025\/02\/09\/zegna-elegancia-monocromatica\/","url_meta":{"origin":113881,"position":2},"title":"ZEGNA: Elegancia monocrom\u00e1tica","author":"David Morales","date":"9 de febrero de 2025","format":false,"excerpt":"Alessandro Sartori lo hizo de nuevo, amix. Para la temporada Fall\/Winter 2025, el director creativo de ZEGNA nos regala una propuesta que equilibra lo cl\u00e1sico con lo inesperado. Su visi\u00f3n monocrom\u00e1tica no es solo una elecci\u00f3n est\u00e9tica, sino una declaraci\u00f3n de estilo que redefine la elegancia contempor\u00e1nea. Minimalismo ZEGNA Para\u2026","rel":"","context":"En \u00abModa\u00bb","block_context":{"text":"Moda","link":"https:\/\/zeromagazine.mx\/index.php\/category\/moda\/"},"img":{"alt_text":"","src":"https:\/\/i0.wp.com\/zeromagazine.mx\/wp-content\/uploads\/2025\/02\/Zegna-Winter-25-Look-08.jpg?fit=960%2C1200&ssl=1&resize=350%2C200","width":350,"height":200,"srcset":"https:\/\/i0.wp.com\/zeromagazine.mx\/wp-content\/uploads\/2025\/02\/Zegna-Winter-25-Look-08.jpg?fit=960%2C1200&ssl=1&resize=350%2C200 1x, https:\/\/i0.wp.com\/zeromagazine.mx\/wp-content\/uploads\/2025\/02\/Zegna-Winter-25-Look-08.jpg?fit=960%2C1200&ssl=1&resize=525%2C300 1.5x, https:\/\/i0.wp.com\/zeromagazine.mx\/wp-content\/uploads\/2025\/02\/Zegna-Winter-25-Look-08.jpg?fit=960%2C1200&ssl=1&resize=700%2C400 2x"},"classes":[]},{"id":109966,"url":"https:\/\/zeromagazine.mx\/index.php\/2025\/11\/03\/zegna-monterrey-reapertura-lujo\/","url_meta":{"origin":113881,"position":3},"title":"ZEGNA Monterrey: el nuevo lujo con alma italiana","author":"zeromagazinemx","date":"3 de noviembre de 2025","format":false,"excerpt":"Cuando el lujo se siente, se nota. Y eso es justo lo que logra ZEGNA Monterrey, la nueva versi\u00f3n del ic\u00f3nico Negozio que acaba de reabrir sus puertas en una de las ciudades m\u00e1s vibrantes de M\u00e9xico. Este espacio no solo es una tienda, es una experiencia que mezcla dise\u00f1o,\u2026","rel":"","context":"En \u00abModa\u00bb","block_context":{"text":"Moda","link":"https:\/\/zeromagazine.mx\/index.php\/category\/moda\/"},"img":{"alt_text":"","src":"https:\/\/i0.wp.com\/zeromagazine.mx\/wp-content\/uploads\/2025\/11\/1000038785-1-scaled.jpg?fit=800%2C1200&ssl=1&resize=350%2C200","width":350,"height":200,"srcset":"https:\/\/i0.wp.com\/zeromagazine.mx\/wp-content\/uploads\/2025\/11\/1000038785-1-scaled.jpg?fit=800%2C1200&ssl=1&resize=350%2C200 1x, https:\/\/i0.wp.com\/zeromagazine.mx\/wp-content\/uploads\/2025\/11\/1000038785-1-scaled.jpg?fit=800%2C1200&ssl=1&resize=525%2C300 1.5x, https:\/\/i0.wp.com\/zeromagazine.mx\/wp-content\/uploads\/2025\/11\/1000038785-1-scaled.jpg?fit=800%2C1200&ssl=1&resize=700%2C400 2x"},"classes":[]},{"id":83682,"url":"https:\/\/zeromagazine.mx\/index.php\/2024\/09\/11\/villa-zegna-nycs-fashion-immersion\/","url_meta":{"origin":113881,"position":4},"title":"VILLA ZEGNA: NYC\u2019s Fashion Immersion","author":"zeromagazinemx","date":"11 de septiembre de 2024","format":false,"excerpt":"\u00a1Holaaa Fashionistas! Si est\u00e1n buscando la \u00faltima novedad en el mundo del lujo y la moda, prep\u00e1rense para lo que ZEGNA est\u00e1 lanzando en la Gran Manzana. La ic\u00f3nica marca de moda italiana est\u00e1 llevando su experiencia \u201cVILLA ZEGNA\u201d a Nueva York, y cr\u00e9anme, no querr\u00e1n perderse esto. \u00bfListxs para\u2026","rel":"","context":"En \u00abEntretenimiento\u00bb","block_context":{"text":"Entretenimiento","link":"https:\/\/zeromagazine.mx\/index.php\/category\/entretenimiento\/"},"img":{"alt_text":"","src":"https:\/\/i0.wp.com\/zeromagazine.mx\/wp-content\/uploads\/2024\/09\/VILLA-ZEGNA-NYC_ELEVATOR.jpg?fit=1200%2C675&ssl=1&resize=350%2C200","width":350,"height":200,"srcset":"https:\/\/i0.wp.com\/zeromagazine.mx\/wp-content\/uploads\/2024\/09\/VILLA-ZEGNA-NYC_ELEVATOR.jpg?fit=1200%2C675&ssl=1&resize=350%2C200 1x, https:\/\/i0.wp.com\/zeromagazine.mx\/wp-content\/uploads\/2024\/09\/VILLA-ZEGNA-NYC_ELEVATOR.jpg?fit=1200%2C675&ssl=1&resize=525%2C300 1.5x, https:\/\/i0.wp.com\/zeromagazine.mx\/wp-content\/uploads\/2024\/09\/VILLA-ZEGNA-NYC_ELEVATOR.jpg?fit=1200%2C675&ssl=1&resize=700%2C400 2x, https:\/\/i0.wp.com\/zeromagazine.mx\/wp-content\/uploads\/2024\/09\/VILLA-ZEGNA-NYC_ELEVATOR.jpg?fit=1200%2C675&ssl=1&resize=1050%2C600 3x"},"classes":[]},{"id":93106,"url":"https:\/\/zeromagazine.mx\/index.php\/2024\/12\/13\/zegna-pequenos-lujos\/","url_meta":{"origin":113881,"position":5},"title":"Zegna Peque\u00f1os Lujos","author":"zeromagazinemx","date":"13 de diciembre de 2024","format":false,"excerpt":"Peque\u00f1os Lujos Zegna Amix, peque\u00f1os lujos Zegna tiene para ti La temporada de fiestas siempre est\u00e1 llena de magia, pero lo que realmente marca la diferencia son esos peque\u00f1os detalles que hacen que todo se sienta m\u00e1s especial. Este a\u00f1o, Zegna ha lanzado una selecci\u00f3n exclusiva de\u00a0Peque\u00f1os Lujos, dise\u00f1ados para\u2026","rel":"","context":"En \u00abModa\u00bb","block_context":{"text":"Moda","link":"https:\/\/zeromagazine.mx\/index.php\/category\/moda\/"},"img":{"alt_text":"","src":"https:\/\/i0.wp.com\/zeromagazine.mx\/wp-content\/uploads\/2024\/12\/EZ0252-5147E-F.jpg?fit=900%2C1200&ssl=1&resize=350%2C200","width":350,"height":200,"srcset":"https:\/\/i0.wp.com\/zeromagazine.mx\/wp-content\/uploads\/2024\/12\/EZ0252-5147E-F.jpg?fit=900%2C1200&ssl=1&resize=350%2C200 1x, https:\/\/i0.wp.com\/zeromagazine.mx\/wp-content\/uploads\/2024\/12\/EZ0252-5147E-F.jpg?fit=900%2C1200&ssl=1&resize=525%2C300 1.5x, https:\/\/i0.wp.com\/zeromagazine.mx\/wp-content\/uploads\/2024\/12\/EZ0252-5147E-F.jpg?fit=900%2C1200&ssl=1&resize=700%2C400 2x"},"classes":[]}],"jetpack_sharing_enabled":true,"builder_content":"","_links":{"self":[{"href":"https:\/\/zeromagazine.mx\/index.php\/wp-json\/wp\/v2\/posts\/113881","targetHints":{"allow":["GET"]}}],"collection":[{"href":"https:\/\/zeromagazine.mx\/index.php\/wp-json\/wp\/v2\/posts"}],"about":[{"href":"https:\/\/zeromagazine.mx\/index.php\/wp-json\/wp\/v2\/types\/post"}],"author":[{"embeddable":true,"href":"https:\/\/zeromagazine.mx\/index.php\/wp-json\/wp\/v2\/users\/6"}],"replies":[{"embeddable":true,"href":"https:\/\/zeromagazine.mx\/index.php\/wp-json\/wp\/v2\/comments?post=113881"}],"version-history":[{"count":2,"href":"https:\/\/zeromagazine.mx\/index.php\/wp-json\/wp\/v2\/posts\/113881\/revisions"}],"predecessor-version":[{"id":113886,"href":"https:\/\/zeromagazine.mx\/index.php\/wp-json\/wp\/v2\/posts\/113881\/revisions\/113886"}],"wp:featuredmedia":[{"embeddable":true,"href":"https:\/\/zeromagazine.mx\/index.php\/wp-json\/wp\/v2\/media\/113882"}],"wp:attachment":[{"href":"https:\/\/zeromagazine.mx\/index.php\/wp-json\/wp\/v2\/media?parent=113881"}],"wp:term":[{"taxonomy":"category","embeddable":true,"href":"https:\/\/zeromagazine.mx\/index.php\/wp-json\/wp\/v2\/categories?post=113881"},{"taxonomy":"post_tag","embeddable":true,"href":"https:\/\/zeromagazine.mx\/index.php\/wp-json\/wp\/v2\/tags?post=113881"}],"curies":[{"name":"wp","href":"https:\/\/api.w.org\/{rel}","templated":true}]}}