{"id":113933,"date":"2026-01-22T12:51:32","date_gmt":"2026-01-22T18:51:32","guid":{"rendered":"https:\/\/zeromagazine.mx\/?p=113933"},"modified":"2026-01-22T12:52:07","modified_gmt":"2026-01-22T18:52:07","slug":"imagenes-exclusivas-amos-del-universo","status":"publish","type":"post","link":"https:\/\/zeromagazine.mx\/index.php\/2026\/01\/22\/imagenes-exclusivas-amos-del-universo\/","title":{"rendered":"Amos del Universo estrena im\u00e1genes exclusivas"},"content":{"rendered":"<!--themify_builder_content-->\n<div id=\"themify_builder_content-113933\" data-postid=\"113933\" class=\"themify_builder_content themify_builder_content-113933 themify_builder tf_clear\">\n    <\/div>\n<!--\/themify_builder_content-->\n\n\n<p>Las <strong>nuevas im\u00e1genes exclusivas de <em>Amos del Universo<\/em><\/strong> acaban de llegar y est\u00e1n encendiendo el hype como pocas veces. No se trata solo de un vistazo promocional: estos nuevos stills funcionan como una <strong>carta visual de intenci\u00f3n<\/strong>, dejando claro que la pel\u00edcula apostar\u00e1 por <strong>\u00e9pica, est\u00e9tica poderosa y un universo visual completamente renovado<\/strong>.<\/p>\n\n\n\n<p>Desde los primeros encuadres, las im\u00e1genes revelan una <strong>reinterpretaci\u00f3n cinematogr\u00e1fica de Eternia<\/strong> que combina fantas\u00eda, ciencia ficci\u00f3n y una vibra m\u00edstica digna de una franquicia legendaria. Cada fotograma parece dise\u00f1ado para construir un mundo m\u00e1s grande, m\u00e1s intenso y emocionalmente m\u00e1s profundo que nunca.<\/p>\n\n\n\n<p>Adem\u00e1s, el cuidado en la composici\u00f3n, el color y la iluminaci\u00f3n sugiere que esta adaptaci\u00f3n busca convertirse en un <strong>evento visual imprescindible en la pantalla grande<\/strong>.<\/p>\n\n\n\n<h2 class=\"wp-block-heading\"><strong>Amos del Universo y el impacto visual de He-Man<\/strong><\/h2>\n\n\n\n<figure class=\"wp-block-image size-large\"><img data-recalc-dims=\"1\" decoding=\"async\" width=\"1024\" height=\"524\" src=\"https:\/\/i0.wp.com\/zeromagazine.mx\/wp-content\/uploads\/2026\/01\/unnamed-23-1024x524.jpg?resize=1024%2C524&#038;ssl=1\" alt=\"\" class=\"wp-image-113935\" srcset=\"https:\/\/i0.wp.com\/zeromagazine.mx\/wp-content\/uploads\/2026\/01\/unnamed-23-scaled.jpg?resize=1024%2C524&amp;ssl=1 1024w, https:\/\/i0.wp.com\/zeromagazine.mx\/wp-content\/uploads\/2026\/01\/unnamed-23-scaled.jpg?resize=300%2C153&amp;ssl=1 300w, https:\/\/i0.wp.com\/zeromagazine.mx\/wp-content\/uploads\/2026\/01\/unnamed-23-scaled.jpg?resize=768%2C393&amp;ssl=1 768w, https:\/\/i0.wp.com\/zeromagazine.mx\/wp-content\/uploads\/2026\/01\/unnamed-23-scaled.jpg?resize=1536%2C786&amp;ssl=1 1536w, https:\/\/i0.wp.com\/zeromagazine.mx\/wp-content\/uploads\/2026\/01\/unnamed-23-scaled.jpg?resize=2048%2C1048&amp;ssl=1 2048w, https:\/\/i0.wp.com\/zeromagazine.mx\/wp-content\/uploads\/2026\/01\/unnamed-23-scaled.jpg?w=2330 2330w\" sizes=\"(max-width: 1024px) 100vw, 1024px\" \/><\/figure>\n\n\n\n<p>Una de las mayores revelaciones en estas <strong>im\u00e1genes exclusivas de <em>Amos del Universo<\/em><\/strong> es el nuevo vistazo a <strong>Nicholas Galitzine como el pr\u00edncipe Adam \/ He-Man<\/strong>. Su dise\u00f1o mezcla poder f\u00edsico, nobleza heroica y un aire contempor\u00e1neo que refresca al personaje sin perder su esencia cl\u00e1sica.<\/p>\n\n\n\n<p>Asimismo, el vestuario y la postura proyectan un h\u00e9roe <strong>m\u00e1s emocional, m\u00e1s humano y m\u00e1s conectado con su destino<\/strong>, mientras que la <strong>Espada del Poder<\/strong> recibe un redise\u00f1o visualmente impresionante: m\u00e1s imponente, m\u00e1s simb\u00f3lica y cargada de energ\u00eda m\u00edstica.<\/p>\n\n\n\n<p>Por otro lado, estas im\u00e1genes sugieren que la transformaci\u00f3n de Adam en He-Man ser\u00e1 un momento <strong>cinematogr\u00e1ficamente ic\u00f3nico<\/strong>, con un enfoque visual que refuerza la mitolog\u00eda del personaje.<\/p>\n\n\n\n<h2 class=\"wp-block-heading\"><strong>Amos del Universo revela un Eternia m\u00e1s oscuro y \u00e9pico<\/strong><\/h2>\n\n\n\n<figure class=\"wp-block-image size-large\"><img data-recalc-dims=\"1\" decoding=\"async\" width=\"1024\" height=\"524\" src=\"https:\/\/i0.wp.com\/zeromagazine.mx\/wp-content\/uploads\/2026\/01\/unnamed-22-1024x524.jpg?resize=1024%2C524&#038;ssl=1\" alt=\"\" class=\"wp-image-113936\" srcset=\"https:\/\/i0.wp.com\/zeromagazine.mx\/wp-content\/uploads\/2026\/01\/unnamed-22-scaled.jpg?resize=1024%2C524&amp;ssl=1 1024w, https:\/\/i0.wp.com\/zeromagazine.mx\/wp-content\/uploads\/2026\/01\/unnamed-22-scaled.jpg?resize=300%2C153&amp;ssl=1 300w, https:\/\/i0.wp.com\/zeromagazine.mx\/wp-content\/uploads\/2026\/01\/unnamed-22-scaled.jpg?resize=768%2C393&amp;ssl=1 768w, https:\/\/i0.wp.com\/zeromagazine.mx\/wp-content\/uploads\/2026\/01\/unnamed-22-scaled.jpg?resize=1536%2C786&amp;ssl=1 1536w, https:\/\/i0.wp.com\/zeromagazine.mx\/wp-content\/uploads\/2026\/01\/unnamed-22-scaled.jpg?resize=2048%2C1048&amp;ssl=1 2048w, https:\/\/i0.wp.com\/zeromagazine.mx\/wp-content\/uploads\/2026\/01\/unnamed-22-scaled.jpg?w=2330 2330w\" sizes=\"(max-width: 1024px) 100vw, 1024px\" \/><\/figure>\n\n\n\n<p>Otra gran protagonista de estas nuevas im\u00e1genes es <strong>la versi\u00f3n renovada de Skeletor<\/strong>, interpretado por Jared Leto. Su apariencia proyecta una presencia <strong>m\u00e1s intimidante, oscura y sobrenatural<\/strong>, combinando elementos tecnol\u00f3gicos y m\u00edsticos que elevan al villano a una escala visual completamente nueva.<\/p>\n\n\n\n<p>Teela, interpretada por Camila Mendes, tambi\u00e9n destaca en los stills exclusivos, mostrando un look que transmite <strong>liderazgo, fuerza y modernidad<\/strong>, posicion\u00e1ndola como una figura clave dentro del conflicto narrativo.<\/p>\n\n\n\n<p>Mientras tanto, los escenarios de Eternia \u2014desde palacios monumentales hasta ruinas cargadas de historia\u2014 sugieren un mundo <strong>rico en lore, tragedia y grandeza visual<\/strong>. Cada imagen parece contar una historia propia, expandiendo el universo antes incluso del estreno.<\/p>\n\n\n\n<h2 class=\"wp-block-heading\"><strong>Adem\u00e1s, las im\u00e1genes confirman una experiencia cinematogr\u00e1fica premium<\/strong><\/h2>\n\n\n\n<p>Adem\u00e1s, el estilo visual deja claro que <em><strong>Amos del Universo<\/strong><\/em> est\u00e1 pensada como una <strong>experiencia cinematogr\u00e1fica total<\/strong>. La paleta de colores, el dise\u00f1o de producci\u00f3n y la escala de los sets apuntan a una pel\u00edcula que busca <strong>redefinir c\u00f3mo se adapta una franquicia cl\u00e1sica para el p\u00fablico actual<\/strong>.<\/p>\n\n\n\n<p>Por otro lado, estas im\u00e1genes exclusivas funcionan como una promesa visual: <strong>acci\u00f3n \u00e9pica, magia, drama, nostalgia y una nueva era para He-Man<\/strong>.<\/p>\n\n\n\n<p>Cada nuevo vistazo refuerza la sensaci\u00f3n de que <strong>Eternia est\u00e1 lista para renacer en el cine<\/strong>, con una propuesta visual tan poderosa como su legado cultural.<\/p>\n\n\n\n<p><strong>Estreno en cines:<\/strong> 4 de junio de 2026<br><strong>Solo en cines<\/strong><\/p>","protected":false},"excerpt":{"rendered":"<p>Las nuevas im\u00e1genes exclusivas de Amos del Universo acaban de llegar y est\u00e1n encendiendo el hype como pocas veces. No se trata solo de un vistazo promocional: estos nuevos stills funcionan como una carta visual de intenci\u00f3n, dejando claro que la pel\u00edcula apostar\u00e1 por \u00e9pica, est\u00e9tica poderosa y un universo visual completamente renovado. Desde los [&hellip;]<\/p>\n","protected":false},"author":2,"featured_media":113934,"comment_status":"open","ping_status":"open","sticky":false,"template":"","format":"standard","meta":{"_jetpack_memberships_contains_paid_content":false,"footnotes":"","jetpack_publicize_message":"","jetpack_publicize_feature_enabled":true,"jetpack_social_post_already_shared":true,"jetpack_social_options":{"image_generator_settings":{"template":"highway","default_image_id":0,"font":"","enabled":false},"version":2}},"categories":[109,117],"tags":[],"class_list":["post-113933","post","type-post","status-publish","format-standard","has-post-thumbnail","hentry","category-cine","category-entretenimiento","has-post-title","has-post-date","has-post-category","has-post-tag","has-post-comment","has-post-author",""],"yoast_head":"<!-- This site is optimized with the Yoast SEO plugin v27.4 - https:\/\/yoast.com\/product\/yoast-seo-wordpress\/ -->\n<title>Amos del Universo estrena im\u00e1genes exclusivas - Zero Magazine<\/title>\n<meta name=\"description\" content=\"Descubre las nuevas im\u00e1genes exclusivas de Amos del Universo, con He-Man, Skeletor y el primer vistazo al nuevo Eternia.\" \/>\n<meta name=\"robots\" content=\"index, follow, max-snippet:-1, max-image-preview:large, max-video-preview:-1\" \/>\n<link rel=\"canonical\" href=\"https:\/\/zeromagazine.mx\/index.php\/2026\/01\/22\/imagenes-exclusivas-amos-del-universo\/\" \/>\n<meta property=\"og:locale\" content=\"es_ES\" \/>\n<meta property=\"og:type\" content=\"article\" \/>\n<meta property=\"og:title\" content=\"Amos del Universo estrena im\u00e1genes exclusivas - Zero Magazine\" \/>\n<meta property=\"og:description\" content=\"Descubre las nuevas im\u00e1genes exclusivas de Amos del Universo, con He-Man, Skeletor y el primer vistazo al nuevo Eternia.\" \/>\n<meta property=\"og:url\" content=\"https:\/\/zeromagazine.mx\/index.php\/2026\/01\/22\/imagenes-exclusivas-amos-del-universo\/\" \/>\n<meta property=\"og:site_name\" content=\"Zero Magazine\" \/>\n<meta property=\"article:published_time\" content=\"2026-01-22T18:51:32+00:00\" \/>\n<meta property=\"article:modified_time\" content=\"2026-01-22T18:52:07+00:00\" \/>\n<meta property=\"og:image\" content=\"http:\/\/zeromagazine.mx\/wp-content\/uploads\/2026\/01\/unnamed-21-scaled.jpg\" \/>\n\t<meta property=\"og:image:width\" content=\"2560\" \/>\n\t<meta property=\"og:image:height\" content=\"1308\" \/>\n\t<meta property=\"og:image:type\" content=\"image\/jpeg\" \/>\n<meta name=\"author\" content=\"zeromagazinemx\" \/>\n<meta name=\"twitter:card\" content=\"summary_large_image\" \/>\n<meta name=\"twitter:label1\" content=\"Escrito por\" \/>\n\t<meta name=\"twitter:data1\" content=\"zeromagazinemx\" \/>\n\t<meta name=\"twitter:label2\" content=\"Tiempo de lectura\" \/>\n\t<meta name=\"twitter:data2\" content=\"3 minutos\" \/>\n<script type=\"application\/ld+json\" class=\"yoast-schema-graph\">{\"@context\":\"https:\\\/\\\/schema.org\",\"@graph\":[{\"@type\":\"Article\",\"@id\":\"https:\\\/\\\/zeromagazine.mx\\\/index.php\\\/2026\\\/01\\\/22\\\/imagenes-exclusivas-amos-del-universo\\\/#article\",\"isPartOf\":{\"@id\":\"https:\\\/\\\/zeromagazine.mx\\\/index.php\\\/2026\\\/01\\\/22\\\/imagenes-exclusivas-amos-del-universo\\\/\"},\"author\":{\"name\":\"zeromagazinemx\",\"@id\":\"https:\\\/\\\/zeromagazine.mx\\\/#\\\/schema\\\/person\\\/9aed9f33a7c39af3a348b86d723f7773\"},\"headline\":\"Amos del Universo estrena im\u00e1genes exclusivas\",\"datePublished\":\"2026-01-22T18:51:32+00:00\",\"dateModified\":\"2026-01-22T18:52:07+00:00\",\"mainEntityOfPage\":{\"@id\":\"https:\\\/\\\/zeromagazine.mx\\\/index.php\\\/2026\\\/01\\\/22\\\/imagenes-exclusivas-amos-del-universo\\\/\"},\"wordCount\":545,\"commentCount\":0,\"publisher\":{\"@id\":\"https:\\\/\\\/zeromagazine.mx\\\/#organization\"},\"image\":{\"@id\":\"https:\\\/\\\/zeromagazine.mx\\\/index.php\\\/2026\\\/01\\\/22\\\/imagenes-exclusivas-amos-del-universo\\\/#primaryimage\"},\"thumbnailUrl\":\"https:\\\/\\\/i0.wp.com\\\/zeromagazine.mx\\\/wp-content\\\/uploads\\\/2026\\\/01\\\/unnamed-21-scaled.jpg?fit=2560%2C1308&ssl=1\",\"articleSection\":[\"Cine\",\"Entretenimiento\"],\"inLanguage\":\"es\",\"potentialAction\":[{\"@type\":\"CommentAction\",\"name\":\"Comment\",\"target\":[\"https:\\\/\\\/zeromagazine.mx\\\/index.php\\\/2026\\\/01\\\/22\\\/imagenes-exclusivas-amos-del-universo\\\/#respond\"]}]},{\"@type\":\"WebPage\",\"@id\":\"https:\\\/\\\/zeromagazine.mx\\\/index.php\\\/2026\\\/01\\\/22\\\/imagenes-exclusivas-amos-del-universo\\\/\",\"url\":\"https:\\\/\\\/zeromagazine.mx\\\/index.php\\\/2026\\\/01\\\/22\\\/imagenes-exclusivas-amos-del-universo\\\/\",\"name\":\"Amos del Universo estrena im\u00e1genes exclusivas - Zero Magazine\",\"isPartOf\":{\"@id\":\"https:\\\/\\\/zeromagazine.mx\\\/#website\"},\"primaryImageOfPage\":{\"@id\":\"https:\\\/\\\/zeromagazine.mx\\\/index.php\\\/2026\\\/01\\\/22\\\/imagenes-exclusivas-amos-del-universo\\\/#primaryimage\"},\"image\":{\"@id\":\"https:\\\/\\\/zeromagazine.mx\\\/index.php\\\/2026\\\/01\\\/22\\\/imagenes-exclusivas-amos-del-universo\\\/#primaryimage\"},\"thumbnailUrl\":\"https:\\\/\\\/i0.wp.com\\\/zeromagazine.mx\\\/wp-content\\\/uploads\\\/2026\\\/01\\\/unnamed-21-scaled.jpg?fit=2560%2C1308&ssl=1\",\"datePublished\":\"2026-01-22T18:51:32+00:00\",\"dateModified\":\"2026-01-22T18:52:07+00:00\",\"description\":\"Descubre las nuevas im\u00e1genes exclusivas de Amos del Universo, con He-Man, Skeletor y el primer vistazo al nuevo Eternia.\",\"breadcrumb\":{\"@id\":\"https:\\\/\\\/zeromagazine.mx\\\/index.php\\\/2026\\\/01\\\/22\\\/imagenes-exclusivas-amos-del-universo\\\/#breadcrumb\"},\"inLanguage\":\"es\",\"potentialAction\":[{\"@type\":\"ReadAction\",\"target\":[\"https:\\\/\\\/zeromagazine.mx\\\/index.php\\\/2026\\\/01\\\/22\\\/imagenes-exclusivas-amos-del-universo\\\/\"]}]},{\"@type\":\"ImageObject\",\"inLanguage\":\"es\",\"@id\":\"https:\\\/\\\/zeromagazine.mx\\\/index.php\\\/2026\\\/01\\\/22\\\/imagenes-exclusivas-amos-del-universo\\\/#primaryimage\",\"url\":\"https:\\\/\\\/i0.wp.com\\\/zeromagazine.mx\\\/wp-content\\\/uploads\\\/2026\\\/01\\\/unnamed-21-scaled.jpg?fit=2560%2C1308&ssl=1\",\"contentUrl\":\"https:\\\/\\\/i0.wp.com\\\/zeromagazine.mx\\\/wp-content\\\/uploads\\\/2026\\\/01\\\/unnamed-21-scaled.jpg?fit=2560%2C1308&ssl=1\",\"width\":2560,\"height\":1308},{\"@type\":\"BreadcrumbList\",\"@id\":\"https:\\\/\\\/zeromagazine.mx\\\/index.php\\\/2026\\\/01\\\/22\\\/imagenes-exclusivas-amos-del-universo\\\/#breadcrumb\",\"itemListElement\":[{\"@type\":\"ListItem\",\"position\":1,\"name\":\"Portada\",\"item\":\"https:\\\/\\\/zeromagazine.mx\\\/\"},{\"@type\":\"ListItem\",\"position\":2,\"name\":\"Amos del Universo estrena im\u00e1genes exclusivas\"}]},{\"@type\":\"WebSite\",\"@id\":\"https:\\\/\\\/zeromagazine.mx\\\/#website\",\"url\":\"https:\\\/\\\/zeromagazine.mx\\\/\",\"name\":\"Zero Magazine\",\"description\":\"\",\"publisher\":{\"@id\":\"https:\\\/\\\/zeromagazine.mx\\\/#organization\"},\"potentialAction\":[{\"@type\":\"SearchAction\",\"target\":{\"@type\":\"EntryPoint\",\"urlTemplate\":\"https:\\\/\\\/zeromagazine.mx\\\/?s={search_term_string}\"},\"query-input\":{\"@type\":\"PropertyValueSpecification\",\"valueRequired\":true,\"valueName\":\"search_term_string\"}}],\"inLanguage\":\"es\"},{\"@type\":\"Organization\",\"@id\":\"https:\\\/\\\/zeromagazine.mx\\\/#organization\",\"name\":\"Zero Magazine\",\"url\":\"https:\\\/\\\/zeromagazine.mx\\\/\",\"logo\":{\"@type\":\"ImageObject\",\"inLanguage\":\"es\",\"@id\":\"https:\\\/\\\/zeromagazine.mx\\\/#\\\/schema\\\/logo\\\/image\\\/\",\"url\":\"https:\\\/\\\/i0.wp.com\\\/zeromagazine.mx\\\/wp-content\\\/uploads\\\/2025\\\/11\\\/1.jpeg?fit=1000%2C1000&ssl=1\",\"contentUrl\":\"https:\\\/\\\/i0.wp.com\\\/zeromagazine.mx\\\/wp-content\\\/uploads\\\/2025\\\/11\\\/1.jpeg?fit=1000%2C1000&ssl=1\",\"width\":1000,\"height\":1000,\"caption\":\"Zero Magazine\"},\"image\":{\"@id\":\"https:\\\/\\\/zeromagazine.mx\\\/#\\\/schema\\\/logo\\\/image\\\/\"},\"sameAs\":[\"https:\\\/\\\/instagram.com\\\/zeromagazinemx\"]},{\"@type\":\"Person\",\"@id\":\"https:\\\/\\\/zeromagazine.mx\\\/#\\\/schema\\\/person\\\/9aed9f33a7c39af3a348b86d723f7773\",\"name\":\"zeromagazinemx\",\"image\":{\"@type\":\"ImageObject\",\"inLanguage\":\"es\",\"@id\":\"https:\\\/\\\/zeromagazine.mx\\\/wp-content\\\/litespeed\\\/avatar\\\/f91dfe5410d5dcb1a576bf8c45983896.jpg?ver=1776966396\",\"url\":\"https:\\\/\\\/zeromagazine.mx\\\/wp-content\\\/litespeed\\\/avatar\\\/f91dfe5410d5dcb1a576bf8c45983896.jpg?ver=1776966396\",\"contentUrl\":\"https:\\\/\\\/zeromagazine.mx\\\/wp-content\\\/litespeed\\\/avatar\\\/f91dfe5410d5dcb1a576bf8c45983896.jpg?ver=1776966396\",\"caption\":\"zeromagazinemx\"},\"url\":\"https:\\\/\\\/zeromagazine.mx\\\/index.php\\\/author\\\/zeromagazinemx\\\/\"}]}<\/script>\n<!-- \/ Yoast SEO plugin. -->","yoast_head_json":{"title":"Amos del Universo estrena im\u00e1genes exclusivas - Zero Magazine","description":"Descubre las nuevas im\u00e1genes exclusivas de Amos del Universo, con He-Man, Skeletor y el primer vistazo al nuevo Eternia.","robots":{"index":"index","follow":"follow","max-snippet":"max-snippet:-1","max-image-preview":"max-image-preview:large","max-video-preview":"max-video-preview:-1"},"canonical":"https:\/\/zeromagazine.mx\/index.php\/2026\/01\/22\/imagenes-exclusivas-amos-del-universo\/","og_locale":"es_ES","og_type":"article","og_title":"Amos del Universo estrena im\u00e1genes exclusivas - Zero Magazine","og_description":"Descubre las nuevas im\u00e1genes exclusivas de Amos del Universo, con He-Man, Skeletor y el primer vistazo al nuevo Eternia.","og_url":"https:\/\/zeromagazine.mx\/index.php\/2026\/01\/22\/imagenes-exclusivas-amos-del-universo\/","og_site_name":"Zero Magazine","article_published_time":"2026-01-22T18:51:32+00:00","article_modified_time":"2026-01-22T18:52:07+00:00","og_image":[{"width":2560,"height":1308,"url":"http:\/\/zeromagazine.mx\/wp-content\/uploads\/2026\/01\/unnamed-21-scaled.jpg","type":"image\/jpeg"}],"author":"zeromagazinemx","twitter_card":"summary_large_image","twitter_misc":{"Escrito por":"zeromagazinemx","Tiempo de lectura":"3 minutos"},"schema":{"@context":"https:\/\/schema.org","@graph":[{"@type":"Article","@id":"https:\/\/zeromagazine.mx\/index.php\/2026\/01\/22\/imagenes-exclusivas-amos-del-universo\/#article","isPartOf":{"@id":"https:\/\/zeromagazine.mx\/index.php\/2026\/01\/22\/imagenes-exclusivas-amos-del-universo\/"},"author":{"name":"zeromagazinemx","@id":"https:\/\/zeromagazine.mx\/#\/schema\/person\/9aed9f33a7c39af3a348b86d723f7773"},"headline":"Amos del Universo estrena im\u00e1genes exclusivas","datePublished":"2026-01-22T18:51:32+00:00","dateModified":"2026-01-22T18:52:07+00:00","mainEntityOfPage":{"@id":"https:\/\/zeromagazine.mx\/index.php\/2026\/01\/22\/imagenes-exclusivas-amos-del-universo\/"},"wordCount":545,"commentCount":0,"publisher":{"@id":"https:\/\/zeromagazine.mx\/#organization"},"image":{"@id":"https:\/\/zeromagazine.mx\/index.php\/2026\/01\/22\/imagenes-exclusivas-amos-del-universo\/#primaryimage"},"thumbnailUrl":"https:\/\/i0.wp.com\/zeromagazine.mx\/wp-content\/uploads\/2026\/01\/unnamed-21-scaled.jpg?fit=2560%2C1308&ssl=1","articleSection":["Cine","Entretenimiento"],"inLanguage":"es","potentialAction":[{"@type":"CommentAction","name":"Comment","target":["https:\/\/zeromagazine.mx\/index.php\/2026\/01\/22\/imagenes-exclusivas-amos-del-universo\/#respond"]}]},{"@type":"WebPage","@id":"https:\/\/zeromagazine.mx\/index.php\/2026\/01\/22\/imagenes-exclusivas-amos-del-universo\/","url":"https:\/\/zeromagazine.mx\/index.php\/2026\/01\/22\/imagenes-exclusivas-amos-del-universo\/","name":"Amos del Universo estrena im\u00e1genes exclusivas - Zero Magazine","isPartOf":{"@id":"https:\/\/zeromagazine.mx\/#website"},"primaryImageOfPage":{"@id":"https:\/\/zeromagazine.mx\/index.php\/2026\/01\/22\/imagenes-exclusivas-amos-del-universo\/#primaryimage"},"image":{"@id":"https:\/\/zeromagazine.mx\/index.php\/2026\/01\/22\/imagenes-exclusivas-amos-del-universo\/#primaryimage"},"thumbnailUrl":"https:\/\/i0.wp.com\/zeromagazine.mx\/wp-content\/uploads\/2026\/01\/unnamed-21-scaled.jpg?fit=2560%2C1308&ssl=1","datePublished":"2026-01-22T18:51:32+00:00","dateModified":"2026-01-22T18:52:07+00:00","description":"Descubre las nuevas im\u00e1genes exclusivas de Amos del Universo, con He-Man, Skeletor y el primer vistazo al nuevo Eternia.","breadcrumb":{"@id":"https:\/\/zeromagazine.mx\/index.php\/2026\/01\/22\/imagenes-exclusivas-amos-del-universo\/#breadcrumb"},"inLanguage":"es","potentialAction":[{"@type":"ReadAction","target":["https:\/\/zeromagazine.mx\/index.php\/2026\/01\/22\/imagenes-exclusivas-amos-del-universo\/"]}]},{"@type":"ImageObject","inLanguage":"es","@id":"https:\/\/zeromagazine.mx\/index.php\/2026\/01\/22\/imagenes-exclusivas-amos-del-universo\/#primaryimage","url":"https:\/\/i0.wp.com\/zeromagazine.mx\/wp-content\/uploads\/2026\/01\/unnamed-21-scaled.jpg?fit=2560%2C1308&ssl=1","contentUrl":"https:\/\/i0.wp.com\/zeromagazine.mx\/wp-content\/uploads\/2026\/01\/unnamed-21-scaled.jpg?fit=2560%2C1308&ssl=1","width":2560,"height":1308},{"@type":"BreadcrumbList","@id":"https:\/\/zeromagazine.mx\/index.php\/2026\/01\/22\/imagenes-exclusivas-amos-del-universo\/#breadcrumb","itemListElement":[{"@type":"ListItem","position":1,"name":"Portada","item":"https:\/\/zeromagazine.mx\/"},{"@type":"ListItem","position":2,"name":"Amos del Universo estrena im\u00e1genes exclusivas"}]},{"@type":"WebSite","@id":"https:\/\/zeromagazine.mx\/#website","url":"https:\/\/zeromagazine.mx\/","name":"Zero Magazine","description":"","publisher":{"@id":"https:\/\/zeromagazine.mx\/#organization"},"potentialAction":[{"@type":"SearchAction","target":{"@type":"EntryPoint","urlTemplate":"https:\/\/zeromagazine.mx\/?s={search_term_string}"},"query-input":{"@type":"PropertyValueSpecification","valueRequired":true,"valueName":"search_term_string"}}],"inLanguage":"es"},{"@type":"Organization","@id":"https:\/\/zeromagazine.mx\/#organization","name":"Zero Magazine","url":"https:\/\/zeromagazine.mx\/","logo":{"@type":"ImageObject","inLanguage":"es","@id":"https:\/\/zeromagazine.mx\/#\/schema\/logo\/image\/","url":"https:\/\/i0.wp.com\/zeromagazine.mx\/wp-content\/uploads\/2025\/11\/1.jpeg?fit=1000%2C1000&ssl=1","contentUrl":"https:\/\/i0.wp.com\/zeromagazine.mx\/wp-content\/uploads\/2025\/11\/1.jpeg?fit=1000%2C1000&ssl=1","width":1000,"height":1000,"caption":"Zero Magazine"},"image":{"@id":"https:\/\/zeromagazine.mx\/#\/schema\/logo\/image\/"},"sameAs":["https:\/\/instagram.com\/zeromagazinemx"]},{"@type":"Person","@id":"https:\/\/zeromagazine.mx\/#\/schema\/person\/9aed9f33a7c39af3a348b86d723f7773","name":"zeromagazinemx","image":{"@type":"ImageObject","inLanguage":"es","@id":"https:\/\/zeromagazine.mx\/wp-content\/litespeed\/avatar\/f91dfe5410d5dcb1a576bf8c45983896.jpg?ver=1776966396","url":"https:\/\/zeromagazine.mx\/wp-content\/litespeed\/avatar\/f91dfe5410d5dcb1a576bf8c45983896.jpg?ver=1776966396","contentUrl":"https:\/\/zeromagazine.mx\/wp-content\/litespeed\/avatar\/f91dfe5410d5dcb1a576bf8c45983896.jpg?ver=1776966396","caption":"zeromagazinemx"},"url":"https:\/\/zeromagazine.mx\/index.php\/author\/zeromagazinemx\/"}]}},"jetpack_publicize_connections":[],"jetpack_featured_media_url":"https:\/\/i0.wp.com\/zeromagazine.mx\/wp-content\/uploads\/2026\/01\/unnamed-21-scaled.jpg?fit=2560%2C1308&ssl=1","jetpack-related-posts":[{"id":113903,"url":"https:\/\/zeromagazine.mx\/index.php\/2026\/01\/22\/amos-del-universo-he-man-regreso-cine\/","url_meta":{"origin":113933,"position":0},"title":"Amos del Universo regresa \u00e9pico","author":"zeromagazinemx","date":"22 de enero de 2026","format":false,"excerpt":"La nostalgia acaba de activarse en modo m\u00e1ximo, porque Amos del Universo est\u00e1 oficialmente de vuelta en la pantalla grande. El primer avance ya dej\u00f3 claro algo: He-Man regresa m\u00e1s poderoso, m\u00e1s m\u00edtico y m\u00e1s cinematogr\u00e1fico que nunca, listo para enfrentarse al ic\u00f3nico Skeletor y proteger los secretos del legendario\u2026","rel":"","context":"En \u00abCine\u00bb","block_context":{"text":"Cine","link":"https:\/\/zeromagazine.mx\/index.php\/category\/entretenimiento\/cine\/"},"img":{"alt_text":"","src":"https:\/\/i0.wp.com\/zeromagazine.mx\/wp-content\/uploads\/2026\/01\/unnamed-8.png?resize=350%2C200&ssl=1","width":350,"height":200,"srcset":"https:\/\/i0.wp.com\/zeromagazine.mx\/wp-content\/uploads\/2026\/01\/unnamed-8.png?resize=350%2C200&ssl=1 1x, https:\/\/i0.wp.com\/zeromagazine.mx\/wp-content\/uploads\/2026\/01\/unnamed-8.png?resize=525%2C300&ssl=1 1.5x"},"classes":[]},{"id":113927,"url":"https:\/\/zeromagazine.mx\/index.php\/2026\/01\/22\/amos-del-universo-he-man-trailer-2026\/","url_meta":{"origin":113933,"position":1},"title":"Amos del Universo regresa con He-Man","author":"zeromagazinemx","date":"22 de enero de 2026","format":false,"excerpt":"El poder de la nostalgia acaba de activarse en modo m\u00e1ximo. Amos del Universo vuelve a la pantalla grande con un tr\u00e1iler y p\u00f3ster que se sienten como una carta de amor a la fantas\u00eda, la acci\u00f3n y las infancias marcadas por Eternia. Y s\u00ed: Nicholas Galitzine como He-Man ya\u2026","rel":"","context":"En \u00abCine\u00bb","block_context":{"text":"Cine","link":"https:\/\/zeromagazine.mx\/index.php\/category\/entretenimiento\/cine\/"},"img":{"alt_text":"","src":"https:\/\/i0.wp.com\/zeromagazine.mx\/wp-content\/uploads\/2026\/01\/unnamed-20.jpg?fit=960%2C1200&ssl=1&resize=350%2C200","width":350,"height":200,"srcset":"https:\/\/i0.wp.com\/zeromagazine.mx\/wp-content\/uploads\/2026\/01\/unnamed-20.jpg?fit=960%2C1200&ssl=1&resize=350%2C200 1x, https:\/\/i0.wp.com\/zeromagazine.mx\/wp-content\/uploads\/2026\/01\/unnamed-20.jpg?fit=960%2C1200&ssl=1&resize=525%2C300 1.5x, https:\/\/i0.wp.com\/zeromagazine.mx\/wp-content\/uploads\/2026\/01\/unnamed-20.jpg?fit=960%2C1200&ssl=1&resize=700%2C400 2x"},"classes":[]},{"id":115991,"url":"https:\/\/zeromagazine.mx\/index.php\/2026\/02\/27\/kenia-os-gira-exclusiva-2026\/","url_meta":{"origin":113933,"position":2},"title":"KENIA OS DESATA UNA NUEVA ERA CON UNA GIRA EXCLUSIVA","author":"David Morales","date":"27 de febrero de 2026","format":false,"excerpt":"La nueva etapa de\u00a0Kenia OS\u00a0no viene en modo discreto. Viene intensa, visual, conceptual y totalmente alineada con su evoluci\u00f3n art\u00edstica. La\u00a0Kenia OS gira exclusiva\u00a0marca el inicio oficial de la era\u00a0K DE KARMA, un cap\u00edtulo que no solo presenta m\u00fasica nueva, sino una narrativa completa que conecta directo con su fandom.\u2026","rel":"","context":"En \u00abBlog\u00bb","block_context":{"text":"Blog","link":"https:\/\/zeromagazine.mx\/index.php\/category\/blog\/"},"img":{"alt_text":"","src":"https:\/\/i0.wp.com\/zeromagazine.mx\/wp-content\/uploads\/2026\/02\/KARMA-GIRA-APODACA.jpeg?fit=1080%2C828&ssl=1&resize=350%2C200","width":350,"height":200,"srcset":"https:\/\/i0.wp.com\/zeromagazine.mx\/wp-content\/uploads\/2026\/02\/KARMA-GIRA-APODACA.jpeg?fit=1080%2C828&ssl=1&resize=350%2C200 1x, https:\/\/i0.wp.com\/zeromagazine.mx\/wp-content\/uploads\/2026\/02\/KARMA-GIRA-APODACA.jpeg?fit=1080%2C828&ssl=1&resize=525%2C300 1.5x, https:\/\/i0.wp.com\/zeromagazine.mx\/wp-content\/uploads\/2026\/02\/KARMA-GIRA-APODACA.jpeg?fit=1080%2C828&ssl=1&resize=700%2C400 2x, https:\/\/i0.wp.com\/zeromagazine.mx\/wp-content\/uploads\/2026\/02\/KARMA-GIRA-APODACA.jpeg?fit=1080%2C828&ssl=1&resize=1050%2C600 3x"},"classes":[]},{"id":118361,"url":"https:\/\/zeromagazine.mx\/index.php\/2026\/04\/14\/lucid-dreams-danna\/","url_meta":{"origin":113933,"position":3},"title":"DANNA SALTA A ESCENARIOS INTERNACIONALES CON \u201dLUCID DREAMS\u201d","author":"David Morales","date":"14 de abril de 2026","format":false,"excerpt":"Entre sue\u00f1os l\u00facidos, est\u00e9tica surrealista y ambici\u00f3n global, Danna redefine su narrativa con el primer cap\u00edtulo de su \u00e1lbum conceptual. Hay momentos en la carrera de un artista donde todo cambia. Este es uno de ellos. LUCID DREAMS Danna: un portal entre lo real y lo on\u00edrico Despu\u00e9s de 25\u2026","rel":"","context":"En \u00abM\u00fasica\u00bb","block_context":{"text":"M\u00fasica","link":"https:\/\/zeromagazine.mx\/index.php\/category\/musica\/"},"img":{"alt_text":"LUCID DREAMS Danna portada oficial con est\u00e9tica surrealista y on\u00edrica","src":"https:\/\/i0.wp.com\/zeromagazine.mx\/wp-content\/uploads\/2026\/04\/IMG_6684-scaled.jpeg?fit=1200%2C761&ssl=1&resize=350%2C200","width":350,"height":200,"srcset":"https:\/\/i0.wp.com\/zeromagazine.mx\/wp-content\/uploads\/2026\/04\/IMG_6684-scaled.jpeg?fit=1200%2C761&ssl=1&resize=350%2C200 1x, https:\/\/i0.wp.com\/zeromagazine.mx\/wp-content\/uploads\/2026\/04\/IMG_6684-scaled.jpeg?fit=1200%2C761&ssl=1&resize=525%2C300 1.5x, https:\/\/i0.wp.com\/zeromagazine.mx\/wp-content\/uploads\/2026\/04\/IMG_6684-scaled.jpeg?fit=1200%2C761&ssl=1&resize=700%2C400 2x, https:\/\/i0.wp.com\/zeromagazine.mx\/wp-content\/uploads\/2026\/04\/IMG_6684-scaled.jpeg?fit=1200%2C761&ssl=1&resize=1050%2C600 3x"},"classes":[]},{"id":118836,"url":"https:\/\/zeromagazine.mx\/index.php\/2026\/04\/17\/la-mirada-de-mujeres-fotografas-fujifilm\/","url_meta":{"origin":113933,"position":4},"title":"La mirada de mujeres fot\u00f3grafas de Fujifilm MX","author":"David Morales","date":"17 de abril de 2026","format":false,"excerpt":"Un encuentro que no solo habla de fotograf\u00eda, sino de memoria, intuici\u00f3n y la forma en la que las mujeres est\u00e1n redefiniendo c\u00f3mo vemos el mundo. Hay im\u00e1genes que capturan momentos\u2026 y otras que construyen historia.As\u00ed se vivi\u00f3 \u201cOtra perspectiva: La mirada de mujeres fot\u00f3grafas\u201d, el encuentro impulsado por\u00a0Fujifilm\u00a0en M\u00e9xico\u2026","rel":"","context":"En \u00abBlog\u00bb","block_context":{"text":"Blog","link":"https:\/\/zeromagazine.mx\/index.php\/category\/blog\/"},"img":{"alt_text":"","src":"https:\/\/i0.wp.com\/zeromagazine.mx\/wp-content\/uploads\/2026\/04\/IMG_2184.jpeg?fit=1200%2C800&ssl=1&resize=350%2C200","width":350,"height":200,"srcset":"https:\/\/i0.wp.com\/zeromagazine.mx\/wp-content\/uploads\/2026\/04\/IMG_2184.jpeg?fit=1200%2C800&ssl=1&resize=350%2C200 1x, https:\/\/i0.wp.com\/zeromagazine.mx\/wp-content\/uploads\/2026\/04\/IMG_2184.jpeg?fit=1200%2C800&ssl=1&resize=525%2C300 1.5x, https:\/\/i0.wp.com\/zeromagazine.mx\/wp-content\/uploads\/2026\/04\/IMG_2184.jpeg?fit=1200%2C800&ssl=1&resize=700%2C400 2x, https:\/\/i0.wp.com\/zeromagazine.mx\/wp-content\/uploads\/2026\/04\/IMG_2184.jpeg?fit=1200%2C800&ssl=1&resize=1050%2C600 3x"},"classes":[]},{"id":117313,"url":"https:\/\/zeromagazine.mx\/index.php\/2026\/03\/25\/avatar-fire-and-ash-streaming\/","url_meta":{"origin":113933,"position":5},"title":"Avatar Fire and Ash streaming ya","author":"zeromagazinemx","date":"25 de marzo de 2026","format":false,"excerpt":"El regreso a Pandora ya no es solo cosa del cine. Avatar: Fire and Ash est\u00e1 listo para llegar a casa y, honestamente, viene con todo para convertirse en uno de esos estrenos que s\u00ed vale repetir\u2026 varias veces. Dirigida por James Cameron, esta nueva entrega no solo contin\u00faa la\u2026","rel":"","context":"En \u00abBlog\u00bb","block_context":{"text":"Blog","link":"https:\/\/zeromagazine.mx\/index.php\/category\/blog\/"},"img":{"alt_text":"","src":"https:\/\/i0.wp.com\/zeromagazine.mx\/wp-content\/uploads\/2026\/03\/Avatar_-Fire-and-Ash-2400x2400-1.jpg?fit=1200%2C1200&ssl=1&resize=350%2C200","width":350,"height":200,"srcset":"https:\/\/i0.wp.com\/zeromagazine.mx\/wp-content\/uploads\/2026\/03\/Avatar_-Fire-and-Ash-2400x2400-1.jpg?fit=1200%2C1200&ssl=1&resize=350%2C200 1x, https:\/\/i0.wp.com\/zeromagazine.mx\/wp-content\/uploads\/2026\/03\/Avatar_-Fire-and-Ash-2400x2400-1.jpg?fit=1200%2C1200&ssl=1&resize=525%2C300 1.5x, https:\/\/i0.wp.com\/zeromagazine.mx\/wp-content\/uploads\/2026\/03\/Avatar_-Fire-and-Ash-2400x2400-1.jpg?fit=1200%2C1200&ssl=1&resize=700%2C400 2x, https:\/\/i0.wp.com\/zeromagazine.mx\/wp-content\/uploads\/2026\/03\/Avatar_-Fire-and-Ash-2400x2400-1.jpg?fit=1200%2C1200&ssl=1&resize=1050%2C600 3x"},"classes":[]}],"jetpack_sharing_enabled":true,"builder_content":"","_links":{"self":[{"href":"https:\/\/zeromagazine.mx\/index.php\/wp-json\/wp\/v2\/posts\/113933","targetHints":{"allow":["GET"]}}],"collection":[{"href":"https:\/\/zeromagazine.mx\/index.php\/wp-json\/wp\/v2\/posts"}],"about":[{"href":"https:\/\/zeromagazine.mx\/index.php\/wp-json\/wp\/v2\/types\/post"}],"author":[{"embeddable":true,"href":"https:\/\/zeromagazine.mx\/index.php\/wp-json\/wp\/v2\/users\/2"}],"replies":[{"embeddable":true,"href":"https:\/\/zeromagazine.mx\/index.php\/wp-json\/wp\/v2\/comments?post=113933"}],"version-history":[{"count":2,"href":"https:\/\/zeromagazine.mx\/index.php\/wp-json\/wp\/v2\/posts\/113933\/revisions"}],"predecessor-version":[{"id":113938,"href":"https:\/\/zeromagazine.mx\/index.php\/wp-json\/wp\/v2\/posts\/113933\/revisions\/113938"}],"wp:featuredmedia":[{"embeddable":true,"href":"https:\/\/zeromagazine.mx\/index.php\/wp-json\/wp\/v2\/media\/113934"}],"wp:attachment":[{"href":"https:\/\/zeromagazine.mx\/index.php\/wp-json\/wp\/v2\/media?parent=113933"}],"wp:term":[{"taxonomy":"category","embeddable":true,"href":"https:\/\/zeromagazine.mx\/index.php\/wp-json\/wp\/v2\/categories?post=113933"},{"taxonomy":"post_tag","embeddable":true,"href":"https:\/\/zeromagazine.mx\/index.php\/wp-json\/wp\/v2\/tags?post=113933"}],"curies":[{"name":"wp","href":"https:\/\/api.w.org\/{rel}","templated":true}]}}