{"id":113939,"date":"2026-01-22T16:15:55","date_gmt":"2026-01-22T22:15:55","guid":{"rendered":"https:\/\/zeromagazine.mx\/?p=113939"},"modified":"2026-01-22T16:15:57","modified_gmt":"2026-01-22T22:15:57","slug":"peru-intermoda-84-moda-mexicana","status":"publish","type":"post","link":"https:\/\/zeromagazine.mx\/index.php\/2026\/01\/22\/peru-intermoda-84-moda-mexicana\/","title":{"rendered":"Per\u00fa en INTERMODA 84 domina"},"content":{"rendered":"<!--themify_builder_content-->\n<div id=\"themify_builder_content-113939\" data-postid=\"113939\" class=\"themify_builder_content themify_builder_content-113939 themify_builder tf_clear\">\n    <\/div>\n<!--\/themify_builder_content-->\n\n\n<p>La moda latinoamericana est\u00e1 viviendo un momento clave, y Per\u00fa en INTERMODA 84 es una de esas jugadas que lo confirma. Del 20 al 23 de enero, Expo Guadalajara se convierte en el punto donde dise\u00f1o, negocio y sostenibilidad se cruzan, y Per\u00fa llega con una propuesta clara: no solo producir, sino construir moda con visi\u00f3n global.<\/p>\n\n\n\n<p>Lejos de ser solo un proveedor m\u00e1s, Per\u00fa en INTERMODA 84 se presenta como un socio estrat\u00e9gico que entiende lo que hoy buscan las marcas: calidad real, procesos responsables y la capacidad de acompa\u00f1ar un proyecto desde la idea hasta la entrega final. Todo bajo un mismo ecosistema, sin complicaciones innecesarias.<\/p>\n\n\n\n<figure class=\"wp-block-image size-full\"><img data-recalc-dims=\"1\" decoding=\"async\" width=\"1165\" height=\"1129\" src=\"https:\/\/i0.wp.com\/zeromagazine.mx\/wp-content\/uploads\/2026\/01\/PP-SUPER-PROSPERA-SRL_Proceso-completo.jpg?resize=1165%2C1129&#038;ssl=1\" alt=\"\" class=\"wp-image-113940\" srcset=\"https:\/\/i0.wp.com\/zeromagazine.mx\/wp-content\/uploads\/2026\/01\/PP-SUPER-PROSPERA-SRL_Proceso-completo.jpg?w=1536&amp;ssl=1 1536w, https:\/\/i0.wp.com\/zeromagazine.mx\/wp-content\/uploads\/2026\/01\/PP-SUPER-PROSPERA-SRL_Proceso-completo.jpg?resize=300%2C291&amp;ssl=1 300w, https:\/\/i0.wp.com\/zeromagazine.mx\/wp-content\/uploads\/2026\/01\/PP-SUPER-PROSPERA-SRL_Proceso-completo.jpg?resize=1024%2C992&amp;ssl=1 1024w, https:\/\/i0.wp.com\/zeromagazine.mx\/wp-content\/uploads\/2026\/01\/PP-SUPER-PROSPERA-SRL_Proceso-completo.jpg?resize=768%2C744&amp;ssl=1 768w\" sizes=\"(max-width: 1165px) 100vw, 1165px\" \/><\/figure>\n\n\n\n<p>Adem\u00e1s, el respaldo de PROMPER\u00da fortalece una presencia que ya se siente s\u00f3lida. El enfoque Full Package que domina la industria peruana responde perfectamente a una nueva generaci\u00f3n de marcas que quieren control creativo, eficiencia y coherencia en cada etapa del proceso.<\/p>\n\n\n\n<p><strong>Per\u00fa en INTERMODA 84 y el nuevo lujo funcional<\/strong><\/p>\n\n\n\n<p>Primero, hablemos de materiales. Per\u00fa en INTERMODA 84 pone sobre la mesa algodones que ya son referencia mundial: Pima, Micropima, Tang\u00fcis, algod\u00f3n org\u00e1nico y fibras recicladas. A eso se suman mezclas t\u00e9cnicas y acabados funcionales como protecci\u00f3n UV, antifluido y propiedades antimicrobianas, pensadas para prendas que se usan, se viven y se mueven.<\/p>\n\n\n\n<figure class=\"wp-block-image size-full\"><img data-recalc-dims=\"1\" decoding=\"async\" width=\"485\" height=\"624\" src=\"https:\/\/i0.wp.com\/zeromagazine.mx\/wp-content\/uploads\/2026\/01\/PP-CORPORACIONES-WAYI-SAC_Enterizo.jpg?resize=485%2C624&#038;ssl=1\" alt=\"\" class=\"wp-image-113941\" srcset=\"https:\/\/i0.wp.com\/zeromagazine.mx\/wp-content\/uploads\/2026\/01\/PP-CORPORACIONES-WAYI-SAC_Enterizo.jpg?w=485&amp;ssl=1 485w, https:\/\/i0.wp.com\/zeromagazine.mx\/wp-content\/uploads\/2026\/01\/PP-CORPORACIONES-WAYI-SAC_Enterizo.jpg?resize=233%2C300&amp;ssl=1 233w\" sizes=\"(max-width: 485px) 100vw, 485px\" \/><\/figure>\n\n\n\n<p>Por otro lado, la versatilidad textil es clave. Jerseys, piqu\u00e9, rib, french terry, fleece, waffle o jacquard permiten desarrollar desde T-shirts premium hasta loungewear, moda deportiva, denim, knitwear o resort wear. Todo con una est\u00e9tica cuidada y un est\u00e1ndar t\u00e9cnico que eleva cualquier colecci\u00f3n.<\/p>\n\n\n\n<p>Asimismo, los procesos visuales como garment dye, tie dye y lavados especiales aportan ese toque diferencial que hoy marca la diferencia entre una prenda m\u00e1s y una pieza deseada.<\/p>\n\n\n\n<p><strong>Per\u00fa en INTERMODA 84 como aliado de marcas mexicanas<\/strong><\/p>\n\n\n\n<p>Ahora bien, el impacto real se ve en el negocio. Per\u00fa en INTERMODA 84 llega con capacidades productivas que van de 40,000 a 100,000 prendas mensuales, m\u00ednimos flexibles desde 200 piezas por color y tiempos de entrega competitivos. Exactamente lo que necesitan marcas emergentes y consolidadas que buscan crecer sin perder control.<\/p>\n\n\n\n<p>Adem\u00e1s, el compromiso con la sostenibilidad no es discurso vac\u00edo. Certificaciones como GOTS, OEKO-TEX\u00ae, BCI, RCS y auditor\u00edas SMETA o WRAP garantizan trazabilidad, \u00e9tica laboral y procesos responsables. En un momento donde la transparencia importa m\u00e1s que nunca, esto suma puntos reales.<\/p>\n\n\n\n<figure class=\"wp-block-image size-full\"><img data-recalc-dims=\"1\" decoding=\"async\" width=\"1165\" height=\"1745\" src=\"https:\/\/i0.wp.com\/zeromagazine.mx\/wp-content\/uploads\/2026\/01\/PP-INDUSTRIAS-TEXTILES-MOSHELL-SAC_Producto-terminado-5.jpg?resize=1165%2C1745&#038;ssl=1\" alt=\"\" class=\"wp-image-113942\" srcset=\"https:\/\/i0.wp.com\/zeromagazine.mx\/wp-content\/uploads\/2026\/01\/PP-INDUSTRIAS-TEXTILES-MOSHELL-SAC_Producto-terminado-5.jpg?w=1300&amp;ssl=1 1300w, https:\/\/i0.wp.com\/zeromagazine.mx\/wp-content\/uploads\/2026\/01\/PP-INDUSTRIAS-TEXTILES-MOSHELL-SAC_Producto-terminado-5.jpg?resize=200%2C300&amp;ssl=1 200w, https:\/\/i0.wp.com\/zeromagazine.mx\/wp-content\/uploads\/2026\/01\/PP-INDUSTRIAS-TEXTILES-MOSHELL-SAC_Producto-terminado-5.jpg?resize=684%2C1024&amp;ssl=1 684w, https:\/\/i0.wp.com\/zeromagazine.mx\/wp-content\/uploads\/2026\/01\/PP-INDUSTRIAS-TEXTILES-MOSHELL-SAC_Producto-terminado-5.jpg?resize=768%2C1150&amp;ssl=1 768w, https:\/\/i0.wp.com\/zeromagazine.mx\/wp-content\/uploads\/2026\/01\/PP-INDUSTRIAS-TEXTILES-MOSHELL-SAC_Producto-terminado-5.jpg?resize=1026%2C1536&amp;ssl=1 1026w\" sizes=\"(max-width: 1165px) 100vw, 1165px\" \/><\/figure>\n\n\n\n<p>Finalmente, la relaci\u00f3n con M\u00e9xico se ve reforzada por acuerdos comerciales que permiten arancel 0%, facilitando un intercambio m\u00e1s \u00e1gil y estrat\u00e9gico. No es casualidad que M\u00e9xico sea ya uno de los principales destinos de las confecciones peruanas de algod\u00f3n.<\/p>\n\n\n\n<p>En resumen, Per\u00fa en INTERMODA 84 no solo muestra producto: muestra visi\u00f3n. Una industria que entiende hacia d\u00f3nde va la moda, c\u00f3mo se construyen las alianzas duraderas y por qu\u00e9 el futuro del vestir se basa en calidad, innovaci\u00f3n y conciencia.<\/p>\n\n\n\n<p>l<\/p>","protected":false},"excerpt":{"rendered":"<p>La moda latinoamericana est\u00e1 viviendo un momento clave, y Per\u00fa en INTERMODA 84 es una de esas jugadas que lo confirma. Del 20 al 23 de enero, Expo Guadalajara se convierte en el punto donde dise\u00f1o, negocio y sostenibilidad se cruzan, y Per\u00fa llega con una propuesta clara: no solo producir, sino construir moda con [&hellip;]<\/p>\n","protected":false},"author":6,"featured_media":113941,"comment_status":"open","ping_status":"open","sticky":false,"template":"","format":"standard","meta":{"_jetpack_memberships_contains_paid_content":false,"footnotes":"","jetpack_publicize_message":"","jetpack_publicize_feature_enabled":true,"jetpack_social_post_already_shared":true,"jetpack_social_options":{"image_generator_settings":{"template":"highway","default_image_id":0,"font":"","enabled":false},"version":2}},"categories":[67],"tags":[],"class_list":["post-113939","post","type-post","status-publish","format-standard","has-post-thumbnail","hentry","category-moda","has-post-title","has-post-date","has-post-category","has-post-tag","has-post-comment","has-post-author",""],"yoast_head":"<!-- This site is optimized with the Yoast SEO plugin v27.4 - https:\/\/yoast.com\/product\/yoast-seo-wordpress\/ -->\n<title>Per\u00fa en INTERMODA 84 domina - Zero Magazine<\/title>\n<meta name=\"description\" content=\"Per\u00fa en INTERMODA 84 refuerza su papel como socio clave de la moda mexicana con textiles premium, sostenibilidad y visi\u00f3n global.\" \/>\n<meta name=\"robots\" content=\"index, follow, max-snippet:-1, max-image-preview:large, max-video-preview:-1\" \/>\n<link rel=\"canonical\" href=\"https:\/\/zeromagazine.mx\/index.php\/2026\/01\/22\/peru-intermoda-84-moda-mexicana\/\" \/>\n<meta property=\"og:locale\" content=\"es_ES\" \/>\n<meta property=\"og:type\" content=\"article\" \/>\n<meta property=\"og:title\" content=\"Per\u00fa en INTERMODA 84 domina - Zero Magazine\" \/>\n<meta property=\"og:description\" content=\"Per\u00fa en INTERMODA 84 refuerza su papel como socio clave de la moda mexicana con textiles premium, sostenibilidad y visi\u00f3n global.\" \/>\n<meta property=\"og:url\" content=\"https:\/\/zeromagazine.mx\/index.php\/2026\/01\/22\/peru-intermoda-84-moda-mexicana\/\" \/>\n<meta property=\"og:site_name\" content=\"Zero Magazine\" \/>\n<meta property=\"article:published_time\" content=\"2026-01-22T22:15:55+00:00\" \/>\n<meta property=\"article:modified_time\" content=\"2026-01-22T22:15:57+00:00\" \/>\n<meta property=\"og:image\" content=\"http:\/\/zeromagazine.mx\/wp-content\/uploads\/2026\/01\/PP-CORPORACIONES-WAYI-SAC_Enterizo.jpg\" \/>\n\t<meta property=\"og:image:width\" content=\"485\" \/>\n\t<meta property=\"og:image:height\" content=\"624\" \/>\n\t<meta property=\"og:image:type\" content=\"image\/jpeg\" \/>\n<meta name=\"author\" content=\"Luis Trujano\" \/>\n<meta name=\"twitter:card\" content=\"summary_large_image\" \/>\n<meta name=\"twitter:label1\" content=\"Escrito por\" \/>\n\t<meta name=\"twitter:data1\" content=\"Luis Trujano\" \/>\n\t<meta name=\"twitter:label2\" content=\"Tiempo de lectura\" \/>\n\t<meta name=\"twitter:data2\" content=\"3 minutos\" \/>\n<script type=\"application\/ld+json\" class=\"yoast-schema-graph\">{\"@context\":\"https:\\\/\\\/schema.org\",\"@graph\":[{\"@type\":\"Article\",\"@id\":\"https:\\\/\\\/zeromagazine.mx\\\/index.php\\\/2026\\\/01\\\/22\\\/peru-intermoda-84-moda-mexicana\\\/#article\",\"isPartOf\":{\"@id\":\"https:\\\/\\\/zeromagazine.mx\\\/index.php\\\/2026\\\/01\\\/22\\\/peru-intermoda-84-moda-mexicana\\\/\"},\"author\":{\"name\":\"Luis Trujano\",\"@id\":\"https:\\\/\\\/zeromagazine.mx\\\/#\\\/schema\\\/person\\\/118d2dc27eca6f07b968c953d12daa6b\"},\"headline\":\"Per\u00fa en INTERMODA 84 domina\",\"datePublished\":\"2026-01-22T22:15:55+00:00\",\"dateModified\":\"2026-01-22T22:15:57+00:00\",\"mainEntityOfPage\":{\"@id\":\"https:\\\/\\\/zeromagazine.mx\\\/index.php\\\/2026\\\/01\\\/22\\\/peru-intermoda-84-moda-mexicana\\\/\"},\"wordCount\":494,\"commentCount\":0,\"publisher\":{\"@id\":\"https:\\\/\\\/zeromagazine.mx\\\/#organization\"},\"image\":{\"@id\":\"https:\\\/\\\/zeromagazine.mx\\\/index.php\\\/2026\\\/01\\\/22\\\/peru-intermoda-84-moda-mexicana\\\/#primaryimage\"},\"thumbnailUrl\":\"https:\\\/\\\/i0.wp.com\\\/zeromagazine.mx\\\/wp-content\\\/uploads\\\/2026\\\/01\\\/PP-CORPORACIONES-WAYI-SAC_Enterizo.jpg?fit=485%2C624&ssl=1\",\"articleSection\":[\"Moda\"],\"inLanguage\":\"es\",\"potentialAction\":[{\"@type\":\"CommentAction\",\"name\":\"Comment\",\"target\":[\"https:\\\/\\\/zeromagazine.mx\\\/index.php\\\/2026\\\/01\\\/22\\\/peru-intermoda-84-moda-mexicana\\\/#respond\"]}]},{\"@type\":\"WebPage\",\"@id\":\"https:\\\/\\\/zeromagazine.mx\\\/index.php\\\/2026\\\/01\\\/22\\\/peru-intermoda-84-moda-mexicana\\\/\",\"url\":\"https:\\\/\\\/zeromagazine.mx\\\/index.php\\\/2026\\\/01\\\/22\\\/peru-intermoda-84-moda-mexicana\\\/\",\"name\":\"Per\u00fa en INTERMODA 84 domina - Zero Magazine\",\"isPartOf\":{\"@id\":\"https:\\\/\\\/zeromagazine.mx\\\/#website\"},\"primaryImageOfPage\":{\"@id\":\"https:\\\/\\\/zeromagazine.mx\\\/index.php\\\/2026\\\/01\\\/22\\\/peru-intermoda-84-moda-mexicana\\\/#primaryimage\"},\"image\":{\"@id\":\"https:\\\/\\\/zeromagazine.mx\\\/index.php\\\/2026\\\/01\\\/22\\\/peru-intermoda-84-moda-mexicana\\\/#primaryimage\"},\"thumbnailUrl\":\"https:\\\/\\\/i0.wp.com\\\/zeromagazine.mx\\\/wp-content\\\/uploads\\\/2026\\\/01\\\/PP-CORPORACIONES-WAYI-SAC_Enterizo.jpg?fit=485%2C624&ssl=1\",\"datePublished\":\"2026-01-22T22:15:55+00:00\",\"dateModified\":\"2026-01-22T22:15:57+00:00\",\"description\":\"Per\u00fa en INTERMODA 84 refuerza su papel como socio clave de la moda mexicana con textiles premium, sostenibilidad y visi\u00f3n global.\",\"breadcrumb\":{\"@id\":\"https:\\\/\\\/zeromagazine.mx\\\/index.php\\\/2026\\\/01\\\/22\\\/peru-intermoda-84-moda-mexicana\\\/#breadcrumb\"},\"inLanguage\":\"es\",\"potentialAction\":[{\"@type\":\"ReadAction\",\"target\":[\"https:\\\/\\\/zeromagazine.mx\\\/index.php\\\/2026\\\/01\\\/22\\\/peru-intermoda-84-moda-mexicana\\\/\"]}]},{\"@type\":\"ImageObject\",\"inLanguage\":\"es\",\"@id\":\"https:\\\/\\\/zeromagazine.mx\\\/index.php\\\/2026\\\/01\\\/22\\\/peru-intermoda-84-moda-mexicana\\\/#primaryimage\",\"url\":\"https:\\\/\\\/i0.wp.com\\\/zeromagazine.mx\\\/wp-content\\\/uploads\\\/2026\\\/01\\\/PP-CORPORACIONES-WAYI-SAC_Enterizo.jpg?fit=485%2C624&ssl=1\",\"contentUrl\":\"https:\\\/\\\/i0.wp.com\\\/zeromagazine.mx\\\/wp-content\\\/uploads\\\/2026\\\/01\\\/PP-CORPORACIONES-WAYI-SAC_Enterizo.jpg?fit=485%2C624&ssl=1\",\"width\":485,\"height\":624},{\"@type\":\"BreadcrumbList\",\"@id\":\"https:\\\/\\\/zeromagazine.mx\\\/index.php\\\/2026\\\/01\\\/22\\\/peru-intermoda-84-moda-mexicana\\\/#breadcrumb\",\"itemListElement\":[{\"@type\":\"ListItem\",\"position\":1,\"name\":\"Portada\",\"item\":\"https:\\\/\\\/zeromagazine.mx\\\/\"},{\"@type\":\"ListItem\",\"position\":2,\"name\":\"Per\u00fa en INTERMODA 84 domina\"}]},{\"@type\":\"WebSite\",\"@id\":\"https:\\\/\\\/zeromagazine.mx\\\/#website\",\"url\":\"https:\\\/\\\/zeromagazine.mx\\\/\",\"name\":\"Zero Magazine\",\"description\":\"\",\"publisher\":{\"@id\":\"https:\\\/\\\/zeromagazine.mx\\\/#organization\"},\"potentialAction\":[{\"@type\":\"SearchAction\",\"target\":{\"@type\":\"EntryPoint\",\"urlTemplate\":\"https:\\\/\\\/zeromagazine.mx\\\/?s={search_term_string}\"},\"query-input\":{\"@type\":\"PropertyValueSpecification\",\"valueRequired\":true,\"valueName\":\"search_term_string\"}}],\"inLanguage\":\"es\"},{\"@type\":\"Organization\",\"@id\":\"https:\\\/\\\/zeromagazine.mx\\\/#organization\",\"name\":\"Zero Magazine\",\"url\":\"https:\\\/\\\/zeromagazine.mx\\\/\",\"logo\":{\"@type\":\"ImageObject\",\"inLanguage\":\"es\",\"@id\":\"https:\\\/\\\/zeromagazine.mx\\\/#\\\/schema\\\/logo\\\/image\\\/\",\"url\":\"https:\\\/\\\/i0.wp.com\\\/zeromagazine.mx\\\/wp-content\\\/uploads\\\/2025\\\/11\\\/1.jpeg?fit=1000%2C1000&ssl=1\",\"contentUrl\":\"https:\\\/\\\/i0.wp.com\\\/zeromagazine.mx\\\/wp-content\\\/uploads\\\/2025\\\/11\\\/1.jpeg?fit=1000%2C1000&ssl=1\",\"width\":1000,\"height\":1000,\"caption\":\"Zero Magazine\"},\"image\":{\"@id\":\"https:\\\/\\\/zeromagazine.mx\\\/#\\\/schema\\\/logo\\\/image\\\/\"},\"sameAs\":[\"https:\\\/\\\/instagram.com\\\/zeromagazinemx\"]},{\"@type\":\"Person\",\"@id\":\"https:\\\/\\\/zeromagazine.mx\\\/#\\\/schema\\\/person\\\/118d2dc27eca6f07b968c953d12daa6b\",\"name\":\"Luis Trujano\",\"image\":{\"@type\":\"ImageObject\",\"inLanguage\":\"es\",\"@id\":\"https:\\\/\\\/zeromagazine.mx\\\/wp-content\\\/litespeed\\\/avatar\\\/fbd9d1d6aa4d21e2bb5be8b3155046c9.jpg?ver=1776970654\",\"url\":\"https:\\\/\\\/zeromagazine.mx\\\/wp-content\\\/litespeed\\\/avatar\\\/fbd9d1d6aa4d21e2bb5be8b3155046c9.jpg?ver=1776970654\",\"contentUrl\":\"https:\\\/\\\/zeromagazine.mx\\\/wp-content\\\/litespeed\\\/avatar\\\/fbd9d1d6aa4d21e2bb5be8b3155046c9.jpg?ver=1776970654\",\"caption\":\"Luis Trujano\"},\"url\":\"https:\\\/\\\/zeromagazine.mx\\\/index.php\\\/author\\\/luis-trujano\\\/\"}]}<\/script>\n<!-- \/ Yoast SEO plugin. -->","yoast_head_json":{"title":"Per\u00fa en INTERMODA 84 domina - Zero Magazine","description":"Per\u00fa en INTERMODA 84 refuerza su papel como socio clave de la moda mexicana con textiles premium, sostenibilidad y visi\u00f3n global.","robots":{"index":"index","follow":"follow","max-snippet":"max-snippet:-1","max-image-preview":"max-image-preview:large","max-video-preview":"max-video-preview:-1"},"canonical":"https:\/\/zeromagazine.mx\/index.php\/2026\/01\/22\/peru-intermoda-84-moda-mexicana\/","og_locale":"es_ES","og_type":"article","og_title":"Per\u00fa en INTERMODA 84 domina - Zero Magazine","og_description":"Per\u00fa en INTERMODA 84 refuerza su papel como socio clave de la moda mexicana con textiles premium, sostenibilidad y visi\u00f3n global.","og_url":"https:\/\/zeromagazine.mx\/index.php\/2026\/01\/22\/peru-intermoda-84-moda-mexicana\/","og_site_name":"Zero Magazine","article_published_time":"2026-01-22T22:15:55+00:00","article_modified_time":"2026-01-22T22:15:57+00:00","og_image":[{"width":485,"height":624,"url":"http:\/\/zeromagazine.mx\/wp-content\/uploads\/2026\/01\/PP-CORPORACIONES-WAYI-SAC_Enterizo.jpg","type":"image\/jpeg"}],"author":"Luis Trujano","twitter_card":"summary_large_image","twitter_misc":{"Escrito por":"Luis Trujano","Tiempo de lectura":"3 minutos"},"schema":{"@context":"https:\/\/schema.org","@graph":[{"@type":"Article","@id":"https:\/\/zeromagazine.mx\/index.php\/2026\/01\/22\/peru-intermoda-84-moda-mexicana\/#article","isPartOf":{"@id":"https:\/\/zeromagazine.mx\/index.php\/2026\/01\/22\/peru-intermoda-84-moda-mexicana\/"},"author":{"name":"Luis Trujano","@id":"https:\/\/zeromagazine.mx\/#\/schema\/person\/118d2dc27eca6f07b968c953d12daa6b"},"headline":"Per\u00fa en INTERMODA 84 domina","datePublished":"2026-01-22T22:15:55+00:00","dateModified":"2026-01-22T22:15:57+00:00","mainEntityOfPage":{"@id":"https:\/\/zeromagazine.mx\/index.php\/2026\/01\/22\/peru-intermoda-84-moda-mexicana\/"},"wordCount":494,"commentCount":0,"publisher":{"@id":"https:\/\/zeromagazine.mx\/#organization"},"image":{"@id":"https:\/\/zeromagazine.mx\/index.php\/2026\/01\/22\/peru-intermoda-84-moda-mexicana\/#primaryimage"},"thumbnailUrl":"https:\/\/i0.wp.com\/zeromagazine.mx\/wp-content\/uploads\/2026\/01\/PP-CORPORACIONES-WAYI-SAC_Enterizo.jpg?fit=485%2C624&ssl=1","articleSection":["Moda"],"inLanguage":"es","potentialAction":[{"@type":"CommentAction","name":"Comment","target":["https:\/\/zeromagazine.mx\/index.php\/2026\/01\/22\/peru-intermoda-84-moda-mexicana\/#respond"]}]},{"@type":"WebPage","@id":"https:\/\/zeromagazine.mx\/index.php\/2026\/01\/22\/peru-intermoda-84-moda-mexicana\/","url":"https:\/\/zeromagazine.mx\/index.php\/2026\/01\/22\/peru-intermoda-84-moda-mexicana\/","name":"Per\u00fa en INTERMODA 84 domina - Zero Magazine","isPartOf":{"@id":"https:\/\/zeromagazine.mx\/#website"},"primaryImageOfPage":{"@id":"https:\/\/zeromagazine.mx\/index.php\/2026\/01\/22\/peru-intermoda-84-moda-mexicana\/#primaryimage"},"image":{"@id":"https:\/\/zeromagazine.mx\/index.php\/2026\/01\/22\/peru-intermoda-84-moda-mexicana\/#primaryimage"},"thumbnailUrl":"https:\/\/i0.wp.com\/zeromagazine.mx\/wp-content\/uploads\/2026\/01\/PP-CORPORACIONES-WAYI-SAC_Enterizo.jpg?fit=485%2C624&ssl=1","datePublished":"2026-01-22T22:15:55+00:00","dateModified":"2026-01-22T22:15:57+00:00","description":"Per\u00fa en INTERMODA 84 refuerza su papel como socio clave de la moda mexicana con textiles premium, sostenibilidad y visi\u00f3n global.","breadcrumb":{"@id":"https:\/\/zeromagazine.mx\/index.php\/2026\/01\/22\/peru-intermoda-84-moda-mexicana\/#breadcrumb"},"inLanguage":"es","potentialAction":[{"@type":"ReadAction","target":["https:\/\/zeromagazine.mx\/index.php\/2026\/01\/22\/peru-intermoda-84-moda-mexicana\/"]}]},{"@type":"ImageObject","inLanguage":"es","@id":"https:\/\/zeromagazine.mx\/index.php\/2026\/01\/22\/peru-intermoda-84-moda-mexicana\/#primaryimage","url":"https:\/\/i0.wp.com\/zeromagazine.mx\/wp-content\/uploads\/2026\/01\/PP-CORPORACIONES-WAYI-SAC_Enterizo.jpg?fit=485%2C624&ssl=1","contentUrl":"https:\/\/i0.wp.com\/zeromagazine.mx\/wp-content\/uploads\/2026\/01\/PP-CORPORACIONES-WAYI-SAC_Enterizo.jpg?fit=485%2C624&ssl=1","width":485,"height":624},{"@type":"BreadcrumbList","@id":"https:\/\/zeromagazine.mx\/index.php\/2026\/01\/22\/peru-intermoda-84-moda-mexicana\/#breadcrumb","itemListElement":[{"@type":"ListItem","position":1,"name":"Portada","item":"https:\/\/zeromagazine.mx\/"},{"@type":"ListItem","position":2,"name":"Per\u00fa en INTERMODA 84 domina"}]},{"@type":"WebSite","@id":"https:\/\/zeromagazine.mx\/#website","url":"https:\/\/zeromagazine.mx\/","name":"Zero Magazine","description":"","publisher":{"@id":"https:\/\/zeromagazine.mx\/#organization"},"potentialAction":[{"@type":"SearchAction","target":{"@type":"EntryPoint","urlTemplate":"https:\/\/zeromagazine.mx\/?s={search_term_string}"},"query-input":{"@type":"PropertyValueSpecification","valueRequired":true,"valueName":"search_term_string"}}],"inLanguage":"es"},{"@type":"Organization","@id":"https:\/\/zeromagazine.mx\/#organization","name":"Zero Magazine","url":"https:\/\/zeromagazine.mx\/","logo":{"@type":"ImageObject","inLanguage":"es","@id":"https:\/\/zeromagazine.mx\/#\/schema\/logo\/image\/","url":"https:\/\/i0.wp.com\/zeromagazine.mx\/wp-content\/uploads\/2025\/11\/1.jpeg?fit=1000%2C1000&ssl=1","contentUrl":"https:\/\/i0.wp.com\/zeromagazine.mx\/wp-content\/uploads\/2025\/11\/1.jpeg?fit=1000%2C1000&ssl=1","width":1000,"height":1000,"caption":"Zero Magazine"},"image":{"@id":"https:\/\/zeromagazine.mx\/#\/schema\/logo\/image\/"},"sameAs":["https:\/\/instagram.com\/zeromagazinemx"]},{"@type":"Person","@id":"https:\/\/zeromagazine.mx\/#\/schema\/person\/118d2dc27eca6f07b968c953d12daa6b","name":"Luis Trujano","image":{"@type":"ImageObject","inLanguage":"es","@id":"https:\/\/zeromagazine.mx\/wp-content\/litespeed\/avatar\/fbd9d1d6aa4d21e2bb5be8b3155046c9.jpg?ver=1776970654","url":"https:\/\/zeromagazine.mx\/wp-content\/litespeed\/avatar\/fbd9d1d6aa4d21e2bb5be8b3155046c9.jpg?ver=1776970654","contentUrl":"https:\/\/zeromagazine.mx\/wp-content\/litespeed\/avatar\/fbd9d1d6aa4d21e2bb5be8b3155046c9.jpg?ver=1776970654","caption":"Luis Trujano"},"url":"https:\/\/zeromagazine.mx\/index.php\/author\/luis-trujano\/"}]}},"jetpack_publicize_connections":[],"jetpack_featured_media_url":"https:\/\/i0.wp.com\/zeromagazine.mx\/wp-content\/uploads\/2026\/01\/PP-CORPORACIONES-WAYI-SAC_Enterizo.jpg?fit=485%2C624&ssl=1","jetpack-related-posts":[{"id":77571,"url":"https:\/\/zeromagazine.mx\/index.php\/2024\/06\/11\/el-desfile-de-moda-peruana-deja-huella-en-el-miami-swim-week\/","url_meta":{"origin":113939,"position":0},"title":"El Desfile de Moda Peruana Deja Huella en el Miami Swim Week","author":"David Morales","date":"11 de junio de 2024","format":false,"excerpt":"\u00bfEscucharon sobre la bomba que fue Moda Per\u00fa USA en Miami Swing Week? No puedo ni comenzar a describir lo incre\u00edble que fue ver c\u00f3mo las marcas peruanas se lucieron en una de las plataformas de moda m\u00e1s top de Estados Unidos. Desde trajes de ba\u00f1o de Latala hasta accesorios\u2026","rel":"","context":"En \u00abBlog\u00bb","block_context":{"text":"Blog","link":"https:\/\/zeromagazine.mx\/index.php\/category\/blog\/"},"img":{"alt_text":"","src":"https:\/\/i0.wp.com\/zeromagazine.mx\/wp-content\/uploads\/2024\/06\/MODA-PERU-JUN-2024-FOTO1.jpeg?fit=898%2C1200&ssl=1&resize=350%2C200","width":350,"height":200,"srcset":"https:\/\/i0.wp.com\/zeromagazine.mx\/wp-content\/uploads\/2024\/06\/MODA-PERU-JUN-2024-FOTO1.jpeg?fit=898%2C1200&ssl=1&resize=350%2C200 1x, https:\/\/i0.wp.com\/zeromagazine.mx\/wp-content\/uploads\/2024\/06\/MODA-PERU-JUN-2024-FOTO1.jpeg?fit=898%2C1200&ssl=1&resize=525%2C300 1.5x, https:\/\/i0.wp.com\/zeromagazine.mx\/wp-content\/uploads\/2024\/06\/MODA-PERU-JUN-2024-FOTO1.jpeg?fit=898%2C1200&ssl=1&resize=700%2C400 2x"},"classes":[]},{"id":89784,"url":"https:\/\/zeromagazine.mx\/index.php\/2024\/11\/07\/lci-barcelona-donde-crece-tu-creatividad\/","url_meta":{"origin":113939,"position":1},"title":"\u00abLCI Barcelona: Donde Crece Tu Creatividad\u00bb","author":"zeromagazinemx","date":"7 de noviembre de 2024","format":false,"excerpt":"\u00bfAlguien dijo \u201chub de creatividad\u201d? Porque LCI Barcelona acaba de poner la vara alta. Con su nuevo campus, esta escuela se convierte en\u00a0the place to be\u00a0para todos los apasionados del dise\u00f1o, moda, arte y hasta animaci\u00f3n. Es m\u00e1s que un lugar para aprender; es un espacio pensado para conectar talento\u2026","rel":"","context":"En \u00abBienestar\u00bb","block_context":{"text":"Bienestar","link":"https:\/\/zeromagazine.mx\/index.php\/category\/lifestyle\/bienestar\/"},"img":{"alt_text":"","src":"https:\/\/i0.wp.com\/zeromagazine.mx\/wp-content\/uploads\/2024\/11\/OPENING-LCI-BARCELONA_MORNING15-scaled.jpg?fit=1200%2C800&ssl=1&resize=350%2C200","width":350,"height":200,"srcset":"https:\/\/i0.wp.com\/zeromagazine.mx\/wp-content\/uploads\/2024\/11\/OPENING-LCI-BARCELONA_MORNING15-scaled.jpg?fit=1200%2C800&ssl=1&resize=350%2C200 1x, https:\/\/i0.wp.com\/zeromagazine.mx\/wp-content\/uploads\/2024\/11\/OPENING-LCI-BARCELONA_MORNING15-scaled.jpg?fit=1200%2C800&ssl=1&resize=525%2C300 1.5x, https:\/\/i0.wp.com\/zeromagazine.mx\/wp-content\/uploads\/2024\/11\/OPENING-LCI-BARCELONA_MORNING15-scaled.jpg?fit=1200%2C800&ssl=1&resize=700%2C400 2x, https:\/\/i0.wp.com\/zeromagazine.mx\/wp-content\/uploads\/2024\/11\/OPENING-LCI-BARCELONA_MORNING15-scaled.jpg?fit=1200%2C800&ssl=1&resize=1050%2C600 3x"},"classes":[]},{"id":101133,"url":"https:\/\/zeromagazine.mx\/index.php\/2025\/04\/10\/paddington-vuelve-a-max\/","url_meta":{"origin":113939,"position":2},"title":"Paddington Vuelve a Max","author":"David Morales","date":"10 de abril de 2025","format":false,"excerpt":"Amix, si ya no sabes qu\u00e9 ver pero necesitas contenido que te abrace, te rete y te haga llorar rico, abril viene con todo en Max. Prep\u00e1rate porque llega \u201cPaddington: Aventura en la Selva\u201d, un nuevo cap\u00edtulo del osito m\u00e1s tierno del cine, que esta vez se lanza directo a\u2026","rel":"","context":"En \u00abEntretenimiento\u00bb","block_context":{"text":"Entretenimiento","link":"https:\/\/zeromagazine.mx\/index.php\/category\/entretenimiento\/"},"img":{"alt_text":"","src":"https:\/\/i0.wp.com\/zeromagazine.mx\/wp-content\/uploads\/2025\/04\/PADDINGTONINPERU_Worldwide_14193853-scaled.jpg?fit=1200%2C503&ssl=1&resize=350%2C200","width":350,"height":200,"srcset":"https:\/\/i0.wp.com\/zeromagazine.mx\/wp-content\/uploads\/2025\/04\/PADDINGTONINPERU_Worldwide_14193853-scaled.jpg?fit=1200%2C503&ssl=1&resize=350%2C200 1x, https:\/\/i0.wp.com\/zeromagazine.mx\/wp-content\/uploads\/2025\/04\/PADDINGTONINPERU_Worldwide_14193853-scaled.jpg?fit=1200%2C503&ssl=1&resize=525%2C300 1.5x, https:\/\/i0.wp.com\/zeromagazine.mx\/wp-content\/uploads\/2025\/04\/PADDINGTONINPERU_Worldwide_14193853-scaled.jpg?fit=1200%2C503&ssl=1&resize=700%2C400 2x, https:\/\/i0.wp.com\/zeromagazine.mx\/wp-content\/uploads\/2025\/04\/PADDINGTONINPERU_Worldwide_14193853-scaled.jpg?fit=1200%2C503&ssl=1&resize=1050%2C600 3x"},"classes":[]},{"id":92407,"url":"https:\/\/zeromagazine.mx\/index.php\/2024\/12\/08\/cabello-largo-y-saludable\/","url_meta":{"origin":113939,"position":3},"title":"Cabello largo y saludable","author":"David Morales","date":"8 de diciembre de 2024","format":false,"excerpt":"Amix, \u00bfqui\u00e9n no sue\u00f1a con un pelazo de impacto, brillante, largo y saludable? Pues les traigo el secreto para lograrlo sin complicaciones: Marc Anthony True Professional y su colecci\u00f3n Grow Long. Si te interesa cuidar tu cabello desde la ra\u00edz hasta las puntas y lucirlo incre\u00edble, sigue leyendo porque esta\u2026","rel":"","context":"En \u00abBeauty\u00bb","block_context":{"text":"Beauty","link":"https:\/\/zeromagazine.mx\/index.php\/category\/beauty\/"},"img":{"alt_text":"","src":"https:\/\/i0.wp.com\/zeromagazine.mx\/wp-content\/uploads\/2024\/12\/IMG_2413.webp?fit=600%2C600&ssl=1&resize=350%2C200","width":350,"height":200,"srcset":"https:\/\/i0.wp.com\/zeromagazine.mx\/wp-content\/uploads\/2024\/12\/IMG_2413.webp?fit=600%2C600&ssl=1&resize=350%2C200 1x, https:\/\/i0.wp.com\/zeromagazine.mx\/wp-content\/uploads\/2024\/12\/IMG_2413.webp?fit=600%2C600&ssl=1&resize=525%2C300 1.5x"},"classes":[]},{"id":71251,"url":"https:\/\/zeromagazine.mx\/index.php\/2024\/02\/23\/fiestas-de-carnaval-con-pandora-uniendo-a-los-influencers-mas-relevantes-de-latinoamerica\/","url_meta":{"origin":113939,"position":4},"title":"Fiestas de Carnaval con Pandora: Uniendo a los Influencers m\u00e1s relevantes de Latinoam\u00e9rica","author":"zeromagazinemx","date":"23 de febrero de 2024","format":false,"excerpt":"Desde el viernes 10 de febrero, la ciudad de R\u00edo se convirti\u00f3 en el escenario perfecto para que Pandora y un grupo de influencers latinos vivieran momentos inolvidables \u00a1Les contamos todo lo ocurrido en esta fiesta ic\u00f3nica llena de color y magia! Primero, aterrizamos en R\u00edo y nos encontramos con\u2026","rel":"","context":"En \u00abEntretenimiento\u00bb","block_context":{"text":"Entretenimiento","link":"https:\/\/zeromagazine.mx\/index.php\/category\/entretenimiento\/"},"img":{"alt_text":"","src":"https:\/\/i0.wp.com\/zeromagazine.mx\/wp-content\/uploads\/2024\/02\/63A6057-scaled.jpg?fit=800%2C1200&ssl=1&resize=350%2C200","width":350,"height":200,"srcset":"https:\/\/i0.wp.com\/zeromagazine.mx\/wp-content\/uploads\/2024\/02\/63A6057-scaled.jpg?fit=800%2C1200&ssl=1&resize=350%2C200 1x, https:\/\/i0.wp.com\/zeromagazine.mx\/wp-content\/uploads\/2024\/02\/63A6057-scaled.jpg?fit=800%2C1200&ssl=1&resize=525%2C300 1.5x, https:\/\/i0.wp.com\/zeromagazine.mx\/wp-content\/uploads\/2024\/02\/63A6057-scaled.jpg?fit=800%2C1200&ssl=1&resize=700%2C400 2x"},"classes":[]},{"id":54198,"url":"https:\/\/zeromagazine.mx\/index.php\/2021\/09\/10\/el-sabor-de-puebla-en-la-cantina-palacio\/","url_meta":{"origin":113939,"position":5},"title":"El sabor de Puebla en La Cantina Palacio","author":"zeromagazinemx","date":"10 de septiembre de 2021","format":false,"excerpt":"Disfruta de un men\u00fa especialmente preparado por el chef \u00c1ngel V\u00e1zquez en \u201cLa Cantina Palacio\u201d. Por Mayra Torres \u201cLa Cantina Palacio\u201d presenta un men\u00fa especialmente preparado por el chef \u00c1ngel V\u00e1zquez, uno de los grandes promotores de la cocina mexicana en el mundo, su experiencia y calidad en su trabajo\u2026","rel":"","context":"En \u00abViajes\u00bb","block_context":{"text":"Viajes","link":"https:\/\/zeromagazine.mx\/index.php\/category\/lugares\/"},"img":{"alt_text":"","src":"","width":0,"height":0},"classes":[]}],"jetpack_sharing_enabled":true,"builder_content":"","_links":{"self":[{"href":"https:\/\/zeromagazine.mx\/index.php\/wp-json\/wp\/v2\/posts\/113939","targetHints":{"allow":["GET"]}}],"collection":[{"href":"https:\/\/zeromagazine.mx\/index.php\/wp-json\/wp\/v2\/posts"}],"about":[{"href":"https:\/\/zeromagazine.mx\/index.php\/wp-json\/wp\/v2\/types\/post"}],"author":[{"embeddable":true,"href":"https:\/\/zeromagazine.mx\/index.php\/wp-json\/wp\/v2\/users\/6"}],"replies":[{"embeddable":true,"href":"https:\/\/zeromagazine.mx\/index.php\/wp-json\/wp\/v2\/comments?post=113939"}],"version-history":[{"count":2,"href":"https:\/\/zeromagazine.mx\/index.php\/wp-json\/wp\/v2\/posts\/113939\/revisions"}],"predecessor-version":[{"id":113944,"href":"https:\/\/zeromagazine.mx\/index.php\/wp-json\/wp\/v2\/posts\/113939\/revisions\/113944"}],"wp:featuredmedia":[{"embeddable":true,"href":"https:\/\/zeromagazine.mx\/index.php\/wp-json\/wp\/v2\/media\/113941"}],"wp:attachment":[{"href":"https:\/\/zeromagazine.mx\/index.php\/wp-json\/wp\/v2\/media?parent=113939"}],"wp:term":[{"taxonomy":"category","embeddable":true,"href":"https:\/\/zeromagazine.mx\/index.php\/wp-json\/wp\/v2\/categories?post=113939"},{"taxonomy":"post_tag","embeddable":true,"href":"https:\/\/zeromagazine.mx\/index.php\/wp-json\/wp\/v2\/tags?post=113939"}],"curies":[{"name":"wp","href":"https:\/\/api.w.org\/{rel}","templated":true}]}}