{"id":113985,"date":"2026-01-22T18:21:42","date_gmt":"2026-01-23T00:21:42","guid":{"rendered":"https:\/\/zeromagazine.mx\/?p=113985"},"modified":"2026-01-22T18:21:43","modified_gmt":"2026-01-23T00:21:43","slug":"looks-studio-f-invierno-estilo","status":"publish","type":"post","link":"https:\/\/zeromagazine.mx\/index.php\/2026\/01\/22\/looks-studio-f-invierno-estilo\/","title":{"rendered":"Looks Studio F invierno ic\u00f3nicos"},"content":{"rendered":"<!--themify_builder_content-->\n<div id=\"themify_builder_content-113985\" data-postid=\"113985\" class=\"themify_builder_content themify_builder_content-113985 themify_builder tf_clear\">\n    <\/div>\n<!--\/themify_builder_content-->\n\n\n<p>Cuando el fr\u00edo llega pero tu agenda sigue a full, vestirte bien deja de ser opcional y se vuelve parte del mood. Los looks Studio F invierno entienden perfecto esa necesidad de verte cool, sentirte c\u00f3moda y no sacrificar estilo aunque el d\u00eda est\u00e9 lleno de planes. Esta temporada, la marca apuesta por piezas clave que funcionan como armadura fashion: abrigan, estilizan y elevan cualquier outfit sin esfuerzo.<\/p>\n\n\n\n<figure class=\"wp-block-image size-full\"><img data-recalc-dims=\"1\" decoding=\"async\" width=\"320\" height=\"171\" src=\"https:\/\/i0.wp.com\/zeromagazine.mx\/wp-content\/uploads\/2026\/01\/IMG_6360.png?resize=320%2C171&#038;ssl=1\" alt=\"\" class=\"wp-image-113986\" srcset=\"https:\/\/i0.wp.com\/zeromagazine.mx\/wp-content\/uploads\/2026\/01\/IMG_6360.png?w=320&amp;ssl=1 320w, https:\/\/i0.wp.com\/zeromagazine.mx\/wp-content\/uploads\/2026\/01\/IMG_6360.png?resize=300%2C160&amp;ssl=1 300w\" sizes=\"(max-width: 320px) 100vw, 320px\" \/><\/figure>\n\n\n\n<p>El invierno ya no es solo capas sobre capas sin sentido. Ahora se trata de elegir bien, combinar con intenci\u00f3n y dejar que cada prenda hable de tu personalidad. Y s\u00ed, los looks Studio F invierno lo hacen f\u00e1cil.<\/p>\n\n\n\n<p>Adem\u00e1s, el enfoque est\u00e1 claro: glamour relajado, siluetas que fluyen y detalles que transforman lo b\u00e1sico en algo memorable. Porque verse bien tambi\u00e9n es una forma de sentirte segura.<\/p>\n\n\n\n<p><strong>Looks Studio F invierno con actitud<\/strong><\/p>\n\n\n\n<p>Primero, hablemos del gab\u00e1n con apariencia de pelo en tono vino. Esta pieza es el statement absoluto de los looks Studio F invierno. Su textura envolvente y su color profundo convierten cualquier outfit en algo sofisticado sin verse exagerado. Funciona perfecto con tonos neutros, denim o incluso looks monocrom\u00e1ticos para un vibe m\u00e1s editorial.<\/p>\n\n\n\n<figure class=\"wp-block-image size-full\"><img data-recalc-dims=\"1\" decoding=\"async\" width=\"320\" height=\"171\" src=\"https:\/\/i0.wp.com\/zeromagazine.mx\/wp-content\/uploads\/2026\/01\/IMG_6361.png?resize=320%2C171&#038;ssl=1\" alt=\"\" class=\"wp-image-113987\" srcset=\"https:\/\/i0.wp.com\/zeromagazine.mx\/wp-content\/uploads\/2026\/01\/IMG_6361.png?w=320&amp;ssl=1 320w, https:\/\/i0.wp.com\/zeromagazine.mx\/wp-content\/uploads\/2026\/01\/IMG_6361.png?resize=300%2C160&amp;ssl=1 300w\" sizes=\"(max-width: 320px) 100vw, 320px\" \/><\/figure>\n\n\n\n<p>Por otro lado, el jean palazzo de tiro s\u00faper alto se posiciona como uno de los favoritos de la temporada. La pierna amplia estiliza, el tiro alto marca la silueta y la comodidad es real. Dentro de los looks Studio F invierno, este tipo de denim es ese comod\u00edn que puedes llevar del d\u00eda a la noche sin cambiar de energ\u00eda. S\u00famale botines, plataformas o tenis y listo.<\/p>\n\n\n\n<p>Asimismo, estas siluetas amplias y relajadas conectan con una forma de vestir m\u00e1s libre, menos r\u00edgida y mucho m\u00e1s aut\u00e9ntica.<\/p>\n\n\n\n<p><strong>Looks Studio F invierno que elevan lo b\u00e1sico<\/strong><\/p>\n\n\n\n<p>Ahora bien, no todo se trata de prendas protagonistas. A veces, el verdadero glow est\u00e1 en los detalles. El chaleco negro con bot\u00f3n joya es ese b\u00e1sico elevado que transforma cualquier outfit. Dentro de los looks Studio F invierno, funciona como capa intermedia perfecta: sobre camisas, blusas de manga larga o incluso solo, cuando el clima lo permite.<\/p>\n\n\n\n<p>Adem\u00e1s, este tipo de piezas permiten jugar con capas sin perder estructura. Es elegante, vers\u00e1til y tiene ese toque especial que hace que el look se sienta pensado, no improvisado.<\/p>\n\n\n\n<figure class=\"wp-block-image size-full\"><img data-recalc-dims=\"1\" decoding=\"async\" width=\"320\" height=\"182\" src=\"https:\/\/i0.wp.com\/zeromagazine.mx\/wp-content\/uploads\/2026\/01\/IMG_6359.png?resize=320%2C182&#038;ssl=1\" alt=\"\" class=\"wp-image-113988\" srcset=\"https:\/\/i0.wp.com\/zeromagazine.mx\/wp-content\/uploads\/2026\/01\/IMG_6359.png?w=320&amp;ssl=1 320w, https:\/\/i0.wp.com\/zeromagazine.mx\/wp-content\/uploads\/2026\/01\/IMG_6359.png?resize=300%2C171&amp;ssl=1 300w\" sizes=\"(max-width: 320px) 100vw, 320px\" \/><\/figure>\n\n\n\n<p>Finalmente, las botas de ca\u00f1a alta con brillo llegan para cerrar cualquier outfit con impacto. Alargan visualmente la pierna y aportan un toque sofisticado que equilibra perfecto con prendas lisas y tonos neutros. En los looks Studio F invierno, el calzado no es un accesorio m\u00e1s: es parte clave del mensaje.<\/p>\n\n\n\n<p>En resumen, esta temporada se trata de vestir con intenci\u00f3n. De elegir prendas que te acompa\u00f1en, te representen y te hagan sentir bien desde la primera capa hasta el \u00faltimo detalle. Los looks Studio F invierno no siguen tendencias por seguirlas: las adaptan a la vida real, al ritmo diario y a una forma de vestir que mezcla comodidad, seguridad y estilo sin esfuerzo.<\/p>","protected":false},"excerpt":{"rendered":"<p>Cuando el fr\u00edo llega pero tu agenda sigue a full, vestirte bien deja de ser opcional y se vuelve parte del mood. Los looks Studio F invierno entienden perfecto esa necesidad de verte cool, sentirte c\u00f3moda y no sacrificar estilo aunque el d\u00eda est\u00e9 lleno de planes. Esta temporada, la marca apuesta por piezas clave [&hellip;]<\/p>\n","protected":false},"author":6,"featured_media":113986,"comment_status":"open","ping_status":"open","sticky":false,"template":"","format":"standard","meta":{"_jetpack_memberships_contains_paid_content":false,"footnotes":"","jetpack_publicize_message":"","jetpack_publicize_feature_enabled":true,"jetpack_social_post_already_shared":true,"jetpack_social_options":{"image_generator_settings":{"template":"highway","default_image_id":0,"font":"","enabled":false},"version":2}},"categories":[67],"tags":[],"class_list":["post-113985","post","type-post","status-publish","format-standard","has-post-thumbnail","hentry","category-moda","has-post-title","has-post-date","has-post-category","has-post-tag","has-post-comment","has-post-author",""],"yoast_head":"<!-- This site is optimized with the Yoast SEO plugin v27.4 - https:\/\/yoast.com\/product\/yoast-seo-wordpress\/ -->\n<title>Looks Studio F invierno ic\u00f3nicos - Zero Magazine<\/title>\n<meta name=\"description\" content=\"Descubre los looks Studio F invierno con prendas clave que combinan glamour, comodidad y estilo para elevar cualquier outfit.\" \/>\n<meta name=\"robots\" content=\"index, follow, max-snippet:-1, max-image-preview:large, max-video-preview:-1\" \/>\n<link rel=\"canonical\" href=\"https:\/\/zeromagazine.mx\/index.php\/2026\/01\/22\/looks-studio-f-invierno-estilo\/\" \/>\n<meta property=\"og:locale\" content=\"es_ES\" \/>\n<meta property=\"og:type\" content=\"article\" \/>\n<meta property=\"og:title\" content=\"Looks Studio F invierno ic\u00f3nicos - Zero Magazine\" \/>\n<meta property=\"og:description\" content=\"Descubre los looks Studio F invierno con prendas clave que combinan glamour, comodidad y estilo para elevar cualquier outfit.\" \/>\n<meta property=\"og:url\" content=\"https:\/\/zeromagazine.mx\/index.php\/2026\/01\/22\/looks-studio-f-invierno-estilo\/\" \/>\n<meta property=\"og:site_name\" content=\"Zero Magazine\" \/>\n<meta property=\"article:published_time\" content=\"2026-01-23T00:21:42+00:00\" \/>\n<meta property=\"article:modified_time\" content=\"2026-01-23T00:21:43+00:00\" \/>\n<meta property=\"og:image\" content=\"http:\/\/zeromagazine.mx\/wp-content\/uploads\/2026\/01\/IMG_6360.png\" \/>\n\t<meta property=\"og:image:width\" content=\"320\" \/>\n\t<meta property=\"og:image:height\" content=\"171\" \/>\n\t<meta property=\"og:image:type\" content=\"image\/png\" \/>\n<meta name=\"author\" content=\"Luis Trujano\" \/>\n<meta name=\"twitter:card\" content=\"summary_large_image\" \/>\n<meta name=\"twitter:label1\" content=\"Escrito por\" \/>\n\t<meta name=\"twitter:data1\" content=\"Luis Trujano\" \/>\n\t<meta name=\"twitter:label2\" content=\"Tiempo de lectura\" \/>\n\t<meta name=\"twitter:data2\" content=\"4 minutos\" \/>\n<script type=\"application\/ld+json\" class=\"yoast-schema-graph\">{\"@context\":\"https:\\\/\\\/schema.org\",\"@graph\":[{\"@type\":\"Article\",\"@id\":\"https:\\\/\\\/zeromagazine.mx\\\/index.php\\\/2026\\\/01\\\/22\\\/looks-studio-f-invierno-estilo\\\/#article\",\"isPartOf\":{\"@id\":\"https:\\\/\\\/zeromagazine.mx\\\/index.php\\\/2026\\\/01\\\/22\\\/looks-studio-f-invierno-estilo\\\/\"},\"author\":{\"name\":\"Luis Trujano\",\"@id\":\"https:\\\/\\\/zeromagazine.mx\\\/#\\\/schema\\\/person\\\/118d2dc27eca6f07b968c953d12daa6b\"},\"headline\":\"Looks Studio F invierno ic\u00f3nicos\",\"datePublished\":\"2026-01-23T00:21:42+00:00\",\"dateModified\":\"2026-01-23T00:21:43+00:00\",\"mainEntityOfPage\":{\"@id\":\"https:\\\/\\\/zeromagazine.mx\\\/index.php\\\/2026\\\/01\\\/22\\\/looks-studio-f-invierno-estilo\\\/\"},\"wordCount\":530,\"commentCount\":0,\"publisher\":{\"@id\":\"https:\\\/\\\/zeromagazine.mx\\\/#organization\"},\"image\":{\"@id\":\"https:\\\/\\\/zeromagazine.mx\\\/index.php\\\/2026\\\/01\\\/22\\\/looks-studio-f-invierno-estilo\\\/#primaryimage\"},\"thumbnailUrl\":\"https:\\\/\\\/i0.wp.com\\\/zeromagazine.mx\\\/wp-content\\\/uploads\\\/2026\\\/01\\\/IMG_6360.png?fit=320%2C171&ssl=1\",\"articleSection\":[\"Moda\"],\"inLanguage\":\"es\",\"potentialAction\":[{\"@type\":\"CommentAction\",\"name\":\"Comment\",\"target\":[\"https:\\\/\\\/zeromagazine.mx\\\/index.php\\\/2026\\\/01\\\/22\\\/looks-studio-f-invierno-estilo\\\/#respond\"]}]},{\"@type\":\"WebPage\",\"@id\":\"https:\\\/\\\/zeromagazine.mx\\\/index.php\\\/2026\\\/01\\\/22\\\/looks-studio-f-invierno-estilo\\\/\",\"url\":\"https:\\\/\\\/zeromagazine.mx\\\/index.php\\\/2026\\\/01\\\/22\\\/looks-studio-f-invierno-estilo\\\/\",\"name\":\"Looks Studio F invierno ic\u00f3nicos - Zero Magazine\",\"isPartOf\":{\"@id\":\"https:\\\/\\\/zeromagazine.mx\\\/#website\"},\"primaryImageOfPage\":{\"@id\":\"https:\\\/\\\/zeromagazine.mx\\\/index.php\\\/2026\\\/01\\\/22\\\/looks-studio-f-invierno-estilo\\\/#primaryimage\"},\"image\":{\"@id\":\"https:\\\/\\\/zeromagazine.mx\\\/index.php\\\/2026\\\/01\\\/22\\\/looks-studio-f-invierno-estilo\\\/#primaryimage\"},\"thumbnailUrl\":\"https:\\\/\\\/i0.wp.com\\\/zeromagazine.mx\\\/wp-content\\\/uploads\\\/2026\\\/01\\\/IMG_6360.png?fit=320%2C171&ssl=1\",\"datePublished\":\"2026-01-23T00:21:42+00:00\",\"dateModified\":\"2026-01-23T00:21:43+00:00\",\"description\":\"Descubre los looks Studio F invierno con prendas clave que combinan glamour, comodidad y estilo para elevar cualquier outfit.\",\"breadcrumb\":{\"@id\":\"https:\\\/\\\/zeromagazine.mx\\\/index.php\\\/2026\\\/01\\\/22\\\/looks-studio-f-invierno-estilo\\\/#breadcrumb\"},\"inLanguage\":\"es\",\"potentialAction\":[{\"@type\":\"ReadAction\",\"target\":[\"https:\\\/\\\/zeromagazine.mx\\\/index.php\\\/2026\\\/01\\\/22\\\/looks-studio-f-invierno-estilo\\\/\"]}]},{\"@type\":\"ImageObject\",\"inLanguage\":\"es\",\"@id\":\"https:\\\/\\\/zeromagazine.mx\\\/index.php\\\/2026\\\/01\\\/22\\\/looks-studio-f-invierno-estilo\\\/#primaryimage\",\"url\":\"https:\\\/\\\/i0.wp.com\\\/zeromagazine.mx\\\/wp-content\\\/uploads\\\/2026\\\/01\\\/IMG_6360.png?fit=320%2C171&ssl=1\",\"contentUrl\":\"https:\\\/\\\/i0.wp.com\\\/zeromagazine.mx\\\/wp-content\\\/uploads\\\/2026\\\/01\\\/IMG_6360.png?fit=320%2C171&ssl=1\",\"width\":320,\"height\":171},{\"@type\":\"BreadcrumbList\",\"@id\":\"https:\\\/\\\/zeromagazine.mx\\\/index.php\\\/2026\\\/01\\\/22\\\/looks-studio-f-invierno-estilo\\\/#breadcrumb\",\"itemListElement\":[{\"@type\":\"ListItem\",\"position\":1,\"name\":\"Portada\",\"item\":\"https:\\\/\\\/zeromagazine.mx\\\/\"},{\"@type\":\"ListItem\",\"position\":2,\"name\":\"Looks Studio F invierno ic\u00f3nicos\"}]},{\"@type\":\"WebSite\",\"@id\":\"https:\\\/\\\/zeromagazine.mx\\\/#website\",\"url\":\"https:\\\/\\\/zeromagazine.mx\\\/\",\"name\":\"Zero Magazine\",\"description\":\"\",\"publisher\":{\"@id\":\"https:\\\/\\\/zeromagazine.mx\\\/#organization\"},\"potentialAction\":[{\"@type\":\"SearchAction\",\"target\":{\"@type\":\"EntryPoint\",\"urlTemplate\":\"https:\\\/\\\/zeromagazine.mx\\\/?s={search_term_string}\"},\"query-input\":{\"@type\":\"PropertyValueSpecification\",\"valueRequired\":true,\"valueName\":\"search_term_string\"}}],\"inLanguage\":\"es\"},{\"@type\":\"Organization\",\"@id\":\"https:\\\/\\\/zeromagazine.mx\\\/#organization\",\"name\":\"Zero Magazine\",\"url\":\"https:\\\/\\\/zeromagazine.mx\\\/\",\"logo\":{\"@type\":\"ImageObject\",\"inLanguage\":\"es\",\"@id\":\"https:\\\/\\\/zeromagazine.mx\\\/#\\\/schema\\\/logo\\\/image\\\/\",\"url\":\"https:\\\/\\\/i0.wp.com\\\/zeromagazine.mx\\\/wp-content\\\/uploads\\\/2025\\\/11\\\/1.jpeg?fit=1000%2C1000&ssl=1\",\"contentUrl\":\"https:\\\/\\\/i0.wp.com\\\/zeromagazine.mx\\\/wp-content\\\/uploads\\\/2025\\\/11\\\/1.jpeg?fit=1000%2C1000&ssl=1\",\"width\":1000,\"height\":1000,\"caption\":\"Zero Magazine\"},\"image\":{\"@id\":\"https:\\\/\\\/zeromagazine.mx\\\/#\\\/schema\\\/logo\\\/image\\\/\"},\"sameAs\":[\"https:\\\/\\\/instagram.com\\\/zeromagazinemx\"]},{\"@type\":\"Person\",\"@id\":\"https:\\\/\\\/zeromagazine.mx\\\/#\\\/schema\\\/person\\\/118d2dc27eca6f07b968c953d12daa6b\",\"name\":\"Luis Trujano\",\"image\":{\"@type\":\"ImageObject\",\"inLanguage\":\"es\",\"@id\":\"https:\\\/\\\/zeromagazine.mx\\\/wp-content\\\/litespeed\\\/avatar\\\/fbd9d1d6aa4d21e2bb5be8b3155046c9.jpg?ver=1776970654\",\"url\":\"https:\\\/\\\/zeromagazine.mx\\\/wp-content\\\/litespeed\\\/avatar\\\/fbd9d1d6aa4d21e2bb5be8b3155046c9.jpg?ver=1776970654\",\"contentUrl\":\"https:\\\/\\\/zeromagazine.mx\\\/wp-content\\\/litespeed\\\/avatar\\\/fbd9d1d6aa4d21e2bb5be8b3155046c9.jpg?ver=1776970654\",\"caption\":\"Luis Trujano\"},\"url\":\"https:\\\/\\\/zeromagazine.mx\\\/index.php\\\/author\\\/luis-trujano\\\/\"}]}<\/script>\n<!-- \/ Yoast SEO plugin. -->","yoast_head_json":{"title":"Looks Studio F invierno ic\u00f3nicos - Zero Magazine","description":"Descubre los looks Studio F invierno con prendas clave que combinan glamour, comodidad y estilo para elevar cualquier outfit.","robots":{"index":"index","follow":"follow","max-snippet":"max-snippet:-1","max-image-preview":"max-image-preview:large","max-video-preview":"max-video-preview:-1"},"canonical":"https:\/\/zeromagazine.mx\/index.php\/2026\/01\/22\/looks-studio-f-invierno-estilo\/","og_locale":"es_ES","og_type":"article","og_title":"Looks Studio F invierno ic\u00f3nicos - Zero Magazine","og_description":"Descubre los looks Studio F invierno con prendas clave que combinan glamour, comodidad y estilo para elevar cualquier outfit.","og_url":"https:\/\/zeromagazine.mx\/index.php\/2026\/01\/22\/looks-studio-f-invierno-estilo\/","og_site_name":"Zero Magazine","article_published_time":"2026-01-23T00:21:42+00:00","article_modified_time":"2026-01-23T00:21:43+00:00","og_image":[{"width":320,"height":171,"url":"http:\/\/zeromagazine.mx\/wp-content\/uploads\/2026\/01\/IMG_6360.png","type":"image\/png"}],"author":"Luis Trujano","twitter_card":"summary_large_image","twitter_misc":{"Escrito por":"Luis Trujano","Tiempo de lectura":"4 minutos"},"schema":{"@context":"https:\/\/schema.org","@graph":[{"@type":"Article","@id":"https:\/\/zeromagazine.mx\/index.php\/2026\/01\/22\/looks-studio-f-invierno-estilo\/#article","isPartOf":{"@id":"https:\/\/zeromagazine.mx\/index.php\/2026\/01\/22\/looks-studio-f-invierno-estilo\/"},"author":{"name":"Luis Trujano","@id":"https:\/\/zeromagazine.mx\/#\/schema\/person\/118d2dc27eca6f07b968c953d12daa6b"},"headline":"Looks Studio F invierno ic\u00f3nicos","datePublished":"2026-01-23T00:21:42+00:00","dateModified":"2026-01-23T00:21:43+00:00","mainEntityOfPage":{"@id":"https:\/\/zeromagazine.mx\/index.php\/2026\/01\/22\/looks-studio-f-invierno-estilo\/"},"wordCount":530,"commentCount":0,"publisher":{"@id":"https:\/\/zeromagazine.mx\/#organization"},"image":{"@id":"https:\/\/zeromagazine.mx\/index.php\/2026\/01\/22\/looks-studio-f-invierno-estilo\/#primaryimage"},"thumbnailUrl":"https:\/\/i0.wp.com\/zeromagazine.mx\/wp-content\/uploads\/2026\/01\/IMG_6360.png?fit=320%2C171&ssl=1","articleSection":["Moda"],"inLanguage":"es","potentialAction":[{"@type":"CommentAction","name":"Comment","target":["https:\/\/zeromagazine.mx\/index.php\/2026\/01\/22\/looks-studio-f-invierno-estilo\/#respond"]}]},{"@type":"WebPage","@id":"https:\/\/zeromagazine.mx\/index.php\/2026\/01\/22\/looks-studio-f-invierno-estilo\/","url":"https:\/\/zeromagazine.mx\/index.php\/2026\/01\/22\/looks-studio-f-invierno-estilo\/","name":"Looks Studio F invierno ic\u00f3nicos - Zero Magazine","isPartOf":{"@id":"https:\/\/zeromagazine.mx\/#website"},"primaryImageOfPage":{"@id":"https:\/\/zeromagazine.mx\/index.php\/2026\/01\/22\/looks-studio-f-invierno-estilo\/#primaryimage"},"image":{"@id":"https:\/\/zeromagazine.mx\/index.php\/2026\/01\/22\/looks-studio-f-invierno-estilo\/#primaryimage"},"thumbnailUrl":"https:\/\/i0.wp.com\/zeromagazine.mx\/wp-content\/uploads\/2026\/01\/IMG_6360.png?fit=320%2C171&ssl=1","datePublished":"2026-01-23T00:21:42+00:00","dateModified":"2026-01-23T00:21:43+00:00","description":"Descubre los looks Studio F invierno con prendas clave que combinan glamour, comodidad y estilo para elevar cualquier outfit.","breadcrumb":{"@id":"https:\/\/zeromagazine.mx\/index.php\/2026\/01\/22\/looks-studio-f-invierno-estilo\/#breadcrumb"},"inLanguage":"es","potentialAction":[{"@type":"ReadAction","target":["https:\/\/zeromagazine.mx\/index.php\/2026\/01\/22\/looks-studio-f-invierno-estilo\/"]}]},{"@type":"ImageObject","inLanguage":"es","@id":"https:\/\/zeromagazine.mx\/index.php\/2026\/01\/22\/looks-studio-f-invierno-estilo\/#primaryimage","url":"https:\/\/i0.wp.com\/zeromagazine.mx\/wp-content\/uploads\/2026\/01\/IMG_6360.png?fit=320%2C171&ssl=1","contentUrl":"https:\/\/i0.wp.com\/zeromagazine.mx\/wp-content\/uploads\/2026\/01\/IMG_6360.png?fit=320%2C171&ssl=1","width":320,"height":171},{"@type":"BreadcrumbList","@id":"https:\/\/zeromagazine.mx\/index.php\/2026\/01\/22\/looks-studio-f-invierno-estilo\/#breadcrumb","itemListElement":[{"@type":"ListItem","position":1,"name":"Portada","item":"https:\/\/zeromagazine.mx\/"},{"@type":"ListItem","position":2,"name":"Looks Studio F invierno ic\u00f3nicos"}]},{"@type":"WebSite","@id":"https:\/\/zeromagazine.mx\/#website","url":"https:\/\/zeromagazine.mx\/","name":"Zero Magazine","description":"","publisher":{"@id":"https:\/\/zeromagazine.mx\/#organization"},"potentialAction":[{"@type":"SearchAction","target":{"@type":"EntryPoint","urlTemplate":"https:\/\/zeromagazine.mx\/?s={search_term_string}"},"query-input":{"@type":"PropertyValueSpecification","valueRequired":true,"valueName":"search_term_string"}}],"inLanguage":"es"},{"@type":"Organization","@id":"https:\/\/zeromagazine.mx\/#organization","name":"Zero Magazine","url":"https:\/\/zeromagazine.mx\/","logo":{"@type":"ImageObject","inLanguage":"es","@id":"https:\/\/zeromagazine.mx\/#\/schema\/logo\/image\/","url":"https:\/\/i0.wp.com\/zeromagazine.mx\/wp-content\/uploads\/2025\/11\/1.jpeg?fit=1000%2C1000&ssl=1","contentUrl":"https:\/\/i0.wp.com\/zeromagazine.mx\/wp-content\/uploads\/2025\/11\/1.jpeg?fit=1000%2C1000&ssl=1","width":1000,"height":1000,"caption":"Zero Magazine"},"image":{"@id":"https:\/\/zeromagazine.mx\/#\/schema\/logo\/image\/"},"sameAs":["https:\/\/instagram.com\/zeromagazinemx"]},{"@type":"Person","@id":"https:\/\/zeromagazine.mx\/#\/schema\/person\/118d2dc27eca6f07b968c953d12daa6b","name":"Luis Trujano","image":{"@type":"ImageObject","inLanguage":"es","@id":"https:\/\/zeromagazine.mx\/wp-content\/litespeed\/avatar\/fbd9d1d6aa4d21e2bb5be8b3155046c9.jpg?ver=1776970654","url":"https:\/\/zeromagazine.mx\/wp-content\/litespeed\/avatar\/fbd9d1d6aa4d21e2bb5be8b3155046c9.jpg?ver=1776970654","contentUrl":"https:\/\/zeromagazine.mx\/wp-content\/litespeed\/avatar\/fbd9d1d6aa4d21e2bb5be8b3155046c9.jpg?ver=1776970654","caption":"Luis Trujano"},"url":"https:\/\/zeromagazine.mx\/index.php\/author\/luis-trujano\/"}]}},"jetpack_publicize_connections":[],"jetpack_featured_media_url":"https:\/\/i0.wp.com\/zeromagazine.mx\/wp-content\/uploads\/2026\/01\/IMG_6360.png?fit=320%2C171&ssl=1","jetpack-related-posts":[{"id":114602,"url":"https:\/\/zeromagazine.mx\/index.php\/2026\/02\/01\/looks-rojos-san-valentin-studio-f\/","url_meta":{"origin":113985,"position":0},"title":"Looks rojos San Valent\u00edn dominan","author":"Luis Trujano","date":"1 de febrero de 2026","format":false,"excerpt":"San Valent\u00edn ya no se trata solo de flores y cenas cursis. Hoy, la fecha se vive como una excusa perfecta para vestirte como la versi\u00f3n m\u00e1s segura, intensa y cool de ti. Y si hay un color que lo dice todo sin pedir permiso, ese es el rojo. Los\u2026","rel":"","context":"En \u00abModa\u00bb","block_context":{"text":"Moda","link":"https:\/\/zeromagazine.mx\/index.php\/category\/moda\/"},"img":{"alt_text":"","src":"https:\/\/i0.wp.com\/zeromagazine.mx\/wp-content\/uploads\/2026\/02\/IMG_6407.webp?fit=1000%2C1071&ssl=1&resize=350%2C200","width":350,"height":200,"srcset":"https:\/\/i0.wp.com\/zeromagazine.mx\/wp-content\/uploads\/2026\/02\/IMG_6407.webp?fit=1000%2C1071&ssl=1&resize=350%2C200 1x, https:\/\/i0.wp.com\/zeromagazine.mx\/wp-content\/uploads\/2026\/02\/IMG_6407.webp?fit=1000%2C1071&ssl=1&resize=525%2C300 1.5x, https:\/\/i0.wp.com\/zeromagazine.mx\/wp-content\/uploads\/2026\/02\/IMG_6407.webp?fit=1000%2C1071&ssl=1&resize=700%2C400 2x"},"classes":[]},{"id":112319,"url":"https:\/\/zeromagazine.mx\/index.php\/2025\/12\/29\/guia-de-invierno-aerie-cozy-2025\/","url_meta":{"origin":113985,"position":1},"title":"Gu\u00eda de invierno Aerie cozy-core","author":"Luis Trujano","date":"29 de diciembre de 2025","format":false,"excerpt":"El invierno no solo baja la temperatura: baja el ritmo, sube la sensibilidad y nos invita a escucharnos un poco m\u00e1s. Entre d\u00edas grises, planes cancelados sin culpa y ganas infinitas de quedarnos en casa, vestirse deja de ser solo una decisi\u00f3n est\u00e9tica y se convierte en un acto de\u2026","rel":"","context":"En \u00abModa\u00bb","block_context":{"text":"Moda","link":"https:\/\/zeromagazine.mx\/index.php\/category\/moda\/"},"img":{"alt_text":"","src":"https:\/\/i0.wp.com\/zeromagazine.mx\/wp-content\/uploads\/2025\/12\/IMG_6269.jpeg?fit=937%2C1200&ssl=1&resize=350%2C200","width":350,"height":200,"srcset":"https:\/\/i0.wp.com\/zeromagazine.mx\/wp-content\/uploads\/2025\/12\/IMG_6269.jpeg?fit=937%2C1200&ssl=1&resize=350%2C200 1x, https:\/\/i0.wp.com\/zeromagazine.mx\/wp-content\/uploads\/2025\/12\/IMG_6269.jpeg?fit=937%2C1200&ssl=1&resize=525%2C300 1.5x, https:\/\/i0.wp.com\/zeromagazine.mx\/wp-content\/uploads\/2025\/12\/IMG_6269.jpeg?fit=937%2C1200&ssl=1&resize=700%2C400 2x"},"classes":[]},{"id":109924,"url":"https:\/\/zeromagazine.mx\/index.php\/2025\/11\/03\/moda-invierno-2025-tendencias\/","url_meta":{"origin":113985,"position":2},"title":"Moda Invierno 2025: Looks Que Enamoran","author":"zeromagazinemx","date":"3 de noviembre de 2025","format":false,"excerpt":"Moda Invierno 2025: La fusi\u00f3n de forma y textura Cuando pensamos en invierno, la primera idea que viene a la mente suele ser abrigo grueso y capas interminables. Pero este a\u00f1o, la moda invierno 2025 va mucho m\u00e1s all\u00e1: se trata de jugar con la forma, la textura y la\u2026","rel":"","context":"En \u00abModa\u00bb","block_context":{"text":"Moda","link":"https:\/\/zeromagazine.mx\/index.php\/category\/moda\/"},"img":{"alt_text":"","src":"https:\/\/i0.wp.com\/zeromagazine.mx\/wp-content\/uploads\/2025\/11\/FESTIVE-CAMPAIGN_-FESTIVE-CAMPAIGN-CAMPAIGN-CAMPAIGN02-scaled.jpg?fit=800%2C1200&ssl=1&resize=350%2C200","width":350,"height":200,"srcset":"https:\/\/i0.wp.com\/zeromagazine.mx\/wp-content\/uploads\/2025\/11\/FESTIVE-CAMPAIGN_-FESTIVE-CAMPAIGN-CAMPAIGN-CAMPAIGN02-scaled.jpg?fit=800%2C1200&ssl=1&resize=350%2C200 1x, https:\/\/i0.wp.com\/zeromagazine.mx\/wp-content\/uploads\/2025\/11\/FESTIVE-CAMPAIGN_-FESTIVE-CAMPAIGN-CAMPAIGN-CAMPAIGN02-scaled.jpg?fit=800%2C1200&ssl=1&resize=525%2C300 1.5x, https:\/\/i0.wp.com\/zeromagazine.mx\/wp-content\/uploads\/2025\/11\/FESTIVE-CAMPAIGN_-FESTIVE-CAMPAIGN-CAMPAIGN-CAMPAIGN02-scaled.jpg?fit=800%2C1200&ssl=1&resize=700%2C400 2x"},"classes":[]},{"id":109640,"url":"https:\/\/zeromagazine.mx\/index.php\/2025\/10\/21\/looks-de-otono-invierno-con-shein\/","url_meta":{"origin":113985,"position":3},"title":"Looks de oto\u00f1o-invierno con SHEIN","author":"Luis Trujano","date":"21 de octubre de 2025","format":false,"excerpt":"La moda no tiene reglas, y esta temporada lo vuelve a dejar clar\u00edsimo. Los looks de oto\u00f1o-invierno con SHEIN llegan con m\u00e1s actitud que nunca gracias a su nueva edici\u00f3n de Atr\u00e9vete con Estilo, una campa\u00f1a que celebra la autenticidad, la confianza y la diversi\u00f3n al vestir. Karime Pindter, Ana\u2026","rel":"","context":"En \u00abModa\u00bb","block_context":{"text":"Moda","link":"https:\/\/zeromagazine.mx\/index.php\/category\/moda\/"},"img":{"alt_text":"","src":"https:\/\/i0.wp.com\/zeromagazine.mx\/wp-content\/uploads\/2025\/10\/SHEINXAMBASSADORS1036-scaled.jpg?fit=800%2C1200&ssl=1&resize=350%2C200","width":350,"height":200,"srcset":"https:\/\/i0.wp.com\/zeromagazine.mx\/wp-content\/uploads\/2025\/10\/SHEINXAMBASSADORS1036-scaled.jpg?fit=800%2C1200&ssl=1&resize=350%2C200 1x, https:\/\/i0.wp.com\/zeromagazine.mx\/wp-content\/uploads\/2025\/10\/SHEINXAMBASSADORS1036-scaled.jpg?fit=800%2C1200&ssl=1&resize=525%2C300 1.5x, https:\/\/i0.wp.com\/zeromagazine.mx\/wp-content\/uploads\/2025\/10\/SHEINXAMBASSADORS1036-scaled.jpg?fit=800%2C1200&ssl=1&resize=700%2C400 2x"},"classes":[]},{"id":110561,"url":"https:\/\/zeromagazine.mx\/index.php\/2025\/11\/14\/hm-studio-holiday-glamour-2025\/","url_meta":{"origin":113985,"position":4},"title":"H&amp;M Studio Holiday: Glamour Desatado","author":"Luis Trujano","date":"14 de noviembre de 2025","format":false,"excerpt":"La temporada festiva ya est\u00e1 aqu\u00ed y, honestamente, pocas cosas nos emocionan tanto como una colecci\u00f3n que entiende el drama, el brillo y esa actitud de \u201cs\u00ed, soy la main character\u201d. Y justo eso trae H&M Studio Holiday, la propuesta m\u00e1s atrevida y teatral de H&M para cerrar el a\u00f1o\u2026","rel":"","context":"En \u00abModa\u00bb","block_context":{"text":"Moda","link":"https:\/\/zeromagazine.mx\/index.php\/category\/moda\/"},"img":{"alt_text":"","src":"https:\/\/i0.wp.com\/zeromagazine.mx\/wp-content\/uploads\/2025\/11\/IMG_5828-scaled.jpeg?fit=1200%2C848&ssl=1&resize=350%2C200","width":350,"height":200,"srcset":"https:\/\/i0.wp.com\/zeromagazine.mx\/wp-content\/uploads\/2025\/11\/IMG_5828-scaled.jpeg?fit=1200%2C848&ssl=1&resize=350%2C200 1x, https:\/\/i0.wp.com\/zeromagazine.mx\/wp-content\/uploads\/2025\/11\/IMG_5828-scaled.jpeg?fit=1200%2C848&ssl=1&resize=525%2C300 1.5x, https:\/\/i0.wp.com\/zeromagazine.mx\/wp-content\/uploads\/2025\/11\/IMG_5828-scaled.jpeg?fit=1200%2C848&ssl=1&resize=700%2C400 2x, https:\/\/i0.wp.com\/zeromagazine.mx\/wp-content\/uploads\/2025\/11\/IMG_5828-scaled.jpeg?fit=1200%2C848&ssl=1&resize=1050%2C600 3x"},"classes":[]},{"id":111711,"url":"https:\/\/zeromagazine.mx\/index.php\/2025\/12\/17\/guess-holiday-2025-coleccion-invierno\/","url_meta":{"origin":113985,"position":5},"title":"GUESS Holiday 2025 brilla","author":"zeromagazinemx","date":"17 de diciembre de 2025","format":false,"excerpt":"Cuando el cierre del a\u00f1o se siente como una mezcla perfecta entre celebraci\u00f3n, descanso y planes improvisados, el guardarropa necesita estar a la altura. GUESS Holiday 2025 llega justo en ese punto donde el estilo se cruza con la comodidad y el mood festivo se traduce en texturas suaves, siluetas\u2026","rel":"","context":"En \u00abModa\u00bb","block_context":{"text":"Moda","link":"https:\/\/zeromagazine.mx\/index.php\/category\/moda\/"},"img":{"alt_text":"","src":"https:\/\/i0.wp.com\/zeromagazine.mx\/wp-content\/uploads\/2025\/12\/0800_H36_CMYK-scaled.jpg?fit=909%2C1200&ssl=1&resize=350%2C200","width":350,"height":200,"srcset":"https:\/\/i0.wp.com\/zeromagazine.mx\/wp-content\/uploads\/2025\/12\/0800_H36_CMYK-scaled.jpg?fit=909%2C1200&ssl=1&resize=350%2C200 1x, https:\/\/i0.wp.com\/zeromagazine.mx\/wp-content\/uploads\/2025\/12\/0800_H36_CMYK-scaled.jpg?fit=909%2C1200&ssl=1&resize=525%2C300 1.5x, https:\/\/i0.wp.com\/zeromagazine.mx\/wp-content\/uploads\/2025\/12\/0800_H36_CMYK-scaled.jpg?fit=909%2C1200&ssl=1&resize=700%2C400 2x"},"classes":[]}],"jetpack_sharing_enabled":true,"builder_content":"","_links":{"self":[{"href":"https:\/\/zeromagazine.mx\/index.php\/wp-json\/wp\/v2\/posts\/113985","targetHints":{"allow":["GET"]}}],"collection":[{"href":"https:\/\/zeromagazine.mx\/index.php\/wp-json\/wp\/v2\/posts"}],"about":[{"href":"https:\/\/zeromagazine.mx\/index.php\/wp-json\/wp\/v2\/types\/post"}],"author":[{"embeddable":true,"href":"https:\/\/zeromagazine.mx\/index.php\/wp-json\/wp\/v2\/users\/6"}],"replies":[{"embeddable":true,"href":"https:\/\/zeromagazine.mx\/index.php\/wp-json\/wp\/v2\/comments?post=113985"}],"version-history":[{"count":1,"href":"https:\/\/zeromagazine.mx\/index.php\/wp-json\/wp\/v2\/posts\/113985\/revisions"}],"predecessor-version":[{"id":113989,"href":"https:\/\/zeromagazine.mx\/index.php\/wp-json\/wp\/v2\/posts\/113985\/revisions\/113989"}],"wp:featuredmedia":[{"embeddable":true,"href":"https:\/\/zeromagazine.mx\/index.php\/wp-json\/wp\/v2\/media\/113986"}],"wp:attachment":[{"href":"https:\/\/zeromagazine.mx\/index.php\/wp-json\/wp\/v2\/media?parent=113985"}],"wp:term":[{"taxonomy":"category","embeddable":true,"href":"https:\/\/zeromagazine.mx\/index.php\/wp-json\/wp\/v2\/categories?post=113985"},{"taxonomy":"post_tag","embeddable":true,"href":"https:\/\/zeromagazine.mx\/index.php\/wp-json\/wp\/v2\/tags?post=113985"}],"curies":[{"name":"wp","href":"https:\/\/api.w.org\/{rel}","templated":true}]}}