{"id":114080,"date":"2026-01-23T15:28:50","date_gmt":"2026-01-23T21:28:50","guid":{"rendered":"https:\/\/zeromagazine.mx\/?p=114080"},"modified":"2026-01-23T15:28:52","modified_gmt":"2026-01-23T21:28:52","slug":"saza-fischer-edc-mexico-2026","status":"publish","type":"post","link":"https:\/\/zeromagazine.mx\/index.php\/2026\/01\/23\/saza-fischer-edc-mexico-2026\/","title":{"rendered":"SAZA FISCHER REGRESA A EDC M\u00c9XICO COMO HEADLINER EN UNO DE LOS ESCENARIOS M\u00c1S GRANDES DEL FESTIVAL.\u200b"},"content":{"rendered":"<!--themify_builder_content-->\n<div id=\"themify_builder_content-114080\" data-postid=\"114080\" class=\"themify_builder_content themify_builder_content-114080 themify_builder tf_clear\">\n    <\/div>\n<!--\/themify_builder_content-->\n\n\n<p>El regreso de&nbsp;<strong>Saza Fischer EDC M\u00e9xico<\/strong>&nbsp;no es solo una fecha m\u00e1s en el calendario: es un statement. Volver al festival que la vio crecer, ahora como headliner en uno de los escenarios m\u00e1s grandes, marca un momento clave en su historia personal y musical. No se trata de nostalgia, sino de evoluci\u00f3n real, de llegar al mismo lugar siendo otra versi\u00f3n de ti.<\/p>\n\n\n\n<p>Desde su primera aparici\u00f3n en EDC M\u00e9xico, Saza ha vivido el festival como un punto de encuentro entre emoci\u00f3n colectiva y energ\u00eda cruda. Hoy, ese v\u00ednculo se siente m\u00e1s fuerte que nunca. Su sonido, su presencia y su narrativa arriba del escenario reflejan claridad, intenci\u00f3n y una conexi\u00f3n genuina con el p\u00fablico que vibra al mismo ritmo.<\/p>\n\n\n\n<p><strong>Adem\u00e1s<\/strong>, su presentaci\u00f3n en Circuit Grounds en 2024 fue el punto de quiebre. Ah\u00ed entendi\u00f3 que confiar en su selecci\u00f3n musical y en su instinto era el camino correcto. A partir de ese momento,&nbsp;<strong>Saza Fischer EDC M\u00e9xico<\/strong>&nbsp;dej\u00f3 de ser solo una meta y se convirti\u00f3 en un espacio de expresi\u00f3n honesta.<\/p>\n\n\n\n<h3 class=\"wp-block-heading\"><strong>EDC M\u00e9xico como ritual colectivo<\/strong><\/h3>\n\n\n\n<p>Hablar de&nbsp;<strong>Saza Fischer EDC M\u00e9xico<\/strong>&nbsp;es hablar de energ\u00eda compartida. Su set no busca impresionar por exceso, sino conectar desde el groove, las l\u00edneas de bajo potentes y una narrativa que se construye track por track. Tech house, house e indie dance se mezclan en una experiencia que no solo se escucha, se siente en el cuerpo.<\/p>\n\n\n\n<p><strong>Por eso<\/strong>, llegar como headliner no es casualidad. Es el resultado de cuatro ediciones del festival que acompa\u00f1aron distintas etapas de su vida, funcionando como checkpoints emocionales y creativos. Cada EDC fue una versi\u00f3n distinta de ella, hasta llegar a este momento donde todo encaja.<\/p>\n\n\n\n<figure class=\"wp-block-gallery has-nested-images columns-default is-cropped wp-block-gallery-1 is-layout-flex wp-block-gallery-is-layout-flex\">\n<figure class=\"wp-block-image size-large\"><img data-recalc-dims=\"1\" decoding=\"async\" width=\"819\" height=\"1024\" data-id=\"114082\" src=\"https:\/\/i0.wp.com\/zeromagazine.mx\/wp-content\/uploads\/2026\/01\/11-819x1024.jpeg?resize=819%2C1024&#038;ssl=1\" alt=\"\" class=\"wp-image-114082\" srcset=\"https:\/\/i0.wp.com\/zeromagazine.mx\/wp-content\/uploads\/2026\/01\/11.jpeg?resize=819%2C1024&amp;ssl=1 819w, https:\/\/i0.wp.com\/zeromagazine.mx\/wp-content\/uploads\/2026\/01\/11.jpeg?resize=240%2C300&amp;ssl=1 240w, https:\/\/i0.wp.com\/zeromagazine.mx\/wp-content\/uploads\/2026\/01\/11.jpeg?resize=768%2C960&amp;ssl=1 768w, https:\/\/i0.wp.com\/zeromagazine.mx\/wp-content\/uploads\/2026\/01\/11.jpeg?resize=1229%2C1536&amp;ssl=1 1229w, https:\/\/i0.wp.com\/zeromagazine.mx\/wp-content\/uploads\/2026\/01\/11.jpeg?w=1440&amp;ssl=1 1440w\" sizes=\"(max-width: 819px) 100vw, 819px\" \/><\/figure>\n<\/figure>\n\n\n\n<h3 class=\"wp-block-heading\"><strong>Saza Fischer y su nueva etapa creativa<\/strong><\/h3>\n\n\n\n<p><strong>Mientras tanto<\/strong>, 2025 marc\u00f3 un renacer profundo con el lanzamiento de un EP escalonado. Este proyecto naci\u00f3 en medio de un proceso personal intenso donde la m\u00fasica se convirti\u00f3 en refugio, terapia y motor de transformaci\u00f3n. Esa narrativa atraviesa directamente su show en EDC M\u00e9xico 2026, reforzando una identidad art\u00edstica m\u00e1s consciente y s\u00f3lida.<\/p>\n\n\n\n<p>Compartir cabina con nombres como Carl Cox, John Summit y Boys Noize tambi\u00e9n dej\u00f3 huella, pero lejos de diluir su esencia, la fortaleci\u00f3. Saza entendi\u00f3 que la verdadera potencia est\u00e1 en la individualidad y en sostener una propuesta propia sin miedo.<\/p>\n\n\n\n<p><strong>Finalmente<\/strong>, su regreso como headliner es tambi\u00e9n un mensaje claro: los sue\u00f1os no aparecen de la nada, se construyen. Bailando, creando, cayendo y volviendo a levantarse.&nbsp;<strong>Saza Fischer EDC M\u00e9xico<\/strong>&nbsp;representa esa idea de transformar lo que doli\u00f3 en algo que vibra, conecta y se comparte.<\/p>\n\n\n\n<p>Despu\u00e9s de EDC 2026, el camino sigue con nueva m\u00fasica, colaboraciones, expansi\u00f3n internacional y una comunidad que crece desde la inspiraci\u00f3n y la libertad creativa. Porque cuando la m\u00fasica nace desde un lugar real, el impacto se siente mucho m\u00e1s fuerte.<\/p>\n\n\n\n<figure class=\"wp-block-gallery has-nested-images columns-default is-cropped wp-block-gallery-2 is-layout-flex wp-block-gallery-is-layout-flex\">\n<figure class=\"wp-block-image size-large\"><img data-recalc-dims=\"1\" decoding=\"async\" width=\"768\" height=\"1024\" data-id=\"114083\" src=\"https:\/\/i0.wp.com\/zeromagazine.mx\/wp-content\/uploads\/2026\/01\/8-768x1024.jpeg?resize=768%2C1024&#038;ssl=1\" alt=\"\" class=\"wp-image-114083\" srcset=\"https:\/\/i0.wp.com\/zeromagazine.mx\/wp-content\/uploads\/2026\/01\/8.jpeg?resize=768%2C1024&amp;ssl=1 768w, https:\/\/i0.wp.com\/zeromagazine.mx\/wp-content\/uploads\/2026\/01\/8.jpeg?resize=225%2C300&amp;ssl=1 225w, https:\/\/i0.wp.com\/zeromagazine.mx\/wp-content\/uploads\/2026\/01\/8.jpeg?resize=1152%2C1536&amp;ssl=1 1152w, https:\/\/i0.wp.com\/zeromagazine.mx\/wp-content\/uploads\/2026\/01\/8.jpeg?resize=1536%2C2048&amp;ssl=1 1536w, https:\/\/i0.wp.com\/zeromagazine.mx\/wp-content\/uploads\/2026\/01\/8.jpeg?w=1836&amp;ssl=1 1836w\" sizes=\"(max-width: 768px) 100vw, 768px\" \/><\/figure>\n<\/figure>","protected":false},"excerpt":{"rendered":"<p>El regreso de&nbsp;Saza Fischer EDC M\u00e9xico&nbsp;no es solo una fecha m\u00e1s en el calendario: es un statement. Volver al festival que la vio crecer, ahora como headliner en uno de los escenarios m\u00e1s grandes, marca un momento clave en su historia personal y musical. No se trata de nostalgia, sino de evoluci\u00f3n real, de llegar [&hellip;]<\/p>\n","protected":false},"author":4,"featured_media":114081,"comment_status":"open","ping_status":"open","sticky":false,"template":"","format":"standard","meta":{"_jetpack_memberships_contains_paid_content":false,"footnotes":"","jetpack_publicize_message":"","jetpack_publicize_feature_enabled":true,"jetpack_social_post_already_shared":true,"jetpack_social_options":{"image_generator_settings":{"template":"highway","default_image_id":0,"font":"","enabled":false},"version":2}},"categories":[117,14134],"tags":[],"class_list":["post-114080","post","type-post","status-publish","format-standard","has-post-thumbnail","hentry","category-entretenimiento","category-musica","has-post-title","has-post-date","has-post-category","has-post-tag","has-post-comment","has-post-author",""],"yoast_head":"<!-- This site is optimized with the Yoast SEO plugin v27.4 - https:\/\/yoast.com\/product\/yoast-seo-wordpress\/ -->\n<title>SAZA FISCHER REGRESA A EDC M\u00c9XICO COMO HEADLINER EN UNO DE LOS ESCENARIOS M\u00c1S GRANDES DEL FESTIVAL.\u200b - Zero Magazine<\/title>\n<meta name=\"description\" content=\"Saza Fischer EDC M\u00e9xico marca su regreso como headliner con un set cargado de groove, emoci\u00f3n y una nueva etapa creativa.\" \/>\n<meta name=\"robots\" content=\"index, follow, max-snippet:-1, max-image-preview:large, max-video-preview:-1\" \/>\n<link rel=\"canonical\" href=\"https:\/\/zeromagazine.mx\/index.php\/2026\/01\/23\/saza-fischer-edc-mexico-2026\/\" \/>\n<meta property=\"og:locale\" content=\"es_ES\" \/>\n<meta property=\"og:type\" content=\"article\" \/>\n<meta property=\"og:title\" content=\"SAZA FISCHER REGRESA A EDC M\u00c9XICO COMO HEADLINER EN UNO DE LOS ESCENARIOS M\u00c1S GRANDES DEL FESTIVAL.\u200b - Zero Magazine\" \/>\n<meta property=\"og:description\" content=\"Saza Fischer EDC M\u00e9xico marca su regreso como headliner con un set cargado de groove, emoci\u00f3n y una nueva etapa creativa.\" \/>\n<meta property=\"og:url\" content=\"https:\/\/zeromagazine.mx\/index.php\/2026\/01\/23\/saza-fischer-edc-mexico-2026\/\" \/>\n<meta property=\"og:site_name\" content=\"Zero Magazine\" \/>\n<meta property=\"article:published_time\" content=\"2026-01-23T21:28:50+00:00\" \/>\n<meta property=\"article:modified_time\" content=\"2026-01-23T21:28:52+00:00\" \/>\n<meta property=\"og:image\" content=\"http:\/\/zeromagazine.mx\/wp-content\/uploads\/2026\/01\/7-1.jpeg\" \/>\n\t<meta property=\"og:image:width\" content=\"1440\" \/>\n\t<meta property=\"og:image:height\" content=\"1439\" \/>\n\t<meta property=\"og:image:type\" content=\"image\/jpeg\" \/>\n<meta name=\"author\" content=\"David Morales\" \/>\n<meta name=\"twitter:card\" content=\"summary_large_image\" \/>\n<meta name=\"twitter:label1\" content=\"Escrito por\" \/>\n\t<meta name=\"twitter:data1\" content=\"David Morales\" \/>\n\t<meta name=\"twitter:label2\" content=\"Tiempo de lectura\" \/>\n\t<meta name=\"twitter:data2\" content=\"3 minutos\" \/>\n<script type=\"application\/ld+json\" class=\"yoast-schema-graph\">{\"@context\":\"https:\\\/\\\/schema.org\",\"@graph\":[{\"@type\":\"Article\",\"@id\":\"https:\\\/\\\/zeromagazine.mx\\\/index.php\\\/2026\\\/01\\\/23\\\/saza-fischer-edc-mexico-2026\\\/#article\",\"isPartOf\":{\"@id\":\"https:\\\/\\\/zeromagazine.mx\\\/index.php\\\/2026\\\/01\\\/23\\\/saza-fischer-edc-mexico-2026\\\/\"},\"author\":{\"name\":\"David Morales\",\"@id\":\"https:\\\/\\\/zeromagazine.mx\\\/#\\\/schema\\\/person\\\/9f7f1a17c60ba8e9980e3e6677aabe5a\"},\"headline\":\"SAZA FISCHER REGRESA A EDC M\u00c9XICO COMO HEADLINER EN UNO DE LOS ESCENARIOS M\u00c1S GRANDES DEL FESTIVAL.\u200b\",\"datePublished\":\"2026-01-23T21:28:50+00:00\",\"dateModified\":\"2026-01-23T21:28:52+00:00\",\"mainEntityOfPage\":{\"@id\":\"https:\\\/\\\/zeromagazine.mx\\\/index.php\\\/2026\\\/01\\\/23\\\/saza-fischer-edc-mexico-2026\\\/\"},\"wordCount\":536,\"commentCount\":0,\"publisher\":{\"@id\":\"https:\\\/\\\/zeromagazine.mx\\\/#organization\"},\"image\":{\"@id\":\"https:\\\/\\\/zeromagazine.mx\\\/index.php\\\/2026\\\/01\\\/23\\\/saza-fischer-edc-mexico-2026\\\/#primaryimage\"},\"thumbnailUrl\":\"https:\\\/\\\/i0.wp.com\\\/zeromagazine.mx\\\/wp-content\\\/uploads\\\/2026\\\/01\\\/7-1.jpeg?fit=1440%2C1439&ssl=1\",\"articleSection\":[\"Entretenimiento\",\"M\u00fasica\"],\"inLanguage\":\"es\",\"potentialAction\":[{\"@type\":\"CommentAction\",\"name\":\"Comment\",\"target\":[\"https:\\\/\\\/zeromagazine.mx\\\/index.php\\\/2026\\\/01\\\/23\\\/saza-fischer-edc-mexico-2026\\\/#respond\"]}]},{\"@type\":\"WebPage\",\"@id\":\"https:\\\/\\\/zeromagazine.mx\\\/index.php\\\/2026\\\/01\\\/23\\\/saza-fischer-edc-mexico-2026\\\/\",\"url\":\"https:\\\/\\\/zeromagazine.mx\\\/index.php\\\/2026\\\/01\\\/23\\\/saza-fischer-edc-mexico-2026\\\/\",\"name\":\"SAZA FISCHER REGRESA A EDC M\u00c9XICO COMO HEADLINER EN UNO DE LOS ESCENARIOS M\u00c1S GRANDES DEL FESTIVAL.\u200b - Zero Magazine\",\"isPartOf\":{\"@id\":\"https:\\\/\\\/zeromagazine.mx\\\/#website\"},\"primaryImageOfPage\":{\"@id\":\"https:\\\/\\\/zeromagazine.mx\\\/index.php\\\/2026\\\/01\\\/23\\\/saza-fischer-edc-mexico-2026\\\/#primaryimage\"},\"image\":{\"@id\":\"https:\\\/\\\/zeromagazine.mx\\\/index.php\\\/2026\\\/01\\\/23\\\/saza-fischer-edc-mexico-2026\\\/#primaryimage\"},\"thumbnailUrl\":\"https:\\\/\\\/i0.wp.com\\\/zeromagazine.mx\\\/wp-content\\\/uploads\\\/2026\\\/01\\\/7-1.jpeg?fit=1440%2C1439&ssl=1\",\"datePublished\":\"2026-01-23T21:28:50+00:00\",\"dateModified\":\"2026-01-23T21:28:52+00:00\",\"description\":\"Saza Fischer EDC M\u00e9xico marca su regreso como headliner con un set cargado de groove, emoci\u00f3n y una nueva etapa creativa.\",\"breadcrumb\":{\"@id\":\"https:\\\/\\\/zeromagazine.mx\\\/index.php\\\/2026\\\/01\\\/23\\\/saza-fischer-edc-mexico-2026\\\/#breadcrumb\"},\"inLanguage\":\"es\",\"potentialAction\":[{\"@type\":\"ReadAction\",\"target\":[\"https:\\\/\\\/zeromagazine.mx\\\/index.php\\\/2026\\\/01\\\/23\\\/saza-fischer-edc-mexico-2026\\\/\"]}]},{\"@type\":\"ImageObject\",\"inLanguage\":\"es\",\"@id\":\"https:\\\/\\\/zeromagazine.mx\\\/index.php\\\/2026\\\/01\\\/23\\\/saza-fischer-edc-mexico-2026\\\/#primaryimage\",\"url\":\"https:\\\/\\\/i0.wp.com\\\/zeromagazine.mx\\\/wp-content\\\/uploads\\\/2026\\\/01\\\/7-1.jpeg?fit=1440%2C1439&ssl=1\",\"contentUrl\":\"https:\\\/\\\/i0.wp.com\\\/zeromagazine.mx\\\/wp-content\\\/uploads\\\/2026\\\/01\\\/7-1.jpeg?fit=1440%2C1439&ssl=1\",\"width\":1440,\"height\":1439},{\"@type\":\"BreadcrumbList\",\"@id\":\"https:\\\/\\\/zeromagazine.mx\\\/index.php\\\/2026\\\/01\\\/23\\\/saza-fischer-edc-mexico-2026\\\/#breadcrumb\",\"itemListElement\":[{\"@type\":\"ListItem\",\"position\":1,\"name\":\"Portada\",\"item\":\"https:\\\/\\\/zeromagazine.mx\\\/\"},{\"@type\":\"ListItem\",\"position\":2,\"name\":\"SAZA FISCHER REGRESA A EDC M\u00c9XICO COMO HEADLINER EN UNO DE LOS ESCENARIOS M\u00c1S GRANDES DEL FESTIVAL.\u200b\"}]},{\"@type\":\"WebSite\",\"@id\":\"https:\\\/\\\/zeromagazine.mx\\\/#website\",\"url\":\"https:\\\/\\\/zeromagazine.mx\\\/\",\"name\":\"Zero Magazine\",\"description\":\"\",\"publisher\":{\"@id\":\"https:\\\/\\\/zeromagazine.mx\\\/#organization\"},\"potentialAction\":[{\"@type\":\"SearchAction\",\"target\":{\"@type\":\"EntryPoint\",\"urlTemplate\":\"https:\\\/\\\/zeromagazine.mx\\\/?s={search_term_string}\"},\"query-input\":{\"@type\":\"PropertyValueSpecification\",\"valueRequired\":true,\"valueName\":\"search_term_string\"}}],\"inLanguage\":\"es\"},{\"@type\":\"Organization\",\"@id\":\"https:\\\/\\\/zeromagazine.mx\\\/#organization\",\"name\":\"Zero Magazine\",\"url\":\"https:\\\/\\\/zeromagazine.mx\\\/\",\"logo\":{\"@type\":\"ImageObject\",\"inLanguage\":\"es\",\"@id\":\"https:\\\/\\\/zeromagazine.mx\\\/#\\\/schema\\\/logo\\\/image\\\/\",\"url\":\"https:\\\/\\\/i0.wp.com\\\/zeromagazine.mx\\\/wp-content\\\/uploads\\\/2025\\\/11\\\/1.jpeg?fit=1000%2C1000&ssl=1\",\"contentUrl\":\"https:\\\/\\\/i0.wp.com\\\/zeromagazine.mx\\\/wp-content\\\/uploads\\\/2025\\\/11\\\/1.jpeg?fit=1000%2C1000&ssl=1\",\"width\":1000,\"height\":1000,\"caption\":\"Zero Magazine\"},\"image\":{\"@id\":\"https:\\\/\\\/zeromagazine.mx\\\/#\\\/schema\\\/logo\\\/image\\\/\"},\"sameAs\":[\"https:\\\/\\\/instagram.com\\\/zeromagazinemx\"]},{\"@type\":\"Person\",\"@id\":\"https:\\\/\\\/zeromagazine.mx\\\/#\\\/schema\\\/person\\\/9f7f1a17c60ba8e9980e3e6677aabe5a\",\"name\":\"David Morales\",\"image\":{\"@type\":\"ImageObject\",\"inLanguage\":\"es\",\"@id\":\"https:\\\/\\\/zeromagazine.mx\\\/wp-content\\\/litespeed\\\/avatar\\\/76069d2136bfc1c37dc34815bb67ca42.jpg?ver=1776966186\",\"url\":\"https:\\\/\\\/zeromagazine.mx\\\/wp-content\\\/litespeed\\\/avatar\\\/76069d2136bfc1c37dc34815bb67ca42.jpg?ver=1776966186\",\"contentUrl\":\"https:\\\/\\\/zeromagazine.mx\\\/wp-content\\\/litespeed\\\/avatar\\\/76069d2136bfc1c37dc34815bb67ca42.jpg?ver=1776966186\",\"caption\":\"David Morales\"},\"url\":\"https:\\\/\\\/zeromagazine.mx\\\/index.php\\\/author\\\/david\\\/\"}]}<\/script>\n<!-- \/ Yoast SEO plugin. -->","yoast_head_json":{"title":"SAZA FISCHER REGRESA A EDC M\u00c9XICO COMO HEADLINER EN UNO DE LOS ESCENARIOS M\u00c1S GRANDES DEL FESTIVAL.\u200b - Zero Magazine","description":"Saza Fischer EDC M\u00e9xico marca su regreso como headliner con un set cargado de groove, emoci\u00f3n y una nueva etapa creativa.","robots":{"index":"index","follow":"follow","max-snippet":"max-snippet:-1","max-image-preview":"max-image-preview:large","max-video-preview":"max-video-preview:-1"},"canonical":"https:\/\/zeromagazine.mx\/index.php\/2026\/01\/23\/saza-fischer-edc-mexico-2026\/","og_locale":"es_ES","og_type":"article","og_title":"SAZA FISCHER REGRESA A EDC M\u00c9XICO COMO HEADLINER EN UNO DE LOS ESCENARIOS M\u00c1S GRANDES DEL FESTIVAL.\u200b - Zero Magazine","og_description":"Saza Fischer EDC M\u00e9xico marca su regreso como headliner con un set cargado de groove, emoci\u00f3n y una nueva etapa creativa.","og_url":"https:\/\/zeromagazine.mx\/index.php\/2026\/01\/23\/saza-fischer-edc-mexico-2026\/","og_site_name":"Zero Magazine","article_published_time":"2026-01-23T21:28:50+00:00","article_modified_time":"2026-01-23T21:28:52+00:00","og_image":[{"width":1440,"height":1439,"url":"http:\/\/zeromagazine.mx\/wp-content\/uploads\/2026\/01\/7-1.jpeg","type":"image\/jpeg"}],"author":"David Morales","twitter_card":"summary_large_image","twitter_misc":{"Escrito por":"David Morales","Tiempo de lectura":"3 minutos"},"schema":{"@context":"https:\/\/schema.org","@graph":[{"@type":"Article","@id":"https:\/\/zeromagazine.mx\/index.php\/2026\/01\/23\/saza-fischer-edc-mexico-2026\/#article","isPartOf":{"@id":"https:\/\/zeromagazine.mx\/index.php\/2026\/01\/23\/saza-fischer-edc-mexico-2026\/"},"author":{"name":"David Morales","@id":"https:\/\/zeromagazine.mx\/#\/schema\/person\/9f7f1a17c60ba8e9980e3e6677aabe5a"},"headline":"SAZA FISCHER REGRESA A EDC M\u00c9XICO COMO HEADLINER EN UNO DE LOS ESCENARIOS M\u00c1S GRANDES DEL FESTIVAL.\u200b","datePublished":"2026-01-23T21:28:50+00:00","dateModified":"2026-01-23T21:28:52+00:00","mainEntityOfPage":{"@id":"https:\/\/zeromagazine.mx\/index.php\/2026\/01\/23\/saza-fischer-edc-mexico-2026\/"},"wordCount":536,"commentCount":0,"publisher":{"@id":"https:\/\/zeromagazine.mx\/#organization"},"image":{"@id":"https:\/\/zeromagazine.mx\/index.php\/2026\/01\/23\/saza-fischer-edc-mexico-2026\/#primaryimage"},"thumbnailUrl":"https:\/\/i0.wp.com\/zeromagazine.mx\/wp-content\/uploads\/2026\/01\/7-1.jpeg?fit=1440%2C1439&ssl=1","articleSection":["Entretenimiento","M\u00fasica"],"inLanguage":"es","potentialAction":[{"@type":"CommentAction","name":"Comment","target":["https:\/\/zeromagazine.mx\/index.php\/2026\/01\/23\/saza-fischer-edc-mexico-2026\/#respond"]}]},{"@type":"WebPage","@id":"https:\/\/zeromagazine.mx\/index.php\/2026\/01\/23\/saza-fischer-edc-mexico-2026\/","url":"https:\/\/zeromagazine.mx\/index.php\/2026\/01\/23\/saza-fischer-edc-mexico-2026\/","name":"SAZA FISCHER REGRESA A EDC M\u00c9XICO COMO HEADLINER EN UNO DE LOS ESCENARIOS M\u00c1S GRANDES DEL FESTIVAL.\u200b - Zero Magazine","isPartOf":{"@id":"https:\/\/zeromagazine.mx\/#website"},"primaryImageOfPage":{"@id":"https:\/\/zeromagazine.mx\/index.php\/2026\/01\/23\/saza-fischer-edc-mexico-2026\/#primaryimage"},"image":{"@id":"https:\/\/zeromagazine.mx\/index.php\/2026\/01\/23\/saza-fischer-edc-mexico-2026\/#primaryimage"},"thumbnailUrl":"https:\/\/i0.wp.com\/zeromagazine.mx\/wp-content\/uploads\/2026\/01\/7-1.jpeg?fit=1440%2C1439&ssl=1","datePublished":"2026-01-23T21:28:50+00:00","dateModified":"2026-01-23T21:28:52+00:00","description":"Saza Fischer EDC M\u00e9xico marca su regreso como headliner con un set cargado de groove, emoci\u00f3n y una nueva etapa creativa.","breadcrumb":{"@id":"https:\/\/zeromagazine.mx\/index.php\/2026\/01\/23\/saza-fischer-edc-mexico-2026\/#breadcrumb"},"inLanguage":"es","potentialAction":[{"@type":"ReadAction","target":["https:\/\/zeromagazine.mx\/index.php\/2026\/01\/23\/saza-fischer-edc-mexico-2026\/"]}]},{"@type":"ImageObject","inLanguage":"es","@id":"https:\/\/zeromagazine.mx\/index.php\/2026\/01\/23\/saza-fischer-edc-mexico-2026\/#primaryimage","url":"https:\/\/i0.wp.com\/zeromagazine.mx\/wp-content\/uploads\/2026\/01\/7-1.jpeg?fit=1440%2C1439&ssl=1","contentUrl":"https:\/\/i0.wp.com\/zeromagazine.mx\/wp-content\/uploads\/2026\/01\/7-1.jpeg?fit=1440%2C1439&ssl=1","width":1440,"height":1439},{"@type":"BreadcrumbList","@id":"https:\/\/zeromagazine.mx\/index.php\/2026\/01\/23\/saza-fischer-edc-mexico-2026\/#breadcrumb","itemListElement":[{"@type":"ListItem","position":1,"name":"Portada","item":"https:\/\/zeromagazine.mx\/"},{"@type":"ListItem","position":2,"name":"SAZA FISCHER REGRESA A EDC M\u00c9XICO COMO HEADLINER EN UNO DE LOS ESCENARIOS M\u00c1S GRANDES DEL FESTIVAL.\u200b"}]},{"@type":"WebSite","@id":"https:\/\/zeromagazine.mx\/#website","url":"https:\/\/zeromagazine.mx\/","name":"Zero Magazine","description":"","publisher":{"@id":"https:\/\/zeromagazine.mx\/#organization"},"potentialAction":[{"@type":"SearchAction","target":{"@type":"EntryPoint","urlTemplate":"https:\/\/zeromagazine.mx\/?s={search_term_string}"},"query-input":{"@type":"PropertyValueSpecification","valueRequired":true,"valueName":"search_term_string"}}],"inLanguage":"es"},{"@type":"Organization","@id":"https:\/\/zeromagazine.mx\/#organization","name":"Zero Magazine","url":"https:\/\/zeromagazine.mx\/","logo":{"@type":"ImageObject","inLanguage":"es","@id":"https:\/\/zeromagazine.mx\/#\/schema\/logo\/image\/","url":"https:\/\/i0.wp.com\/zeromagazine.mx\/wp-content\/uploads\/2025\/11\/1.jpeg?fit=1000%2C1000&ssl=1","contentUrl":"https:\/\/i0.wp.com\/zeromagazine.mx\/wp-content\/uploads\/2025\/11\/1.jpeg?fit=1000%2C1000&ssl=1","width":1000,"height":1000,"caption":"Zero Magazine"},"image":{"@id":"https:\/\/zeromagazine.mx\/#\/schema\/logo\/image\/"},"sameAs":["https:\/\/instagram.com\/zeromagazinemx"]},{"@type":"Person","@id":"https:\/\/zeromagazine.mx\/#\/schema\/person\/9f7f1a17c60ba8e9980e3e6677aabe5a","name":"David Morales","image":{"@type":"ImageObject","inLanguage":"es","@id":"https:\/\/zeromagazine.mx\/wp-content\/litespeed\/avatar\/76069d2136bfc1c37dc34815bb67ca42.jpg?ver=1776966186","url":"https:\/\/zeromagazine.mx\/wp-content\/litespeed\/avatar\/76069d2136bfc1c37dc34815bb67ca42.jpg?ver=1776966186","contentUrl":"https:\/\/zeromagazine.mx\/wp-content\/litespeed\/avatar\/76069d2136bfc1c37dc34815bb67ca42.jpg?ver=1776966186","caption":"David Morales"},"url":"https:\/\/zeromagazine.mx\/index.php\/author\/david\/"}]}},"jetpack_publicize_connections":[],"jetpack_featured_media_url":"https:\/\/i0.wp.com\/zeromagazine.mx\/wp-content\/uploads\/2026\/01\/7-1.jpeg?fit=1440%2C1439&ssl=1","jetpack-related-posts":[{"id":117372,"url":"https:\/\/zeromagazine.mx\/index.php\/2026\/03\/27\/edc-mexico-2027-festival-cdmx\/","url_meta":{"origin":114080,"position":0},"title":"\u00a1Electric Daisy Carnival (EDC) M\u00e9xico de Insomniac regresar\u00e1 del 19 al 21 de febrero de 2027!","author":"David Morales","date":"27 de marzo de 2026","format":false,"excerpt":"La cuenta regresiva ya empez\u00f3.\u00a0EDC M\u00e9xico 2027\u00a0est\u00e1 listo para volver a encender la escena musical en la\u00a0Ciudad de M\u00e9xico\u00a0con una edici\u00f3n que promete llevar la experiencia a otro nivel. Del 19 al 21 de febrero, el ic\u00f3nico\u00a0Aut\u00f3dromo Hermanos Rodr\u00edguez\u00a0se transformar\u00e1 nuevamente en un universo donde la m\u00fasica electr\u00f3nica, el arte\u2026","rel":"","context":"En \u00abEntretenimiento\u00bb","block_context":{"text":"Entretenimiento","link":"https:\/\/zeromagazine.mx\/index.php\/category\/entretenimiento\/"},"img":{"alt_text":"EDC M\u00e9xico 2027 en el Aut\u00f3dromo Hermanos Rodr\u00edguez con luces, escenarios y p\u00fablico disfrutando m\u00fasica electr\u00f3nica","src":"https:\/\/i0.wp.com\/zeromagazine.mx\/wp-content\/uploads\/2026\/03\/IMG_1873.jpeg?fit=1200%2C675&ssl=1&resize=350%2C200","width":350,"height":200,"srcset":"https:\/\/i0.wp.com\/zeromagazine.mx\/wp-content\/uploads\/2026\/03\/IMG_1873.jpeg?fit=1200%2C675&ssl=1&resize=350%2C200 1x, https:\/\/i0.wp.com\/zeromagazine.mx\/wp-content\/uploads\/2026\/03\/IMG_1873.jpeg?fit=1200%2C675&ssl=1&resize=525%2C300 1.5x, https:\/\/i0.wp.com\/zeromagazine.mx\/wp-content\/uploads\/2026\/03\/IMG_1873.jpeg?fit=1200%2C675&ssl=1&resize=700%2C400 2x, https:\/\/i0.wp.com\/zeromagazine.mx\/wp-content\/uploads\/2026\/03\/IMG_1873.jpeg?fit=1200%2C675&ssl=1&resize=1050%2C600 3x"},"classes":[]},{"id":115195,"url":"https:\/\/zeromagazine.mx\/index.php\/2026\/02\/11\/le-twins-edc-mexico-2026-headliners\/","url_meta":{"origin":114080,"position":1},"title":"Le Twins hacen historia en EDC M\u00e9xico 2026 como headliners del escenario Dos Equis.","author":"David Morales","date":"11 de febrero de 2026","format":false,"excerpt":"La historia de la electr\u00f3nica mexicana acaba de sumar un cap\u00edtulo heavy.\u00a0Le Twins EDC M\u00e9xico\u00a0no solo representa un booking m\u00e1s dentro del festival: es la confirmaci\u00f3n de que el talento local puede dominar los escenarios m\u00e1s grandes del planeta\u2026 y hacerlo a su manera. El d\u00fao regresa a EDC M\u00e9xico\u2026","rel":"","context":"En \u00abConcierto\u00bb","block_context":{"text":"Concierto","link":"https:\/\/zeromagazine.mx\/index.php\/category\/concierto\/"},"img":{"alt_text":"","src":"https:\/\/i0.wp.com\/zeromagazine.mx\/wp-content\/uploads\/2026\/02\/IMG_1410-1.jpeg?fit=1200%2C686&ssl=1&resize=350%2C200","width":350,"height":200,"srcset":"https:\/\/i0.wp.com\/zeromagazine.mx\/wp-content\/uploads\/2026\/02\/IMG_1410-1.jpeg?fit=1200%2C686&ssl=1&resize=350%2C200 1x, https:\/\/i0.wp.com\/zeromagazine.mx\/wp-content\/uploads\/2026\/02\/IMG_1410-1.jpeg?fit=1200%2C686&ssl=1&resize=525%2C300 1.5x, https:\/\/i0.wp.com\/zeromagazine.mx\/wp-content\/uploads\/2026\/02\/IMG_1410-1.jpeg?fit=1200%2C686&ssl=1&resize=700%2C400 2x, https:\/\/i0.wp.com\/zeromagazine.mx\/wp-content\/uploads\/2026\/02\/IMG_1410-1.jpeg?fit=1200%2C686&ssl=1&resize=1050%2C600 3x"},"classes":[]},{"id":114086,"url":"https:\/\/zeromagazine.mx\/index.php\/2026\/01\/23\/dangr-edc-mexico-2026\/","url_meta":{"origin":114080,"position":2},"title":"DANGR regresa a casa: rumbo a EDC M\u00e9xico 2026.","author":"David Morales","date":"23 de enero de 2026","format":false,"excerpt":"Volver a EDC M\u00e9xico no es solo repetir escenario, es confirmar que el camino se est\u00e1 construyendo bien.\u00a0DANGR en EDC M\u00e9xico 2026\u00a0marca un nuevo cap\u00edtulo para la DJ y productora mexicana, quien regresa por tercer a\u00f1o consecutivo a uno de los festivales m\u00e1s importantes del pa\u00eds, esta vez con una\u2026","rel":"","context":"En \u00abConcierto\u00bb","block_context":{"text":"Concierto","link":"https:\/\/zeromagazine.mx\/index.php\/category\/concierto\/"},"img":{"alt_text":"","src":"https:\/\/i0.wp.com\/zeromagazine.mx\/wp-content\/uploads\/2026\/01\/DSC01855-1-scaled.jpeg?fit=1200%2C1170&ssl=1&resize=350%2C200","width":350,"height":200,"srcset":"https:\/\/i0.wp.com\/zeromagazine.mx\/wp-content\/uploads\/2026\/01\/DSC01855-1-scaled.jpeg?fit=1200%2C1170&ssl=1&resize=350%2C200 1x, https:\/\/i0.wp.com\/zeromagazine.mx\/wp-content\/uploads\/2026\/01\/DSC01855-1-scaled.jpeg?fit=1200%2C1170&ssl=1&resize=525%2C300 1.5x, https:\/\/i0.wp.com\/zeromagazine.mx\/wp-content\/uploads\/2026\/01\/DSC01855-1-scaled.jpeg?fit=1200%2C1170&ssl=1&resize=700%2C400 2x, https:\/\/i0.wp.com\/zeromagazine.mx\/wp-content\/uploads\/2026\/01\/DSC01855-1-scaled.jpeg?fit=1200%2C1170&ssl=1&resize=1050%2C600 3x"},"classes":[]},{"id":114139,"url":"https:\/\/zeromagazine.mx\/index.php\/2026\/01\/23\/kim-shantal-dj-edc-mexico-2026\/","url_meta":{"origin":114080,"position":3},"title":"Kim Shantal de influencer a DJ en EDC M\u00e9xico 2026","author":"David Morales","date":"23 de enero de 2026","format":false,"excerpt":"Kim Shantal est\u00e1 demostrando que reinventarse no solo es v\u00e1lido, sino necesario. Lo que empez\u00f3 como una carrera s\u00f3lida en redes sociales y televisi\u00f3n hoy da un giro interesante hacia la m\u00fasica electr\u00f3nica. Su confirmaci\u00f3n como DJ en\u00a0EDC M\u00e9xico 2026\u00a0no es casualidad: es el resultado de una evoluci\u00f3n creativa que\u2026","rel":"","context":"En \u00abConcierto\u00bb","block_context":{"text":"Concierto","link":"https:\/\/zeromagazine.mx\/index.php\/category\/concierto\/"},"img":{"alt_text":"","src":"https:\/\/i0.wp.com\/zeromagazine.mx\/wp-content\/uploads\/2026\/01\/IMG_1117-1.jpeg?fit=1066%2C1032&ssl=1&resize=350%2C200","width":350,"height":200,"srcset":"https:\/\/i0.wp.com\/zeromagazine.mx\/wp-content\/uploads\/2026\/01\/IMG_1117-1.jpeg?fit=1066%2C1032&ssl=1&resize=350%2C200 1x, https:\/\/i0.wp.com\/zeromagazine.mx\/wp-content\/uploads\/2026\/01\/IMG_1117-1.jpeg?fit=1066%2C1032&ssl=1&resize=525%2C300 1.5x, https:\/\/i0.wp.com\/zeromagazine.mx\/wp-content\/uploads\/2026\/01\/IMG_1117-1.jpeg?fit=1066%2C1032&ssl=1&resize=700%2C400 2x, https:\/\/i0.wp.com\/zeromagazine.mx\/wp-content\/uploads\/2026\/01\/IMG_1117-1.jpeg?fit=1066%2C1032&ssl=1&resize=1050%2C600 3x"},"classes":[]},{"id":70918,"url":"https:\/\/zeromagazine.mx\/index.php\/2024\/02\/20\/explora-tu-mixx-con-dos-equis-en-edc-2024\/","url_meta":{"origin":114080,"position":4},"title":"\u00a1Explora tu MIXX con Dos Equis en EDC 2024!","author":"zeromagazinemx","date":"20 de febrero de 2024","format":false,"excerpt":"A solo unos d\u00edas de vivir la experiencia m\u00e1s incre\u00edble en EDC 2024 Dos Equis nos tiene preparado algo \u00e9pico bajo el lema #10A\u00f1osConfiandoEnTuMIXX. La ciudad de M\u00e9xico se vestir\u00e1 de luces y vibras increibles, y quiero contarles todas las activaciones que tienen preparado para este uno de los festivales\u2026","rel":"","context":"En \u00abEntretenimiento\u00bb","block_context":{"text":"Entretenimiento","link":"https:\/\/zeromagazine.mx\/index.php\/category\/entretenimiento\/"},"img":{"alt_text":"","src":"https:\/\/i0.wp.com\/zeromagazine.mx\/wp-content\/uploads\/2024\/02\/DSC00426.png?fit=1200%2C801&ssl=1&resize=350%2C200","width":350,"height":200,"srcset":"https:\/\/i0.wp.com\/zeromagazine.mx\/wp-content\/uploads\/2024\/02\/DSC00426.png?fit=1200%2C801&ssl=1&resize=350%2C200 1x, https:\/\/i0.wp.com\/zeromagazine.mx\/wp-content\/uploads\/2024\/02\/DSC00426.png?fit=1200%2C801&ssl=1&resize=525%2C300 1.5x, https:\/\/i0.wp.com\/zeromagazine.mx\/wp-content\/uploads\/2024\/02\/DSC00426.png?fit=1200%2C801&ssl=1&resize=700%2C400 2x, https:\/\/i0.wp.com\/zeromagazine.mx\/wp-content\/uploads\/2024\/02\/DSC00426.png?fit=1200%2C801&ssl=1&resize=1050%2C600 3x"},"classes":[]},{"id":115316,"url":"https:\/\/zeromagazine.mx\/index.php\/2026\/02\/13\/experiencia-dos-equis-edc-mexico\/","url_meta":{"origin":114080,"position":5},"title":"Dos Equis transforma la tecnolog\u00eda\u00a0y\u00a0lo sensorial\u00a0en una experiencia\u00a0\u00fanica\u00a0dentro de EDC M\u00e9xico 2026","author":"David Morales","date":"13 de febrero de 2026","format":false,"excerpt":"Los festivales ya no son solo para escuchar m\u00fasica: ahora son territorios donde convergen tecnolog\u00eda, arte y experiencias multisensoriales. Bajo esa l\u00f3gica, la propuesta de\u00a0experiencia Dos Equis EDC\u00a0en 2026 redefine la manera en que las marcas se integran en los grandes encuentros culturales. En esta edici\u00f3n de\u00a0Dos Equis, la apuesta\u2026","rel":"","context":"En \u00abBlog\u00bb","block_context":{"text":"Blog","link":"https:\/\/zeromagazine.mx\/index.php\/category\/blog\/"},"img":{"alt_text":"","src":"https:\/\/i0.wp.com\/zeromagazine.mx\/wp-content\/uploads\/2026\/02\/IMG_1457.webp?fit=1200%2C675&ssl=1&resize=350%2C200","width":350,"height":200,"srcset":"https:\/\/i0.wp.com\/zeromagazine.mx\/wp-content\/uploads\/2026\/02\/IMG_1457.webp?fit=1200%2C675&ssl=1&resize=350%2C200 1x, https:\/\/i0.wp.com\/zeromagazine.mx\/wp-content\/uploads\/2026\/02\/IMG_1457.webp?fit=1200%2C675&ssl=1&resize=525%2C300 1.5x, https:\/\/i0.wp.com\/zeromagazine.mx\/wp-content\/uploads\/2026\/02\/IMG_1457.webp?fit=1200%2C675&ssl=1&resize=700%2C400 2x, https:\/\/i0.wp.com\/zeromagazine.mx\/wp-content\/uploads\/2026\/02\/IMG_1457.webp?fit=1200%2C675&ssl=1&resize=1050%2C600 3x"},"classes":[]}],"jetpack_sharing_enabled":true,"builder_content":"","_links":{"self":[{"href":"https:\/\/zeromagazine.mx\/index.php\/wp-json\/wp\/v2\/posts\/114080","targetHints":{"allow":["GET"]}}],"collection":[{"href":"https:\/\/zeromagazine.mx\/index.php\/wp-json\/wp\/v2\/posts"}],"about":[{"href":"https:\/\/zeromagazine.mx\/index.php\/wp-json\/wp\/v2\/types\/post"}],"author":[{"embeddable":true,"href":"https:\/\/zeromagazine.mx\/index.php\/wp-json\/wp\/v2\/users\/4"}],"replies":[{"embeddable":true,"href":"https:\/\/zeromagazine.mx\/index.php\/wp-json\/wp\/v2\/comments?post=114080"}],"version-history":[{"count":2,"href":"https:\/\/zeromagazine.mx\/index.php\/wp-json\/wp\/v2\/posts\/114080\/revisions"}],"predecessor-version":[{"id":114085,"href":"https:\/\/zeromagazine.mx\/index.php\/wp-json\/wp\/v2\/posts\/114080\/revisions\/114085"}],"wp:featuredmedia":[{"embeddable":true,"href":"https:\/\/zeromagazine.mx\/index.php\/wp-json\/wp\/v2\/media\/114081"}],"wp:attachment":[{"href":"https:\/\/zeromagazine.mx\/index.php\/wp-json\/wp\/v2\/media?parent=114080"}],"wp:term":[{"taxonomy":"category","embeddable":true,"href":"https:\/\/zeromagazine.mx\/index.php\/wp-json\/wp\/v2\/categories?post=114080"},{"taxonomy":"post_tag","embeddable":true,"href":"https:\/\/zeromagazine.mx\/index.php\/wp-json\/wp\/v2\/tags?post=114080"}],"curies":[{"name":"wp","href":"https:\/\/api.w.org\/{rel}","templated":true}]}}