{"id":114093,"date":"2026-01-23T15:43:43","date_gmt":"2026-01-23T21:43:43","guid":{"rendered":"https:\/\/zeromagazine.mx\/?p=114093"},"modified":"2026-01-23T15:43:43","modified_gmt":"2026-01-23T21:43:43","slug":"mad-warriors-edc-2026","status":"publish","type":"post","link":"https:\/\/zeromagazine.mx\/index.php\/2026\/01\/23\/mad-warriors-edc-2026\/","title":{"rendered":"Mad Warriors debutar\u00e1 en EDC 2026: una d\u00e9cada de lucha, identidad y comunidad llega a uno de los escenarios m\u00e1s importantes del mundo"},"content":{"rendered":"<!--themify_builder_content-->\n<div id=\"themify_builder_content-114093\" data-postid=\"114093\" class=\"themify_builder_content themify_builder_content-114093 themify_builder tf_clear\">\n    <\/div>\n<!--\/themify_builder_content-->\n\n\n<p><strong>Mad Warriors EDC 2026<\/strong>&nbsp;no es solo un debut en un festival gigante; es la validaci\u00f3n de una d\u00e9cada de lucha, identidad y construcci\u00f3n colectiva. El d\u00fao mexicano llega por primera vez a uno de los escenarios m\u00e1s importantes del mundo con una historia que no naci\u00f3 de la noche a la ma\u00f1ana, sino de constancia, trabajo duro y una comunidad que ha crecido junto a ellos desde el inicio.<\/p>\n\n\n\n<p>EDC representa ese momento donde todo cobra sentido. Cada show peque\u00f1o, cada reto y cada decisi\u00f3n creativa empujaron al proyecto hasta aqu\u00ed. Para Mad Warriors, este debut no es una meta final, sino el comienzo de una nueva etapa donde su mensaje y energ\u00eda se amplifican a escala global.<\/p>\n\n\n\n<p>Adem\u00e1s, llegar a este punto implica responsabilidad. La dupla entiende el peso simb\u00f3lico de pisar EDC y lo asume con emoci\u00f3n, enfoque y una visi\u00f3n clara: honrar a quienes han estado desde el d\u00eda uno y conectar con nuevas personas que descubrir\u00e1n su universo por primera vez.<\/p>\n\n\n\n<h3 class=\"wp-block-heading\"><strong>Mad Warriors EDC 2026 y una d\u00e9cada de identidad<\/strong><\/h3>\n\n\n\n<p>Hablar de&nbsp;<strong>Mad Warriors EDC 2026<\/strong>&nbsp;es hablar de identidad bien construida. Desde sus primeros pasos, el proyecto se ha caracterizado por el trabajo en equipo, el intercambio constante de ideas y una qu\u00edmica creativa que se siente tanto en el estudio como en el escenario. Esa complicidad ha sido clave para mantenerse firmes en una escena que exige evoluci\u00f3n constante.<\/p>\n\n\n\n<figure class=\"wp-block-gallery has-nested-images columns-default is-cropped wp-block-gallery-1 is-layout-flex wp-block-gallery-is-layout-flex\">\n<figure class=\"wp-block-image size-large\"><img data-recalc-dims=\"1\" decoding=\"async\" width=\"1024\" height=\"682\" data-id=\"114098\" src=\"https:\/\/i0.wp.com\/zeromagazine.mx\/wp-content\/uploads\/2026\/01\/IMG_1098-1.jpeg?resize=1024%2C682&#038;ssl=1\" alt=\"\" class=\"wp-image-114098\" srcset=\"https:\/\/i0.wp.com\/zeromagazine.mx\/wp-content\/uploads\/2026\/01\/IMG_1098-1.jpeg?w=1024&amp;ssl=1 1024w, https:\/\/i0.wp.com\/zeromagazine.mx\/wp-content\/uploads\/2026\/01\/IMG_1098-1.jpeg?resize=300%2C200&amp;ssl=1 300w, https:\/\/i0.wp.com\/zeromagazine.mx\/wp-content\/uploads\/2026\/01\/IMG_1098-1.jpeg?resize=768%2C512&amp;ssl=1 768w\" sizes=\"(max-width: 1024px) 100vw, 1024px\" \/><\/figure>\n<\/figure>\n\n\n\n<p>A lo largo de los a\u00f1os, el d\u00fao ha entendido que crecer no significa perder esencia. Por el contrario, cada aprendizaje fortaleci\u00f3 su narrativa: m\u00fasica intensa, est\u00e9tica clara y una conexi\u00f3n directa con su gente. La comunidad no es un extra, es el coraz\u00f3n del proyecto, y EDC se convierte en el punto de encuentro perfecto para celebrarla.<\/p>\n\n\n\n<p>Asimismo, desde 2022 Mad Warriors tom\u00f3 un rumbo m\u00e1s estrat\u00e9gico que impuls\u00f3 su presencia dentro de los estilos duros. Lanzamientos musicales s\u00f3lidos y proyectos audiovisuales como&nbsp;<em>Desconekte<\/em>&nbsp;ayudaron a consolidar su lugar y a comunicar su esencia sin filtros, sin poses y sin f\u00f3rmulas vac\u00edas.<\/p>\n\n\n\n<h3 class=\"wp-block-heading\"><strong>Un show que se vive, no se observa<\/strong><\/h3>\n\n\n\n<p>Por otro lado, un show de Mad Warriors no se mira, se vive.&nbsp;<strong>Mad Warriors EDC 2026<\/strong>&nbsp;promete una experiencia cargada de energ\u00eda, interacci\u00f3n y descontrol bien dirigido. Sus sets est\u00e1n pensados como un viaje emocional: edits propios, referencias nost\u00e1lgicas y drops dise\u00f1ados para hacer explotar la pista.<\/p>\n\n\n\n<p>Adem\u00e1s, la comparaci\u00f3n con una funci\u00f3n de lucha libre no es casualidad. Hay intensidad, narrativa y catarsis colectiva. El p\u00fablico no es espectador pasivo; forma parte del ritual. Para EDC, el d\u00fao prepara m\u00fasica in\u00e9dita, visuales de alto impacto, vestuarios nuevos y algunas colaboraciones sorpresa creadas exclusivamente para este debut.<\/p>\n\n\n\n<figure class=\"wp-block-gallery has-nested-images columns-default is-cropped wp-block-gallery-2 is-layout-flex wp-block-gallery-is-layout-flex\">\n<figure class=\"wp-block-image size-large\"><img data-recalc-dims=\"1\" decoding=\"async\" width=\"1024\" height=\"683\" data-id=\"114099\" src=\"https:\/\/i0.wp.com\/zeromagazine.mx\/wp-content\/uploads\/2026\/01\/IMG_1097.png?resize=1024%2C683&#038;ssl=1\" alt=\"\" class=\"wp-image-114099\" srcset=\"https:\/\/i0.wp.com\/zeromagazine.mx\/wp-content\/uploads\/2026\/01\/IMG_1097.png?w=1024&amp;ssl=1 1024w, https:\/\/i0.wp.com\/zeromagazine.mx\/wp-content\/uploads\/2026\/01\/IMG_1097.png?resize=300%2C200&amp;ssl=1 300w, https:\/\/i0.wp.com\/zeromagazine.mx\/wp-content\/uploads\/2026\/01\/IMG_1097.png?resize=768%2C512&amp;ssl=1 768w\" sizes=\"(max-width: 1024px) 100vw, 1024px\" \/><\/figure>\n<\/figure>\n\n\n\n<p>Finalmente, despu\u00e9s de EDC 2026, el proyecto entra en una fase de expansi\u00f3n. Nueva m\u00fasica, la segunda edici\u00f3n de&nbsp;<em>Ready to Rumble<\/em>&nbsp;\u2014un evento dedicado a su comunidad\u2014 y el objetivo claro de llevar Mad Warriors fuera de M\u00e9xico. Este debut es solo el primer round de una etapa que apunta alto.<\/p>\n\n\n\n<p>Mad Warriors llega a EDC 2026 como lo que siempre ha sido: el resultado de la lucha constante, una identidad firme y una comunidad que nunca solt\u00f3 la mano.<\/p>\n\n\n\n<p><\/p>","protected":false},"excerpt":{"rendered":"<p>Mad Warriors EDC 2026&nbsp;no es solo un debut en un festival gigante; es la validaci\u00f3n de una d\u00e9cada de lucha, identidad y construcci\u00f3n colectiva. El d\u00fao mexicano llega por primera vez a uno de los escenarios m\u00e1s importantes del mundo con una historia que no naci\u00f3 de la noche a la ma\u00f1ana, sino de constancia, [&hellip;]<\/p>\n","protected":false},"author":4,"featured_media":114097,"comment_status":"open","ping_status":"open","sticky":false,"template":"","format":"standard","meta":{"_jetpack_memberships_contains_paid_content":false,"footnotes":"","jetpack_publicize_message":"","jetpack_publicize_feature_enabled":true,"jetpack_social_post_already_shared":true,"jetpack_social_options":{"image_generator_settings":{"template":"highway","default_image_id":0,"font":"","enabled":false},"version":2}},"categories":[14133,117,14134],"tags":[],"class_list":["post-114093","post","type-post","status-publish","format-standard","has-post-thumbnail","hentry","category-concierto","category-entretenimiento","category-musica","has-post-title","has-post-date","has-post-category","has-post-tag","has-post-comment","has-post-author",""],"yoast_head":"<!-- This site is optimized with the Yoast SEO plugin v27.4 - https:\/\/yoast.com\/product\/yoast-seo-wordpress\/ -->\n<title>Mad Warriors debutar\u00e1 en EDC 2026: una d\u00e9cada de lucha, identidad y comunidad llega a uno de los escenarios m\u00e1s importantes del mundo - Zero Magazine<\/title>\n<meta name=\"description\" content=\"Mad Warriors EDC 2026 marca su esperado debut tras una d\u00e9cada de identidad, lucha y comunidad en la m\u00fasica electr\u00f3nica.\" \/>\n<meta name=\"robots\" content=\"index, follow, max-snippet:-1, max-image-preview:large, max-video-preview:-1\" \/>\n<link rel=\"canonical\" href=\"https:\/\/zeromagazine.mx\/index.php\/2026\/01\/23\/mad-warriors-edc-2026\/\" \/>\n<meta property=\"og:locale\" content=\"es_ES\" \/>\n<meta property=\"og:type\" content=\"article\" \/>\n<meta property=\"og:title\" content=\"Mad Warriors debutar\u00e1 en EDC 2026: una d\u00e9cada de lucha, identidad y comunidad llega a uno de los escenarios m\u00e1s importantes del mundo - Zero Magazine\" \/>\n<meta property=\"og:description\" content=\"Mad Warriors EDC 2026 marca su esperado debut tras una d\u00e9cada de identidad, lucha y comunidad en la m\u00fasica electr\u00f3nica.\" \/>\n<meta property=\"og:url\" content=\"https:\/\/zeromagazine.mx\/index.php\/2026\/01\/23\/mad-warriors-edc-2026\/\" \/>\n<meta property=\"og:site_name\" content=\"Zero Magazine\" \/>\n<meta property=\"article:published_time\" content=\"2026-01-23T21:43:43+00:00\" \/>\n<meta property=\"og:image\" content=\"http:\/\/zeromagazine.mx\/wp-content\/uploads\/2026\/01\/IMG_1099.jpeg\" \/>\n\t<meta property=\"og:image:width\" content=\"1024\" \/>\n\t<meta property=\"og:image:height\" content=\"682\" \/>\n\t<meta property=\"og:image:type\" content=\"image\/jpeg\" \/>\n<meta name=\"author\" content=\"David Morales\" \/>\n<meta name=\"twitter:card\" content=\"summary_large_image\" \/>\n<meta name=\"twitter:label1\" content=\"Escrito por\" \/>\n\t<meta name=\"twitter:data1\" content=\"David Morales\" \/>\n\t<meta name=\"twitter:label2\" content=\"Tiempo de lectura\" \/>\n\t<meta name=\"twitter:data2\" content=\"4 minutos\" \/>\n<script type=\"application\/ld+json\" class=\"yoast-schema-graph\">{\"@context\":\"https:\\\/\\\/schema.org\",\"@graph\":[{\"@type\":\"Article\",\"@id\":\"https:\\\/\\\/zeromagazine.mx\\\/index.php\\\/2026\\\/01\\\/23\\\/mad-warriors-edc-2026\\\/#article\",\"isPartOf\":{\"@id\":\"https:\\\/\\\/zeromagazine.mx\\\/index.php\\\/2026\\\/01\\\/23\\\/mad-warriors-edc-2026\\\/\"},\"author\":{\"name\":\"David Morales\",\"@id\":\"https:\\\/\\\/zeromagazine.mx\\\/#\\\/schema\\\/person\\\/9f7f1a17c60ba8e9980e3e6677aabe5a\"},\"headline\":\"Mad Warriors debutar\u00e1 en EDC 2026: una d\u00e9cada de lucha, identidad y comunidad llega a uno de los escenarios m\u00e1s importantes del mundo\",\"datePublished\":\"2026-01-23T21:43:43+00:00\",\"mainEntityOfPage\":{\"@id\":\"https:\\\/\\\/zeromagazine.mx\\\/index.php\\\/2026\\\/01\\\/23\\\/mad-warriors-edc-2026\\\/\"},\"wordCount\":598,\"commentCount\":0,\"publisher\":{\"@id\":\"https:\\\/\\\/zeromagazine.mx\\\/#organization\"},\"image\":{\"@id\":\"https:\\\/\\\/zeromagazine.mx\\\/index.php\\\/2026\\\/01\\\/23\\\/mad-warriors-edc-2026\\\/#primaryimage\"},\"thumbnailUrl\":\"https:\\\/\\\/i0.wp.com\\\/zeromagazine.mx\\\/wp-content\\\/uploads\\\/2026\\\/01\\\/IMG_1099.jpeg?fit=1024%2C682&ssl=1\",\"articleSection\":[\"Concierto\",\"Entretenimiento\",\"M\u00fasica\"],\"inLanguage\":\"es\",\"potentialAction\":[{\"@type\":\"CommentAction\",\"name\":\"Comment\",\"target\":[\"https:\\\/\\\/zeromagazine.mx\\\/index.php\\\/2026\\\/01\\\/23\\\/mad-warriors-edc-2026\\\/#respond\"]}]},{\"@type\":\"WebPage\",\"@id\":\"https:\\\/\\\/zeromagazine.mx\\\/index.php\\\/2026\\\/01\\\/23\\\/mad-warriors-edc-2026\\\/\",\"url\":\"https:\\\/\\\/zeromagazine.mx\\\/index.php\\\/2026\\\/01\\\/23\\\/mad-warriors-edc-2026\\\/\",\"name\":\"Mad Warriors debutar\u00e1 en EDC 2026: una d\u00e9cada de lucha, identidad y comunidad llega a uno de los escenarios m\u00e1s importantes del mundo - Zero Magazine\",\"isPartOf\":{\"@id\":\"https:\\\/\\\/zeromagazine.mx\\\/#website\"},\"primaryImageOfPage\":{\"@id\":\"https:\\\/\\\/zeromagazine.mx\\\/index.php\\\/2026\\\/01\\\/23\\\/mad-warriors-edc-2026\\\/#primaryimage\"},\"image\":{\"@id\":\"https:\\\/\\\/zeromagazine.mx\\\/index.php\\\/2026\\\/01\\\/23\\\/mad-warriors-edc-2026\\\/#primaryimage\"},\"thumbnailUrl\":\"https:\\\/\\\/i0.wp.com\\\/zeromagazine.mx\\\/wp-content\\\/uploads\\\/2026\\\/01\\\/IMG_1099.jpeg?fit=1024%2C682&ssl=1\",\"datePublished\":\"2026-01-23T21:43:43+00:00\",\"description\":\"Mad Warriors EDC 2026 marca su esperado debut tras una d\u00e9cada de identidad, lucha y comunidad en la m\u00fasica electr\u00f3nica.\",\"breadcrumb\":{\"@id\":\"https:\\\/\\\/zeromagazine.mx\\\/index.php\\\/2026\\\/01\\\/23\\\/mad-warriors-edc-2026\\\/#breadcrumb\"},\"inLanguage\":\"es\",\"potentialAction\":[{\"@type\":\"ReadAction\",\"target\":[\"https:\\\/\\\/zeromagazine.mx\\\/index.php\\\/2026\\\/01\\\/23\\\/mad-warriors-edc-2026\\\/\"]}]},{\"@type\":\"ImageObject\",\"inLanguage\":\"es\",\"@id\":\"https:\\\/\\\/zeromagazine.mx\\\/index.php\\\/2026\\\/01\\\/23\\\/mad-warriors-edc-2026\\\/#primaryimage\",\"url\":\"https:\\\/\\\/i0.wp.com\\\/zeromagazine.mx\\\/wp-content\\\/uploads\\\/2026\\\/01\\\/IMG_1099.jpeg?fit=1024%2C682&ssl=1\",\"contentUrl\":\"https:\\\/\\\/i0.wp.com\\\/zeromagazine.mx\\\/wp-content\\\/uploads\\\/2026\\\/01\\\/IMG_1099.jpeg?fit=1024%2C682&ssl=1\",\"width\":1024,\"height\":682},{\"@type\":\"BreadcrumbList\",\"@id\":\"https:\\\/\\\/zeromagazine.mx\\\/index.php\\\/2026\\\/01\\\/23\\\/mad-warriors-edc-2026\\\/#breadcrumb\",\"itemListElement\":[{\"@type\":\"ListItem\",\"position\":1,\"name\":\"Portada\",\"item\":\"https:\\\/\\\/zeromagazine.mx\\\/\"},{\"@type\":\"ListItem\",\"position\":2,\"name\":\"Mad Warriors debutar\u00e1 en EDC 2026: una d\u00e9cada de lucha, identidad y comunidad llega a uno de los escenarios m\u00e1s importantes del mundo\"}]},{\"@type\":\"WebSite\",\"@id\":\"https:\\\/\\\/zeromagazine.mx\\\/#website\",\"url\":\"https:\\\/\\\/zeromagazine.mx\\\/\",\"name\":\"Zero Magazine\",\"description\":\"\",\"publisher\":{\"@id\":\"https:\\\/\\\/zeromagazine.mx\\\/#organization\"},\"potentialAction\":[{\"@type\":\"SearchAction\",\"target\":{\"@type\":\"EntryPoint\",\"urlTemplate\":\"https:\\\/\\\/zeromagazine.mx\\\/?s={search_term_string}\"},\"query-input\":{\"@type\":\"PropertyValueSpecification\",\"valueRequired\":true,\"valueName\":\"search_term_string\"}}],\"inLanguage\":\"es\"},{\"@type\":\"Organization\",\"@id\":\"https:\\\/\\\/zeromagazine.mx\\\/#organization\",\"name\":\"Zero Magazine\",\"url\":\"https:\\\/\\\/zeromagazine.mx\\\/\",\"logo\":{\"@type\":\"ImageObject\",\"inLanguage\":\"es\",\"@id\":\"https:\\\/\\\/zeromagazine.mx\\\/#\\\/schema\\\/logo\\\/image\\\/\",\"url\":\"https:\\\/\\\/i0.wp.com\\\/zeromagazine.mx\\\/wp-content\\\/uploads\\\/2025\\\/11\\\/1.jpeg?fit=1000%2C1000&ssl=1\",\"contentUrl\":\"https:\\\/\\\/i0.wp.com\\\/zeromagazine.mx\\\/wp-content\\\/uploads\\\/2025\\\/11\\\/1.jpeg?fit=1000%2C1000&ssl=1\",\"width\":1000,\"height\":1000,\"caption\":\"Zero Magazine\"},\"image\":{\"@id\":\"https:\\\/\\\/zeromagazine.mx\\\/#\\\/schema\\\/logo\\\/image\\\/\"},\"sameAs\":[\"https:\\\/\\\/instagram.com\\\/zeromagazinemx\"]},{\"@type\":\"Person\",\"@id\":\"https:\\\/\\\/zeromagazine.mx\\\/#\\\/schema\\\/person\\\/9f7f1a17c60ba8e9980e3e6677aabe5a\",\"name\":\"David Morales\",\"image\":{\"@type\":\"ImageObject\",\"inLanguage\":\"es\",\"@id\":\"https:\\\/\\\/zeromagazine.mx\\\/wp-content\\\/litespeed\\\/avatar\\\/76069d2136bfc1c37dc34815bb67ca42.jpg?ver=1776966186\",\"url\":\"https:\\\/\\\/zeromagazine.mx\\\/wp-content\\\/litespeed\\\/avatar\\\/76069d2136bfc1c37dc34815bb67ca42.jpg?ver=1776966186\",\"contentUrl\":\"https:\\\/\\\/zeromagazine.mx\\\/wp-content\\\/litespeed\\\/avatar\\\/76069d2136bfc1c37dc34815bb67ca42.jpg?ver=1776966186\",\"caption\":\"David Morales\"},\"url\":\"https:\\\/\\\/zeromagazine.mx\\\/index.php\\\/author\\\/david\\\/\"}]}<\/script>\n<!-- \/ Yoast SEO plugin. -->","yoast_head_json":{"title":"Mad Warriors debutar\u00e1 en EDC 2026: una d\u00e9cada de lucha, identidad y comunidad llega a uno de los escenarios m\u00e1s importantes del mundo - Zero Magazine","description":"Mad Warriors EDC 2026 marca su esperado debut tras una d\u00e9cada de identidad, lucha y comunidad en la m\u00fasica electr\u00f3nica.","robots":{"index":"index","follow":"follow","max-snippet":"max-snippet:-1","max-image-preview":"max-image-preview:large","max-video-preview":"max-video-preview:-1"},"canonical":"https:\/\/zeromagazine.mx\/index.php\/2026\/01\/23\/mad-warriors-edc-2026\/","og_locale":"es_ES","og_type":"article","og_title":"Mad Warriors debutar\u00e1 en EDC 2026: una d\u00e9cada de lucha, identidad y comunidad llega a uno de los escenarios m\u00e1s importantes del mundo - Zero Magazine","og_description":"Mad Warriors EDC 2026 marca su esperado debut tras una d\u00e9cada de identidad, lucha y comunidad en la m\u00fasica electr\u00f3nica.","og_url":"https:\/\/zeromagazine.mx\/index.php\/2026\/01\/23\/mad-warriors-edc-2026\/","og_site_name":"Zero Magazine","article_published_time":"2026-01-23T21:43:43+00:00","og_image":[{"width":1024,"height":682,"url":"http:\/\/zeromagazine.mx\/wp-content\/uploads\/2026\/01\/IMG_1099.jpeg","type":"image\/jpeg"}],"author":"David Morales","twitter_card":"summary_large_image","twitter_misc":{"Escrito por":"David Morales","Tiempo de lectura":"4 minutos"},"schema":{"@context":"https:\/\/schema.org","@graph":[{"@type":"Article","@id":"https:\/\/zeromagazine.mx\/index.php\/2026\/01\/23\/mad-warriors-edc-2026\/#article","isPartOf":{"@id":"https:\/\/zeromagazine.mx\/index.php\/2026\/01\/23\/mad-warriors-edc-2026\/"},"author":{"name":"David Morales","@id":"https:\/\/zeromagazine.mx\/#\/schema\/person\/9f7f1a17c60ba8e9980e3e6677aabe5a"},"headline":"Mad Warriors debutar\u00e1 en EDC 2026: una d\u00e9cada de lucha, identidad y comunidad llega a uno de los escenarios m\u00e1s importantes del mundo","datePublished":"2026-01-23T21:43:43+00:00","mainEntityOfPage":{"@id":"https:\/\/zeromagazine.mx\/index.php\/2026\/01\/23\/mad-warriors-edc-2026\/"},"wordCount":598,"commentCount":0,"publisher":{"@id":"https:\/\/zeromagazine.mx\/#organization"},"image":{"@id":"https:\/\/zeromagazine.mx\/index.php\/2026\/01\/23\/mad-warriors-edc-2026\/#primaryimage"},"thumbnailUrl":"https:\/\/i0.wp.com\/zeromagazine.mx\/wp-content\/uploads\/2026\/01\/IMG_1099.jpeg?fit=1024%2C682&ssl=1","articleSection":["Concierto","Entretenimiento","M\u00fasica"],"inLanguage":"es","potentialAction":[{"@type":"CommentAction","name":"Comment","target":["https:\/\/zeromagazine.mx\/index.php\/2026\/01\/23\/mad-warriors-edc-2026\/#respond"]}]},{"@type":"WebPage","@id":"https:\/\/zeromagazine.mx\/index.php\/2026\/01\/23\/mad-warriors-edc-2026\/","url":"https:\/\/zeromagazine.mx\/index.php\/2026\/01\/23\/mad-warriors-edc-2026\/","name":"Mad Warriors debutar\u00e1 en EDC 2026: una d\u00e9cada de lucha, identidad y comunidad llega a uno de los escenarios m\u00e1s importantes del mundo - Zero Magazine","isPartOf":{"@id":"https:\/\/zeromagazine.mx\/#website"},"primaryImageOfPage":{"@id":"https:\/\/zeromagazine.mx\/index.php\/2026\/01\/23\/mad-warriors-edc-2026\/#primaryimage"},"image":{"@id":"https:\/\/zeromagazine.mx\/index.php\/2026\/01\/23\/mad-warriors-edc-2026\/#primaryimage"},"thumbnailUrl":"https:\/\/i0.wp.com\/zeromagazine.mx\/wp-content\/uploads\/2026\/01\/IMG_1099.jpeg?fit=1024%2C682&ssl=1","datePublished":"2026-01-23T21:43:43+00:00","description":"Mad Warriors EDC 2026 marca su esperado debut tras una d\u00e9cada de identidad, lucha y comunidad en la m\u00fasica electr\u00f3nica.","breadcrumb":{"@id":"https:\/\/zeromagazine.mx\/index.php\/2026\/01\/23\/mad-warriors-edc-2026\/#breadcrumb"},"inLanguage":"es","potentialAction":[{"@type":"ReadAction","target":["https:\/\/zeromagazine.mx\/index.php\/2026\/01\/23\/mad-warriors-edc-2026\/"]}]},{"@type":"ImageObject","inLanguage":"es","@id":"https:\/\/zeromagazine.mx\/index.php\/2026\/01\/23\/mad-warriors-edc-2026\/#primaryimage","url":"https:\/\/i0.wp.com\/zeromagazine.mx\/wp-content\/uploads\/2026\/01\/IMG_1099.jpeg?fit=1024%2C682&ssl=1","contentUrl":"https:\/\/i0.wp.com\/zeromagazine.mx\/wp-content\/uploads\/2026\/01\/IMG_1099.jpeg?fit=1024%2C682&ssl=1","width":1024,"height":682},{"@type":"BreadcrumbList","@id":"https:\/\/zeromagazine.mx\/index.php\/2026\/01\/23\/mad-warriors-edc-2026\/#breadcrumb","itemListElement":[{"@type":"ListItem","position":1,"name":"Portada","item":"https:\/\/zeromagazine.mx\/"},{"@type":"ListItem","position":2,"name":"Mad Warriors debutar\u00e1 en EDC 2026: una d\u00e9cada de lucha, identidad y comunidad llega a uno de los escenarios m\u00e1s importantes del mundo"}]},{"@type":"WebSite","@id":"https:\/\/zeromagazine.mx\/#website","url":"https:\/\/zeromagazine.mx\/","name":"Zero Magazine","description":"","publisher":{"@id":"https:\/\/zeromagazine.mx\/#organization"},"potentialAction":[{"@type":"SearchAction","target":{"@type":"EntryPoint","urlTemplate":"https:\/\/zeromagazine.mx\/?s={search_term_string}"},"query-input":{"@type":"PropertyValueSpecification","valueRequired":true,"valueName":"search_term_string"}}],"inLanguage":"es"},{"@type":"Organization","@id":"https:\/\/zeromagazine.mx\/#organization","name":"Zero Magazine","url":"https:\/\/zeromagazine.mx\/","logo":{"@type":"ImageObject","inLanguage":"es","@id":"https:\/\/zeromagazine.mx\/#\/schema\/logo\/image\/","url":"https:\/\/i0.wp.com\/zeromagazine.mx\/wp-content\/uploads\/2025\/11\/1.jpeg?fit=1000%2C1000&ssl=1","contentUrl":"https:\/\/i0.wp.com\/zeromagazine.mx\/wp-content\/uploads\/2025\/11\/1.jpeg?fit=1000%2C1000&ssl=1","width":1000,"height":1000,"caption":"Zero Magazine"},"image":{"@id":"https:\/\/zeromagazine.mx\/#\/schema\/logo\/image\/"},"sameAs":["https:\/\/instagram.com\/zeromagazinemx"]},{"@type":"Person","@id":"https:\/\/zeromagazine.mx\/#\/schema\/person\/9f7f1a17c60ba8e9980e3e6677aabe5a","name":"David Morales","image":{"@type":"ImageObject","inLanguage":"es","@id":"https:\/\/zeromagazine.mx\/wp-content\/litespeed\/avatar\/76069d2136bfc1c37dc34815bb67ca42.jpg?ver=1776966186","url":"https:\/\/zeromagazine.mx\/wp-content\/litespeed\/avatar\/76069d2136bfc1c37dc34815bb67ca42.jpg?ver=1776966186","contentUrl":"https:\/\/zeromagazine.mx\/wp-content\/litespeed\/avatar\/76069d2136bfc1c37dc34815bb67ca42.jpg?ver=1776966186","caption":"David Morales"},"url":"https:\/\/zeromagazine.mx\/index.php\/author\/david\/"}]}},"jetpack_publicize_connections":[],"jetpack_featured_media_url":"https:\/\/i0.wp.com\/zeromagazine.mx\/wp-content\/uploads\/2026\/01\/IMG_1099.jpeg?fit=1024%2C682&ssl=1","jetpack-related-posts":[{"id":114086,"url":"https:\/\/zeromagazine.mx\/index.php\/2026\/01\/23\/dangr-edc-mexico-2026\/","url_meta":{"origin":114093,"position":0},"title":"DANGR regresa a casa: rumbo a EDC M\u00e9xico 2026.","author":"David Morales","date":"23 de enero de 2026","format":false,"excerpt":"Volver a EDC M\u00e9xico no es solo repetir escenario, es confirmar que el camino se est\u00e1 construyendo bien.\u00a0DANGR en EDC M\u00e9xico 2026\u00a0marca un nuevo cap\u00edtulo para la DJ y productora mexicana, quien regresa por tercer a\u00f1o consecutivo a uno de los festivales m\u00e1s importantes del pa\u00eds, esta vez con una\u2026","rel":"","context":"En \u00abConcierto\u00bb","block_context":{"text":"Concierto","link":"https:\/\/zeromagazine.mx\/index.php\/category\/concierto\/"},"img":{"alt_text":"","src":"https:\/\/i0.wp.com\/zeromagazine.mx\/wp-content\/uploads\/2026\/01\/DSC01855-1-scaled.jpeg?fit=1200%2C1170&ssl=1&resize=350%2C200","width":350,"height":200,"srcset":"https:\/\/i0.wp.com\/zeromagazine.mx\/wp-content\/uploads\/2026\/01\/DSC01855-1-scaled.jpeg?fit=1200%2C1170&ssl=1&resize=350%2C200 1x, https:\/\/i0.wp.com\/zeromagazine.mx\/wp-content\/uploads\/2026\/01\/DSC01855-1-scaled.jpeg?fit=1200%2C1170&ssl=1&resize=525%2C300 1.5x, https:\/\/i0.wp.com\/zeromagazine.mx\/wp-content\/uploads\/2026\/01\/DSC01855-1-scaled.jpeg?fit=1200%2C1170&ssl=1&resize=700%2C400 2x, https:\/\/i0.wp.com\/zeromagazine.mx\/wp-content\/uploads\/2026\/01\/DSC01855-1-scaled.jpeg?fit=1200%2C1170&ssl=1&resize=1050%2C600 3x"},"classes":[]},{"id":115195,"url":"https:\/\/zeromagazine.mx\/index.php\/2026\/02\/11\/le-twins-edc-mexico-2026-headliners\/","url_meta":{"origin":114093,"position":1},"title":"Le Twins hacen historia en EDC M\u00e9xico 2026 como headliners del escenario Dos Equis.","author":"David Morales","date":"11 de febrero de 2026","format":false,"excerpt":"La historia de la electr\u00f3nica mexicana acaba de sumar un cap\u00edtulo heavy.\u00a0Le Twins EDC M\u00e9xico\u00a0no solo representa un booking m\u00e1s dentro del festival: es la confirmaci\u00f3n de que el talento local puede dominar los escenarios m\u00e1s grandes del planeta\u2026 y hacerlo a su manera. El d\u00fao regresa a EDC M\u00e9xico\u2026","rel":"","context":"En \u00abConcierto\u00bb","block_context":{"text":"Concierto","link":"https:\/\/zeromagazine.mx\/index.php\/category\/concierto\/"},"img":{"alt_text":"","src":"https:\/\/i0.wp.com\/zeromagazine.mx\/wp-content\/uploads\/2026\/02\/IMG_1410-1.jpeg?fit=1200%2C686&ssl=1&resize=350%2C200","width":350,"height":200,"srcset":"https:\/\/i0.wp.com\/zeromagazine.mx\/wp-content\/uploads\/2026\/02\/IMG_1410-1.jpeg?fit=1200%2C686&ssl=1&resize=350%2C200 1x, https:\/\/i0.wp.com\/zeromagazine.mx\/wp-content\/uploads\/2026\/02\/IMG_1410-1.jpeg?fit=1200%2C686&ssl=1&resize=525%2C300 1.5x, https:\/\/i0.wp.com\/zeromagazine.mx\/wp-content\/uploads\/2026\/02\/IMG_1410-1.jpeg?fit=1200%2C686&ssl=1&resize=700%2C400 2x, https:\/\/i0.wp.com\/zeromagazine.mx\/wp-content\/uploads\/2026\/02\/IMG_1410-1.jpeg?fit=1200%2C686&ssl=1&resize=1050%2C600 3x"},"classes":[]},{"id":114139,"url":"https:\/\/zeromagazine.mx\/index.php\/2026\/01\/23\/kim-shantal-dj-edc-mexico-2026\/","url_meta":{"origin":114093,"position":2},"title":"Kim Shantal de influencer a DJ en EDC M\u00e9xico 2026","author":"David Morales","date":"23 de enero de 2026","format":false,"excerpt":"Kim Shantal est\u00e1 demostrando que reinventarse no solo es v\u00e1lido, sino necesario. Lo que empez\u00f3 como una carrera s\u00f3lida en redes sociales y televisi\u00f3n hoy da un giro interesante hacia la m\u00fasica electr\u00f3nica. Su confirmaci\u00f3n como DJ en\u00a0EDC M\u00e9xico 2026\u00a0no es casualidad: es el resultado de una evoluci\u00f3n creativa que\u2026","rel":"","context":"En \u00abConcierto\u00bb","block_context":{"text":"Concierto","link":"https:\/\/zeromagazine.mx\/index.php\/category\/concierto\/"},"img":{"alt_text":"","src":"https:\/\/i0.wp.com\/zeromagazine.mx\/wp-content\/uploads\/2026\/01\/IMG_1117-1.jpeg?fit=1066%2C1032&ssl=1&resize=350%2C200","width":350,"height":200,"srcset":"https:\/\/i0.wp.com\/zeromagazine.mx\/wp-content\/uploads\/2026\/01\/IMG_1117-1.jpeg?fit=1066%2C1032&ssl=1&resize=350%2C200 1x, https:\/\/i0.wp.com\/zeromagazine.mx\/wp-content\/uploads\/2026\/01\/IMG_1117-1.jpeg?fit=1066%2C1032&ssl=1&resize=525%2C300 1.5x, https:\/\/i0.wp.com\/zeromagazine.mx\/wp-content\/uploads\/2026\/01\/IMG_1117-1.jpeg?fit=1066%2C1032&ssl=1&resize=700%2C400 2x, https:\/\/i0.wp.com\/zeromagazine.mx\/wp-content\/uploads\/2026\/01\/IMG_1117-1.jpeg?fit=1066%2C1032&ssl=1&resize=1050%2C600 3x"},"classes":[]},{"id":114080,"url":"https:\/\/zeromagazine.mx\/index.php\/2026\/01\/23\/saza-fischer-edc-mexico-2026\/","url_meta":{"origin":114093,"position":3},"title":"SAZA FISCHER REGRESA A EDC M\u00c9XICO COMO HEADLINER EN UNO DE LOS ESCENARIOS M\u00c1S GRANDES DEL FESTIVAL.\u200b","author":"David Morales","date":"23 de enero de 2026","format":false,"excerpt":"El regreso de\u00a0Saza Fischer EDC M\u00e9xico\u00a0no es solo una fecha m\u00e1s en el calendario: es un statement. Volver al festival que la vio crecer, ahora como headliner en uno de los escenarios m\u00e1s grandes, marca un momento clave en su historia personal y musical. No se trata de nostalgia, sino\u2026","rel":"","context":"En \u00abEntretenimiento\u00bb","block_context":{"text":"Entretenimiento","link":"https:\/\/zeromagazine.mx\/index.php\/category\/entretenimiento\/"},"img":{"alt_text":"","src":"https:\/\/i0.wp.com\/zeromagazine.mx\/wp-content\/uploads\/2026\/01\/7-1.jpeg?fit=1200%2C1199&ssl=1&resize=350%2C200","width":350,"height":200,"srcset":"https:\/\/i0.wp.com\/zeromagazine.mx\/wp-content\/uploads\/2026\/01\/7-1.jpeg?fit=1200%2C1199&ssl=1&resize=350%2C200 1x, https:\/\/i0.wp.com\/zeromagazine.mx\/wp-content\/uploads\/2026\/01\/7-1.jpeg?fit=1200%2C1199&ssl=1&resize=525%2C300 1.5x, https:\/\/i0.wp.com\/zeromagazine.mx\/wp-content\/uploads\/2026\/01\/7-1.jpeg?fit=1200%2C1199&ssl=1&resize=700%2C400 2x, https:\/\/i0.wp.com\/zeromagazine.mx\/wp-content\/uploads\/2026\/01\/7-1.jpeg?fit=1200%2C1199&ssl=1&resize=1050%2C600 3x"},"classes":[]},{"id":114960,"url":"https:\/\/zeromagazine.mx\/index.php\/2026\/02\/09\/dwitches-wikka-edc-mexico-2026\/","url_meta":{"origin":114093,"position":4},"title":"D\u2019WITCHES\u00a0consolida Wikka tras su exitosa presentaci\u00f3n en Tulum y se prepara para su show en EDC M\u00e9xico con su nuevo release.","author":"David Morales","date":"9 de febrero de 2026","format":false,"excerpt":"La escena electr\u00f3nica mexicana tiene nuevos rituales sonoros y llevan firma femenina.\u00a0D\u2019Witches WIKKA\u00a0no solo es un concepto: es un universo creativo que mezcla m\u00fasica, energ\u00eda colectiva y narrativa m\u00edstica en un mismo pulso. Tras un sold out en Tulum que marc\u00f3 el nacimiento oficial de su label, el d\u00fao integrado\u2026","rel":"","context":"En \u00abBlog\u00bb","block_context":{"text":"Blog","link":"https:\/\/zeromagazine.mx\/index.php\/category\/blog\/"},"img":{"alt_text":"","src":"https:\/\/i0.wp.com\/zeromagazine.mx\/wp-content\/uploads\/2026\/02\/DWITCHESxCONEJO-41-1-1-scaled.jpeg?fit=801%2C1200&ssl=1&resize=350%2C200","width":350,"height":200,"srcset":"https:\/\/i0.wp.com\/zeromagazine.mx\/wp-content\/uploads\/2026\/02\/DWITCHESxCONEJO-41-1-1-scaled.jpeg?fit=801%2C1200&ssl=1&resize=350%2C200 1x, https:\/\/i0.wp.com\/zeromagazine.mx\/wp-content\/uploads\/2026\/02\/DWITCHESxCONEJO-41-1-1-scaled.jpeg?fit=801%2C1200&ssl=1&resize=525%2C300 1.5x, https:\/\/i0.wp.com\/zeromagazine.mx\/wp-content\/uploads\/2026\/02\/DWITCHESxCONEJO-41-1-1-scaled.jpeg?fit=801%2C1200&ssl=1&resize=700%2C400 2x"},"classes":[]},{"id":117372,"url":"https:\/\/zeromagazine.mx\/index.php\/2026\/03\/27\/edc-mexico-2027-festival-cdmx\/","url_meta":{"origin":114093,"position":5},"title":"\u00a1Electric Daisy Carnival (EDC) M\u00e9xico de Insomniac regresar\u00e1 del 19 al 21 de febrero de 2027!","author":"David Morales","date":"27 de marzo de 2026","format":false,"excerpt":"La cuenta regresiva ya empez\u00f3.\u00a0EDC M\u00e9xico 2027\u00a0est\u00e1 listo para volver a encender la escena musical en la\u00a0Ciudad de M\u00e9xico\u00a0con una edici\u00f3n que promete llevar la experiencia a otro nivel. Del 19 al 21 de febrero, el ic\u00f3nico\u00a0Aut\u00f3dromo Hermanos Rodr\u00edguez\u00a0se transformar\u00e1 nuevamente en un universo donde la m\u00fasica electr\u00f3nica, el arte\u2026","rel":"","context":"En \u00abEntretenimiento\u00bb","block_context":{"text":"Entretenimiento","link":"https:\/\/zeromagazine.mx\/index.php\/category\/entretenimiento\/"},"img":{"alt_text":"EDC M\u00e9xico 2027 en el Aut\u00f3dromo Hermanos Rodr\u00edguez con luces, escenarios y p\u00fablico disfrutando m\u00fasica electr\u00f3nica","src":"https:\/\/i0.wp.com\/zeromagazine.mx\/wp-content\/uploads\/2026\/03\/IMG_1873.jpeg?fit=1200%2C675&ssl=1&resize=350%2C200","width":350,"height":200,"srcset":"https:\/\/i0.wp.com\/zeromagazine.mx\/wp-content\/uploads\/2026\/03\/IMG_1873.jpeg?fit=1200%2C675&ssl=1&resize=350%2C200 1x, https:\/\/i0.wp.com\/zeromagazine.mx\/wp-content\/uploads\/2026\/03\/IMG_1873.jpeg?fit=1200%2C675&ssl=1&resize=525%2C300 1.5x, https:\/\/i0.wp.com\/zeromagazine.mx\/wp-content\/uploads\/2026\/03\/IMG_1873.jpeg?fit=1200%2C675&ssl=1&resize=700%2C400 2x, https:\/\/i0.wp.com\/zeromagazine.mx\/wp-content\/uploads\/2026\/03\/IMG_1873.jpeg?fit=1200%2C675&ssl=1&resize=1050%2C600 3x"},"classes":[]}],"jetpack_sharing_enabled":true,"builder_content":"","_links":{"self":[{"href":"https:\/\/zeromagazine.mx\/index.php\/wp-json\/wp\/v2\/posts\/114093","targetHints":{"allow":["GET"]}}],"collection":[{"href":"https:\/\/zeromagazine.mx\/index.php\/wp-json\/wp\/v2\/posts"}],"about":[{"href":"https:\/\/zeromagazine.mx\/index.php\/wp-json\/wp\/v2\/types\/post"}],"author":[{"embeddable":true,"href":"https:\/\/zeromagazine.mx\/index.php\/wp-json\/wp\/v2\/users\/4"}],"replies":[{"embeddable":true,"href":"https:\/\/zeromagazine.mx\/index.php\/wp-json\/wp\/v2\/comments?post=114093"}],"version-history":[{"count":4,"href":"https:\/\/zeromagazine.mx\/index.php\/wp-json\/wp\/v2\/posts\/114093\/revisions"}],"predecessor-version":[{"id":114101,"href":"https:\/\/zeromagazine.mx\/index.php\/wp-json\/wp\/v2\/posts\/114093\/revisions\/114101"}],"wp:featuredmedia":[{"embeddable":true,"href":"https:\/\/zeromagazine.mx\/index.php\/wp-json\/wp\/v2\/media\/114097"}],"wp:attachment":[{"href":"https:\/\/zeromagazine.mx\/index.php\/wp-json\/wp\/v2\/media?parent=114093"}],"wp:term":[{"taxonomy":"category","embeddable":true,"href":"https:\/\/zeromagazine.mx\/index.php\/wp-json\/wp\/v2\/categories?post=114093"},{"taxonomy":"post_tag","embeddable":true,"href":"https:\/\/zeromagazine.mx\/index.php\/wp-json\/wp\/v2\/tags?post=114093"}],"curies":[{"name":"wp","href":"https:\/\/api.w.org\/{rel}","templated":true}]}}